{"id":49015,"date":"2023-10-31T17:54:42","date_gmt":"2023-10-31T15:54:42","guid":{"rendered":"https:\/\/just-now.news\/de\/deutschland\/tv-serie-aus-russland-ueber-den-grossen-vaterlaendischen-krieg-gewinnt-bei-us-filmfestival\/"},"modified":"2023-10-31T17:54:42","modified_gmt":"2023-10-31T15:54:42","slug":"tv-serie-aus-russland-ueber-den-grossen-vaterlaendischen-krieg-gewinnt-bei-us-filmfestival","status":"publish","type":"post","link":"https:\/\/now-news.de\/de\/deutschland\/tv-serie-aus-russland-ueber-den-grossen-vaterlaendischen-krieg-gewinnt-bei-us-filmfestival\/","title":{"rendered":"TV-Serie aus Russland \u00fcber den Gro\u00dfen Vaterl\u00e4ndischen Krieg gewinnt bei US-Filmfestival"},"content":{"rendered":"<p><img decoding=\"async\" src=\"http:\/\/just-now.news\/de\/wp-content\/uploads\/sites\/3\/2023\/10\/65411ae548fbef7b386ecea0.jpg\" \/><\/p>\n<div class=\"Text-root Text-type_1 \">\n                Eine russische Serie \u00fcber den Gro\u00dfen Vaterl\u00e4ndischen Krieg und die Sci-Fi-Serie &#8220;Ladearbeiter&#8221; haben beim US-Minnesota Web Festival Preise in f\u00fcnf Kategorien gewonnen. Zuvor hatte die Serie \u00fcber den Krieg auf dem Berliner TV Series Festival ebenfalls einen Preis geholt.\n            <\/div>\n<p><\/p>\n<div class=\"Text-root Text-type_5 ArticleView-text ViewText-root \">\n<p>Die russische Serie \u00fcber die Zeit des Gro\u00dfen Vaterl\u00e4ndischen Krieges &#8220;\u00dcber Menschen und \u00fcber den Krieg&#8221; und die Sci-Fi-Serie &#8220;Ladearbeiter&#8221; haben beim Minnesota Web Festival in den Vereinigten Staaten Preise gewonnen, wie die Nachrichtenagentur\u00a0<em>RIA No<\/em><em>w<\/em><em>osti\u00a0<\/em>unter Berufung auf den Pressedienst des Instituts f\u00fcr Internetentwicklung berichtete. Die Serie &#8220;\u00dcber Menschen und \u00fcber Krieg&#8221; wurde als &#8220;Beste Dramaserie&#8221; sowie f\u00fcr den &#8220;Besten Schauspieler&#8221; und die &#8220;Beste Originalmusik f\u00fcr die Serie&#8221; ausgezeichnet, so die Agentur.<\/p>\n<p>Seit dem Jahr 2017 findet das Minnesota Web Festival statt. Es zeigt die besten Webinhalte aus der ganzen Welt und stellt die Arbeit talentierter Autoren aus Minnesota vor.<\/p>\n<p>Wie die Nachrichtenagentur <em>TASS<\/em> bereits berichtete, wurde der von einem Petersburger Filmstudio produzierte Kurznovellen-Zyklus &#8220;\u00dcber Menschen und \u00fcber den Krieg&#8221;, der dem Gro\u00dfen Vaterl\u00e4ndischen Krieg gewidmet ist, auf dem Berliner TV Serien Festival in der Kategorie Kurzfilm ausgezeichnet:<\/p>\n<p><em>&#8220;Die Webserie \u00fcber den Gro\u00dfen Vaterl\u00e4ndischen Krieg &#8216;\u00dcber Menschen und \u00fcber den Krieg&#8217; erhielt ihren 15. ausl\u00e4ndischen Jubil\u00e4umspreis und wurde als bester Film in der Kategorie &#8216;Kurzfilme&#8217; auf dem Berliner TV <\/em><em>S<\/em><em>erien Festival<\/em><em> ausgezeichnet.&#8221;<\/em><\/p>\n<div class=\"EmbedBlock-root EmbedBlock-externalVideo EmbedBlock-youtube\">\n<div class=\"YouTubeEmbed lazyload\" data-rtmodule=\"YouTubeEmbed\" id=\"6risoUmWSJQ\" onload=\"return {\n            covers: JSON.parse('\\u007B\\u0022small\\u0022\\u003A\\u0022https\\u003A\\\\\\\/\\\\\\\/i.ytimg.com\\\\\\\/vi\\\\\\\/6risoUmWSJQ\\\\\\\/hqdefault.jpg\\u0022,\\u0022medium\\u0022\\u003A\\u0022https\\u003A\\\\\\\/\\\\\\\/i.ytimg.com\\\\\\\/vi\\\\\\\/6risoUmWSJQ\\\\\\\/sddefault.jpg\\u0022,\\u0022large\\u0022\\u003A\\u0022https\\u003A\\\\\\\/\\\\\\\/i.ytimg.com\\\\\\\/vi\\\\\\\/6risoUmWSJQ\\\\\\\/sddefault.jpg\\u0022\\u007D'),\n            iframeSrc: JSON.parse('\\u0022\\\\\\\/\\\\\\\/www.youtube.com\\\\\\\/embed\\\\\\\/6risoUmWSJQ\\u0022'),\n            youtubeId: JSON.parse('\\u00226risoUmWSJQ\\u0022'),\n        };\"><\/p>\n<div class=\"YouTubeEmbed-cover\"><button class=\"YouTubeEmbed-button\"><svg class=\"YouTubeEmbed-playButton\" height=\"100%\" version=\"1.1\" viewbox=\"0 0 68 48\" width=\"100%\"><path class=\"YouTubeEmbed-playButtonBg\" d=\"M66.52,7.74c-0.78-2.93-2.49-5.41-5.42-6.19C55.79,.13,34,0,34,0S12.21,.13,6.9,1.55 C3.97,2.33,2.27,4.81,1.48,7.74C0.06,13.05,0,24,0,24s0.06,10.95,1.48,16.26c0.78,2.93,2.49,5.41,5.42,6.19 C12.21,47.87,34,48,34,48s21.79-0.13,27.1-1.55c2.93-0.78,4.64-3.26,5.42-6.19C67.94,34.95,68,24,68,24S67.94,13.05,66.52,7.74z\" fill=\"#212121\" fill-opacity=\"0.8\"><\/path><path d=\"M 45,24 27,14 27,34\" fill=\"#fff\"><\/path><\/svg><\/button><\/div>\n<\/div>\n<\/div>\n<p>Die Serie entstand ab dem Jahr 2020. Sie beruht auf den Geschichten von Menschen, die &#8220;die H\u00e4rten des Krieges erlebt haben&#8221;, schreibt<em> TASS<\/em>. Die erste Staffel st\u00fctzt sich auf die Aussagen von Kriegsveteranen, w\u00e4hrend die zweite Staffel auf Briefen von Zuschauern basiert, die von ihren Familienangeh\u00f6rigen erz\u00e4hlen. <em>TASS<\/em> stellt fest:<\/p>\n<blockquote>\n<p><em>&#8220;Dank einer Auszeichnung des Berliner TV\u00a0Serien Festivals wurde einer der Filme des Projekts, &#8216;Der K\u00fcnstler&#8217;, f\u00fcr zwei Jahre in den Amazon Video Store, Apple TV und Google Play Store aufgenommen.&#8221;<\/em><\/p>\n<\/blockquote>\n<p><strong>Mehr zum Thema &#8211;<\/strong>\u00a0<a rel=\"nofollow noopener\" target=\"_blank\" href=\"https:\/\/freedert.online\/international\/180689-moskau-china-kauft-verstaerkt-russische\/\">Moskau: China kauft verst\u00e4rkt russische Filmrechte<\/a><\/p>\n<\/p>\n<\/div>\n<p><br \/>\n<br \/><a href=\"https:\/\/de.rt.com\/international\/185558-tv-serie-aus-russland-ueber\/\">Source link <\/a><\/p>\n","protected":false},"excerpt":{"rendered":"<p>Eine russische Serie \u00fcber den Gro\u00dfen Vaterl\u00e4ndischen Krieg und die Sci-Fi-Serie &#8220;Ladearbeiter&#8221; haben beim US-Minnesota Web Festival Preise in f\u00fcnf Kategorien gewonnen. Zuvor hatte die Serie \u00fcber den Krieg auf dem Berliner TV Series Festival ebenfalls einen Preis geholt. Die russische Serie \u00fcber die Zeit des Gro\u00dfen Vaterl\u00e4ndischen Krieges &#8220;\u00dcber Menschen und \u00fcber den Krieg&#8221; [&hellip;]<\/p>\n","protected":false},"author":3,"featured_media":49016,"comment_status":"open","ping_status":"open","sticky":false,"template":"","format":"standard","meta":{"_yoast_indexnow_last_ping":["1698767806"],"wp_automatic_camp":["217"],"52547a794f6c7baa1f8d132212006484":["TV-Serie aus Russland \u00fcber den Gro\u00dfen Vaterl\u00e4ndischen Krieg gewinnt bei US-Filmfestival"],"original_link":["https:\/\/de.rt.com\/international\/185558-tv-serie-aus-russland-ueber\/"],"_thumbnail_id":["49016"],"_wptgpro_p2tg_sent2tg":["a:1:{i:23737;s:19:\"2023-10-31 17:58:15\";}"],"jnews_social_counter_last_update":["1777277924"]},"categories":[19,23],"tags":[679,363,48,18701,9954,130,126,30119,139,50265,50264],"yoast_head":"<!-- This site is optimized with the Yoast SEO Premium plugin v22.7 (Yoast SEO v22.7) - https:\/\/yoast.com\/wordpress\/plugins\/seo\/ -->\n<title>TV-Serie aus Russland \u00fcber den Gro\u00dfen Vaterl\u00e4ndischen Krieg gewinnt bei US-Filmfestival - just-now.NEWS Deutschland<\/title>\n<meta name=\"robots\" content=\"index, follow, max-snippet:-1, max-image-preview:large, max-video-preview:-1\" \/>\n<link rel=\"canonical\" href=\"https:\/\/now-news.de\/de\/deutschland\/tv-serie-aus-russland-ueber-den-grossen-vaterlaendischen-krieg-gewinnt-bei-us-filmfestival\/\" \/>\n<meta property=\"og:locale\" content=\"de_DE\" \/>\n<meta property=\"og:type\" content=\"article\" \/>\n<meta property=\"og:title\" content=\"TV-Serie aus Russland \u00fcber den Gro\u00dfen Vaterl\u00e4ndischen Krieg gewinnt bei US-Filmfestival\" \/>\n<meta property=\"og:description\" content=\"Eine russische Serie \u00fcber den Gro\u00dfen Vaterl\u00e4ndischen Krieg und die Sci-Fi-Serie &#8220;Ladearbeiter&#8221; haben beim US-Minnesota Web Festival Preise in f\u00fcnf Kategorien gewonnen. Zuvor hatte die Serie \u00fcber den Krieg auf dem Berliner TV Series Festival ebenfalls einen Preis geholt. Die russische Serie \u00fcber die Zeit des Gro\u00dfen Vaterl\u00e4ndischen Krieges &#8220;\u00dcber Menschen und \u00fcber den Krieg&#8221; [&hellip;]\" \/>\n<meta property=\"og:url\" content=\"https:\/\/now-news.de\/de\/deutschland\/tv-serie-aus-russland-ueber-den-grossen-vaterlaendischen-krieg-gewinnt-bei-us-filmfestival\/\" \/>\n<meta property=\"og:site_name\" content=\"just-now.NEWS Deutschland\" \/>\n<meta property=\"article:publisher\" content=\"https:\/\/www.facebook.com\/wirmachenauf\" \/>\n<meta property=\"article:published_time\" content=\"2023-10-31T15:54:42+00:00\" \/>\n<meta property=\"og:image\" content=\"https:\/\/now-news.de\/de\/wp-content\/uploads\/sites\/3\/2023\/10\/TV-Serie-aus-Russland-ueber-den-Grossen-Vaterlaendischen-Krieg-gewinnt-bei.jpg\" \/>\n\t<meta property=\"og:image:width\" content=\"460\" \/>\n\t<meta property=\"og:image:height\" content=\"259\" \/>\n\t<meta property=\"og:image:type\" content=\"image\/jpeg\" \/>\n<meta name=\"author\" content=\"rtnews\" \/>\n<meta name=\"twitter:card\" content=\"summary_large_image\" \/>\n<meta name=\"twitter:creator\" content=\"@WirMachenAuf_de\" \/>\n<meta name=\"twitter:site\" content=\"@WirMachenAuf_de\" \/>\n<meta name=\"twitter:label1\" content=\"Verfasst von\" \/>\n\t<meta name=\"twitter:data1\" content=\"rtnews\" \/>\n\t<meta name=\"twitter:label2\" content=\"Gesch\u00e4tzte Lesezeit\" \/>\n\t<meta name=\"twitter:data2\" content=\"2\u00a0Minuten\" \/>\n<script type=\"application\/ld+json\" class=\"yoast-schema-graph\">{\"@context\":\"https:\/\/schema.org\",\"@graph\":[{\"@type\":\"Article\",\"@id\":\"https:\/\/now-news.de\/de\/deutschland\/tv-serie-aus-russland-ueber-den-grossen-vaterlaendischen-krieg-gewinnt-bei-us-filmfestival\/#article\",\"isPartOf\":{\"@id\":\"https:\/\/now-news.de\/de\/deutschland\/tv-serie-aus-russland-ueber-den-grossen-vaterlaendischen-krieg-gewinnt-bei-us-filmfestival\/\"},\"author\":{\"name\":\"rtnews\",\"@id\":\"https:\/\/now-news.de\/de\/#\/schema\/person\/fb534a4e865501d8b3285208df34a9b5\"},\"headline\":\"TV-Serie aus Russland \u00fcber den Gro\u00dfen Vaterl\u00e4ndischen Krieg gewinnt bei US-Filmfestival\",\"datePublished\":\"2023-10-31T15:54:42+00:00\",\"dateModified\":\"2023-10-31T15:54:42+00:00\",\"mainEntityOfPage\":{\"@id\":\"https:\/\/now-news.de\/de\/deutschland\/tv-serie-aus-russland-ueber-den-grossen-vaterlaendischen-krieg-gewinnt-bei-us-filmfestival\/\"},\"wordCount\":341,\"commentCount\":0,\"publisher\":{\"@id\":\"https:\/\/now-news.de\/de\/#organization\"},\"image\":{\"@id\":\"https:\/\/now-news.de\/de\/deutschland\/tv-serie-aus-russland-ueber-den-grossen-vaterlaendischen-krieg-gewinnt-bei-us-filmfestival\/#primaryimage\"},\"thumbnailUrl\":\"https:\/\/now-news.de\/de\/wp-content\/uploads\/sites\/3\/2023\/10\/TV-Serie-aus-Russland-ueber-den-Grossen-Vaterlaendischen-Krieg-gewinnt-bei.jpg\",\"keywords\":[\"aus\",\"bei\",\"den\",\"gewinnt\",\"gro\u00dfen\",\"krieg\",\"russland\",\"TVSerie\",\"\u00fcber\",\"USFilmfestival\",\"Vaterl\u00e4ndischen\"],\"articleSection\":[\"Deutschland\",\"Russland\"],\"inLanguage\":\"de\",\"potentialAction\":[{\"@type\":\"CommentAction\",\"name\":\"Comment\",\"target\":[\"https:\/\/now-news.de\/de\/deutschland\/tv-serie-aus-russland-ueber-den-grossen-vaterlaendischen-krieg-gewinnt-bei-us-filmfestival\/#respond\"]}]},{\"@type\":\"WebPage\",\"@id\":\"https:\/\/now-news.de\/de\/deutschland\/tv-serie-aus-russland-ueber-den-grossen-vaterlaendischen-krieg-gewinnt-bei-us-filmfestival\/\",\"url\":\"https:\/\/now-news.de\/de\/deutschland\/tv-serie-aus-russland-ueber-den-grossen-vaterlaendischen-krieg-gewinnt-bei-us-filmfestival\/\",\"name\":\"TV-Serie aus Russland \u00fcber den Gro\u00dfen Vaterl\u00e4ndischen Krieg gewinnt bei US-Filmfestival - just-now.NEWS Deutschland\",\"isPartOf\":{\"@id\":\"https:\/\/now-news.de\/de\/#website\"},\"primaryImageOfPage\":{\"@id\":\"https:\/\/now-news.de\/de\/deutschland\/tv-serie-aus-russland-ueber-den-grossen-vaterlaendischen-krieg-gewinnt-bei-us-filmfestival\/#primaryimage\"},\"image\":{\"@id\":\"https:\/\/now-news.de\/de\/deutschland\/tv-serie-aus-russland-ueber-den-grossen-vaterlaendischen-krieg-gewinnt-bei-us-filmfestival\/#primaryimage\"},\"thumbnailUrl\":\"https:\/\/now-news.de\/de\/wp-content\/uploads\/sites\/3\/2023\/10\/TV-Serie-aus-Russland-ueber-den-Grossen-Vaterlaendischen-Krieg-gewinnt-bei.jpg\",\"datePublished\":\"2023-10-31T15:54:42+00:00\",\"dateModified\":\"2023-10-31T15:54:42+00:00\",\"breadcrumb\":{\"@id\":\"https:\/\/now-news.de\/de\/deutschland\/tv-serie-aus-russland-ueber-den-grossen-vaterlaendischen-krieg-gewinnt-bei-us-filmfestival\/#breadcrumb\"},\"inLanguage\":\"de\",\"potentialAction\":[{\"@type\":\"ReadAction\",\"target\":[\"https:\/\/now-news.de\/de\/deutschland\/tv-serie-aus-russland-ueber-den-grossen-vaterlaendischen-krieg-gewinnt-bei-us-filmfestival\/\"]}]},{\"@type\":\"ImageObject\",\"inLanguage\":\"de\",\"@id\":\"https:\/\/now-news.de\/de\/deutschland\/tv-serie-aus-russland-ueber-den-grossen-vaterlaendischen-krieg-gewinnt-bei-us-filmfestival\/#primaryimage\",\"url\":\"https:\/\/now-news.de\/de\/wp-content\/uploads\/sites\/3\/2023\/10\/TV-Serie-aus-Russland-ueber-den-Grossen-Vaterlaendischen-Krieg-gewinnt-bei.jpg\",\"contentUrl\":\"https:\/\/now-news.de\/de\/wp-content\/uploads\/sites\/3\/2023\/10\/TV-Serie-aus-Russland-ueber-den-Grossen-Vaterlaendischen-Krieg-gewinnt-bei.jpg\",\"width\":460,\"height\":259,\"caption\":\"TV-Serie aus Russland \u00fcber den Gro\u00dfen Vaterl\u00e4ndischen Krieg gewinnt bei US-Filmfestival\"},{\"@type\":\"BreadcrumbList\",\"@id\":\"https:\/\/now-news.de\/de\/deutschland\/tv-serie-aus-russland-ueber-den-grossen-vaterlaendischen-krieg-gewinnt-bei-us-filmfestival\/#breadcrumb\",\"itemListElement\":[{\"@type\":\"ListItem\",\"position\":1,\"name\":\"Home\",\"item\":\"https:\/\/now-news.de\/de\/\"},{\"@type\":\"ListItem\",\"position\":2,\"name\":\"TV-Serie aus Russland \u00fcber den Gro\u00dfen Vaterl\u00e4ndischen Krieg gewinnt bei US-Filmfestival\"}]},{\"@type\":\"WebSite\",\"@id\":\"https:\/\/now-news.de\/de\/#website\",\"url\":\"https:\/\/now-news.de\/de\/\",\"name\":\"just-now.NEWS Deutschland\",\"description\":\"Das Portal f\u00fcr unzensierte Nachrichten aus der Welt\",\"publisher\":{\"@id\":\"https:\/\/now-news.de\/de\/#organization\"},\"potentialAction\":[{\"@type\":\"SearchAction\",\"target\":{\"@type\":\"EntryPoint\",\"urlTemplate\":\"https:\/\/now-news.de\/de\/?s={search_term_string}\"},\"query-input\":\"required name=search_term_string\"}],\"inLanguage\":\"de\"},{\"@type\":\"Organization\",\"@id\":\"https:\/\/now-news.de\/de\/#organization\",\"name\":\"Just Now News\",\"url\":\"https:\/\/now-news.de\/de\/\",\"logo\":{\"@type\":\"ImageObject\",\"inLanguage\":\"de\",\"@id\":\"https:\/\/now-news.de\/de\/#\/schema\/logo\/image\/\",\"url\":\"http:\/\/just-now.news\/de\/wp-content\/uploads\/sites\/3\/2022\/04\/logo500x500.jpg\",\"contentUrl\":\"http:\/\/just-now.news\/de\/wp-content\/uploads\/sites\/3\/2022\/04\/logo500x500.jpg\",\"width\":500,\"height\":500,\"caption\":\"Just Now News\"},\"image\":{\"@id\":\"https:\/\/now-news.de\/de\/#\/schema\/logo\/image\/\"},\"sameAs\":[\"https:\/\/www.facebook.com\/wirmachenauf\",\"https:\/\/x.com\/WirMachenAuf_de\"]},{\"@type\":\"Person\",\"@id\":\"https:\/\/now-news.de\/de\/#\/schema\/person\/fb534a4e865501d8b3285208df34a9b5\",\"name\":\"rtnews\",\"image\":{\"@type\":\"ImageObject\",\"inLanguage\":\"de\",\"@id\":\"https:\/\/now-news.de\/de\/#\/schema\/person\/image\/\",\"url\":\"https:\/\/secure.gravatar.com\/avatar\/82aafea7d8127119dd649515f56e2117?s=96&d=mm&r=g\",\"contentUrl\":\"https:\/\/secure.gravatar.com\/avatar\/82aafea7d8127119dd649515f56e2117?s=96&d=mm&r=g\",\"caption\":\"rtnews\"},\"url\":\"https:\/\/now-news.de\/de\/author\/rnews\/\"}]}<\/script>\n<!-- \/ Yoast SEO Premium plugin. -->","yoast_head_json":{"title":"TV-Serie aus Russland \u00fcber den Gro\u00dfen Vaterl\u00e4ndischen Krieg gewinnt bei US-Filmfestival - just-now.NEWS Deutschland","robots":{"index":"index","follow":"follow","max-snippet":"max-snippet:-1","max-image-preview":"max-image-preview:large","max-video-preview":"max-video-preview:-1"},"canonical":"https:\/\/now-news.de\/de\/deutschland\/tv-serie-aus-russland-ueber-den-grossen-vaterlaendischen-krieg-gewinnt-bei-us-filmfestival\/","og_locale":"de_DE","og_type":"article","og_title":"TV-Serie aus Russland \u00fcber den Gro\u00dfen Vaterl\u00e4ndischen Krieg gewinnt bei US-Filmfestival","og_description":"Eine russische Serie \u00fcber den Gro\u00dfen Vaterl\u00e4ndischen Krieg und die Sci-Fi-Serie &#8220;Ladearbeiter&#8221; haben beim US-Minnesota Web Festival Preise in f\u00fcnf Kategorien gewonnen. Zuvor hatte die Serie \u00fcber den Krieg auf dem Berliner TV Series Festival ebenfalls einen Preis geholt. Die russische Serie \u00fcber die Zeit des Gro\u00dfen Vaterl\u00e4ndischen Krieges &#8220;\u00dcber Menschen und \u00fcber den Krieg&#8221; [&hellip;]","og_url":"https:\/\/now-news.de\/de\/deutschland\/tv-serie-aus-russland-ueber-den-grossen-vaterlaendischen-krieg-gewinnt-bei-us-filmfestival\/","og_site_name":"just-now.NEWS Deutschland","article_publisher":"https:\/\/www.facebook.com\/wirmachenauf","article_published_time":"2023-10-31T15:54:42+00:00","og_image":[{"width":460,"height":259,"url":"https:\/\/now-news.de\/de\/wp-content\/uploads\/sites\/3\/2023\/10\/TV-Serie-aus-Russland-ueber-den-Grossen-Vaterlaendischen-Krieg-gewinnt-bei.jpg","type":"image\/jpeg"}],"author":"rtnews","twitter_card":"summary_large_image","twitter_creator":"@WirMachenAuf_de","twitter_site":"@WirMachenAuf_de","twitter_misc":{"Verfasst von":"rtnews","Gesch\u00e4tzte Lesezeit":"2\u00a0Minuten"},"schema":{"@context":"https:\/\/schema.org","@graph":[{"@type":"Article","@id":"https:\/\/now-news.de\/de\/deutschland\/tv-serie-aus-russland-ueber-den-grossen-vaterlaendischen-krieg-gewinnt-bei-us-filmfestival\/#article","isPartOf":{"@id":"https:\/\/now-news.de\/de\/deutschland\/tv-serie-aus-russland-ueber-den-grossen-vaterlaendischen-krieg-gewinnt-bei-us-filmfestival\/"},"author":{"name":"rtnews","@id":"https:\/\/now-news.de\/de\/#\/schema\/person\/fb534a4e865501d8b3285208df34a9b5"},"headline":"TV-Serie aus Russland \u00fcber den Gro\u00dfen Vaterl\u00e4ndischen Krieg gewinnt bei US-Filmfestival","datePublished":"2023-10-31T15:54:42+00:00","dateModified":"2023-10-31T15:54:42+00:00","mainEntityOfPage":{"@id":"https:\/\/now-news.de\/de\/deutschland\/tv-serie-aus-russland-ueber-den-grossen-vaterlaendischen-krieg-gewinnt-bei-us-filmfestival\/"},"wordCount":341,"commentCount":0,"publisher":{"@id":"https:\/\/now-news.de\/de\/#organization"},"image":{"@id":"https:\/\/now-news.de\/de\/deutschland\/tv-serie-aus-russland-ueber-den-grossen-vaterlaendischen-krieg-gewinnt-bei-us-filmfestival\/#primaryimage"},"thumbnailUrl":"https:\/\/now-news.de\/de\/wp-content\/uploads\/sites\/3\/2023\/10\/TV-Serie-aus-Russland-ueber-den-Grossen-Vaterlaendischen-Krieg-gewinnt-bei.jpg","keywords":["aus","bei","den","gewinnt","gro\u00dfen","krieg","russland","TVSerie","\u00fcber","USFilmfestival","Vaterl\u00e4ndischen"],"articleSection":["Deutschland","Russland"],"inLanguage":"de","potentialAction":[{"@type":"CommentAction","name":"Comment","target":["https:\/\/now-news.de\/de\/deutschland\/tv-serie-aus-russland-ueber-den-grossen-vaterlaendischen-krieg-gewinnt-bei-us-filmfestival\/#respond"]}]},{"@type":"WebPage","@id":"https:\/\/now-news.de\/de\/deutschland\/tv-serie-aus-russland-ueber-den-grossen-vaterlaendischen-krieg-gewinnt-bei-us-filmfestival\/","url":"https:\/\/now-news.de\/de\/deutschland\/tv-serie-aus-russland-ueber-den-grossen-vaterlaendischen-krieg-gewinnt-bei-us-filmfestival\/","name":"TV-Serie aus Russland \u00fcber den Gro\u00dfen Vaterl\u00e4ndischen Krieg gewinnt bei US-Filmfestival - just-now.NEWS Deutschland","isPartOf":{"@id":"https:\/\/now-news.de\/de\/#website"},"primaryImageOfPage":{"@id":"https:\/\/now-news.de\/de\/deutschland\/tv-serie-aus-russland-ueber-den-grossen-vaterlaendischen-krieg-gewinnt-bei-us-filmfestival\/#primaryimage"},"image":{"@id":"https:\/\/now-news.de\/de\/deutschland\/tv-serie-aus-russland-ueber-den-grossen-vaterlaendischen-krieg-gewinnt-bei-us-filmfestival\/#primaryimage"},"thumbnailUrl":"https:\/\/now-news.de\/de\/wp-content\/uploads\/sites\/3\/2023\/10\/TV-Serie-aus-Russland-ueber-den-Grossen-Vaterlaendischen-Krieg-gewinnt-bei.jpg","datePublished":"2023-10-31T15:54:42+00:00","dateModified":"2023-10-31T15:54:42+00:00","breadcrumb":{"@id":"https:\/\/now-news.de\/de\/deutschland\/tv-serie-aus-russland-ueber-den-grossen-vaterlaendischen-krieg-gewinnt-bei-us-filmfestival\/#breadcrumb"},"inLanguage":"de","potentialAction":[{"@type":"ReadAction","target":["https:\/\/now-news.de\/de\/deutschland\/tv-serie-aus-russland-ueber-den-grossen-vaterlaendischen-krieg-gewinnt-bei-us-filmfestival\/"]}]},{"@type":"ImageObject","inLanguage":"de","@id":"https:\/\/now-news.de\/de\/deutschland\/tv-serie-aus-russland-ueber-den-grossen-vaterlaendischen-krieg-gewinnt-bei-us-filmfestival\/#primaryimage","url":"https:\/\/now-news.de\/de\/wp-content\/uploads\/sites\/3\/2023\/10\/TV-Serie-aus-Russland-ueber-den-Grossen-Vaterlaendischen-Krieg-gewinnt-bei.jpg","contentUrl":"https:\/\/now-news.de\/de\/wp-content\/uploads\/sites\/3\/2023\/10\/TV-Serie-aus-Russland-ueber-den-Grossen-Vaterlaendischen-Krieg-gewinnt-bei.jpg","width":460,"height":259,"caption":"TV-Serie aus Russland \u00fcber den Gro\u00dfen Vaterl\u00e4ndischen Krieg gewinnt bei US-Filmfestival"},{"@type":"BreadcrumbList","@id":"https:\/\/now-news.de\/de\/deutschland\/tv-serie-aus-russland-ueber-den-grossen-vaterlaendischen-krieg-gewinnt-bei-us-filmfestival\/#breadcrumb","itemListElement":[{"@type":"ListItem","position":1,"name":"Home","item":"https:\/\/now-news.de\/de\/"},{"@type":"ListItem","position":2,"name":"TV-Serie aus Russland \u00fcber den Gro\u00dfen Vaterl\u00e4ndischen Krieg gewinnt bei US-Filmfestival"}]},{"@type":"WebSite","@id":"https:\/\/now-news.de\/de\/#website","url":"https:\/\/now-news.de\/de\/","name":"just-now.NEWS Deutschland","description":"Das Portal f\u00fcr unzensierte Nachrichten aus der Welt","publisher":{"@id":"https:\/\/now-news.de\/de\/#organization"},"potentialAction":[{"@type":"SearchAction","target":{"@type":"EntryPoint","urlTemplate":"https:\/\/now-news.de\/de\/?s={search_term_string}"},"query-input":"required name=search_term_string"}],"inLanguage":"de"},{"@type":"Organization","@id":"https:\/\/now-news.de\/de\/#organization","name":"Just Now News","url":"https:\/\/now-news.de\/de\/","logo":{"@type":"ImageObject","inLanguage":"de","@id":"https:\/\/now-news.de\/de\/#\/schema\/logo\/image\/","url":"http:\/\/just-now.news\/de\/wp-content\/uploads\/sites\/3\/2022\/04\/logo500x500.jpg","contentUrl":"http:\/\/just-now.news\/de\/wp-content\/uploads\/sites\/3\/2022\/04\/logo500x500.jpg","width":500,"height":500,"caption":"Just Now News"},"image":{"@id":"https:\/\/now-news.de\/de\/#\/schema\/logo\/image\/"},"sameAs":["https:\/\/www.facebook.com\/wirmachenauf","https:\/\/x.com\/WirMachenAuf_de"]},{"@type":"Person","@id":"https:\/\/now-news.de\/de\/#\/schema\/person\/fb534a4e865501d8b3285208df34a9b5","name":"rtnews","image":{"@type":"ImageObject","inLanguage":"de","@id":"https:\/\/now-news.de\/de\/#\/schema\/person\/image\/","url":"https:\/\/secure.gravatar.com\/avatar\/82aafea7d8127119dd649515f56e2117?s=96&d=mm&r=g","contentUrl":"https:\/\/secure.gravatar.com\/avatar\/82aafea7d8127119dd649515f56e2117?s=96&d=mm&r=g","caption":"rtnews"},"url":"https:\/\/now-news.de\/de\/author\/rnews\/"}]}},"_links":{"self":[{"href":"https:\/\/now-news.de\/de\/wp-json\/wp\/v2\/posts\/49015"}],"collection":[{"href":"https:\/\/now-news.de\/de\/wp-json\/wp\/v2\/posts"}],"about":[{"href":"https:\/\/now-news.de\/de\/wp-json\/wp\/v2\/types\/post"}],"author":[{"embeddable":true,"href":"https:\/\/now-news.de\/de\/wp-json\/wp\/v2\/users\/3"}],"replies":[{"embeddable":true,"href":"https:\/\/now-news.de\/de\/wp-json\/wp\/v2\/comments?post=49015"}],"version-history":[{"count":0,"href":"https:\/\/now-news.de\/de\/wp-json\/wp\/v2\/posts\/49015\/revisions"}],"wp:featuredmedia":[{"embeddable":true,"href":"https:\/\/now-news.de\/de\/wp-json\/wp\/v2\/media\/49016"}],"wp:attachment":[{"href":"https:\/\/now-news.de\/de\/wp-json\/wp\/v2\/media?parent=49015"}],"wp:term":[{"taxonomy":"category","embeddable":true,"href":"https:\/\/now-news.de\/de\/wp-json\/wp\/v2\/categories?post=49015"},{"taxonomy":"post_tag","embeddable":true,"href":"https:\/\/now-news.de\/de\/wp-json\/wp\/v2\/tags?post=49015"}],"curies":[{"name":"wp","href":"https:\/\/api.w.org\/{rel}","templated":true}]}}