{"id":48987,"date":"2023-10-31T12:18:13","date_gmt":"2023-10-31T10:18:13","guid":{"rendered":"https:\/\/just-now.news\/de\/deutschland\/hitler-besser-als-netanjahu-staatsschutz-prueft-aussagen-von-clan-chef-abou-chaker\/"},"modified":"2023-10-31T12:18:13","modified_gmt":"2023-10-31T10:18:13","slug":"hitler-besser-als-netanjahu-staatsschutz-prueft-aussagen-von-clan-chef-abou-chaker","status":"publish","type":"post","link":"https:\/\/now-news.de\/de\/deutschland\/hitler-besser-als-netanjahu-staatsschutz-prueft-aussagen-von-clan-chef-abou-chaker\/","title":{"rendered":"&quot;Hitler besser als Netanjahu&quot; \u2013 Staatsschutz pr\u00fcft Aussagen von Clan-Chef Abou-Chaker"},"content":{"rendered":"<p><img decoding=\"async\" src=\"http:\/\/just-now.news\/de\/wp-content\/uploads\/sites\/3\/2023\/10\/6540cf9c48fbef7b386ece4c.jpg\" \/><\/p>\n<div class=\"Text-root Text-type_1 \">\n                Der 1976 in Berlin geborene Arafat Abou-Chaker, der als eine &#8220;F\u00fchrungsfigur&#8221; des sogenannten Abou-Chaker-Clans gilt, ruft mit seinen \u00c4u\u00dferungen zum Nahostkonflikt den Staatsschutz auf den Plan. Der pr\u00fcft nun, ob Abou-Chakers Kommentare den Tatbestand der &#8220;Volksverhetzung&#8221; erf\u00fcllen.\n            <\/div>\n<p><\/p>\n<div class=\"Text-root Text-type_5 ArticleView-text ViewText-root \">\n<p>Der Berliner Clan-Chef Arafat Abou-Chaker, bekannt unter anderem wegen seines jahrelangen Rechtsstreits mit seinem fr\u00fcheren Sch\u00fctzling, dem Rap-Musiker Bushido, sorgt nun auch mit Kommentaren zum Nahostkonflikt f\u00fcr Schlagzeilen.<\/p>\n<p>Der Staatsschutz des Landes Berlin pr\u00fcft Vorw\u00fcrfe gegen den heute 47-J\u00e4hrigen wegen Volksverhetzung. Das geht aus einem Beitrag der Berliner Polizei auf der Plattform X hervor.<\/p>\n<p>Arafat Abou-Chaker, der seit dem Ausbruch des Krieges in Israel und Gaza immer pr\u00e4senter auf der Plattform TikTok ist, hatte dort ein Live-Gespr\u00e4ch mit dem Islamisten Pierre Vogel ver\u00f6ffentlicht.<\/p>\n<div class=\"EmbedBlock-root EmbedBlock-twitter\">\n<div class=\"TwitterEmbed\">\n<blockquote class=\"twitter-tweet lazyload\" data-twitter=\"twitter-tweet\">\n<p lang=\"de\" dir=\"ltr\">Hey <a rel=\"nofollow noopener\" target=\"_blank\" href=\"https:\/\/twitter.com\/tiktok_de?ref_src=twsrc%5Etfw\">@tiktok_de<\/a>, wir m\u00fcssen reden!Etliche Jugendliche werden tagt\u00e4glich auf eurer Plattform mit solchen Livestreams ideologisch vergiftet. &#8220;F\u00fcr mich ist Adolf Hitler besser als Netanjahu&#8221; erf\u00fcllt den Tatbestand der Volksverhetzung. <a rel=\"nofollow noopener\" target=\"_blank\" href=\"https:\/\/twitter.com\/polizeiberlin?ref_src=twsrc%5Etfw\">@polizeiberlin<\/a>, bitte \u00fcbernehmen Sie! <a rel=\"nofollow noopener\" target=\"_blank\" href=\"https:\/\/t.co\/E2QCW7Qsc3\">pic.twitter.com\/E2QCW7Qsc3<\/a><\/p>\n<p>\u2014 Zentralrat der Juden in Deutschland (@ZentralratJuden) <a rel=\"nofollow noopener\" target=\"_blank\" href=\"https:\/\/twitter.com\/ZentralratJuden\/status\/1718975749909045637?ref_src=twsrc%5Etfw\">October 30, 2023<\/a><\/p><\/blockquote>\n<\/div>\n<\/div>\n<p>Darin verglich er den israelischen Ministerpr\u00e4sidenten Benjamin Netanjahu mit dem &#8220;F\u00fchrer&#8221; Adolf Hitler der deutschen Nazi-Diktatur:<\/p>\n<blockquote>\n<p><em>&#8220;Dieses zionistische Regime ist vergleichbar mit Adolf Hitler. F\u00fcr mich ist so ein Adolf Hitler besser als ein Netanjahu \u2013 der hat sie wenigstens sofort umgebracht.&#8221;<\/em><\/p>\n<\/blockquote>\n<p>Und weiter:<\/p>\n<blockquote>\n<p><em>&#8220;Der [gemeint ist Netanjahu, Anm. d. Red.] l\u00e4sst uns leiden und bringt uns um. Der will ein ganzes Volk ausl\u00f6schen.&#8221;<\/em><\/p>\n<\/blockquote>\n<p>In einem Zusammenschnitt des Gespr\u00e4chs, das der Zentralrat der Juden in Deutschland auf X ver\u00f6ffentlicht hatte, sagte Abou-Chaker sp\u00e4ter:<\/p>\n<blockquote>\n<p><em>&#8220;Ich bin kein Bef\u00fcrworter eines Adolf Hitlers, er ist f\u00fcr mich ein Massenm\u00f6rder. Ich sage nur, der eine ist f\u00fcr mich schlimmer, weil er sie langsamer leiden l\u00e4sst.&#8221;<\/em><\/p>\n<\/blockquote>\n<p>Der Zentralrat der Juden erkl\u00e4rte auf X, die \u00c4usserungen w\u00fcrden Volksverhetzung darstellen. Erst k\u00fcrzlich hatte Abou-Chaker auf TikTok den Terrorangriff der Hamas infrage gestellt. In einem Video behauptete er, die Juden wollten &#8220;komplett einen Genozid machen&#8221;. Gleichzeitig w\u00fcrden sie &#8220;Fake News&#8221; \u00fcber angebliche Gr\u00e4ueltaten der Hamas verbreiten. Dies sei &#8220;alles nur Propaganda&#8221;. Auch hier zog er einen Vergleich zu den Nazis: Das sei &#8220;wie Joseph Goebbels im Zweiten Weltkrieg&#8221;, sagte Arafat Abou-Chaker.<\/p>\n<p>Arafat Abou-Chaker kam 1976 als Kind in einer pal\u00e4stinensischen Familie zur Welt. Die Familie war mit vier Kindern aus einem Fl\u00fcchtlingslager im Libanon nach Berlin gekommen, f\u00fcnf weitere, darunter Arafat, wurden sp\u00e4ter in Berlin geboren.<\/p>\n<p><strong>Mehr zum Thema<\/strong> \u2013\u00a0<a rel=\"nofollow noopener\" target=\"_blank\" href=\"https:\/\/freeassange.rtde.life\/meinung\/185402-westen-ist-in-palaestina-in\/\">Pepe Escobar: Der Westen ist in Pal\u00e4stina in eine selbst gestellte Falle getappt<\/a><\/p>\n<\/p>\n<\/div>\n<p><script async src=\"https:\/\/platform.twitter.com\/widgets.js\" charset=\"utf-8\"><\/script><br \/>\n<br \/><br \/>\n<br \/><a href=\"https:\/\/de.rt.com\/inland\/185507-hitler-besser-als-netanjahu-staatsschutz-prueft-aussagen-von-clan-chef-abou-chaker\/\">Source link <\/a><\/p>\n","protected":false},"excerpt":{"rendered":"<p>Der 1976 in Berlin geborene Arafat Abou-Chaker, der als eine &#8220;F\u00fchrungsfigur&#8221; des sogenannten Abou-Chaker-Clans gilt, ruft mit seinen \u00c4u\u00dferungen zum Nahostkonflikt den Staatsschutz auf den Plan. Der pr\u00fcft nun, ob Abou-Chakers Kommentare den Tatbestand der &#8220;Volksverhetzung&#8221; erf\u00fcllen. Der Berliner Clan-Chef Arafat Abou-Chaker, bekannt unter anderem wegen seines jahrelangen Rechtsstreits mit seinem fr\u00fcheren Sch\u00fctzling, dem Rap-Musiker [&hellip;]<\/p>\n","protected":false},"author":3,"featured_media":48988,"comment_status":"open","ping_status":"open","sticky":false,"template":"","format":"standard","meta":{"_yoast_indexnow_last_ping":["1698748374"],"wp_automatic_camp":["217"],"35e431da77bc303979d510d21f97a0a7":["&quot;Hitler besser als Netanjahu&quot; \u2013 Staatsschutz pr\u00fcft Aussagen von Clan-Chef Abou-Chaker"],"original_link":["https:\/\/de.rt.com\/inland\/185507-hitler-besser-als-netanjahu-staatsschutz-prueft-aussagen-von-clan-chef-abou-chaker\/"],"_thumbnail_id":["48988"],"_wptgpro_p2tg_sent2tg":["a:1:{i:23737;s:19:\"2023-10-31 12:35:00\";}"],"jnews_social_counter_last_update":["1777360819"]},"categories":[19,23],"tags":[50251,273,22003,19379,50250,50249,7858,40326,25598,50],"yoast_head":"<!-- This site is optimized with the Yoast SEO Premium plugin v22.7 (Yoast SEO v22.7) - https:\/\/yoast.com\/wordpress\/plugins\/seo\/ -->\n<title>&quot;Hitler besser als Netanjahu&quot; \u2013 Staatsschutz pr\u00fcft Aussagen von Clan-Chef Abou-Chaker - just-now.NEWS Deutschland<\/title>\n<meta name=\"robots\" content=\"index, follow, max-snippet:-1, max-image-preview:large, max-video-preview:-1\" \/>\n<link rel=\"canonical\" href=\"https:\/\/now-news.de\/de\/deutschland\/hitler-besser-als-netanjahu-staatsschutz-prueft-aussagen-von-clan-chef-abou-chaker\/\" \/>\n<meta property=\"og:locale\" content=\"de_DE\" \/>\n<meta property=\"og:type\" content=\"article\" \/>\n<meta property=\"og:title\" content=\"&quot;Hitler besser als Netanjahu&quot; \u2013 Staatsschutz pr\u00fcft Aussagen von Clan-Chef Abou-Chaker\" \/>\n<meta property=\"og:description\" content=\"Der 1976 in Berlin geborene Arafat Abou-Chaker, der als eine &#8220;F\u00fchrungsfigur&#8221; des sogenannten Abou-Chaker-Clans gilt, ruft mit seinen \u00c4u\u00dferungen zum Nahostkonflikt den Staatsschutz auf den Plan. Der pr\u00fcft nun, ob Abou-Chakers Kommentare den Tatbestand der &#8220;Volksverhetzung&#8221; erf\u00fcllen. Der Berliner Clan-Chef Arafat Abou-Chaker, bekannt unter anderem wegen seines jahrelangen Rechtsstreits mit seinem fr\u00fcheren Sch\u00fctzling, dem Rap-Musiker [&hellip;]\" \/>\n<meta property=\"og:url\" content=\"https:\/\/now-news.de\/de\/deutschland\/hitler-besser-als-netanjahu-staatsschutz-prueft-aussagen-von-clan-chef-abou-chaker\/\" \/>\n<meta property=\"og:site_name\" content=\"just-now.NEWS Deutschland\" \/>\n<meta property=\"article:publisher\" content=\"https:\/\/www.facebook.com\/wirmachenauf\" \/>\n<meta property=\"article:published_time\" content=\"2023-10-31T10:18:13+00:00\" \/>\n<meta property=\"og:image\" content=\"https:\/\/now-news.de\/de\/wp-content\/uploads\/sites\/3\/2023\/10\/quotHitler-besser-als-Netanjahuquot-\u2013-Staatsschutz-prueft-Aussagen-von-Clan-Chef.jpg\" \/>\n\t<meta property=\"og:image:width\" content=\"460\" \/>\n\t<meta property=\"og:image:height\" content=\"259\" \/>\n\t<meta property=\"og:image:type\" content=\"image\/jpeg\" \/>\n<meta name=\"author\" content=\"rtnews\" \/>\n<meta name=\"twitter:card\" content=\"summary_large_image\" \/>\n<meta name=\"twitter:creator\" content=\"@WirMachenAuf_de\" \/>\n<meta name=\"twitter:site\" content=\"@WirMachenAuf_de\" \/>\n<meta name=\"twitter:label1\" content=\"Verfasst von\" \/>\n\t<meta name=\"twitter:data1\" content=\"rtnews\" \/>\n\t<meta name=\"twitter:label2\" content=\"Gesch\u00e4tzte Lesezeit\" \/>\n\t<meta name=\"twitter:data2\" content=\"2\u00a0Minuten\" \/>\n<script type=\"application\/ld+json\" class=\"yoast-schema-graph\">{\"@context\":\"https:\/\/schema.org\",\"@graph\":[{\"@type\":\"Article\",\"@id\":\"https:\/\/now-news.de\/de\/deutschland\/hitler-besser-als-netanjahu-staatsschutz-prueft-aussagen-von-clan-chef-abou-chaker\/#article\",\"isPartOf\":{\"@id\":\"https:\/\/now-news.de\/de\/deutschland\/hitler-besser-als-netanjahu-staatsschutz-prueft-aussagen-von-clan-chef-abou-chaker\/\"},\"author\":{\"name\":\"rtnews\",\"@id\":\"https:\/\/now-news.de\/de\/#\/schema\/person\/fb534a4e865501d8b3285208df34a9b5\"},\"headline\":\"&quot;Hitler besser als Netanjahu&quot; \u2013 Staatsschutz pr\u00fcft Aussagen von Clan-Chef Abou-Chaker\",\"datePublished\":\"2023-10-31T10:18:13+00:00\",\"dateModified\":\"2023-10-31T10:18:13+00:00\",\"mainEntityOfPage\":{\"@id\":\"https:\/\/now-news.de\/de\/deutschland\/hitler-besser-als-netanjahu-staatsschutz-prueft-aussagen-von-clan-chef-abou-chaker\/\"},\"wordCount\":455,\"commentCount\":0,\"publisher\":{\"@id\":\"https:\/\/now-news.de\/de\/#organization\"},\"image\":{\"@id\":\"https:\/\/now-news.de\/de\/deutschland\/hitler-besser-als-netanjahu-staatsschutz-prueft-aussagen-von-clan-chef-abou-chaker\/#primaryimage\"},\"thumbnailUrl\":\"https:\/\/now-news.de\/de\/wp-content\/uploads\/sites\/3\/2023\/10\/quotHitler-besser-als-Netanjahuquot-\u2013-Staatsschutz-prueft-Aussagen-von-Clan-Chef.jpg\",\"keywords\":[\"AbouChaker\",\"als\",\"Aussagen\",\"besser\",\"ClanChef\",\"Netanjahuquot\",\"pr\u00fcft\",\"quotHitler\",\"Staatsschutz\",\"von\"],\"articleSection\":[\"Deutschland\",\"Russland\"],\"inLanguage\":\"de\",\"potentialAction\":[{\"@type\":\"CommentAction\",\"name\":\"Comment\",\"target\":[\"https:\/\/now-news.de\/de\/deutschland\/hitler-besser-als-netanjahu-staatsschutz-prueft-aussagen-von-clan-chef-abou-chaker\/#respond\"]}]},{\"@type\":\"WebPage\",\"@id\":\"https:\/\/now-news.de\/de\/deutschland\/hitler-besser-als-netanjahu-staatsschutz-prueft-aussagen-von-clan-chef-abou-chaker\/\",\"url\":\"https:\/\/now-news.de\/de\/deutschland\/hitler-besser-als-netanjahu-staatsschutz-prueft-aussagen-von-clan-chef-abou-chaker\/\",\"name\":\"&quot;Hitler besser als Netanjahu&quot; \u2013 Staatsschutz pr\u00fcft Aussagen von Clan-Chef Abou-Chaker - just-now.NEWS Deutschland\",\"isPartOf\":{\"@id\":\"https:\/\/now-news.de\/de\/#website\"},\"primaryImageOfPage\":{\"@id\":\"https:\/\/now-news.de\/de\/deutschland\/hitler-besser-als-netanjahu-staatsschutz-prueft-aussagen-von-clan-chef-abou-chaker\/#primaryimage\"},\"image\":{\"@id\":\"https:\/\/now-news.de\/de\/deutschland\/hitler-besser-als-netanjahu-staatsschutz-prueft-aussagen-von-clan-chef-abou-chaker\/#primaryimage\"},\"thumbnailUrl\":\"https:\/\/now-news.de\/de\/wp-content\/uploads\/sites\/3\/2023\/10\/quotHitler-besser-als-Netanjahuquot-\u2013-Staatsschutz-prueft-Aussagen-von-Clan-Chef.jpg\",\"datePublished\":\"2023-10-31T10:18:13+00:00\",\"dateModified\":\"2023-10-31T10:18:13+00:00\",\"breadcrumb\":{\"@id\":\"https:\/\/now-news.de\/de\/deutschland\/hitler-besser-als-netanjahu-staatsschutz-prueft-aussagen-von-clan-chef-abou-chaker\/#breadcrumb\"},\"inLanguage\":\"de\",\"potentialAction\":[{\"@type\":\"ReadAction\",\"target\":[\"https:\/\/now-news.de\/de\/deutschland\/hitler-besser-als-netanjahu-staatsschutz-prueft-aussagen-von-clan-chef-abou-chaker\/\"]}]},{\"@type\":\"ImageObject\",\"inLanguage\":\"de\",\"@id\":\"https:\/\/now-news.de\/de\/deutschland\/hitler-besser-als-netanjahu-staatsschutz-prueft-aussagen-von-clan-chef-abou-chaker\/#primaryimage\",\"url\":\"https:\/\/now-news.de\/de\/wp-content\/uploads\/sites\/3\/2023\/10\/quotHitler-besser-als-Netanjahuquot-\u2013-Staatsschutz-prueft-Aussagen-von-Clan-Chef.jpg\",\"contentUrl\":\"https:\/\/now-news.de\/de\/wp-content\/uploads\/sites\/3\/2023\/10\/quotHitler-besser-als-Netanjahuquot-\u2013-Staatsschutz-prueft-Aussagen-von-Clan-Chef.jpg\",\"width\":460,\"height\":259,\"caption\":\"&quot;Hitler besser als Netanjahu&quot; \u2013 Staatsschutz pr\u00fcft Aussagen von Clan-Chef Abou-Chaker\"},{\"@type\":\"BreadcrumbList\",\"@id\":\"https:\/\/now-news.de\/de\/deutschland\/hitler-besser-als-netanjahu-staatsschutz-prueft-aussagen-von-clan-chef-abou-chaker\/#breadcrumb\",\"itemListElement\":[{\"@type\":\"ListItem\",\"position\":1,\"name\":\"Home\",\"item\":\"https:\/\/now-news.de\/de\/\"},{\"@type\":\"ListItem\",\"position\":2,\"name\":\"&quot;Hitler besser als Netanjahu&quot; \u2013 Staatsschutz pr\u00fcft Aussagen von Clan-Chef Abou-Chaker\"}]},{\"@type\":\"WebSite\",\"@id\":\"https:\/\/now-news.de\/de\/#website\",\"url\":\"https:\/\/now-news.de\/de\/\",\"name\":\"just-now.NEWS Deutschland\",\"description\":\"Das Portal f\u00fcr unzensierte Nachrichten aus der Welt\",\"publisher\":{\"@id\":\"https:\/\/now-news.de\/de\/#organization\"},\"potentialAction\":[{\"@type\":\"SearchAction\",\"target\":{\"@type\":\"EntryPoint\",\"urlTemplate\":\"https:\/\/now-news.de\/de\/?s={search_term_string}\"},\"query-input\":\"required name=search_term_string\"}],\"inLanguage\":\"de\"},{\"@type\":\"Organization\",\"@id\":\"https:\/\/now-news.de\/de\/#organization\",\"name\":\"Just Now News\",\"url\":\"https:\/\/now-news.de\/de\/\",\"logo\":{\"@type\":\"ImageObject\",\"inLanguage\":\"de\",\"@id\":\"https:\/\/now-news.de\/de\/#\/schema\/logo\/image\/\",\"url\":\"http:\/\/just-now.news\/de\/wp-content\/uploads\/sites\/3\/2022\/04\/logo500x500.jpg\",\"contentUrl\":\"http:\/\/just-now.news\/de\/wp-content\/uploads\/sites\/3\/2022\/04\/logo500x500.jpg\",\"width\":500,\"height\":500,\"caption\":\"Just Now News\"},\"image\":{\"@id\":\"https:\/\/now-news.de\/de\/#\/schema\/logo\/image\/\"},\"sameAs\":[\"https:\/\/www.facebook.com\/wirmachenauf\",\"https:\/\/x.com\/WirMachenAuf_de\"]},{\"@type\":\"Person\",\"@id\":\"https:\/\/now-news.de\/de\/#\/schema\/person\/fb534a4e865501d8b3285208df34a9b5\",\"name\":\"rtnews\",\"image\":{\"@type\":\"ImageObject\",\"inLanguage\":\"de\",\"@id\":\"https:\/\/now-news.de\/de\/#\/schema\/person\/image\/\",\"url\":\"https:\/\/secure.gravatar.com\/avatar\/82aafea7d8127119dd649515f56e2117?s=96&d=mm&r=g\",\"contentUrl\":\"https:\/\/secure.gravatar.com\/avatar\/82aafea7d8127119dd649515f56e2117?s=96&d=mm&r=g\",\"caption\":\"rtnews\"},\"url\":\"https:\/\/now-news.de\/de\/author\/rnews\/\"}]}<\/script>\n<!-- \/ Yoast SEO Premium plugin. -->","yoast_head_json":{"title":"&quot;Hitler besser als Netanjahu&quot; \u2013 Staatsschutz pr\u00fcft Aussagen von Clan-Chef Abou-Chaker - just-now.NEWS Deutschland","robots":{"index":"index","follow":"follow","max-snippet":"max-snippet:-1","max-image-preview":"max-image-preview:large","max-video-preview":"max-video-preview:-1"},"canonical":"https:\/\/now-news.de\/de\/deutschland\/hitler-besser-als-netanjahu-staatsschutz-prueft-aussagen-von-clan-chef-abou-chaker\/","og_locale":"de_DE","og_type":"article","og_title":"&quot;Hitler besser als Netanjahu&quot; \u2013 Staatsschutz pr\u00fcft Aussagen von Clan-Chef Abou-Chaker","og_description":"Der 1976 in Berlin geborene Arafat Abou-Chaker, der als eine &#8220;F\u00fchrungsfigur&#8221; des sogenannten Abou-Chaker-Clans gilt, ruft mit seinen \u00c4u\u00dferungen zum Nahostkonflikt den Staatsschutz auf den Plan. Der pr\u00fcft nun, ob Abou-Chakers Kommentare den Tatbestand der &#8220;Volksverhetzung&#8221; erf\u00fcllen. Der Berliner Clan-Chef Arafat Abou-Chaker, bekannt unter anderem wegen seines jahrelangen Rechtsstreits mit seinem fr\u00fcheren Sch\u00fctzling, dem Rap-Musiker [&hellip;]","og_url":"https:\/\/now-news.de\/de\/deutschland\/hitler-besser-als-netanjahu-staatsschutz-prueft-aussagen-von-clan-chef-abou-chaker\/","og_site_name":"just-now.NEWS Deutschland","article_publisher":"https:\/\/www.facebook.com\/wirmachenauf","article_published_time":"2023-10-31T10:18:13+00:00","og_image":[{"width":460,"height":259,"url":"https:\/\/now-news.de\/de\/wp-content\/uploads\/sites\/3\/2023\/10\/quotHitler-besser-als-Netanjahuquot-\u2013-Staatsschutz-prueft-Aussagen-von-Clan-Chef.jpg","type":"image\/jpeg"}],"author":"rtnews","twitter_card":"summary_large_image","twitter_creator":"@WirMachenAuf_de","twitter_site":"@WirMachenAuf_de","twitter_misc":{"Verfasst von":"rtnews","Gesch\u00e4tzte Lesezeit":"2\u00a0Minuten"},"schema":{"@context":"https:\/\/schema.org","@graph":[{"@type":"Article","@id":"https:\/\/now-news.de\/de\/deutschland\/hitler-besser-als-netanjahu-staatsschutz-prueft-aussagen-von-clan-chef-abou-chaker\/#article","isPartOf":{"@id":"https:\/\/now-news.de\/de\/deutschland\/hitler-besser-als-netanjahu-staatsschutz-prueft-aussagen-von-clan-chef-abou-chaker\/"},"author":{"name":"rtnews","@id":"https:\/\/now-news.de\/de\/#\/schema\/person\/fb534a4e865501d8b3285208df34a9b5"},"headline":"&quot;Hitler besser als Netanjahu&quot; \u2013 Staatsschutz pr\u00fcft Aussagen von Clan-Chef Abou-Chaker","datePublished":"2023-10-31T10:18:13+00:00","dateModified":"2023-10-31T10:18:13+00:00","mainEntityOfPage":{"@id":"https:\/\/now-news.de\/de\/deutschland\/hitler-besser-als-netanjahu-staatsschutz-prueft-aussagen-von-clan-chef-abou-chaker\/"},"wordCount":455,"commentCount":0,"publisher":{"@id":"https:\/\/now-news.de\/de\/#organization"},"image":{"@id":"https:\/\/now-news.de\/de\/deutschland\/hitler-besser-als-netanjahu-staatsschutz-prueft-aussagen-von-clan-chef-abou-chaker\/#primaryimage"},"thumbnailUrl":"https:\/\/now-news.de\/de\/wp-content\/uploads\/sites\/3\/2023\/10\/quotHitler-besser-als-Netanjahuquot-\u2013-Staatsschutz-prueft-Aussagen-von-Clan-Chef.jpg","keywords":["AbouChaker","als","Aussagen","besser","ClanChef","Netanjahuquot","pr\u00fcft","quotHitler","Staatsschutz","von"],"articleSection":["Deutschland","Russland"],"inLanguage":"de","potentialAction":[{"@type":"CommentAction","name":"Comment","target":["https:\/\/now-news.de\/de\/deutschland\/hitler-besser-als-netanjahu-staatsschutz-prueft-aussagen-von-clan-chef-abou-chaker\/#respond"]}]},{"@type":"WebPage","@id":"https:\/\/now-news.de\/de\/deutschland\/hitler-besser-als-netanjahu-staatsschutz-prueft-aussagen-von-clan-chef-abou-chaker\/","url":"https:\/\/now-news.de\/de\/deutschland\/hitler-besser-als-netanjahu-staatsschutz-prueft-aussagen-von-clan-chef-abou-chaker\/","name":"&quot;Hitler besser als Netanjahu&quot; \u2013 Staatsschutz pr\u00fcft Aussagen von Clan-Chef Abou-Chaker - just-now.NEWS Deutschland","isPartOf":{"@id":"https:\/\/now-news.de\/de\/#website"},"primaryImageOfPage":{"@id":"https:\/\/now-news.de\/de\/deutschland\/hitler-besser-als-netanjahu-staatsschutz-prueft-aussagen-von-clan-chef-abou-chaker\/#primaryimage"},"image":{"@id":"https:\/\/now-news.de\/de\/deutschland\/hitler-besser-als-netanjahu-staatsschutz-prueft-aussagen-von-clan-chef-abou-chaker\/#primaryimage"},"thumbnailUrl":"https:\/\/now-news.de\/de\/wp-content\/uploads\/sites\/3\/2023\/10\/quotHitler-besser-als-Netanjahuquot-\u2013-Staatsschutz-prueft-Aussagen-von-Clan-Chef.jpg","datePublished":"2023-10-31T10:18:13+00:00","dateModified":"2023-10-31T10:18:13+00:00","breadcrumb":{"@id":"https:\/\/now-news.de\/de\/deutschland\/hitler-besser-als-netanjahu-staatsschutz-prueft-aussagen-von-clan-chef-abou-chaker\/#breadcrumb"},"inLanguage":"de","potentialAction":[{"@type":"ReadAction","target":["https:\/\/now-news.de\/de\/deutschland\/hitler-besser-als-netanjahu-staatsschutz-prueft-aussagen-von-clan-chef-abou-chaker\/"]}]},{"@type":"ImageObject","inLanguage":"de","@id":"https:\/\/now-news.de\/de\/deutschland\/hitler-besser-als-netanjahu-staatsschutz-prueft-aussagen-von-clan-chef-abou-chaker\/#primaryimage","url":"https:\/\/now-news.de\/de\/wp-content\/uploads\/sites\/3\/2023\/10\/quotHitler-besser-als-Netanjahuquot-\u2013-Staatsschutz-prueft-Aussagen-von-Clan-Chef.jpg","contentUrl":"https:\/\/now-news.de\/de\/wp-content\/uploads\/sites\/3\/2023\/10\/quotHitler-besser-als-Netanjahuquot-\u2013-Staatsschutz-prueft-Aussagen-von-Clan-Chef.jpg","width":460,"height":259,"caption":"&quot;Hitler besser als Netanjahu&quot; \u2013 Staatsschutz pr\u00fcft Aussagen von Clan-Chef Abou-Chaker"},{"@type":"BreadcrumbList","@id":"https:\/\/now-news.de\/de\/deutschland\/hitler-besser-als-netanjahu-staatsschutz-prueft-aussagen-von-clan-chef-abou-chaker\/#breadcrumb","itemListElement":[{"@type":"ListItem","position":1,"name":"Home","item":"https:\/\/now-news.de\/de\/"},{"@type":"ListItem","position":2,"name":"&quot;Hitler besser als Netanjahu&quot; \u2013 Staatsschutz pr\u00fcft Aussagen von Clan-Chef Abou-Chaker"}]},{"@type":"WebSite","@id":"https:\/\/now-news.de\/de\/#website","url":"https:\/\/now-news.de\/de\/","name":"just-now.NEWS Deutschland","description":"Das Portal f\u00fcr unzensierte Nachrichten aus der Welt","publisher":{"@id":"https:\/\/now-news.de\/de\/#organization"},"potentialAction":[{"@type":"SearchAction","target":{"@type":"EntryPoint","urlTemplate":"https:\/\/now-news.de\/de\/?s={search_term_string}"},"query-input":"required name=search_term_string"}],"inLanguage":"de"},{"@type":"Organization","@id":"https:\/\/now-news.de\/de\/#organization","name":"Just Now News","url":"https:\/\/now-news.de\/de\/","logo":{"@type":"ImageObject","inLanguage":"de","@id":"https:\/\/now-news.de\/de\/#\/schema\/logo\/image\/","url":"http:\/\/just-now.news\/de\/wp-content\/uploads\/sites\/3\/2022\/04\/logo500x500.jpg","contentUrl":"http:\/\/just-now.news\/de\/wp-content\/uploads\/sites\/3\/2022\/04\/logo500x500.jpg","width":500,"height":500,"caption":"Just Now News"},"image":{"@id":"https:\/\/now-news.de\/de\/#\/schema\/logo\/image\/"},"sameAs":["https:\/\/www.facebook.com\/wirmachenauf","https:\/\/x.com\/WirMachenAuf_de"]},{"@type":"Person","@id":"https:\/\/now-news.de\/de\/#\/schema\/person\/fb534a4e865501d8b3285208df34a9b5","name":"rtnews","image":{"@type":"ImageObject","inLanguage":"de","@id":"https:\/\/now-news.de\/de\/#\/schema\/person\/image\/","url":"https:\/\/secure.gravatar.com\/avatar\/82aafea7d8127119dd649515f56e2117?s=96&d=mm&r=g","contentUrl":"https:\/\/secure.gravatar.com\/avatar\/82aafea7d8127119dd649515f56e2117?s=96&d=mm&r=g","caption":"rtnews"},"url":"https:\/\/now-news.de\/de\/author\/rnews\/"}]}},"_links":{"self":[{"href":"https:\/\/now-news.de\/de\/wp-json\/wp\/v2\/posts\/48987"}],"collection":[{"href":"https:\/\/now-news.de\/de\/wp-json\/wp\/v2\/posts"}],"about":[{"href":"https:\/\/now-news.de\/de\/wp-json\/wp\/v2\/types\/post"}],"author":[{"embeddable":true,"href":"https:\/\/now-news.de\/de\/wp-json\/wp\/v2\/users\/3"}],"replies":[{"embeddable":true,"href":"https:\/\/now-news.de\/de\/wp-json\/wp\/v2\/comments?post=48987"}],"version-history":[{"count":0,"href":"https:\/\/now-news.de\/de\/wp-json\/wp\/v2\/posts\/48987\/revisions"}],"wp:featuredmedia":[{"embeddable":true,"href":"https:\/\/now-news.de\/de\/wp-json\/wp\/v2\/media\/48988"}],"wp:attachment":[{"href":"https:\/\/now-news.de\/de\/wp-json\/wp\/v2\/media?parent=48987"}],"wp:term":[{"taxonomy":"category","embeddable":true,"href":"https:\/\/now-news.de\/de\/wp-json\/wp\/v2\/categories?post=48987"},{"taxonomy":"post_tag","embeddable":true,"href":"https:\/\/now-news.de\/de\/wp-json\/wp\/v2\/tags?post=48987"}],"curies":[{"name":"wp","href":"https:\/\/api.w.org\/{rel}","templated":true}]}}