{"id":48914,"date":"2023-10-29T22:19:00","date_gmt":"2023-10-29T20:19:00","guid":{"rendered":"https:\/\/just-now.news\/de\/deutschland\/grossdemonstration-in-rom-fuer-den-antikolonialen-befreiungskampf-in-palaestina\/"},"modified":"2023-10-29T22:19:00","modified_gmt":"2023-10-29T20:19:00","slug":"grossdemonstration-in-rom-fuer-den-antikolonialen-befreiungskampf-in-palaestina","status":"publish","type":"post","link":"https:\/\/now-news.de\/de\/deutschland\/grossdemonstration-in-rom-fuer-den-antikolonialen-befreiungskampf-in-palaestina\/","title":{"rendered":"Gro\u00dfdemonstration in Rom f\u00fcr den &quot;antikolonialen Befreiungskampf&quot; in Pal\u00e4stina"},"content":{"rendered":"<div class=\"Text-root Text-type_1 \">\n                Unter dem Motto &#8220;Landesweite Demonstration f\u00fcr Pal\u00e4stina in Rom \u2013 F\u00fcr den antikolonialen Befreiungskampf&#8221; beteiligten sich am Samstag in Rom rund 20.000 Menschen an einer Solidarit\u00e4tsdemonstration f\u00fcr Pal\u00e4stina.\n            <\/div>\n<p><\/p>\n<div class=\"Text-root Text-type_5 ArticleView-text ViewText-root \">\n<p><em>Von Felicitas Rabe<\/em><\/p>\n<p>Am Samstag fand in Rom eine Solidarit\u00e4tsdemonstration f\u00fcr Pal\u00e4stina mit rund 20.000 Teilnehmern statt. Unter dem Motto &#8220;Landesweite Demonstration f\u00fcr Pal\u00e4stina in Rom \u2013 F\u00fcr den antikolonialen Befreiungskampf, Unterst\u00fctzung f\u00fcr das pal\u00e4stinensische Volk und den pal\u00e4stinensischen Widerstand! Intifada bis zum Sieg!&#8221; hatte ein B\u00fcndnis mehrerer pal\u00e4stinensischer Organisationen in Italien zur Demonstration aufgerufen: Pal\u00e4stinensisch-Arabische Demokratische Union, Vereinigung der Pal\u00e4stinenser in Italien, Pal\u00e4stinensische Gemeinschaft, Junge Pal\u00e4stinenser in Italien und die Pal\u00e4stinensische Studentenbewegung in Italien. Sie riefen alle Menschen, die sich &#8220;f\u00fcr Gerechtigkeit, f\u00fcr die Beendigung des Massakers und f\u00fcr die Befreiung&#8221; Pal\u00e4stinas einsetzen wollten,\u00a0zur Teilnahme\u00a0an der Demonstration auf.<\/p>\n<p>Zu den rund 20.000 Teilnehmern z\u00e4hlten vor allem auch viele Vertreter linker und kommunistischer Organisationen und Parteien in Italien. So konnte die Berichterstatterin auf den ersten Blick mehr Italiener als Pal\u00e4stinenser auf der Demonstration ausmachen.<\/p>\n<figure class=\"RTImage-root\">\n<div class=\"RTImage-image RTImage-original\"><picture class=\"Picture-root Picture-original\"><!--[if IE 9]><video style=\"display: none;\"><![endif]--><source media=\"(-webkit-min-device-pixel-ratio: 2) and (min-resolution: 120dpi)\" data-srcset=\" \nhttp:\/\/just-now.news\/de\/wp-content\/uploads\/sites\/3\/2023\/10\/653e7ba5b480cc07c3426102.jpg 850w,\n                http:\/\/just-now.news\/de\/wp-content\/uploads\/sites\/3\/2023\/10\/653e7ba5b480cc07c3426102.jpg 1960w,\n            \" ><source data-srcset=\" \nhttp:\/\/just-now.news\/de\/wp-content\/uploads\/sites\/3\/2023\/10\/653e7ba5b480cc07c3426102.jpg 460w,\n              http:\/\/just-now.news\/de\/wp-content\/uploads\/sites\/3\/2023\/10\/653e7ba5b480cc07c3426102.jpg 980w,\n            \" ><!--[if IE 9]><\/video><![endif]--><img decoding=\"async\" data- src=\"data:image\/png;base64,iVBORw0KGgoAAAANSUhEUgAAABAAAAAJCAQAAACRI2S5AAAAEElEQVR42mNkIAAYRxWAAQAG9gAKqv6+AwAAAABJRU5ErkJggg==\" class=\"Picture-root Picture-original lazyload\" data-src=\"http:\/\/just-now.news\/de\/wp-content\/uploads\/sites\/3\/2023\/10\/653e7ba5b480cc07c3426102.jpg\" alt=\"\"><\/source><\/source><\/picture><!-- noscript pattern --><noscript><img decoding=\"async\" src=\"http:\/\/just-now.news\/de\/wp-content\/uploads\/sites\/3\/2023\/10\/653e7ba5b480cc07c3426102.jpg\" alt=\"\"><\/noscript><\/div><figcaption class=\"RTImage-footer\"><span class=\"RTImage-caption\"><span class=\"RTImage-captionItem\">Zahlreiche kommunistische Vereinigungen zeigten ihr Unterst\u00fctzung f\u00fcr Pal\u00e4stina.<\/span><\/span><span class=\"RTImage-source\"><span class=\"RTImage-captionItem\">Felicitas Rabe<\/span><\/span><\/figcaption><\/figure>\n<p>Neben den vielen linken Organisationen und Parteien aus Italien konnte man an den Fahnen auch zahlreiche Vertreter internationaler Communities in Italien, Teilnehmer aus unterschiedlichen L\u00e4ndern, Vertreterinnen italienischer Frauenorganisationen und vielf\u00e4ltige, vor allem linke Organisationen der Zivilgesellschaft ausmachen. Auch die Teilnehmer der <a rel=\"nofollow noopener\" target=\"_blank\" href=\"https:\/\/internationalpeaceconference.info\/?language#de\">Internationalen Friedenskonferenz<\/a>, die am Wochenende in Rom stattfand, nahmen im Block des &#8220;<a rel=\"nofollow noopener\" target=\"_blank\" href=\"https:\/\/frontedeldissenso.it\/\">Fronte del Dissenso<\/a>&#8221; an der Demonstration teil.<\/p>\n<figure class=\"RTImage-root\">\n<div class=\"RTImage-image RTImage-original\"><picture class=\"Picture-root Picture-original\"><!--[if IE 9]><video style=\"display: none;\"><![endif]--><source media=\"(-webkit-min-device-pixel-ratio: 2) and (min-resolution: 120dpi)\" data-srcset=\" \nhttp:\/\/just-now.news\/de\/wp-content\/uploads\/sites\/3\/2023\/10\/653e79eb48fbef3223175c77.jpg 850w,\n                http:\/\/just-now.news\/de\/wp-content\/uploads\/sites\/3\/2023\/10\/653e79eb48fbef3223175c77.jpg 1960w,\n            \" ><source data-srcset=\" \nhttp:\/\/just-now.news\/de\/wp-content\/uploads\/sites\/3\/2023\/10\/653e79eb48fbef3223175c77.jpg 460w,\n              http:\/\/just-now.news\/de\/wp-content\/uploads\/sites\/3\/2023\/10\/653e79eb48fbef3223175c77.jpg 980w,\n            \" ><!--[if IE 9]><\/video><![endif]--><img decoding=\"async\" data- src=\"data:image\/png;base64,iVBORw0KGgoAAAANSUhEUgAAABAAAAAJCAQAAACRI2S5AAAAEElEQVR42mNkIAAYRxWAAQAG9gAKqv6+AwAAAABJRU5ErkJggg==\" class=\"Picture-root Picture-original lazyload\" data-src=\"http:\/\/just-now.news\/de\/wp-content\/uploads\/sites\/3\/2023\/10\/653e79eb48fbef3223175c77.jpg\" alt=\"\"><\/source><\/source><\/picture><!-- noscript pattern --><noscript><img decoding=\"async\" src=\"http:\/\/just-now.news\/de\/wp-content\/uploads\/sites\/3\/2023\/10\/653e79eb48fbef3223175c77.jpg\" alt=\"\"><\/noscript><\/div><figcaption class=\"RTImage-footer\"><span class=\"RTImage-caption\"><\/span><span class=\"RTImage-source\"><span class=\"RTImage-captionItem\">Felicitas Rabe<\/span><\/span><\/figcaption><\/figure>\n<p>Die Hauptforderungen der Demonstranten lauteten:<\/p>\n<blockquote>\n<p>Ende der Belagerung Gazas!<\/p>\n<p>Ende des V\u00f6lkermords in Pal\u00e4stina!<\/p>\n<\/blockquote>\n<p>Von der italienischen Regierung forderten sie zudem die Unterbrechung der milit\u00e4rischen Abkommen mit Israel, den Abbau der Kolonien, der Besatzung und des Apartheidregimes, humanit\u00e4re Hilfe, die Anerkennung des Selbstbestimmungsrechts des pal\u00e4stinensischen Volkes sowie die Achtung des V\u00f6lkerrechts in Pal\u00e4stina. In dem Aufruf der Organisatoren hei\u00dft es zur Motivation der internationalen Unterst\u00fctzung der Pal\u00e4stinenser:<\/p>\n<p><em>&#8220;Am 7. Oktober hat das pal\u00e4stinensische Volk die Welt an seine Existenz erinnert und gezeigt, dass es immer noch das Volk ist, das Geschichte schreibt. In Italien und auf der ganzen Welt haben wir eine beispiellose Mobilisierung zur Unterst\u00fctzung der pal\u00e4stinensischen Frage erlebt. Damit wurde ein Kampf reaktiviert, der seit mehr als einem Jahrhundert andauert und nie erloschen ist, auch wenn die Aufmerksamkeit der internationalen Medien nachgelassen hat.<\/em><\/p>\n<p><em>Seit diesem Tag haben die Bombardierungen des Gazastreifens nicht mehr aufgeh\u00f6rt, und unter den Augen einer heuchlerischen Welt hat der zionistische Anstifter einen Vorwand gefunden, um seinen Plan des V\u00f6lkermords zu verwirklichen.&#8221;<\/em><\/p>\n<figure class=\"RTImage-root\">\n<div class=\"RTImage-image RTImage-original\"><picture class=\"Picture-root Picture-original\"><!--[if IE 9]><video style=\"display: none;\"><![endif]--><source media=\"(-webkit-min-device-pixel-ratio: 2) and (min-resolution: 120dpi)\" data-srcset=\" \nhttp:\/\/just-now.news\/de\/wp-content\/uploads\/sites\/3\/2023\/10\/653e943f48fbef30742844b1.jpg 850w,\n                http:\/\/just-now.news\/de\/wp-content\/uploads\/sites\/3\/2023\/10\/653e943f48fbef30742844b1.jpg 1960w,\n            \" ><source data-srcset=\" \nhttp:\/\/just-now.news\/de\/wp-content\/uploads\/sites\/3\/2023\/10\/653e943f48fbef30742844b1.jpg 460w,\n              http:\/\/just-now.news\/de\/wp-content\/uploads\/sites\/3\/2023\/10\/653e943f48fbef30742844b1.jpg 980w,\n            \" ><!--[if IE 9]><\/video><![endif]--><img decoding=\"async\" data- src=\"data:image\/png;base64,iVBORw0KGgoAAAANSUhEUgAAABAAAAAJCAQAAACRI2S5AAAAEElEQVR42mNkIAAYRxWAAQAG9gAKqv6+AwAAAABJRU5ErkJggg==\" class=\"Picture-root Picture-original lazyload\" data-src=\"http:\/\/just-now.news\/de\/wp-content\/uploads\/sites\/3\/2023\/10\/653e943f48fbef30742844b1.jpg\" alt=\"\"><\/source><\/source><\/picture><!-- noscript pattern --><noscript><img decoding=\"async\" src=\"http:\/\/just-now.news\/de\/wp-content\/uploads\/sites\/3\/2023\/10\/653e943f48fbef30742844b1.jpg\" alt=\"\"><\/noscript><\/div><figcaption class=\"RTImage-footer\"><span class=\"RTImage-caption\"><span class=\"RTImage-captionItem\">Banner mit der Aufschrift &#8220;Meloni ist Komplizin eines Genozids&#8221; w\u00e4hrend der  Pal\u00e4stina-Solidarit\u00e4tsdemonstration in Rom (28 Oktober 2023)<\/span><\/span><span class=\"RTImage-source\"><span class=\"RTImage-captionItem\">Felicitas Rabe<\/span><\/span><\/figcaption><\/figure>\n<p>Jahrelang habe der israelische Kolonialismus versucht, die Aufmerksamkeit auf Pal\u00e4stina zu minimieren, um die ethnische S\u00e4uberung ungest\u00f6rt fortsetzen zu k\u00f6nnen. Die Verhaftungen unter den Pal\u00e4stinensern im Jahr 1948, die Pogrome in Huwara und jetzt das Massaker in Gaza seien Verbrechen, die von 1948 bis heute andauerten. Die internationale Gemeinschaft und auch Italien seien durch ihre Unterst\u00fctzung Israels nicht nur moralisch, sondern\u00a0ebenfalls\u00a0materiell f\u00fcr die Kriegsverbrechen verantwortlich, die der Zionismus seit 75 Jahren aus\u00fcbe.<\/p>\n<p>Neben der Kritik an der israelischen Politik und der\u00a0wiederkehrenden israelischen Angriffe auf Gaza kritisierten die Demonstranten auch die Unterst\u00fctzungspolitik der Meloni-Regierung f\u00fcr Israel. Zudem missbilligen sie den US-NATO-gef\u00fchrten Krieg gegen Russland und ganz grunds\u00e4tzlich die imperialistische US-Politik.<\/p>\n<figure class=\"RTImage-root\">\n<div class=\"RTImage-image RTImage-original\"><picture class=\"Picture-root Picture-original\"><!--[if IE 9]><video style=\"display: none;\"><![endif]--><source media=\"(-webkit-min-device-pixel-ratio: 2) and (min-resolution: 120dpi)\" data-srcset=\" \nhttp:\/\/just-now.news\/de\/wp-content\/uploads\/sites\/3\/2023\/10\/653e940448fbef31ab375155.jpg 850w,\n                http:\/\/just-now.news\/de\/wp-content\/uploads\/sites\/3\/2023\/10\/653e940448fbef31ab375155.jpg 1960w,\n            \" ><source data-srcset=\" \nhttp:\/\/just-now.news\/de\/wp-content\/uploads\/sites\/3\/2023\/10\/653e940448fbef31ab375155.jpg 460w,\n              http:\/\/just-now.news\/de\/wp-content\/uploads\/sites\/3\/2023\/10\/653e940448fbef31ab375155.jpg 980w,\n            \" ><!--[if IE 9]><\/video><![endif]--><img decoding=\"async\" data- src=\"data:image\/png;base64,iVBORw0KGgoAAAANSUhEUgAAABAAAAAJCAQAAACRI2S5AAAAEElEQVR42mNkIAAYRxWAAQAG9gAKqv6+AwAAAABJRU5ErkJggg==\" class=\"Picture-root Picture-original lazyload\" data-src=\"http:\/\/just-now.news\/de\/wp-content\/uploads\/sites\/3\/2023\/10\/653e940448fbef31ab375155.jpg\" alt=\"\"><\/source><\/source><\/picture><!-- noscript pattern --><noscript><img decoding=\"async\" src=\"http:\/\/just-now.news\/de\/wp-content\/uploads\/sites\/3\/2023\/10\/653e940448fbef31ab375155.jpg\" alt=\"\"><\/noscript><\/div><figcaption class=\"RTImage-footer\"><span class=\"RTImage-caption\"><\/span><span class=\"RTImage-source\"><span class=\"RTImage-captionItem\">Felicitas Rabe<\/span><\/span><\/figcaption><\/figure>\n<p><strong>Mehr zum Thema &#8211;<\/strong>\u00a0<a rel=\"nofollow noopener\" target=\"_blank\" href=\"https:\/\/odysee.com\/@RTDE:e\/Massenkundgebung-in-Rom---Wir-waren-nie-gegen-Juden,-wir-sind-gegen-Zionisten-:6\">Massenkundgebung in Rom: &#8220;Wir waren nie gegen Juden, wir sind gegen Zionisten&#8221;<\/a><\/p>\n<div class=\"EmbedBlock-root EmbedBlock-externalVideo EmbedBlock-odysee\">\n<div class=\"VkEmbed\"><iframe class=\"lazyload\" data-src=\"https:\/\/odysee.com\/%24\/embed\/%40RTDE%3Ae%2FMassenkundgebung-in-Rom---Wir-waren-nie-gegen-Juden%2C-wir-sind-gegen-Zionisten-%3A6\" frameborder=\"0\" width=\"853\" height=\"480\" allowfullscreen><\/iframe><\/div>\n<\/div>\n<\/div>\n<p><br \/>\n<br \/><a href=\"https:\/\/de.rt.com\/europa\/185317-grossdemonstration-in-rom-fuer-anti\/\">Source link <\/a><\/p>\n","protected":false},"excerpt":{"rendered":"<p>Unter dem Motto &#8220;Landesweite Demonstration f\u00fcr Pal\u00e4stina in Rom \u2013 F\u00fcr den antikolonialen Befreiungskampf&#8221; beteiligten sich am Samstag in Rom rund 20.000 Menschen an einer Solidarit\u00e4tsdemonstration f\u00fcr Pal\u00e4stina. Von Felicitas Rabe Am Samstag fand in Rom eine Solidarit\u00e4tsdemonstration f\u00fcr Pal\u00e4stina mit rund 20.000 Teilnehmern statt. Unter dem Motto &#8220;Landesweite Demonstration f\u00fcr Pal\u00e4stina in Rom \u2013 [&hellip;]<\/p>\n","protected":false},"author":3,"featured_media":48915,"comment_status":"open","ping_status":"open","sticky":false,"template":"","format":"standard","meta":{"_yoast_indexnow_last_ping":["1698611061"],"wp_automatic_camp":["217"],"87c260a56d5bc8d91dfc890558c8aaba":["Gro\u00dfdemonstration in Rom f\u00fcr den &quot;antikolonialen Befreiungskampf&quot; in Pal\u00e4stina"],"original_link":["https:\/\/de.rt.com\/europa\/185317-grossdemonstration-in-rom-fuer-anti\/"],"_thumbnail_id":["48915"],"_wptgpro_p2tg_sent2tg":["a:1:{i:23737;s:19:\"2023-10-29 22:25:33\";}"],"jnews_social_counter_last_update":["1777217221"]},"categories":[19,23],"tags":[50206,48,221,49633,38071,50205,41085],"yoast_head":"<!-- This site is optimized with the Yoast SEO Premium plugin v22.7 (Yoast SEO v22.7) - https:\/\/yoast.com\/wordpress\/plugins\/seo\/ -->\n<title>Gro\u00dfdemonstration in Rom f\u00fcr den &quot;antikolonialen Befreiungskampf&quot; in Pal\u00e4stina - just-now.NEWS Deutschland<\/title>\n<meta name=\"robots\" content=\"index, follow, max-snippet:-1, max-image-preview:large, max-video-preview:-1\" \/>\n<link rel=\"canonical\" href=\"https:\/\/now-news.de\/de\/deutschland\/grossdemonstration-in-rom-fuer-den-antikolonialen-befreiungskampf-in-palaestina\/\" \/>\n<meta property=\"og:locale\" content=\"de_DE\" \/>\n<meta property=\"og:type\" content=\"article\" \/>\n<meta property=\"og:title\" content=\"Gro\u00dfdemonstration in Rom f\u00fcr den &quot;antikolonialen Befreiungskampf&quot; in Pal\u00e4stina\" \/>\n<meta property=\"og:description\" content=\"Unter dem Motto &#8220;Landesweite Demonstration f\u00fcr Pal\u00e4stina in Rom \u2013 F\u00fcr den antikolonialen Befreiungskampf&#8221; beteiligten sich am Samstag in Rom rund 20.000 Menschen an einer Solidarit\u00e4tsdemonstration f\u00fcr Pal\u00e4stina. Von Felicitas Rabe Am Samstag fand in Rom eine Solidarit\u00e4tsdemonstration f\u00fcr Pal\u00e4stina mit rund 20.000 Teilnehmern statt. Unter dem Motto &#8220;Landesweite Demonstration f\u00fcr Pal\u00e4stina in Rom \u2013 [&hellip;]\" \/>\n<meta property=\"og:url\" content=\"https:\/\/now-news.de\/de\/deutschland\/grossdemonstration-in-rom-fuer-den-antikolonialen-befreiungskampf-in-palaestina\/\" \/>\n<meta property=\"og:site_name\" content=\"just-now.NEWS Deutschland\" \/>\n<meta property=\"article:publisher\" content=\"https:\/\/www.facebook.com\/wirmachenauf\" \/>\n<meta property=\"article:published_time\" content=\"2023-10-29T20:19:00+00:00\" \/>\n<meta property=\"og:image\" content=\"https:\/\/now-news.de\/de\/wp-content\/uploads\/sites\/3\/2023\/10\/Grossdemonstration-in-Rom-fuer-den-quotantikolonialen-Befreiungskampfquot-in-Palaestina.jpg\" \/>\n\t<meta property=\"og:image:width\" content=\"1280\" \/>\n\t<meta property=\"og:image:height\" content=\"960\" \/>\n\t<meta property=\"og:image:type\" content=\"image\/jpeg\" \/>\n<meta name=\"author\" content=\"rtnews\" \/>\n<meta name=\"twitter:card\" content=\"summary_large_image\" \/>\n<meta name=\"twitter:creator\" content=\"@WirMachenAuf_de\" \/>\n<meta name=\"twitter:site\" content=\"@WirMachenAuf_de\" \/>\n<meta name=\"twitter:label1\" content=\"Verfasst von\" \/>\n\t<meta name=\"twitter:data1\" content=\"rtnews\" \/>\n\t<meta name=\"twitter:label2\" content=\"Gesch\u00e4tzte Lesezeit\" \/>\n\t<meta name=\"twitter:data2\" content=\"3\u00a0Minuten\" \/>\n<script type=\"application\/ld+json\" class=\"yoast-schema-graph\">{\"@context\":\"https:\/\/schema.org\",\"@graph\":[{\"@type\":\"Article\",\"@id\":\"https:\/\/now-news.de\/de\/deutschland\/grossdemonstration-in-rom-fuer-den-antikolonialen-befreiungskampf-in-palaestina\/#article\",\"isPartOf\":{\"@id\":\"https:\/\/now-news.de\/de\/deutschland\/grossdemonstration-in-rom-fuer-den-antikolonialen-befreiungskampf-in-palaestina\/\"},\"author\":{\"name\":\"rtnews\",\"@id\":\"https:\/\/now-news.de\/de\/#\/schema\/person\/fb534a4e865501d8b3285208df34a9b5\"},\"headline\":\"Gro\u00dfdemonstration in Rom f\u00fcr den &quot;antikolonialen Befreiungskampf&quot; in Pal\u00e4stina\",\"datePublished\":\"2023-10-29T20:19:00+00:00\",\"dateModified\":\"2023-10-29T20:19:00+00:00\",\"mainEntityOfPage\":{\"@id\":\"https:\/\/now-news.de\/de\/deutschland\/grossdemonstration-in-rom-fuer-den-antikolonialen-befreiungskampf-in-palaestina\/\"},\"wordCount\":622,\"commentCount\":0,\"publisher\":{\"@id\":\"https:\/\/now-news.de\/de\/#organization\"},\"image\":{\"@id\":\"https:\/\/now-news.de\/de\/deutschland\/grossdemonstration-in-rom-fuer-den-antikolonialen-befreiungskampf-in-palaestina\/#primaryimage\"},\"thumbnailUrl\":\"https:\/\/now-news.de\/de\/wp-content\/uploads\/sites\/3\/2023\/10\/Grossdemonstration-in-Rom-fuer-den-quotantikolonialen-Befreiungskampfquot-in-Palaestina.jpg\",\"keywords\":[\"Befreiungskampfquot\",\"den\",\"f\u00fcr\",\"Gro\u00dfdemonstration\",\"Pal\u00e4stina\",\"quotantikolonialen\",\"Rom\"],\"articleSection\":[\"Deutschland\",\"Russland\"],\"inLanguage\":\"de\",\"potentialAction\":[{\"@type\":\"CommentAction\",\"name\":\"Comment\",\"target\":[\"https:\/\/now-news.de\/de\/deutschland\/grossdemonstration-in-rom-fuer-den-antikolonialen-befreiungskampf-in-palaestina\/#respond\"]}]},{\"@type\":\"WebPage\",\"@id\":\"https:\/\/now-news.de\/de\/deutschland\/grossdemonstration-in-rom-fuer-den-antikolonialen-befreiungskampf-in-palaestina\/\",\"url\":\"https:\/\/now-news.de\/de\/deutschland\/grossdemonstration-in-rom-fuer-den-antikolonialen-befreiungskampf-in-palaestina\/\",\"name\":\"Gro\u00dfdemonstration in Rom f\u00fcr den &quot;antikolonialen Befreiungskampf&quot; in Pal\u00e4stina - just-now.NEWS Deutschland\",\"isPartOf\":{\"@id\":\"https:\/\/now-news.de\/de\/#website\"},\"primaryImageOfPage\":{\"@id\":\"https:\/\/now-news.de\/de\/deutschland\/grossdemonstration-in-rom-fuer-den-antikolonialen-befreiungskampf-in-palaestina\/#primaryimage\"},\"image\":{\"@id\":\"https:\/\/now-news.de\/de\/deutschland\/grossdemonstration-in-rom-fuer-den-antikolonialen-befreiungskampf-in-palaestina\/#primaryimage\"},\"thumbnailUrl\":\"https:\/\/now-news.de\/de\/wp-content\/uploads\/sites\/3\/2023\/10\/Grossdemonstration-in-Rom-fuer-den-quotantikolonialen-Befreiungskampfquot-in-Palaestina.jpg\",\"datePublished\":\"2023-10-29T20:19:00+00:00\",\"dateModified\":\"2023-10-29T20:19:00+00:00\",\"breadcrumb\":{\"@id\":\"https:\/\/now-news.de\/de\/deutschland\/grossdemonstration-in-rom-fuer-den-antikolonialen-befreiungskampf-in-palaestina\/#breadcrumb\"},\"inLanguage\":\"de\",\"potentialAction\":[{\"@type\":\"ReadAction\",\"target\":[\"https:\/\/now-news.de\/de\/deutschland\/grossdemonstration-in-rom-fuer-den-antikolonialen-befreiungskampf-in-palaestina\/\"]}]},{\"@type\":\"ImageObject\",\"inLanguage\":\"de\",\"@id\":\"https:\/\/now-news.de\/de\/deutschland\/grossdemonstration-in-rom-fuer-den-antikolonialen-befreiungskampf-in-palaestina\/#primaryimage\",\"url\":\"https:\/\/now-news.de\/de\/wp-content\/uploads\/sites\/3\/2023\/10\/Grossdemonstration-in-Rom-fuer-den-quotantikolonialen-Befreiungskampfquot-in-Palaestina.jpg\",\"contentUrl\":\"https:\/\/now-news.de\/de\/wp-content\/uploads\/sites\/3\/2023\/10\/Grossdemonstration-in-Rom-fuer-den-quotantikolonialen-Befreiungskampfquot-in-Palaestina.jpg\",\"width\":1280,\"height\":960,\"caption\":\"Gro\u00dfdemonstration in Rom f\u00fcr den &quot;antikolonialen Befreiungskampf&quot; in Pal\u00e4stina\"},{\"@type\":\"BreadcrumbList\",\"@id\":\"https:\/\/now-news.de\/de\/deutschland\/grossdemonstration-in-rom-fuer-den-antikolonialen-befreiungskampf-in-palaestina\/#breadcrumb\",\"itemListElement\":[{\"@type\":\"ListItem\",\"position\":1,\"name\":\"Home\",\"item\":\"https:\/\/now-news.de\/de\/\"},{\"@type\":\"ListItem\",\"position\":2,\"name\":\"Gro\u00dfdemonstration in Rom f\u00fcr den &quot;antikolonialen Befreiungskampf&quot; in Pal\u00e4stina\"}]},{\"@type\":\"WebSite\",\"@id\":\"https:\/\/now-news.de\/de\/#website\",\"url\":\"https:\/\/now-news.de\/de\/\",\"name\":\"just-now.NEWS Deutschland\",\"description\":\"Das Portal f\u00fcr unzensierte Nachrichten aus der Welt\",\"publisher\":{\"@id\":\"https:\/\/now-news.de\/de\/#organization\"},\"potentialAction\":[{\"@type\":\"SearchAction\",\"target\":{\"@type\":\"EntryPoint\",\"urlTemplate\":\"https:\/\/now-news.de\/de\/?s={search_term_string}\"},\"query-input\":\"required name=search_term_string\"}],\"inLanguage\":\"de\"},{\"@type\":\"Organization\",\"@id\":\"https:\/\/now-news.de\/de\/#organization\",\"name\":\"Just Now News\",\"url\":\"https:\/\/now-news.de\/de\/\",\"logo\":{\"@type\":\"ImageObject\",\"inLanguage\":\"de\",\"@id\":\"https:\/\/now-news.de\/de\/#\/schema\/logo\/image\/\",\"url\":\"http:\/\/just-now.news\/de\/wp-content\/uploads\/sites\/3\/2022\/04\/logo500x500.jpg\",\"contentUrl\":\"http:\/\/just-now.news\/de\/wp-content\/uploads\/sites\/3\/2022\/04\/logo500x500.jpg\",\"width\":500,\"height\":500,\"caption\":\"Just Now News\"},\"image\":{\"@id\":\"https:\/\/now-news.de\/de\/#\/schema\/logo\/image\/\"},\"sameAs\":[\"https:\/\/www.facebook.com\/wirmachenauf\",\"https:\/\/x.com\/WirMachenAuf_de\"]},{\"@type\":\"Person\",\"@id\":\"https:\/\/now-news.de\/de\/#\/schema\/person\/fb534a4e865501d8b3285208df34a9b5\",\"name\":\"rtnews\",\"image\":{\"@type\":\"ImageObject\",\"inLanguage\":\"de\",\"@id\":\"https:\/\/now-news.de\/de\/#\/schema\/person\/image\/\",\"url\":\"https:\/\/secure.gravatar.com\/avatar\/82aafea7d8127119dd649515f56e2117?s=96&d=mm&r=g\",\"contentUrl\":\"https:\/\/secure.gravatar.com\/avatar\/82aafea7d8127119dd649515f56e2117?s=96&d=mm&r=g\",\"caption\":\"rtnews\"},\"url\":\"https:\/\/now-news.de\/de\/author\/rnews\/\"}]}<\/script>\n<!-- \/ Yoast SEO Premium plugin. -->","yoast_head_json":{"title":"Gro\u00dfdemonstration in Rom f\u00fcr den &quot;antikolonialen Befreiungskampf&quot; in Pal\u00e4stina - just-now.NEWS Deutschland","robots":{"index":"index","follow":"follow","max-snippet":"max-snippet:-1","max-image-preview":"max-image-preview:large","max-video-preview":"max-video-preview:-1"},"canonical":"https:\/\/now-news.de\/de\/deutschland\/grossdemonstration-in-rom-fuer-den-antikolonialen-befreiungskampf-in-palaestina\/","og_locale":"de_DE","og_type":"article","og_title":"Gro\u00dfdemonstration in Rom f\u00fcr den &quot;antikolonialen Befreiungskampf&quot; in Pal\u00e4stina","og_description":"Unter dem Motto &#8220;Landesweite Demonstration f\u00fcr Pal\u00e4stina in Rom \u2013 F\u00fcr den antikolonialen Befreiungskampf&#8221; beteiligten sich am Samstag in Rom rund 20.000 Menschen an einer Solidarit\u00e4tsdemonstration f\u00fcr Pal\u00e4stina. Von Felicitas Rabe Am Samstag fand in Rom eine Solidarit\u00e4tsdemonstration f\u00fcr Pal\u00e4stina mit rund 20.000 Teilnehmern statt. Unter dem Motto &#8220;Landesweite Demonstration f\u00fcr Pal\u00e4stina in Rom \u2013 [&hellip;]","og_url":"https:\/\/now-news.de\/de\/deutschland\/grossdemonstration-in-rom-fuer-den-antikolonialen-befreiungskampf-in-palaestina\/","og_site_name":"just-now.NEWS Deutschland","article_publisher":"https:\/\/www.facebook.com\/wirmachenauf","article_published_time":"2023-10-29T20:19:00+00:00","og_image":[{"width":1280,"height":960,"url":"https:\/\/now-news.de\/de\/wp-content\/uploads\/sites\/3\/2023\/10\/Grossdemonstration-in-Rom-fuer-den-quotantikolonialen-Befreiungskampfquot-in-Palaestina.jpg","type":"image\/jpeg"}],"author":"rtnews","twitter_card":"summary_large_image","twitter_creator":"@WirMachenAuf_de","twitter_site":"@WirMachenAuf_de","twitter_misc":{"Verfasst von":"rtnews","Gesch\u00e4tzte Lesezeit":"3\u00a0Minuten"},"schema":{"@context":"https:\/\/schema.org","@graph":[{"@type":"Article","@id":"https:\/\/now-news.de\/de\/deutschland\/grossdemonstration-in-rom-fuer-den-antikolonialen-befreiungskampf-in-palaestina\/#article","isPartOf":{"@id":"https:\/\/now-news.de\/de\/deutschland\/grossdemonstration-in-rom-fuer-den-antikolonialen-befreiungskampf-in-palaestina\/"},"author":{"name":"rtnews","@id":"https:\/\/now-news.de\/de\/#\/schema\/person\/fb534a4e865501d8b3285208df34a9b5"},"headline":"Gro\u00dfdemonstration in Rom f\u00fcr den &quot;antikolonialen Befreiungskampf&quot; in Pal\u00e4stina","datePublished":"2023-10-29T20:19:00+00:00","dateModified":"2023-10-29T20:19:00+00:00","mainEntityOfPage":{"@id":"https:\/\/now-news.de\/de\/deutschland\/grossdemonstration-in-rom-fuer-den-antikolonialen-befreiungskampf-in-palaestina\/"},"wordCount":622,"commentCount":0,"publisher":{"@id":"https:\/\/now-news.de\/de\/#organization"},"image":{"@id":"https:\/\/now-news.de\/de\/deutschland\/grossdemonstration-in-rom-fuer-den-antikolonialen-befreiungskampf-in-palaestina\/#primaryimage"},"thumbnailUrl":"https:\/\/now-news.de\/de\/wp-content\/uploads\/sites\/3\/2023\/10\/Grossdemonstration-in-Rom-fuer-den-quotantikolonialen-Befreiungskampfquot-in-Palaestina.jpg","keywords":["Befreiungskampfquot","den","f\u00fcr","Gro\u00dfdemonstration","Pal\u00e4stina","quotantikolonialen","Rom"],"articleSection":["Deutschland","Russland"],"inLanguage":"de","potentialAction":[{"@type":"CommentAction","name":"Comment","target":["https:\/\/now-news.de\/de\/deutschland\/grossdemonstration-in-rom-fuer-den-antikolonialen-befreiungskampf-in-palaestina\/#respond"]}]},{"@type":"WebPage","@id":"https:\/\/now-news.de\/de\/deutschland\/grossdemonstration-in-rom-fuer-den-antikolonialen-befreiungskampf-in-palaestina\/","url":"https:\/\/now-news.de\/de\/deutschland\/grossdemonstration-in-rom-fuer-den-antikolonialen-befreiungskampf-in-palaestina\/","name":"Gro\u00dfdemonstration in Rom f\u00fcr den &quot;antikolonialen Befreiungskampf&quot; in Pal\u00e4stina - just-now.NEWS Deutschland","isPartOf":{"@id":"https:\/\/now-news.de\/de\/#website"},"primaryImageOfPage":{"@id":"https:\/\/now-news.de\/de\/deutschland\/grossdemonstration-in-rom-fuer-den-antikolonialen-befreiungskampf-in-palaestina\/#primaryimage"},"image":{"@id":"https:\/\/now-news.de\/de\/deutschland\/grossdemonstration-in-rom-fuer-den-antikolonialen-befreiungskampf-in-palaestina\/#primaryimage"},"thumbnailUrl":"https:\/\/now-news.de\/de\/wp-content\/uploads\/sites\/3\/2023\/10\/Grossdemonstration-in-Rom-fuer-den-quotantikolonialen-Befreiungskampfquot-in-Palaestina.jpg","datePublished":"2023-10-29T20:19:00+00:00","dateModified":"2023-10-29T20:19:00+00:00","breadcrumb":{"@id":"https:\/\/now-news.de\/de\/deutschland\/grossdemonstration-in-rom-fuer-den-antikolonialen-befreiungskampf-in-palaestina\/#breadcrumb"},"inLanguage":"de","potentialAction":[{"@type":"ReadAction","target":["https:\/\/now-news.de\/de\/deutschland\/grossdemonstration-in-rom-fuer-den-antikolonialen-befreiungskampf-in-palaestina\/"]}]},{"@type":"ImageObject","inLanguage":"de","@id":"https:\/\/now-news.de\/de\/deutschland\/grossdemonstration-in-rom-fuer-den-antikolonialen-befreiungskampf-in-palaestina\/#primaryimage","url":"https:\/\/now-news.de\/de\/wp-content\/uploads\/sites\/3\/2023\/10\/Grossdemonstration-in-Rom-fuer-den-quotantikolonialen-Befreiungskampfquot-in-Palaestina.jpg","contentUrl":"https:\/\/now-news.de\/de\/wp-content\/uploads\/sites\/3\/2023\/10\/Grossdemonstration-in-Rom-fuer-den-quotantikolonialen-Befreiungskampfquot-in-Palaestina.jpg","width":1280,"height":960,"caption":"Gro\u00dfdemonstration in Rom f\u00fcr den &quot;antikolonialen Befreiungskampf&quot; in Pal\u00e4stina"},{"@type":"BreadcrumbList","@id":"https:\/\/now-news.de\/de\/deutschland\/grossdemonstration-in-rom-fuer-den-antikolonialen-befreiungskampf-in-palaestina\/#breadcrumb","itemListElement":[{"@type":"ListItem","position":1,"name":"Home","item":"https:\/\/now-news.de\/de\/"},{"@type":"ListItem","position":2,"name":"Gro\u00dfdemonstration in Rom f\u00fcr den &quot;antikolonialen Befreiungskampf&quot; in Pal\u00e4stina"}]},{"@type":"WebSite","@id":"https:\/\/now-news.de\/de\/#website","url":"https:\/\/now-news.de\/de\/","name":"just-now.NEWS Deutschland","description":"Das Portal f\u00fcr unzensierte Nachrichten aus der Welt","publisher":{"@id":"https:\/\/now-news.de\/de\/#organization"},"potentialAction":[{"@type":"SearchAction","target":{"@type":"EntryPoint","urlTemplate":"https:\/\/now-news.de\/de\/?s={search_term_string}"},"query-input":"required name=search_term_string"}],"inLanguage":"de"},{"@type":"Organization","@id":"https:\/\/now-news.de\/de\/#organization","name":"Just Now News","url":"https:\/\/now-news.de\/de\/","logo":{"@type":"ImageObject","inLanguage":"de","@id":"https:\/\/now-news.de\/de\/#\/schema\/logo\/image\/","url":"http:\/\/just-now.news\/de\/wp-content\/uploads\/sites\/3\/2022\/04\/logo500x500.jpg","contentUrl":"http:\/\/just-now.news\/de\/wp-content\/uploads\/sites\/3\/2022\/04\/logo500x500.jpg","width":500,"height":500,"caption":"Just Now News"},"image":{"@id":"https:\/\/now-news.de\/de\/#\/schema\/logo\/image\/"},"sameAs":["https:\/\/www.facebook.com\/wirmachenauf","https:\/\/x.com\/WirMachenAuf_de"]},{"@type":"Person","@id":"https:\/\/now-news.de\/de\/#\/schema\/person\/fb534a4e865501d8b3285208df34a9b5","name":"rtnews","image":{"@type":"ImageObject","inLanguage":"de","@id":"https:\/\/now-news.de\/de\/#\/schema\/person\/image\/","url":"https:\/\/secure.gravatar.com\/avatar\/82aafea7d8127119dd649515f56e2117?s=96&d=mm&r=g","contentUrl":"https:\/\/secure.gravatar.com\/avatar\/82aafea7d8127119dd649515f56e2117?s=96&d=mm&r=g","caption":"rtnews"},"url":"https:\/\/now-news.de\/de\/author\/rnews\/"}]}},"_links":{"self":[{"href":"https:\/\/now-news.de\/de\/wp-json\/wp\/v2\/posts\/48914"}],"collection":[{"href":"https:\/\/now-news.de\/de\/wp-json\/wp\/v2\/posts"}],"about":[{"href":"https:\/\/now-news.de\/de\/wp-json\/wp\/v2\/types\/post"}],"author":[{"embeddable":true,"href":"https:\/\/now-news.de\/de\/wp-json\/wp\/v2\/users\/3"}],"replies":[{"embeddable":true,"href":"https:\/\/now-news.de\/de\/wp-json\/wp\/v2\/comments?post=48914"}],"version-history":[{"count":0,"href":"https:\/\/now-news.de\/de\/wp-json\/wp\/v2\/posts\/48914\/revisions"}],"wp:featuredmedia":[{"embeddable":true,"href":"https:\/\/now-news.de\/de\/wp-json\/wp\/v2\/media\/48915"}],"wp:attachment":[{"href":"https:\/\/now-news.de\/de\/wp-json\/wp\/v2\/media?parent=48914"}],"wp:term":[{"taxonomy":"category","embeddable":true,"href":"https:\/\/now-news.de\/de\/wp-json\/wp\/v2\/categories?post=48914"},{"taxonomy":"post_tag","embeddable":true,"href":"https:\/\/now-news.de\/de\/wp-json\/wp\/v2\/tags?post=48914"}],"curies":[{"name":"wp","href":"https:\/\/api.w.org\/{rel}","templated":true}]}}