{"id":48821,"date":"2023-10-27T19:32:02","date_gmt":"2023-10-27T17:32:02","guid":{"rendered":"https:\/\/just-now.news\/de\/deutschland\/podoljaka-oberst-nebel-als-russlands-neuer-verbuendeter-im-kampf-um-awdejewka\/"},"modified":"2023-10-27T19:32:02","modified_gmt":"2023-10-27T17:32:02","slug":"podoljaka-oberst-nebel-als-russlands-neuer-verbuendeter-im-kampf-um-awdejewka","status":"publish","type":"post","link":"https:\/\/now-news.de\/de\/deutschland\/podoljaka-oberst-nebel-als-russlands-neuer-verbuendeter-im-kampf-um-awdejewka\/","title":{"rendered":"Podoljaka: &quot;Oberst Nebel&quot; als Russlands neuer Verb\u00fcndeter im Kampf um Awdejewka"},"content":{"rendered":"<p><img decoding=\"async\" src=\"http:\/\/just-now.news\/de\/wp-content\/uploads\/sites\/3\/2023\/10\/653bd77548fbef3222083c97.jpg\" \/><\/p>\n<div class=\"Text-root Text-type_1 \">\n                Russische Einheiten r\u00fccken vor \u2013 auch bei Awdejewka im Frontabschnitt Donbass. Dabei kam ihnen nun offenbar das Wetter zu Hilfe. Bei dichtem Nebel gelang ihnen nun ein Vormarsch von anderthalb Kilometern. Das und mehr erkl\u00e4rt Juri Podoljaka in seiner neuesten Analyse.\n            <\/div>\n<p><\/p>\n<div class=\"Text-root Text-type_5 ArticleView-text ViewText-root \">\n<p>Russlands Milit\u00e4r wird seit Jahrhunderten vorgeworfen, es sei nur dann effektiv, wenn es gewohntes Wetter auf seiner Seite habe. &#8220;General Winter&#8221; wird in diesem Zusammenhang mit Vorliebe erw\u00e4hnt. Im Ukraine-Krieg kam bereits die &#8220;Schildmaid Schlamm&#8221; hinzu (sie k\u00f6nnte sich \u00fcbrigens bald ebenfalls zu Wort melden) \u2013 doch vorerst k\u00f6nnte man glatt erwarten, dass im Namen von Kiews Milit\u00e4r eine neue Ausrede f\u00fcr dessen Versagen erfunden wird: Sie k\u00f6nnte sich &#8220;Oberst Nebel&#8221; oder so \u00e4hnlich schimpfen.<\/p>\n<\/p>\n<p>Ja, sagen Sie doch einmal selbst, womit l\u00e4sst sich sonst erkl\u00e4ren, dass die russischen Einheiten bei Awdejewka am Frontabschnitt Donbass einen sehr dichten Nebelfall zum Vorr\u00fccken um eineinhalb Kilometer sowie zur Befestigung j\u00fcngst eroberter Stellungen ausnutzen konnte \u2013 w\u00e4hrend ukrainischen Truppen \u00e4hnlich dichter Nebel westlich von Rabotino am Frontabschnitt Saporoschje bei ihrer Offensivaktion einen wesentlich geringeren Erfolg bescherte?<\/p>\n<p>Sehen und h\u00f6ren Sie mehr in der Analyse der Frontlage im Ukraine-Krieg zum 27. Oktober 2023 von Juri Podoljaka.<\/p>\n<p>Juri Podoljaka ist ein ukrainischer politischer Blogger und Journalist aus Sumy, dessen Einsichten im Zeitraum um den Beginn der Intervention in den russischen Medien zunehmend gefragter wurden. Seine Analyseausgaben warten mit nur wenigen Zahlen auf, daf\u00fcr vermittelt er anhand von Karten aber ein gutes Verst\u00e4ndnis vom r\u00e4umlichen Umfang der jeweiligen Entwicklungen und bietet dann und wann kurzfristige Prognosen.<\/p>\n<p>An Quellen bem\u00fcht Podoljaka einerseits offen zug\u00e4ngliche Daten. Dies sind Meldungen von Augenzeugen in den sozialen Medien sowie Meldungen des russischen, aber auch des ukrainischen Verteidigungsministeriums. Andererseits gibt er Insiderquellen an. Neben solchen in den Volksmilizen und Sicherheitsorganen der russischen Volksrepubliken Donezk und Lugansk seien dies solche in den ukrainischen Sicherheits- und Regierungsbeh\u00f6rden, die er aufgrund alter Beziehungen aus der Zeit als ukrainischer Journalist noch zu unterhalten erkl\u00e4rt. Um es mit dem aktuellen Jargon der Aufkl\u00e4rungsdienste auszudr\u00fccken, ist Juri Podoljaka also vornehmlich ein OSINT-Analyst.<\/p>\n<p><strong>Mehr zum Thema<\/strong> &#8211; <a rel=\"nofollow noopener\" target=\"_blank\" href=\"https:\/\/freedert.online\/europa\/184458-podoljaka-ukrainer-geben-erstmals-abschuss\/\">Podoljaka: Ukrainer geben erstmals Abschuss weniger als der H\u00e4lfte der russischen Lenkflugk\u00f6rper zu<\/a><\/p>\n<\/div>\n<p><br \/>\n<br \/><a href=\"https:\/\/de.rt.com\/europa\/185175-podoljaka-oberst-nebel-als-russlands\/\">Source link <\/a><\/p>\n","protected":false},"excerpt":{"rendered":"<p>Russische Einheiten r\u00fccken vor \u2013 auch bei Awdejewka im Frontabschnitt Donbass. Dabei kam ihnen nun offenbar das Wetter zu Hilfe. Bei dichtem Nebel gelang ihnen nun ein Vormarsch von anderthalb Kilometern. Das und mehr erkl\u00e4rt Juri Podoljaka in seiner neuesten Analyse. Russlands Milit\u00e4r wird seit Jahrhunderten vorgeworfen, es sei nur dann effektiv, wenn es gewohntes [&hellip;]<\/p>\n","protected":false},"author":3,"featured_media":48822,"comment_status":"open","ping_status":"open","sticky":false,"template":"","format":"standard","meta":{"_yoast_indexnow_last_ping":["1698428234"],"wp_automatic_camp":["217"],"d7c1a1efecd002621cc56f341ecfdd92":["Podoljaka: &quot;Oberst Nebel&quot; als Russlands neuer Verb\u00fcndeter im Kampf um Awdejewka"],"original_link":["https:\/\/de.rt.com\/europa\/185175-podoljaka-oberst-nebel-als-russlands\/"],"_thumbnail_id":["48822"],"jnews_social_counter_last_update":["1777242614"],"_wptgpro_p2tg_sent2tg":["a:1:{i:23737;s:19:\"2023-10-27 19:38:17\";}"]},"categories":[19,23],"tags":[273,30951,5522,50144,956,34692,50143,142,34313],"yoast_head":"<!-- This site is optimized with the Yoast SEO Premium plugin v22.7 (Yoast SEO v22.7) - https:\/\/yoast.com\/wordpress\/plugins\/seo\/ -->\n<title>Podoljaka: &quot;Oberst Nebel&quot; als Russlands neuer Verb\u00fcndeter im Kampf um Awdejewka - just-now.NEWS Deutschland<\/title>\n<meta name=\"robots\" content=\"index, follow, max-snippet:-1, max-image-preview:large, max-video-preview:-1\" \/>\n<link rel=\"canonical\" href=\"https:\/\/now-news.de\/de\/deutschland\/podoljaka-oberst-nebel-als-russlands-neuer-verbuendeter-im-kampf-um-awdejewka\/\" \/>\n<meta property=\"og:locale\" content=\"de_DE\" \/>\n<meta property=\"og:type\" content=\"article\" \/>\n<meta property=\"og:title\" content=\"Podoljaka: &quot;Oberst Nebel&quot; als Russlands neuer Verb\u00fcndeter im Kampf um Awdejewka\" \/>\n<meta property=\"og:description\" content=\"Russische Einheiten r\u00fccken vor \u2013 auch bei Awdejewka im Frontabschnitt Donbass. Dabei kam ihnen nun offenbar das Wetter zu Hilfe. Bei dichtem Nebel gelang ihnen nun ein Vormarsch von anderthalb Kilometern. Das und mehr erkl\u00e4rt Juri Podoljaka in seiner neuesten Analyse. Russlands Milit\u00e4r wird seit Jahrhunderten vorgeworfen, es sei nur dann effektiv, wenn es gewohntes [&hellip;]\" \/>\n<meta property=\"og:url\" content=\"https:\/\/now-news.de\/de\/deutschland\/podoljaka-oberst-nebel-als-russlands-neuer-verbuendeter-im-kampf-um-awdejewka\/\" \/>\n<meta property=\"og:site_name\" content=\"just-now.NEWS Deutschland\" \/>\n<meta property=\"article:publisher\" content=\"https:\/\/www.facebook.com\/wirmachenauf\" \/>\n<meta property=\"article:published_time\" content=\"2023-10-27T17:32:02+00:00\" \/>\n<meta property=\"og:image\" content=\"https:\/\/now-news.de\/de\/wp-content\/uploads\/sites\/3\/2023\/10\/Podoljaka-quotOberst-Nebelquot-als-Russlands-neuer-Verbuendeter-im-Kampf-um.jpg\" \/>\n\t<meta property=\"og:image:width\" content=\"460\" \/>\n\t<meta property=\"og:image:height\" content=\"259\" \/>\n\t<meta property=\"og:image:type\" content=\"image\/jpeg\" \/>\n<meta name=\"author\" content=\"rtnews\" \/>\n<meta name=\"twitter:card\" content=\"summary_large_image\" \/>\n<meta name=\"twitter:creator\" content=\"@WirMachenAuf_de\" \/>\n<meta name=\"twitter:site\" content=\"@WirMachenAuf_de\" \/>\n<meta name=\"twitter:label1\" content=\"Verfasst von\" \/>\n\t<meta name=\"twitter:data1\" content=\"rtnews\" \/>\n\t<meta name=\"twitter:label2\" content=\"Gesch\u00e4tzte Lesezeit\" \/>\n\t<meta name=\"twitter:data2\" content=\"2\u00a0Minuten\" \/>\n<script type=\"application\/ld+json\" class=\"yoast-schema-graph\">{\"@context\":\"https:\/\/schema.org\",\"@graph\":[{\"@type\":\"Article\",\"@id\":\"https:\/\/now-news.de\/de\/deutschland\/podoljaka-oberst-nebel-als-russlands-neuer-verbuendeter-im-kampf-um-awdejewka\/#article\",\"isPartOf\":{\"@id\":\"https:\/\/now-news.de\/de\/deutschland\/podoljaka-oberst-nebel-als-russlands-neuer-verbuendeter-im-kampf-um-awdejewka\/\"},\"author\":{\"name\":\"rtnews\",\"@id\":\"https:\/\/now-news.de\/de\/#\/schema\/person\/fb534a4e865501d8b3285208df34a9b5\"},\"headline\":\"Podoljaka: &quot;Oberst Nebel&quot; als Russlands neuer Verb\u00fcndeter im Kampf um Awdejewka\",\"datePublished\":\"2023-10-27T17:32:02+00:00\",\"dateModified\":\"2023-10-27T17:32:02+00:00\",\"mainEntityOfPage\":{\"@id\":\"https:\/\/now-news.de\/de\/deutschland\/podoljaka-oberst-nebel-als-russlands-neuer-verbuendeter-im-kampf-um-awdejewka\/\"},\"wordCount\":390,\"commentCount\":0,\"publisher\":{\"@id\":\"https:\/\/now-news.de\/de\/#organization\"},\"image\":{\"@id\":\"https:\/\/now-news.de\/de\/deutschland\/podoljaka-oberst-nebel-als-russlands-neuer-verbuendeter-im-kampf-um-awdejewka\/#primaryimage\"},\"thumbnailUrl\":\"https:\/\/now-news.de\/de\/wp-content\/uploads\/sites\/3\/2023\/10\/Podoljaka-quotOberst-Nebelquot-als-Russlands-neuer-Verbuendeter-im-Kampf-um.jpg\",\"keywords\":[\"als\",\"Awdejewka\",\"Kampf\",\"Nebelquot\",\"Neuer\",\"Podoljaka\",\"quotOberst\",\"Russlands\",\"verb\u00fcndeter\"],\"articleSection\":[\"Deutschland\",\"Russland\"],\"inLanguage\":\"de\",\"potentialAction\":[{\"@type\":\"CommentAction\",\"name\":\"Comment\",\"target\":[\"https:\/\/now-news.de\/de\/deutschland\/podoljaka-oberst-nebel-als-russlands-neuer-verbuendeter-im-kampf-um-awdejewka\/#respond\"]}]},{\"@type\":\"WebPage\",\"@id\":\"https:\/\/now-news.de\/de\/deutschland\/podoljaka-oberst-nebel-als-russlands-neuer-verbuendeter-im-kampf-um-awdejewka\/\",\"url\":\"https:\/\/now-news.de\/de\/deutschland\/podoljaka-oberst-nebel-als-russlands-neuer-verbuendeter-im-kampf-um-awdejewka\/\",\"name\":\"Podoljaka: &quot;Oberst Nebel&quot; als Russlands neuer Verb\u00fcndeter im Kampf um Awdejewka - just-now.NEWS Deutschland\",\"isPartOf\":{\"@id\":\"https:\/\/now-news.de\/de\/#website\"},\"primaryImageOfPage\":{\"@id\":\"https:\/\/now-news.de\/de\/deutschland\/podoljaka-oberst-nebel-als-russlands-neuer-verbuendeter-im-kampf-um-awdejewka\/#primaryimage\"},\"image\":{\"@id\":\"https:\/\/now-news.de\/de\/deutschland\/podoljaka-oberst-nebel-als-russlands-neuer-verbuendeter-im-kampf-um-awdejewka\/#primaryimage\"},\"thumbnailUrl\":\"https:\/\/now-news.de\/de\/wp-content\/uploads\/sites\/3\/2023\/10\/Podoljaka-quotOberst-Nebelquot-als-Russlands-neuer-Verbuendeter-im-Kampf-um.jpg\",\"datePublished\":\"2023-10-27T17:32:02+00:00\",\"dateModified\":\"2023-10-27T17:32:02+00:00\",\"breadcrumb\":{\"@id\":\"https:\/\/now-news.de\/de\/deutschland\/podoljaka-oberst-nebel-als-russlands-neuer-verbuendeter-im-kampf-um-awdejewka\/#breadcrumb\"},\"inLanguage\":\"de\",\"potentialAction\":[{\"@type\":\"ReadAction\",\"target\":[\"https:\/\/now-news.de\/de\/deutschland\/podoljaka-oberst-nebel-als-russlands-neuer-verbuendeter-im-kampf-um-awdejewka\/\"]}]},{\"@type\":\"ImageObject\",\"inLanguage\":\"de\",\"@id\":\"https:\/\/now-news.de\/de\/deutschland\/podoljaka-oberst-nebel-als-russlands-neuer-verbuendeter-im-kampf-um-awdejewka\/#primaryimage\",\"url\":\"https:\/\/now-news.de\/de\/wp-content\/uploads\/sites\/3\/2023\/10\/Podoljaka-quotOberst-Nebelquot-als-Russlands-neuer-Verbuendeter-im-Kampf-um.jpg\",\"contentUrl\":\"https:\/\/now-news.de\/de\/wp-content\/uploads\/sites\/3\/2023\/10\/Podoljaka-quotOberst-Nebelquot-als-Russlands-neuer-Verbuendeter-im-Kampf-um.jpg\",\"width\":460,\"height\":259,\"caption\":\"Podoljaka: &quot;Oberst Nebel&quot; als Russlands neuer Verb\u00fcndeter im Kampf um Awdejewka\"},{\"@type\":\"BreadcrumbList\",\"@id\":\"https:\/\/now-news.de\/de\/deutschland\/podoljaka-oberst-nebel-als-russlands-neuer-verbuendeter-im-kampf-um-awdejewka\/#breadcrumb\",\"itemListElement\":[{\"@type\":\"ListItem\",\"position\":1,\"name\":\"Home\",\"item\":\"https:\/\/now-news.de\/de\/\"},{\"@type\":\"ListItem\",\"position\":2,\"name\":\"Podoljaka: &quot;Oberst Nebel&quot; als Russlands neuer Verb\u00fcndeter im Kampf um Awdejewka\"}]},{\"@type\":\"WebSite\",\"@id\":\"https:\/\/now-news.de\/de\/#website\",\"url\":\"https:\/\/now-news.de\/de\/\",\"name\":\"just-now.NEWS Deutschland\",\"description\":\"Das Portal f\u00fcr unzensierte Nachrichten aus der Welt\",\"publisher\":{\"@id\":\"https:\/\/now-news.de\/de\/#organization\"},\"potentialAction\":[{\"@type\":\"SearchAction\",\"target\":{\"@type\":\"EntryPoint\",\"urlTemplate\":\"https:\/\/now-news.de\/de\/?s={search_term_string}\"},\"query-input\":\"required name=search_term_string\"}],\"inLanguage\":\"de\"},{\"@type\":\"Organization\",\"@id\":\"https:\/\/now-news.de\/de\/#organization\",\"name\":\"Just Now News\",\"url\":\"https:\/\/now-news.de\/de\/\",\"logo\":{\"@type\":\"ImageObject\",\"inLanguage\":\"de\",\"@id\":\"https:\/\/now-news.de\/de\/#\/schema\/logo\/image\/\",\"url\":\"http:\/\/just-now.news\/de\/wp-content\/uploads\/sites\/3\/2022\/04\/logo500x500.jpg\",\"contentUrl\":\"http:\/\/just-now.news\/de\/wp-content\/uploads\/sites\/3\/2022\/04\/logo500x500.jpg\",\"width\":500,\"height\":500,\"caption\":\"Just Now News\"},\"image\":{\"@id\":\"https:\/\/now-news.de\/de\/#\/schema\/logo\/image\/\"},\"sameAs\":[\"https:\/\/www.facebook.com\/wirmachenauf\",\"https:\/\/x.com\/WirMachenAuf_de\"]},{\"@type\":\"Person\",\"@id\":\"https:\/\/now-news.de\/de\/#\/schema\/person\/fb534a4e865501d8b3285208df34a9b5\",\"name\":\"rtnews\",\"image\":{\"@type\":\"ImageObject\",\"inLanguage\":\"de\",\"@id\":\"https:\/\/now-news.de\/de\/#\/schema\/person\/image\/\",\"url\":\"https:\/\/secure.gravatar.com\/avatar\/82aafea7d8127119dd649515f56e2117?s=96&d=mm&r=g\",\"contentUrl\":\"https:\/\/secure.gravatar.com\/avatar\/82aafea7d8127119dd649515f56e2117?s=96&d=mm&r=g\",\"caption\":\"rtnews\"},\"url\":\"https:\/\/now-news.de\/de\/author\/rnews\/\"}]}<\/script>\n<!-- \/ Yoast SEO Premium plugin. -->","yoast_head_json":{"title":"Podoljaka: &quot;Oberst Nebel&quot; als Russlands neuer Verb\u00fcndeter im Kampf um Awdejewka - just-now.NEWS Deutschland","robots":{"index":"index","follow":"follow","max-snippet":"max-snippet:-1","max-image-preview":"max-image-preview:large","max-video-preview":"max-video-preview:-1"},"canonical":"https:\/\/now-news.de\/de\/deutschland\/podoljaka-oberst-nebel-als-russlands-neuer-verbuendeter-im-kampf-um-awdejewka\/","og_locale":"de_DE","og_type":"article","og_title":"Podoljaka: &quot;Oberst Nebel&quot; als Russlands neuer Verb\u00fcndeter im Kampf um Awdejewka","og_description":"Russische Einheiten r\u00fccken vor \u2013 auch bei Awdejewka im Frontabschnitt Donbass. Dabei kam ihnen nun offenbar das Wetter zu Hilfe. Bei dichtem Nebel gelang ihnen nun ein Vormarsch von anderthalb Kilometern. Das und mehr erkl\u00e4rt Juri Podoljaka in seiner neuesten Analyse. Russlands Milit\u00e4r wird seit Jahrhunderten vorgeworfen, es sei nur dann effektiv, wenn es gewohntes [&hellip;]","og_url":"https:\/\/now-news.de\/de\/deutschland\/podoljaka-oberst-nebel-als-russlands-neuer-verbuendeter-im-kampf-um-awdejewka\/","og_site_name":"just-now.NEWS Deutschland","article_publisher":"https:\/\/www.facebook.com\/wirmachenauf","article_published_time":"2023-10-27T17:32:02+00:00","og_image":[{"width":460,"height":259,"url":"https:\/\/now-news.de\/de\/wp-content\/uploads\/sites\/3\/2023\/10\/Podoljaka-quotOberst-Nebelquot-als-Russlands-neuer-Verbuendeter-im-Kampf-um.jpg","type":"image\/jpeg"}],"author":"rtnews","twitter_card":"summary_large_image","twitter_creator":"@WirMachenAuf_de","twitter_site":"@WirMachenAuf_de","twitter_misc":{"Verfasst von":"rtnews","Gesch\u00e4tzte Lesezeit":"2\u00a0Minuten"},"schema":{"@context":"https:\/\/schema.org","@graph":[{"@type":"Article","@id":"https:\/\/now-news.de\/de\/deutschland\/podoljaka-oberst-nebel-als-russlands-neuer-verbuendeter-im-kampf-um-awdejewka\/#article","isPartOf":{"@id":"https:\/\/now-news.de\/de\/deutschland\/podoljaka-oberst-nebel-als-russlands-neuer-verbuendeter-im-kampf-um-awdejewka\/"},"author":{"name":"rtnews","@id":"https:\/\/now-news.de\/de\/#\/schema\/person\/fb534a4e865501d8b3285208df34a9b5"},"headline":"Podoljaka: &quot;Oberst Nebel&quot; als Russlands neuer Verb\u00fcndeter im Kampf um Awdejewka","datePublished":"2023-10-27T17:32:02+00:00","dateModified":"2023-10-27T17:32:02+00:00","mainEntityOfPage":{"@id":"https:\/\/now-news.de\/de\/deutschland\/podoljaka-oberst-nebel-als-russlands-neuer-verbuendeter-im-kampf-um-awdejewka\/"},"wordCount":390,"commentCount":0,"publisher":{"@id":"https:\/\/now-news.de\/de\/#organization"},"image":{"@id":"https:\/\/now-news.de\/de\/deutschland\/podoljaka-oberst-nebel-als-russlands-neuer-verbuendeter-im-kampf-um-awdejewka\/#primaryimage"},"thumbnailUrl":"https:\/\/now-news.de\/de\/wp-content\/uploads\/sites\/3\/2023\/10\/Podoljaka-quotOberst-Nebelquot-als-Russlands-neuer-Verbuendeter-im-Kampf-um.jpg","keywords":["als","Awdejewka","Kampf","Nebelquot","Neuer","Podoljaka","quotOberst","Russlands","verb\u00fcndeter"],"articleSection":["Deutschland","Russland"],"inLanguage":"de","potentialAction":[{"@type":"CommentAction","name":"Comment","target":["https:\/\/now-news.de\/de\/deutschland\/podoljaka-oberst-nebel-als-russlands-neuer-verbuendeter-im-kampf-um-awdejewka\/#respond"]}]},{"@type":"WebPage","@id":"https:\/\/now-news.de\/de\/deutschland\/podoljaka-oberst-nebel-als-russlands-neuer-verbuendeter-im-kampf-um-awdejewka\/","url":"https:\/\/now-news.de\/de\/deutschland\/podoljaka-oberst-nebel-als-russlands-neuer-verbuendeter-im-kampf-um-awdejewka\/","name":"Podoljaka: &quot;Oberst Nebel&quot; als Russlands neuer Verb\u00fcndeter im Kampf um Awdejewka - just-now.NEWS Deutschland","isPartOf":{"@id":"https:\/\/now-news.de\/de\/#website"},"primaryImageOfPage":{"@id":"https:\/\/now-news.de\/de\/deutschland\/podoljaka-oberst-nebel-als-russlands-neuer-verbuendeter-im-kampf-um-awdejewka\/#primaryimage"},"image":{"@id":"https:\/\/now-news.de\/de\/deutschland\/podoljaka-oberst-nebel-als-russlands-neuer-verbuendeter-im-kampf-um-awdejewka\/#primaryimage"},"thumbnailUrl":"https:\/\/now-news.de\/de\/wp-content\/uploads\/sites\/3\/2023\/10\/Podoljaka-quotOberst-Nebelquot-als-Russlands-neuer-Verbuendeter-im-Kampf-um.jpg","datePublished":"2023-10-27T17:32:02+00:00","dateModified":"2023-10-27T17:32:02+00:00","breadcrumb":{"@id":"https:\/\/now-news.de\/de\/deutschland\/podoljaka-oberst-nebel-als-russlands-neuer-verbuendeter-im-kampf-um-awdejewka\/#breadcrumb"},"inLanguage":"de","potentialAction":[{"@type":"ReadAction","target":["https:\/\/now-news.de\/de\/deutschland\/podoljaka-oberst-nebel-als-russlands-neuer-verbuendeter-im-kampf-um-awdejewka\/"]}]},{"@type":"ImageObject","inLanguage":"de","@id":"https:\/\/now-news.de\/de\/deutschland\/podoljaka-oberst-nebel-als-russlands-neuer-verbuendeter-im-kampf-um-awdejewka\/#primaryimage","url":"https:\/\/now-news.de\/de\/wp-content\/uploads\/sites\/3\/2023\/10\/Podoljaka-quotOberst-Nebelquot-als-Russlands-neuer-Verbuendeter-im-Kampf-um.jpg","contentUrl":"https:\/\/now-news.de\/de\/wp-content\/uploads\/sites\/3\/2023\/10\/Podoljaka-quotOberst-Nebelquot-als-Russlands-neuer-Verbuendeter-im-Kampf-um.jpg","width":460,"height":259,"caption":"Podoljaka: &quot;Oberst Nebel&quot; als Russlands neuer Verb\u00fcndeter im Kampf um Awdejewka"},{"@type":"BreadcrumbList","@id":"https:\/\/now-news.de\/de\/deutschland\/podoljaka-oberst-nebel-als-russlands-neuer-verbuendeter-im-kampf-um-awdejewka\/#breadcrumb","itemListElement":[{"@type":"ListItem","position":1,"name":"Home","item":"https:\/\/now-news.de\/de\/"},{"@type":"ListItem","position":2,"name":"Podoljaka: &quot;Oberst Nebel&quot; als Russlands neuer Verb\u00fcndeter im Kampf um Awdejewka"}]},{"@type":"WebSite","@id":"https:\/\/now-news.de\/de\/#website","url":"https:\/\/now-news.de\/de\/","name":"just-now.NEWS Deutschland","description":"Das Portal f\u00fcr unzensierte Nachrichten aus der Welt","publisher":{"@id":"https:\/\/now-news.de\/de\/#organization"},"potentialAction":[{"@type":"SearchAction","target":{"@type":"EntryPoint","urlTemplate":"https:\/\/now-news.de\/de\/?s={search_term_string}"},"query-input":"required name=search_term_string"}],"inLanguage":"de"},{"@type":"Organization","@id":"https:\/\/now-news.de\/de\/#organization","name":"Just Now News","url":"https:\/\/now-news.de\/de\/","logo":{"@type":"ImageObject","inLanguage":"de","@id":"https:\/\/now-news.de\/de\/#\/schema\/logo\/image\/","url":"http:\/\/just-now.news\/de\/wp-content\/uploads\/sites\/3\/2022\/04\/logo500x500.jpg","contentUrl":"http:\/\/just-now.news\/de\/wp-content\/uploads\/sites\/3\/2022\/04\/logo500x500.jpg","width":500,"height":500,"caption":"Just Now News"},"image":{"@id":"https:\/\/now-news.de\/de\/#\/schema\/logo\/image\/"},"sameAs":["https:\/\/www.facebook.com\/wirmachenauf","https:\/\/x.com\/WirMachenAuf_de"]},{"@type":"Person","@id":"https:\/\/now-news.de\/de\/#\/schema\/person\/fb534a4e865501d8b3285208df34a9b5","name":"rtnews","image":{"@type":"ImageObject","inLanguage":"de","@id":"https:\/\/now-news.de\/de\/#\/schema\/person\/image\/","url":"https:\/\/secure.gravatar.com\/avatar\/82aafea7d8127119dd649515f56e2117?s=96&d=mm&r=g","contentUrl":"https:\/\/secure.gravatar.com\/avatar\/82aafea7d8127119dd649515f56e2117?s=96&d=mm&r=g","caption":"rtnews"},"url":"https:\/\/now-news.de\/de\/author\/rnews\/"}]}},"_links":{"self":[{"href":"https:\/\/now-news.de\/de\/wp-json\/wp\/v2\/posts\/48821"}],"collection":[{"href":"https:\/\/now-news.de\/de\/wp-json\/wp\/v2\/posts"}],"about":[{"href":"https:\/\/now-news.de\/de\/wp-json\/wp\/v2\/types\/post"}],"author":[{"embeddable":true,"href":"https:\/\/now-news.de\/de\/wp-json\/wp\/v2\/users\/3"}],"replies":[{"embeddable":true,"href":"https:\/\/now-news.de\/de\/wp-json\/wp\/v2\/comments?post=48821"}],"version-history":[{"count":0,"href":"https:\/\/now-news.de\/de\/wp-json\/wp\/v2\/posts\/48821\/revisions"}],"wp:featuredmedia":[{"embeddable":true,"href":"https:\/\/now-news.de\/de\/wp-json\/wp\/v2\/media\/48822"}],"wp:attachment":[{"href":"https:\/\/now-news.de\/de\/wp-json\/wp\/v2\/media?parent=48821"}],"wp:term":[{"taxonomy":"category","embeddable":true,"href":"https:\/\/now-news.de\/de\/wp-json\/wp\/v2\/categories?post=48821"},{"taxonomy":"post_tag","embeddable":true,"href":"https:\/\/now-news.de\/de\/wp-json\/wp\/v2\/tags?post=48821"}],"curies":[{"name":"wp","href":"https:\/\/api.w.org\/{rel}","templated":true}]}}