{"id":48787,"date":"2023-10-27T08:54:06","date_gmt":"2023-10-27T06:54:06","guid":{"rendered":"https:\/\/just-now.news\/de\/deutschland\/die-nato-auf-der-anklagebank-abgereichertes-uran-fordert-seinen-tribut\/"},"modified":"2023-10-27T08:54:06","modified_gmt":"2023-10-27T06:54:06","slug":"die-nato-auf-der-anklagebank-abgereichertes-uran-fordert-seinen-tribut","status":"publish","type":"post","link":"https:\/\/now-news.de\/de\/deutschland\/die-nato-auf-der-anklagebank-abgereichertes-uran-fordert-seinen-tribut\/","title":{"rendered":"Die NATO auf der Anklagebank: Abgereichertes Uran fordert seinen Tribut"},"content":{"rendered":"<p><img decoding=\"async\" src=\"http:\/\/just-now.news\/de\/wp-content\/uploads\/sites\/3\/2023\/10\/653a0f7348fbef5b98167e40.jpg\" \/><\/p>\n<div class=\"Text-root Text-type_1 \">\n                Der italienische Anwalt Angelo Fiore Tartaglia bereitet zusammen mit seinem serbischen Kollegen Sr\u0111an Aleksi\u0107 neue Anklagen gegen das westliche Milit\u00e4rb\u00fcndnis vor. Dabei geht es um den Einsatz von Raketen mit abgereichertem Uran w\u00e4hrend des Jugoslawienkrieges.\n            <\/div>\n<p><\/p>\n<div class=\"Text-root Text-type_5 ArticleView-text ViewText-root \">\n<p><em>Von Marinko U\u010dur<\/em><\/p>\n<p>Nachdem der italienische Anwalt Angelo Fiore Tartaglia in Italien Gerichtsverfahren wegen der Folgen der Auswirkungen von abgereichertem Uran auf die italienischen Soldaten im Kosovo, die 1999 w\u00e4hrend des NATO-Bombenangriffs auf Serbien Strahlung ausgesetzt waren, erm\u00f6glichte, bereitet er zusammen mit seinem serbischen Kollegen Sr\u0111an Aleksi\u0107 neue Klagen gegen das westliche Milit\u00e4rb\u00fcndnis vor.<\/p>\n<p>Die Republika Srpska wird n\u00e4mlich bald anhand der professionellen Hilfe des Anwalts Tartaglia und zusammen mit der Anwaltskanzlei Aleksi\u0107 ein Gerichtsverfahren zum Anspruch auf Schadensersatz wegen des Einsatzes von Raketen mit abgereichertem Uran und der Gef\u00e4hrdung von Leben und Gesundheit der lokalen Bev\u00f6lkerung einleiten. Auf dem Territorium von Bosnien und Herzegowina wurden nach Angaben der NATO w\u00e4hrend des B\u00fcrgerkriegs in den Jahren 1994 und 1995 etwa 10.000 verschiedene Projektile mit abgereichertem Uran auf Stellungen der Armee der Republika Srpska abgefeuert. Die Folgen dieser brutalen Tat sind bis heute aufgrund der Zunahme b\u00f6sartiger Erkrankungen in der Bev\u00f6lkerung sichtbar, die das Leid \u00fcberstanden hat.<\/p>\n<p>Die Parlamentarische Versammlung des Europarats wies einst auf die tragischen Folgen der Bombardierung mit Projektilen mit abgereichertem Uran hin. Im Bericht aus Stra\u00dfburg wurde 2001 n\u00e4mlich deutlich auf die &#8220;katastrophalen Folgen dieses Bombenangriffs&#8221; hingewiesen. Es dauerte jedoch mehr als zwei Jahrzehnte, bis die Voraussetzungen f\u00fcr die Einleitung von Gerichtsverfahren wegen dieser Verbrechen gegen die T\u00e4ter geschaffen wurden. Dies geschah erst, nachdem der italienische Anwalt Tartaglia die anspruchsvolle Aufgabe \u00fcbernommen hatte, die Schuld der NATO in jenen F\u00e4llen nachzuweisen, in denen Soldaten seines Landes, die 1999 im Kosovo stationiert waren und nach dem Bombenangriff die schweren Folgen der Kontamination \u00fcberlebten. Tartaglia gewann mehr als 350 Urteile wegen Gef\u00e4hrdung der Gesundheit von mehr als 8.000 italienischen Soldaten. Es gelang ihm, den Zusammenhang zwischen NATO-Bomben und Krebs nachzuweisen.<\/p>\n<p>In gewisser Weise ermutigte dies die serbischen Opfer des Bombenangriffs in der Hoffnung, dass sie einen Anspruch auf Entsch\u00e4digung und damit Genugtuung wegen der ihrerseits erlittenen Folgen erhalten k\u00f6nnen. Und die Zahlen sind unerbittlich und zeigen eine erh\u00f6hte Zahl b\u00f6sartiger Krankheiten im Umkreis von 50 bis 100 Kilometern um den Ort, an dem NATO-Bomben den Tod verbreiten.<\/p>\n<p>Der serbische Anwalt Sr\u0111an Aleksi\u0107 schloss sich der Handlung zum Nachweis der Folgen des Bombardements mit abgereichertem Uran an, der, ermuntert durch die Erfahrungen seines italienischen Kollegen, die betroffene Bev\u00f6lkerung aufrief, sich an ihn zu wenden, um eine einzigartige Aufzeichnung der Gesch\u00e4digten zu erstellen und um eine Klage gegen die NATO wegen Schadensersatzanspr\u00fcchen vorzubereiten.<\/p>\n<p>&#8220;Vor der konkreten Klageeinleitung bevorsteht vorerst die Erhebung von Beweismitteln, die auch medizinische Unterlagen umfassen. Wir werden Gewebe- oder Blutproben entnehmen und sie zur Biopsie und Untersuchung nach Turin senden, um den Ursache-Wirkungs-Zusammenhang zwischen ihnen aufzuzeigen und zu beweisen&#8221;, erkl\u00e4rte der serbische Anwalt und gab an, dass das gesamte auf dem Balkan verwendete abgereicherte Uran in Form von 30-Millimeter-Projektilen von A-10-Kampfflugzeugen der US Air Force abgefeuert wurde.<\/p>\n<p>&#8220;In Bosnien und Herzegowina wurden etwa 10.000 und im Kosovo etwa 31.000 Projektile abgefeuert, die insgesamt fast 13 Tonnen abgereichertes Uran enthielten. Riesige Landfl\u00e4chen, aber auch Wasserreservoire wurden kontaminiert. Wenn wir wissen, dass die Zerfallsperiode von abgereichertem Uran 4,5 Milliarden Jahre dauert, dann ist mehr als klar, um was f\u00fcr ein Problem es sich handelt&#8221;, sagte Aleksi\u0107 der Tageszeitung <em>Glas Srpske<\/em> aus Banja Luka.<\/p>\n<p>Er erkl\u00e4rte, dass der bekannte Anwalt Angelo Fiore Tartaglia seine Bereitschaft zum Ausdruck gebracht habe, Teil des Rechtsteams zu werden, und angek\u00fcndigt habe, dass er bald nach Banja Luka reisen werde, um alle Einzelheiten bez\u00fcglich der Klagen gegen die Allianz zu vereinbaren. Zuvor hatte der Pr\u00e4sident des Parlaments der Republika Srpska, Nenad Stevandi\u0107, den Rechtsanwalt Tartaglia, dank dessen die Beschuldigung der NATO internationalisiert wurde, in Rom besucht, und erkl\u00e4rte dabei nachdr\u00fccklich seine Bereitschaft, durch bestimmte \u00c4nderungen der Gesetzgebungsverfahren das Verfahren zur Begr\u00fcndung der Schuld der NATO-Allianz zu erleichtern und zu beschleunigen.<\/p>\n<p><strong>Mehr zum Thema<\/strong> \u2013 <a rel=\"nofollow noopener\" target=\"_blank\" href=\"https:\/\/freeassange.rtde.life\/international\/180061-pentagon-erwartet-von-ukraine-verantwortungsvollen\/\">Pentagon erwartet von der Ukraine einen &#8220;verantwortungsvollen&#8221; Umgang mit Uranmunition<\/a><\/p>\n<div class=\"EmbedBlock-root EmbedBlock-externalVideo EmbedBlock-odysee\">\n<div class=\"VkEmbed\"><iframe class=\"lazyload\" data-src=\"https:\/\/odysee.com\/%24\/embed\/%40RTDE%3Ae%2FMcGovern--Wenn-Streumunition-ausgeht%2C-k%C3%B6nnten-die-USA-Mini-Nukes-einsetzen%3A6\" frameborder=\"0\" width=\"853\" height=\"480\" allowfullscreen><\/iframe><\/div>\n<\/div>\n<\/div>\n<p><br \/>\n<br \/><a href=\"https:\/\/de.rt.com\/international\/184968-nato-auf-anklagebank-abgereichertes-uran\/\">Source link <\/a><\/p>\n","protected":false},"excerpt":{"rendered":"<p>Der italienische Anwalt Angelo Fiore Tartaglia bereitet zusammen mit seinem serbischen Kollegen Sr\u0111an Aleksi\u0107 neue Anklagen gegen das westliche Milit\u00e4rb\u00fcndnis vor. Dabei geht es um den Einsatz von Raketen mit abgereichertem Uran w\u00e4hrend des Jugoslawienkrieges. Von Marinko U\u010dur Nachdem der italienische Anwalt Angelo Fiore Tartaglia in Italien Gerichtsverfahren wegen der Folgen der Auswirkungen von abgereichertem [&hellip;]<\/p>\n","protected":false},"author":3,"featured_media":48788,"comment_status":"open","ping_status":"open","sticky":false,"template":"","format":"standard","meta":{"_yoast_indexnow_last_ping":["1698390164"],"wp_automatic_camp":["217"],"fcd6b17264767e82b5173c881cb5f5fe":["Die NATO auf der Anklagebank: Abgereichertes Uran fordert seinen Tribut"],"original_link":["https:\/\/de.rt.com\/international\/184968-nato-auf-anklagebank-abgereichertes-uran\/"],"_thumbnail_id":["48788"],"_wptgpro_p2tg_sent2tg":["a:1:{i:23737;s:19:\"2023-10-27 09:04:00\";}"],"jnews_social_counter_last_update":["1777325563"]},"categories":[19,23],"tags":[50124,50123,133,82,45,355,2697,6583,50125,22805],"yoast_head":"<!-- This site is optimized with the Yoast SEO Premium plugin v22.7 (Yoast SEO v22.7) - https:\/\/yoast.com\/wordpress\/plugins\/seo\/ -->\n<title>Die NATO auf der Anklagebank: Abgereichertes Uran fordert seinen Tribut - just-now.NEWS Deutschland<\/title>\n<meta name=\"robots\" content=\"index, follow, max-snippet:-1, max-image-preview:large, max-video-preview:-1\" \/>\n<link rel=\"canonical\" href=\"https:\/\/now-news.de\/de\/deutschland\/die-nato-auf-der-anklagebank-abgereichertes-uran-fordert-seinen-tribut\/\" \/>\n<meta property=\"og:locale\" content=\"de_DE\" \/>\n<meta property=\"og:type\" content=\"article\" \/>\n<meta property=\"og:title\" content=\"Die NATO auf der Anklagebank: Abgereichertes Uran fordert seinen Tribut\" \/>\n<meta property=\"og:description\" content=\"Der italienische Anwalt Angelo Fiore Tartaglia bereitet zusammen mit seinem serbischen Kollegen Sr\u0111an Aleksi\u0107 neue Anklagen gegen das westliche Milit\u00e4rb\u00fcndnis vor. Dabei geht es um den Einsatz von Raketen mit abgereichertem Uran w\u00e4hrend des Jugoslawienkrieges. Von Marinko U\u010dur Nachdem der italienische Anwalt Angelo Fiore Tartaglia in Italien Gerichtsverfahren wegen der Folgen der Auswirkungen von abgereichertem [&hellip;]\" \/>\n<meta property=\"og:url\" content=\"https:\/\/now-news.de\/de\/deutschland\/die-nato-auf-der-anklagebank-abgereichertes-uran-fordert-seinen-tribut\/\" \/>\n<meta property=\"og:site_name\" content=\"just-now.NEWS Deutschland\" \/>\n<meta property=\"article:publisher\" content=\"https:\/\/www.facebook.com\/wirmachenauf\" \/>\n<meta property=\"article:published_time\" content=\"2023-10-27T06:54:06+00:00\" \/>\n<meta property=\"og:image\" content=\"https:\/\/now-news.de\/de\/wp-content\/uploads\/sites\/3\/2023\/10\/Die-NATO-auf-der-Anklagebank-Abgereichertes-Uran-fordert-seinen-Tribut.jpg\" \/>\n\t<meta property=\"og:image:width\" content=\"460\" \/>\n\t<meta property=\"og:image:height\" content=\"259\" \/>\n\t<meta property=\"og:image:type\" content=\"image\/jpeg\" \/>\n<meta name=\"author\" content=\"rtnews\" \/>\n<meta name=\"twitter:card\" content=\"summary_large_image\" \/>\n<meta name=\"twitter:creator\" content=\"@WirMachenAuf_de\" \/>\n<meta name=\"twitter:site\" content=\"@WirMachenAuf_de\" \/>\n<meta name=\"twitter:label1\" content=\"Verfasst von\" \/>\n\t<meta name=\"twitter:data1\" content=\"rtnews\" \/>\n\t<meta name=\"twitter:label2\" content=\"Gesch\u00e4tzte Lesezeit\" \/>\n\t<meta name=\"twitter:data2\" content=\"3\u00a0Minuten\" \/>\n<script type=\"application\/ld+json\" class=\"yoast-schema-graph\">{\"@context\":\"https:\/\/schema.org\",\"@graph\":[{\"@type\":\"Article\",\"@id\":\"https:\/\/now-news.de\/de\/deutschland\/die-nato-auf-der-anklagebank-abgereichertes-uran-fordert-seinen-tribut\/#article\",\"isPartOf\":{\"@id\":\"https:\/\/now-news.de\/de\/deutschland\/die-nato-auf-der-anklagebank-abgereichertes-uran-fordert-seinen-tribut\/\"},\"author\":{\"name\":\"rtnews\",\"@id\":\"https:\/\/now-news.de\/de\/#\/schema\/person\/fb534a4e865501d8b3285208df34a9b5\"},\"headline\":\"Die NATO auf der Anklagebank: Abgereichertes Uran fordert seinen Tribut\",\"datePublished\":\"2023-10-27T06:54:06+00:00\",\"dateModified\":\"2023-10-27T06:54:06+00:00\",\"mainEntityOfPage\":{\"@id\":\"https:\/\/now-news.de\/de\/deutschland\/die-nato-auf-der-anklagebank-abgereichertes-uran-fordert-seinen-tribut\/\"},\"wordCount\":703,\"commentCount\":0,\"publisher\":{\"@id\":\"https:\/\/now-news.de\/de\/#organization\"},\"image\":{\"@id\":\"https:\/\/now-news.de\/de\/deutschland\/die-nato-auf-der-anklagebank-abgereichertes-uran-fordert-seinen-tribut\/#primaryimage\"},\"thumbnailUrl\":\"https:\/\/now-news.de\/de\/wp-content\/uploads\/sites\/3\/2023\/10\/Die-NATO-auf-der-Anklagebank-Abgereichertes-Uran-fordert-seinen-Tribut.jpg\",\"keywords\":[\"Abgereichertes\",\"Anklagebank\",\"AUF\",\"der\",\"die\",\"fordert\",\"nato\",\"seinen\",\"Tribut\",\"Uran\"],\"articleSection\":[\"Deutschland\",\"Russland\"],\"inLanguage\":\"de\",\"potentialAction\":[{\"@type\":\"CommentAction\",\"name\":\"Comment\",\"target\":[\"https:\/\/now-news.de\/de\/deutschland\/die-nato-auf-der-anklagebank-abgereichertes-uran-fordert-seinen-tribut\/#respond\"]}]},{\"@type\":\"WebPage\",\"@id\":\"https:\/\/now-news.de\/de\/deutschland\/die-nato-auf-der-anklagebank-abgereichertes-uran-fordert-seinen-tribut\/\",\"url\":\"https:\/\/now-news.de\/de\/deutschland\/die-nato-auf-der-anklagebank-abgereichertes-uran-fordert-seinen-tribut\/\",\"name\":\"Die NATO auf der Anklagebank: Abgereichertes Uran fordert seinen Tribut - just-now.NEWS Deutschland\",\"isPartOf\":{\"@id\":\"https:\/\/now-news.de\/de\/#website\"},\"primaryImageOfPage\":{\"@id\":\"https:\/\/now-news.de\/de\/deutschland\/die-nato-auf-der-anklagebank-abgereichertes-uran-fordert-seinen-tribut\/#primaryimage\"},\"image\":{\"@id\":\"https:\/\/now-news.de\/de\/deutschland\/die-nato-auf-der-anklagebank-abgereichertes-uran-fordert-seinen-tribut\/#primaryimage\"},\"thumbnailUrl\":\"https:\/\/now-news.de\/de\/wp-content\/uploads\/sites\/3\/2023\/10\/Die-NATO-auf-der-Anklagebank-Abgereichertes-Uran-fordert-seinen-Tribut.jpg\",\"datePublished\":\"2023-10-27T06:54:06+00:00\",\"dateModified\":\"2023-10-27T06:54:06+00:00\",\"breadcrumb\":{\"@id\":\"https:\/\/now-news.de\/de\/deutschland\/die-nato-auf-der-anklagebank-abgereichertes-uran-fordert-seinen-tribut\/#breadcrumb\"},\"inLanguage\":\"de\",\"potentialAction\":[{\"@type\":\"ReadAction\",\"target\":[\"https:\/\/now-news.de\/de\/deutschland\/die-nato-auf-der-anklagebank-abgereichertes-uran-fordert-seinen-tribut\/\"]}]},{\"@type\":\"ImageObject\",\"inLanguage\":\"de\",\"@id\":\"https:\/\/now-news.de\/de\/deutschland\/die-nato-auf-der-anklagebank-abgereichertes-uran-fordert-seinen-tribut\/#primaryimage\",\"url\":\"https:\/\/now-news.de\/de\/wp-content\/uploads\/sites\/3\/2023\/10\/Die-NATO-auf-der-Anklagebank-Abgereichertes-Uran-fordert-seinen-Tribut.jpg\",\"contentUrl\":\"https:\/\/now-news.de\/de\/wp-content\/uploads\/sites\/3\/2023\/10\/Die-NATO-auf-der-Anklagebank-Abgereichertes-Uran-fordert-seinen-Tribut.jpg\",\"width\":460,\"height\":259,\"caption\":\"Die NATO auf der Anklagebank: Abgereichertes Uran fordert seinen Tribut\"},{\"@type\":\"BreadcrumbList\",\"@id\":\"https:\/\/now-news.de\/de\/deutschland\/die-nato-auf-der-anklagebank-abgereichertes-uran-fordert-seinen-tribut\/#breadcrumb\",\"itemListElement\":[{\"@type\":\"ListItem\",\"position\":1,\"name\":\"Home\",\"item\":\"https:\/\/now-news.de\/de\/\"},{\"@type\":\"ListItem\",\"position\":2,\"name\":\"Die NATO auf der Anklagebank: Abgereichertes Uran fordert seinen Tribut\"}]},{\"@type\":\"WebSite\",\"@id\":\"https:\/\/now-news.de\/de\/#website\",\"url\":\"https:\/\/now-news.de\/de\/\",\"name\":\"just-now.NEWS Deutschland\",\"description\":\"Das Portal f\u00fcr unzensierte Nachrichten aus der Welt\",\"publisher\":{\"@id\":\"https:\/\/now-news.de\/de\/#organization\"},\"potentialAction\":[{\"@type\":\"SearchAction\",\"target\":{\"@type\":\"EntryPoint\",\"urlTemplate\":\"https:\/\/now-news.de\/de\/?s={search_term_string}\"},\"query-input\":\"required name=search_term_string\"}],\"inLanguage\":\"de\"},{\"@type\":\"Organization\",\"@id\":\"https:\/\/now-news.de\/de\/#organization\",\"name\":\"Just Now News\",\"url\":\"https:\/\/now-news.de\/de\/\",\"logo\":{\"@type\":\"ImageObject\",\"inLanguage\":\"de\",\"@id\":\"https:\/\/now-news.de\/de\/#\/schema\/logo\/image\/\",\"url\":\"http:\/\/just-now.news\/de\/wp-content\/uploads\/sites\/3\/2022\/04\/logo500x500.jpg\",\"contentUrl\":\"http:\/\/just-now.news\/de\/wp-content\/uploads\/sites\/3\/2022\/04\/logo500x500.jpg\",\"width\":500,\"height\":500,\"caption\":\"Just Now News\"},\"image\":{\"@id\":\"https:\/\/now-news.de\/de\/#\/schema\/logo\/image\/\"},\"sameAs\":[\"https:\/\/www.facebook.com\/wirmachenauf\",\"https:\/\/x.com\/WirMachenAuf_de\"]},{\"@type\":\"Person\",\"@id\":\"https:\/\/now-news.de\/de\/#\/schema\/person\/fb534a4e865501d8b3285208df34a9b5\",\"name\":\"rtnews\",\"image\":{\"@type\":\"ImageObject\",\"inLanguage\":\"de\",\"@id\":\"https:\/\/now-news.de\/de\/#\/schema\/person\/image\/\",\"url\":\"https:\/\/secure.gravatar.com\/avatar\/82aafea7d8127119dd649515f56e2117?s=96&d=mm&r=g\",\"contentUrl\":\"https:\/\/secure.gravatar.com\/avatar\/82aafea7d8127119dd649515f56e2117?s=96&d=mm&r=g\",\"caption\":\"rtnews\"},\"url\":\"https:\/\/now-news.de\/de\/author\/rnews\/\"}]}<\/script>\n<!-- \/ Yoast SEO Premium plugin. -->","yoast_head_json":{"title":"Die NATO auf der Anklagebank: Abgereichertes Uran fordert seinen Tribut - just-now.NEWS Deutschland","robots":{"index":"index","follow":"follow","max-snippet":"max-snippet:-1","max-image-preview":"max-image-preview:large","max-video-preview":"max-video-preview:-1"},"canonical":"https:\/\/now-news.de\/de\/deutschland\/die-nato-auf-der-anklagebank-abgereichertes-uran-fordert-seinen-tribut\/","og_locale":"de_DE","og_type":"article","og_title":"Die NATO auf der Anklagebank: Abgereichertes Uran fordert seinen Tribut","og_description":"Der italienische Anwalt Angelo Fiore Tartaglia bereitet zusammen mit seinem serbischen Kollegen Sr\u0111an Aleksi\u0107 neue Anklagen gegen das westliche Milit\u00e4rb\u00fcndnis vor. Dabei geht es um den Einsatz von Raketen mit abgereichertem Uran w\u00e4hrend des Jugoslawienkrieges. Von Marinko U\u010dur Nachdem der italienische Anwalt Angelo Fiore Tartaglia in Italien Gerichtsverfahren wegen der Folgen der Auswirkungen von abgereichertem [&hellip;]","og_url":"https:\/\/now-news.de\/de\/deutschland\/die-nato-auf-der-anklagebank-abgereichertes-uran-fordert-seinen-tribut\/","og_site_name":"just-now.NEWS Deutschland","article_publisher":"https:\/\/www.facebook.com\/wirmachenauf","article_published_time":"2023-10-27T06:54:06+00:00","og_image":[{"width":460,"height":259,"url":"https:\/\/now-news.de\/de\/wp-content\/uploads\/sites\/3\/2023\/10\/Die-NATO-auf-der-Anklagebank-Abgereichertes-Uran-fordert-seinen-Tribut.jpg","type":"image\/jpeg"}],"author":"rtnews","twitter_card":"summary_large_image","twitter_creator":"@WirMachenAuf_de","twitter_site":"@WirMachenAuf_de","twitter_misc":{"Verfasst von":"rtnews","Gesch\u00e4tzte Lesezeit":"3\u00a0Minuten"},"schema":{"@context":"https:\/\/schema.org","@graph":[{"@type":"Article","@id":"https:\/\/now-news.de\/de\/deutschland\/die-nato-auf-der-anklagebank-abgereichertes-uran-fordert-seinen-tribut\/#article","isPartOf":{"@id":"https:\/\/now-news.de\/de\/deutschland\/die-nato-auf-der-anklagebank-abgereichertes-uran-fordert-seinen-tribut\/"},"author":{"name":"rtnews","@id":"https:\/\/now-news.de\/de\/#\/schema\/person\/fb534a4e865501d8b3285208df34a9b5"},"headline":"Die NATO auf der Anklagebank: Abgereichertes Uran fordert seinen Tribut","datePublished":"2023-10-27T06:54:06+00:00","dateModified":"2023-10-27T06:54:06+00:00","mainEntityOfPage":{"@id":"https:\/\/now-news.de\/de\/deutschland\/die-nato-auf-der-anklagebank-abgereichertes-uran-fordert-seinen-tribut\/"},"wordCount":703,"commentCount":0,"publisher":{"@id":"https:\/\/now-news.de\/de\/#organization"},"image":{"@id":"https:\/\/now-news.de\/de\/deutschland\/die-nato-auf-der-anklagebank-abgereichertes-uran-fordert-seinen-tribut\/#primaryimage"},"thumbnailUrl":"https:\/\/now-news.de\/de\/wp-content\/uploads\/sites\/3\/2023\/10\/Die-NATO-auf-der-Anklagebank-Abgereichertes-Uran-fordert-seinen-Tribut.jpg","keywords":["Abgereichertes","Anklagebank","AUF","der","die","fordert","nato","seinen","Tribut","Uran"],"articleSection":["Deutschland","Russland"],"inLanguage":"de","potentialAction":[{"@type":"CommentAction","name":"Comment","target":["https:\/\/now-news.de\/de\/deutschland\/die-nato-auf-der-anklagebank-abgereichertes-uran-fordert-seinen-tribut\/#respond"]}]},{"@type":"WebPage","@id":"https:\/\/now-news.de\/de\/deutschland\/die-nato-auf-der-anklagebank-abgereichertes-uran-fordert-seinen-tribut\/","url":"https:\/\/now-news.de\/de\/deutschland\/die-nato-auf-der-anklagebank-abgereichertes-uran-fordert-seinen-tribut\/","name":"Die NATO auf der Anklagebank: Abgereichertes Uran fordert seinen Tribut - just-now.NEWS Deutschland","isPartOf":{"@id":"https:\/\/now-news.de\/de\/#website"},"primaryImageOfPage":{"@id":"https:\/\/now-news.de\/de\/deutschland\/die-nato-auf-der-anklagebank-abgereichertes-uran-fordert-seinen-tribut\/#primaryimage"},"image":{"@id":"https:\/\/now-news.de\/de\/deutschland\/die-nato-auf-der-anklagebank-abgereichertes-uran-fordert-seinen-tribut\/#primaryimage"},"thumbnailUrl":"https:\/\/now-news.de\/de\/wp-content\/uploads\/sites\/3\/2023\/10\/Die-NATO-auf-der-Anklagebank-Abgereichertes-Uran-fordert-seinen-Tribut.jpg","datePublished":"2023-10-27T06:54:06+00:00","dateModified":"2023-10-27T06:54:06+00:00","breadcrumb":{"@id":"https:\/\/now-news.de\/de\/deutschland\/die-nato-auf-der-anklagebank-abgereichertes-uran-fordert-seinen-tribut\/#breadcrumb"},"inLanguage":"de","potentialAction":[{"@type":"ReadAction","target":["https:\/\/now-news.de\/de\/deutschland\/die-nato-auf-der-anklagebank-abgereichertes-uran-fordert-seinen-tribut\/"]}]},{"@type":"ImageObject","inLanguage":"de","@id":"https:\/\/now-news.de\/de\/deutschland\/die-nato-auf-der-anklagebank-abgereichertes-uran-fordert-seinen-tribut\/#primaryimage","url":"https:\/\/now-news.de\/de\/wp-content\/uploads\/sites\/3\/2023\/10\/Die-NATO-auf-der-Anklagebank-Abgereichertes-Uran-fordert-seinen-Tribut.jpg","contentUrl":"https:\/\/now-news.de\/de\/wp-content\/uploads\/sites\/3\/2023\/10\/Die-NATO-auf-der-Anklagebank-Abgereichertes-Uran-fordert-seinen-Tribut.jpg","width":460,"height":259,"caption":"Die NATO auf der Anklagebank: Abgereichertes Uran fordert seinen Tribut"},{"@type":"BreadcrumbList","@id":"https:\/\/now-news.de\/de\/deutschland\/die-nato-auf-der-anklagebank-abgereichertes-uran-fordert-seinen-tribut\/#breadcrumb","itemListElement":[{"@type":"ListItem","position":1,"name":"Home","item":"https:\/\/now-news.de\/de\/"},{"@type":"ListItem","position":2,"name":"Die NATO auf der Anklagebank: Abgereichertes Uran fordert seinen Tribut"}]},{"@type":"WebSite","@id":"https:\/\/now-news.de\/de\/#website","url":"https:\/\/now-news.de\/de\/","name":"just-now.NEWS Deutschland","description":"Das Portal f\u00fcr unzensierte Nachrichten aus der Welt","publisher":{"@id":"https:\/\/now-news.de\/de\/#organization"},"potentialAction":[{"@type":"SearchAction","target":{"@type":"EntryPoint","urlTemplate":"https:\/\/now-news.de\/de\/?s={search_term_string}"},"query-input":"required name=search_term_string"}],"inLanguage":"de"},{"@type":"Organization","@id":"https:\/\/now-news.de\/de\/#organization","name":"Just Now News","url":"https:\/\/now-news.de\/de\/","logo":{"@type":"ImageObject","inLanguage":"de","@id":"https:\/\/now-news.de\/de\/#\/schema\/logo\/image\/","url":"http:\/\/just-now.news\/de\/wp-content\/uploads\/sites\/3\/2022\/04\/logo500x500.jpg","contentUrl":"http:\/\/just-now.news\/de\/wp-content\/uploads\/sites\/3\/2022\/04\/logo500x500.jpg","width":500,"height":500,"caption":"Just Now News"},"image":{"@id":"https:\/\/now-news.de\/de\/#\/schema\/logo\/image\/"},"sameAs":["https:\/\/www.facebook.com\/wirmachenauf","https:\/\/x.com\/WirMachenAuf_de"]},{"@type":"Person","@id":"https:\/\/now-news.de\/de\/#\/schema\/person\/fb534a4e865501d8b3285208df34a9b5","name":"rtnews","image":{"@type":"ImageObject","inLanguage":"de","@id":"https:\/\/now-news.de\/de\/#\/schema\/person\/image\/","url":"https:\/\/secure.gravatar.com\/avatar\/82aafea7d8127119dd649515f56e2117?s=96&d=mm&r=g","contentUrl":"https:\/\/secure.gravatar.com\/avatar\/82aafea7d8127119dd649515f56e2117?s=96&d=mm&r=g","caption":"rtnews"},"url":"https:\/\/now-news.de\/de\/author\/rnews\/"}]}},"_links":{"self":[{"href":"https:\/\/now-news.de\/de\/wp-json\/wp\/v2\/posts\/48787"}],"collection":[{"href":"https:\/\/now-news.de\/de\/wp-json\/wp\/v2\/posts"}],"about":[{"href":"https:\/\/now-news.de\/de\/wp-json\/wp\/v2\/types\/post"}],"author":[{"embeddable":true,"href":"https:\/\/now-news.de\/de\/wp-json\/wp\/v2\/users\/3"}],"replies":[{"embeddable":true,"href":"https:\/\/now-news.de\/de\/wp-json\/wp\/v2\/comments?post=48787"}],"version-history":[{"count":0,"href":"https:\/\/now-news.de\/de\/wp-json\/wp\/v2\/posts\/48787\/revisions"}],"wp:featuredmedia":[{"embeddable":true,"href":"https:\/\/now-news.de\/de\/wp-json\/wp\/v2\/media\/48788"}],"wp:attachment":[{"href":"https:\/\/now-news.de\/de\/wp-json\/wp\/v2\/media?parent=48787"}],"wp:term":[{"taxonomy":"category","embeddable":true,"href":"https:\/\/now-news.de\/de\/wp-json\/wp\/v2\/categories?post=48787"},{"taxonomy":"post_tag","embeddable":true,"href":"https:\/\/now-news.de\/de\/wp-json\/wp\/v2\/tags?post=48787"}],"curies":[{"name":"wp","href":"https:\/\/api.w.org\/{rel}","templated":true}]}}