{"id":48777,"date":"2023-10-26T21:34:04","date_gmt":"2023-10-26T19:34:04","guid":{"rendered":"https:\/\/just-now.news\/de\/deutschland\/spd-aussenpolitiker-fordert-engagement-in-armenien-eu-hat-kein-interesse\/"},"modified":"2023-10-26T21:34:04","modified_gmt":"2023-10-26T19:34:04","slug":"spd-aussenpolitiker-fordert-engagement-in-armenien-eu-hat-kein-interesse","status":"publish","type":"post","link":"https:\/\/now-news.de\/de\/deutschland\/spd-aussenpolitiker-fordert-engagement-in-armenien-eu-hat-kein-interesse\/","title":{"rendered":"SPD-Au\u00dfenpolitiker fordert Engagement in Armenien \u2013 EU hat kein Interesse"},"content":{"rendered":"<p><img decoding=\"async\" src=\"http:\/\/just-now.news\/de\/wp-content\/uploads\/sites\/3\/2023\/10\/653a453d48fbef772517327b.jpg\" \/><\/p>\n<div class=\"Text-root Text-type_1 \">\n                Laut dem Bundestagsabgeordneten und Vorsitzenden des Ausw\u00e4rtigen Ausschusses, Michael Roth, verliere die EU aktuell ihre Kraft als &#8220;demokratisches Bollwerk&#8221; und &#8220;Friedensstifter&#8221;.\n            <\/div>\n<p><\/p>\n<div class=\"Text-root Text-type_5 ArticleView-text ViewText-root \">\n<p>Angesichts der Brandherde in der Ukraine und im Nahen Osten scheinen die Europ\u00e4ische Union (EU) und ihre Mitgliedstaaten den Konflikt zwischen Armenien und Aserbaidschan\u00a0aus den Augen verloren zu haben. Der Bundestagsabgeordnete und Vorsitzender des Ausw\u00e4rtigen Ausschusses, Michael Roth (SPD), kritisierte diese Entwicklung. Im Interview mit dem\u00a0<em>Deutschlandfunk<\/em> forderte Roth f\u00fcr den S\u00fcdkaukasus mehr Aufmerksamkeit und mehr Engagement.<\/p>\n<p>Als Grund f\u00fcr die fehlende Aufmerksamkeit\u00a0f\u00fchrte Roth die fehlende Einigkeit der Mitgliedsstaaten an, was dazu f\u00fchre, dass die EU irrelevant werde und ihre Kraft als &#8220;demokratisches Bollwerk&#8221; und &#8220;Friedensstifter&#8221; verliere. Armenien, eine &#8220;junge, fragile Demokratie&#8221; brauche aber die Unterst\u00fctzung durch die EU gegen\u00fcber Aserbaidschan, einem &#8220;autorit\u00e4ren Regime&#8221;, das bereit sei, seine Interessen mit milit\u00e4rischer Gewalt durchzusetzen. Mit Georgien als letztem freundlichen Nachbarn in der Region suche die F\u00fchrung Armeniens nun nach neuen Partnern, betonte Roth. In erster Linie m\u00fcsse die EU jetzt zeigen, dass sich Armenien zu einem &#8220;Anker der Stabilit\u00e4t und Demokratie im S\u00fcdkaukasus&#8221; entwickeln k\u00f6nne.<\/p>\n<p>Als erste Ma\u00dfnahme forderte Roth, die\u00a0zivile Mission der EU an der armenisch-aserbaidschanischen Grenze, bestehend aus 100 Personen, &#8220;massiv&#8221; auszubauen. Aktuell biete die Mission den Armeniern nur ein minimales Gef\u00fchl von Sicherheit, werde Aserbaidschan aber &#8220;hoffentlich&#8221; von einem Angriff abhalten. Als zweite Ma\u00dfnahme forderte Roth ein humanit\u00e4res Hilfspaket, das die Fl\u00fcchtlinge aus Bergkarabach dringend br\u00e4uchten. Als dritte Ma\u00dfnahme forderte Roth, dass die EU Armenien milit\u00e4risch unterst\u00fctze, da das Land Aserbaidschan auf diesem Gebiet v\u00f6llig unterlegen sei. Frankreich habe dies im kleinen Umfang bereits getan.<\/p>\n<p><strong><\/strong><\/p>\n<p><strong>Strategisch einzigartige Chance f\u00fcr EU<\/strong><\/p>\n<p>Auch eine Liberalisierung von Visaabkommen k\u00f6nnte eine Option sein, so Roth, die Hauptsache sei, dass Armenien vonseiten der EU mehr Aufmerksamkeit erhalte. Sich allein auf die\u00a0aktuellen Konflikte wie in der Ukraine oder Israel zu konzentrieren, h\u00e4lt Roth laut eigener Aussage f\u00fcr keine Option. Europ\u00e4ische Au\u00dfen- und Sicherheitspolitik bedeute, einen Beitrag zu Frieden und Stabilit\u00e4t auf dem Kontinent zu leisten. Im S\u00fcdkaukasus erreiche man das nur durch mehr Pr\u00e4senz. Gegen\u00fcber Aserbaidschan m\u00fcsse man eine &#8220;andere Gangart&#8221; einlegen. Nur weil Baku \u00fcber Gasvorkommen verf\u00fcge, k\u00f6nnen es sich nicht alles erlauben.<\/p>\n<p><strong><\/strong>\u00c4hnliche Forderungen hatte Roth\u00a0auch am 29. September im Interview mit dem <em>Tagesspiegel<\/em> gestellt.\u00a0Der Politiker wies damals darauf hin, dass Baku\u00a0nach der Eroberung Bergkarabachs\u00a0in der Lage bleiben werde, milit\u00e4rische Fakten zu schaffen. Bei Aserbaidschans Pr\u00e4sident,\u00a0Ilham Alijew,\u00a0habe man es mit einem autorit\u00e4ren Herrscher zu tun, der keine Zeit am Verhandlungstisch verschwenden wolle. Der EU unterstellte Roth hingegen ein Versagen in ihrer Nachbarschaftspolitik. Statt es eines Rings stabiler Staaten stehe man inmitten eines Feuerrings mit vielen potenziellen und tats\u00e4chlichen Konflikten. Hier m\u00fcsse man endlich &#8220;radikal&#8221; umdenken.<\/p>\n<p>Nachdem Russland als Schutzmacht Armeniens weggefallen sei, habe die EU nun eine &#8220;strategisch einzigartige Chance&#8221;, und in einem von der EU moderierten Friedensprozess m\u00fcssten Deutschland und Frankreich noch mehr Verantwortung \u00fcbernehmen,\u00a0sagte Roth dem <em>Tagesspiegel<\/em>. Man m\u00fcsse zudem bereit sein, gegen Aserbaidschan Wirtschaftssanktionen zu verh\u00e4ngen und Energievertr\u00e4ge zu suspendieren, um deutlich zu machen, dass &#8220;wir eine solche Aggression nie wieder tolerieren werden.&#8221; Der Ausfall von Aserbaidschans Erdgas sei hingegen verkraftbar.<\/p>\n<p><strong><\/strong><\/p>\n<p><strong>Reaktionen auf Bakus Milit\u00e4roffensive<\/strong><\/p>\n<p>Doch\u00a0Europa\u00a0hatte offensichtlich kein Interesse an der Beteiligung an einem Friedensprozess im Kaukasus. In Br\u00fcssel, Paris und Berlin blieb es relativ still, als Baku am 19. September eine Milit\u00e4roffensive in Bergkarabach begann. Nach Jahrzehnten des schwelenden Konflikts\u00a0hatte\u00a0es nur einen Tag gedauert, bis die pro-armenischen K\u00e4mpfer ihre Kapitulation erkl\u00e4rten. Die Aufl\u00f6sung der Republik Bergkarabach wurde f\u00fcr den 1. Januar 2024 verk\u00fcndet. Rund 120.000 Armenier flohen daraufhin aus der Region nach Armenien.<\/p>\n<p>Aufseiten der EU und ihrer Mitgliedsstaaten zeigte man sich zwar besorgt und Bundeskanzler Olaf Scholz sagte am Rande des Europa-Gipfels am 5. Oktober, er unterst\u00fctze EU-Ratspr\u00e4sident Charles Michel dabei,\u00a0rasch Gespr\u00e4che zwischen Armenien und Aserbaidschan zu organisieren. Zu einem Treffen, bei dem die Europ\u00e4er an einem Tisch mit Aiserbaidschans Pr\u00e4sident gesessen h\u00e4tten, kam es seither aber nicht.<\/p>\n<p>Was blieb, war eine gemeinsame Erkl\u00e4rung von Scholz, Macron, dem armenischen Premierminister Paschinjan und Michel, die vor allem die Situation der Fl\u00fcchtlinge ansprach. Kommissionspr\u00e4sidentin von der Leyen k\u00fcndigte an, die Hilfe f\u00fcr Armenien von 5,2 Millionen Euro auf 10,4 Millionen Euro plus 15 Millionen Euro Soforthilfe anzuheben. Am 16. Oktober besuchte Alijew die Stadt\u00a0F\u00fczuli in Bergkarabach und erkl\u00e4rte bei der feierlichen Veranstaltung das Thema\u00a0des Konflikts in der Region f\u00fcr endg\u00fcltig abgeschlossen.<\/p>\n<p><strong><\/strong>Strafma\u00dfnahmen gegen Baku zu verh\u00e4ngen, schien f\u00fcr niemanden eine Option zu sein. Frankreichs Pr\u00e4sident Emmanuel Macron sagte sogar explizit, f\u00fcr Sanktionen sei es noch nicht an der Zeit. Gegen\u00fcber dem\u00a0<em>Deutschlandfunk<\/em>\u00a0erkl\u00e4rte Roth zu den ausbleibenden Reaktionen der EU und der Bundesregierung, man h\u00e4tte Aserbaidschan mit Sanktionen drohen m\u00fcssen. Aufgrund der Uneinigkeit der EU sei dies jedoch nicht erfolgt. Dabei war man sich im Gegenteil in Europa sehr einig darin, dass man nicht noch einen Energielieferanten verlieren wollte.<\/p>\n<p><strong><\/strong><\/p>\n<p><strong><\/strong><strong>Verdopplung von Bakus Erdgaslieferungen bis 2027<\/strong><\/p>\n<p>Aserbaidschans Pr\u00e4sident war erst im M\u00e4rz zu einem Treffen mit Bundeskanzler Olaf Scholz nach Berlin gereist. Scholz sprach bei dem Treffen \u00fcber die Bedeutung Aserbaidschans f\u00fcr die Diversifizierung von Deutschlands und Europas Versorgung mit Erdgas. Aserbaidschan hatte Scholz als &#8220;Partner von wachsender Bedeutung&#8221; bezeichnet.\u00a0EU-Kommissionspr\u00e4sidenten Ursula von der Leyen hatte sich zuvor \u00e4hnlich positiv ge\u00e4u\u00dfert. Nach einem Treffen mit Alijew in Baku im Juli 2022 schrieb von der Leyen auf X, die EU wende sich vertrauensw\u00fcrdigen Energielieferanten zu, von denen Aserbaidschan einer sei.<\/p>\n<p>Diese optimistischen \u00c4u\u00dferungen fielen, nachdem beide Seiten eine Vereinbarung unterzeichnet hatten, die vorsieht, die bisherigen Gaslieferungen zu verdoppeln und den s\u00fcdlichen Gaskorridor der EU auszubauen. Das Ziel: 20 Milliarden Kubikmeter aserbaidschanisches Erdgas pro Jahr f\u00fcr die EU ab 2027. Im Jahr 2022 lieferte Baku 11,4 Milliarden Kubikmeter Erdgas.\u00a0<\/p>\n<p>Die Gefahr, dass Baku &#8220;im Windschatten&#8221; des Ukraine- und Nahost-Konflikts, wie Roth im <em>Deutschlandfunk\u00a0<\/em>warnte, erneut seine Ziele milit\u00e4risch vorantreiben k\u00f6nnte, bleibt in der Tat erhalten. Dass die EU aktiv wird und Roths Forderung auf der Plattform X folgt, jetzt &#8220;den Turbo einzulegen&#8221;, um Armenien auf dem Weg in Richtung EU zu helfen, scheint hingegen wenig aussichtsreich. Falls Aserbaidschan in absehbarer Zeit eine Landbr\u00fccke durch Armeinen zu der Autonomen Republik Nachitschewan schlagen wird, den Sangesur-Korridor, werden weder Br\u00fcssel, noch Paris oder Berlin vermittelnd eingreifen. Irgendjemand muss schlie\u00dflich die\u00a0fehlenden Erdgaslieferungen aus Russland ersetzen.<\/p>\n<p><strong>Mehr zum Thema\u00a0<\/strong>\u2013\u00a0<a rel=\"nofollow noopener\" target=\"_blank\" href=\"https:\/\/freedert.online\/international\/185010-eriwan-sieht-keinen-nutzen-aus\/\">Eriwan sieht &#8220;keinen Nutzen&#8221; in der milit\u00e4rischen Pr\u00e4senz Russlands \u2013 Kreml wartet auf Erkl\u00e4rungen<\/a><\/p>\n<div class=\"EmbedBlock-root EmbedBlock-externalVideo EmbedBlock-odysee\">\n<div class=\"VkEmbed\"><iframe class=\"lazyload\" data-src=\"https:\/\/odysee.com\/%24\/embed\/%40RTDE%3Ae%2Flawrow-in-teheran-aserbaidschanisch-armenischer-normalisierungsprozess-auf-der-agenda%3A2\" frameborder=\"0\" width=\"853\" height=\"480\" allowfullscreen><\/iframe><\/div>\n<\/div>\n<\/div>\n<p><br \/>\n<br \/><a href=\"https:\/\/de.rt.com\/europa\/184993-spd-aussenpolitiker-fordert-engagement-in\/\">Source link <\/a><\/p>\n","protected":false},"excerpt":{"rendered":"<p>Laut dem Bundestagsabgeordneten und Vorsitzenden des Ausw\u00e4rtigen Ausschusses, Michael Roth, verliere die EU aktuell ihre Kraft als &#8220;demokratisches Bollwerk&#8221; und &#8220;Friedensstifter&#8221;. Angesichts der Brandherde in der Ukraine und im Nahen Osten scheinen die Europ\u00e4ische Union (EU) und ihre Mitgliedstaaten den Konflikt zwischen Armenien und Aserbaidschan\u00a0aus den Augen verloren zu haben. Der Bundestagsabgeordnete und Vorsitzender des [&hellip;]<\/p>\n","protected":false},"author":3,"featured_media":48778,"comment_status":"open","ping_status":"open","sticky":false,"template":"","format":"standard","meta":{"_yoast_indexnow_last_ping":["1698349349"],"wp_automatic_camp":["217"],"e339a6223e57a315d3e104fd27031fa0":["SPD-Au\u00dfenpolitiker fordert Engagement in Armenien \u2013 EU hat kein Interesse"],"original_link":["https:\/\/de.rt.com\/europa\/184993-spd-aussenpolitiker-fordert-engagement-in\/"],"_thumbnail_id":["48778"],"jnews_social_counter_last_update":["1777352015"],"_wptgpro_p2tg_sent2tg":["a:1:{i:23737;s:19:\"2023-10-26 21:43:47\";}"]},"categories":[19,23],"tags":[10002,231,355,423,19855,2030,20403],"yoast_head":"<!-- This site is optimized with the Yoast SEO Premium plugin v22.7 (Yoast SEO v22.7) - https:\/\/yoast.com\/wordpress\/plugins\/seo\/ -->\n<title>SPD-Au\u00dfenpolitiker fordert Engagement in Armenien \u2013 EU hat kein Interesse - just-now.NEWS Deutschland<\/title>\n<meta name=\"robots\" content=\"index, follow, max-snippet:-1, max-image-preview:large, max-video-preview:-1\" \/>\n<link rel=\"canonical\" href=\"https:\/\/now-news.de\/de\/deutschland\/spd-aussenpolitiker-fordert-engagement-in-armenien-eu-hat-kein-interesse\/\" \/>\n<meta property=\"og:locale\" content=\"de_DE\" \/>\n<meta property=\"og:type\" content=\"article\" \/>\n<meta property=\"og:title\" content=\"SPD-Au\u00dfenpolitiker fordert Engagement in Armenien \u2013 EU hat kein Interesse\" \/>\n<meta property=\"og:description\" content=\"Laut dem Bundestagsabgeordneten und Vorsitzenden des Ausw\u00e4rtigen Ausschusses, Michael Roth, verliere die EU aktuell ihre Kraft als &#8220;demokratisches Bollwerk&#8221; und &#8220;Friedensstifter&#8221;. Angesichts der Brandherde in der Ukraine und im Nahen Osten scheinen die Europ\u00e4ische Union (EU) und ihre Mitgliedstaaten den Konflikt zwischen Armenien und Aserbaidschan\u00a0aus den Augen verloren zu haben. Der Bundestagsabgeordnete und Vorsitzender des [&hellip;]\" \/>\n<meta property=\"og:url\" content=\"https:\/\/now-news.de\/de\/deutschland\/spd-aussenpolitiker-fordert-engagement-in-armenien-eu-hat-kein-interesse\/\" \/>\n<meta property=\"og:site_name\" content=\"just-now.NEWS Deutschland\" \/>\n<meta property=\"article:publisher\" content=\"https:\/\/www.facebook.com\/wirmachenauf\" \/>\n<meta property=\"article:published_time\" content=\"2023-10-26T19:34:04+00:00\" \/>\n<meta property=\"og:image\" content=\"https:\/\/now-news.de\/de\/wp-content\/uploads\/sites\/3\/2023\/10\/SPD-Aussenpolitiker-fordert-Engagement-in-Armenien-\u2013-EU-hat-kein-Interesse.jpg\" \/>\n\t<meta property=\"og:image:width\" content=\"460\" \/>\n\t<meta property=\"og:image:height\" content=\"259\" \/>\n\t<meta property=\"og:image:type\" content=\"image\/jpeg\" \/>\n<meta name=\"author\" content=\"rtnews\" \/>\n<meta name=\"twitter:card\" content=\"summary_large_image\" \/>\n<meta name=\"twitter:creator\" content=\"@WirMachenAuf_de\" \/>\n<meta name=\"twitter:site\" content=\"@WirMachenAuf_de\" \/>\n<meta name=\"twitter:label1\" content=\"Verfasst von\" \/>\n\t<meta name=\"twitter:data1\" content=\"rtnews\" \/>\n\t<meta name=\"twitter:label2\" content=\"Gesch\u00e4tzte Lesezeit\" \/>\n\t<meta name=\"twitter:data2\" content=\"6\u00a0Minuten\" \/>\n<script type=\"application\/ld+json\" class=\"yoast-schema-graph\">{\"@context\":\"https:\/\/schema.org\",\"@graph\":[{\"@type\":\"Article\",\"@id\":\"https:\/\/now-news.de\/de\/deutschland\/spd-aussenpolitiker-fordert-engagement-in-armenien-eu-hat-kein-interesse\/#article\",\"isPartOf\":{\"@id\":\"https:\/\/now-news.de\/de\/deutschland\/spd-aussenpolitiker-fordert-engagement-in-armenien-eu-hat-kein-interesse\/\"},\"author\":{\"name\":\"rtnews\",\"@id\":\"https:\/\/now-news.de\/de\/#\/schema\/person\/fb534a4e865501d8b3285208df34a9b5\"},\"headline\":\"SPD-Au\u00dfenpolitiker fordert Engagement in Armenien \u2013 EU hat kein Interesse\",\"datePublished\":\"2023-10-26T19:34:04+00:00\",\"dateModified\":\"2023-10-26T19:34:04+00:00\",\"mainEntityOfPage\":{\"@id\":\"https:\/\/now-news.de\/de\/deutschland\/spd-aussenpolitiker-fordert-engagement-in-armenien-eu-hat-kein-interesse\/\"},\"wordCount\":1140,\"commentCount\":0,\"publisher\":{\"@id\":\"https:\/\/now-news.de\/de\/#organization\"},\"image\":{\"@id\":\"https:\/\/now-news.de\/de\/deutschland\/spd-aussenpolitiker-fordert-engagement-in-armenien-eu-hat-kein-interesse\/#primaryimage\"},\"thumbnailUrl\":\"https:\/\/now-news.de\/de\/wp-content\/uploads\/sites\/3\/2023\/10\/SPD-Aussenpolitiker-fordert-Engagement-in-Armenien-\u2013-EU-hat-kein-Interesse.jpg\",\"keywords\":[\"Armenien\",\"Engagement\",\"fordert\",\"hat\",\"Interesse\",\"Kein\",\"SPDAu\u00dfenpolitiker\"],\"articleSection\":[\"Deutschland\",\"Russland\"],\"inLanguage\":\"de\",\"potentialAction\":[{\"@type\":\"CommentAction\",\"name\":\"Comment\",\"target\":[\"https:\/\/now-news.de\/de\/deutschland\/spd-aussenpolitiker-fordert-engagement-in-armenien-eu-hat-kein-interesse\/#respond\"]}]},{\"@type\":\"WebPage\",\"@id\":\"https:\/\/now-news.de\/de\/deutschland\/spd-aussenpolitiker-fordert-engagement-in-armenien-eu-hat-kein-interesse\/\",\"url\":\"https:\/\/now-news.de\/de\/deutschland\/spd-aussenpolitiker-fordert-engagement-in-armenien-eu-hat-kein-interesse\/\",\"name\":\"SPD-Au\u00dfenpolitiker fordert Engagement in Armenien \u2013 EU hat kein Interesse - just-now.NEWS Deutschland\",\"isPartOf\":{\"@id\":\"https:\/\/now-news.de\/de\/#website\"},\"primaryImageOfPage\":{\"@id\":\"https:\/\/now-news.de\/de\/deutschland\/spd-aussenpolitiker-fordert-engagement-in-armenien-eu-hat-kein-interesse\/#primaryimage\"},\"image\":{\"@id\":\"https:\/\/now-news.de\/de\/deutschland\/spd-aussenpolitiker-fordert-engagement-in-armenien-eu-hat-kein-interesse\/#primaryimage\"},\"thumbnailUrl\":\"https:\/\/now-news.de\/de\/wp-content\/uploads\/sites\/3\/2023\/10\/SPD-Aussenpolitiker-fordert-Engagement-in-Armenien-\u2013-EU-hat-kein-Interesse.jpg\",\"datePublished\":\"2023-10-26T19:34:04+00:00\",\"dateModified\":\"2023-10-26T19:34:04+00:00\",\"breadcrumb\":{\"@id\":\"https:\/\/now-news.de\/de\/deutschland\/spd-aussenpolitiker-fordert-engagement-in-armenien-eu-hat-kein-interesse\/#breadcrumb\"},\"inLanguage\":\"de\",\"potentialAction\":[{\"@type\":\"ReadAction\",\"target\":[\"https:\/\/now-news.de\/de\/deutschland\/spd-aussenpolitiker-fordert-engagement-in-armenien-eu-hat-kein-interesse\/\"]}]},{\"@type\":\"ImageObject\",\"inLanguage\":\"de\",\"@id\":\"https:\/\/now-news.de\/de\/deutschland\/spd-aussenpolitiker-fordert-engagement-in-armenien-eu-hat-kein-interesse\/#primaryimage\",\"url\":\"https:\/\/now-news.de\/de\/wp-content\/uploads\/sites\/3\/2023\/10\/SPD-Aussenpolitiker-fordert-Engagement-in-Armenien-\u2013-EU-hat-kein-Interesse.jpg\",\"contentUrl\":\"https:\/\/now-news.de\/de\/wp-content\/uploads\/sites\/3\/2023\/10\/SPD-Aussenpolitiker-fordert-Engagement-in-Armenien-\u2013-EU-hat-kein-Interesse.jpg\",\"width\":460,\"height\":259,\"caption\":\"SPD-Au\u00dfenpolitiker fordert Engagement in Armenien \u2013 EU hat kein Interesse\"},{\"@type\":\"BreadcrumbList\",\"@id\":\"https:\/\/now-news.de\/de\/deutschland\/spd-aussenpolitiker-fordert-engagement-in-armenien-eu-hat-kein-interesse\/#breadcrumb\",\"itemListElement\":[{\"@type\":\"ListItem\",\"position\":1,\"name\":\"Home\",\"item\":\"https:\/\/now-news.de\/de\/\"},{\"@type\":\"ListItem\",\"position\":2,\"name\":\"SPD-Au\u00dfenpolitiker fordert Engagement in Armenien \u2013 EU hat kein Interesse\"}]},{\"@type\":\"WebSite\",\"@id\":\"https:\/\/now-news.de\/de\/#website\",\"url\":\"https:\/\/now-news.de\/de\/\",\"name\":\"just-now.NEWS Deutschland\",\"description\":\"Das Portal f\u00fcr unzensierte Nachrichten aus der Welt\",\"publisher\":{\"@id\":\"https:\/\/now-news.de\/de\/#organization\"},\"potentialAction\":[{\"@type\":\"SearchAction\",\"target\":{\"@type\":\"EntryPoint\",\"urlTemplate\":\"https:\/\/now-news.de\/de\/?s={search_term_string}\"},\"query-input\":\"required name=search_term_string\"}],\"inLanguage\":\"de\"},{\"@type\":\"Organization\",\"@id\":\"https:\/\/now-news.de\/de\/#organization\",\"name\":\"Just Now News\",\"url\":\"https:\/\/now-news.de\/de\/\",\"logo\":{\"@type\":\"ImageObject\",\"inLanguage\":\"de\",\"@id\":\"https:\/\/now-news.de\/de\/#\/schema\/logo\/image\/\",\"url\":\"http:\/\/just-now.news\/de\/wp-content\/uploads\/sites\/3\/2022\/04\/logo500x500.jpg\",\"contentUrl\":\"http:\/\/just-now.news\/de\/wp-content\/uploads\/sites\/3\/2022\/04\/logo500x500.jpg\",\"width\":500,\"height\":500,\"caption\":\"Just Now News\"},\"image\":{\"@id\":\"https:\/\/now-news.de\/de\/#\/schema\/logo\/image\/\"},\"sameAs\":[\"https:\/\/www.facebook.com\/wirmachenauf\",\"https:\/\/x.com\/WirMachenAuf_de\"]},{\"@type\":\"Person\",\"@id\":\"https:\/\/now-news.de\/de\/#\/schema\/person\/fb534a4e865501d8b3285208df34a9b5\",\"name\":\"rtnews\",\"image\":{\"@type\":\"ImageObject\",\"inLanguage\":\"de\",\"@id\":\"https:\/\/now-news.de\/de\/#\/schema\/person\/image\/\",\"url\":\"https:\/\/secure.gravatar.com\/avatar\/82aafea7d8127119dd649515f56e2117?s=96&d=mm&r=g\",\"contentUrl\":\"https:\/\/secure.gravatar.com\/avatar\/82aafea7d8127119dd649515f56e2117?s=96&d=mm&r=g\",\"caption\":\"rtnews\"},\"url\":\"https:\/\/now-news.de\/de\/author\/rnews\/\"}]}<\/script>\n<!-- \/ Yoast SEO Premium plugin. -->","yoast_head_json":{"title":"SPD-Au\u00dfenpolitiker fordert Engagement in Armenien \u2013 EU hat kein Interesse - just-now.NEWS Deutschland","robots":{"index":"index","follow":"follow","max-snippet":"max-snippet:-1","max-image-preview":"max-image-preview:large","max-video-preview":"max-video-preview:-1"},"canonical":"https:\/\/now-news.de\/de\/deutschland\/spd-aussenpolitiker-fordert-engagement-in-armenien-eu-hat-kein-interesse\/","og_locale":"de_DE","og_type":"article","og_title":"SPD-Au\u00dfenpolitiker fordert Engagement in Armenien \u2013 EU hat kein Interesse","og_description":"Laut dem Bundestagsabgeordneten und Vorsitzenden des Ausw\u00e4rtigen Ausschusses, Michael Roth, verliere die EU aktuell ihre Kraft als &#8220;demokratisches Bollwerk&#8221; und &#8220;Friedensstifter&#8221;. Angesichts der Brandherde in der Ukraine und im Nahen Osten scheinen die Europ\u00e4ische Union (EU) und ihre Mitgliedstaaten den Konflikt zwischen Armenien und Aserbaidschan\u00a0aus den Augen verloren zu haben. Der Bundestagsabgeordnete und Vorsitzender des [&hellip;]","og_url":"https:\/\/now-news.de\/de\/deutschland\/spd-aussenpolitiker-fordert-engagement-in-armenien-eu-hat-kein-interesse\/","og_site_name":"just-now.NEWS Deutschland","article_publisher":"https:\/\/www.facebook.com\/wirmachenauf","article_published_time":"2023-10-26T19:34:04+00:00","og_image":[{"width":460,"height":259,"url":"https:\/\/now-news.de\/de\/wp-content\/uploads\/sites\/3\/2023\/10\/SPD-Aussenpolitiker-fordert-Engagement-in-Armenien-\u2013-EU-hat-kein-Interesse.jpg","type":"image\/jpeg"}],"author":"rtnews","twitter_card":"summary_large_image","twitter_creator":"@WirMachenAuf_de","twitter_site":"@WirMachenAuf_de","twitter_misc":{"Verfasst von":"rtnews","Gesch\u00e4tzte Lesezeit":"6\u00a0Minuten"},"schema":{"@context":"https:\/\/schema.org","@graph":[{"@type":"Article","@id":"https:\/\/now-news.de\/de\/deutschland\/spd-aussenpolitiker-fordert-engagement-in-armenien-eu-hat-kein-interesse\/#article","isPartOf":{"@id":"https:\/\/now-news.de\/de\/deutschland\/spd-aussenpolitiker-fordert-engagement-in-armenien-eu-hat-kein-interesse\/"},"author":{"name":"rtnews","@id":"https:\/\/now-news.de\/de\/#\/schema\/person\/fb534a4e865501d8b3285208df34a9b5"},"headline":"SPD-Au\u00dfenpolitiker fordert Engagement in Armenien \u2013 EU hat kein Interesse","datePublished":"2023-10-26T19:34:04+00:00","dateModified":"2023-10-26T19:34:04+00:00","mainEntityOfPage":{"@id":"https:\/\/now-news.de\/de\/deutschland\/spd-aussenpolitiker-fordert-engagement-in-armenien-eu-hat-kein-interesse\/"},"wordCount":1140,"commentCount":0,"publisher":{"@id":"https:\/\/now-news.de\/de\/#organization"},"image":{"@id":"https:\/\/now-news.de\/de\/deutschland\/spd-aussenpolitiker-fordert-engagement-in-armenien-eu-hat-kein-interesse\/#primaryimage"},"thumbnailUrl":"https:\/\/now-news.de\/de\/wp-content\/uploads\/sites\/3\/2023\/10\/SPD-Aussenpolitiker-fordert-Engagement-in-Armenien-\u2013-EU-hat-kein-Interesse.jpg","keywords":["Armenien","Engagement","fordert","hat","Interesse","Kein","SPDAu\u00dfenpolitiker"],"articleSection":["Deutschland","Russland"],"inLanguage":"de","potentialAction":[{"@type":"CommentAction","name":"Comment","target":["https:\/\/now-news.de\/de\/deutschland\/spd-aussenpolitiker-fordert-engagement-in-armenien-eu-hat-kein-interesse\/#respond"]}]},{"@type":"WebPage","@id":"https:\/\/now-news.de\/de\/deutschland\/spd-aussenpolitiker-fordert-engagement-in-armenien-eu-hat-kein-interesse\/","url":"https:\/\/now-news.de\/de\/deutschland\/spd-aussenpolitiker-fordert-engagement-in-armenien-eu-hat-kein-interesse\/","name":"SPD-Au\u00dfenpolitiker fordert Engagement in Armenien \u2013 EU hat kein Interesse - just-now.NEWS Deutschland","isPartOf":{"@id":"https:\/\/now-news.de\/de\/#website"},"primaryImageOfPage":{"@id":"https:\/\/now-news.de\/de\/deutschland\/spd-aussenpolitiker-fordert-engagement-in-armenien-eu-hat-kein-interesse\/#primaryimage"},"image":{"@id":"https:\/\/now-news.de\/de\/deutschland\/spd-aussenpolitiker-fordert-engagement-in-armenien-eu-hat-kein-interesse\/#primaryimage"},"thumbnailUrl":"https:\/\/now-news.de\/de\/wp-content\/uploads\/sites\/3\/2023\/10\/SPD-Aussenpolitiker-fordert-Engagement-in-Armenien-\u2013-EU-hat-kein-Interesse.jpg","datePublished":"2023-10-26T19:34:04+00:00","dateModified":"2023-10-26T19:34:04+00:00","breadcrumb":{"@id":"https:\/\/now-news.de\/de\/deutschland\/spd-aussenpolitiker-fordert-engagement-in-armenien-eu-hat-kein-interesse\/#breadcrumb"},"inLanguage":"de","potentialAction":[{"@type":"ReadAction","target":["https:\/\/now-news.de\/de\/deutschland\/spd-aussenpolitiker-fordert-engagement-in-armenien-eu-hat-kein-interesse\/"]}]},{"@type":"ImageObject","inLanguage":"de","@id":"https:\/\/now-news.de\/de\/deutschland\/spd-aussenpolitiker-fordert-engagement-in-armenien-eu-hat-kein-interesse\/#primaryimage","url":"https:\/\/now-news.de\/de\/wp-content\/uploads\/sites\/3\/2023\/10\/SPD-Aussenpolitiker-fordert-Engagement-in-Armenien-\u2013-EU-hat-kein-Interesse.jpg","contentUrl":"https:\/\/now-news.de\/de\/wp-content\/uploads\/sites\/3\/2023\/10\/SPD-Aussenpolitiker-fordert-Engagement-in-Armenien-\u2013-EU-hat-kein-Interesse.jpg","width":460,"height":259,"caption":"SPD-Au\u00dfenpolitiker fordert Engagement in Armenien \u2013 EU hat kein Interesse"},{"@type":"BreadcrumbList","@id":"https:\/\/now-news.de\/de\/deutschland\/spd-aussenpolitiker-fordert-engagement-in-armenien-eu-hat-kein-interesse\/#breadcrumb","itemListElement":[{"@type":"ListItem","position":1,"name":"Home","item":"https:\/\/now-news.de\/de\/"},{"@type":"ListItem","position":2,"name":"SPD-Au\u00dfenpolitiker fordert Engagement in Armenien \u2013 EU hat kein Interesse"}]},{"@type":"WebSite","@id":"https:\/\/now-news.de\/de\/#website","url":"https:\/\/now-news.de\/de\/","name":"just-now.NEWS Deutschland","description":"Das Portal f\u00fcr unzensierte Nachrichten aus der Welt","publisher":{"@id":"https:\/\/now-news.de\/de\/#organization"},"potentialAction":[{"@type":"SearchAction","target":{"@type":"EntryPoint","urlTemplate":"https:\/\/now-news.de\/de\/?s={search_term_string}"},"query-input":"required name=search_term_string"}],"inLanguage":"de"},{"@type":"Organization","@id":"https:\/\/now-news.de\/de\/#organization","name":"Just Now News","url":"https:\/\/now-news.de\/de\/","logo":{"@type":"ImageObject","inLanguage":"de","@id":"https:\/\/now-news.de\/de\/#\/schema\/logo\/image\/","url":"http:\/\/just-now.news\/de\/wp-content\/uploads\/sites\/3\/2022\/04\/logo500x500.jpg","contentUrl":"http:\/\/just-now.news\/de\/wp-content\/uploads\/sites\/3\/2022\/04\/logo500x500.jpg","width":500,"height":500,"caption":"Just Now News"},"image":{"@id":"https:\/\/now-news.de\/de\/#\/schema\/logo\/image\/"},"sameAs":["https:\/\/www.facebook.com\/wirmachenauf","https:\/\/x.com\/WirMachenAuf_de"]},{"@type":"Person","@id":"https:\/\/now-news.de\/de\/#\/schema\/person\/fb534a4e865501d8b3285208df34a9b5","name":"rtnews","image":{"@type":"ImageObject","inLanguage":"de","@id":"https:\/\/now-news.de\/de\/#\/schema\/person\/image\/","url":"https:\/\/secure.gravatar.com\/avatar\/82aafea7d8127119dd649515f56e2117?s=96&d=mm&r=g","contentUrl":"https:\/\/secure.gravatar.com\/avatar\/82aafea7d8127119dd649515f56e2117?s=96&d=mm&r=g","caption":"rtnews"},"url":"https:\/\/now-news.de\/de\/author\/rnews\/"}]}},"_links":{"self":[{"href":"https:\/\/now-news.de\/de\/wp-json\/wp\/v2\/posts\/48777"}],"collection":[{"href":"https:\/\/now-news.de\/de\/wp-json\/wp\/v2\/posts"}],"about":[{"href":"https:\/\/now-news.de\/de\/wp-json\/wp\/v2\/types\/post"}],"author":[{"embeddable":true,"href":"https:\/\/now-news.de\/de\/wp-json\/wp\/v2\/users\/3"}],"replies":[{"embeddable":true,"href":"https:\/\/now-news.de\/de\/wp-json\/wp\/v2\/comments?post=48777"}],"version-history":[{"count":0,"href":"https:\/\/now-news.de\/de\/wp-json\/wp\/v2\/posts\/48777\/revisions"}],"wp:featuredmedia":[{"embeddable":true,"href":"https:\/\/now-news.de\/de\/wp-json\/wp\/v2\/media\/48778"}],"wp:attachment":[{"href":"https:\/\/now-news.de\/de\/wp-json\/wp\/v2\/media?parent=48777"}],"wp:term":[{"taxonomy":"category","embeddable":true,"href":"https:\/\/now-news.de\/de\/wp-json\/wp\/v2\/categories?post=48777"},{"taxonomy":"post_tag","embeddable":true,"href":"https:\/\/now-news.de\/de\/wp-json\/wp\/v2\/tags?post=48777"}],"curies":[{"name":"wp","href":"https:\/\/api.w.org\/{rel}","templated":true}]}}