{"id":48693,"date":"2023-10-25T13:11:22","date_gmt":"2023-10-25T11:11:22","guid":{"rendered":"https:\/\/just-now.news\/de\/deutschland\/bundesregierung-naht-ein-koalitionsbruch\/"},"modified":"2023-10-25T13:11:22","modified_gmt":"2023-10-25T11:11:22","slug":"bundesregierung-naht-ein-koalitionsbruch","status":"publish","type":"post","link":"https:\/\/now-news.de\/de\/deutschland\/bundesregierung-naht-ein-koalitionsbruch\/","title":{"rendered":"Bundesregierung: Naht ein Koalitionsbruch?"},"content":{"rendered":"<p><img decoding=\"async\" src=\"http:\/\/just-now.news\/de\/wp-content\/uploads\/sites\/3\/2023\/10\/6537ef87b480cc17d244f1ab.jpg\" \/><\/p>\n<div class=\"Text-root Text-type_1 \">\n                Schon eigenartig, diese abrupte Wende in der Migrationsfrage. Und gleichzeitig kursieren Ger\u00fcchte, es k\u00f6nnte neuerlich zu einer Gro\u00dfen Koalition kommen. Zweifelsohne ist die Bilanz der Ampel katastrophal. Aber w\u00fcrde eine R\u00fcckkehr zum Zustand unter Merkel etwas bessern?\n            <\/div>\n<p><\/p>\n<div class=\"Text-root Text-type_5 ArticleView-text ViewText-root \">\n<p><em>Von Dagmar Henn<\/em><\/p>\n<p>Wenn sich inzwischen die Ger\u00fcchte verdichten, es k\u00f6nne eventuell zu einem Koalitionswechsel kommen, und zwar wieder zur\u00fcck zu einer Gro\u00dfen Koalition, dann gibt es daf\u00fcr eine Reihe von Gr\u00fcnden, die in der bisherigen Berichterstattung nicht aufgetaucht sind.<\/p>\n<p>Ausl\u00f6ser sei die <a rel=\"nofollow noopener\" target=\"_blank\" href=\"https:\/\/www.n-tv.de\/der_tag\/Soeder-fordert-Regierung-der-nationalen-Vernunft-gegen-Migration-article24478003.html\">Aufforderung<\/a> des bayerischen Ministerpr\u00e4sidenten Markus S\u00f6der vor einigen Tagen, der eine &#8220;Regierung der nationalen Vernunft&#8221; gefordert hatte, um das Thema Migration in den Griff zu bekommen. Klar, dass die Gr\u00fcnen dabei \u2013 zumindest an der Oberfl\u00e4che \u2013 das gr\u00f6\u00dfte Hindernis darstellen (tats\u00e4chlich sind es Entscheidungen auf EU-Ebene), und der Bundeskanzler Olaf Scholz hat mit Sicherheit ein gr\u00f6\u00dferes H\u00fchnchen mit ihnen zu rupfen, weil die gr\u00fcn forcierte Politik etwa beim Heizungsgesetz bisher vor allem zu einem Absturz der SPD in den Prognosen der W\u00e4hlergunst gef\u00fchrt hat.<\/p>\n<p>Gleichzeitig treibt sie alle die Angst vor der AfD um, wegen der man zumindest so tun muss, als k\u00f6nne und wolle man an der Lage etwas \u00e4ndern. Und die CSU hat ein Problem mit der j\u00fcngsten Wahlrechts\u00e4nderung, nach der Direktmandate bei der Frage des Einzugs in den Bundestag nicht mehr z\u00e4hlen. Das k\u00f6nnte n\u00e4mlich bedeuten, dass die bayerische Partei auch dann aus dem Deutschen Bundestag fliegt, wenn sie die meisten Direktmandate in Bayern holt \u2013 weil sie bundesweit an der F\u00fcnf-Prozent-H\u00fcrde scheitert. Eine juristische Absurdit\u00e4t zwar, die aber vermutlich fr\u00fchestens nach einem langen Verfahren vor dem Bundesverfassungsgericht wieder verschwinden wird. Eine erneute Beteiligung an der Bundesregierung k\u00f6nnte die Chancen verbessern, im Bundestag zu bleiben.<\/p>\n<p>Die Stimmung in der Koalition sei, so <a rel=\"nofollow noopener\" target=\"_blank\" href=\"https:\/\/www.n-tv.de\/politik\/politik_person_der_woche\/Deutschlandpakt-Regierung-ist-mehr-als-ein-Geruecht-platzt-jetzt-die-Ampel-article24484819.html\">zitiert<\/a>\u00a0<em>ntv<\/em> Regierungsmitarbeiter, &#8220;&#8216;miserabel&#8217; bis &#8216;vergiftet'&#8221;. Die SPD-Basis sei &#8220;regelrecht geschockt&#8221; von den Wahlergebnissen und Umfragen. Der Bericht vermittelt den Eindruck, noch sei in der Fraktion die Stimmung eher dagegen, aber den Ausschlag k\u00f6nne Bundeskanzler Olaf Scholz geben. Wenn er einen Wechsel beschlie\u00dfen w\u00fcrde, weil Die Gr\u00fcnen gr\u00f6\u00dfere Korrekturen in der Migrationspolitik blockierten, dann w\u00fcrde ihm die Bundestagsfraktion folgen. Entscheiden w\u00fcrde sich das bereits bis zum 6. November; an diesem Datum w\u00fcrden gegebenenfalls die Verhandlungen beginnen.<\/p>\n<p>Es ist nat\u00fcrlich m\u00f6glich, dass solche Meldungen ein Man\u00f6ver sind, um Druck auf den gr\u00fcnen Koalitionspartner auszu\u00fcben. Aber es ist eine Tatsache, dass gerade die von den Gr\u00fcnen forcierten Projekte \u2013 die Zerst\u00f6rung der Energiesicherheit und das Heizungsgesetz \u2013 vor allem zu Lasten der einstigen SPD-Klientel gehen. Die W\u00e4hlerschaft der Gr\u00fcnen \u00e4hnelt sozial eher derjenigen der FDP, da baut man sich gerne eine Solaranlage aufs Eigenheim oder kauft ein Elektroauto, um vermeintlich moralisch sauber protzen zu k\u00f6nnen. Da ist das, was in weiten Teilen der Bev\u00f6lkerung das allt\u00e4gliche Leben erschwert, eher eine g\u00fcnstige Gelegenheit, sich vom P\u00f6bel abzuheben.<\/p>\n<p>Jenseits der Biomarkt-Klientel sind jedoch die tats\u00e4chlichen Auswirkungen sowohl der ideologisierten Energiepolitik wie auch der Sanktionen t\u00e4glich sp\u00fcrbar, ebenso wie die Katastrophe auf dem Wohnungsmarkt, die durch Heizungsgesetz und Migration noch einmal weiter befeuert wird. Genau das zeigt sich in der Entwicklung der Umfragen \u2013 nicht nur bei der SPD, sondern auch bei der Linken, deren W\u00e4hlerschaft sich immer weiter hin zum Spektrum der Gr\u00fcnen-W\u00e4hler verschiebt.<\/p>\n<p>Der absurde Effekt w\u00e4re also \u2013 sollte es zu einem Koalitionswechsel kommen \u2013, dass ein tiefes Unbehagen an einer antisozialen Politik durch ein neues Regierungsb\u00fcndnis mit einer CDU\/CSU unter dem Erz-Neoliberalen Merz aufgefangen werden soll. Mit der Begr\u00fcndung, man m\u00fcsse jetzt in Bezug auf die unkontrollierte Einwanderung eingreifen. Eine Einwanderung, die vor acht Jahren unter einer ebensolchen Koalition forciert worden war.<\/p>\n<p>Schlie\u00dflich sollte man nicht vergessen, dass der wichtigste Ausl\u00f6ser die Halbierung der europ\u00e4ischen Beitr\u00e4ge zum Fl\u00fcchtlingshilfswerk der UN war, was dazu f\u00fchrte, dass in den Fl\u00fcchtlingslagern in der T\u00fcrkei monatlich nur noch 15 statt wie zuvor 30 US-Dollar pro Person f\u00fcr die Ern\u00e4hrung zur Verf\u00fcgung standen.<\/p>\n<p>Mittlerweile ist die Massenmigration ein gro\u00dfes internationales Gesch\u00e4ftsfeld, das verl\u00e4sslich in den H\u00e4nden des qualifizierten kriminellen Personals liegt \u2013 was aber in Deutschland nie thematisiert werden durfte, weil schlie\u00dflich das &#8220;Wir schaffen das&#8221; nicht gef\u00e4hrdet werden durfte. Und zwar ungeachtet der Tatsache, dass die wirkliche F\u00fcrsorge f\u00fcr die so gro\u00dfz\u00fcgig Eingeladenen eher Mangelware war, jede M\u00f6glichkeit, dadurch Gesch\u00e4fte auf Steuerkosten zu machen \u2013 von Sprachkursen bis zu Unterk\u00fcnften \u2013 jedoch weidlich genutzt wurde.<\/p>\n<p>Nat\u00fcrlich wissen alle Beteiligten, dass nach EU-Recht eine Grenzkontrolle nur zeitlich und r\u00e4umlich begrenzt m\u00f6glich w\u00e4re. Das hei\u00dft, entweder m\u00fcsste sich eine deutsche Regierung daranmachen, dieses Recht zu \u00e4ndern, oder sie muss nach einer kurzen, durch die Medien getriebenen Anstrengung erkl\u00e4ren, da seien ihr leider die H\u00e4nde gebunden. Dass eine Bundesregierung aus der EU aussteigt, ist eher unwahrscheinlich.<\/p>\n<p>Alle politische Erfahrung der letzten Jahre deutet darauf hin, dass die Show-Nummer das Mittel der Wahl sein wird. Wobei jedoch noch ernsthaft daran gearbeitet wird, wie man m\u00f6glichst unauff\u00e4llig aus dem &#8220;Wir schaffen das&#8221; wieder herauskommt. Der potenzielle Koalitionspartner Friedrich Merz hat dazu gerade erst eine Vorlage geliefert.<\/p>\n<p>Er <a rel=\"nofollow noopener\" target=\"_blank\" href=\"https:\/\/www.welt.de\/politik\/deutschland\/article248144968\/Zuwanderung-Friedrich-Merz-fordert-Einbuergerungen-nur-mit-Bekenntnis-zu-Israel.html\">fordert<\/a> nun n\u00e4mlich, dass sich Einzub\u00fcrgernde &#8220;zur Sicherheit Israels&#8221; bekennen m\u00fcssten. Der interessante Hintergrund: die Einwanderer des Jahres 2015 haben genau jetzt die acht Jahre hinter sich, die sie unter der gegenw\u00e4rtigen gesetzlichen Regelung brauchen, um einen deutschen Pass beantragen zu k\u00f6nnen. Nachdem aber zumindest ein gro\u00dfer Teil der Syrer damals Anh\u00e4nger der Islamisten waren, die man zu jener Zeit mit &#8220;moderate Rebellen&#8221; etikettierte, w\u00e4re ein solcher Punkt die ideale H\u00fcrde, ihnen die Einb\u00fcrgerung zu verweigern.<\/p>\n<p>Und das Sch\u00f6ne ist, dass diese Kehrtwende vollzogen wird, ohne dass irgendeiner der damals Beteiligten (der heutige Bundeskanzler Scholz etwa) auch nur eingestehen m\u00fcsste, dass man an sich etwas ganz anderes damit vorhatte, als eine Million Menschen und mehr dauerhaft aufzunehmen. Erst im vergangenen Jahr konnte man es in Gestalt der ukrainischen Fl\u00fcchtlinge noch einmal erleben, wie die Aufnahme einer gro\u00dfen Anzahl Menschen aus einer bestimmten Region dazu genutzt wurde, um \u2013 vermittelt \u00fcber das aufgerufene Mitleid \u2013 eine bestimmte au\u00dfenpolitische Position durchzusetzen.<\/p>\n<p>Jetzt haben die Syrer des Jahres 2015 ihren Dienst getan, und zwischen der westlichen Niederlage in Syrien und der Gegenwart liegen inzwischen die Ukraine und der Gaza-Streifen. Der Wunsch, unauff\u00e4llig umkehren zu k\u00f6nnen, k\u00f6nnte sogar hinter dem selbst von einigen europ\u00e4ischen Nachbarn mit Verwunderung betrachteten deutschen Mangel an jeder Distanz zur gegenw\u00e4rtigen israelischen Regierung liegen.<\/p>\n<p>Schlie\u00dflich liefert das \u2013 \u00fcber den Umweg, jede Kritik an Israel sei antisemitisch \u2013 den Vorwand, jetzt in vermeintlich unschuldiger Emp\u00f6rung zu erkl\u00e4ren, man habe ja nicht wissen k\u00f6nnen, was man sich da 2015 eingehandelt hatte. Die Gefahr, dass Die Gr\u00fcnen diesen etwas komplexeren Schachzug durchschauen, h\u00e4lt sich in sehr engen Grenzen. Man k\u00f6nnte diese Strategie sogar nutzen, um ihnen zum Abschied noch eins einzuschenken, weil sie gar so blau\u00e4ugig seien, was die Einwanderer betrifft. Schlie\u00dflich liegt Merkels ber\u00fchmter Satz bereits acht Jahre zur\u00fcck.<\/p>\n<p>Eine Einb\u00fcrgerung zu blockieren, den beeinflussbareren Teil der \u00f6ffentlichen Meinung \u00fcber das Thema Antisemitismus zu wenden und dann mit einer gro\u00dfen Theatervorf\u00fchrung eine entschlossene Politik gegen die Einwanderung zu simulieren, k\u00f6nnte \u2013 der Gedanke d\u00fcrfte angesichts der gegenw\u00e4rtigen Umfrageergebnisse nahe liegen \u2013 weit genug von all den anderen aufgeh\u00e4uften Sch\u00e4den ablenken, so dass die Folgen bei den n\u00e4chsten Landtagswahlen begrenzt werden k\u00f6nnten.<\/p>\n<p>Hoffnungen, dass die so verh\u00e4ngnisvolle Gefolgschaft zu den USA oder die Lohndr\u00fcckerei, die den infolge des Verlust der Exportm\u00f6glichkeiten besonders wichtigen Binnenmarkt abw\u00fcrgt, durch einen solchen Koalitionswechsel beendet w\u00fcrden oder gar die Sicherheit der Energieversorgung wiederhergestellt w\u00fcrde, d\u00fcrften sich aber als vergeblich erweisen. Weder der Bundeskanzler Scholz, dessen Mangel an R\u00fcckgrat ein Mitarbeiter h\u00f6chst euphemistisch als sein &#8220;behutsames Naturell&#8221; bezeichnete, noch der eingefleischte Transatlantiker und Neoliberale Friedrich Merz w\u00e4ren dazu willens oder auch nur imstande.<\/p>\n<p>Aber zumindest die Anf\u00e4lle von Fremdscham nach Auftritten von Habeck oder Baerbock blieben vielen k\u00fcnftig erspart.<\/p>\n<p><strong>Mehr zum Thema<\/strong> &#8211;\u00a0<a rel=\"nofollow noopener\" target=\"_blank\" href=\"https:\/\/freedert.online\/inland\/184468-bundestag-im-klimawahn-fast-doppelte\/\">Bundestag im Klimawahn: Fast doppelte Lkw-Maut und Druck f\u00fcr E-Lkw<\/a><\/p>\n<\/p>\n<\/div>\n<p><br \/>\n<br \/><a href=\"https:\/\/de.rt.com\/meinung\/184832-bundesregierung-naht-koalitionsbruch\/\">Source link <\/a><\/p>\n","protected":false},"excerpt":{"rendered":"<p>Schon eigenartig, diese abrupte Wende in der Migrationsfrage. Und gleichzeitig kursieren Ger\u00fcchte, es k\u00f6nnte neuerlich zu einer Gro\u00dfen Koalition kommen. Zweifelsohne ist die Bilanz der Ampel katastrophal. Aber w\u00fcrde eine R\u00fcckkehr zum Zustand unter Merkel etwas bessern? Von Dagmar Henn Wenn sich inzwischen die Ger\u00fcchte verdichten, es k\u00f6nne eventuell zu einem Koalitionswechsel kommen, und zwar [&hellip;]<\/p>\n","protected":false},"author":3,"featured_media":48694,"comment_status":"open","ping_status":"open","sticky":false,"template":"","format":"standard","meta":{"_yoast_indexnow_last_ping":["1698232769"],"wp_automatic_camp":["217"],"4b5d5ffc65fb18507d0e634d8985fb74":["Bundesregierung: Naht ein Koalitionsbruch?"],"original_link":["https:\/\/de.rt.com\/meinung\/184832-bundesregierung-naht-koalitionsbruch\/"],"_thumbnail_id":["48694"],"_wptgpro_p2tg_sent2tg":["a:1:{i:23737;s:19:\"2023-10-25 13:20:27\";}"],"jnews_social_counter_last_update":["1777174141"]},"categories":[19,23],"tags":[3807,357,39527,39671],"yoast_head":"<!-- This site is optimized with the Yoast SEO Premium plugin v22.7 (Yoast SEO v22.7) - https:\/\/yoast.com\/wordpress\/plugins\/seo\/ -->\n<title>Bundesregierung: Naht ein Koalitionsbruch? - just-now.NEWS Deutschland<\/title>\n<meta name=\"robots\" content=\"index, follow, max-snippet:-1, max-image-preview:large, max-video-preview:-1\" \/>\n<link rel=\"canonical\" href=\"https:\/\/now-news.de\/de\/deutschland\/bundesregierung-naht-ein-koalitionsbruch\/\" \/>\n<meta property=\"og:locale\" content=\"de_DE\" \/>\n<meta property=\"og:type\" content=\"article\" \/>\n<meta property=\"og:title\" content=\"Bundesregierung: Naht ein Koalitionsbruch?\" \/>\n<meta property=\"og:description\" content=\"Schon eigenartig, diese abrupte Wende in der Migrationsfrage. Und gleichzeitig kursieren Ger\u00fcchte, es k\u00f6nnte neuerlich zu einer Gro\u00dfen Koalition kommen. Zweifelsohne ist die Bilanz der Ampel katastrophal. Aber w\u00fcrde eine R\u00fcckkehr zum Zustand unter Merkel etwas bessern? Von Dagmar Henn Wenn sich inzwischen die Ger\u00fcchte verdichten, es k\u00f6nne eventuell zu einem Koalitionswechsel kommen, und zwar [&hellip;]\" \/>\n<meta property=\"og:url\" content=\"https:\/\/now-news.de\/de\/deutschland\/bundesregierung-naht-ein-koalitionsbruch\/\" \/>\n<meta property=\"og:site_name\" content=\"just-now.NEWS Deutschland\" \/>\n<meta property=\"article:publisher\" content=\"https:\/\/www.facebook.com\/wirmachenauf\" \/>\n<meta property=\"article:published_time\" content=\"2023-10-25T11:11:22+00:00\" \/>\n<meta property=\"og:image\" content=\"https:\/\/now-news.de\/de\/wp-content\/uploads\/sites\/3\/2023\/10\/Bundesregierung-Naht-ein-Koalitionsbruch.jpg\" \/>\n\t<meta property=\"og:image:width\" content=\"460\" \/>\n\t<meta property=\"og:image:height\" content=\"259\" \/>\n\t<meta property=\"og:image:type\" content=\"image\/jpeg\" \/>\n<meta name=\"author\" content=\"rtnews\" \/>\n<meta name=\"twitter:card\" content=\"summary_large_image\" \/>\n<meta name=\"twitter:creator\" content=\"@WirMachenAuf_de\" \/>\n<meta name=\"twitter:site\" content=\"@WirMachenAuf_de\" \/>\n<meta name=\"twitter:label1\" content=\"Verfasst von\" \/>\n\t<meta name=\"twitter:data1\" content=\"rtnews\" \/>\n\t<meta name=\"twitter:label2\" content=\"Gesch\u00e4tzte Lesezeit\" \/>\n\t<meta name=\"twitter:data2\" content=\"7\u00a0Minuten\" \/>\n<script type=\"application\/ld+json\" class=\"yoast-schema-graph\">{\"@context\":\"https:\/\/schema.org\",\"@graph\":[{\"@type\":\"Article\",\"@id\":\"https:\/\/now-news.de\/de\/deutschland\/bundesregierung-naht-ein-koalitionsbruch\/#article\",\"isPartOf\":{\"@id\":\"https:\/\/now-news.de\/de\/deutschland\/bundesregierung-naht-ein-koalitionsbruch\/\"},\"author\":{\"name\":\"rtnews\",\"@id\":\"https:\/\/now-news.de\/de\/#\/schema\/person\/fb534a4e865501d8b3285208df34a9b5\"},\"headline\":\"Bundesregierung: Naht ein Koalitionsbruch?\",\"datePublished\":\"2023-10-25T11:11:22+00:00\",\"dateModified\":\"2023-10-25T11:11:22+00:00\",\"mainEntityOfPage\":{\"@id\":\"https:\/\/now-news.de\/de\/deutschland\/bundesregierung-naht-ein-koalitionsbruch\/\"},\"wordCount\":1417,\"commentCount\":0,\"publisher\":{\"@id\":\"https:\/\/now-news.de\/de\/#organization\"},\"image\":{\"@id\":\"https:\/\/now-news.de\/de\/deutschland\/bundesregierung-naht-ein-koalitionsbruch\/#primaryimage\"},\"thumbnailUrl\":\"https:\/\/now-news.de\/de\/wp-content\/uploads\/sites\/3\/2023\/10\/Bundesregierung-Naht-ein-Koalitionsbruch.jpg\",\"keywords\":[\"Bundesregierung\",\"ein\",\"Koalitionsbruch\",\"naht\"],\"articleSection\":[\"Deutschland\",\"Russland\"],\"inLanguage\":\"de\",\"potentialAction\":[{\"@type\":\"CommentAction\",\"name\":\"Comment\",\"target\":[\"https:\/\/now-news.de\/de\/deutschland\/bundesregierung-naht-ein-koalitionsbruch\/#respond\"]}]},{\"@type\":\"WebPage\",\"@id\":\"https:\/\/now-news.de\/de\/deutschland\/bundesregierung-naht-ein-koalitionsbruch\/\",\"url\":\"https:\/\/now-news.de\/de\/deutschland\/bundesregierung-naht-ein-koalitionsbruch\/\",\"name\":\"Bundesregierung: Naht ein Koalitionsbruch? - just-now.NEWS Deutschland\",\"isPartOf\":{\"@id\":\"https:\/\/now-news.de\/de\/#website\"},\"primaryImageOfPage\":{\"@id\":\"https:\/\/now-news.de\/de\/deutschland\/bundesregierung-naht-ein-koalitionsbruch\/#primaryimage\"},\"image\":{\"@id\":\"https:\/\/now-news.de\/de\/deutschland\/bundesregierung-naht-ein-koalitionsbruch\/#primaryimage\"},\"thumbnailUrl\":\"https:\/\/now-news.de\/de\/wp-content\/uploads\/sites\/3\/2023\/10\/Bundesregierung-Naht-ein-Koalitionsbruch.jpg\",\"datePublished\":\"2023-10-25T11:11:22+00:00\",\"dateModified\":\"2023-10-25T11:11:22+00:00\",\"breadcrumb\":{\"@id\":\"https:\/\/now-news.de\/de\/deutschland\/bundesregierung-naht-ein-koalitionsbruch\/#breadcrumb\"},\"inLanguage\":\"de\",\"potentialAction\":[{\"@type\":\"ReadAction\",\"target\":[\"https:\/\/now-news.de\/de\/deutschland\/bundesregierung-naht-ein-koalitionsbruch\/\"]}]},{\"@type\":\"ImageObject\",\"inLanguage\":\"de\",\"@id\":\"https:\/\/now-news.de\/de\/deutschland\/bundesregierung-naht-ein-koalitionsbruch\/#primaryimage\",\"url\":\"https:\/\/now-news.de\/de\/wp-content\/uploads\/sites\/3\/2023\/10\/Bundesregierung-Naht-ein-Koalitionsbruch.jpg\",\"contentUrl\":\"https:\/\/now-news.de\/de\/wp-content\/uploads\/sites\/3\/2023\/10\/Bundesregierung-Naht-ein-Koalitionsbruch.jpg\",\"width\":460,\"height\":259,\"caption\":\"Bundesregierung: Naht ein Koalitionsbruch?\"},{\"@type\":\"BreadcrumbList\",\"@id\":\"https:\/\/now-news.de\/de\/deutschland\/bundesregierung-naht-ein-koalitionsbruch\/#breadcrumb\",\"itemListElement\":[{\"@type\":\"ListItem\",\"position\":1,\"name\":\"Home\",\"item\":\"https:\/\/now-news.de\/de\/\"},{\"@type\":\"ListItem\",\"position\":2,\"name\":\"Bundesregierung: Naht ein Koalitionsbruch?\"}]},{\"@type\":\"WebSite\",\"@id\":\"https:\/\/now-news.de\/de\/#website\",\"url\":\"https:\/\/now-news.de\/de\/\",\"name\":\"just-now.NEWS Deutschland\",\"description\":\"Das Portal f\u00fcr unzensierte Nachrichten aus der Welt\",\"publisher\":{\"@id\":\"https:\/\/now-news.de\/de\/#organization\"},\"potentialAction\":[{\"@type\":\"SearchAction\",\"target\":{\"@type\":\"EntryPoint\",\"urlTemplate\":\"https:\/\/now-news.de\/de\/?s={search_term_string}\"},\"query-input\":\"required name=search_term_string\"}],\"inLanguage\":\"de\"},{\"@type\":\"Organization\",\"@id\":\"https:\/\/now-news.de\/de\/#organization\",\"name\":\"Just Now News\",\"url\":\"https:\/\/now-news.de\/de\/\",\"logo\":{\"@type\":\"ImageObject\",\"inLanguage\":\"de\",\"@id\":\"https:\/\/now-news.de\/de\/#\/schema\/logo\/image\/\",\"url\":\"http:\/\/just-now.news\/de\/wp-content\/uploads\/sites\/3\/2022\/04\/logo500x500.jpg\",\"contentUrl\":\"http:\/\/just-now.news\/de\/wp-content\/uploads\/sites\/3\/2022\/04\/logo500x500.jpg\",\"width\":500,\"height\":500,\"caption\":\"Just Now News\"},\"image\":{\"@id\":\"https:\/\/now-news.de\/de\/#\/schema\/logo\/image\/\"},\"sameAs\":[\"https:\/\/www.facebook.com\/wirmachenauf\",\"https:\/\/x.com\/WirMachenAuf_de\"]},{\"@type\":\"Person\",\"@id\":\"https:\/\/now-news.de\/de\/#\/schema\/person\/fb534a4e865501d8b3285208df34a9b5\",\"name\":\"rtnews\",\"image\":{\"@type\":\"ImageObject\",\"inLanguage\":\"de\",\"@id\":\"https:\/\/now-news.de\/de\/#\/schema\/person\/image\/\",\"url\":\"https:\/\/secure.gravatar.com\/avatar\/82aafea7d8127119dd649515f56e2117?s=96&d=mm&r=g\",\"contentUrl\":\"https:\/\/secure.gravatar.com\/avatar\/82aafea7d8127119dd649515f56e2117?s=96&d=mm&r=g\",\"caption\":\"rtnews\"},\"url\":\"https:\/\/now-news.de\/de\/author\/rnews\/\"}]}<\/script>\n<!-- \/ Yoast SEO Premium plugin. -->","yoast_head_json":{"title":"Bundesregierung: Naht ein Koalitionsbruch? - just-now.NEWS Deutschland","robots":{"index":"index","follow":"follow","max-snippet":"max-snippet:-1","max-image-preview":"max-image-preview:large","max-video-preview":"max-video-preview:-1"},"canonical":"https:\/\/now-news.de\/de\/deutschland\/bundesregierung-naht-ein-koalitionsbruch\/","og_locale":"de_DE","og_type":"article","og_title":"Bundesregierung: Naht ein Koalitionsbruch?","og_description":"Schon eigenartig, diese abrupte Wende in der Migrationsfrage. Und gleichzeitig kursieren Ger\u00fcchte, es k\u00f6nnte neuerlich zu einer Gro\u00dfen Koalition kommen. Zweifelsohne ist die Bilanz der Ampel katastrophal. Aber w\u00fcrde eine R\u00fcckkehr zum Zustand unter Merkel etwas bessern? Von Dagmar Henn Wenn sich inzwischen die Ger\u00fcchte verdichten, es k\u00f6nne eventuell zu einem Koalitionswechsel kommen, und zwar [&hellip;]","og_url":"https:\/\/now-news.de\/de\/deutschland\/bundesregierung-naht-ein-koalitionsbruch\/","og_site_name":"just-now.NEWS Deutschland","article_publisher":"https:\/\/www.facebook.com\/wirmachenauf","article_published_time":"2023-10-25T11:11:22+00:00","og_image":[{"width":460,"height":259,"url":"https:\/\/now-news.de\/de\/wp-content\/uploads\/sites\/3\/2023\/10\/Bundesregierung-Naht-ein-Koalitionsbruch.jpg","type":"image\/jpeg"}],"author":"rtnews","twitter_card":"summary_large_image","twitter_creator":"@WirMachenAuf_de","twitter_site":"@WirMachenAuf_de","twitter_misc":{"Verfasst von":"rtnews","Gesch\u00e4tzte Lesezeit":"7\u00a0Minuten"},"schema":{"@context":"https:\/\/schema.org","@graph":[{"@type":"Article","@id":"https:\/\/now-news.de\/de\/deutschland\/bundesregierung-naht-ein-koalitionsbruch\/#article","isPartOf":{"@id":"https:\/\/now-news.de\/de\/deutschland\/bundesregierung-naht-ein-koalitionsbruch\/"},"author":{"name":"rtnews","@id":"https:\/\/now-news.de\/de\/#\/schema\/person\/fb534a4e865501d8b3285208df34a9b5"},"headline":"Bundesregierung: Naht ein Koalitionsbruch?","datePublished":"2023-10-25T11:11:22+00:00","dateModified":"2023-10-25T11:11:22+00:00","mainEntityOfPage":{"@id":"https:\/\/now-news.de\/de\/deutschland\/bundesregierung-naht-ein-koalitionsbruch\/"},"wordCount":1417,"commentCount":0,"publisher":{"@id":"https:\/\/now-news.de\/de\/#organization"},"image":{"@id":"https:\/\/now-news.de\/de\/deutschland\/bundesregierung-naht-ein-koalitionsbruch\/#primaryimage"},"thumbnailUrl":"https:\/\/now-news.de\/de\/wp-content\/uploads\/sites\/3\/2023\/10\/Bundesregierung-Naht-ein-Koalitionsbruch.jpg","keywords":["Bundesregierung","ein","Koalitionsbruch","naht"],"articleSection":["Deutschland","Russland"],"inLanguage":"de","potentialAction":[{"@type":"CommentAction","name":"Comment","target":["https:\/\/now-news.de\/de\/deutschland\/bundesregierung-naht-ein-koalitionsbruch\/#respond"]}]},{"@type":"WebPage","@id":"https:\/\/now-news.de\/de\/deutschland\/bundesregierung-naht-ein-koalitionsbruch\/","url":"https:\/\/now-news.de\/de\/deutschland\/bundesregierung-naht-ein-koalitionsbruch\/","name":"Bundesregierung: Naht ein Koalitionsbruch? - just-now.NEWS Deutschland","isPartOf":{"@id":"https:\/\/now-news.de\/de\/#website"},"primaryImageOfPage":{"@id":"https:\/\/now-news.de\/de\/deutschland\/bundesregierung-naht-ein-koalitionsbruch\/#primaryimage"},"image":{"@id":"https:\/\/now-news.de\/de\/deutschland\/bundesregierung-naht-ein-koalitionsbruch\/#primaryimage"},"thumbnailUrl":"https:\/\/now-news.de\/de\/wp-content\/uploads\/sites\/3\/2023\/10\/Bundesregierung-Naht-ein-Koalitionsbruch.jpg","datePublished":"2023-10-25T11:11:22+00:00","dateModified":"2023-10-25T11:11:22+00:00","breadcrumb":{"@id":"https:\/\/now-news.de\/de\/deutschland\/bundesregierung-naht-ein-koalitionsbruch\/#breadcrumb"},"inLanguage":"de","potentialAction":[{"@type":"ReadAction","target":["https:\/\/now-news.de\/de\/deutschland\/bundesregierung-naht-ein-koalitionsbruch\/"]}]},{"@type":"ImageObject","inLanguage":"de","@id":"https:\/\/now-news.de\/de\/deutschland\/bundesregierung-naht-ein-koalitionsbruch\/#primaryimage","url":"https:\/\/now-news.de\/de\/wp-content\/uploads\/sites\/3\/2023\/10\/Bundesregierung-Naht-ein-Koalitionsbruch.jpg","contentUrl":"https:\/\/now-news.de\/de\/wp-content\/uploads\/sites\/3\/2023\/10\/Bundesregierung-Naht-ein-Koalitionsbruch.jpg","width":460,"height":259,"caption":"Bundesregierung: Naht ein Koalitionsbruch?"},{"@type":"BreadcrumbList","@id":"https:\/\/now-news.de\/de\/deutschland\/bundesregierung-naht-ein-koalitionsbruch\/#breadcrumb","itemListElement":[{"@type":"ListItem","position":1,"name":"Home","item":"https:\/\/now-news.de\/de\/"},{"@type":"ListItem","position":2,"name":"Bundesregierung: Naht ein Koalitionsbruch?"}]},{"@type":"WebSite","@id":"https:\/\/now-news.de\/de\/#website","url":"https:\/\/now-news.de\/de\/","name":"just-now.NEWS Deutschland","description":"Das Portal f\u00fcr unzensierte Nachrichten aus der Welt","publisher":{"@id":"https:\/\/now-news.de\/de\/#organization"},"potentialAction":[{"@type":"SearchAction","target":{"@type":"EntryPoint","urlTemplate":"https:\/\/now-news.de\/de\/?s={search_term_string}"},"query-input":"required name=search_term_string"}],"inLanguage":"de"},{"@type":"Organization","@id":"https:\/\/now-news.de\/de\/#organization","name":"Just Now News","url":"https:\/\/now-news.de\/de\/","logo":{"@type":"ImageObject","inLanguage":"de","@id":"https:\/\/now-news.de\/de\/#\/schema\/logo\/image\/","url":"http:\/\/just-now.news\/de\/wp-content\/uploads\/sites\/3\/2022\/04\/logo500x500.jpg","contentUrl":"http:\/\/just-now.news\/de\/wp-content\/uploads\/sites\/3\/2022\/04\/logo500x500.jpg","width":500,"height":500,"caption":"Just Now News"},"image":{"@id":"https:\/\/now-news.de\/de\/#\/schema\/logo\/image\/"},"sameAs":["https:\/\/www.facebook.com\/wirmachenauf","https:\/\/x.com\/WirMachenAuf_de"]},{"@type":"Person","@id":"https:\/\/now-news.de\/de\/#\/schema\/person\/fb534a4e865501d8b3285208df34a9b5","name":"rtnews","image":{"@type":"ImageObject","inLanguage":"de","@id":"https:\/\/now-news.de\/de\/#\/schema\/person\/image\/","url":"https:\/\/secure.gravatar.com\/avatar\/82aafea7d8127119dd649515f56e2117?s=96&d=mm&r=g","contentUrl":"https:\/\/secure.gravatar.com\/avatar\/82aafea7d8127119dd649515f56e2117?s=96&d=mm&r=g","caption":"rtnews"},"url":"https:\/\/now-news.de\/de\/author\/rnews\/"}]}},"_links":{"self":[{"href":"https:\/\/now-news.de\/de\/wp-json\/wp\/v2\/posts\/48693"}],"collection":[{"href":"https:\/\/now-news.de\/de\/wp-json\/wp\/v2\/posts"}],"about":[{"href":"https:\/\/now-news.de\/de\/wp-json\/wp\/v2\/types\/post"}],"author":[{"embeddable":true,"href":"https:\/\/now-news.de\/de\/wp-json\/wp\/v2\/users\/3"}],"replies":[{"embeddable":true,"href":"https:\/\/now-news.de\/de\/wp-json\/wp\/v2\/comments?post=48693"}],"version-history":[{"count":0,"href":"https:\/\/now-news.de\/de\/wp-json\/wp\/v2\/posts\/48693\/revisions"}],"wp:featuredmedia":[{"embeddable":true,"href":"https:\/\/now-news.de\/de\/wp-json\/wp\/v2\/media\/48694"}],"wp:attachment":[{"href":"https:\/\/now-news.de\/de\/wp-json\/wp\/v2\/media?parent=48693"}],"wp:term":[{"taxonomy":"category","embeddable":true,"href":"https:\/\/now-news.de\/de\/wp-json\/wp\/v2\/categories?post=48693"},{"taxonomy":"post_tag","embeddable":true,"href":"https:\/\/now-news.de\/de\/wp-json\/wp\/v2\/tags?post=48693"}],"curies":[{"name":"wp","href":"https:\/\/api.w.org\/{rel}","templated":true}]}}