{"id":48611,"date":"2023-10-24T09:45:30","date_gmt":"2023-10-24T07:45:30","guid":{"rendered":"https:\/\/just-now.news\/de\/deutschland\/mehrere-vermisste-nach-zusammenstoss-zweier-frachter-in-nordsee\/"},"modified":"2023-10-24T09:45:30","modified_gmt":"2023-10-24T07:45:30","slug":"mehrere-vermisste-nach-zusammenstoss-zweier-frachter-in-nordsee","status":"publish","type":"post","link":"https:\/\/now-news.de\/de\/deutschland\/mehrere-vermisste-nach-zusammenstoss-zweier-frachter-in-nordsee\/","title":{"rendered":"Mehrere Vermisste nach Zusammensto\u00df zweier Frachter in Nordsee"},"content":{"rendered":"<p><img decoding=\"async\" src=\"http:\/\/just-now.news\/de\/wp-content\/uploads\/sites\/3\/2022\/10\/breaking3.jpg\" \/><\/p>\n<div class=\"Text-root Text-type_1 \">\n                Nach dem Zusammensto\u00df zweier Frachter in der Nordsee werden mehrere Menschen vermisst. Der Unfall ereignete sich rund 22 Kilometer s\u00fcdwestlich der Insel Helgoland.\n            <\/div>\n<p><\/p>\n<div class=\"Text-root Text-type_5 ArticleView-text ViewText-root \">\n<p>Rund 22 Kilometer s\u00fcdwestlich der Insel Helgoland sind in der Nordsee zwei Frachter zusammengestossen. Es werden mehrere Menschen vermisst.<\/p>\n<p>Einer der Frachter sank offenbar nach der Kollision, wie das Havariekommando des Bundes und der K\u00fcstenl\u00e4nder in Cuxhaven mitteilte. Zahlreiche Schiffe suchen derzeit nach Schiffbr\u00fcchigen.<\/p>\n<p>Zu dem Zusammensto\u00df zwischen den Frachtschiffen &#8220;Polesie&#8221; und &#8220;Verity&#8221; war es demnach am Morgen gegen f\u00fcnf Uhr in der Deutschen Bucht gekommen, rund 22 Kilometer s\u00fcdwestlich der Insel Helgoland und 31 Kilometer nord\u00f6stlich der Insel Langeoog.<\/p>\n<p>Ein Mensch sei aus dem Wasser gerettet worden und werde medizinisch versorgt. Das Havariekommando geht davon aus, dass die &#8220;Verity&#8221; sank, w\u00e4hrend die &#8220;Polesie&#8221; mit 22 Menschen an Bord weiterhin schwimmf\u00e4hig sein soll.<\/p>\n<p>An der Suche nach den Vermissten beteiligen sich zwei Seenotrettungskreuzer der Deutschen Gesellschaft zur Rettung Schiffbr\u00fcchiger (DGzRS), ein Notschlepper, ein sogenannter Lotsentender, ein Boot der Wasserschutzpolizeiboot sowie ein Hubschrauber der Deutschen Marine.<\/p>\n<p>Zudem lie\u00df das Havariekommando das Seegebiet von einem Sensorflugzeug \u00fcberfliegen. Auch ein Kreuzfahrtschiff, das im Seegebiet unterwegs ist, unterst\u00fctzt die Suche. Dort k\u00f6nnten Menschen medizinisch versorgt werden, hie\u00df es. \u00c4rzte seien an Bord. Weiteres medizinisches Personal sollte per Helikopter zur Unfallstelle geflogen werden.<\/p>\n<\/div>\n<p><br \/>\n<br \/><a href=\"https:\/\/de.rt.com\/inland\/184755-mehrere-vermisste-nach-zusammenstoss-zweier-frachter-in-nordsee\/\">Source link <\/a><\/p>\n","protected":false},"excerpt":{"rendered":"<p>Nach dem Zusammensto\u00df zweier Frachter in der Nordsee werden mehrere Menschen vermisst. Der Unfall ereignete sich rund 22 Kilometer s\u00fcdwestlich der Insel Helgoland. Rund 22 Kilometer s\u00fcdwestlich der Insel Helgoland sind in der Nordsee zwei Frachter zusammengestossen. Es werden mehrere Menschen vermisst. Einer der Frachter sank offenbar nach der Kollision, wie das Havariekommando des Bundes [&hellip;]<\/p>\n","protected":false},"author":3,"featured_media":23828,"comment_status":"open","ping_status":"open","sticky":false,"template":"","format":"standard","meta":{"_yoast_indexnow_last_ping":["1698133652"],"wp_automatic_camp":["217"],"bb52909ef494348e55eae78431b2370a":["Mehrere Vermisste nach Zusammensto\u00df zweier Frachter in Nordsee"],"original_link":["https:\/\/de.rt.com\/inland\/184755-mehrere-vermisste-nach-zusammenstoss-zweier-frachter-in-nordsee\/"],"_thumbnail_id":["23828"],"jnews_social_counter_last_update":["1777272787"],"_wptgpro_p2tg_sent2tg":["a:1:{i:23737;s:19:\"2023-10-24 09:48:34\";}"]},"categories":[19,23],"tags":[27280,3653,979,23144,41969,29533,20601],"yoast_head":"<!-- This site is optimized with the Yoast SEO Premium plugin v22.7 (Yoast SEO v22.7) - https:\/\/yoast.com\/wordpress\/plugins\/seo\/ -->\n<title>Mehrere Vermisste nach Zusammensto\u00df zweier Frachter in Nordsee - just-now.NEWS Deutschland<\/title>\n<meta name=\"robots\" content=\"index, follow, max-snippet:-1, max-image-preview:large, max-video-preview:-1\" \/>\n<link rel=\"canonical\" href=\"https:\/\/now-news.de\/de\/deutschland\/mehrere-vermisste-nach-zusammenstoss-zweier-frachter-in-nordsee\/\" \/>\n<meta property=\"og:locale\" content=\"de_DE\" \/>\n<meta property=\"og:type\" content=\"article\" \/>\n<meta property=\"og:title\" content=\"Mehrere Vermisste nach Zusammensto\u00df zweier Frachter in Nordsee\" \/>\n<meta property=\"og:description\" content=\"Nach dem Zusammensto\u00df zweier Frachter in der Nordsee werden mehrere Menschen vermisst. Der Unfall ereignete sich rund 22 Kilometer s\u00fcdwestlich der Insel Helgoland. Rund 22 Kilometer s\u00fcdwestlich der Insel Helgoland sind in der Nordsee zwei Frachter zusammengestossen. Es werden mehrere Menschen vermisst. Einer der Frachter sank offenbar nach der Kollision, wie das Havariekommando des Bundes [&hellip;]\" \/>\n<meta property=\"og:url\" content=\"https:\/\/now-news.de\/de\/deutschland\/mehrere-vermisste-nach-zusammenstoss-zweier-frachter-in-nordsee\/\" \/>\n<meta property=\"og:site_name\" content=\"just-now.NEWS Deutschland\" \/>\n<meta property=\"article:publisher\" content=\"https:\/\/www.facebook.com\/wirmachenauf\" \/>\n<meta property=\"article:published_time\" content=\"2023-10-24T07:45:30+00:00\" \/>\n<meta property=\"og:image\" content=\"https:\/\/now-news.de\/de\/wp-content\/uploads\/sites\/3\/2022\/11\/Oberstes-britisches-Gericht-untersagt-Unabhaengigkeitsreferendum-in-Schottland.jpg\" \/>\n\t<meta property=\"og:image:width\" content=\"460\" \/>\n\t<meta property=\"og:image:height\" content=\"259\" \/>\n\t<meta property=\"og:image:type\" content=\"image\/jpeg\" \/>\n<meta name=\"author\" content=\"rtnews\" \/>\n<meta name=\"twitter:card\" content=\"summary_large_image\" \/>\n<meta name=\"twitter:creator\" content=\"@WirMachenAuf_de\" \/>\n<meta name=\"twitter:site\" content=\"@WirMachenAuf_de\" \/>\n<meta name=\"twitter:label1\" content=\"Verfasst von\" \/>\n\t<meta name=\"twitter:data1\" content=\"rtnews\" \/>\n\t<meta name=\"twitter:label2\" content=\"Gesch\u00e4tzte Lesezeit\" \/>\n\t<meta name=\"twitter:data2\" content=\"1\u00a0Minute\" \/>\n<script type=\"application\/ld+json\" class=\"yoast-schema-graph\">{\"@context\":\"https:\/\/schema.org\",\"@graph\":[{\"@type\":\"Article\",\"@id\":\"https:\/\/now-news.de\/de\/deutschland\/mehrere-vermisste-nach-zusammenstoss-zweier-frachter-in-nordsee\/#article\",\"isPartOf\":{\"@id\":\"https:\/\/now-news.de\/de\/deutschland\/mehrere-vermisste-nach-zusammenstoss-zweier-frachter-in-nordsee\/\"},\"author\":{\"name\":\"rtnews\",\"@id\":\"https:\/\/now-news.de\/de\/#\/schema\/person\/fb534a4e865501d8b3285208df34a9b5\"},\"headline\":\"Mehrere Vermisste nach Zusammensto\u00df zweier Frachter in Nordsee\",\"datePublished\":\"2023-10-24T07:45:30+00:00\",\"dateModified\":\"2023-10-24T07:45:30+00:00\",\"mainEntityOfPage\":{\"@id\":\"https:\/\/now-news.de\/de\/deutschland\/mehrere-vermisste-nach-zusammenstoss-zweier-frachter-in-nordsee\/\"},\"wordCount\":230,\"commentCount\":1,\"publisher\":{\"@id\":\"https:\/\/now-news.de\/de\/#organization\"},\"image\":{\"@id\":\"https:\/\/now-news.de\/de\/deutschland\/mehrere-vermisste-nach-zusammenstoss-zweier-frachter-in-nordsee\/#primaryimage\"},\"thumbnailUrl\":\"https:\/\/now-news.de\/de\/wp-content\/uploads\/sites\/3\/2022\/11\/Oberstes-britisches-Gericht-untersagt-Unabhaengigkeitsreferendum-in-Schottland.jpg\",\"keywords\":[\"Frachter\",\"mehrere\",\"nach\",\"Nordsee\",\"Vermisste\",\"Zusammensto\u00df\",\"zweier\"],\"articleSection\":[\"Deutschland\",\"Russland\"],\"inLanguage\":\"de\",\"potentialAction\":[{\"@type\":\"CommentAction\",\"name\":\"Comment\",\"target\":[\"https:\/\/now-news.de\/de\/deutschland\/mehrere-vermisste-nach-zusammenstoss-zweier-frachter-in-nordsee\/#respond\"]}]},{\"@type\":\"WebPage\",\"@id\":\"https:\/\/now-news.de\/de\/deutschland\/mehrere-vermisste-nach-zusammenstoss-zweier-frachter-in-nordsee\/\",\"url\":\"https:\/\/now-news.de\/de\/deutschland\/mehrere-vermisste-nach-zusammenstoss-zweier-frachter-in-nordsee\/\",\"name\":\"Mehrere Vermisste nach Zusammensto\u00df zweier Frachter in Nordsee - just-now.NEWS Deutschland\",\"isPartOf\":{\"@id\":\"https:\/\/now-news.de\/de\/#website\"},\"primaryImageOfPage\":{\"@id\":\"https:\/\/now-news.de\/de\/deutschland\/mehrere-vermisste-nach-zusammenstoss-zweier-frachter-in-nordsee\/#primaryimage\"},\"image\":{\"@id\":\"https:\/\/now-news.de\/de\/deutschland\/mehrere-vermisste-nach-zusammenstoss-zweier-frachter-in-nordsee\/#primaryimage\"},\"thumbnailUrl\":\"https:\/\/now-news.de\/de\/wp-content\/uploads\/sites\/3\/2022\/11\/Oberstes-britisches-Gericht-untersagt-Unabhaengigkeitsreferendum-in-Schottland.jpg\",\"datePublished\":\"2023-10-24T07:45:30+00:00\",\"dateModified\":\"2023-10-24T07:45:30+00:00\",\"breadcrumb\":{\"@id\":\"https:\/\/now-news.de\/de\/deutschland\/mehrere-vermisste-nach-zusammenstoss-zweier-frachter-in-nordsee\/#breadcrumb\"},\"inLanguage\":\"de\",\"potentialAction\":[{\"@type\":\"ReadAction\",\"target\":[\"https:\/\/now-news.de\/de\/deutschland\/mehrere-vermisste-nach-zusammenstoss-zweier-frachter-in-nordsee\/\"]}]},{\"@type\":\"ImageObject\",\"inLanguage\":\"de\",\"@id\":\"https:\/\/now-news.de\/de\/deutschland\/mehrere-vermisste-nach-zusammenstoss-zweier-frachter-in-nordsee\/#primaryimage\",\"url\":\"https:\/\/now-news.de\/de\/wp-content\/uploads\/sites\/3\/2022\/11\/Oberstes-britisches-Gericht-untersagt-Unabhaengigkeitsreferendum-in-Schottland.jpg\",\"contentUrl\":\"https:\/\/now-news.de\/de\/wp-content\/uploads\/sites\/3\/2022\/11\/Oberstes-britisches-Gericht-untersagt-Unabhaengigkeitsreferendum-in-Schottland.jpg\",\"width\":460,\"height\":259,\"caption\":\"Oberstes britisches Gericht untersagt Unabh\u00e4ngigkeitsreferendum in Schottland\"},{\"@type\":\"BreadcrumbList\",\"@id\":\"https:\/\/now-news.de\/de\/deutschland\/mehrere-vermisste-nach-zusammenstoss-zweier-frachter-in-nordsee\/#breadcrumb\",\"itemListElement\":[{\"@type\":\"ListItem\",\"position\":1,\"name\":\"Home\",\"item\":\"https:\/\/now-news.de\/de\/\"},{\"@type\":\"ListItem\",\"position\":2,\"name\":\"Mehrere Vermisste nach Zusammensto\u00df zweier Frachter in Nordsee\"}]},{\"@type\":\"WebSite\",\"@id\":\"https:\/\/now-news.de\/de\/#website\",\"url\":\"https:\/\/now-news.de\/de\/\",\"name\":\"just-now.NEWS Deutschland\",\"description\":\"Das Portal f\u00fcr unzensierte Nachrichten aus der Welt\",\"publisher\":{\"@id\":\"https:\/\/now-news.de\/de\/#organization\"},\"potentialAction\":[{\"@type\":\"SearchAction\",\"target\":{\"@type\":\"EntryPoint\",\"urlTemplate\":\"https:\/\/now-news.de\/de\/?s={search_term_string}\"},\"query-input\":\"required name=search_term_string\"}],\"inLanguage\":\"de\"},{\"@type\":\"Organization\",\"@id\":\"https:\/\/now-news.de\/de\/#organization\",\"name\":\"Just Now News\",\"url\":\"https:\/\/now-news.de\/de\/\",\"logo\":{\"@type\":\"ImageObject\",\"inLanguage\":\"de\",\"@id\":\"https:\/\/now-news.de\/de\/#\/schema\/logo\/image\/\",\"url\":\"http:\/\/just-now.news\/de\/wp-content\/uploads\/sites\/3\/2022\/04\/logo500x500.jpg\",\"contentUrl\":\"http:\/\/just-now.news\/de\/wp-content\/uploads\/sites\/3\/2022\/04\/logo500x500.jpg\",\"width\":500,\"height\":500,\"caption\":\"Just Now News\"},\"image\":{\"@id\":\"https:\/\/now-news.de\/de\/#\/schema\/logo\/image\/\"},\"sameAs\":[\"https:\/\/www.facebook.com\/wirmachenauf\",\"https:\/\/x.com\/WirMachenAuf_de\"]},{\"@type\":\"Person\",\"@id\":\"https:\/\/now-news.de\/de\/#\/schema\/person\/fb534a4e865501d8b3285208df34a9b5\",\"name\":\"rtnews\",\"image\":{\"@type\":\"ImageObject\",\"inLanguage\":\"de\",\"@id\":\"https:\/\/now-news.de\/de\/#\/schema\/person\/image\/\",\"url\":\"https:\/\/secure.gravatar.com\/avatar\/82aafea7d8127119dd649515f56e2117?s=96&d=mm&r=g\",\"contentUrl\":\"https:\/\/secure.gravatar.com\/avatar\/82aafea7d8127119dd649515f56e2117?s=96&d=mm&r=g\",\"caption\":\"rtnews\"},\"url\":\"https:\/\/now-news.de\/de\/author\/rnews\/\"}]}<\/script>\n<!-- \/ Yoast SEO Premium plugin. -->","yoast_head_json":{"title":"Mehrere Vermisste nach Zusammensto\u00df zweier Frachter in Nordsee - just-now.NEWS Deutschland","robots":{"index":"index","follow":"follow","max-snippet":"max-snippet:-1","max-image-preview":"max-image-preview:large","max-video-preview":"max-video-preview:-1"},"canonical":"https:\/\/now-news.de\/de\/deutschland\/mehrere-vermisste-nach-zusammenstoss-zweier-frachter-in-nordsee\/","og_locale":"de_DE","og_type":"article","og_title":"Mehrere Vermisste nach Zusammensto\u00df zweier Frachter in Nordsee","og_description":"Nach dem Zusammensto\u00df zweier Frachter in der Nordsee werden mehrere Menschen vermisst. Der Unfall ereignete sich rund 22 Kilometer s\u00fcdwestlich der Insel Helgoland. Rund 22 Kilometer s\u00fcdwestlich der Insel Helgoland sind in der Nordsee zwei Frachter zusammengestossen. Es werden mehrere Menschen vermisst. Einer der Frachter sank offenbar nach der Kollision, wie das Havariekommando des Bundes [&hellip;]","og_url":"https:\/\/now-news.de\/de\/deutschland\/mehrere-vermisste-nach-zusammenstoss-zweier-frachter-in-nordsee\/","og_site_name":"just-now.NEWS Deutschland","article_publisher":"https:\/\/www.facebook.com\/wirmachenauf","article_published_time":"2023-10-24T07:45:30+00:00","og_image":[{"width":460,"height":259,"url":"https:\/\/now-news.de\/de\/wp-content\/uploads\/sites\/3\/2022\/11\/Oberstes-britisches-Gericht-untersagt-Unabhaengigkeitsreferendum-in-Schottland.jpg","type":"image\/jpeg"}],"author":"rtnews","twitter_card":"summary_large_image","twitter_creator":"@WirMachenAuf_de","twitter_site":"@WirMachenAuf_de","twitter_misc":{"Verfasst von":"rtnews","Gesch\u00e4tzte Lesezeit":"1\u00a0Minute"},"schema":{"@context":"https:\/\/schema.org","@graph":[{"@type":"Article","@id":"https:\/\/now-news.de\/de\/deutschland\/mehrere-vermisste-nach-zusammenstoss-zweier-frachter-in-nordsee\/#article","isPartOf":{"@id":"https:\/\/now-news.de\/de\/deutschland\/mehrere-vermisste-nach-zusammenstoss-zweier-frachter-in-nordsee\/"},"author":{"name":"rtnews","@id":"https:\/\/now-news.de\/de\/#\/schema\/person\/fb534a4e865501d8b3285208df34a9b5"},"headline":"Mehrere Vermisste nach Zusammensto\u00df zweier Frachter in Nordsee","datePublished":"2023-10-24T07:45:30+00:00","dateModified":"2023-10-24T07:45:30+00:00","mainEntityOfPage":{"@id":"https:\/\/now-news.de\/de\/deutschland\/mehrere-vermisste-nach-zusammenstoss-zweier-frachter-in-nordsee\/"},"wordCount":230,"commentCount":1,"publisher":{"@id":"https:\/\/now-news.de\/de\/#organization"},"image":{"@id":"https:\/\/now-news.de\/de\/deutschland\/mehrere-vermisste-nach-zusammenstoss-zweier-frachter-in-nordsee\/#primaryimage"},"thumbnailUrl":"https:\/\/now-news.de\/de\/wp-content\/uploads\/sites\/3\/2022\/11\/Oberstes-britisches-Gericht-untersagt-Unabhaengigkeitsreferendum-in-Schottland.jpg","keywords":["Frachter","mehrere","nach","Nordsee","Vermisste","Zusammensto\u00df","zweier"],"articleSection":["Deutschland","Russland"],"inLanguage":"de","potentialAction":[{"@type":"CommentAction","name":"Comment","target":["https:\/\/now-news.de\/de\/deutschland\/mehrere-vermisste-nach-zusammenstoss-zweier-frachter-in-nordsee\/#respond"]}]},{"@type":"WebPage","@id":"https:\/\/now-news.de\/de\/deutschland\/mehrere-vermisste-nach-zusammenstoss-zweier-frachter-in-nordsee\/","url":"https:\/\/now-news.de\/de\/deutschland\/mehrere-vermisste-nach-zusammenstoss-zweier-frachter-in-nordsee\/","name":"Mehrere Vermisste nach Zusammensto\u00df zweier Frachter in Nordsee - just-now.NEWS Deutschland","isPartOf":{"@id":"https:\/\/now-news.de\/de\/#website"},"primaryImageOfPage":{"@id":"https:\/\/now-news.de\/de\/deutschland\/mehrere-vermisste-nach-zusammenstoss-zweier-frachter-in-nordsee\/#primaryimage"},"image":{"@id":"https:\/\/now-news.de\/de\/deutschland\/mehrere-vermisste-nach-zusammenstoss-zweier-frachter-in-nordsee\/#primaryimage"},"thumbnailUrl":"https:\/\/now-news.de\/de\/wp-content\/uploads\/sites\/3\/2022\/11\/Oberstes-britisches-Gericht-untersagt-Unabhaengigkeitsreferendum-in-Schottland.jpg","datePublished":"2023-10-24T07:45:30+00:00","dateModified":"2023-10-24T07:45:30+00:00","breadcrumb":{"@id":"https:\/\/now-news.de\/de\/deutschland\/mehrere-vermisste-nach-zusammenstoss-zweier-frachter-in-nordsee\/#breadcrumb"},"inLanguage":"de","potentialAction":[{"@type":"ReadAction","target":["https:\/\/now-news.de\/de\/deutschland\/mehrere-vermisste-nach-zusammenstoss-zweier-frachter-in-nordsee\/"]}]},{"@type":"ImageObject","inLanguage":"de","@id":"https:\/\/now-news.de\/de\/deutschland\/mehrere-vermisste-nach-zusammenstoss-zweier-frachter-in-nordsee\/#primaryimage","url":"https:\/\/now-news.de\/de\/wp-content\/uploads\/sites\/3\/2022\/11\/Oberstes-britisches-Gericht-untersagt-Unabhaengigkeitsreferendum-in-Schottland.jpg","contentUrl":"https:\/\/now-news.de\/de\/wp-content\/uploads\/sites\/3\/2022\/11\/Oberstes-britisches-Gericht-untersagt-Unabhaengigkeitsreferendum-in-Schottland.jpg","width":460,"height":259,"caption":"Oberstes britisches Gericht untersagt Unabh\u00e4ngigkeitsreferendum in Schottland"},{"@type":"BreadcrumbList","@id":"https:\/\/now-news.de\/de\/deutschland\/mehrere-vermisste-nach-zusammenstoss-zweier-frachter-in-nordsee\/#breadcrumb","itemListElement":[{"@type":"ListItem","position":1,"name":"Home","item":"https:\/\/now-news.de\/de\/"},{"@type":"ListItem","position":2,"name":"Mehrere Vermisste nach Zusammensto\u00df zweier Frachter in Nordsee"}]},{"@type":"WebSite","@id":"https:\/\/now-news.de\/de\/#website","url":"https:\/\/now-news.de\/de\/","name":"just-now.NEWS Deutschland","description":"Das Portal f\u00fcr unzensierte Nachrichten aus der Welt","publisher":{"@id":"https:\/\/now-news.de\/de\/#organization"},"potentialAction":[{"@type":"SearchAction","target":{"@type":"EntryPoint","urlTemplate":"https:\/\/now-news.de\/de\/?s={search_term_string}"},"query-input":"required name=search_term_string"}],"inLanguage":"de"},{"@type":"Organization","@id":"https:\/\/now-news.de\/de\/#organization","name":"Just Now News","url":"https:\/\/now-news.de\/de\/","logo":{"@type":"ImageObject","inLanguage":"de","@id":"https:\/\/now-news.de\/de\/#\/schema\/logo\/image\/","url":"http:\/\/just-now.news\/de\/wp-content\/uploads\/sites\/3\/2022\/04\/logo500x500.jpg","contentUrl":"http:\/\/just-now.news\/de\/wp-content\/uploads\/sites\/3\/2022\/04\/logo500x500.jpg","width":500,"height":500,"caption":"Just Now News"},"image":{"@id":"https:\/\/now-news.de\/de\/#\/schema\/logo\/image\/"},"sameAs":["https:\/\/www.facebook.com\/wirmachenauf","https:\/\/x.com\/WirMachenAuf_de"]},{"@type":"Person","@id":"https:\/\/now-news.de\/de\/#\/schema\/person\/fb534a4e865501d8b3285208df34a9b5","name":"rtnews","image":{"@type":"ImageObject","inLanguage":"de","@id":"https:\/\/now-news.de\/de\/#\/schema\/person\/image\/","url":"https:\/\/secure.gravatar.com\/avatar\/82aafea7d8127119dd649515f56e2117?s=96&d=mm&r=g","contentUrl":"https:\/\/secure.gravatar.com\/avatar\/82aafea7d8127119dd649515f56e2117?s=96&d=mm&r=g","caption":"rtnews"},"url":"https:\/\/now-news.de\/de\/author\/rnews\/"}]}},"_links":{"self":[{"href":"https:\/\/now-news.de\/de\/wp-json\/wp\/v2\/posts\/48611"}],"collection":[{"href":"https:\/\/now-news.de\/de\/wp-json\/wp\/v2\/posts"}],"about":[{"href":"https:\/\/now-news.de\/de\/wp-json\/wp\/v2\/types\/post"}],"author":[{"embeddable":true,"href":"https:\/\/now-news.de\/de\/wp-json\/wp\/v2\/users\/3"}],"replies":[{"embeddable":true,"href":"https:\/\/now-news.de\/de\/wp-json\/wp\/v2\/comments?post=48611"}],"version-history":[{"count":0,"href":"https:\/\/now-news.de\/de\/wp-json\/wp\/v2\/posts\/48611\/revisions"}],"wp:featuredmedia":[{"embeddable":true,"href":"https:\/\/now-news.de\/de\/wp-json\/wp\/v2\/media\/23828"}],"wp:attachment":[{"href":"https:\/\/now-news.de\/de\/wp-json\/wp\/v2\/media?parent=48611"}],"wp:term":[{"taxonomy":"category","embeddable":true,"href":"https:\/\/now-news.de\/de\/wp-json\/wp\/v2\/categories?post=48611"},{"taxonomy":"post_tag","embeddable":true,"href":"https:\/\/now-news.de\/de\/wp-json\/wp\/v2\/tags?post=48611"}],"curies":[{"name":"wp","href":"https:\/\/api.w.org\/{rel}","templated":true}]}}