{"id":48546,"date":"2023-10-22T20:28:18","date_gmt":"2023-10-22T18:28:18","guid":{"rendered":"https:\/\/just-now.news\/de\/deutschland\/afd-abgeordneter-kotre-deutschland-braucht-nord-stream-2\/"},"modified":"2023-10-22T20:28:18","modified_gmt":"2023-10-22T18:28:18","slug":"afd-abgeordneter-kotre-deutschland-braucht-nord-stream-2","status":"publish","type":"post","link":"https:\/\/now-news.de\/de\/deutschland\/afd-abgeordneter-kotre-deutschland-braucht-nord-stream-2\/","title":{"rendered":"AfD-Abgeordneter Kotr\u00e9: Deutschland braucht Nord Stream 2"},"content":{"rendered":"<p><img decoding=\"async\" src=\"http:\/\/just-now.news\/de\/wp-content\/uploads\/sites\/3\/2023\/10\/65350bf248fbef537729e79b.jpg\" \/><\/p>\n<div class=\"Text-root Text-type_1 \">\n                Der Bundestagsabgeordnete Steffen Kotr\u00e9 fordert, den unversehrten Strang von Nord Stream 2 in Betrieb zu nehmen. Der norwegische Energiekonzern Equinor warnte unterdessen, dass die aktuellen EU-Importe nicht ausreichen w\u00fcrden, auch wenn die Speicher voll sind.\n            <\/div>\n<p><\/p>\n<div class=\"Text-root Text-type_5 ArticleView-text ViewText-root \">\n<p>Der AfD-Bundestagsabgeordnete Steffen Kotr\u00e9 hat gefordert, den verbliebenen Strang der &#8220;Nord Stream&#8221;-Pipeline in Betrieb zu nehmen und die Gasimporte aus Russland wieder aufzunehmen. Wie Kotr\u00e9 am Samstag gegen\u00fcber der russischen Nachrichtenagentur <em>TASS <\/em>mitteilte,\u00a0war es ein Fehler, auf russische Energie zu verzichten und sie durch alternative Gaslieferungen zu ersetzen.<\/p>\n<p>&#8220;Was den Bundeskanzler freut, ist f\u00fcr Unternehmen und private Verbraucher verheerend&#8221;, sagte Kotr\u00e9, der auch Mitglied des Bundestagsausschusses f\u00fcr Energie und Klimaschutz ist. Dabei bezog er sich auf Scholz&#8217; fr\u00fcheres Lob f\u00fcr Deutschlands Bem\u00fchungen, die Abh\u00e4ngigkeit von russischer Energie zu verringern.<\/p>\n<blockquote>\n<p><em>&#8220;Der Anstieg der Gaspreise f\u00fchrt zu einer Deindustrialisierung in Deutschland. Um die Wettbewerbsf\u00e4higkeit zu sichern, sollte Deutschland zustimmen, Gas \u00fcber den verbleibenden Zweig der &#8216;Nord Stream&#8217;-Pipeline zu beziehen.&#8221;<\/em><\/p>\n<\/blockquote>\n<p>Deutschland hatte einen Gro\u00dfteil seines Erdgases aus Russland \u00fcber Nord Stream 1 erhalten, w\u00e4hrend Nord Stream 2 aufgrund von b\u00fcrokratischen R\u00fcckschl\u00e4gen nie zertifiziert wurde. Beide Pipelines wurden im vergangenen Jahr besch\u00e4digt und abgeschaltet, sodass Deutschland seinen direkten Zugang zu russischem Gas verlor, das zuvor\u00a0bis zur H\u00e4lfte des deutschen Energiebedarfs deckte.<\/p>\n<p>Einer der beiden Zweige von Nord Stream 2 \u00fcberstand jedoch den Anschlag. Die deutschen Beh\u00f6rden haben das Zertifizierungsverfahren aufgrund der politischen Spannungen mit Moskau wegen des Ukraine-Konflikts bislang jedoch nicht wieder aufgenommen. Laut Kotr\u00e9 muss sich dies \u00e4ndern, da Deutschland derzeit weitaus mehr f\u00fcr Gas aus alternativen Quellen zahlt als fr\u00fcher f\u00fcr russisches Gas.<\/p>\n<p>&#8220;Russisches Gas ist rentabel und umweltfreundlich, was bei unseren derzeitigen Lieferungen \u2013 haupts\u00e4chlich Fl\u00fcssigerdgas aus den USA \u2013 nicht der Fall ist. Deutschland zahlt das Drei- bis Vierfache f\u00fcr diese Lieferungen, aber das mit der Fracking-Methode gef\u00f6rderte Gas aus den USA entspricht nicht unseren Umweltstandards&#8221;, erkl\u00e4rte Kotr\u00e9.<\/p>\n<p><strong>Medienbericht: EU bef\u00fcrchtet neue Gaspreiskrise im Winter<\/strong><\/p>\n<p>Kotr\u00e9s Forderung, die verbliebene Leitung von Nord Stream 2 zu nutzen,\u00a0kommt zu einem Zeitpunkt,\u00a0an dem die Europ\u00e4ische Union die im letzten Winter eingef\u00fchrte Notfall-Gaspreisobergrenze verl\u00e4ngern k\u00f6nnte, um einen neuen Preisanstieg zu vermeiden.\u00a0Dar\u00fcber berichtete die US-Zeitung <em>Financial Times<\/em> am Sonntag unter Berufung auf Diplomatenkreise. Dem Bericht zufolge sei Br\u00fcssel trotz des j\u00fcngsten R\u00fcckgangs der Energiepreise und der hohen Gasspeicherbest\u00e4nde besorgt, dass die Gasversorgung w\u00e4hrend der Heizperiode aufgrund des israelisch-pal\u00e4stinensischen Konflikts weiterhin gef\u00e4hrdet sein k\u00f6nnte. Ein EU-Diplomat sagte gegen\u00fcber der <em>Financial Times<\/em>:\u00a0<\/p>\n<blockquote>\n<p><em>&#8220;Wir wissen nicht, was dieses Jahr passieren wird. Wir haben die Situation in Israel und wissen nicht, wie sich das auf die Importe aus dem Nahen Osten auswirken wird.&#8221;<\/em><\/p>\n<\/blockquote>\n<p>Analysten warnen, dass jede Eskalation des Konflikts zu einem Anstieg der Gaspreise f\u00fchren k\u00f6nnte. Bef\u00fcrchtet werden auch m\u00f6gliche Sabotageakte an der Gasinfrastruktur, insbesondere nach dem j\u00fcngsten Leck an der Balticconnector-Pipeline.<\/p>\n<p>Die Unterwasser-Gasleitung, die Finnland und Estland verbindet, wurde Anfang des Monats abgeschaltet, nachdem sie vermutlich absichtlich besch\u00e4digt worden war. Eine Quelle sagte gegen\u00fcber der <em>Financial Times<\/em>, dass es angesichts dieses Vorfalls &#8220;gut w\u00e4re, eine Versicherungspolice zu haben&#8221;, falls andere Infrastrukturen ein \u00e4hnliches Schicksal erleiden.<\/p>\n<p>Der<em> Financial Times<\/em> zufolge h\u00e4tten sich bereits zehn EU-Mitgliedsstaaten, darunter Deutschland und \u00d6sterreich, an diesem Wochenende in einem Schreiben an die EU-Kommission gewandt und um eine Verl\u00e4ngerung der Notma\u00dfnahmen gebeten, die w\u00e4hrend der Energiekrise im vergangenen Winter eingef\u00fchrt wurden, als die Gaspreise in der EU mehr als 300 Euro pro Megawattstunde erreichten.<\/p>\n<p>Zu diesen Ma\u00dfnahmen geh\u00f6rte ein &#8220;Marktkorrekturmechanismus&#8221;, der den Marktpreis f\u00fcr Gas auf 180\u00a0Euro pro Megawattstunde deckelt, wenn die Gas-Terminkontrakte an drei aufeinander folgenden Tagen auf einem h\u00f6heren Niveau gehandelt werden.<\/p>\n<p>Deutschland und Frankreich sollen die EU-Kommission Berichten zufolge zudem gebeten haben, die Notstandsregelungen zu verl\u00e4ngern, die es den Mitgliedstaaten erm\u00f6glichen, Verbrauchern, die mit hohen Energiepreisen konfrontiert sind, Subventionen zu gew\u00e4hren. Belgien, die Niederlande, D\u00e4nemark, Estland und Finnland haben sich jedoch dagegen ausgesprochen und erkl\u00e4rt, es gebe &#8220;weder die Notwendigkeit noch die Rechtsgrundlage&#8221; f\u00fcr eine Verl\u00e4ngerung der Rechtsvorschriften.<\/p>\n<p><strong>Norwegischer\u00a0Gaskonzern warnt EU<\/strong><\/p>\n<p>LNG wurde mit einem Anteil von bis zu 35 Prozent an den Gesamtimporten zur wichtigsten Gasquelle f\u00fcr die EU. Um Engp\u00e4sse bei der Gasversorgung auszugleichen,\u00a0griff\u00a0die EU auf hochpreisige LNG-Lieferungen aus den USA und Katar zur\u00fcck und erh\u00f6hte die Pipeline-Importe aus Norwegen und Aserbaidschan.<\/p>\n<p>Dennoch warnte Anfang des Monats der Verband der deutschen Gasspeicherbetreiber INES davor, dass Deutschland bis 2027 weiterhin von Gasmangel bedroht sein werde, wenn es nicht den Bau zus\u00e4tzlicher Terminals f\u00fcr Fl\u00fcssiggas (LNG), zus\u00e4tzlicher Gasspeicherkapazit\u00e4ten oder Pipelines beschleunigt. Auch der norwegische Energiekonzern Equinor warnte, dass der Erdgasmarkt in der\u00a0EU\u00a0im kommenden Winter turbulent bleiben werde, auch wenn die Speicher in der EU fast voll seien.<\/p>\n<p>Die Gasspeicher in der EU sind derzeit zu 97,89 Prozent gef\u00fcllt, womit die Zielvorgabe der EU von 90 Prozent bis zum 1. November \u00fcbertroffen und ein Polster vor der Heizperiode geschaffen wurde. Doch selbst wenn die Speicher fast voll sind, reichen die EU-Importe laut Equinor nicht aus, um den Bedarf zu decken.<\/p>\n<p>Die Erwartung eines verst\u00e4rkten Wettbewerbs mit Asien um LNG k\u00f6nnte die Preise zudem in die H\u00f6he treiben, erkl\u00e4rte Equinor-CEO Anders Opedal auf dem Energy Intelligence Forum in London.\u00a0Equinol werde alles tun, um sicherzustellen, dass m\u00f6glichst viel Gas durch die Leitungen komme, aber Europa werde von der LNG-Versorgung abh\u00e4ngig sein, f\u00fcgte Opedal hinzu.<\/p>\n<p><strong>Mehr zum Thema\u00a0<\/strong>\u2013\u00a0<a rel=\"nofollow noopener\" target=\"_blank\" href=\"https:\/\/freedert.online\/inland\/184347-deutschland-es-wird-keine-rueckkehr\/\">Deutscher Botschafter: Es wird keine R\u00fcckkehr zu russischen Energietr\u00e4gern geben<\/a><\/p>\n<div class=\"EmbedBlock-root EmbedBlock-externalVideo EmbedBlock-odysee\">\n<div class=\"VkEmbed\"><iframe class=\"lazyload\" data-src=\"https:\/\/odysee.com\/%24\/embed\/%40RTDE%3Ae%2FEnergiekrise-f%C3%BChrt-zu--gravierendem-Wandel--und-deutlichem-R%C3%BCckgang-der-europ%C3%A4ischen-Wirtschaft%3A3\" frameborder=\"0\" width=\"853\" height=\"480\" allowfullscreen><\/iframe><\/div>\n<\/div>\n<\/div>\n<p><br \/>\n<br \/><a href=\"https:\/\/de.rt.com\/europa\/184599-afd-abgeordneter-kotre-deutschland-braucht\/\">Source link <\/a><\/p>\n","protected":false},"excerpt":{"rendered":"<p>Der Bundestagsabgeordnete Steffen Kotr\u00e9 fordert, den unversehrten Strang von Nord Stream 2 in Betrieb zu nehmen. Der norwegische Energiekonzern Equinor warnte unterdessen, dass die aktuellen EU-Importe nicht ausreichen w\u00fcrden, auch wenn die Speicher voll sind. Der AfD-Bundestagsabgeordnete Steffen Kotr\u00e9 hat gefordert, den verbliebenen Strang der &#8220;Nord Stream&#8221;-Pipeline in Betrieb zu nehmen und die Gasimporte aus [&hellip;]<\/p>\n","protected":false},"author":3,"featured_media":48547,"comment_status":"open","ping_status":"open","sticky":false,"template":"","format":"standard","meta":{"_yoast_indexnow_last_ping":["1697999311"],"wp_automatic_camp":["217"],"f69b701f0cce30b498933b59cf7c2635":["AfD-Abgeordneter Kotr\u00e9: Deutschland braucht Nord Stream 2"],"original_link":["https:\/\/de.rt.com\/europa\/184599-afd-abgeordneter-kotre-deutschland-braucht\/"],"_thumbnail_id":["48547"],"_wptgpro_p2tg_sent2tg":["a:1:{i:23737;s:19:\"2023-10-22 20:30:05\";}"],"jnews_social_counter_last_update":["1777214738"]},"categories":[19,23],"tags":[48571,8879,179,9754,11408,8951],"yoast_head":"<!-- This site is optimized with the Yoast SEO Premium plugin v22.7 (Yoast SEO v22.7) - https:\/\/yoast.com\/wordpress\/plugins\/seo\/ -->\n<title>AfD-Abgeordneter Kotr\u00e9: Deutschland braucht Nord Stream 2 - just-now.NEWS Deutschland<\/title>\n<meta name=\"robots\" content=\"index, follow, max-snippet:-1, max-image-preview:large, max-video-preview:-1\" \/>\n<link rel=\"canonical\" href=\"https:\/\/now-news.de\/de\/deutschland\/afd-abgeordneter-kotre-deutschland-braucht-nord-stream-2\/\" \/>\n<meta property=\"og:locale\" content=\"de_DE\" \/>\n<meta property=\"og:type\" content=\"article\" \/>\n<meta property=\"og:title\" content=\"AfD-Abgeordneter Kotr\u00e9: Deutschland braucht Nord Stream 2\" \/>\n<meta property=\"og:description\" content=\"Der Bundestagsabgeordnete Steffen Kotr\u00e9 fordert, den unversehrten Strang von Nord Stream 2 in Betrieb zu nehmen. Der norwegische Energiekonzern Equinor warnte unterdessen, dass die aktuellen EU-Importe nicht ausreichen w\u00fcrden, auch wenn die Speicher voll sind. Der AfD-Bundestagsabgeordnete Steffen Kotr\u00e9 hat gefordert, den verbliebenen Strang der &#8220;Nord Stream&#8221;-Pipeline in Betrieb zu nehmen und die Gasimporte aus [&hellip;]\" \/>\n<meta property=\"og:url\" content=\"https:\/\/now-news.de\/de\/deutschland\/afd-abgeordneter-kotre-deutschland-braucht-nord-stream-2\/\" \/>\n<meta property=\"og:site_name\" content=\"just-now.NEWS Deutschland\" \/>\n<meta property=\"article:publisher\" content=\"https:\/\/www.facebook.com\/wirmachenauf\" \/>\n<meta property=\"article:published_time\" content=\"2023-10-22T18:28:18+00:00\" \/>\n<meta property=\"og:image\" content=\"https:\/\/now-news.de\/de\/wp-content\/uploads\/sites\/3\/2023\/10\/AfD-Abgeordneter-Kotre-Deutschland-braucht-Nord-Stream-2.jpg\" \/>\n\t<meta property=\"og:image:width\" content=\"460\" \/>\n\t<meta property=\"og:image:height\" content=\"259\" \/>\n\t<meta property=\"og:image:type\" content=\"image\/jpeg\" \/>\n<meta name=\"author\" content=\"rtnews\" \/>\n<meta name=\"twitter:card\" content=\"summary_large_image\" \/>\n<meta name=\"twitter:creator\" content=\"@WirMachenAuf_de\" \/>\n<meta name=\"twitter:site\" content=\"@WirMachenAuf_de\" \/>\n<meta name=\"twitter:label1\" content=\"Verfasst von\" \/>\n\t<meta name=\"twitter:data1\" content=\"rtnews\" \/>\n\t<meta name=\"twitter:label2\" content=\"Gesch\u00e4tzte Lesezeit\" \/>\n\t<meta name=\"twitter:data2\" content=\"5\u00a0Minuten\" \/>\n<script type=\"application\/ld+json\" class=\"yoast-schema-graph\">{\"@context\":\"https:\/\/schema.org\",\"@graph\":[{\"@type\":\"Article\",\"@id\":\"https:\/\/now-news.de\/de\/deutschland\/afd-abgeordneter-kotre-deutschland-braucht-nord-stream-2\/#article\",\"isPartOf\":{\"@id\":\"https:\/\/now-news.de\/de\/deutschland\/afd-abgeordneter-kotre-deutschland-braucht-nord-stream-2\/\"},\"author\":{\"name\":\"rtnews\",\"@id\":\"https:\/\/now-news.de\/de\/#\/schema\/person\/fb534a4e865501d8b3285208df34a9b5\"},\"headline\":\"AfD-Abgeordneter Kotr\u00e9: Deutschland braucht Nord Stream 2\",\"datePublished\":\"2023-10-22T18:28:18+00:00\",\"dateModified\":\"2023-10-22T18:28:18+00:00\",\"mainEntityOfPage\":{\"@id\":\"https:\/\/now-news.de\/de\/deutschland\/afd-abgeordneter-kotre-deutschland-braucht-nord-stream-2\/\"},\"wordCount\":952,\"commentCount\":0,\"publisher\":{\"@id\":\"https:\/\/now-news.de\/de\/#organization\"},\"image\":{\"@id\":\"https:\/\/now-news.de\/de\/deutschland\/afd-abgeordneter-kotre-deutschland-braucht-nord-stream-2\/#primaryimage\"},\"thumbnailUrl\":\"https:\/\/now-news.de\/de\/wp-content\/uploads\/sites\/3\/2023\/10\/AfD-Abgeordneter-Kotre-Deutschland-braucht-Nord-Stream-2.jpg\",\"keywords\":[\"AfDAbgeordneter\",\"braucht\",\"Deutschland\",\"Kotr\u00e9\",\"Nord\",\"stream\"],\"articleSection\":[\"Deutschland\",\"Russland\"],\"inLanguage\":\"de\",\"potentialAction\":[{\"@type\":\"CommentAction\",\"name\":\"Comment\",\"target\":[\"https:\/\/now-news.de\/de\/deutschland\/afd-abgeordneter-kotre-deutschland-braucht-nord-stream-2\/#respond\"]}]},{\"@type\":\"WebPage\",\"@id\":\"https:\/\/now-news.de\/de\/deutschland\/afd-abgeordneter-kotre-deutschland-braucht-nord-stream-2\/\",\"url\":\"https:\/\/now-news.de\/de\/deutschland\/afd-abgeordneter-kotre-deutschland-braucht-nord-stream-2\/\",\"name\":\"AfD-Abgeordneter Kotr\u00e9: Deutschland braucht Nord Stream 2 - just-now.NEWS Deutschland\",\"isPartOf\":{\"@id\":\"https:\/\/now-news.de\/de\/#website\"},\"primaryImageOfPage\":{\"@id\":\"https:\/\/now-news.de\/de\/deutschland\/afd-abgeordneter-kotre-deutschland-braucht-nord-stream-2\/#primaryimage\"},\"image\":{\"@id\":\"https:\/\/now-news.de\/de\/deutschland\/afd-abgeordneter-kotre-deutschland-braucht-nord-stream-2\/#primaryimage\"},\"thumbnailUrl\":\"https:\/\/now-news.de\/de\/wp-content\/uploads\/sites\/3\/2023\/10\/AfD-Abgeordneter-Kotre-Deutschland-braucht-Nord-Stream-2.jpg\",\"datePublished\":\"2023-10-22T18:28:18+00:00\",\"dateModified\":\"2023-10-22T18:28:18+00:00\",\"breadcrumb\":{\"@id\":\"https:\/\/now-news.de\/de\/deutschland\/afd-abgeordneter-kotre-deutschland-braucht-nord-stream-2\/#breadcrumb\"},\"inLanguage\":\"de\",\"potentialAction\":[{\"@type\":\"ReadAction\",\"target\":[\"https:\/\/now-news.de\/de\/deutschland\/afd-abgeordneter-kotre-deutschland-braucht-nord-stream-2\/\"]}]},{\"@type\":\"ImageObject\",\"inLanguage\":\"de\",\"@id\":\"https:\/\/now-news.de\/de\/deutschland\/afd-abgeordneter-kotre-deutschland-braucht-nord-stream-2\/#primaryimage\",\"url\":\"https:\/\/now-news.de\/de\/wp-content\/uploads\/sites\/3\/2023\/10\/AfD-Abgeordneter-Kotre-Deutschland-braucht-Nord-Stream-2.jpg\",\"contentUrl\":\"https:\/\/now-news.de\/de\/wp-content\/uploads\/sites\/3\/2023\/10\/AfD-Abgeordneter-Kotre-Deutschland-braucht-Nord-Stream-2.jpg\",\"width\":460,\"height\":259,\"caption\":\"AfD-Abgeordneter Kotr\u00e9: Deutschland braucht Nord Stream 2\"},{\"@type\":\"BreadcrumbList\",\"@id\":\"https:\/\/now-news.de\/de\/deutschland\/afd-abgeordneter-kotre-deutschland-braucht-nord-stream-2\/#breadcrumb\",\"itemListElement\":[{\"@type\":\"ListItem\",\"position\":1,\"name\":\"Home\",\"item\":\"https:\/\/now-news.de\/de\/\"},{\"@type\":\"ListItem\",\"position\":2,\"name\":\"AfD-Abgeordneter Kotr\u00e9: Deutschland braucht Nord Stream 2\"}]},{\"@type\":\"WebSite\",\"@id\":\"https:\/\/now-news.de\/de\/#website\",\"url\":\"https:\/\/now-news.de\/de\/\",\"name\":\"just-now.NEWS Deutschland\",\"description\":\"Das Portal f\u00fcr unzensierte Nachrichten aus der Welt\",\"publisher\":{\"@id\":\"https:\/\/now-news.de\/de\/#organization\"},\"potentialAction\":[{\"@type\":\"SearchAction\",\"target\":{\"@type\":\"EntryPoint\",\"urlTemplate\":\"https:\/\/now-news.de\/de\/?s={search_term_string}\"},\"query-input\":\"required name=search_term_string\"}],\"inLanguage\":\"de\"},{\"@type\":\"Organization\",\"@id\":\"https:\/\/now-news.de\/de\/#organization\",\"name\":\"Just Now News\",\"url\":\"https:\/\/now-news.de\/de\/\",\"logo\":{\"@type\":\"ImageObject\",\"inLanguage\":\"de\",\"@id\":\"https:\/\/now-news.de\/de\/#\/schema\/logo\/image\/\",\"url\":\"http:\/\/just-now.news\/de\/wp-content\/uploads\/sites\/3\/2022\/04\/logo500x500.jpg\",\"contentUrl\":\"http:\/\/just-now.news\/de\/wp-content\/uploads\/sites\/3\/2022\/04\/logo500x500.jpg\",\"width\":500,\"height\":500,\"caption\":\"Just Now News\"},\"image\":{\"@id\":\"https:\/\/now-news.de\/de\/#\/schema\/logo\/image\/\"},\"sameAs\":[\"https:\/\/www.facebook.com\/wirmachenauf\",\"https:\/\/x.com\/WirMachenAuf_de\"]},{\"@type\":\"Person\",\"@id\":\"https:\/\/now-news.de\/de\/#\/schema\/person\/fb534a4e865501d8b3285208df34a9b5\",\"name\":\"rtnews\",\"image\":{\"@type\":\"ImageObject\",\"inLanguage\":\"de\",\"@id\":\"https:\/\/now-news.de\/de\/#\/schema\/person\/image\/\",\"url\":\"https:\/\/secure.gravatar.com\/avatar\/82aafea7d8127119dd649515f56e2117?s=96&d=mm&r=g\",\"contentUrl\":\"https:\/\/secure.gravatar.com\/avatar\/82aafea7d8127119dd649515f56e2117?s=96&d=mm&r=g\",\"caption\":\"rtnews\"},\"url\":\"https:\/\/now-news.de\/de\/author\/rnews\/\"}]}<\/script>\n<!-- \/ Yoast SEO Premium plugin. -->","yoast_head_json":{"title":"AfD-Abgeordneter Kotr\u00e9: Deutschland braucht Nord Stream 2 - just-now.NEWS Deutschland","robots":{"index":"index","follow":"follow","max-snippet":"max-snippet:-1","max-image-preview":"max-image-preview:large","max-video-preview":"max-video-preview:-1"},"canonical":"https:\/\/now-news.de\/de\/deutschland\/afd-abgeordneter-kotre-deutschland-braucht-nord-stream-2\/","og_locale":"de_DE","og_type":"article","og_title":"AfD-Abgeordneter Kotr\u00e9: Deutschland braucht Nord Stream 2","og_description":"Der Bundestagsabgeordnete Steffen Kotr\u00e9 fordert, den unversehrten Strang von Nord Stream 2 in Betrieb zu nehmen. Der norwegische Energiekonzern Equinor warnte unterdessen, dass die aktuellen EU-Importe nicht ausreichen w\u00fcrden, auch wenn die Speicher voll sind. Der AfD-Bundestagsabgeordnete Steffen Kotr\u00e9 hat gefordert, den verbliebenen Strang der &#8220;Nord Stream&#8221;-Pipeline in Betrieb zu nehmen und die Gasimporte aus [&hellip;]","og_url":"https:\/\/now-news.de\/de\/deutschland\/afd-abgeordneter-kotre-deutschland-braucht-nord-stream-2\/","og_site_name":"just-now.NEWS Deutschland","article_publisher":"https:\/\/www.facebook.com\/wirmachenauf","article_published_time":"2023-10-22T18:28:18+00:00","og_image":[{"width":460,"height":259,"url":"https:\/\/now-news.de\/de\/wp-content\/uploads\/sites\/3\/2023\/10\/AfD-Abgeordneter-Kotre-Deutschland-braucht-Nord-Stream-2.jpg","type":"image\/jpeg"}],"author":"rtnews","twitter_card":"summary_large_image","twitter_creator":"@WirMachenAuf_de","twitter_site":"@WirMachenAuf_de","twitter_misc":{"Verfasst von":"rtnews","Gesch\u00e4tzte Lesezeit":"5\u00a0Minuten"},"schema":{"@context":"https:\/\/schema.org","@graph":[{"@type":"Article","@id":"https:\/\/now-news.de\/de\/deutschland\/afd-abgeordneter-kotre-deutschland-braucht-nord-stream-2\/#article","isPartOf":{"@id":"https:\/\/now-news.de\/de\/deutschland\/afd-abgeordneter-kotre-deutschland-braucht-nord-stream-2\/"},"author":{"name":"rtnews","@id":"https:\/\/now-news.de\/de\/#\/schema\/person\/fb534a4e865501d8b3285208df34a9b5"},"headline":"AfD-Abgeordneter Kotr\u00e9: Deutschland braucht Nord Stream 2","datePublished":"2023-10-22T18:28:18+00:00","dateModified":"2023-10-22T18:28:18+00:00","mainEntityOfPage":{"@id":"https:\/\/now-news.de\/de\/deutschland\/afd-abgeordneter-kotre-deutschland-braucht-nord-stream-2\/"},"wordCount":952,"commentCount":0,"publisher":{"@id":"https:\/\/now-news.de\/de\/#organization"},"image":{"@id":"https:\/\/now-news.de\/de\/deutschland\/afd-abgeordneter-kotre-deutschland-braucht-nord-stream-2\/#primaryimage"},"thumbnailUrl":"https:\/\/now-news.de\/de\/wp-content\/uploads\/sites\/3\/2023\/10\/AfD-Abgeordneter-Kotre-Deutschland-braucht-Nord-Stream-2.jpg","keywords":["AfDAbgeordneter","braucht","Deutschland","Kotr\u00e9","Nord","stream"],"articleSection":["Deutschland","Russland"],"inLanguage":"de","potentialAction":[{"@type":"CommentAction","name":"Comment","target":["https:\/\/now-news.de\/de\/deutschland\/afd-abgeordneter-kotre-deutschland-braucht-nord-stream-2\/#respond"]}]},{"@type":"WebPage","@id":"https:\/\/now-news.de\/de\/deutschland\/afd-abgeordneter-kotre-deutschland-braucht-nord-stream-2\/","url":"https:\/\/now-news.de\/de\/deutschland\/afd-abgeordneter-kotre-deutschland-braucht-nord-stream-2\/","name":"AfD-Abgeordneter Kotr\u00e9: Deutschland braucht Nord Stream 2 - just-now.NEWS Deutschland","isPartOf":{"@id":"https:\/\/now-news.de\/de\/#website"},"primaryImageOfPage":{"@id":"https:\/\/now-news.de\/de\/deutschland\/afd-abgeordneter-kotre-deutschland-braucht-nord-stream-2\/#primaryimage"},"image":{"@id":"https:\/\/now-news.de\/de\/deutschland\/afd-abgeordneter-kotre-deutschland-braucht-nord-stream-2\/#primaryimage"},"thumbnailUrl":"https:\/\/now-news.de\/de\/wp-content\/uploads\/sites\/3\/2023\/10\/AfD-Abgeordneter-Kotre-Deutschland-braucht-Nord-Stream-2.jpg","datePublished":"2023-10-22T18:28:18+00:00","dateModified":"2023-10-22T18:28:18+00:00","breadcrumb":{"@id":"https:\/\/now-news.de\/de\/deutschland\/afd-abgeordneter-kotre-deutschland-braucht-nord-stream-2\/#breadcrumb"},"inLanguage":"de","potentialAction":[{"@type":"ReadAction","target":["https:\/\/now-news.de\/de\/deutschland\/afd-abgeordneter-kotre-deutschland-braucht-nord-stream-2\/"]}]},{"@type":"ImageObject","inLanguage":"de","@id":"https:\/\/now-news.de\/de\/deutschland\/afd-abgeordneter-kotre-deutschland-braucht-nord-stream-2\/#primaryimage","url":"https:\/\/now-news.de\/de\/wp-content\/uploads\/sites\/3\/2023\/10\/AfD-Abgeordneter-Kotre-Deutschland-braucht-Nord-Stream-2.jpg","contentUrl":"https:\/\/now-news.de\/de\/wp-content\/uploads\/sites\/3\/2023\/10\/AfD-Abgeordneter-Kotre-Deutschland-braucht-Nord-Stream-2.jpg","width":460,"height":259,"caption":"AfD-Abgeordneter Kotr\u00e9: Deutschland braucht Nord Stream 2"},{"@type":"BreadcrumbList","@id":"https:\/\/now-news.de\/de\/deutschland\/afd-abgeordneter-kotre-deutschland-braucht-nord-stream-2\/#breadcrumb","itemListElement":[{"@type":"ListItem","position":1,"name":"Home","item":"https:\/\/now-news.de\/de\/"},{"@type":"ListItem","position":2,"name":"AfD-Abgeordneter Kotr\u00e9: Deutschland braucht Nord Stream 2"}]},{"@type":"WebSite","@id":"https:\/\/now-news.de\/de\/#website","url":"https:\/\/now-news.de\/de\/","name":"just-now.NEWS Deutschland","description":"Das Portal f\u00fcr unzensierte Nachrichten aus der Welt","publisher":{"@id":"https:\/\/now-news.de\/de\/#organization"},"potentialAction":[{"@type":"SearchAction","target":{"@type":"EntryPoint","urlTemplate":"https:\/\/now-news.de\/de\/?s={search_term_string}"},"query-input":"required name=search_term_string"}],"inLanguage":"de"},{"@type":"Organization","@id":"https:\/\/now-news.de\/de\/#organization","name":"Just Now News","url":"https:\/\/now-news.de\/de\/","logo":{"@type":"ImageObject","inLanguage":"de","@id":"https:\/\/now-news.de\/de\/#\/schema\/logo\/image\/","url":"http:\/\/just-now.news\/de\/wp-content\/uploads\/sites\/3\/2022\/04\/logo500x500.jpg","contentUrl":"http:\/\/just-now.news\/de\/wp-content\/uploads\/sites\/3\/2022\/04\/logo500x500.jpg","width":500,"height":500,"caption":"Just Now News"},"image":{"@id":"https:\/\/now-news.de\/de\/#\/schema\/logo\/image\/"},"sameAs":["https:\/\/www.facebook.com\/wirmachenauf","https:\/\/x.com\/WirMachenAuf_de"]},{"@type":"Person","@id":"https:\/\/now-news.de\/de\/#\/schema\/person\/fb534a4e865501d8b3285208df34a9b5","name":"rtnews","image":{"@type":"ImageObject","inLanguage":"de","@id":"https:\/\/now-news.de\/de\/#\/schema\/person\/image\/","url":"https:\/\/secure.gravatar.com\/avatar\/82aafea7d8127119dd649515f56e2117?s=96&d=mm&r=g","contentUrl":"https:\/\/secure.gravatar.com\/avatar\/82aafea7d8127119dd649515f56e2117?s=96&d=mm&r=g","caption":"rtnews"},"url":"https:\/\/now-news.de\/de\/author\/rnews\/"}]}},"_links":{"self":[{"href":"https:\/\/now-news.de\/de\/wp-json\/wp\/v2\/posts\/48546"}],"collection":[{"href":"https:\/\/now-news.de\/de\/wp-json\/wp\/v2\/posts"}],"about":[{"href":"https:\/\/now-news.de\/de\/wp-json\/wp\/v2\/types\/post"}],"author":[{"embeddable":true,"href":"https:\/\/now-news.de\/de\/wp-json\/wp\/v2\/users\/3"}],"replies":[{"embeddable":true,"href":"https:\/\/now-news.de\/de\/wp-json\/wp\/v2\/comments?post=48546"}],"version-history":[{"count":0,"href":"https:\/\/now-news.de\/de\/wp-json\/wp\/v2\/posts\/48546\/revisions"}],"wp:featuredmedia":[{"embeddable":true,"href":"https:\/\/now-news.de\/de\/wp-json\/wp\/v2\/media\/48547"}],"wp:attachment":[{"href":"https:\/\/now-news.de\/de\/wp-json\/wp\/v2\/media?parent=48546"}],"wp:term":[{"taxonomy":"category","embeddable":true,"href":"https:\/\/now-news.de\/de\/wp-json\/wp\/v2\/categories?post=48546"},{"taxonomy":"post_tag","embeddable":true,"href":"https:\/\/now-news.de\/de\/wp-json\/wp\/v2\/tags?post=48546"}],"curies":[{"name":"wp","href":"https:\/\/api.w.org\/{rel}","templated":true}]}}