{"id":48542,"date":"2023-10-22T17:55:15","date_gmt":"2023-10-22T15:55:15","guid":{"rendered":"https:\/\/just-now.news\/de\/deutschland\/die-von-westlichen-medien-verschwiegene-provokation-um-die-al-aqsa-moschee\/"},"modified":"2023-10-22T17:55:15","modified_gmt":"2023-10-22T15:55:15","slug":"die-von-westlichen-medien-verschwiegene-provokation-um-die-al-aqsa-moschee","status":"publish","type":"post","link":"https:\/\/now-news.de\/de\/deutschland\/die-von-westlichen-medien-verschwiegene-provokation-um-die-al-aqsa-moschee\/","title":{"rendered":"Die von westlichen Medien verschwiegene Provokation um die Al-Aqsa-Moschee"},"content":{"rendered":"<p><img decoding=\"async\" src=\"http:\/\/just-now.news\/de\/wp-content\/uploads\/sites\/3\/2023\/10\/6535224448fbef696b64b075.jpg\" \/><\/p>\n<div class=\"Text-root Text-type_1 \">\n                Wenige Tage vor dem Angriff der Hamas auf Israel haben die israelischen Beh\u00f6rden zugelassen, dass orthodoxe Juden eines der wichtigsten Heiligt\u00fcmer des Islam st\u00fcrmen. In westlichen Medien findet man dar\u00fcber fast keine Meldungen.\n            <\/div>\n<p><\/p>\n<div class=\"Text-root Text-type_5 ArticleView-text ViewText-root \">\n<p><em>Von\u00a0Thomas R\u00f6per<\/em><\/p>\n<p>Dass der Krieg in Israel und Pal\u00e4stina eine Vorgeschichte hat, \u00fcber die westliche Medien gerne hinwegsehen, ist nicht neu. Dabei geht es um die Unterdr\u00fcckung der Pal\u00e4stinenser in den letzten Jahrzehnten und die fortgesetzte Ablehnung der Umsetzung der UN-Resolution, die seit Jahrzehnten die Umsetzung der Zwei-Staaten-L\u00f6sung fordert. Vor dem Hintergrund des aktuellen Krieges berichten die westlichen Medien dar\u00fcber praktisch gar nicht.<\/p>\n<p>Westliche Medien und Politiker wiederholen stattdessen die Parolen, die Hamas habe unprovoziert einen bestialischen Terrorangriff auf Israel gestartet und Israel habe das Recht, sich zu verteidigen. Dass der Angriff der Hamas bestialisch war, ist unbestritten und auch dass Israel das Recht hat, sich zu verteidigen, ist richtig. Die Frage ist allerdings, ob man von &#8220;Verteidigung&#8221; sprechen kann, wenn Israel den Gazastreifen fast willk\u00fcrlich bombardiert und die Zahl der toten Zivilisten aufseiten der Pal\u00e4stinenser inzwischen weit h\u00f6her ist als die Zahl der toten Israelis. Dabei geht es nicht darum, die Zahl der Toten aufzurechnen, es geht nur um die Frage, ob man es als &#8220;Verteidigung&#8221; bezeichnen kann, wenn Israel systematisch Zivilisten und zivile Ziele im Gazastreifen bombardiert und eine totale Blockade \u00fcber den Gazastreifen verh\u00e4ngt.<\/p>\n<p>Au\u00dferdem kann nicht die Rede davon sein, dass die Hamas g\u00e4nzlich unprovoziert und \u00fcberraschend zugeschlagen hat.<\/p>\n<h3>Provokationen bei der Al-Aqsa-Moschee<\/h3>\n<p>Die Al-Aqsa-Moschee auf dem Tempelberg in der Jerusalemer Altstadt gilt nach der Kaaba in Mekka und der Prophetenmoschee mit dem Grab des Propheten Mohammed in Medina als drittwichtigste Moschee des Islams. Israel betrachtet Jerusalem als seine Hauptstadt, was international jedoch nicht anerkannt, sondern sehr umstritten ist, weil die Stadt f\u00fcr alle Weltreligionen zu den heiligsten St\u00e4dten geh\u00f6rt. Vor allem, dass Moslems in Jerusalem immer wieder an der Aus\u00fcbung ihres Glaubens gehindert werden, st\u00f6\u00dft in der islamischen Welt auf Kritik und Protest.<\/p>\n<p>Das passierte auch 2023 immer wieder, hat im Westen aber kaum Schlagzeilen gemacht. So hat die israelische Polizei die Al-Aqsa-Moschee im April 2023 mitten im muslimischen Fastenmonat Ramadan gest\u00fcrmt, was im Westen kaum Beachtung fand, in muslimischen L\u00e4ndern hingegen sehr wohl. In einem der wenigen ausf\u00fchrlichen\u00a0<a rel=\"nofollow noopener\" target=\"_blank\" href=\"https:\/\/www.stern.de\/news\/internationale-kritik-an-polizeieinsatz-in-al-aksa-moschee-in-jerusalem-33351390.html\">Berichte<\/a>, die es in deutschen Medien gab, konnte man erfahren:<\/p>\n<blockquote>\n<p><em>&#8220;Der pal\u00e4stinensische Augenzeuge Abdel Karim Ikraiem sagte, die mit Schlagst\u00f6cken, Tr\u00e4nengasgranaten und Rauchbomben bewaffneten Polizisten seien &#8216;gewaltsam&#8217; in die Moschee eingedrungen und h\u00e4tten betende &#8216;Frauen und M\u00e4nner geschlagen&#8217;. Ein in den Onlinenetzwerken verbreitetes Video zeigt, wie Polizisten mit Kn\u00fcppeln auf Menschen am Boden der Moschee einschlagen.<\/em><br \/><em>Der Pal\u00e4stinensische Rote Halbmond teilte mit, er habe nach den Zusammenst\u00f6\u00dfen 37 Verletzte behandelt, einige von ihnen nach ihrer Entlassung aus dem Polizeigewahrsam.&#8221;<\/em><\/p>\n<\/blockquote>\n<p>Als Grund f\u00fcr den Polizeieinsatz gab Israel an:<\/p>\n<blockquote>\n<p><em>&#8220;Die israelische Polizei hatte am Morgen mitgeteilt, sie sei inmitten des muslimischen Fastenmonats Ramadan und kurz vor Beginn des j\u00fcdischen Pessachfests in die Moschee eingedrungen, um &#8216;Unruhestifter&#8217; zu vertreiben, die &#8216;Feuerwerksk\u00f6rper, St\u00f6cke und Steine&#8217; in das Gotteshaus gebracht h\u00e4tten. Die Eindringlinge h\u00e4tten sich nach dem Abendgebet am Dienstag in der Moschee verbarrikadiert und &#8216;zu Hass und Gewalt aufstachelnde Parolen&#8217; gerufen.&#8221;<\/em><\/p>\n<\/blockquote>\n<p>In der muslimischen Welt gab es deswegen Proteste:<\/p>\n<blockquote>\n<p><em>&#8220;Jordanien, das die Moschee verwaltet, verurteilte ihre &#8216;Erst\u00fcrmung&#8217; und forderte die israelische Polizei auf, sich &#8216;sofort&#8217; von dem Gel\u00e4nde zur\u00fcckzuziehen. Auch die Arabische Liga, Saudi-Arabien, die Vereinigten Arabischen Emirate, \u00c4gypten und die T\u00fcrkei verurteilten den Polizeieinsatz. Der t\u00fcrkische Pr\u00e4sident Recep Tayyip Erdo\u011fan sagte, Israel habe damit eine &#8216;rote Linie&#8217; \u00fcberschritten.&#8221;<\/em><\/p>\n<\/blockquote>\n<p>Der Verdacht, dass Israel die Provokationen bei der Moschee provoziert hat, dr\u00e4ngt sich auf, denn anstatt die Lage zu deeskalieren, sch\u00fctzte die israelische Polizei in der Folge radikale orthodoxe Juden, die\u00a0<a rel=\"nofollow noopener\" target=\"_blank\" href=\"https:\/\/www.aljazeera.com\/gallery\/2023\/10\/16\/history-illustrated-the-war-on-al-aqsa-redux-2\">auf das Gel\u00e4nder der Moschee vordrangen<\/a>. Am 1. Oktober sind Tausende israelische Siedler auf das Gel\u00e4nde der Moschee vorgedrungen. Am 4. Oktober st\u00fcrmten Dutzende israelische Siedler das Gel\u00e4nde der drittheiligsten St\u00e4tte des Islam, w\u00e4hrend die israelische Polizei junge Pal\u00e4stinenser am Betreten der Moschee hinderte.<\/p>\n<h3>Der provozierte Krieg?<\/h3>\n<p>Diese von der israelischen Polizei gedeckten Provokationen an der Al-Aqsa-Moschee haben nur wenige Tage vor dem Terrorangriff der Hamas auf Israel stattgefunden. Sie waren sicher nicht der Ausl\u00f6ser des Terrorangriffs, denn der wurde von l\u00e4ngerer Hand vorbereitet, aber die Ereignisse zeigen, dass Israel keineswegs auf Deeskalation, sondern auf Provokation gesetzt hat.<\/p>\n<p>Vor einer Woche habe ich ausf\u00fchrlich\u00a0<a rel=\"nofollow noopener\" target=\"_blank\" href=\"https:\/\/www.anti-spiegel.ru\/2023\/warum-israel-und-die-usa-den-angriff-der-hamas-zugelassen\/\">dargelegt<\/a>, warum es f\u00fcr mich so aussieht, als h\u00e4tten Israel und die USA von den Angriffspl\u00e4nen der Hamas gewusst und den Angriff bewusst zugelassen. Dass deren Geheimdienste von den Vorbereitungen nichts mitbekommen haben, ist mehr als unrealistisch, zumal andere Geheimdienste davon wussten und den israelischen Geheimdienst auch gewarnt hatten. Au\u00dferdem ist es mehr als unrealistisch, dass alle milit\u00e4rischen Sicherheitsma\u00dfnahmen versagt haben, und man fragt sich, warum die Hamas-Terroristen stundenlang fast ungehindert in Israel w\u00fcten konnten, bevor eine milit\u00e4rische Reaktion erfolgte.<\/p>\n<p>Sowohl Netanjahu, der wegen seiner &#8220;Justizreform&#8221; unter gro\u00dfem innenpolitischem Druck stand, als auch die USA, die mit dem Krieg von der Niederlage in der Ukraine ablenken k\u00f6nnen, haben von dem Krieg profitiert, auch wenn das nat\u00fcrlich zynisch klingt, aber Geopolitik ist per Definition zynisch.<\/p>\n<p>Zufall oder nicht, aber dass Israel die Pal\u00e4stinenser im Vorfeld des Krieges bei der Al-Aqsa-Moschee provoziert hat, anstatt auf Deeskalation zu setzen, f\u00fcgt sich dabei in das Bild, dass der Terrorangriff der Hamas bewusst zugelassen und vielleicht sogar provoziert wurde, ein.<\/p>\n<p>In meinem neuen Buch <a rel=\"nofollow noopener\" target=\"_blank\" href=\"https:\/\/ukraine-kartell.net\/?ref=1023&amp;cn=teaser\">&#8220;Das Ukraine Kartell \u2013 Das Doppelspiel um einen Krieg und die Millionen-Gesch\u00e4fte der Familie des US-Pr\u00e4sidenten Biden&#8221;<\/a>\u00a0enth\u00fclle ich sachlich und neutral, basierend auf Hunderten von Quellen, bisher verschwiegene Fakten und Beweise \u00fcber die millionenschweren Gesch\u00e4fte der Familie des US-Pr\u00e4sidenten Joe Biden in der Ukraine. Angesichts der aktuellen Ereignisse stellt sich die Frage: Ist eine kleine Gruppe gieriger Gesch\u00e4ftemacher m\u00f6glicherweise bereit, uns f\u00fcr ihren pers\u00f6nlichen Profit an den Rand eines Dritten Weltkriegs zu bringen?<\/p>\n<p>Das Buch ist aktuell erschienen und ausschlie\u00dflich direkt\u00a0<a rel=\"nofollow noopener\" target=\"_blank\" href=\"https:\/\/ukraine-kartell.net\/?ref=1023&amp;cn=teaser\">hier<\/a>\u00a0\u00fcber den\u00a0<a rel=\"nofollow noopener\" target=\"_blank\" href=\"https:\/\/ukraine-kartell.net\/?ref=1023&amp;cn=teaser\">Verlag<\/a>\u00a0bestellbar.<\/p>\n<p><em><strong>Thomas R\u00f6per<\/strong> ist Herausgeber und Blogbetreiber der Webseite Anti-Spiegel. Dort wurde der vorliegende Text am 21.\u00a0Oktober 2023\u00a0<a rel=\"nofollow noopener\" target=\"_blank\" href=\"https:\/\/www.anti-spiegel.ru\/2023\/die-von-westlichen-medien-verschwiegene-provokation-um-die-al-aqsa-moschee\/\">erstmalig ver\u00f6ffentlicht<\/a>.<\/em><\/p>\n<\/div>\n<p><br \/>\n<br \/><a href=\"https:\/\/de.rt.com\/der-nahe-osten\/184596-von-westlichen-medien-verschwiegene-provokation\/\">Source link <\/a><\/p>\n","protected":false},"excerpt":{"rendered":"<p>Wenige Tage vor dem Angriff der Hamas auf Israel haben die israelischen Beh\u00f6rden zugelassen, dass orthodoxe Juden eines der wichtigsten Heiligt\u00fcmer des Islam st\u00fcrmen. In westlichen Medien findet man dar\u00fcber fast keine Meldungen. Von\u00a0Thomas R\u00f6per Dass der Krieg in Israel und Pal\u00e4stina eine Vorgeschichte hat, \u00fcber die westliche Medien gerne hinwegsehen, ist nicht neu. Dabei [&hellip;]<\/p>\n","protected":false},"author":3,"featured_media":48543,"comment_status":"open","ping_status":"open","sticky":false,"template":"","format":"standard","meta":{"_yoast_indexnow_last_ping":["1697990617"],"wp_automatic_camp":["217"],"99aad2b645c7862c7ba1efc8af2a9dd9":["Die von westlichen Medien verschwiegene Provokation um die Al-Aqsa-Moschee"],"original_link":["https:\/\/de.rt.com\/der-nahe-osten\/184596-von-westlichen-medien-verschwiegene-provokation\/"],"_thumbnail_id":["48543"],"_wptgpro_p2tg_sent2tg":["a:1:{i:23737;s:19:\"2023-10-22 18:04:47\";}"],"jnews_social_counter_last_update":["1777191067"]},"categories":[19,23],"tags":[644,45,580,20873,41545,50,712],"yoast_head":"<!-- This site is optimized with the Yoast SEO Premium plugin v22.7 (Yoast SEO v22.7) - https:\/\/yoast.com\/wordpress\/plugins\/seo\/ -->\n<title>Die von westlichen Medien verschwiegene Provokation um die Al-Aqsa-Moschee - just-now.NEWS Deutschland<\/title>\n<meta name=\"robots\" content=\"index, follow, max-snippet:-1, max-image-preview:large, max-video-preview:-1\" \/>\n<link rel=\"canonical\" href=\"https:\/\/now-news.de\/de\/deutschland\/die-von-westlichen-medien-verschwiegene-provokation-um-die-al-aqsa-moschee\/\" \/>\n<meta property=\"og:locale\" content=\"de_DE\" \/>\n<meta property=\"og:type\" content=\"article\" \/>\n<meta property=\"og:title\" content=\"Die von westlichen Medien verschwiegene Provokation um die Al-Aqsa-Moschee\" \/>\n<meta property=\"og:description\" content=\"Wenige Tage vor dem Angriff der Hamas auf Israel haben die israelischen Beh\u00f6rden zugelassen, dass orthodoxe Juden eines der wichtigsten Heiligt\u00fcmer des Islam st\u00fcrmen. In westlichen Medien findet man dar\u00fcber fast keine Meldungen. Von\u00a0Thomas R\u00f6per Dass der Krieg in Israel und Pal\u00e4stina eine Vorgeschichte hat, \u00fcber die westliche Medien gerne hinwegsehen, ist nicht neu. Dabei [&hellip;]\" \/>\n<meta property=\"og:url\" content=\"https:\/\/now-news.de\/de\/deutschland\/die-von-westlichen-medien-verschwiegene-provokation-um-die-al-aqsa-moschee\/\" \/>\n<meta property=\"og:site_name\" content=\"just-now.NEWS Deutschland\" \/>\n<meta property=\"article:publisher\" content=\"https:\/\/www.facebook.com\/wirmachenauf\" \/>\n<meta property=\"article:published_time\" content=\"2023-10-22T15:55:15+00:00\" \/>\n<meta property=\"og:image\" content=\"https:\/\/now-news.de\/de\/wp-content\/uploads\/sites\/3\/2023\/10\/Die-von-westlichen-Medien-verschwiegene-Provokation-um-die-Al-Aqsa-Moschee.jpg\" \/>\n\t<meta property=\"og:image:width\" content=\"460\" \/>\n\t<meta property=\"og:image:height\" content=\"259\" \/>\n\t<meta property=\"og:image:type\" content=\"image\/jpeg\" \/>\n<meta name=\"author\" content=\"rtnews\" \/>\n<meta name=\"twitter:card\" content=\"summary_large_image\" \/>\n<meta name=\"twitter:creator\" content=\"@WirMachenAuf_de\" \/>\n<meta name=\"twitter:site\" content=\"@WirMachenAuf_de\" \/>\n<meta name=\"twitter:label1\" content=\"Verfasst von\" \/>\n\t<meta name=\"twitter:data1\" content=\"rtnews\" \/>\n\t<meta name=\"twitter:label2\" content=\"Gesch\u00e4tzte Lesezeit\" \/>\n\t<meta name=\"twitter:data2\" content=\"5\u00a0Minuten\" \/>\n<script type=\"application\/ld+json\" class=\"yoast-schema-graph\">{\"@context\":\"https:\/\/schema.org\",\"@graph\":[{\"@type\":\"Article\",\"@id\":\"https:\/\/now-news.de\/de\/deutschland\/die-von-westlichen-medien-verschwiegene-provokation-um-die-al-aqsa-moschee\/#article\",\"isPartOf\":{\"@id\":\"https:\/\/now-news.de\/de\/deutschland\/die-von-westlichen-medien-verschwiegene-provokation-um-die-al-aqsa-moschee\/\"},\"author\":{\"name\":\"rtnews\",\"@id\":\"https:\/\/now-news.de\/de\/#\/schema\/person\/fb534a4e865501d8b3285208df34a9b5\"},\"headline\":\"Die von westlichen Medien verschwiegene Provokation um die Al-Aqsa-Moschee\",\"datePublished\":\"2023-10-22T15:55:15+00:00\",\"dateModified\":\"2023-10-22T15:55:15+00:00\",\"mainEntityOfPage\":{\"@id\":\"https:\/\/now-news.de\/de\/deutschland\/die-von-westlichen-medien-verschwiegene-provokation-um-die-al-aqsa-moschee\/\"},\"wordCount\":1070,\"commentCount\":0,\"publisher\":{\"@id\":\"https:\/\/now-news.de\/de\/#organization\"},\"image\":{\"@id\":\"https:\/\/now-news.de\/de\/deutschland\/die-von-westlichen-medien-verschwiegene-provokation-um-die-al-aqsa-moschee\/#primaryimage\"},\"thumbnailUrl\":\"https:\/\/now-news.de\/de\/wp-content\/uploads\/sites\/3\/2023\/10\/Die-von-westlichen-Medien-verschwiegene-Provokation-um-die-Al-Aqsa-Moschee.jpg\",\"keywords\":[\"alAqsaMoschee\",\"die\",\"Medien\",\"Provokation\",\"verschwiegene\",\"von\",\"westlichen\"],\"articleSection\":[\"Deutschland\",\"Russland\"],\"inLanguage\":\"de\",\"potentialAction\":[{\"@type\":\"CommentAction\",\"name\":\"Comment\",\"target\":[\"https:\/\/now-news.de\/de\/deutschland\/die-von-westlichen-medien-verschwiegene-provokation-um-die-al-aqsa-moschee\/#respond\"]}]},{\"@type\":\"WebPage\",\"@id\":\"https:\/\/now-news.de\/de\/deutschland\/die-von-westlichen-medien-verschwiegene-provokation-um-die-al-aqsa-moschee\/\",\"url\":\"https:\/\/now-news.de\/de\/deutschland\/die-von-westlichen-medien-verschwiegene-provokation-um-die-al-aqsa-moschee\/\",\"name\":\"Die von westlichen Medien verschwiegene Provokation um die Al-Aqsa-Moschee - just-now.NEWS Deutschland\",\"isPartOf\":{\"@id\":\"https:\/\/now-news.de\/de\/#website\"},\"primaryImageOfPage\":{\"@id\":\"https:\/\/now-news.de\/de\/deutschland\/die-von-westlichen-medien-verschwiegene-provokation-um-die-al-aqsa-moschee\/#primaryimage\"},\"image\":{\"@id\":\"https:\/\/now-news.de\/de\/deutschland\/die-von-westlichen-medien-verschwiegene-provokation-um-die-al-aqsa-moschee\/#primaryimage\"},\"thumbnailUrl\":\"https:\/\/now-news.de\/de\/wp-content\/uploads\/sites\/3\/2023\/10\/Die-von-westlichen-Medien-verschwiegene-Provokation-um-die-Al-Aqsa-Moschee.jpg\",\"datePublished\":\"2023-10-22T15:55:15+00:00\",\"dateModified\":\"2023-10-22T15:55:15+00:00\",\"breadcrumb\":{\"@id\":\"https:\/\/now-news.de\/de\/deutschland\/die-von-westlichen-medien-verschwiegene-provokation-um-die-al-aqsa-moschee\/#breadcrumb\"},\"inLanguage\":\"de\",\"potentialAction\":[{\"@type\":\"ReadAction\",\"target\":[\"https:\/\/now-news.de\/de\/deutschland\/die-von-westlichen-medien-verschwiegene-provokation-um-die-al-aqsa-moschee\/\"]}]},{\"@type\":\"ImageObject\",\"inLanguage\":\"de\",\"@id\":\"https:\/\/now-news.de\/de\/deutschland\/die-von-westlichen-medien-verschwiegene-provokation-um-die-al-aqsa-moschee\/#primaryimage\",\"url\":\"https:\/\/now-news.de\/de\/wp-content\/uploads\/sites\/3\/2023\/10\/Die-von-westlichen-Medien-verschwiegene-Provokation-um-die-Al-Aqsa-Moschee.jpg\",\"contentUrl\":\"https:\/\/now-news.de\/de\/wp-content\/uploads\/sites\/3\/2023\/10\/Die-von-westlichen-Medien-verschwiegene-Provokation-um-die-Al-Aqsa-Moschee.jpg\",\"width\":460,\"height\":259,\"caption\":\"Die von westlichen Medien verschwiegene Provokation um die Al-Aqsa-Moschee\"},{\"@type\":\"BreadcrumbList\",\"@id\":\"https:\/\/now-news.de\/de\/deutschland\/die-von-westlichen-medien-verschwiegene-provokation-um-die-al-aqsa-moschee\/#breadcrumb\",\"itemListElement\":[{\"@type\":\"ListItem\",\"position\":1,\"name\":\"Home\",\"item\":\"https:\/\/now-news.de\/de\/\"},{\"@type\":\"ListItem\",\"position\":2,\"name\":\"Die von westlichen Medien verschwiegene Provokation um die Al-Aqsa-Moschee\"}]},{\"@type\":\"WebSite\",\"@id\":\"https:\/\/now-news.de\/de\/#website\",\"url\":\"https:\/\/now-news.de\/de\/\",\"name\":\"just-now.NEWS Deutschland\",\"description\":\"Das Portal f\u00fcr unzensierte Nachrichten aus der Welt\",\"publisher\":{\"@id\":\"https:\/\/now-news.de\/de\/#organization\"},\"potentialAction\":[{\"@type\":\"SearchAction\",\"target\":{\"@type\":\"EntryPoint\",\"urlTemplate\":\"https:\/\/now-news.de\/de\/?s={search_term_string}\"},\"query-input\":\"required name=search_term_string\"}],\"inLanguage\":\"de\"},{\"@type\":\"Organization\",\"@id\":\"https:\/\/now-news.de\/de\/#organization\",\"name\":\"Just Now News\",\"url\":\"https:\/\/now-news.de\/de\/\",\"logo\":{\"@type\":\"ImageObject\",\"inLanguage\":\"de\",\"@id\":\"https:\/\/now-news.de\/de\/#\/schema\/logo\/image\/\",\"url\":\"http:\/\/just-now.news\/de\/wp-content\/uploads\/sites\/3\/2022\/04\/logo500x500.jpg\",\"contentUrl\":\"http:\/\/just-now.news\/de\/wp-content\/uploads\/sites\/3\/2022\/04\/logo500x500.jpg\",\"width\":500,\"height\":500,\"caption\":\"Just Now News\"},\"image\":{\"@id\":\"https:\/\/now-news.de\/de\/#\/schema\/logo\/image\/\"},\"sameAs\":[\"https:\/\/www.facebook.com\/wirmachenauf\",\"https:\/\/x.com\/WirMachenAuf_de\"]},{\"@type\":\"Person\",\"@id\":\"https:\/\/now-news.de\/de\/#\/schema\/person\/fb534a4e865501d8b3285208df34a9b5\",\"name\":\"rtnews\",\"image\":{\"@type\":\"ImageObject\",\"inLanguage\":\"de\",\"@id\":\"https:\/\/now-news.de\/de\/#\/schema\/person\/image\/\",\"url\":\"https:\/\/secure.gravatar.com\/avatar\/82aafea7d8127119dd649515f56e2117?s=96&d=mm&r=g\",\"contentUrl\":\"https:\/\/secure.gravatar.com\/avatar\/82aafea7d8127119dd649515f56e2117?s=96&d=mm&r=g\",\"caption\":\"rtnews\"},\"url\":\"https:\/\/now-news.de\/de\/author\/rnews\/\"}]}<\/script>\n<!-- \/ Yoast SEO Premium plugin. -->","yoast_head_json":{"title":"Die von westlichen Medien verschwiegene Provokation um die Al-Aqsa-Moschee - just-now.NEWS Deutschland","robots":{"index":"index","follow":"follow","max-snippet":"max-snippet:-1","max-image-preview":"max-image-preview:large","max-video-preview":"max-video-preview:-1"},"canonical":"https:\/\/now-news.de\/de\/deutschland\/die-von-westlichen-medien-verschwiegene-provokation-um-die-al-aqsa-moschee\/","og_locale":"de_DE","og_type":"article","og_title":"Die von westlichen Medien verschwiegene Provokation um die Al-Aqsa-Moschee","og_description":"Wenige Tage vor dem Angriff der Hamas auf Israel haben die israelischen Beh\u00f6rden zugelassen, dass orthodoxe Juden eines der wichtigsten Heiligt\u00fcmer des Islam st\u00fcrmen. In westlichen Medien findet man dar\u00fcber fast keine Meldungen. Von\u00a0Thomas R\u00f6per Dass der Krieg in Israel und Pal\u00e4stina eine Vorgeschichte hat, \u00fcber die westliche Medien gerne hinwegsehen, ist nicht neu. Dabei [&hellip;]","og_url":"https:\/\/now-news.de\/de\/deutschland\/die-von-westlichen-medien-verschwiegene-provokation-um-die-al-aqsa-moschee\/","og_site_name":"just-now.NEWS Deutschland","article_publisher":"https:\/\/www.facebook.com\/wirmachenauf","article_published_time":"2023-10-22T15:55:15+00:00","og_image":[{"width":460,"height":259,"url":"https:\/\/now-news.de\/de\/wp-content\/uploads\/sites\/3\/2023\/10\/Die-von-westlichen-Medien-verschwiegene-Provokation-um-die-Al-Aqsa-Moschee.jpg","type":"image\/jpeg"}],"author":"rtnews","twitter_card":"summary_large_image","twitter_creator":"@WirMachenAuf_de","twitter_site":"@WirMachenAuf_de","twitter_misc":{"Verfasst von":"rtnews","Gesch\u00e4tzte Lesezeit":"5\u00a0Minuten"},"schema":{"@context":"https:\/\/schema.org","@graph":[{"@type":"Article","@id":"https:\/\/now-news.de\/de\/deutschland\/die-von-westlichen-medien-verschwiegene-provokation-um-die-al-aqsa-moschee\/#article","isPartOf":{"@id":"https:\/\/now-news.de\/de\/deutschland\/die-von-westlichen-medien-verschwiegene-provokation-um-die-al-aqsa-moschee\/"},"author":{"name":"rtnews","@id":"https:\/\/now-news.de\/de\/#\/schema\/person\/fb534a4e865501d8b3285208df34a9b5"},"headline":"Die von westlichen Medien verschwiegene Provokation um die Al-Aqsa-Moschee","datePublished":"2023-10-22T15:55:15+00:00","dateModified":"2023-10-22T15:55:15+00:00","mainEntityOfPage":{"@id":"https:\/\/now-news.de\/de\/deutschland\/die-von-westlichen-medien-verschwiegene-provokation-um-die-al-aqsa-moschee\/"},"wordCount":1070,"commentCount":0,"publisher":{"@id":"https:\/\/now-news.de\/de\/#organization"},"image":{"@id":"https:\/\/now-news.de\/de\/deutschland\/die-von-westlichen-medien-verschwiegene-provokation-um-die-al-aqsa-moschee\/#primaryimage"},"thumbnailUrl":"https:\/\/now-news.de\/de\/wp-content\/uploads\/sites\/3\/2023\/10\/Die-von-westlichen-Medien-verschwiegene-Provokation-um-die-Al-Aqsa-Moschee.jpg","keywords":["alAqsaMoschee","die","Medien","Provokation","verschwiegene","von","westlichen"],"articleSection":["Deutschland","Russland"],"inLanguage":"de","potentialAction":[{"@type":"CommentAction","name":"Comment","target":["https:\/\/now-news.de\/de\/deutschland\/die-von-westlichen-medien-verschwiegene-provokation-um-die-al-aqsa-moschee\/#respond"]}]},{"@type":"WebPage","@id":"https:\/\/now-news.de\/de\/deutschland\/die-von-westlichen-medien-verschwiegene-provokation-um-die-al-aqsa-moschee\/","url":"https:\/\/now-news.de\/de\/deutschland\/die-von-westlichen-medien-verschwiegene-provokation-um-die-al-aqsa-moschee\/","name":"Die von westlichen Medien verschwiegene Provokation um die Al-Aqsa-Moschee - just-now.NEWS Deutschland","isPartOf":{"@id":"https:\/\/now-news.de\/de\/#website"},"primaryImageOfPage":{"@id":"https:\/\/now-news.de\/de\/deutschland\/die-von-westlichen-medien-verschwiegene-provokation-um-die-al-aqsa-moschee\/#primaryimage"},"image":{"@id":"https:\/\/now-news.de\/de\/deutschland\/die-von-westlichen-medien-verschwiegene-provokation-um-die-al-aqsa-moschee\/#primaryimage"},"thumbnailUrl":"https:\/\/now-news.de\/de\/wp-content\/uploads\/sites\/3\/2023\/10\/Die-von-westlichen-Medien-verschwiegene-Provokation-um-die-Al-Aqsa-Moschee.jpg","datePublished":"2023-10-22T15:55:15+00:00","dateModified":"2023-10-22T15:55:15+00:00","breadcrumb":{"@id":"https:\/\/now-news.de\/de\/deutschland\/die-von-westlichen-medien-verschwiegene-provokation-um-die-al-aqsa-moschee\/#breadcrumb"},"inLanguage":"de","potentialAction":[{"@type":"ReadAction","target":["https:\/\/now-news.de\/de\/deutschland\/die-von-westlichen-medien-verschwiegene-provokation-um-die-al-aqsa-moschee\/"]}]},{"@type":"ImageObject","inLanguage":"de","@id":"https:\/\/now-news.de\/de\/deutschland\/die-von-westlichen-medien-verschwiegene-provokation-um-die-al-aqsa-moschee\/#primaryimage","url":"https:\/\/now-news.de\/de\/wp-content\/uploads\/sites\/3\/2023\/10\/Die-von-westlichen-Medien-verschwiegene-Provokation-um-die-Al-Aqsa-Moschee.jpg","contentUrl":"https:\/\/now-news.de\/de\/wp-content\/uploads\/sites\/3\/2023\/10\/Die-von-westlichen-Medien-verschwiegene-Provokation-um-die-Al-Aqsa-Moschee.jpg","width":460,"height":259,"caption":"Die von westlichen Medien verschwiegene Provokation um die Al-Aqsa-Moschee"},{"@type":"BreadcrumbList","@id":"https:\/\/now-news.de\/de\/deutschland\/die-von-westlichen-medien-verschwiegene-provokation-um-die-al-aqsa-moschee\/#breadcrumb","itemListElement":[{"@type":"ListItem","position":1,"name":"Home","item":"https:\/\/now-news.de\/de\/"},{"@type":"ListItem","position":2,"name":"Die von westlichen Medien verschwiegene Provokation um die Al-Aqsa-Moschee"}]},{"@type":"WebSite","@id":"https:\/\/now-news.de\/de\/#website","url":"https:\/\/now-news.de\/de\/","name":"just-now.NEWS Deutschland","description":"Das Portal f\u00fcr unzensierte Nachrichten aus der Welt","publisher":{"@id":"https:\/\/now-news.de\/de\/#organization"},"potentialAction":[{"@type":"SearchAction","target":{"@type":"EntryPoint","urlTemplate":"https:\/\/now-news.de\/de\/?s={search_term_string}"},"query-input":"required name=search_term_string"}],"inLanguage":"de"},{"@type":"Organization","@id":"https:\/\/now-news.de\/de\/#organization","name":"Just Now News","url":"https:\/\/now-news.de\/de\/","logo":{"@type":"ImageObject","inLanguage":"de","@id":"https:\/\/now-news.de\/de\/#\/schema\/logo\/image\/","url":"http:\/\/just-now.news\/de\/wp-content\/uploads\/sites\/3\/2022\/04\/logo500x500.jpg","contentUrl":"http:\/\/just-now.news\/de\/wp-content\/uploads\/sites\/3\/2022\/04\/logo500x500.jpg","width":500,"height":500,"caption":"Just Now News"},"image":{"@id":"https:\/\/now-news.de\/de\/#\/schema\/logo\/image\/"},"sameAs":["https:\/\/www.facebook.com\/wirmachenauf","https:\/\/x.com\/WirMachenAuf_de"]},{"@type":"Person","@id":"https:\/\/now-news.de\/de\/#\/schema\/person\/fb534a4e865501d8b3285208df34a9b5","name":"rtnews","image":{"@type":"ImageObject","inLanguage":"de","@id":"https:\/\/now-news.de\/de\/#\/schema\/person\/image\/","url":"https:\/\/secure.gravatar.com\/avatar\/82aafea7d8127119dd649515f56e2117?s=96&d=mm&r=g","contentUrl":"https:\/\/secure.gravatar.com\/avatar\/82aafea7d8127119dd649515f56e2117?s=96&d=mm&r=g","caption":"rtnews"},"url":"https:\/\/now-news.de\/de\/author\/rnews\/"}]}},"_links":{"self":[{"href":"https:\/\/now-news.de\/de\/wp-json\/wp\/v2\/posts\/48542"}],"collection":[{"href":"https:\/\/now-news.de\/de\/wp-json\/wp\/v2\/posts"}],"about":[{"href":"https:\/\/now-news.de\/de\/wp-json\/wp\/v2\/types\/post"}],"author":[{"embeddable":true,"href":"https:\/\/now-news.de\/de\/wp-json\/wp\/v2\/users\/3"}],"replies":[{"embeddable":true,"href":"https:\/\/now-news.de\/de\/wp-json\/wp\/v2\/comments?post=48542"}],"version-history":[{"count":0,"href":"https:\/\/now-news.de\/de\/wp-json\/wp\/v2\/posts\/48542\/revisions"}],"wp:featuredmedia":[{"embeddable":true,"href":"https:\/\/now-news.de\/de\/wp-json\/wp\/v2\/media\/48543"}],"wp:attachment":[{"href":"https:\/\/now-news.de\/de\/wp-json\/wp\/v2\/media?parent=48542"}],"wp:term":[{"taxonomy":"category","embeddable":true,"href":"https:\/\/now-news.de\/de\/wp-json\/wp\/v2\/categories?post=48542"},{"taxonomy":"post_tag","embeddable":true,"href":"https:\/\/now-news.de\/de\/wp-json\/wp\/v2\/tags?post=48542"}],"curies":[{"name":"wp","href":"https:\/\/api.w.org\/{rel}","templated":true}]}}