{"id":48510,"date":"2023-10-21T18:23:34","date_gmt":"2023-10-21T16:23:34","guid":{"rendered":"https:\/\/just-now.news\/de\/deutschland\/an-hitler-erinnern-und-ihn-betrauern-tuerkischer-politiker-preist-den-judenmord\/"},"modified":"2023-10-21T18:23:34","modified_gmt":"2023-10-21T16:23:34","slug":"an-hitler-erinnern-und-ihn-betrauern-tuerkischer-politiker-preist-den-judenmord","status":"publish","type":"post","link":"https:\/\/now-news.de\/de\/deutschland\/an-hitler-erinnern-und-ihn-betrauern-tuerkischer-politiker-preist-den-judenmord\/","title":{"rendered":"&quot;An Hitler erinnern und ihn betrauern&quot;: T\u00fcrkischer Politiker preist den Judenmord"},"content":{"rendered":"<p><img decoding=\"async\" src=\"http:\/\/just-now.news\/de\/wp-content\/uploads\/sites\/3\/2023\/10\/65338bfd48fbef4e6279408d.jpg\" \/><\/p>\n<div class=\"Text-root Text-type_1 \">\n                Der Luftangriff auf ein Krankenhaus in Gaza hat in der T\u00fcrkei zu Unruhen gef\u00fchrt. Ein Lokalpolitiker der regierenden AKP nahm den Angriff zum Anlass, an eine angebliche \u00c4u\u00dferung Adolf Hitlers zum Judenmord zu erinnern. Er bete um Gottes Gnade f\u00fcr Hitler.\n            <\/div>\n<p><\/p>\n<div class=\"Text-root Text-type_5 ArticleView-text ViewText-root \">\n<p>Ein Lokalpolitiker der t\u00fcrkischen Partei f\u00fcr Gerechtigkeit und Entwicklung (AKP) hat \u00f6ffentlich den V\u00f6lkermord an den europ\u00e4ischen Juden durch Adolf Hitler gelobt und hinzugef\u00fcgt, dass er f\u00fcr den Nazi-F\u00fchrer &#8220;bete&#8221;.<\/p>\n<p>S\u00fcleyman Sezen, der die Partei von Pr\u00e4sident Recep Tayyip Erdo\u011fan im Kreistag von Atakum in der Provinz Samsun vertritt, erkl\u00e4rte am Mittwoch bei einem Treffen:<\/p>\n<blockquote>\n<p><em>&#8220;In der Geschichte wird Hitler immer als rassistisch beschimpft. Aber Hitler hatte einen Spruch: &#8220;F\u00fcr jeden Juden, den ich nicht umgebracht habe, werdet ihr mich verfluchen.&#8221; Solche wahren Worte \u2013 heute steckt das zionistisch-j\u00fcdische Israel hinter jedem einzelnen Versuch, Chaos in der Welt zu schaffen. [\u2026] F\u00fcr diese wahren Worte m\u00f6chte ich heute an Hitler erinnern und ihn betrauern.&#8221;<\/em><\/p>\n<\/blockquote>\n<div class=\"EmbedBlock-root EmbedBlock-twitter\">\n<div class=\"TwitterEmbed\">\n<blockquote class=\"twitter-tweet lazyload\" data-twitter=\"twitter-tweet\">\n<p lang=\"en\" dir=\"ltr\">S\u00fcleyman Sezen, Atakum city council member from <a rel=\"nofollow noopener\" target=\"_blank\" href=\"https:\/\/twitter.com\/hashtag\/Turkey?src=hash&amp;ref_src=twsrc%5Etfw\">#Turkey<\/a>&#8216;s President <a rel=\"nofollow noopener\" target=\"_blank\" href=\"https:\/\/twitter.com\/hashtag\/Erdogan?src=hash&amp;ref_src=twsrc%5Etfw\">#Erdogan<\/a>&#8216;s ruling party AKP, praises Hitler for killing Jews, says Jews are behind all evils &amp; the world will be better off if all Jews get exterminated.Nobody challenges his horrible remarks.<a rel=\"nofollow noopener\" target=\"_blank\" href=\"https:\/\/twitter.com\/hashtag\/Antisemitism?src=hash&amp;ref_src=twsrc%5Etfw\">#Antisemitism<\/a><a rel=\"nofollow noopener\" target=\"_blank\" href=\"https:\/\/t.co\/fGKGqaOvNG\">pic.twitter.com\/fGKGqaOvNG<\/a><\/p>\n<p>\u2014 Abdullah Bozkurt (@abdbozkurt) <a rel=\"nofollow noopener\" target=\"_blank\" href=\"https:\/\/twitter.com\/abdbozkurt\/status\/1714713492907790447?ref_src=twsrc%5Etfw\">October 18, 2023<\/a><\/p><\/blockquote>\n<\/div>\n<\/div>\n<p>Der Politiker f\u00fcgte hinzu, dass er wegen dieser Worte f\u00fcr &#8220;Gottes Barmherzigkeit und Gnade&#8221; f\u00fcr Hitler bete. Sezen sagte, er hoffe, dass Israel &#8220;bald aufh\u00f6ren wird zu existieren und dass es Frieden in der Welt geben wird, sobald sie von Juden ges\u00e4ubert ist&#8221;. Ein Ratskollege distanzierte sich von Sezens Bemerkungen und deutete an, dass es sich um einen emotionalen Ausbruch gehandelt habe.<\/p>\n<p>Die \u00c4u\u00dferung erfolgte, nachdem ein Luftangriff auf ein Krankenhaus in Gaza am Dienstag den anhaltenden Konflikt in der Region weiter angeheizt hatte. Israel hat die Verantwortung f\u00fcr\u00a0diesen Vorfall zur\u00fcckgewiesen und behauptet, er sei durch eine fehlgeleitete pal\u00e4stinensische Rakete verursacht worden. Die T\u00fcrkei geh\u00f6rt zu den Staaten, die Israel f\u00fcr\u00a0den Angriff verantwortlich gemacht haben. Kurz vor der Attacke auf das Krankenhaus forderte der israelische Nationale Sicherheitsrat seine B\u00fcrger zum Verlassen der T\u00fcrkei auf.<\/p>\n<p>Der\u00a0Luftangriff\u00a0l\u00f6ste Unruhen in Istanbul aus, bei denen Demonstranten versuchten, den Sicherheitszaun um das israelische Konsulat zu durchbrechen und das Gel\u00e4nde in Brand zu setzen. Berichten zufolge zog Israel daraufhin seine Diplomaten aus der T\u00fcrkei ab.<\/p>\n<p>Das angebliche Hitler-Zitat wurde 2018 in einem Bericht des Middle East Media Research Institute (MEMRI) erw\u00e4hnt, einer in Washington ans\u00e4ssigen Denkfabrik, die von einem ehemaligen israelischen Geheimdienstoffizier mitbegr\u00fcndet wurde. In dem Bericht hie\u00df es, dass es bei antisemitischen Nutzern von X\/Twitter in der T\u00fcrkei beliebt sei. Im deutschen Internet hat sich das angebliche Zitat nicht finden lassen.<\/p>\n<p><strong>Mehr zum Thema<\/strong> &#8211; <a rel=\"nofollow noopener\" target=\"_blank\" href=\"https:\/\/freedert.online\/der-nahe-osten\/184194-deutsche-medien-palaestinenser-haben-sich\/\">Deutsche Medien kl\u00e4ren auf: Die Pal\u00e4stinenser haben sich selbst beschossen<\/a><\/p>\n<div class=\"EmbedBlock-root EmbedBlock-externalVideo EmbedBlock-vk\">\n<div class=\"VkEmbed\"><iframe class=\"lazyload\" data-src=\"https:\/\/vk.com\/video_ext.php?oid=-134310637&amp;id=456270918&amp;hash=adeebbe480453bb7\" frameborder=\"0\" width=\"853\" height=\"480\" allowfullscreen><\/iframe><\/div>\n<\/div>\n<\/div>\n<p><script async src=\"https:\/\/platform.twitter.com\/widgets.js\" charset=\"utf-8\"><\/script><br \/>\n<br \/><br \/>\n<br \/><a href=\"https:\/\/de.rt.com\/der-nahe-osten\/184508-an-hitler-erinnern-und-ihn\/\">Source link <\/a><\/p>\n","protected":false},"excerpt":{"rendered":"<p>Der Luftangriff auf ein Krankenhaus in Gaza hat in der T\u00fcrkei zu Unruhen gef\u00fchrt. Ein Lokalpolitiker der regierenden AKP nahm den Angriff zum Anlass, an eine angebliche \u00c4u\u00dferung Adolf Hitlers zum Judenmord zu erinnern. Er bete um Gottes Gnade f\u00fcr Hitler. Ein Lokalpolitiker der t\u00fcrkischen Partei f\u00fcr Gerechtigkeit und Entwicklung (AKP) hat \u00f6ffentlich den V\u00f6lkermord [&hellip;]<\/p>\n","protected":false},"author":3,"featured_media":48511,"comment_status":"open","ping_status":"open","sticky":false,"template":"","format":"standard","meta":{"_yoast_indexnow_last_ping":["1697905621"],"wp_automatic_camp":["217"],"1ede2a9a366c24fd5560b6f3dd91339c":["&quot;An Hitler erinnern und ihn betrauern&quot;: T\u00fcrkischer Politiker preist den Judenmord"],"original_link":["https:\/\/de.rt.com\/der-nahe-osten\/184508-an-hitler-erinnern-und-ihn\/"],"_thumbnail_id":["48511"],"_wptgpro_p2tg_sent2tg":["a:1:{i:23737;s:19:\"2023-10-21 18:28:06\";}"],"jnews_social_counter_last_update":["1777585997"]},"categories":[19,23],"tags":[49988,48,26766,16595,6582,49989,5679,33238,20265,365,140],"yoast_head":"<!-- This site is optimized with the Yoast SEO Premium plugin v22.7 (Yoast SEO v22.7) - https:\/\/yoast.com\/wordpress\/plugins\/seo\/ -->\n<title>&quot;An Hitler erinnern und ihn betrauern&quot;: T\u00fcrkischer Politiker preist den Judenmord - just-now.NEWS Deutschland<\/title>\n<meta name=\"robots\" content=\"index, follow, max-snippet:-1, max-image-preview:large, max-video-preview:-1\" \/>\n<link rel=\"canonical\" href=\"https:\/\/now-news.de\/de\/deutschland\/an-hitler-erinnern-und-ihn-betrauern-tuerkischer-politiker-preist-den-judenmord\/\" \/>\n<meta property=\"og:locale\" content=\"de_DE\" \/>\n<meta property=\"og:type\" content=\"article\" \/>\n<meta property=\"og:title\" content=\"&quot;An Hitler erinnern und ihn betrauern&quot;: T\u00fcrkischer Politiker preist den Judenmord\" \/>\n<meta property=\"og:description\" content=\"Der Luftangriff auf ein Krankenhaus in Gaza hat in der T\u00fcrkei zu Unruhen gef\u00fchrt. Ein Lokalpolitiker der regierenden AKP nahm den Angriff zum Anlass, an eine angebliche \u00c4u\u00dferung Adolf Hitlers zum Judenmord zu erinnern. Er bete um Gottes Gnade f\u00fcr Hitler. Ein Lokalpolitiker der t\u00fcrkischen Partei f\u00fcr Gerechtigkeit und Entwicklung (AKP) hat \u00f6ffentlich den V\u00f6lkermord [&hellip;]\" \/>\n<meta property=\"og:url\" content=\"https:\/\/now-news.de\/de\/deutschland\/an-hitler-erinnern-und-ihn-betrauern-tuerkischer-politiker-preist-den-judenmord\/\" \/>\n<meta property=\"og:site_name\" content=\"just-now.NEWS Deutschland\" \/>\n<meta property=\"article:publisher\" content=\"https:\/\/www.facebook.com\/wirmachenauf\" \/>\n<meta property=\"article:published_time\" content=\"2023-10-21T16:23:34+00:00\" \/>\n<meta property=\"og:image\" content=\"https:\/\/now-news.de\/de\/wp-content\/uploads\/sites\/3\/2023\/10\/quotAn-Hitler-erinnern-und-ihn-betrauernquot-Tuerkischer-Politiker-preist-den.jpg\" \/>\n\t<meta property=\"og:image:width\" content=\"460\" \/>\n\t<meta property=\"og:image:height\" content=\"259\" \/>\n\t<meta property=\"og:image:type\" content=\"image\/jpeg\" \/>\n<meta name=\"author\" content=\"rtnews\" \/>\n<meta name=\"twitter:card\" content=\"summary_large_image\" \/>\n<meta name=\"twitter:creator\" content=\"@WirMachenAuf_de\" \/>\n<meta name=\"twitter:site\" content=\"@WirMachenAuf_de\" \/>\n<meta name=\"twitter:label1\" content=\"Verfasst von\" \/>\n\t<meta name=\"twitter:data1\" content=\"rtnews\" \/>\n\t<meta name=\"twitter:label2\" content=\"Gesch\u00e4tzte Lesezeit\" \/>\n\t<meta name=\"twitter:data2\" content=\"2\u00a0Minuten\" \/>\n<script type=\"application\/ld+json\" class=\"yoast-schema-graph\">{\"@context\":\"https:\/\/schema.org\",\"@graph\":[{\"@type\":\"Article\",\"@id\":\"https:\/\/now-news.de\/de\/deutschland\/an-hitler-erinnern-und-ihn-betrauern-tuerkischer-politiker-preist-den-judenmord\/#article\",\"isPartOf\":{\"@id\":\"https:\/\/now-news.de\/de\/deutschland\/an-hitler-erinnern-und-ihn-betrauern-tuerkischer-politiker-preist-den-judenmord\/\"},\"author\":{\"name\":\"rtnews\",\"@id\":\"https:\/\/now-news.de\/de\/#\/schema\/person\/fb534a4e865501d8b3285208df34a9b5\"},\"headline\":\"&quot;An Hitler erinnern und ihn betrauern&quot;: T\u00fcrkischer Politiker preist den Judenmord\",\"datePublished\":\"2023-10-21T16:23:34+00:00\",\"dateModified\":\"2023-10-21T16:23:34+00:00\",\"mainEntityOfPage\":{\"@id\":\"https:\/\/now-news.de\/de\/deutschland\/an-hitler-erinnern-und-ihn-betrauern-tuerkischer-politiker-preist-den-judenmord\/\"},\"wordCount\":509,\"commentCount\":0,\"publisher\":{\"@id\":\"https:\/\/now-news.de\/de\/#organization\"},\"image\":{\"@id\":\"https:\/\/now-news.de\/de\/deutschland\/an-hitler-erinnern-und-ihn-betrauern-tuerkischer-politiker-preist-den-judenmord\/#primaryimage\"},\"thumbnailUrl\":\"https:\/\/now-news.de\/de\/wp-content\/uploads\/sites\/3\/2023\/10\/quotAn-Hitler-erinnern-und-ihn-betrauernquot-Tuerkischer-Politiker-preist-den.jpg\",\"keywords\":[\"betrauernquot\",\"den\",\"erinnern\",\"Hitler\",\"ihn\",\"Judenmord\",\"Politiker\",\"preist\",\"quotAn\",\"t\u00fcrkischer\",\"und\"],\"articleSection\":[\"Deutschland\",\"Russland\"],\"inLanguage\":\"de\",\"potentialAction\":[{\"@type\":\"CommentAction\",\"name\":\"Comment\",\"target\":[\"https:\/\/now-news.de\/de\/deutschland\/an-hitler-erinnern-und-ihn-betrauern-tuerkischer-politiker-preist-den-judenmord\/#respond\"]}]},{\"@type\":\"WebPage\",\"@id\":\"https:\/\/now-news.de\/de\/deutschland\/an-hitler-erinnern-und-ihn-betrauern-tuerkischer-politiker-preist-den-judenmord\/\",\"url\":\"https:\/\/now-news.de\/de\/deutschland\/an-hitler-erinnern-und-ihn-betrauern-tuerkischer-politiker-preist-den-judenmord\/\",\"name\":\"&quot;An Hitler erinnern und ihn betrauern&quot;: T\u00fcrkischer Politiker preist den Judenmord - just-now.NEWS Deutschland\",\"isPartOf\":{\"@id\":\"https:\/\/now-news.de\/de\/#website\"},\"primaryImageOfPage\":{\"@id\":\"https:\/\/now-news.de\/de\/deutschland\/an-hitler-erinnern-und-ihn-betrauern-tuerkischer-politiker-preist-den-judenmord\/#primaryimage\"},\"image\":{\"@id\":\"https:\/\/now-news.de\/de\/deutschland\/an-hitler-erinnern-und-ihn-betrauern-tuerkischer-politiker-preist-den-judenmord\/#primaryimage\"},\"thumbnailUrl\":\"https:\/\/now-news.de\/de\/wp-content\/uploads\/sites\/3\/2023\/10\/quotAn-Hitler-erinnern-und-ihn-betrauernquot-Tuerkischer-Politiker-preist-den.jpg\",\"datePublished\":\"2023-10-21T16:23:34+00:00\",\"dateModified\":\"2023-10-21T16:23:34+00:00\",\"breadcrumb\":{\"@id\":\"https:\/\/now-news.de\/de\/deutschland\/an-hitler-erinnern-und-ihn-betrauern-tuerkischer-politiker-preist-den-judenmord\/#breadcrumb\"},\"inLanguage\":\"de\",\"potentialAction\":[{\"@type\":\"ReadAction\",\"target\":[\"https:\/\/now-news.de\/de\/deutschland\/an-hitler-erinnern-und-ihn-betrauern-tuerkischer-politiker-preist-den-judenmord\/\"]}]},{\"@type\":\"ImageObject\",\"inLanguage\":\"de\",\"@id\":\"https:\/\/now-news.de\/de\/deutschland\/an-hitler-erinnern-und-ihn-betrauern-tuerkischer-politiker-preist-den-judenmord\/#primaryimage\",\"url\":\"https:\/\/now-news.de\/de\/wp-content\/uploads\/sites\/3\/2023\/10\/quotAn-Hitler-erinnern-und-ihn-betrauernquot-Tuerkischer-Politiker-preist-den.jpg\",\"contentUrl\":\"https:\/\/now-news.de\/de\/wp-content\/uploads\/sites\/3\/2023\/10\/quotAn-Hitler-erinnern-und-ihn-betrauernquot-Tuerkischer-Politiker-preist-den.jpg\",\"width\":460,\"height\":259,\"caption\":\"&quot;An Hitler erinnern und ihn betrauern&quot;: T\u00fcrkischer Politiker preist den Judenmord\"},{\"@type\":\"BreadcrumbList\",\"@id\":\"https:\/\/now-news.de\/de\/deutschland\/an-hitler-erinnern-und-ihn-betrauern-tuerkischer-politiker-preist-den-judenmord\/#breadcrumb\",\"itemListElement\":[{\"@type\":\"ListItem\",\"position\":1,\"name\":\"Home\",\"item\":\"https:\/\/now-news.de\/de\/\"},{\"@type\":\"ListItem\",\"position\":2,\"name\":\"&quot;An Hitler erinnern und ihn betrauern&quot;: T\u00fcrkischer Politiker preist den Judenmord\"}]},{\"@type\":\"WebSite\",\"@id\":\"https:\/\/now-news.de\/de\/#website\",\"url\":\"https:\/\/now-news.de\/de\/\",\"name\":\"just-now.NEWS Deutschland\",\"description\":\"Das Portal f\u00fcr unzensierte Nachrichten aus der Welt\",\"publisher\":{\"@id\":\"https:\/\/now-news.de\/de\/#organization\"},\"potentialAction\":[{\"@type\":\"SearchAction\",\"target\":{\"@type\":\"EntryPoint\",\"urlTemplate\":\"https:\/\/now-news.de\/de\/?s={search_term_string}\"},\"query-input\":\"required name=search_term_string\"}],\"inLanguage\":\"de\"},{\"@type\":\"Organization\",\"@id\":\"https:\/\/now-news.de\/de\/#organization\",\"name\":\"Just Now News\",\"url\":\"https:\/\/now-news.de\/de\/\",\"logo\":{\"@type\":\"ImageObject\",\"inLanguage\":\"de\",\"@id\":\"https:\/\/now-news.de\/de\/#\/schema\/logo\/image\/\",\"url\":\"http:\/\/just-now.news\/de\/wp-content\/uploads\/sites\/3\/2022\/04\/logo500x500.jpg\",\"contentUrl\":\"http:\/\/just-now.news\/de\/wp-content\/uploads\/sites\/3\/2022\/04\/logo500x500.jpg\",\"width\":500,\"height\":500,\"caption\":\"Just Now News\"},\"image\":{\"@id\":\"https:\/\/now-news.de\/de\/#\/schema\/logo\/image\/\"},\"sameAs\":[\"https:\/\/www.facebook.com\/wirmachenauf\",\"https:\/\/x.com\/WirMachenAuf_de\"]},{\"@type\":\"Person\",\"@id\":\"https:\/\/now-news.de\/de\/#\/schema\/person\/fb534a4e865501d8b3285208df34a9b5\",\"name\":\"rtnews\",\"image\":{\"@type\":\"ImageObject\",\"inLanguage\":\"de\",\"@id\":\"https:\/\/now-news.de\/de\/#\/schema\/person\/image\/\",\"url\":\"https:\/\/secure.gravatar.com\/avatar\/82aafea7d8127119dd649515f56e2117?s=96&d=mm&r=g\",\"contentUrl\":\"https:\/\/secure.gravatar.com\/avatar\/82aafea7d8127119dd649515f56e2117?s=96&d=mm&r=g\",\"caption\":\"rtnews\"},\"url\":\"https:\/\/now-news.de\/de\/author\/rnews\/\"}]}<\/script>\n<!-- \/ Yoast SEO Premium plugin. -->","yoast_head_json":{"title":"&quot;An Hitler erinnern und ihn betrauern&quot;: T\u00fcrkischer Politiker preist den Judenmord - just-now.NEWS Deutschland","robots":{"index":"index","follow":"follow","max-snippet":"max-snippet:-1","max-image-preview":"max-image-preview:large","max-video-preview":"max-video-preview:-1"},"canonical":"https:\/\/now-news.de\/de\/deutschland\/an-hitler-erinnern-und-ihn-betrauern-tuerkischer-politiker-preist-den-judenmord\/","og_locale":"de_DE","og_type":"article","og_title":"&quot;An Hitler erinnern und ihn betrauern&quot;: T\u00fcrkischer Politiker preist den Judenmord","og_description":"Der Luftangriff auf ein Krankenhaus in Gaza hat in der T\u00fcrkei zu Unruhen gef\u00fchrt. Ein Lokalpolitiker der regierenden AKP nahm den Angriff zum Anlass, an eine angebliche \u00c4u\u00dferung Adolf Hitlers zum Judenmord zu erinnern. Er bete um Gottes Gnade f\u00fcr Hitler. Ein Lokalpolitiker der t\u00fcrkischen Partei f\u00fcr Gerechtigkeit und Entwicklung (AKP) hat \u00f6ffentlich den V\u00f6lkermord [&hellip;]","og_url":"https:\/\/now-news.de\/de\/deutschland\/an-hitler-erinnern-und-ihn-betrauern-tuerkischer-politiker-preist-den-judenmord\/","og_site_name":"just-now.NEWS Deutschland","article_publisher":"https:\/\/www.facebook.com\/wirmachenauf","article_published_time":"2023-10-21T16:23:34+00:00","og_image":[{"width":460,"height":259,"url":"https:\/\/now-news.de\/de\/wp-content\/uploads\/sites\/3\/2023\/10\/quotAn-Hitler-erinnern-und-ihn-betrauernquot-Tuerkischer-Politiker-preist-den.jpg","type":"image\/jpeg"}],"author":"rtnews","twitter_card":"summary_large_image","twitter_creator":"@WirMachenAuf_de","twitter_site":"@WirMachenAuf_de","twitter_misc":{"Verfasst von":"rtnews","Gesch\u00e4tzte Lesezeit":"2\u00a0Minuten"},"schema":{"@context":"https:\/\/schema.org","@graph":[{"@type":"Article","@id":"https:\/\/now-news.de\/de\/deutschland\/an-hitler-erinnern-und-ihn-betrauern-tuerkischer-politiker-preist-den-judenmord\/#article","isPartOf":{"@id":"https:\/\/now-news.de\/de\/deutschland\/an-hitler-erinnern-und-ihn-betrauern-tuerkischer-politiker-preist-den-judenmord\/"},"author":{"name":"rtnews","@id":"https:\/\/now-news.de\/de\/#\/schema\/person\/fb534a4e865501d8b3285208df34a9b5"},"headline":"&quot;An Hitler erinnern und ihn betrauern&quot;: T\u00fcrkischer Politiker preist den Judenmord","datePublished":"2023-10-21T16:23:34+00:00","dateModified":"2023-10-21T16:23:34+00:00","mainEntityOfPage":{"@id":"https:\/\/now-news.de\/de\/deutschland\/an-hitler-erinnern-und-ihn-betrauern-tuerkischer-politiker-preist-den-judenmord\/"},"wordCount":509,"commentCount":0,"publisher":{"@id":"https:\/\/now-news.de\/de\/#organization"},"image":{"@id":"https:\/\/now-news.de\/de\/deutschland\/an-hitler-erinnern-und-ihn-betrauern-tuerkischer-politiker-preist-den-judenmord\/#primaryimage"},"thumbnailUrl":"https:\/\/now-news.de\/de\/wp-content\/uploads\/sites\/3\/2023\/10\/quotAn-Hitler-erinnern-und-ihn-betrauernquot-Tuerkischer-Politiker-preist-den.jpg","keywords":["betrauernquot","den","erinnern","Hitler","ihn","Judenmord","Politiker","preist","quotAn","t\u00fcrkischer","und"],"articleSection":["Deutschland","Russland"],"inLanguage":"de","potentialAction":[{"@type":"CommentAction","name":"Comment","target":["https:\/\/now-news.de\/de\/deutschland\/an-hitler-erinnern-und-ihn-betrauern-tuerkischer-politiker-preist-den-judenmord\/#respond"]}]},{"@type":"WebPage","@id":"https:\/\/now-news.de\/de\/deutschland\/an-hitler-erinnern-und-ihn-betrauern-tuerkischer-politiker-preist-den-judenmord\/","url":"https:\/\/now-news.de\/de\/deutschland\/an-hitler-erinnern-und-ihn-betrauern-tuerkischer-politiker-preist-den-judenmord\/","name":"&quot;An Hitler erinnern und ihn betrauern&quot;: T\u00fcrkischer Politiker preist den Judenmord - just-now.NEWS Deutschland","isPartOf":{"@id":"https:\/\/now-news.de\/de\/#website"},"primaryImageOfPage":{"@id":"https:\/\/now-news.de\/de\/deutschland\/an-hitler-erinnern-und-ihn-betrauern-tuerkischer-politiker-preist-den-judenmord\/#primaryimage"},"image":{"@id":"https:\/\/now-news.de\/de\/deutschland\/an-hitler-erinnern-und-ihn-betrauern-tuerkischer-politiker-preist-den-judenmord\/#primaryimage"},"thumbnailUrl":"https:\/\/now-news.de\/de\/wp-content\/uploads\/sites\/3\/2023\/10\/quotAn-Hitler-erinnern-und-ihn-betrauernquot-Tuerkischer-Politiker-preist-den.jpg","datePublished":"2023-10-21T16:23:34+00:00","dateModified":"2023-10-21T16:23:34+00:00","breadcrumb":{"@id":"https:\/\/now-news.de\/de\/deutschland\/an-hitler-erinnern-und-ihn-betrauern-tuerkischer-politiker-preist-den-judenmord\/#breadcrumb"},"inLanguage":"de","potentialAction":[{"@type":"ReadAction","target":["https:\/\/now-news.de\/de\/deutschland\/an-hitler-erinnern-und-ihn-betrauern-tuerkischer-politiker-preist-den-judenmord\/"]}]},{"@type":"ImageObject","inLanguage":"de","@id":"https:\/\/now-news.de\/de\/deutschland\/an-hitler-erinnern-und-ihn-betrauern-tuerkischer-politiker-preist-den-judenmord\/#primaryimage","url":"https:\/\/now-news.de\/de\/wp-content\/uploads\/sites\/3\/2023\/10\/quotAn-Hitler-erinnern-und-ihn-betrauernquot-Tuerkischer-Politiker-preist-den.jpg","contentUrl":"https:\/\/now-news.de\/de\/wp-content\/uploads\/sites\/3\/2023\/10\/quotAn-Hitler-erinnern-und-ihn-betrauernquot-Tuerkischer-Politiker-preist-den.jpg","width":460,"height":259,"caption":"&quot;An Hitler erinnern und ihn betrauern&quot;: T\u00fcrkischer Politiker preist den Judenmord"},{"@type":"BreadcrumbList","@id":"https:\/\/now-news.de\/de\/deutschland\/an-hitler-erinnern-und-ihn-betrauern-tuerkischer-politiker-preist-den-judenmord\/#breadcrumb","itemListElement":[{"@type":"ListItem","position":1,"name":"Home","item":"https:\/\/now-news.de\/de\/"},{"@type":"ListItem","position":2,"name":"&quot;An Hitler erinnern und ihn betrauern&quot;: T\u00fcrkischer Politiker preist den Judenmord"}]},{"@type":"WebSite","@id":"https:\/\/now-news.de\/de\/#website","url":"https:\/\/now-news.de\/de\/","name":"just-now.NEWS Deutschland","description":"Das Portal f\u00fcr unzensierte Nachrichten aus der Welt","publisher":{"@id":"https:\/\/now-news.de\/de\/#organization"},"potentialAction":[{"@type":"SearchAction","target":{"@type":"EntryPoint","urlTemplate":"https:\/\/now-news.de\/de\/?s={search_term_string}"},"query-input":"required name=search_term_string"}],"inLanguage":"de"},{"@type":"Organization","@id":"https:\/\/now-news.de\/de\/#organization","name":"Just Now News","url":"https:\/\/now-news.de\/de\/","logo":{"@type":"ImageObject","inLanguage":"de","@id":"https:\/\/now-news.de\/de\/#\/schema\/logo\/image\/","url":"http:\/\/just-now.news\/de\/wp-content\/uploads\/sites\/3\/2022\/04\/logo500x500.jpg","contentUrl":"http:\/\/just-now.news\/de\/wp-content\/uploads\/sites\/3\/2022\/04\/logo500x500.jpg","width":500,"height":500,"caption":"Just Now News"},"image":{"@id":"https:\/\/now-news.de\/de\/#\/schema\/logo\/image\/"},"sameAs":["https:\/\/www.facebook.com\/wirmachenauf","https:\/\/x.com\/WirMachenAuf_de"]},{"@type":"Person","@id":"https:\/\/now-news.de\/de\/#\/schema\/person\/fb534a4e865501d8b3285208df34a9b5","name":"rtnews","image":{"@type":"ImageObject","inLanguage":"de","@id":"https:\/\/now-news.de\/de\/#\/schema\/person\/image\/","url":"https:\/\/secure.gravatar.com\/avatar\/82aafea7d8127119dd649515f56e2117?s=96&d=mm&r=g","contentUrl":"https:\/\/secure.gravatar.com\/avatar\/82aafea7d8127119dd649515f56e2117?s=96&d=mm&r=g","caption":"rtnews"},"url":"https:\/\/now-news.de\/de\/author\/rnews\/"}]}},"_links":{"self":[{"href":"https:\/\/now-news.de\/de\/wp-json\/wp\/v2\/posts\/48510"}],"collection":[{"href":"https:\/\/now-news.de\/de\/wp-json\/wp\/v2\/posts"}],"about":[{"href":"https:\/\/now-news.de\/de\/wp-json\/wp\/v2\/types\/post"}],"author":[{"embeddable":true,"href":"https:\/\/now-news.de\/de\/wp-json\/wp\/v2\/users\/3"}],"replies":[{"embeddable":true,"href":"https:\/\/now-news.de\/de\/wp-json\/wp\/v2\/comments?post=48510"}],"version-history":[{"count":0,"href":"https:\/\/now-news.de\/de\/wp-json\/wp\/v2\/posts\/48510\/revisions"}],"wp:featuredmedia":[{"embeddable":true,"href":"https:\/\/now-news.de\/de\/wp-json\/wp\/v2\/media\/48511"}],"wp:attachment":[{"href":"https:\/\/now-news.de\/de\/wp-json\/wp\/v2\/media?parent=48510"}],"wp:term":[{"taxonomy":"category","embeddable":true,"href":"https:\/\/now-news.de\/de\/wp-json\/wp\/v2\/categories?post=48510"},{"taxonomy":"post_tag","embeddable":true,"href":"https:\/\/now-news.de\/de\/wp-json\/wp\/v2\/tags?post=48510"}],"curies":[{"name":"wp","href":"https:\/\/api.w.org\/{rel}","templated":true}]}}