{"id":48504,"date":"2023-10-21T16:19:39","date_gmt":"2023-10-21T14:19:39","guid":{"rendered":"https:\/\/just-now.news\/de\/deutschland\/beginn-eines-wirtschaftskrieges-franzoesische-winzer-zertruemmern-spanische-konkurrenzprodukte\/"},"modified":"2023-10-21T16:19:39","modified_gmt":"2023-10-21T14:19:39","slug":"beginn-eines-wirtschaftskrieges-franzoesische-winzer-zertruemmern-spanische-konkurrenzprodukte","status":"publish","type":"post","link":"https:\/\/now-news.de\/de\/deutschland\/beginn-eines-wirtschaftskrieges-franzoesische-winzer-zertruemmern-spanische-konkurrenzprodukte\/","title":{"rendered":"&quot;Beginn eines Wirtschaftskrieges&quot; \u2013 Franz\u00f6sische Winzer zertr\u00fcmmern spanische Konkurrenzprodukte"},"content":{"rendered":"<p><img decoding=\"async\" src=\"http:\/\/just-now.news\/de\/wp-content\/uploads\/sites\/3\/2023\/10\/6533d4a6b480cc75740b2121.jpg\" \/><\/p>\n<div class=\"Text-root Text-type_1 \">\n                Franz\u00f6sische Winzer kritisieren, dass ein enormer \u00dcberschuss an Wein auf dem heimischen Markt und billige Importe aus Spanien die Gefahr von Insolvenzen bergen. Nun setzten sie sich mit zum Teil drastischen Aktionen zur Wehr.\n            <\/div>\n<p><\/p>\n<div class=\"Text-root Text-type_5 ArticleView-text ViewText-root \">\n<p>Franz\u00f6sische Winzer haben in dieser Woche gegen spanische Weinimporte protestiert. Den Winzern zufolge verursachen ihre spanischen Kollegen einen unlauteren Wettbewerb auf dem lokalen Markt, der bereits unter einem \u00dcberangebot leide.<\/p>\n<p>Einem Bericht der Tageszeitung <em>Le Parisien<\/em> zufolge versammelten sich am Donnerstag rund 500 franz\u00f6sische Demonstranten auf einer Autobahn in der N\u00e4he der franz\u00f6sischen Grenzstadt Le Boulou. Dort stoppten die Protestler mehrere Lastwagen mit spanischen Produkten und zerst\u00f6rten deren Ladung. Dabei wurden mehr als 240 Hektoliter spanischer Ros\u00e9wein auf die Stra\u00dfe gesch\u00fcttet und 10.000 Flaschen spanischer Sekt zertr\u00fcmmert.<\/p>\n<p>Die Demonstranten erkl\u00e4rten, dass sie Verluste machen, weil billiger spanischer Wein auf den franz\u00f6sischen Markt gelange. &#8220;Das Problem ist der Preis&#8221;, sagte Antoine, ein 79-j\u00e4hriger franz\u00f6sischer Winzer, gegen\u00fcber <em>Le Parisien<\/em>. Er f\u00fcgte hinzu:<\/p>\n<blockquote>\n<p><em>&#8220;Die Spanier haben Mindestabgaben und das Recht, ihre Reben mit allen Chemikalien zu behandeln, die sie wollen, w\u00e4hrend wir das Recht auf nichts haben. \u2026 Das Ergebnis ist, dass spanischer Wein nur halb so viel kostet wie franz\u00f6sischer Wein. Wenn deren Hektoliter 40 Euro kostet, sind es bei uns fast 80 Euro.&#8221; <\/em><\/p>\n<\/blockquote>\n<p>Der Vorsitzende der Weinbaugewerkschaft Aude, Fr\u00e9d\u00e9ric Rouanet, versprach, die Proteste fortzusetzen, wobei f\u00fcr Ende November eine gro\u00dfe Mobilisierung der Winzer geplant ist. Rouanet sagte:<\/p>\n<blockquote>\n<p><em>&#8220;Es kommt nicht in Frage, die Situation so hinzunehmen, wie sie ist. Von heute an werden wir den K\u00e4ufern die M\u00f6glichkeit nehmen, billige Weine aus anderen L\u00e4ndern zu kaufen. \u2026 Wir werden die spanischen Importe stoppen. Dies ist der Beginn eines Wirtschaftskrieges, den wir f\u00fchren werden.&#8221;<\/em><\/p>\n<\/blockquote>\n<p>Anfang dieser Woche versammelten sich die franz\u00f6sischen Winzer in Ferrals-les-Corbi\u00e8res, um \u00fcber die Krise der Branche zu diskutieren, die sie als die schlimmste seit etwa zwei Jahrzehnten bezeichnen. Die Gewerkschaft hat einen Brief an franz\u00f6sische Weinh\u00e4ndler und Importeure vorbereitet, in dem sie dazu aufruft, &#8220;den Kauf von Wein aus anderen Regionen oder dem Ausland vollst\u00e4ndig einzustellen, bis die [lokalen] Weine zu einem fairen Preis verkauft werden&#8221;.<\/p>\n<p>Frankreich, das f\u00fcr seine jahrhundertealte Weinbautradition bekannt ist, leidet unter einem massiven \u00dcberschuss an Wein, der auf eine starke Ernte im Jahr 2022 und einen geringen Verbrauch aufgrund der steigenden Inflation zur\u00fcckzuf\u00fchren ist. Die franz\u00f6sische Regierung hat im August einen drastischen Plan zur Vernichtung von Wein\u00fcbersch\u00fcssen in H\u00f6he von 200 Millionen Euro vorgestellt. Au\u00dferdem haben die Beh\u00f6rden den Winzern finanzielle Anreize f\u00fcr die Umstellung auf andere Produkte geboten.<\/p>\n<p>Der R\u00fcckgang der Weinnachfrage ist nicht nur auf Frankreich beschr\u00e4nkt. Die Europ\u00e4ische Kommission berichtete im Juni, dass der Weinkonsum in Frankreich um 15 Prozent zur\u00fcckgegangen ist, aber auch in Italien um sieben Prozent, in Spanien um zehn Prozent, in Deutschland um 22 Prozent und in Portugal um 34 Prozent. Ebenso sind die Weinexporte der EU zur\u00fcckgegangen. Zwischen Januar und April 2023 gingen die grenz\u00fcberschreitenden Verk\u00e4ufe im Vergleich zum Vorjahreszeitraum um 8,5 Prozent zur\u00fcck.<\/p>\n<p>Wirtschaftsanalysten vertreten die Auffassung, dass der R\u00fcckgang der EU-Weinexporte zum Teil auf die Ukraine-Sanktionen zur\u00fcckzuf\u00fchren ist, die Br\u00fcssel im vergangenen Jahr gegen Russland verh\u00e4ngt hat und die den Verkauf von Luxusweinen von \u00fcber 300 Euro pro Flasche verbieten. W\u00e4hrend Spanien und Italien im Jahr 2022 zu den drei wichtigsten Weinlieferanten Russlands geh\u00f6rten, wurden sie in diesem Jahr durch Litauen und Georgien ersetzt.<\/p>\n<p><strong>Mehr zum Thema<\/strong> \u2013 <a rel=\"nofollow noopener\" target=\"_blank\" href=\"https:\/\/freeassange.rtde.life\/russland\/183629-wein-rueckschlag-russland-verlaengert-erhoehte\/\">Wein-R\u00fcckschlag: Russland verl\u00e4ngert erh\u00f6hte Z\u00f6lle auf Weine aus unfreundlichen L\u00e4ndern<\/a><\/p>\n<div class=\"EmbedBlock-root EmbedBlock-externalVideo EmbedBlock-odysee\">\n<div class=\"VkEmbed\"><iframe class=\"lazyload\" data-src=\"https:\/\/odysee.com\/%24\/embed\/%40RTDE%3Ae%2FMischustin-Russische-wirtschaft-w%C3%A4chst-trotz-Druck-von-au%C3%9Fen%3A2\" frameborder=\"0\" width=\"853\" height=\"480\" allowfullscreen><\/iframe><\/div>\n<\/div>\n<\/div>\n<p><br \/>\n<br \/><a href=\"https:\/\/de.rt.com\/europa\/184539-beginn-wirtschaftskrieges-franzoesische-winzer-zertruemmern\/\">Source link <\/a><\/p>\n","protected":false},"excerpt":{"rendered":"<p>Franz\u00f6sische Winzer kritisieren, dass ein enormer \u00dcberschuss an Wein auf dem heimischen Markt und billige Importe aus Spanien die Gefahr von Insolvenzen bergen. Nun setzten sie sich mit zum Teil drastischen Aktionen zur Wehr. Franz\u00f6sische Winzer haben in dieser Woche gegen spanische Weinimporte protestiert. Den Winzern zufolge verursachen ihre spanischen Kollegen einen unlauteren Wettbewerb auf [&hellip;]<\/p>\n","protected":false},"author":3,"featured_media":48505,"comment_status":"open","ping_status":"open","sticky":false,"template":"","format":"standard","meta":{"_yoast_indexnow_last_ping":["1697898901"],"wp_automatic_camp":["217"],"9e8dcf0df211a8d066d61680ffbba6e9":["&quot;Beginn eines Wirtschaftskrieges&quot; \u2013 Franz\u00f6sische Winzer zertr\u00fcmmern spanische Konkurrenzprodukte"],"original_link":["https:\/\/de.rt.com\/europa\/184539-beginn-wirtschaftskrieges-franzoesische-winzer-zertruemmern\/"],"_thumbnail_id":["48505"],"_wptgpro_p2tg_sent2tg":["a:1:{i:23737;s:19:\"2023-10-21 16:36:02\";}"],"jnews_social_counter_last_update":["1777684186"]},"categories":[19,23],"tags":[2111,9969,49986,49982,22827,49984,49983,49985],"yoast_head":"<!-- This site is optimized with the Yoast SEO Premium plugin v22.7 (Yoast SEO v22.7) - https:\/\/yoast.com\/wordpress\/plugins\/seo\/ -->\n<title>&quot;Beginn eines Wirtschaftskrieges&quot; \u2013 Franz\u00f6sische Winzer zertr\u00fcmmern spanische Konkurrenzprodukte - just-now.NEWS Deutschland<\/title>\n<meta name=\"robots\" content=\"index, follow, max-snippet:-1, max-image-preview:large, max-video-preview:-1\" \/>\n<link rel=\"canonical\" href=\"https:\/\/now-news.de\/de\/deutschland\/beginn-eines-wirtschaftskrieges-franzoesische-winzer-zertruemmern-spanische-konkurrenzprodukte\/\" \/>\n<meta property=\"og:locale\" content=\"de_DE\" \/>\n<meta property=\"og:type\" content=\"article\" \/>\n<meta property=\"og:title\" content=\"&quot;Beginn eines Wirtschaftskrieges&quot; \u2013 Franz\u00f6sische Winzer zertr\u00fcmmern spanische Konkurrenzprodukte\" \/>\n<meta property=\"og:description\" content=\"Franz\u00f6sische Winzer kritisieren, dass ein enormer \u00dcberschuss an Wein auf dem heimischen Markt und billige Importe aus Spanien die Gefahr von Insolvenzen bergen. Nun setzten sie sich mit zum Teil drastischen Aktionen zur Wehr. Franz\u00f6sische Winzer haben in dieser Woche gegen spanische Weinimporte protestiert. Den Winzern zufolge verursachen ihre spanischen Kollegen einen unlauteren Wettbewerb auf [&hellip;]\" \/>\n<meta property=\"og:url\" content=\"https:\/\/now-news.de\/de\/deutschland\/beginn-eines-wirtschaftskrieges-franzoesische-winzer-zertruemmern-spanische-konkurrenzprodukte\/\" \/>\n<meta property=\"og:site_name\" content=\"just-now.NEWS Deutschland\" \/>\n<meta property=\"article:publisher\" content=\"https:\/\/www.facebook.com\/wirmachenauf\" \/>\n<meta property=\"article:published_time\" content=\"2023-10-21T14:19:39+00:00\" \/>\n<meta property=\"og:image\" content=\"https:\/\/now-news.de\/de\/wp-content\/uploads\/sites\/3\/2023\/10\/quotBeginn-eines-Wirtschaftskriegesquot-\u2013-Franzoesische-Winzer-zertruemmern-spanische-Konkurrenzprodukte.jpg\" \/>\n\t<meta property=\"og:image:width\" content=\"460\" \/>\n\t<meta property=\"og:image:height\" content=\"259\" \/>\n\t<meta property=\"og:image:type\" content=\"image\/jpeg\" \/>\n<meta name=\"author\" content=\"rtnews\" \/>\n<meta name=\"twitter:card\" content=\"summary_large_image\" \/>\n<meta name=\"twitter:creator\" content=\"@WirMachenAuf_de\" \/>\n<meta name=\"twitter:site\" content=\"@WirMachenAuf_de\" \/>\n<meta name=\"twitter:label1\" content=\"Verfasst von\" \/>\n\t<meta name=\"twitter:data1\" content=\"rtnews\" \/>\n\t<meta name=\"twitter:label2\" content=\"Gesch\u00e4tzte Lesezeit\" \/>\n\t<meta name=\"twitter:data2\" content=\"3\u00a0Minuten\" \/>\n<script type=\"application\/ld+json\" class=\"yoast-schema-graph\">{\"@context\":\"https:\/\/schema.org\",\"@graph\":[{\"@type\":\"Article\",\"@id\":\"https:\/\/now-news.de\/de\/deutschland\/beginn-eines-wirtschaftskrieges-franzoesische-winzer-zertruemmern-spanische-konkurrenzprodukte\/#article\",\"isPartOf\":{\"@id\":\"https:\/\/now-news.de\/de\/deutschland\/beginn-eines-wirtschaftskrieges-franzoesische-winzer-zertruemmern-spanische-konkurrenzprodukte\/\"},\"author\":{\"name\":\"rtnews\",\"@id\":\"https:\/\/now-news.de\/de\/#\/schema\/person\/fb534a4e865501d8b3285208df34a9b5\"},\"headline\":\"&quot;Beginn eines Wirtschaftskrieges&quot; \u2013 Franz\u00f6sische Winzer zertr\u00fcmmern spanische Konkurrenzprodukte\",\"datePublished\":\"2023-10-21T14:19:39+00:00\",\"dateModified\":\"2023-10-21T14:19:39+00:00\",\"mainEntityOfPage\":{\"@id\":\"https:\/\/now-news.de\/de\/deutschland\/beginn-eines-wirtschaftskrieges-franzoesische-winzer-zertruemmern-spanische-konkurrenzprodukte\/\"},\"wordCount\":618,\"commentCount\":0,\"publisher\":{\"@id\":\"https:\/\/now-news.de\/de\/#organization\"},\"image\":{\"@id\":\"https:\/\/now-news.de\/de\/deutschland\/beginn-eines-wirtschaftskrieges-franzoesische-winzer-zertruemmern-spanische-konkurrenzprodukte\/#primaryimage\"},\"thumbnailUrl\":\"https:\/\/now-news.de\/de\/wp-content\/uploads\/sites\/3\/2023\/10\/quotBeginn-eines-Wirtschaftskriegesquot-\u2013-Franzoesische-Winzer-zertruemmern-spanische-Konkurrenzprodukte.jpg\",\"keywords\":[\"eines\",\"franz\u00f6sische\",\"Konkurrenzprodukte\",\"quotBeginn\",\"Spanische\",\"Winzer\",\"Wirtschaftskriegesquot\",\"zertr\u00fcmmern\"],\"articleSection\":[\"Deutschland\",\"Russland\"],\"inLanguage\":\"de\",\"potentialAction\":[{\"@type\":\"CommentAction\",\"name\":\"Comment\",\"target\":[\"https:\/\/now-news.de\/de\/deutschland\/beginn-eines-wirtschaftskrieges-franzoesische-winzer-zertruemmern-spanische-konkurrenzprodukte\/#respond\"]}]},{\"@type\":\"WebPage\",\"@id\":\"https:\/\/now-news.de\/de\/deutschland\/beginn-eines-wirtschaftskrieges-franzoesische-winzer-zertruemmern-spanische-konkurrenzprodukte\/\",\"url\":\"https:\/\/now-news.de\/de\/deutschland\/beginn-eines-wirtschaftskrieges-franzoesische-winzer-zertruemmern-spanische-konkurrenzprodukte\/\",\"name\":\"&quot;Beginn eines Wirtschaftskrieges&quot; \u2013 Franz\u00f6sische Winzer zertr\u00fcmmern spanische Konkurrenzprodukte - just-now.NEWS Deutschland\",\"isPartOf\":{\"@id\":\"https:\/\/now-news.de\/de\/#website\"},\"primaryImageOfPage\":{\"@id\":\"https:\/\/now-news.de\/de\/deutschland\/beginn-eines-wirtschaftskrieges-franzoesische-winzer-zertruemmern-spanische-konkurrenzprodukte\/#primaryimage\"},\"image\":{\"@id\":\"https:\/\/now-news.de\/de\/deutschland\/beginn-eines-wirtschaftskrieges-franzoesische-winzer-zertruemmern-spanische-konkurrenzprodukte\/#primaryimage\"},\"thumbnailUrl\":\"https:\/\/now-news.de\/de\/wp-content\/uploads\/sites\/3\/2023\/10\/quotBeginn-eines-Wirtschaftskriegesquot-\u2013-Franzoesische-Winzer-zertruemmern-spanische-Konkurrenzprodukte.jpg\",\"datePublished\":\"2023-10-21T14:19:39+00:00\",\"dateModified\":\"2023-10-21T14:19:39+00:00\",\"breadcrumb\":{\"@id\":\"https:\/\/now-news.de\/de\/deutschland\/beginn-eines-wirtschaftskrieges-franzoesische-winzer-zertruemmern-spanische-konkurrenzprodukte\/#breadcrumb\"},\"inLanguage\":\"de\",\"potentialAction\":[{\"@type\":\"ReadAction\",\"target\":[\"https:\/\/now-news.de\/de\/deutschland\/beginn-eines-wirtschaftskrieges-franzoesische-winzer-zertruemmern-spanische-konkurrenzprodukte\/\"]}]},{\"@type\":\"ImageObject\",\"inLanguage\":\"de\",\"@id\":\"https:\/\/now-news.de\/de\/deutschland\/beginn-eines-wirtschaftskrieges-franzoesische-winzer-zertruemmern-spanische-konkurrenzprodukte\/#primaryimage\",\"url\":\"https:\/\/now-news.de\/de\/wp-content\/uploads\/sites\/3\/2023\/10\/quotBeginn-eines-Wirtschaftskriegesquot-\u2013-Franzoesische-Winzer-zertruemmern-spanische-Konkurrenzprodukte.jpg\",\"contentUrl\":\"https:\/\/now-news.de\/de\/wp-content\/uploads\/sites\/3\/2023\/10\/quotBeginn-eines-Wirtschaftskriegesquot-\u2013-Franzoesische-Winzer-zertruemmern-spanische-Konkurrenzprodukte.jpg\",\"width\":460,\"height\":259,\"caption\":\"&quot;Beginn eines Wirtschaftskrieges&quot; \u2013 Franz\u00f6sische Winzer zertr\u00fcmmern spanische Konkurrenzprodukte\"},{\"@type\":\"BreadcrumbList\",\"@id\":\"https:\/\/now-news.de\/de\/deutschland\/beginn-eines-wirtschaftskrieges-franzoesische-winzer-zertruemmern-spanische-konkurrenzprodukte\/#breadcrumb\",\"itemListElement\":[{\"@type\":\"ListItem\",\"position\":1,\"name\":\"Home\",\"item\":\"https:\/\/now-news.de\/de\/\"},{\"@type\":\"ListItem\",\"position\":2,\"name\":\"&quot;Beginn eines Wirtschaftskrieges&quot; \u2013 Franz\u00f6sische Winzer zertr\u00fcmmern spanische Konkurrenzprodukte\"}]},{\"@type\":\"WebSite\",\"@id\":\"https:\/\/now-news.de\/de\/#website\",\"url\":\"https:\/\/now-news.de\/de\/\",\"name\":\"just-now.NEWS Deutschland\",\"description\":\"Das Portal f\u00fcr unzensierte Nachrichten aus der Welt\",\"publisher\":{\"@id\":\"https:\/\/now-news.de\/de\/#organization\"},\"potentialAction\":[{\"@type\":\"SearchAction\",\"target\":{\"@type\":\"EntryPoint\",\"urlTemplate\":\"https:\/\/now-news.de\/de\/?s={search_term_string}\"},\"query-input\":\"required name=search_term_string\"}],\"inLanguage\":\"de\"},{\"@type\":\"Organization\",\"@id\":\"https:\/\/now-news.de\/de\/#organization\",\"name\":\"Just Now News\",\"url\":\"https:\/\/now-news.de\/de\/\",\"logo\":{\"@type\":\"ImageObject\",\"inLanguage\":\"de\",\"@id\":\"https:\/\/now-news.de\/de\/#\/schema\/logo\/image\/\",\"url\":\"http:\/\/just-now.news\/de\/wp-content\/uploads\/sites\/3\/2022\/04\/logo500x500.jpg\",\"contentUrl\":\"http:\/\/just-now.news\/de\/wp-content\/uploads\/sites\/3\/2022\/04\/logo500x500.jpg\",\"width\":500,\"height\":500,\"caption\":\"Just Now News\"},\"image\":{\"@id\":\"https:\/\/now-news.de\/de\/#\/schema\/logo\/image\/\"},\"sameAs\":[\"https:\/\/www.facebook.com\/wirmachenauf\",\"https:\/\/x.com\/WirMachenAuf_de\"]},{\"@type\":\"Person\",\"@id\":\"https:\/\/now-news.de\/de\/#\/schema\/person\/fb534a4e865501d8b3285208df34a9b5\",\"name\":\"rtnews\",\"image\":{\"@type\":\"ImageObject\",\"inLanguage\":\"de\",\"@id\":\"https:\/\/now-news.de\/de\/#\/schema\/person\/image\/\",\"url\":\"https:\/\/secure.gravatar.com\/avatar\/82aafea7d8127119dd649515f56e2117?s=96&d=mm&r=g\",\"contentUrl\":\"https:\/\/secure.gravatar.com\/avatar\/82aafea7d8127119dd649515f56e2117?s=96&d=mm&r=g\",\"caption\":\"rtnews\"},\"url\":\"https:\/\/now-news.de\/de\/author\/rnews\/\"}]}<\/script>\n<!-- \/ Yoast SEO Premium plugin. -->","yoast_head_json":{"title":"&quot;Beginn eines Wirtschaftskrieges&quot; \u2013 Franz\u00f6sische Winzer zertr\u00fcmmern spanische Konkurrenzprodukte - just-now.NEWS Deutschland","robots":{"index":"index","follow":"follow","max-snippet":"max-snippet:-1","max-image-preview":"max-image-preview:large","max-video-preview":"max-video-preview:-1"},"canonical":"https:\/\/now-news.de\/de\/deutschland\/beginn-eines-wirtschaftskrieges-franzoesische-winzer-zertruemmern-spanische-konkurrenzprodukte\/","og_locale":"de_DE","og_type":"article","og_title":"&quot;Beginn eines Wirtschaftskrieges&quot; \u2013 Franz\u00f6sische Winzer zertr\u00fcmmern spanische Konkurrenzprodukte","og_description":"Franz\u00f6sische Winzer kritisieren, dass ein enormer \u00dcberschuss an Wein auf dem heimischen Markt und billige Importe aus Spanien die Gefahr von Insolvenzen bergen. Nun setzten sie sich mit zum Teil drastischen Aktionen zur Wehr. Franz\u00f6sische Winzer haben in dieser Woche gegen spanische Weinimporte protestiert. Den Winzern zufolge verursachen ihre spanischen Kollegen einen unlauteren Wettbewerb auf [&hellip;]","og_url":"https:\/\/now-news.de\/de\/deutschland\/beginn-eines-wirtschaftskrieges-franzoesische-winzer-zertruemmern-spanische-konkurrenzprodukte\/","og_site_name":"just-now.NEWS Deutschland","article_publisher":"https:\/\/www.facebook.com\/wirmachenauf","article_published_time":"2023-10-21T14:19:39+00:00","og_image":[{"width":460,"height":259,"url":"https:\/\/now-news.de\/de\/wp-content\/uploads\/sites\/3\/2023\/10\/quotBeginn-eines-Wirtschaftskriegesquot-\u2013-Franzoesische-Winzer-zertruemmern-spanische-Konkurrenzprodukte.jpg","type":"image\/jpeg"}],"author":"rtnews","twitter_card":"summary_large_image","twitter_creator":"@WirMachenAuf_de","twitter_site":"@WirMachenAuf_de","twitter_misc":{"Verfasst von":"rtnews","Gesch\u00e4tzte Lesezeit":"3\u00a0Minuten"},"schema":{"@context":"https:\/\/schema.org","@graph":[{"@type":"Article","@id":"https:\/\/now-news.de\/de\/deutschland\/beginn-eines-wirtschaftskrieges-franzoesische-winzer-zertruemmern-spanische-konkurrenzprodukte\/#article","isPartOf":{"@id":"https:\/\/now-news.de\/de\/deutschland\/beginn-eines-wirtschaftskrieges-franzoesische-winzer-zertruemmern-spanische-konkurrenzprodukte\/"},"author":{"name":"rtnews","@id":"https:\/\/now-news.de\/de\/#\/schema\/person\/fb534a4e865501d8b3285208df34a9b5"},"headline":"&quot;Beginn eines Wirtschaftskrieges&quot; \u2013 Franz\u00f6sische Winzer zertr\u00fcmmern spanische Konkurrenzprodukte","datePublished":"2023-10-21T14:19:39+00:00","dateModified":"2023-10-21T14:19:39+00:00","mainEntityOfPage":{"@id":"https:\/\/now-news.de\/de\/deutschland\/beginn-eines-wirtschaftskrieges-franzoesische-winzer-zertruemmern-spanische-konkurrenzprodukte\/"},"wordCount":618,"commentCount":0,"publisher":{"@id":"https:\/\/now-news.de\/de\/#organization"},"image":{"@id":"https:\/\/now-news.de\/de\/deutschland\/beginn-eines-wirtschaftskrieges-franzoesische-winzer-zertruemmern-spanische-konkurrenzprodukte\/#primaryimage"},"thumbnailUrl":"https:\/\/now-news.de\/de\/wp-content\/uploads\/sites\/3\/2023\/10\/quotBeginn-eines-Wirtschaftskriegesquot-\u2013-Franzoesische-Winzer-zertruemmern-spanische-Konkurrenzprodukte.jpg","keywords":["eines","franz\u00f6sische","Konkurrenzprodukte","quotBeginn","Spanische","Winzer","Wirtschaftskriegesquot","zertr\u00fcmmern"],"articleSection":["Deutschland","Russland"],"inLanguage":"de","potentialAction":[{"@type":"CommentAction","name":"Comment","target":["https:\/\/now-news.de\/de\/deutschland\/beginn-eines-wirtschaftskrieges-franzoesische-winzer-zertruemmern-spanische-konkurrenzprodukte\/#respond"]}]},{"@type":"WebPage","@id":"https:\/\/now-news.de\/de\/deutschland\/beginn-eines-wirtschaftskrieges-franzoesische-winzer-zertruemmern-spanische-konkurrenzprodukte\/","url":"https:\/\/now-news.de\/de\/deutschland\/beginn-eines-wirtschaftskrieges-franzoesische-winzer-zertruemmern-spanische-konkurrenzprodukte\/","name":"&quot;Beginn eines Wirtschaftskrieges&quot; \u2013 Franz\u00f6sische Winzer zertr\u00fcmmern spanische Konkurrenzprodukte - just-now.NEWS Deutschland","isPartOf":{"@id":"https:\/\/now-news.de\/de\/#website"},"primaryImageOfPage":{"@id":"https:\/\/now-news.de\/de\/deutschland\/beginn-eines-wirtschaftskrieges-franzoesische-winzer-zertruemmern-spanische-konkurrenzprodukte\/#primaryimage"},"image":{"@id":"https:\/\/now-news.de\/de\/deutschland\/beginn-eines-wirtschaftskrieges-franzoesische-winzer-zertruemmern-spanische-konkurrenzprodukte\/#primaryimage"},"thumbnailUrl":"https:\/\/now-news.de\/de\/wp-content\/uploads\/sites\/3\/2023\/10\/quotBeginn-eines-Wirtschaftskriegesquot-\u2013-Franzoesische-Winzer-zertruemmern-spanische-Konkurrenzprodukte.jpg","datePublished":"2023-10-21T14:19:39+00:00","dateModified":"2023-10-21T14:19:39+00:00","breadcrumb":{"@id":"https:\/\/now-news.de\/de\/deutschland\/beginn-eines-wirtschaftskrieges-franzoesische-winzer-zertruemmern-spanische-konkurrenzprodukte\/#breadcrumb"},"inLanguage":"de","potentialAction":[{"@type":"ReadAction","target":["https:\/\/now-news.de\/de\/deutschland\/beginn-eines-wirtschaftskrieges-franzoesische-winzer-zertruemmern-spanische-konkurrenzprodukte\/"]}]},{"@type":"ImageObject","inLanguage":"de","@id":"https:\/\/now-news.de\/de\/deutschland\/beginn-eines-wirtschaftskrieges-franzoesische-winzer-zertruemmern-spanische-konkurrenzprodukte\/#primaryimage","url":"https:\/\/now-news.de\/de\/wp-content\/uploads\/sites\/3\/2023\/10\/quotBeginn-eines-Wirtschaftskriegesquot-\u2013-Franzoesische-Winzer-zertruemmern-spanische-Konkurrenzprodukte.jpg","contentUrl":"https:\/\/now-news.de\/de\/wp-content\/uploads\/sites\/3\/2023\/10\/quotBeginn-eines-Wirtschaftskriegesquot-\u2013-Franzoesische-Winzer-zertruemmern-spanische-Konkurrenzprodukte.jpg","width":460,"height":259,"caption":"&quot;Beginn eines Wirtschaftskrieges&quot; \u2013 Franz\u00f6sische Winzer zertr\u00fcmmern spanische Konkurrenzprodukte"},{"@type":"BreadcrumbList","@id":"https:\/\/now-news.de\/de\/deutschland\/beginn-eines-wirtschaftskrieges-franzoesische-winzer-zertruemmern-spanische-konkurrenzprodukte\/#breadcrumb","itemListElement":[{"@type":"ListItem","position":1,"name":"Home","item":"https:\/\/now-news.de\/de\/"},{"@type":"ListItem","position":2,"name":"&quot;Beginn eines Wirtschaftskrieges&quot; \u2013 Franz\u00f6sische Winzer zertr\u00fcmmern spanische Konkurrenzprodukte"}]},{"@type":"WebSite","@id":"https:\/\/now-news.de\/de\/#website","url":"https:\/\/now-news.de\/de\/","name":"just-now.NEWS Deutschland","description":"Das Portal f\u00fcr unzensierte Nachrichten aus der Welt","publisher":{"@id":"https:\/\/now-news.de\/de\/#organization"},"potentialAction":[{"@type":"SearchAction","target":{"@type":"EntryPoint","urlTemplate":"https:\/\/now-news.de\/de\/?s={search_term_string}"},"query-input":"required name=search_term_string"}],"inLanguage":"de"},{"@type":"Organization","@id":"https:\/\/now-news.de\/de\/#organization","name":"Just Now News","url":"https:\/\/now-news.de\/de\/","logo":{"@type":"ImageObject","inLanguage":"de","@id":"https:\/\/now-news.de\/de\/#\/schema\/logo\/image\/","url":"http:\/\/just-now.news\/de\/wp-content\/uploads\/sites\/3\/2022\/04\/logo500x500.jpg","contentUrl":"http:\/\/just-now.news\/de\/wp-content\/uploads\/sites\/3\/2022\/04\/logo500x500.jpg","width":500,"height":500,"caption":"Just Now News"},"image":{"@id":"https:\/\/now-news.de\/de\/#\/schema\/logo\/image\/"},"sameAs":["https:\/\/www.facebook.com\/wirmachenauf","https:\/\/x.com\/WirMachenAuf_de"]},{"@type":"Person","@id":"https:\/\/now-news.de\/de\/#\/schema\/person\/fb534a4e865501d8b3285208df34a9b5","name":"rtnews","image":{"@type":"ImageObject","inLanguage":"de","@id":"https:\/\/now-news.de\/de\/#\/schema\/person\/image\/","url":"https:\/\/secure.gravatar.com\/avatar\/82aafea7d8127119dd649515f56e2117?s=96&d=mm&r=g","contentUrl":"https:\/\/secure.gravatar.com\/avatar\/82aafea7d8127119dd649515f56e2117?s=96&d=mm&r=g","caption":"rtnews"},"url":"https:\/\/now-news.de\/de\/author\/rnews\/"}]}},"_links":{"self":[{"href":"https:\/\/now-news.de\/de\/wp-json\/wp\/v2\/posts\/48504"}],"collection":[{"href":"https:\/\/now-news.de\/de\/wp-json\/wp\/v2\/posts"}],"about":[{"href":"https:\/\/now-news.de\/de\/wp-json\/wp\/v2\/types\/post"}],"author":[{"embeddable":true,"href":"https:\/\/now-news.de\/de\/wp-json\/wp\/v2\/users\/3"}],"replies":[{"embeddable":true,"href":"https:\/\/now-news.de\/de\/wp-json\/wp\/v2\/comments?post=48504"}],"version-history":[{"count":0,"href":"https:\/\/now-news.de\/de\/wp-json\/wp\/v2\/posts\/48504\/revisions"}],"wp:featuredmedia":[{"embeddable":true,"href":"https:\/\/now-news.de\/de\/wp-json\/wp\/v2\/media\/48505"}],"wp:attachment":[{"href":"https:\/\/now-news.de\/de\/wp-json\/wp\/v2\/media?parent=48504"}],"wp:term":[{"taxonomy":"category","embeddable":true,"href":"https:\/\/now-news.de\/de\/wp-json\/wp\/v2\/categories?post=48504"},{"taxonomy":"post_tag","embeddable":true,"href":"https:\/\/now-news.de\/de\/wp-json\/wp\/v2\/tags?post=48504"}],"curies":[{"name":"wp","href":"https:\/\/api.w.org\/{rel}","templated":true}]}}