{"id":48500,"date":"2023-10-21T15:00:06","date_gmt":"2023-10-21T13:00:06","guid":{"rendered":"https:\/\/just-now.news\/de\/deutschland\/platzeck-wirbt-fuer-mehr-diplomatie-im-ukraine-krieg\/"},"modified":"2023-10-21T15:00:06","modified_gmt":"2023-10-21T13:00:06","slug":"platzeck-wirbt-fuer-mehr-diplomatie-im-ukraine-krieg","status":"publish","type":"post","link":"https:\/\/now-news.de\/de\/deutschland\/platzeck-wirbt-fuer-mehr-diplomatie-im-ukraine-krieg\/","title":{"rendered":"Platzeck wirbt f\u00fcr mehr Diplomatie im Ukraine-Krieg"},"content":{"rendered":"<p><img decoding=\"async\" src=\"http:\/\/just-now.news\/de\/wp-content\/uploads\/sites\/3\/2023\/10\/6533c64248fbef537729e75c.jpg\" \/><\/p>\n<div class=\"Text-root Text-type_1 \">\n                In einem am Samstag ver\u00f6ffentlichten Interview mit der M\u00e4rkischen Allgemeinen hat der ehemalige Ministerpr\u00e4sident Brandenburgs Matthias Platzeck mehr diplomatische Bem\u00fchungen zur Beilegung des Ukraine-Konflikts gefordert.\n            <\/div>\n<p><\/p>\n<div class=\"Text-root Text-type_5 ArticleView-text ViewText-root \">\n<p>Der fr\u00fchere Ministerpr\u00e4sident Brandenburgs und kurzzeitige Vorsitzende der SPD Matthias Platzeck pl\u00e4diert zur L\u00f6sung des Konflikts um die Ukraine f\u00fcr mehr Diplomatie. Der <em>M\u00e4rkischen Allgemeinen<\/em> sagte Platzeck:<\/p>\n<blockquote>\n<p><em>&#8220;Ich bin kein Hellseher. Ich w\u00fcnsche mir, dass wir mehr diplomatische Kraft darauf verwenden, Wege \u00fcberhaupt auszuloten. Ich wei\u00df, dass es nicht sch\u00f6n klingt, aber um diese Wege zu finden, braucht es auch mehr Hinterzimmerpolitik.&#8221;<\/em><\/p>\n<\/blockquote>\n<p>Die Interessen der Ukraine m\u00fcssten dabei im Vordergrund stehen, es sei aber auch &#8220;ein Rahmen f\u00fcr friedliche Koexistenz&#8221; n\u00f6tig, wenn &#8220;unser Kontinent eine gute Zukunft haben will&#8221;.<\/p>\n<p>Platzeck r\u00e4umte ein, dass er einen russischen Angriff auf die Ukraine nicht f\u00fcr m\u00f6glich gehalten habe. Er habe sich in den Wochen nach dem Angriff im Februar 2022 &#8220;so miserabel wie noch nie in meinem Leben gef\u00fchlt&#8221;, sagte Platzeck. Es sei ihm immer um Vers\u00f6hnung nach dem deutschen Vernichtungskrieg in der Sowjetunion, &#8220;um eine Zukunft miteinander&#8221; gegangen.<\/p>\n<p>Der heute 69-j\u00e4hrige Platzeck war von 2002 bis 2013 brandenburgischer Landesvater gewesen. Von 2014 bis 2022 war er Vorsitzender des deutsch-russischen Wirtschaftsforums gewesen.<\/p>\n<p><strong>Mehr zum Thema<\/strong> \u2013 <a rel=\"nofollow noopener\" target=\"_blank\" href=\"https:\/\/freedert.online\/international\/184498-gerhard-schroeder-usa-haben-kompromiss\/\">Gerhard Schr\u00f6der: &#8220;Die USA haben den Kompromiss zwischen der Ukraine und Russland nicht gewollt&#8221;<\/a><\/p>\n<\/div>\n<p><br \/>\n<br \/><a href=\"https:\/\/de.rt.com\/international\/184523-platzeck-wirbt-fuer-mehr-diplomatie-im-ukraine-krieg\/\">Source link <\/a><\/p>\n","protected":false},"excerpt":{"rendered":"<p>In einem am Samstag ver\u00f6ffentlichten Interview mit der M\u00e4rkischen Allgemeinen hat der ehemalige Ministerpr\u00e4sident Brandenburgs Matthias Platzeck mehr diplomatische Bem\u00fchungen zur Beilegung des Ukraine-Konflikts gefordert. Der fr\u00fchere Ministerpr\u00e4sident Brandenburgs und kurzzeitige Vorsitzende der SPD Matthias Platzeck pl\u00e4diert zur L\u00f6sung des Konflikts um die Ukraine f\u00fcr mehr Diplomatie. Der M\u00e4rkischen Allgemeinen sagte Platzeck: &#8220;Ich bin kein [&hellip;]<\/p>\n","protected":false},"author":3,"featured_media":48501,"comment_status":"open","ping_status":"open","sticky":false,"template":"","format":"standard","meta":{"_yoast_indexnow_last_ping":["1697895061"],"wp_automatic_camp":["217"],"57e440dc642237570358d30dd2c11e66":["Platzeck wirbt f\u00fcr mehr Diplomatie im Ukraine-Krieg"],"original_link":["https:\/\/de.rt.com\/international\/184523-platzeck-wirbt-fuer-mehr-diplomatie-im-ukraine-krieg\/"],"_thumbnail_id":["48501"],"jnews_social_counter_last_update":["1777601171"],"_wptgpro_p2tg_sent2tg":["a:1:{i:23737;s:19:\"2023-10-21 15:32:01\";}"]},"categories":[19,23],"tags":[16547,221,2063,49980,566,19126],"yoast_head":"<!-- This site is optimized with the Yoast SEO Premium plugin v22.7 (Yoast SEO v22.7) - https:\/\/yoast.com\/wordpress\/plugins\/seo\/ -->\n<title>Platzeck wirbt f\u00fcr mehr Diplomatie im Ukraine-Krieg - just-now.NEWS Deutschland<\/title>\n<meta name=\"robots\" content=\"index, follow, max-snippet:-1, max-image-preview:large, max-video-preview:-1\" \/>\n<link rel=\"canonical\" href=\"https:\/\/now-news.de\/de\/deutschland\/platzeck-wirbt-fuer-mehr-diplomatie-im-ukraine-krieg\/\" \/>\n<meta property=\"og:locale\" content=\"de_DE\" \/>\n<meta property=\"og:type\" content=\"article\" \/>\n<meta property=\"og:title\" content=\"Platzeck wirbt f\u00fcr mehr Diplomatie im Ukraine-Krieg\" \/>\n<meta property=\"og:description\" content=\"In einem am Samstag ver\u00f6ffentlichten Interview mit der M\u00e4rkischen Allgemeinen hat der ehemalige Ministerpr\u00e4sident Brandenburgs Matthias Platzeck mehr diplomatische Bem\u00fchungen zur Beilegung des Ukraine-Konflikts gefordert. Der fr\u00fchere Ministerpr\u00e4sident Brandenburgs und kurzzeitige Vorsitzende der SPD Matthias Platzeck pl\u00e4diert zur L\u00f6sung des Konflikts um die Ukraine f\u00fcr mehr Diplomatie. Der M\u00e4rkischen Allgemeinen sagte Platzeck: &#8220;Ich bin kein [&hellip;]\" \/>\n<meta property=\"og:url\" content=\"https:\/\/now-news.de\/de\/deutschland\/platzeck-wirbt-fuer-mehr-diplomatie-im-ukraine-krieg\/\" \/>\n<meta property=\"og:site_name\" content=\"just-now.NEWS Deutschland\" \/>\n<meta property=\"article:publisher\" content=\"https:\/\/www.facebook.com\/wirmachenauf\" \/>\n<meta property=\"article:published_time\" content=\"2023-10-21T13:00:06+00:00\" \/>\n<meta property=\"og:image\" content=\"https:\/\/now-news.de\/de\/wp-content\/uploads\/sites\/3\/2023\/10\/Platzeck-wirbt-fuer-mehr-Diplomatie-im-Ukraine-Krieg.jpg\" \/>\n\t<meta property=\"og:image:width\" content=\"460\" \/>\n\t<meta property=\"og:image:height\" content=\"259\" \/>\n\t<meta property=\"og:image:type\" content=\"image\/jpeg\" \/>\n<meta name=\"author\" content=\"rtnews\" \/>\n<meta name=\"twitter:card\" content=\"summary_large_image\" \/>\n<meta name=\"twitter:creator\" content=\"@WirMachenAuf_de\" \/>\n<meta name=\"twitter:site\" content=\"@WirMachenAuf_de\" \/>\n<meta name=\"twitter:label1\" content=\"Verfasst von\" \/>\n\t<meta name=\"twitter:data1\" content=\"rtnews\" \/>\n\t<meta name=\"twitter:label2\" content=\"Gesch\u00e4tzte Lesezeit\" \/>\n\t<meta name=\"twitter:data2\" content=\"1\u00a0Minute\" \/>\n<script type=\"application\/ld+json\" class=\"yoast-schema-graph\">{\"@context\":\"https:\/\/schema.org\",\"@graph\":[{\"@type\":\"Article\",\"@id\":\"https:\/\/now-news.de\/de\/deutschland\/platzeck-wirbt-fuer-mehr-diplomatie-im-ukraine-krieg\/#article\",\"isPartOf\":{\"@id\":\"https:\/\/now-news.de\/de\/deutschland\/platzeck-wirbt-fuer-mehr-diplomatie-im-ukraine-krieg\/\"},\"author\":{\"name\":\"rtnews\",\"@id\":\"https:\/\/now-news.de\/de\/#\/schema\/person\/fb534a4e865501d8b3285208df34a9b5\"},\"headline\":\"Platzeck wirbt f\u00fcr mehr Diplomatie im Ukraine-Krieg\",\"datePublished\":\"2023-10-21T13:00:06+00:00\",\"dateModified\":\"2023-10-21T13:00:06+00:00\",\"mainEntityOfPage\":{\"@id\":\"https:\/\/now-news.de\/de\/deutschland\/platzeck-wirbt-fuer-mehr-diplomatie-im-ukraine-krieg\/\"},\"wordCount\":239,\"commentCount\":0,\"publisher\":{\"@id\":\"https:\/\/now-news.de\/de\/#organization\"},\"image\":{\"@id\":\"https:\/\/now-news.de\/de\/deutschland\/platzeck-wirbt-fuer-mehr-diplomatie-im-ukraine-krieg\/#primaryimage\"},\"thumbnailUrl\":\"https:\/\/now-news.de\/de\/wp-content\/uploads\/sites\/3\/2023\/10\/Platzeck-wirbt-fuer-mehr-Diplomatie-im-Ukraine-Krieg.jpg\",\"keywords\":[\"Diplomatie\",\"f\u00fcr\",\"mehr\",\"Platzeck\",\"UkraineKrieg\",\"wirbt\"],\"articleSection\":[\"Deutschland\",\"Russland\"],\"inLanguage\":\"de\",\"potentialAction\":[{\"@type\":\"CommentAction\",\"name\":\"Comment\",\"target\":[\"https:\/\/now-news.de\/de\/deutschland\/platzeck-wirbt-fuer-mehr-diplomatie-im-ukraine-krieg\/#respond\"]}]},{\"@type\":\"WebPage\",\"@id\":\"https:\/\/now-news.de\/de\/deutschland\/platzeck-wirbt-fuer-mehr-diplomatie-im-ukraine-krieg\/\",\"url\":\"https:\/\/now-news.de\/de\/deutschland\/platzeck-wirbt-fuer-mehr-diplomatie-im-ukraine-krieg\/\",\"name\":\"Platzeck wirbt f\u00fcr mehr Diplomatie im Ukraine-Krieg - just-now.NEWS Deutschland\",\"isPartOf\":{\"@id\":\"https:\/\/now-news.de\/de\/#website\"},\"primaryImageOfPage\":{\"@id\":\"https:\/\/now-news.de\/de\/deutschland\/platzeck-wirbt-fuer-mehr-diplomatie-im-ukraine-krieg\/#primaryimage\"},\"image\":{\"@id\":\"https:\/\/now-news.de\/de\/deutschland\/platzeck-wirbt-fuer-mehr-diplomatie-im-ukraine-krieg\/#primaryimage\"},\"thumbnailUrl\":\"https:\/\/now-news.de\/de\/wp-content\/uploads\/sites\/3\/2023\/10\/Platzeck-wirbt-fuer-mehr-Diplomatie-im-Ukraine-Krieg.jpg\",\"datePublished\":\"2023-10-21T13:00:06+00:00\",\"dateModified\":\"2023-10-21T13:00:06+00:00\",\"breadcrumb\":{\"@id\":\"https:\/\/now-news.de\/de\/deutschland\/platzeck-wirbt-fuer-mehr-diplomatie-im-ukraine-krieg\/#breadcrumb\"},\"inLanguage\":\"de\",\"potentialAction\":[{\"@type\":\"ReadAction\",\"target\":[\"https:\/\/now-news.de\/de\/deutschland\/platzeck-wirbt-fuer-mehr-diplomatie-im-ukraine-krieg\/\"]}]},{\"@type\":\"ImageObject\",\"inLanguage\":\"de\",\"@id\":\"https:\/\/now-news.de\/de\/deutschland\/platzeck-wirbt-fuer-mehr-diplomatie-im-ukraine-krieg\/#primaryimage\",\"url\":\"https:\/\/now-news.de\/de\/wp-content\/uploads\/sites\/3\/2023\/10\/Platzeck-wirbt-fuer-mehr-Diplomatie-im-Ukraine-Krieg.jpg\",\"contentUrl\":\"https:\/\/now-news.de\/de\/wp-content\/uploads\/sites\/3\/2023\/10\/Platzeck-wirbt-fuer-mehr-Diplomatie-im-Ukraine-Krieg.jpg\",\"width\":460,\"height\":259,\"caption\":\"Platzeck wirbt f\u00fcr mehr Diplomatie im Ukraine-Krieg\"},{\"@type\":\"BreadcrumbList\",\"@id\":\"https:\/\/now-news.de\/de\/deutschland\/platzeck-wirbt-fuer-mehr-diplomatie-im-ukraine-krieg\/#breadcrumb\",\"itemListElement\":[{\"@type\":\"ListItem\",\"position\":1,\"name\":\"Home\",\"item\":\"https:\/\/now-news.de\/de\/\"},{\"@type\":\"ListItem\",\"position\":2,\"name\":\"Platzeck wirbt f\u00fcr mehr Diplomatie im Ukraine-Krieg\"}]},{\"@type\":\"WebSite\",\"@id\":\"https:\/\/now-news.de\/de\/#website\",\"url\":\"https:\/\/now-news.de\/de\/\",\"name\":\"just-now.NEWS Deutschland\",\"description\":\"Das Portal f\u00fcr unzensierte Nachrichten aus der Welt\",\"publisher\":{\"@id\":\"https:\/\/now-news.de\/de\/#organization\"},\"potentialAction\":[{\"@type\":\"SearchAction\",\"target\":{\"@type\":\"EntryPoint\",\"urlTemplate\":\"https:\/\/now-news.de\/de\/?s={search_term_string}\"},\"query-input\":\"required name=search_term_string\"}],\"inLanguage\":\"de\"},{\"@type\":\"Organization\",\"@id\":\"https:\/\/now-news.de\/de\/#organization\",\"name\":\"Just Now News\",\"url\":\"https:\/\/now-news.de\/de\/\",\"logo\":{\"@type\":\"ImageObject\",\"inLanguage\":\"de\",\"@id\":\"https:\/\/now-news.de\/de\/#\/schema\/logo\/image\/\",\"url\":\"http:\/\/just-now.news\/de\/wp-content\/uploads\/sites\/3\/2022\/04\/logo500x500.jpg\",\"contentUrl\":\"http:\/\/just-now.news\/de\/wp-content\/uploads\/sites\/3\/2022\/04\/logo500x500.jpg\",\"width\":500,\"height\":500,\"caption\":\"Just Now News\"},\"image\":{\"@id\":\"https:\/\/now-news.de\/de\/#\/schema\/logo\/image\/\"},\"sameAs\":[\"https:\/\/www.facebook.com\/wirmachenauf\",\"https:\/\/x.com\/WirMachenAuf_de\"]},{\"@type\":\"Person\",\"@id\":\"https:\/\/now-news.de\/de\/#\/schema\/person\/fb534a4e865501d8b3285208df34a9b5\",\"name\":\"rtnews\",\"image\":{\"@type\":\"ImageObject\",\"inLanguage\":\"de\",\"@id\":\"https:\/\/now-news.de\/de\/#\/schema\/person\/image\/\",\"url\":\"https:\/\/secure.gravatar.com\/avatar\/82aafea7d8127119dd649515f56e2117?s=96&d=mm&r=g\",\"contentUrl\":\"https:\/\/secure.gravatar.com\/avatar\/82aafea7d8127119dd649515f56e2117?s=96&d=mm&r=g\",\"caption\":\"rtnews\"},\"url\":\"https:\/\/now-news.de\/de\/author\/rnews\/\"}]}<\/script>\n<!-- \/ Yoast SEO Premium plugin. -->","yoast_head_json":{"title":"Platzeck wirbt f\u00fcr mehr Diplomatie im Ukraine-Krieg - just-now.NEWS Deutschland","robots":{"index":"index","follow":"follow","max-snippet":"max-snippet:-1","max-image-preview":"max-image-preview:large","max-video-preview":"max-video-preview:-1"},"canonical":"https:\/\/now-news.de\/de\/deutschland\/platzeck-wirbt-fuer-mehr-diplomatie-im-ukraine-krieg\/","og_locale":"de_DE","og_type":"article","og_title":"Platzeck wirbt f\u00fcr mehr Diplomatie im Ukraine-Krieg","og_description":"In einem am Samstag ver\u00f6ffentlichten Interview mit der M\u00e4rkischen Allgemeinen hat der ehemalige Ministerpr\u00e4sident Brandenburgs Matthias Platzeck mehr diplomatische Bem\u00fchungen zur Beilegung des Ukraine-Konflikts gefordert. Der fr\u00fchere Ministerpr\u00e4sident Brandenburgs und kurzzeitige Vorsitzende der SPD Matthias Platzeck pl\u00e4diert zur L\u00f6sung des Konflikts um die Ukraine f\u00fcr mehr Diplomatie. Der M\u00e4rkischen Allgemeinen sagte Platzeck: &#8220;Ich bin kein [&hellip;]","og_url":"https:\/\/now-news.de\/de\/deutschland\/platzeck-wirbt-fuer-mehr-diplomatie-im-ukraine-krieg\/","og_site_name":"just-now.NEWS Deutschland","article_publisher":"https:\/\/www.facebook.com\/wirmachenauf","article_published_time":"2023-10-21T13:00:06+00:00","og_image":[{"width":460,"height":259,"url":"https:\/\/now-news.de\/de\/wp-content\/uploads\/sites\/3\/2023\/10\/Platzeck-wirbt-fuer-mehr-Diplomatie-im-Ukraine-Krieg.jpg","type":"image\/jpeg"}],"author":"rtnews","twitter_card":"summary_large_image","twitter_creator":"@WirMachenAuf_de","twitter_site":"@WirMachenAuf_de","twitter_misc":{"Verfasst von":"rtnews","Gesch\u00e4tzte Lesezeit":"1\u00a0Minute"},"schema":{"@context":"https:\/\/schema.org","@graph":[{"@type":"Article","@id":"https:\/\/now-news.de\/de\/deutschland\/platzeck-wirbt-fuer-mehr-diplomatie-im-ukraine-krieg\/#article","isPartOf":{"@id":"https:\/\/now-news.de\/de\/deutschland\/platzeck-wirbt-fuer-mehr-diplomatie-im-ukraine-krieg\/"},"author":{"name":"rtnews","@id":"https:\/\/now-news.de\/de\/#\/schema\/person\/fb534a4e865501d8b3285208df34a9b5"},"headline":"Platzeck wirbt f\u00fcr mehr Diplomatie im Ukraine-Krieg","datePublished":"2023-10-21T13:00:06+00:00","dateModified":"2023-10-21T13:00:06+00:00","mainEntityOfPage":{"@id":"https:\/\/now-news.de\/de\/deutschland\/platzeck-wirbt-fuer-mehr-diplomatie-im-ukraine-krieg\/"},"wordCount":239,"commentCount":0,"publisher":{"@id":"https:\/\/now-news.de\/de\/#organization"},"image":{"@id":"https:\/\/now-news.de\/de\/deutschland\/platzeck-wirbt-fuer-mehr-diplomatie-im-ukraine-krieg\/#primaryimage"},"thumbnailUrl":"https:\/\/now-news.de\/de\/wp-content\/uploads\/sites\/3\/2023\/10\/Platzeck-wirbt-fuer-mehr-Diplomatie-im-Ukraine-Krieg.jpg","keywords":["Diplomatie","f\u00fcr","mehr","Platzeck","UkraineKrieg","wirbt"],"articleSection":["Deutschland","Russland"],"inLanguage":"de","potentialAction":[{"@type":"CommentAction","name":"Comment","target":["https:\/\/now-news.de\/de\/deutschland\/platzeck-wirbt-fuer-mehr-diplomatie-im-ukraine-krieg\/#respond"]}]},{"@type":"WebPage","@id":"https:\/\/now-news.de\/de\/deutschland\/platzeck-wirbt-fuer-mehr-diplomatie-im-ukraine-krieg\/","url":"https:\/\/now-news.de\/de\/deutschland\/platzeck-wirbt-fuer-mehr-diplomatie-im-ukraine-krieg\/","name":"Platzeck wirbt f\u00fcr mehr Diplomatie im Ukraine-Krieg - just-now.NEWS Deutschland","isPartOf":{"@id":"https:\/\/now-news.de\/de\/#website"},"primaryImageOfPage":{"@id":"https:\/\/now-news.de\/de\/deutschland\/platzeck-wirbt-fuer-mehr-diplomatie-im-ukraine-krieg\/#primaryimage"},"image":{"@id":"https:\/\/now-news.de\/de\/deutschland\/platzeck-wirbt-fuer-mehr-diplomatie-im-ukraine-krieg\/#primaryimage"},"thumbnailUrl":"https:\/\/now-news.de\/de\/wp-content\/uploads\/sites\/3\/2023\/10\/Platzeck-wirbt-fuer-mehr-Diplomatie-im-Ukraine-Krieg.jpg","datePublished":"2023-10-21T13:00:06+00:00","dateModified":"2023-10-21T13:00:06+00:00","breadcrumb":{"@id":"https:\/\/now-news.de\/de\/deutschland\/platzeck-wirbt-fuer-mehr-diplomatie-im-ukraine-krieg\/#breadcrumb"},"inLanguage":"de","potentialAction":[{"@type":"ReadAction","target":["https:\/\/now-news.de\/de\/deutschland\/platzeck-wirbt-fuer-mehr-diplomatie-im-ukraine-krieg\/"]}]},{"@type":"ImageObject","inLanguage":"de","@id":"https:\/\/now-news.de\/de\/deutschland\/platzeck-wirbt-fuer-mehr-diplomatie-im-ukraine-krieg\/#primaryimage","url":"https:\/\/now-news.de\/de\/wp-content\/uploads\/sites\/3\/2023\/10\/Platzeck-wirbt-fuer-mehr-Diplomatie-im-Ukraine-Krieg.jpg","contentUrl":"https:\/\/now-news.de\/de\/wp-content\/uploads\/sites\/3\/2023\/10\/Platzeck-wirbt-fuer-mehr-Diplomatie-im-Ukraine-Krieg.jpg","width":460,"height":259,"caption":"Platzeck wirbt f\u00fcr mehr Diplomatie im Ukraine-Krieg"},{"@type":"BreadcrumbList","@id":"https:\/\/now-news.de\/de\/deutschland\/platzeck-wirbt-fuer-mehr-diplomatie-im-ukraine-krieg\/#breadcrumb","itemListElement":[{"@type":"ListItem","position":1,"name":"Home","item":"https:\/\/now-news.de\/de\/"},{"@type":"ListItem","position":2,"name":"Platzeck wirbt f\u00fcr mehr Diplomatie im Ukraine-Krieg"}]},{"@type":"WebSite","@id":"https:\/\/now-news.de\/de\/#website","url":"https:\/\/now-news.de\/de\/","name":"just-now.NEWS Deutschland","description":"Das Portal f\u00fcr unzensierte Nachrichten aus der Welt","publisher":{"@id":"https:\/\/now-news.de\/de\/#organization"},"potentialAction":[{"@type":"SearchAction","target":{"@type":"EntryPoint","urlTemplate":"https:\/\/now-news.de\/de\/?s={search_term_string}"},"query-input":"required name=search_term_string"}],"inLanguage":"de"},{"@type":"Organization","@id":"https:\/\/now-news.de\/de\/#organization","name":"Just Now News","url":"https:\/\/now-news.de\/de\/","logo":{"@type":"ImageObject","inLanguage":"de","@id":"https:\/\/now-news.de\/de\/#\/schema\/logo\/image\/","url":"http:\/\/just-now.news\/de\/wp-content\/uploads\/sites\/3\/2022\/04\/logo500x500.jpg","contentUrl":"http:\/\/just-now.news\/de\/wp-content\/uploads\/sites\/3\/2022\/04\/logo500x500.jpg","width":500,"height":500,"caption":"Just Now News"},"image":{"@id":"https:\/\/now-news.de\/de\/#\/schema\/logo\/image\/"},"sameAs":["https:\/\/www.facebook.com\/wirmachenauf","https:\/\/x.com\/WirMachenAuf_de"]},{"@type":"Person","@id":"https:\/\/now-news.de\/de\/#\/schema\/person\/fb534a4e865501d8b3285208df34a9b5","name":"rtnews","image":{"@type":"ImageObject","inLanguage":"de","@id":"https:\/\/now-news.de\/de\/#\/schema\/person\/image\/","url":"https:\/\/secure.gravatar.com\/avatar\/82aafea7d8127119dd649515f56e2117?s=96&d=mm&r=g","contentUrl":"https:\/\/secure.gravatar.com\/avatar\/82aafea7d8127119dd649515f56e2117?s=96&d=mm&r=g","caption":"rtnews"},"url":"https:\/\/now-news.de\/de\/author\/rnews\/"}]}},"_links":{"self":[{"href":"https:\/\/now-news.de\/de\/wp-json\/wp\/v2\/posts\/48500"}],"collection":[{"href":"https:\/\/now-news.de\/de\/wp-json\/wp\/v2\/posts"}],"about":[{"href":"https:\/\/now-news.de\/de\/wp-json\/wp\/v2\/types\/post"}],"author":[{"embeddable":true,"href":"https:\/\/now-news.de\/de\/wp-json\/wp\/v2\/users\/3"}],"replies":[{"embeddable":true,"href":"https:\/\/now-news.de\/de\/wp-json\/wp\/v2\/comments?post=48500"}],"version-history":[{"count":0,"href":"https:\/\/now-news.de\/de\/wp-json\/wp\/v2\/posts\/48500\/revisions"}],"wp:featuredmedia":[{"embeddable":true,"href":"https:\/\/now-news.de\/de\/wp-json\/wp\/v2\/media\/48501"}],"wp:attachment":[{"href":"https:\/\/now-news.de\/de\/wp-json\/wp\/v2\/media?parent=48500"}],"wp:term":[{"taxonomy":"category","embeddable":true,"href":"https:\/\/now-news.de\/de\/wp-json\/wp\/v2\/categories?post=48500"},{"taxonomy":"post_tag","embeddable":true,"href":"https:\/\/now-news.de\/de\/wp-json\/wp\/v2\/tags?post=48500"}],"curies":[{"name":"wp","href":"https:\/\/api.w.org\/{rel}","templated":true}]}}