{"id":48480,"date":"2023-10-21T09:22:55","date_gmt":"2023-10-21T07:22:55","guid":{"rendered":"https:\/\/just-now.news\/de\/deutschland\/terrorist-von-bruessel-beantragte-vergebens-asyl-in-vier-eu-staaten-dennoch-wurde-er-geduldet\/"},"modified":"2023-10-21T09:22:55","modified_gmt":"2023-10-21T07:22:55","slug":"terrorist-von-bruessel-beantragte-vergebens-asyl-in-vier-eu-staaten-dennoch-wurde-er-geduldet","status":"publish","type":"post","link":"https:\/\/now-news.de\/de\/deutschland\/terrorist-von-bruessel-beantragte-vergebens-asyl-in-vier-eu-staaten-dennoch-wurde-er-geduldet\/","title":{"rendered":"Terrorist von Br\u00fcssel beantragte vergebens Asyl in vier EU-Staaten \u2013 dennoch wurde er geduldet"},"content":{"rendered":"<p><img decoding=\"async\" src=\"http:\/\/just-now.news\/de\/wp-content\/uploads\/sites\/3\/2023\/10\/6532d0de48fbef54cd2c5b52.jpg\" \/><\/p>\n<div class=\"Text-root Text-type_1 \">\n                Der islamistische Attent\u00e4ter, der in Br\u00fcssel am Dienstag zwei schwedische Fu\u00dfballfans erschossen hat, hatte in den vergangenen Jahren in vier verschiedenen europ\u00e4ischen L\u00e4ndern Asyl beantragt \u2013 abgeschoben wurde er dennoch nicht.\n            <\/div>\n<p><\/p>\n<div class=\"Text-root Text-type_5 ArticleView-text ViewText-root \">\n<p>Wie die <em>Welt<\/em> am Freitag <a rel=\"nofollow noopener\" target=\"_blank\" href=\"https:\/\/www.welt.de\/vermischtes\/kriminalitaet\/article248088648\/Anschlag-in-Bruessel-Attentaeter-beantragte-Asyl-in-vier-EU-Staaten.html\">berichtet<\/a>, hat der islamistische\u00a0Terrorist, der in Br\u00fcssel am Dienstag zwei schwedische Fu\u00dfballfans erschossen hat, in den vergangenen Jahren in vier verschiedenen europ\u00e4ischen L\u00e4ndern Asyl beantragt, darunter mehrere EU-L\u00e4nder. Vor einem Asylantrag in Belgien vor vier Jahren habe der Tunesier bereits 2011 in Norwegen, 2012 in Schweden und 2014 in Italien Asyl beantragt,\u00a0teilte die belgische Regierung am Donnerstag mit.<\/p>\n<p>Das Kuriose: S\u00e4mtliche Antr\u00e4ge seien abgelehnt worden,\u00a0da der Tunesier als nicht schutzbed\u00fcrftig eingestuft wurde, sagte Migrations-Staatssekret\u00e4rin Nicole de Moor. Sie forderte daher zum wiederholten Male eine konsequentere Abschiebepolitik innerhalb der EU.<\/p>\n<p>Der\u00a045-j\u00e4hrige Tunesier hatte am Montagabend vor einem EM-Qualifikationsspiel zwischen Belgien und Schweden in Br\u00fcssel zwei schwedische Fans erschossen und zwei weitere Menschen verletzt. Der T\u00e4ter konnte zun\u00e4chst fl\u00fcchten, am Dienstag wurde er von der belgischen Polizei aufgesp\u00fcrt und erschossen. Der Islamische Staat (IS) reklamierte den Anschlag zuletzt f\u00fcr sich. Eine angebliche Spur nach Komplizen in Dresden konnte die Polizei am Abend nicht <a rel=\"nofollow noopener\" target=\"_blank\" href=\"https:\/\/www.sueddeutsche.de\/politik\/terrorismus-bruessel-terroranschlag-in-bruessel-polizei-sucht-kontaktperson-auf-dpa.urn-newsml-dpa-com-20090101-231020-99-639040\">best\u00e4tigen<\/a>.\u00a0<\/p>\n<p><strong>Mehr zum Thema<\/strong> &#8211; <a rel=\"nofollow noopener\" target=\"_blank\" href=\"https:\/\/freedert.online\/kurzclips\/video\/184023-attentat-in-bruessel-verdaechtiger-erschossen\/\">Attentat in Br\u00fcssel: Verd\u00e4chtiger bei Schusswechsel mit Polizei get\u00f6tet<\/a><\/p>\n<\/div>\n<p><br \/>\n<br \/><a href=\"https:\/\/de.rt.com\/international\/184473-terrorist-von-bruessel-beantragte-vergebens\/\">Source link <\/a><\/p>\n","protected":false},"excerpt":{"rendered":"<p>Der islamistische Attent\u00e4ter, der in Br\u00fcssel am Dienstag zwei schwedische Fu\u00dfballfans erschossen hat, hatte in den vergangenen Jahren in vier verschiedenen europ\u00e4ischen L\u00e4ndern Asyl beantragt \u2013 abgeschoben wurde er dennoch nicht. Wie die Welt am Freitag berichtet, hat der islamistische\u00a0Terrorist, der in Br\u00fcssel am Dienstag zwei schwedische Fu\u00dfballfans erschossen hat, in den vergangenen Jahren in [&hellip;]<\/p>\n","protected":false},"author":3,"featured_media":48481,"comment_status":"open","ping_status":"open","sticky":false,"template":"","format":"standard","meta":{"_yoast_indexnow_last_ping":["1697873878"],"wp_automatic_camp":["217"],"d7838554e56f48448def141e593a6709":["Terrorist von Br\u00fcssel beantragte vergebens Asyl in vier EU-Staaten \u2013 dennoch wurde er geduldet"],"original_link":["https:\/\/de.rt.com\/international\/184473-terrorist-von-bruessel-beantragte-vergebens\/"],"_thumbnail_id":["48481"],"_wptgpro_p2tg_sent2tg":["a:1:{i:23737;s:19:\"2023-10-21 09:38:59\";}"],"jnews_social_counter_last_update":["1777567351"]},"categories":[19,23],"tags":[23273,49969,17026,28893,35288,49970,33286,35650,3232,50,528],"yoast_head":"<!-- This site is optimized with the Yoast SEO Premium plugin v22.7 (Yoast SEO v22.7) - https:\/\/yoast.com\/wordpress\/plugins\/seo\/ -->\n<title>Terrorist von Br\u00fcssel beantragte vergebens Asyl in vier EU-Staaten \u2013 dennoch wurde er geduldet - just-now.NEWS Deutschland<\/title>\n<meta name=\"robots\" content=\"index, follow, max-snippet:-1, max-image-preview:large, max-video-preview:-1\" \/>\n<link rel=\"canonical\" href=\"https:\/\/now-news.de\/de\/deutschland\/terrorist-von-bruessel-beantragte-vergebens-asyl-in-vier-eu-staaten-dennoch-wurde-er-geduldet\/\" \/>\n<meta property=\"og:locale\" content=\"de_DE\" \/>\n<meta property=\"og:type\" content=\"article\" \/>\n<meta property=\"og:title\" content=\"Terrorist von Br\u00fcssel beantragte vergebens Asyl in vier EU-Staaten \u2013 dennoch wurde er geduldet\" \/>\n<meta property=\"og:description\" content=\"Der islamistische Attent\u00e4ter, der in Br\u00fcssel am Dienstag zwei schwedische Fu\u00dfballfans erschossen hat, hatte in den vergangenen Jahren in vier verschiedenen europ\u00e4ischen L\u00e4ndern Asyl beantragt \u2013 abgeschoben wurde er dennoch nicht. Wie die Welt am Freitag berichtet, hat der islamistische\u00a0Terrorist, der in Br\u00fcssel am Dienstag zwei schwedische Fu\u00dfballfans erschossen hat, in den vergangenen Jahren in [&hellip;]\" \/>\n<meta property=\"og:url\" content=\"https:\/\/now-news.de\/de\/deutschland\/terrorist-von-bruessel-beantragte-vergebens-asyl-in-vier-eu-staaten-dennoch-wurde-er-geduldet\/\" \/>\n<meta property=\"og:site_name\" content=\"just-now.NEWS Deutschland\" \/>\n<meta property=\"article:publisher\" content=\"https:\/\/www.facebook.com\/wirmachenauf\" \/>\n<meta property=\"article:published_time\" content=\"2023-10-21T07:22:55+00:00\" \/>\n<meta property=\"og:image\" content=\"https:\/\/now-news.de\/de\/wp-content\/uploads\/sites\/3\/2023\/10\/Terrorist-von-Bruessel-beantragte-vergebens-Asyl-in-vier-EU-Staaten-\u2013.jpg\" \/>\n\t<meta property=\"og:image:width\" content=\"460\" \/>\n\t<meta property=\"og:image:height\" content=\"259\" \/>\n\t<meta property=\"og:image:type\" content=\"image\/jpeg\" \/>\n<meta name=\"author\" content=\"rtnews\" \/>\n<meta name=\"twitter:card\" content=\"summary_large_image\" \/>\n<meta name=\"twitter:creator\" content=\"@WirMachenAuf_de\" \/>\n<meta name=\"twitter:site\" content=\"@WirMachenAuf_de\" \/>\n<meta name=\"twitter:label1\" content=\"Verfasst von\" \/>\n\t<meta name=\"twitter:data1\" content=\"rtnews\" \/>\n\t<meta name=\"twitter:label2\" content=\"Gesch\u00e4tzte Lesezeit\" \/>\n\t<meta name=\"twitter:data2\" content=\"1\u00a0Minute\" \/>\n<script type=\"application\/ld+json\" class=\"yoast-schema-graph\">{\"@context\":\"https:\/\/schema.org\",\"@graph\":[{\"@type\":\"Article\",\"@id\":\"https:\/\/now-news.de\/de\/deutschland\/terrorist-von-bruessel-beantragte-vergebens-asyl-in-vier-eu-staaten-dennoch-wurde-er-geduldet\/#article\",\"isPartOf\":{\"@id\":\"https:\/\/now-news.de\/de\/deutschland\/terrorist-von-bruessel-beantragte-vergebens-asyl-in-vier-eu-staaten-dennoch-wurde-er-geduldet\/\"},\"author\":{\"name\":\"rtnews\",\"@id\":\"https:\/\/now-news.de\/de\/#\/schema\/person\/fb534a4e865501d8b3285208df34a9b5\"},\"headline\":\"Terrorist von Br\u00fcssel beantragte vergebens Asyl in vier EU-Staaten \u2013 dennoch wurde er geduldet\",\"datePublished\":\"2023-10-21T07:22:55+00:00\",\"dateModified\":\"2023-10-21T07:22:55+00:00\",\"mainEntityOfPage\":{\"@id\":\"https:\/\/now-news.de\/de\/deutschland\/terrorist-von-bruessel-beantragte-vergebens-asyl-in-vier-eu-staaten-dennoch-wurde-er-geduldet\/\"},\"wordCount\":243,\"commentCount\":0,\"publisher\":{\"@id\":\"https:\/\/now-news.de\/de\/#organization\"},\"image\":{\"@id\":\"https:\/\/now-news.de\/de\/deutschland\/terrorist-von-bruessel-beantragte-vergebens-asyl-in-vier-eu-staaten-dennoch-wurde-er-geduldet\/#primaryimage\"},\"thumbnailUrl\":\"https:\/\/now-news.de\/de\/wp-content\/uploads\/sites\/3\/2023\/10\/Terrorist-von-Bruessel-beantragte-vergebens-Asyl-in-vier-EU-Staaten-\u2013.jpg\",\"keywords\":[\"ASYL\",\"beantragte\",\"Br\u00fcssel\",\"dennoch\",\"EUStaaten\",\"geduldet\",\"Terrorist\",\"vergebens\",\"vier\",\"von\",\"wurde\"],\"articleSection\":[\"Deutschland\",\"Russland\"],\"inLanguage\":\"de\",\"potentialAction\":[{\"@type\":\"CommentAction\",\"name\":\"Comment\",\"target\":[\"https:\/\/now-news.de\/de\/deutschland\/terrorist-von-bruessel-beantragte-vergebens-asyl-in-vier-eu-staaten-dennoch-wurde-er-geduldet\/#respond\"]}]},{\"@type\":\"WebPage\",\"@id\":\"https:\/\/now-news.de\/de\/deutschland\/terrorist-von-bruessel-beantragte-vergebens-asyl-in-vier-eu-staaten-dennoch-wurde-er-geduldet\/\",\"url\":\"https:\/\/now-news.de\/de\/deutschland\/terrorist-von-bruessel-beantragte-vergebens-asyl-in-vier-eu-staaten-dennoch-wurde-er-geduldet\/\",\"name\":\"Terrorist von Br\u00fcssel beantragte vergebens Asyl in vier EU-Staaten \u2013 dennoch wurde er geduldet - just-now.NEWS Deutschland\",\"isPartOf\":{\"@id\":\"https:\/\/now-news.de\/de\/#website\"},\"primaryImageOfPage\":{\"@id\":\"https:\/\/now-news.de\/de\/deutschland\/terrorist-von-bruessel-beantragte-vergebens-asyl-in-vier-eu-staaten-dennoch-wurde-er-geduldet\/#primaryimage\"},\"image\":{\"@id\":\"https:\/\/now-news.de\/de\/deutschland\/terrorist-von-bruessel-beantragte-vergebens-asyl-in-vier-eu-staaten-dennoch-wurde-er-geduldet\/#primaryimage\"},\"thumbnailUrl\":\"https:\/\/now-news.de\/de\/wp-content\/uploads\/sites\/3\/2023\/10\/Terrorist-von-Bruessel-beantragte-vergebens-Asyl-in-vier-EU-Staaten-\u2013.jpg\",\"datePublished\":\"2023-10-21T07:22:55+00:00\",\"dateModified\":\"2023-10-21T07:22:55+00:00\",\"breadcrumb\":{\"@id\":\"https:\/\/now-news.de\/de\/deutschland\/terrorist-von-bruessel-beantragte-vergebens-asyl-in-vier-eu-staaten-dennoch-wurde-er-geduldet\/#breadcrumb\"},\"inLanguage\":\"de\",\"potentialAction\":[{\"@type\":\"ReadAction\",\"target\":[\"https:\/\/now-news.de\/de\/deutschland\/terrorist-von-bruessel-beantragte-vergebens-asyl-in-vier-eu-staaten-dennoch-wurde-er-geduldet\/\"]}]},{\"@type\":\"ImageObject\",\"inLanguage\":\"de\",\"@id\":\"https:\/\/now-news.de\/de\/deutschland\/terrorist-von-bruessel-beantragte-vergebens-asyl-in-vier-eu-staaten-dennoch-wurde-er-geduldet\/#primaryimage\",\"url\":\"https:\/\/now-news.de\/de\/wp-content\/uploads\/sites\/3\/2023\/10\/Terrorist-von-Bruessel-beantragte-vergebens-Asyl-in-vier-EU-Staaten-\u2013.jpg\",\"contentUrl\":\"https:\/\/now-news.de\/de\/wp-content\/uploads\/sites\/3\/2023\/10\/Terrorist-von-Bruessel-beantragte-vergebens-Asyl-in-vier-EU-Staaten-\u2013.jpg\",\"width\":460,\"height\":259,\"caption\":\"Terrorist von Br\u00fcssel beantragte vergebens Asyl in vier EU-Staaten \u2013 dennoch wurde er geduldet\"},{\"@type\":\"BreadcrumbList\",\"@id\":\"https:\/\/now-news.de\/de\/deutschland\/terrorist-von-bruessel-beantragte-vergebens-asyl-in-vier-eu-staaten-dennoch-wurde-er-geduldet\/#breadcrumb\",\"itemListElement\":[{\"@type\":\"ListItem\",\"position\":1,\"name\":\"Home\",\"item\":\"https:\/\/now-news.de\/de\/\"},{\"@type\":\"ListItem\",\"position\":2,\"name\":\"Terrorist von Br\u00fcssel beantragte vergebens Asyl in vier EU-Staaten \u2013 dennoch wurde er geduldet\"}]},{\"@type\":\"WebSite\",\"@id\":\"https:\/\/now-news.de\/de\/#website\",\"url\":\"https:\/\/now-news.de\/de\/\",\"name\":\"just-now.NEWS Deutschland\",\"description\":\"Das Portal f\u00fcr unzensierte Nachrichten aus der Welt\",\"publisher\":{\"@id\":\"https:\/\/now-news.de\/de\/#organization\"},\"potentialAction\":[{\"@type\":\"SearchAction\",\"target\":{\"@type\":\"EntryPoint\",\"urlTemplate\":\"https:\/\/now-news.de\/de\/?s={search_term_string}\"},\"query-input\":\"required name=search_term_string\"}],\"inLanguage\":\"de\"},{\"@type\":\"Organization\",\"@id\":\"https:\/\/now-news.de\/de\/#organization\",\"name\":\"Just Now News\",\"url\":\"https:\/\/now-news.de\/de\/\",\"logo\":{\"@type\":\"ImageObject\",\"inLanguage\":\"de\",\"@id\":\"https:\/\/now-news.de\/de\/#\/schema\/logo\/image\/\",\"url\":\"http:\/\/just-now.news\/de\/wp-content\/uploads\/sites\/3\/2022\/04\/logo500x500.jpg\",\"contentUrl\":\"http:\/\/just-now.news\/de\/wp-content\/uploads\/sites\/3\/2022\/04\/logo500x500.jpg\",\"width\":500,\"height\":500,\"caption\":\"Just Now News\"},\"image\":{\"@id\":\"https:\/\/now-news.de\/de\/#\/schema\/logo\/image\/\"},\"sameAs\":[\"https:\/\/www.facebook.com\/wirmachenauf\",\"https:\/\/x.com\/WirMachenAuf_de\"]},{\"@type\":\"Person\",\"@id\":\"https:\/\/now-news.de\/de\/#\/schema\/person\/fb534a4e865501d8b3285208df34a9b5\",\"name\":\"rtnews\",\"image\":{\"@type\":\"ImageObject\",\"inLanguage\":\"de\",\"@id\":\"https:\/\/now-news.de\/de\/#\/schema\/person\/image\/\",\"url\":\"https:\/\/secure.gravatar.com\/avatar\/82aafea7d8127119dd649515f56e2117?s=96&d=mm&r=g\",\"contentUrl\":\"https:\/\/secure.gravatar.com\/avatar\/82aafea7d8127119dd649515f56e2117?s=96&d=mm&r=g\",\"caption\":\"rtnews\"},\"url\":\"https:\/\/now-news.de\/de\/author\/rnews\/\"}]}<\/script>\n<!-- \/ Yoast SEO Premium plugin. -->","yoast_head_json":{"title":"Terrorist von Br\u00fcssel beantragte vergebens Asyl in vier EU-Staaten \u2013 dennoch wurde er geduldet - just-now.NEWS Deutschland","robots":{"index":"index","follow":"follow","max-snippet":"max-snippet:-1","max-image-preview":"max-image-preview:large","max-video-preview":"max-video-preview:-1"},"canonical":"https:\/\/now-news.de\/de\/deutschland\/terrorist-von-bruessel-beantragte-vergebens-asyl-in-vier-eu-staaten-dennoch-wurde-er-geduldet\/","og_locale":"de_DE","og_type":"article","og_title":"Terrorist von Br\u00fcssel beantragte vergebens Asyl in vier EU-Staaten \u2013 dennoch wurde er geduldet","og_description":"Der islamistische Attent\u00e4ter, der in Br\u00fcssel am Dienstag zwei schwedische Fu\u00dfballfans erschossen hat, hatte in den vergangenen Jahren in vier verschiedenen europ\u00e4ischen L\u00e4ndern Asyl beantragt \u2013 abgeschoben wurde er dennoch nicht. Wie die Welt am Freitag berichtet, hat der islamistische\u00a0Terrorist, der in Br\u00fcssel am Dienstag zwei schwedische Fu\u00dfballfans erschossen hat, in den vergangenen Jahren in [&hellip;]","og_url":"https:\/\/now-news.de\/de\/deutschland\/terrorist-von-bruessel-beantragte-vergebens-asyl-in-vier-eu-staaten-dennoch-wurde-er-geduldet\/","og_site_name":"just-now.NEWS Deutschland","article_publisher":"https:\/\/www.facebook.com\/wirmachenauf","article_published_time":"2023-10-21T07:22:55+00:00","og_image":[{"width":460,"height":259,"url":"https:\/\/now-news.de\/de\/wp-content\/uploads\/sites\/3\/2023\/10\/Terrorist-von-Bruessel-beantragte-vergebens-Asyl-in-vier-EU-Staaten-\u2013.jpg","type":"image\/jpeg"}],"author":"rtnews","twitter_card":"summary_large_image","twitter_creator":"@WirMachenAuf_de","twitter_site":"@WirMachenAuf_de","twitter_misc":{"Verfasst von":"rtnews","Gesch\u00e4tzte Lesezeit":"1\u00a0Minute"},"schema":{"@context":"https:\/\/schema.org","@graph":[{"@type":"Article","@id":"https:\/\/now-news.de\/de\/deutschland\/terrorist-von-bruessel-beantragte-vergebens-asyl-in-vier-eu-staaten-dennoch-wurde-er-geduldet\/#article","isPartOf":{"@id":"https:\/\/now-news.de\/de\/deutschland\/terrorist-von-bruessel-beantragte-vergebens-asyl-in-vier-eu-staaten-dennoch-wurde-er-geduldet\/"},"author":{"name":"rtnews","@id":"https:\/\/now-news.de\/de\/#\/schema\/person\/fb534a4e865501d8b3285208df34a9b5"},"headline":"Terrorist von Br\u00fcssel beantragte vergebens Asyl in vier EU-Staaten \u2013 dennoch wurde er geduldet","datePublished":"2023-10-21T07:22:55+00:00","dateModified":"2023-10-21T07:22:55+00:00","mainEntityOfPage":{"@id":"https:\/\/now-news.de\/de\/deutschland\/terrorist-von-bruessel-beantragte-vergebens-asyl-in-vier-eu-staaten-dennoch-wurde-er-geduldet\/"},"wordCount":243,"commentCount":0,"publisher":{"@id":"https:\/\/now-news.de\/de\/#organization"},"image":{"@id":"https:\/\/now-news.de\/de\/deutschland\/terrorist-von-bruessel-beantragte-vergebens-asyl-in-vier-eu-staaten-dennoch-wurde-er-geduldet\/#primaryimage"},"thumbnailUrl":"https:\/\/now-news.de\/de\/wp-content\/uploads\/sites\/3\/2023\/10\/Terrorist-von-Bruessel-beantragte-vergebens-Asyl-in-vier-EU-Staaten-\u2013.jpg","keywords":["ASYL","beantragte","Br\u00fcssel","dennoch","EUStaaten","geduldet","Terrorist","vergebens","vier","von","wurde"],"articleSection":["Deutschland","Russland"],"inLanguage":"de","potentialAction":[{"@type":"CommentAction","name":"Comment","target":["https:\/\/now-news.de\/de\/deutschland\/terrorist-von-bruessel-beantragte-vergebens-asyl-in-vier-eu-staaten-dennoch-wurde-er-geduldet\/#respond"]}]},{"@type":"WebPage","@id":"https:\/\/now-news.de\/de\/deutschland\/terrorist-von-bruessel-beantragte-vergebens-asyl-in-vier-eu-staaten-dennoch-wurde-er-geduldet\/","url":"https:\/\/now-news.de\/de\/deutschland\/terrorist-von-bruessel-beantragte-vergebens-asyl-in-vier-eu-staaten-dennoch-wurde-er-geduldet\/","name":"Terrorist von Br\u00fcssel beantragte vergebens Asyl in vier EU-Staaten \u2013 dennoch wurde er geduldet - just-now.NEWS Deutschland","isPartOf":{"@id":"https:\/\/now-news.de\/de\/#website"},"primaryImageOfPage":{"@id":"https:\/\/now-news.de\/de\/deutschland\/terrorist-von-bruessel-beantragte-vergebens-asyl-in-vier-eu-staaten-dennoch-wurde-er-geduldet\/#primaryimage"},"image":{"@id":"https:\/\/now-news.de\/de\/deutschland\/terrorist-von-bruessel-beantragte-vergebens-asyl-in-vier-eu-staaten-dennoch-wurde-er-geduldet\/#primaryimage"},"thumbnailUrl":"https:\/\/now-news.de\/de\/wp-content\/uploads\/sites\/3\/2023\/10\/Terrorist-von-Bruessel-beantragte-vergebens-Asyl-in-vier-EU-Staaten-\u2013.jpg","datePublished":"2023-10-21T07:22:55+00:00","dateModified":"2023-10-21T07:22:55+00:00","breadcrumb":{"@id":"https:\/\/now-news.de\/de\/deutschland\/terrorist-von-bruessel-beantragte-vergebens-asyl-in-vier-eu-staaten-dennoch-wurde-er-geduldet\/#breadcrumb"},"inLanguage":"de","potentialAction":[{"@type":"ReadAction","target":["https:\/\/now-news.de\/de\/deutschland\/terrorist-von-bruessel-beantragte-vergebens-asyl-in-vier-eu-staaten-dennoch-wurde-er-geduldet\/"]}]},{"@type":"ImageObject","inLanguage":"de","@id":"https:\/\/now-news.de\/de\/deutschland\/terrorist-von-bruessel-beantragte-vergebens-asyl-in-vier-eu-staaten-dennoch-wurde-er-geduldet\/#primaryimage","url":"https:\/\/now-news.de\/de\/wp-content\/uploads\/sites\/3\/2023\/10\/Terrorist-von-Bruessel-beantragte-vergebens-Asyl-in-vier-EU-Staaten-\u2013.jpg","contentUrl":"https:\/\/now-news.de\/de\/wp-content\/uploads\/sites\/3\/2023\/10\/Terrorist-von-Bruessel-beantragte-vergebens-Asyl-in-vier-EU-Staaten-\u2013.jpg","width":460,"height":259,"caption":"Terrorist von Br\u00fcssel beantragte vergebens Asyl in vier EU-Staaten \u2013 dennoch wurde er geduldet"},{"@type":"BreadcrumbList","@id":"https:\/\/now-news.de\/de\/deutschland\/terrorist-von-bruessel-beantragte-vergebens-asyl-in-vier-eu-staaten-dennoch-wurde-er-geduldet\/#breadcrumb","itemListElement":[{"@type":"ListItem","position":1,"name":"Home","item":"https:\/\/now-news.de\/de\/"},{"@type":"ListItem","position":2,"name":"Terrorist von Br\u00fcssel beantragte vergebens Asyl in vier EU-Staaten \u2013 dennoch wurde er geduldet"}]},{"@type":"WebSite","@id":"https:\/\/now-news.de\/de\/#website","url":"https:\/\/now-news.de\/de\/","name":"just-now.NEWS Deutschland","description":"Das Portal f\u00fcr unzensierte Nachrichten aus der Welt","publisher":{"@id":"https:\/\/now-news.de\/de\/#organization"},"potentialAction":[{"@type":"SearchAction","target":{"@type":"EntryPoint","urlTemplate":"https:\/\/now-news.de\/de\/?s={search_term_string}"},"query-input":"required name=search_term_string"}],"inLanguage":"de"},{"@type":"Organization","@id":"https:\/\/now-news.de\/de\/#organization","name":"Just Now News","url":"https:\/\/now-news.de\/de\/","logo":{"@type":"ImageObject","inLanguage":"de","@id":"https:\/\/now-news.de\/de\/#\/schema\/logo\/image\/","url":"http:\/\/just-now.news\/de\/wp-content\/uploads\/sites\/3\/2022\/04\/logo500x500.jpg","contentUrl":"http:\/\/just-now.news\/de\/wp-content\/uploads\/sites\/3\/2022\/04\/logo500x500.jpg","width":500,"height":500,"caption":"Just Now News"},"image":{"@id":"https:\/\/now-news.de\/de\/#\/schema\/logo\/image\/"},"sameAs":["https:\/\/www.facebook.com\/wirmachenauf","https:\/\/x.com\/WirMachenAuf_de"]},{"@type":"Person","@id":"https:\/\/now-news.de\/de\/#\/schema\/person\/fb534a4e865501d8b3285208df34a9b5","name":"rtnews","image":{"@type":"ImageObject","inLanguage":"de","@id":"https:\/\/now-news.de\/de\/#\/schema\/person\/image\/","url":"https:\/\/secure.gravatar.com\/avatar\/82aafea7d8127119dd649515f56e2117?s=96&d=mm&r=g","contentUrl":"https:\/\/secure.gravatar.com\/avatar\/82aafea7d8127119dd649515f56e2117?s=96&d=mm&r=g","caption":"rtnews"},"url":"https:\/\/now-news.de\/de\/author\/rnews\/"}]}},"_links":{"self":[{"href":"https:\/\/now-news.de\/de\/wp-json\/wp\/v2\/posts\/48480"}],"collection":[{"href":"https:\/\/now-news.de\/de\/wp-json\/wp\/v2\/posts"}],"about":[{"href":"https:\/\/now-news.de\/de\/wp-json\/wp\/v2\/types\/post"}],"author":[{"embeddable":true,"href":"https:\/\/now-news.de\/de\/wp-json\/wp\/v2\/users\/3"}],"replies":[{"embeddable":true,"href":"https:\/\/now-news.de\/de\/wp-json\/wp\/v2\/comments?post=48480"}],"version-history":[{"count":0,"href":"https:\/\/now-news.de\/de\/wp-json\/wp\/v2\/posts\/48480\/revisions"}],"wp:featuredmedia":[{"embeddable":true,"href":"https:\/\/now-news.de\/de\/wp-json\/wp\/v2\/media\/48481"}],"wp:attachment":[{"href":"https:\/\/now-news.de\/de\/wp-json\/wp\/v2\/media?parent=48480"}],"wp:term":[{"taxonomy":"category","embeddable":true,"href":"https:\/\/now-news.de\/de\/wp-json\/wp\/v2\/categories?post=48480"},{"taxonomy":"post_tag","embeddable":true,"href":"https:\/\/now-news.de\/de\/wp-json\/wp\/v2\/tags?post=48480"}],"curies":[{"name":"wp","href":"https:\/\/api.w.org\/{rel}","templated":true}]}}