{"id":48454,"date":"2023-10-20T13:52:12","date_gmt":"2023-10-20T11:52:12","guid":{"rendered":"https:\/\/just-now.news\/de\/deutschland\/ft-der-westen-verliert-den-globalen-sueden-wegen-seiner-haltung-zu-israel\/"},"modified":"2023-10-20T13:52:12","modified_gmt":"2023-10-20T11:52:12","slug":"ft-der-westen-verliert-den-globalen-sueden-wegen-seiner-haltung-zu-israel","status":"publish","type":"post","link":"https:\/\/now-news.de\/de\/deutschland\/ft-der-westen-verliert-den-globalen-sueden-wegen-seiner-haltung-zu-israel\/","title":{"rendered":"FT: Der Westen verliert den globalen S\u00fcden \u2013 wegen seiner Haltung zu Israel"},"content":{"rendered":"<p><img decoding=\"async\" src=\"http:\/\/just-now.news\/de\/wp-content\/uploads\/sites\/3\/2023\/10\/6531304048fbef2eb859019b.jpg\" \/><\/p>\n<div class=\"Text-root Text-type_1 \">\n                Die Zeitung Financial Times hat unter Berufung auf mehrere Quellen berichtet, dass der Westen mit seiner Unterst\u00fctzung f\u00fcr Israel den globalen S\u00fcden verloren hat. Mit dem Einsatz f\u00fcr die Ukraine, aber nicht f\u00fcr Pal\u00e4stina zeigen sich Europa und die USA als Heuchler.\n            <\/div>\n<p><\/p>\n<div class=\"Text-root Text-type_5 ArticleView-text ViewText-root \">\n<p>Vor dem Hintergrund der Eskalation zwischen Israel und der pal\u00e4stinensischen Hamas hat der Westen laut einem Bericht der Zeitung <em>Financial Times<\/em> vom Mittwoch den Kampf um den sogenannten globalen S\u00fcden verloren. Unter Berufung auf mehr als ein Dutzend Beamte teilte die Zeitung mit, dass die Versuche der USA und ihrer Verb\u00fcndeten, Moskau als globalen Au\u00dfenseiter darzustellen, durch ihre Unterst\u00fctzung der israelischen Vergeltungsma\u00dfnahmen gegen die Hamas in Gaza &#8220;vergiftet&#8221; worden seien.<\/p>\n<p>Der Westen habe den Ukraine-Konflikt lange Zeit als Akt unprovozierter Aggression bezeichnet und Moskau die Verantwortung f\u00fcr das Leiden der Zivilbev\u00f6lkerung zugeschrieben, so die Zeitung weiter. Dieselben L\u00e4nder sollen jedoch nicht bereit sein, Israel zur Zur\u00fcckhaltung im Kampf gegen die im Gazastreifen beheimatete Hamas aufzurufen und dies zur Bedingung f\u00fcr ihre Unterst\u00fctzung zu erkl\u00e4ren. Unter den sch\u00e4rfsten Ma\u00dfnahmen, die Tel Aviv bisher gegen Gaza ergriffen habe, sei die Unterbrechung der Versorgung der Enklave mit lebenswichtigen G\u00fctern. In diesem Zusammenhang erkl\u00e4rte ein hochrangiger G7-Diplomat gegen\u00fcber der Zeitung wie folgt:<\/p>\n<blockquote>\n<p><em>&#8220;Wir haben die Schlacht im Globalen S\u00fcden definitiv verloren. Die ganze Arbeit, die wir mit dem Globalen S\u00fcden in Bezug auf die Ukraine geleistet haben, ist verloren. Vergessen Sie die Regeln, vergessen Sie die Weltordnung. Sie werden uns nie wieder zuh\u00f6ren.&#8221;<\/em><\/p>\n<\/blockquote>\n<p>Weiter betonte der Beamte, was der Westen \u00fcber die Ukraine gesagt habe, m\u00fcsse auch f\u00fcr Gaza gelten. Sonst werde alle Glaubw\u00fcrdigkeit verloren, und L\u00e4nder wie Brasilien, S\u00fcdafrika und Indonesien w\u00fcrden niemals wieder Worten \u00fcber Menschenrechte glauben. Ein arabischer Beamter bemerkte mittlerweile einen offensichtlichen Mangel an Konsequenz, wobei das Abschneiden der Versorgung mit Wasser, Lebensmitteln und Strom in der Ukraine als Kriegsverbrechen bezeichnet werde und in Gaza nicht.<\/p>\n<p>In dieser Woche war der\u00a0von Russland vorgeschlagene Resolutionsentwurf, in dem die Gewalt gegen Zivilisten in Gaza verurteilt und ein Waffenstillstand gefordert wurden, vom UN-Sicherheitsrat abgelehnt worden. Ferner legten die USA gegen einen weiteren, von Brasilien eingereichten Entwurf ihr Veto ein. Russland enthielt sich bei dem zweiten Vorschlag der Stimme, nachdem sein \u00c4nderungsantrag zur Waffenruhe abgelehnt worden war.<\/p>\n<p><strong>Mehr zum Thema\u00a0\u2013<\/strong>\u00a0<a rel=\"nofollow noopener\" target=\"_blank\" href=\"https:\/\/freedert.online\/der-nahe-osten\/184302-bericht-duestere-ausgangslage-fuer-israel\/\">Bericht: D\u00fcstere Ausgangslage f\u00fcr Israel bei Invasion des Gazastreifens<\/a><\/p>\n<div class=\"EmbedBlock-root EmbedBlock-externalVideo EmbedBlock-odysee\">\n<div class=\"VkEmbed\"><iframe class=\"lazyload\" data-src=\"https:\/\/odysee.com\/%24\/embed\/%40RTDE%3Ae%2FProteste_f%C3%BCr_Gaza%3A4\" frameborder=\"0\" width=\"853\" height=\"480\" allowfullscreen><\/iframe><\/div>\n<\/div>\n<\/div>\n<p><br \/>\n<br \/><a href=\"https:\/\/de.rt.com\/international\/184316-medien-westen-hat-globalen-sueden\/\">Source link <\/a><\/p>\n","protected":false},"excerpt":{"rendered":"<p>Die Zeitung Financial Times hat unter Berufung auf mehrere Quellen berichtet, dass der Westen mit seiner Unterst\u00fctzung f\u00fcr Israel den globalen S\u00fcden verloren hat. Mit dem Einsatz f\u00fcr die Ukraine, aber nicht f\u00fcr Pal\u00e4stina zeigen sich Europa und die USA als Heuchler. Vor dem Hintergrund der Eskalation zwischen Israel und der pal\u00e4stinensischen Hamas hat der [&hellip;]<\/p>\n","protected":false},"author":3,"featured_media":48455,"comment_status":"open","ping_status":"open","sticky":false,"template":"","format":"standard","meta":{"_yoast_indexnow_last_ping":["1697836259"],"wp_automatic_camp":["217"],"2b7cbf96dc6e3f9001f1c781bb8bc9d0":["FT: Der Westen verliert den globalen S\u00fcden \u2013 wegen seiner Haltung zu Israel"],"original_link":["https:\/\/de.rt.com\/international\/184316-medien-westen-hat-globalen-sueden\/"],"_thumbnail_id":["48455"],"_wptgpro_p2tg_sent2tg":["a:1:{i:23737;s:19:\"2023-10-20 23:11:59\";}"],"jnews_social_counter_last_update":["1777253037"]},"categories":[19,23],"tags":[48,82,7126,11704,432,1607,20317,11487,145,378],"yoast_head":"<!-- This site is optimized with the Yoast SEO Premium plugin v22.7 (Yoast SEO v22.7) - https:\/\/yoast.com\/wordpress\/plugins\/seo\/ -->\n<title>FT: Der Westen verliert den globalen S\u00fcden \u2013 wegen seiner Haltung zu Israel - just-now.NEWS Deutschland<\/title>\n<meta name=\"robots\" content=\"index, follow, max-snippet:-1, max-image-preview:large, max-video-preview:-1\" \/>\n<link rel=\"canonical\" href=\"https:\/\/now-news.de\/de\/deutschland\/ft-der-westen-verliert-den-globalen-sueden-wegen-seiner-haltung-zu-israel\/\" \/>\n<meta property=\"og:locale\" content=\"de_DE\" \/>\n<meta property=\"og:type\" content=\"article\" \/>\n<meta property=\"og:title\" content=\"FT: Der Westen verliert den globalen S\u00fcden \u2013 wegen seiner Haltung zu Israel\" \/>\n<meta property=\"og:description\" content=\"Die Zeitung Financial Times hat unter Berufung auf mehrere Quellen berichtet, dass der Westen mit seiner Unterst\u00fctzung f\u00fcr Israel den globalen S\u00fcden verloren hat. Mit dem Einsatz f\u00fcr die Ukraine, aber nicht f\u00fcr Pal\u00e4stina zeigen sich Europa und die USA als Heuchler. Vor dem Hintergrund der Eskalation zwischen Israel und der pal\u00e4stinensischen Hamas hat der [&hellip;]\" \/>\n<meta property=\"og:url\" content=\"https:\/\/now-news.de\/de\/deutschland\/ft-der-westen-verliert-den-globalen-sueden-wegen-seiner-haltung-zu-israel\/\" \/>\n<meta property=\"og:site_name\" content=\"just-now.NEWS Deutschland\" \/>\n<meta property=\"article:publisher\" content=\"https:\/\/www.facebook.com\/wirmachenauf\" \/>\n<meta property=\"article:published_time\" content=\"2023-10-20T11:52:12+00:00\" \/>\n<meta property=\"og:image\" content=\"https:\/\/now-news.de\/de\/wp-content\/uploads\/sites\/3\/2023\/10\/FT-Der-Westen-verliert-den-globalen-Sueden-\u2013-wegen-seiner.jpg\" \/>\n\t<meta property=\"og:image:width\" content=\"460\" \/>\n\t<meta property=\"og:image:height\" content=\"259\" \/>\n\t<meta property=\"og:image:type\" content=\"image\/jpeg\" \/>\n<meta name=\"author\" content=\"rtnews\" \/>\n<meta name=\"twitter:card\" content=\"summary_large_image\" \/>\n<meta name=\"twitter:creator\" content=\"@WirMachenAuf_de\" \/>\n<meta name=\"twitter:site\" content=\"@WirMachenAuf_de\" \/>\n<meta name=\"twitter:label1\" content=\"Verfasst von\" \/>\n\t<meta name=\"twitter:data1\" content=\"rtnews\" \/>\n\t<meta name=\"twitter:label2\" content=\"Gesch\u00e4tzte Lesezeit\" \/>\n\t<meta name=\"twitter:data2\" content=\"2\u00a0Minuten\" \/>\n<script type=\"application\/ld+json\" class=\"yoast-schema-graph\">{\"@context\":\"https:\/\/schema.org\",\"@graph\":[{\"@type\":\"Article\",\"@id\":\"https:\/\/now-news.de\/de\/deutschland\/ft-der-westen-verliert-den-globalen-sueden-wegen-seiner-haltung-zu-israel\/#article\",\"isPartOf\":{\"@id\":\"https:\/\/now-news.de\/de\/deutschland\/ft-der-westen-verliert-den-globalen-sueden-wegen-seiner-haltung-zu-israel\/\"},\"author\":{\"name\":\"rtnews\",\"@id\":\"https:\/\/now-news.de\/de\/#\/schema\/person\/fb534a4e865501d8b3285208df34a9b5\"},\"headline\":\"FT: Der Westen verliert den globalen S\u00fcden \u2013 wegen seiner Haltung zu Israel\",\"datePublished\":\"2023-10-20T11:52:12+00:00\",\"dateModified\":\"2023-10-20T11:52:12+00:00\",\"mainEntityOfPage\":{\"@id\":\"https:\/\/now-news.de\/de\/deutschland\/ft-der-westen-verliert-den-globalen-sueden-wegen-seiner-haltung-zu-israel\/\"},\"wordCount\":430,\"commentCount\":0,\"publisher\":{\"@id\":\"https:\/\/now-news.de\/de\/#organization\"},\"image\":{\"@id\":\"https:\/\/now-news.de\/de\/deutschland\/ft-der-westen-verliert-den-globalen-sueden-wegen-seiner-haltung-zu-israel\/#primaryimage\"},\"thumbnailUrl\":\"https:\/\/now-news.de\/de\/wp-content\/uploads\/sites\/3\/2023\/10\/FT-Der-Westen-verliert-den-globalen-Sueden-\u2013-wegen-seiner.jpg\",\"keywords\":[\"den\",\"der\",\"globalen\",\"Haltung\",\"Israel\",\"seiner\",\"S\u00fcden\",\"verliert\",\"wegen\",\"Westen\"],\"articleSection\":[\"Deutschland\",\"Russland\"],\"inLanguage\":\"de\",\"potentialAction\":[{\"@type\":\"CommentAction\",\"name\":\"Comment\",\"target\":[\"https:\/\/now-news.de\/de\/deutschland\/ft-der-westen-verliert-den-globalen-sueden-wegen-seiner-haltung-zu-israel\/#respond\"]}]},{\"@type\":\"WebPage\",\"@id\":\"https:\/\/now-news.de\/de\/deutschland\/ft-der-westen-verliert-den-globalen-sueden-wegen-seiner-haltung-zu-israel\/\",\"url\":\"https:\/\/now-news.de\/de\/deutschland\/ft-der-westen-verliert-den-globalen-sueden-wegen-seiner-haltung-zu-israel\/\",\"name\":\"FT: Der Westen verliert den globalen S\u00fcden \u2013 wegen seiner Haltung zu Israel - just-now.NEWS Deutschland\",\"isPartOf\":{\"@id\":\"https:\/\/now-news.de\/de\/#website\"},\"primaryImageOfPage\":{\"@id\":\"https:\/\/now-news.de\/de\/deutschland\/ft-der-westen-verliert-den-globalen-sueden-wegen-seiner-haltung-zu-israel\/#primaryimage\"},\"image\":{\"@id\":\"https:\/\/now-news.de\/de\/deutschland\/ft-der-westen-verliert-den-globalen-sueden-wegen-seiner-haltung-zu-israel\/#primaryimage\"},\"thumbnailUrl\":\"https:\/\/now-news.de\/de\/wp-content\/uploads\/sites\/3\/2023\/10\/FT-Der-Westen-verliert-den-globalen-Sueden-\u2013-wegen-seiner.jpg\",\"datePublished\":\"2023-10-20T11:52:12+00:00\",\"dateModified\":\"2023-10-20T11:52:12+00:00\",\"breadcrumb\":{\"@id\":\"https:\/\/now-news.de\/de\/deutschland\/ft-der-westen-verliert-den-globalen-sueden-wegen-seiner-haltung-zu-israel\/#breadcrumb\"},\"inLanguage\":\"de\",\"potentialAction\":[{\"@type\":\"ReadAction\",\"target\":[\"https:\/\/now-news.de\/de\/deutschland\/ft-der-westen-verliert-den-globalen-sueden-wegen-seiner-haltung-zu-israel\/\"]}]},{\"@type\":\"ImageObject\",\"inLanguage\":\"de\",\"@id\":\"https:\/\/now-news.de\/de\/deutschland\/ft-der-westen-verliert-den-globalen-sueden-wegen-seiner-haltung-zu-israel\/#primaryimage\",\"url\":\"https:\/\/now-news.de\/de\/wp-content\/uploads\/sites\/3\/2023\/10\/FT-Der-Westen-verliert-den-globalen-Sueden-\u2013-wegen-seiner.jpg\",\"contentUrl\":\"https:\/\/now-news.de\/de\/wp-content\/uploads\/sites\/3\/2023\/10\/FT-Der-Westen-verliert-den-globalen-Sueden-\u2013-wegen-seiner.jpg\",\"width\":460,\"height\":259,\"caption\":\"FT: Der Westen verliert den globalen S\u00fcden \u2013 wegen seiner Haltung zu Israel\"},{\"@type\":\"BreadcrumbList\",\"@id\":\"https:\/\/now-news.de\/de\/deutschland\/ft-der-westen-verliert-den-globalen-sueden-wegen-seiner-haltung-zu-israel\/#breadcrumb\",\"itemListElement\":[{\"@type\":\"ListItem\",\"position\":1,\"name\":\"Home\",\"item\":\"https:\/\/now-news.de\/de\/\"},{\"@type\":\"ListItem\",\"position\":2,\"name\":\"FT: Der Westen verliert den globalen S\u00fcden \u2013 wegen seiner Haltung zu Israel\"}]},{\"@type\":\"WebSite\",\"@id\":\"https:\/\/now-news.de\/de\/#website\",\"url\":\"https:\/\/now-news.de\/de\/\",\"name\":\"just-now.NEWS Deutschland\",\"description\":\"Das Portal f\u00fcr unzensierte Nachrichten aus der Welt\",\"publisher\":{\"@id\":\"https:\/\/now-news.de\/de\/#organization\"},\"potentialAction\":[{\"@type\":\"SearchAction\",\"target\":{\"@type\":\"EntryPoint\",\"urlTemplate\":\"https:\/\/now-news.de\/de\/?s={search_term_string}\"},\"query-input\":\"required name=search_term_string\"}],\"inLanguage\":\"de\"},{\"@type\":\"Organization\",\"@id\":\"https:\/\/now-news.de\/de\/#organization\",\"name\":\"Just Now News\",\"url\":\"https:\/\/now-news.de\/de\/\",\"logo\":{\"@type\":\"ImageObject\",\"inLanguage\":\"de\",\"@id\":\"https:\/\/now-news.de\/de\/#\/schema\/logo\/image\/\",\"url\":\"http:\/\/just-now.news\/de\/wp-content\/uploads\/sites\/3\/2022\/04\/logo500x500.jpg\",\"contentUrl\":\"http:\/\/just-now.news\/de\/wp-content\/uploads\/sites\/3\/2022\/04\/logo500x500.jpg\",\"width\":500,\"height\":500,\"caption\":\"Just Now News\"},\"image\":{\"@id\":\"https:\/\/now-news.de\/de\/#\/schema\/logo\/image\/\"},\"sameAs\":[\"https:\/\/www.facebook.com\/wirmachenauf\",\"https:\/\/x.com\/WirMachenAuf_de\"]},{\"@type\":\"Person\",\"@id\":\"https:\/\/now-news.de\/de\/#\/schema\/person\/fb534a4e865501d8b3285208df34a9b5\",\"name\":\"rtnews\",\"image\":{\"@type\":\"ImageObject\",\"inLanguage\":\"de\",\"@id\":\"https:\/\/now-news.de\/de\/#\/schema\/person\/image\/\",\"url\":\"https:\/\/secure.gravatar.com\/avatar\/82aafea7d8127119dd649515f56e2117?s=96&d=mm&r=g\",\"contentUrl\":\"https:\/\/secure.gravatar.com\/avatar\/82aafea7d8127119dd649515f56e2117?s=96&d=mm&r=g\",\"caption\":\"rtnews\"},\"url\":\"https:\/\/now-news.de\/de\/author\/rnews\/\"}]}<\/script>\n<!-- \/ Yoast SEO Premium plugin. -->","yoast_head_json":{"title":"FT: Der Westen verliert den globalen S\u00fcden \u2013 wegen seiner Haltung zu Israel - just-now.NEWS Deutschland","robots":{"index":"index","follow":"follow","max-snippet":"max-snippet:-1","max-image-preview":"max-image-preview:large","max-video-preview":"max-video-preview:-1"},"canonical":"https:\/\/now-news.de\/de\/deutschland\/ft-der-westen-verliert-den-globalen-sueden-wegen-seiner-haltung-zu-israel\/","og_locale":"de_DE","og_type":"article","og_title":"FT: Der Westen verliert den globalen S\u00fcden \u2013 wegen seiner Haltung zu Israel","og_description":"Die Zeitung Financial Times hat unter Berufung auf mehrere Quellen berichtet, dass der Westen mit seiner Unterst\u00fctzung f\u00fcr Israel den globalen S\u00fcden verloren hat. Mit dem Einsatz f\u00fcr die Ukraine, aber nicht f\u00fcr Pal\u00e4stina zeigen sich Europa und die USA als Heuchler. Vor dem Hintergrund der Eskalation zwischen Israel und der pal\u00e4stinensischen Hamas hat der [&hellip;]","og_url":"https:\/\/now-news.de\/de\/deutschland\/ft-der-westen-verliert-den-globalen-sueden-wegen-seiner-haltung-zu-israel\/","og_site_name":"just-now.NEWS Deutschland","article_publisher":"https:\/\/www.facebook.com\/wirmachenauf","article_published_time":"2023-10-20T11:52:12+00:00","og_image":[{"width":460,"height":259,"url":"https:\/\/now-news.de\/de\/wp-content\/uploads\/sites\/3\/2023\/10\/FT-Der-Westen-verliert-den-globalen-Sueden-\u2013-wegen-seiner.jpg","type":"image\/jpeg"}],"author":"rtnews","twitter_card":"summary_large_image","twitter_creator":"@WirMachenAuf_de","twitter_site":"@WirMachenAuf_de","twitter_misc":{"Verfasst von":"rtnews","Gesch\u00e4tzte Lesezeit":"2\u00a0Minuten"},"schema":{"@context":"https:\/\/schema.org","@graph":[{"@type":"Article","@id":"https:\/\/now-news.de\/de\/deutschland\/ft-der-westen-verliert-den-globalen-sueden-wegen-seiner-haltung-zu-israel\/#article","isPartOf":{"@id":"https:\/\/now-news.de\/de\/deutschland\/ft-der-westen-verliert-den-globalen-sueden-wegen-seiner-haltung-zu-israel\/"},"author":{"name":"rtnews","@id":"https:\/\/now-news.de\/de\/#\/schema\/person\/fb534a4e865501d8b3285208df34a9b5"},"headline":"FT: Der Westen verliert den globalen S\u00fcden \u2013 wegen seiner Haltung zu Israel","datePublished":"2023-10-20T11:52:12+00:00","dateModified":"2023-10-20T11:52:12+00:00","mainEntityOfPage":{"@id":"https:\/\/now-news.de\/de\/deutschland\/ft-der-westen-verliert-den-globalen-sueden-wegen-seiner-haltung-zu-israel\/"},"wordCount":430,"commentCount":0,"publisher":{"@id":"https:\/\/now-news.de\/de\/#organization"},"image":{"@id":"https:\/\/now-news.de\/de\/deutschland\/ft-der-westen-verliert-den-globalen-sueden-wegen-seiner-haltung-zu-israel\/#primaryimage"},"thumbnailUrl":"https:\/\/now-news.de\/de\/wp-content\/uploads\/sites\/3\/2023\/10\/FT-Der-Westen-verliert-den-globalen-Sueden-\u2013-wegen-seiner.jpg","keywords":["den","der","globalen","Haltung","Israel","seiner","S\u00fcden","verliert","wegen","Westen"],"articleSection":["Deutschland","Russland"],"inLanguage":"de","potentialAction":[{"@type":"CommentAction","name":"Comment","target":["https:\/\/now-news.de\/de\/deutschland\/ft-der-westen-verliert-den-globalen-sueden-wegen-seiner-haltung-zu-israel\/#respond"]}]},{"@type":"WebPage","@id":"https:\/\/now-news.de\/de\/deutschland\/ft-der-westen-verliert-den-globalen-sueden-wegen-seiner-haltung-zu-israel\/","url":"https:\/\/now-news.de\/de\/deutschland\/ft-der-westen-verliert-den-globalen-sueden-wegen-seiner-haltung-zu-israel\/","name":"FT: Der Westen verliert den globalen S\u00fcden \u2013 wegen seiner Haltung zu Israel - just-now.NEWS Deutschland","isPartOf":{"@id":"https:\/\/now-news.de\/de\/#website"},"primaryImageOfPage":{"@id":"https:\/\/now-news.de\/de\/deutschland\/ft-der-westen-verliert-den-globalen-sueden-wegen-seiner-haltung-zu-israel\/#primaryimage"},"image":{"@id":"https:\/\/now-news.de\/de\/deutschland\/ft-der-westen-verliert-den-globalen-sueden-wegen-seiner-haltung-zu-israel\/#primaryimage"},"thumbnailUrl":"https:\/\/now-news.de\/de\/wp-content\/uploads\/sites\/3\/2023\/10\/FT-Der-Westen-verliert-den-globalen-Sueden-\u2013-wegen-seiner.jpg","datePublished":"2023-10-20T11:52:12+00:00","dateModified":"2023-10-20T11:52:12+00:00","breadcrumb":{"@id":"https:\/\/now-news.de\/de\/deutschland\/ft-der-westen-verliert-den-globalen-sueden-wegen-seiner-haltung-zu-israel\/#breadcrumb"},"inLanguage":"de","potentialAction":[{"@type":"ReadAction","target":["https:\/\/now-news.de\/de\/deutschland\/ft-der-westen-verliert-den-globalen-sueden-wegen-seiner-haltung-zu-israel\/"]}]},{"@type":"ImageObject","inLanguage":"de","@id":"https:\/\/now-news.de\/de\/deutschland\/ft-der-westen-verliert-den-globalen-sueden-wegen-seiner-haltung-zu-israel\/#primaryimage","url":"https:\/\/now-news.de\/de\/wp-content\/uploads\/sites\/3\/2023\/10\/FT-Der-Westen-verliert-den-globalen-Sueden-\u2013-wegen-seiner.jpg","contentUrl":"https:\/\/now-news.de\/de\/wp-content\/uploads\/sites\/3\/2023\/10\/FT-Der-Westen-verliert-den-globalen-Sueden-\u2013-wegen-seiner.jpg","width":460,"height":259,"caption":"FT: Der Westen verliert den globalen S\u00fcden \u2013 wegen seiner Haltung zu Israel"},{"@type":"BreadcrumbList","@id":"https:\/\/now-news.de\/de\/deutschland\/ft-der-westen-verliert-den-globalen-sueden-wegen-seiner-haltung-zu-israel\/#breadcrumb","itemListElement":[{"@type":"ListItem","position":1,"name":"Home","item":"https:\/\/now-news.de\/de\/"},{"@type":"ListItem","position":2,"name":"FT: Der Westen verliert den globalen S\u00fcden \u2013 wegen seiner Haltung zu Israel"}]},{"@type":"WebSite","@id":"https:\/\/now-news.de\/de\/#website","url":"https:\/\/now-news.de\/de\/","name":"just-now.NEWS Deutschland","description":"Das Portal f\u00fcr unzensierte Nachrichten aus der Welt","publisher":{"@id":"https:\/\/now-news.de\/de\/#organization"},"potentialAction":[{"@type":"SearchAction","target":{"@type":"EntryPoint","urlTemplate":"https:\/\/now-news.de\/de\/?s={search_term_string}"},"query-input":"required name=search_term_string"}],"inLanguage":"de"},{"@type":"Organization","@id":"https:\/\/now-news.de\/de\/#organization","name":"Just Now News","url":"https:\/\/now-news.de\/de\/","logo":{"@type":"ImageObject","inLanguage":"de","@id":"https:\/\/now-news.de\/de\/#\/schema\/logo\/image\/","url":"http:\/\/just-now.news\/de\/wp-content\/uploads\/sites\/3\/2022\/04\/logo500x500.jpg","contentUrl":"http:\/\/just-now.news\/de\/wp-content\/uploads\/sites\/3\/2022\/04\/logo500x500.jpg","width":500,"height":500,"caption":"Just Now News"},"image":{"@id":"https:\/\/now-news.de\/de\/#\/schema\/logo\/image\/"},"sameAs":["https:\/\/www.facebook.com\/wirmachenauf","https:\/\/x.com\/WirMachenAuf_de"]},{"@type":"Person","@id":"https:\/\/now-news.de\/de\/#\/schema\/person\/fb534a4e865501d8b3285208df34a9b5","name":"rtnews","image":{"@type":"ImageObject","inLanguage":"de","@id":"https:\/\/now-news.de\/de\/#\/schema\/person\/image\/","url":"https:\/\/secure.gravatar.com\/avatar\/82aafea7d8127119dd649515f56e2117?s=96&d=mm&r=g","contentUrl":"https:\/\/secure.gravatar.com\/avatar\/82aafea7d8127119dd649515f56e2117?s=96&d=mm&r=g","caption":"rtnews"},"url":"https:\/\/now-news.de\/de\/author\/rnews\/"}]}},"_links":{"self":[{"href":"https:\/\/now-news.de\/de\/wp-json\/wp\/v2\/posts\/48454"}],"collection":[{"href":"https:\/\/now-news.de\/de\/wp-json\/wp\/v2\/posts"}],"about":[{"href":"https:\/\/now-news.de\/de\/wp-json\/wp\/v2\/types\/post"}],"author":[{"embeddable":true,"href":"https:\/\/now-news.de\/de\/wp-json\/wp\/v2\/users\/3"}],"replies":[{"embeddable":true,"href":"https:\/\/now-news.de\/de\/wp-json\/wp\/v2\/comments?post=48454"}],"version-history":[{"count":0,"href":"https:\/\/now-news.de\/de\/wp-json\/wp\/v2\/posts\/48454\/revisions"}],"wp:featuredmedia":[{"embeddable":true,"href":"https:\/\/now-news.de\/de\/wp-json\/wp\/v2\/media\/48455"}],"wp:attachment":[{"href":"https:\/\/now-news.de\/de\/wp-json\/wp\/v2\/media?parent=48454"}],"wp:term":[{"taxonomy":"category","embeddable":true,"href":"https:\/\/now-news.de\/de\/wp-json\/wp\/v2\/categories?post=48454"},{"taxonomy":"post_tag","embeddable":true,"href":"https:\/\/now-news.de\/de\/wp-json\/wp\/v2\/tags?post=48454"}],"curies":[{"name":"wp","href":"https:\/\/api.w.org\/{rel}","templated":true}]}}