{"id":48388,"date":"2023-10-19T16:30:26","date_gmt":"2023-10-19T14:30:26","guid":{"rendered":"https:\/\/just-now.news\/de\/deutschland\/journalistin-des-us-senders-radio-free-europe-in-russland-festgenommen\/"},"modified":"2023-10-19T16:30:26","modified_gmt":"2023-10-19T14:30:26","slug":"journalistin-des-us-senders-radio-free-europe-in-russland-festgenommen","status":"publish","type":"post","link":"https:\/\/now-news.de\/de\/deutschland\/journalistin-des-us-senders-radio-free-europe-in-russland-festgenommen\/","title":{"rendered":"Journalistin des US-Senders Radio Free Europe in Russland festgenommen"},"content":{"rendered":"<p><img decoding=\"async\" src=\"http:\/\/just-now.news\/de\/wp-content\/uploads\/sites\/3\/2023\/10\/65312873b480cc04a92e1e8d.jpg\" \/><\/p>\n<div class=\"Text-root Text-type_1 \">\n                Eine in Prag lebende Journalistin, die sowohl die russische als auch die US-Staatsb\u00fcrgerschaft besitzt, wurde in Russland festgenommen. Sie soll sich bei den Beh\u00f6rden nicht als &#8220;ausl\u00e4ndische Agentin&#8221; angemeldet und sensilbe Daten \u00fcber milit\u00e4rische Aktivit\u00e4ten gesammelt haben.\n            <\/div>\n<p><\/p>\n<div class=\"Text-root Text-type_5 ArticleView-text ViewText-root \">\n<p>Alsu Kurmaschewa\u00a0arbeitet als Redakteurin beim staatlichen US-Mediensender Radio Free Europe\/Radio Liberty (RFE\/RL). Sie lebt mit ihrer Familie in Prag. Im Mai dieses Jahres flog sie aus famili\u00e4ren Gr\u00fcnden nach Russland. Bei ihrem Ausreiseversuch im Juni wurde sie am Flughafen Kasan festgenommen. Sowohl der russische als auch der US-amerikanische Reisepass wurden ihr entzogen. Anschlie\u00dfend wurde sie mit einer Geldstrafe belegt, da sie die russischen Beh\u00f6rden nicht \u00fcber ihre zweite Staatsb\u00fcrgerschaft informiert hatte, schreibt <em>Radio Liberty<\/em>.<\/p>\n<p>Die darauffolgenden Monate verbrachte Kurmaschewa in Russland und wartete auf die R\u00fcckgabe ihrer P\u00e4sse. Doch am 18. Oktober wurde sie festgenommen und beschuldigt, sich bei den Beh\u00f6rden nicht als &#8220;ausl\u00e4ndische Agentin&#8221; angemeldet zu haben. Daf\u00fcr drohen ihr eine Geldstrafe, gemeinn\u00fctzige Arbeit oder bis zu f\u00fcnf Jahre Haft.<\/p>\n<p>Das Portal <em>Tatar Inform<\/em> berichtet unter Berufung auf eine mit der Angelegenheit vertraute Quelle, dass Kurmaschewa Informationen \u00fcber mobilisierte\u00a0Professoren an einer Universit\u00e4t in Tatarstan erhalten und diese Informationen angeblich genutzt habe, um &#8220;alternatives Analysematerial&#8221; f\u00fcr &#8220;relevante internationale Beh\u00f6rden&#8221; vorzubereiten und &#8220;Informationskampagnen durchzuf\u00fchren, die Russland diskreditieren&#8221;.<\/p>\n<p>Zudem k\u00f6nnte\u00a0der Journalistin m\u00f6glicherweise auch eine Anklage wegen eines Buches drohen, in dem sie die russische Milit\u00e4roperation in der Ukraine kritisiert.<\/p>\n<p>Ihr Arbeitgeber forderte die sofortige Freilassung der Journalistin. &#8220;Alsu ist eine sehr angesehene Journalistin, hingebungsvolle Ehefrau und hingebungsvolle Mutter von zwei Kindern. Sie muss sofort freigelassen werden, um zu ihrer Familie zur\u00fcckzukehren&#8221;, sagte Jeffrey Gedmin, Pr\u00e4sident des Medienunternehmens. Die Journalistin berichte \u00fcber die Probleme nationaler Minderheiten in Tatarstan und Baschkortostan sowie \u00fcber zivile Initiativen zum Schutz und Erhalt der tatarischen Sprache und der tatarischen Kultur.<\/p>\n<div class=\"EmbedBlock-root EmbedBlock-twitter\">\n<div class=\"TwitterEmbed\">\n<blockquote class=\"twitter-tweet lazyload\" data-twitter=\"twitter-tweet\">\n<p lang=\"en\" dir=\"ltr\">Russian authorities in Kazan have detained Alsu Kurmasheva, an editor with <a rel=\"nofollow noopener\" target=\"_blank\" href=\"https:\/\/twitter.com\/RFERL?ref_src=twsrc%5Etfw\">@RFERL<\/a>&#8216;s Tatar-Bashkir Service.Read now: <a rel=\"nofollow noopener\" target=\"_blank\" href=\"https:\/\/t.co\/eidb2g44GZ\">https:\/\/t.co\/eidb2g44GZ<\/a><a rel=\"nofollow noopener\" target=\"_blank\" href=\"https:\/\/t.co\/kCXODsiKWj\">pic.twitter.com\/kCXODsiKWj<\/a><\/p>\n<p>\u2014 RFE\/RL Pressroom (@RFERLPress) <a rel=\"nofollow noopener\" target=\"_blank\" href=\"https:\/\/twitter.com\/RFERLPress\/status\/1714753956230881554?ref_src=twsrc%5Etfw\">October 18, 2023<\/a><\/p><\/blockquote>\n<\/div>\n<\/div>\n<p>Das in New York ans\u00e4ssige Komitee zum Schutz von Journalisten (CPJ) teilte in einer Erkl\u00e4rung mit, die Organisation sei &#8220;zutiefst besorgt&#8221; \u00fcber die Vorw\u00fcrfe. Die russischen Beh\u00f6rden m\u00fcssten &#8220;sie sofort freilassen und alle gegen sie erhobenen Anklagen fallen lassen&#8221;.<\/p>\n<p>Seit 2012 gibt es in Russland ein Gesetz \u00fcber\u00a0sogenannte ausl\u00e4ndische Agenten. Die Beh\u00f6rden k\u00f6nnen Einzelpersonen, Medien, NGOs und Organisationen als &#8220;ausl\u00e4ndische Agenten&#8221; bezeichnen, die unter &#8220;ausl\u00e4ndischem Einfluss&#8221; stehen\u00a0und als &#8220;vom Ausland unterst\u00fctzt&#8221; betrachtet werden.\u00a0<em>Radio Free Europe\/Radio Liberty (RFE\/RL)<\/em> gilt seit dem Jahr 2017 als &#8220;ausl\u00e4ndischer Agent&#8221;, aber nicht Kurmaschewa pers\u00f6nlich.<\/p>\n<p><strong>Mehr zum Thema<\/strong> \u2013 <a rel=\"nofollow noopener\" target=\"_blank\" href=\"https:\/\/freedert.online\/russland\/178760-us-journalist-gershkovich-fuer-weitere\/\">US-Journalist Gershkovich f\u00fcr weitere drei Monate in U-Haft in Russland<\/a><\/p>\n<\/p>\n<\/div>\n<p><script async src=\"https:\/\/platform.twitter.com\/widgets.js\" charset=\"utf-8\"><\/script><br \/>\n<br \/><br \/>\n<br \/><a href=\"https:\/\/de.rt.com\/russland\/184321-journalistin-senders-radio-free-europe\/\">Source link <\/a><\/p>\n","protected":false},"excerpt":{"rendered":"<p>Eine in Prag lebende Journalistin, die sowohl die russische als auch die US-Staatsb\u00fcrgerschaft besitzt, wurde in Russland festgenommen. Sie soll sich bei den Beh\u00f6rden nicht als &#8220;ausl\u00e4ndische Agentin&#8221; angemeldet und sensilbe Daten \u00fcber milit\u00e4rische Aktivit\u00e4ten gesammelt haben. Alsu Kurmaschewa\u00a0arbeitet als Redakteurin beim staatlichen US-Mediensender Radio Free Europe\/Radio Liberty (RFE\/RL). Sie lebt mit ihrer Familie in [&hellip;]<\/p>\n","protected":false},"author":3,"featured_media":48389,"comment_status":"open","ping_status":"open","sticky":false,"template":"","format":"standard","meta":{"_yoast_indexnow_last_ping":["1697738572"],"wp_automatic_camp":["217"],"4cbf17f7c9c8561b1e935076710b99ed":["Journalistin des US-Senders Radio Free Europe in Russland festgenommen"],"original_link":["https:\/\/de.rt.com\/russland\/184321-journalistin-senders-radio-free-europe\/"],"_thumbnail_id":["48389"],"_wptgpro_p2tg_sent2tg":["a:1:{i:23737;s:19:\"2023-10-19 20:04:14\";}"],"jnews_social_counter_last_update":["1777563746"]},"categories":[19,23],"tags":[583,6141,1356,3325,19638,1157,126,49925],"yoast_head":"<!-- This site is optimized with the Yoast SEO Premium plugin v22.7 (Yoast SEO v22.7) - https:\/\/yoast.com\/wordpress\/plugins\/seo\/ -->\n<title>Journalistin des US-Senders Radio Free Europe in Russland festgenommen - just-now.NEWS Deutschland<\/title>\n<meta name=\"robots\" content=\"index, follow, max-snippet:-1, max-image-preview:large, max-video-preview:-1\" \/>\n<link rel=\"canonical\" href=\"https:\/\/now-news.de\/de\/deutschland\/journalistin-des-us-senders-radio-free-europe-in-russland-festgenommen\/\" \/>\n<meta property=\"og:locale\" content=\"de_DE\" \/>\n<meta property=\"og:type\" content=\"article\" \/>\n<meta property=\"og:title\" content=\"Journalistin des US-Senders Radio Free Europe in Russland festgenommen\" \/>\n<meta property=\"og:description\" content=\"Eine in Prag lebende Journalistin, die sowohl die russische als auch die US-Staatsb\u00fcrgerschaft besitzt, wurde in Russland festgenommen. Sie soll sich bei den Beh\u00f6rden nicht als &#8220;ausl\u00e4ndische Agentin&#8221; angemeldet und sensilbe Daten \u00fcber milit\u00e4rische Aktivit\u00e4ten gesammelt haben. Alsu Kurmaschewa\u00a0arbeitet als Redakteurin beim staatlichen US-Mediensender Radio Free Europe\/Radio Liberty (RFE\/RL). Sie lebt mit ihrer Familie in [&hellip;]\" \/>\n<meta property=\"og:url\" content=\"https:\/\/now-news.de\/de\/deutschland\/journalistin-des-us-senders-radio-free-europe-in-russland-festgenommen\/\" \/>\n<meta property=\"og:site_name\" content=\"just-now.NEWS Deutschland\" \/>\n<meta property=\"article:publisher\" content=\"https:\/\/www.facebook.com\/wirmachenauf\" \/>\n<meta property=\"article:published_time\" content=\"2023-10-19T14:30:26+00:00\" \/>\n<meta property=\"og:image\" content=\"https:\/\/now-news.de\/de\/wp-content\/uploads\/sites\/3\/2023\/10\/Journalistin-des-US-Senders-Radio-Free-Europe-in-Russland-festgenommen.jpg\" \/>\n\t<meta property=\"og:image:width\" content=\"460\" \/>\n\t<meta property=\"og:image:height\" content=\"259\" \/>\n\t<meta property=\"og:image:type\" content=\"image\/jpeg\" \/>\n<meta name=\"author\" content=\"rtnews\" \/>\n<meta name=\"twitter:card\" content=\"summary_large_image\" \/>\n<meta name=\"twitter:creator\" content=\"@WirMachenAuf_de\" \/>\n<meta name=\"twitter:site\" content=\"@WirMachenAuf_de\" \/>\n<meta name=\"twitter:label1\" content=\"Verfasst von\" \/>\n\t<meta name=\"twitter:data1\" content=\"rtnews\" \/>\n\t<meta name=\"twitter:label2\" content=\"Gesch\u00e4tzte Lesezeit\" \/>\n\t<meta name=\"twitter:data2\" content=\"2\u00a0Minuten\" \/>\n<script type=\"application\/ld+json\" class=\"yoast-schema-graph\">{\"@context\":\"https:\/\/schema.org\",\"@graph\":[{\"@type\":\"Article\",\"@id\":\"https:\/\/now-news.de\/de\/deutschland\/journalistin-des-us-senders-radio-free-europe-in-russland-festgenommen\/#article\",\"isPartOf\":{\"@id\":\"https:\/\/now-news.de\/de\/deutschland\/journalistin-des-us-senders-radio-free-europe-in-russland-festgenommen\/\"},\"author\":{\"name\":\"rtnews\",\"@id\":\"https:\/\/now-news.de\/de\/#\/schema\/person\/fb534a4e865501d8b3285208df34a9b5\"},\"headline\":\"Journalistin des US-Senders Radio Free Europe in Russland festgenommen\",\"datePublished\":\"2023-10-19T14:30:26+00:00\",\"dateModified\":\"2023-10-19T14:30:26+00:00\",\"mainEntityOfPage\":{\"@id\":\"https:\/\/now-news.de\/de\/deutschland\/journalistin-des-us-senders-radio-free-europe-in-russland-festgenommen\/\"},\"wordCount\":482,\"commentCount\":0,\"publisher\":{\"@id\":\"https:\/\/now-news.de\/de\/#organization\"},\"image\":{\"@id\":\"https:\/\/now-news.de\/de\/deutschland\/journalistin-des-us-senders-radio-free-europe-in-russland-festgenommen\/#primaryimage\"},\"thumbnailUrl\":\"https:\/\/now-news.de\/de\/wp-content\/uploads\/sites\/3\/2023\/10\/Journalistin-des-US-Senders-Radio-Free-Europe-in-Russland-festgenommen.jpg\",\"keywords\":[\"des\",\"Europe\",\"festgenommen\",\"Free\",\"Journalistin\",\"Radio\",\"russland\",\"USSenders\"],\"articleSection\":[\"Deutschland\",\"Russland\"],\"inLanguage\":\"de\",\"potentialAction\":[{\"@type\":\"CommentAction\",\"name\":\"Comment\",\"target\":[\"https:\/\/now-news.de\/de\/deutschland\/journalistin-des-us-senders-radio-free-europe-in-russland-festgenommen\/#respond\"]}]},{\"@type\":\"WebPage\",\"@id\":\"https:\/\/now-news.de\/de\/deutschland\/journalistin-des-us-senders-radio-free-europe-in-russland-festgenommen\/\",\"url\":\"https:\/\/now-news.de\/de\/deutschland\/journalistin-des-us-senders-radio-free-europe-in-russland-festgenommen\/\",\"name\":\"Journalistin des US-Senders Radio Free Europe in Russland festgenommen - just-now.NEWS Deutschland\",\"isPartOf\":{\"@id\":\"https:\/\/now-news.de\/de\/#website\"},\"primaryImageOfPage\":{\"@id\":\"https:\/\/now-news.de\/de\/deutschland\/journalistin-des-us-senders-radio-free-europe-in-russland-festgenommen\/#primaryimage\"},\"image\":{\"@id\":\"https:\/\/now-news.de\/de\/deutschland\/journalistin-des-us-senders-radio-free-europe-in-russland-festgenommen\/#primaryimage\"},\"thumbnailUrl\":\"https:\/\/now-news.de\/de\/wp-content\/uploads\/sites\/3\/2023\/10\/Journalistin-des-US-Senders-Radio-Free-Europe-in-Russland-festgenommen.jpg\",\"datePublished\":\"2023-10-19T14:30:26+00:00\",\"dateModified\":\"2023-10-19T14:30:26+00:00\",\"breadcrumb\":{\"@id\":\"https:\/\/now-news.de\/de\/deutschland\/journalistin-des-us-senders-radio-free-europe-in-russland-festgenommen\/#breadcrumb\"},\"inLanguage\":\"de\",\"potentialAction\":[{\"@type\":\"ReadAction\",\"target\":[\"https:\/\/now-news.de\/de\/deutschland\/journalistin-des-us-senders-radio-free-europe-in-russland-festgenommen\/\"]}]},{\"@type\":\"ImageObject\",\"inLanguage\":\"de\",\"@id\":\"https:\/\/now-news.de\/de\/deutschland\/journalistin-des-us-senders-radio-free-europe-in-russland-festgenommen\/#primaryimage\",\"url\":\"https:\/\/now-news.de\/de\/wp-content\/uploads\/sites\/3\/2023\/10\/Journalistin-des-US-Senders-Radio-Free-Europe-in-Russland-festgenommen.jpg\",\"contentUrl\":\"https:\/\/now-news.de\/de\/wp-content\/uploads\/sites\/3\/2023\/10\/Journalistin-des-US-Senders-Radio-Free-Europe-in-Russland-festgenommen.jpg\",\"width\":460,\"height\":259,\"caption\":\"Journalistin des US-Senders Radio Free Europe in Russland festgenommen\"},{\"@type\":\"BreadcrumbList\",\"@id\":\"https:\/\/now-news.de\/de\/deutschland\/journalistin-des-us-senders-radio-free-europe-in-russland-festgenommen\/#breadcrumb\",\"itemListElement\":[{\"@type\":\"ListItem\",\"position\":1,\"name\":\"Home\",\"item\":\"https:\/\/now-news.de\/de\/\"},{\"@type\":\"ListItem\",\"position\":2,\"name\":\"Journalistin des US-Senders Radio Free Europe in Russland festgenommen\"}]},{\"@type\":\"WebSite\",\"@id\":\"https:\/\/now-news.de\/de\/#website\",\"url\":\"https:\/\/now-news.de\/de\/\",\"name\":\"just-now.NEWS Deutschland\",\"description\":\"Das Portal f\u00fcr unzensierte Nachrichten aus der Welt\",\"publisher\":{\"@id\":\"https:\/\/now-news.de\/de\/#organization\"},\"potentialAction\":[{\"@type\":\"SearchAction\",\"target\":{\"@type\":\"EntryPoint\",\"urlTemplate\":\"https:\/\/now-news.de\/de\/?s={search_term_string}\"},\"query-input\":\"required name=search_term_string\"}],\"inLanguage\":\"de\"},{\"@type\":\"Organization\",\"@id\":\"https:\/\/now-news.de\/de\/#organization\",\"name\":\"Just Now News\",\"url\":\"https:\/\/now-news.de\/de\/\",\"logo\":{\"@type\":\"ImageObject\",\"inLanguage\":\"de\",\"@id\":\"https:\/\/now-news.de\/de\/#\/schema\/logo\/image\/\",\"url\":\"http:\/\/just-now.news\/de\/wp-content\/uploads\/sites\/3\/2022\/04\/logo500x500.jpg\",\"contentUrl\":\"http:\/\/just-now.news\/de\/wp-content\/uploads\/sites\/3\/2022\/04\/logo500x500.jpg\",\"width\":500,\"height\":500,\"caption\":\"Just Now News\"},\"image\":{\"@id\":\"https:\/\/now-news.de\/de\/#\/schema\/logo\/image\/\"},\"sameAs\":[\"https:\/\/www.facebook.com\/wirmachenauf\",\"https:\/\/x.com\/WirMachenAuf_de\"]},{\"@type\":\"Person\",\"@id\":\"https:\/\/now-news.de\/de\/#\/schema\/person\/fb534a4e865501d8b3285208df34a9b5\",\"name\":\"rtnews\",\"image\":{\"@type\":\"ImageObject\",\"inLanguage\":\"de\",\"@id\":\"https:\/\/now-news.de\/de\/#\/schema\/person\/image\/\",\"url\":\"https:\/\/secure.gravatar.com\/avatar\/82aafea7d8127119dd649515f56e2117?s=96&d=mm&r=g\",\"contentUrl\":\"https:\/\/secure.gravatar.com\/avatar\/82aafea7d8127119dd649515f56e2117?s=96&d=mm&r=g\",\"caption\":\"rtnews\"},\"url\":\"https:\/\/now-news.de\/de\/author\/rnews\/\"}]}<\/script>\n<!-- \/ Yoast SEO Premium plugin. -->","yoast_head_json":{"title":"Journalistin des US-Senders Radio Free Europe in Russland festgenommen - just-now.NEWS Deutschland","robots":{"index":"index","follow":"follow","max-snippet":"max-snippet:-1","max-image-preview":"max-image-preview:large","max-video-preview":"max-video-preview:-1"},"canonical":"https:\/\/now-news.de\/de\/deutschland\/journalistin-des-us-senders-radio-free-europe-in-russland-festgenommen\/","og_locale":"de_DE","og_type":"article","og_title":"Journalistin des US-Senders Radio Free Europe in Russland festgenommen","og_description":"Eine in Prag lebende Journalistin, die sowohl die russische als auch die US-Staatsb\u00fcrgerschaft besitzt, wurde in Russland festgenommen. Sie soll sich bei den Beh\u00f6rden nicht als &#8220;ausl\u00e4ndische Agentin&#8221; angemeldet und sensilbe Daten \u00fcber milit\u00e4rische Aktivit\u00e4ten gesammelt haben. Alsu Kurmaschewa\u00a0arbeitet als Redakteurin beim staatlichen US-Mediensender Radio Free Europe\/Radio Liberty (RFE\/RL). Sie lebt mit ihrer Familie in [&hellip;]","og_url":"https:\/\/now-news.de\/de\/deutschland\/journalistin-des-us-senders-radio-free-europe-in-russland-festgenommen\/","og_site_name":"just-now.NEWS Deutschland","article_publisher":"https:\/\/www.facebook.com\/wirmachenauf","article_published_time":"2023-10-19T14:30:26+00:00","og_image":[{"width":460,"height":259,"url":"https:\/\/now-news.de\/de\/wp-content\/uploads\/sites\/3\/2023\/10\/Journalistin-des-US-Senders-Radio-Free-Europe-in-Russland-festgenommen.jpg","type":"image\/jpeg"}],"author":"rtnews","twitter_card":"summary_large_image","twitter_creator":"@WirMachenAuf_de","twitter_site":"@WirMachenAuf_de","twitter_misc":{"Verfasst von":"rtnews","Gesch\u00e4tzte Lesezeit":"2\u00a0Minuten"},"schema":{"@context":"https:\/\/schema.org","@graph":[{"@type":"Article","@id":"https:\/\/now-news.de\/de\/deutschland\/journalistin-des-us-senders-radio-free-europe-in-russland-festgenommen\/#article","isPartOf":{"@id":"https:\/\/now-news.de\/de\/deutschland\/journalistin-des-us-senders-radio-free-europe-in-russland-festgenommen\/"},"author":{"name":"rtnews","@id":"https:\/\/now-news.de\/de\/#\/schema\/person\/fb534a4e865501d8b3285208df34a9b5"},"headline":"Journalistin des US-Senders Radio Free Europe in Russland festgenommen","datePublished":"2023-10-19T14:30:26+00:00","dateModified":"2023-10-19T14:30:26+00:00","mainEntityOfPage":{"@id":"https:\/\/now-news.de\/de\/deutschland\/journalistin-des-us-senders-radio-free-europe-in-russland-festgenommen\/"},"wordCount":482,"commentCount":0,"publisher":{"@id":"https:\/\/now-news.de\/de\/#organization"},"image":{"@id":"https:\/\/now-news.de\/de\/deutschland\/journalistin-des-us-senders-radio-free-europe-in-russland-festgenommen\/#primaryimage"},"thumbnailUrl":"https:\/\/now-news.de\/de\/wp-content\/uploads\/sites\/3\/2023\/10\/Journalistin-des-US-Senders-Radio-Free-Europe-in-Russland-festgenommen.jpg","keywords":["des","Europe","festgenommen","Free","Journalistin","Radio","russland","USSenders"],"articleSection":["Deutschland","Russland"],"inLanguage":"de","potentialAction":[{"@type":"CommentAction","name":"Comment","target":["https:\/\/now-news.de\/de\/deutschland\/journalistin-des-us-senders-radio-free-europe-in-russland-festgenommen\/#respond"]}]},{"@type":"WebPage","@id":"https:\/\/now-news.de\/de\/deutschland\/journalistin-des-us-senders-radio-free-europe-in-russland-festgenommen\/","url":"https:\/\/now-news.de\/de\/deutschland\/journalistin-des-us-senders-radio-free-europe-in-russland-festgenommen\/","name":"Journalistin des US-Senders Radio Free Europe in Russland festgenommen - just-now.NEWS Deutschland","isPartOf":{"@id":"https:\/\/now-news.de\/de\/#website"},"primaryImageOfPage":{"@id":"https:\/\/now-news.de\/de\/deutschland\/journalistin-des-us-senders-radio-free-europe-in-russland-festgenommen\/#primaryimage"},"image":{"@id":"https:\/\/now-news.de\/de\/deutschland\/journalistin-des-us-senders-radio-free-europe-in-russland-festgenommen\/#primaryimage"},"thumbnailUrl":"https:\/\/now-news.de\/de\/wp-content\/uploads\/sites\/3\/2023\/10\/Journalistin-des-US-Senders-Radio-Free-Europe-in-Russland-festgenommen.jpg","datePublished":"2023-10-19T14:30:26+00:00","dateModified":"2023-10-19T14:30:26+00:00","breadcrumb":{"@id":"https:\/\/now-news.de\/de\/deutschland\/journalistin-des-us-senders-radio-free-europe-in-russland-festgenommen\/#breadcrumb"},"inLanguage":"de","potentialAction":[{"@type":"ReadAction","target":["https:\/\/now-news.de\/de\/deutschland\/journalistin-des-us-senders-radio-free-europe-in-russland-festgenommen\/"]}]},{"@type":"ImageObject","inLanguage":"de","@id":"https:\/\/now-news.de\/de\/deutschland\/journalistin-des-us-senders-radio-free-europe-in-russland-festgenommen\/#primaryimage","url":"https:\/\/now-news.de\/de\/wp-content\/uploads\/sites\/3\/2023\/10\/Journalistin-des-US-Senders-Radio-Free-Europe-in-Russland-festgenommen.jpg","contentUrl":"https:\/\/now-news.de\/de\/wp-content\/uploads\/sites\/3\/2023\/10\/Journalistin-des-US-Senders-Radio-Free-Europe-in-Russland-festgenommen.jpg","width":460,"height":259,"caption":"Journalistin des US-Senders Radio Free Europe in Russland festgenommen"},{"@type":"BreadcrumbList","@id":"https:\/\/now-news.de\/de\/deutschland\/journalistin-des-us-senders-radio-free-europe-in-russland-festgenommen\/#breadcrumb","itemListElement":[{"@type":"ListItem","position":1,"name":"Home","item":"https:\/\/now-news.de\/de\/"},{"@type":"ListItem","position":2,"name":"Journalistin des US-Senders Radio Free Europe in Russland festgenommen"}]},{"@type":"WebSite","@id":"https:\/\/now-news.de\/de\/#website","url":"https:\/\/now-news.de\/de\/","name":"just-now.NEWS Deutschland","description":"Das Portal f\u00fcr unzensierte Nachrichten aus der Welt","publisher":{"@id":"https:\/\/now-news.de\/de\/#organization"},"potentialAction":[{"@type":"SearchAction","target":{"@type":"EntryPoint","urlTemplate":"https:\/\/now-news.de\/de\/?s={search_term_string}"},"query-input":"required name=search_term_string"}],"inLanguage":"de"},{"@type":"Organization","@id":"https:\/\/now-news.de\/de\/#organization","name":"Just Now News","url":"https:\/\/now-news.de\/de\/","logo":{"@type":"ImageObject","inLanguage":"de","@id":"https:\/\/now-news.de\/de\/#\/schema\/logo\/image\/","url":"http:\/\/just-now.news\/de\/wp-content\/uploads\/sites\/3\/2022\/04\/logo500x500.jpg","contentUrl":"http:\/\/just-now.news\/de\/wp-content\/uploads\/sites\/3\/2022\/04\/logo500x500.jpg","width":500,"height":500,"caption":"Just Now News"},"image":{"@id":"https:\/\/now-news.de\/de\/#\/schema\/logo\/image\/"},"sameAs":["https:\/\/www.facebook.com\/wirmachenauf","https:\/\/x.com\/WirMachenAuf_de"]},{"@type":"Person","@id":"https:\/\/now-news.de\/de\/#\/schema\/person\/fb534a4e865501d8b3285208df34a9b5","name":"rtnews","image":{"@type":"ImageObject","inLanguage":"de","@id":"https:\/\/now-news.de\/de\/#\/schema\/person\/image\/","url":"https:\/\/secure.gravatar.com\/avatar\/82aafea7d8127119dd649515f56e2117?s=96&d=mm&r=g","contentUrl":"https:\/\/secure.gravatar.com\/avatar\/82aafea7d8127119dd649515f56e2117?s=96&d=mm&r=g","caption":"rtnews"},"url":"https:\/\/now-news.de\/de\/author\/rnews\/"}]}},"_links":{"self":[{"href":"https:\/\/now-news.de\/de\/wp-json\/wp\/v2\/posts\/48388"}],"collection":[{"href":"https:\/\/now-news.de\/de\/wp-json\/wp\/v2\/posts"}],"about":[{"href":"https:\/\/now-news.de\/de\/wp-json\/wp\/v2\/types\/post"}],"author":[{"embeddable":true,"href":"https:\/\/now-news.de\/de\/wp-json\/wp\/v2\/users\/3"}],"replies":[{"embeddable":true,"href":"https:\/\/now-news.de\/de\/wp-json\/wp\/v2\/comments?post=48388"}],"version-history":[{"count":0,"href":"https:\/\/now-news.de\/de\/wp-json\/wp\/v2\/posts\/48388\/revisions"}],"wp:featuredmedia":[{"embeddable":true,"href":"https:\/\/now-news.de\/de\/wp-json\/wp\/v2\/media\/48389"}],"wp:attachment":[{"href":"https:\/\/now-news.de\/de\/wp-json\/wp\/v2\/media?parent=48388"}],"wp:term":[{"taxonomy":"category","embeddable":true,"href":"https:\/\/now-news.de\/de\/wp-json\/wp\/v2\/categories?post=48388"},{"taxonomy":"post_tag","embeddable":true,"href":"https:\/\/now-news.de\/de\/wp-json\/wp\/v2\/tags?post=48388"}],"curies":[{"name":"wp","href":"https:\/\/api.w.org\/{rel}","templated":true}]}}