{"id":48372,"date":"2023-10-19T17:47:28","date_gmt":"2023-10-19T15:47:28","guid":{"rendered":"https:\/\/just-now.news\/de\/deutschland\/eu-kommission-meta-und-tiktok-muessen-ihre-massnahmen-gegen-desinformation-darlegen\/"},"modified":"2023-10-19T17:47:28","modified_gmt":"2023-10-19T15:47:28","slug":"eu-kommission-meta-und-tiktok-muessen-ihre-massnahmen-gegen-desinformation-darlegen","status":"publish","type":"post","link":"https:\/\/now-news.de\/de\/deutschland\/eu-kommission-meta-und-tiktok-muessen-ihre-massnahmen-gegen-desinformation-darlegen\/","title":{"rendered":"EU-Kommission: Meta und TikTok m\u00fcssen ihre Ma\u00dfnahmen gegen Desinformation darlegen"},"content":{"rendered":"<p><img decoding=\"async\" src=\"http:\/\/just-now.news\/de\/wp-content\/uploads\/sites\/3\/2023\/10\/65314e7f48fbef2f462ef6b4.jpg\" \/><\/p>\n<div class=\"Text-root Text-type_1 \">\n                Das EU-Gesetz \u00fcber digitale Dienstleistungen erm\u00e4chtigt die EU-Kommission, Online-Plattformen Vorgaben zu ihrem Umgang mit Informationen zu machen. Nun hat die EU-Kommission zwei der gro\u00dfen Anbieter aufgefordert, ihre &#8220;Ma\u00dfnahmen gegen Desinformation&#8221;  darzulegen.\n            <\/div>\n<p><\/p>\n<div class=\"Text-root Text-type_5 ArticleView-text ViewText-root \">\n<p>Die EU-Kommission <a rel=\"nofollow noopener\" target=\"_blank\" href=\"https:\/\/ec.europa.eu\/commission\/presscorner\/detail\/en\/mex_23_5145\">teilte<\/a> heute mit, sie habe auf Grundlage des neuen EU-Gesetzes \u00fcber digitale Dienstleistungen (Digital Services Act, DSA) einen Fragenkatalog an die Unternehmen Meta (Facebook) und TikTok geschickt, den diese beantworten m\u00fcssten. Nach dem DSA kann die Kommission Strafen wegen fehlerhafter, unvollst\u00e4ndiger oder irref\u00fchrender Antworten verh\u00e4ngen.<\/p>\n<p>Meta soll belegen, welche Ma\u00dfnahmen es ergriffen habe, um &#8220;die Integrit\u00e4t von Wahlen&#8221; zu sch\u00fctzen. Auch wurde nach &#8220;im Gefolge der terroristischen Angriffe in Israel durch die Hamas, insbesondere in Hinsicht auf die Verbreitung und Verst\u00e4rkung illegaler Inhalte und Desinformation&#8221; getroffenen Ma\u00dfnahmen gefragt.<\/p>\n<p>Dabei ist die Frage der &#8220;Integrit\u00e4t von Wahlen&#8221; weniger dringend als die Israel betreffende &#8220;Desinformation&#8221;; die Antworten zum letzteren Komplex m\u00fcssen bis zum 25. Oktober, auf den ersten bis zum 8. November erfolgen.<\/p>\n<p>Die gleichen Daten gelten f\u00fcr TikTok, wobei dort von Ma\u00dfnahmen &#8220;gegen die Verbreitung illegaler Inhalte, insbesondere die Verbreitung terroristischer und gewaltt\u00e4tiger Inhalte und Hassrede, wie auch die vermutete Verbreitung von Desinformation&#8221; die Rede ist.<\/p>\n<p>Ein \u00e4hnlicher Fragenkatalog wurde bereits an X, ehemals Twitter, geschickt, bisher aber mit der Bemerkung zur\u00fcckgewiesen, man m\u00f6ge erst Belege f\u00fcr die implizierten Vorw\u00fcrfe liefern.<\/p>\n<p>Erst gestern hatte die EU-Kommission eine Resolution verabschiedet, in der die Mitgliedsstaaten aufgefordert wurden, schneller &#8220;Beh\u00f6rden zur Bek\u00e4mpfung illegaler Online-Inhalte&#8221; einzurichten. Binnenmarktkommissar Thierry Breton <a rel=\"nofollow noopener\" target=\"_blank\" href=\"https:\/\/www.euractiv.de\/section\/desinformation\/news\/gesetz-ueber-digitale-dienste-kommission-fordert-schnellere-umsetzung\/\">\u00e4u\u00dferte<\/a> sich dazu im Europ\u00e4ischen Parlament:<\/p>\n<blockquote>\n<p><em>&#8220;Der Kommissar bezog sich dabei auf den erneuten Ausbruch von Gewalt zwischen Israel und der Hamas und die ungepr\u00fcften Bilder, die daraufhin die Online-Plattformen \u00fcberschwemmten.&#8221;<\/em><\/p>\n<\/blockquote>\n<p>W\u00e4hrend die Debatte \u00fcber die Regulierung von Online-Medien urspr\u00fcnglich die wirtschaftliche Monopolstellung dieser Dienste ins Visier nahm (weshalb sie in die Zust\u00e4ndigkeit des Kommissars f\u00fcr den Binnenmarkt geriet), geht es bei den Regelungen der EU immer mehr um eine Kontrolle der Inhalte. Wie tief diese in die Aus\u00fcbung der Meinungsfreiheit eingreift, konnte man in den letzten Jahren mit der zunehmenden Strafverfolgung wegen einfacher Meinungs\u00e4u\u00dferungen beobachten.<\/p>\n<p>Der Digital Services Act war im Juli vergangenen Jahres <a rel=\"nofollow noopener\" target=\"_blank\" href=\"https:\/\/eur-lex.europa.eu\/legal-content\/EN\/TXT\/?uri=celex:32022R2065\">verabschiedet<\/a> worden. Die EU-Kommission hat den Fragenkatalog nicht ver\u00f6ffentlicht.<\/p>\n<p><strong>Mehr zum Thema<\/strong> \u2013 <a rel=\"nofollow noopener\" target=\"_blank\" href=\"https:\/\/freedert.online\/europa\/178947-sonneborn-ursula-von-leyen-verbreitet\/\">Sonneborn zum &#8220;Digital Services Act&#8221;: Von der Leyen zerschl\u00e4gt Grundrechte und streut Desinfomation<\/a><\/p>\n<\/div>\n<p><br \/>\n<br \/><a href=\"https:\/\/de.rt.com\/europa\/184336-eu-kommission-meta-und-tiktok-muessen-massnahmen-gegen-desinformation-darlegen\/\">Source link <\/a><\/p>\n","protected":false},"excerpt":{"rendered":"<p>Das EU-Gesetz \u00fcber digitale Dienstleistungen erm\u00e4chtigt die EU-Kommission, Online-Plattformen Vorgaben zu ihrem Umgang mit Informationen zu machen. Nun hat die EU-Kommission zwei der gro\u00dfen Anbieter aufgefordert, ihre &#8220;Ma\u00dfnahmen gegen Desinformation&#8221; darzulegen. Die EU-Kommission teilte heute mit, sie habe auf Grundlage des neuen EU-Gesetzes \u00fcber digitale Dienstleistungen (Digital Services Act, DSA) einen Fragenkatalog an die Unternehmen [&hellip;]<\/p>\n","protected":false},"author":3,"featured_media":48373,"comment_status":"open","ping_status":"open","sticky":false,"template":"","format":"standard","meta":{"_yoast_indexnow_last_ping":["1697730617"],"wp_automatic_camp":["217"],"be5e76b4a0de64430dfbb4181a3dd92f":["EU-Kommission: Meta und TikTok m\u00fcssen ihre Ma\u00dfnahmen gegen Desinformation darlegen"],"original_link":["https:\/\/de.rt.com\/europa\/184336-eu-kommission-meta-und-tiktok-muessen-massnahmen-gegen-desinformation-darlegen\/"],"_thumbnail_id":["48373"],"_wptgpro_p2tg_sent2tg":["a:1:{i:23737;s:19:\"2023-10-19 17:53:11\";}"],"jnews_social_counter_last_update":["1777199381"]},"categories":[19,23],"tags":[49919,2571,1500,278,1908,6534,1577,10623,14908,140],"yoast_head":"<!-- This site is optimized with the Yoast SEO Premium plugin v22.7 (Yoast SEO v22.7) - https:\/\/yoast.com\/wordpress\/plugins\/seo\/ -->\n<title>EU-Kommission: Meta und TikTok m\u00fcssen ihre Ma\u00dfnahmen gegen Desinformation darlegen - just-now.NEWS Deutschland<\/title>\n<meta name=\"robots\" content=\"index, follow, max-snippet:-1, max-image-preview:large, max-video-preview:-1\" \/>\n<link rel=\"canonical\" href=\"https:\/\/now-news.de\/de\/deutschland\/eu-kommission-meta-und-tiktok-muessen-ihre-massnahmen-gegen-desinformation-darlegen\/\" \/>\n<meta property=\"og:locale\" content=\"de_DE\" \/>\n<meta property=\"og:type\" content=\"article\" \/>\n<meta property=\"og:title\" content=\"EU-Kommission: Meta und TikTok m\u00fcssen ihre Ma\u00dfnahmen gegen Desinformation darlegen\" \/>\n<meta property=\"og:description\" content=\"Das EU-Gesetz \u00fcber digitale Dienstleistungen erm\u00e4chtigt die EU-Kommission, Online-Plattformen Vorgaben zu ihrem Umgang mit Informationen zu machen. Nun hat die EU-Kommission zwei der gro\u00dfen Anbieter aufgefordert, ihre &#8220;Ma\u00dfnahmen gegen Desinformation&#8221; darzulegen. Die EU-Kommission teilte heute mit, sie habe auf Grundlage des neuen EU-Gesetzes \u00fcber digitale Dienstleistungen (Digital Services Act, DSA) einen Fragenkatalog an die Unternehmen [&hellip;]\" \/>\n<meta property=\"og:url\" content=\"https:\/\/now-news.de\/de\/deutschland\/eu-kommission-meta-und-tiktok-muessen-ihre-massnahmen-gegen-desinformation-darlegen\/\" \/>\n<meta property=\"og:site_name\" content=\"just-now.NEWS Deutschland\" \/>\n<meta property=\"article:publisher\" content=\"https:\/\/www.facebook.com\/wirmachenauf\" \/>\n<meta property=\"article:published_time\" content=\"2023-10-19T15:47:28+00:00\" \/>\n<meta property=\"og:image\" content=\"https:\/\/now-news.de\/de\/wp-content\/uploads\/sites\/3\/2023\/10\/EU-Kommission-Meta-und-TikTok-muessen-ihre-Massnahmen-gegen-Desinformation-darlegen.jpg\" \/>\n\t<meta property=\"og:image:width\" content=\"460\" \/>\n\t<meta property=\"og:image:height\" content=\"259\" \/>\n\t<meta property=\"og:image:type\" content=\"image\/jpeg\" \/>\n<meta name=\"author\" content=\"rtnews\" \/>\n<meta name=\"twitter:card\" content=\"summary_large_image\" \/>\n<meta name=\"twitter:creator\" content=\"@WirMachenAuf_de\" \/>\n<meta name=\"twitter:site\" content=\"@WirMachenAuf_de\" \/>\n<meta name=\"twitter:label1\" content=\"Verfasst von\" \/>\n\t<meta name=\"twitter:data1\" content=\"rtnews\" \/>\n\t<meta name=\"twitter:label2\" content=\"Gesch\u00e4tzte Lesezeit\" \/>\n\t<meta name=\"twitter:data2\" content=\"2\u00a0Minuten\" \/>\n<script type=\"application\/ld+json\" class=\"yoast-schema-graph\">{\"@context\":\"https:\/\/schema.org\",\"@graph\":[{\"@type\":\"Article\",\"@id\":\"https:\/\/now-news.de\/de\/deutschland\/eu-kommission-meta-und-tiktok-muessen-ihre-massnahmen-gegen-desinformation-darlegen\/#article\",\"isPartOf\":{\"@id\":\"https:\/\/now-news.de\/de\/deutschland\/eu-kommission-meta-und-tiktok-muessen-ihre-massnahmen-gegen-desinformation-darlegen\/\"},\"author\":{\"name\":\"rtnews\",\"@id\":\"https:\/\/now-news.de\/de\/#\/schema\/person\/fb534a4e865501d8b3285208df34a9b5\"},\"headline\":\"EU-Kommission: Meta und TikTok m\u00fcssen ihre Ma\u00dfnahmen gegen Desinformation darlegen\",\"datePublished\":\"2023-10-19T15:47:28+00:00\",\"dateModified\":\"2023-10-19T15:47:28+00:00\",\"mainEntityOfPage\":{\"@id\":\"https:\/\/now-news.de\/de\/deutschland\/eu-kommission-meta-und-tiktok-muessen-ihre-massnahmen-gegen-desinformation-darlegen\/\"},\"wordCount\":415,\"commentCount\":0,\"publisher\":{\"@id\":\"https:\/\/now-news.de\/de\/#organization\"},\"image\":{\"@id\":\"https:\/\/now-news.de\/de\/deutschland\/eu-kommission-meta-und-tiktok-muessen-ihre-massnahmen-gegen-desinformation-darlegen\/#primaryimage\"},\"thumbnailUrl\":\"https:\/\/now-news.de\/de\/wp-content\/uploads\/sites\/3\/2023\/10\/EU-Kommission-Meta-und-TikTok-muessen-ihre-Massnahmen-gegen-Desinformation-darlegen.jpg\",\"keywords\":[\"darlegen\",\"Desinformation\",\"EUKommission\",\"gegen\",\"ihre\",\"Massnahmen\",\"meta\",\"m\u00fcssen\",\"Tiktok\",\"und\"],\"articleSection\":[\"Deutschland\",\"Russland\"],\"inLanguage\":\"de\",\"potentialAction\":[{\"@type\":\"CommentAction\",\"name\":\"Comment\",\"target\":[\"https:\/\/now-news.de\/de\/deutschland\/eu-kommission-meta-und-tiktok-muessen-ihre-massnahmen-gegen-desinformation-darlegen\/#respond\"]}]},{\"@type\":\"WebPage\",\"@id\":\"https:\/\/now-news.de\/de\/deutschland\/eu-kommission-meta-und-tiktok-muessen-ihre-massnahmen-gegen-desinformation-darlegen\/\",\"url\":\"https:\/\/now-news.de\/de\/deutschland\/eu-kommission-meta-und-tiktok-muessen-ihre-massnahmen-gegen-desinformation-darlegen\/\",\"name\":\"EU-Kommission: Meta und TikTok m\u00fcssen ihre Ma\u00dfnahmen gegen Desinformation darlegen - just-now.NEWS Deutschland\",\"isPartOf\":{\"@id\":\"https:\/\/now-news.de\/de\/#website\"},\"primaryImageOfPage\":{\"@id\":\"https:\/\/now-news.de\/de\/deutschland\/eu-kommission-meta-und-tiktok-muessen-ihre-massnahmen-gegen-desinformation-darlegen\/#primaryimage\"},\"image\":{\"@id\":\"https:\/\/now-news.de\/de\/deutschland\/eu-kommission-meta-und-tiktok-muessen-ihre-massnahmen-gegen-desinformation-darlegen\/#primaryimage\"},\"thumbnailUrl\":\"https:\/\/now-news.de\/de\/wp-content\/uploads\/sites\/3\/2023\/10\/EU-Kommission-Meta-und-TikTok-muessen-ihre-Massnahmen-gegen-Desinformation-darlegen.jpg\",\"datePublished\":\"2023-10-19T15:47:28+00:00\",\"dateModified\":\"2023-10-19T15:47:28+00:00\",\"breadcrumb\":{\"@id\":\"https:\/\/now-news.de\/de\/deutschland\/eu-kommission-meta-und-tiktok-muessen-ihre-massnahmen-gegen-desinformation-darlegen\/#breadcrumb\"},\"inLanguage\":\"de\",\"potentialAction\":[{\"@type\":\"ReadAction\",\"target\":[\"https:\/\/now-news.de\/de\/deutschland\/eu-kommission-meta-und-tiktok-muessen-ihre-massnahmen-gegen-desinformation-darlegen\/\"]}]},{\"@type\":\"ImageObject\",\"inLanguage\":\"de\",\"@id\":\"https:\/\/now-news.de\/de\/deutschland\/eu-kommission-meta-und-tiktok-muessen-ihre-massnahmen-gegen-desinformation-darlegen\/#primaryimage\",\"url\":\"https:\/\/now-news.de\/de\/wp-content\/uploads\/sites\/3\/2023\/10\/EU-Kommission-Meta-und-TikTok-muessen-ihre-Massnahmen-gegen-Desinformation-darlegen.jpg\",\"contentUrl\":\"https:\/\/now-news.de\/de\/wp-content\/uploads\/sites\/3\/2023\/10\/EU-Kommission-Meta-und-TikTok-muessen-ihre-Massnahmen-gegen-Desinformation-darlegen.jpg\",\"width\":460,\"height\":259,\"caption\":\"EU-Kommission: Meta und TikTok m\u00fcssen ihre Ma\u00dfnahmen gegen Desinformation darlegen\"},{\"@type\":\"BreadcrumbList\",\"@id\":\"https:\/\/now-news.de\/de\/deutschland\/eu-kommission-meta-und-tiktok-muessen-ihre-massnahmen-gegen-desinformation-darlegen\/#breadcrumb\",\"itemListElement\":[{\"@type\":\"ListItem\",\"position\":1,\"name\":\"Home\",\"item\":\"https:\/\/now-news.de\/de\/\"},{\"@type\":\"ListItem\",\"position\":2,\"name\":\"EU-Kommission: Meta und TikTok m\u00fcssen ihre Ma\u00dfnahmen gegen Desinformation darlegen\"}]},{\"@type\":\"WebSite\",\"@id\":\"https:\/\/now-news.de\/de\/#website\",\"url\":\"https:\/\/now-news.de\/de\/\",\"name\":\"just-now.NEWS Deutschland\",\"description\":\"Das Portal f\u00fcr unzensierte Nachrichten aus der Welt\",\"publisher\":{\"@id\":\"https:\/\/now-news.de\/de\/#organization\"},\"potentialAction\":[{\"@type\":\"SearchAction\",\"target\":{\"@type\":\"EntryPoint\",\"urlTemplate\":\"https:\/\/now-news.de\/de\/?s={search_term_string}\"},\"query-input\":\"required name=search_term_string\"}],\"inLanguage\":\"de\"},{\"@type\":\"Organization\",\"@id\":\"https:\/\/now-news.de\/de\/#organization\",\"name\":\"Just Now News\",\"url\":\"https:\/\/now-news.de\/de\/\",\"logo\":{\"@type\":\"ImageObject\",\"inLanguage\":\"de\",\"@id\":\"https:\/\/now-news.de\/de\/#\/schema\/logo\/image\/\",\"url\":\"http:\/\/just-now.news\/de\/wp-content\/uploads\/sites\/3\/2022\/04\/logo500x500.jpg\",\"contentUrl\":\"http:\/\/just-now.news\/de\/wp-content\/uploads\/sites\/3\/2022\/04\/logo500x500.jpg\",\"width\":500,\"height\":500,\"caption\":\"Just Now News\"},\"image\":{\"@id\":\"https:\/\/now-news.de\/de\/#\/schema\/logo\/image\/\"},\"sameAs\":[\"https:\/\/www.facebook.com\/wirmachenauf\",\"https:\/\/x.com\/WirMachenAuf_de\"]},{\"@type\":\"Person\",\"@id\":\"https:\/\/now-news.de\/de\/#\/schema\/person\/fb534a4e865501d8b3285208df34a9b5\",\"name\":\"rtnews\",\"image\":{\"@type\":\"ImageObject\",\"inLanguage\":\"de\",\"@id\":\"https:\/\/now-news.de\/de\/#\/schema\/person\/image\/\",\"url\":\"https:\/\/secure.gravatar.com\/avatar\/82aafea7d8127119dd649515f56e2117?s=96&d=mm&r=g\",\"contentUrl\":\"https:\/\/secure.gravatar.com\/avatar\/82aafea7d8127119dd649515f56e2117?s=96&d=mm&r=g\",\"caption\":\"rtnews\"},\"url\":\"https:\/\/now-news.de\/de\/author\/rnews\/\"}]}<\/script>\n<!-- \/ Yoast SEO Premium plugin. -->","yoast_head_json":{"title":"EU-Kommission: Meta und TikTok m\u00fcssen ihre Ma\u00dfnahmen gegen Desinformation darlegen - just-now.NEWS Deutschland","robots":{"index":"index","follow":"follow","max-snippet":"max-snippet:-1","max-image-preview":"max-image-preview:large","max-video-preview":"max-video-preview:-1"},"canonical":"https:\/\/now-news.de\/de\/deutschland\/eu-kommission-meta-und-tiktok-muessen-ihre-massnahmen-gegen-desinformation-darlegen\/","og_locale":"de_DE","og_type":"article","og_title":"EU-Kommission: Meta und TikTok m\u00fcssen ihre Ma\u00dfnahmen gegen Desinformation darlegen","og_description":"Das EU-Gesetz \u00fcber digitale Dienstleistungen erm\u00e4chtigt die EU-Kommission, Online-Plattformen Vorgaben zu ihrem Umgang mit Informationen zu machen. Nun hat die EU-Kommission zwei der gro\u00dfen Anbieter aufgefordert, ihre &#8220;Ma\u00dfnahmen gegen Desinformation&#8221; darzulegen. Die EU-Kommission teilte heute mit, sie habe auf Grundlage des neuen EU-Gesetzes \u00fcber digitale Dienstleistungen (Digital Services Act, DSA) einen Fragenkatalog an die Unternehmen [&hellip;]","og_url":"https:\/\/now-news.de\/de\/deutschland\/eu-kommission-meta-und-tiktok-muessen-ihre-massnahmen-gegen-desinformation-darlegen\/","og_site_name":"just-now.NEWS Deutschland","article_publisher":"https:\/\/www.facebook.com\/wirmachenauf","article_published_time":"2023-10-19T15:47:28+00:00","og_image":[{"width":460,"height":259,"url":"https:\/\/now-news.de\/de\/wp-content\/uploads\/sites\/3\/2023\/10\/EU-Kommission-Meta-und-TikTok-muessen-ihre-Massnahmen-gegen-Desinformation-darlegen.jpg","type":"image\/jpeg"}],"author":"rtnews","twitter_card":"summary_large_image","twitter_creator":"@WirMachenAuf_de","twitter_site":"@WirMachenAuf_de","twitter_misc":{"Verfasst von":"rtnews","Gesch\u00e4tzte Lesezeit":"2\u00a0Minuten"},"schema":{"@context":"https:\/\/schema.org","@graph":[{"@type":"Article","@id":"https:\/\/now-news.de\/de\/deutschland\/eu-kommission-meta-und-tiktok-muessen-ihre-massnahmen-gegen-desinformation-darlegen\/#article","isPartOf":{"@id":"https:\/\/now-news.de\/de\/deutschland\/eu-kommission-meta-und-tiktok-muessen-ihre-massnahmen-gegen-desinformation-darlegen\/"},"author":{"name":"rtnews","@id":"https:\/\/now-news.de\/de\/#\/schema\/person\/fb534a4e865501d8b3285208df34a9b5"},"headline":"EU-Kommission: Meta und TikTok m\u00fcssen ihre Ma\u00dfnahmen gegen Desinformation darlegen","datePublished":"2023-10-19T15:47:28+00:00","dateModified":"2023-10-19T15:47:28+00:00","mainEntityOfPage":{"@id":"https:\/\/now-news.de\/de\/deutschland\/eu-kommission-meta-und-tiktok-muessen-ihre-massnahmen-gegen-desinformation-darlegen\/"},"wordCount":415,"commentCount":0,"publisher":{"@id":"https:\/\/now-news.de\/de\/#organization"},"image":{"@id":"https:\/\/now-news.de\/de\/deutschland\/eu-kommission-meta-und-tiktok-muessen-ihre-massnahmen-gegen-desinformation-darlegen\/#primaryimage"},"thumbnailUrl":"https:\/\/now-news.de\/de\/wp-content\/uploads\/sites\/3\/2023\/10\/EU-Kommission-Meta-und-TikTok-muessen-ihre-Massnahmen-gegen-Desinformation-darlegen.jpg","keywords":["darlegen","Desinformation","EUKommission","gegen","ihre","Massnahmen","meta","m\u00fcssen","Tiktok","und"],"articleSection":["Deutschland","Russland"],"inLanguage":"de","potentialAction":[{"@type":"CommentAction","name":"Comment","target":["https:\/\/now-news.de\/de\/deutschland\/eu-kommission-meta-und-tiktok-muessen-ihre-massnahmen-gegen-desinformation-darlegen\/#respond"]}]},{"@type":"WebPage","@id":"https:\/\/now-news.de\/de\/deutschland\/eu-kommission-meta-und-tiktok-muessen-ihre-massnahmen-gegen-desinformation-darlegen\/","url":"https:\/\/now-news.de\/de\/deutschland\/eu-kommission-meta-und-tiktok-muessen-ihre-massnahmen-gegen-desinformation-darlegen\/","name":"EU-Kommission: Meta und TikTok m\u00fcssen ihre Ma\u00dfnahmen gegen Desinformation darlegen - just-now.NEWS Deutschland","isPartOf":{"@id":"https:\/\/now-news.de\/de\/#website"},"primaryImageOfPage":{"@id":"https:\/\/now-news.de\/de\/deutschland\/eu-kommission-meta-und-tiktok-muessen-ihre-massnahmen-gegen-desinformation-darlegen\/#primaryimage"},"image":{"@id":"https:\/\/now-news.de\/de\/deutschland\/eu-kommission-meta-und-tiktok-muessen-ihre-massnahmen-gegen-desinformation-darlegen\/#primaryimage"},"thumbnailUrl":"https:\/\/now-news.de\/de\/wp-content\/uploads\/sites\/3\/2023\/10\/EU-Kommission-Meta-und-TikTok-muessen-ihre-Massnahmen-gegen-Desinformation-darlegen.jpg","datePublished":"2023-10-19T15:47:28+00:00","dateModified":"2023-10-19T15:47:28+00:00","breadcrumb":{"@id":"https:\/\/now-news.de\/de\/deutschland\/eu-kommission-meta-und-tiktok-muessen-ihre-massnahmen-gegen-desinformation-darlegen\/#breadcrumb"},"inLanguage":"de","potentialAction":[{"@type":"ReadAction","target":["https:\/\/now-news.de\/de\/deutschland\/eu-kommission-meta-und-tiktok-muessen-ihre-massnahmen-gegen-desinformation-darlegen\/"]}]},{"@type":"ImageObject","inLanguage":"de","@id":"https:\/\/now-news.de\/de\/deutschland\/eu-kommission-meta-und-tiktok-muessen-ihre-massnahmen-gegen-desinformation-darlegen\/#primaryimage","url":"https:\/\/now-news.de\/de\/wp-content\/uploads\/sites\/3\/2023\/10\/EU-Kommission-Meta-und-TikTok-muessen-ihre-Massnahmen-gegen-Desinformation-darlegen.jpg","contentUrl":"https:\/\/now-news.de\/de\/wp-content\/uploads\/sites\/3\/2023\/10\/EU-Kommission-Meta-und-TikTok-muessen-ihre-Massnahmen-gegen-Desinformation-darlegen.jpg","width":460,"height":259,"caption":"EU-Kommission: Meta und TikTok m\u00fcssen ihre Ma\u00dfnahmen gegen Desinformation darlegen"},{"@type":"BreadcrumbList","@id":"https:\/\/now-news.de\/de\/deutschland\/eu-kommission-meta-und-tiktok-muessen-ihre-massnahmen-gegen-desinformation-darlegen\/#breadcrumb","itemListElement":[{"@type":"ListItem","position":1,"name":"Home","item":"https:\/\/now-news.de\/de\/"},{"@type":"ListItem","position":2,"name":"EU-Kommission: Meta und TikTok m\u00fcssen ihre Ma\u00dfnahmen gegen Desinformation darlegen"}]},{"@type":"WebSite","@id":"https:\/\/now-news.de\/de\/#website","url":"https:\/\/now-news.de\/de\/","name":"just-now.NEWS Deutschland","description":"Das Portal f\u00fcr unzensierte Nachrichten aus der Welt","publisher":{"@id":"https:\/\/now-news.de\/de\/#organization"},"potentialAction":[{"@type":"SearchAction","target":{"@type":"EntryPoint","urlTemplate":"https:\/\/now-news.de\/de\/?s={search_term_string}"},"query-input":"required name=search_term_string"}],"inLanguage":"de"},{"@type":"Organization","@id":"https:\/\/now-news.de\/de\/#organization","name":"Just Now News","url":"https:\/\/now-news.de\/de\/","logo":{"@type":"ImageObject","inLanguage":"de","@id":"https:\/\/now-news.de\/de\/#\/schema\/logo\/image\/","url":"http:\/\/just-now.news\/de\/wp-content\/uploads\/sites\/3\/2022\/04\/logo500x500.jpg","contentUrl":"http:\/\/just-now.news\/de\/wp-content\/uploads\/sites\/3\/2022\/04\/logo500x500.jpg","width":500,"height":500,"caption":"Just Now News"},"image":{"@id":"https:\/\/now-news.de\/de\/#\/schema\/logo\/image\/"},"sameAs":["https:\/\/www.facebook.com\/wirmachenauf","https:\/\/x.com\/WirMachenAuf_de"]},{"@type":"Person","@id":"https:\/\/now-news.de\/de\/#\/schema\/person\/fb534a4e865501d8b3285208df34a9b5","name":"rtnews","image":{"@type":"ImageObject","inLanguage":"de","@id":"https:\/\/now-news.de\/de\/#\/schema\/person\/image\/","url":"https:\/\/secure.gravatar.com\/avatar\/82aafea7d8127119dd649515f56e2117?s=96&d=mm&r=g","contentUrl":"https:\/\/secure.gravatar.com\/avatar\/82aafea7d8127119dd649515f56e2117?s=96&d=mm&r=g","caption":"rtnews"},"url":"https:\/\/now-news.de\/de\/author\/rnews\/"}]}},"_links":{"self":[{"href":"https:\/\/now-news.de\/de\/wp-json\/wp\/v2\/posts\/48372"}],"collection":[{"href":"https:\/\/now-news.de\/de\/wp-json\/wp\/v2\/posts"}],"about":[{"href":"https:\/\/now-news.de\/de\/wp-json\/wp\/v2\/types\/post"}],"author":[{"embeddable":true,"href":"https:\/\/now-news.de\/de\/wp-json\/wp\/v2\/users\/3"}],"replies":[{"embeddable":true,"href":"https:\/\/now-news.de\/de\/wp-json\/wp\/v2\/comments?post=48372"}],"version-history":[{"count":0,"href":"https:\/\/now-news.de\/de\/wp-json\/wp\/v2\/posts\/48372\/revisions"}],"wp:featuredmedia":[{"embeddable":true,"href":"https:\/\/now-news.de\/de\/wp-json\/wp\/v2\/media\/48373"}],"wp:attachment":[{"href":"https:\/\/now-news.de\/de\/wp-json\/wp\/v2\/media?parent=48372"}],"wp:term":[{"taxonomy":"category","embeddable":true,"href":"https:\/\/now-news.de\/de\/wp-json\/wp\/v2\/categories?post=48372"},{"taxonomy":"post_tag","embeddable":true,"href":"https:\/\/now-news.de\/de\/wp-json\/wp\/v2\/tags?post=48372"}],"curies":[{"name":"wp","href":"https:\/\/api.w.org\/{rel}","templated":true}]}}