{"id":4836,"date":"2022-04-29T12:44:46","date_gmt":"2022-04-29T10:44:46","guid":{"rendered":"http:\/\/just-now.news\/de\/deutschland\/nach-verlegung-des-khashoggi-prozesses-nach-saudi-arabien-erdogan-besucht-bin-salman\/"},"modified":"2022-04-29T12:44:46","modified_gmt":"2022-04-29T10:44:46","slug":"nach-verlegung-des-khashoggi-prozesses-nach-saudi-arabien-erdogan-besucht-bin-salman","status":"publish","type":"post","link":"https:\/\/now-news.de\/de\/deutschland\/nach-verlegung-des-khashoggi-prozesses-nach-saudi-arabien-erdogan-besucht-bin-salman\/","title":{"rendered":"Nach Verlegung des Khashoggi-Prozesses nach Saudi-Arabien: Erdo\u011fan besucht Bin Salman"},"content":{"rendered":"<div class=\"Text-root Text-type_5 ArticleView-text ViewText-root \">\n<p><em>von Seyed Alireza Mousavi<\/em><\/p>\n<p>Die T\u00fcrkei verfolgt keine klare\u00a0Linie\u00a0in der Au\u00dfenpolitik. Pr\u00e4sident Recep Tayyip Erdo\u011fan hat\u00a0auf der geopolitischen Ebene in letzter Zeit relativ erfolgreich zwischen Russland und den USA\u00a0 laviert. Der au\u00dfenpolitische Kurs des Landes wird derzeit\u00a0grunds\u00e4tzlich von den aktuellen Entwicklungen in der Weltpolitik gesteuert.<\/p>\n<div class=\"ReadMore-root Section-root Section-is1to3-xs_is1to1\" data-widgets=\"ReadMore\" data-has-alias>\n<div class=\"Section-container Section-isRow-isTop-isWrap\">\n<article class=\"Card-root Card-is1to1 \">\n<div class=\"Card-imageWrap\">\n<div class=\"Card-picture\">\n<picture class=\"Picture-root Picture-default\"><!--[if IE 9]><video style=\"display: none;\"><![endif]--><source media=\"(-webkit-min-device-pixel-ratio: 2) and (min-resolution: 120dpi)\" data-srcset=\" \nhttps:\/\/cdni.russiatoday.com\/deutsch\/images\/2022.01\/thumbnail\/61d6d31bb480cc4f853288a8.jpg 850w,\n                https:\/\/cdni.russiatoday.com\/deutsch\/images\/2022.01\/article\/61d6d31bb480cc4f853288a8.jpg 1960w,\n            \" srcset=\"data:image\/png;base64,iVBORw0KGgoAAAANSUhEUgAAABAAAAAJCAQAAACRI2S5AAAAEElEQVR42mNkIAAYRxWAAQAG9gAKqv6+AwAAAABJRU5ErkJggg==\"><source data-srcset=\" \nhttps:\/\/cdni.russiatoday.com\/deutsch\/images\/2022.01\/thumbnail\/61d6d31bb480cc4f853288a8.jpg 460w,\n              https:\/\/cdni.russiatoday.com\/deutsch\/images\/2022.01\/article\/61d6d31bb480cc4f853288a8.jpg 980w,\n            \" srcset=\"data:image\/png;base64,iVBORw0KGgoAAAANSUhEUgAAABAAAAAJCAQAAACRI2S5AAAAEElEQVR42mNkIAAYRxWAAQAG9gAKqv6+AwAAAABJRU5ErkJggg==\"><!--[if IE 9]><\/video><![endif]--><\/source><\/source><\/picture><!-- noscript pattern --><noscript><img decoding=\"async\" src=\"https:\/\/cdni.russiatoday.com\/deutsch\/images\/2022.01\/article\/61d6d31bb480cc4f853288a8.jpg\" alt=\"Erdo\u011fan will nach Saudi-Arabien reisen: Die T\u00fcrkei hofft in der W\u00e4hrungskrise auf die Golfstaaten\"><\/noscript>    <\/div><\/div>\n<div class=\"Card-contentWrap\">\n<div class=\"Card-label\">\n                <span class=\"Label-root Label-analyse\"><br \/>\n                    Analyse<br \/>\n                <\/span>\n            <\/div>\n<div class=\"Card-content\">\n<div class=\"Card-title\">\n<div class=\"HeaderNews-root HeaderNews-type_6 \">\n<p>            <a target=\"_blank\" href=\"https:\/\/de.rt.com\/der-nahe-osten\/129471-erdogan-will-nach-saudi-arabien-reisen\/\" class=\"Link-root Link-isFullCard \" rel=\"noopener\"><br \/>\n                Erdo\u011fan will nach Saudi-Arabien reisen: Die T\u00fcrkei hofft in der W\u00e4hrungskrise auf die Golfstaaten<br \/>\n            <\/a><\/p><\/div><\/div><\/div><\/div>\n<\/article>\n<\/div><\/div>\n<p>Dementsprechend f\u00e4hrt die T\u00fcrkei auch im Nahen Osten eine Schaukelpolitik, die sich an keine klaren Regeln h\u00e4lt\u00a0\u2013 je nachdem, wie sich die Lage entwickelt. W\u00e4hrend Erdo\u011fan sich\u00a0in letzter Zeit gern als F\u00fcrsprecher pal\u00e4stinensischer Anliegen in Szene gesetzt hat, traf er sich k\u00fcrzlich in einem \u00fcberraschenden Schritt mit dem israelischen Pr\u00e4sidenten\u00a0Isaac Herzog.\u00a0Der t\u00fcrkische Staatschef\u00a0sprach angesichts des Besuchs seines israelischen Kollegen in\u00a0Ankara gar von einem &#8220;Wendepunkt&#8221; in den Beziehungen beider L\u00e4nder.<\/p>\n<p>Insofern ist auch Erdo\u011fans Reise nach Saudi-Arabien und sein Treffen mit dem Kronprinzen Mohammad Bin Salman am Freitag kein diplomatisches Wunder.\u00a0Der Besuch belege den gemeinsamen Willen, eine neue \u00c4ra der Zusammenarbeit als zwei br\u00fcderliche Staaten zu starten, sagte\u00a0der t\u00fcrkische Pr\u00e4sident am Donnerstag vor seiner Abreise\u00a0nach Saudi-Arabien.<\/p>\n<p>Seit 2013, als sich mit dem Putsch in \u00c4gypten die Hoffnungen\u00a0der T\u00fcrkei\u00a0zerschlagen hatten, in der islamischen Welt eine f\u00fchrende Rolle zu \u00fcbernehmen, haben sich im Zuge des sogenannten Arabischen Fr\u00fchlings die Beziehungen der T\u00fcrkei zu konterrevolution\u00e4ren Staaten wie Saudi-Arabien verschlechtert. Die Beziehungen zwischen\u00a0Ankara und\u00a0Riad erreichte dann 2018\u00a0einen\u00a0Tiefpunkt. Denn im Oktober 2018 wurde der saudische Journalist Jamal Khashoggi im saudischen Konsulat in Istanbul grausam ermordet.<\/p>\n<p>Khashoggi\u00a0hatte dort einen Termin zur Vorbereitung der Hochzeit mit seiner Verlobten, einer t\u00fcrkischen Staatsb\u00fcrgerin.\u00a0Der Mordfall hatte zu einer drastischen Verschlechterung der Beziehungen zwischen\u00a0der T\u00fcrkei und\u00a0Saudi-Arabien gef\u00fchrt. US-Geheimdienste sehen bis heute den Kronprinzen als Drahtzieher dieser Mordaktion. Schlie\u00dflich war Khashoggi ein prominenter Kritiker von Bin Salman und pendelte seinerzeit zwischen den USA und der T\u00fcrkei, wo er\u00a0der\u00a0Muslimbr\u00fcderschaft nahestand, einem von Erdo\u011fan unterst\u00fctzten Netzwerk im Nahen Osten.\u00a0Den Mord empfand der t\u00fcrkische Pr\u00e4sident\u00a0daher auch als pers\u00f6nlichen Affront.<\/p>\n<div class=\"ReadMore-root Section-root Section-is1to3-xs_is1to1\" data-widgets=\"ReadMore\" data-has-alias>\n<div class=\"Section-container Section-isRow-isTop-isWrap\">\n<article class=\"Card-root Card-is1to1 \">\n<div class=\"Card-imageWrap\">\n<div class=\"Card-picture\">\n<picture class=\"Picture-root Picture-default\"><!--[if IE 9]><video style=\"display: none;\"><![endif]--><source media=\"(-webkit-min-device-pixel-ratio: 2) and (min-resolution: 120dpi)\" data-srcset=\" \nhttps:\/\/cdni.russiatoday.com\/deutsch\/images\/2022.03\/thumbnail\/62459371b480cc29b118d4cc.jpg 850w,\n                https:\/\/cdni.russiatoday.com\/deutsch\/images\/2022.03\/article\/62459371b480cc29b118d4cc.jpg 1960w,\n            \" srcset=\"data:image\/png;base64,iVBORw0KGgoAAAANSUhEUgAAABAAAAAJCAQAAACRI2S5AAAAEElEQVR42mNkIAAYRxWAAQAG9gAKqv6+AwAAAABJRU5ErkJggg==\"><source data-srcset=\" \nhttps:\/\/cdni.russiatoday.com\/deutsch\/images\/2022.03\/thumbnail\/62459371b480cc29b118d4cc.jpg 460w,\n              https:\/\/cdni.russiatoday.com\/deutsch\/images\/2022.03\/article\/62459371b480cc29b118d4cc.jpg 980w,\n            \" srcset=\"data:image\/png;base64,iVBORw0KGgoAAAANSUhEUgAAABAAAAAJCAQAAACRI2S5AAAAEElEQVR42mNkIAAYRxWAAQAG9gAKqv6+AwAAAABJRU5ErkJggg==\"><!--[if IE 9]><\/video><![endif]--><img decoding=\"async\" data-sizes=\"auto\" src=\"data:image\/png;base64,iVBORw0KGgoAAAANSUhEUgAAABAAAAAJCAQAAACRI2S5AAAAEElEQVR42mNkIAAYRxWAAQAG9gAKqv6+AwAAAABJRU5ErkJggg==\" class=\"Picture-root Picture-default lazyload\" data-src=\"https:\/\/cdni.russiatoday.com\/deutsch\/images\/2022.03\/thumbnail\/62459371b480cc29b118d4cc.jpg\" alt=\"Ermordeter saudischer Journalist: T\u00fcrkei will Khashoggi-Prozess nach Saudi-Arabien verlegen\"><\/source><\/source><\/picture><!-- noscript pattern --><noscript><img decoding=\"async\" src=\"https:\/\/cdni.russiatoday.com\/deutsch\/images\/2022.03\/article\/62459371b480cc29b118d4cc.jpg\" alt=\"Ermordeter saudischer Journalist: T\u00fcrkei will Khashoggi-Prozess nach Saudi-Arabien verlegen\"><\/noscript>    <\/div><\/div>\n<div class=\"Card-contentWrap\">\n<div class=\"Card-content\">\n<div class=\"Card-title\">\n<div class=\"HeaderNews-root HeaderNews-type_6 \">\n<p>            <a target=\"_blank\" href=\"https:\/\/de.rt.com\/der-nahe-osten\/135109-tuerkei-will-khashoggi-prozess-nach-saudi-arabien-verlegen\/\" class=\"Link-root Link-isFullCard \" rel=\"noopener\"><br \/>\n                Ermordeter saudischer Journalist: T\u00fcrkei will Khashoggi-Prozess nach Saudi-Arabien verlegen<br \/>\n            <\/a><\/p><\/div><\/div><\/div><\/div>\n<\/article>\n<\/div><\/div>\n<p>Im Fall des 2018 ermordeten Khashoggi sprach sich die Staatsanwaltschaft in Istanbul allerdings k\u00fcrzlich f\u00fcr eine Einstellung des dortigen Verfahrens aus.\u00a0Der Prozess, in dem\u00a026 Verd\u00e4chtige aus Saudi-Arabien angeklagt waren, ist nun\u00a0stattdessen\u00a0nach\u00a0Saudi-Arabien\u00a0verlegt worden.\u00a0Bereits vor zwei Jahren gab es in Saudi-Arabien einen Prozess,\u00a0bei dem acht Personen wegen Mordes an Khashoggi verurteilt wurden. Menschenrechtsgruppen hatten damals allerdings erkl\u00e4rt, das sei nur\u00a0ein Scheinprozess.<\/p>\n<p>Mit der\u00a0Verlegung des Khashoggi-Prozesses nach Saudi-Arabien wurde eigentlich\u00a0die wichtigste Voraussetzung f\u00fcr Erdo\u011fans Besuch in Riad erf\u00fcllt. Hinzu kommt im Hintergrund, dass der t\u00fcrkische Pr\u00e4sident seine langj\u00e4hrige Unterst\u00fctzung f\u00fcr die Muslimbr\u00fcder in letzter Zeit immer\u00a0weiter\u00a0zur\u00fcckgefahren hat. Im November empfing Erdo\u011fan den Kronprinzen von\u00a0Abu Dhabi, Muhammad bin Zayid Al Nahyan, in Ankara.\u00a0Der Besuch einer hochrangigen t\u00fcrkischen Delegation in Kairo Anfang Mai 2021\u00a0hatte zuvor\u00a0ebenfalls einen Wendepunkt in den Beziehungen zwischen der T\u00fcrkei und \u00c4gypten markiert.<\/p>\n<div class=\"ReadMore-root Section-root Section-is1to3-xs_is1to1\" data-widgets=\"ReadMore\" data-has-alias>\n<div class=\"Section-container Section-isRow-isTop-isWrap\">\n<article class=\"Card-root Card-is1to1 \">\n<div class=\"Card-imageWrap\">\n<div class=\"Card-picture\">\n<picture class=\"Picture-root Picture-default\"><!--[if IE 9]><video style=\"display: none;\"><![endif]--><source media=\"(-webkit-min-device-pixel-ratio: 2) and (min-resolution: 120dpi)\" data-srcset=\" \nhttps:\/\/cdni.russiatoday.com\/deutsch\/images\/2022.03\/thumbnail\/623444ccb480cc185b705a8e.jpg 850w,\n                https:\/\/cdni.russiatoday.com\/deutsch\/images\/2022.03\/article\/623444ccb480cc185b705a8d.jpg 1960w,\n            \" srcset=\"data:image\/png;base64,iVBORw0KGgoAAAANSUhEUgAAABAAAAAJCAQAAACRI2S5AAAAEElEQVR42mNkIAAYRxWAAQAG9gAKqv6+AwAAAABJRU5ErkJggg==\"><source data-srcset=\" \nhttps:\/\/cdni.russiatoday.com\/deutsch\/images\/2022.03\/thumbnail\/623444ccb480cc185b705a8e.jpg 460w,\n              https:\/\/cdni.russiatoday.com\/deutsch\/images\/2022.03\/article\/623444ccb480cc185b705a8d.jpg 980w,\n            \" srcset=\"data:image\/png;base64,iVBORw0KGgoAAAANSUhEUgAAABAAAAAJCAQAAACRI2S5AAAAEElEQVR42mNkIAAYRxWAAQAG9gAKqv6+AwAAAABJRU5ErkJggg==\"><!--[if IE 9]><\/video><![endif]--><img decoding=\"async\" data-sizes=\"auto\" src=\"data:image\/png;base64,iVBORw0KGgoAAAANSUhEUgAAABAAAAAJCAQAAACRI2S5AAAAEElEQVR42mNkIAAYRxWAAQAG9gAKqv6+AwAAAABJRU5ErkJggg==\" class=\"Picture-root Picture-default lazyload\" data-src=\"https:\/\/cdni.russiatoday.com\/deutsch\/images\/2022.03\/thumbnail\/623444ccb480cc185b705a8e.jpg\" alt=\"Was sind Menschenrechte gegen \u00d6l \u2013 Boris Johnsons Scheitern in Saudi-Arabien\"><\/source><\/source><\/picture><!-- noscript pattern --><noscript><img decoding=\"async\" src=\"https:\/\/cdni.russiatoday.com\/deutsch\/images\/2022.03\/article\/623444ccb480cc185b705a8d.jpg\" alt=\"Was sind Menschenrechte gegen \u00d6l \u2013 Boris Johnsons Scheitern in Saudi-Arabien\"><\/noscript>    <\/div><\/div>\n<div class=\"Card-contentWrap\">\n<div class=\"Card-label\">\n            <span class=\"Label-root\"><br \/>\n                Meinung<br \/>\n            <\/span>\n        <\/div>\n<div class=\"Card-content\">\n<div class=\"Card-title\">\n<div class=\"HeaderNews-root HeaderNews-type_6 \">\n<p>            <a target=\"_blank\" href=\"https:\/\/de.rt.com\/meinung\/134097-forderung-menschenrechte-im-westen-entpuppt\/\" class=\"Link-root Link-isFullCard \" rel=\"noopener\"><br \/>\n                Was sind Menschenrechte gegen \u00d6l \u2013 Boris Johnsons Scheitern in Saudi-Arabien<br \/>\n            <\/a><\/p><\/div><\/div><\/div><\/div>\n<\/article>\n<\/div><\/div>\n<p>Die t\u00fcrkische Landesw\u00e4hrung Lira verliert\u00a0unterdessen weiter\u00a0an Wert, die Inflation steigt, und damit die Unzufriedenheit der Bev\u00f6lkerung. In Saudi-Arabien darf Erdo\u011fan\u00a0nun auf Zusagen f\u00fcr Investitionen und die Einstellung des inoffiziellen Boykotts t\u00fcrkischer Waren in dem Land\u00a0hoffen. Saudische Unternehmer und\u00a0Aktivisten hatten im Zuge der Verschlechterung\u00a0der Beziehungen zwischen Riad und Ankara 2020 zum Boykott t\u00fcrkischer Waren aufgerufen.<\/p>\n<p>Die Muslimbruderschaft wurde in den vergangenen Jahren\u00a0durch die ultrakonservativen Golfstaaten weitgehend geschw\u00e4cht. Saudi-Arabien und die Vereinigten Arabischen Emirate sind aktuell in erster Linie\u00a0besorgt \u00fcber den wachsenden Einfluss Irans, der sich auf ein Atomabkommen mit den USA zubewegt.\u00a0Eine enge Zusammenarbeit der T\u00fcrkei mit den arabischen Golfstaaten k\u00f6nnte eine neue Front gegen Iran \u00f6ffnen, falls die US-Sanktionen gegen Teheran aufgehoben w\u00fcrden.<\/p>\n<p><strong>Mehr zum Thema<\/strong> &#8211; <a target=\"_blank\" href=\"https:\/\/de.rt.com\/der-nahe-osten\/136337-israel-wunscht-sich-bessere-beziehungen\/\" rel=\"noopener noreferrer\">Israel w\u00fcnscht sich bessere Beziehungen zwischen USA und Saudi-Arabien<\/a><\/p>\n<\/p>\n<\/div>\n<p><br \/>\n<br \/><a href=\"https:\/\/de.rt.com\/der-nahe-osten\/137323-nach-verlegung-khashoggi-prozesses-nach\/\">Source link <\/a><\/p>\n","protected":false},"excerpt":{"rendered":"<p>von Seyed Alireza Mousavi Die T\u00fcrkei verfolgt keine klare\u00a0Linie\u00a0in der Au\u00dfenpolitik. Pr\u00e4sident Recep Tayyip Erdo\u011fan hat\u00a0auf der geopolitischen Ebene in letzter Zeit relativ erfolgreich zwischen Russland und den USA\u00a0 laviert. Der au\u00dfenpolitische Kurs des Landes wird derzeit\u00a0grunds\u00e4tzlich von den aktuellen Entwicklungen in der Weltpolitik gesteuert. Analyse Erdo\u011fan will nach Saudi-Arabien reisen: Die T\u00fcrkei hofft in [&hellip;]<\/p>\n","protected":false},"author":3,"featured_media":4837,"comment_status":"open","ping_status":"open","sticky":false,"template":"","format":"standard","meta":{"wp_automatic_camp":["217"],"c2109a2235eaf3e06939e304a5b53765":["Nach Verlegung des Khashoggi-Prozesses nach Saudi-Arabien: Erdo\u011fan besucht Bin Salman"],"original_link":["https:\/\/de.rt.com\/der-nahe-osten\/137323-nach-verlegung-khashoggi-prozesses-nach\/"],"_thumbnail_id":["4837"],"wp_automatic_remove_first_image":["yes"],"_wptg_p2tg_sent2tg":["2022-04-29 12:52:50"],"jnews_social_counter_last_update":["1777200094"]},"categories":[19,23],"tags":[4747,13698,583,13697,13696,979,13699,437,13695],"yoast_head":"<!-- This site is optimized with the Yoast SEO Premium plugin v22.7 (Yoast SEO v22.7) - https:\/\/yoast.com\/wordpress\/plugins\/seo\/ -->\n<title>Nach Verlegung des Khashoggi-Prozesses nach Saudi-Arabien: Erdo\u011fan besucht Bin Salman - just-now.NEWS Deutschland<\/title>\n<meta name=\"robots\" content=\"index, follow, max-snippet:-1, max-image-preview:large, max-video-preview:-1\" \/>\n<link rel=\"canonical\" href=\"https:\/\/now-news.de\/de\/deutschland\/nach-verlegung-des-khashoggi-prozesses-nach-saudi-arabien-erdogan-besucht-bin-salman\/\" \/>\n<meta property=\"og:locale\" content=\"de_DE\" \/>\n<meta property=\"og:type\" content=\"article\" \/>\n<meta property=\"og:title\" content=\"Nach Verlegung des Khashoggi-Prozesses nach Saudi-Arabien: Erdo\u011fan besucht Bin Salman\" \/>\n<meta property=\"og:description\" content=\"von Seyed Alireza Mousavi Die T\u00fcrkei verfolgt keine klare\u00a0Linie\u00a0in der Au\u00dfenpolitik. Pr\u00e4sident Recep Tayyip Erdo\u011fan hat\u00a0auf der geopolitischen Ebene in letzter Zeit relativ erfolgreich zwischen Russland und den USA\u00a0 laviert. Der au\u00dfenpolitische Kurs des Landes wird derzeit\u00a0grunds\u00e4tzlich von den aktuellen Entwicklungen in der Weltpolitik gesteuert. Analyse Erdo\u011fan will nach Saudi-Arabien reisen: Die T\u00fcrkei hofft in [&hellip;]\" \/>\n<meta property=\"og:url\" content=\"https:\/\/now-news.de\/de\/deutschland\/nach-verlegung-des-khashoggi-prozesses-nach-saudi-arabien-erdogan-besucht-bin-salman\/\" \/>\n<meta property=\"og:site_name\" content=\"just-now.NEWS Deutschland\" \/>\n<meta property=\"article:publisher\" content=\"https:\/\/www.facebook.com\/wirmachenauf\" \/>\n<meta property=\"article:published_time\" content=\"2022-04-29T10:44:46+00:00\" \/>\n<meta property=\"og:image\" content=\"https:\/\/now-news.de\/de\/wp-content\/uploads\/sites\/3\/2022\/04\/Nach-Verlegung-des-Khashoggi-Prozesses-nach-Saudi-Arabien-Erdogan-besucht-Bin-Salman.jpg\" \/>\n\t<meta property=\"og:image:width\" content=\"1104\" \/>\n\t<meta property=\"og:image:height\" content=\"622\" \/>\n\t<meta property=\"og:image:type\" content=\"image\/jpeg\" \/>\n<meta name=\"author\" content=\"rtnews\" \/>\n<meta name=\"twitter:card\" content=\"summary_large_image\" \/>\n<meta name=\"twitter:creator\" content=\"@WirMachenAuf_de\" \/>\n<meta name=\"twitter:site\" content=\"@WirMachenAuf_de\" \/>\n<meta name=\"twitter:label1\" content=\"Verfasst von\" \/>\n\t<meta name=\"twitter:data1\" content=\"rtnews\" \/>\n\t<meta name=\"twitter:label2\" content=\"Gesch\u00e4tzte Lesezeit\" \/>\n\t<meta name=\"twitter:data2\" content=\"4\u00a0Minuten\" \/>\n<script type=\"application\/ld+json\" class=\"yoast-schema-graph\">{\"@context\":\"https:\/\/schema.org\",\"@graph\":[{\"@type\":\"Article\",\"@id\":\"https:\/\/now-news.de\/de\/deutschland\/nach-verlegung-des-khashoggi-prozesses-nach-saudi-arabien-erdogan-besucht-bin-salman\/#article\",\"isPartOf\":{\"@id\":\"https:\/\/now-news.de\/de\/deutschland\/nach-verlegung-des-khashoggi-prozesses-nach-saudi-arabien-erdogan-besucht-bin-salman\/\"},\"author\":{\"name\":\"rtnews\",\"@id\":\"https:\/\/now-news.de\/de\/#\/schema\/person\/fb534a4e865501d8b3285208df34a9b5\"},\"headline\":\"Nach Verlegung des Khashoggi-Prozesses nach Saudi-Arabien: Erdo\u011fan besucht Bin Salman\",\"datePublished\":\"2022-04-29T10:44:46+00:00\",\"dateModified\":\"2022-04-29T10:44:46+00:00\",\"mainEntityOfPage\":{\"@id\":\"https:\/\/now-news.de\/de\/deutschland\/nach-verlegung-des-khashoggi-prozesses-nach-saudi-arabien-erdogan-besucht-bin-salman\/\"},\"wordCount\":720,\"commentCount\":0,\"publisher\":{\"@id\":\"https:\/\/now-news.de\/de\/#organization\"},\"image\":{\"@id\":\"https:\/\/now-news.de\/de\/deutschland\/nach-verlegung-des-khashoggi-prozesses-nach-saudi-arabien-erdogan-besucht-bin-salman\/#primaryimage\"},\"thumbnailUrl\":\"https:\/\/now-news.de\/de\/wp-content\/uploads\/sites\/3\/2022\/04\/Nach-Verlegung-des-Khashoggi-Prozesses-nach-Saudi-Arabien-Erdogan-besucht-Bin-Salman.jpg\",\"keywords\":[\"besucht\",\"Bin\",\"des\",\"Erdo\u011fan\",\"KhashoggiProzesses\",\"nach\",\"Salman\",\"SaudiArabien\",\"Verlegung\"],\"articleSection\":[\"Deutschland\",\"Russland\"],\"inLanguage\":\"de\",\"potentialAction\":[{\"@type\":\"CommentAction\",\"name\":\"Comment\",\"target\":[\"https:\/\/now-news.de\/de\/deutschland\/nach-verlegung-des-khashoggi-prozesses-nach-saudi-arabien-erdogan-besucht-bin-salman\/#respond\"]}]},{\"@type\":\"WebPage\",\"@id\":\"https:\/\/now-news.de\/de\/deutschland\/nach-verlegung-des-khashoggi-prozesses-nach-saudi-arabien-erdogan-besucht-bin-salman\/\",\"url\":\"https:\/\/now-news.de\/de\/deutschland\/nach-verlegung-des-khashoggi-prozesses-nach-saudi-arabien-erdogan-besucht-bin-salman\/\",\"name\":\"Nach Verlegung des Khashoggi-Prozesses nach Saudi-Arabien: Erdo\u011fan besucht Bin Salman - just-now.NEWS Deutschland\",\"isPartOf\":{\"@id\":\"https:\/\/now-news.de\/de\/#website\"},\"primaryImageOfPage\":{\"@id\":\"https:\/\/now-news.de\/de\/deutschland\/nach-verlegung-des-khashoggi-prozesses-nach-saudi-arabien-erdogan-besucht-bin-salman\/#primaryimage\"},\"image\":{\"@id\":\"https:\/\/now-news.de\/de\/deutschland\/nach-verlegung-des-khashoggi-prozesses-nach-saudi-arabien-erdogan-besucht-bin-salman\/#primaryimage\"},\"thumbnailUrl\":\"https:\/\/now-news.de\/de\/wp-content\/uploads\/sites\/3\/2022\/04\/Nach-Verlegung-des-Khashoggi-Prozesses-nach-Saudi-Arabien-Erdogan-besucht-Bin-Salman.jpg\",\"datePublished\":\"2022-04-29T10:44:46+00:00\",\"dateModified\":\"2022-04-29T10:44:46+00:00\",\"breadcrumb\":{\"@id\":\"https:\/\/now-news.de\/de\/deutschland\/nach-verlegung-des-khashoggi-prozesses-nach-saudi-arabien-erdogan-besucht-bin-salman\/#breadcrumb\"},\"inLanguage\":\"de\",\"potentialAction\":[{\"@type\":\"ReadAction\",\"target\":[\"https:\/\/now-news.de\/de\/deutschland\/nach-verlegung-des-khashoggi-prozesses-nach-saudi-arabien-erdogan-besucht-bin-salman\/\"]}]},{\"@type\":\"ImageObject\",\"inLanguage\":\"de\",\"@id\":\"https:\/\/now-news.de\/de\/deutschland\/nach-verlegung-des-khashoggi-prozesses-nach-saudi-arabien-erdogan-besucht-bin-salman\/#primaryimage\",\"url\":\"https:\/\/now-news.de\/de\/wp-content\/uploads\/sites\/3\/2022\/04\/Nach-Verlegung-des-Khashoggi-Prozesses-nach-Saudi-Arabien-Erdogan-besucht-Bin-Salman.jpg\",\"contentUrl\":\"https:\/\/now-news.de\/de\/wp-content\/uploads\/sites\/3\/2022\/04\/Nach-Verlegung-des-Khashoggi-Prozesses-nach-Saudi-Arabien-Erdogan-besucht-Bin-Salman.jpg\",\"width\":1104,\"height\":622,\"caption\":\"Nach Verlegung des Khashoggi-Prozesses nach Saudi-Arabien: Erdo\u011fan besucht Bin Salman\"},{\"@type\":\"BreadcrumbList\",\"@id\":\"https:\/\/now-news.de\/de\/deutschland\/nach-verlegung-des-khashoggi-prozesses-nach-saudi-arabien-erdogan-besucht-bin-salman\/#breadcrumb\",\"itemListElement\":[{\"@type\":\"ListItem\",\"position\":1,\"name\":\"Home\",\"item\":\"https:\/\/now-news.de\/de\/\"},{\"@type\":\"ListItem\",\"position\":2,\"name\":\"Nach Verlegung des Khashoggi-Prozesses nach Saudi-Arabien: Erdo\u011fan besucht Bin Salman\"}]},{\"@type\":\"WebSite\",\"@id\":\"https:\/\/now-news.de\/de\/#website\",\"url\":\"https:\/\/now-news.de\/de\/\",\"name\":\"just-now.NEWS Deutschland\",\"description\":\"Das Portal f\u00fcr unzensierte Nachrichten aus der Welt\",\"publisher\":{\"@id\":\"https:\/\/now-news.de\/de\/#organization\"},\"potentialAction\":[{\"@type\":\"SearchAction\",\"target\":{\"@type\":\"EntryPoint\",\"urlTemplate\":\"https:\/\/now-news.de\/de\/?s={search_term_string}\"},\"query-input\":\"required name=search_term_string\"}],\"inLanguage\":\"de\"},{\"@type\":\"Organization\",\"@id\":\"https:\/\/now-news.de\/de\/#organization\",\"name\":\"Just Now News\",\"url\":\"https:\/\/now-news.de\/de\/\",\"logo\":{\"@type\":\"ImageObject\",\"inLanguage\":\"de\",\"@id\":\"https:\/\/now-news.de\/de\/#\/schema\/logo\/image\/\",\"url\":\"http:\/\/just-now.news\/de\/wp-content\/uploads\/sites\/3\/2022\/04\/logo500x500.jpg\",\"contentUrl\":\"http:\/\/just-now.news\/de\/wp-content\/uploads\/sites\/3\/2022\/04\/logo500x500.jpg\",\"width\":500,\"height\":500,\"caption\":\"Just Now News\"},\"image\":{\"@id\":\"https:\/\/now-news.de\/de\/#\/schema\/logo\/image\/\"},\"sameAs\":[\"https:\/\/www.facebook.com\/wirmachenauf\",\"https:\/\/x.com\/WirMachenAuf_de\"]},{\"@type\":\"Person\",\"@id\":\"https:\/\/now-news.de\/de\/#\/schema\/person\/fb534a4e865501d8b3285208df34a9b5\",\"name\":\"rtnews\",\"image\":{\"@type\":\"ImageObject\",\"inLanguage\":\"de\",\"@id\":\"https:\/\/now-news.de\/de\/#\/schema\/person\/image\/\",\"url\":\"https:\/\/secure.gravatar.com\/avatar\/82aafea7d8127119dd649515f56e2117?s=96&d=mm&r=g\",\"contentUrl\":\"https:\/\/secure.gravatar.com\/avatar\/82aafea7d8127119dd649515f56e2117?s=96&d=mm&r=g\",\"caption\":\"rtnews\"},\"url\":\"https:\/\/now-news.de\/de\/author\/rnews\/\"}]}<\/script>\n<!-- \/ Yoast SEO Premium plugin. -->","yoast_head_json":{"title":"Nach Verlegung des Khashoggi-Prozesses nach Saudi-Arabien: Erdo\u011fan besucht Bin Salman - just-now.NEWS Deutschland","robots":{"index":"index","follow":"follow","max-snippet":"max-snippet:-1","max-image-preview":"max-image-preview:large","max-video-preview":"max-video-preview:-1"},"canonical":"https:\/\/now-news.de\/de\/deutschland\/nach-verlegung-des-khashoggi-prozesses-nach-saudi-arabien-erdogan-besucht-bin-salman\/","og_locale":"de_DE","og_type":"article","og_title":"Nach Verlegung des Khashoggi-Prozesses nach Saudi-Arabien: Erdo\u011fan besucht Bin Salman","og_description":"von Seyed Alireza Mousavi Die T\u00fcrkei verfolgt keine klare\u00a0Linie\u00a0in der Au\u00dfenpolitik. Pr\u00e4sident Recep Tayyip Erdo\u011fan hat\u00a0auf der geopolitischen Ebene in letzter Zeit relativ erfolgreich zwischen Russland und den USA\u00a0 laviert. Der au\u00dfenpolitische Kurs des Landes wird derzeit\u00a0grunds\u00e4tzlich von den aktuellen Entwicklungen in der Weltpolitik gesteuert. Analyse Erdo\u011fan will nach Saudi-Arabien reisen: Die T\u00fcrkei hofft in [&hellip;]","og_url":"https:\/\/now-news.de\/de\/deutschland\/nach-verlegung-des-khashoggi-prozesses-nach-saudi-arabien-erdogan-besucht-bin-salman\/","og_site_name":"just-now.NEWS Deutschland","article_publisher":"https:\/\/www.facebook.com\/wirmachenauf","article_published_time":"2022-04-29T10:44:46+00:00","og_image":[{"width":1104,"height":622,"url":"https:\/\/now-news.de\/de\/wp-content\/uploads\/sites\/3\/2022\/04\/Nach-Verlegung-des-Khashoggi-Prozesses-nach-Saudi-Arabien-Erdogan-besucht-Bin-Salman.jpg","type":"image\/jpeg"}],"author":"rtnews","twitter_card":"summary_large_image","twitter_creator":"@WirMachenAuf_de","twitter_site":"@WirMachenAuf_de","twitter_misc":{"Verfasst von":"rtnews","Gesch\u00e4tzte Lesezeit":"4\u00a0Minuten"},"schema":{"@context":"https:\/\/schema.org","@graph":[{"@type":"Article","@id":"https:\/\/now-news.de\/de\/deutschland\/nach-verlegung-des-khashoggi-prozesses-nach-saudi-arabien-erdogan-besucht-bin-salman\/#article","isPartOf":{"@id":"https:\/\/now-news.de\/de\/deutschland\/nach-verlegung-des-khashoggi-prozesses-nach-saudi-arabien-erdogan-besucht-bin-salman\/"},"author":{"name":"rtnews","@id":"https:\/\/now-news.de\/de\/#\/schema\/person\/fb534a4e865501d8b3285208df34a9b5"},"headline":"Nach Verlegung des Khashoggi-Prozesses nach Saudi-Arabien: Erdo\u011fan besucht Bin Salman","datePublished":"2022-04-29T10:44:46+00:00","dateModified":"2022-04-29T10:44:46+00:00","mainEntityOfPage":{"@id":"https:\/\/now-news.de\/de\/deutschland\/nach-verlegung-des-khashoggi-prozesses-nach-saudi-arabien-erdogan-besucht-bin-salman\/"},"wordCount":720,"commentCount":0,"publisher":{"@id":"https:\/\/now-news.de\/de\/#organization"},"image":{"@id":"https:\/\/now-news.de\/de\/deutschland\/nach-verlegung-des-khashoggi-prozesses-nach-saudi-arabien-erdogan-besucht-bin-salman\/#primaryimage"},"thumbnailUrl":"https:\/\/now-news.de\/de\/wp-content\/uploads\/sites\/3\/2022\/04\/Nach-Verlegung-des-Khashoggi-Prozesses-nach-Saudi-Arabien-Erdogan-besucht-Bin-Salman.jpg","keywords":["besucht","Bin","des","Erdo\u011fan","KhashoggiProzesses","nach","Salman","SaudiArabien","Verlegung"],"articleSection":["Deutschland","Russland"],"inLanguage":"de","potentialAction":[{"@type":"CommentAction","name":"Comment","target":["https:\/\/now-news.de\/de\/deutschland\/nach-verlegung-des-khashoggi-prozesses-nach-saudi-arabien-erdogan-besucht-bin-salman\/#respond"]}]},{"@type":"WebPage","@id":"https:\/\/now-news.de\/de\/deutschland\/nach-verlegung-des-khashoggi-prozesses-nach-saudi-arabien-erdogan-besucht-bin-salman\/","url":"https:\/\/now-news.de\/de\/deutschland\/nach-verlegung-des-khashoggi-prozesses-nach-saudi-arabien-erdogan-besucht-bin-salman\/","name":"Nach Verlegung des Khashoggi-Prozesses nach Saudi-Arabien: Erdo\u011fan besucht Bin Salman - just-now.NEWS Deutschland","isPartOf":{"@id":"https:\/\/now-news.de\/de\/#website"},"primaryImageOfPage":{"@id":"https:\/\/now-news.de\/de\/deutschland\/nach-verlegung-des-khashoggi-prozesses-nach-saudi-arabien-erdogan-besucht-bin-salman\/#primaryimage"},"image":{"@id":"https:\/\/now-news.de\/de\/deutschland\/nach-verlegung-des-khashoggi-prozesses-nach-saudi-arabien-erdogan-besucht-bin-salman\/#primaryimage"},"thumbnailUrl":"https:\/\/now-news.de\/de\/wp-content\/uploads\/sites\/3\/2022\/04\/Nach-Verlegung-des-Khashoggi-Prozesses-nach-Saudi-Arabien-Erdogan-besucht-Bin-Salman.jpg","datePublished":"2022-04-29T10:44:46+00:00","dateModified":"2022-04-29T10:44:46+00:00","breadcrumb":{"@id":"https:\/\/now-news.de\/de\/deutschland\/nach-verlegung-des-khashoggi-prozesses-nach-saudi-arabien-erdogan-besucht-bin-salman\/#breadcrumb"},"inLanguage":"de","potentialAction":[{"@type":"ReadAction","target":["https:\/\/now-news.de\/de\/deutschland\/nach-verlegung-des-khashoggi-prozesses-nach-saudi-arabien-erdogan-besucht-bin-salman\/"]}]},{"@type":"ImageObject","inLanguage":"de","@id":"https:\/\/now-news.de\/de\/deutschland\/nach-verlegung-des-khashoggi-prozesses-nach-saudi-arabien-erdogan-besucht-bin-salman\/#primaryimage","url":"https:\/\/now-news.de\/de\/wp-content\/uploads\/sites\/3\/2022\/04\/Nach-Verlegung-des-Khashoggi-Prozesses-nach-Saudi-Arabien-Erdogan-besucht-Bin-Salman.jpg","contentUrl":"https:\/\/now-news.de\/de\/wp-content\/uploads\/sites\/3\/2022\/04\/Nach-Verlegung-des-Khashoggi-Prozesses-nach-Saudi-Arabien-Erdogan-besucht-Bin-Salman.jpg","width":1104,"height":622,"caption":"Nach Verlegung des Khashoggi-Prozesses nach Saudi-Arabien: Erdo\u011fan besucht Bin Salman"},{"@type":"BreadcrumbList","@id":"https:\/\/now-news.de\/de\/deutschland\/nach-verlegung-des-khashoggi-prozesses-nach-saudi-arabien-erdogan-besucht-bin-salman\/#breadcrumb","itemListElement":[{"@type":"ListItem","position":1,"name":"Home","item":"https:\/\/now-news.de\/de\/"},{"@type":"ListItem","position":2,"name":"Nach Verlegung des Khashoggi-Prozesses nach Saudi-Arabien: Erdo\u011fan besucht Bin Salman"}]},{"@type":"WebSite","@id":"https:\/\/now-news.de\/de\/#website","url":"https:\/\/now-news.de\/de\/","name":"just-now.NEWS Deutschland","description":"Das Portal f\u00fcr unzensierte Nachrichten aus der Welt","publisher":{"@id":"https:\/\/now-news.de\/de\/#organization"},"potentialAction":[{"@type":"SearchAction","target":{"@type":"EntryPoint","urlTemplate":"https:\/\/now-news.de\/de\/?s={search_term_string}"},"query-input":"required name=search_term_string"}],"inLanguage":"de"},{"@type":"Organization","@id":"https:\/\/now-news.de\/de\/#organization","name":"Just Now News","url":"https:\/\/now-news.de\/de\/","logo":{"@type":"ImageObject","inLanguage":"de","@id":"https:\/\/now-news.de\/de\/#\/schema\/logo\/image\/","url":"http:\/\/just-now.news\/de\/wp-content\/uploads\/sites\/3\/2022\/04\/logo500x500.jpg","contentUrl":"http:\/\/just-now.news\/de\/wp-content\/uploads\/sites\/3\/2022\/04\/logo500x500.jpg","width":500,"height":500,"caption":"Just Now News"},"image":{"@id":"https:\/\/now-news.de\/de\/#\/schema\/logo\/image\/"},"sameAs":["https:\/\/www.facebook.com\/wirmachenauf","https:\/\/x.com\/WirMachenAuf_de"]},{"@type":"Person","@id":"https:\/\/now-news.de\/de\/#\/schema\/person\/fb534a4e865501d8b3285208df34a9b5","name":"rtnews","image":{"@type":"ImageObject","inLanguage":"de","@id":"https:\/\/now-news.de\/de\/#\/schema\/person\/image\/","url":"https:\/\/secure.gravatar.com\/avatar\/82aafea7d8127119dd649515f56e2117?s=96&d=mm&r=g","contentUrl":"https:\/\/secure.gravatar.com\/avatar\/82aafea7d8127119dd649515f56e2117?s=96&d=mm&r=g","caption":"rtnews"},"url":"https:\/\/now-news.de\/de\/author\/rnews\/"}]}},"_links":{"self":[{"href":"https:\/\/now-news.de\/de\/wp-json\/wp\/v2\/posts\/4836"}],"collection":[{"href":"https:\/\/now-news.de\/de\/wp-json\/wp\/v2\/posts"}],"about":[{"href":"https:\/\/now-news.de\/de\/wp-json\/wp\/v2\/types\/post"}],"author":[{"embeddable":true,"href":"https:\/\/now-news.de\/de\/wp-json\/wp\/v2\/users\/3"}],"replies":[{"embeddable":true,"href":"https:\/\/now-news.de\/de\/wp-json\/wp\/v2\/comments?post=4836"}],"version-history":[{"count":0,"href":"https:\/\/now-news.de\/de\/wp-json\/wp\/v2\/posts\/4836\/revisions"}],"wp:featuredmedia":[{"embeddable":true,"href":"https:\/\/now-news.de\/de\/wp-json\/wp\/v2\/media\/4837"}],"wp:attachment":[{"href":"https:\/\/now-news.de\/de\/wp-json\/wp\/v2\/media?parent=4836"}],"wp:term":[{"taxonomy":"category","embeddable":true,"href":"https:\/\/now-news.de\/de\/wp-json\/wp\/v2\/categories?post=4836"},{"taxonomy":"post_tag","embeddable":true,"href":"https:\/\/now-news.de\/de\/wp-json\/wp\/v2\/tags?post=4836"}],"curies":[{"name":"wp","href":"https:\/\/api.w.org\/{rel}","templated":true}]}}