{"id":48348,"date":"2023-10-19T12:35:27","date_gmt":"2023-10-19T10:35:27","guid":{"rendered":"https:\/\/just-now.news\/de\/deutschland\/frankreich-93-jaehrige-stirbt-nach-verdacht-auf-vergewaltigung-im-krankenhaus\/"},"modified":"2023-10-19T12:35:27","modified_gmt":"2023-10-19T10:35:27","slug":"frankreich-93-jaehrige-stirbt-nach-verdacht-auf-vergewaltigung-im-krankenhaus","status":"publish","type":"post","link":"https:\/\/now-news.de\/de\/deutschland\/frankreich-93-jaehrige-stirbt-nach-verdacht-auf-vergewaltigung-im-krankenhaus\/","title":{"rendered":"Frankreich: 93-J\u00e4hrige stirbt nach Verdacht auf Vergewaltigung im Krankenhaus"},"content":{"rendered":"<p><img decoding=\"async\" src=\"http:\/\/just-now.news\/de\/wp-content\/uploads\/sites\/3\/2023\/10\/6530eac7b480cc038309ce30.jpg\" \/><\/p>\n<div class=\"Text-root Text-type_1 \">\n                Am Wochenende soll der Tatverd\u00e4chtige Samir B. zwei Patientinnen eines Krankenhauses in der Abteilung f\u00fcr Altersmedizin vergewaltigt haben. B. soll die Taten bereits gestanden haben. Wie ein Richter am Montag entschied, bleibt B. bis zu seinem Prozess auf freiem Fu\u00df.\n            <\/div>\n<p><\/p>\n<div class=\"Text-root Text-type_5 ArticleView-text ViewText-root \">\n<p>In der franz\u00f6sischen Gemeinde Argenteuil im D\u00e9partement Val-d&#8217;Oise, \u00cele-de-France, sind zwei\u00a0Patientinnen eines Krankenhauses\u00a0Opfer sexueller \u00dcbergriffe geworden. Am Samstag wurde zun\u00e4chst ein Mann vom Sicherheitsdienst des nach Victor Dupouy benannten \u00f6rtlichen Krankenhauses festgesetzt, als er das Zimmer einer 93-j\u00e4hrigen Patientin verlie\u00df. Laut \u00fcbereinstimmenden Berichten franz\u00f6sischer Zeitungen handelt es sich bei dem Mann um den 44-j\u00e4hrigen Samir B.<\/p>\n<p>B. war der Polizei unter anderem wegen sexueller \u00dcbergriffe bereits bekannt.\u00a0Eine 95-j\u00e4hrige Frau, die in derselben Abteilung hospitalisiert war, berichtete, dass sie von Samir B. in ihrem eigenen Zimmer vergewaltigt worden sei. Die 93-j\u00e4hrige Frau, die an psychischen St\u00f6rungen litt, starb am selben Abend an den Folgen eines Herzanfalls.\u00a0Nach ersten Erkenntnissen der Ermittlungen wurde Sperma auf der Bettw\u00e4sche der 93-J\u00e4hrigen gefunden.<\/p>\n<p><strong>Polizei und Staatsanwaltschaft reagieren mit Unverst\u00e4ndnis<\/strong><\/p>\n<p>Wie die franz\u00f6sische Zeitung <em>Le Figaro<\/em> berichtete, soll B. die Vorw\u00fcrfe bei seinem Transport auf die Polizeiwache bereits\u00a0gestanden haben. Am Montag wurde er dennoch von einem Richter bis zu seinem Prozess am 16. November lediglich unter gerichtliche Aufsicht gestellt. Die f\u00fcr das D\u00e9partement zust\u00e4ndige Staatsanwaltschaft von Pontoise, die Untersuchungshaft beantragt hatte, k\u00fcndigte am Mittwoch an, dass sie gegen die richterliche Entscheidung Berufung einlegen werde.<\/p>\n<p>Eine Polizeiquelle kommentierte die Entscheidung des Gerichts so: &#8220;Wir waren alle sehr \u00fcberrascht von dieser Entscheidung, wir fanden sie ein wenig unglaublich.&#8221; Eine Quelle aus dem Justizministerium erkl\u00e4rte ebenfalls: &#8220;Es ist schwierig, sich ohne Kenntnis der Hintergr\u00fcnde zu \u00e4u\u00dfern, aber angesichts der vorgeworfenen Taten ist es erstaunlich.&#8221;<\/p>\n<p><strong>Mehr zum Thema\u00a0<\/strong>\u2013\u00a0<a rel=\"nofollow noopener\" target=\"_blank\" href=\"https:\/\/freedert.online\/europa\/177818-vergewaltigung-in-verbindung-mit-barbarischer\/\">Vergewaltigung in Verbindung mit barbarischer Folter ersch\u00fcttert Frankreich<\/a><\/p>\n<div class=\"EmbedBlock-root EmbedBlock-externalVideo EmbedBlock-odysee\">\n<div class=\"VkEmbed\"><iframe class=\"lazyload\" data-src=\"https:\/\/odysee.com\/%24\/embed\/%40RTDE%3Ae%2FNach-Verurteilung-wegen-Kinderpornographie--%C3%96sterreichischer-Schauspieler-auf-freiem-Fu%C3%9F%3A6\" frameborder=\"0\" width=\"853\" height=\"480\" allowfullscreen><\/iframe><\/div>\n<\/div>\n<\/div>\n<p><br \/>\n<br \/><a href=\"https:\/\/de.rt.com\/europa\/184278-frankreich-93-jaehrige-stirbt-nach\/\">Source link <\/a><\/p>\n","protected":false},"excerpt":{"rendered":"<p>Am Wochenende soll der Tatverd\u00e4chtige Samir B. zwei Patientinnen eines Krankenhauses in der Abteilung f\u00fcr Altersmedizin vergewaltigt haben. B. soll die Taten bereits gestanden haben. Wie ein Richter am Montag entschied, bleibt B. bis zu seinem Prozess auf freiem Fu\u00df. In der franz\u00f6sischen Gemeinde Argenteuil im D\u00e9partement Val-d&#8217;Oise, \u00cele-de-France, sind zwei\u00a0Patientinnen eines Krankenhauses\u00a0Opfer sexueller \u00dcbergriffe [&hellip;]<\/p>\n","protected":false},"author":3,"featured_media":48349,"comment_status":"open","ping_status":"open","sticky":false,"template":"","format":"standard","meta":{"_yoast_indexnow_last_ping":["1697712042"],"wp_automatic_camp":["217"],"4fec12fc3437fca927591fd0c69bb243":["Frankreich: 93-J\u00e4hrige stirbt nach Verdacht auf Vergewaltigung im Krankenhaus"],"original_link":["https:\/\/de.rt.com\/europa\/184278-frankreich-93-jaehrige-stirbt-nach\/"],"_thumbnail_id":["48349"],"jnews_social_counter_last_update":["1788711082"],"_wptgpro_p2tg_sent2tg":["a:1:{i:23737;s:19:\"2023-10-19 12:43:05\";}"]},"categories":[19,23],"tags":[49910,133,3320,3224,979,6143,6227,20075],"class_list":["post-48348","post","type-post","status-publish","format-standard","has-post-thumbnail","hentry","category-deutschland","category-russland","tag-93jaehrige","tag-auf","tag-frankreich","tag-krankenhaus","tag-nach","tag-stirbt","tag-verdacht","tag-vergewaltigung"],"yoast_head":"<!-- This site is optimized with the Yoast SEO Premium plugin v22.7 (Yoast SEO v28.2) - https:\/\/yoast.com\/product\/yoast-seo-premium-wordpress\/ -->\n<title>Frankreich: 93-J\u00e4hrige stirbt nach Verdacht auf Vergewaltigung im Krankenhaus - just-now.NEWS Deutschland<\/title>\n<meta name=\"robots\" content=\"index, follow, max-snippet:-1, max-image-preview:large, max-video-preview:-1\" \/>\n<link rel=\"canonical\" href=\"https:\/\/now-news.de\/de\/deutschland\/frankreich-93-jaehrige-stirbt-nach-verdacht-auf-vergewaltigung-im-krankenhaus\/\" \/>\n<meta property=\"og:locale\" content=\"de_DE\" \/>\n<meta property=\"og:type\" content=\"article\" \/>\n<meta property=\"og:title\" content=\"Frankreich: 93-J\u00e4hrige stirbt nach Verdacht auf Vergewaltigung im Krankenhaus\" \/>\n<meta property=\"og:description\" content=\"Am Wochenende soll der Tatverd\u00e4chtige Samir B. zwei Patientinnen eines Krankenhauses in der Abteilung f\u00fcr Altersmedizin vergewaltigt haben. B. soll die Taten bereits gestanden haben. Wie ein Richter am Montag entschied, bleibt B. bis zu seinem Prozess auf freiem Fu\u00df. In der franz\u00f6sischen Gemeinde Argenteuil im D\u00e9partement Val-d&#8217;Oise, \u00cele-de-France, sind zwei\u00a0Patientinnen eines Krankenhauses\u00a0Opfer sexueller \u00dcbergriffe [&hellip;]\" \/>\n<meta property=\"og:url\" content=\"https:\/\/now-news.de\/de\/deutschland\/frankreich-93-jaehrige-stirbt-nach-verdacht-auf-vergewaltigung-im-krankenhaus\/\" \/>\n<meta property=\"og:site_name\" content=\"just-now.NEWS Deutschland\" \/>\n<meta property=\"article:publisher\" content=\"https:\/\/www.facebook.com\/wirmachenauf\" \/>\n<meta property=\"article:published_time\" content=\"2023-10-19T10:35:27+00:00\" \/>\n<meta property=\"og:image\" content=\"https:\/\/now-news.de\/de\/wp-content\/uploads\/sites\/3\/2023\/10\/Frankreich-93-Jaehrige-stirbt-nach-Verdacht-auf-Vergewaltigung-im-Krankenhaus.jpg\" \/>\n\t<meta property=\"og:image:width\" content=\"460\" \/>\n\t<meta property=\"og:image:height\" content=\"259\" \/>\n\t<meta property=\"og:image:type\" content=\"image\/jpeg\" \/>\n<meta name=\"author\" content=\"rtnews\" \/>\n<meta name=\"twitter:card\" content=\"summary_large_image\" \/>\n<meta name=\"twitter:creator\" content=\"@WirMachenAuf_de\" \/>\n<meta name=\"twitter:site\" content=\"@WirMachenAuf_de\" \/>\n<meta name=\"twitter:label1\" content=\"Verfasst von\" \/>\n\t<meta name=\"twitter:data1\" content=\"rtnews\" \/>\n\t<meta name=\"twitter:label2\" content=\"Gesch\u00e4tzte Lesezeit\" \/>\n\t<meta name=\"twitter:data2\" content=\"2\u00a0Minuten\" \/>\n<script type=\"application\/ld+json\" class=\"yoast-schema-graph\">{\"@context\":\"https:\\\/\\\/schema.org\",\"@graph\":[{\"@type\":\"Article\",\"@id\":\"https:\\\/\\\/now-news.de\\\/de\\\/deutschland\\\/frankreich-93-jaehrige-stirbt-nach-verdacht-auf-vergewaltigung-im-krankenhaus\\\/#article\",\"isPartOf\":{\"@id\":\"https:\\\/\\\/now-news.de\\\/de\\\/deutschland\\\/frankreich-93-jaehrige-stirbt-nach-verdacht-auf-vergewaltigung-im-krankenhaus\\\/\"},\"author\":{\"name\":\"rtnews\",\"@id\":\"https:\\\/\\\/now-news.de\\\/de\\\/#\\\/schema\\\/person\\\/fb534a4e865501d8b3285208df34a9b5\"},\"headline\":\"Frankreich: 93-J\u00e4hrige stirbt nach Verdacht auf Vergewaltigung im Krankenhaus\",\"datePublished\":\"2023-10-19T10:35:27+00:00\",\"mainEntityOfPage\":{\"@id\":\"https:\\\/\\\/now-news.de\\\/de\\\/deutschland\\\/frankreich-93-jaehrige-stirbt-nach-verdacht-auf-vergewaltigung-im-krankenhaus\\\/\"},\"wordCount\":327,\"commentCount\":0,\"publisher\":{\"@id\":\"https:\\\/\\\/now-news.de\\\/de\\\/#organization\"},\"image\":{\"@id\":\"https:\\\/\\\/now-news.de\\\/de\\\/deutschland\\\/frankreich-93-jaehrige-stirbt-nach-verdacht-auf-vergewaltigung-im-krankenhaus\\\/#primaryimage\"},\"thumbnailUrl\":\"https:\\\/\\\/now-news.de\\\/de\\\/wp-content\\\/uploads\\\/sites\\\/3\\\/2023\\\/10\\\/Frankreich-93-Jaehrige-stirbt-nach-Verdacht-auf-Vergewaltigung-im-Krankenhaus.jpg\",\"keywords\":[\"93J\u00e4hrige\",\"AUF\",\"Frankreich\",\"Krankenhaus\",\"nach\",\"stirbt\",\"Verdacht\",\"Vergewaltigung\"],\"articleSection\":[\"Deutschland\",\"Russland\"],\"inLanguage\":\"de\",\"potentialAction\":[{\"@type\":\"CommentAction\",\"name\":\"Comment\",\"target\":[\"https:\\\/\\\/now-news.de\\\/de\\\/deutschland\\\/frankreich-93-jaehrige-stirbt-nach-verdacht-auf-vergewaltigung-im-krankenhaus\\\/#respond\"]}]},{\"@type\":\"WebPage\",\"@id\":\"https:\\\/\\\/now-news.de\\\/de\\\/deutschland\\\/frankreich-93-jaehrige-stirbt-nach-verdacht-auf-vergewaltigung-im-krankenhaus\\\/\",\"url\":\"https:\\\/\\\/now-news.de\\\/de\\\/deutschland\\\/frankreich-93-jaehrige-stirbt-nach-verdacht-auf-vergewaltigung-im-krankenhaus\\\/\",\"name\":\"Frankreich: 93-J\u00e4hrige stirbt nach Verdacht auf Vergewaltigung im Krankenhaus - just-now.NEWS Deutschland\",\"isPartOf\":{\"@id\":\"https:\\\/\\\/now-news.de\\\/de\\\/#website\"},\"primaryImageOfPage\":{\"@id\":\"https:\\\/\\\/now-news.de\\\/de\\\/deutschland\\\/frankreich-93-jaehrige-stirbt-nach-verdacht-auf-vergewaltigung-im-krankenhaus\\\/#primaryimage\"},\"image\":{\"@id\":\"https:\\\/\\\/now-news.de\\\/de\\\/deutschland\\\/frankreich-93-jaehrige-stirbt-nach-verdacht-auf-vergewaltigung-im-krankenhaus\\\/#primaryimage\"},\"thumbnailUrl\":\"https:\\\/\\\/now-news.de\\\/de\\\/wp-content\\\/uploads\\\/sites\\\/3\\\/2023\\\/10\\\/Frankreich-93-Jaehrige-stirbt-nach-Verdacht-auf-Vergewaltigung-im-Krankenhaus.jpg\",\"datePublished\":\"2023-10-19T10:35:27+00:00\",\"breadcrumb\":{\"@id\":\"https:\\\/\\\/now-news.de\\\/de\\\/deutschland\\\/frankreich-93-jaehrige-stirbt-nach-verdacht-auf-vergewaltigung-im-krankenhaus\\\/#breadcrumb\"},\"inLanguage\":\"de\",\"potentialAction\":[{\"@type\":\"ReadAction\",\"target\":[\"https:\\\/\\\/now-news.de\\\/de\\\/deutschland\\\/frankreich-93-jaehrige-stirbt-nach-verdacht-auf-vergewaltigung-im-krankenhaus\\\/\"]}]},{\"@type\":\"ImageObject\",\"inLanguage\":\"de\",\"@id\":\"https:\\\/\\\/now-news.de\\\/de\\\/deutschland\\\/frankreich-93-jaehrige-stirbt-nach-verdacht-auf-vergewaltigung-im-krankenhaus\\\/#primaryimage\",\"url\":\"https:\\\/\\\/now-news.de\\\/de\\\/wp-content\\\/uploads\\\/sites\\\/3\\\/2023\\\/10\\\/Frankreich-93-Jaehrige-stirbt-nach-Verdacht-auf-Vergewaltigung-im-Krankenhaus.jpg\",\"contentUrl\":\"https:\\\/\\\/now-news.de\\\/de\\\/wp-content\\\/uploads\\\/sites\\\/3\\\/2023\\\/10\\\/Frankreich-93-Jaehrige-stirbt-nach-Verdacht-auf-Vergewaltigung-im-Krankenhaus.jpg\",\"width\":460,\"height\":259,\"caption\":\"Frankreich: 93-J\u00e4hrige stirbt nach Verdacht auf Vergewaltigung im Krankenhaus\"},{\"@type\":\"BreadcrumbList\",\"@id\":\"https:\\\/\\\/now-news.de\\\/de\\\/deutschland\\\/frankreich-93-jaehrige-stirbt-nach-verdacht-auf-vergewaltigung-im-krankenhaus\\\/#breadcrumb\",\"itemListElement\":[{\"@type\":\"ListItem\",\"position\":1,\"name\":\"Home\",\"item\":\"https:\\\/\\\/now-news.de\\\/de\\\/\"},{\"@type\":\"ListItem\",\"position\":2,\"name\":\"Frankreich: 93-J\u00e4hrige stirbt nach Verdacht auf Vergewaltigung im Krankenhaus\"}]},{\"@type\":\"WebSite\",\"@id\":\"https:\\\/\\\/now-news.de\\\/de\\\/#website\",\"url\":\"https:\\\/\\\/now-news.de\\\/de\\\/\",\"name\":\"just-now.NEWS Deutschland\",\"description\":\"Das Portal f\u00fcr unzensierte Nachrichten aus der Welt\",\"publisher\":{\"@id\":\"https:\\\/\\\/now-news.de\\\/de\\\/#organization\"},\"potentialAction\":[{\"@type\":\"SearchAction\",\"target\":{\"@type\":\"EntryPoint\",\"urlTemplate\":\"https:\\\/\\\/now-news.de\\\/de\\\/?s={search_term_string}\"},\"query-input\":{\"@type\":\"PropertyValueSpecification\",\"valueRequired\":true,\"valueName\":\"search_term_string\"}}],\"inLanguage\":\"de\"},{\"@type\":\"Organization\",\"@id\":\"https:\\\/\\\/now-news.de\\\/de\\\/#organization\",\"name\":\"Just Now News\",\"url\":\"https:\\\/\\\/now-news.de\\\/de\\\/\",\"logo\":{\"@type\":\"ImageObject\",\"inLanguage\":\"de\",\"@id\":\"https:\\\/\\\/now-news.de\\\/de\\\/#\\\/schema\\\/logo\\\/image\\\/\",\"url\":\"http:\\\/\\\/just-now.news\\\/de\\\/wp-content\\\/uploads\\\/sites\\\/3\\\/2022\\\/04\\\/logo500x500.jpg\",\"contentUrl\":\"http:\\\/\\\/just-now.news\\\/de\\\/wp-content\\\/uploads\\\/sites\\\/3\\\/2022\\\/04\\\/logo500x500.jpg\",\"width\":500,\"height\":500,\"caption\":\"Just Now News\"},\"image\":{\"@id\":\"https:\\\/\\\/now-news.de\\\/de\\\/#\\\/schema\\\/logo\\\/image\\\/\"},\"sameAs\":[\"https:\\\/\\\/www.facebook.com\\\/wirmachenauf\",\"https:\\\/\\\/x.com\\\/WirMachenAuf_de\"]},{\"@type\":\"Person\",\"@id\":\"https:\\\/\\\/now-news.de\\\/de\\\/#\\\/schema\\\/person\\\/fb534a4e865501d8b3285208df34a9b5\",\"name\":\"rtnews\",\"image\":{\"@type\":\"ImageObject\",\"inLanguage\":\"de\",\"@id\":\"https:\\\/\\\/secure.gravatar.com\\\/avatar\\\/358fe31b3ab5769fea05376e1953329834cd9912cf9daf607e2af3076a1b982b?s=96&d=mm&r=g\",\"url\":\"https:\\\/\\\/secure.gravatar.com\\\/avatar\\\/358fe31b3ab5769fea05376e1953329834cd9912cf9daf607e2af3076a1b982b?s=96&d=mm&r=g\",\"contentUrl\":\"https:\\\/\\\/secure.gravatar.com\\\/avatar\\\/358fe31b3ab5769fea05376e1953329834cd9912cf9daf607e2af3076a1b982b?s=96&d=mm&r=g\",\"caption\":\"rtnews\"},\"url\":\"https:\\\/\\\/now-news.de\\\/de\\\/author\\\/rnews\\\/\"}]}<\/script>\n<!-- \/ Yoast SEO Premium plugin. -->","yoast_head_json":{"title":"Frankreich: 93-J\u00e4hrige stirbt nach Verdacht auf Vergewaltigung im Krankenhaus - just-now.NEWS Deutschland","robots":{"index":"index","follow":"follow","max-snippet":"max-snippet:-1","max-image-preview":"max-image-preview:large","max-video-preview":"max-video-preview:-1"},"canonical":"https:\/\/now-news.de\/de\/deutschland\/frankreich-93-jaehrige-stirbt-nach-verdacht-auf-vergewaltigung-im-krankenhaus\/","og_locale":"de_DE","og_type":"article","og_title":"Frankreich: 93-J\u00e4hrige stirbt nach Verdacht auf Vergewaltigung im Krankenhaus","og_description":"Am Wochenende soll der Tatverd\u00e4chtige Samir B. zwei Patientinnen eines Krankenhauses in der Abteilung f\u00fcr Altersmedizin vergewaltigt haben. B. soll die Taten bereits gestanden haben. Wie ein Richter am Montag entschied, bleibt B. bis zu seinem Prozess auf freiem Fu\u00df. In der franz\u00f6sischen Gemeinde Argenteuil im D\u00e9partement Val-d&#8217;Oise, \u00cele-de-France, sind zwei\u00a0Patientinnen eines Krankenhauses\u00a0Opfer sexueller \u00dcbergriffe [&hellip;]","og_url":"https:\/\/now-news.de\/de\/deutschland\/frankreich-93-jaehrige-stirbt-nach-verdacht-auf-vergewaltigung-im-krankenhaus\/","og_site_name":"just-now.NEWS Deutschland","article_publisher":"https:\/\/www.facebook.com\/wirmachenauf","article_published_time":"2023-10-19T10:35:27+00:00","og_image":[{"width":460,"height":259,"url":"https:\/\/now-news.de\/de\/wp-content\/uploads\/sites\/3\/2023\/10\/Frankreich-93-Jaehrige-stirbt-nach-Verdacht-auf-Vergewaltigung-im-Krankenhaus.jpg","type":"image\/jpeg"}],"author":"rtnews","twitter_card":"summary_large_image","twitter_creator":"@WirMachenAuf_de","twitter_site":"@WirMachenAuf_de","twitter_misc":{"Verfasst von":"rtnews","Gesch\u00e4tzte Lesezeit":"2\u00a0Minuten"},"schema":{"@context":"https:\/\/schema.org","@graph":[{"@type":"Article","@id":"https:\/\/now-news.de\/de\/deutschland\/frankreich-93-jaehrige-stirbt-nach-verdacht-auf-vergewaltigung-im-krankenhaus\/#article","isPartOf":{"@id":"https:\/\/now-news.de\/de\/deutschland\/frankreich-93-jaehrige-stirbt-nach-verdacht-auf-vergewaltigung-im-krankenhaus\/"},"author":{"name":"rtnews","@id":"https:\/\/now-news.de\/de\/#\/schema\/person\/fb534a4e865501d8b3285208df34a9b5"},"headline":"Frankreich: 93-J\u00e4hrige stirbt nach Verdacht auf Vergewaltigung im Krankenhaus","datePublished":"2023-10-19T10:35:27+00:00","mainEntityOfPage":{"@id":"https:\/\/now-news.de\/de\/deutschland\/frankreich-93-jaehrige-stirbt-nach-verdacht-auf-vergewaltigung-im-krankenhaus\/"},"wordCount":327,"commentCount":0,"publisher":{"@id":"https:\/\/now-news.de\/de\/#organization"},"image":{"@id":"https:\/\/now-news.de\/de\/deutschland\/frankreich-93-jaehrige-stirbt-nach-verdacht-auf-vergewaltigung-im-krankenhaus\/#primaryimage"},"thumbnailUrl":"https:\/\/now-news.de\/de\/wp-content\/uploads\/sites\/3\/2023\/10\/Frankreich-93-Jaehrige-stirbt-nach-Verdacht-auf-Vergewaltigung-im-Krankenhaus.jpg","keywords":["93J\u00e4hrige","AUF","Frankreich","Krankenhaus","nach","stirbt","Verdacht","Vergewaltigung"],"articleSection":["Deutschland","Russland"],"inLanguage":"de","potentialAction":[{"@type":"CommentAction","name":"Comment","target":["https:\/\/now-news.de\/de\/deutschland\/frankreich-93-jaehrige-stirbt-nach-verdacht-auf-vergewaltigung-im-krankenhaus\/#respond"]}]},{"@type":"WebPage","@id":"https:\/\/now-news.de\/de\/deutschland\/frankreich-93-jaehrige-stirbt-nach-verdacht-auf-vergewaltigung-im-krankenhaus\/","url":"https:\/\/now-news.de\/de\/deutschland\/frankreich-93-jaehrige-stirbt-nach-verdacht-auf-vergewaltigung-im-krankenhaus\/","name":"Frankreich: 93-J\u00e4hrige stirbt nach Verdacht auf Vergewaltigung im Krankenhaus - just-now.NEWS Deutschland","isPartOf":{"@id":"https:\/\/now-news.de\/de\/#website"},"primaryImageOfPage":{"@id":"https:\/\/now-news.de\/de\/deutschland\/frankreich-93-jaehrige-stirbt-nach-verdacht-auf-vergewaltigung-im-krankenhaus\/#primaryimage"},"image":{"@id":"https:\/\/now-news.de\/de\/deutschland\/frankreich-93-jaehrige-stirbt-nach-verdacht-auf-vergewaltigung-im-krankenhaus\/#primaryimage"},"thumbnailUrl":"https:\/\/now-news.de\/de\/wp-content\/uploads\/sites\/3\/2023\/10\/Frankreich-93-Jaehrige-stirbt-nach-Verdacht-auf-Vergewaltigung-im-Krankenhaus.jpg","datePublished":"2023-10-19T10:35:27+00:00","breadcrumb":{"@id":"https:\/\/now-news.de\/de\/deutschland\/frankreich-93-jaehrige-stirbt-nach-verdacht-auf-vergewaltigung-im-krankenhaus\/#breadcrumb"},"inLanguage":"de","potentialAction":[{"@type":"ReadAction","target":["https:\/\/now-news.de\/de\/deutschland\/frankreich-93-jaehrige-stirbt-nach-verdacht-auf-vergewaltigung-im-krankenhaus\/"]}]},{"@type":"ImageObject","inLanguage":"de","@id":"https:\/\/now-news.de\/de\/deutschland\/frankreich-93-jaehrige-stirbt-nach-verdacht-auf-vergewaltigung-im-krankenhaus\/#primaryimage","url":"https:\/\/now-news.de\/de\/wp-content\/uploads\/sites\/3\/2023\/10\/Frankreich-93-Jaehrige-stirbt-nach-Verdacht-auf-Vergewaltigung-im-Krankenhaus.jpg","contentUrl":"https:\/\/now-news.de\/de\/wp-content\/uploads\/sites\/3\/2023\/10\/Frankreich-93-Jaehrige-stirbt-nach-Verdacht-auf-Vergewaltigung-im-Krankenhaus.jpg","width":460,"height":259,"caption":"Frankreich: 93-J\u00e4hrige stirbt nach Verdacht auf Vergewaltigung im Krankenhaus"},{"@type":"BreadcrumbList","@id":"https:\/\/now-news.de\/de\/deutschland\/frankreich-93-jaehrige-stirbt-nach-verdacht-auf-vergewaltigung-im-krankenhaus\/#breadcrumb","itemListElement":[{"@type":"ListItem","position":1,"name":"Home","item":"https:\/\/now-news.de\/de\/"},{"@type":"ListItem","position":2,"name":"Frankreich: 93-J\u00e4hrige stirbt nach Verdacht auf Vergewaltigung im Krankenhaus"}]},{"@type":"WebSite","@id":"https:\/\/now-news.de\/de\/#website","url":"https:\/\/now-news.de\/de\/","name":"just-now.NEWS Deutschland","description":"Das Portal f\u00fcr unzensierte Nachrichten aus der Welt","publisher":{"@id":"https:\/\/now-news.de\/de\/#organization"},"potentialAction":[{"@type":"SearchAction","target":{"@type":"EntryPoint","urlTemplate":"https:\/\/now-news.de\/de\/?s={search_term_string}"},"query-input":{"@type":"PropertyValueSpecification","valueRequired":true,"valueName":"search_term_string"}}],"inLanguage":"de"},{"@type":"Organization","@id":"https:\/\/now-news.de\/de\/#organization","name":"Just Now News","url":"https:\/\/now-news.de\/de\/","logo":{"@type":"ImageObject","inLanguage":"de","@id":"https:\/\/now-news.de\/de\/#\/schema\/logo\/image\/","url":"http:\/\/just-now.news\/de\/wp-content\/uploads\/sites\/3\/2022\/04\/logo500x500.jpg","contentUrl":"http:\/\/just-now.news\/de\/wp-content\/uploads\/sites\/3\/2022\/04\/logo500x500.jpg","width":500,"height":500,"caption":"Just Now News"},"image":{"@id":"https:\/\/now-news.de\/de\/#\/schema\/logo\/image\/"},"sameAs":["https:\/\/www.facebook.com\/wirmachenauf","https:\/\/x.com\/WirMachenAuf_de"]},{"@type":"Person","@id":"https:\/\/now-news.de\/de\/#\/schema\/person\/fb534a4e865501d8b3285208df34a9b5","name":"rtnews","image":{"@type":"ImageObject","inLanguage":"de","@id":"https:\/\/secure.gravatar.com\/avatar\/358fe31b3ab5769fea05376e1953329834cd9912cf9daf607e2af3076a1b982b?s=96&d=mm&r=g","url":"https:\/\/secure.gravatar.com\/avatar\/358fe31b3ab5769fea05376e1953329834cd9912cf9daf607e2af3076a1b982b?s=96&d=mm&r=g","contentUrl":"https:\/\/secure.gravatar.com\/avatar\/358fe31b3ab5769fea05376e1953329834cd9912cf9daf607e2af3076a1b982b?s=96&d=mm&r=g","caption":"rtnews"},"url":"https:\/\/now-news.de\/de\/author\/rnews\/"}]}},"_links":{"self":[{"href":"https:\/\/now-news.de\/de\/wp-json\/wp\/v2\/posts\/48348","targetHints":{"allow":["GET"]}}],"collection":[{"href":"https:\/\/now-news.de\/de\/wp-json\/wp\/v2\/posts"}],"about":[{"href":"https:\/\/now-news.de\/de\/wp-json\/wp\/v2\/types\/post"}],"author":[{"embeddable":true,"href":"https:\/\/now-news.de\/de\/wp-json\/wp\/v2\/users\/3"}],"replies":[{"embeddable":true,"href":"https:\/\/now-news.de\/de\/wp-json\/wp\/v2\/comments?post=48348"}],"version-history":[{"count":0,"href":"https:\/\/now-news.de\/de\/wp-json\/wp\/v2\/posts\/48348\/revisions"}],"wp:featuredmedia":[{"embeddable":true,"href":"https:\/\/now-news.de\/de\/wp-json\/wp\/v2\/media\/48349"}],"wp:attachment":[{"href":"https:\/\/now-news.de\/de\/wp-json\/wp\/v2\/media?parent=48348"}],"wp:term":[{"taxonomy":"category","embeddable":true,"href":"https:\/\/now-news.de\/de\/wp-json\/wp\/v2\/categories?post=48348"},{"taxonomy":"post_tag","embeddable":true,"href":"https:\/\/now-news.de\/de\/wp-json\/wp\/v2\/tags?post=48348"}],"curies":[{"name":"wp","href":"https:\/\/api.w.org\/{rel}","templated":true}]}}