{"id":48338,"date":"2023-10-19T11:05:03","date_gmt":"2023-10-19T09:05:03","guid":{"rendered":"https:\/\/just-now.news\/de\/deutschland\/wegen-eu-zensur-musk-erwaegt-abschaltung-von-x-twitter-in-europa\/"},"modified":"2023-10-19T11:05:03","modified_gmt":"2023-10-19T09:05:03","slug":"wegen-eu-zensur-musk-erwaegt-abschaltung-von-x-twitter-in-europa","status":"publish","type":"post","link":"https:\/\/now-news.de\/de\/deutschland\/wegen-eu-zensur-musk-erwaegt-abschaltung-von-x-twitter-in-europa\/","title":{"rendered":"Wegen EU-Zensur \u2013 Musk erw\u00e4gt Abschaltung von X (Twitter) in Europa"},"content":{"rendered":"<p><img decoding=\"async\" src=\"http:\/\/just-now.news\/de\/wp-content\/uploads\/sites\/3\/2023\/10\/6530d9f448fbef2ec30f14e8.jpg\" \/><\/p>\n<div class=\"Text-root Text-type_1 \">\n                Nach einem neuen EU-Gesetz m\u00fcssen soziale Netzwerke strenger gegen sogenannte &#8220;Falschinformation&#8221; und &#8220;Hassrede&#8221; vorgehen. Das passt nicht in das Konzept von Elon Musk. Der Eigent\u00fcmer von X, der fr\u00fcher Twitter hie\u00df, erw\u00e4gt offenbar, den Dienst in der EU abzuschalten.\n            <\/div>\n<p><\/p>\n<div class=\"Text-root Text-type_5 ArticleView-text ViewText-root \">\n<p>Einem Medienbericht zufolge erw\u00e4gt Elon Musk den R\u00fcckzug seiner Online-Plattform <em>X<\/em> (ehemals <em>Twitter<\/em>) aus der Europ\u00e4ischen Union. Ausl\u00f6ser sei die Unzufriedenheit des Tech-Milliard\u00e4rs mit dem DSA-Digitalgesetz, schrieb die Website <em>Business Insider<\/em>\u00a0unter Berufung auf eine mit dem Unternehmen vertraute Person.<\/p>\n<p>Das DSA-Gesetz (Digital Services Act) verpflichtet gro\u00dfe Online-Plattformen, konsequent und schnell gegen das vorzugehen, was die EU als &#8220;Desinformation&#8221; und &#8220;Hassrede&#8221; bezeichnet.\u00a0<em>X hat k\u00fcrzlich einen Fragebogen der EU-Kommission erhalten, der sich mit der Frage befasst, wie der Dienst seinen Verpflichtungen nachkommt.<\/em><\/p>\n<p>Als Grund nannte die EU Beweise f\u00fcr die Verbreitung von Aufrufen zur Gewalt und Fehlinformationen nach dem Angriff der Hamas auf Israel. EU-Kommissar Thierry Breton verwies u.\u00a0a. auf Berichte \u00fcber manipulierte Bilder und Aufnahmen von Videospielen, die als echte Aufnahmen ausgegeben wurden. Verst\u00f6\u00dfe gegen DSA werden mit hohen Strafen geahndet.<\/p>\n<p>Laut\u00a0<em>Business Insider<\/em>\u00a0diskutierte Musk,\u00a0<em>X<\/em>\u00a0in der EU nicht mehr verf\u00fcgbar zu machen oder den Zugang f\u00fcr Nutzer in der Region zu sperren. Nach dem Kauf von Twitter f\u00fcr rund 44 Milliarden US-Dollar hat Musk mehr als die H\u00e4lfte der Belegschaft entlassen. Auch die Teams, die f\u00fcr die Kontrolle der Inhalte zust\u00e4ndig sind, waren betroffen.<\/p>\n<p>Musk, der einst die Demokraten unterst\u00fctzte, jetzt aber politische Ansichten auf der konservativen Seite der USA vertritt, behauptete, dass Twitter vor der \u00dcbernahme die Meinungsfreiheit zu sehr einschr\u00e4nkte. Den Bericht kommentierte er zun\u00e4chst nicht, und\u00a0in der Regel reagiert\u00a0<em>X<\/em>\u00a0auf\u00a0Presseanfragen mit dem knappen Satz, dass man gerade besch\u00e4ftigt sei. Nach der \u00dcbernahme schlug Musk vor, den Dienst nur auf die USA zu beschr\u00e4nken, um Kosten zu sparen, schrieb &#8220;Business Insider&#8221;.<\/p>\n<p>Der Facebook-Konzern Meta hat die Nutzung seines in diesem Jahr gestarteten Twitter-Konkurrenzdienstes Threads in der Region aufgrund von EU-Digitalgesetzen bisher nicht zugelassen. Beobachter gehen jedoch davon aus, dass die Beschr\u00e4nkungen bei der Zusammenf\u00fchrung von Daten aus verschiedenen Diensten unter dem Dach eines Konzerns der Grund daf\u00fcr sind. Die Regeln sehen vor, dass die ausdr\u00fcckliche Zustimmung der Nutzer erforderlich ist.<\/p>\n<div class=\"EmbedBlock-root EmbedBlock-twitter\">\n<div class=\"TwitterEmbed\">\n<blockquote class=\"twitter-tweet lazyload\" data-twitter=\"twitter-tweet\">\n<p lang=\"en\" dir=\"ltr\">Yet another utterly false Business Insider. They are not a real publication.<\/p>\n<p>\u2014 Elon Musk (@elonmusk) <a rel=\"nofollow noopener\" target=\"_blank\" href=\"https:\/\/twitter.com\/elonmusk\/status\/1714927856952746139?ref_src=twsrc%5Etfw\">October 19, 2023<\/a><\/p><\/blockquote>\n<\/div>\n<\/div>\n<p>Musk hat die Behauptungen von Business Insider in einem aktuellen Tweet dementiert und erkl\u00e4rte: &#8220;Noch eine v\u00f6llig falsche Business Insider [Behauptung]. Sie sind keine echte Publikation.&#8221;<\/p>\n<p><strong>Mehr zum Thema<\/strong> &#8211;\u00a0<a rel=\"nofollow noopener\" target=\"_blank\" href=\"https:\/\/freedert.online\/meinung\/182687-elon-musk-und-deutschlands-problem\/\">Elon Musk und Deutschlands Problem mit der Meinungsfreiheit<\/a><\/p>\n<div class=\"EmbedBlock-root EmbedBlock-externalVideo EmbedBlock-odysee\">\n<div class=\"VkEmbed\"><iframe class=\"lazyload\" data-src=\"https:\/\/odysee.com\/%24\/embed\/%40RTDE%3Ae%2Fnahost-konflikt-auf-X-elon-musk-unter-druck%3A8\" frameborder=\"0\" width=\"853\" height=\"480\" allowfullscreen><\/iframe><\/div>\n<\/div>\n<\/div>\n<p><script async src=\"https:\/\/platform.twitter.com\/widgets.js\" charset=\"utf-8\"><\/script><br \/>\n<br \/><br \/>\n<br \/><a href=\"https:\/\/de.rt.com\/international\/184265-wegen-eu-zensur-musk-erwaegt\/\">Source link <\/a><\/p>\n","protected":false},"excerpt":{"rendered":"<p>Nach einem neuen EU-Gesetz m\u00fcssen soziale Netzwerke strenger gegen sogenannte &#8220;Falschinformation&#8221; und &#8220;Hassrede&#8221; vorgehen. Das passt nicht in das Konzept von Elon Musk. Der Eigent\u00fcmer von X, der fr\u00fcher Twitter hie\u00df, erw\u00e4gt offenbar, den Dienst in der EU abzuschalten. Einem Medienbericht zufolge erw\u00e4gt Elon Musk den R\u00fcckzug seiner Online-Plattform X (ehemals Twitter) aus der Europ\u00e4ischen [&hellip;]<\/p>\n","protected":false},"author":3,"featured_media":48339,"comment_status":"open","ping_status":"open","sticky":false,"template":"","format":"standard","meta":{"_yoast_indexnow_last_ping":["1697707255"],"wp_automatic_camp":["217"],"c1a682567acab9c1b27851c5cebaf3e8":["Wegen EU-Zensur \u2013 Musk erw\u00e4gt Abschaltung von X (Twitter) in Europa"],"original_link":["https:\/\/de.rt.com\/international\/184265-wegen-eu-zensur-musk-erwaegt\/"],"_thumbnail_id":["48339"],"_wptgpro_p2tg_sent2tg":["a:1:{i:23737;s:19:\"2023-10-19 11:22:44\";}"],"jnews_social_counter_last_update":["1777083587"]},"categories":[19,23],"tags":[28027,141,1370,49905,1582,1583,50,145],"yoast_head":"<!-- This site is optimized with the Yoast SEO Premium plugin v22.7 (Yoast SEO v22.7) - https:\/\/yoast.com\/wordpress\/plugins\/seo\/ -->\n<title>Wegen EU-Zensur \u2013 Musk erw\u00e4gt Abschaltung von X (Twitter) in Europa - just-now.NEWS Deutschland<\/title>\n<meta name=\"robots\" content=\"index, follow, max-snippet:-1, max-image-preview:large, max-video-preview:-1\" \/>\n<link rel=\"canonical\" href=\"https:\/\/now-news.de\/de\/deutschland\/wegen-eu-zensur-musk-erwaegt-abschaltung-von-x-twitter-in-europa\/\" \/>\n<meta property=\"og:locale\" content=\"de_DE\" \/>\n<meta property=\"og:type\" content=\"article\" \/>\n<meta property=\"og:title\" content=\"Wegen EU-Zensur \u2013 Musk erw\u00e4gt Abschaltung von X (Twitter) in Europa\" \/>\n<meta property=\"og:description\" content=\"Nach einem neuen EU-Gesetz m\u00fcssen soziale Netzwerke strenger gegen sogenannte &#8220;Falschinformation&#8221; und &#8220;Hassrede&#8221; vorgehen. Das passt nicht in das Konzept von Elon Musk. Der Eigent\u00fcmer von X, der fr\u00fcher Twitter hie\u00df, erw\u00e4gt offenbar, den Dienst in der EU abzuschalten. Einem Medienbericht zufolge erw\u00e4gt Elon Musk den R\u00fcckzug seiner Online-Plattform X (ehemals Twitter) aus der Europ\u00e4ischen [&hellip;]\" \/>\n<meta property=\"og:url\" content=\"https:\/\/now-news.de\/de\/deutschland\/wegen-eu-zensur-musk-erwaegt-abschaltung-von-x-twitter-in-europa\/\" \/>\n<meta property=\"og:site_name\" content=\"just-now.NEWS Deutschland\" \/>\n<meta property=\"article:publisher\" content=\"https:\/\/www.facebook.com\/wirmachenauf\" \/>\n<meta property=\"article:published_time\" content=\"2023-10-19T09:05:03+00:00\" \/>\n<meta property=\"og:image\" content=\"https:\/\/now-news.de\/de\/wp-content\/uploads\/sites\/3\/2023\/10\/Wegen-EU-Zensur-\u2013-Musk-erwaegt-Abschaltung-von-X-Twitter-in.jpg\" \/>\n\t<meta property=\"og:image:width\" content=\"460\" \/>\n\t<meta property=\"og:image:height\" content=\"259\" \/>\n\t<meta property=\"og:image:type\" content=\"image\/jpeg\" \/>\n<meta name=\"author\" content=\"rtnews\" \/>\n<meta name=\"twitter:card\" content=\"summary_large_image\" \/>\n<meta name=\"twitter:creator\" content=\"@WirMachenAuf_de\" \/>\n<meta name=\"twitter:site\" content=\"@WirMachenAuf_de\" \/>\n<meta name=\"twitter:label1\" content=\"Verfasst von\" \/>\n\t<meta name=\"twitter:data1\" content=\"rtnews\" \/>\n\t<meta name=\"twitter:label2\" content=\"Gesch\u00e4tzte Lesezeit\" \/>\n\t<meta name=\"twitter:data2\" content=\"2\u00a0Minuten\" \/>\n<script type=\"application\/ld+json\" class=\"yoast-schema-graph\">{\"@context\":\"https:\/\/schema.org\",\"@graph\":[{\"@type\":\"Article\",\"@id\":\"https:\/\/now-news.de\/de\/deutschland\/wegen-eu-zensur-musk-erwaegt-abschaltung-von-x-twitter-in-europa\/#article\",\"isPartOf\":{\"@id\":\"https:\/\/now-news.de\/de\/deutschland\/wegen-eu-zensur-musk-erwaegt-abschaltung-von-x-twitter-in-europa\/\"},\"author\":{\"name\":\"rtnews\",\"@id\":\"https:\/\/now-news.de\/de\/#\/schema\/person\/fb534a4e865501d8b3285208df34a9b5\"},\"headline\":\"Wegen EU-Zensur \u2013 Musk erw\u00e4gt Abschaltung von X (Twitter) in Europa\",\"datePublished\":\"2023-10-19T09:05:03+00:00\",\"dateModified\":\"2023-10-19T09:05:03+00:00\",\"mainEntityOfPage\":{\"@id\":\"https:\/\/now-news.de\/de\/deutschland\/wegen-eu-zensur-musk-erwaegt-abschaltung-von-x-twitter-in-europa\/\"},\"wordCount\":456,\"commentCount\":0,\"publisher\":{\"@id\":\"https:\/\/now-news.de\/de\/#organization\"},\"image\":{\"@id\":\"https:\/\/now-news.de\/de\/deutschland\/wegen-eu-zensur-musk-erwaegt-abschaltung-von-x-twitter-in-europa\/#primaryimage\"},\"thumbnailUrl\":\"https:\/\/now-news.de\/de\/wp-content\/uploads\/sites\/3\/2023\/10\/Wegen-EU-Zensur-\u2013-Musk-erwaegt-Abschaltung-von-X-Twitter-in.jpg\",\"keywords\":[\"Abschaltung\",\"erw\u00e4gt\",\"Europa\",\"EUZensur\",\"Musk\",\"Twitter\",\"von\",\"wegen\"],\"articleSection\":[\"Deutschland\",\"Russland\"],\"inLanguage\":\"de\",\"potentialAction\":[{\"@type\":\"CommentAction\",\"name\":\"Comment\",\"target\":[\"https:\/\/now-news.de\/de\/deutschland\/wegen-eu-zensur-musk-erwaegt-abschaltung-von-x-twitter-in-europa\/#respond\"]}]},{\"@type\":\"WebPage\",\"@id\":\"https:\/\/now-news.de\/de\/deutschland\/wegen-eu-zensur-musk-erwaegt-abschaltung-von-x-twitter-in-europa\/\",\"url\":\"https:\/\/now-news.de\/de\/deutschland\/wegen-eu-zensur-musk-erwaegt-abschaltung-von-x-twitter-in-europa\/\",\"name\":\"Wegen EU-Zensur \u2013 Musk erw\u00e4gt Abschaltung von X (Twitter) in Europa - just-now.NEWS Deutschland\",\"isPartOf\":{\"@id\":\"https:\/\/now-news.de\/de\/#website\"},\"primaryImageOfPage\":{\"@id\":\"https:\/\/now-news.de\/de\/deutschland\/wegen-eu-zensur-musk-erwaegt-abschaltung-von-x-twitter-in-europa\/#primaryimage\"},\"image\":{\"@id\":\"https:\/\/now-news.de\/de\/deutschland\/wegen-eu-zensur-musk-erwaegt-abschaltung-von-x-twitter-in-europa\/#primaryimage\"},\"thumbnailUrl\":\"https:\/\/now-news.de\/de\/wp-content\/uploads\/sites\/3\/2023\/10\/Wegen-EU-Zensur-\u2013-Musk-erwaegt-Abschaltung-von-X-Twitter-in.jpg\",\"datePublished\":\"2023-10-19T09:05:03+00:00\",\"dateModified\":\"2023-10-19T09:05:03+00:00\",\"breadcrumb\":{\"@id\":\"https:\/\/now-news.de\/de\/deutschland\/wegen-eu-zensur-musk-erwaegt-abschaltung-von-x-twitter-in-europa\/#breadcrumb\"},\"inLanguage\":\"de\",\"potentialAction\":[{\"@type\":\"ReadAction\",\"target\":[\"https:\/\/now-news.de\/de\/deutschland\/wegen-eu-zensur-musk-erwaegt-abschaltung-von-x-twitter-in-europa\/\"]}]},{\"@type\":\"ImageObject\",\"inLanguage\":\"de\",\"@id\":\"https:\/\/now-news.de\/de\/deutschland\/wegen-eu-zensur-musk-erwaegt-abschaltung-von-x-twitter-in-europa\/#primaryimage\",\"url\":\"https:\/\/now-news.de\/de\/wp-content\/uploads\/sites\/3\/2023\/10\/Wegen-EU-Zensur-\u2013-Musk-erwaegt-Abschaltung-von-X-Twitter-in.jpg\",\"contentUrl\":\"https:\/\/now-news.de\/de\/wp-content\/uploads\/sites\/3\/2023\/10\/Wegen-EU-Zensur-\u2013-Musk-erwaegt-Abschaltung-von-X-Twitter-in.jpg\",\"width\":460,\"height\":259,\"caption\":\"Wegen EU-Zensur \u2013 Musk erw\u00e4gt Abschaltung von X (Twitter) in Europa\"},{\"@type\":\"BreadcrumbList\",\"@id\":\"https:\/\/now-news.de\/de\/deutschland\/wegen-eu-zensur-musk-erwaegt-abschaltung-von-x-twitter-in-europa\/#breadcrumb\",\"itemListElement\":[{\"@type\":\"ListItem\",\"position\":1,\"name\":\"Home\",\"item\":\"https:\/\/now-news.de\/de\/\"},{\"@type\":\"ListItem\",\"position\":2,\"name\":\"Wegen EU-Zensur \u2013 Musk erw\u00e4gt Abschaltung von X (Twitter) in Europa\"}]},{\"@type\":\"WebSite\",\"@id\":\"https:\/\/now-news.de\/de\/#website\",\"url\":\"https:\/\/now-news.de\/de\/\",\"name\":\"just-now.NEWS Deutschland\",\"description\":\"Das Portal f\u00fcr unzensierte Nachrichten aus der Welt\",\"publisher\":{\"@id\":\"https:\/\/now-news.de\/de\/#organization\"},\"potentialAction\":[{\"@type\":\"SearchAction\",\"target\":{\"@type\":\"EntryPoint\",\"urlTemplate\":\"https:\/\/now-news.de\/de\/?s={search_term_string}\"},\"query-input\":\"required name=search_term_string\"}],\"inLanguage\":\"de\"},{\"@type\":\"Organization\",\"@id\":\"https:\/\/now-news.de\/de\/#organization\",\"name\":\"Just Now News\",\"url\":\"https:\/\/now-news.de\/de\/\",\"logo\":{\"@type\":\"ImageObject\",\"inLanguage\":\"de\",\"@id\":\"https:\/\/now-news.de\/de\/#\/schema\/logo\/image\/\",\"url\":\"http:\/\/just-now.news\/de\/wp-content\/uploads\/sites\/3\/2022\/04\/logo500x500.jpg\",\"contentUrl\":\"http:\/\/just-now.news\/de\/wp-content\/uploads\/sites\/3\/2022\/04\/logo500x500.jpg\",\"width\":500,\"height\":500,\"caption\":\"Just Now News\"},\"image\":{\"@id\":\"https:\/\/now-news.de\/de\/#\/schema\/logo\/image\/\"},\"sameAs\":[\"https:\/\/www.facebook.com\/wirmachenauf\",\"https:\/\/x.com\/WirMachenAuf_de\"]},{\"@type\":\"Person\",\"@id\":\"https:\/\/now-news.de\/de\/#\/schema\/person\/fb534a4e865501d8b3285208df34a9b5\",\"name\":\"rtnews\",\"image\":{\"@type\":\"ImageObject\",\"inLanguage\":\"de\",\"@id\":\"https:\/\/now-news.de\/de\/#\/schema\/person\/image\/\",\"url\":\"https:\/\/secure.gravatar.com\/avatar\/82aafea7d8127119dd649515f56e2117?s=96&d=mm&r=g\",\"contentUrl\":\"https:\/\/secure.gravatar.com\/avatar\/82aafea7d8127119dd649515f56e2117?s=96&d=mm&r=g\",\"caption\":\"rtnews\"},\"url\":\"https:\/\/now-news.de\/de\/author\/rnews\/\"}]}<\/script>\n<!-- \/ Yoast SEO Premium plugin. -->","yoast_head_json":{"title":"Wegen EU-Zensur \u2013 Musk erw\u00e4gt Abschaltung von X (Twitter) in Europa - just-now.NEWS Deutschland","robots":{"index":"index","follow":"follow","max-snippet":"max-snippet:-1","max-image-preview":"max-image-preview:large","max-video-preview":"max-video-preview:-1"},"canonical":"https:\/\/now-news.de\/de\/deutschland\/wegen-eu-zensur-musk-erwaegt-abschaltung-von-x-twitter-in-europa\/","og_locale":"de_DE","og_type":"article","og_title":"Wegen EU-Zensur \u2013 Musk erw\u00e4gt Abschaltung von X (Twitter) in Europa","og_description":"Nach einem neuen EU-Gesetz m\u00fcssen soziale Netzwerke strenger gegen sogenannte &#8220;Falschinformation&#8221; und &#8220;Hassrede&#8221; vorgehen. Das passt nicht in das Konzept von Elon Musk. Der Eigent\u00fcmer von X, der fr\u00fcher Twitter hie\u00df, erw\u00e4gt offenbar, den Dienst in der EU abzuschalten. Einem Medienbericht zufolge erw\u00e4gt Elon Musk den R\u00fcckzug seiner Online-Plattform X (ehemals Twitter) aus der Europ\u00e4ischen [&hellip;]","og_url":"https:\/\/now-news.de\/de\/deutschland\/wegen-eu-zensur-musk-erwaegt-abschaltung-von-x-twitter-in-europa\/","og_site_name":"just-now.NEWS Deutschland","article_publisher":"https:\/\/www.facebook.com\/wirmachenauf","article_published_time":"2023-10-19T09:05:03+00:00","og_image":[{"width":460,"height":259,"url":"https:\/\/now-news.de\/de\/wp-content\/uploads\/sites\/3\/2023\/10\/Wegen-EU-Zensur-\u2013-Musk-erwaegt-Abschaltung-von-X-Twitter-in.jpg","type":"image\/jpeg"}],"author":"rtnews","twitter_card":"summary_large_image","twitter_creator":"@WirMachenAuf_de","twitter_site":"@WirMachenAuf_de","twitter_misc":{"Verfasst von":"rtnews","Gesch\u00e4tzte Lesezeit":"2\u00a0Minuten"},"schema":{"@context":"https:\/\/schema.org","@graph":[{"@type":"Article","@id":"https:\/\/now-news.de\/de\/deutschland\/wegen-eu-zensur-musk-erwaegt-abschaltung-von-x-twitter-in-europa\/#article","isPartOf":{"@id":"https:\/\/now-news.de\/de\/deutschland\/wegen-eu-zensur-musk-erwaegt-abschaltung-von-x-twitter-in-europa\/"},"author":{"name":"rtnews","@id":"https:\/\/now-news.de\/de\/#\/schema\/person\/fb534a4e865501d8b3285208df34a9b5"},"headline":"Wegen EU-Zensur \u2013 Musk erw\u00e4gt Abschaltung von X (Twitter) in Europa","datePublished":"2023-10-19T09:05:03+00:00","dateModified":"2023-10-19T09:05:03+00:00","mainEntityOfPage":{"@id":"https:\/\/now-news.de\/de\/deutschland\/wegen-eu-zensur-musk-erwaegt-abschaltung-von-x-twitter-in-europa\/"},"wordCount":456,"commentCount":0,"publisher":{"@id":"https:\/\/now-news.de\/de\/#organization"},"image":{"@id":"https:\/\/now-news.de\/de\/deutschland\/wegen-eu-zensur-musk-erwaegt-abschaltung-von-x-twitter-in-europa\/#primaryimage"},"thumbnailUrl":"https:\/\/now-news.de\/de\/wp-content\/uploads\/sites\/3\/2023\/10\/Wegen-EU-Zensur-\u2013-Musk-erwaegt-Abschaltung-von-X-Twitter-in.jpg","keywords":["Abschaltung","erw\u00e4gt","Europa","EUZensur","Musk","Twitter","von","wegen"],"articleSection":["Deutschland","Russland"],"inLanguage":"de","potentialAction":[{"@type":"CommentAction","name":"Comment","target":["https:\/\/now-news.de\/de\/deutschland\/wegen-eu-zensur-musk-erwaegt-abschaltung-von-x-twitter-in-europa\/#respond"]}]},{"@type":"WebPage","@id":"https:\/\/now-news.de\/de\/deutschland\/wegen-eu-zensur-musk-erwaegt-abschaltung-von-x-twitter-in-europa\/","url":"https:\/\/now-news.de\/de\/deutschland\/wegen-eu-zensur-musk-erwaegt-abschaltung-von-x-twitter-in-europa\/","name":"Wegen EU-Zensur \u2013 Musk erw\u00e4gt Abschaltung von X (Twitter) in Europa - just-now.NEWS Deutschland","isPartOf":{"@id":"https:\/\/now-news.de\/de\/#website"},"primaryImageOfPage":{"@id":"https:\/\/now-news.de\/de\/deutschland\/wegen-eu-zensur-musk-erwaegt-abschaltung-von-x-twitter-in-europa\/#primaryimage"},"image":{"@id":"https:\/\/now-news.de\/de\/deutschland\/wegen-eu-zensur-musk-erwaegt-abschaltung-von-x-twitter-in-europa\/#primaryimage"},"thumbnailUrl":"https:\/\/now-news.de\/de\/wp-content\/uploads\/sites\/3\/2023\/10\/Wegen-EU-Zensur-\u2013-Musk-erwaegt-Abschaltung-von-X-Twitter-in.jpg","datePublished":"2023-10-19T09:05:03+00:00","dateModified":"2023-10-19T09:05:03+00:00","breadcrumb":{"@id":"https:\/\/now-news.de\/de\/deutschland\/wegen-eu-zensur-musk-erwaegt-abschaltung-von-x-twitter-in-europa\/#breadcrumb"},"inLanguage":"de","potentialAction":[{"@type":"ReadAction","target":["https:\/\/now-news.de\/de\/deutschland\/wegen-eu-zensur-musk-erwaegt-abschaltung-von-x-twitter-in-europa\/"]}]},{"@type":"ImageObject","inLanguage":"de","@id":"https:\/\/now-news.de\/de\/deutschland\/wegen-eu-zensur-musk-erwaegt-abschaltung-von-x-twitter-in-europa\/#primaryimage","url":"https:\/\/now-news.de\/de\/wp-content\/uploads\/sites\/3\/2023\/10\/Wegen-EU-Zensur-\u2013-Musk-erwaegt-Abschaltung-von-X-Twitter-in.jpg","contentUrl":"https:\/\/now-news.de\/de\/wp-content\/uploads\/sites\/3\/2023\/10\/Wegen-EU-Zensur-\u2013-Musk-erwaegt-Abschaltung-von-X-Twitter-in.jpg","width":460,"height":259,"caption":"Wegen EU-Zensur \u2013 Musk erw\u00e4gt Abschaltung von X (Twitter) in Europa"},{"@type":"BreadcrumbList","@id":"https:\/\/now-news.de\/de\/deutschland\/wegen-eu-zensur-musk-erwaegt-abschaltung-von-x-twitter-in-europa\/#breadcrumb","itemListElement":[{"@type":"ListItem","position":1,"name":"Home","item":"https:\/\/now-news.de\/de\/"},{"@type":"ListItem","position":2,"name":"Wegen EU-Zensur \u2013 Musk erw\u00e4gt Abschaltung von X (Twitter) in Europa"}]},{"@type":"WebSite","@id":"https:\/\/now-news.de\/de\/#website","url":"https:\/\/now-news.de\/de\/","name":"just-now.NEWS Deutschland","description":"Das Portal f\u00fcr unzensierte Nachrichten aus der Welt","publisher":{"@id":"https:\/\/now-news.de\/de\/#organization"},"potentialAction":[{"@type":"SearchAction","target":{"@type":"EntryPoint","urlTemplate":"https:\/\/now-news.de\/de\/?s={search_term_string}"},"query-input":"required name=search_term_string"}],"inLanguage":"de"},{"@type":"Organization","@id":"https:\/\/now-news.de\/de\/#organization","name":"Just Now News","url":"https:\/\/now-news.de\/de\/","logo":{"@type":"ImageObject","inLanguage":"de","@id":"https:\/\/now-news.de\/de\/#\/schema\/logo\/image\/","url":"http:\/\/just-now.news\/de\/wp-content\/uploads\/sites\/3\/2022\/04\/logo500x500.jpg","contentUrl":"http:\/\/just-now.news\/de\/wp-content\/uploads\/sites\/3\/2022\/04\/logo500x500.jpg","width":500,"height":500,"caption":"Just Now News"},"image":{"@id":"https:\/\/now-news.de\/de\/#\/schema\/logo\/image\/"},"sameAs":["https:\/\/www.facebook.com\/wirmachenauf","https:\/\/x.com\/WirMachenAuf_de"]},{"@type":"Person","@id":"https:\/\/now-news.de\/de\/#\/schema\/person\/fb534a4e865501d8b3285208df34a9b5","name":"rtnews","image":{"@type":"ImageObject","inLanguage":"de","@id":"https:\/\/now-news.de\/de\/#\/schema\/person\/image\/","url":"https:\/\/secure.gravatar.com\/avatar\/82aafea7d8127119dd649515f56e2117?s=96&d=mm&r=g","contentUrl":"https:\/\/secure.gravatar.com\/avatar\/82aafea7d8127119dd649515f56e2117?s=96&d=mm&r=g","caption":"rtnews"},"url":"https:\/\/now-news.de\/de\/author\/rnews\/"}]}},"_links":{"self":[{"href":"https:\/\/now-news.de\/de\/wp-json\/wp\/v2\/posts\/48338"}],"collection":[{"href":"https:\/\/now-news.de\/de\/wp-json\/wp\/v2\/posts"}],"about":[{"href":"https:\/\/now-news.de\/de\/wp-json\/wp\/v2\/types\/post"}],"author":[{"embeddable":true,"href":"https:\/\/now-news.de\/de\/wp-json\/wp\/v2\/users\/3"}],"replies":[{"embeddable":true,"href":"https:\/\/now-news.de\/de\/wp-json\/wp\/v2\/comments?post=48338"}],"version-history":[{"count":0,"href":"https:\/\/now-news.de\/de\/wp-json\/wp\/v2\/posts\/48338\/revisions"}],"wp:featuredmedia":[{"embeddable":true,"href":"https:\/\/now-news.de\/de\/wp-json\/wp\/v2\/media\/48339"}],"wp:attachment":[{"href":"https:\/\/now-news.de\/de\/wp-json\/wp\/v2\/media?parent=48338"}],"wp:term":[{"taxonomy":"category","embeddable":true,"href":"https:\/\/now-news.de\/de\/wp-json\/wp\/v2\/categories?post=48338"},{"taxonomy":"post_tag","embeddable":true,"href":"https:\/\/now-news.de\/de\/wp-json\/wp\/v2\/tags?post=48338"}],"curies":[{"name":"wp","href":"https:\/\/api.w.org\/{rel}","templated":true}]}}