{"id":48308,"date":"2023-10-18T19:20:05","date_gmt":"2023-10-18T17:20:05","guid":{"rendered":"https:\/\/just-now.news\/de\/deutschland\/nahost-konflikt-treibt-oelpreise-in-die-hoehe\/"},"modified":"2023-10-18T19:20:05","modified_gmt":"2023-10-18T17:20:05","slug":"nahost-konflikt-treibt-oelpreise-in-die-hoehe","status":"publish","type":"post","link":"https:\/\/now-news.de\/de\/deutschland\/nahost-konflikt-treibt-oelpreise-in-die-hoehe\/","title":{"rendered":"Nahost-Konflikt treibt \u00d6lpreise in die H\u00f6he"},"content":{"rendered":"<p><img decoding=\"async\" src=\"http:\/\/just-now.news\/de\/wp-content\/uploads\/sites\/3\/2023\/10\/6530033248fbef2ec30f14bb.jpg\" \/><\/p>\n<div class=\"Text-root Text-type_1 \">\n                Die Eskalation des israelisch-pal\u00e4stinensischen Konflikts hat Bef\u00fcrchtungen \u00fcber m\u00f6gliche Unterbrechungen der \u00d6lversorgung in der Region geweckt. Unter anderem darum steigen nun die \u00d6lpreise.\n            <\/div>\n<p><\/p>\n<div class=\"Text-root Text-type_5 ArticleView-text ViewText-root \">\n<p>Die weltweiten \u00d6lpreise sind am Mittwoch stark angestiegen. Dieser Verteuerung liegt die Sorge zugrunde, dass der Konflikt zwischen Israel und der bewaffneten radikalislamischen Pal\u00e4stinensergruppe Hamas auf andere L\u00e4nder im Nahen Osten \u00fcbergreifen und zu einer Unterbrechung der weltweiten \u00d6lversorgung f\u00fchren k\u00f6nnte.<\/p>\n<p>Wie die Nachrichtenagentur <em>Anadolu<\/em> anmerkt, k\u00f6nnte jeder Konflikt zwischen Iran, den USA und Israel die Verhandlungen \u00fcber ein Atomabkommen zwischen den USA und dem Iran zum Scheitern bringen, das die Sanktionen gegen Iran, einschlie\u00dflich der iranischen \u00d6lexporte, aufheben w\u00fcrde.<\/p>\n<p>Die Bedenken, dass der Normalisierungsprozess zwischen Saudi-Arabien und Israel, die keine offiziellen diplomatischen Beziehungen unterhalten, gest\u00f6rt werden k\u00f6nnte, wirken sich ebenfalls auf die \u00d6lpreise aus.<\/p>\n<p>Weltweit haben die M\u00e4rkte Risikoaufschl\u00e4ge eingepreist, nachdem bei einem Raketenangriff auf ein Krankenhaus in Gaza-Stadt Hunderte Zivilisten, darunter \u00c4rzte, Patienten und Schutzsuchende, get\u00f6tet worden waren. Beide Konfliktparteien geben sich gegenseitig die Schuld an dem Vorfall.<\/p>\n<p>Futures f\u00fcr Roh\u00f6l der Sorte Brent stiegen um fast\u00a0drei Prozent auf 92,50 US-Dollar pro Barrel, w\u00e4hrend Futures f\u00fcr Roh\u00f6l der US-Sorte West Texas Intermediate (WTI) um \u00fcber\u00a0drei Prozent auf 89,27 US-Dollar pro Barrel zulegten. Beide Benchmarks stiegen um mehr als\u00a0zwei US-Dollar pro Barrel an und erreichten den h\u00f6chsten Stand seit zwei Wochen.<\/p>\n<p>Neben den geopolitischen Spannungen wurden die \u00d6lpreise auch durch weitere Faktoren in die H\u00f6he getrieben, darunter die US-Roh\u00f6lvorr\u00e4te, die in der am 13. Oktober zu Ende gegangenen Woche um fast 4,4 Millionen Barrel \u2013 und damit weitaus st\u00e4rker als um die von Analysten prognostizierten 300.000 Barrel \u2013 zur\u00fcckgingen .<\/p>\n<p>\u00dcberdies wird damit gerechnet, dass das schneller als erwartet ausgefallene Wachstum der chinesischen Wirtschaft im dritten Quartal zusammen mit den j\u00fcngsten politischen Ma\u00dfnahmen eine potenzielle Erholung beg\u00fcnstigt, was unweigerlich die Nachfrage aus der zweitgr\u00f6\u00dften Volkswirtschaft der Welt ankurbeln wird.<\/p>\n<p>Der Durchsatz der chinesischen \u00d6lraffinerien erreichte im September einen Rekordwert von zw\u00f6lf Prozent pro Tag im Vergleich zum Vorjahr, da die Raffinerien die Durchsatzraten erh\u00f6ht haben, um die starke Nachfrage nach Transportkraftstoff w\u00e4hrend der Feiertage der Goldenen Woche und die sich erholende Produktionst\u00e4tigkeit zu befriedigen.<\/p>\n<p><strong>Mehr zum Thema<\/strong> &#8211; <a rel=\"nofollow noopener\" target=\"_blank\" href=\"https:\/\/freedert.online\/inland\/183901-studie-energiearmut-deutlich-zugenommen-87-prozert-aermsten-haushalte-ueberlastet\/\">Studie: &#8220;Energiearmut&#8221; deutlich zugenommen, 87 Prozent der \u00e4rmsten Haushalte \u00fcberlastet<\/a><\/p>\n<\/p>\n<\/div>\n<p><br \/>\n<br \/><a href=\"https:\/\/de.rt.com\/international\/184220-nahost-konflikt-treibt-oelpreise-in\/\">Source link <\/a><\/p>\n","protected":false},"excerpt":{"rendered":"<p>Die Eskalation des israelisch-pal\u00e4stinensischen Konflikts hat Bef\u00fcrchtungen \u00fcber m\u00f6gliche Unterbrechungen der \u00d6lversorgung in der Region geweckt. Unter anderem darum steigen nun die \u00d6lpreise. Die weltweiten \u00d6lpreise sind am Mittwoch stark angestiegen. Dieser Verteuerung liegt die Sorge zugrunde, dass der Konflikt zwischen Israel und der bewaffneten radikalislamischen Pal\u00e4stinensergruppe Hamas auf andere L\u00e4nder im Nahen Osten \u00fcbergreifen [&hellip;]<\/p>\n","protected":false},"author":3,"featured_media":48309,"comment_status":"open","ping_status":"open","sticky":false,"template":"","format":"standard","meta":{"_yoast_indexnow_last_ping":["1697650418"],"wp_automatic_camp":["217"],"1a4accf6be0acd8792df2e5021469204":["Nahost-Konflikt treibt \u00d6lpreise in die H\u00f6he"],"original_link":["https:\/\/de.rt.com\/international\/184220-nahost-konflikt-treibt-oelpreise-in\/"],"_thumbnail_id":["48309"],"_wptgpro_p2tg_sent2tg":["a:1:{i:23737;s:19:\"2023-10-18 19:35:47\";}"],"jnews_social_counter_last_update":["1777360757"]},"categories":[19,23],"tags":[45,1273,7490,19831,16011],"yoast_head":"<!-- This site is optimized with the Yoast SEO Premium plugin v22.7 (Yoast SEO v22.7) - https:\/\/yoast.com\/wordpress\/plugins\/seo\/ -->\n<title>Nahost-Konflikt treibt \u00d6lpreise in die H\u00f6he - just-now.NEWS Deutschland<\/title>\n<meta name=\"robots\" content=\"index, follow, max-snippet:-1, max-image-preview:large, max-video-preview:-1\" \/>\n<link rel=\"canonical\" href=\"https:\/\/now-news.de\/de\/deutschland\/nahost-konflikt-treibt-oelpreise-in-die-hoehe\/\" \/>\n<meta property=\"og:locale\" content=\"de_DE\" \/>\n<meta property=\"og:type\" content=\"article\" \/>\n<meta property=\"og:title\" content=\"Nahost-Konflikt treibt \u00d6lpreise in die H\u00f6he\" \/>\n<meta property=\"og:description\" content=\"Die Eskalation des israelisch-pal\u00e4stinensischen Konflikts hat Bef\u00fcrchtungen \u00fcber m\u00f6gliche Unterbrechungen der \u00d6lversorgung in der Region geweckt. Unter anderem darum steigen nun die \u00d6lpreise. Die weltweiten \u00d6lpreise sind am Mittwoch stark angestiegen. Dieser Verteuerung liegt die Sorge zugrunde, dass der Konflikt zwischen Israel und der bewaffneten radikalislamischen Pal\u00e4stinensergruppe Hamas auf andere L\u00e4nder im Nahen Osten \u00fcbergreifen [&hellip;]\" \/>\n<meta property=\"og:url\" content=\"https:\/\/now-news.de\/de\/deutschland\/nahost-konflikt-treibt-oelpreise-in-die-hoehe\/\" \/>\n<meta property=\"og:site_name\" content=\"just-now.NEWS Deutschland\" \/>\n<meta property=\"article:publisher\" content=\"https:\/\/www.facebook.com\/wirmachenauf\" \/>\n<meta property=\"article:published_time\" content=\"2023-10-18T17:20:05+00:00\" \/>\n<meta property=\"og:image\" content=\"https:\/\/now-news.de\/de\/wp-content\/uploads\/sites\/3\/2023\/10\/Nahost-Konflikt-treibt-Oelpreise-in-die-Hoehe.jpg\" \/>\n\t<meta property=\"og:image:width\" content=\"460\" \/>\n\t<meta property=\"og:image:height\" content=\"259\" \/>\n\t<meta property=\"og:image:type\" content=\"image\/jpeg\" \/>\n<meta name=\"author\" content=\"rtnews\" \/>\n<meta name=\"twitter:card\" content=\"summary_large_image\" \/>\n<meta name=\"twitter:creator\" content=\"@WirMachenAuf_de\" \/>\n<meta name=\"twitter:site\" content=\"@WirMachenAuf_de\" \/>\n<meta name=\"twitter:label1\" content=\"Verfasst von\" \/>\n\t<meta name=\"twitter:data1\" content=\"rtnews\" \/>\n\t<meta name=\"twitter:label2\" content=\"Gesch\u00e4tzte Lesezeit\" \/>\n\t<meta name=\"twitter:data2\" content=\"2\u00a0Minuten\" \/>\n<script type=\"application\/ld+json\" class=\"yoast-schema-graph\">{\"@context\":\"https:\/\/schema.org\",\"@graph\":[{\"@type\":\"Article\",\"@id\":\"https:\/\/now-news.de\/de\/deutschland\/nahost-konflikt-treibt-oelpreise-in-die-hoehe\/#article\",\"isPartOf\":{\"@id\":\"https:\/\/now-news.de\/de\/deutschland\/nahost-konflikt-treibt-oelpreise-in-die-hoehe\/\"},\"author\":{\"name\":\"rtnews\",\"@id\":\"https:\/\/now-news.de\/de\/#\/schema\/person\/fb534a4e865501d8b3285208df34a9b5\"},\"headline\":\"Nahost-Konflikt treibt \u00d6lpreise in die H\u00f6he\",\"datePublished\":\"2023-10-18T17:20:05+00:00\",\"dateModified\":\"2023-10-18T17:20:05+00:00\",\"mainEntityOfPage\":{\"@id\":\"https:\/\/now-news.de\/de\/deutschland\/nahost-konflikt-treibt-oelpreise-in-die-hoehe\/\"},\"wordCount\":400,\"commentCount\":0,\"publisher\":{\"@id\":\"https:\/\/now-news.de\/de\/#organization\"},\"image\":{\"@id\":\"https:\/\/now-news.de\/de\/deutschland\/nahost-konflikt-treibt-oelpreise-in-die-hoehe\/#primaryimage\"},\"thumbnailUrl\":\"https:\/\/now-news.de\/de\/wp-content\/uploads\/sites\/3\/2023\/10\/Nahost-Konflikt-treibt-Oelpreise-in-die-Hoehe.jpg\",\"keywords\":[\"die\",\"hohe\",\"NahostKonflikt\",\"\u00d6lpreise\",\"treibt\"],\"articleSection\":[\"Deutschland\",\"Russland\"],\"inLanguage\":\"de\",\"potentialAction\":[{\"@type\":\"CommentAction\",\"name\":\"Comment\",\"target\":[\"https:\/\/now-news.de\/de\/deutschland\/nahost-konflikt-treibt-oelpreise-in-die-hoehe\/#respond\"]}]},{\"@type\":\"WebPage\",\"@id\":\"https:\/\/now-news.de\/de\/deutschland\/nahost-konflikt-treibt-oelpreise-in-die-hoehe\/\",\"url\":\"https:\/\/now-news.de\/de\/deutschland\/nahost-konflikt-treibt-oelpreise-in-die-hoehe\/\",\"name\":\"Nahost-Konflikt treibt \u00d6lpreise in die H\u00f6he - just-now.NEWS Deutschland\",\"isPartOf\":{\"@id\":\"https:\/\/now-news.de\/de\/#website\"},\"primaryImageOfPage\":{\"@id\":\"https:\/\/now-news.de\/de\/deutschland\/nahost-konflikt-treibt-oelpreise-in-die-hoehe\/#primaryimage\"},\"image\":{\"@id\":\"https:\/\/now-news.de\/de\/deutschland\/nahost-konflikt-treibt-oelpreise-in-die-hoehe\/#primaryimage\"},\"thumbnailUrl\":\"https:\/\/now-news.de\/de\/wp-content\/uploads\/sites\/3\/2023\/10\/Nahost-Konflikt-treibt-Oelpreise-in-die-Hoehe.jpg\",\"datePublished\":\"2023-10-18T17:20:05+00:00\",\"dateModified\":\"2023-10-18T17:20:05+00:00\",\"breadcrumb\":{\"@id\":\"https:\/\/now-news.de\/de\/deutschland\/nahost-konflikt-treibt-oelpreise-in-die-hoehe\/#breadcrumb\"},\"inLanguage\":\"de\",\"potentialAction\":[{\"@type\":\"ReadAction\",\"target\":[\"https:\/\/now-news.de\/de\/deutschland\/nahost-konflikt-treibt-oelpreise-in-die-hoehe\/\"]}]},{\"@type\":\"ImageObject\",\"inLanguage\":\"de\",\"@id\":\"https:\/\/now-news.de\/de\/deutschland\/nahost-konflikt-treibt-oelpreise-in-die-hoehe\/#primaryimage\",\"url\":\"https:\/\/now-news.de\/de\/wp-content\/uploads\/sites\/3\/2023\/10\/Nahost-Konflikt-treibt-Oelpreise-in-die-Hoehe.jpg\",\"contentUrl\":\"https:\/\/now-news.de\/de\/wp-content\/uploads\/sites\/3\/2023\/10\/Nahost-Konflikt-treibt-Oelpreise-in-die-Hoehe.jpg\",\"width\":460,\"height\":259,\"caption\":\"Nahost-Konflikt treibt \u00d6lpreise in die H\u00f6he\"},{\"@type\":\"BreadcrumbList\",\"@id\":\"https:\/\/now-news.de\/de\/deutschland\/nahost-konflikt-treibt-oelpreise-in-die-hoehe\/#breadcrumb\",\"itemListElement\":[{\"@type\":\"ListItem\",\"position\":1,\"name\":\"Home\",\"item\":\"https:\/\/now-news.de\/de\/\"},{\"@type\":\"ListItem\",\"position\":2,\"name\":\"Nahost-Konflikt treibt \u00d6lpreise in die H\u00f6he\"}]},{\"@type\":\"WebSite\",\"@id\":\"https:\/\/now-news.de\/de\/#website\",\"url\":\"https:\/\/now-news.de\/de\/\",\"name\":\"just-now.NEWS Deutschland\",\"description\":\"Das Portal f\u00fcr unzensierte Nachrichten aus der Welt\",\"publisher\":{\"@id\":\"https:\/\/now-news.de\/de\/#organization\"},\"potentialAction\":[{\"@type\":\"SearchAction\",\"target\":{\"@type\":\"EntryPoint\",\"urlTemplate\":\"https:\/\/now-news.de\/de\/?s={search_term_string}\"},\"query-input\":\"required name=search_term_string\"}],\"inLanguage\":\"de\"},{\"@type\":\"Organization\",\"@id\":\"https:\/\/now-news.de\/de\/#organization\",\"name\":\"Just Now News\",\"url\":\"https:\/\/now-news.de\/de\/\",\"logo\":{\"@type\":\"ImageObject\",\"inLanguage\":\"de\",\"@id\":\"https:\/\/now-news.de\/de\/#\/schema\/logo\/image\/\",\"url\":\"http:\/\/just-now.news\/de\/wp-content\/uploads\/sites\/3\/2022\/04\/logo500x500.jpg\",\"contentUrl\":\"http:\/\/just-now.news\/de\/wp-content\/uploads\/sites\/3\/2022\/04\/logo500x500.jpg\",\"width\":500,\"height\":500,\"caption\":\"Just Now News\"},\"image\":{\"@id\":\"https:\/\/now-news.de\/de\/#\/schema\/logo\/image\/\"},\"sameAs\":[\"https:\/\/www.facebook.com\/wirmachenauf\",\"https:\/\/x.com\/WirMachenAuf_de\"]},{\"@type\":\"Person\",\"@id\":\"https:\/\/now-news.de\/de\/#\/schema\/person\/fb534a4e865501d8b3285208df34a9b5\",\"name\":\"rtnews\",\"image\":{\"@type\":\"ImageObject\",\"inLanguage\":\"de\",\"@id\":\"https:\/\/now-news.de\/de\/#\/schema\/person\/image\/\",\"url\":\"https:\/\/secure.gravatar.com\/avatar\/82aafea7d8127119dd649515f56e2117?s=96&d=mm&r=g\",\"contentUrl\":\"https:\/\/secure.gravatar.com\/avatar\/82aafea7d8127119dd649515f56e2117?s=96&d=mm&r=g\",\"caption\":\"rtnews\"},\"url\":\"https:\/\/now-news.de\/de\/author\/rnews\/\"}]}<\/script>\n<!-- \/ Yoast SEO Premium plugin. -->","yoast_head_json":{"title":"Nahost-Konflikt treibt \u00d6lpreise in die H\u00f6he - just-now.NEWS Deutschland","robots":{"index":"index","follow":"follow","max-snippet":"max-snippet:-1","max-image-preview":"max-image-preview:large","max-video-preview":"max-video-preview:-1"},"canonical":"https:\/\/now-news.de\/de\/deutschland\/nahost-konflikt-treibt-oelpreise-in-die-hoehe\/","og_locale":"de_DE","og_type":"article","og_title":"Nahost-Konflikt treibt \u00d6lpreise in die H\u00f6he","og_description":"Die Eskalation des israelisch-pal\u00e4stinensischen Konflikts hat Bef\u00fcrchtungen \u00fcber m\u00f6gliche Unterbrechungen der \u00d6lversorgung in der Region geweckt. Unter anderem darum steigen nun die \u00d6lpreise. Die weltweiten \u00d6lpreise sind am Mittwoch stark angestiegen. Dieser Verteuerung liegt die Sorge zugrunde, dass der Konflikt zwischen Israel und der bewaffneten radikalislamischen Pal\u00e4stinensergruppe Hamas auf andere L\u00e4nder im Nahen Osten \u00fcbergreifen [&hellip;]","og_url":"https:\/\/now-news.de\/de\/deutschland\/nahost-konflikt-treibt-oelpreise-in-die-hoehe\/","og_site_name":"just-now.NEWS Deutschland","article_publisher":"https:\/\/www.facebook.com\/wirmachenauf","article_published_time":"2023-10-18T17:20:05+00:00","og_image":[{"width":460,"height":259,"url":"https:\/\/now-news.de\/de\/wp-content\/uploads\/sites\/3\/2023\/10\/Nahost-Konflikt-treibt-Oelpreise-in-die-Hoehe.jpg","type":"image\/jpeg"}],"author":"rtnews","twitter_card":"summary_large_image","twitter_creator":"@WirMachenAuf_de","twitter_site":"@WirMachenAuf_de","twitter_misc":{"Verfasst von":"rtnews","Gesch\u00e4tzte Lesezeit":"2\u00a0Minuten"},"schema":{"@context":"https:\/\/schema.org","@graph":[{"@type":"Article","@id":"https:\/\/now-news.de\/de\/deutschland\/nahost-konflikt-treibt-oelpreise-in-die-hoehe\/#article","isPartOf":{"@id":"https:\/\/now-news.de\/de\/deutschland\/nahost-konflikt-treibt-oelpreise-in-die-hoehe\/"},"author":{"name":"rtnews","@id":"https:\/\/now-news.de\/de\/#\/schema\/person\/fb534a4e865501d8b3285208df34a9b5"},"headline":"Nahost-Konflikt treibt \u00d6lpreise in die H\u00f6he","datePublished":"2023-10-18T17:20:05+00:00","dateModified":"2023-10-18T17:20:05+00:00","mainEntityOfPage":{"@id":"https:\/\/now-news.de\/de\/deutschland\/nahost-konflikt-treibt-oelpreise-in-die-hoehe\/"},"wordCount":400,"commentCount":0,"publisher":{"@id":"https:\/\/now-news.de\/de\/#organization"},"image":{"@id":"https:\/\/now-news.de\/de\/deutschland\/nahost-konflikt-treibt-oelpreise-in-die-hoehe\/#primaryimage"},"thumbnailUrl":"https:\/\/now-news.de\/de\/wp-content\/uploads\/sites\/3\/2023\/10\/Nahost-Konflikt-treibt-Oelpreise-in-die-Hoehe.jpg","keywords":["die","hohe","NahostKonflikt","\u00d6lpreise","treibt"],"articleSection":["Deutschland","Russland"],"inLanguage":"de","potentialAction":[{"@type":"CommentAction","name":"Comment","target":["https:\/\/now-news.de\/de\/deutschland\/nahost-konflikt-treibt-oelpreise-in-die-hoehe\/#respond"]}]},{"@type":"WebPage","@id":"https:\/\/now-news.de\/de\/deutschland\/nahost-konflikt-treibt-oelpreise-in-die-hoehe\/","url":"https:\/\/now-news.de\/de\/deutschland\/nahost-konflikt-treibt-oelpreise-in-die-hoehe\/","name":"Nahost-Konflikt treibt \u00d6lpreise in die H\u00f6he - just-now.NEWS Deutschland","isPartOf":{"@id":"https:\/\/now-news.de\/de\/#website"},"primaryImageOfPage":{"@id":"https:\/\/now-news.de\/de\/deutschland\/nahost-konflikt-treibt-oelpreise-in-die-hoehe\/#primaryimage"},"image":{"@id":"https:\/\/now-news.de\/de\/deutschland\/nahost-konflikt-treibt-oelpreise-in-die-hoehe\/#primaryimage"},"thumbnailUrl":"https:\/\/now-news.de\/de\/wp-content\/uploads\/sites\/3\/2023\/10\/Nahost-Konflikt-treibt-Oelpreise-in-die-Hoehe.jpg","datePublished":"2023-10-18T17:20:05+00:00","dateModified":"2023-10-18T17:20:05+00:00","breadcrumb":{"@id":"https:\/\/now-news.de\/de\/deutschland\/nahost-konflikt-treibt-oelpreise-in-die-hoehe\/#breadcrumb"},"inLanguage":"de","potentialAction":[{"@type":"ReadAction","target":["https:\/\/now-news.de\/de\/deutschland\/nahost-konflikt-treibt-oelpreise-in-die-hoehe\/"]}]},{"@type":"ImageObject","inLanguage":"de","@id":"https:\/\/now-news.de\/de\/deutschland\/nahost-konflikt-treibt-oelpreise-in-die-hoehe\/#primaryimage","url":"https:\/\/now-news.de\/de\/wp-content\/uploads\/sites\/3\/2023\/10\/Nahost-Konflikt-treibt-Oelpreise-in-die-Hoehe.jpg","contentUrl":"https:\/\/now-news.de\/de\/wp-content\/uploads\/sites\/3\/2023\/10\/Nahost-Konflikt-treibt-Oelpreise-in-die-Hoehe.jpg","width":460,"height":259,"caption":"Nahost-Konflikt treibt \u00d6lpreise in die H\u00f6he"},{"@type":"BreadcrumbList","@id":"https:\/\/now-news.de\/de\/deutschland\/nahost-konflikt-treibt-oelpreise-in-die-hoehe\/#breadcrumb","itemListElement":[{"@type":"ListItem","position":1,"name":"Home","item":"https:\/\/now-news.de\/de\/"},{"@type":"ListItem","position":2,"name":"Nahost-Konflikt treibt \u00d6lpreise in die H\u00f6he"}]},{"@type":"WebSite","@id":"https:\/\/now-news.de\/de\/#website","url":"https:\/\/now-news.de\/de\/","name":"just-now.NEWS Deutschland","description":"Das Portal f\u00fcr unzensierte Nachrichten aus der Welt","publisher":{"@id":"https:\/\/now-news.de\/de\/#organization"},"potentialAction":[{"@type":"SearchAction","target":{"@type":"EntryPoint","urlTemplate":"https:\/\/now-news.de\/de\/?s={search_term_string}"},"query-input":"required name=search_term_string"}],"inLanguage":"de"},{"@type":"Organization","@id":"https:\/\/now-news.de\/de\/#organization","name":"Just Now News","url":"https:\/\/now-news.de\/de\/","logo":{"@type":"ImageObject","inLanguage":"de","@id":"https:\/\/now-news.de\/de\/#\/schema\/logo\/image\/","url":"http:\/\/just-now.news\/de\/wp-content\/uploads\/sites\/3\/2022\/04\/logo500x500.jpg","contentUrl":"http:\/\/just-now.news\/de\/wp-content\/uploads\/sites\/3\/2022\/04\/logo500x500.jpg","width":500,"height":500,"caption":"Just Now News"},"image":{"@id":"https:\/\/now-news.de\/de\/#\/schema\/logo\/image\/"},"sameAs":["https:\/\/www.facebook.com\/wirmachenauf","https:\/\/x.com\/WirMachenAuf_de"]},{"@type":"Person","@id":"https:\/\/now-news.de\/de\/#\/schema\/person\/fb534a4e865501d8b3285208df34a9b5","name":"rtnews","image":{"@type":"ImageObject","inLanguage":"de","@id":"https:\/\/now-news.de\/de\/#\/schema\/person\/image\/","url":"https:\/\/secure.gravatar.com\/avatar\/82aafea7d8127119dd649515f56e2117?s=96&d=mm&r=g","contentUrl":"https:\/\/secure.gravatar.com\/avatar\/82aafea7d8127119dd649515f56e2117?s=96&d=mm&r=g","caption":"rtnews"},"url":"https:\/\/now-news.de\/de\/author\/rnews\/"}]}},"_links":{"self":[{"href":"https:\/\/now-news.de\/de\/wp-json\/wp\/v2\/posts\/48308"}],"collection":[{"href":"https:\/\/now-news.de\/de\/wp-json\/wp\/v2\/posts"}],"about":[{"href":"https:\/\/now-news.de\/de\/wp-json\/wp\/v2\/types\/post"}],"author":[{"embeddable":true,"href":"https:\/\/now-news.de\/de\/wp-json\/wp\/v2\/users\/3"}],"replies":[{"embeddable":true,"href":"https:\/\/now-news.de\/de\/wp-json\/wp\/v2\/comments?post=48308"}],"version-history":[{"count":0,"href":"https:\/\/now-news.de\/de\/wp-json\/wp\/v2\/posts\/48308\/revisions"}],"wp:featuredmedia":[{"embeddable":true,"href":"https:\/\/now-news.de\/de\/wp-json\/wp\/v2\/media\/48309"}],"wp:attachment":[{"href":"https:\/\/now-news.de\/de\/wp-json\/wp\/v2\/media?parent=48308"}],"wp:term":[{"taxonomy":"category","embeddable":true,"href":"https:\/\/now-news.de\/de\/wp-json\/wp\/v2\/categories?post=48308"},{"taxonomy":"post_tag","embeddable":true,"href":"https:\/\/now-news.de\/de\/wp-json\/wp\/v2\/tags?post=48308"}],"curies":[{"name":"wp","href":"https:\/\/api.w.org\/{rel}","templated":true}]}}