{"id":4828,"date":"2022-04-29T12:17:06","date_gmt":"2022-04-29T10:17:06","guid":{"rendered":"http:\/\/just-now.news\/de\/deutschland\/sorge-vor-drittem-weltkrieg-intellektuelle-und-kuenstler-richten-offenen-brief-an-kanzler-scholz\/"},"modified":"2022-04-29T12:17:06","modified_gmt":"2022-04-29T10:17:06","slug":"sorge-vor-drittem-weltkrieg-intellektuelle-und-kuenstler-richten-offenen-brief-an-kanzler-scholz","status":"publish","type":"post","link":"https:\/\/now-news.de\/de\/deutschland\/sorge-vor-drittem-weltkrieg-intellektuelle-und-kuenstler-richten-offenen-brief-an-kanzler-scholz\/","title":{"rendered":"Sorge vor Drittem Weltkrieg: Intellektuelle und K\u00fcnstler richten offenen Brief an Kanzler Scholz"},"content":{"rendered":"<div class=\"Text-root Text-type_5 ArticleView-text ViewText-root \">\n<p>Durch die j\u00fcngsten Beschl\u00fcsse der Bundesregierung \u2013 der Bundestag hatte am Donnerstag mit gro\u00dfer Mehrheit die Lieferung schwerer Waffen an die Ukraine gebilligt \u2013 sowie hinsichtlich finanzieller und logistischer Unterst\u00fctzung der ukrainischen Regierung mehren sich die Sorgen der B\u00fcrger in\u00a0Deutschland vor einem\u00a0dritten Weltkrieg.\u00a0<\/p>\n<div class=\"ReadMore-root Section-root Section-is1to3-xs_is1to1\" data-widgets=\"ReadMore\" data-has-alias>\n<div class=\"Section-container Section-isRow-isTop-isWrap\">\n<article class=\"Card-root Card-is1to1 \">\n<div class=\"Card-imageWrap\">\n<div class=\"Card-picture\">\n<picture class=\"Picture-root Picture-default\"><!--[if IE 9]><video style=\"display: none;\"><![endif]--><source media=\"(-webkit-min-device-pixel-ratio: 2) and (min-resolution: 120dpi)\" data-srcset=\" \nhttps:\/\/cdni.russiatoday.com\/deutsch\/images\/2022.04\/thumbnail\/626b8e5548fbef358d752d40.jpg 850w,\n                https:\/\/cdni.russiatoday.com\/deutsch\/images\/2022.04\/article\/626b8e5548fbef358d752d40.jpg 1960w,\n            \" srcset=\"data:image\/png;base64,iVBORw0KGgoAAAANSUhEUgAAABAAAAAJCAQAAACRI2S5AAAAEElEQVR42mNkIAAYRxWAAQAG9gAKqv6+AwAAAABJRU5ErkJggg==\"><source data-srcset=\" \nhttps:\/\/cdni.russiatoday.com\/deutsch\/images\/2022.04\/thumbnail\/626b8e5548fbef358d752d40.jpg 460w,\n              https:\/\/cdni.russiatoday.com\/deutsch\/images\/2022.04\/article\/626b8e5548fbef358d752d40.jpg 980w,\n            \" srcset=\"data:image\/png;base64,iVBORw0KGgoAAAANSUhEUgAAABAAAAAJCAQAAACRI2S5AAAAEElEQVR42mNkIAAYRxWAAQAG9gAKqv6+AwAAAABJRU5ErkJggg==\"><!--[if IE 9]><\/video><![endif]--><\/source><\/source><\/picture><!-- noscript pattern --><noscript><img decoding=\"async\" src=\"https:\/\/cdni.russiatoday.com\/deutsch\/images\/2022.04\/article\/626b8e5548fbef358d752d40.jpg\" alt=\"Bundestag genehmigt Lieferung schwerer Waffen an die Ukraine\"><\/noscript><\/p>\n<div class=\"Picture-withVideo\"><svg class=\"Icon-root Icon-videoPlay\" width=\"31px\" height=\"40px\" viewbox=\"0 0 31 40\" fill=\"#FFFFFF\" opacity=\"0.9\" version=\"1.1\" xmlns=\"http:\/\/www.w3.org\/2000\/svg\" xmlns:xlink=\"http:\/\/www.w3.org\/1999\/xlink\"><g fill-rule=\"evenodd\"><g transform=\"translate(-14.000000, -8.000000)\"><path d=\"M17.0962701,9.21920419 L43.200784,26.3270141 C44.1246347,26.9324674 44.3827469,28.1722132 43.7772936,29.0960639 C43.6267472,29.3257802 43.4305003,29.5220271 43.200784,29.6725735 L17.0962701,46.7803835 C16.1724193,47.3858367 14.9326735,47.1277246 14.3272203,46.2038739 C14.1137272,45.8781084 14,45.4970938 14,45.1076038 L14,10.8919839 C14,9.78741439 14.8954305,8.89198389 16,8.89198389 C16.38949,8.89198389 16.7705046,9.00571108 17.0962701,9.21920419 Z\"><\/path><\/g><\/g><\/svg><\/div><\/div><\/div>\n<div class=\"Card-contentWrap\">\n<div class=\"Card-content\">\n<div class=\"Card-title\">\n<div class=\"HeaderNews-root HeaderNews-type_6 \">\n<p>            <a target=\"_blank\" href=\"https:\/\/de.rt.com\/kurzclips\/video\/137320-bundestag-genehmigt-lieferung-schwerer-waffen\/\" class=\"Link-root Link-isFullCard \" rel=\"noopener\"><br \/>\n                Bundestag genehmigt Lieferung schwerer Waffen an die Ukraine<br \/>\n            <\/a><\/p><\/div><\/div><\/div><\/div>\n<\/article>\n<\/div><\/div>\n<p>Am\u00a0Freitag ver\u00f6ffentlichten 28\u00a0deutsche Intellektuelle und K\u00fcnstler\u00a0nun einen offenen Brief, der sich direkt an Bundeskanzler Olaf Scholz richtet. Die Erstver\u00f6ffentlichung erfolgte auf der Seite des Magazins <em>Emma, <\/em>dessen Herausgeberin die Mitinitiatorin Alice Schwarzer ist. Es besteht die\u00a0M\u00f6glichkeit,\u00a0den Brief auf\u00a0der\u00a0<a target=\"_blank\" href=\"https:\/\/www.emma.de\/artikel\/offener-brief-bundeskanzler-scholz-339463\" rel=\"noopener noreferrer\">Seite<\/a>\u00a0ebenfalls zu unterzeichnen.\u00a0Hier der offene Brief in der Originalfassung:<\/p>\n<blockquote>\n<p><em><strong>Sehr geehrter Herr Bundeskanzler,<\/strong><\/em><\/p>\n<p><em>wir begr\u00fc\u00dfen, dass Sie bisher so genau die Risiken bedacht hatten: das Risiko der Ausbreitung des Krieges innerhalb der Ukraine; das Risiko einer Ausweitung auf ganz Europa; ja, das Risiko eines 3. Weltkrieges. Wir hoffen darum, dass Sie sich auf Ihre urspr\u00fcngliche Position besinnen und nicht, weder direkt noch indirekt, weitere schwere Waffen an die Ukraine liefern. Wir bitten Sie im Gegenteil dringlich, alles dazu beizutragen, dass es so schnell wie m\u00f6glich zu einem Waffenstillstand kommen kann; zu einem Kompromiss, den beide Seiten akzeptieren k\u00f6nnen.<\/em><\/p>\n<p><em>Wir teilen das Urteil \u00fcber die russische Aggression als Bruch der Grundnorm des V\u00f6lkerrechts. Wir teilen auch die \u00dcberzeugung, dass es eine prinzipielle politisch-moralische Pflicht gibt, vor aggressiver Gewalt nicht ohne Gegenwehr zur\u00fcckzuweichen. Doch alles, was sich daraus ableiten l\u00e4sst, hat Grenzen in anderen Geboten der politischen Ethik.<\/em><\/p>\n<p><em>Zwei solche Grenzlinien sind nach unserer \u00dcberzeugung jetzt erreicht: Erstens das kategorische Verbot, ein manifestes Risiko der Eskalation dieses Krieges zu einem atomaren Konflikt in Kauf zu nehmen. Die Lieferung gro\u00dfer Mengen schwerer Waffen allerdings k\u00f6nnte Deutschland selbst zur Kriegspartei machen. Und ein russischer Gegenschlag k\u00f6nnte so dann den Beistandsfall nach dem NATO-Vertrag und damit die unmittelbare Gefahr eines Weltkriegs ausl\u00f6sen. Die zweite Grenzlinie ist das Ma\u00df an Zerst\u00f6rung und menschlichem Leid unter der ukrainischen Zivilbev\u00f6lkerung. Selbst der berechtigte Widerstand gegen einen Aggressor steht dazu irgendwann in einem unertr\u00e4glichen Missverh\u00e4ltnis.<\/em><\/p>\n<p><em>Wir warnen vor einem zweifachen Irrtum: Zum einen, dass die Verantwortung f\u00fcr die Gefahr einer Eskalation zum atomaren Konflikt allein den urspr\u00fcnglichen Aggressor angehe und nicht auch diejenigen, die ihm sehenden Auges ein Motiv zu einem gegebenenfalls verbrecherischen Handeln liefern. Und zum andern, dass die Entscheidung \u00fcber die moralische Verantwortbarkeit der weiteren &#8216;Kosten&#8217; an Menschenleben unter der ukrainischen Zivilbev\u00f6lkerung ausschlie\u00dflich in die Zust\u00e4ndigkeit ihrer Regierung falle. Moralisch verbindliche Normen sind universaler Natur.<\/em><\/p>\n<p><em>Die unter Druck stattfindende eskalierende Aufr\u00fcstung k\u00f6nnte der Beginn einer weltweiten R\u00fcstungsspirale mit katastrophalen Konsequenzen sein, nicht zuletzt auch f\u00fcr die globale Gesundheit und den Klimawandel. Es gilt, bei allen Unterschieden, einen weltweiten Frieden anzustreben. Der europ\u00e4ische Ansatz der gemeinsamen Vielfalt ist hierf\u00fcr ein Vorbild.<\/em><\/p>\n<p><em>Wir sind, sehr verehrter Herr Bundeskanzler, \u00fcberzeugt, dass gerade der Regierungschef von Deutschland entscheidend zu einer L\u00f6sung beitragen kann, die auch vor dem Urteil der Geschichte Bestand hat. Nicht nur mit Blick auf unsere heutige (Wirtschafts)Macht, sondern auch in Anbetracht unserer historischen Verantwortung &#8211; und in der Hoffnung auf eine gemeinsame friedliche Zukunft.<\/em><\/p>\n<p><em>Wir hoffen und z\u00e4hlen auf Sie! &#8211;\u00a0Hochachtungsvoll<\/em><\/p>\n<\/blockquote>\n<p>Unter\u00a0den 28 Erstunterzeichnern finden sich unter anderem die Feministin Alice Schwarzer, der Schriftsteller Martin Walser und der Wissenschaftsjournalist Ranga Yogeshwar\u00a0sowie der\u00a0Politikwissenschaftler\u00a0Prof. Dr. Wolfgang Merkel, der Autor Alexander Kluge, der Rechtsphilosoph Reinhard Merkel, die Theologin und gr\u00fcne Politikerin\u00a0Antje Vollmer,\u00a0der S\u00e4nger Reinhard Mey, die Kabarettisten Gerhard Polt und Dieter Nuhr, der Filmemacher Andreas Dresen, der Bildhauer Heinz Mack und die Schriftstellerin Juli Zeh.\u00a0<\/p>\n<p><strong>Mehr zum Thema &#8211;<\/strong>\u00a0<a target=\"_blank\" href=\"https:\/\/de.rt.com\/meinung\/136492-ist-russische-militaraktion-volkerrechtswidrig\/\" rel=\"noopener noreferrer\">Ist die russische Milit\u00e4raktion v\u00f6lkerrechtswidrig?<\/a><\/p>\n<\/p>\n<\/div>\n<p><br \/>\n<br \/><a href=\"https:\/\/de.rt.com\/inland\/137329-sorge-vor-drittem-weltkrieg-intellektuelle\/\">Source link <\/a><\/p>\n","protected":false},"excerpt":{"rendered":"<p>Durch die j\u00fcngsten Beschl\u00fcsse der Bundesregierung \u2013 der Bundestag hatte am Donnerstag mit gro\u00dfer Mehrheit die Lieferung schwerer Waffen an die Ukraine gebilligt \u2013 sowie hinsichtlich finanzieller und logistischer Unterst\u00fctzung der ukrainischen Regierung mehren sich die Sorgen der B\u00fcrger in\u00a0Deutschland vor einem\u00a0dritten Weltkrieg.\u00a0 Bundestag genehmigt Lieferung schwerer Waffen an die Ukraine Am\u00a0Freitag ver\u00f6ffentlichten 28\u00a0deutsche Intellektuelle [&hellip;]<\/p>\n","protected":false},"author":3,"featured_media":4829,"comment_status":"open","ping_status":"open","sticky":false,"template":"","format":"standard","meta":{"wp_automatic_camp":["217"],"f4b9b5af16fd0782f5d6f8daf6477b7f":["Sorge vor Drittem Weltkrieg: Intellektuelle und K\u00fcnstler richten offenen Brief an Kanzler Scholz"],"original_link":["https:\/\/de.rt.com\/inland\/137329-sorge-vor-drittem-weltkrieg-intellektuelle\/"],"_thumbnail_id":["4829"],"wp_automatic_remove_first_image":["yes"],"_wptg_p2tg_sent2tg":["2022-04-29 12:21:37"],"jnews_social_counter_last_update":["1777262664"]},"categories":[19,23],"tags":[13677,13678,4907,6680,13680,13679,1001,13676,140,320,3226],"yoast_head":"<!-- This site is optimized with the Yoast SEO Premium plugin v22.7 (Yoast SEO v22.7) - https:\/\/yoast.com\/wordpress\/plugins\/seo\/ -->\n<title>Sorge vor Drittem Weltkrieg: Intellektuelle und K\u00fcnstler richten offenen Brief an Kanzler Scholz - just-now.NEWS Deutschland<\/title>\n<meta name=\"robots\" content=\"index, follow, max-snippet:-1, max-image-preview:large, max-video-preview:-1\" \/>\n<link rel=\"canonical\" href=\"https:\/\/now-news.de\/de\/deutschland\/sorge-vor-drittem-weltkrieg-intellektuelle-und-kuenstler-richten-offenen-brief-an-kanzler-scholz\/\" \/>\n<meta property=\"og:locale\" content=\"de_DE\" \/>\n<meta property=\"og:type\" content=\"article\" \/>\n<meta property=\"og:title\" content=\"Sorge vor Drittem Weltkrieg: Intellektuelle und K\u00fcnstler richten offenen Brief an Kanzler Scholz\" \/>\n<meta property=\"og:description\" content=\"Durch die j\u00fcngsten Beschl\u00fcsse der Bundesregierung \u2013 der Bundestag hatte am Donnerstag mit gro\u00dfer Mehrheit die Lieferung schwerer Waffen an die Ukraine gebilligt \u2013 sowie hinsichtlich finanzieller und logistischer Unterst\u00fctzung der ukrainischen Regierung mehren sich die Sorgen der B\u00fcrger in\u00a0Deutschland vor einem\u00a0dritten Weltkrieg.\u00a0 Bundestag genehmigt Lieferung schwerer Waffen an die Ukraine Am\u00a0Freitag ver\u00f6ffentlichten 28\u00a0deutsche Intellektuelle [&hellip;]\" \/>\n<meta property=\"og:url\" content=\"https:\/\/now-news.de\/de\/deutschland\/sorge-vor-drittem-weltkrieg-intellektuelle-und-kuenstler-richten-offenen-brief-an-kanzler-scholz\/\" \/>\n<meta property=\"og:site_name\" content=\"just-now.NEWS Deutschland\" \/>\n<meta property=\"article:publisher\" content=\"https:\/\/www.facebook.com\/wirmachenauf\" \/>\n<meta property=\"article:published_time\" content=\"2022-04-29T10:17:06+00:00\" \/>\n<meta property=\"og:image\" content=\"https:\/\/now-news.de\/de\/wp-content\/uploads\/sites\/3\/2022\/04\/Sorge-vor-Drittem-Weltkrieg-Intellektuelle-und-Kuenstler-richten-offenen-Brief.jpg\" \/>\n\t<meta property=\"og:image:width\" content=\"1104\" \/>\n\t<meta property=\"og:image:height\" content=\"622\" \/>\n\t<meta property=\"og:image:type\" content=\"image\/jpeg\" \/>\n<meta name=\"author\" content=\"rtnews\" \/>\n<meta name=\"twitter:card\" content=\"summary_large_image\" \/>\n<meta name=\"twitter:creator\" content=\"@WirMachenAuf_de\" \/>\n<meta name=\"twitter:site\" content=\"@WirMachenAuf_de\" \/>\n<meta name=\"twitter:label1\" content=\"Verfasst von\" \/>\n\t<meta name=\"twitter:data1\" content=\"rtnews\" \/>\n\t<meta name=\"twitter:label2\" content=\"Gesch\u00e4tzte Lesezeit\" \/>\n\t<meta name=\"twitter:data2\" content=\"3\u00a0Minuten\" \/>\n<script type=\"application\/ld+json\" class=\"yoast-schema-graph\">{\"@context\":\"https:\/\/schema.org\",\"@graph\":[{\"@type\":\"Article\",\"@id\":\"https:\/\/now-news.de\/de\/deutschland\/sorge-vor-drittem-weltkrieg-intellektuelle-und-kuenstler-richten-offenen-brief-an-kanzler-scholz\/#article\",\"isPartOf\":{\"@id\":\"https:\/\/now-news.de\/de\/deutschland\/sorge-vor-drittem-weltkrieg-intellektuelle-und-kuenstler-richten-offenen-brief-an-kanzler-scholz\/\"},\"author\":{\"name\":\"rtnews\",\"@id\":\"https:\/\/now-news.de\/de\/#\/schema\/person\/fb534a4e865501d8b3285208df34a9b5\"},\"headline\":\"Sorge vor Drittem Weltkrieg: Intellektuelle und K\u00fcnstler richten offenen Brief an Kanzler Scholz\",\"datePublished\":\"2022-04-29T10:17:06+00:00\",\"dateModified\":\"2022-04-29T10:17:06+00:00\",\"mainEntityOfPage\":{\"@id\":\"https:\/\/now-news.de\/de\/deutschland\/sorge-vor-drittem-weltkrieg-intellektuelle-und-kuenstler-richten-offenen-brief-an-kanzler-scholz\/\"},\"wordCount\":643,\"commentCount\":0,\"publisher\":{\"@id\":\"https:\/\/now-news.de\/de\/#organization\"},\"image\":{\"@id\":\"https:\/\/now-news.de\/de\/deutschland\/sorge-vor-drittem-weltkrieg-intellektuelle-und-kuenstler-richten-offenen-brief-an-kanzler-scholz\/#primaryimage\"},\"thumbnailUrl\":\"https:\/\/now-news.de\/de\/wp-content\/uploads\/sites\/3\/2022\/04\/Sorge-vor-Drittem-Weltkrieg-Intellektuelle-und-Kuenstler-richten-offenen-Brief.jpg\",\"keywords\":[\"Drittem\",\"Intellektuelle\",\"Kanzler\",\"K\u00fcnstler\",\"offenen\",\"richten\",\"Scholz\",\"Sorge\",\"und\",\"vor\",\"Weltkrieg\"],\"articleSection\":[\"Deutschland\",\"Russland\"],\"inLanguage\":\"de\",\"potentialAction\":[{\"@type\":\"CommentAction\",\"name\":\"Comment\",\"target\":[\"https:\/\/now-news.de\/de\/deutschland\/sorge-vor-drittem-weltkrieg-intellektuelle-und-kuenstler-richten-offenen-brief-an-kanzler-scholz\/#respond\"]}]},{\"@type\":\"WebPage\",\"@id\":\"https:\/\/now-news.de\/de\/deutschland\/sorge-vor-drittem-weltkrieg-intellektuelle-und-kuenstler-richten-offenen-brief-an-kanzler-scholz\/\",\"url\":\"https:\/\/now-news.de\/de\/deutschland\/sorge-vor-drittem-weltkrieg-intellektuelle-und-kuenstler-richten-offenen-brief-an-kanzler-scholz\/\",\"name\":\"Sorge vor Drittem Weltkrieg: Intellektuelle und K\u00fcnstler richten offenen Brief an Kanzler Scholz - just-now.NEWS Deutschland\",\"isPartOf\":{\"@id\":\"https:\/\/now-news.de\/de\/#website\"},\"primaryImageOfPage\":{\"@id\":\"https:\/\/now-news.de\/de\/deutschland\/sorge-vor-drittem-weltkrieg-intellektuelle-und-kuenstler-richten-offenen-brief-an-kanzler-scholz\/#primaryimage\"},\"image\":{\"@id\":\"https:\/\/now-news.de\/de\/deutschland\/sorge-vor-drittem-weltkrieg-intellektuelle-und-kuenstler-richten-offenen-brief-an-kanzler-scholz\/#primaryimage\"},\"thumbnailUrl\":\"https:\/\/now-news.de\/de\/wp-content\/uploads\/sites\/3\/2022\/04\/Sorge-vor-Drittem-Weltkrieg-Intellektuelle-und-Kuenstler-richten-offenen-Brief.jpg\",\"datePublished\":\"2022-04-29T10:17:06+00:00\",\"dateModified\":\"2022-04-29T10:17:06+00:00\",\"breadcrumb\":{\"@id\":\"https:\/\/now-news.de\/de\/deutschland\/sorge-vor-drittem-weltkrieg-intellektuelle-und-kuenstler-richten-offenen-brief-an-kanzler-scholz\/#breadcrumb\"},\"inLanguage\":\"de\",\"potentialAction\":[{\"@type\":\"ReadAction\",\"target\":[\"https:\/\/now-news.de\/de\/deutschland\/sorge-vor-drittem-weltkrieg-intellektuelle-und-kuenstler-richten-offenen-brief-an-kanzler-scholz\/\"]}]},{\"@type\":\"ImageObject\",\"inLanguage\":\"de\",\"@id\":\"https:\/\/now-news.de\/de\/deutschland\/sorge-vor-drittem-weltkrieg-intellektuelle-und-kuenstler-richten-offenen-brief-an-kanzler-scholz\/#primaryimage\",\"url\":\"https:\/\/now-news.de\/de\/wp-content\/uploads\/sites\/3\/2022\/04\/Sorge-vor-Drittem-Weltkrieg-Intellektuelle-und-Kuenstler-richten-offenen-Brief.jpg\",\"contentUrl\":\"https:\/\/now-news.de\/de\/wp-content\/uploads\/sites\/3\/2022\/04\/Sorge-vor-Drittem-Weltkrieg-Intellektuelle-und-Kuenstler-richten-offenen-Brief.jpg\",\"width\":1104,\"height\":622,\"caption\":\"Sorge vor Drittem Weltkrieg: Intellektuelle und K\u00fcnstler richten offenen Brief an Kanzler Scholz\"},{\"@type\":\"BreadcrumbList\",\"@id\":\"https:\/\/now-news.de\/de\/deutschland\/sorge-vor-drittem-weltkrieg-intellektuelle-und-kuenstler-richten-offenen-brief-an-kanzler-scholz\/#breadcrumb\",\"itemListElement\":[{\"@type\":\"ListItem\",\"position\":1,\"name\":\"Home\",\"item\":\"https:\/\/now-news.de\/de\/\"},{\"@type\":\"ListItem\",\"position\":2,\"name\":\"Sorge vor Drittem Weltkrieg: Intellektuelle und K\u00fcnstler richten offenen Brief an Kanzler Scholz\"}]},{\"@type\":\"WebSite\",\"@id\":\"https:\/\/now-news.de\/de\/#website\",\"url\":\"https:\/\/now-news.de\/de\/\",\"name\":\"just-now.NEWS Deutschland\",\"description\":\"Das Portal f\u00fcr unzensierte Nachrichten aus der Welt\",\"publisher\":{\"@id\":\"https:\/\/now-news.de\/de\/#organization\"},\"potentialAction\":[{\"@type\":\"SearchAction\",\"target\":{\"@type\":\"EntryPoint\",\"urlTemplate\":\"https:\/\/now-news.de\/de\/?s={search_term_string}\"},\"query-input\":\"required name=search_term_string\"}],\"inLanguage\":\"de\"},{\"@type\":\"Organization\",\"@id\":\"https:\/\/now-news.de\/de\/#organization\",\"name\":\"Just Now News\",\"url\":\"https:\/\/now-news.de\/de\/\",\"logo\":{\"@type\":\"ImageObject\",\"inLanguage\":\"de\",\"@id\":\"https:\/\/now-news.de\/de\/#\/schema\/logo\/image\/\",\"url\":\"http:\/\/just-now.news\/de\/wp-content\/uploads\/sites\/3\/2022\/04\/logo500x500.jpg\",\"contentUrl\":\"http:\/\/just-now.news\/de\/wp-content\/uploads\/sites\/3\/2022\/04\/logo500x500.jpg\",\"width\":500,\"height\":500,\"caption\":\"Just Now News\"},\"image\":{\"@id\":\"https:\/\/now-news.de\/de\/#\/schema\/logo\/image\/\"},\"sameAs\":[\"https:\/\/www.facebook.com\/wirmachenauf\",\"https:\/\/x.com\/WirMachenAuf_de\"]},{\"@type\":\"Person\",\"@id\":\"https:\/\/now-news.de\/de\/#\/schema\/person\/fb534a4e865501d8b3285208df34a9b5\",\"name\":\"rtnews\",\"image\":{\"@type\":\"ImageObject\",\"inLanguage\":\"de\",\"@id\":\"https:\/\/now-news.de\/de\/#\/schema\/person\/image\/\",\"url\":\"https:\/\/secure.gravatar.com\/avatar\/82aafea7d8127119dd649515f56e2117?s=96&d=mm&r=g\",\"contentUrl\":\"https:\/\/secure.gravatar.com\/avatar\/82aafea7d8127119dd649515f56e2117?s=96&d=mm&r=g\",\"caption\":\"rtnews\"},\"url\":\"https:\/\/now-news.de\/de\/author\/rnews\/\"}]}<\/script>\n<!-- \/ Yoast SEO Premium plugin. -->","yoast_head_json":{"title":"Sorge vor Drittem Weltkrieg: Intellektuelle und K\u00fcnstler richten offenen Brief an Kanzler Scholz - just-now.NEWS Deutschland","robots":{"index":"index","follow":"follow","max-snippet":"max-snippet:-1","max-image-preview":"max-image-preview:large","max-video-preview":"max-video-preview:-1"},"canonical":"https:\/\/now-news.de\/de\/deutschland\/sorge-vor-drittem-weltkrieg-intellektuelle-und-kuenstler-richten-offenen-brief-an-kanzler-scholz\/","og_locale":"de_DE","og_type":"article","og_title":"Sorge vor Drittem Weltkrieg: Intellektuelle und K\u00fcnstler richten offenen Brief an Kanzler Scholz","og_description":"Durch die j\u00fcngsten Beschl\u00fcsse der Bundesregierung \u2013 der Bundestag hatte am Donnerstag mit gro\u00dfer Mehrheit die Lieferung schwerer Waffen an die Ukraine gebilligt \u2013 sowie hinsichtlich finanzieller und logistischer Unterst\u00fctzung der ukrainischen Regierung mehren sich die Sorgen der B\u00fcrger in\u00a0Deutschland vor einem\u00a0dritten Weltkrieg.\u00a0 Bundestag genehmigt Lieferung schwerer Waffen an die Ukraine Am\u00a0Freitag ver\u00f6ffentlichten 28\u00a0deutsche Intellektuelle [&hellip;]","og_url":"https:\/\/now-news.de\/de\/deutschland\/sorge-vor-drittem-weltkrieg-intellektuelle-und-kuenstler-richten-offenen-brief-an-kanzler-scholz\/","og_site_name":"just-now.NEWS Deutschland","article_publisher":"https:\/\/www.facebook.com\/wirmachenauf","article_published_time":"2022-04-29T10:17:06+00:00","og_image":[{"width":1104,"height":622,"url":"https:\/\/now-news.de\/de\/wp-content\/uploads\/sites\/3\/2022\/04\/Sorge-vor-Drittem-Weltkrieg-Intellektuelle-und-Kuenstler-richten-offenen-Brief.jpg","type":"image\/jpeg"}],"author":"rtnews","twitter_card":"summary_large_image","twitter_creator":"@WirMachenAuf_de","twitter_site":"@WirMachenAuf_de","twitter_misc":{"Verfasst von":"rtnews","Gesch\u00e4tzte Lesezeit":"3\u00a0Minuten"},"schema":{"@context":"https:\/\/schema.org","@graph":[{"@type":"Article","@id":"https:\/\/now-news.de\/de\/deutschland\/sorge-vor-drittem-weltkrieg-intellektuelle-und-kuenstler-richten-offenen-brief-an-kanzler-scholz\/#article","isPartOf":{"@id":"https:\/\/now-news.de\/de\/deutschland\/sorge-vor-drittem-weltkrieg-intellektuelle-und-kuenstler-richten-offenen-brief-an-kanzler-scholz\/"},"author":{"name":"rtnews","@id":"https:\/\/now-news.de\/de\/#\/schema\/person\/fb534a4e865501d8b3285208df34a9b5"},"headline":"Sorge vor Drittem Weltkrieg: Intellektuelle und K\u00fcnstler richten offenen Brief an Kanzler Scholz","datePublished":"2022-04-29T10:17:06+00:00","dateModified":"2022-04-29T10:17:06+00:00","mainEntityOfPage":{"@id":"https:\/\/now-news.de\/de\/deutschland\/sorge-vor-drittem-weltkrieg-intellektuelle-und-kuenstler-richten-offenen-brief-an-kanzler-scholz\/"},"wordCount":643,"commentCount":0,"publisher":{"@id":"https:\/\/now-news.de\/de\/#organization"},"image":{"@id":"https:\/\/now-news.de\/de\/deutschland\/sorge-vor-drittem-weltkrieg-intellektuelle-und-kuenstler-richten-offenen-brief-an-kanzler-scholz\/#primaryimage"},"thumbnailUrl":"https:\/\/now-news.de\/de\/wp-content\/uploads\/sites\/3\/2022\/04\/Sorge-vor-Drittem-Weltkrieg-Intellektuelle-und-Kuenstler-richten-offenen-Brief.jpg","keywords":["Drittem","Intellektuelle","Kanzler","K\u00fcnstler","offenen","richten","Scholz","Sorge","und","vor","Weltkrieg"],"articleSection":["Deutschland","Russland"],"inLanguage":"de","potentialAction":[{"@type":"CommentAction","name":"Comment","target":["https:\/\/now-news.de\/de\/deutschland\/sorge-vor-drittem-weltkrieg-intellektuelle-und-kuenstler-richten-offenen-brief-an-kanzler-scholz\/#respond"]}]},{"@type":"WebPage","@id":"https:\/\/now-news.de\/de\/deutschland\/sorge-vor-drittem-weltkrieg-intellektuelle-und-kuenstler-richten-offenen-brief-an-kanzler-scholz\/","url":"https:\/\/now-news.de\/de\/deutschland\/sorge-vor-drittem-weltkrieg-intellektuelle-und-kuenstler-richten-offenen-brief-an-kanzler-scholz\/","name":"Sorge vor Drittem Weltkrieg: Intellektuelle und K\u00fcnstler richten offenen Brief an Kanzler Scholz - just-now.NEWS Deutschland","isPartOf":{"@id":"https:\/\/now-news.de\/de\/#website"},"primaryImageOfPage":{"@id":"https:\/\/now-news.de\/de\/deutschland\/sorge-vor-drittem-weltkrieg-intellektuelle-und-kuenstler-richten-offenen-brief-an-kanzler-scholz\/#primaryimage"},"image":{"@id":"https:\/\/now-news.de\/de\/deutschland\/sorge-vor-drittem-weltkrieg-intellektuelle-und-kuenstler-richten-offenen-brief-an-kanzler-scholz\/#primaryimage"},"thumbnailUrl":"https:\/\/now-news.de\/de\/wp-content\/uploads\/sites\/3\/2022\/04\/Sorge-vor-Drittem-Weltkrieg-Intellektuelle-und-Kuenstler-richten-offenen-Brief.jpg","datePublished":"2022-04-29T10:17:06+00:00","dateModified":"2022-04-29T10:17:06+00:00","breadcrumb":{"@id":"https:\/\/now-news.de\/de\/deutschland\/sorge-vor-drittem-weltkrieg-intellektuelle-und-kuenstler-richten-offenen-brief-an-kanzler-scholz\/#breadcrumb"},"inLanguage":"de","potentialAction":[{"@type":"ReadAction","target":["https:\/\/now-news.de\/de\/deutschland\/sorge-vor-drittem-weltkrieg-intellektuelle-und-kuenstler-richten-offenen-brief-an-kanzler-scholz\/"]}]},{"@type":"ImageObject","inLanguage":"de","@id":"https:\/\/now-news.de\/de\/deutschland\/sorge-vor-drittem-weltkrieg-intellektuelle-und-kuenstler-richten-offenen-brief-an-kanzler-scholz\/#primaryimage","url":"https:\/\/now-news.de\/de\/wp-content\/uploads\/sites\/3\/2022\/04\/Sorge-vor-Drittem-Weltkrieg-Intellektuelle-und-Kuenstler-richten-offenen-Brief.jpg","contentUrl":"https:\/\/now-news.de\/de\/wp-content\/uploads\/sites\/3\/2022\/04\/Sorge-vor-Drittem-Weltkrieg-Intellektuelle-und-Kuenstler-richten-offenen-Brief.jpg","width":1104,"height":622,"caption":"Sorge vor Drittem Weltkrieg: Intellektuelle und K\u00fcnstler richten offenen Brief an Kanzler Scholz"},{"@type":"BreadcrumbList","@id":"https:\/\/now-news.de\/de\/deutschland\/sorge-vor-drittem-weltkrieg-intellektuelle-und-kuenstler-richten-offenen-brief-an-kanzler-scholz\/#breadcrumb","itemListElement":[{"@type":"ListItem","position":1,"name":"Home","item":"https:\/\/now-news.de\/de\/"},{"@type":"ListItem","position":2,"name":"Sorge vor Drittem Weltkrieg: Intellektuelle und K\u00fcnstler richten offenen Brief an Kanzler Scholz"}]},{"@type":"WebSite","@id":"https:\/\/now-news.de\/de\/#website","url":"https:\/\/now-news.de\/de\/","name":"just-now.NEWS Deutschland","description":"Das Portal f\u00fcr unzensierte Nachrichten aus der Welt","publisher":{"@id":"https:\/\/now-news.de\/de\/#organization"},"potentialAction":[{"@type":"SearchAction","target":{"@type":"EntryPoint","urlTemplate":"https:\/\/now-news.de\/de\/?s={search_term_string}"},"query-input":"required name=search_term_string"}],"inLanguage":"de"},{"@type":"Organization","@id":"https:\/\/now-news.de\/de\/#organization","name":"Just Now News","url":"https:\/\/now-news.de\/de\/","logo":{"@type":"ImageObject","inLanguage":"de","@id":"https:\/\/now-news.de\/de\/#\/schema\/logo\/image\/","url":"http:\/\/just-now.news\/de\/wp-content\/uploads\/sites\/3\/2022\/04\/logo500x500.jpg","contentUrl":"http:\/\/just-now.news\/de\/wp-content\/uploads\/sites\/3\/2022\/04\/logo500x500.jpg","width":500,"height":500,"caption":"Just Now News"},"image":{"@id":"https:\/\/now-news.de\/de\/#\/schema\/logo\/image\/"},"sameAs":["https:\/\/www.facebook.com\/wirmachenauf","https:\/\/x.com\/WirMachenAuf_de"]},{"@type":"Person","@id":"https:\/\/now-news.de\/de\/#\/schema\/person\/fb534a4e865501d8b3285208df34a9b5","name":"rtnews","image":{"@type":"ImageObject","inLanguage":"de","@id":"https:\/\/now-news.de\/de\/#\/schema\/person\/image\/","url":"https:\/\/secure.gravatar.com\/avatar\/82aafea7d8127119dd649515f56e2117?s=96&d=mm&r=g","contentUrl":"https:\/\/secure.gravatar.com\/avatar\/82aafea7d8127119dd649515f56e2117?s=96&d=mm&r=g","caption":"rtnews"},"url":"https:\/\/now-news.de\/de\/author\/rnews\/"}]}},"_links":{"self":[{"href":"https:\/\/now-news.de\/de\/wp-json\/wp\/v2\/posts\/4828"}],"collection":[{"href":"https:\/\/now-news.de\/de\/wp-json\/wp\/v2\/posts"}],"about":[{"href":"https:\/\/now-news.de\/de\/wp-json\/wp\/v2\/types\/post"}],"author":[{"embeddable":true,"href":"https:\/\/now-news.de\/de\/wp-json\/wp\/v2\/users\/3"}],"replies":[{"embeddable":true,"href":"https:\/\/now-news.de\/de\/wp-json\/wp\/v2\/comments?post=4828"}],"version-history":[{"count":0,"href":"https:\/\/now-news.de\/de\/wp-json\/wp\/v2\/posts\/4828\/revisions"}],"wp:featuredmedia":[{"embeddable":true,"href":"https:\/\/now-news.de\/de\/wp-json\/wp\/v2\/media\/4829"}],"wp:attachment":[{"href":"https:\/\/now-news.de\/de\/wp-json\/wp\/v2\/media?parent=4828"}],"wp:term":[{"taxonomy":"category","embeddable":true,"href":"https:\/\/now-news.de\/de\/wp-json\/wp\/v2\/categories?post=4828"},{"taxonomy":"post_tag","embeddable":true,"href":"https:\/\/now-news.de\/de\/wp-json\/wp\/v2\/tags?post=4828"}],"curies":[{"name":"wp","href":"https:\/\/api.w.org\/{rel}","templated":true}]}}