{"id":48279,"date":"2023-10-18T13:48:46","date_gmt":"2023-10-18T11:48:46","guid":{"rendered":"https:\/\/just-now.news\/de\/deutschland\/neue-perspektiven-china-und-serbien-unterzeichnen-freihandelsabkommen\/"},"modified":"2023-10-18T13:48:46","modified_gmt":"2023-10-18T11:48:46","slug":"neue-perspektiven-china-und-serbien-unterzeichnen-freihandelsabkommen","status":"publish","type":"post","link":"https:\/\/now-news.de\/de\/deutschland\/neue-perspektiven-china-und-serbien-unterzeichnen-freihandelsabkommen\/","title":{"rendered":"&quot;Neue Perspektiven&quot; \u2013 China und Serbien unterzeichnen Freihandelsabkommen"},"content":{"rendered":"<p><img decoding=\"async\" src=\"http:\/\/just-now.news\/de\/wp-content\/uploads\/sites\/3\/2023\/10\/652fb5ee48fbef4ad170b475.jpg\" \/><\/p>\n<div class=\"Text-root Text-type_1 \">\n                Schon im vergangenen Jahr war China Serbiens zweitgr\u00f6\u00dfter Handelspartner nach Deutschland. Nun wollen Belgrad und Peking die Wirtschaftsbeziehungen noch weiter vertiefen \u2013 mit der Unterzeichnung eines Freihandelsabkommens.\n            <\/div>\n<p><\/p>\n<div class=\"Text-root Text-type_5 ArticleView-text ViewText-root \">\n<p>China und Serbien haben ein Freihandelsabkommen unterzeichnet. Die Vereinbarung mit dem zweitgr\u00f6\u00dften Handelspartner &#8220;\u00f6ffnet neue Perspektiven f\u00fcr die Beziehungen unserer beiden L\u00e4nder&#8221;, so Serbiens Pr\u00e4sident Aleksandar Vu\u010di\u0107 gestern auf Instagram. Die Unterzeichnung erfolgte in Peking am Rande von Chinas internationalem Forum zu seiner Infrastrukturinitiative &#8220;Neue Seidenstra\u00dfe&#8221;.<\/p>\n<p>Details der Vereinbarung wurden nicht bekannt gegeben. Vu\u010di\u0107 sagte, dass etwa serbische Produzenten von Obst, Honig und Wein davon profitieren w\u00fcrden. Er hoffe, dass das Abkommen im kommenden Mai oder Juni in Kraft treten werde. Der serbische Pr\u00e4sident war nach Peking gereist, anstatt am Montag an einem Balkan-Gipfel in der albanischen Hauptstadt Tirana teilzunehmen.<\/p>\n<p>China hat in den vergangenen Jahren Milliarden in Serbien und den benachbarten Balkan-L\u00e4ndern investiert, in der Hoffnung, seinen Einfluss in Mittel- und Osteuropa zu vergr\u00f6\u00dfern. Die Regierung in Belgrad hei\u00dft die Investoren aus Fernost in der Regel herzlich willkommen.<\/p>\n<p>Im vergangenen Jahr kam rund ein Drittel der ausl\u00e4ndischen Investitionen in Serbien aus China, rund 1,4 Milliarden Euro. 2022 war China Serbiens zweitgr\u00f6\u00dfter Handelspartner nach Deutschland.<\/p>\n<p><strong>Mehr zum Thema<\/strong> \u2013 <a rel=\"nofollow noopener\" target=\"_blank\" href=\"https:\/\/freeassange.rtde.life\/europa\/183774-mehrheit-gegen-eu-beitritt-serben-entfremden-sich-zunehmend-vom-westen\/\">Mehrheit gegen EU-Beitritt: Serben entfremden sich zunehmend vom Westen und wenden sich BRICS zu<\/a><\/p>\n<div class=\"EmbedBlock-root EmbedBlock-externalVideo EmbedBlock-odysee\">\n<div class=\"VkEmbed\"><iframe class=\"lazyload\" data-src=\"https:\/\/odysee.com\/%24\/embed\/%40RTDE%3Ae%2Fputin-%C3%BCber-chinas-au%C3%9Fenpolitik-es-gibt-keinen-zwang-es-werden-lediglich-chancen-geboten%3A3\" frameborder=\"0\" width=\"853\" height=\"480\" allowfullscreen><\/iframe><\/div>\n<\/div>\n<\/div>\n<p><br \/>\n<br \/><a href=\"https:\/\/de.rt.com\/international\/184162-neue-perspektiven-china-und-serbien-unterzeichnen-freihandelsabkommen\/\">Source link <\/a><\/p>\n","protected":false},"excerpt":{"rendered":"<p>Schon im vergangenen Jahr war China Serbiens zweitgr\u00f6\u00dfter Handelspartner nach Deutschland. Nun wollen Belgrad und Peking die Wirtschaftsbeziehungen noch weiter vertiefen \u2013 mit der Unterzeichnung eines Freihandelsabkommens. China und Serbien haben ein Freihandelsabkommen unterzeichnet. Die Vereinbarung mit dem zweitgr\u00f6\u00dften Handelspartner &#8220;\u00f6ffnet neue Perspektiven f\u00fcr die Beziehungen unserer beiden L\u00e4nder&#8221;, so Serbiens Pr\u00e4sident Aleksandar Vu\u010di\u0107 gestern [&hellip;]<\/p>\n","protected":false},"author":3,"featured_media":48280,"comment_status":"open","ping_status":"open","sticky":false,"template":"","format":"standard","meta":{"_yoast_indexnow_last_ping":["1697634725"],"wp_automatic_camp":["217"],"916e9f168e8c3b41103ae2bc322c392c":["&quot;Neue Perspektiven&quot; \u2013 China und Serbien unterzeichnen Freihandelsabkommen"],"original_link":["https:\/\/de.rt.com\/international\/184162-neue-perspektiven-china-und-serbien-unterzeichnen-freihandelsabkommen\/"],"_thumbnail_id":["48280"],"_wptgpro_p2tg_sent2tg":["a:1:{i:23737;s:19:\"2023-10-18 15:13:06\";}"],"jnews_social_counter_last_update":["1777392015"]},"categories":[19,23],"tags":[192,22711,49884,25614,978,140,21264],"yoast_head":"<!-- This site is optimized with the Yoast SEO Premium plugin v22.7 (Yoast SEO v22.7) - https:\/\/yoast.com\/wordpress\/plugins\/seo\/ -->\n<title>&quot;Neue Perspektiven&quot; \u2013 China und Serbien unterzeichnen Freihandelsabkommen - just-now.NEWS Deutschland<\/title>\n<meta name=\"robots\" content=\"index, follow, max-snippet:-1, max-image-preview:large, max-video-preview:-1\" \/>\n<link rel=\"canonical\" href=\"https:\/\/now-news.de\/de\/deutschland\/neue-perspektiven-china-und-serbien-unterzeichnen-freihandelsabkommen\/\" \/>\n<meta property=\"og:locale\" content=\"de_DE\" \/>\n<meta property=\"og:type\" content=\"article\" \/>\n<meta property=\"og:title\" content=\"&quot;Neue Perspektiven&quot; \u2013 China und Serbien unterzeichnen Freihandelsabkommen\" \/>\n<meta property=\"og:description\" content=\"Schon im vergangenen Jahr war China Serbiens zweitgr\u00f6\u00dfter Handelspartner nach Deutschland. Nun wollen Belgrad und Peking die Wirtschaftsbeziehungen noch weiter vertiefen \u2013 mit der Unterzeichnung eines Freihandelsabkommens. China und Serbien haben ein Freihandelsabkommen unterzeichnet. Die Vereinbarung mit dem zweitgr\u00f6\u00dften Handelspartner &#8220;\u00f6ffnet neue Perspektiven f\u00fcr die Beziehungen unserer beiden L\u00e4nder&#8221;, so Serbiens Pr\u00e4sident Aleksandar Vu\u010di\u0107 gestern [&hellip;]\" \/>\n<meta property=\"og:url\" content=\"https:\/\/now-news.de\/de\/deutschland\/neue-perspektiven-china-und-serbien-unterzeichnen-freihandelsabkommen\/\" \/>\n<meta property=\"og:site_name\" content=\"just-now.NEWS Deutschland\" \/>\n<meta property=\"article:publisher\" content=\"https:\/\/www.facebook.com\/wirmachenauf\" \/>\n<meta property=\"article:published_time\" content=\"2023-10-18T11:48:46+00:00\" \/>\n<meta property=\"og:image\" content=\"https:\/\/now-news.de\/de\/wp-content\/uploads\/sites\/3\/2023\/10\/quotNeue-Perspektivenquot-\u2013-China-und-Serbien-unterzeichnen-Freihandelsabkommen.jpg\" \/>\n\t<meta property=\"og:image:width\" content=\"460\" \/>\n\t<meta property=\"og:image:height\" content=\"259\" \/>\n\t<meta property=\"og:image:type\" content=\"image\/jpeg\" \/>\n<meta name=\"author\" content=\"rtnews\" \/>\n<meta name=\"twitter:card\" content=\"summary_large_image\" \/>\n<meta name=\"twitter:creator\" content=\"@WirMachenAuf_de\" \/>\n<meta name=\"twitter:site\" content=\"@WirMachenAuf_de\" \/>\n<meta name=\"twitter:label1\" content=\"Verfasst von\" \/>\n\t<meta name=\"twitter:data1\" content=\"rtnews\" \/>\n\t<meta name=\"twitter:label2\" content=\"Gesch\u00e4tzte Lesezeit\" \/>\n\t<meta name=\"twitter:data2\" content=\"1\u00a0Minute\" \/>\n<script type=\"application\/ld+json\" class=\"yoast-schema-graph\">{\"@context\":\"https:\/\/schema.org\",\"@graph\":[{\"@type\":\"Article\",\"@id\":\"https:\/\/now-news.de\/de\/deutschland\/neue-perspektiven-china-und-serbien-unterzeichnen-freihandelsabkommen\/#article\",\"isPartOf\":{\"@id\":\"https:\/\/now-news.de\/de\/deutschland\/neue-perspektiven-china-und-serbien-unterzeichnen-freihandelsabkommen\/\"},\"author\":{\"name\":\"rtnews\",\"@id\":\"https:\/\/now-news.de\/de\/#\/schema\/person\/fb534a4e865501d8b3285208df34a9b5\"},\"headline\":\"&quot;Neue Perspektiven&quot; \u2013 China und Serbien unterzeichnen Freihandelsabkommen\",\"datePublished\":\"2023-10-18T11:48:46+00:00\",\"dateModified\":\"2023-10-18T11:48:46+00:00\",\"mainEntityOfPage\":{\"@id\":\"https:\/\/now-news.de\/de\/deutschland\/neue-perspektiven-china-und-serbien-unterzeichnen-freihandelsabkommen\/\"},\"wordCount\":233,\"commentCount\":0,\"publisher\":{\"@id\":\"https:\/\/now-news.de\/de\/#organization\"},\"image\":{\"@id\":\"https:\/\/now-news.de\/de\/deutschland\/neue-perspektiven-china-und-serbien-unterzeichnen-freihandelsabkommen\/#primaryimage\"},\"thumbnailUrl\":\"https:\/\/now-news.de\/de\/wp-content\/uploads\/sites\/3\/2023\/10\/quotNeue-Perspektivenquot-\u2013-China-und-Serbien-unterzeichnen-Freihandelsabkommen.jpg\",\"keywords\":[\"China\",\"Freihandelsabkommen\",\"Perspektivenquot\",\"quotneue\",\"Serbien\",\"und\",\"unterzeichnen\"],\"articleSection\":[\"Deutschland\",\"Russland\"],\"inLanguage\":\"de\",\"potentialAction\":[{\"@type\":\"CommentAction\",\"name\":\"Comment\",\"target\":[\"https:\/\/now-news.de\/de\/deutschland\/neue-perspektiven-china-und-serbien-unterzeichnen-freihandelsabkommen\/#respond\"]}]},{\"@type\":\"WebPage\",\"@id\":\"https:\/\/now-news.de\/de\/deutschland\/neue-perspektiven-china-und-serbien-unterzeichnen-freihandelsabkommen\/\",\"url\":\"https:\/\/now-news.de\/de\/deutschland\/neue-perspektiven-china-und-serbien-unterzeichnen-freihandelsabkommen\/\",\"name\":\"&quot;Neue Perspektiven&quot; \u2013 China und Serbien unterzeichnen Freihandelsabkommen - just-now.NEWS Deutschland\",\"isPartOf\":{\"@id\":\"https:\/\/now-news.de\/de\/#website\"},\"primaryImageOfPage\":{\"@id\":\"https:\/\/now-news.de\/de\/deutschland\/neue-perspektiven-china-und-serbien-unterzeichnen-freihandelsabkommen\/#primaryimage\"},\"image\":{\"@id\":\"https:\/\/now-news.de\/de\/deutschland\/neue-perspektiven-china-und-serbien-unterzeichnen-freihandelsabkommen\/#primaryimage\"},\"thumbnailUrl\":\"https:\/\/now-news.de\/de\/wp-content\/uploads\/sites\/3\/2023\/10\/quotNeue-Perspektivenquot-\u2013-China-und-Serbien-unterzeichnen-Freihandelsabkommen.jpg\",\"datePublished\":\"2023-10-18T11:48:46+00:00\",\"dateModified\":\"2023-10-18T11:48:46+00:00\",\"breadcrumb\":{\"@id\":\"https:\/\/now-news.de\/de\/deutschland\/neue-perspektiven-china-und-serbien-unterzeichnen-freihandelsabkommen\/#breadcrumb\"},\"inLanguage\":\"de\",\"potentialAction\":[{\"@type\":\"ReadAction\",\"target\":[\"https:\/\/now-news.de\/de\/deutschland\/neue-perspektiven-china-und-serbien-unterzeichnen-freihandelsabkommen\/\"]}]},{\"@type\":\"ImageObject\",\"inLanguage\":\"de\",\"@id\":\"https:\/\/now-news.de\/de\/deutschland\/neue-perspektiven-china-und-serbien-unterzeichnen-freihandelsabkommen\/#primaryimage\",\"url\":\"https:\/\/now-news.de\/de\/wp-content\/uploads\/sites\/3\/2023\/10\/quotNeue-Perspektivenquot-\u2013-China-und-Serbien-unterzeichnen-Freihandelsabkommen.jpg\",\"contentUrl\":\"https:\/\/now-news.de\/de\/wp-content\/uploads\/sites\/3\/2023\/10\/quotNeue-Perspektivenquot-\u2013-China-und-Serbien-unterzeichnen-Freihandelsabkommen.jpg\",\"width\":460,\"height\":259,\"caption\":\"&quot;Neue Perspektiven&quot; \u2013 China und Serbien unterzeichnen Freihandelsabkommen\"},{\"@type\":\"BreadcrumbList\",\"@id\":\"https:\/\/now-news.de\/de\/deutschland\/neue-perspektiven-china-und-serbien-unterzeichnen-freihandelsabkommen\/#breadcrumb\",\"itemListElement\":[{\"@type\":\"ListItem\",\"position\":1,\"name\":\"Home\",\"item\":\"https:\/\/now-news.de\/de\/\"},{\"@type\":\"ListItem\",\"position\":2,\"name\":\"&quot;Neue Perspektiven&quot; \u2013 China und Serbien unterzeichnen Freihandelsabkommen\"}]},{\"@type\":\"WebSite\",\"@id\":\"https:\/\/now-news.de\/de\/#website\",\"url\":\"https:\/\/now-news.de\/de\/\",\"name\":\"just-now.NEWS Deutschland\",\"description\":\"Das Portal f\u00fcr unzensierte Nachrichten aus der Welt\",\"publisher\":{\"@id\":\"https:\/\/now-news.de\/de\/#organization\"},\"potentialAction\":[{\"@type\":\"SearchAction\",\"target\":{\"@type\":\"EntryPoint\",\"urlTemplate\":\"https:\/\/now-news.de\/de\/?s={search_term_string}\"},\"query-input\":\"required name=search_term_string\"}],\"inLanguage\":\"de\"},{\"@type\":\"Organization\",\"@id\":\"https:\/\/now-news.de\/de\/#organization\",\"name\":\"Just Now News\",\"url\":\"https:\/\/now-news.de\/de\/\",\"logo\":{\"@type\":\"ImageObject\",\"inLanguage\":\"de\",\"@id\":\"https:\/\/now-news.de\/de\/#\/schema\/logo\/image\/\",\"url\":\"http:\/\/just-now.news\/de\/wp-content\/uploads\/sites\/3\/2022\/04\/logo500x500.jpg\",\"contentUrl\":\"http:\/\/just-now.news\/de\/wp-content\/uploads\/sites\/3\/2022\/04\/logo500x500.jpg\",\"width\":500,\"height\":500,\"caption\":\"Just Now News\"},\"image\":{\"@id\":\"https:\/\/now-news.de\/de\/#\/schema\/logo\/image\/\"},\"sameAs\":[\"https:\/\/www.facebook.com\/wirmachenauf\",\"https:\/\/x.com\/WirMachenAuf_de\"]},{\"@type\":\"Person\",\"@id\":\"https:\/\/now-news.de\/de\/#\/schema\/person\/fb534a4e865501d8b3285208df34a9b5\",\"name\":\"rtnews\",\"image\":{\"@type\":\"ImageObject\",\"inLanguage\":\"de\",\"@id\":\"https:\/\/now-news.de\/de\/#\/schema\/person\/image\/\",\"url\":\"https:\/\/secure.gravatar.com\/avatar\/82aafea7d8127119dd649515f56e2117?s=96&d=mm&r=g\",\"contentUrl\":\"https:\/\/secure.gravatar.com\/avatar\/82aafea7d8127119dd649515f56e2117?s=96&d=mm&r=g\",\"caption\":\"rtnews\"},\"url\":\"https:\/\/now-news.de\/de\/author\/rnews\/\"}]}<\/script>\n<!-- \/ Yoast SEO Premium plugin. -->","yoast_head_json":{"title":"&quot;Neue Perspektiven&quot; \u2013 China und Serbien unterzeichnen Freihandelsabkommen - just-now.NEWS Deutschland","robots":{"index":"index","follow":"follow","max-snippet":"max-snippet:-1","max-image-preview":"max-image-preview:large","max-video-preview":"max-video-preview:-1"},"canonical":"https:\/\/now-news.de\/de\/deutschland\/neue-perspektiven-china-und-serbien-unterzeichnen-freihandelsabkommen\/","og_locale":"de_DE","og_type":"article","og_title":"&quot;Neue Perspektiven&quot; \u2013 China und Serbien unterzeichnen Freihandelsabkommen","og_description":"Schon im vergangenen Jahr war China Serbiens zweitgr\u00f6\u00dfter Handelspartner nach Deutschland. Nun wollen Belgrad und Peking die Wirtschaftsbeziehungen noch weiter vertiefen \u2013 mit der Unterzeichnung eines Freihandelsabkommens. China und Serbien haben ein Freihandelsabkommen unterzeichnet. Die Vereinbarung mit dem zweitgr\u00f6\u00dften Handelspartner &#8220;\u00f6ffnet neue Perspektiven f\u00fcr die Beziehungen unserer beiden L\u00e4nder&#8221;, so Serbiens Pr\u00e4sident Aleksandar Vu\u010di\u0107 gestern [&hellip;]","og_url":"https:\/\/now-news.de\/de\/deutschland\/neue-perspektiven-china-und-serbien-unterzeichnen-freihandelsabkommen\/","og_site_name":"just-now.NEWS Deutschland","article_publisher":"https:\/\/www.facebook.com\/wirmachenauf","article_published_time":"2023-10-18T11:48:46+00:00","og_image":[{"width":460,"height":259,"url":"https:\/\/now-news.de\/de\/wp-content\/uploads\/sites\/3\/2023\/10\/quotNeue-Perspektivenquot-\u2013-China-und-Serbien-unterzeichnen-Freihandelsabkommen.jpg","type":"image\/jpeg"}],"author":"rtnews","twitter_card":"summary_large_image","twitter_creator":"@WirMachenAuf_de","twitter_site":"@WirMachenAuf_de","twitter_misc":{"Verfasst von":"rtnews","Gesch\u00e4tzte Lesezeit":"1\u00a0Minute"},"schema":{"@context":"https:\/\/schema.org","@graph":[{"@type":"Article","@id":"https:\/\/now-news.de\/de\/deutschland\/neue-perspektiven-china-und-serbien-unterzeichnen-freihandelsabkommen\/#article","isPartOf":{"@id":"https:\/\/now-news.de\/de\/deutschland\/neue-perspektiven-china-und-serbien-unterzeichnen-freihandelsabkommen\/"},"author":{"name":"rtnews","@id":"https:\/\/now-news.de\/de\/#\/schema\/person\/fb534a4e865501d8b3285208df34a9b5"},"headline":"&quot;Neue Perspektiven&quot; \u2013 China und Serbien unterzeichnen Freihandelsabkommen","datePublished":"2023-10-18T11:48:46+00:00","dateModified":"2023-10-18T11:48:46+00:00","mainEntityOfPage":{"@id":"https:\/\/now-news.de\/de\/deutschland\/neue-perspektiven-china-und-serbien-unterzeichnen-freihandelsabkommen\/"},"wordCount":233,"commentCount":0,"publisher":{"@id":"https:\/\/now-news.de\/de\/#organization"},"image":{"@id":"https:\/\/now-news.de\/de\/deutschland\/neue-perspektiven-china-und-serbien-unterzeichnen-freihandelsabkommen\/#primaryimage"},"thumbnailUrl":"https:\/\/now-news.de\/de\/wp-content\/uploads\/sites\/3\/2023\/10\/quotNeue-Perspektivenquot-\u2013-China-und-Serbien-unterzeichnen-Freihandelsabkommen.jpg","keywords":["China","Freihandelsabkommen","Perspektivenquot","quotneue","Serbien","und","unterzeichnen"],"articleSection":["Deutschland","Russland"],"inLanguage":"de","potentialAction":[{"@type":"CommentAction","name":"Comment","target":["https:\/\/now-news.de\/de\/deutschland\/neue-perspektiven-china-und-serbien-unterzeichnen-freihandelsabkommen\/#respond"]}]},{"@type":"WebPage","@id":"https:\/\/now-news.de\/de\/deutschland\/neue-perspektiven-china-und-serbien-unterzeichnen-freihandelsabkommen\/","url":"https:\/\/now-news.de\/de\/deutschland\/neue-perspektiven-china-und-serbien-unterzeichnen-freihandelsabkommen\/","name":"&quot;Neue Perspektiven&quot; \u2013 China und Serbien unterzeichnen Freihandelsabkommen - just-now.NEWS Deutschland","isPartOf":{"@id":"https:\/\/now-news.de\/de\/#website"},"primaryImageOfPage":{"@id":"https:\/\/now-news.de\/de\/deutschland\/neue-perspektiven-china-und-serbien-unterzeichnen-freihandelsabkommen\/#primaryimage"},"image":{"@id":"https:\/\/now-news.de\/de\/deutschland\/neue-perspektiven-china-und-serbien-unterzeichnen-freihandelsabkommen\/#primaryimage"},"thumbnailUrl":"https:\/\/now-news.de\/de\/wp-content\/uploads\/sites\/3\/2023\/10\/quotNeue-Perspektivenquot-\u2013-China-und-Serbien-unterzeichnen-Freihandelsabkommen.jpg","datePublished":"2023-10-18T11:48:46+00:00","dateModified":"2023-10-18T11:48:46+00:00","breadcrumb":{"@id":"https:\/\/now-news.de\/de\/deutschland\/neue-perspektiven-china-und-serbien-unterzeichnen-freihandelsabkommen\/#breadcrumb"},"inLanguage":"de","potentialAction":[{"@type":"ReadAction","target":["https:\/\/now-news.de\/de\/deutschland\/neue-perspektiven-china-und-serbien-unterzeichnen-freihandelsabkommen\/"]}]},{"@type":"ImageObject","inLanguage":"de","@id":"https:\/\/now-news.de\/de\/deutschland\/neue-perspektiven-china-und-serbien-unterzeichnen-freihandelsabkommen\/#primaryimage","url":"https:\/\/now-news.de\/de\/wp-content\/uploads\/sites\/3\/2023\/10\/quotNeue-Perspektivenquot-\u2013-China-und-Serbien-unterzeichnen-Freihandelsabkommen.jpg","contentUrl":"https:\/\/now-news.de\/de\/wp-content\/uploads\/sites\/3\/2023\/10\/quotNeue-Perspektivenquot-\u2013-China-und-Serbien-unterzeichnen-Freihandelsabkommen.jpg","width":460,"height":259,"caption":"&quot;Neue Perspektiven&quot; \u2013 China und Serbien unterzeichnen Freihandelsabkommen"},{"@type":"BreadcrumbList","@id":"https:\/\/now-news.de\/de\/deutschland\/neue-perspektiven-china-und-serbien-unterzeichnen-freihandelsabkommen\/#breadcrumb","itemListElement":[{"@type":"ListItem","position":1,"name":"Home","item":"https:\/\/now-news.de\/de\/"},{"@type":"ListItem","position":2,"name":"&quot;Neue Perspektiven&quot; \u2013 China und Serbien unterzeichnen Freihandelsabkommen"}]},{"@type":"WebSite","@id":"https:\/\/now-news.de\/de\/#website","url":"https:\/\/now-news.de\/de\/","name":"just-now.NEWS Deutschland","description":"Das Portal f\u00fcr unzensierte Nachrichten aus der Welt","publisher":{"@id":"https:\/\/now-news.de\/de\/#organization"},"potentialAction":[{"@type":"SearchAction","target":{"@type":"EntryPoint","urlTemplate":"https:\/\/now-news.de\/de\/?s={search_term_string}"},"query-input":"required name=search_term_string"}],"inLanguage":"de"},{"@type":"Organization","@id":"https:\/\/now-news.de\/de\/#organization","name":"Just Now News","url":"https:\/\/now-news.de\/de\/","logo":{"@type":"ImageObject","inLanguage":"de","@id":"https:\/\/now-news.de\/de\/#\/schema\/logo\/image\/","url":"http:\/\/just-now.news\/de\/wp-content\/uploads\/sites\/3\/2022\/04\/logo500x500.jpg","contentUrl":"http:\/\/just-now.news\/de\/wp-content\/uploads\/sites\/3\/2022\/04\/logo500x500.jpg","width":500,"height":500,"caption":"Just Now News"},"image":{"@id":"https:\/\/now-news.de\/de\/#\/schema\/logo\/image\/"},"sameAs":["https:\/\/www.facebook.com\/wirmachenauf","https:\/\/x.com\/WirMachenAuf_de"]},{"@type":"Person","@id":"https:\/\/now-news.de\/de\/#\/schema\/person\/fb534a4e865501d8b3285208df34a9b5","name":"rtnews","image":{"@type":"ImageObject","inLanguage":"de","@id":"https:\/\/now-news.de\/de\/#\/schema\/person\/image\/","url":"https:\/\/secure.gravatar.com\/avatar\/82aafea7d8127119dd649515f56e2117?s=96&d=mm&r=g","contentUrl":"https:\/\/secure.gravatar.com\/avatar\/82aafea7d8127119dd649515f56e2117?s=96&d=mm&r=g","caption":"rtnews"},"url":"https:\/\/now-news.de\/de\/author\/rnews\/"}]}},"_links":{"self":[{"href":"https:\/\/now-news.de\/de\/wp-json\/wp\/v2\/posts\/48279"}],"collection":[{"href":"https:\/\/now-news.de\/de\/wp-json\/wp\/v2\/posts"}],"about":[{"href":"https:\/\/now-news.de\/de\/wp-json\/wp\/v2\/types\/post"}],"author":[{"embeddable":true,"href":"https:\/\/now-news.de\/de\/wp-json\/wp\/v2\/users\/3"}],"replies":[{"embeddable":true,"href":"https:\/\/now-news.de\/de\/wp-json\/wp\/v2\/comments?post=48279"}],"version-history":[{"count":0,"href":"https:\/\/now-news.de\/de\/wp-json\/wp\/v2\/posts\/48279\/revisions"}],"wp:featuredmedia":[{"embeddable":true,"href":"https:\/\/now-news.de\/de\/wp-json\/wp\/v2\/media\/48280"}],"wp:attachment":[{"href":"https:\/\/now-news.de\/de\/wp-json\/wp\/v2\/media?parent=48279"}],"wp:term":[{"taxonomy":"category","embeddable":true,"href":"https:\/\/now-news.de\/de\/wp-json\/wp\/v2\/categories?post=48279"},{"taxonomy":"post_tag","embeddable":true,"href":"https:\/\/now-news.de\/de\/wp-json\/wp\/v2\/tags?post=48279"}],"curies":[{"name":"wp","href":"https:\/\/api.w.org\/{rel}","templated":true}]}}