{"id":48229,"date":"2023-10-17T21:21:17","date_gmt":"2023-10-17T19:21:17","guid":{"rendered":"https:\/\/just-now.news\/de\/deutschland\/israel-deutet-aenderung-des-plans-fuer-die-bodenoffensive-im-gazastreifen-an\/"},"modified":"2023-10-17T21:21:17","modified_gmt":"2023-10-17T19:21:17","slug":"israel-deutet-aenderung-des-plans-fuer-die-bodenoffensive-im-gazastreifen-an","status":"publish","type":"post","link":"https:\/\/now-news.de\/de\/deutschland\/israel-deutet-aenderung-des-plans-fuer-die-bodenoffensive-im-gazastreifen-an\/","title":{"rendered":"Israel deutet \u00c4nderung des Plans f\u00fcr die Bodenoffensive im Gazastreifen an"},"content":{"rendered":"<p><img decoding=\"async\" src=\"http:\/\/just-now.news\/de\/wp-content\/uploads\/sites\/3\/2023\/10\/652ec58a48fbef0f0a137941.jpg\" \/><\/p>\n<div class=\"Text-root Text-type_1 \">\n                Die n\u00e4chsten Phasen der Milit\u00e4roperation Israels gegen die pal\u00e4stinensische Enklave k\u00f6nnten &#8220;anders&#8221; als erwartet verlaufen, so das israelische Milit\u00e4r. Die erwartete  Bodenoffensive im Gazastreifen wird m\u00f6glicherweise nicht stattfinden.\n            <\/div>\n<p><\/p>\n<div class=\"Text-root Text-type_5 ArticleView-text ViewText-root \">\n<p>Die weithin erwartete israelische Bodenoffensive im Gazastreifen wird m\u00f6glicherweise nicht stattfinden, wie der Sprecher der Israelischen Verteidigungsstreitkr\u00e4fte (IDF), Oberstleutnant Richard Hecht, am Dienstag andeutete. Das israelische Milit\u00e4r bereite sich auf die n\u00e4chste Phase seiner Milit\u00e4roperation vor. Man werde jedoch nicht verraten, worum es sich dabei handelt, f\u00fcgte er hinzu.<\/p>\n<p>&#8220;Wir bereiten uns auf die n\u00e4chsten Phasen des Krieges vor. Wir haben noch nicht gesagt, welche das sein werden&#8221;, sagte Hecht bei einem Briefing vor Journalisten. &#8220;Alle reden von der Bodenoffensive. Es k\u00f6nnte aber auch etwas anderes sein&#8221;, f\u00fcgte er hinzu, ohne n\u00e4her darauf einzugehen.<\/p>\n<p>Die \u00c4u\u00dferungen erfolgen inmitten der Eskalation zwischen den israelischen Streitkr\u00e4ften und der im Gazastreifen ans\u00e4ssigen militanten Gruppe Hamas, die am 7. Oktober einen \u00dcberraschungsangriff auf Israel ver\u00fcbte. Militante Pal\u00e4stinenser feuerten Tausende von Raketen auf israelisches Gebiet ab und \u00fcberrannten kurzzeitig Siedlungen an der Grenze zum Gazastreifen. Der erste Angriff und die anschlie\u00dfenden Zusammenst\u00f6\u00dfe zwischen der Hamas und den israelischen Streitkr\u00e4ften haben nach Angaben der Beh\u00f6rden mehr als 1.400 Israelis, \u00fcberwiegend Zivilisten, das Leben gekostet.<\/p>\n<p>Westjerusalem reagierte mit einer massiven Bombardierung des Gazastreifens, die laut dem pal\u00e4stinensischen Gesundheitsministerium mehr als 2.800 Tote in der Enklave zur Folge hatte. Israel hat im Rahmen einer Mobilisierungskampagne rund 360.000 Reservisten einberufen und umfangreiche Streitkr\u00e4fte an der s\u00fcdlichen Grenze zu Gaza stationiert, darunter Panzer, gepanzerte Fahrzeuge und Artilleriegesch\u00fctze.<\/p>\n<p>Israel hat seit Beginn der Eskalation eine m\u00f6gliche Bodenoperation in Gaza angek\u00fcndigt. Das Milit\u00e4r erkl\u00e4rte am vergangenen Samstag, es sei bereit, &#8220;die Offensive auszuweiten&#8221;, auch durch eine &#8220;umfassende Bodenoperation&#8221;.<\/p>\n<p>Die m\u00f6gliche Operation hat weithin Besorgnis ausgel\u00f6st. Sowohl die Afrikanische Union als auch die Arabische Liga forderten Israel am Montag auf, die Feindseligkeiten einzustellen, und warnten, dass eine Bodenoffensive in der Enklave zu einem &#8220;beispiellosen V\u00f6lkermord&#8221; f\u00fchren k\u00f6nnte. Der russische Pr\u00e4sident Wladimir Putin sagte vergangene Woche, dass die m\u00f6gliche Operation eine &#8220;schwierige&#8221; Angelegenheit sei, &#8220;die ernste Konsequenzen f\u00fcr alle Seiten h\u00e4tte&#8221;. Die Offensive w\u00fcrde im Endeffekt auch zu Opfern unter der Zivilbev\u00f6lkerung f\u00fchren, was &#8220;absolut inakzeptabel&#8221; w\u00e4re, f\u00fcgte er hinzu.<\/p>\n<p>Die USA, ein wichtiger Verb\u00fcndeter Israels, haben ebenfalls vor einer Bodenoffensive gewarnt. US-Pr\u00e4sident Joe Biden sagte am Montag, dass das Ausschalten der &#8220;Extremisten&#8221; eine &#8220;notwendige Voraussetzung&#8221; sei, um die Sicherheit des j\u00fcdischen Staates zu gew\u00e4hrleisten, warnte jedoch, dass eine israelische Besetzung des Gazastreifens ein &#8220;gro\u00dfer Fehler&#8221; w\u00e4re. Das Wei\u00dfe Haus hat best\u00e4tigt, dass Biden am Mittwoch nach Israel und Jordanien reisen wird. Das Magazin <em>Spiegel<\/em> hat behauptet, dass nach diesem Besuch eine israelische Offensive gestartet werden k\u00f6nnte.<\/p>\n<p><strong>Mehr zum Thema &#8211;<\/strong>\u00a0<a rel=\"nofollow noopener\" target=\"_blank\" href=\"https:\/\/freedert.online\/kurzclips\/video\/184062-rache-und-gemetzel-israel-veroeffentlicht-bilder\/\">Rache und Gemetzel: Israel ver\u00f6ffentlicht Bilder von Angriffen auf Gaza <\/a><\/p>\n<div class=\"EmbedBlock-root EmbedBlock-externalVideo EmbedBlock-odysee\">\n<div class=\"VkEmbed\"><iframe class=\"lazyload\" data-src=\"https:\/\/odysee.com\/%24\/embed\/%40RTDE%3Ae%2Frache-und-gemetzel-israel-ver%C3%B6ffentlicht-bilder-von-angriffen-auf-gaza%3Ad\" frameborder=\"0\" width=\"853\" height=\"480\" allowfullscreen><\/iframe><\/div>\n<\/div>\n<\/div>\n<p><br \/>\n<br \/><a href=\"https:\/\/de.rt.com\/international\/184083-israel-deutet-aenderung-plans-fuer\/\">Source link <\/a><\/p>\n","protected":false},"excerpt":{"rendered":"<p>Die n\u00e4chsten Phasen der Milit\u00e4roperation Israels gegen die pal\u00e4stinensische Enklave k\u00f6nnten &#8220;anders&#8221; als erwartet verlaufen, so das israelische Milit\u00e4r. Die erwartete Bodenoffensive im Gazastreifen wird m\u00f6glicherweise nicht stattfinden. Die weithin erwartete israelische Bodenoffensive im Gazastreifen wird m\u00f6glicherweise nicht stattfinden, wie der Sprecher der Israelischen Verteidigungsstreitkr\u00e4fte (IDF), Oberstleutnant Richard Hecht, am Dienstag andeutete. Das israelische Milit\u00e4r [&hellip;]<\/p>\n","protected":false},"author":3,"featured_media":48230,"comment_status":"open","ping_status":"open","sticky":false,"template":"","format":"standard","meta":{"_yoast_indexnow_last_ping":["1697570939"],"wp_automatic_camp":["217"],"895770a0e02ceaa9ac104be04aecf427":["Israel deutet \u00c4nderung des Plans f\u00fcr die Bodenoffensive im Gazastreifen an"],"original_link":["https:\/\/de.rt.com\/international\/184083-israel-deutet-aenderung-plans-fuer\/"],"_thumbnail_id":["48230"],"_wptgpro_p2tg_sent2tg":["a:1:{i:23737;s:19:\"2023-10-17 21:30:55\";}"],"jnews_social_counter_last_update":["1777258802"]},"categories":[19,23],"tags":[18677,36564,583,20455,45,221,5831,432,3847],"yoast_head":"<!-- This site is optimized with the Yoast SEO Premium plugin v22.7 (Yoast SEO v22.7) - https:\/\/yoast.com\/wordpress\/plugins\/seo\/ -->\n<title>Israel deutet \u00c4nderung des Plans f\u00fcr die Bodenoffensive im Gazastreifen an - just-now.NEWS Deutschland<\/title>\n<meta name=\"robots\" content=\"index, follow, max-snippet:-1, max-image-preview:large, max-video-preview:-1\" \/>\n<link rel=\"canonical\" href=\"https:\/\/now-news.de\/de\/deutschland\/israel-deutet-aenderung-des-plans-fuer-die-bodenoffensive-im-gazastreifen-an\/\" \/>\n<meta property=\"og:locale\" content=\"de_DE\" \/>\n<meta property=\"og:type\" content=\"article\" \/>\n<meta property=\"og:title\" content=\"Israel deutet \u00c4nderung des Plans f\u00fcr die Bodenoffensive im Gazastreifen an\" \/>\n<meta property=\"og:description\" content=\"Die n\u00e4chsten Phasen der Milit\u00e4roperation Israels gegen die pal\u00e4stinensische Enklave k\u00f6nnten &#8220;anders&#8221; als erwartet verlaufen, so das israelische Milit\u00e4r. Die erwartete Bodenoffensive im Gazastreifen wird m\u00f6glicherweise nicht stattfinden. Die weithin erwartete israelische Bodenoffensive im Gazastreifen wird m\u00f6glicherweise nicht stattfinden, wie der Sprecher der Israelischen Verteidigungsstreitkr\u00e4fte (IDF), Oberstleutnant Richard Hecht, am Dienstag andeutete. Das israelische Milit\u00e4r [&hellip;]\" \/>\n<meta property=\"og:url\" content=\"https:\/\/now-news.de\/de\/deutschland\/israel-deutet-aenderung-des-plans-fuer-die-bodenoffensive-im-gazastreifen-an\/\" \/>\n<meta property=\"og:site_name\" content=\"just-now.NEWS Deutschland\" \/>\n<meta property=\"article:publisher\" content=\"https:\/\/www.facebook.com\/wirmachenauf\" \/>\n<meta property=\"article:published_time\" content=\"2023-10-17T19:21:17+00:00\" \/>\n<meta property=\"og:image\" content=\"https:\/\/now-news.de\/de\/wp-content\/uploads\/sites\/3\/2023\/10\/Israel-deutet-Aenderung-des-Plans-fuer-die-Bodenoffensive-im-Gazastreifen.jpg\" \/>\n\t<meta property=\"og:image:width\" content=\"460\" \/>\n\t<meta property=\"og:image:height\" content=\"259\" \/>\n\t<meta property=\"og:image:type\" content=\"image\/jpeg\" \/>\n<meta name=\"author\" content=\"rtnews\" \/>\n<meta name=\"twitter:card\" content=\"summary_large_image\" \/>\n<meta name=\"twitter:creator\" content=\"@WirMachenAuf_de\" \/>\n<meta name=\"twitter:site\" content=\"@WirMachenAuf_de\" \/>\n<meta name=\"twitter:label1\" content=\"Verfasst von\" \/>\n\t<meta name=\"twitter:data1\" content=\"rtnews\" \/>\n\t<meta name=\"twitter:label2\" content=\"Gesch\u00e4tzte Lesezeit\" \/>\n\t<meta name=\"twitter:data2\" content=\"3\u00a0Minuten\" \/>\n<script type=\"application\/ld+json\" class=\"yoast-schema-graph\">{\"@context\":\"https:\/\/schema.org\",\"@graph\":[{\"@type\":\"Article\",\"@id\":\"https:\/\/now-news.de\/de\/deutschland\/israel-deutet-aenderung-des-plans-fuer-die-bodenoffensive-im-gazastreifen-an\/#article\",\"isPartOf\":{\"@id\":\"https:\/\/now-news.de\/de\/deutschland\/israel-deutet-aenderung-des-plans-fuer-die-bodenoffensive-im-gazastreifen-an\/\"},\"author\":{\"name\":\"rtnews\",\"@id\":\"https:\/\/now-news.de\/de\/#\/schema\/person\/fb534a4e865501d8b3285208df34a9b5\"},\"headline\":\"Israel deutet \u00c4nderung des Plans f\u00fcr die Bodenoffensive im Gazastreifen an\",\"datePublished\":\"2023-10-17T19:21:17+00:00\",\"dateModified\":\"2023-10-17T19:21:17+00:00\",\"mainEntityOfPage\":{\"@id\":\"https:\/\/now-news.de\/de\/deutschland\/israel-deutet-aenderung-des-plans-fuer-die-bodenoffensive-im-gazastreifen-an\/\"},\"wordCount\":513,\"commentCount\":0,\"publisher\":{\"@id\":\"https:\/\/now-news.de\/de\/#organization\"},\"image\":{\"@id\":\"https:\/\/now-news.de\/de\/deutschland\/israel-deutet-aenderung-des-plans-fuer-die-bodenoffensive-im-gazastreifen-an\/#primaryimage\"},\"thumbnailUrl\":\"https:\/\/now-news.de\/de\/wp-content\/uploads\/sites\/3\/2023\/10\/Israel-deutet-Aenderung-des-Plans-fuer-die-Bodenoffensive-im-Gazastreifen.jpg\",\"keywords\":[\"\u00c4nderung\",\"Bodenoffensive\",\"des\",\"deutet\",\"die\",\"f\u00fcr\",\"Gazastreifen\",\"Israel\",\"plans\"],\"articleSection\":[\"Deutschland\",\"Russland\"],\"inLanguage\":\"de\",\"potentialAction\":[{\"@type\":\"CommentAction\",\"name\":\"Comment\",\"target\":[\"https:\/\/now-news.de\/de\/deutschland\/israel-deutet-aenderung-des-plans-fuer-die-bodenoffensive-im-gazastreifen-an\/#respond\"]}]},{\"@type\":\"WebPage\",\"@id\":\"https:\/\/now-news.de\/de\/deutschland\/israel-deutet-aenderung-des-plans-fuer-die-bodenoffensive-im-gazastreifen-an\/\",\"url\":\"https:\/\/now-news.de\/de\/deutschland\/israel-deutet-aenderung-des-plans-fuer-die-bodenoffensive-im-gazastreifen-an\/\",\"name\":\"Israel deutet \u00c4nderung des Plans f\u00fcr die Bodenoffensive im Gazastreifen an - just-now.NEWS Deutschland\",\"isPartOf\":{\"@id\":\"https:\/\/now-news.de\/de\/#website\"},\"primaryImageOfPage\":{\"@id\":\"https:\/\/now-news.de\/de\/deutschland\/israel-deutet-aenderung-des-plans-fuer-die-bodenoffensive-im-gazastreifen-an\/#primaryimage\"},\"image\":{\"@id\":\"https:\/\/now-news.de\/de\/deutschland\/israel-deutet-aenderung-des-plans-fuer-die-bodenoffensive-im-gazastreifen-an\/#primaryimage\"},\"thumbnailUrl\":\"https:\/\/now-news.de\/de\/wp-content\/uploads\/sites\/3\/2023\/10\/Israel-deutet-Aenderung-des-Plans-fuer-die-Bodenoffensive-im-Gazastreifen.jpg\",\"datePublished\":\"2023-10-17T19:21:17+00:00\",\"dateModified\":\"2023-10-17T19:21:17+00:00\",\"breadcrumb\":{\"@id\":\"https:\/\/now-news.de\/de\/deutschland\/israel-deutet-aenderung-des-plans-fuer-die-bodenoffensive-im-gazastreifen-an\/#breadcrumb\"},\"inLanguage\":\"de\",\"potentialAction\":[{\"@type\":\"ReadAction\",\"target\":[\"https:\/\/now-news.de\/de\/deutschland\/israel-deutet-aenderung-des-plans-fuer-die-bodenoffensive-im-gazastreifen-an\/\"]}]},{\"@type\":\"ImageObject\",\"inLanguage\":\"de\",\"@id\":\"https:\/\/now-news.de\/de\/deutschland\/israel-deutet-aenderung-des-plans-fuer-die-bodenoffensive-im-gazastreifen-an\/#primaryimage\",\"url\":\"https:\/\/now-news.de\/de\/wp-content\/uploads\/sites\/3\/2023\/10\/Israel-deutet-Aenderung-des-Plans-fuer-die-Bodenoffensive-im-Gazastreifen.jpg\",\"contentUrl\":\"https:\/\/now-news.de\/de\/wp-content\/uploads\/sites\/3\/2023\/10\/Israel-deutet-Aenderung-des-Plans-fuer-die-Bodenoffensive-im-Gazastreifen.jpg\",\"width\":460,\"height\":259,\"caption\":\"Israel deutet \u00c4nderung des Plans f\u00fcr die Bodenoffensive im Gazastreifen an\"},{\"@type\":\"BreadcrumbList\",\"@id\":\"https:\/\/now-news.de\/de\/deutschland\/israel-deutet-aenderung-des-plans-fuer-die-bodenoffensive-im-gazastreifen-an\/#breadcrumb\",\"itemListElement\":[{\"@type\":\"ListItem\",\"position\":1,\"name\":\"Home\",\"item\":\"https:\/\/now-news.de\/de\/\"},{\"@type\":\"ListItem\",\"position\":2,\"name\":\"Israel deutet \u00c4nderung des Plans f\u00fcr die Bodenoffensive im Gazastreifen an\"}]},{\"@type\":\"WebSite\",\"@id\":\"https:\/\/now-news.de\/de\/#website\",\"url\":\"https:\/\/now-news.de\/de\/\",\"name\":\"just-now.NEWS Deutschland\",\"description\":\"Das Portal f\u00fcr unzensierte Nachrichten aus der Welt\",\"publisher\":{\"@id\":\"https:\/\/now-news.de\/de\/#organization\"},\"potentialAction\":[{\"@type\":\"SearchAction\",\"target\":{\"@type\":\"EntryPoint\",\"urlTemplate\":\"https:\/\/now-news.de\/de\/?s={search_term_string}\"},\"query-input\":\"required name=search_term_string\"}],\"inLanguage\":\"de\"},{\"@type\":\"Organization\",\"@id\":\"https:\/\/now-news.de\/de\/#organization\",\"name\":\"Just Now News\",\"url\":\"https:\/\/now-news.de\/de\/\",\"logo\":{\"@type\":\"ImageObject\",\"inLanguage\":\"de\",\"@id\":\"https:\/\/now-news.de\/de\/#\/schema\/logo\/image\/\",\"url\":\"http:\/\/just-now.news\/de\/wp-content\/uploads\/sites\/3\/2022\/04\/logo500x500.jpg\",\"contentUrl\":\"http:\/\/just-now.news\/de\/wp-content\/uploads\/sites\/3\/2022\/04\/logo500x500.jpg\",\"width\":500,\"height\":500,\"caption\":\"Just Now News\"},\"image\":{\"@id\":\"https:\/\/now-news.de\/de\/#\/schema\/logo\/image\/\"},\"sameAs\":[\"https:\/\/www.facebook.com\/wirmachenauf\",\"https:\/\/x.com\/WirMachenAuf_de\"]},{\"@type\":\"Person\",\"@id\":\"https:\/\/now-news.de\/de\/#\/schema\/person\/fb534a4e865501d8b3285208df34a9b5\",\"name\":\"rtnews\",\"image\":{\"@type\":\"ImageObject\",\"inLanguage\":\"de\",\"@id\":\"https:\/\/now-news.de\/de\/#\/schema\/person\/image\/\",\"url\":\"https:\/\/secure.gravatar.com\/avatar\/82aafea7d8127119dd649515f56e2117?s=96&d=mm&r=g\",\"contentUrl\":\"https:\/\/secure.gravatar.com\/avatar\/82aafea7d8127119dd649515f56e2117?s=96&d=mm&r=g\",\"caption\":\"rtnews\"},\"url\":\"https:\/\/now-news.de\/de\/author\/rnews\/\"}]}<\/script>\n<!-- \/ Yoast SEO Premium plugin. -->","yoast_head_json":{"title":"Israel deutet \u00c4nderung des Plans f\u00fcr die Bodenoffensive im Gazastreifen an - just-now.NEWS Deutschland","robots":{"index":"index","follow":"follow","max-snippet":"max-snippet:-1","max-image-preview":"max-image-preview:large","max-video-preview":"max-video-preview:-1"},"canonical":"https:\/\/now-news.de\/de\/deutschland\/israel-deutet-aenderung-des-plans-fuer-die-bodenoffensive-im-gazastreifen-an\/","og_locale":"de_DE","og_type":"article","og_title":"Israel deutet \u00c4nderung des Plans f\u00fcr die Bodenoffensive im Gazastreifen an","og_description":"Die n\u00e4chsten Phasen der Milit\u00e4roperation Israels gegen die pal\u00e4stinensische Enklave k\u00f6nnten &#8220;anders&#8221; als erwartet verlaufen, so das israelische Milit\u00e4r. Die erwartete Bodenoffensive im Gazastreifen wird m\u00f6glicherweise nicht stattfinden. Die weithin erwartete israelische Bodenoffensive im Gazastreifen wird m\u00f6glicherweise nicht stattfinden, wie der Sprecher der Israelischen Verteidigungsstreitkr\u00e4fte (IDF), Oberstleutnant Richard Hecht, am Dienstag andeutete. Das israelische Milit\u00e4r [&hellip;]","og_url":"https:\/\/now-news.de\/de\/deutschland\/israel-deutet-aenderung-des-plans-fuer-die-bodenoffensive-im-gazastreifen-an\/","og_site_name":"just-now.NEWS Deutschland","article_publisher":"https:\/\/www.facebook.com\/wirmachenauf","article_published_time":"2023-10-17T19:21:17+00:00","og_image":[{"width":460,"height":259,"url":"https:\/\/now-news.de\/de\/wp-content\/uploads\/sites\/3\/2023\/10\/Israel-deutet-Aenderung-des-Plans-fuer-die-Bodenoffensive-im-Gazastreifen.jpg","type":"image\/jpeg"}],"author":"rtnews","twitter_card":"summary_large_image","twitter_creator":"@WirMachenAuf_de","twitter_site":"@WirMachenAuf_de","twitter_misc":{"Verfasst von":"rtnews","Gesch\u00e4tzte Lesezeit":"3\u00a0Minuten"},"schema":{"@context":"https:\/\/schema.org","@graph":[{"@type":"Article","@id":"https:\/\/now-news.de\/de\/deutschland\/israel-deutet-aenderung-des-plans-fuer-die-bodenoffensive-im-gazastreifen-an\/#article","isPartOf":{"@id":"https:\/\/now-news.de\/de\/deutschland\/israel-deutet-aenderung-des-plans-fuer-die-bodenoffensive-im-gazastreifen-an\/"},"author":{"name":"rtnews","@id":"https:\/\/now-news.de\/de\/#\/schema\/person\/fb534a4e865501d8b3285208df34a9b5"},"headline":"Israel deutet \u00c4nderung des Plans f\u00fcr die Bodenoffensive im Gazastreifen an","datePublished":"2023-10-17T19:21:17+00:00","dateModified":"2023-10-17T19:21:17+00:00","mainEntityOfPage":{"@id":"https:\/\/now-news.de\/de\/deutschland\/israel-deutet-aenderung-des-plans-fuer-die-bodenoffensive-im-gazastreifen-an\/"},"wordCount":513,"commentCount":0,"publisher":{"@id":"https:\/\/now-news.de\/de\/#organization"},"image":{"@id":"https:\/\/now-news.de\/de\/deutschland\/israel-deutet-aenderung-des-plans-fuer-die-bodenoffensive-im-gazastreifen-an\/#primaryimage"},"thumbnailUrl":"https:\/\/now-news.de\/de\/wp-content\/uploads\/sites\/3\/2023\/10\/Israel-deutet-Aenderung-des-Plans-fuer-die-Bodenoffensive-im-Gazastreifen.jpg","keywords":["\u00c4nderung","Bodenoffensive","des","deutet","die","f\u00fcr","Gazastreifen","Israel","plans"],"articleSection":["Deutschland","Russland"],"inLanguage":"de","potentialAction":[{"@type":"CommentAction","name":"Comment","target":["https:\/\/now-news.de\/de\/deutschland\/israel-deutet-aenderung-des-plans-fuer-die-bodenoffensive-im-gazastreifen-an\/#respond"]}]},{"@type":"WebPage","@id":"https:\/\/now-news.de\/de\/deutschland\/israel-deutet-aenderung-des-plans-fuer-die-bodenoffensive-im-gazastreifen-an\/","url":"https:\/\/now-news.de\/de\/deutschland\/israel-deutet-aenderung-des-plans-fuer-die-bodenoffensive-im-gazastreifen-an\/","name":"Israel deutet \u00c4nderung des Plans f\u00fcr die Bodenoffensive im Gazastreifen an - just-now.NEWS Deutschland","isPartOf":{"@id":"https:\/\/now-news.de\/de\/#website"},"primaryImageOfPage":{"@id":"https:\/\/now-news.de\/de\/deutschland\/israel-deutet-aenderung-des-plans-fuer-die-bodenoffensive-im-gazastreifen-an\/#primaryimage"},"image":{"@id":"https:\/\/now-news.de\/de\/deutschland\/israel-deutet-aenderung-des-plans-fuer-die-bodenoffensive-im-gazastreifen-an\/#primaryimage"},"thumbnailUrl":"https:\/\/now-news.de\/de\/wp-content\/uploads\/sites\/3\/2023\/10\/Israel-deutet-Aenderung-des-Plans-fuer-die-Bodenoffensive-im-Gazastreifen.jpg","datePublished":"2023-10-17T19:21:17+00:00","dateModified":"2023-10-17T19:21:17+00:00","breadcrumb":{"@id":"https:\/\/now-news.de\/de\/deutschland\/israel-deutet-aenderung-des-plans-fuer-die-bodenoffensive-im-gazastreifen-an\/#breadcrumb"},"inLanguage":"de","potentialAction":[{"@type":"ReadAction","target":["https:\/\/now-news.de\/de\/deutschland\/israel-deutet-aenderung-des-plans-fuer-die-bodenoffensive-im-gazastreifen-an\/"]}]},{"@type":"ImageObject","inLanguage":"de","@id":"https:\/\/now-news.de\/de\/deutschland\/israel-deutet-aenderung-des-plans-fuer-die-bodenoffensive-im-gazastreifen-an\/#primaryimage","url":"https:\/\/now-news.de\/de\/wp-content\/uploads\/sites\/3\/2023\/10\/Israel-deutet-Aenderung-des-Plans-fuer-die-Bodenoffensive-im-Gazastreifen.jpg","contentUrl":"https:\/\/now-news.de\/de\/wp-content\/uploads\/sites\/3\/2023\/10\/Israel-deutet-Aenderung-des-Plans-fuer-die-Bodenoffensive-im-Gazastreifen.jpg","width":460,"height":259,"caption":"Israel deutet \u00c4nderung des Plans f\u00fcr die Bodenoffensive im Gazastreifen an"},{"@type":"BreadcrumbList","@id":"https:\/\/now-news.de\/de\/deutschland\/israel-deutet-aenderung-des-plans-fuer-die-bodenoffensive-im-gazastreifen-an\/#breadcrumb","itemListElement":[{"@type":"ListItem","position":1,"name":"Home","item":"https:\/\/now-news.de\/de\/"},{"@type":"ListItem","position":2,"name":"Israel deutet \u00c4nderung des Plans f\u00fcr die Bodenoffensive im Gazastreifen an"}]},{"@type":"WebSite","@id":"https:\/\/now-news.de\/de\/#website","url":"https:\/\/now-news.de\/de\/","name":"just-now.NEWS Deutschland","description":"Das Portal f\u00fcr unzensierte Nachrichten aus der Welt","publisher":{"@id":"https:\/\/now-news.de\/de\/#organization"},"potentialAction":[{"@type":"SearchAction","target":{"@type":"EntryPoint","urlTemplate":"https:\/\/now-news.de\/de\/?s={search_term_string}"},"query-input":"required name=search_term_string"}],"inLanguage":"de"},{"@type":"Organization","@id":"https:\/\/now-news.de\/de\/#organization","name":"Just Now News","url":"https:\/\/now-news.de\/de\/","logo":{"@type":"ImageObject","inLanguage":"de","@id":"https:\/\/now-news.de\/de\/#\/schema\/logo\/image\/","url":"http:\/\/just-now.news\/de\/wp-content\/uploads\/sites\/3\/2022\/04\/logo500x500.jpg","contentUrl":"http:\/\/just-now.news\/de\/wp-content\/uploads\/sites\/3\/2022\/04\/logo500x500.jpg","width":500,"height":500,"caption":"Just Now News"},"image":{"@id":"https:\/\/now-news.de\/de\/#\/schema\/logo\/image\/"},"sameAs":["https:\/\/www.facebook.com\/wirmachenauf","https:\/\/x.com\/WirMachenAuf_de"]},{"@type":"Person","@id":"https:\/\/now-news.de\/de\/#\/schema\/person\/fb534a4e865501d8b3285208df34a9b5","name":"rtnews","image":{"@type":"ImageObject","inLanguage":"de","@id":"https:\/\/now-news.de\/de\/#\/schema\/person\/image\/","url":"https:\/\/secure.gravatar.com\/avatar\/82aafea7d8127119dd649515f56e2117?s=96&d=mm&r=g","contentUrl":"https:\/\/secure.gravatar.com\/avatar\/82aafea7d8127119dd649515f56e2117?s=96&d=mm&r=g","caption":"rtnews"},"url":"https:\/\/now-news.de\/de\/author\/rnews\/"}]}},"_links":{"self":[{"href":"https:\/\/now-news.de\/de\/wp-json\/wp\/v2\/posts\/48229"}],"collection":[{"href":"https:\/\/now-news.de\/de\/wp-json\/wp\/v2\/posts"}],"about":[{"href":"https:\/\/now-news.de\/de\/wp-json\/wp\/v2\/types\/post"}],"author":[{"embeddable":true,"href":"https:\/\/now-news.de\/de\/wp-json\/wp\/v2\/users\/3"}],"replies":[{"embeddable":true,"href":"https:\/\/now-news.de\/de\/wp-json\/wp\/v2\/comments?post=48229"}],"version-history":[{"count":0,"href":"https:\/\/now-news.de\/de\/wp-json\/wp\/v2\/posts\/48229\/revisions"}],"wp:featuredmedia":[{"embeddable":true,"href":"https:\/\/now-news.de\/de\/wp-json\/wp\/v2\/media\/48230"}],"wp:attachment":[{"href":"https:\/\/now-news.de\/de\/wp-json\/wp\/v2\/media?parent=48229"}],"wp:term":[{"taxonomy":"category","embeddable":true,"href":"https:\/\/now-news.de\/de\/wp-json\/wp\/v2\/categories?post=48229"},{"taxonomy":"post_tag","embeddable":true,"href":"https:\/\/now-news.de\/de\/wp-json\/wp\/v2\/tags?post=48229"}],"curies":[{"name":"wp","href":"https:\/\/api.w.org\/{rel}","templated":true}]}}