{"id":48227,"date":"2023-10-17T17:30:09","date_gmt":"2023-10-17T15:30:09","guid":{"rendered":"https:\/\/just-now.news\/de\/deutschland\/der-winter-ist-nah-franzoesisches-aussenministerium-sagt-300-millionen-euro-fuer-moldawien-zu\/"},"modified":"2023-10-17T17:30:09","modified_gmt":"2023-10-17T15:30:09","slug":"der-winter-ist-nah-franzoesisches-aussenministerium-sagt-300-millionen-euro-fuer-moldawien-zu","status":"publish","type":"post","link":"https:\/\/now-news.de\/de\/deutschland\/der-winter-ist-nah-franzoesisches-aussenministerium-sagt-300-millionen-euro-fuer-moldawien-zu\/","title":{"rendered":"&quot;Der Winter ist nah&quot;: Franz\u00f6sisches Au\u00dfenministerium sagt 300 Millionen Euro f\u00fcr Moldawien zu"},"content":{"rendered":"<p><img decoding=\"async\" src=\"http:\/\/just-now.news\/de\/wp-content\/uploads\/sites\/3\/2023\/10\/652e99ac48fbef0f15339db1.jpg\" \/><\/p>\n<div class=\"Text-root Text-type_1 \">\n                Bei der Zusammenkunft im Rahmen der Moldawien-Unterst\u00fctzungsplattform am Mittwoch in Chi\u0219in\u0103u erkl\u00e4rte die franz\u00f6sische Au\u00dfenministerin, dass Paris die Republik Moldau weiter unterst\u00fctzen werde. Dies gelte sowohl f\u00fcr einen mittel- wie auch langfristigen Zeitraum.\n            <\/div>\n<p><\/p>\n<div class=\"Text-root Text-type_5 ArticleView-text ViewText-root \">\n<p>Frankreich wird Chi\u0219in\u0103u 300 Millionen Euro zur Verf\u00fcgung stellen, um verschiedene Projekte zu finanzieren und den Moldawiern zu helfen, den kommenden Winter zu \u00fcberstehen. Dies k\u00fcndigte die franz\u00f6sische Au\u00dfenministerin Catherine Colonna auf dem Treffen der Moldawien-Unterst\u00fctzungsplattform in Chi\u0219in\u0103u an. Sie betonte:<strong><\/strong><\/p>\n<blockquote>\n<p><em>&#8220;Frankreich unterst\u00fctzt Moldawien weiterhin und bleibt mittel- und langfristig ein Partner. Der Winter ist nah. In diesem Zusammenhang k\u00fcndigt Frankreich einen zus\u00e4tzlichen Beitrag von 300 Millionen Euro an, um Projekte \u00fcber das UN-Hochkommissariat f\u00fcr Fl\u00fcchtlinge und das UN-Kinderhilfswerk UNICEF zu finanzieren.&#8221;<\/em><\/p>\n<\/blockquote>\n<p>Dar\u00fcber hinaus werde die franz\u00f6sische Entwicklungsagentur (AFD) ihre Aktivit\u00e4ten in Moldawien intensivieren, um den Energiesektor zu modernisieren und an europ\u00e4ische Standards heranzuf\u00fchren. Colonna f\u00fcgte hinzu:<\/p>\n<blockquote>\n<p><em>&#8220;Zu diesem Zweck wurden 40 Millionen Euro bereitgestellt.&#8221;<\/em><\/p>\n<\/blockquote>\n<p>Am 17. Oktober nahmen Vertreter von 30 L\u00e4ndern an der Sitzung der Moldawien-Unterst\u00fctzungsplattform teil. Im Rahmen des Gipfels erfolgte die Einrichtung von zwei Fonds zur Unterst\u00fctzung Moldawiens und eines Fonds f\u00fcr die Entwicklung des Infrastruktur- und Energiesektors.<\/p>\n<p>Die Moldawien-Unterst\u00fctzungsplattform ist eine Initiative Rum\u00e4niens, Deutschlands und Frankreichs zur Bereitstellung politischer und finanzieller Hilfe sowie von fundiertem Fachwissen f\u00fcr den demokratischen Reformprozess des Landes. Die ersten drei Treffen fanden im Jahr 2022 in Berlin, Bukarest und Paris statt. Danach k\u00fcndigten die Partner finanzielle Zusagen in H\u00f6he von rund 1,4 Milliarden Euro an, von denen nach j\u00fcngsten Angaben des moldawischen Finanzministeriums mehr als 420 Millionen Euro und 42 Millionen US-Dollar (etwa 39,7 Millionen Euro) in den Staatshaushalt des Landes geflossen sind.<\/p>\n<p>Zuvor hatte der moldawische Energieminister Wiktor Parlikow behauptet, dass das Land seine Gasbez\u00fcge von Gazprom beendet, da es ihm gelungen sei, auf dem europ\u00e4ischen Markt g\u00fcnstigeres Gas aus alternativen Quellen zu beziehen. Sp\u00e4ter stellte er klar, dass Moldawien bereit w\u00e4re, Gas aus Russland zu kaufen, &#8220;wenn es einen guten Preis bietet&#8221;. Parlikow merkte an:<\/p>\n<blockquote>\n<p><em>&#8220;Ich schlie\u00dfe nicht aus, dass Gazprom nach einer M\u00f6glichkeit suchen wird, Gas nach Moldawien und an das rechte Ufer zu liefern, allerdings zu besseren Preisen. Und wir werden die M\u00f6glichkeit haben zu w\u00e4hlen.&#8221;<\/em><\/p>\n<\/blockquote>\n<p>Russlands Pr\u00e4sidentensprecher Dmitri Peskow sagte, dass die Kontakte zwischen Gazprom und Moldawien in Bezug auf Gas fortgesetzt werden, da Chi\u0219in\u0103u Schulden habe und diese beglichen werden m\u00fcssten.<\/p>\n<p><strong>Mehr zum Thema<\/strong> \u2013 <a rel=\"nofollow noopener\" target=\"_blank\" href=\"https:\/\/freedert.online\/meinung\/180026-moldawien-erlaesst-sich-selbst-schulden-laesst-moskau-sich-das-lange-gefallen\/\">Moldawien erl\u00e4sst sich selbst Schulden f\u00fcr Russlands Erdgas \u2013 l\u00e4sst Moskau sich das lange gefallen?<\/a><\/p>\n<\/div>\n<p><br \/>\n<br \/><a href=\"https:\/\/de.rt.com\/europa\/184059-winter-ist-nah-franzoesisches-aussenministerium\/\">Source link <\/a><\/p>\n","protected":false},"excerpt":{"rendered":"<p>Bei der Zusammenkunft im Rahmen der Moldawien-Unterst\u00fctzungsplattform am Mittwoch in Chi\u0219in\u0103u erkl\u00e4rte die franz\u00f6sische Au\u00dfenministerin, dass Paris die Republik Moldau weiter unterst\u00fctzen werde. Dies gelte sowohl f\u00fcr einen mittel- wie auch langfristigen Zeitraum. Frankreich wird Chi\u0219in\u0103u 300 Millionen Euro zur Verf\u00fcgung stellen, um verschiedene Projekte zu finanzieren und den Moldawiern zu helfen, den kommenden Winter [&hellip;]<\/p>\n","protected":false},"author":3,"featured_media":48228,"comment_status":"open","ping_status":"open","sticky":false,"template":"","format":"standard","meta":{"_yoast_indexnow_last_ping":["1697564995"],"wp_automatic_camp":["217"],"294ff17932ab0d26fe5edbc6a00129e2":["&quot;Der Winter ist nah&quot;: Franz\u00f6sisches Au\u00dfenministerium sagt 300 Millionen Euro f\u00fcr Moldawien zu"],"original_link":["https:\/\/de.rt.com\/europa\/184059-winter-ist-nah-franzoesisches-aussenministerium\/"],"_thumbnail_id":["48228"],"_wptgpro_p2tg_sent2tg":["a:1:{i:23737;s:19:\"2023-10-17 19:50:56\";}"],"jnews_social_counter_last_update":["1777570722"]},"categories":[19,23],"tags":[16681,1005,33463,221,414,4294,25732,49870,1174,3564,7753],"yoast_head":"<!-- This site is optimized with the Yoast SEO Premium plugin v22.7 (Yoast SEO v22.7) - https:\/\/yoast.com\/wordpress\/plugins\/seo\/ -->\n<title>&quot;Der Winter ist nah&quot;: Franz\u00f6sisches Au\u00dfenministerium sagt 300 Millionen Euro f\u00fcr Moldawien zu - just-now.NEWS Deutschland<\/title>\n<meta name=\"robots\" content=\"index, follow, max-snippet:-1, max-image-preview:large, max-video-preview:-1\" \/>\n<link rel=\"canonical\" href=\"https:\/\/now-news.de\/de\/deutschland\/der-winter-ist-nah-franzoesisches-aussenministerium-sagt-300-millionen-euro-fuer-moldawien-zu\/\" \/>\n<meta property=\"og:locale\" content=\"de_DE\" \/>\n<meta property=\"og:type\" content=\"article\" \/>\n<meta property=\"og:title\" content=\"&quot;Der Winter ist nah&quot;: Franz\u00f6sisches Au\u00dfenministerium sagt 300 Millionen Euro f\u00fcr Moldawien zu\" \/>\n<meta property=\"og:description\" content=\"Bei der Zusammenkunft im Rahmen der Moldawien-Unterst\u00fctzungsplattform am Mittwoch in Chi\u0219in\u0103u erkl\u00e4rte die franz\u00f6sische Au\u00dfenministerin, dass Paris die Republik Moldau weiter unterst\u00fctzen werde. Dies gelte sowohl f\u00fcr einen mittel- wie auch langfristigen Zeitraum. Frankreich wird Chi\u0219in\u0103u 300 Millionen Euro zur Verf\u00fcgung stellen, um verschiedene Projekte zu finanzieren und den Moldawiern zu helfen, den kommenden Winter [&hellip;]\" \/>\n<meta property=\"og:url\" content=\"https:\/\/now-news.de\/de\/deutschland\/der-winter-ist-nah-franzoesisches-aussenministerium-sagt-300-millionen-euro-fuer-moldawien-zu\/\" \/>\n<meta property=\"og:site_name\" content=\"just-now.NEWS Deutschland\" \/>\n<meta property=\"article:publisher\" content=\"https:\/\/www.facebook.com\/wirmachenauf\" \/>\n<meta property=\"article:published_time\" content=\"2023-10-17T15:30:09+00:00\" \/>\n<meta property=\"og:image\" content=\"https:\/\/now-news.de\/de\/wp-content\/uploads\/sites\/3\/2023\/10\/quotDer-Winter-ist-nahquot-Franzoesisches-Aussenministerium-sagt-300-Millionen-Euro.jpg\" \/>\n\t<meta property=\"og:image:width\" content=\"460\" \/>\n\t<meta property=\"og:image:height\" content=\"259\" \/>\n\t<meta property=\"og:image:type\" content=\"image\/jpeg\" \/>\n<meta name=\"author\" content=\"rtnews\" \/>\n<meta name=\"twitter:card\" content=\"summary_large_image\" \/>\n<meta name=\"twitter:creator\" content=\"@WirMachenAuf_de\" \/>\n<meta name=\"twitter:site\" content=\"@WirMachenAuf_de\" \/>\n<meta name=\"twitter:label1\" content=\"Verfasst von\" \/>\n\t<meta name=\"twitter:data1\" content=\"rtnews\" \/>\n\t<meta name=\"twitter:label2\" content=\"Gesch\u00e4tzte Lesezeit\" \/>\n\t<meta name=\"twitter:data2\" content=\"2\u00a0Minuten\" \/>\n<script type=\"application\/ld+json\" class=\"yoast-schema-graph\">{\"@context\":\"https:\/\/schema.org\",\"@graph\":[{\"@type\":\"Article\",\"@id\":\"https:\/\/now-news.de\/de\/deutschland\/der-winter-ist-nah-franzoesisches-aussenministerium-sagt-300-millionen-euro-fuer-moldawien-zu\/#article\",\"isPartOf\":{\"@id\":\"https:\/\/now-news.de\/de\/deutschland\/der-winter-ist-nah-franzoesisches-aussenministerium-sagt-300-millionen-euro-fuer-moldawien-zu\/\"},\"author\":{\"name\":\"rtnews\",\"@id\":\"https:\/\/now-news.de\/de\/#\/schema\/person\/fb534a4e865501d8b3285208df34a9b5\"},\"headline\":\"&quot;Der Winter ist nah&quot;: Franz\u00f6sisches Au\u00dfenministerium sagt 300 Millionen Euro f\u00fcr Moldawien zu\",\"datePublished\":\"2023-10-17T15:30:09+00:00\",\"dateModified\":\"2023-10-17T15:30:09+00:00\",\"mainEntityOfPage\":{\"@id\":\"https:\/\/now-news.de\/de\/deutschland\/der-winter-ist-nah-franzoesisches-aussenministerium-sagt-300-millionen-euro-fuer-moldawien-zu\/\"},\"wordCount\":461,\"commentCount\":0,\"publisher\":{\"@id\":\"https:\/\/now-news.de\/de\/#organization\"},\"image\":{\"@id\":\"https:\/\/now-news.de\/de\/deutschland\/der-winter-ist-nah-franzoesisches-aussenministerium-sagt-300-millionen-euro-fuer-moldawien-zu\/#primaryimage\"},\"thumbnailUrl\":\"https:\/\/now-news.de\/de\/wp-content\/uploads\/sites\/3\/2023\/10\/quotDer-Winter-ist-nahquot-Franzoesisches-Aussenministerium-sagt-300-Millionen-Euro.jpg\",\"keywords\":[\"Au\u00dfenministerium\",\"Euro\",\"Franz\u00f6sisches\",\"f\u00fcr\",\"ist\",\"Millionen\",\"Moldawien\",\"nahquot\",\"quotDer\",\"sagt\",\"Winter\"],\"articleSection\":[\"Deutschland\",\"Russland\"],\"inLanguage\":\"de\",\"potentialAction\":[{\"@type\":\"CommentAction\",\"name\":\"Comment\",\"target\":[\"https:\/\/now-news.de\/de\/deutschland\/der-winter-ist-nah-franzoesisches-aussenministerium-sagt-300-millionen-euro-fuer-moldawien-zu\/#respond\"]}]},{\"@type\":\"WebPage\",\"@id\":\"https:\/\/now-news.de\/de\/deutschland\/der-winter-ist-nah-franzoesisches-aussenministerium-sagt-300-millionen-euro-fuer-moldawien-zu\/\",\"url\":\"https:\/\/now-news.de\/de\/deutschland\/der-winter-ist-nah-franzoesisches-aussenministerium-sagt-300-millionen-euro-fuer-moldawien-zu\/\",\"name\":\"&quot;Der Winter ist nah&quot;: Franz\u00f6sisches Au\u00dfenministerium sagt 300 Millionen Euro f\u00fcr Moldawien zu - just-now.NEWS Deutschland\",\"isPartOf\":{\"@id\":\"https:\/\/now-news.de\/de\/#website\"},\"primaryImageOfPage\":{\"@id\":\"https:\/\/now-news.de\/de\/deutschland\/der-winter-ist-nah-franzoesisches-aussenministerium-sagt-300-millionen-euro-fuer-moldawien-zu\/#primaryimage\"},\"image\":{\"@id\":\"https:\/\/now-news.de\/de\/deutschland\/der-winter-ist-nah-franzoesisches-aussenministerium-sagt-300-millionen-euro-fuer-moldawien-zu\/#primaryimage\"},\"thumbnailUrl\":\"https:\/\/now-news.de\/de\/wp-content\/uploads\/sites\/3\/2023\/10\/quotDer-Winter-ist-nahquot-Franzoesisches-Aussenministerium-sagt-300-Millionen-Euro.jpg\",\"datePublished\":\"2023-10-17T15:30:09+00:00\",\"dateModified\":\"2023-10-17T15:30:09+00:00\",\"breadcrumb\":{\"@id\":\"https:\/\/now-news.de\/de\/deutschland\/der-winter-ist-nah-franzoesisches-aussenministerium-sagt-300-millionen-euro-fuer-moldawien-zu\/#breadcrumb\"},\"inLanguage\":\"de\",\"potentialAction\":[{\"@type\":\"ReadAction\",\"target\":[\"https:\/\/now-news.de\/de\/deutschland\/der-winter-ist-nah-franzoesisches-aussenministerium-sagt-300-millionen-euro-fuer-moldawien-zu\/\"]}]},{\"@type\":\"ImageObject\",\"inLanguage\":\"de\",\"@id\":\"https:\/\/now-news.de\/de\/deutschland\/der-winter-ist-nah-franzoesisches-aussenministerium-sagt-300-millionen-euro-fuer-moldawien-zu\/#primaryimage\",\"url\":\"https:\/\/now-news.de\/de\/wp-content\/uploads\/sites\/3\/2023\/10\/quotDer-Winter-ist-nahquot-Franzoesisches-Aussenministerium-sagt-300-Millionen-Euro.jpg\",\"contentUrl\":\"https:\/\/now-news.de\/de\/wp-content\/uploads\/sites\/3\/2023\/10\/quotDer-Winter-ist-nahquot-Franzoesisches-Aussenministerium-sagt-300-Millionen-Euro.jpg\",\"width\":460,\"height\":259,\"caption\":\"&quot;Der Winter ist nah&quot;: Franz\u00f6sisches Au\u00dfenministerium sagt 300 Millionen Euro f\u00fcr Moldawien zu\"},{\"@type\":\"BreadcrumbList\",\"@id\":\"https:\/\/now-news.de\/de\/deutschland\/der-winter-ist-nah-franzoesisches-aussenministerium-sagt-300-millionen-euro-fuer-moldawien-zu\/#breadcrumb\",\"itemListElement\":[{\"@type\":\"ListItem\",\"position\":1,\"name\":\"Home\",\"item\":\"https:\/\/now-news.de\/de\/\"},{\"@type\":\"ListItem\",\"position\":2,\"name\":\"&quot;Der Winter ist nah&quot;: Franz\u00f6sisches Au\u00dfenministerium sagt 300 Millionen Euro f\u00fcr Moldawien zu\"}]},{\"@type\":\"WebSite\",\"@id\":\"https:\/\/now-news.de\/de\/#website\",\"url\":\"https:\/\/now-news.de\/de\/\",\"name\":\"just-now.NEWS Deutschland\",\"description\":\"Das Portal f\u00fcr unzensierte Nachrichten aus der Welt\",\"publisher\":{\"@id\":\"https:\/\/now-news.de\/de\/#organization\"},\"potentialAction\":[{\"@type\":\"SearchAction\",\"target\":{\"@type\":\"EntryPoint\",\"urlTemplate\":\"https:\/\/now-news.de\/de\/?s={search_term_string}\"},\"query-input\":\"required name=search_term_string\"}],\"inLanguage\":\"de\"},{\"@type\":\"Organization\",\"@id\":\"https:\/\/now-news.de\/de\/#organization\",\"name\":\"Just Now News\",\"url\":\"https:\/\/now-news.de\/de\/\",\"logo\":{\"@type\":\"ImageObject\",\"inLanguage\":\"de\",\"@id\":\"https:\/\/now-news.de\/de\/#\/schema\/logo\/image\/\",\"url\":\"http:\/\/just-now.news\/de\/wp-content\/uploads\/sites\/3\/2022\/04\/logo500x500.jpg\",\"contentUrl\":\"http:\/\/just-now.news\/de\/wp-content\/uploads\/sites\/3\/2022\/04\/logo500x500.jpg\",\"width\":500,\"height\":500,\"caption\":\"Just Now News\"},\"image\":{\"@id\":\"https:\/\/now-news.de\/de\/#\/schema\/logo\/image\/\"},\"sameAs\":[\"https:\/\/www.facebook.com\/wirmachenauf\",\"https:\/\/x.com\/WirMachenAuf_de\"]},{\"@type\":\"Person\",\"@id\":\"https:\/\/now-news.de\/de\/#\/schema\/person\/fb534a4e865501d8b3285208df34a9b5\",\"name\":\"rtnews\",\"image\":{\"@type\":\"ImageObject\",\"inLanguage\":\"de\",\"@id\":\"https:\/\/now-news.de\/de\/#\/schema\/person\/image\/\",\"url\":\"https:\/\/secure.gravatar.com\/avatar\/82aafea7d8127119dd649515f56e2117?s=96&d=mm&r=g\",\"contentUrl\":\"https:\/\/secure.gravatar.com\/avatar\/82aafea7d8127119dd649515f56e2117?s=96&d=mm&r=g\",\"caption\":\"rtnews\"},\"url\":\"https:\/\/now-news.de\/de\/author\/rnews\/\"}]}<\/script>\n<!-- \/ Yoast SEO Premium plugin. -->","yoast_head_json":{"title":"&quot;Der Winter ist nah&quot;: Franz\u00f6sisches Au\u00dfenministerium sagt 300 Millionen Euro f\u00fcr Moldawien zu - just-now.NEWS Deutschland","robots":{"index":"index","follow":"follow","max-snippet":"max-snippet:-1","max-image-preview":"max-image-preview:large","max-video-preview":"max-video-preview:-1"},"canonical":"https:\/\/now-news.de\/de\/deutschland\/der-winter-ist-nah-franzoesisches-aussenministerium-sagt-300-millionen-euro-fuer-moldawien-zu\/","og_locale":"de_DE","og_type":"article","og_title":"&quot;Der Winter ist nah&quot;: Franz\u00f6sisches Au\u00dfenministerium sagt 300 Millionen Euro f\u00fcr Moldawien zu","og_description":"Bei der Zusammenkunft im Rahmen der Moldawien-Unterst\u00fctzungsplattform am Mittwoch in Chi\u0219in\u0103u erkl\u00e4rte die franz\u00f6sische Au\u00dfenministerin, dass Paris die Republik Moldau weiter unterst\u00fctzen werde. Dies gelte sowohl f\u00fcr einen mittel- wie auch langfristigen Zeitraum. Frankreich wird Chi\u0219in\u0103u 300 Millionen Euro zur Verf\u00fcgung stellen, um verschiedene Projekte zu finanzieren und den Moldawiern zu helfen, den kommenden Winter [&hellip;]","og_url":"https:\/\/now-news.de\/de\/deutschland\/der-winter-ist-nah-franzoesisches-aussenministerium-sagt-300-millionen-euro-fuer-moldawien-zu\/","og_site_name":"just-now.NEWS Deutschland","article_publisher":"https:\/\/www.facebook.com\/wirmachenauf","article_published_time":"2023-10-17T15:30:09+00:00","og_image":[{"width":460,"height":259,"url":"https:\/\/now-news.de\/de\/wp-content\/uploads\/sites\/3\/2023\/10\/quotDer-Winter-ist-nahquot-Franzoesisches-Aussenministerium-sagt-300-Millionen-Euro.jpg","type":"image\/jpeg"}],"author":"rtnews","twitter_card":"summary_large_image","twitter_creator":"@WirMachenAuf_de","twitter_site":"@WirMachenAuf_de","twitter_misc":{"Verfasst von":"rtnews","Gesch\u00e4tzte Lesezeit":"2\u00a0Minuten"},"schema":{"@context":"https:\/\/schema.org","@graph":[{"@type":"Article","@id":"https:\/\/now-news.de\/de\/deutschland\/der-winter-ist-nah-franzoesisches-aussenministerium-sagt-300-millionen-euro-fuer-moldawien-zu\/#article","isPartOf":{"@id":"https:\/\/now-news.de\/de\/deutschland\/der-winter-ist-nah-franzoesisches-aussenministerium-sagt-300-millionen-euro-fuer-moldawien-zu\/"},"author":{"name":"rtnews","@id":"https:\/\/now-news.de\/de\/#\/schema\/person\/fb534a4e865501d8b3285208df34a9b5"},"headline":"&quot;Der Winter ist nah&quot;: Franz\u00f6sisches Au\u00dfenministerium sagt 300 Millionen Euro f\u00fcr Moldawien zu","datePublished":"2023-10-17T15:30:09+00:00","dateModified":"2023-10-17T15:30:09+00:00","mainEntityOfPage":{"@id":"https:\/\/now-news.de\/de\/deutschland\/der-winter-ist-nah-franzoesisches-aussenministerium-sagt-300-millionen-euro-fuer-moldawien-zu\/"},"wordCount":461,"commentCount":0,"publisher":{"@id":"https:\/\/now-news.de\/de\/#organization"},"image":{"@id":"https:\/\/now-news.de\/de\/deutschland\/der-winter-ist-nah-franzoesisches-aussenministerium-sagt-300-millionen-euro-fuer-moldawien-zu\/#primaryimage"},"thumbnailUrl":"https:\/\/now-news.de\/de\/wp-content\/uploads\/sites\/3\/2023\/10\/quotDer-Winter-ist-nahquot-Franzoesisches-Aussenministerium-sagt-300-Millionen-Euro.jpg","keywords":["Au\u00dfenministerium","Euro","Franz\u00f6sisches","f\u00fcr","ist","Millionen","Moldawien","nahquot","quotDer","sagt","Winter"],"articleSection":["Deutschland","Russland"],"inLanguage":"de","potentialAction":[{"@type":"CommentAction","name":"Comment","target":["https:\/\/now-news.de\/de\/deutschland\/der-winter-ist-nah-franzoesisches-aussenministerium-sagt-300-millionen-euro-fuer-moldawien-zu\/#respond"]}]},{"@type":"WebPage","@id":"https:\/\/now-news.de\/de\/deutschland\/der-winter-ist-nah-franzoesisches-aussenministerium-sagt-300-millionen-euro-fuer-moldawien-zu\/","url":"https:\/\/now-news.de\/de\/deutschland\/der-winter-ist-nah-franzoesisches-aussenministerium-sagt-300-millionen-euro-fuer-moldawien-zu\/","name":"&quot;Der Winter ist nah&quot;: Franz\u00f6sisches Au\u00dfenministerium sagt 300 Millionen Euro f\u00fcr Moldawien zu - just-now.NEWS Deutschland","isPartOf":{"@id":"https:\/\/now-news.de\/de\/#website"},"primaryImageOfPage":{"@id":"https:\/\/now-news.de\/de\/deutschland\/der-winter-ist-nah-franzoesisches-aussenministerium-sagt-300-millionen-euro-fuer-moldawien-zu\/#primaryimage"},"image":{"@id":"https:\/\/now-news.de\/de\/deutschland\/der-winter-ist-nah-franzoesisches-aussenministerium-sagt-300-millionen-euro-fuer-moldawien-zu\/#primaryimage"},"thumbnailUrl":"https:\/\/now-news.de\/de\/wp-content\/uploads\/sites\/3\/2023\/10\/quotDer-Winter-ist-nahquot-Franzoesisches-Aussenministerium-sagt-300-Millionen-Euro.jpg","datePublished":"2023-10-17T15:30:09+00:00","dateModified":"2023-10-17T15:30:09+00:00","breadcrumb":{"@id":"https:\/\/now-news.de\/de\/deutschland\/der-winter-ist-nah-franzoesisches-aussenministerium-sagt-300-millionen-euro-fuer-moldawien-zu\/#breadcrumb"},"inLanguage":"de","potentialAction":[{"@type":"ReadAction","target":["https:\/\/now-news.de\/de\/deutschland\/der-winter-ist-nah-franzoesisches-aussenministerium-sagt-300-millionen-euro-fuer-moldawien-zu\/"]}]},{"@type":"ImageObject","inLanguage":"de","@id":"https:\/\/now-news.de\/de\/deutschland\/der-winter-ist-nah-franzoesisches-aussenministerium-sagt-300-millionen-euro-fuer-moldawien-zu\/#primaryimage","url":"https:\/\/now-news.de\/de\/wp-content\/uploads\/sites\/3\/2023\/10\/quotDer-Winter-ist-nahquot-Franzoesisches-Aussenministerium-sagt-300-Millionen-Euro.jpg","contentUrl":"https:\/\/now-news.de\/de\/wp-content\/uploads\/sites\/3\/2023\/10\/quotDer-Winter-ist-nahquot-Franzoesisches-Aussenministerium-sagt-300-Millionen-Euro.jpg","width":460,"height":259,"caption":"&quot;Der Winter ist nah&quot;: Franz\u00f6sisches Au\u00dfenministerium sagt 300 Millionen Euro f\u00fcr Moldawien zu"},{"@type":"BreadcrumbList","@id":"https:\/\/now-news.de\/de\/deutschland\/der-winter-ist-nah-franzoesisches-aussenministerium-sagt-300-millionen-euro-fuer-moldawien-zu\/#breadcrumb","itemListElement":[{"@type":"ListItem","position":1,"name":"Home","item":"https:\/\/now-news.de\/de\/"},{"@type":"ListItem","position":2,"name":"&quot;Der Winter ist nah&quot;: Franz\u00f6sisches Au\u00dfenministerium sagt 300 Millionen Euro f\u00fcr Moldawien zu"}]},{"@type":"WebSite","@id":"https:\/\/now-news.de\/de\/#website","url":"https:\/\/now-news.de\/de\/","name":"just-now.NEWS Deutschland","description":"Das Portal f\u00fcr unzensierte Nachrichten aus der Welt","publisher":{"@id":"https:\/\/now-news.de\/de\/#organization"},"potentialAction":[{"@type":"SearchAction","target":{"@type":"EntryPoint","urlTemplate":"https:\/\/now-news.de\/de\/?s={search_term_string}"},"query-input":"required name=search_term_string"}],"inLanguage":"de"},{"@type":"Organization","@id":"https:\/\/now-news.de\/de\/#organization","name":"Just Now News","url":"https:\/\/now-news.de\/de\/","logo":{"@type":"ImageObject","inLanguage":"de","@id":"https:\/\/now-news.de\/de\/#\/schema\/logo\/image\/","url":"http:\/\/just-now.news\/de\/wp-content\/uploads\/sites\/3\/2022\/04\/logo500x500.jpg","contentUrl":"http:\/\/just-now.news\/de\/wp-content\/uploads\/sites\/3\/2022\/04\/logo500x500.jpg","width":500,"height":500,"caption":"Just Now News"},"image":{"@id":"https:\/\/now-news.de\/de\/#\/schema\/logo\/image\/"},"sameAs":["https:\/\/www.facebook.com\/wirmachenauf","https:\/\/x.com\/WirMachenAuf_de"]},{"@type":"Person","@id":"https:\/\/now-news.de\/de\/#\/schema\/person\/fb534a4e865501d8b3285208df34a9b5","name":"rtnews","image":{"@type":"ImageObject","inLanguage":"de","@id":"https:\/\/now-news.de\/de\/#\/schema\/person\/image\/","url":"https:\/\/secure.gravatar.com\/avatar\/82aafea7d8127119dd649515f56e2117?s=96&d=mm&r=g","contentUrl":"https:\/\/secure.gravatar.com\/avatar\/82aafea7d8127119dd649515f56e2117?s=96&d=mm&r=g","caption":"rtnews"},"url":"https:\/\/now-news.de\/de\/author\/rnews\/"}]}},"_links":{"self":[{"href":"https:\/\/now-news.de\/de\/wp-json\/wp\/v2\/posts\/48227"}],"collection":[{"href":"https:\/\/now-news.de\/de\/wp-json\/wp\/v2\/posts"}],"about":[{"href":"https:\/\/now-news.de\/de\/wp-json\/wp\/v2\/types\/post"}],"author":[{"embeddable":true,"href":"https:\/\/now-news.de\/de\/wp-json\/wp\/v2\/users\/3"}],"replies":[{"embeddable":true,"href":"https:\/\/now-news.de\/de\/wp-json\/wp\/v2\/comments?post=48227"}],"version-history":[{"count":0,"href":"https:\/\/now-news.de\/de\/wp-json\/wp\/v2\/posts\/48227\/revisions"}],"wp:featuredmedia":[{"embeddable":true,"href":"https:\/\/now-news.de\/de\/wp-json\/wp\/v2\/media\/48228"}],"wp:attachment":[{"href":"https:\/\/now-news.de\/de\/wp-json\/wp\/v2\/media?parent=48227"}],"wp:term":[{"taxonomy":"category","embeddable":true,"href":"https:\/\/now-news.de\/de\/wp-json\/wp\/v2\/categories?post=48227"},{"taxonomy":"post_tag","embeddable":true,"href":"https:\/\/now-news.de\/de\/wp-json\/wp\/v2\/tags?post=48227"}],"curies":[{"name":"wp","href":"https:\/\/api.w.org\/{rel}","templated":true}]}}