{"id":48209,"date":"2023-10-17T17:22:07","date_gmt":"2023-10-17T15:22:07","guid":{"rendered":"https:\/\/just-now.news\/de\/deutschland\/krieg-im-nahen-osten-ein-strick-fuer-selenskij\/"},"modified":"2023-10-17T17:22:07","modified_gmt":"2023-10-17T15:22:07","slug":"krieg-im-nahen-osten-ein-strick-fuer-selenskij","status":"publish","type":"post","link":"https:\/\/now-news.de\/de\/deutschland\/krieg-im-nahen-osten-ein-strick-fuer-selenskij\/","title":{"rendered":"Krieg im Nahen Osten \u2013 Ein Strick f\u00fcr Selenskij"},"content":{"rendered":"<p><img decoding=\"async\" src=\"http:\/\/just-now.news\/de\/wp-content\/uploads\/sites\/3\/2023\/10\/652d265c48fbef0f6511ad2d.jpg\" \/><\/p>\n<div class=\"Text-root Text-type_1 \">\n                Langfristig wird es den USA nicht gelingen, Israel und die Ukraine gleichzeitig milit\u00e4risch zu unterst\u00fctzen. Sollte sich der Konflikt im Nahen Osten in die L\u00e4nge ziehen, wird sich Washington entweder f\u00fcr Tel Aviv oder f\u00fcr Kiew entscheiden m\u00fcssen \u2013 und l\u00e4sst dann h\u00f6chstwahrscheinlich die Ukraine fallen.\n            <\/div>\n<p><\/p>\n<div class=\"Text-root Text-type_5 ArticleView-text ViewText-root \">\n<p><em>Von Sergei Mirkin<\/em><\/p>\n<p>Am 11. Oktober hat in Br\u00fcssel ein weiteres Treffen im Ramstein-Format stattgefunden, an dem auch der Pr\u00e4sident der Ukraine, Wladimir Selenskij, teilnahm. Er kam unerwartet in die belgische Hauptstadt, sein Besuch war nicht angek\u00fcndigt. Wie auch sonst immer, versuchte Selenskij, sich in den Mittelpunkt zu r\u00fccken. So behauptete er etwa, dass alle Staatsoberh\u00e4upter der Welt Israel besuchen sollten, bat den Westen in gewohnter Manier um Luftabwehrsysteme, flanierte durch die Halle mit dem NATO-Generalsekret\u00e4r Jens Stoltenberg\u00a0\u2012 kurz, er veranstaltete, wie gew\u00f6hnlich, eine Show.<\/p>\n<p>Nach dem Treffen meldeten ukrainische und einige westliche Medien freudig, dass der Ukraine Milit\u00e4rhilfe im Wert von 500 Millionen US-Dollar versprochen wurde, und beriefen sich dabei auf den ukrainischen Verteidigungsminister Rustem Umerow. Selenskijs Propagandisten zogen den Schluss, dass der Westen die Ukraine nicht fallen l\u00e4sst. Freilich sind Versprechen bekannterweise nicht gleich Taten, besonders vor dem Hintergrund der turbulenten weltpolitischen Lage. Dar\u00fcber hinaus rechnete der Minister zu diesem Betrag auch die F-16-Flugzeuge, die D\u00e4nemark und Belgien an Kiew liefern wollen. Allerdings wird Kopenhagen der Ukraine die J\u00e4ger \u2013 wenn \u00fcberhaupt \u2013 nicht vor Fr\u00fchling 2024 liefern, und Br\u00fcssel liefert erst im Jahr 2025. Doch wer wei\u00df, ob das Maidan-Regime die Flugzeuge im kommenden Fr\u00fchling \u00fcberhaupt noch ben\u00f6tigen wird?<\/p>\n<p>Den bedeutendsten Beitrag zur Unterst\u00fctzung des ukrainischen Milit\u00e4rs leistete das Pentagon. Die USA werden dem Kiewer Regime Waffen im Wert von 200 Millionen US-Dollar bereitstellen. Doch sp\u00e4ter kam aus dem Wei\u00dfen Haus eine Ank\u00fcndigung, die als kalte Dusche f\u00fcr die Ukraine bezeichnet werden k\u00f6nnte. Der Sprecher des US-Sicherheitsrats,\u00a0John Kirby, verk\u00fcndete:<\/p>\n<blockquote>\n<p><em>&#8220;Kurzfristig haben wir sowohl f\u00fcr die Ukraine als auch f\u00fcr Israel Mittel und Befugnisse. Aber man sollte keine langfristige Unterst\u00fctzung planen, wenn man am Ende der Fahnenstange [w\u00f6rtlich: am Ende des Seils] angelangt ist. Und bei der Finanzierung der Ukraine sind wir am Ende der Fahnenstange.&#8221;<\/em><\/p>\n<\/blockquote>\n<p>Warum sprach Kirby diese Worte aus? Die 200 Millionen US-Dollar, die das Pentagon Kiew bewilligt, wurden aus dem sogenannten Fonds der Buchhaltungsfehler entnommen. Angeblich haben die USA der Ukraine Waffen in H\u00f6he einer\u00a0bestimmten\u00a0Summe geliefert. Nach einer Pr\u00fcfung\u00a0stellte sich heraus, dass Kiew Waffen in geringerer Summe erhalten hatte. Damit entstand beim Pentagon ein \u00dcberschuss von 5,6 Milliarden US-Dollar, die das US-Verteidigungsministerium ohne Billigung des Kongresses f\u00fcr Waffen- und Munitionslieferungen an die Ukraine aufwenden kann. Au\u00dferdem erwirkte das Pentagon durch die Struktur der Weltbank einen Zuschuss f\u00fcr die Ukraine in H\u00f6he von 1,15 Milliarden US-Dollar zur Deckung von Haushaltsausgaben. Doch sowohl f\u00fcr das Pentagon, als auch f\u00fcr Bidens Administration neigt sich dasjenige Instrumentarium zur Finanzierung der Ukraine, das keiner Billigung des Repr\u00e4sentantenhauses bedarf, dem Ende zu.<\/p>\n<p>Dabei gibt es im US-Kongress eine ganze Gruppe von Republikanern, die gegen weitere Geldzuwendungen an die Ukraine eintreten. So wurde die Finanzierung f\u00fcr Kiew nicht im provisorischen Haushalt vorgesehen, der in den USA verabschiedet wurde. Der Sprecher des Kongresses, Kevin McCarthy, wurde wegen einer geheimen Absprache mit Bidens Administration entlassen, wonach das Geld f\u00fcr die Ukraine mit einem separaten Gesetz der Unterkammer bewilligt werden sollte. \u00dcbrigens fand die Amtsenthebung des Parlamentsvorsitzenden durch Abstimmung zum ersten Mal in der US-Geschichte statt. Eingeleitet wurde McCarthys Sturz von seinem Parteigenossen Matt Gaetz, der einer der leidenschaftlichsten Gegner der Finanzierung der Ukraine ist. Gaetz und seine Unterst\u00fctzer glauben, dass die \u00fcber 100 Milliarden US-Dollar, die der Ukraine bewilligt wurden, zur L\u00f6sung der inneren Probleme der USA \u2013 Sozialleistungen, Befestigung der Grenze zu Mexiko, Bek\u00e4mpfung der Kriminalit\u00e4t, Beseitigung der Sturmfolgen und so weiter \u2013 verwendet werden sollten. Und ganz sicher soll der Ukraine kein weiteres Geld mehr gegeben werden. Der Ex-Pr\u00e4sident der USA und wahrscheinlichste republikanische Kandidat Donald Trump meint, dass Kiew die russischsprachigen Gebiete an Russland abtreten sollte, um die eigene Staatlichkeit zu bewahren. Es sollte angemerkt werden, dass US-Abgeordnete noch vor der Eskalation im Nahen Osten begonnen haben, mit Geld f\u00fcr die Ukraine zu geizen, w\u00e4hrend im Kongress selbst ein Sprecher-Interregnum entstand, bei dem sich die Republikaner nicht untereinander einigen k\u00f6nnen, wer die Unterkammer leiten wird. Solange das US-Parlament nicht normal zu funktionieren beginnt, wird es keine \u00c4nderungen im US-Haushalt geben.<\/p>\n<p>Das Hauptproblem f\u00fcr Selenskijs Administration sind jedoch nicht die Streitereien in der US-Politik. Es besteht die M\u00f6glichkeit, dass Republikaner und Demokraten nach einer gewissen Zeit einen Konsens in der &#8220;Ukraine-Frage&#8221; erreichen werden und Kiew Geld erh\u00e4lt \u2013 wenn auch weniger als gew\u00fcnscht. Eine gr\u00f6\u00dfere Bedrohung f\u00fcr das Maidan-Regime stellt der Krieg im Nahen Osten dar. Die Ukraine erhielt einen Mitbewerber um milit\u00e4rische und finanzielle Hilfe der USA, n\u00e4mlich Israel.<\/p>\n<p>Israelische Geheimdienste und Streitkr\u00e4fte waren auf einen gro\u00df angelegten \u00dcberfall der Hamas nicht vorbereitet. Was im Kontext der Ukraine\u00a0allerdings wichtiger ist \u2013 nach indirekten Angaben zu urteilen, schien Israel auch in materieller Hinsicht nicht auf den Krieg vorbereitet zu sein. Der Leiter der Regionalverwaltung von Samarien (n\u00f6rdlicher Teil des Westjordanlands), Jossi Dagan, unterzeichnete einen Vertrag \u00fcber den Kauf von hunderten Schusswaffen zur Verst\u00e4rkung von Reserveeinheiten. Das bedeutet, dass es in Israel an Schusswaffen mangelt. Ebenso sammeln Freiwillige im j\u00fcdischen Staat Geld- und Sachspenden f\u00fcr Reservisten, um sie mit Nahrungsmitteln, Unterw\u00e4sche, Kaffee, Schutzwesten und Kleidern zu versorgen.<\/p>\n<p>Vor diesem Hintergrund dr\u00e4ngt sich die Frage auf: Wie steht es in Israel um die Munition? Wurden doch 155-Millimeter-Granaten, die den USA geh\u00f6rten, aber in israelischen Lagern verwahrt wurden, noch im Fr\u00fchling in die Ukraine ausgefahren. An wen wird sich Tel Aviv um Hilfe wenden? An die USA. Dabei haben die USA selbst Probleme mit Waffen und Munition, weil sie vieles an Kiew \u00fcbergeben haben.<\/p>\n<p>Je weiter sich der Konflikt in die L\u00e4nge ziehen wird, desto mehr milit\u00e4rische Hilfe wird Israel fordern. Doch auch die Wirtschaft dieses kleinen Landes wird keinen langen Krieg aushalten, und die USA werden Israel auch wirtschaftlich unterst\u00fctzen m\u00fcssen. Danach wird sich Washington entscheiden m\u00fcssen. Ber\u00fccksichtigt man die Tatsache, dass Israel ein \u00e4lterer Satellit der USA als die Ukraine ist, dass der Nahe Osten als strategische Region heute f\u00fcr Washington viel wichtiger als Osteuropa ist, und dass die Israel-Lobby im Westen viel st\u00e4rker als die ukrainische ist, wird Israel die Priorit\u00e4t bei der milit\u00e4rischen und wirtschaftlichen Hilfe erhalten. F\u00fcr die Maidan-Ukraine wird wahrscheinlich nichts \u00fcbrigbleiben\u00a0\u2012 nicht einmal das, was in Br\u00fcssel versprochen wurde.<\/p>\n<p>In einem Interview f\u00fcr den rum\u00e4nischen Kanal <em>Digi24<\/em> behauptete Selenskij, dass sich der Konflikt in der Ukraine in der Abschlussphase befinde. Nimmt man Kirbys und Selenskijs Worte zusammen und formuliert Tschechows ber\u00fchmte Aussage \u00fcber ein Gewehr an der Wand um, k\u00f6nnte man sagen: &#8220;Wenn im vorletzten Akt des St\u00fcckes ein Seil erscheint, muss sich im letzten irgendjemand daran erh\u00e4ngen.&#8221; Und wir k\u00f6nnen erraten, wer.<\/p>\n<p><em>\u00dcbersetzt aus dem Russischen und zuerst erschienen bei <a rel=\"nofollow noopener\" target=\"_blank\" href=\"https:\/\/vz.ru\/opinions\/2023\/10\/15\/1234845.html\">Wsgljad<\/a>.<\/em><em><\/em><\/p>\n<p><em>Sergei Mirkin ist ein Journalist aus Donezk.<\/em><\/p>\n<p><strong>Mehr zum Thema: <\/strong><a rel=\"nofollow noopener\" target=\"_blank\" href=\"https:\/\/freeassange.rtde.live\/international\/183334-ihr-kampf-ist-unser-kampf-selenskij-ueberraschend-in-bruessel\/\">&#8220;Ihr Kampf ist unser Kampf&#8221; \u2013 Selenskij \u00fcberraschend in Br\u00fcssel<\/a><strong><br \/><\/strong><\/p>\n<\/div>\n<p><br \/>\n<br \/><a href=\"https:\/\/de.rt.com\/meinung\/183910-krieg-im-nahen-osten-strick\/\">Source link <\/a><\/p>\n","protected":false},"excerpt":{"rendered":"<p>Langfristig wird es den USA nicht gelingen, Israel und die Ukraine gleichzeitig milit\u00e4risch zu unterst\u00fctzen. Sollte sich der Konflikt im Nahen Osten in die L\u00e4nge ziehen, wird sich Washington entweder f\u00fcr Tel Aviv oder f\u00fcr Kiew entscheiden m\u00fcssen \u2013 und l\u00e4sst dann h\u00f6chstwahrscheinlich die Ukraine fallen. Von Sergei Mirkin Am 11. Oktober hat in Br\u00fcssel [&hellip;]<\/p>\n","protected":false},"author":3,"featured_media":48210,"comment_status":"open","ping_status":"open","sticky":false,"template":"","format":"standard","meta":{"_yoast_indexnow_last_ping":["1697556236"],"wp_automatic_camp":["217"],"a3ce0158124a1a42223d9124970ec445":["Krieg im Nahen Osten \u2013 Ein Strick f\u00fcr Selenskij"],"original_link":["https:\/\/de.rt.com\/meinung\/183910-krieg-im-nahen-osten-strick\/"],"_thumbnail_id":["48210"],"_wptgpro_p2tg_sent2tg":["a:1:{i:23737;s:19:\"2023-10-17 17:24:59\";}"],"jnews_social_counter_last_update":["1777179790"]},"categories":[19,23],"tags":[357,221,130,15817,2195,6158,49868],"yoast_head":"<!-- This site is optimized with the Yoast SEO Premium plugin v22.7 (Yoast SEO v22.7) - https:\/\/yoast.com\/wordpress\/plugins\/seo\/ -->\n<title>Krieg im Nahen Osten \u2013 Ein Strick f\u00fcr Selenskij - just-now.NEWS Deutschland<\/title>\n<meta name=\"robots\" content=\"index, follow, max-snippet:-1, max-image-preview:large, max-video-preview:-1\" \/>\n<link rel=\"canonical\" href=\"https:\/\/now-news.de\/de\/deutschland\/krieg-im-nahen-osten-ein-strick-fuer-selenskij\/\" \/>\n<meta property=\"og:locale\" content=\"de_DE\" \/>\n<meta property=\"og:type\" content=\"article\" \/>\n<meta property=\"og:title\" content=\"Krieg im Nahen Osten \u2013 Ein Strick f\u00fcr Selenskij\" \/>\n<meta property=\"og:description\" content=\"Langfristig wird es den USA nicht gelingen, Israel und die Ukraine gleichzeitig milit\u00e4risch zu unterst\u00fctzen. Sollte sich der Konflikt im Nahen Osten in die L\u00e4nge ziehen, wird sich Washington entweder f\u00fcr Tel Aviv oder f\u00fcr Kiew entscheiden m\u00fcssen \u2013 und l\u00e4sst dann h\u00f6chstwahrscheinlich die Ukraine fallen. Von Sergei Mirkin Am 11. Oktober hat in Br\u00fcssel [&hellip;]\" \/>\n<meta property=\"og:url\" content=\"https:\/\/now-news.de\/de\/deutschland\/krieg-im-nahen-osten-ein-strick-fuer-selenskij\/\" \/>\n<meta property=\"og:site_name\" content=\"just-now.NEWS Deutschland\" \/>\n<meta property=\"article:publisher\" content=\"https:\/\/www.facebook.com\/wirmachenauf\" \/>\n<meta property=\"article:published_time\" content=\"2023-10-17T15:22:07+00:00\" \/>\n<meta property=\"og:image\" content=\"https:\/\/now-news.de\/de\/wp-content\/uploads\/sites\/3\/2023\/10\/Krieg-im-Nahen-Osten-\u2013-Ein-Strick-fuer-Selenskij.jpg\" \/>\n\t<meta property=\"og:image:width\" content=\"460\" \/>\n\t<meta property=\"og:image:height\" content=\"259\" \/>\n\t<meta property=\"og:image:type\" content=\"image\/jpeg\" \/>\n<meta name=\"author\" content=\"rtnews\" \/>\n<meta name=\"twitter:card\" content=\"summary_large_image\" \/>\n<meta name=\"twitter:creator\" content=\"@WirMachenAuf_de\" \/>\n<meta name=\"twitter:site\" content=\"@WirMachenAuf_de\" \/>\n<meta name=\"twitter:label1\" content=\"Verfasst von\" \/>\n\t<meta name=\"twitter:data1\" content=\"rtnews\" \/>\n\t<meta name=\"twitter:label2\" content=\"Gesch\u00e4tzte Lesezeit\" \/>\n\t<meta name=\"twitter:data2\" content=\"6\u00a0Minuten\" \/>\n<script type=\"application\/ld+json\" class=\"yoast-schema-graph\">{\"@context\":\"https:\/\/schema.org\",\"@graph\":[{\"@type\":\"Article\",\"@id\":\"https:\/\/now-news.de\/de\/deutschland\/krieg-im-nahen-osten-ein-strick-fuer-selenskij\/#article\",\"isPartOf\":{\"@id\":\"https:\/\/now-news.de\/de\/deutschland\/krieg-im-nahen-osten-ein-strick-fuer-selenskij\/\"},\"author\":{\"name\":\"rtnews\",\"@id\":\"https:\/\/now-news.de\/de\/#\/schema\/person\/fb534a4e865501d8b3285208df34a9b5\"},\"headline\":\"Krieg im Nahen Osten \u2013 Ein Strick f\u00fcr Selenskij\",\"datePublished\":\"2023-10-17T15:22:07+00:00\",\"dateModified\":\"2023-10-17T15:22:07+00:00\",\"mainEntityOfPage\":{\"@id\":\"https:\/\/now-news.de\/de\/deutschland\/krieg-im-nahen-osten-ein-strick-fuer-selenskij\/\"},\"wordCount\":1234,\"commentCount\":0,\"publisher\":{\"@id\":\"https:\/\/now-news.de\/de\/#organization\"},\"image\":{\"@id\":\"https:\/\/now-news.de\/de\/deutschland\/krieg-im-nahen-osten-ein-strick-fuer-selenskij\/#primaryimage\"},\"thumbnailUrl\":\"https:\/\/now-news.de\/de\/wp-content\/uploads\/sites\/3\/2023\/10\/Krieg-im-Nahen-Osten-\u2013-Ein-Strick-fuer-Selenskij.jpg\",\"keywords\":[\"ein\",\"f\u00fcr\",\"krieg\",\"Nahen\",\"Osten\",\"Selenskij\",\"Strick\"],\"articleSection\":[\"Deutschland\",\"Russland\"],\"inLanguage\":\"de\",\"potentialAction\":[{\"@type\":\"CommentAction\",\"name\":\"Comment\",\"target\":[\"https:\/\/now-news.de\/de\/deutschland\/krieg-im-nahen-osten-ein-strick-fuer-selenskij\/#respond\"]}]},{\"@type\":\"WebPage\",\"@id\":\"https:\/\/now-news.de\/de\/deutschland\/krieg-im-nahen-osten-ein-strick-fuer-selenskij\/\",\"url\":\"https:\/\/now-news.de\/de\/deutschland\/krieg-im-nahen-osten-ein-strick-fuer-selenskij\/\",\"name\":\"Krieg im Nahen Osten \u2013 Ein Strick f\u00fcr Selenskij - just-now.NEWS Deutschland\",\"isPartOf\":{\"@id\":\"https:\/\/now-news.de\/de\/#website\"},\"primaryImageOfPage\":{\"@id\":\"https:\/\/now-news.de\/de\/deutschland\/krieg-im-nahen-osten-ein-strick-fuer-selenskij\/#primaryimage\"},\"image\":{\"@id\":\"https:\/\/now-news.de\/de\/deutschland\/krieg-im-nahen-osten-ein-strick-fuer-selenskij\/#primaryimage\"},\"thumbnailUrl\":\"https:\/\/now-news.de\/de\/wp-content\/uploads\/sites\/3\/2023\/10\/Krieg-im-Nahen-Osten-\u2013-Ein-Strick-fuer-Selenskij.jpg\",\"datePublished\":\"2023-10-17T15:22:07+00:00\",\"dateModified\":\"2023-10-17T15:22:07+00:00\",\"breadcrumb\":{\"@id\":\"https:\/\/now-news.de\/de\/deutschland\/krieg-im-nahen-osten-ein-strick-fuer-selenskij\/#breadcrumb\"},\"inLanguage\":\"de\",\"potentialAction\":[{\"@type\":\"ReadAction\",\"target\":[\"https:\/\/now-news.de\/de\/deutschland\/krieg-im-nahen-osten-ein-strick-fuer-selenskij\/\"]}]},{\"@type\":\"ImageObject\",\"inLanguage\":\"de\",\"@id\":\"https:\/\/now-news.de\/de\/deutschland\/krieg-im-nahen-osten-ein-strick-fuer-selenskij\/#primaryimage\",\"url\":\"https:\/\/now-news.de\/de\/wp-content\/uploads\/sites\/3\/2023\/10\/Krieg-im-Nahen-Osten-\u2013-Ein-Strick-fuer-Selenskij.jpg\",\"contentUrl\":\"https:\/\/now-news.de\/de\/wp-content\/uploads\/sites\/3\/2023\/10\/Krieg-im-Nahen-Osten-\u2013-Ein-Strick-fuer-Selenskij.jpg\",\"width\":460,\"height\":259,\"caption\":\"Krieg im Nahen Osten \u2013 Ein Strick f\u00fcr Selenskij\"},{\"@type\":\"BreadcrumbList\",\"@id\":\"https:\/\/now-news.de\/de\/deutschland\/krieg-im-nahen-osten-ein-strick-fuer-selenskij\/#breadcrumb\",\"itemListElement\":[{\"@type\":\"ListItem\",\"position\":1,\"name\":\"Home\",\"item\":\"https:\/\/now-news.de\/de\/\"},{\"@type\":\"ListItem\",\"position\":2,\"name\":\"Krieg im Nahen Osten \u2013 Ein Strick f\u00fcr Selenskij\"}]},{\"@type\":\"WebSite\",\"@id\":\"https:\/\/now-news.de\/de\/#website\",\"url\":\"https:\/\/now-news.de\/de\/\",\"name\":\"just-now.NEWS Deutschland\",\"description\":\"Das Portal f\u00fcr unzensierte Nachrichten aus der Welt\",\"publisher\":{\"@id\":\"https:\/\/now-news.de\/de\/#organization\"},\"potentialAction\":[{\"@type\":\"SearchAction\",\"target\":{\"@type\":\"EntryPoint\",\"urlTemplate\":\"https:\/\/now-news.de\/de\/?s={search_term_string}\"},\"query-input\":\"required name=search_term_string\"}],\"inLanguage\":\"de\"},{\"@type\":\"Organization\",\"@id\":\"https:\/\/now-news.de\/de\/#organization\",\"name\":\"Just Now News\",\"url\":\"https:\/\/now-news.de\/de\/\",\"logo\":{\"@type\":\"ImageObject\",\"inLanguage\":\"de\",\"@id\":\"https:\/\/now-news.de\/de\/#\/schema\/logo\/image\/\",\"url\":\"http:\/\/just-now.news\/de\/wp-content\/uploads\/sites\/3\/2022\/04\/logo500x500.jpg\",\"contentUrl\":\"http:\/\/just-now.news\/de\/wp-content\/uploads\/sites\/3\/2022\/04\/logo500x500.jpg\",\"width\":500,\"height\":500,\"caption\":\"Just Now News\"},\"image\":{\"@id\":\"https:\/\/now-news.de\/de\/#\/schema\/logo\/image\/\"},\"sameAs\":[\"https:\/\/www.facebook.com\/wirmachenauf\",\"https:\/\/x.com\/WirMachenAuf_de\"]},{\"@type\":\"Person\",\"@id\":\"https:\/\/now-news.de\/de\/#\/schema\/person\/fb534a4e865501d8b3285208df34a9b5\",\"name\":\"rtnews\",\"image\":{\"@type\":\"ImageObject\",\"inLanguage\":\"de\",\"@id\":\"https:\/\/now-news.de\/de\/#\/schema\/person\/image\/\",\"url\":\"https:\/\/secure.gravatar.com\/avatar\/82aafea7d8127119dd649515f56e2117?s=96&d=mm&r=g\",\"contentUrl\":\"https:\/\/secure.gravatar.com\/avatar\/82aafea7d8127119dd649515f56e2117?s=96&d=mm&r=g\",\"caption\":\"rtnews\"},\"url\":\"https:\/\/now-news.de\/de\/author\/rnews\/\"}]}<\/script>\n<!-- \/ Yoast SEO Premium plugin. -->","yoast_head_json":{"title":"Krieg im Nahen Osten \u2013 Ein Strick f\u00fcr Selenskij - just-now.NEWS Deutschland","robots":{"index":"index","follow":"follow","max-snippet":"max-snippet:-1","max-image-preview":"max-image-preview:large","max-video-preview":"max-video-preview:-1"},"canonical":"https:\/\/now-news.de\/de\/deutschland\/krieg-im-nahen-osten-ein-strick-fuer-selenskij\/","og_locale":"de_DE","og_type":"article","og_title":"Krieg im Nahen Osten \u2013 Ein Strick f\u00fcr Selenskij","og_description":"Langfristig wird es den USA nicht gelingen, Israel und die Ukraine gleichzeitig milit\u00e4risch zu unterst\u00fctzen. Sollte sich der Konflikt im Nahen Osten in die L\u00e4nge ziehen, wird sich Washington entweder f\u00fcr Tel Aviv oder f\u00fcr Kiew entscheiden m\u00fcssen \u2013 und l\u00e4sst dann h\u00f6chstwahrscheinlich die Ukraine fallen. Von Sergei Mirkin Am 11. Oktober hat in Br\u00fcssel [&hellip;]","og_url":"https:\/\/now-news.de\/de\/deutschland\/krieg-im-nahen-osten-ein-strick-fuer-selenskij\/","og_site_name":"just-now.NEWS Deutschland","article_publisher":"https:\/\/www.facebook.com\/wirmachenauf","article_published_time":"2023-10-17T15:22:07+00:00","og_image":[{"width":460,"height":259,"url":"https:\/\/now-news.de\/de\/wp-content\/uploads\/sites\/3\/2023\/10\/Krieg-im-Nahen-Osten-\u2013-Ein-Strick-fuer-Selenskij.jpg","type":"image\/jpeg"}],"author":"rtnews","twitter_card":"summary_large_image","twitter_creator":"@WirMachenAuf_de","twitter_site":"@WirMachenAuf_de","twitter_misc":{"Verfasst von":"rtnews","Gesch\u00e4tzte Lesezeit":"6\u00a0Minuten"},"schema":{"@context":"https:\/\/schema.org","@graph":[{"@type":"Article","@id":"https:\/\/now-news.de\/de\/deutschland\/krieg-im-nahen-osten-ein-strick-fuer-selenskij\/#article","isPartOf":{"@id":"https:\/\/now-news.de\/de\/deutschland\/krieg-im-nahen-osten-ein-strick-fuer-selenskij\/"},"author":{"name":"rtnews","@id":"https:\/\/now-news.de\/de\/#\/schema\/person\/fb534a4e865501d8b3285208df34a9b5"},"headline":"Krieg im Nahen Osten \u2013 Ein Strick f\u00fcr Selenskij","datePublished":"2023-10-17T15:22:07+00:00","dateModified":"2023-10-17T15:22:07+00:00","mainEntityOfPage":{"@id":"https:\/\/now-news.de\/de\/deutschland\/krieg-im-nahen-osten-ein-strick-fuer-selenskij\/"},"wordCount":1234,"commentCount":0,"publisher":{"@id":"https:\/\/now-news.de\/de\/#organization"},"image":{"@id":"https:\/\/now-news.de\/de\/deutschland\/krieg-im-nahen-osten-ein-strick-fuer-selenskij\/#primaryimage"},"thumbnailUrl":"https:\/\/now-news.de\/de\/wp-content\/uploads\/sites\/3\/2023\/10\/Krieg-im-Nahen-Osten-\u2013-Ein-Strick-fuer-Selenskij.jpg","keywords":["ein","f\u00fcr","krieg","Nahen","Osten","Selenskij","Strick"],"articleSection":["Deutschland","Russland"],"inLanguage":"de","potentialAction":[{"@type":"CommentAction","name":"Comment","target":["https:\/\/now-news.de\/de\/deutschland\/krieg-im-nahen-osten-ein-strick-fuer-selenskij\/#respond"]}]},{"@type":"WebPage","@id":"https:\/\/now-news.de\/de\/deutschland\/krieg-im-nahen-osten-ein-strick-fuer-selenskij\/","url":"https:\/\/now-news.de\/de\/deutschland\/krieg-im-nahen-osten-ein-strick-fuer-selenskij\/","name":"Krieg im Nahen Osten \u2013 Ein Strick f\u00fcr Selenskij - just-now.NEWS Deutschland","isPartOf":{"@id":"https:\/\/now-news.de\/de\/#website"},"primaryImageOfPage":{"@id":"https:\/\/now-news.de\/de\/deutschland\/krieg-im-nahen-osten-ein-strick-fuer-selenskij\/#primaryimage"},"image":{"@id":"https:\/\/now-news.de\/de\/deutschland\/krieg-im-nahen-osten-ein-strick-fuer-selenskij\/#primaryimage"},"thumbnailUrl":"https:\/\/now-news.de\/de\/wp-content\/uploads\/sites\/3\/2023\/10\/Krieg-im-Nahen-Osten-\u2013-Ein-Strick-fuer-Selenskij.jpg","datePublished":"2023-10-17T15:22:07+00:00","dateModified":"2023-10-17T15:22:07+00:00","breadcrumb":{"@id":"https:\/\/now-news.de\/de\/deutschland\/krieg-im-nahen-osten-ein-strick-fuer-selenskij\/#breadcrumb"},"inLanguage":"de","potentialAction":[{"@type":"ReadAction","target":["https:\/\/now-news.de\/de\/deutschland\/krieg-im-nahen-osten-ein-strick-fuer-selenskij\/"]}]},{"@type":"ImageObject","inLanguage":"de","@id":"https:\/\/now-news.de\/de\/deutschland\/krieg-im-nahen-osten-ein-strick-fuer-selenskij\/#primaryimage","url":"https:\/\/now-news.de\/de\/wp-content\/uploads\/sites\/3\/2023\/10\/Krieg-im-Nahen-Osten-\u2013-Ein-Strick-fuer-Selenskij.jpg","contentUrl":"https:\/\/now-news.de\/de\/wp-content\/uploads\/sites\/3\/2023\/10\/Krieg-im-Nahen-Osten-\u2013-Ein-Strick-fuer-Selenskij.jpg","width":460,"height":259,"caption":"Krieg im Nahen Osten \u2013 Ein Strick f\u00fcr Selenskij"},{"@type":"BreadcrumbList","@id":"https:\/\/now-news.de\/de\/deutschland\/krieg-im-nahen-osten-ein-strick-fuer-selenskij\/#breadcrumb","itemListElement":[{"@type":"ListItem","position":1,"name":"Home","item":"https:\/\/now-news.de\/de\/"},{"@type":"ListItem","position":2,"name":"Krieg im Nahen Osten \u2013 Ein Strick f\u00fcr Selenskij"}]},{"@type":"WebSite","@id":"https:\/\/now-news.de\/de\/#website","url":"https:\/\/now-news.de\/de\/","name":"just-now.NEWS Deutschland","description":"Das Portal f\u00fcr unzensierte Nachrichten aus der Welt","publisher":{"@id":"https:\/\/now-news.de\/de\/#organization"},"potentialAction":[{"@type":"SearchAction","target":{"@type":"EntryPoint","urlTemplate":"https:\/\/now-news.de\/de\/?s={search_term_string}"},"query-input":"required name=search_term_string"}],"inLanguage":"de"},{"@type":"Organization","@id":"https:\/\/now-news.de\/de\/#organization","name":"Just Now News","url":"https:\/\/now-news.de\/de\/","logo":{"@type":"ImageObject","inLanguage":"de","@id":"https:\/\/now-news.de\/de\/#\/schema\/logo\/image\/","url":"http:\/\/just-now.news\/de\/wp-content\/uploads\/sites\/3\/2022\/04\/logo500x500.jpg","contentUrl":"http:\/\/just-now.news\/de\/wp-content\/uploads\/sites\/3\/2022\/04\/logo500x500.jpg","width":500,"height":500,"caption":"Just Now News"},"image":{"@id":"https:\/\/now-news.de\/de\/#\/schema\/logo\/image\/"},"sameAs":["https:\/\/www.facebook.com\/wirmachenauf","https:\/\/x.com\/WirMachenAuf_de"]},{"@type":"Person","@id":"https:\/\/now-news.de\/de\/#\/schema\/person\/fb534a4e865501d8b3285208df34a9b5","name":"rtnews","image":{"@type":"ImageObject","inLanguage":"de","@id":"https:\/\/now-news.de\/de\/#\/schema\/person\/image\/","url":"https:\/\/secure.gravatar.com\/avatar\/82aafea7d8127119dd649515f56e2117?s=96&d=mm&r=g","contentUrl":"https:\/\/secure.gravatar.com\/avatar\/82aafea7d8127119dd649515f56e2117?s=96&d=mm&r=g","caption":"rtnews"},"url":"https:\/\/now-news.de\/de\/author\/rnews\/"}]}},"_links":{"self":[{"href":"https:\/\/now-news.de\/de\/wp-json\/wp\/v2\/posts\/48209"}],"collection":[{"href":"https:\/\/now-news.de\/de\/wp-json\/wp\/v2\/posts"}],"about":[{"href":"https:\/\/now-news.de\/de\/wp-json\/wp\/v2\/types\/post"}],"author":[{"embeddable":true,"href":"https:\/\/now-news.de\/de\/wp-json\/wp\/v2\/users\/3"}],"replies":[{"embeddable":true,"href":"https:\/\/now-news.de\/de\/wp-json\/wp\/v2\/comments?post=48209"}],"version-history":[{"count":0,"href":"https:\/\/now-news.de\/de\/wp-json\/wp\/v2\/posts\/48209\/revisions"}],"wp:featuredmedia":[{"embeddable":true,"href":"https:\/\/now-news.de\/de\/wp-json\/wp\/v2\/media\/48210"}],"wp:attachment":[{"href":"https:\/\/now-news.de\/de\/wp-json\/wp\/v2\/media?parent=48209"}],"wp:term":[{"taxonomy":"category","embeddable":true,"href":"https:\/\/now-news.de\/de\/wp-json\/wp\/v2\/categories?post=48209"},{"taxonomy":"post_tag","embeddable":true,"href":"https:\/\/now-news.de\/de\/wp-json\/wp\/v2\/tags?post=48209"}],"curies":[{"name":"wp","href":"https:\/\/api.w.org\/{rel}","templated":true}]}}