{"id":48179,"date":"2023-10-16T21:01:47","date_gmt":"2023-10-16T19:01:47","guid":{"rendered":"https:\/\/just-now.news\/de\/deutschland\/anschlag-in-bruessel-mann-schiesst-mit-schnellfeuergewehr-um-sich-zwei-tote\/"},"modified":"2023-10-16T21:01:47","modified_gmt":"2023-10-16T19:01:47","slug":"anschlag-in-bruessel-mann-schiesst-mit-schnellfeuergewehr-um-sich-zwei-tote","status":"publish","type":"post","link":"https:\/\/now-news.de\/de\/deutschland\/anschlag-in-bruessel-mann-schiesst-mit-schnellfeuergewehr-um-sich-zwei-tote\/","title":{"rendered":"Anschlag in Br\u00fcssel: Mann schie\u00dft mit Schnellfeuergewehr um sich \u2013 zwei Tote"},"content":{"rendered":"<p><img decoding=\"async\" src=\"http:\/\/just-now.news\/de\/wp-content\/uploads\/sites\/3\/2023\/10\/652d8f9948fbef0f6511ad6f.jpg\" \/><\/p>\n<div class=\"Text-root Text-type_1 \">\n                Ein Mann hat im belgischen Br\u00fcssel um sich geschossen und zwei Menschen aus Schweden get\u00f6tet. Eine weitere Person wurde verletzt. Dann floh der Sch\u00fctze auf einem Roller.\n            <\/div>\n<p><\/p>\n<div class=\"Text-root Text-type_5 ArticleView-text ViewText-root \">\n<p>Am Montagabend\u00a0ist es\u00a0im Zentrum von Br\u00fcssel zu einer t\u00f6dlichen Attacke gekommen. Gegen\u00a019:15 Uhr (Ortszeit) soll ein Mann mit einem Sturmgewehr um sich geschossen haben. Zwei Menschen kamen vor Ort ums Leben, eine weitere Person wurde schwer verletzt.\u00a0Daraufhin floh der T\u00e4ter mit einem Roller, die Fahndung nach dem Mann ist im Gange.<\/p>\n<p>Nach Angaben belgischer Medien st\u00fcrmte der Sch\u00fctze, bewaffnet mit einer Maschinenpistole in die Eingangshalle eines Geb\u00e4udes und schoss wiederholt aus kurzer Distanz auf Menschen. Mehrere Personen flohen in ein Mehrfamilienhaus. Der Mann folgte ihnen und er\u00f6ffnete erneut das Feuer.\u00a0Ein Opfer, das versuchte, ins Freie zu fliehen, st\u00fcrzte dabei. Anschlie\u00dfend entfernte sich der Sch\u00fctze, kehrte jedoch zur\u00fcck und schoss noch einmal auf das Opfer, das bereits am Boden lag.<\/p>\n<p>Die Identit\u00e4t des T\u00e4ters wird derzeit noch ermittelt. Videoaufnahmen, die in den sozialen Netzwerken <a rel=\"nofollow noopener\" target=\"_blank\" href=\"https:\/\/x.com\/radiogenoa\/status\/1713990902086025623?s=46&amp;t=XX8KuJDPSl7v53taY4yOaw\">zirkulieren<\/a>, zeigen einen Unbekannten in einer orangefarbenen Jacke mit einem wei\u00dfen Helm.<\/p>\n<div class=\"EmbedBlock-root EmbedBlock-twitter\">\n<div class=\"TwitterEmbed\">\n<blockquote class=\"twitter-tweet lazyload\" data-twitter=\"twitter-tweet\">\n<p lang=\"en\" dir=\"ltr\">Attack in Brussels with AK-47. Dead and injured. <a rel=\"nofollow noopener\" target=\"_blank\" href=\"https:\/\/t.co\/SleVJrm2qm\">pic.twitter.com\/SleVJrm2qm<\/a><\/p>\n<p>\u2014 RadioGenoa (@RadioGenoa) <a rel=\"nofollow noopener\" target=\"_blank\" href=\"https:\/\/twitter.com\/RadioGenoa\/status\/1713990902086025623?ref_src=twsrc%5Etfw\">October 16, 2023<\/a><\/p><\/blockquote>\n<\/div>\n<\/div>\n<p>Bei den beiden Todesopfern handelt es sich um Fu\u00dfballfans aus Schweden. Es sei nach polizeilichen Angaben bereits bekannt, dass sie Trikots der schwedischen Fu\u00dfballnationalmannschaft getragen haben sollen. Am Montagabend spielen die Nationalmannschaften von Belgien und Schweden gegeneinander in Br\u00fcssel. Ob ein Zusammenhang zwischen der Schie\u00dferei und dem Fu\u00dfballspiel besteht, ist derzeit unklar.\u00a0W\u00e4hrend die Fahndungsma\u00dfnahmen weitergehen,\u00a0wurden\u00a0die Sicherheitsvorkehrungen um das K\u00f6nig-Baudouin-Stadion, in dem das Fu\u00dfballspiel l\u00e4uft, noch erh\u00f6ht.<\/p>\n<p>Laut dem Schweizer Portal <em>20 minuten\u00a0<\/em><a rel=\"nofollow noopener\" target=\"_blank\" href=\"https:\/\/www.20min.ch\/story\/belgien-mann-soll-in-bruessel-mit-ak-um-sich-schiessen-zwei-tote-350013391036?version=1697482077856&amp;utm_source=twitter&amp;utm_medium=social\">meldete<\/a> die Zeitung <em>Sudinfo<\/em>, dass der mutma\u00dfliche T\u00e4ter nach seiner Tat eine Videobotschaft auf Facebook ver\u00f6ffentlicht habe, in der er sich als Mitglied der Terrororganisation IS beschrieben und mitgeteilt habe, dass er &#8220;zwei [anderen Quellen zufolge: &#8220;drei&#8221;] Ungl\u00e4ubige&#8221; ermordet habe. Das Portal zitiert die Polizeisprecherin Ilse Vande Keere, wonach die Polizisten kurz nach den Sch\u00fcssen am Tatort gewesen seien und die betroffenen Stra\u00dfenz\u00fcge im Stadtzentrum abgeriegelt h\u00e4tten.<\/p>\n<p>Unterdessen wurde die Terrorwarnstufe in Br\u00fcssel auf vier, die h\u00f6chste Stufe, erh\u00f6ht.<\/p>\n<p>Das Fu\u00dfballspiel Belgien\u2013Schweden wurde wegen des Anschlags abgebrochen.<\/p>\n<p><strong>Mehr zum Thema<\/strong> &#8211; <a rel=\"nofollow noopener\" target=\"_blank\" href=\"https:\/\/freedert.online\/inland\/183435-wir-toeten-alle-juden-nahost\/\">&#8220;Wir t\u00f6ten alle Juden&#8221; \u2013 Der Nahostkonflikt eskaliert auch in Berlin-Neuk\u00f6lln<\/a><\/p>\n<\/p>\n<\/div>\n<p><script async src=\"https:\/\/platform.twitter.com\/widgets.js\" charset=\"utf-8\"><\/script><br \/>\n<br \/><br \/>\n<br \/><a href=\"https:\/\/de.rt.com\/europa\/183973-anschlag-in-bruessel-mann-schiesst-mit-schnellfeuergewehr-um-sich-zwei-tote\/\">Source link <\/a><\/p>\n","protected":false},"excerpt":{"rendered":"<p>Ein Mann hat im belgischen Br\u00fcssel um sich geschossen und zwei Menschen aus Schweden get\u00f6tet. Eine weitere Person wurde verletzt. Dann floh der Sch\u00fctze auf einem Roller. Am Montagabend\u00a0ist es\u00a0im Zentrum von Br\u00fcssel zu einer t\u00f6dlichen Attacke gekommen. Gegen\u00a019:15 Uhr (Ortszeit) soll ein Mann mit einem Sturmgewehr um sich geschossen haben. Zwei Menschen kamen vor [&hellip;]<\/p>\n","protected":false},"author":3,"featured_media":48180,"comment_status":"open","ping_status":"open","sticky":false,"template":"","format":"standard","meta":{"_yoast_indexnow_last_ping":["1697523130"],"wp_automatic_camp":["217"],"9cb622bb2773d50585b575755b91cdee":["Anschlag in Br\u00fcssel: Mann schie\u00dft mit Schnellfeuergewehr um sich \u2013 zwei Tote"],"original_link":["https:\/\/de.rt.com\/europa\/183973-anschlag-in-bruessel-mann-schiesst-mit-schnellfeuergewehr-um-sich-zwei-tote\/"],"_thumbnail_id":["48180"],"jnews_social_counter_last_update":["1777208350"],"_wptgpro_p2tg_sent2tg":["a:1:{i:23737;s:19:\"2023-10-17 08:13:24\";}"]},"categories":[19,23],"tags":[6315,17026,8042,419,9610,49859,434,3233,1003],"yoast_head":"<!-- This site is optimized with the Yoast SEO Premium plugin v22.7 (Yoast SEO v22.7) - https:\/\/yoast.com\/wordpress\/plugins\/seo\/ -->\n<title>Anschlag in Br\u00fcssel: Mann schie\u00dft mit Schnellfeuergewehr um sich \u2013 zwei Tote - just-now.NEWS Deutschland<\/title>\n<meta name=\"robots\" content=\"index, follow, max-snippet:-1, max-image-preview:large, max-video-preview:-1\" \/>\n<link rel=\"canonical\" href=\"https:\/\/now-news.de\/de\/deutschland\/anschlag-in-bruessel-mann-schiesst-mit-schnellfeuergewehr-um-sich-zwei-tote\/\" \/>\n<meta property=\"og:locale\" content=\"de_DE\" \/>\n<meta property=\"og:type\" content=\"article\" \/>\n<meta property=\"og:title\" content=\"Anschlag in Br\u00fcssel: Mann schie\u00dft mit Schnellfeuergewehr um sich \u2013 zwei Tote\" \/>\n<meta property=\"og:description\" content=\"Ein Mann hat im belgischen Br\u00fcssel um sich geschossen und zwei Menschen aus Schweden get\u00f6tet. Eine weitere Person wurde verletzt. Dann floh der Sch\u00fctze auf einem Roller. Am Montagabend\u00a0ist es\u00a0im Zentrum von Br\u00fcssel zu einer t\u00f6dlichen Attacke gekommen. Gegen\u00a019:15 Uhr (Ortszeit) soll ein Mann mit einem Sturmgewehr um sich geschossen haben. Zwei Menschen kamen vor [&hellip;]\" \/>\n<meta property=\"og:url\" content=\"https:\/\/now-news.de\/de\/deutschland\/anschlag-in-bruessel-mann-schiesst-mit-schnellfeuergewehr-um-sich-zwei-tote\/\" \/>\n<meta property=\"og:site_name\" content=\"just-now.NEWS Deutschland\" \/>\n<meta property=\"article:publisher\" content=\"https:\/\/www.facebook.com\/wirmachenauf\" \/>\n<meta property=\"article:published_time\" content=\"2023-10-16T19:01:47+00:00\" \/>\n<meta property=\"og:image\" content=\"https:\/\/now-news.de\/de\/wp-content\/uploads\/sites\/3\/2023\/10\/Anschlag-in-Bruessel-Mann-schiesst-mit-Schnellfeuergewehr-um-sich-\u2013.jpg\" \/>\n\t<meta property=\"og:image:width\" content=\"460\" \/>\n\t<meta property=\"og:image:height\" content=\"259\" \/>\n\t<meta property=\"og:image:type\" content=\"image\/jpeg\" \/>\n<meta name=\"author\" content=\"rtnews\" \/>\n<meta name=\"twitter:card\" content=\"summary_large_image\" \/>\n<meta name=\"twitter:creator\" content=\"@WirMachenAuf_de\" \/>\n<meta name=\"twitter:site\" content=\"@WirMachenAuf_de\" \/>\n<meta name=\"twitter:label1\" content=\"Verfasst von\" \/>\n\t<meta name=\"twitter:data1\" content=\"rtnews\" \/>\n\t<meta name=\"twitter:label2\" content=\"Gesch\u00e4tzte Lesezeit\" \/>\n\t<meta name=\"twitter:data2\" content=\"2\u00a0Minuten\" \/>\n<script type=\"application\/ld+json\" class=\"yoast-schema-graph\">{\"@context\":\"https:\/\/schema.org\",\"@graph\":[{\"@type\":\"Article\",\"@id\":\"https:\/\/now-news.de\/de\/deutschland\/anschlag-in-bruessel-mann-schiesst-mit-schnellfeuergewehr-um-sich-zwei-tote\/#article\",\"isPartOf\":{\"@id\":\"https:\/\/now-news.de\/de\/deutschland\/anschlag-in-bruessel-mann-schiesst-mit-schnellfeuergewehr-um-sich-zwei-tote\/\"},\"author\":{\"name\":\"rtnews\",\"@id\":\"https:\/\/now-news.de\/de\/#\/schema\/person\/fb534a4e865501d8b3285208df34a9b5\"},\"headline\":\"Anschlag in Br\u00fcssel: Mann schie\u00dft mit Schnellfeuergewehr um sich \u2013 zwei Tote\",\"datePublished\":\"2023-10-16T19:01:47+00:00\",\"dateModified\":\"2023-10-16T19:01:47+00:00\",\"mainEntityOfPage\":{\"@id\":\"https:\/\/now-news.de\/de\/deutschland\/anschlag-in-bruessel-mann-schiesst-mit-schnellfeuergewehr-um-sich-zwei-tote\/\"},\"wordCount\":426,\"commentCount\":0,\"publisher\":{\"@id\":\"https:\/\/now-news.de\/de\/#organization\"},\"image\":{\"@id\":\"https:\/\/now-news.de\/de\/deutschland\/anschlag-in-bruessel-mann-schiesst-mit-schnellfeuergewehr-um-sich-zwei-tote\/#primaryimage\"},\"thumbnailUrl\":\"https:\/\/now-news.de\/de\/wp-content\/uploads\/sites\/3\/2023\/10\/Anschlag-in-Bruessel-Mann-schiesst-mit-Schnellfeuergewehr-um-sich-\u2013.jpg\",\"keywords\":[\"Anschlag\",\"Br\u00fcssel\",\"Mann\",\"mit\",\"schie\u00dft\",\"Schnellfeuergewehr\",\"sich\",\"Tote\",\"zwei\"],\"articleSection\":[\"Deutschland\",\"Russland\"],\"inLanguage\":\"de\",\"potentialAction\":[{\"@type\":\"CommentAction\",\"name\":\"Comment\",\"target\":[\"https:\/\/now-news.de\/de\/deutschland\/anschlag-in-bruessel-mann-schiesst-mit-schnellfeuergewehr-um-sich-zwei-tote\/#respond\"]}]},{\"@type\":\"WebPage\",\"@id\":\"https:\/\/now-news.de\/de\/deutschland\/anschlag-in-bruessel-mann-schiesst-mit-schnellfeuergewehr-um-sich-zwei-tote\/\",\"url\":\"https:\/\/now-news.de\/de\/deutschland\/anschlag-in-bruessel-mann-schiesst-mit-schnellfeuergewehr-um-sich-zwei-tote\/\",\"name\":\"Anschlag in Br\u00fcssel: Mann schie\u00dft mit Schnellfeuergewehr um sich \u2013 zwei Tote - just-now.NEWS Deutschland\",\"isPartOf\":{\"@id\":\"https:\/\/now-news.de\/de\/#website\"},\"primaryImageOfPage\":{\"@id\":\"https:\/\/now-news.de\/de\/deutschland\/anschlag-in-bruessel-mann-schiesst-mit-schnellfeuergewehr-um-sich-zwei-tote\/#primaryimage\"},\"image\":{\"@id\":\"https:\/\/now-news.de\/de\/deutschland\/anschlag-in-bruessel-mann-schiesst-mit-schnellfeuergewehr-um-sich-zwei-tote\/#primaryimage\"},\"thumbnailUrl\":\"https:\/\/now-news.de\/de\/wp-content\/uploads\/sites\/3\/2023\/10\/Anschlag-in-Bruessel-Mann-schiesst-mit-Schnellfeuergewehr-um-sich-\u2013.jpg\",\"datePublished\":\"2023-10-16T19:01:47+00:00\",\"dateModified\":\"2023-10-16T19:01:47+00:00\",\"breadcrumb\":{\"@id\":\"https:\/\/now-news.de\/de\/deutschland\/anschlag-in-bruessel-mann-schiesst-mit-schnellfeuergewehr-um-sich-zwei-tote\/#breadcrumb\"},\"inLanguage\":\"de\",\"potentialAction\":[{\"@type\":\"ReadAction\",\"target\":[\"https:\/\/now-news.de\/de\/deutschland\/anschlag-in-bruessel-mann-schiesst-mit-schnellfeuergewehr-um-sich-zwei-tote\/\"]}]},{\"@type\":\"ImageObject\",\"inLanguage\":\"de\",\"@id\":\"https:\/\/now-news.de\/de\/deutschland\/anschlag-in-bruessel-mann-schiesst-mit-schnellfeuergewehr-um-sich-zwei-tote\/#primaryimage\",\"url\":\"https:\/\/now-news.de\/de\/wp-content\/uploads\/sites\/3\/2023\/10\/Anschlag-in-Bruessel-Mann-schiesst-mit-Schnellfeuergewehr-um-sich-\u2013.jpg\",\"contentUrl\":\"https:\/\/now-news.de\/de\/wp-content\/uploads\/sites\/3\/2023\/10\/Anschlag-in-Bruessel-Mann-schiesst-mit-Schnellfeuergewehr-um-sich-\u2013.jpg\",\"width\":460,\"height\":259,\"caption\":\"Anschlag in Br\u00fcssel: Mann schie\u00dft mit Schnellfeuergewehr um sich \u2013 zwei Tote\"},{\"@type\":\"BreadcrumbList\",\"@id\":\"https:\/\/now-news.de\/de\/deutschland\/anschlag-in-bruessel-mann-schiesst-mit-schnellfeuergewehr-um-sich-zwei-tote\/#breadcrumb\",\"itemListElement\":[{\"@type\":\"ListItem\",\"position\":1,\"name\":\"Home\",\"item\":\"https:\/\/now-news.de\/de\/\"},{\"@type\":\"ListItem\",\"position\":2,\"name\":\"Anschlag in Br\u00fcssel: Mann schie\u00dft mit Schnellfeuergewehr um sich \u2013 zwei Tote\"}]},{\"@type\":\"WebSite\",\"@id\":\"https:\/\/now-news.de\/de\/#website\",\"url\":\"https:\/\/now-news.de\/de\/\",\"name\":\"just-now.NEWS Deutschland\",\"description\":\"Das Portal f\u00fcr unzensierte Nachrichten aus der Welt\",\"publisher\":{\"@id\":\"https:\/\/now-news.de\/de\/#organization\"},\"potentialAction\":[{\"@type\":\"SearchAction\",\"target\":{\"@type\":\"EntryPoint\",\"urlTemplate\":\"https:\/\/now-news.de\/de\/?s={search_term_string}\"},\"query-input\":\"required name=search_term_string\"}],\"inLanguage\":\"de\"},{\"@type\":\"Organization\",\"@id\":\"https:\/\/now-news.de\/de\/#organization\",\"name\":\"Just Now News\",\"url\":\"https:\/\/now-news.de\/de\/\",\"logo\":{\"@type\":\"ImageObject\",\"inLanguage\":\"de\",\"@id\":\"https:\/\/now-news.de\/de\/#\/schema\/logo\/image\/\",\"url\":\"http:\/\/just-now.news\/de\/wp-content\/uploads\/sites\/3\/2022\/04\/logo500x500.jpg\",\"contentUrl\":\"http:\/\/just-now.news\/de\/wp-content\/uploads\/sites\/3\/2022\/04\/logo500x500.jpg\",\"width\":500,\"height\":500,\"caption\":\"Just Now News\"},\"image\":{\"@id\":\"https:\/\/now-news.de\/de\/#\/schema\/logo\/image\/\"},\"sameAs\":[\"https:\/\/www.facebook.com\/wirmachenauf\",\"https:\/\/x.com\/WirMachenAuf_de\"]},{\"@type\":\"Person\",\"@id\":\"https:\/\/now-news.de\/de\/#\/schema\/person\/fb534a4e865501d8b3285208df34a9b5\",\"name\":\"rtnews\",\"image\":{\"@type\":\"ImageObject\",\"inLanguage\":\"de\",\"@id\":\"https:\/\/now-news.de\/de\/#\/schema\/person\/image\/\",\"url\":\"https:\/\/secure.gravatar.com\/avatar\/82aafea7d8127119dd649515f56e2117?s=96&d=mm&r=g\",\"contentUrl\":\"https:\/\/secure.gravatar.com\/avatar\/82aafea7d8127119dd649515f56e2117?s=96&d=mm&r=g\",\"caption\":\"rtnews\"},\"url\":\"https:\/\/now-news.de\/de\/author\/rnews\/\"}]}<\/script>\n<!-- \/ Yoast SEO Premium plugin. -->","yoast_head_json":{"title":"Anschlag in Br\u00fcssel: Mann schie\u00dft mit Schnellfeuergewehr um sich \u2013 zwei Tote - just-now.NEWS Deutschland","robots":{"index":"index","follow":"follow","max-snippet":"max-snippet:-1","max-image-preview":"max-image-preview:large","max-video-preview":"max-video-preview:-1"},"canonical":"https:\/\/now-news.de\/de\/deutschland\/anschlag-in-bruessel-mann-schiesst-mit-schnellfeuergewehr-um-sich-zwei-tote\/","og_locale":"de_DE","og_type":"article","og_title":"Anschlag in Br\u00fcssel: Mann schie\u00dft mit Schnellfeuergewehr um sich \u2013 zwei Tote","og_description":"Ein Mann hat im belgischen Br\u00fcssel um sich geschossen und zwei Menschen aus Schweden get\u00f6tet. Eine weitere Person wurde verletzt. Dann floh der Sch\u00fctze auf einem Roller. Am Montagabend\u00a0ist es\u00a0im Zentrum von Br\u00fcssel zu einer t\u00f6dlichen Attacke gekommen. Gegen\u00a019:15 Uhr (Ortszeit) soll ein Mann mit einem Sturmgewehr um sich geschossen haben. Zwei Menschen kamen vor [&hellip;]","og_url":"https:\/\/now-news.de\/de\/deutschland\/anschlag-in-bruessel-mann-schiesst-mit-schnellfeuergewehr-um-sich-zwei-tote\/","og_site_name":"just-now.NEWS Deutschland","article_publisher":"https:\/\/www.facebook.com\/wirmachenauf","article_published_time":"2023-10-16T19:01:47+00:00","og_image":[{"width":460,"height":259,"url":"https:\/\/now-news.de\/de\/wp-content\/uploads\/sites\/3\/2023\/10\/Anschlag-in-Bruessel-Mann-schiesst-mit-Schnellfeuergewehr-um-sich-\u2013.jpg","type":"image\/jpeg"}],"author":"rtnews","twitter_card":"summary_large_image","twitter_creator":"@WirMachenAuf_de","twitter_site":"@WirMachenAuf_de","twitter_misc":{"Verfasst von":"rtnews","Gesch\u00e4tzte Lesezeit":"2\u00a0Minuten"},"schema":{"@context":"https:\/\/schema.org","@graph":[{"@type":"Article","@id":"https:\/\/now-news.de\/de\/deutschland\/anschlag-in-bruessel-mann-schiesst-mit-schnellfeuergewehr-um-sich-zwei-tote\/#article","isPartOf":{"@id":"https:\/\/now-news.de\/de\/deutschland\/anschlag-in-bruessel-mann-schiesst-mit-schnellfeuergewehr-um-sich-zwei-tote\/"},"author":{"name":"rtnews","@id":"https:\/\/now-news.de\/de\/#\/schema\/person\/fb534a4e865501d8b3285208df34a9b5"},"headline":"Anschlag in Br\u00fcssel: Mann schie\u00dft mit Schnellfeuergewehr um sich \u2013 zwei Tote","datePublished":"2023-10-16T19:01:47+00:00","dateModified":"2023-10-16T19:01:47+00:00","mainEntityOfPage":{"@id":"https:\/\/now-news.de\/de\/deutschland\/anschlag-in-bruessel-mann-schiesst-mit-schnellfeuergewehr-um-sich-zwei-tote\/"},"wordCount":426,"commentCount":0,"publisher":{"@id":"https:\/\/now-news.de\/de\/#organization"},"image":{"@id":"https:\/\/now-news.de\/de\/deutschland\/anschlag-in-bruessel-mann-schiesst-mit-schnellfeuergewehr-um-sich-zwei-tote\/#primaryimage"},"thumbnailUrl":"https:\/\/now-news.de\/de\/wp-content\/uploads\/sites\/3\/2023\/10\/Anschlag-in-Bruessel-Mann-schiesst-mit-Schnellfeuergewehr-um-sich-\u2013.jpg","keywords":["Anschlag","Br\u00fcssel","Mann","mit","schie\u00dft","Schnellfeuergewehr","sich","Tote","zwei"],"articleSection":["Deutschland","Russland"],"inLanguage":"de","potentialAction":[{"@type":"CommentAction","name":"Comment","target":["https:\/\/now-news.de\/de\/deutschland\/anschlag-in-bruessel-mann-schiesst-mit-schnellfeuergewehr-um-sich-zwei-tote\/#respond"]}]},{"@type":"WebPage","@id":"https:\/\/now-news.de\/de\/deutschland\/anschlag-in-bruessel-mann-schiesst-mit-schnellfeuergewehr-um-sich-zwei-tote\/","url":"https:\/\/now-news.de\/de\/deutschland\/anschlag-in-bruessel-mann-schiesst-mit-schnellfeuergewehr-um-sich-zwei-tote\/","name":"Anschlag in Br\u00fcssel: Mann schie\u00dft mit Schnellfeuergewehr um sich \u2013 zwei Tote - just-now.NEWS Deutschland","isPartOf":{"@id":"https:\/\/now-news.de\/de\/#website"},"primaryImageOfPage":{"@id":"https:\/\/now-news.de\/de\/deutschland\/anschlag-in-bruessel-mann-schiesst-mit-schnellfeuergewehr-um-sich-zwei-tote\/#primaryimage"},"image":{"@id":"https:\/\/now-news.de\/de\/deutschland\/anschlag-in-bruessel-mann-schiesst-mit-schnellfeuergewehr-um-sich-zwei-tote\/#primaryimage"},"thumbnailUrl":"https:\/\/now-news.de\/de\/wp-content\/uploads\/sites\/3\/2023\/10\/Anschlag-in-Bruessel-Mann-schiesst-mit-Schnellfeuergewehr-um-sich-\u2013.jpg","datePublished":"2023-10-16T19:01:47+00:00","dateModified":"2023-10-16T19:01:47+00:00","breadcrumb":{"@id":"https:\/\/now-news.de\/de\/deutschland\/anschlag-in-bruessel-mann-schiesst-mit-schnellfeuergewehr-um-sich-zwei-tote\/#breadcrumb"},"inLanguage":"de","potentialAction":[{"@type":"ReadAction","target":["https:\/\/now-news.de\/de\/deutschland\/anschlag-in-bruessel-mann-schiesst-mit-schnellfeuergewehr-um-sich-zwei-tote\/"]}]},{"@type":"ImageObject","inLanguage":"de","@id":"https:\/\/now-news.de\/de\/deutschland\/anschlag-in-bruessel-mann-schiesst-mit-schnellfeuergewehr-um-sich-zwei-tote\/#primaryimage","url":"https:\/\/now-news.de\/de\/wp-content\/uploads\/sites\/3\/2023\/10\/Anschlag-in-Bruessel-Mann-schiesst-mit-Schnellfeuergewehr-um-sich-\u2013.jpg","contentUrl":"https:\/\/now-news.de\/de\/wp-content\/uploads\/sites\/3\/2023\/10\/Anschlag-in-Bruessel-Mann-schiesst-mit-Schnellfeuergewehr-um-sich-\u2013.jpg","width":460,"height":259,"caption":"Anschlag in Br\u00fcssel: Mann schie\u00dft mit Schnellfeuergewehr um sich \u2013 zwei Tote"},{"@type":"BreadcrumbList","@id":"https:\/\/now-news.de\/de\/deutschland\/anschlag-in-bruessel-mann-schiesst-mit-schnellfeuergewehr-um-sich-zwei-tote\/#breadcrumb","itemListElement":[{"@type":"ListItem","position":1,"name":"Home","item":"https:\/\/now-news.de\/de\/"},{"@type":"ListItem","position":2,"name":"Anschlag in Br\u00fcssel: Mann schie\u00dft mit Schnellfeuergewehr um sich \u2013 zwei Tote"}]},{"@type":"WebSite","@id":"https:\/\/now-news.de\/de\/#website","url":"https:\/\/now-news.de\/de\/","name":"just-now.NEWS Deutschland","description":"Das Portal f\u00fcr unzensierte Nachrichten aus der Welt","publisher":{"@id":"https:\/\/now-news.de\/de\/#organization"},"potentialAction":[{"@type":"SearchAction","target":{"@type":"EntryPoint","urlTemplate":"https:\/\/now-news.de\/de\/?s={search_term_string}"},"query-input":"required name=search_term_string"}],"inLanguage":"de"},{"@type":"Organization","@id":"https:\/\/now-news.de\/de\/#organization","name":"Just Now News","url":"https:\/\/now-news.de\/de\/","logo":{"@type":"ImageObject","inLanguage":"de","@id":"https:\/\/now-news.de\/de\/#\/schema\/logo\/image\/","url":"http:\/\/just-now.news\/de\/wp-content\/uploads\/sites\/3\/2022\/04\/logo500x500.jpg","contentUrl":"http:\/\/just-now.news\/de\/wp-content\/uploads\/sites\/3\/2022\/04\/logo500x500.jpg","width":500,"height":500,"caption":"Just Now News"},"image":{"@id":"https:\/\/now-news.de\/de\/#\/schema\/logo\/image\/"},"sameAs":["https:\/\/www.facebook.com\/wirmachenauf","https:\/\/x.com\/WirMachenAuf_de"]},{"@type":"Person","@id":"https:\/\/now-news.de\/de\/#\/schema\/person\/fb534a4e865501d8b3285208df34a9b5","name":"rtnews","image":{"@type":"ImageObject","inLanguage":"de","@id":"https:\/\/now-news.de\/de\/#\/schema\/person\/image\/","url":"https:\/\/secure.gravatar.com\/avatar\/82aafea7d8127119dd649515f56e2117?s=96&d=mm&r=g","contentUrl":"https:\/\/secure.gravatar.com\/avatar\/82aafea7d8127119dd649515f56e2117?s=96&d=mm&r=g","caption":"rtnews"},"url":"https:\/\/now-news.de\/de\/author\/rnews\/"}]}},"_links":{"self":[{"href":"https:\/\/now-news.de\/de\/wp-json\/wp\/v2\/posts\/48179"}],"collection":[{"href":"https:\/\/now-news.de\/de\/wp-json\/wp\/v2\/posts"}],"about":[{"href":"https:\/\/now-news.de\/de\/wp-json\/wp\/v2\/types\/post"}],"author":[{"embeddable":true,"href":"https:\/\/now-news.de\/de\/wp-json\/wp\/v2\/users\/3"}],"replies":[{"embeddable":true,"href":"https:\/\/now-news.de\/de\/wp-json\/wp\/v2\/comments?post=48179"}],"version-history":[{"count":0,"href":"https:\/\/now-news.de\/de\/wp-json\/wp\/v2\/posts\/48179\/revisions"}],"wp:featuredmedia":[{"embeddable":true,"href":"https:\/\/now-news.de\/de\/wp-json\/wp\/v2\/media\/48180"}],"wp:attachment":[{"href":"https:\/\/now-news.de\/de\/wp-json\/wp\/v2\/media?parent=48179"}],"wp:term":[{"taxonomy":"category","embeddable":true,"href":"https:\/\/now-news.de\/de\/wp-json\/wp\/v2\/categories?post=48179"},{"taxonomy":"post_tag","embeddable":true,"href":"https:\/\/now-news.de\/de\/wp-json\/wp\/v2\/tags?post=48179"}],"curies":[{"name":"wp","href":"https:\/\/api.w.org\/{rel}","templated":true}]}}