{"id":48175,"date":"2023-10-17T07:30:00","date_gmt":"2023-10-17T05:30:00","guid":{"rendered":"https:\/\/just-now.news\/de\/deutschland\/alles-antisemiten-ueberall-%e2%80%92-berliner-zeitung-schaendet-andenken-an-mord\/"},"modified":"2023-10-17T07:30:00","modified_gmt":"2023-10-17T05:30:00","slug":"alles-antisemiten-ueberall-%e2%80%92-berliner-zeitung-schaendet-andenken-an-mord","status":"publish","type":"post","link":"https:\/\/now-news.de\/de\/deutschland\/alles-antisemiten-ueberall-%e2%80%92-berliner-zeitung-schaendet-andenken-an-mord\/","title":{"rendered":"Alles Antisemiten \u00fcberall \u2012 Berliner Zeitung sch\u00e4ndet Andenken an Mord"},"content":{"rendered":"<p><img decoding=\"async\" src=\"http:\/\/just-now.news\/de\/wp-content\/uploads\/sites\/3\/2023\/10\/652cf145b480cc7a97269562.jpeg\" \/><\/p>\n<div class=\"Text-root Text-type_1 \">\n                Im Februar 2022 stellte der Berliner Zeitungsautor Thilo Mischke fest: &#8220;Corona macht uns zarter&#8221;. Mitmenschen, die sich gegen die rigide und zu Gro\u00dfteilen unmenschliche Corona-Politik wehrten, sind f\u00fcr Mischke demgegen\u00fcber schlicht &#8220;Antisemiten&#8221;. Autor Uli Gellermann r\u00fcckt diesbez\u00fcgliche Verwirrungen zurecht.\n            <\/div>\n<p><\/p>\n<div class=\"Text-root Text-type_5 ArticleView-text ViewText-root \">\n<p><em>Von Uli Gellermann<\/em><\/p>\n<blockquote>\n<p><em>&#8220;In ihren vom Hass dumm gewordenen Gesichtern war auch der Judenhass zu erkennen.&#8221;<\/em><\/p>\n<\/blockquote>\n<p>Diesen Satz l\u00e4sst die einst achtbare <em>Berliner Zeitung<\/em> in ihrer Ausgabe vom 14. Oktober 2023 einen F\u00e4lscher namens Thilo Mischke \u00fcber eine Aktion der Demokratiebewegung <a rel=\"nofollow noopener\" target=\"_blank\" href=\"https:\/\/www.berliner-zeitung.de\/mensch-metropole\/antisemitismus-ist-kein-muslimisches-problem-in-deutschland-es-ist-ein-problem-der-meisten-deutschen-li.2148895\">schreiben<\/a>\u00a0(Bezahlschranke). Nat\u00fcrlich etikettiert er die Teilnehmer als &#8220;Anti-Corona-Demonstranten&#8221;, als ob man gegen ein Virus sein k\u00f6nnte und behauptet, dass diese Aktion &#8220;frauenfeindlich, antidemokratisch, antisemitisch&#8221; gewesen sei.<\/p>\n<p>\u00dcber die von ihm erw\u00e4hnte Demo rund um das Brandenburger Tor empfiehlt er auch ein Video und schreibt dazu im Artikel weiter:<\/p>\n<blockquote>\n<p><em>&#8220;Sie glauben mir nicht? Gehen Sie auf YouTube; nicht nur ich habe dazu einen Film gemacht, eine Reportage geschrieben. Zehntausende Menschen auf der Stra\u00dfe, die v\u00f6llig enthemmt ihren Antisemitismus herausschrien. Zehntausende.&#8221;<\/em><\/p>\n<\/blockquote>\n<p>Wer sich das anschaut, findet kein antisemitisches Plakat, keinen antisemitischen Redner, kein antisemitisches Flugblatt. Und wer selbst dabei war, der wei\u00df, dass sich die Aktion gegen die Einschr\u00e4nkung der Grundrechte wandte\u00a0\u2012 das Thema der Bewegung seit ihrem Beginn am Berliner Rosa-Luxemburg-Platz. Aber wer Antisemiten sehen will, der sieht sie auch.<\/p>\n<p><strong>Schaum vor dem Mund<\/strong><\/p>\n<p>Thilo Mischke\u00a0\u2012 der schon von der Spiele-Autoren-Zunft einen ersten Preis bekommen hat und sogar den &#8220;2012 \u2013 CP Excellence&#8221;-Preis f\u00fcr die Reportage &#8220;Alarm auf dem Ponyhof&#8221;, die\u00a0im <em>Nissan-Marketing-<\/em>Magazin ver\u00f6ffentlicht wurde, schreibt mit Schaum vor dem Mund: Antisemitismus sei ein &#8220;Problem der meisten Deutschen&#8221;. Und:<\/p>\n<blockquote>\n<p><em>&#8220;Jeder, der\u00a0w\u00e4hrend der Corona-Pandemie auf diesen uns\u00e4glichen Demonstrationen war, die frauenfeindlich, antidemokratisch, antisemitisch waren, die Neonazis angelockt haben, macht sich mitschuldig. Jeder, der die L\u00fcgen dieser Demonstrationen weiterverbreitet, macht sich mitschuldig. Jeder, der sich jetzt nicht klar gegen Antisemitismus positioniert, macht sich mitschuldig.&#8221;<\/em><\/p>\n<\/blockquote>\n<p>Er behauptet, er habe &#8220;zehntausende Menschen auf der Stra\u00dfe (gesehen), die v\u00f6llig enthemmt ihren Antisemitismus herausschrien&#8221;. So deliriert Mischke heute \u00fcber eine Aktion, die vor\u00a0Jahren stattfand. Er benutzt das blutige Trittbrett aus Israel, das den Antisemitismus scheinbar aktualisiert, f\u00fcr den billigen Zweck, seinen Artikel aufzupeppen, und die <em>Berliner Zeitung<\/em> hilft ihm dabei.<\/p>\n<p><strong>Gegner sind Antisemiten<\/strong><\/p>\n<p>Dass Blut und Mord medial instrumentalisiert werden, ist eklig, aber nicht neu. Auch der millionenfache Mord an den europ\u00e4ischen Juden wurde und wird gern benutzt, um Andersdenkende zu diffamieren. Geradezu ein Klassiker war die regierungsamtliche Behauptung, die Demokratie-Bewegung gegen das Corona-Regime sei rechts und antisemitisch. Die Bewegung war missliebig, sie lag quer, sie musste diffamiert werden.<\/p>\n<p>Auch der gro\u00dfe, h\u00e4ufig quer denkende Dichter G\u00fcnter Grass wurde zwecks Diffamierung zeitweilig zum Antisemiten erkl\u00e4rt, und jedes Bundesland hat einen gut verdienenden Antisemitismusbeauftragten, als w\u00e4re der Alltagsrassismus in Deutschland nicht eher antimuslimisch als judenfeindlich. Aber in Deutschland gilt eine totalit\u00e4re Maxime: &#8220;Wenn du ein Gegner der Mehrheitsmeinung bist, bist du Antisemit.&#8221;<\/p>\n<p><strong>Arisierung zugesch\u00fcttet<\/strong><\/p>\n<p>Dass mit der inflation\u00e4ren Antisemitirerei das Andenken der Opfer gesch\u00e4ndet wird, wenn sie zu einem Mittel der Agitation wird, dass Tod und Leid zum Marketing verkommen, das nehmen die Urheber der Antisemitismus-Kampagnen gern in Kauf. Zum einen ist die Methode billig und effektiv: Man muss nichts beweisen, behaupten reicht, irgendwas wird schon h\u00e4ngen bleiben. Zum anderen werden wesentliche Quellen des Antisemitismus zugesch\u00fcttet: Jede Menge gro\u00dfer deutscher Konzerne sind Erben der &#8220;Arisierung&#8221;, der Enteignung j\u00fcdischer Unternehmen zugunsten christlicher Unternehmer durch die Nazis. L\u00e4ngst hat sich die Entnazifizierung Deutschlands verl\u00e4ppert, ist in der Beliebigkeit aktueller Kampagnen verkommen, um echte gesellschaftliche Analysen zu vermeiden.<\/p>\n<p><strong>Moralische Instanz spielen<\/strong><\/p>\n<p>Mischke, der Marketing-Beauftragte der<em> Berliner Zeitung<\/em>, schreibt weiter: &#8220;Die Konfliktlinien dieser Welt verlaufen mittlerweile chaotisch \u00fcber den Globus, weil wir, wie auch schon oft hier festgestellt, den Hass globalisiert haben.&#8221;<\/p>\n<p>Global und keineswegs chaotisch verlaufen die Kriegslinien der USA. Von Afghanistan bis Zypern findet man die Kriege der NATO oder ihre St\u00fctzpunkte. Da ist nichts chaotisch, das ist alles k\u00fchl geplant. Dass rund um diese Kriege Hass entsteht, das ist kein Thema f\u00fcr die deutschen Mehrheitsmedien. Man spielt lieber die moralische Instanz im Nebenkrieg, als \u00fcber die globalen Kriege der USA\u00a0\u2012 \u00fcber die wesentlichen Hassquellen\u00a0\u2012 zu schreiben. Aber weil Marketing und Auflage f\u00fcr die Berliner Zeitung wichtiger ist als Moral, garniert sie einen Artikel \u00fcber den Krieg in Israel mit dem Foto einer leicht bekleideten Israelin auf der Flucht. Dass der Verlag die Frau vor der Ver\u00f6ffentlichung nicht gefragt hat, ist sicher.<\/p>\n<p><strong>Mehr zum Thema:<\/strong>\u00a0<a rel=\"nofollow noopener\" target=\"_blank\" href=\"https:\/\/freedert.online\/meinung\/181844-corona-aufarbeitung-und-unerwiderte-solidaritaet\/\">Corona-Aufarbeitung und &#8220;unerwiderte Solidarit\u00e4t&#8221;: Alena Buyx provoziert<\/a><\/p>\n<\/div>\n<p><br \/>\n<br \/><a href=\"https:\/\/de.rt.com\/meinung\/183878-alles-antisemiten-ueberall-berliner-zeitung\/\">Source link <\/a><\/p>\n","protected":false},"excerpt":{"rendered":"<p>Im Februar 2022 stellte der Berliner Zeitungsautor Thilo Mischke fest: &#8220;Corona macht uns zarter&#8221;. Mitmenschen, die sich gegen die rigide und zu Gro\u00dfteilen unmenschliche Corona-Politik wehrten, sind f\u00fcr Mischke demgegen\u00fcber schlicht &#8220;Antisemiten&#8221;. Autor Uli Gellermann r\u00fcckt diesbez\u00fcgliche Verwirrungen zurecht. Von Uli Gellermann &#8220;In ihren vom Hass dumm gewordenen Gesichtern war auch der Judenhass zu erkennen.&#8221; [&hellip;]<\/p>\n","protected":false},"author":3,"featured_media":48176,"comment_status":"open","ping_status":"open","sticky":false,"template":"","format":"standard","meta":{"_yoast_indexnow_last_ping":["1697521232"],"wp_automatic_camp":["217"],"de80c78a262b81b9e4d54ec4ea248fb6":["Alles Antisemiten \u00fcberall \u2012 Berliner Zeitung sch\u00e4ndet Andenken an Mord"],"original_link":["https:\/\/de.rt.com\/meinung\/183878-alles-antisemiten-ueberall-berliner-zeitung\/"],"_thumbnail_id":["48176"],"_wptgpro_p2tg_sent2tg":["a:1:{i:23737;s:19:\"2023-10-17 07:41:42\";}"],"jnews_social_counter_last_update":["1777351119"]},"categories":[19,23],"tags":[1041,40609,26756,9101,1091,49857,1940,23647],"yoast_head":"<!-- This site is optimized with the Yoast SEO Premium plugin v22.7 (Yoast SEO v22.7) - https:\/\/yoast.com\/wordpress\/plugins\/seo\/ -->\n<title>Alles Antisemiten \u00fcberall \u2012 Berliner Zeitung sch\u00e4ndet Andenken an Mord - just-now.NEWS Deutschland<\/title>\n<meta name=\"robots\" content=\"index, follow, max-snippet:-1, max-image-preview:large, max-video-preview:-1\" \/>\n<link rel=\"canonical\" href=\"https:\/\/now-news.de\/de\/deutschland\/alles-antisemiten-ueberall-\u2012-berliner-zeitung-schaendet-andenken-an-mord\/\" \/>\n<meta property=\"og:locale\" content=\"de_DE\" \/>\n<meta property=\"og:type\" content=\"article\" \/>\n<meta property=\"og:title\" content=\"Alles Antisemiten \u00fcberall \u2012 Berliner Zeitung sch\u00e4ndet Andenken an Mord\" \/>\n<meta property=\"og:description\" content=\"Im Februar 2022 stellte der Berliner Zeitungsautor Thilo Mischke fest: &#8220;Corona macht uns zarter&#8221;. Mitmenschen, die sich gegen die rigide und zu Gro\u00dfteilen unmenschliche Corona-Politik wehrten, sind f\u00fcr Mischke demgegen\u00fcber schlicht &#8220;Antisemiten&#8221;. Autor Uli Gellermann r\u00fcckt diesbez\u00fcgliche Verwirrungen zurecht. Von Uli Gellermann &#8220;In ihren vom Hass dumm gewordenen Gesichtern war auch der Judenhass zu erkennen.&#8221; [&hellip;]\" \/>\n<meta property=\"og:url\" content=\"https:\/\/now-news.de\/de\/deutschland\/alles-antisemiten-ueberall-\u2012-berliner-zeitung-schaendet-andenken-an-mord\/\" \/>\n<meta property=\"og:site_name\" content=\"just-now.NEWS Deutschland\" \/>\n<meta property=\"article:publisher\" content=\"https:\/\/www.facebook.com\/wirmachenauf\" \/>\n<meta property=\"article:published_time\" content=\"2023-10-17T05:30:00+00:00\" \/>\n<meta property=\"og:image\" content=\"https:\/\/now-news.de\/de\/wp-content\/uploads\/sites\/3\/2023\/10\/Alles-Antisemiten-ueberall-\u2012-Berliner-Zeitung-schaendet-Andenken-an-Mord.jpeg\" \/>\n\t<meta property=\"og:image:width\" content=\"460\" \/>\n\t<meta property=\"og:image:height\" content=\"259\" \/>\n\t<meta property=\"og:image:type\" content=\"image\/jpeg\" \/>\n<meta name=\"author\" content=\"rtnews\" \/>\n<meta name=\"twitter:card\" content=\"summary_large_image\" \/>\n<meta name=\"twitter:creator\" content=\"@WirMachenAuf_de\" \/>\n<meta name=\"twitter:site\" content=\"@WirMachenAuf_de\" \/>\n<meta name=\"twitter:label1\" content=\"Verfasst von\" \/>\n\t<meta name=\"twitter:data1\" content=\"rtnews\" \/>\n\t<meta name=\"twitter:label2\" content=\"Gesch\u00e4tzte Lesezeit\" \/>\n\t<meta name=\"twitter:data2\" content=\"4\u00a0Minuten\" \/>\n<script type=\"application\/ld+json\" class=\"yoast-schema-graph\">{\"@context\":\"https:\/\/schema.org\",\"@graph\":[{\"@type\":\"Article\",\"@id\":\"https:\/\/now-news.de\/de\/deutschland\/alles-antisemiten-ueberall-%e2%80%92-berliner-zeitung-schaendet-andenken-an-mord\/#article\",\"isPartOf\":{\"@id\":\"https:\/\/now-news.de\/de\/deutschland\/alles-antisemiten-ueberall-%e2%80%92-berliner-zeitung-schaendet-andenken-an-mord\/\"},\"author\":{\"name\":\"rtnews\",\"@id\":\"https:\/\/now-news.de\/de\/#\/schema\/person\/fb534a4e865501d8b3285208df34a9b5\"},\"headline\":\"Alles Antisemiten \u00fcberall \u2012 Berliner Zeitung sch\u00e4ndet Andenken an Mord\",\"datePublished\":\"2023-10-17T05:30:00+00:00\",\"dateModified\":\"2023-10-17T05:30:00+00:00\",\"mainEntityOfPage\":{\"@id\":\"https:\/\/now-news.de\/de\/deutschland\/alles-antisemiten-ueberall-%e2%80%92-berliner-zeitung-schaendet-andenken-an-mord\/\"},\"wordCount\":777,\"commentCount\":0,\"publisher\":{\"@id\":\"https:\/\/now-news.de\/de\/#organization\"},\"image\":{\"@id\":\"https:\/\/now-news.de\/de\/deutschland\/alles-antisemiten-ueberall-%e2%80%92-berliner-zeitung-schaendet-andenken-an-mord\/#primaryimage\"},\"thumbnailUrl\":\"https:\/\/now-news.de\/de\/wp-content\/uploads\/sites\/3\/2023\/10\/Alles-Antisemiten-ueberall-\u2012-Berliner-Zeitung-schaendet-Andenken-an-Mord.jpeg\",\"keywords\":[\"alles\",\"Andenken\",\"Antisemiten\",\"Berliner\",\"Mord\",\"sch\u00e4ndet\",\"\u00fcberall\",\"Zeitung\"],\"articleSection\":[\"Deutschland\",\"Russland\"],\"inLanguage\":\"de\",\"potentialAction\":[{\"@type\":\"CommentAction\",\"name\":\"Comment\",\"target\":[\"https:\/\/now-news.de\/de\/deutschland\/alles-antisemiten-ueberall-%e2%80%92-berliner-zeitung-schaendet-andenken-an-mord\/#respond\"]}]},{\"@type\":\"WebPage\",\"@id\":\"https:\/\/now-news.de\/de\/deutschland\/alles-antisemiten-ueberall-%e2%80%92-berliner-zeitung-schaendet-andenken-an-mord\/\",\"url\":\"https:\/\/now-news.de\/de\/deutschland\/alles-antisemiten-ueberall-%e2%80%92-berliner-zeitung-schaendet-andenken-an-mord\/\",\"name\":\"Alles Antisemiten \u00fcberall \u2012 Berliner Zeitung sch\u00e4ndet Andenken an Mord - just-now.NEWS Deutschland\",\"isPartOf\":{\"@id\":\"https:\/\/now-news.de\/de\/#website\"},\"primaryImageOfPage\":{\"@id\":\"https:\/\/now-news.de\/de\/deutschland\/alles-antisemiten-ueberall-%e2%80%92-berliner-zeitung-schaendet-andenken-an-mord\/#primaryimage\"},\"image\":{\"@id\":\"https:\/\/now-news.de\/de\/deutschland\/alles-antisemiten-ueberall-%e2%80%92-berliner-zeitung-schaendet-andenken-an-mord\/#primaryimage\"},\"thumbnailUrl\":\"https:\/\/now-news.de\/de\/wp-content\/uploads\/sites\/3\/2023\/10\/Alles-Antisemiten-ueberall-\u2012-Berliner-Zeitung-schaendet-Andenken-an-Mord.jpeg\",\"datePublished\":\"2023-10-17T05:30:00+00:00\",\"dateModified\":\"2023-10-17T05:30:00+00:00\",\"breadcrumb\":{\"@id\":\"https:\/\/now-news.de\/de\/deutschland\/alles-antisemiten-ueberall-%e2%80%92-berliner-zeitung-schaendet-andenken-an-mord\/#breadcrumb\"},\"inLanguage\":\"de\",\"potentialAction\":[{\"@type\":\"ReadAction\",\"target\":[\"https:\/\/now-news.de\/de\/deutschland\/alles-antisemiten-ueberall-%e2%80%92-berliner-zeitung-schaendet-andenken-an-mord\/\"]}]},{\"@type\":\"ImageObject\",\"inLanguage\":\"de\",\"@id\":\"https:\/\/now-news.de\/de\/deutschland\/alles-antisemiten-ueberall-%e2%80%92-berliner-zeitung-schaendet-andenken-an-mord\/#primaryimage\",\"url\":\"https:\/\/now-news.de\/de\/wp-content\/uploads\/sites\/3\/2023\/10\/Alles-Antisemiten-ueberall-\u2012-Berliner-Zeitung-schaendet-Andenken-an-Mord.jpeg\",\"contentUrl\":\"https:\/\/now-news.de\/de\/wp-content\/uploads\/sites\/3\/2023\/10\/Alles-Antisemiten-ueberall-\u2012-Berliner-Zeitung-schaendet-Andenken-an-Mord.jpeg\",\"width\":460,\"height\":259,\"caption\":\"Alles Antisemiten \u00fcberall \u2012 Berliner Zeitung sch\u00e4ndet Andenken an Mord\"},{\"@type\":\"BreadcrumbList\",\"@id\":\"https:\/\/now-news.de\/de\/deutschland\/alles-antisemiten-ueberall-%e2%80%92-berliner-zeitung-schaendet-andenken-an-mord\/#breadcrumb\",\"itemListElement\":[{\"@type\":\"ListItem\",\"position\":1,\"name\":\"Home\",\"item\":\"https:\/\/now-news.de\/de\/\"},{\"@type\":\"ListItem\",\"position\":2,\"name\":\"Alles Antisemiten \u00fcberall \u2012 Berliner Zeitung sch\u00e4ndet Andenken an Mord\"}]},{\"@type\":\"WebSite\",\"@id\":\"https:\/\/now-news.de\/de\/#website\",\"url\":\"https:\/\/now-news.de\/de\/\",\"name\":\"just-now.NEWS Deutschland\",\"description\":\"Das Portal f\u00fcr unzensierte Nachrichten aus der Welt\",\"publisher\":{\"@id\":\"https:\/\/now-news.de\/de\/#organization\"},\"potentialAction\":[{\"@type\":\"SearchAction\",\"target\":{\"@type\":\"EntryPoint\",\"urlTemplate\":\"https:\/\/now-news.de\/de\/?s={search_term_string}\"},\"query-input\":\"required name=search_term_string\"}],\"inLanguage\":\"de\"},{\"@type\":\"Organization\",\"@id\":\"https:\/\/now-news.de\/de\/#organization\",\"name\":\"Just Now News\",\"url\":\"https:\/\/now-news.de\/de\/\",\"logo\":{\"@type\":\"ImageObject\",\"inLanguage\":\"de\",\"@id\":\"https:\/\/now-news.de\/de\/#\/schema\/logo\/image\/\",\"url\":\"http:\/\/just-now.news\/de\/wp-content\/uploads\/sites\/3\/2022\/04\/logo500x500.jpg\",\"contentUrl\":\"http:\/\/just-now.news\/de\/wp-content\/uploads\/sites\/3\/2022\/04\/logo500x500.jpg\",\"width\":500,\"height\":500,\"caption\":\"Just Now News\"},\"image\":{\"@id\":\"https:\/\/now-news.de\/de\/#\/schema\/logo\/image\/\"},\"sameAs\":[\"https:\/\/www.facebook.com\/wirmachenauf\",\"https:\/\/x.com\/WirMachenAuf_de\"]},{\"@type\":\"Person\",\"@id\":\"https:\/\/now-news.de\/de\/#\/schema\/person\/fb534a4e865501d8b3285208df34a9b5\",\"name\":\"rtnews\",\"image\":{\"@type\":\"ImageObject\",\"inLanguage\":\"de\",\"@id\":\"https:\/\/now-news.de\/de\/#\/schema\/person\/image\/\",\"url\":\"https:\/\/secure.gravatar.com\/avatar\/82aafea7d8127119dd649515f56e2117?s=96&d=mm&r=g\",\"contentUrl\":\"https:\/\/secure.gravatar.com\/avatar\/82aafea7d8127119dd649515f56e2117?s=96&d=mm&r=g\",\"caption\":\"rtnews\"},\"url\":\"https:\/\/now-news.de\/de\/author\/rnews\/\"}]}<\/script>\n<!-- \/ Yoast SEO Premium plugin. -->","yoast_head_json":{"title":"Alles Antisemiten \u00fcberall \u2012 Berliner Zeitung sch\u00e4ndet Andenken an Mord - just-now.NEWS Deutschland","robots":{"index":"index","follow":"follow","max-snippet":"max-snippet:-1","max-image-preview":"max-image-preview:large","max-video-preview":"max-video-preview:-1"},"canonical":"https:\/\/now-news.de\/de\/deutschland\/alles-antisemiten-ueberall-\u2012-berliner-zeitung-schaendet-andenken-an-mord\/","og_locale":"de_DE","og_type":"article","og_title":"Alles Antisemiten \u00fcberall \u2012 Berliner Zeitung sch\u00e4ndet Andenken an Mord","og_description":"Im Februar 2022 stellte der Berliner Zeitungsautor Thilo Mischke fest: &#8220;Corona macht uns zarter&#8221;. Mitmenschen, die sich gegen die rigide und zu Gro\u00dfteilen unmenschliche Corona-Politik wehrten, sind f\u00fcr Mischke demgegen\u00fcber schlicht &#8220;Antisemiten&#8221;. Autor Uli Gellermann r\u00fcckt diesbez\u00fcgliche Verwirrungen zurecht. Von Uli Gellermann &#8220;In ihren vom Hass dumm gewordenen Gesichtern war auch der Judenhass zu erkennen.&#8221; [&hellip;]","og_url":"https:\/\/now-news.de\/de\/deutschland\/alles-antisemiten-ueberall-\u2012-berliner-zeitung-schaendet-andenken-an-mord\/","og_site_name":"just-now.NEWS Deutschland","article_publisher":"https:\/\/www.facebook.com\/wirmachenauf","article_published_time":"2023-10-17T05:30:00+00:00","og_image":[{"width":460,"height":259,"url":"https:\/\/now-news.de\/de\/wp-content\/uploads\/sites\/3\/2023\/10\/Alles-Antisemiten-ueberall-\u2012-Berliner-Zeitung-schaendet-Andenken-an-Mord.jpeg","type":"image\/jpeg"}],"author":"rtnews","twitter_card":"summary_large_image","twitter_creator":"@WirMachenAuf_de","twitter_site":"@WirMachenAuf_de","twitter_misc":{"Verfasst von":"rtnews","Gesch\u00e4tzte Lesezeit":"4\u00a0Minuten"},"schema":{"@context":"https:\/\/schema.org","@graph":[{"@type":"Article","@id":"https:\/\/now-news.de\/de\/deutschland\/alles-antisemiten-ueberall-%e2%80%92-berliner-zeitung-schaendet-andenken-an-mord\/#article","isPartOf":{"@id":"https:\/\/now-news.de\/de\/deutschland\/alles-antisemiten-ueberall-%e2%80%92-berliner-zeitung-schaendet-andenken-an-mord\/"},"author":{"name":"rtnews","@id":"https:\/\/now-news.de\/de\/#\/schema\/person\/fb534a4e865501d8b3285208df34a9b5"},"headline":"Alles Antisemiten \u00fcberall \u2012 Berliner Zeitung sch\u00e4ndet Andenken an Mord","datePublished":"2023-10-17T05:30:00+00:00","dateModified":"2023-10-17T05:30:00+00:00","mainEntityOfPage":{"@id":"https:\/\/now-news.de\/de\/deutschland\/alles-antisemiten-ueberall-%e2%80%92-berliner-zeitung-schaendet-andenken-an-mord\/"},"wordCount":777,"commentCount":0,"publisher":{"@id":"https:\/\/now-news.de\/de\/#organization"},"image":{"@id":"https:\/\/now-news.de\/de\/deutschland\/alles-antisemiten-ueberall-%e2%80%92-berliner-zeitung-schaendet-andenken-an-mord\/#primaryimage"},"thumbnailUrl":"https:\/\/now-news.de\/de\/wp-content\/uploads\/sites\/3\/2023\/10\/Alles-Antisemiten-ueberall-\u2012-Berliner-Zeitung-schaendet-Andenken-an-Mord.jpeg","keywords":["alles","Andenken","Antisemiten","Berliner","Mord","sch\u00e4ndet","\u00fcberall","Zeitung"],"articleSection":["Deutschland","Russland"],"inLanguage":"de","potentialAction":[{"@type":"CommentAction","name":"Comment","target":["https:\/\/now-news.de\/de\/deutschland\/alles-antisemiten-ueberall-%e2%80%92-berliner-zeitung-schaendet-andenken-an-mord\/#respond"]}]},{"@type":"WebPage","@id":"https:\/\/now-news.de\/de\/deutschland\/alles-antisemiten-ueberall-%e2%80%92-berliner-zeitung-schaendet-andenken-an-mord\/","url":"https:\/\/now-news.de\/de\/deutschland\/alles-antisemiten-ueberall-%e2%80%92-berliner-zeitung-schaendet-andenken-an-mord\/","name":"Alles Antisemiten \u00fcberall \u2012 Berliner Zeitung sch\u00e4ndet Andenken an Mord - just-now.NEWS Deutschland","isPartOf":{"@id":"https:\/\/now-news.de\/de\/#website"},"primaryImageOfPage":{"@id":"https:\/\/now-news.de\/de\/deutschland\/alles-antisemiten-ueberall-%e2%80%92-berliner-zeitung-schaendet-andenken-an-mord\/#primaryimage"},"image":{"@id":"https:\/\/now-news.de\/de\/deutschland\/alles-antisemiten-ueberall-%e2%80%92-berliner-zeitung-schaendet-andenken-an-mord\/#primaryimage"},"thumbnailUrl":"https:\/\/now-news.de\/de\/wp-content\/uploads\/sites\/3\/2023\/10\/Alles-Antisemiten-ueberall-\u2012-Berliner-Zeitung-schaendet-Andenken-an-Mord.jpeg","datePublished":"2023-10-17T05:30:00+00:00","dateModified":"2023-10-17T05:30:00+00:00","breadcrumb":{"@id":"https:\/\/now-news.de\/de\/deutschland\/alles-antisemiten-ueberall-%e2%80%92-berliner-zeitung-schaendet-andenken-an-mord\/#breadcrumb"},"inLanguage":"de","potentialAction":[{"@type":"ReadAction","target":["https:\/\/now-news.de\/de\/deutschland\/alles-antisemiten-ueberall-%e2%80%92-berliner-zeitung-schaendet-andenken-an-mord\/"]}]},{"@type":"ImageObject","inLanguage":"de","@id":"https:\/\/now-news.de\/de\/deutschland\/alles-antisemiten-ueberall-%e2%80%92-berliner-zeitung-schaendet-andenken-an-mord\/#primaryimage","url":"https:\/\/now-news.de\/de\/wp-content\/uploads\/sites\/3\/2023\/10\/Alles-Antisemiten-ueberall-\u2012-Berliner-Zeitung-schaendet-Andenken-an-Mord.jpeg","contentUrl":"https:\/\/now-news.de\/de\/wp-content\/uploads\/sites\/3\/2023\/10\/Alles-Antisemiten-ueberall-\u2012-Berliner-Zeitung-schaendet-Andenken-an-Mord.jpeg","width":460,"height":259,"caption":"Alles Antisemiten \u00fcberall \u2012 Berliner Zeitung sch\u00e4ndet Andenken an Mord"},{"@type":"BreadcrumbList","@id":"https:\/\/now-news.de\/de\/deutschland\/alles-antisemiten-ueberall-%e2%80%92-berliner-zeitung-schaendet-andenken-an-mord\/#breadcrumb","itemListElement":[{"@type":"ListItem","position":1,"name":"Home","item":"https:\/\/now-news.de\/de\/"},{"@type":"ListItem","position":2,"name":"Alles Antisemiten \u00fcberall \u2012 Berliner Zeitung sch\u00e4ndet Andenken an Mord"}]},{"@type":"WebSite","@id":"https:\/\/now-news.de\/de\/#website","url":"https:\/\/now-news.de\/de\/","name":"just-now.NEWS Deutschland","description":"Das Portal f\u00fcr unzensierte Nachrichten aus der Welt","publisher":{"@id":"https:\/\/now-news.de\/de\/#organization"},"potentialAction":[{"@type":"SearchAction","target":{"@type":"EntryPoint","urlTemplate":"https:\/\/now-news.de\/de\/?s={search_term_string}"},"query-input":"required name=search_term_string"}],"inLanguage":"de"},{"@type":"Organization","@id":"https:\/\/now-news.de\/de\/#organization","name":"Just Now News","url":"https:\/\/now-news.de\/de\/","logo":{"@type":"ImageObject","inLanguage":"de","@id":"https:\/\/now-news.de\/de\/#\/schema\/logo\/image\/","url":"http:\/\/just-now.news\/de\/wp-content\/uploads\/sites\/3\/2022\/04\/logo500x500.jpg","contentUrl":"http:\/\/just-now.news\/de\/wp-content\/uploads\/sites\/3\/2022\/04\/logo500x500.jpg","width":500,"height":500,"caption":"Just Now News"},"image":{"@id":"https:\/\/now-news.de\/de\/#\/schema\/logo\/image\/"},"sameAs":["https:\/\/www.facebook.com\/wirmachenauf","https:\/\/x.com\/WirMachenAuf_de"]},{"@type":"Person","@id":"https:\/\/now-news.de\/de\/#\/schema\/person\/fb534a4e865501d8b3285208df34a9b5","name":"rtnews","image":{"@type":"ImageObject","inLanguage":"de","@id":"https:\/\/now-news.de\/de\/#\/schema\/person\/image\/","url":"https:\/\/secure.gravatar.com\/avatar\/82aafea7d8127119dd649515f56e2117?s=96&d=mm&r=g","contentUrl":"https:\/\/secure.gravatar.com\/avatar\/82aafea7d8127119dd649515f56e2117?s=96&d=mm&r=g","caption":"rtnews"},"url":"https:\/\/now-news.de\/de\/author\/rnews\/"}]}},"_links":{"self":[{"href":"https:\/\/now-news.de\/de\/wp-json\/wp\/v2\/posts\/48175"}],"collection":[{"href":"https:\/\/now-news.de\/de\/wp-json\/wp\/v2\/posts"}],"about":[{"href":"https:\/\/now-news.de\/de\/wp-json\/wp\/v2\/types\/post"}],"author":[{"embeddable":true,"href":"https:\/\/now-news.de\/de\/wp-json\/wp\/v2\/users\/3"}],"replies":[{"embeddable":true,"href":"https:\/\/now-news.de\/de\/wp-json\/wp\/v2\/comments?post=48175"}],"version-history":[{"count":0,"href":"https:\/\/now-news.de\/de\/wp-json\/wp\/v2\/posts\/48175\/revisions"}],"wp:featuredmedia":[{"embeddable":true,"href":"https:\/\/now-news.de\/de\/wp-json\/wp\/v2\/media\/48176"}],"wp:attachment":[{"href":"https:\/\/now-news.de\/de\/wp-json\/wp\/v2\/media?parent=48175"}],"wp:term":[{"taxonomy":"category","embeddable":true,"href":"https:\/\/now-news.de\/de\/wp-json\/wp\/v2\/categories?post=48175"},{"taxonomy":"post_tag","embeddable":true,"href":"https:\/\/now-news.de\/de\/wp-json\/wp\/v2\/tags?post=48175"}],"curies":[{"name":"wp","href":"https:\/\/api.w.org\/{rel}","templated":true}]}}