{"id":48164,"date":"2023-10-16T20:52:04","date_gmt":"2023-10-16T18:52:04","guid":{"rendered":"https:\/\/just-now.news\/de\/deutschland\/flucht-und-migration-deutschland-will-stationaere-grenzkontrollen-zu-tschechien-und-polen-einfuehren\/"},"modified":"2023-10-16T20:52:04","modified_gmt":"2023-10-16T18:52:04","slug":"flucht-und-migration-deutschland-will-stationaere-grenzkontrollen-zu-tschechien-und-polen-einfuehren","status":"publish","type":"post","link":"https:\/\/now-news.de\/de\/deutschland\/flucht-und-migration-deutschland-will-stationaere-grenzkontrollen-zu-tschechien-und-polen-einfuehren\/","title":{"rendered":"Flucht und Migration: Deutschland will station\u00e4re Grenzkontrollen zu Tschechien und Polen einf\u00fchren"},"content":{"rendered":"<p><img decoding=\"async\" src=\"http:\/\/just-now.news\/de\/wp-content\/uploads\/sites\/3\/2023\/10\/652d55ecb480cc4133049bc0.jpg\" \/><\/p>\n<div class=\"Text-root Text-type_1 \">\n                Nachdem bereits \u00f6stliche Nachbarl\u00e4nder wie Tschechien ihre Grenzkontrollen in der letzten Zeit verst\u00e4rkt haben, zieht Berlin nun nach. Bei der EU meldete die Bundesregierung station\u00e4re Grenzkontrollen an. Die j\u00fcngste Eskalation im Nahen Osten sei mit ein Grund f\u00fcr diesen Schritt, hei\u00dft es.\n            <\/div>\n<p><\/p>\n<div class=\"Text-root Text-type_5 ArticleView-text ViewText-root \">\n<p>Bereits vor der dramatischen Zuspitzung in Israel\/Pal\u00e4stina vor gut einer Woche hatten Polen, Tschechien und auch \u00d6sterreich ihre Grenzkontrollen, beispielsweise zur Slowakei, intensiviert (<em>RT DE<\/em>\u00a0<a rel=\"nofollow noopener\" target=\"_blank\" href=\"https:\/\/freedert.online\/europa\/182667-wegen-illegaler-migration-polen-tschechien\/\">berichtete<\/a>). Nun hat auch die deutsche Bundesregierung beschlossen, station\u00e4re Kontrollen an den Grenzen zu Tschechien und Polen, aber auch der Schweiz einzuf\u00fchren. Wegen des Schengen-Abkommens m\u00fcssen solche Kontrollen bei der EU vorab angemeldet werden. Zu einer solchen &#8220;Notifizierung&#8221; in Br\u00fcssel hat Berlin sich\u00a0jetzt entschlossen. Dar\u00fcber <a rel=\"nofollow noopener\" target=\"_blank\" href=\"https:\/\/www.welt.de\/politik\/deutschland\/article248023332\/Deutschland-meldet-stationaere-Kontrollen-an-Grenzen-zu-Polen-und-Tschechien-an.html\">berichtet<\/a> die <em>Welt<\/em>, die von dieser Entscheidung aus dem SPD-gef\u00fchrten Innenministerium unter Nancy Faeser erfahren hat. Noch an diesem Montag werde sich die Ministerin demnach mit ihren Kollegen aus den betroffenen Staaten treffen.<\/p>\n<p>Wie es hei\u00dft, sei die Anmeldung der Grenzkontrollen nur &#8220;pr\u00e4ventiv&#8221; gedacht, etwa f\u00fcr den Fall, dass aus diesen Nachbarl\u00e4ndern vermehrt Migranten nach Deutschland kommen sollten. Daher werden unmittelbar noch keine station\u00e4ren Grenzkontrollen zu diesen Staaten eingef\u00fchrt.<\/p>\n<p>Bislang finden lediglich an der deutsch-\u00f6sterreichischen Grenze station\u00e4re Kontrollen statt. Diese wurden 2015 im Zuge der &#8220;Fl\u00fcchtlingskrise&#8221; eingerichtet und seither \u2013 auch unter Faeser \u2013 im Halbjahresrhythmus immer wieder verl\u00e4ngert.<\/p>\n<p>Die Bundesinnenministerin hatte in der Vergangenheit bei verschiedener Gelegenheit ge\u00e4u\u00dfert, dass sie von station\u00e4ren Kontrollen nichts halte, da\u00a0diese wirkungslos seien. CDU\/CSU und AfD hatten\u00a0allerdings auf den Widerspruch hingewiesen, dass Faeser die Kontrollen an der bayerischen Grenze zu \u00d6sterreich dennoch weiter verl\u00e4ngert habe. Dabei hatte\u00a0sich die Bundesregierung bereits im Fr\u00fchjahr 2023 im Zuge des &#8220;Asylgipfels&#8221; bereit erkl\u00e4rt, auch station\u00e4re Kontrollen an Grenzen zu anderen Grenzen einzuf\u00fchren, so die <em>Welt<\/em>. Wie die Zeitung mutma\u00dft, d\u00fcrften die miserablen Wahlergebnisse der &#8220;Ampel&#8221;-Parteien bei den Landtagswahlen in Bayern und Hessen zu dem Entschluss beigetragen haben, nun wenigstens die obligatorische Anmeldung bei der EU vorzunehmen.<\/p>\n<p>Aus den Unionsparteien hie\u00df es, jetzt m\u00fcsse Faeser auch tats\u00e4chlich station\u00e4re Grenzkontrollen einf\u00fchren und d\u00fcrfe &#8220;nicht erneut auf halben Wegen stehenbleiben&#8221;, so der innenpolitische Sprecher der Unionsfraktion im Bundestag, Alexander Throm (CDU), gegen\u00fcber der <em>Welt<\/em>. Der Vorsitzende der Deutschen Bundespolizeigewerkschaft, Heiko Teggatz, habe gegen\u00fcber dem Springerblatt erkl\u00e4rt, die Einrichtung station\u00e4rer Grenzkontrollen ausdr\u00fccklich zu unterst\u00fctzen. Im Zuge der j\u00fcngsten Nahostkrise k\u00f6nnten sich unter die Fl\u00fcchtlinge auch Mitglieder der Hamas oder &#8220;Hisbollah-Terroristen&#8221; mischen.<\/p>\n<p><strong>Mehr zum Thema<\/strong> &#8211;\u00a0<a rel=\"nofollow noopener\" target=\"_blank\" href=\"https:\/\/freedert.online\/europa\/183853-fluechtlingskrise-eu-weite-loesung-fruehestens\/\">Fl\u00fcchtlingskrise: EU-weite L\u00f6sung fr\u00fchestens 2026<\/a><\/p>\n<\/p>\n<\/div>\n<p><br \/>\n<br \/><a href=\"https:\/\/de.rt.com\/inland\/183949-flucht-und-migration-deutschland-will\/\">Source link <\/a><\/p>\n","protected":false},"excerpt":{"rendered":"<p>Nachdem bereits \u00f6stliche Nachbarl\u00e4nder wie Tschechien ihre Grenzkontrollen in der letzten Zeit verst\u00e4rkt haben, zieht Berlin nun nach. Bei der EU meldete die Bundesregierung station\u00e4re Grenzkontrollen an. Die j\u00fcngste Eskalation im Nahen Osten sei mit ein Grund f\u00fcr diesen Schritt, hei\u00dft es. Bereits vor der dramatischen Zuspitzung in Israel\/Pal\u00e4stina vor gut einer Woche hatten Polen, [&hellip;]<\/p>\n","protected":false},"author":3,"featured_media":48165,"comment_status":"open","ping_status":"open","sticky":false,"template":"","format":"standard","meta":{"_yoast_indexnow_last_ping":["1697482616"],"wp_automatic_camp":["217"],"217e7eaf566a43148dff0aca03f4efd3":["Flucht und Migration: Deutschland will station\u00e4re Grenzkontrollen zu Tschechien und Polen einf\u00fchren"],"original_link":["https:\/\/de.rt.com\/inland\/183949-flucht-und-migration-deutschland-will\/"],"_thumbnail_id":["48165"],"_wptgpro_p2tg_sent2tg":["a:1:{i:23737;s:19:\"2023-10-16 20:57:56\";}"],"jnews_social_counter_last_update":["1777184671"]},"categories":[19,23],"tags":[179,23929,2729,33596,28536,5850,49851,32609,140],"yoast_head":"<!-- This site is optimized with the Yoast SEO Premium plugin v22.7 (Yoast SEO v22.7) - https:\/\/yoast.com\/wordpress\/plugins\/seo\/ -->\n<title>Flucht und Migration: Deutschland will station\u00e4re Grenzkontrollen zu Tschechien und Polen einf\u00fchren - just-now.NEWS Deutschland<\/title>\n<meta name=\"robots\" content=\"index, follow, max-snippet:-1, max-image-preview:large, max-video-preview:-1\" \/>\n<link rel=\"canonical\" href=\"https:\/\/now-news.de\/de\/deutschland\/flucht-und-migration-deutschland-will-stationaere-grenzkontrollen-zu-tschechien-und-polen-einfuehren\/\" \/>\n<meta property=\"og:locale\" content=\"de_DE\" \/>\n<meta property=\"og:type\" content=\"article\" \/>\n<meta property=\"og:title\" content=\"Flucht und Migration: Deutschland will station\u00e4re Grenzkontrollen zu Tschechien und Polen einf\u00fchren\" \/>\n<meta property=\"og:description\" content=\"Nachdem bereits \u00f6stliche Nachbarl\u00e4nder wie Tschechien ihre Grenzkontrollen in der letzten Zeit verst\u00e4rkt haben, zieht Berlin nun nach. Bei der EU meldete die Bundesregierung station\u00e4re Grenzkontrollen an. Die j\u00fcngste Eskalation im Nahen Osten sei mit ein Grund f\u00fcr diesen Schritt, hei\u00dft es. Bereits vor der dramatischen Zuspitzung in Israel\/Pal\u00e4stina vor gut einer Woche hatten Polen, [&hellip;]\" \/>\n<meta property=\"og:url\" content=\"https:\/\/now-news.de\/de\/deutschland\/flucht-und-migration-deutschland-will-stationaere-grenzkontrollen-zu-tschechien-und-polen-einfuehren\/\" \/>\n<meta property=\"og:site_name\" content=\"just-now.NEWS Deutschland\" \/>\n<meta property=\"article:publisher\" content=\"https:\/\/www.facebook.com\/wirmachenauf\" \/>\n<meta property=\"article:published_time\" content=\"2023-10-16T18:52:04+00:00\" \/>\n<meta property=\"og:image\" content=\"https:\/\/now-news.de\/de\/wp-content\/uploads\/sites\/3\/2023\/10\/Flucht-und-Migration-Deutschland-will-stationaere-Grenzkontrollen-zu-Tschechien-und.jpg\" \/>\n\t<meta property=\"og:image:width\" content=\"460\" \/>\n\t<meta property=\"og:image:height\" content=\"259\" \/>\n\t<meta property=\"og:image:type\" content=\"image\/jpeg\" \/>\n<meta name=\"author\" content=\"rtnews\" \/>\n<meta name=\"twitter:card\" content=\"summary_large_image\" \/>\n<meta name=\"twitter:creator\" content=\"@WirMachenAuf_de\" \/>\n<meta name=\"twitter:site\" content=\"@WirMachenAuf_de\" \/>\n<meta name=\"twitter:label1\" content=\"Verfasst von\" \/>\n\t<meta name=\"twitter:data1\" content=\"rtnews\" \/>\n\t<meta name=\"twitter:label2\" content=\"Gesch\u00e4tzte Lesezeit\" \/>\n\t<meta name=\"twitter:data2\" content=\"2\u00a0Minuten\" \/>\n<script type=\"application\/ld+json\" class=\"yoast-schema-graph\">{\"@context\":\"https:\/\/schema.org\",\"@graph\":[{\"@type\":\"Article\",\"@id\":\"https:\/\/now-news.de\/de\/deutschland\/flucht-und-migration-deutschland-will-stationaere-grenzkontrollen-zu-tschechien-und-polen-einfuehren\/#article\",\"isPartOf\":{\"@id\":\"https:\/\/now-news.de\/de\/deutschland\/flucht-und-migration-deutschland-will-stationaere-grenzkontrollen-zu-tschechien-und-polen-einfuehren\/\"},\"author\":{\"name\":\"rtnews\",\"@id\":\"https:\/\/now-news.de\/de\/#\/schema\/person\/fb534a4e865501d8b3285208df34a9b5\"},\"headline\":\"Flucht und Migration: Deutschland will station\u00e4re Grenzkontrollen zu Tschechien und Polen einf\u00fchren\",\"datePublished\":\"2023-10-16T18:52:04+00:00\",\"dateModified\":\"2023-10-16T18:52:04+00:00\",\"mainEntityOfPage\":{\"@id\":\"https:\/\/now-news.de\/de\/deutschland\/flucht-und-migration-deutschland-will-stationaere-grenzkontrollen-zu-tschechien-und-polen-einfuehren\/\"},\"wordCount\":459,\"commentCount\":0,\"publisher\":{\"@id\":\"https:\/\/now-news.de\/de\/#organization\"},\"image\":{\"@id\":\"https:\/\/now-news.de\/de\/deutschland\/flucht-und-migration-deutschland-will-stationaere-grenzkontrollen-zu-tschechien-und-polen-einfuehren\/#primaryimage\"},\"thumbnailUrl\":\"https:\/\/now-news.de\/de\/wp-content\/uploads\/sites\/3\/2023\/10\/Flucht-und-Migration-Deutschland-will-stationaere-Grenzkontrollen-zu-Tschechien-und.jpg\",\"keywords\":[\"Deutschland\",\"einf\u00fchren\",\"Flucht\",\"Grenzkontrollen\",\"Migration\",\"Polen\",\"station\u00e4re\",\"Tschechien\",\"und\"],\"articleSection\":[\"Deutschland\",\"Russland\"],\"inLanguage\":\"de\",\"potentialAction\":[{\"@type\":\"CommentAction\",\"name\":\"Comment\",\"target\":[\"https:\/\/now-news.de\/de\/deutschland\/flucht-und-migration-deutschland-will-stationaere-grenzkontrollen-zu-tschechien-und-polen-einfuehren\/#respond\"]}]},{\"@type\":\"WebPage\",\"@id\":\"https:\/\/now-news.de\/de\/deutschland\/flucht-und-migration-deutschland-will-stationaere-grenzkontrollen-zu-tschechien-und-polen-einfuehren\/\",\"url\":\"https:\/\/now-news.de\/de\/deutschland\/flucht-und-migration-deutschland-will-stationaere-grenzkontrollen-zu-tschechien-und-polen-einfuehren\/\",\"name\":\"Flucht und Migration: Deutschland will station\u00e4re Grenzkontrollen zu Tschechien und Polen einf\u00fchren - just-now.NEWS Deutschland\",\"isPartOf\":{\"@id\":\"https:\/\/now-news.de\/de\/#website\"},\"primaryImageOfPage\":{\"@id\":\"https:\/\/now-news.de\/de\/deutschland\/flucht-und-migration-deutschland-will-stationaere-grenzkontrollen-zu-tschechien-und-polen-einfuehren\/#primaryimage\"},\"image\":{\"@id\":\"https:\/\/now-news.de\/de\/deutschland\/flucht-und-migration-deutschland-will-stationaere-grenzkontrollen-zu-tschechien-und-polen-einfuehren\/#primaryimage\"},\"thumbnailUrl\":\"https:\/\/now-news.de\/de\/wp-content\/uploads\/sites\/3\/2023\/10\/Flucht-und-Migration-Deutschland-will-stationaere-Grenzkontrollen-zu-Tschechien-und.jpg\",\"datePublished\":\"2023-10-16T18:52:04+00:00\",\"dateModified\":\"2023-10-16T18:52:04+00:00\",\"breadcrumb\":{\"@id\":\"https:\/\/now-news.de\/de\/deutschland\/flucht-und-migration-deutschland-will-stationaere-grenzkontrollen-zu-tschechien-und-polen-einfuehren\/#breadcrumb\"},\"inLanguage\":\"de\",\"potentialAction\":[{\"@type\":\"ReadAction\",\"target\":[\"https:\/\/now-news.de\/de\/deutschland\/flucht-und-migration-deutschland-will-stationaere-grenzkontrollen-zu-tschechien-und-polen-einfuehren\/\"]}]},{\"@type\":\"ImageObject\",\"inLanguage\":\"de\",\"@id\":\"https:\/\/now-news.de\/de\/deutschland\/flucht-und-migration-deutschland-will-stationaere-grenzkontrollen-zu-tschechien-und-polen-einfuehren\/#primaryimage\",\"url\":\"https:\/\/now-news.de\/de\/wp-content\/uploads\/sites\/3\/2023\/10\/Flucht-und-Migration-Deutschland-will-stationaere-Grenzkontrollen-zu-Tschechien-und.jpg\",\"contentUrl\":\"https:\/\/now-news.de\/de\/wp-content\/uploads\/sites\/3\/2023\/10\/Flucht-und-Migration-Deutschland-will-stationaere-Grenzkontrollen-zu-Tschechien-und.jpg\",\"width\":460,\"height\":259,\"caption\":\"Flucht und Migration: Deutschland will station\u00e4re Grenzkontrollen zu Tschechien und Polen einf\u00fchren\"},{\"@type\":\"BreadcrumbList\",\"@id\":\"https:\/\/now-news.de\/de\/deutschland\/flucht-und-migration-deutschland-will-stationaere-grenzkontrollen-zu-tschechien-und-polen-einfuehren\/#breadcrumb\",\"itemListElement\":[{\"@type\":\"ListItem\",\"position\":1,\"name\":\"Home\",\"item\":\"https:\/\/now-news.de\/de\/\"},{\"@type\":\"ListItem\",\"position\":2,\"name\":\"Flucht und Migration: Deutschland will station\u00e4re Grenzkontrollen zu Tschechien und Polen einf\u00fchren\"}]},{\"@type\":\"WebSite\",\"@id\":\"https:\/\/now-news.de\/de\/#website\",\"url\":\"https:\/\/now-news.de\/de\/\",\"name\":\"just-now.NEWS Deutschland\",\"description\":\"Das Portal f\u00fcr unzensierte Nachrichten aus der Welt\",\"publisher\":{\"@id\":\"https:\/\/now-news.de\/de\/#organization\"},\"potentialAction\":[{\"@type\":\"SearchAction\",\"target\":{\"@type\":\"EntryPoint\",\"urlTemplate\":\"https:\/\/now-news.de\/de\/?s={search_term_string}\"},\"query-input\":\"required name=search_term_string\"}],\"inLanguage\":\"de\"},{\"@type\":\"Organization\",\"@id\":\"https:\/\/now-news.de\/de\/#organization\",\"name\":\"Just Now News\",\"url\":\"https:\/\/now-news.de\/de\/\",\"logo\":{\"@type\":\"ImageObject\",\"inLanguage\":\"de\",\"@id\":\"https:\/\/now-news.de\/de\/#\/schema\/logo\/image\/\",\"url\":\"http:\/\/just-now.news\/de\/wp-content\/uploads\/sites\/3\/2022\/04\/logo500x500.jpg\",\"contentUrl\":\"http:\/\/just-now.news\/de\/wp-content\/uploads\/sites\/3\/2022\/04\/logo500x500.jpg\",\"width\":500,\"height\":500,\"caption\":\"Just Now News\"},\"image\":{\"@id\":\"https:\/\/now-news.de\/de\/#\/schema\/logo\/image\/\"},\"sameAs\":[\"https:\/\/www.facebook.com\/wirmachenauf\",\"https:\/\/x.com\/WirMachenAuf_de\"]},{\"@type\":\"Person\",\"@id\":\"https:\/\/now-news.de\/de\/#\/schema\/person\/fb534a4e865501d8b3285208df34a9b5\",\"name\":\"rtnews\",\"image\":{\"@type\":\"ImageObject\",\"inLanguage\":\"de\",\"@id\":\"https:\/\/now-news.de\/de\/#\/schema\/person\/image\/\",\"url\":\"https:\/\/secure.gravatar.com\/avatar\/82aafea7d8127119dd649515f56e2117?s=96&d=mm&r=g\",\"contentUrl\":\"https:\/\/secure.gravatar.com\/avatar\/82aafea7d8127119dd649515f56e2117?s=96&d=mm&r=g\",\"caption\":\"rtnews\"},\"url\":\"https:\/\/now-news.de\/de\/author\/rnews\/\"}]}<\/script>\n<!-- \/ Yoast SEO Premium plugin. -->","yoast_head_json":{"title":"Flucht und Migration: Deutschland will station\u00e4re Grenzkontrollen zu Tschechien und Polen einf\u00fchren - just-now.NEWS Deutschland","robots":{"index":"index","follow":"follow","max-snippet":"max-snippet:-1","max-image-preview":"max-image-preview:large","max-video-preview":"max-video-preview:-1"},"canonical":"https:\/\/now-news.de\/de\/deutschland\/flucht-und-migration-deutschland-will-stationaere-grenzkontrollen-zu-tschechien-und-polen-einfuehren\/","og_locale":"de_DE","og_type":"article","og_title":"Flucht und Migration: Deutschland will station\u00e4re Grenzkontrollen zu Tschechien und Polen einf\u00fchren","og_description":"Nachdem bereits \u00f6stliche Nachbarl\u00e4nder wie Tschechien ihre Grenzkontrollen in der letzten Zeit verst\u00e4rkt haben, zieht Berlin nun nach. Bei der EU meldete die Bundesregierung station\u00e4re Grenzkontrollen an. Die j\u00fcngste Eskalation im Nahen Osten sei mit ein Grund f\u00fcr diesen Schritt, hei\u00dft es. Bereits vor der dramatischen Zuspitzung in Israel\/Pal\u00e4stina vor gut einer Woche hatten Polen, [&hellip;]","og_url":"https:\/\/now-news.de\/de\/deutschland\/flucht-und-migration-deutschland-will-stationaere-grenzkontrollen-zu-tschechien-und-polen-einfuehren\/","og_site_name":"just-now.NEWS Deutschland","article_publisher":"https:\/\/www.facebook.com\/wirmachenauf","article_published_time":"2023-10-16T18:52:04+00:00","og_image":[{"width":460,"height":259,"url":"https:\/\/now-news.de\/de\/wp-content\/uploads\/sites\/3\/2023\/10\/Flucht-und-Migration-Deutschland-will-stationaere-Grenzkontrollen-zu-Tschechien-und.jpg","type":"image\/jpeg"}],"author":"rtnews","twitter_card":"summary_large_image","twitter_creator":"@WirMachenAuf_de","twitter_site":"@WirMachenAuf_de","twitter_misc":{"Verfasst von":"rtnews","Gesch\u00e4tzte Lesezeit":"2\u00a0Minuten"},"schema":{"@context":"https:\/\/schema.org","@graph":[{"@type":"Article","@id":"https:\/\/now-news.de\/de\/deutschland\/flucht-und-migration-deutschland-will-stationaere-grenzkontrollen-zu-tschechien-und-polen-einfuehren\/#article","isPartOf":{"@id":"https:\/\/now-news.de\/de\/deutschland\/flucht-und-migration-deutschland-will-stationaere-grenzkontrollen-zu-tschechien-und-polen-einfuehren\/"},"author":{"name":"rtnews","@id":"https:\/\/now-news.de\/de\/#\/schema\/person\/fb534a4e865501d8b3285208df34a9b5"},"headline":"Flucht und Migration: Deutschland will station\u00e4re Grenzkontrollen zu Tschechien und Polen einf\u00fchren","datePublished":"2023-10-16T18:52:04+00:00","dateModified":"2023-10-16T18:52:04+00:00","mainEntityOfPage":{"@id":"https:\/\/now-news.de\/de\/deutschland\/flucht-und-migration-deutschland-will-stationaere-grenzkontrollen-zu-tschechien-und-polen-einfuehren\/"},"wordCount":459,"commentCount":0,"publisher":{"@id":"https:\/\/now-news.de\/de\/#organization"},"image":{"@id":"https:\/\/now-news.de\/de\/deutschland\/flucht-und-migration-deutschland-will-stationaere-grenzkontrollen-zu-tschechien-und-polen-einfuehren\/#primaryimage"},"thumbnailUrl":"https:\/\/now-news.de\/de\/wp-content\/uploads\/sites\/3\/2023\/10\/Flucht-und-Migration-Deutschland-will-stationaere-Grenzkontrollen-zu-Tschechien-und.jpg","keywords":["Deutschland","einf\u00fchren","Flucht","Grenzkontrollen","Migration","Polen","station\u00e4re","Tschechien","und"],"articleSection":["Deutschland","Russland"],"inLanguage":"de","potentialAction":[{"@type":"CommentAction","name":"Comment","target":["https:\/\/now-news.de\/de\/deutschland\/flucht-und-migration-deutschland-will-stationaere-grenzkontrollen-zu-tschechien-und-polen-einfuehren\/#respond"]}]},{"@type":"WebPage","@id":"https:\/\/now-news.de\/de\/deutschland\/flucht-und-migration-deutschland-will-stationaere-grenzkontrollen-zu-tschechien-und-polen-einfuehren\/","url":"https:\/\/now-news.de\/de\/deutschland\/flucht-und-migration-deutschland-will-stationaere-grenzkontrollen-zu-tschechien-und-polen-einfuehren\/","name":"Flucht und Migration: Deutschland will station\u00e4re Grenzkontrollen zu Tschechien und Polen einf\u00fchren - just-now.NEWS Deutschland","isPartOf":{"@id":"https:\/\/now-news.de\/de\/#website"},"primaryImageOfPage":{"@id":"https:\/\/now-news.de\/de\/deutschland\/flucht-und-migration-deutschland-will-stationaere-grenzkontrollen-zu-tschechien-und-polen-einfuehren\/#primaryimage"},"image":{"@id":"https:\/\/now-news.de\/de\/deutschland\/flucht-und-migration-deutschland-will-stationaere-grenzkontrollen-zu-tschechien-und-polen-einfuehren\/#primaryimage"},"thumbnailUrl":"https:\/\/now-news.de\/de\/wp-content\/uploads\/sites\/3\/2023\/10\/Flucht-und-Migration-Deutschland-will-stationaere-Grenzkontrollen-zu-Tschechien-und.jpg","datePublished":"2023-10-16T18:52:04+00:00","dateModified":"2023-10-16T18:52:04+00:00","breadcrumb":{"@id":"https:\/\/now-news.de\/de\/deutschland\/flucht-und-migration-deutschland-will-stationaere-grenzkontrollen-zu-tschechien-und-polen-einfuehren\/#breadcrumb"},"inLanguage":"de","potentialAction":[{"@type":"ReadAction","target":["https:\/\/now-news.de\/de\/deutschland\/flucht-und-migration-deutschland-will-stationaere-grenzkontrollen-zu-tschechien-und-polen-einfuehren\/"]}]},{"@type":"ImageObject","inLanguage":"de","@id":"https:\/\/now-news.de\/de\/deutschland\/flucht-und-migration-deutschland-will-stationaere-grenzkontrollen-zu-tschechien-und-polen-einfuehren\/#primaryimage","url":"https:\/\/now-news.de\/de\/wp-content\/uploads\/sites\/3\/2023\/10\/Flucht-und-Migration-Deutschland-will-stationaere-Grenzkontrollen-zu-Tschechien-und.jpg","contentUrl":"https:\/\/now-news.de\/de\/wp-content\/uploads\/sites\/3\/2023\/10\/Flucht-und-Migration-Deutschland-will-stationaere-Grenzkontrollen-zu-Tschechien-und.jpg","width":460,"height":259,"caption":"Flucht und Migration: Deutschland will station\u00e4re Grenzkontrollen zu Tschechien und Polen einf\u00fchren"},{"@type":"BreadcrumbList","@id":"https:\/\/now-news.de\/de\/deutschland\/flucht-und-migration-deutschland-will-stationaere-grenzkontrollen-zu-tschechien-und-polen-einfuehren\/#breadcrumb","itemListElement":[{"@type":"ListItem","position":1,"name":"Home","item":"https:\/\/now-news.de\/de\/"},{"@type":"ListItem","position":2,"name":"Flucht und Migration: Deutschland will station\u00e4re Grenzkontrollen zu Tschechien und Polen einf\u00fchren"}]},{"@type":"WebSite","@id":"https:\/\/now-news.de\/de\/#website","url":"https:\/\/now-news.de\/de\/","name":"just-now.NEWS Deutschland","description":"Das Portal f\u00fcr unzensierte Nachrichten aus der Welt","publisher":{"@id":"https:\/\/now-news.de\/de\/#organization"},"potentialAction":[{"@type":"SearchAction","target":{"@type":"EntryPoint","urlTemplate":"https:\/\/now-news.de\/de\/?s={search_term_string}"},"query-input":"required name=search_term_string"}],"inLanguage":"de"},{"@type":"Organization","@id":"https:\/\/now-news.de\/de\/#organization","name":"Just Now News","url":"https:\/\/now-news.de\/de\/","logo":{"@type":"ImageObject","inLanguage":"de","@id":"https:\/\/now-news.de\/de\/#\/schema\/logo\/image\/","url":"http:\/\/just-now.news\/de\/wp-content\/uploads\/sites\/3\/2022\/04\/logo500x500.jpg","contentUrl":"http:\/\/just-now.news\/de\/wp-content\/uploads\/sites\/3\/2022\/04\/logo500x500.jpg","width":500,"height":500,"caption":"Just Now News"},"image":{"@id":"https:\/\/now-news.de\/de\/#\/schema\/logo\/image\/"},"sameAs":["https:\/\/www.facebook.com\/wirmachenauf","https:\/\/x.com\/WirMachenAuf_de"]},{"@type":"Person","@id":"https:\/\/now-news.de\/de\/#\/schema\/person\/fb534a4e865501d8b3285208df34a9b5","name":"rtnews","image":{"@type":"ImageObject","inLanguage":"de","@id":"https:\/\/now-news.de\/de\/#\/schema\/person\/image\/","url":"https:\/\/secure.gravatar.com\/avatar\/82aafea7d8127119dd649515f56e2117?s=96&d=mm&r=g","contentUrl":"https:\/\/secure.gravatar.com\/avatar\/82aafea7d8127119dd649515f56e2117?s=96&d=mm&r=g","caption":"rtnews"},"url":"https:\/\/now-news.de\/de\/author\/rnews\/"}]}},"_links":{"self":[{"href":"https:\/\/now-news.de\/de\/wp-json\/wp\/v2\/posts\/48164"}],"collection":[{"href":"https:\/\/now-news.de\/de\/wp-json\/wp\/v2\/posts"}],"about":[{"href":"https:\/\/now-news.de\/de\/wp-json\/wp\/v2\/types\/post"}],"author":[{"embeddable":true,"href":"https:\/\/now-news.de\/de\/wp-json\/wp\/v2\/users\/3"}],"replies":[{"embeddable":true,"href":"https:\/\/now-news.de\/de\/wp-json\/wp\/v2\/comments?post=48164"}],"version-history":[{"count":0,"href":"https:\/\/now-news.de\/de\/wp-json\/wp\/v2\/posts\/48164\/revisions"}],"wp:featuredmedia":[{"embeddable":true,"href":"https:\/\/now-news.de\/de\/wp-json\/wp\/v2\/media\/48165"}],"wp:attachment":[{"href":"https:\/\/now-news.de\/de\/wp-json\/wp\/v2\/media?parent=48164"}],"wp:term":[{"taxonomy":"category","embeddable":true,"href":"https:\/\/now-news.de\/de\/wp-json\/wp\/v2\/categories?post=48164"},{"taxonomy":"post_tag","embeddable":true,"href":"https:\/\/now-news.de\/de\/wp-json\/wp\/v2\/tags?post=48164"}],"curies":[{"name":"wp","href":"https:\/\/api.w.org\/{rel}","templated":true}]}}