{"id":48152,"date":"2023-10-16T18:54:37","date_gmt":"2023-10-16T16:54:37","guid":{"rendered":"https:\/\/just-now.news\/de\/deutschland\/ob-nahost-oder-ukraine-wenn-zwei-sich-pruegeln-braucht-es-nicht-die-faust-eines-dritten\/"},"modified":"2023-10-16T18:54:37","modified_gmt":"2023-10-16T16:54:37","slug":"ob-nahost-oder-ukraine-wenn-zwei-sich-pruegeln-braucht-es-nicht-die-faust-eines-dritten","status":"publish","type":"post","link":"https:\/\/now-news.de\/de\/deutschland\/ob-nahost-oder-ukraine-wenn-zwei-sich-pruegeln-braucht-es-nicht-die-faust-eines-dritten\/","title":{"rendered":"Ob Nahost oder Ukraine: Wenn zwei sich pr\u00fcgeln, braucht es nicht die Faust eines Dritten"},"content":{"rendered":"<p><img decoding=\"async\" src=\"http:\/\/just-now.news\/de\/wp-content\/uploads\/sites\/3\/2023\/10\/652cdd3048fbef37a53564d0.jpg\" \/><\/p>\n<div class=\"Text-root Text-type_1 \">\n                K\u00fcrzlich habe ich mit einem guten Freund in Moskau gesprochen und ihn gefragt, wie die Menschen dort den aktuellen Israel-Pal\u00e4stina-Konflikt wahrnehmen. Seine Antwort zeigt, dass Deutschland v\u00f6llig falsch abgebogen ist.\n            <\/div>\n<p><\/p>\n<div class=\"Text-root Text-type_5 ArticleView-text ViewText-root \">\n<p><em>Von Tom J. Wellbrock<\/em><\/p>\n<p>In einem l\u00e4ngeren Podcast mit dem Titel &#8220;Medien und Krieg: Ich sehe tote Kinder&#8221;, mit Gert Ewen Ungar, der seit gut einem Jahr in Moskau lebt, habe ich mich \u00fcber die Konflikte um die Ukraine und die aktuellen Geschehnisse zwischen Israel und Pal\u00e4stina unterhalten. Das Ergebnis war aus deutscher Sicht ern\u00fcchternd.<\/p>\n<p><strong>Draufhauen!<\/strong><\/p>\n<p>Die deutsche Politik sucht sich gezielt aus, wann sie sich gesinnungsethisch aufb\u00e4umt und mit erhobenem Zeigefinger moralisiert. Wenn es gerade nicht passt, schweigt sie einfach. Beispielsweise, als Florian Warweg von den NachDenkSeiten k\u00fcrzlich auf der Bundespressekonferenz fragte, ob Kanzler Olaf Scholz sich dem von der UN ge\u00e4u\u00dferten Vorwurf in Richtung Israel anschlie\u00dfe, dass die totale Blockade Israels vom Gazastreifen v\u00f6lkerrechtswidrig sei. Von der wom\u00f6glich von Erk\u00e4ltung oder Corona geplagten Pressesprecherin Christiane Hoffmann erhielt Warweg eine Textbaustein-Antwort: Deutschland betone das Selbstverteidigungsrecht Israels, zu einzelnen Ma\u00dfnahmen k\u00f6nne man sich nicht \u00e4u\u00dfern. Die Nachfrage Warwegs ergab eine identische Antwort.<\/p>\n<p>Wenn Michael Roth (SPD), die &#8220;Infrastruktur der Hamas komplett vernichten&#8221; will, wie im ARD-Morgenmagazin geschehen, kann man nur fassungslos zur\u00fcckbleiben in Anbetracht der Tatsache, dass damit Angriffe und T\u00f6tungen pal\u00e4stinensischer Zivilisten verbunden sind. Doch Roth geht noch weiter und zeigt auf, wie \u2013 man kann es nicht anders bezeichnen \u2013 pervers er die deutsche Au\u00dfenpolitik sieht, wenn er sagt:<\/p>\n<blockquote>\n<p><em>&#8220;Wir werden uns vermutlich von der Idee verabschieden m\u00fcssen, dass auf dem Verhandlungswege mit einem solchen Terrorregime irgendwas zu erreichen sein wird.&#8221;<\/em><\/p>\n<\/blockquote>\n<p>Roth meint den Umgang mit dem Iran. Zwar gebe es schon zahlreiche Sanktionen gegen den Iran, doch nun m\u00fcsse gepr\u00fcft werden, was noch m\u00f6glich sei (er pr\u00e4zisiert das nicht). Dann weist Roth darauf hin, dass Iran die &#8220;Friedensbem\u00fchungen Israels&#8221; bek\u00e4mpfe, ein Terrorregime sei, das keinerlei Recht auf Verhandlungen habe. Er spricht damit vielen Zivilisten gegen\u00fcber das Todesurteil aus.<\/p>\n<p><strong>Deutschland im Fadenkreuz<\/strong><\/p>\n<p>Wenn man sich erst einmal von &#8220;der Idee&#8221; verabschiedet hat, L\u00f6sungen durch Verhandlungen zu erzielen, hat man den Kerngedanken der Diplomatie bereits verlassen. Mit wem darf man denn verhandeln? Mit wem nicht? Wer entscheidet das auf welcher Basis? Und sind L\u00e4nder, mit denen man heute noch verhandelt, morgen wom\u00f6glich raus, weil sie irgendein &#8220;Fehlverhalten&#8221; gezeigt haben?<\/p>\n<p>Was Roth im Interview aufgezeigt hat, ist das komplette diplomatische Versagen, mehr noch: die Weigerung, Diplomatie walten zu lassen. Von der feindseligen und kriegerischen Absicht dahinter abgesehen, wird das fr\u00fcher oder sp\u00e4ter Konsequenzen haben, auch und gerade f\u00fcr Deutschland.<\/p>\n<p>So wie vermutlich der Gro\u00dfteil der Ukrainer mittelfristig keinesfalls dankbar f\u00fcr die unz\u00e4hligen deutschen Waffenlieferungen und die k\u00fcnstliche (weil: undiplomatische) Verl\u00e4ngerung des Krieges mit Russland sein wird, wird Deutschland sich weitere Feinde schaffen.<\/p>\n<p>Ob im Israel- oder Ukraine-Konflikt: Deutschland kennt nur die Eskalation, zeigt sich verhandlungsresistent und tr\u00e4gt so mit dazu bei, dass Menschen sterben, Angeh\u00f6rige an den Tod verlieren, hungern, frieren, ihre Kinder nicht ern\u00e4hren k\u00f6nnen. L\u00e4ngst nicht alle, aber viele von diesen Opfern der deutschen Au\u00dfenpolitik werden sich die deutsche Rolle merken, und sie wird sich tief ins Ged\u00e4chtnis einbrennen. Und irgendwann wird die Reaktion erfolgen, vielleicht, wahrscheinlich in Form von Terror, der seinerseits durch Rachegef\u00fchle angetrieben sein wird.<\/p>\n<p>Man k\u00f6nnte all das verhindern, indem man zwischen Zivilisten und Politik unterscheidet. Man k\u00f6nnte die Zivilbev\u00f6lkerung s\u00e4mtlicher Konflikte in den Vordergrund stellen und damit einhergehend zu diplomatischen L\u00f6sungen kommen, weil nur sie Zivilisten retten k\u00f6nnen. Stattdessen \u2013 wie im Interview geschehen \u2013 die bisherigen Sanktionen gegen Iran sogar noch steigern zu wollen, ist eine Kriegserkl\u00e4rung an die Zivilbev\u00f6lkerung Irans, eine weitere, denn das Leid der Menschen unter den Sanktionen ist ja nicht neu.<\/p>\n<p>Und ein weiterer Punkt sollte nicht untersch\u00e4tzt werden. Sowohl Israel als auch Deutschland geraten in immer gr\u00f6\u00dfere Gefahr, je l\u00e4nger sie weiter eskalieren und morden oder zum Mord beitragen. Es besteht zum einen die Gefahr eines fl\u00e4chendeckenden Krieges rund um Israel herum, der das Land perspektivisch sogar zerst\u00f6ren kann. Zum anderen besteht die nicht weniger realistische Gefahr eines Weltkrieges, denn wenn Israel nicht zur Vernunft kommt und die Partnerl\u00e4nder die feindselige Politik weiter unterst\u00fctzen, f\u00f6rdern und finanzieren, wird Deutschland nur eines von unz\u00e4hligen L\u00e4ndern sein, die Existenz und Leben auf diesem Planeten verlieren. Der Welt und\/oder den beiden L\u00e4ndern und den Menschen, die dort leben, kann man diese Perspektive unm\u00f6glich w\u00fcnschen oder ihre Verwirklichung riskieren.<\/p>\n<p>Doch selbst wenn diese gro\u00dfen Kriege ausbleiben: Deutschland hat sich weltweit isoliert, die aggressive Grundhaltung dieses Landes hat dazu gef\u00fchrt, dass kaum noch jemand mit der Au\u00dfenministerin sprechen oder sie ernst nehmen will. Viel wichtiger aber ist die Tatsache, dass Deutschland sich als Gespr\u00e4chspartner f\u00fcr Konfliktl\u00f6sungen selbst aus dem Ring gekickt hat. Wenn Millionen oder gar Milliarden von Menschen mit Deutschland Feindschaft und Einmischung in die inneren Angelegenheiten assoziieren, wird das den Standort des Landes weder besser noch sicherer machen.<\/p>\n<p><strong>Moskauer Reaktionen<\/strong><\/p>\n<p>Zum Abschluss sollen die Reaktionen aus Moskau zum aktuellen Israel-Pal\u00e4stina-Konflikt erw\u00e4hnt werden. Die meisten Moskauer reagieren auf die derzeitige Situation mit Trauer und Bedauern. Medial ist das Thema in Moskau gro\u00df, es gibt auch Berichte, Interviews und Dokumentationen \u00fcber den geschichtlichen Hintergrund des Konfliktes. Die Menschen in Moskau erfassen, dass ein sehr langer Konflikt scheinbar nach wie vor nicht zu einem Ende kommen mag. Dar\u00fcber wird viel gesprochen.<\/p>\n<p>Was in Moskau jedoch nicht oder nur sehr selten zu finden ist, ist eine offene Parteinahme f\u00fcr eine Seite. Daraus folgend gibt es auch keine Forderungen nach kriegerischen Interventionen, Waffenlieferungen oder gar der Ausl\u00f6schung der Hamas oder der Pal\u00e4stinenser. F\u00fcr die Menschen in Moskau ist dieser Krieg schrecklich, aber nicht ihr Krieg. Sie w\u00fcnschen sich, dass er beendet wird, dass es eine L\u00f6sung geben kann, die allen gerecht wird. Mit dieser Haltung f\u00e4llt es schwer, Aggressionen zu entwickeln oder sich in der Verpflichtung zu sehen, aktiv in diesen Konflikt einzugreifen.<\/p>\n<p>Mein guter Freund Gert Ewen Ungar ist fassungslos, wenn er sieht, dass in Deutschland einmal mehr auf Intervention, auf Waffen, auf Hass und einen milit\u00e4rischen Sieg gesetzt wird. Er kann es nicht verstehen, dass es Stimmen gibt, die die totale Blockade Israels gegen\u00fcber dem Gazastreifen bef\u00fcrworten, begr\u00fc\u00dfen und sogar fordern. Ausgerechnet Deutschland, das Land, das ma\u00dfgeblich f\u00fcr die Leningrader Blockade verantwortlich war, bei der in rund 28 Monaten mehr als eine Million Menschen starben.<\/p>\n<p>Deutschland hat ganz offensichtlich aus der Geschichte nichts gelernt, oder aber es ist gewillt, die Geschichte zu wiederholen. Einmal mehr in dem Irrglauben, diesmal auf der richtigen Seite zu stehen.<\/p>\n<p><em>Tom J. Wellbrock ist Journalist, Sprecher, Texter, Podcaster, Moderator und Mitherausgeber des Blogs neulandrebellen.<\/em><\/p>\n<p><strong>Mehr zum Thema<\/strong> \u2013\u00a0<a rel=\"nofollow noopener\" target=\"_blank\" href=\"https:\/\/freeassange.rtde.life\/der-nahe-osten\/183815-pakistan-aufruf-zum-kampf-aller\/\">Pakistan: Aufruf zum Kampf aller Muslime an der Seite der Hamas<\/a><\/p>\n<div class=\"EmbedBlock-root EmbedBlock-externalVideo EmbedBlock-odysee\">\n<div class=\"VkEmbed\"><iframe class=\"lazyload\" data-src=\"https:\/\/odysee.com\/%24\/embed\/%40RTDE%3Ae%2FVerurteilt-der-Bundeskanzler-die-Gaza-Blockade-durch-Israel-als-v%C3%B6lkerrechtswidrig-%3Aa\" frameborder=\"0\" width=\"853\" height=\"480\" allowfullscreen><\/iframe><\/div>\n<\/div>\n<\/div>\n<p><br \/>\n<br \/><a href=\"https:\/\/de.rt.com\/meinung\/183869-wenn-zwei-sich-pruegeln-braucht-es-nicht-die-faust-eines-dritten\/\">Source link <\/a><\/p>\n","protected":false},"excerpt":{"rendered":"<p>K\u00fcrzlich habe ich mit einem guten Freund in Moskau gesprochen und ihn gefragt, wie die Menschen dort den aktuellen Israel-Pal\u00e4stina-Konflikt wahrnehmen. Seine Antwort zeigt, dass Deutschland v\u00f6llig falsch abgebogen ist. Von Tom J. Wellbrock In einem l\u00e4ngeren Podcast mit dem Titel &#8220;Medien und Krieg: Ich sehe tote Kinder&#8221;, mit Gert Ewen Ungar, der seit gut [&hellip;]<\/p>\n","protected":false},"author":3,"featured_media":48153,"comment_status":"open","ping_status":"open","sticky":false,"template":"","format":"standard","meta":{"_yoast_indexnow_last_ping":["1697475772"],"wp_automatic_camp":["217"],"b03d5ecd497a05d40966a7b46a35338c":["Ob Nahost oder Ukraine: Wenn zwei sich pr\u00fcgeln, braucht es nicht die Faust eines Dritten"],"original_link":["https:\/\/de.rt.com\/meinung\/183869-wenn-zwei-sich-pruegeln-braucht-es-nicht-die-faust-eines-dritten\/"],"_thumbnail_id":["48153"],"jnews_social_counter_last_update":["1776927995"],"_wptgpro_p2tg_sent2tg":["a:1:{i:23737;s:19:\"2023-10-16 19:03:54\";}"]},"categories":[19,23],"tags":[8879,45,1726,2111,23694,20000,800,268,40778,434,127,4218,1003],"yoast_head":"<!-- This site is optimized with the Yoast SEO Premium plugin v22.7 (Yoast SEO v22.7) - https:\/\/yoast.com\/wordpress\/plugins\/seo\/ -->\n<title>Ob Nahost oder Ukraine: Wenn zwei sich pr\u00fcgeln, braucht es nicht die Faust eines Dritten - just-now.NEWS Deutschland<\/title>\n<meta name=\"robots\" content=\"index, follow, max-snippet:-1, max-image-preview:large, max-video-preview:-1\" \/>\n<link rel=\"canonical\" href=\"https:\/\/now-news.de\/de\/deutschland\/ob-nahost-oder-ukraine-wenn-zwei-sich-pruegeln-braucht-es-nicht-die-faust-eines-dritten\/\" \/>\n<meta property=\"og:locale\" content=\"de_DE\" \/>\n<meta property=\"og:type\" content=\"article\" \/>\n<meta property=\"og:title\" content=\"Ob Nahost oder Ukraine: Wenn zwei sich pr\u00fcgeln, braucht es nicht die Faust eines Dritten\" \/>\n<meta property=\"og:description\" content=\"K\u00fcrzlich habe ich mit einem guten Freund in Moskau gesprochen und ihn gefragt, wie die Menschen dort den aktuellen Israel-Pal\u00e4stina-Konflikt wahrnehmen. Seine Antwort zeigt, dass Deutschland v\u00f6llig falsch abgebogen ist. Von Tom J. Wellbrock In einem l\u00e4ngeren Podcast mit dem Titel &#8220;Medien und Krieg: Ich sehe tote Kinder&#8221;, mit Gert Ewen Ungar, der seit gut [&hellip;]\" \/>\n<meta property=\"og:url\" content=\"https:\/\/now-news.de\/de\/deutschland\/ob-nahost-oder-ukraine-wenn-zwei-sich-pruegeln-braucht-es-nicht-die-faust-eines-dritten\/\" \/>\n<meta property=\"og:site_name\" content=\"just-now.NEWS Deutschland\" \/>\n<meta property=\"article:publisher\" content=\"https:\/\/www.facebook.com\/wirmachenauf\" \/>\n<meta property=\"article:published_time\" content=\"2023-10-16T16:54:37+00:00\" \/>\n<meta property=\"og:image\" content=\"https:\/\/now-news.de\/de\/wp-content\/uploads\/sites\/3\/2023\/10\/Ob-Nahost-oder-Ukraine-Wenn-zwei-sich-pruegeln-braucht-es.jpg\" \/>\n\t<meta property=\"og:image:width\" content=\"460\" \/>\n\t<meta property=\"og:image:height\" content=\"259\" \/>\n\t<meta property=\"og:image:type\" content=\"image\/jpeg\" \/>\n<meta name=\"author\" content=\"rtnews\" \/>\n<meta name=\"twitter:card\" content=\"summary_large_image\" \/>\n<meta name=\"twitter:creator\" content=\"@WirMachenAuf_de\" \/>\n<meta name=\"twitter:site\" content=\"@WirMachenAuf_de\" \/>\n<meta name=\"twitter:label1\" content=\"Verfasst von\" \/>\n\t<meta name=\"twitter:data1\" content=\"rtnews\" \/>\n\t<meta name=\"twitter:label2\" content=\"Gesch\u00e4tzte Lesezeit\" \/>\n\t<meta name=\"twitter:data2\" content=\"6\u00a0Minuten\" \/>\n<script type=\"application\/ld+json\" class=\"yoast-schema-graph\">{\"@context\":\"https:\/\/schema.org\",\"@graph\":[{\"@type\":\"Article\",\"@id\":\"https:\/\/now-news.de\/de\/deutschland\/ob-nahost-oder-ukraine-wenn-zwei-sich-pruegeln-braucht-es-nicht-die-faust-eines-dritten\/#article\",\"isPartOf\":{\"@id\":\"https:\/\/now-news.de\/de\/deutschland\/ob-nahost-oder-ukraine-wenn-zwei-sich-pruegeln-braucht-es-nicht-die-faust-eines-dritten\/\"},\"author\":{\"name\":\"rtnews\",\"@id\":\"https:\/\/now-news.de\/de\/#\/schema\/person\/fb534a4e865501d8b3285208df34a9b5\"},\"headline\":\"Ob Nahost oder Ukraine: Wenn zwei sich pr\u00fcgeln, braucht es nicht die Faust eines Dritten\",\"datePublished\":\"2023-10-16T16:54:37+00:00\",\"dateModified\":\"2023-10-16T16:54:37+00:00\",\"mainEntityOfPage\":{\"@id\":\"https:\/\/now-news.de\/de\/deutschland\/ob-nahost-oder-ukraine-wenn-zwei-sich-pruegeln-braucht-es-nicht-die-faust-eines-dritten\/\"},\"wordCount\":1196,\"commentCount\":0,\"publisher\":{\"@id\":\"https:\/\/now-news.de\/de\/#organization\"},\"image\":{\"@id\":\"https:\/\/now-news.de\/de\/deutschland\/ob-nahost-oder-ukraine-wenn-zwei-sich-pruegeln-braucht-es-nicht-die-faust-eines-dritten\/#primaryimage\"},\"thumbnailUrl\":\"https:\/\/now-news.de\/de\/wp-content\/uploads\/sites\/3\/2023\/10\/Ob-Nahost-oder-Ukraine-Wenn-zwei-sich-pruegeln-braucht-es.jpg\",\"keywords\":[\"braucht\",\"die\",\"dritten\",\"eines\",\"Faust\",\"Nahost\",\"nicht\",\"oder\",\"pr\u00fcgeln\",\"sich\",\"ukraine\",\"wenn\",\"zwei\"],\"articleSection\":[\"Deutschland\",\"Russland\"],\"inLanguage\":\"de\",\"potentialAction\":[{\"@type\":\"CommentAction\",\"name\":\"Comment\",\"target\":[\"https:\/\/now-news.de\/de\/deutschland\/ob-nahost-oder-ukraine-wenn-zwei-sich-pruegeln-braucht-es-nicht-die-faust-eines-dritten\/#respond\"]}]},{\"@type\":\"WebPage\",\"@id\":\"https:\/\/now-news.de\/de\/deutschland\/ob-nahost-oder-ukraine-wenn-zwei-sich-pruegeln-braucht-es-nicht-die-faust-eines-dritten\/\",\"url\":\"https:\/\/now-news.de\/de\/deutschland\/ob-nahost-oder-ukraine-wenn-zwei-sich-pruegeln-braucht-es-nicht-die-faust-eines-dritten\/\",\"name\":\"Ob Nahost oder Ukraine: Wenn zwei sich pr\u00fcgeln, braucht es nicht die Faust eines Dritten - just-now.NEWS Deutschland\",\"isPartOf\":{\"@id\":\"https:\/\/now-news.de\/de\/#website\"},\"primaryImageOfPage\":{\"@id\":\"https:\/\/now-news.de\/de\/deutschland\/ob-nahost-oder-ukraine-wenn-zwei-sich-pruegeln-braucht-es-nicht-die-faust-eines-dritten\/#primaryimage\"},\"image\":{\"@id\":\"https:\/\/now-news.de\/de\/deutschland\/ob-nahost-oder-ukraine-wenn-zwei-sich-pruegeln-braucht-es-nicht-die-faust-eines-dritten\/#primaryimage\"},\"thumbnailUrl\":\"https:\/\/now-news.de\/de\/wp-content\/uploads\/sites\/3\/2023\/10\/Ob-Nahost-oder-Ukraine-Wenn-zwei-sich-pruegeln-braucht-es.jpg\",\"datePublished\":\"2023-10-16T16:54:37+00:00\",\"dateModified\":\"2023-10-16T16:54:37+00:00\",\"breadcrumb\":{\"@id\":\"https:\/\/now-news.de\/de\/deutschland\/ob-nahost-oder-ukraine-wenn-zwei-sich-pruegeln-braucht-es-nicht-die-faust-eines-dritten\/#breadcrumb\"},\"inLanguage\":\"de\",\"potentialAction\":[{\"@type\":\"ReadAction\",\"target\":[\"https:\/\/now-news.de\/de\/deutschland\/ob-nahost-oder-ukraine-wenn-zwei-sich-pruegeln-braucht-es-nicht-die-faust-eines-dritten\/\"]}]},{\"@type\":\"ImageObject\",\"inLanguage\":\"de\",\"@id\":\"https:\/\/now-news.de\/de\/deutschland\/ob-nahost-oder-ukraine-wenn-zwei-sich-pruegeln-braucht-es-nicht-die-faust-eines-dritten\/#primaryimage\",\"url\":\"https:\/\/now-news.de\/de\/wp-content\/uploads\/sites\/3\/2023\/10\/Ob-Nahost-oder-Ukraine-Wenn-zwei-sich-pruegeln-braucht-es.jpg\",\"contentUrl\":\"https:\/\/now-news.de\/de\/wp-content\/uploads\/sites\/3\/2023\/10\/Ob-Nahost-oder-Ukraine-Wenn-zwei-sich-pruegeln-braucht-es.jpg\",\"width\":460,\"height\":259,\"caption\":\"Ob Nahost oder Ukraine: Wenn zwei sich pr\u00fcgeln, braucht es nicht die Faust eines Dritten\"},{\"@type\":\"BreadcrumbList\",\"@id\":\"https:\/\/now-news.de\/de\/deutschland\/ob-nahost-oder-ukraine-wenn-zwei-sich-pruegeln-braucht-es-nicht-die-faust-eines-dritten\/#breadcrumb\",\"itemListElement\":[{\"@type\":\"ListItem\",\"position\":1,\"name\":\"Home\",\"item\":\"https:\/\/now-news.de\/de\/\"},{\"@type\":\"ListItem\",\"position\":2,\"name\":\"Ob Nahost oder Ukraine: Wenn zwei sich pr\u00fcgeln, braucht es nicht die Faust eines Dritten\"}]},{\"@type\":\"WebSite\",\"@id\":\"https:\/\/now-news.de\/de\/#website\",\"url\":\"https:\/\/now-news.de\/de\/\",\"name\":\"just-now.NEWS Deutschland\",\"description\":\"Das Portal f\u00fcr unzensierte Nachrichten aus der Welt\",\"publisher\":{\"@id\":\"https:\/\/now-news.de\/de\/#organization\"},\"potentialAction\":[{\"@type\":\"SearchAction\",\"target\":{\"@type\":\"EntryPoint\",\"urlTemplate\":\"https:\/\/now-news.de\/de\/?s={search_term_string}\"},\"query-input\":\"required name=search_term_string\"}],\"inLanguage\":\"de\"},{\"@type\":\"Organization\",\"@id\":\"https:\/\/now-news.de\/de\/#organization\",\"name\":\"Just Now News\",\"url\":\"https:\/\/now-news.de\/de\/\",\"logo\":{\"@type\":\"ImageObject\",\"inLanguage\":\"de\",\"@id\":\"https:\/\/now-news.de\/de\/#\/schema\/logo\/image\/\",\"url\":\"http:\/\/just-now.news\/de\/wp-content\/uploads\/sites\/3\/2022\/04\/logo500x500.jpg\",\"contentUrl\":\"http:\/\/just-now.news\/de\/wp-content\/uploads\/sites\/3\/2022\/04\/logo500x500.jpg\",\"width\":500,\"height\":500,\"caption\":\"Just Now News\"},\"image\":{\"@id\":\"https:\/\/now-news.de\/de\/#\/schema\/logo\/image\/\"},\"sameAs\":[\"https:\/\/www.facebook.com\/wirmachenauf\",\"https:\/\/x.com\/WirMachenAuf_de\"]},{\"@type\":\"Person\",\"@id\":\"https:\/\/now-news.de\/de\/#\/schema\/person\/fb534a4e865501d8b3285208df34a9b5\",\"name\":\"rtnews\",\"image\":{\"@type\":\"ImageObject\",\"inLanguage\":\"de\",\"@id\":\"https:\/\/now-news.de\/de\/#\/schema\/person\/image\/\",\"url\":\"https:\/\/secure.gravatar.com\/avatar\/82aafea7d8127119dd649515f56e2117?s=96&d=mm&r=g\",\"contentUrl\":\"https:\/\/secure.gravatar.com\/avatar\/82aafea7d8127119dd649515f56e2117?s=96&d=mm&r=g\",\"caption\":\"rtnews\"},\"url\":\"https:\/\/now-news.de\/de\/author\/rnews\/\"}]}<\/script>\n<!-- \/ Yoast SEO Premium plugin. -->","yoast_head_json":{"title":"Ob Nahost oder Ukraine: Wenn zwei sich pr\u00fcgeln, braucht es nicht die Faust eines Dritten - just-now.NEWS Deutschland","robots":{"index":"index","follow":"follow","max-snippet":"max-snippet:-1","max-image-preview":"max-image-preview:large","max-video-preview":"max-video-preview:-1"},"canonical":"https:\/\/now-news.de\/de\/deutschland\/ob-nahost-oder-ukraine-wenn-zwei-sich-pruegeln-braucht-es-nicht-die-faust-eines-dritten\/","og_locale":"de_DE","og_type":"article","og_title":"Ob Nahost oder Ukraine: Wenn zwei sich pr\u00fcgeln, braucht es nicht die Faust eines Dritten","og_description":"K\u00fcrzlich habe ich mit einem guten Freund in Moskau gesprochen und ihn gefragt, wie die Menschen dort den aktuellen Israel-Pal\u00e4stina-Konflikt wahrnehmen. Seine Antwort zeigt, dass Deutschland v\u00f6llig falsch abgebogen ist. Von Tom J. Wellbrock In einem l\u00e4ngeren Podcast mit dem Titel &#8220;Medien und Krieg: Ich sehe tote Kinder&#8221;, mit Gert Ewen Ungar, der seit gut [&hellip;]","og_url":"https:\/\/now-news.de\/de\/deutschland\/ob-nahost-oder-ukraine-wenn-zwei-sich-pruegeln-braucht-es-nicht-die-faust-eines-dritten\/","og_site_name":"just-now.NEWS Deutschland","article_publisher":"https:\/\/www.facebook.com\/wirmachenauf","article_published_time":"2023-10-16T16:54:37+00:00","og_image":[{"width":460,"height":259,"url":"https:\/\/now-news.de\/de\/wp-content\/uploads\/sites\/3\/2023\/10\/Ob-Nahost-oder-Ukraine-Wenn-zwei-sich-pruegeln-braucht-es.jpg","type":"image\/jpeg"}],"author":"rtnews","twitter_card":"summary_large_image","twitter_creator":"@WirMachenAuf_de","twitter_site":"@WirMachenAuf_de","twitter_misc":{"Verfasst von":"rtnews","Gesch\u00e4tzte Lesezeit":"6\u00a0Minuten"},"schema":{"@context":"https:\/\/schema.org","@graph":[{"@type":"Article","@id":"https:\/\/now-news.de\/de\/deutschland\/ob-nahost-oder-ukraine-wenn-zwei-sich-pruegeln-braucht-es-nicht-die-faust-eines-dritten\/#article","isPartOf":{"@id":"https:\/\/now-news.de\/de\/deutschland\/ob-nahost-oder-ukraine-wenn-zwei-sich-pruegeln-braucht-es-nicht-die-faust-eines-dritten\/"},"author":{"name":"rtnews","@id":"https:\/\/now-news.de\/de\/#\/schema\/person\/fb534a4e865501d8b3285208df34a9b5"},"headline":"Ob Nahost oder Ukraine: Wenn zwei sich pr\u00fcgeln, braucht es nicht die Faust eines Dritten","datePublished":"2023-10-16T16:54:37+00:00","dateModified":"2023-10-16T16:54:37+00:00","mainEntityOfPage":{"@id":"https:\/\/now-news.de\/de\/deutschland\/ob-nahost-oder-ukraine-wenn-zwei-sich-pruegeln-braucht-es-nicht-die-faust-eines-dritten\/"},"wordCount":1196,"commentCount":0,"publisher":{"@id":"https:\/\/now-news.de\/de\/#organization"},"image":{"@id":"https:\/\/now-news.de\/de\/deutschland\/ob-nahost-oder-ukraine-wenn-zwei-sich-pruegeln-braucht-es-nicht-die-faust-eines-dritten\/#primaryimage"},"thumbnailUrl":"https:\/\/now-news.de\/de\/wp-content\/uploads\/sites\/3\/2023\/10\/Ob-Nahost-oder-Ukraine-Wenn-zwei-sich-pruegeln-braucht-es.jpg","keywords":["braucht","die","dritten","eines","Faust","Nahost","nicht","oder","pr\u00fcgeln","sich","ukraine","wenn","zwei"],"articleSection":["Deutschland","Russland"],"inLanguage":"de","potentialAction":[{"@type":"CommentAction","name":"Comment","target":["https:\/\/now-news.de\/de\/deutschland\/ob-nahost-oder-ukraine-wenn-zwei-sich-pruegeln-braucht-es-nicht-die-faust-eines-dritten\/#respond"]}]},{"@type":"WebPage","@id":"https:\/\/now-news.de\/de\/deutschland\/ob-nahost-oder-ukraine-wenn-zwei-sich-pruegeln-braucht-es-nicht-die-faust-eines-dritten\/","url":"https:\/\/now-news.de\/de\/deutschland\/ob-nahost-oder-ukraine-wenn-zwei-sich-pruegeln-braucht-es-nicht-die-faust-eines-dritten\/","name":"Ob Nahost oder Ukraine: Wenn zwei sich pr\u00fcgeln, braucht es nicht die Faust eines Dritten - just-now.NEWS Deutschland","isPartOf":{"@id":"https:\/\/now-news.de\/de\/#website"},"primaryImageOfPage":{"@id":"https:\/\/now-news.de\/de\/deutschland\/ob-nahost-oder-ukraine-wenn-zwei-sich-pruegeln-braucht-es-nicht-die-faust-eines-dritten\/#primaryimage"},"image":{"@id":"https:\/\/now-news.de\/de\/deutschland\/ob-nahost-oder-ukraine-wenn-zwei-sich-pruegeln-braucht-es-nicht-die-faust-eines-dritten\/#primaryimage"},"thumbnailUrl":"https:\/\/now-news.de\/de\/wp-content\/uploads\/sites\/3\/2023\/10\/Ob-Nahost-oder-Ukraine-Wenn-zwei-sich-pruegeln-braucht-es.jpg","datePublished":"2023-10-16T16:54:37+00:00","dateModified":"2023-10-16T16:54:37+00:00","breadcrumb":{"@id":"https:\/\/now-news.de\/de\/deutschland\/ob-nahost-oder-ukraine-wenn-zwei-sich-pruegeln-braucht-es-nicht-die-faust-eines-dritten\/#breadcrumb"},"inLanguage":"de","potentialAction":[{"@type":"ReadAction","target":["https:\/\/now-news.de\/de\/deutschland\/ob-nahost-oder-ukraine-wenn-zwei-sich-pruegeln-braucht-es-nicht-die-faust-eines-dritten\/"]}]},{"@type":"ImageObject","inLanguage":"de","@id":"https:\/\/now-news.de\/de\/deutschland\/ob-nahost-oder-ukraine-wenn-zwei-sich-pruegeln-braucht-es-nicht-die-faust-eines-dritten\/#primaryimage","url":"https:\/\/now-news.de\/de\/wp-content\/uploads\/sites\/3\/2023\/10\/Ob-Nahost-oder-Ukraine-Wenn-zwei-sich-pruegeln-braucht-es.jpg","contentUrl":"https:\/\/now-news.de\/de\/wp-content\/uploads\/sites\/3\/2023\/10\/Ob-Nahost-oder-Ukraine-Wenn-zwei-sich-pruegeln-braucht-es.jpg","width":460,"height":259,"caption":"Ob Nahost oder Ukraine: Wenn zwei sich pr\u00fcgeln, braucht es nicht die Faust eines Dritten"},{"@type":"BreadcrumbList","@id":"https:\/\/now-news.de\/de\/deutschland\/ob-nahost-oder-ukraine-wenn-zwei-sich-pruegeln-braucht-es-nicht-die-faust-eines-dritten\/#breadcrumb","itemListElement":[{"@type":"ListItem","position":1,"name":"Home","item":"https:\/\/now-news.de\/de\/"},{"@type":"ListItem","position":2,"name":"Ob Nahost oder Ukraine: Wenn zwei sich pr\u00fcgeln, braucht es nicht die Faust eines Dritten"}]},{"@type":"WebSite","@id":"https:\/\/now-news.de\/de\/#website","url":"https:\/\/now-news.de\/de\/","name":"just-now.NEWS Deutschland","description":"Das Portal f\u00fcr unzensierte Nachrichten aus der Welt","publisher":{"@id":"https:\/\/now-news.de\/de\/#organization"},"potentialAction":[{"@type":"SearchAction","target":{"@type":"EntryPoint","urlTemplate":"https:\/\/now-news.de\/de\/?s={search_term_string}"},"query-input":"required name=search_term_string"}],"inLanguage":"de"},{"@type":"Organization","@id":"https:\/\/now-news.de\/de\/#organization","name":"Just Now News","url":"https:\/\/now-news.de\/de\/","logo":{"@type":"ImageObject","inLanguage":"de","@id":"https:\/\/now-news.de\/de\/#\/schema\/logo\/image\/","url":"http:\/\/just-now.news\/de\/wp-content\/uploads\/sites\/3\/2022\/04\/logo500x500.jpg","contentUrl":"http:\/\/just-now.news\/de\/wp-content\/uploads\/sites\/3\/2022\/04\/logo500x500.jpg","width":500,"height":500,"caption":"Just Now News"},"image":{"@id":"https:\/\/now-news.de\/de\/#\/schema\/logo\/image\/"},"sameAs":["https:\/\/www.facebook.com\/wirmachenauf","https:\/\/x.com\/WirMachenAuf_de"]},{"@type":"Person","@id":"https:\/\/now-news.de\/de\/#\/schema\/person\/fb534a4e865501d8b3285208df34a9b5","name":"rtnews","image":{"@type":"ImageObject","inLanguage":"de","@id":"https:\/\/now-news.de\/de\/#\/schema\/person\/image\/","url":"https:\/\/secure.gravatar.com\/avatar\/82aafea7d8127119dd649515f56e2117?s=96&d=mm&r=g","contentUrl":"https:\/\/secure.gravatar.com\/avatar\/82aafea7d8127119dd649515f56e2117?s=96&d=mm&r=g","caption":"rtnews"},"url":"https:\/\/now-news.de\/de\/author\/rnews\/"}]}},"_links":{"self":[{"href":"https:\/\/now-news.de\/de\/wp-json\/wp\/v2\/posts\/48152"}],"collection":[{"href":"https:\/\/now-news.de\/de\/wp-json\/wp\/v2\/posts"}],"about":[{"href":"https:\/\/now-news.de\/de\/wp-json\/wp\/v2\/types\/post"}],"author":[{"embeddable":true,"href":"https:\/\/now-news.de\/de\/wp-json\/wp\/v2\/users\/3"}],"replies":[{"embeddable":true,"href":"https:\/\/now-news.de\/de\/wp-json\/wp\/v2\/comments?post=48152"}],"version-history":[{"count":0,"href":"https:\/\/now-news.de\/de\/wp-json\/wp\/v2\/posts\/48152\/revisions"}],"wp:featuredmedia":[{"embeddable":true,"href":"https:\/\/now-news.de\/de\/wp-json\/wp\/v2\/media\/48153"}],"wp:attachment":[{"href":"https:\/\/now-news.de\/de\/wp-json\/wp\/v2\/media?parent=48152"}],"wp:term":[{"taxonomy":"category","embeddable":true,"href":"https:\/\/now-news.de\/de\/wp-json\/wp\/v2\/categories?post=48152"},{"taxonomy":"post_tag","embeddable":true,"href":"https:\/\/now-news.de\/de\/wp-json\/wp\/v2\/tags?post=48152"}],"curies":[{"name":"wp","href":"https:\/\/api.w.org\/{rel}","templated":true}]}}