{"id":48126,"date":"2023-10-16T14:17:42","date_gmt":"2023-10-16T12:17:42","guid":{"rendered":"https:\/\/just-now.news\/de\/deutschland\/der-terroranschlag-der-hamas-auf-israel-aehnelte-in-mehr-als-nur-einer-hinsicht-9-11\/"},"modified":"2023-10-16T14:17:42","modified_gmt":"2023-10-16T12:17:42","slug":"der-terroranschlag-der-hamas-auf-israel-aehnelte-in-mehr-als-nur-einer-hinsicht-9-11","status":"publish","type":"post","link":"https:\/\/now-news.de\/de\/deutschland\/der-terroranschlag-der-hamas-auf-israel-aehnelte-in-mehr-als-nur-einer-hinsicht-9-11\/","title":{"rendered":"Der Terroranschlag der Hamas auf Israel \u00e4hnelte in mehr als nur einer Hinsicht 9\/11"},"content":{"rendered":"<p><img decoding=\"async\" src=\"http:\/\/just-now.news\/de\/wp-content\/uploads\/sites\/3\/2023\/10\/652bf4f9b480cc74464c6db6.jpg\" \/><\/p>\n<div class=\"Text-root Text-type_1 \">\n                Bisher war eigene rohe Brutalit\u00e4t die einzige Antwort der israelischen Regierung von Benjamin Netanjahu auf die rohe Brutalit\u00e4t der Angriffe der Hamas auf Israel Ende der vergangenen Woche. Israel muss dringend Besseres tun, um in Zukunft solche \u00dcberraschungsangriffe zu verhindern.\n            <\/div>\n<p><\/p>\n<div class=\"Text-root Text-type_5 ArticleView-text ViewText-root \">\n<p><em>Von Robert Bridge<\/em><\/p>\n<p>Der US-amerikanische Au\u00dfenminister Antony Blinken verglich den Angriff der Hamas mit dem schlimmsten Terroranschlag aller Zeiten, der sich je auf dem Boden der USA ereignet hatte. &#8220;Wenn man diesen Angriff im Verh\u00e4ltnis zur Gr\u00f6\u00dfe der israelischen Bev\u00f6lkerung betrachtet, so entspricht dies zehn Anschl\u00e4gen wie am 11. September&#8221;, sagte er am vergangenen Donnerstag. Auch wenn dieser Zahlenvergleich etwas \u00fcbertrieben scheint, so liegt er dennoch nicht ganz daneben \u2013\u00a0und der Vergleich trifft nicht nur im Hinblick auf das Ausma\u00df der Trag\u00f6die zu.<\/p>\n<p>Im Bericht der 9\/11-Kommission, in dem die Vers\u00e4umnisse der US-Regierung dokumentiert wurden, um einen solchen Angriff auf die USA vorherzusehen, wurde &#8220;ein Mangel an unkonventionellem Vorausdenken&#8221; als wichtigster Faktor f\u00fcr das Versagen der US Sicherheitsbeh\u00f6rden aufgef\u00fchrt. &#8220;Das gr\u00f6\u00dfte Versagen war ein Fehlen von Vorstellungskraft&#8221;, stellten die Autoren des Berichts fest. &#8220;Wir glauben nicht, dass die Staatsf\u00fchrung und der zust\u00e4ndige Beamtenapparat die Schwere der potentiellen Bedrohung verstanden haben.&#8221;<\/p>\n<p>Es kann durchaus sein, dass die israelische Staatsf\u00fchrung und der dort zust\u00e4ndige Beamtenapparat angesichts eines Gegners, der sich seit ewig der Zerst\u00f6rung Israels verschrieben hat, dieselbe Art von Torheit begangen haben.<\/p>\n<p>Auch wenn es wahr ist, dass im Nachhinein immer kl\u00fcger ist und niemand sich vern\u00fcnftig auf alle potentiellen Gefahren vorbereiten kann, so haben sich doch die Spannungen zwischen Israelis und Pal\u00e4stinensern in der Vergangenheit zunehmend versch\u00e4rft und ein vulkanartiger Ausbruch der Gewalt in dieser Region war eigentlich l\u00e4ngst \u00fcberf\u00e4llig. Die Zahl extremistischer Angriffe durch israelische Siedler auf Pal\u00e4stinenser und deren Eigentum im besetzten Westjordanland hat in den letzten Jahren zugenommen. Allein im ersten Halbjahr 2023 registrierten die Vereinten Nationen <a rel=\"nofollow noopener\" target=\"_blank\" href=\"https:\/\/www.un.org\/unispal\/document\/increase-in-settler-violence-displacement-remarks-by-ocha-spokesperson-jens-laerke\/\">einen Rekord von 591 derartigen Vorf\u00e4llen<\/a>.<\/p>\n<p>Unterdessen erkl\u00e4rte die rechtsnationalistische Regierung von Netanjahu, die jegliche Verhandlungen mit der pal\u00e4stinensischen F\u00fchrung ablehnt, ihre Absicht, die Zahl der israelischen Siedler im Westjordanland bis zum Jahr 2050 von derzeit 500.000 auf eine Million zu verdoppeln. Auf jeden Fall k\u00f6nnte dies als perfektes Rezept f\u00fcr eine Katastrophe angesehen werden.<\/p>\n<p>Das bedeutet jedoch nicht, dass die Pal\u00e4stinenser auch vor dem \u00dcberfall auf Israel selbst ganz unschuldig waren. Im Juni beispielsweise erschossen zwei bewaffnete Pal\u00e4stinenser in der N\u00e4he einer j\u00fcdischen Siedlung im Westjordanland vier israelische Zivilisten, darunter einen 17-j\u00e4hrigen Jungen. Vielleicht ist es nicht verwunderlich, dass diese Attent\u00e4ter Mitglieder des bewaffneten Fl\u00fcgels der Hamas waren, jener militanten islamischen Gruppierung, die im Jahr 2007 die Kontrolle in Gaza \u00fcbernahm, nachdem sie ein Jahr zuvor als Sieger aus den Wahlen hervorgegangen war.<\/p>\n<p>Ein weiterer wichtiger Faktor, der auf einen unvermeidlichen Gewaltausbruch h\u00e4tte hinweisen k\u00f6nnen, ist die Kontroverse um die al-Aqsa-Moschee in Jerusalem, nach der die j\u00fcngste &#8220;Operation al-Aqsa&#8221; der Hamas-Terroristen auch benannt wurde. Diese Moschee gilt seit Jahrhunderten als Zankapfel zwischen Juden, Christen und Muslimen und jetzt wird sie zu einem echten Anlass zur Sorge. Im historischen Kontext befindet sich im al-Aqsa-Komplex der ber\u00fchmte Felsendom als ein islamischer Schrein, erbaut etwa 692 n. Chr. an genau der Stelle, wo seit langem nach j\u00fcdischer Tradition der Gr\u00fcndungsfels steht und von dem orthodoxe Juden gro\u00dfe Hoffnungen hegen, dort den Dritten Tempels als j\u00fcdische Kultst\u00e4tte errichten zu k\u00f6nnen.<\/p>\n<p>Im vergangenen April kam es zu gewaltt\u00e4tigen Zusammenst\u00f6\u00dfen zwischen muslimischen Gl\u00e4ubigen und israelischen Sicherheitskr\u00e4ften, als sich mehrere Hundert Pal\u00e4stinenser in der al-Aqsa-Moschee verbarrikadierten, weil sie bef\u00fcrchteten, dass trotz Verbots j\u00fcdische Siedler\u00a0den Tempelberg betreten k\u00f6nnten, um ein rituelles Opfer darzubringen. Schlie\u00dflich drangen die israelischen Sicherheitskr\u00e4fte in Kampfausr\u00fcstung in die Moschee, wobei 50 Menschen verletzt und Hunderte verhaftet wurden.<\/p>\n<p>Ein anonymer israelischer Regierungsbeamter r\u00e4umte gegen\u00fcber der <em>Times of Israel<\/em> ein, dass die Sicherheitskr\u00e4fte bei ihrem Vorgehen gegen die Pal\u00e4stinenser &#8220;<a rel=\"nofollow noopener\" target=\"_blank\" href=\"https:\/\/www.timesofisrael.com\/liveblog_entry\/top-israeli-official-admits-police-overreacted-in-beating-palestinians-inside-al-aqsa\/\">zu weit gegangen<\/a>&#8221; w\u00e4ren und f\u00fcgte hinzu, dass dieses Vorgehen &#8220;alle Bef\u00fcrchtungen legitimiert habe, dass die al-Aqsa bedroht sei, und damit die Gegner Israels aufger\u00fcttelt habe&#8221;.<\/p>\n<p>All dies deutet auf einen gravierenden Mangel an Vorausdenken hin, wenn es darum geht, einen Angriff der Hamas vorherzusehen. Dennoch h\u00e4tte es zahlreiche physische Signale geben m\u00fcssen, die keinerlei Vorausdenken erfordert h\u00e4tten und auf dem Radar des israelischen Auslandsgeheimdienstes Mossad h\u00e4tten aufleuchten m\u00fcssen. Mit seinem Jahresbudget von drei Milliarden US-Dollar und 7.000 Mitarbeitern ist der Mossad nach der CIA <a rel=\"nofollow noopener\" target=\"_blank\" href=\"https:\/\/www.ndtv.com\/world-news\/israel-palestine-mossad-gaza-hamas-attackexplained-how-mossad-functions-and-how-it-failed-to-stop-hamas-attack-4463289\">der zweitgr\u00f6\u00dfte Geheimdienst<\/a> im globalen Westen. Bei solch einer enormen Schlagkraft ist es fast unm\u00f6glich zu glauben, dass der israelische Geheimdienst nicht Gaza oder sogar die Hamas zumindest teilweise mittels ihres ausgedehnten Spionagenetzwerks infiltriert hat. Wir m\u00fcssen uns also fragen: Da die pal\u00e4stinensische Milit\u00e4roperation mit so vielen Teilnehmern eine langwierige Planung erforderte \u2013 warum hat niemand \u2013 au\u00dfer offenbar dem <a rel=\"nofollow noopener\" target=\"_blank\" href=\"https:\/\/www.rt.com\/news\/584407-egypt-warned-israel-hamas\/\">\u00e4gyptischen Geheimdienst<\/a> \u2013\u00a0Wind von diesem Angriff bekommen? Auch wenn es noch zu fr\u00fch ist, mit dem Finger auf Schuldige zu zeigen, wird die Likud-Regierung von Netanjahu einiges zu erkl\u00e4ren haben, sobald sich der Pulverdampf gelichtet hat.<\/p>\n<p>Und dann ist da noch der langwierige Konflikt in der Ukraine, der die Hamas wahrscheinlich zu der Annahme verleitete, Israel w\u00fcrde allein bleiben, weil westliche Regierungen damit besch\u00e4ftigt sind, Kiew im Kampf gegen die Russen zu unterst\u00fctzen. Ein Gro\u00dfteil dieser Unterst\u00fctzung besteht ja darin, Waffen und Finanzhilfe im Wert von mehreren Milliarden US-Dollar in die Ukraine zu schicken, bis hin zu einem Punkt, an dem die Munitionsreserven der USA und der NATO sogar auf ein drastisch niedriges Niveau sanken. Und trotz der erkl\u00e4rten Neutralit\u00e4t Israels gegen\u00fcber dem ukrainischen Chaos scheint es, dass der Konflikt auch die milit\u00e4rische Bereitschaft Tel Avivs in West-Jerusalem beeintr\u00e4chtigt hat.<\/p>\n<p>Angenommen, die Kader der Hamas lesen regelm\u00e4\u00dfig die <em>New York Times<\/em>, dann h\u00e4tten sie bereits <a rel=\"nofollow noopener\" target=\"_blank\" href=\"https:\/\/www.nytimes.com\/2023\/01\/17\/us\/politics\/ukraine-israel-weapons.html\">im Januar erfahren<\/a>, dass die USA &#8220;einen riesigen, aber nicht genau bezifferten Vorrat an amerikanischer Munition in Israel angezapft haben, um den dringenden Bedarf der Ukraine an Artilleriegeschossen im Krieg mit Russland zu decken&#8221;.<\/p>\n<p>Der Artikel enth\u00fcllte weiter, dass das angelegte Waffenlager in Israel &#8220;Waffen und Munition f\u00fcr das Pentagon f\u00fcr den Einsatz in Nahost-Konflikten bereitstellt&#8221; und Israel &#8220;in Notf\u00e4llen&#8221; den Zugriff auf die Vorr\u00e4te erm\u00f6glicht. Da Berichten zufolge bereits mehr als 1.300 Israelis get\u00f6tet und \u00fcber 3.300 verwundet wurden und immer noch nicht alle Hamas-K\u00e4mpfer aus israelischem Territorium vertrieben werden konnten, handelt es sich hier sicherlich um einen solchen vollwertigen Notfall.<\/p>\n<p>Es scheint sicher zu sein, dass der Angriff der Hamas neben der Symbolik, am 50. Jahrestag des Jom-Kippur-Krieg begonnen worden zu sein, auch zu einem Zeitpunkt stattfand, als der durch den Konflikt in der Ukraine verursachte Munitionsmangel die Reaktionsf\u00e4higkeit der israelischen Verteidigungskr\u00e4fte am st\u00e4rksten beeintr\u00e4chtigen konnte \u2013 insbesondere im Falle eines Kampfes in st\u00e4dtischem Umfeld innerhalb von Gaza. Hier war ein weiteres &#8220;Versagen des Vorausdenkens&#8221; gegeben \u2013 eine echte Gelegenheit f\u00fcr einen Erzfeind, diese Situation auszunutzen, und etwas, das die Israelis am Horizont h\u00e4tten erkennen m\u00fcssen.<\/p>\n<p>Eine weitere Sache, die in ganz Israel h\u00e4tte die Alarmglocken schrillen lassen m\u00fcssen, ist das r\u00fccksichtslose Verhalten der westlichen Hemisph\u00e4re in der Ukraine \u2013 n\u00e4mlich das Praktizieren eines militaristischen Abenteurertums in einem Stellvertreterkriegs gegen Russland \u2013, das anderen Militanten auf der ganzen Welt die gef\u00e4hrliche Botschaft \u00fcbermittelte, dass sie ihre Feinde verw\u00fcsten k\u00f6nnten, ohne ernsthafte Konsequenzen bef\u00fcrchten zu m\u00fcssen. Trotz all ihrer eklatanten Fehler und Doppelmoral tragen die USA und ihre Verb\u00fcndeten dazu bei zu verhindern, dass sich viele der eingefrorenen Konflikte auf der Welt in hei\u00dfe Kriegsgebiete verwandeln, wie es nun in Israel und Gaza der Fall ist.<\/p>\n<p>Es ist an der Zeit, dass die Staats- und Regierungschefs der Welt ihrem Vorausdenken freien Lauf lassen, um die n\u00e4chste gro\u00dfe globale Katastrophe zu verhindern, wie sie jetzt in Israel und Gaza auszubrechen droht, die durchaus im Dritten Weltkrieg m\u00fcnden k\u00f6nnte.<\/p>\n<p><em>\u00dcbersetzt aus dem <a rel=\"nofollow noopener\" target=\"_blank\" href=\"https:\/\/www.rt.com\/news\/584838-hamas-attack-israel-similar-911\/\">Englischen<\/a>.<\/em><em><\/em><\/p>\n<p><strong><em>Robert Bridge<\/em><\/strong><em> ist ein US-amerikanischer Schriftsteller und Journalist. Er ist Autor von &#8220;<\/em><a rel=\"nofollow noopener\" target=\"_blank\" href=\"https:\/\/www.kirkusreviews.com\/book-reviews\/robert-bridge\/midnight-in-the-american-empire\/\"><em>Midnight in the American Empire<\/em><\/a><em>&#8220;: Mitternacht im amerikanischen Empire: Wie Unternehmen und ihre politischen Diener den amerikanischen Traum zerst\u00f6ren. Man findet ihn auf X unter\u00a0<\/em><a rel=\"nofollow noopener\" target=\"_blank\" href=\"https:\/\/twitter.com\/Robert_Bridge\"><em>@Robert_Bridge<\/em><\/a><\/p>\n<p><strong>Mehr zum Thema<\/strong> \u2013 <a rel=\"nofollow noopener\" target=\"_blank\" href=\"https:\/\/freedert.online\/inland\/video\/183555-wie-in-ukraine-frieden-und\/\"> &#8220;Wie in der Ukraine: Frieden und Freiheit verteidigen&#8221; \u2013 Bundestag sagt Israel &#8220;volle Unterst\u00fctzung&#8221;<\/a><\/p>\n<div class=\"EmbedBlock-root EmbedBlock-externalVideo EmbedBlock-odysee\">\n<div class=\"VkEmbed\"><iframe class=\"lazyload\" data-src=\"https:\/\/odysee.com\/%24\/embed\/%40RTDE%3Ae%2F-Gr%C3%BCndung-eines-unabh%C3%A4ngigen-Pal%C3%A4stinas-wird-von-den-USA-sabotiert--%E2%80%93-Lawrow-%C3%BCber-Kernproblem-des-Nahost-Konflikts%3A8\" frameborder=\"0\" width=\"853\" height=\"480\" allowfullscreen><\/iframe><\/div>\n<\/div>\n<\/div>\n<p><script async src=\"https:\/\/platform.twitter.com\/widgets.js\" charset=\"utf-8\"><\/script><br \/>\n<br \/><br \/>\n<br \/><a href=\"https:\/\/de.rt.com\/meinung\/183845-terroranschlag-hamas-auf-israel-aehnelte\/\">Source link <\/a><\/p>\n","protected":false},"excerpt":{"rendered":"<p>Bisher war eigene rohe Brutalit\u00e4t die einzige Antwort der israelischen Regierung von Benjamin Netanjahu auf die rohe Brutalit\u00e4t der Angriffe der Hamas auf Israel Ende der vergangenen Woche. Israel muss dringend Besseres tun, um in Zukunft solche \u00dcberraschungsangriffe zu verhindern. Von Robert Bridge Der US-amerikanische Au\u00dfenminister Antony Blinken verglich den Angriff der Hamas mit dem [&hellip;]<\/p>\n","protected":false},"author":3,"featured_media":48127,"comment_status":"open","ping_status":"open","sticky":false,"template":"","format":"standard","meta":{"_yoast_indexnow_last_ping":["1697459457"],"wp_automatic_camp":["217"],"220fb9522532179aaca8b2e0bcd4a357":["Der Terroranschlag der Hamas auf Israel \u00e4hnelte in mehr als nur einer Hinsicht 9\/11"],"original_link":["https:\/\/de.rt.com\/meinung\/183845-terroranschlag-hamas-auf-israel-aehnelte\/"],"_thumbnail_id":["48127"],"_wptgpro_p2tg_sent2tg":["a:1:{i:23737;s:19:\"2023-10-16 14:32:13\";}"],"jnews_social_counter_last_update":["1777627673"]},"categories":[19,23],"tags":[49836,273,133,82,212,5832,46251,432,2063,4230,9473],"yoast_head":"<!-- This site is optimized with the Yoast SEO Premium plugin v22.7 (Yoast SEO v22.7) - https:\/\/yoast.com\/wordpress\/plugins\/seo\/ -->\n<title>Der Terroranschlag der Hamas auf Israel \u00e4hnelte in mehr als nur einer Hinsicht 9\/11 - just-now.NEWS Deutschland<\/title>\n<meta name=\"robots\" content=\"index, follow, max-snippet:-1, max-image-preview:large, max-video-preview:-1\" \/>\n<link rel=\"canonical\" href=\"https:\/\/now-news.de\/de\/deutschland\/der-terroranschlag-der-hamas-auf-israel-aehnelte-in-mehr-als-nur-einer-hinsicht-9-11\/\" \/>\n<meta property=\"og:locale\" content=\"de_DE\" \/>\n<meta property=\"og:type\" content=\"article\" \/>\n<meta property=\"og:title\" content=\"Der Terroranschlag der Hamas auf Israel \u00e4hnelte in mehr als nur einer Hinsicht 9\/11\" \/>\n<meta property=\"og:description\" content=\"Bisher war eigene rohe Brutalit\u00e4t die einzige Antwort der israelischen Regierung von Benjamin Netanjahu auf die rohe Brutalit\u00e4t der Angriffe der Hamas auf Israel Ende der vergangenen Woche. Israel muss dringend Besseres tun, um in Zukunft solche \u00dcberraschungsangriffe zu verhindern. Von Robert Bridge Der US-amerikanische Au\u00dfenminister Antony Blinken verglich den Angriff der Hamas mit dem [&hellip;]\" \/>\n<meta property=\"og:url\" content=\"https:\/\/now-news.de\/de\/deutschland\/der-terroranschlag-der-hamas-auf-israel-aehnelte-in-mehr-als-nur-einer-hinsicht-9-11\/\" \/>\n<meta property=\"og:site_name\" content=\"just-now.NEWS Deutschland\" \/>\n<meta property=\"article:publisher\" content=\"https:\/\/www.facebook.com\/wirmachenauf\" \/>\n<meta property=\"article:published_time\" content=\"2023-10-16T12:17:42+00:00\" \/>\n<meta property=\"og:image\" content=\"https:\/\/now-news.de\/de\/wp-content\/uploads\/sites\/3\/2023\/10\/Der-Terroranschlag-der-Hamas-auf-Israel-aehnelte-in-mehr-als.jpg\" \/>\n\t<meta property=\"og:image:width\" content=\"460\" \/>\n\t<meta property=\"og:image:height\" content=\"259\" \/>\n\t<meta property=\"og:image:type\" content=\"image\/jpeg\" \/>\n<meta name=\"author\" content=\"rtnews\" \/>\n<meta name=\"twitter:card\" content=\"summary_large_image\" \/>\n<meta name=\"twitter:creator\" content=\"@WirMachenAuf_de\" \/>\n<meta name=\"twitter:site\" content=\"@WirMachenAuf_de\" \/>\n<meta name=\"twitter:label1\" content=\"Verfasst von\" \/>\n\t<meta name=\"twitter:data1\" content=\"rtnews\" \/>\n\t<meta name=\"twitter:label2\" content=\"Gesch\u00e4tzte Lesezeit\" \/>\n\t<meta name=\"twitter:data2\" content=\"7\u00a0Minuten\" \/>\n<script type=\"application\/ld+json\" class=\"yoast-schema-graph\">{\"@context\":\"https:\/\/schema.org\",\"@graph\":[{\"@type\":\"Article\",\"@id\":\"https:\/\/now-news.de\/de\/deutschland\/der-terroranschlag-der-hamas-auf-israel-aehnelte-in-mehr-als-nur-einer-hinsicht-9-11\/#article\",\"isPartOf\":{\"@id\":\"https:\/\/now-news.de\/de\/deutschland\/der-terroranschlag-der-hamas-auf-israel-aehnelte-in-mehr-als-nur-einer-hinsicht-9-11\/\"},\"author\":{\"name\":\"rtnews\",\"@id\":\"https:\/\/now-news.de\/de\/#\/schema\/person\/fb534a4e865501d8b3285208df34a9b5\"},\"headline\":\"Der Terroranschlag der Hamas auf Israel \u00e4hnelte in mehr als nur einer Hinsicht 9\/11\",\"datePublished\":\"2023-10-16T12:17:42+00:00\",\"dateModified\":\"2023-10-16T12:17:42+00:00\",\"mainEntityOfPage\":{\"@id\":\"https:\/\/now-news.de\/de\/deutschland\/der-terroranschlag-der-hamas-auf-israel-aehnelte-in-mehr-als-nur-einer-hinsicht-9-11\/\"},\"wordCount\":1426,\"commentCount\":0,\"publisher\":{\"@id\":\"https:\/\/now-news.de\/de\/#organization\"},\"image\":{\"@id\":\"https:\/\/now-news.de\/de\/deutschland\/der-terroranschlag-der-hamas-auf-israel-aehnelte-in-mehr-als-nur-einer-hinsicht-9-11\/#primaryimage\"},\"thumbnailUrl\":\"https:\/\/now-news.de\/de\/wp-content\/uploads\/sites\/3\/2023\/10\/Der-Terroranschlag-der-Hamas-auf-Israel-aehnelte-in-mehr-als.jpg\",\"keywords\":[\"\u00e4hnelte\",\"als\",\"AUF\",\"der\",\"einer\",\"Hamas\",\"Hinsicht\",\"Israel\",\"mehr\",\"NUR\",\"Terroranschlag\"],\"articleSection\":[\"Deutschland\",\"Russland\"],\"inLanguage\":\"de\",\"potentialAction\":[{\"@type\":\"CommentAction\",\"name\":\"Comment\",\"target\":[\"https:\/\/now-news.de\/de\/deutschland\/der-terroranschlag-der-hamas-auf-israel-aehnelte-in-mehr-als-nur-einer-hinsicht-9-11\/#respond\"]}]},{\"@type\":\"WebPage\",\"@id\":\"https:\/\/now-news.de\/de\/deutschland\/der-terroranschlag-der-hamas-auf-israel-aehnelte-in-mehr-als-nur-einer-hinsicht-9-11\/\",\"url\":\"https:\/\/now-news.de\/de\/deutschland\/der-terroranschlag-der-hamas-auf-israel-aehnelte-in-mehr-als-nur-einer-hinsicht-9-11\/\",\"name\":\"Der Terroranschlag der Hamas auf Israel \u00e4hnelte in mehr als nur einer Hinsicht 9\/11 - just-now.NEWS Deutschland\",\"isPartOf\":{\"@id\":\"https:\/\/now-news.de\/de\/#website\"},\"primaryImageOfPage\":{\"@id\":\"https:\/\/now-news.de\/de\/deutschland\/der-terroranschlag-der-hamas-auf-israel-aehnelte-in-mehr-als-nur-einer-hinsicht-9-11\/#primaryimage\"},\"image\":{\"@id\":\"https:\/\/now-news.de\/de\/deutschland\/der-terroranschlag-der-hamas-auf-israel-aehnelte-in-mehr-als-nur-einer-hinsicht-9-11\/#primaryimage\"},\"thumbnailUrl\":\"https:\/\/now-news.de\/de\/wp-content\/uploads\/sites\/3\/2023\/10\/Der-Terroranschlag-der-Hamas-auf-Israel-aehnelte-in-mehr-als.jpg\",\"datePublished\":\"2023-10-16T12:17:42+00:00\",\"dateModified\":\"2023-10-16T12:17:42+00:00\",\"breadcrumb\":{\"@id\":\"https:\/\/now-news.de\/de\/deutschland\/der-terroranschlag-der-hamas-auf-israel-aehnelte-in-mehr-als-nur-einer-hinsicht-9-11\/#breadcrumb\"},\"inLanguage\":\"de\",\"potentialAction\":[{\"@type\":\"ReadAction\",\"target\":[\"https:\/\/now-news.de\/de\/deutschland\/der-terroranschlag-der-hamas-auf-israel-aehnelte-in-mehr-als-nur-einer-hinsicht-9-11\/\"]}]},{\"@type\":\"ImageObject\",\"inLanguage\":\"de\",\"@id\":\"https:\/\/now-news.de\/de\/deutschland\/der-terroranschlag-der-hamas-auf-israel-aehnelte-in-mehr-als-nur-einer-hinsicht-9-11\/#primaryimage\",\"url\":\"https:\/\/now-news.de\/de\/wp-content\/uploads\/sites\/3\/2023\/10\/Der-Terroranschlag-der-Hamas-auf-Israel-aehnelte-in-mehr-als.jpg\",\"contentUrl\":\"https:\/\/now-news.de\/de\/wp-content\/uploads\/sites\/3\/2023\/10\/Der-Terroranschlag-der-Hamas-auf-Israel-aehnelte-in-mehr-als.jpg\",\"width\":460,\"height\":259,\"caption\":\"Der Terroranschlag der Hamas auf Israel \u00e4hnelte in mehr als nur einer Hinsicht 9\/11\"},{\"@type\":\"BreadcrumbList\",\"@id\":\"https:\/\/now-news.de\/de\/deutschland\/der-terroranschlag-der-hamas-auf-israel-aehnelte-in-mehr-als-nur-einer-hinsicht-9-11\/#breadcrumb\",\"itemListElement\":[{\"@type\":\"ListItem\",\"position\":1,\"name\":\"Home\",\"item\":\"https:\/\/now-news.de\/de\/\"},{\"@type\":\"ListItem\",\"position\":2,\"name\":\"Der Terroranschlag der Hamas auf Israel \u00e4hnelte in mehr als nur einer Hinsicht 9\/11\"}]},{\"@type\":\"WebSite\",\"@id\":\"https:\/\/now-news.de\/de\/#website\",\"url\":\"https:\/\/now-news.de\/de\/\",\"name\":\"just-now.NEWS Deutschland\",\"description\":\"Das Portal f\u00fcr unzensierte Nachrichten aus der Welt\",\"publisher\":{\"@id\":\"https:\/\/now-news.de\/de\/#organization\"},\"potentialAction\":[{\"@type\":\"SearchAction\",\"target\":{\"@type\":\"EntryPoint\",\"urlTemplate\":\"https:\/\/now-news.de\/de\/?s={search_term_string}\"},\"query-input\":\"required name=search_term_string\"}],\"inLanguage\":\"de\"},{\"@type\":\"Organization\",\"@id\":\"https:\/\/now-news.de\/de\/#organization\",\"name\":\"Just Now News\",\"url\":\"https:\/\/now-news.de\/de\/\",\"logo\":{\"@type\":\"ImageObject\",\"inLanguage\":\"de\",\"@id\":\"https:\/\/now-news.de\/de\/#\/schema\/logo\/image\/\",\"url\":\"http:\/\/just-now.news\/de\/wp-content\/uploads\/sites\/3\/2022\/04\/logo500x500.jpg\",\"contentUrl\":\"http:\/\/just-now.news\/de\/wp-content\/uploads\/sites\/3\/2022\/04\/logo500x500.jpg\",\"width\":500,\"height\":500,\"caption\":\"Just Now News\"},\"image\":{\"@id\":\"https:\/\/now-news.de\/de\/#\/schema\/logo\/image\/\"},\"sameAs\":[\"https:\/\/www.facebook.com\/wirmachenauf\",\"https:\/\/x.com\/WirMachenAuf_de\"]},{\"@type\":\"Person\",\"@id\":\"https:\/\/now-news.de\/de\/#\/schema\/person\/fb534a4e865501d8b3285208df34a9b5\",\"name\":\"rtnews\",\"image\":{\"@type\":\"ImageObject\",\"inLanguage\":\"de\",\"@id\":\"https:\/\/now-news.de\/de\/#\/schema\/person\/image\/\",\"url\":\"https:\/\/secure.gravatar.com\/avatar\/82aafea7d8127119dd649515f56e2117?s=96&d=mm&r=g\",\"contentUrl\":\"https:\/\/secure.gravatar.com\/avatar\/82aafea7d8127119dd649515f56e2117?s=96&d=mm&r=g\",\"caption\":\"rtnews\"},\"url\":\"https:\/\/now-news.de\/de\/author\/rnews\/\"}]}<\/script>\n<!-- \/ Yoast SEO Premium plugin. -->","yoast_head_json":{"title":"Der Terroranschlag der Hamas auf Israel \u00e4hnelte in mehr als nur einer Hinsicht 9\/11 - just-now.NEWS Deutschland","robots":{"index":"index","follow":"follow","max-snippet":"max-snippet:-1","max-image-preview":"max-image-preview:large","max-video-preview":"max-video-preview:-1"},"canonical":"https:\/\/now-news.de\/de\/deutschland\/der-terroranschlag-der-hamas-auf-israel-aehnelte-in-mehr-als-nur-einer-hinsicht-9-11\/","og_locale":"de_DE","og_type":"article","og_title":"Der Terroranschlag der Hamas auf Israel \u00e4hnelte in mehr als nur einer Hinsicht 9\/11","og_description":"Bisher war eigene rohe Brutalit\u00e4t die einzige Antwort der israelischen Regierung von Benjamin Netanjahu auf die rohe Brutalit\u00e4t der Angriffe der Hamas auf Israel Ende der vergangenen Woche. Israel muss dringend Besseres tun, um in Zukunft solche \u00dcberraschungsangriffe zu verhindern. Von Robert Bridge Der US-amerikanische Au\u00dfenminister Antony Blinken verglich den Angriff der Hamas mit dem [&hellip;]","og_url":"https:\/\/now-news.de\/de\/deutschland\/der-terroranschlag-der-hamas-auf-israel-aehnelte-in-mehr-als-nur-einer-hinsicht-9-11\/","og_site_name":"just-now.NEWS Deutschland","article_publisher":"https:\/\/www.facebook.com\/wirmachenauf","article_published_time":"2023-10-16T12:17:42+00:00","og_image":[{"width":460,"height":259,"url":"https:\/\/now-news.de\/de\/wp-content\/uploads\/sites\/3\/2023\/10\/Der-Terroranschlag-der-Hamas-auf-Israel-aehnelte-in-mehr-als.jpg","type":"image\/jpeg"}],"author":"rtnews","twitter_card":"summary_large_image","twitter_creator":"@WirMachenAuf_de","twitter_site":"@WirMachenAuf_de","twitter_misc":{"Verfasst von":"rtnews","Gesch\u00e4tzte Lesezeit":"7\u00a0Minuten"},"schema":{"@context":"https:\/\/schema.org","@graph":[{"@type":"Article","@id":"https:\/\/now-news.de\/de\/deutschland\/der-terroranschlag-der-hamas-auf-israel-aehnelte-in-mehr-als-nur-einer-hinsicht-9-11\/#article","isPartOf":{"@id":"https:\/\/now-news.de\/de\/deutschland\/der-terroranschlag-der-hamas-auf-israel-aehnelte-in-mehr-als-nur-einer-hinsicht-9-11\/"},"author":{"name":"rtnews","@id":"https:\/\/now-news.de\/de\/#\/schema\/person\/fb534a4e865501d8b3285208df34a9b5"},"headline":"Der Terroranschlag der Hamas auf Israel \u00e4hnelte in mehr als nur einer Hinsicht 9\/11","datePublished":"2023-10-16T12:17:42+00:00","dateModified":"2023-10-16T12:17:42+00:00","mainEntityOfPage":{"@id":"https:\/\/now-news.de\/de\/deutschland\/der-terroranschlag-der-hamas-auf-israel-aehnelte-in-mehr-als-nur-einer-hinsicht-9-11\/"},"wordCount":1426,"commentCount":0,"publisher":{"@id":"https:\/\/now-news.de\/de\/#organization"},"image":{"@id":"https:\/\/now-news.de\/de\/deutschland\/der-terroranschlag-der-hamas-auf-israel-aehnelte-in-mehr-als-nur-einer-hinsicht-9-11\/#primaryimage"},"thumbnailUrl":"https:\/\/now-news.de\/de\/wp-content\/uploads\/sites\/3\/2023\/10\/Der-Terroranschlag-der-Hamas-auf-Israel-aehnelte-in-mehr-als.jpg","keywords":["\u00e4hnelte","als","AUF","der","einer","Hamas","Hinsicht","Israel","mehr","NUR","Terroranschlag"],"articleSection":["Deutschland","Russland"],"inLanguage":"de","potentialAction":[{"@type":"CommentAction","name":"Comment","target":["https:\/\/now-news.de\/de\/deutschland\/der-terroranschlag-der-hamas-auf-israel-aehnelte-in-mehr-als-nur-einer-hinsicht-9-11\/#respond"]}]},{"@type":"WebPage","@id":"https:\/\/now-news.de\/de\/deutschland\/der-terroranschlag-der-hamas-auf-israel-aehnelte-in-mehr-als-nur-einer-hinsicht-9-11\/","url":"https:\/\/now-news.de\/de\/deutschland\/der-terroranschlag-der-hamas-auf-israel-aehnelte-in-mehr-als-nur-einer-hinsicht-9-11\/","name":"Der Terroranschlag der Hamas auf Israel \u00e4hnelte in mehr als nur einer Hinsicht 9\/11 - just-now.NEWS Deutschland","isPartOf":{"@id":"https:\/\/now-news.de\/de\/#website"},"primaryImageOfPage":{"@id":"https:\/\/now-news.de\/de\/deutschland\/der-terroranschlag-der-hamas-auf-israel-aehnelte-in-mehr-als-nur-einer-hinsicht-9-11\/#primaryimage"},"image":{"@id":"https:\/\/now-news.de\/de\/deutschland\/der-terroranschlag-der-hamas-auf-israel-aehnelte-in-mehr-als-nur-einer-hinsicht-9-11\/#primaryimage"},"thumbnailUrl":"https:\/\/now-news.de\/de\/wp-content\/uploads\/sites\/3\/2023\/10\/Der-Terroranschlag-der-Hamas-auf-Israel-aehnelte-in-mehr-als.jpg","datePublished":"2023-10-16T12:17:42+00:00","dateModified":"2023-10-16T12:17:42+00:00","breadcrumb":{"@id":"https:\/\/now-news.de\/de\/deutschland\/der-terroranschlag-der-hamas-auf-israel-aehnelte-in-mehr-als-nur-einer-hinsicht-9-11\/#breadcrumb"},"inLanguage":"de","potentialAction":[{"@type":"ReadAction","target":["https:\/\/now-news.de\/de\/deutschland\/der-terroranschlag-der-hamas-auf-israel-aehnelte-in-mehr-als-nur-einer-hinsicht-9-11\/"]}]},{"@type":"ImageObject","inLanguage":"de","@id":"https:\/\/now-news.de\/de\/deutschland\/der-terroranschlag-der-hamas-auf-israel-aehnelte-in-mehr-als-nur-einer-hinsicht-9-11\/#primaryimage","url":"https:\/\/now-news.de\/de\/wp-content\/uploads\/sites\/3\/2023\/10\/Der-Terroranschlag-der-Hamas-auf-Israel-aehnelte-in-mehr-als.jpg","contentUrl":"https:\/\/now-news.de\/de\/wp-content\/uploads\/sites\/3\/2023\/10\/Der-Terroranschlag-der-Hamas-auf-Israel-aehnelte-in-mehr-als.jpg","width":460,"height":259,"caption":"Der Terroranschlag der Hamas auf Israel \u00e4hnelte in mehr als nur einer Hinsicht 9\/11"},{"@type":"BreadcrumbList","@id":"https:\/\/now-news.de\/de\/deutschland\/der-terroranschlag-der-hamas-auf-israel-aehnelte-in-mehr-als-nur-einer-hinsicht-9-11\/#breadcrumb","itemListElement":[{"@type":"ListItem","position":1,"name":"Home","item":"https:\/\/now-news.de\/de\/"},{"@type":"ListItem","position":2,"name":"Der Terroranschlag der Hamas auf Israel \u00e4hnelte in mehr als nur einer Hinsicht 9\/11"}]},{"@type":"WebSite","@id":"https:\/\/now-news.de\/de\/#website","url":"https:\/\/now-news.de\/de\/","name":"just-now.NEWS Deutschland","description":"Das Portal f\u00fcr unzensierte Nachrichten aus der Welt","publisher":{"@id":"https:\/\/now-news.de\/de\/#organization"},"potentialAction":[{"@type":"SearchAction","target":{"@type":"EntryPoint","urlTemplate":"https:\/\/now-news.de\/de\/?s={search_term_string}"},"query-input":"required name=search_term_string"}],"inLanguage":"de"},{"@type":"Organization","@id":"https:\/\/now-news.de\/de\/#organization","name":"Just Now News","url":"https:\/\/now-news.de\/de\/","logo":{"@type":"ImageObject","inLanguage":"de","@id":"https:\/\/now-news.de\/de\/#\/schema\/logo\/image\/","url":"http:\/\/just-now.news\/de\/wp-content\/uploads\/sites\/3\/2022\/04\/logo500x500.jpg","contentUrl":"http:\/\/just-now.news\/de\/wp-content\/uploads\/sites\/3\/2022\/04\/logo500x500.jpg","width":500,"height":500,"caption":"Just Now News"},"image":{"@id":"https:\/\/now-news.de\/de\/#\/schema\/logo\/image\/"},"sameAs":["https:\/\/www.facebook.com\/wirmachenauf","https:\/\/x.com\/WirMachenAuf_de"]},{"@type":"Person","@id":"https:\/\/now-news.de\/de\/#\/schema\/person\/fb534a4e865501d8b3285208df34a9b5","name":"rtnews","image":{"@type":"ImageObject","inLanguage":"de","@id":"https:\/\/now-news.de\/de\/#\/schema\/person\/image\/","url":"https:\/\/secure.gravatar.com\/avatar\/82aafea7d8127119dd649515f56e2117?s=96&d=mm&r=g","contentUrl":"https:\/\/secure.gravatar.com\/avatar\/82aafea7d8127119dd649515f56e2117?s=96&d=mm&r=g","caption":"rtnews"},"url":"https:\/\/now-news.de\/de\/author\/rnews\/"}]}},"_links":{"self":[{"href":"https:\/\/now-news.de\/de\/wp-json\/wp\/v2\/posts\/48126"}],"collection":[{"href":"https:\/\/now-news.de\/de\/wp-json\/wp\/v2\/posts"}],"about":[{"href":"https:\/\/now-news.de\/de\/wp-json\/wp\/v2\/types\/post"}],"author":[{"embeddable":true,"href":"https:\/\/now-news.de\/de\/wp-json\/wp\/v2\/users\/3"}],"replies":[{"embeddable":true,"href":"https:\/\/now-news.de\/de\/wp-json\/wp\/v2\/comments?post=48126"}],"version-history":[{"count":0,"href":"https:\/\/now-news.de\/de\/wp-json\/wp\/v2\/posts\/48126\/revisions"}],"wp:featuredmedia":[{"embeddable":true,"href":"https:\/\/now-news.de\/de\/wp-json\/wp\/v2\/media\/48127"}],"wp:attachment":[{"href":"https:\/\/now-news.de\/de\/wp-json\/wp\/v2\/media?parent=48126"}],"wp:term":[{"taxonomy":"category","embeddable":true,"href":"https:\/\/now-news.de\/de\/wp-json\/wp\/v2\/categories?post=48126"},{"taxonomy":"post_tag","embeddable":true,"href":"https:\/\/now-news.de\/de\/wp-json\/wp\/v2\/tags?post=48126"}],"curies":[{"name":"wp","href":"https:\/\/api.w.org\/{rel}","templated":true}]}}