{"id":48114,"date":"2023-10-16T10:50:31","date_gmt":"2023-10-16T08:50:31","guid":{"rendered":"https:\/\/just-now.news\/de\/deutschland\/biden-warnt-israel-vor-besetzung-des-gazastreifens\/"},"modified":"2023-10-16T10:50:31","modified_gmt":"2023-10-16T08:50:31","slug":"biden-warnt-israel-vor-besetzung-des-gazastreifens","status":"publish","type":"post","link":"https:\/\/now-news.de\/de\/deutschland\/biden-warnt-israel-vor-besetzung-des-gazastreifens\/","title":{"rendered":"Biden warnt Israel vor &quot;Besetzung&quot; des Gazastreifens"},"content":{"rendered":"<p><img decoding=\"async\" src=\"http:\/\/just-now.news\/de\/wp-content\/uploads\/sites\/3\/2023\/10\/652ce2de48fbef3861042c7e.jpg\" \/><\/p>\n<div class=\"Text-root Text-type_1 \">\n                Die israelischen Streitkr\u00e4fte m\u00fcssten die Hamas zerschlagen, sagte US-Pr\u00e4sident Joe Biden am Wochenende, und daf\u00fcr werde man die n\u00f6tigen Mittel zur Verf\u00fcgung stellen. Eine Fortsetzung der Besetzung des Gazastreifens w\u00e4re laut Biden jedoch ein &#8220;gro\u00dfer Fehler&#8221;.\n            <\/div>\n<p><\/p>\n<div class=\"Text-root Text-type_5 ArticleView-text ViewText-root \">\n<p>US-Pr\u00e4sident Joe Biden wird keine langfristige israelische Besetzung des Gazastreifens unterst\u00fctzen. Dies teilte er in einem\u00a0Interview mit <em>CBS 60 Minutes<\/em> am Sonntag mit. Er glaube hingegen, dass die israelischen Verteidigungskr\u00e4fte &#8220;hineingehen&#8221; und &#8220;die Extremisten ausschalten&#8221; m\u00fcssten, um die Sicherheit des j\u00fcdischen Staates zu gew\u00e4hrleisten.\u00a0Biden versprach zudem, Israel &#8220;alles Notwendige&#8221; zur Verf\u00fcgung zu stellen, um die militanten Hamas-K\u00e4mpfer im Gazastreifen auszuschalten. Er erwarte\u00a0jedoch\u00a0nicht, dass sich amerikanische Truppen an Kampfhandlungen beteiligen werden.<\/p>\n<blockquote>\n<p><em>&#8220;Ich denke nicht, dass das notwendig ist. Israel hat eine der besten Kampftruppen des Landes. Ich garantiere, dass wir ihnen alles zur Verf\u00fcgung stellen werden, was sie brauchen.&#8221;<\/em><\/p>\n<\/blockquote>\n<p>Die israelischen Verteidigungsstreitkr\u00e4fte\u00a0hatten am Wochenende erkl\u00e4rt, dass sie die Vorbereitungen f\u00fcr eine &#8220;bedeutende Bodenoperation&#8221; abschlie\u00dfen w\u00fcrden, die einen &#8220;gemeinsamen und koordinierten Angriff aus der Luft, zur See und zu Lande&#8221; in Gaza einschlie\u00dfen werde. Biden kommentierte die israelischen Pl\u00e4ne mit den Worten:<\/p>\n<blockquote>\n<p><em>&#8220;Israel hat es auf eine Gruppe von Menschen abgesehen, die eine Barbarei begangen haben, die ebenso folgenschwer ist wie der Holocaust. Und deshalb denke ich, dass Israel reagieren muss. Sie m\u00fcssen gegen die Hamas vorgehen.&#8221;<\/em><\/p>\n<\/blockquote>\n<p>Der US-Pr\u00e4sident\u00a0f\u00fcgte hinzu, er habe die\u00a0Hoffnung, dass &#8220;die Israelis alles in ihrer Macht Stehende tun werden, um die T\u00f6tung unschuldiger Zivilisten zu vermeiden&#8221;. Es bestehe ein\u00a0&#8220;fundamentaler Unterschied&#8221; zwischen den israelischen Zivilisten, die von Hamas-K\u00e4mpfern get\u00f6tet werden, und den Pal\u00e4stinensern, die bei Vergeltungsangriffen sterben.<\/p>\n<p>Israel besetzte den Gazastreifen w\u00e4hrend des Sechstagekriegs mit \u00c4gypten, Jordanien und Syrien im Jahr 1967 und hielt ihn bis 2005, fast 40 Jahre lang, unter Kontrolle. Im Jahr 2006 gewann die Hamas die pal\u00e4stinensischen Parlamentswahlen und \u00fcbernahm die administrative Kontrolle \u00fcber die Enklave. Seitdem\u00a0lieferte\u00a0sich die Gruppe mehrere gewaltsame Auseinandersetzungen mit Israel, die jedoch nicht mit der j\u00fcngsten Brutalit\u00e4t vergleichbar waren.<\/p>\n<p>Auf die Frage, ob er\u00a0eine weitere &#8220;israelische Besetzung des Gazastreifens zum jetzigen Zeitpunkt&#8221; unterst\u00fctzen w\u00fcrde, sagte Biden, er glaube, dass dies &#8220;ein gro\u00dfer Fehler&#8221; w\u00e4re. Die\u00a0Hisbollah im Norden und die Hamas im S\u00fcden m\u00fcsse Israel dennoch &#8220;ausschalten&#8221;.<\/p>\n<p>Die\u00a0USA\u00a0schickten k\u00fcrzlich eine zweite Flugzeugtr\u00e4ger-Armada ins \u00f6stliche Mittelmeer. Dies soll den Druck auf Iran, die Hisbollah im Libanon und andere pro-pal\u00e4stinensische Kr\u00e4fte erh\u00f6hen, damit sie sich aus dem Krieg zwischen Israel und Gaza heraushalten. Obwohl viele US-Beamte \u00fcber eine m\u00f6gliche Beteiligung Irans an dem t\u00f6dlichen Angriff der Hamas auf Israel spekulierten, r\u00e4umte Biden ein, dass es &#8220;zum jetzigen Zeitpunkt&#8221; &#8220;keine eindeutigen Beweise&#8221; daf\u00fcr gebe, dass Teheran von dem Angriff wusste oder der Hamas bei der Planung geholfen habe.<\/p>\n<p><strong>Mehr zum Thema\u00a0<\/strong>\u2013\u00a0<a rel=\"nofollow noopener\" target=\"_blank\" href=\"https:\/\/freedert.online\/meinung\/183856-auf-weg-in-endgueltige-endloesung\/\">Auf dem Weg zur endg\u00fcltigen L\u00f6sung in der Pal\u00e4stinenserfrage<\/a><\/p>\n<div class=\"EmbedBlock-root EmbedBlock-externalVideo EmbedBlock-odysee\">\n<div class=\"VkEmbed\"><iframe class=\"lazyload\" data-src=\"https:\/\/odysee.com\/%24\/embed\/%40RTDE%3Ae%2FEinwohner-von-Gaza---Seit-f%C3%BCnf-Tagen-haben-wir-kein-Wasser%2C-kein-Essen---unsere-Kinder-verhungern-%3Aa\" frameborder=\"0\" width=\"853\" height=\"480\" allowfullscreen><\/iframe><\/div>\n<\/div>\n<\/div>\n<p><br \/>\n<br \/><a href=\"https:\/\/de.rt.com\/der-nahe-osten\/183871-biden-warnt-israel-vor-besetzung\/\">Source link <\/a><\/p>\n","protected":false},"excerpt":{"rendered":"<p>Die israelischen Streitkr\u00e4fte m\u00fcssten die Hamas zerschlagen, sagte US-Pr\u00e4sident Joe Biden am Wochenende, und daf\u00fcr werde man die n\u00f6tigen Mittel zur Verf\u00fcgung stellen. Eine Fortsetzung der Besetzung des Gazastreifens w\u00e4re laut Biden jedoch ein &#8220;gro\u00dfer Fehler&#8221;. US-Pr\u00e4sident Joe Biden wird keine langfristige israelische Besetzung des Gazastreifens unterst\u00fctzen. Dies teilte er in einem\u00a0Interview mit CBS 60 [&hellip;]<\/p>\n","protected":false},"author":3,"featured_media":48115,"comment_status":"open","ping_status":"open","sticky":false,"template":"","format":"standard","meta":{"_yoast_indexnow_last_ping":["1697446836"],"wp_automatic_camp":["217"],"b362ed8c8a280304bc22251d7817f00d":["Biden warnt Israel vor &quot;Besetzung&quot; des Gazastreifens"],"original_link":["https:\/\/de.rt.com\/der-nahe-osten\/183871-biden-warnt-israel-vor-besetzung\/"],"_thumbnail_id":["48115"],"_wptgpro_p2tg_sent2tg":["a:1:{i:23737;s:19:\"2023-10-16 11:01:39\";}"],"jnews_social_counter_last_update":["1777304846"]},"categories":[19,23],"tags":[1348,583,29087,432,49832,320,912],"yoast_head":"<!-- This site is optimized with the Yoast SEO Premium plugin v22.7 (Yoast SEO v22.7) - https:\/\/yoast.com\/wordpress\/plugins\/seo\/ -->\n<title>Biden warnt Israel vor &quot;Besetzung&quot; des Gazastreifens - just-now.NEWS Deutschland<\/title>\n<meta name=\"robots\" content=\"index, follow, max-snippet:-1, max-image-preview:large, max-video-preview:-1\" \/>\n<link rel=\"canonical\" href=\"https:\/\/now-news.de\/de\/deutschland\/biden-warnt-israel-vor-besetzung-des-gazastreifens\/\" \/>\n<meta property=\"og:locale\" content=\"de_DE\" \/>\n<meta property=\"og:type\" content=\"article\" \/>\n<meta property=\"og:title\" content=\"Biden warnt Israel vor &quot;Besetzung&quot; des Gazastreifens\" \/>\n<meta property=\"og:description\" content=\"Die israelischen Streitkr\u00e4fte m\u00fcssten die Hamas zerschlagen, sagte US-Pr\u00e4sident Joe Biden am Wochenende, und daf\u00fcr werde man die n\u00f6tigen Mittel zur Verf\u00fcgung stellen. Eine Fortsetzung der Besetzung des Gazastreifens w\u00e4re laut Biden jedoch ein &#8220;gro\u00dfer Fehler&#8221;. US-Pr\u00e4sident Joe Biden wird keine langfristige israelische Besetzung des Gazastreifens unterst\u00fctzen. Dies teilte er in einem\u00a0Interview mit CBS 60 [&hellip;]\" \/>\n<meta property=\"og:url\" content=\"https:\/\/now-news.de\/de\/deutschland\/biden-warnt-israel-vor-besetzung-des-gazastreifens\/\" \/>\n<meta property=\"og:site_name\" content=\"just-now.NEWS Deutschland\" \/>\n<meta property=\"article:publisher\" content=\"https:\/\/www.facebook.com\/wirmachenauf\" \/>\n<meta property=\"article:published_time\" content=\"2023-10-16T08:50:31+00:00\" \/>\n<meta property=\"og:image\" content=\"https:\/\/now-news.de\/de\/wp-content\/uploads\/sites\/3\/2023\/10\/Biden-warnt-Israel-vor-quotBesetzungquot-des-Gazastreifens.jpg\" \/>\n\t<meta property=\"og:image:width\" content=\"460\" \/>\n\t<meta property=\"og:image:height\" content=\"259\" \/>\n\t<meta property=\"og:image:type\" content=\"image\/jpeg\" \/>\n<meta name=\"author\" content=\"rtnews\" \/>\n<meta name=\"twitter:card\" content=\"summary_large_image\" \/>\n<meta name=\"twitter:creator\" content=\"@WirMachenAuf_de\" \/>\n<meta name=\"twitter:site\" content=\"@WirMachenAuf_de\" \/>\n<meta name=\"twitter:label1\" content=\"Verfasst von\" \/>\n\t<meta name=\"twitter:data1\" content=\"rtnews\" \/>\n\t<meta name=\"twitter:label2\" content=\"Gesch\u00e4tzte Lesezeit\" \/>\n\t<meta name=\"twitter:data2\" content=\"3\u00a0Minuten\" \/>\n<script type=\"application\/ld+json\" class=\"yoast-schema-graph\">{\"@context\":\"https:\/\/schema.org\",\"@graph\":[{\"@type\":\"Article\",\"@id\":\"https:\/\/now-news.de\/de\/deutschland\/biden-warnt-israel-vor-besetzung-des-gazastreifens\/#article\",\"isPartOf\":{\"@id\":\"https:\/\/now-news.de\/de\/deutschland\/biden-warnt-israel-vor-besetzung-des-gazastreifens\/\"},\"author\":{\"name\":\"rtnews\",\"@id\":\"https:\/\/now-news.de\/de\/#\/schema\/person\/fb534a4e865501d8b3285208df34a9b5\"},\"headline\":\"Biden warnt Israel vor &quot;Besetzung&quot; des Gazastreifens\",\"datePublished\":\"2023-10-16T08:50:31+00:00\",\"dateModified\":\"2023-10-16T08:50:31+00:00\",\"mainEntityOfPage\":{\"@id\":\"https:\/\/now-news.de\/de\/deutschland\/biden-warnt-israel-vor-besetzung-des-gazastreifens\/\"},\"wordCount\":515,\"commentCount\":0,\"publisher\":{\"@id\":\"https:\/\/now-news.de\/de\/#organization\"},\"image\":{\"@id\":\"https:\/\/now-news.de\/de\/deutschland\/biden-warnt-israel-vor-besetzung-des-gazastreifens\/#primaryimage\"},\"thumbnailUrl\":\"https:\/\/now-news.de\/de\/wp-content\/uploads\/sites\/3\/2023\/10\/Biden-warnt-Israel-vor-quotBesetzungquot-des-Gazastreifens.jpg\",\"keywords\":[\"Biden\",\"des\",\"Gazastreifens\",\"Israel\",\"quotBesetzungquot\",\"vor\",\"warnt\"],\"articleSection\":[\"Deutschland\",\"Russland\"],\"inLanguage\":\"de\",\"potentialAction\":[{\"@type\":\"CommentAction\",\"name\":\"Comment\",\"target\":[\"https:\/\/now-news.de\/de\/deutschland\/biden-warnt-israel-vor-besetzung-des-gazastreifens\/#respond\"]}]},{\"@type\":\"WebPage\",\"@id\":\"https:\/\/now-news.de\/de\/deutschland\/biden-warnt-israel-vor-besetzung-des-gazastreifens\/\",\"url\":\"https:\/\/now-news.de\/de\/deutschland\/biden-warnt-israel-vor-besetzung-des-gazastreifens\/\",\"name\":\"Biden warnt Israel vor &quot;Besetzung&quot; des Gazastreifens - just-now.NEWS Deutschland\",\"isPartOf\":{\"@id\":\"https:\/\/now-news.de\/de\/#website\"},\"primaryImageOfPage\":{\"@id\":\"https:\/\/now-news.de\/de\/deutschland\/biden-warnt-israel-vor-besetzung-des-gazastreifens\/#primaryimage\"},\"image\":{\"@id\":\"https:\/\/now-news.de\/de\/deutschland\/biden-warnt-israel-vor-besetzung-des-gazastreifens\/#primaryimage\"},\"thumbnailUrl\":\"https:\/\/now-news.de\/de\/wp-content\/uploads\/sites\/3\/2023\/10\/Biden-warnt-Israel-vor-quotBesetzungquot-des-Gazastreifens.jpg\",\"datePublished\":\"2023-10-16T08:50:31+00:00\",\"dateModified\":\"2023-10-16T08:50:31+00:00\",\"breadcrumb\":{\"@id\":\"https:\/\/now-news.de\/de\/deutschland\/biden-warnt-israel-vor-besetzung-des-gazastreifens\/#breadcrumb\"},\"inLanguage\":\"de\",\"potentialAction\":[{\"@type\":\"ReadAction\",\"target\":[\"https:\/\/now-news.de\/de\/deutschland\/biden-warnt-israel-vor-besetzung-des-gazastreifens\/\"]}]},{\"@type\":\"ImageObject\",\"inLanguage\":\"de\",\"@id\":\"https:\/\/now-news.de\/de\/deutschland\/biden-warnt-israel-vor-besetzung-des-gazastreifens\/#primaryimage\",\"url\":\"https:\/\/now-news.de\/de\/wp-content\/uploads\/sites\/3\/2023\/10\/Biden-warnt-Israel-vor-quotBesetzungquot-des-Gazastreifens.jpg\",\"contentUrl\":\"https:\/\/now-news.de\/de\/wp-content\/uploads\/sites\/3\/2023\/10\/Biden-warnt-Israel-vor-quotBesetzungquot-des-Gazastreifens.jpg\",\"width\":460,\"height\":259,\"caption\":\"Biden warnt Israel vor &quot;Besetzung&quot; des Gazastreifens\"},{\"@type\":\"BreadcrumbList\",\"@id\":\"https:\/\/now-news.de\/de\/deutschland\/biden-warnt-israel-vor-besetzung-des-gazastreifens\/#breadcrumb\",\"itemListElement\":[{\"@type\":\"ListItem\",\"position\":1,\"name\":\"Home\",\"item\":\"https:\/\/now-news.de\/de\/\"},{\"@type\":\"ListItem\",\"position\":2,\"name\":\"Biden warnt Israel vor &quot;Besetzung&quot; des Gazastreifens\"}]},{\"@type\":\"WebSite\",\"@id\":\"https:\/\/now-news.de\/de\/#website\",\"url\":\"https:\/\/now-news.de\/de\/\",\"name\":\"just-now.NEWS Deutschland\",\"description\":\"Das Portal f\u00fcr unzensierte Nachrichten aus der Welt\",\"publisher\":{\"@id\":\"https:\/\/now-news.de\/de\/#organization\"},\"potentialAction\":[{\"@type\":\"SearchAction\",\"target\":{\"@type\":\"EntryPoint\",\"urlTemplate\":\"https:\/\/now-news.de\/de\/?s={search_term_string}\"},\"query-input\":\"required name=search_term_string\"}],\"inLanguage\":\"de\"},{\"@type\":\"Organization\",\"@id\":\"https:\/\/now-news.de\/de\/#organization\",\"name\":\"Just Now News\",\"url\":\"https:\/\/now-news.de\/de\/\",\"logo\":{\"@type\":\"ImageObject\",\"inLanguage\":\"de\",\"@id\":\"https:\/\/now-news.de\/de\/#\/schema\/logo\/image\/\",\"url\":\"http:\/\/just-now.news\/de\/wp-content\/uploads\/sites\/3\/2022\/04\/logo500x500.jpg\",\"contentUrl\":\"http:\/\/just-now.news\/de\/wp-content\/uploads\/sites\/3\/2022\/04\/logo500x500.jpg\",\"width\":500,\"height\":500,\"caption\":\"Just Now News\"},\"image\":{\"@id\":\"https:\/\/now-news.de\/de\/#\/schema\/logo\/image\/\"},\"sameAs\":[\"https:\/\/www.facebook.com\/wirmachenauf\",\"https:\/\/x.com\/WirMachenAuf_de\"]},{\"@type\":\"Person\",\"@id\":\"https:\/\/now-news.de\/de\/#\/schema\/person\/fb534a4e865501d8b3285208df34a9b5\",\"name\":\"rtnews\",\"image\":{\"@type\":\"ImageObject\",\"inLanguage\":\"de\",\"@id\":\"https:\/\/now-news.de\/de\/#\/schema\/person\/image\/\",\"url\":\"https:\/\/secure.gravatar.com\/avatar\/82aafea7d8127119dd649515f56e2117?s=96&d=mm&r=g\",\"contentUrl\":\"https:\/\/secure.gravatar.com\/avatar\/82aafea7d8127119dd649515f56e2117?s=96&d=mm&r=g\",\"caption\":\"rtnews\"},\"url\":\"https:\/\/now-news.de\/de\/author\/rnews\/\"}]}<\/script>\n<!-- \/ Yoast SEO Premium plugin. -->","yoast_head_json":{"title":"Biden warnt Israel vor &quot;Besetzung&quot; des Gazastreifens - just-now.NEWS Deutschland","robots":{"index":"index","follow":"follow","max-snippet":"max-snippet:-1","max-image-preview":"max-image-preview:large","max-video-preview":"max-video-preview:-1"},"canonical":"https:\/\/now-news.de\/de\/deutschland\/biden-warnt-israel-vor-besetzung-des-gazastreifens\/","og_locale":"de_DE","og_type":"article","og_title":"Biden warnt Israel vor &quot;Besetzung&quot; des Gazastreifens","og_description":"Die israelischen Streitkr\u00e4fte m\u00fcssten die Hamas zerschlagen, sagte US-Pr\u00e4sident Joe Biden am Wochenende, und daf\u00fcr werde man die n\u00f6tigen Mittel zur Verf\u00fcgung stellen. Eine Fortsetzung der Besetzung des Gazastreifens w\u00e4re laut Biden jedoch ein &#8220;gro\u00dfer Fehler&#8221;. US-Pr\u00e4sident Joe Biden wird keine langfristige israelische Besetzung des Gazastreifens unterst\u00fctzen. Dies teilte er in einem\u00a0Interview mit CBS 60 [&hellip;]","og_url":"https:\/\/now-news.de\/de\/deutschland\/biden-warnt-israel-vor-besetzung-des-gazastreifens\/","og_site_name":"just-now.NEWS Deutschland","article_publisher":"https:\/\/www.facebook.com\/wirmachenauf","article_published_time":"2023-10-16T08:50:31+00:00","og_image":[{"width":460,"height":259,"url":"https:\/\/now-news.de\/de\/wp-content\/uploads\/sites\/3\/2023\/10\/Biden-warnt-Israel-vor-quotBesetzungquot-des-Gazastreifens.jpg","type":"image\/jpeg"}],"author":"rtnews","twitter_card":"summary_large_image","twitter_creator":"@WirMachenAuf_de","twitter_site":"@WirMachenAuf_de","twitter_misc":{"Verfasst von":"rtnews","Gesch\u00e4tzte Lesezeit":"3\u00a0Minuten"},"schema":{"@context":"https:\/\/schema.org","@graph":[{"@type":"Article","@id":"https:\/\/now-news.de\/de\/deutschland\/biden-warnt-israel-vor-besetzung-des-gazastreifens\/#article","isPartOf":{"@id":"https:\/\/now-news.de\/de\/deutschland\/biden-warnt-israel-vor-besetzung-des-gazastreifens\/"},"author":{"name":"rtnews","@id":"https:\/\/now-news.de\/de\/#\/schema\/person\/fb534a4e865501d8b3285208df34a9b5"},"headline":"Biden warnt Israel vor &quot;Besetzung&quot; des Gazastreifens","datePublished":"2023-10-16T08:50:31+00:00","dateModified":"2023-10-16T08:50:31+00:00","mainEntityOfPage":{"@id":"https:\/\/now-news.de\/de\/deutschland\/biden-warnt-israel-vor-besetzung-des-gazastreifens\/"},"wordCount":515,"commentCount":0,"publisher":{"@id":"https:\/\/now-news.de\/de\/#organization"},"image":{"@id":"https:\/\/now-news.de\/de\/deutschland\/biden-warnt-israel-vor-besetzung-des-gazastreifens\/#primaryimage"},"thumbnailUrl":"https:\/\/now-news.de\/de\/wp-content\/uploads\/sites\/3\/2023\/10\/Biden-warnt-Israel-vor-quotBesetzungquot-des-Gazastreifens.jpg","keywords":["Biden","des","Gazastreifens","Israel","quotBesetzungquot","vor","warnt"],"articleSection":["Deutschland","Russland"],"inLanguage":"de","potentialAction":[{"@type":"CommentAction","name":"Comment","target":["https:\/\/now-news.de\/de\/deutschland\/biden-warnt-israel-vor-besetzung-des-gazastreifens\/#respond"]}]},{"@type":"WebPage","@id":"https:\/\/now-news.de\/de\/deutschland\/biden-warnt-israel-vor-besetzung-des-gazastreifens\/","url":"https:\/\/now-news.de\/de\/deutschland\/biden-warnt-israel-vor-besetzung-des-gazastreifens\/","name":"Biden warnt Israel vor &quot;Besetzung&quot; des Gazastreifens - just-now.NEWS Deutschland","isPartOf":{"@id":"https:\/\/now-news.de\/de\/#website"},"primaryImageOfPage":{"@id":"https:\/\/now-news.de\/de\/deutschland\/biden-warnt-israel-vor-besetzung-des-gazastreifens\/#primaryimage"},"image":{"@id":"https:\/\/now-news.de\/de\/deutschland\/biden-warnt-israel-vor-besetzung-des-gazastreifens\/#primaryimage"},"thumbnailUrl":"https:\/\/now-news.de\/de\/wp-content\/uploads\/sites\/3\/2023\/10\/Biden-warnt-Israel-vor-quotBesetzungquot-des-Gazastreifens.jpg","datePublished":"2023-10-16T08:50:31+00:00","dateModified":"2023-10-16T08:50:31+00:00","breadcrumb":{"@id":"https:\/\/now-news.de\/de\/deutschland\/biden-warnt-israel-vor-besetzung-des-gazastreifens\/#breadcrumb"},"inLanguage":"de","potentialAction":[{"@type":"ReadAction","target":["https:\/\/now-news.de\/de\/deutschland\/biden-warnt-israel-vor-besetzung-des-gazastreifens\/"]}]},{"@type":"ImageObject","inLanguage":"de","@id":"https:\/\/now-news.de\/de\/deutschland\/biden-warnt-israel-vor-besetzung-des-gazastreifens\/#primaryimage","url":"https:\/\/now-news.de\/de\/wp-content\/uploads\/sites\/3\/2023\/10\/Biden-warnt-Israel-vor-quotBesetzungquot-des-Gazastreifens.jpg","contentUrl":"https:\/\/now-news.de\/de\/wp-content\/uploads\/sites\/3\/2023\/10\/Biden-warnt-Israel-vor-quotBesetzungquot-des-Gazastreifens.jpg","width":460,"height":259,"caption":"Biden warnt Israel vor &quot;Besetzung&quot; des Gazastreifens"},{"@type":"BreadcrumbList","@id":"https:\/\/now-news.de\/de\/deutschland\/biden-warnt-israel-vor-besetzung-des-gazastreifens\/#breadcrumb","itemListElement":[{"@type":"ListItem","position":1,"name":"Home","item":"https:\/\/now-news.de\/de\/"},{"@type":"ListItem","position":2,"name":"Biden warnt Israel vor &quot;Besetzung&quot; des Gazastreifens"}]},{"@type":"WebSite","@id":"https:\/\/now-news.de\/de\/#website","url":"https:\/\/now-news.de\/de\/","name":"just-now.NEWS Deutschland","description":"Das Portal f\u00fcr unzensierte Nachrichten aus der Welt","publisher":{"@id":"https:\/\/now-news.de\/de\/#organization"},"potentialAction":[{"@type":"SearchAction","target":{"@type":"EntryPoint","urlTemplate":"https:\/\/now-news.de\/de\/?s={search_term_string}"},"query-input":"required name=search_term_string"}],"inLanguage":"de"},{"@type":"Organization","@id":"https:\/\/now-news.de\/de\/#organization","name":"Just Now News","url":"https:\/\/now-news.de\/de\/","logo":{"@type":"ImageObject","inLanguage":"de","@id":"https:\/\/now-news.de\/de\/#\/schema\/logo\/image\/","url":"http:\/\/just-now.news\/de\/wp-content\/uploads\/sites\/3\/2022\/04\/logo500x500.jpg","contentUrl":"http:\/\/just-now.news\/de\/wp-content\/uploads\/sites\/3\/2022\/04\/logo500x500.jpg","width":500,"height":500,"caption":"Just Now News"},"image":{"@id":"https:\/\/now-news.de\/de\/#\/schema\/logo\/image\/"},"sameAs":["https:\/\/www.facebook.com\/wirmachenauf","https:\/\/x.com\/WirMachenAuf_de"]},{"@type":"Person","@id":"https:\/\/now-news.de\/de\/#\/schema\/person\/fb534a4e865501d8b3285208df34a9b5","name":"rtnews","image":{"@type":"ImageObject","inLanguage":"de","@id":"https:\/\/now-news.de\/de\/#\/schema\/person\/image\/","url":"https:\/\/secure.gravatar.com\/avatar\/82aafea7d8127119dd649515f56e2117?s=96&d=mm&r=g","contentUrl":"https:\/\/secure.gravatar.com\/avatar\/82aafea7d8127119dd649515f56e2117?s=96&d=mm&r=g","caption":"rtnews"},"url":"https:\/\/now-news.de\/de\/author\/rnews\/"}]}},"_links":{"self":[{"href":"https:\/\/now-news.de\/de\/wp-json\/wp\/v2\/posts\/48114"}],"collection":[{"href":"https:\/\/now-news.de\/de\/wp-json\/wp\/v2\/posts"}],"about":[{"href":"https:\/\/now-news.de\/de\/wp-json\/wp\/v2\/types\/post"}],"author":[{"embeddable":true,"href":"https:\/\/now-news.de\/de\/wp-json\/wp\/v2\/users\/3"}],"replies":[{"embeddable":true,"href":"https:\/\/now-news.de\/de\/wp-json\/wp\/v2\/comments?post=48114"}],"version-history":[{"count":0,"href":"https:\/\/now-news.de\/de\/wp-json\/wp\/v2\/posts\/48114\/revisions"}],"wp:featuredmedia":[{"embeddable":true,"href":"https:\/\/now-news.de\/de\/wp-json\/wp\/v2\/media\/48115"}],"wp:attachment":[{"href":"https:\/\/now-news.de\/de\/wp-json\/wp\/v2\/media?parent=48114"}],"wp:term":[{"taxonomy":"category","embeddable":true,"href":"https:\/\/now-news.de\/de\/wp-json\/wp\/v2\/categories?post=48114"},{"taxonomy":"post_tag","embeddable":true,"href":"https:\/\/now-news.de\/de\/wp-json\/wp\/v2\/tags?post=48114"}],"curies":[{"name":"wp","href":"https:\/\/api.w.org\/{rel}","templated":true}]}}