{"id":48108,"date":"2023-10-16T07:30:00","date_gmt":"2023-10-16T05:30:00","guid":{"rendered":"https:\/\/just-now.news\/de\/deutschland\/ungarns-aussenminister-energie-kooperation-mit-russland-ist-in-nationalem-interesse\/"},"modified":"2023-10-16T07:30:00","modified_gmt":"2023-10-16T05:30:00","slug":"ungarns-aussenminister-energie-kooperation-mit-russland-ist-in-nationalem-interesse","status":"publish","type":"post","link":"https:\/\/now-news.de\/de\/deutschland\/ungarns-aussenminister-energie-kooperation-mit-russland-ist-in-nationalem-interesse\/","title":{"rendered":"Ungarns Au\u00dfenminister: Energie-Kooperation mit Russland ist in nationalem Interesse"},"content":{"rendered":"<p><img decoding=\"async\" src=\"http:\/\/just-now.news\/de\/wp-content\/uploads\/sites\/3\/2023\/10\/652bf23f48fbef37732c7739.jpg\" \/><\/p>\n<div class=\"Text-root Text-type_1 \">\n                Ungarns Au\u00dfenminister sprach im Interview mit RT \u00fcber die nationalen Interessen seines Landes im Bereich Energie und warum dazu die Kooperation mit Russland unerl\u00e4sslich ist. Ungarn wird auch in Zukunft seine nationalen Interessen gegen\u00fcber der EU verteidigen.\n            <\/div>\n<p><\/p>\n<div class=\"Text-root Text-type_5 ArticleView-text ViewText-root \">\n<p>Am Rande der <a rel=\"nofollow noopener\" target=\"_blank\" href=\"https:\/\/rusenergyweek.com\/en\/\">Russian Energy Week<\/a>, die vom 11. bis zum 13. Oktober in Moskau stattfand, gab der ungarische Au\u00dfenminister\u00a0P\u00e9ter Szijj\u00e1rt\u00f3 <em>RT<\/em> ein Interview, in dem er sich zur ungarisch-russischen Kooperation im Energiesektor \u00e4u\u00dferte. Ganz unabh\u00e4ngig vom Ukraine-Konflikt und dem Druck aus Br\u00fcssel stelle Ungarn seine nationalen Interessen in den Vordergrund, hob der Au\u00dfenminister hervor. F\u00fcr Budapest bedeutet das, auch trotz des Sanktionsregimes der EU an der Kooperation mit Russland festzuhalten. Die ungarisch-russische Kooperation im Energiebereich sei f\u00fcr Ungarn von h\u00f6chster Priorit\u00e4t.\u00a0<\/p>\n<p>Szijj\u00e1rt\u00f3 erkl\u00e4rte gegen\u00fcber <em>RT<\/em>:<\/p>\n<blockquote>\n<p><em>&#8220;Eine verl\u00e4ssliche und respektvolle Zusammenarbeit mit Russland liegt in jedem Fall in unserem nationalen Interesse. Ohne russische Energie w\u00e4ren wir nicht in der Lage,\u00a0die sichere Energieversorgung unseres Landes zu gew\u00e4hrleisten.&#8221; <\/em><\/p>\n<\/blockquote>\n<p>Er f\u00fcgte hinzu, dass die Energieversorgung f\u00fcr Ungarn &#8220;keine politische oder ideologische, sondern eine physische Frage&#8221; sei.<\/p>\n<p>Szijj\u00e1rt\u00f3 zufolge sei Budapest in permanentem Kontakt mit Moskau, um die Kooperation, wie sie in den laufenden Vertr\u00e4gen vereinbart wurde, sicherzustellen. Ungarn hatte im Jahr 2021 mit Gazprom einen Liefervertrag mit einer Laufzeit von 15 Jahren \u00fcber die Lieferung von Pipeline-Gas abgeschlossen. Der Umfang der von Russland zugesagten Lieferungen betr\u00e4gt 4,5 Milliarden Kubikmeter Gas pro Jahr.<\/p>\n<p>Zudem gibt es laufende Vertr\u00e4ge \u00fcber die Lieferung von russischem \u00d6l, das Ungarn \u00fcber eine Pipeline bezieht, die durch Kroatien und die Ukraine verl\u00e4uft. Ungarn hatte dazu f\u00fcr sich eine Ausnahme vom EU-Sanktionsregime durchgesetzt. Urspr\u00fcnglich war geplant, den Import von russischem Roh\u00f6l in die EU komplett zu verbieten.<\/p>\n<p>Weiterhin\u00a0kooperiert Ungarn im Bereich der Kernenergie mit der Russischen F\u00f6deration. Den Bau des Kernkraftwerks Paks 2 realisiert Ungarn gemeinsam mit Rosatom.\u00a0<\/p>\n<blockquote>\n<p><em>&#8220;Fundament und Dichtw\u00e4nde sind bereits im Bau \u2013 das gibt uns Hoffnung, dass wir bis zum Beginn des n\u00e4chsten Jahrzehnts die beiden neuen Bl\u00f6cke ans Netz bringen k\u00f6nnen, was die nukleare Kapazit\u00e4t von 2.000 Megawatt auf 4.400 Megawatt erh\u00f6hen wird&#8221;, erl\u00e4uterte der Au\u00dfenminister und f\u00fcgte hinzu, dass das Projekt die ungarische Stromerzeugung &#8220;wettbewerbsf\u00e4higer, sicherer und umweltfreundlicher&#8221; machen werde.<\/em><\/p>\n<\/blockquote>\n<p>Szijj\u00e1rt\u00f3 schilderte weiter, dass das Projekt gro\u00dfem Druck durch die EU ausgesetzt sei. Die Drohungen der EU gegen die russische Nuklearindustrie richten sich auch gegen den Bau des Kraftwerks. Er vertraue aber darauf, dass Br\u00fcssel seine Drohungen nicht wahr machen werde.\u00a0<\/p>\n<blockquote>\n<p><em>&#8220;Wir haben sehr deutlich zum Ausdruck gebracht, dass wir keinem Sanktionspaket zustimmen werden, das die russische Atomindustrie einschlie\u00dft \u2026 weil es\u00a0v\u00f6llig gegen unsere nationalen Interessen versto\u00dfen w\u00fcrde, wenn die Atomindustrie unter Sanktionen st\u00fcnde. Und da die USA im ersten Halbjahr dieses Jahres 416 Tonnen Uran in Russland gekauft haben, gibt es meines Erachtens keine wirklichen Argumente daf\u00fcr, dass die EU Sanktionen gegen die russische Atomindustrie verh\u00e4ngt. \u2026 Das w\u00e4re eine gro\u00dfe Heuchelei.&#8221;<\/em><\/p>\n<\/blockquote>\n<p>Im Interview wiederholte er auch bereits fr\u00fcher gemachte \u00c4u\u00dferungen, wonach er das EU-Sanktionsregime gegen Russland als gescheitert ansieht. Er forderte die EU erneut auf, sich an der Suche nach einer diplomatischen L\u00f6sung zu beteiligen, anstatt weitere Strafma\u00dfnahmen gegen Moskau zu verh\u00e4ngen.\u00a0<\/p>\n<blockquote>\n<p><em>&#8220;Die EU hat wirtschaftliche Probleme. Hinsichtlich ihrer Wettbewerbsf\u00e4higkeit ist inzwischen offensichtlich \u2013 es gibt Zahlen \u2013, dass China uns bereits \u00fcberholt hat, wenn es um den Anteil am globalen BIP geht.&#8221; <br \/><\/em><\/p>\n<\/blockquote>\n<p>Daher sollte die EU ihre Entscheidungen mit dem Ziel treffen, ihre Wettbewerbsf\u00e4higkeit zu verbessern. Die Sanktionen gegen Russland haben nach Ansicht des ungarischen Au\u00dfenministers zum Verlust der Wettbewerbsf\u00e4higkeit der europ\u00e4ischen Volkswirtschaften beigetragen.\u00a0<\/p>\n<blockquote>\n<p><em>&#8220;Anstatt Sanktionen zu verh\u00e4ngen und Waffen zu liefern, sollten wir Gespr\u00e4che \u00fcber Frieden beginnen&#8221;, erkl\u00e4rte er.\u00a0<\/em><\/p>\n<\/blockquote>\n<p>Er warnte vor weiterem Aufschub, da die Bedingungen f\u00fcr Friedensgespr\u00e4che mit der Zeit ung\u00fcnstiger werden.<\/p>\n<p><strong>Mehr zum Thema<\/strong>\u00a0\u2013 <a rel=\"nofollow noopener\" target=\"_blank\" href=\"https:\/\/freedert.online\/europa\/183754-ungarn-will-geschaefte-mit-russland-ausweiten\/\">Ungarn will Gesch\u00e4fte mit Russland ausweiten<\/a><\/p>\n<\/div>\n<p><br \/>\n<br \/><a href=\"https:\/\/de.rt.com\/europa\/183844-ungarns-aussenminister-energie-kooperation-mit\/\">Source link <\/a><\/p>\n","protected":false},"excerpt":{"rendered":"<p>Ungarns Au\u00dfenminister sprach im Interview mit RT \u00fcber die nationalen Interessen seines Landes im Bereich Energie und warum dazu die Kooperation mit Russland unerl\u00e4sslich ist. Ungarn wird auch in Zukunft seine nationalen Interessen gegen\u00fcber der EU verteidigen. Am Rande der Russian Energy Week, die vom 11. bis zum 13. Oktober in Moskau stattfand, gab der [&hellip;]<\/p>\n","protected":false},"author":3,"featured_media":48109,"comment_status":"open","ping_status":"open","sticky":false,"template":"","format":"standard","meta":{"_yoast_indexnow_last_ping":["1697434549"],"wp_automatic_camp":["217"],"fac8678a3672906d3a3d299fa9ae1f39":["Ungarns Au\u00dfenminister: Energie-Kooperation mit Russland ist in nationalem Interesse"],"original_link":["https:\/\/de.rt.com\/europa\/183844-ungarns-aussenminister-energie-kooperation-mit\/"],"_thumbnail_id":["48109"],"jnews_social_counter_last_update":["1777354017"],"_wptgpro_p2tg_sent2tg":["a:1:{i:23737;s:19:\"2023-10-16 07:37:07\";}"]},"categories":[19,23],"tags":[13830,49829,19855,414,419,49830,126,27176],"yoast_head":"<!-- This site is optimized with the Yoast SEO Premium plugin v22.7 (Yoast SEO v22.7) - https:\/\/yoast.com\/wordpress\/plugins\/seo\/ -->\n<title>Ungarns Au\u00dfenminister: Energie-Kooperation mit Russland ist in nationalem Interesse - just-now.NEWS Deutschland<\/title>\n<meta name=\"robots\" content=\"index, follow, max-snippet:-1, max-image-preview:large, max-video-preview:-1\" \/>\n<link rel=\"canonical\" href=\"https:\/\/now-news.de\/de\/deutschland\/ungarns-aussenminister-energie-kooperation-mit-russland-ist-in-nationalem-interesse\/\" \/>\n<meta property=\"og:locale\" content=\"de_DE\" \/>\n<meta property=\"og:type\" content=\"article\" \/>\n<meta property=\"og:title\" content=\"Ungarns Au\u00dfenminister: Energie-Kooperation mit Russland ist in nationalem Interesse\" \/>\n<meta property=\"og:description\" content=\"Ungarns Au\u00dfenminister sprach im Interview mit RT \u00fcber die nationalen Interessen seines Landes im Bereich Energie und warum dazu die Kooperation mit Russland unerl\u00e4sslich ist. Ungarn wird auch in Zukunft seine nationalen Interessen gegen\u00fcber der EU verteidigen. Am Rande der Russian Energy Week, die vom 11. bis zum 13. Oktober in Moskau stattfand, gab der [&hellip;]\" \/>\n<meta property=\"og:url\" content=\"https:\/\/now-news.de\/de\/deutschland\/ungarns-aussenminister-energie-kooperation-mit-russland-ist-in-nationalem-interesse\/\" \/>\n<meta property=\"og:site_name\" content=\"just-now.NEWS Deutschland\" \/>\n<meta property=\"article:publisher\" content=\"https:\/\/www.facebook.com\/wirmachenauf\" \/>\n<meta property=\"article:published_time\" content=\"2023-10-16T05:30:00+00:00\" \/>\n<meta property=\"og:image\" content=\"https:\/\/now-news.de\/de\/wp-content\/uploads\/sites\/3\/2023\/10\/Ungarns-Aussenminister-Energie-Kooperation-mit-Russland-ist-in-nationalem-Interesse.jpg\" \/>\n\t<meta property=\"og:image:width\" content=\"460\" \/>\n\t<meta property=\"og:image:height\" content=\"259\" \/>\n\t<meta property=\"og:image:type\" content=\"image\/jpeg\" \/>\n<meta name=\"author\" content=\"rtnews\" \/>\n<meta name=\"twitter:card\" content=\"summary_large_image\" \/>\n<meta name=\"twitter:creator\" content=\"@WirMachenAuf_de\" \/>\n<meta name=\"twitter:site\" content=\"@WirMachenAuf_de\" \/>\n<meta name=\"twitter:label1\" content=\"Verfasst von\" \/>\n\t<meta name=\"twitter:data1\" content=\"rtnews\" \/>\n\t<meta name=\"twitter:label2\" content=\"Gesch\u00e4tzte Lesezeit\" \/>\n\t<meta name=\"twitter:data2\" content=\"3\u00a0Minuten\" \/>\n<script type=\"application\/ld+json\" class=\"yoast-schema-graph\">{\"@context\":\"https:\/\/schema.org\",\"@graph\":[{\"@type\":\"Article\",\"@id\":\"https:\/\/now-news.de\/de\/deutschland\/ungarns-aussenminister-energie-kooperation-mit-russland-ist-in-nationalem-interesse\/#article\",\"isPartOf\":{\"@id\":\"https:\/\/now-news.de\/de\/deutschland\/ungarns-aussenminister-energie-kooperation-mit-russland-ist-in-nationalem-interesse\/\"},\"author\":{\"name\":\"rtnews\",\"@id\":\"https:\/\/now-news.de\/de\/#\/schema\/person\/fb534a4e865501d8b3285208df34a9b5\"},\"headline\":\"Ungarns Au\u00dfenminister: Energie-Kooperation mit Russland ist in nationalem Interesse\",\"datePublished\":\"2023-10-16T05:30:00+00:00\",\"dateModified\":\"2023-10-16T05:30:00+00:00\",\"mainEntityOfPage\":{\"@id\":\"https:\/\/now-news.de\/de\/deutschland\/ungarns-aussenminister-energie-kooperation-mit-russland-ist-in-nationalem-interesse\/\"},\"wordCount\":683,\"commentCount\":0,\"publisher\":{\"@id\":\"https:\/\/now-news.de\/de\/#organization\"},\"image\":{\"@id\":\"https:\/\/now-news.de\/de\/deutschland\/ungarns-aussenminister-energie-kooperation-mit-russland-ist-in-nationalem-interesse\/#primaryimage\"},\"thumbnailUrl\":\"https:\/\/now-news.de\/de\/wp-content\/uploads\/sites\/3\/2023\/10\/Ungarns-Aussenminister-Energie-Kooperation-mit-Russland-ist-in-nationalem-Interesse.jpg\",\"keywords\":[\"Au\u00dfenminister\",\"EnergieKooperation\",\"Interesse\",\"ist\",\"mit\",\"nationalem\",\"russland\",\"Ungarns\"],\"articleSection\":[\"Deutschland\",\"Russland\"],\"inLanguage\":\"de\",\"potentialAction\":[{\"@type\":\"CommentAction\",\"name\":\"Comment\",\"target\":[\"https:\/\/now-news.de\/de\/deutschland\/ungarns-aussenminister-energie-kooperation-mit-russland-ist-in-nationalem-interesse\/#respond\"]}]},{\"@type\":\"WebPage\",\"@id\":\"https:\/\/now-news.de\/de\/deutschland\/ungarns-aussenminister-energie-kooperation-mit-russland-ist-in-nationalem-interesse\/\",\"url\":\"https:\/\/now-news.de\/de\/deutschland\/ungarns-aussenminister-energie-kooperation-mit-russland-ist-in-nationalem-interesse\/\",\"name\":\"Ungarns Au\u00dfenminister: Energie-Kooperation mit Russland ist in nationalem Interesse - just-now.NEWS Deutschland\",\"isPartOf\":{\"@id\":\"https:\/\/now-news.de\/de\/#website\"},\"primaryImageOfPage\":{\"@id\":\"https:\/\/now-news.de\/de\/deutschland\/ungarns-aussenminister-energie-kooperation-mit-russland-ist-in-nationalem-interesse\/#primaryimage\"},\"image\":{\"@id\":\"https:\/\/now-news.de\/de\/deutschland\/ungarns-aussenminister-energie-kooperation-mit-russland-ist-in-nationalem-interesse\/#primaryimage\"},\"thumbnailUrl\":\"https:\/\/now-news.de\/de\/wp-content\/uploads\/sites\/3\/2023\/10\/Ungarns-Aussenminister-Energie-Kooperation-mit-Russland-ist-in-nationalem-Interesse.jpg\",\"datePublished\":\"2023-10-16T05:30:00+00:00\",\"dateModified\":\"2023-10-16T05:30:00+00:00\",\"breadcrumb\":{\"@id\":\"https:\/\/now-news.de\/de\/deutschland\/ungarns-aussenminister-energie-kooperation-mit-russland-ist-in-nationalem-interesse\/#breadcrumb\"},\"inLanguage\":\"de\",\"potentialAction\":[{\"@type\":\"ReadAction\",\"target\":[\"https:\/\/now-news.de\/de\/deutschland\/ungarns-aussenminister-energie-kooperation-mit-russland-ist-in-nationalem-interesse\/\"]}]},{\"@type\":\"ImageObject\",\"inLanguage\":\"de\",\"@id\":\"https:\/\/now-news.de\/de\/deutschland\/ungarns-aussenminister-energie-kooperation-mit-russland-ist-in-nationalem-interesse\/#primaryimage\",\"url\":\"https:\/\/now-news.de\/de\/wp-content\/uploads\/sites\/3\/2023\/10\/Ungarns-Aussenminister-Energie-Kooperation-mit-Russland-ist-in-nationalem-Interesse.jpg\",\"contentUrl\":\"https:\/\/now-news.de\/de\/wp-content\/uploads\/sites\/3\/2023\/10\/Ungarns-Aussenminister-Energie-Kooperation-mit-Russland-ist-in-nationalem-Interesse.jpg\",\"width\":460,\"height\":259,\"caption\":\"Ungarns Au\u00dfenminister: Energie-Kooperation mit Russland ist in nationalem Interesse\"},{\"@type\":\"BreadcrumbList\",\"@id\":\"https:\/\/now-news.de\/de\/deutschland\/ungarns-aussenminister-energie-kooperation-mit-russland-ist-in-nationalem-interesse\/#breadcrumb\",\"itemListElement\":[{\"@type\":\"ListItem\",\"position\":1,\"name\":\"Home\",\"item\":\"https:\/\/now-news.de\/de\/\"},{\"@type\":\"ListItem\",\"position\":2,\"name\":\"Ungarns Au\u00dfenminister: Energie-Kooperation mit Russland ist in nationalem Interesse\"}]},{\"@type\":\"WebSite\",\"@id\":\"https:\/\/now-news.de\/de\/#website\",\"url\":\"https:\/\/now-news.de\/de\/\",\"name\":\"just-now.NEWS Deutschland\",\"description\":\"Das Portal f\u00fcr unzensierte Nachrichten aus der Welt\",\"publisher\":{\"@id\":\"https:\/\/now-news.de\/de\/#organization\"},\"potentialAction\":[{\"@type\":\"SearchAction\",\"target\":{\"@type\":\"EntryPoint\",\"urlTemplate\":\"https:\/\/now-news.de\/de\/?s={search_term_string}\"},\"query-input\":\"required name=search_term_string\"}],\"inLanguage\":\"de\"},{\"@type\":\"Organization\",\"@id\":\"https:\/\/now-news.de\/de\/#organization\",\"name\":\"Just Now News\",\"url\":\"https:\/\/now-news.de\/de\/\",\"logo\":{\"@type\":\"ImageObject\",\"inLanguage\":\"de\",\"@id\":\"https:\/\/now-news.de\/de\/#\/schema\/logo\/image\/\",\"url\":\"http:\/\/just-now.news\/de\/wp-content\/uploads\/sites\/3\/2022\/04\/logo500x500.jpg\",\"contentUrl\":\"http:\/\/just-now.news\/de\/wp-content\/uploads\/sites\/3\/2022\/04\/logo500x500.jpg\",\"width\":500,\"height\":500,\"caption\":\"Just Now News\"},\"image\":{\"@id\":\"https:\/\/now-news.de\/de\/#\/schema\/logo\/image\/\"},\"sameAs\":[\"https:\/\/www.facebook.com\/wirmachenauf\",\"https:\/\/x.com\/WirMachenAuf_de\"]},{\"@type\":\"Person\",\"@id\":\"https:\/\/now-news.de\/de\/#\/schema\/person\/fb534a4e865501d8b3285208df34a9b5\",\"name\":\"rtnews\",\"image\":{\"@type\":\"ImageObject\",\"inLanguage\":\"de\",\"@id\":\"https:\/\/now-news.de\/de\/#\/schema\/person\/image\/\",\"url\":\"https:\/\/secure.gravatar.com\/avatar\/82aafea7d8127119dd649515f56e2117?s=96&d=mm&r=g\",\"contentUrl\":\"https:\/\/secure.gravatar.com\/avatar\/82aafea7d8127119dd649515f56e2117?s=96&d=mm&r=g\",\"caption\":\"rtnews\"},\"url\":\"https:\/\/now-news.de\/de\/author\/rnews\/\"}]}<\/script>\n<!-- \/ Yoast SEO Premium plugin. -->","yoast_head_json":{"title":"Ungarns Au\u00dfenminister: Energie-Kooperation mit Russland ist in nationalem Interesse - just-now.NEWS Deutschland","robots":{"index":"index","follow":"follow","max-snippet":"max-snippet:-1","max-image-preview":"max-image-preview:large","max-video-preview":"max-video-preview:-1"},"canonical":"https:\/\/now-news.de\/de\/deutschland\/ungarns-aussenminister-energie-kooperation-mit-russland-ist-in-nationalem-interesse\/","og_locale":"de_DE","og_type":"article","og_title":"Ungarns Au\u00dfenminister: Energie-Kooperation mit Russland ist in nationalem Interesse","og_description":"Ungarns Au\u00dfenminister sprach im Interview mit RT \u00fcber die nationalen Interessen seines Landes im Bereich Energie und warum dazu die Kooperation mit Russland unerl\u00e4sslich ist. Ungarn wird auch in Zukunft seine nationalen Interessen gegen\u00fcber der EU verteidigen. Am Rande der Russian Energy Week, die vom 11. bis zum 13. Oktober in Moskau stattfand, gab der [&hellip;]","og_url":"https:\/\/now-news.de\/de\/deutschland\/ungarns-aussenminister-energie-kooperation-mit-russland-ist-in-nationalem-interesse\/","og_site_name":"just-now.NEWS Deutschland","article_publisher":"https:\/\/www.facebook.com\/wirmachenauf","article_published_time":"2023-10-16T05:30:00+00:00","og_image":[{"width":460,"height":259,"url":"https:\/\/now-news.de\/de\/wp-content\/uploads\/sites\/3\/2023\/10\/Ungarns-Aussenminister-Energie-Kooperation-mit-Russland-ist-in-nationalem-Interesse.jpg","type":"image\/jpeg"}],"author":"rtnews","twitter_card":"summary_large_image","twitter_creator":"@WirMachenAuf_de","twitter_site":"@WirMachenAuf_de","twitter_misc":{"Verfasst von":"rtnews","Gesch\u00e4tzte Lesezeit":"3\u00a0Minuten"},"schema":{"@context":"https:\/\/schema.org","@graph":[{"@type":"Article","@id":"https:\/\/now-news.de\/de\/deutschland\/ungarns-aussenminister-energie-kooperation-mit-russland-ist-in-nationalem-interesse\/#article","isPartOf":{"@id":"https:\/\/now-news.de\/de\/deutschland\/ungarns-aussenminister-energie-kooperation-mit-russland-ist-in-nationalem-interesse\/"},"author":{"name":"rtnews","@id":"https:\/\/now-news.de\/de\/#\/schema\/person\/fb534a4e865501d8b3285208df34a9b5"},"headline":"Ungarns Au\u00dfenminister: Energie-Kooperation mit Russland ist in nationalem Interesse","datePublished":"2023-10-16T05:30:00+00:00","dateModified":"2023-10-16T05:30:00+00:00","mainEntityOfPage":{"@id":"https:\/\/now-news.de\/de\/deutschland\/ungarns-aussenminister-energie-kooperation-mit-russland-ist-in-nationalem-interesse\/"},"wordCount":683,"commentCount":0,"publisher":{"@id":"https:\/\/now-news.de\/de\/#organization"},"image":{"@id":"https:\/\/now-news.de\/de\/deutschland\/ungarns-aussenminister-energie-kooperation-mit-russland-ist-in-nationalem-interesse\/#primaryimage"},"thumbnailUrl":"https:\/\/now-news.de\/de\/wp-content\/uploads\/sites\/3\/2023\/10\/Ungarns-Aussenminister-Energie-Kooperation-mit-Russland-ist-in-nationalem-Interesse.jpg","keywords":["Au\u00dfenminister","EnergieKooperation","Interesse","ist","mit","nationalem","russland","Ungarns"],"articleSection":["Deutschland","Russland"],"inLanguage":"de","potentialAction":[{"@type":"CommentAction","name":"Comment","target":["https:\/\/now-news.de\/de\/deutschland\/ungarns-aussenminister-energie-kooperation-mit-russland-ist-in-nationalem-interesse\/#respond"]}]},{"@type":"WebPage","@id":"https:\/\/now-news.de\/de\/deutschland\/ungarns-aussenminister-energie-kooperation-mit-russland-ist-in-nationalem-interesse\/","url":"https:\/\/now-news.de\/de\/deutschland\/ungarns-aussenminister-energie-kooperation-mit-russland-ist-in-nationalem-interesse\/","name":"Ungarns Au\u00dfenminister: Energie-Kooperation mit Russland ist in nationalem Interesse - just-now.NEWS Deutschland","isPartOf":{"@id":"https:\/\/now-news.de\/de\/#website"},"primaryImageOfPage":{"@id":"https:\/\/now-news.de\/de\/deutschland\/ungarns-aussenminister-energie-kooperation-mit-russland-ist-in-nationalem-interesse\/#primaryimage"},"image":{"@id":"https:\/\/now-news.de\/de\/deutschland\/ungarns-aussenminister-energie-kooperation-mit-russland-ist-in-nationalem-interesse\/#primaryimage"},"thumbnailUrl":"https:\/\/now-news.de\/de\/wp-content\/uploads\/sites\/3\/2023\/10\/Ungarns-Aussenminister-Energie-Kooperation-mit-Russland-ist-in-nationalem-Interesse.jpg","datePublished":"2023-10-16T05:30:00+00:00","dateModified":"2023-10-16T05:30:00+00:00","breadcrumb":{"@id":"https:\/\/now-news.de\/de\/deutschland\/ungarns-aussenminister-energie-kooperation-mit-russland-ist-in-nationalem-interesse\/#breadcrumb"},"inLanguage":"de","potentialAction":[{"@type":"ReadAction","target":["https:\/\/now-news.de\/de\/deutschland\/ungarns-aussenminister-energie-kooperation-mit-russland-ist-in-nationalem-interesse\/"]}]},{"@type":"ImageObject","inLanguage":"de","@id":"https:\/\/now-news.de\/de\/deutschland\/ungarns-aussenminister-energie-kooperation-mit-russland-ist-in-nationalem-interesse\/#primaryimage","url":"https:\/\/now-news.de\/de\/wp-content\/uploads\/sites\/3\/2023\/10\/Ungarns-Aussenminister-Energie-Kooperation-mit-Russland-ist-in-nationalem-Interesse.jpg","contentUrl":"https:\/\/now-news.de\/de\/wp-content\/uploads\/sites\/3\/2023\/10\/Ungarns-Aussenminister-Energie-Kooperation-mit-Russland-ist-in-nationalem-Interesse.jpg","width":460,"height":259,"caption":"Ungarns Au\u00dfenminister: Energie-Kooperation mit Russland ist in nationalem Interesse"},{"@type":"BreadcrumbList","@id":"https:\/\/now-news.de\/de\/deutschland\/ungarns-aussenminister-energie-kooperation-mit-russland-ist-in-nationalem-interesse\/#breadcrumb","itemListElement":[{"@type":"ListItem","position":1,"name":"Home","item":"https:\/\/now-news.de\/de\/"},{"@type":"ListItem","position":2,"name":"Ungarns Au\u00dfenminister: Energie-Kooperation mit Russland ist in nationalem Interesse"}]},{"@type":"WebSite","@id":"https:\/\/now-news.de\/de\/#website","url":"https:\/\/now-news.de\/de\/","name":"just-now.NEWS Deutschland","description":"Das Portal f\u00fcr unzensierte Nachrichten aus der Welt","publisher":{"@id":"https:\/\/now-news.de\/de\/#organization"},"potentialAction":[{"@type":"SearchAction","target":{"@type":"EntryPoint","urlTemplate":"https:\/\/now-news.de\/de\/?s={search_term_string}"},"query-input":"required name=search_term_string"}],"inLanguage":"de"},{"@type":"Organization","@id":"https:\/\/now-news.de\/de\/#organization","name":"Just Now News","url":"https:\/\/now-news.de\/de\/","logo":{"@type":"ImageObject","inLanguage":"de","@id":"https:\/\/now-news.de\/de\/#\/schema\/logo\/image\/","url":"http:\/\/just-now.news\/de\/wp-content\/uploads\/sites\/3\/2022\/04\/logo500x500.jpg","contentUrl":"http:\/\/just-now.news\/de\/wp-content\/uploads\/sites\/3\/2022\/04\/logo500x500.jpg","width":500,"height":500,"caption":"Just Now News"},"image":{"@id":"https:\/\/now-news.de\/de\/#\/schema\/logo\/image\/"},"sameAs":["https:\/\/www.facebook.com\/wirmachenauf","https:\/\/x.com\/WirMachenAuf_de"]},{"@type":"Person","@id":"https:\/\/now-news.de\/de\/#\/schema\/person\/fb534a4e865501d8b3285208df34a9b5","name":"rtnews","image":{"@type":"ImageObject","inLanguage":"de","@id":"https:\/\/now-news.de\/de\/#\/schema\/person\/image\/","url":"https:\/\/secure.gravatar.com\/avatar\/82aafea7d8127119dd649515f56e2117?s=96&d=mm&r=g","contentUrl":"https:\/\/secure.gravatar.com\/avatar\/82aafea7d8127119dd649515f56e2117?s=96&d=mm&r=g","caption":"rtnews"},"url":"https:\/\/now-news.de\/de\/author\/rnews\/"}]}},"_links":{"self":[{"href":"https:\/\/now-news.de\/de\/wp-json\/wp\/v2\/posts\/48108"}],"collection":[{"href":"https:\/\/now-news.de\/de\/wp-json\/wp\/v2\/posts"}],"about":[{"href":"https:\/\/now-news.de\/de\/wp-json\/wp\/v2\/types\/post"}],"author":[{"embeddable":true,"href":"https:\/\/now-news.de\/de\/wp-json\/wp\/v2\/users\/3"}],"replies":[{"embeddable":true,"href":"https:\/\/now-news.de\/de\/wp-json\/wp\/v2\/comments?post=48108"}],"version-history":[{"count":0,"href":"https:\/\/now-news.de\/de\/wp-json\/wp\/v2\/posts\/48108\/revisions"}],"wp:featuredmedia":[{"embeddable":true,"href":"https:\/\/now-news.de\/de\/wp-json\/wp\/v2\/media\/48109"}],"wp:attachment":[{"href":"https:\/\/now-news.de\/de\/wp-json\/wp\/v2\/media?parent=48108"}],"wp:term":[{"taxonomy":"category","embeddable":true,"href":"https:\/\/now-news.de\/de\/wp-json\/wp\/v2\/categories?post=48108"},{"taxonomy":"post_tag","embeddable":true,"href":"https:\/\/now-news.de\/de\/wp-json\/wp\/v2\/tags?post=48108"}],"curies":[{"name":"wp","href":"https:\/\/api.w.org\/{rel}","templated":true}]}}