{"id":48071,"date":"2023-10-14T20:58:26","date_gmt":"2023-10-14T18:58:26","guid":{"rendered":"https:\/\/just-now.news\/de\/deutschland\/wir-sind-nicht-naiv-bundestagspraesidentin-bas-lokalisiert-demokratiefeinde-im-bundestag\/"},"modified":"2023-10-14T20:58:26","modified_gmt":"2023-10-14T18:58:26","slug":"wir-sind-nicht-naiv-bundestagspraesidentin-bas-lokalisiert-demokratiefeinde-im-bundestag","status":"publish","type":"post","link":"https:\/\/now-news.de\/de\/deutschland\/wir-sind-nicht-naiv-bundestagspraesidentin-bas-lokalisiert-demokratiefeinde-im-bundestag\/","title":{"rendered":"&quot;Wir sind nicht naiv&quot; \u2013 Bundestagspr\u00e4sidentin Bas lokalisiert  &quot;Demokratiefeinde&quot; im Bundestag"},"content":{"rendered":"<div class=\"Text-root Text-type_1 \">\n                Bundestagspr\u00e4sidentin B\u00e4rbel Bas schildert in einem Gastbeitrag f\u00fcr die Wochenzeitung &#8220;Die Zeit&#8221; ihre aktuelle Wahrnehmung hinsichtlich der Bedrohung des hohen Hauses durch &#8220;Demokratiefeinde&#8221;. Zur Beruhigung der Abgeordneten entwarf sie nun ein Bundestagspolizeigesetz, um &#8220;verfassungsfeindlichen Inszenierungen&#8221; vorzubeugen.\n            <\/div>\n<p><\/p>\n<div class=\"Text-root Text-type_5 ArticleView-text ViewText-root \">\n<p><em>Von Bernhard Leyon<\/em><\/p>\n<p>Die SPD-Politikerin B\u00e4rbel Bas ist seit Oktober 2021 Pr\u00e4sidentin des Deutschen Bundestages. Am 14. Oktober durfte sie sich in dieser Funktion im Rahmen eines <a rel=\"nofollow noopener\" target=\"_blank\" href=\"https:\/\/www.zeit.de\/politik\/deutschland\/2023-10\/bundestag-parlament-reform-demokratie-baerbel-bas\/komplettansicht\">Gastbeitrags<\/a> f\u00fcr die Wochenzeitung <em>Die Zeit<\/em>\u00a0ausf\u00fchrlich zu ihren subjektiven Wahrnehmungen \u00e4u\u00dfern. Bas erkenne demnach eine akute Gef\u00e4hrdung der\u00a0parlamentarischen Demokratie. Ausgehend von dieser &#8220;Sorge&#8221; pr\u00e4sentiert die\u00a0Bundestagspr\u00e4sidentin in ihrem Beitrag\u00a0einen vermeintlich notwendigen, von ihr selbst in Auftrag gegebenen &#8220;Gesetzentwurf f\u00fcr ein eigenes Bundestagspolizeigesetz&#8221;.\u00a0<\/p>\n<p>Bas erl\u00e4utert zu Beginn ihres Beitrags, dass die Besucherkuppel\u00a0des Architekten Sir Norman Foster auf dem Geb\u00e4ude des Reichstags in Berlin &#8220;unseren Anspruch auf B\u00fcrgern\u00e4he und Transparenz&#8221; symbolisiere. Sie stellt\u00a0zudem fest, dass aktuell &#8220;das gesellschaftliche Klima rauer wird und das Vertrauen in die politischen Institutionen schwindet&#8221;. Als Erkenntnis der Stunde schl\u00e4gt Bas daher vor:<\/p>\n<blockquote>\n<p><em>&#8220;Die Antwort darauf kann nur sein: Wir als Politik m\u00fcssen noch mehr den Dialog mit den B\u00fcrgerinnen und B\u00fcrgern suchen. Die Bundestagsabgeordneten arbeiten sehr engagiert in ihren Wahlkreisen.&#8221;<\/em><\/p>\n<\/blockquote>\n<p>Eine Suche wird aber immer nur dann notwendig, wenn zuvor etwas verloren gegangen ist. Das betrifft auch die lebensfernen Wahrnehmungen aus dem individuellen Elfenbeinturm. Das eigentliche Anliegen, die Notwendigkeit ihres Gastbeitrags, folgt dann umgehend im n\u00e4chsten Absatz und der dort dargelegten politischen Analyse:<\/p>\n<blockquote>\n<p><em>&#8220;Klar ist aber auch: Wir sind nicht naiv und erkennen die akuten Bedrohungen f\u00fcr unser Parlament. Demokratiefeinde versuchen, unsere Offenheit und Transparenz zu missbrauchen. Sie machen das Parlament ver\u00e4chtlich und greifen es an. Sie haben nur ein Ziel: die Schw\u00e4chung unserer Demokratie.&#8221;<\/em><\/p>\n<\/blockquote>\n<p>Zur Untermauerung pr\u00e4sentiert Bas dann zwei auf sehr d\u00fcnnen Argumentationsbeinchen stehende Ereignisse der j\u00fcngsten Vergangenheit: die sogenannte &#8220;Reichstagserst\u00fcrmung&#8221; im Jahr 2020 unter begleitender und wenig beeindruckter Beobachtung der Hauptstadtpolizei und der Geheimdienste; sowie die aktuell medial im Fokus stehenden &#8220;Umsturzpl\u00e4ne f\u00fcr unsere parlamentarische Demokratie&#8221;, ausgehend von sogenannten, meist im Seniorenalter befindlichen, &#8220;Reichsb\u00fcrgern&#8221;.<\/p>\n<p>Wenig \u00fcberraschend wird von Bas sodann angemahnt, dass &#8220;wir die Augen nicht davor verschlie\u00dfen, dass aus dem Ausland zunehmend Versuche zur Infiltration des Deutschen Bundestages unternommen werden&#8221;. F\u00fcr mehr als bedenklich, n\u00e4mlich als potenzielle Gefahr und St\u00f6rung f\u00fcr die qualitative Arbeit der aktuellen Bundestagsabgeordneten, beschreibt Bas folgende inakzeptable Ereignisse:<\/p>\n<blockquote>\n<p><em>&#8220;Wir k\u00f6nnen nicht tolerieren, wenn sich Rechtsextreme in sozialen Medien feiern, wie sie verfassungsfeindliche Symbole und Handzeichen in Parlamenten zeigen. Auch St\u00f6raktionen wie Fehlalarme nehmen wir nicht hin.&#8221;<\/em><\/p>\n<\/blockquote>\n<p>Googelt man den Begriff &#8220;Fehlalarm&#8221; in Bezug auf den Reichstag, findet sich ein Vorfall aus dem Jahr 2001 wegen eines ausgelaufenen <a rel=\"nofollow noopener\" target=\"_blank\" href=\"https:\/\/www.berliner-zeitung.de\/archiv\/reichstag-musste-nach-gasalarm-geraeumt-werden-li.920352\">Reinigungsmittels<\/a> und aus dem Jahr 2006, als &#8220;ein heimlicher <a rel=\"nofollow noopener\" target=\"_blank\" href=\"https:\/\/www.spiegel.de\/politik\/deutschland\/reichstag-heimlicher-raucher-loeste-gasalarm-aus-a-453181.html\">Raucher<\/a> einen Gasalarm ausl\u00f6ste&#8221;.<\/p>\n<p>J\u00fcngere\u00a0<a rel=\"nofollow noopener\" target=\"_blank\" href=\"https:\/\/www.rnd.de\/panorama\/klimaaktivisten-loesen-im-bundestag-und-zwei-ministerien-feueralarm-aus-VSRRYYICEIJDLYZ6ZXWYIAJPII.html\">Vorf\u00e4lle<\/a>\u00a0mutwillig ausgel\u00f6ster Fehlalarme im Bundestag erfolgten im Jahr 2022 durch Aktivisten der &#8220;Letzten Generation&#8221;. Als ein <a rel=\"nofollow noopener\" target=\"_blank\" href=\"https:\/\/taz.de\/Rechtsextreme-bei-der-Bundestagspolizei\/!5777254\/\">Beispiel<\/a> f\u00fcr &#8220;verfassungsfeindliche Symbole und Handzeichen in Parlamenten&#8221; k\u00f6nnte die investigative Recherche der Tageszeitung <em>TAZ <\/em>gemeint sein, wonach im Jahr 2021\u00a0&#8220;ein Beamter im Pausenraum der Bundestagspolizei den Hitlergru\u00df gezeigt haben soll&#8221;. Zur Beruhigung der <em>Zeit<\/em>-Leser stellt Bas jedoch klar:<\/p>\n<blockquote>\n<p><em>&#8220;Bisher konnten wir alle Angriffe auf den Deutschen Bundestag abwenden.&#8221;<\/em><\/p>\n<\/blockquote>\n<p>&#8220;Die akute Gef\u00e4hrdung&#8221; verdeutliche jedoch: &#8220;Wenn wir ein offenes und b\u00fcrgernahes Haus bleiben wollen, m\u00fcssen wir noch mehr Standhaftigkeit zeigen und die Sicherheit des Parlaments st\u00e4rken&#8221;. Daher m\u00fcsse eine &#8220;zwingend verbundene Transparenz mit den erkennbar h\u00f6her gewordenen Sicherheitsanforderungen in die richtige Balance&#8221; gebracht werden. Allerdings schr\u00e4nkt Bas ein:<\/p>\n<blockquote>\n<p><em>&#8220;Dies aber ohne uns dem Vorwurf der Naivit\u00e4t einerseits oder der Abschottung und Verbarrikadierung andererseits auszusetzen.&#8221;<\/em><\/p>\n<\/blockquote>\n<p>Im Jahr 2020 <a rel=\"nofollow noopener\" target=\"_blank\" href=\"https:\/\/www.morgenpost.de\/bezirke\/mitte\/article228419835\/Schutzgraben-vor-dem-Reichstag-wird-groesser-als-gedacht.html\">titelte<\/a> die Berliner <em>Morgenpost<\/em> entgegen der aktuellen Wahrnehmung der Bundestagspr\u00e4sidentin:<\/p>\n<blockquote>\n<p><em>&#8220;Schutzgraben vor dem Reichstag wird gr\u00f6\u00dfer als gedacht.\u00a0Der Graben soll das Parlamentsgeb\u00e4ude sch\u00fctzen.&#8221;<\/em><\/p>\n<\/blockquote>\n<figure class=\"RTImage-root\">\n<div class=\"RTImage-image RTImage-original\"><picture class=\"Picture-root Picture-original\"><!--[if IE 9]><video style=\"display: none;\"><![endif]--><source media=\"(-webkit-min-device-pixel-ratio: 2) and (min-resolution: 120dpi)\" data-srcset=\" \nhttp:\/\/just-now.news\/de\/wp-content\/uploads\/sites\/3\/2023\/10\/652a8345b480cc020c08a08d.JPG 850w,\n                http:\/\/just-now.news\/de\/wp-content\/uploads\/sites\/3\/2023\/10\/652a8345b480cc020c08a08d.JPG 1960w,\n            \" ><source data-srcset=\" \nhttp:\/\/just-now.news\/de\/wp-content\/uploads\/sites\/3\/2023\/10\/652a8345b480cc020c08a08d.JPG 460w,\n              http:\/\/just-now.news\/de\/wp-content\/uploads\/sites\/3\/2023\/10\/652a8345b480cc020c08a08d.JPG 980w,\n            \" ><!--[if IE 9]><\/video><![endif]--><img decoding=\"async\" data- src=\"data:image\/png;base64,iVBORw0KGgoAAAANSUhEUgAAABAAAAAJCAQAAACRI2S5AAAAEElEQVR42mNkIAAYRxWAAQAG9gAKqv6+AwAAAABJRU5ErkJggg==\" class=\"Picture-root Picture-original lazyload\" data-src=\"http:\/\/just-now.news\/de\/wp-content\/uploads\/sites\/3\/2023\/10\/652a8345b480cc020c08a08d.JPG\" alt=\"\"><\/source><\/source><\/picture><!-- noscript pattern --><noscript><img decoding=\"async\" src=\"http:\/\/just-now.news\/de\/wp-content\/uploads\/sites\/3\/2023\/10\/652a8345b480cc020c08a08d.JPG\" alt=\"\"><\/noscript><\/div><figcaption class=\"RTImage-footer\"><span class=\"RTImage-caption\"><\/span><span class=\"RTImage-source\"><span class=\"RTImage-captionItem\">Screenshot: Webseite Morgenpost<\/span><\/span><\/figcaption><\/figure>\n<p>Drei Jahre sp\u00e4ter hei\u00dft es auf der Webseite <em>Entwicklungsstadt.de<\/em>:<\/p>\n<blockquote>\n<p><em>&#8220;Bau\u00a0des <a rel=\"nofollow noopener\" target=\"_blank\" href=\"https:\/\/entwicklungsstadt.de\/reichstagsgebaeude-bau-des-sicherheitsgrabens-startet-2025\/\">Sicherheitsgrabens<\/a>\u00a0startet 2025.\u00a0Der Graben soll rund zweieinhalb Meter tief werden. Zus\u00e4tzlich werden daran angrenzend zwei jeweils 55 Meter lange, zweieinhalb Meter hohe Z\u00e4une aus vertikalen Metallst\u00e4ben errichtet, die das Geb\u00e4ude seitlich abgrenzen sollen.&#8221;<\/em><\/p>\n<\/blockquote>\n<p>Daher l\u00e4sst sich nur mutma\u00dfen, ob die\u00a0Bundestagspr\u00e4sidentin erst angesichts dieser Tatsachen die in dem Artikel geschilderten Notwendigkeiten als besonders dringlich ansieht. Bas schreibt weiter:<\/p>\n<blockquote>\n<p><em>&#8220;Ich habe einen Gesetzentwurf f\u00fcr ein eigenes Bundestagspolizeigesetz erarbeiten lassen, der in diesen Tagen den Fraktionen vorgestellt wird.&#8221;<\/em><\/p>\n<\/blockquote>\n<p>Dieses Gesetz w\u00fcrde zuk\u00fcnftig &#8220;die enge Zusammenarbeit mit den Polizeien des Bundes sowie der L\u00e4nder sichern&#8221;, denn:<\/p>\n<blockquote>\n<p><em>&#8220;Wir schaffen damit auch mehr Rechtssicherheit f\u00fcr unsere Polizistinnen und Polizisten. Das sind wir ihnen schuldig: Sie sch\u00fctzen unser Parlament jeden Tag rund um die Uhr.&#8221;<\/em><\/p>\n<\/blockquote>\n<p>Bas m\u00f6chte zudem die vollst\u00e4ndige Deutungs- und Definitionshoheit \u00fcber die k\u00fcnftig erlaubte &#8220;Nutzung aller R\u00e4umlichkeiten und Einrichtungen&#8221; im Bundestag. Im Hinblick auf diese Pl\u00e4ne hei\u00dft es:<\/p>\n<blockquote>\n<p><em>&#8220;Ich lasse zurzeit rechtlich pr\u00fcfen, wie wir den Deutschen Bundestag besser vor extremistischen Einfl\u00fcssen und Aktionen sch\u00fctzen sowie die Sanktionsm\u00f6glichkeiten versch\u00e4rfen k\u00f6nnen.&#8221;<\/em><\/p>\n<\/blockquote>\n<p>Mit anderen Worten: Bas und das Bundestagspr\u00e4sidium k\u00f6nnten zuk\u00fcnftig dar\u00fcber bestimmen, welche Veranstaltungen einer jeweiligen Partei erw\u00fcnscht sind und welche nicht. Oder ob oppositionelle Fraktionen massiv in ihrer Arbeit eingeschr\u00e4nkt werden, abh\u00e4ngig von subjektiv definierten &#8220;Wir m\u00fcssen alle M\u00f6glichkeiten aussch\u00f6pfen&#8221;-Vorgaben. Politisch formsch\u00f6n dargelegt \u00fcber die Ank\u00fcndigung:<\/p>\n<blockquote>\n<p><em>&#8220;Dabei betrachten wir auch die Arbeitsverh\u00e4ltnisse der im Deutschen Bundestag Besch\u00e4ftigten und der Mitarbeiterinnen und Mitarbeiter von externen Dienstleistern.&#8221;<\/em><\/p>\n<\/blockquote>\n<p>Bas versichert dabei vor dem Hintergrund eines beinahe realsatirisch wirkenden Demokratieverst\u00e4ndnisses:\u00a0<\/p>\n<blockquote>\n<p><em>&#8220;Es geht nicht darum, eine Gesinnungspr\u00fcfung einzuf\u00fchren.&#8221;<\/em><\/p>\n<\/blockquote>\n<p>Sie werde daher daf\u00fcr &#8220;werben,\u00a0dass die Gesch\u00e4ftsordnung des Deutschen Bundestages noch in dieser Wahlperiode umfassend modernisiert und diese Reform m\u00f6glichst von allen Fraktionen getragen wird&#8221;. Weiter beklagt sie eine ihrer Auffassung nach &#8220;dramatisch verschlechterte Debattenkultur&#8221; im Bundestag:<\/p>\n<blockquote>\n<p><em>&#8220;In der Gesch\u00e4ftsordnung brauchen wir daher auch eine Versch\u00e4rfung des Ordnungsrechts \u2013 bis hin zu effektiveren M\u00f6glichkeiten, Obstruktion zu verhindern.&#8221;<\/em><\/p>\n<\/blockquote>\n<p>Unter Obstruktion versteht man die &#8220;Blockierung der Beschlussfassung eines Parlaments durch lange Reden und zahlreiche Antr\u00e4ge&#8221;. Bas beklagt in ihrem Gastbeitrag:<\/p>\n<blockquote>\n<p><em>&#8220;Reden verkommen zu Inszenierungen f\u00fcr die sozialen Medien, in denen Debatten auf die einfache Pointe verk\u00fcrzt werden.&#8221;<\/em><\/p>\n<\/blockquote>\n<p>Sie erinnert in diesem Zusammenhang daran:<\/p>\n<blockquote>\n<p><em>&#8220;Wir Bundestagsabgeordneten sollten uns immer wieder bewusst machen: Jede und jeder Abgeordnete hat eine Vorbildfunktion und sollte die W\u00fcrde des Hauses wahren.&#8221;<\/em><\/p>\n<\/blockquote>\n<p>Bei diesen Worten kommen mir umgehend in den Sinn: der SPD-Abgeordnete <a rel=\"nofollow noopener\" target=\"_blank\" href=\"https:\/\/www.helge-lindh.de\/\">Helge Lindh<\/a>, der SPD-Abgeordnete Karl Lauterbach, der Gr\u00fcnen-Politiker <a rel=\"nofollow noopener\" target=\"_blank\" href=\"https:\/\/tessa-ganserer.de\/\">Markus &#8216;Tessa&#8217; Ganserer<\/a> oder die Gr\u00fcnen-Politikerin <a rel=\"nofollow noopener\" target=\"_blank\" href=\"https:\/\/www.bundestag.de\/abgeordnete\/biografien\/F\/fester_emilia-860704\">Emilia Fester<\/a>\u00a0sowie diverse leitende Minister der amtierenden Bundesregierung, einschlie\u00dflich des Bundeskanzlers Olaf Scholz (SPD).<\/p>\n<p>Bundestagspr\u00e4sidentin Bas schlie\u00dft ihren Beitrag mit der Forderung, dass &#8220;unsere Demokratie&#8221; ein Parlament brauche, &#8220;dem die Menschen die richtigen Antworten und die besten L\u00f6sungen zutrauen&#8221;. Leider hat die <em>Zeit<\/em>-Redaktion vers\u00e4umt, den Artikel als Satire zu kennzeichnen.<\/p>\n<p><strong>Mehr zum Thema &#8211;<\/strong>\u00a0<a rel=\"nofollow noopener\" target=\"_blank\" href=\"https:\/\/freedert.online\/meinung\/183638-seltsame-welt-robert-habeck-schuld\/\">Die seltsame Welt des Robert Habeck: Schuld sind immer die anderen<\/a><\/p>\n<\/p>\n<\/div>\n<p><br \/>\n<br \/><a href=\"https:\/\/de.rt.com\/inland\/183750-wir-sind-nicht-naiv-bundestagspraesidentin\/\">Source link <\/a><\/p>\n","protected":false},"excerpt":{"rendered":"<p>Bundestagspr\u00e4sidentin B\u00e4rbel Bas schildert in einem Gastbeitrag f\u00fcr die Wochenzeitung &#8220;Die Zeit&#8221; ihre aktuelle Wahrnehmung hinsichtlich der Bedrohung des hohen Hauses durch &#8220;Demokratiefeinde&#8221;. Zur Beruhigung der Abgeordneten entwarf sie nun ein Bundestagspolizeigesetz, um &#8220;verfassungsfeindlichen Inszenierungen&#8221; vorzubeugen. Von Bernhard Leyon Die SPD-Politikerin B\u00e4rbel Bas ist seit Oktober 2021 Pr\u00e4sidentin des Deutschen Bundestages. Am 14. Oktober durfte [&hellip;]<\/p>\n","protected":false},"author":3,"featured_media":48072,"comment_status":"open","ping_status":"open","sticky":false,"template":"","format":"standard","meta":{"_yoast_indexnow_last_ping":["1697310899"],"wp_automatic_camp":["217"],"077f04aa0cf6260a52758dc49c43639f":["&quot;Wir sind nicht naiv&quot; \u2013 Bundestagspr\u00e4sidentin Bas lokalisiert  &quot;Demokratiefeinde&quot; im Bundestag"],"original_link":["https:\/\/de.rt.com\/inland\/183750-wir-sind-nicht-naiv-bundestagspraesidentin\/"],"_thumbnail_id":["48072"],"jnews_social_counter_last_update":["1777258561"],"_wptgpro_p2tg_sent2tg":["a:1:{i:23737;s:19:\"2023-10-14 21:16:14\";}"]},"categories":[19,23],"tags":[18871,2105,18870,49810,49809,800,49811,5451,1046],"yoast_head":"<!-- This site is optimized with the Yoast SEO Premium plugin v22.7 (Yoast SEO v22.7) - https:\/\/yoast.com\/wordpress\/plugins\/seo\/ -->\n<title>&quot;Wir sind nicht naiv&quot; \u2013 Bundestagspr\u00e4sidentin Bas lokalisiert &quot;Demokratiefeinde&quot; im Bundestag - just-now.NEWS Deutschland<\/title>\n<meta name=\"robots\" content=\"index, follow, max-snippet:-1, max-image-preview:large, max-video-preview:-1\" \/>\n<link rel=\"canonical\" href=\"https:\/\/now-news.de\/de\/deutschland\/wir-sind-nicht-naiv-bundestagspraesidentin-bas-lokalisiert-demokratiefeinde-im-bundestag\/\" \/>\n<meta property=\"og:locale\" content=\"de_DE\" \/>\n<meta property=\"og:type\" content=\"article\" \/>\n<meta property=\"og:title\" content=\"&quot;Wir sind nicht naiv&quot; \u2013 Bundestagspr\u00e4sidentin Bas lokalisiert &quot;Demokratiefeinde&quot; im Bundestag\" \/>\n<meta property=\"og:description\" content=\"Bundestagspr\u00e4sidentin B\u00e4rbel Bas schildert in einem Gastbeitrag f\u00fcr die Wochenzeitung &#8220;Die Zeit&#8221; ihre aktuelle Wahrnehmung hinsichtlich der Bedrohung des hohen Hauses durch &#8220;Demokratiefeinde&#8221;. Zur Beruhigung der Abgeordneten entwarf sie nun ein Bundestagspolizeigesetz, um &#8220;verfassungsfeindlichen Inszenierungen&#8221; vorzubeugen. Von Bernhard Leyon Die SPD-Politikerin B\u00e4rbel Bas ist seit Oktober 2021 Pr\u00e4sidentin des Deutschen Bundestages. Am 14. Oktober durfte [&hellip;]\" \/>\n<meta property=\"og:url\" content=\"https:\/\/now-news.de\/de\/deutschland\/wir-sind-nicht-naiv-bundestagspraesidentin-bas-lokalisiert-demokratiefeinde-im-bundestag\/\" \/>\n<meta property=\"og:site_name\" content=\"just-now.NEWS Deutschland\" \/>\n<meta property=\"article:publisher\" content=\"https:\/\/www.facebook.com\/wirmachenauf\" \/>\n<meta property=\"article:published_time\" content=\"2023-10-14T18:58:26+00:00\" \/>\n<meta property=\"og:image\" content=\"https:\/\/now-news.de\/de\/wp-content\/uploads\/sites\/3\/2023\/10\/quotWir-sind-nicht-naivquot-\u2013-Bundestagspraesidentin-Bas-lokalisiert-quotDemokratiefeindequot-im.JPG\" \/>\n\t<meta property=\"og:image:width\" content=\"1200\" \/>\n\t<meta property=\"og:image:height\" content=\"858\" \/>\n\t<meta property=\"og:image:type\" content=\"image\/jpeg\" \/>\n<meta name=\"author\" content=\"rtnews\" \/>\n<meta name=\"twitter:card\" content=\"summary_large_image\" \/>\n<meta name=\"twitter:creator\" content=\"@WirMachenAuf_de\" \/>\n<meta name=\"twitter:site\" content=\"@WirMachenAuf_de\" \/>\n<meta name=\"twitter:label1\" content=\"Verfasst von\" \/>\n\t<meta name=\"twitter:data1\" content=\"rtnews\" \/>\n\t<meta name=\"twitter:label2\" content=\"Gesch\u00e4tzte Lesezeit\" \/>\n\t<meta name=\"twitter:data2\" content=\"6\u00a0Minuten\" \/>\n<script type=\"application\/ld+json\" class=\"yoast-schema-graph\">{\"@context\":\"https:\/\/schema.org\",\"@graph\":[{\"@type\":\"Article\",\"@id\":\"https:\/\/now-news.de\/de\/deutschland\/wir-sind-nicht-naiv-bundestagspraesidentin-bas-lokalisiert-demokratiefeinde-im-bundestag\/#article\",\"isPartOf\":{\"@id\":\"https:\/\/now-news.de\/de\/deutschland\/wir-sind-nicht-naiv-bundestagspraesidentin-bas-lokalisiert-demokratiefeinde-im-bundestag\/\"},\"author\":{\"name\":\"rtnews\",\"@id\":\"https:\/\/now-news.de\/de\/#\/schema\/person\/fb534a4e865501d8b3285208df34a9b5\"},\"headline\":\"&quot;Wir sind nicht naiv&quot; \u2013 Bundestagspr\u00e4sidentin Bas lokalisiert &quot;Demokratiefeinde&quot; im Bundestag\",\"datePublished\":\"2023-10-14T18:58:26+00:00\",\"dateModified\":\"2023-10-14T18:58:26+00:00\",\"mainEntityOfPage\":{\"@id\":\"https:\/\/now-news.de\/de\/deutschland\/wir-sind-nicht-naiv-bundestagspraesidentin-bas-lokalisiert-demokratiefeinde-im-bundestag\/\"},\"wordCount\":1204,\"commentCount\":0,\"publisher\":{\"@id\":\"https:\/\/now-news.de\/de\/#organization\"},\"image\":{\"@id\":\"https:\/\/now-news.de\/de\/deutschland\/wir-sind-nicht-naiv-bundestagspraesidentin-bas-lokalisiert-demokratiefeinde-im-bundestag\/#primaryimage\"},\"thumbnailUrl\":\"https:\/\/now-news.de\/de\/wp-content\/uploads\/sites\/3\/2023\/10\/quotWir-sind-nicht-naivquot-\u2013-Bundestagspraesidentin-Bas-lokalisiert-quotDemokratiefeindequot-im.JPG\",\"keywords\":[\"Bas\",\"Bundestag\",\"Bundestagspr\u00e4sidentin\",\"lokalisiert\",\"naivquot\",\"nicht\",\"quotDemokratiefeindequot\",\"quotWir\",\"sind\"],\"articleSection\":[\"Deutschland\",\"Russland\"],\"inLanguage\":\"de\",\"potentialAction\":[{\"@type\":\"CommentAction\",\"name\":\"Comment\",\"target\":[\"https:\/\/now-news.de\/de\/deutschland\/wir-sind-nicht-naiv-bundestagspraesidentin-bas-lokalisiert-demokratiefeinde-im-bundestag\/#respond\"]}]},{\"@type\":\"WebPage\",\"@id\":\"https:\/\/now-news.de\/de\/deutschland\/wir-sind-nicht-naiv-bundestagspraesidentin-bas-lokalisiert-demokratiefeinde-im-bundestag\/\",\"url\":\"https:\/\/now-news.de\/de\/deutschland\/wir-sind-nicht-naiv-bundestagspraesidentin-bas-lokalisiert-demokratiefeinde-im-bundestag\/\",\"name\":\"&quot;Wir sind nicht naiv&quot; \u2013 Bundestagspr\u00e4sidentin Bas lokalisiert &quot;Demokratiefeinde&quot; im Bundestag - just-now.NEWS Deutschland\",\"isPartOf\":{\"@id\":\"https:\/\/now-news.de\/de\/#website\"},\"primaryImageOfPage\":{\"@id\":\"https:\/\/now-news.de\/de\/deutschland\/wir-sind-nicht-naiv-bundestagspraesidentin-bas-lokalisiert-demokratiefeinde-im-bundestag\/#primaryimage\"},\"image\":{\"@id\":\"https:\/\/now-news.de\/de\/deutschland\/wir-sind-nicht-naiv-bundestagspraesidentin-bas-lokalisiert-demokratiefeinde-im-bundestag\/#primaryimage\"},\"thumbnailUrl\":\"https:\/\/now-news.de\/de\/wp-content\/uploads\/sites\/3\/2023\/10\/quotWir-sind-nicht-naivquot-\u2013-Bundestagspraesidentin-Bas-lokalisiert-quotDemokratiefeindequot-im.JPG\",\"datePublished\":\"2023-10-14T18:58:26+00:00\",\"dateModified\":\"2023-10-14T18:58:26+00:00\",\"breadcrumb\":{\"@id\":\"https:\/\/now-news.de\/de\/deutschland\/wir-sind-nicht-naiv-bundestagspraesidentin-bas-lokalisiert-demokratiefeinde-im-bundestag\/#breadcrumb\"},\"inLanguage\":\"de\",\"potentialAction\":[{\"@type\":\"ReadAction\",\"target\":[\"https:\/\/now-news.de\/de\/deutschland\/wir-sind-nicht-naiv-bundestagspraesidentin-bas-lokalisiert-demokratiefeinde-im-bundestag\/\"]}]},{\"@type\":\"ImageObject\",\"inLanguage\":\"de\",\"@id\":\"https:\/\/now-news.de\/de\/deutschland\/wir-sind-nicht-naiv-bundestagspraesidentin-bas-lokalisiert-demokratiefeinde-im-bundestag\/#primaryimage\",\"url\":\"https:\/\/now-news.de\/de\/wp-content\/uploads\/sites\/3\/2023\/10\/quotWir-sind-nicht-naivquot-\u2013-Bundestagspraesidentin-Bas-lokalisiert-quotDemokratiefeindequot-im.JPG\",\"contentUrl\":\"https:\/\/now-news.de\/de\/wp-content\/uploads\/sites\/3\/2023\/10\/quotWir-sind-nicht-naivquot-\u2013-Bundestagspraesidentin-Bas-lokalisiert-quotDemokratiefeindequot-im.JPG\",\"width\":1200,\"height\":858,\"caption\":\"&quot;Wir sind nicht naiv&quot; \u2013 Bundestagspr\u00e4sidentin Bas lokalisiert &quot;Demokratiefeinde&quot; im Bundestag\"},{\"@type\":\"BreadcrumbList\",\"@id\":\"https:\/\/now-news.de\/de\/deutschland\/wir-sind-nicht-naiv-bundestagspraesidentin-bas-lokalisiert-demokratiefeinde-im-bundestag\/#breadcrumb\",\"itemListElement\":[{\"@type\":\"ListItem\",\"position\":1,\"name\":\"Home\",\"item\":\"https:\/\/now-news.de\/de\/\"},{\"@type\":\"ListItem\",\"position\":2,\"name\":\"&quot;Wir sind nicht naiv&quot; \u2013 Bundestagspr\u00e4sidentin Bas lokalisiert &quot;Demokratiefeinde&quot; im Bundestag\"}]},{\"@type\":\"WebSite\",\"@id\":\"https:\/\/now-news.de\/de\/#website\",\"url\":\"https:\/\/now-news.de\/de\/\",\"name\":\"just-now.NEWS Deutschland\",\"description\":\"Das Portal f\u00fcr unzensierte Nachrichten aus der Welt\",\"publisher\":{\"@id\":\"https:\/\/now-news.de\/de\/#organization\"},\"potentialAction\":[{\"@type\":\"SearchAction\",\"target\":{\"@type\":\"EntryPoint\",\"urlTemplate\":\"https:\/\/now-news.de\/de\/?s={search_term_string}\"},\"query-input\":\"required name=search_term_string\"}],\"inLanguage\":\"de\"},{\"@type\":\"Organization\",\"@id\":\"https:\/\/now-news.de\/de\/#organization\",\"name\":\"Just Now News\",\"url\":\"https:\/\/now-news.de\/de\/\",\"logo\":{\"@type\":\"ImageObject\",\"inLanguage\":\"de\",\"@id\":\"https:\/\/now-news.de\/de\/#\/schema\/logo\/image\/\",\"url\":\"http:\/\/just-now.news\/de\/wp-content\/uploads\/sites\/3\/2022\/04\/logo500x500.jpg\",\"contentUrl\":\"http:\/\/just-now.news\/de\/wp-content\/uploads\/sites\/3\/2022\/04\/logo500x500.jpg\",\"width\":500,\"height\":500,\"caption\":\"Just Now News\"},\"image\":{\"@id\":\"https:\/\/now-news.de\/de\/#\/schema\/logo\/image\/\"},\"sameAs\":[\"https:\/\/www.facebook.com\/wirmachenauf\",\"https:\/\/x.com\/WirMachenAuf_de\"]},{\"@type\":\"Person\",\"@id\":\"https:\/\/now-news.de\/de\/#\/schema\/person\/fb534a4e865501d8b3285208df34a9b5\",\"name\":\"rtnews\",\"image\":{\"@type\":\"ImageObject\",\"inLanguage\":\"de\",\"@id\":\"https:\/\/now-news.de\/de\/#\/schema\/person\/image\/\",\"url\":\"https:\/\/secure.gravatar.com\/avatar\/82aafea7d8127119dd649515f56e2117?s=96&d=mm&r=g\",\"contentUrl\":\"https:\/\/secure.gravatar.com\/avatar\/82aafea7d8127119dd649515f56e2117?s=96&d=mm&r=g\",\"caption\":\"rtnews\"},\"url\":\"https:\/\/now-news.de\/de\/author\/rnews\/\"}]}<\/script>\n<!-- \/ Yoast SEO Premium plugin. -->","yoast_head_json":{"title":"&quot;Wir sind nicht naiv&quot; \u2013 Bundestagspr\u00e4sidentin Bas lokalisiert &quot;Demokratiefeinde&quot; im Bundestag - just-now.NEWS Deutschland","robots":{"index":"index","follow":"follow","max-snippet":"max-snippet:-1","max-image-preview":"max-image-preview:large","max-video-preview":"max-video-preview:-1"},"canonical":"https:\/\/now-news.de\/de\/deutschland\/wir-sind-nicht-naiv-bundestagspraesidentin-bas-lokalisiert-demokratiefeinde-im-bundestag\/","og_locale":"de_DE","og_type":"article","og_title":"&quot;Wir sind nicht naiv&quot; \u2013 Bundestagspr\u00e4sidentin Bas lokalisiert &quot;Demokratiefeinde&quot; im Bundestag","og_description":"Bundestagspr\u00e4sidentin B\u00e4rbel Bas schildert in einem Gastbeitrag f\u00fcr die Wochenzeitung &#8220;Die Zeit&#8221; ihre aktuelle Wahrnehmung hinsichtlich der Bedrohung des hohen Hauses durch &#8220;Demokratiefeinde&#8221;. Zur Beruhigung der Abgeordneten entwarf sie nun ein Bundestagspolizeigesetz, um &#8220;verfassungsfeindlichen Inszenierungen&#8221; vorzubeugen. Von Bernhard Leyon Die SPD-Politikerin B\u00e4rbel Bas ist seit Oktober 2021 Pr\u00e4sidentin des Deutschen Bundestages. Am 14. Oktober durfte [&hellip;]","og_url":"https:\/\/now-news.de\/de\/deutschland\/wir-sind-nicht-naiv-bundestagspraesidentin-bas-lokalisiert-demokratiefeinde-im-bundestag\/","og_site_name":"just-now.NEWS Deutschland","article_publisher":"https:\/\/www.facebook.com\/wirmachenauf","article_published_time":"2023-10-14T18:58:26+00:00","og_image":[{"width":1200,"height":858,"url":"https:\/\/now-news.de\/de\/wp-content\/uploads\/sites\/3\/2023\/10\/quotWir-sind-nicht-naivquot-\u2013-Bundestagspraesidentin-Bas-lokalisiert-quotDemokratiefeindequot-im.JPG","type":"image\/jpeg"}],"author":"rtnews","twitter_card":"summary_large_image","twitter_creator":"@WirMachenAuf_de","twitter_site":"@WirMachenAuf_de","twitter_misc":{"Verfasst von":"rtnews","Gesch\u00e4tzte Lesezeit":"6\u00a0Minuten"},"schema":{"@context":"https:\/\/schema.org","@graph":[{"@type":"Article","@id":"https:\/\/now-news.de\/de\/deutschland\/wir-sind-nicht-naiv-bundestagspraesidentin-bas-lokalisiert-demokratiefeinde-im-bundestag\/#article","isPartOf":{"@id":"https:\/\/now-news.de\/de\/deutschland\/wir-sind-nicht-naiv-bundestagspraesidentin-bas-lokalisiert-demokratiefeinde-im-bundestag\/"},"author":{"name":"rtnews","@id":"https:\/\/now-news.de\/de\/#\/schema\/person\/fb534a4e865501d8b3285208df34a9b5"},"headline":"&quot;Wir sind nicht naiv&quot; \u2013 Bundestagspr\u00e4sidentin Bas lokalisiert &quot;Demokratiefeinde&quot; im Bundestag","datePublished":"2023-10-14T18:58:26+00:00","dateModified":"2023-10-14T18:58:26+00:00","mainEntityOfPage":{"@id":"https:\/\/now-news.de\/de\/deutschland\/wir-sind-nicht-naiv-bundestagspraesidentin-bas-lokalisiert-demokratiefeinde-im-bundestag\/"},"wordCount":1204,"commentCount":0,"publisher":{"@id":"https:\/\/now-news.de\/de\/#organization"},"image":{"@id":"https:\/\/now-news.de\/de\/deutschland\/wir-sind-nicht-naiv-bundestagspraesidentin-bas-lokalisiert-demokratiefeinde-im-bundestag\/#primaryimage"},"thumbnailUrl":"https:\/\/now-news.de\/de\/wp-content\/uploads\/sites\/3\/2023\/10\/quotWir-sind-nicht-naivquot-\u2013-Bundestagspraesidentin-Bas-lokalisiert-quotDemokratiefeindequot-im.JPG","keywords":["Bas","Bundestag","Bundestagspr\u00e4sidentin","lokalisiert","naivquot","nicht","quotDemokratiefeindequot","quotWir","sind"],"articleSection":["Deutschland","Russland"],"inLanguage":"de","potentialAction":[{"@type":"CommentAction","name":"Comment","target":["https:\/\/now-news.de\/de\/deutschland\/wir-sind-nicht-naiv-bundestagspraesidentin-bas-lokalisiert-demokratiefeinde-im-bundestag\/#respond"]}]},{"@type":"WebPage","@id":"https:\/\/now-news.de\/de\/deutschland\/wir-sind-nicht-naiv-bundestagspraesidentin-bas-lokalisiert-demokratiefeinde-im-bundestag\/","url":"https:\/\/now-news.de\/de\/deutschland\/wir-sind-nicht-naiv-bundestagspraesidentin-bas-lokalisiert-demokratiefeinde-im-bundestag\/","name":"&quot;Wir sind nicht naiv&quot; \u2013 Bundestagspr\u00e4sidentin Bas lokalisiert &quot;Demokratiefeinde&quot; im Bundestag - just-now.NEWS Deutschland","isPartOf":{"@id":"https:\/\/now-news.de\/de\/#website"},"primaryImageOfPage":{"@id":"https:\/\/now-news.de\/de\/deutschland\/wir-sind-nicht-naiv-bundestagspraesidentin-bas-lokalisiert-demokratiefeinde-im-bundestag\/#primaryimage"},"image":{"@id":"https:\/\/now-news.de\/de\/deutschland\/wir-sind-nicht-naiv-bundestagspraesidentin-bas-lokalisiert-demokratiefeinde-im-bundestag\/#primaryimage"},"thumbnailUrl":"https:\/\/now-news.de\/de\/wp-content\/uploads\/sites\/3\/2023\/10\/quotWir-sind-nicht-naivquot-\u2013-Bundestagspraesidentin-Bas-lokalisiert-quotDemokratiefeindequot-im.JPG","datePublished":"2023-10-14T18:58:26+00:00","dateModified":"2023-10-14T18:58:26+00:00","breadcrumb":{"@id":"https:\/\/now-news.de\/de\/deutschland\/wir-sind-nicht-naiv-bundestagspraesidentin-bas-lokalisiert-demokratiefeinde-im-bundestag\/#breadcrumb"},"inLanguage":"de","potentialAction":[{"@type":"ReadAction","target":["https:\/\/now-news.de\/de\/deutschland\/wir-sind-nicht-naiv-bundestagspraesidentin-bas-lokalisiert-demokratiefeinde-im-bundestag\/"]}]},{"@type":"ImageObject","inLanguage":"de","@id":"https:\/\/now-news.de\/de\/deutschland\/wir-sind-nicht-naiv-bundestagspraesidentin-bas-lokalisiert-demokratiefeinde-im-bundestag\/#primaryimage","url":"https:\/\/now-news.de\/de\/wp-content\/uploads\/sites\/3\/2023\/10\/quotWir-sind-nicht-naivquot-\u2013-Bundestagspraesidentin-Bas-lokalisiert-quotDemokratiefeindequot-im.JPG","contentUrl":"https:\/\/now-news.de\/de\/wp-content\/uploads\/sites\/3\/2023\/10\/quotWir-sind-nicht-naivquot-\u2013-Bundestagspraesidentin-Bas-lokalisiert-quotDemokratiefeindequot-im.JPG","width":1200,"height":858,"caption":"&quot;Wir sind nicht naiv&quot; \u2013 Bundestagspr\u00e4sidentin Bas lokalisiert &quot;Demokratiefeinde&quot; im Bundestag"},{"@type":"BreadcrumbList","@id":"https:\/\/now-news.de\/de\/deutschland\/wir-sind-nicht-naiv-bundestagspraesidentin-bas-lokalisiert-demokratiefeinde-im-bundestag\/#breadcrumb","itemListElement":[{"@type":"ListItem","position":1,"name":"Home","item":"https:\/\/now-news.de\/de\/"},{"@type":"ListItem","position":2,"name":"&quot;Wir sind nicht naiv&quot; \u2013 Bundestagspr\u00e4sidentin Bas lokalisiert &quot;Demokratiefeinde&quot; im Bundestag"}]},{"@type":"WebSite","@id":"https:\/\/now-news.de\/de\/#website","url":"https:\/\/now-news.de\/de\/","name":"just-now.NEWS Deutschland","description":"Das Portal f\u00fcr unzensierte Nachrichten aus der Welt","publisher":{"@id":"https:\/\/now-news.de\/de\/#organization"},"potentialAction":[{"@type":"SearchAction","target":{"@type":"EntryPoint","urlTemplate":"https:\/\/now-news.de\/de\/?s={search_term_string}"},"query-input":"required name=search_term_string"}],"inLanguage":"de"},{"@type":"Organization","@id":"https:\/\/now-news.de\/de\/#organization","name":"Just Now News","url":"https:\/\/now-news.de\/de\/","logo":{"@type":"ImageObject","inLanguage":"de","@id":"https:\/\/now-news.de\/de\/#\/schema\/logo\/image\/","url":"http:\/\/just-now.news\/de\/wp-content\/uploads\/sites\/3\/2022\/04\/logo500x500.jpg","contentUrl":"http:\/\/just-now.news\/de\/wp-content\/uploads\/sites\/3\/2022\/04\/logo500x500.jpg","width":500,"height":500,"caption":"Just Now News"},"image":{"@id":"https:\/\/now-news.de\/de\/#\/schema\/logo\/image\/"},"sameAs":["https:\/\/www.facebook.com\/wirmachenauf","https:\/\/x.com\/WirMachenAuf_de"]},{"@type":"Person","@id":"https:\/\/now-news.de\/de\/#\/schema\/person\/fb534a4e865501d8b3285208df34a9b5","name":"rtnews","image":{"@type":"ImageObject","inLanguage":"de","@id":"https:\/\/now-news.de\/de\/#\/schema\/person\/image\/","url":"https:\/\/secure.gravatar.com\/avatar\/82aafea7d8127119dd649515f56e2117?s=96&d=mm&r=g","contentUrl":"https:\/\/secure.gravatar.com\/avatar\/82aafea7d8127119dd649515f56e2117?s=96&d=mm&r=g","caption":"rtnews"},"url":"https:\/\/now-news.de\/de\/author\/rnews\/"}]}},"_links":{"self":[{"href":"https:\/\/now-news.de\/de\/wp-json\/wp\/v2\/posts\/48071"}],"collection":[{"href":"https:\/\/now-news.de\/de\/wp-json\/wp\/v2\/posts"}],"about":[{"href":"https:\/\/now-news.de\/de\/wp-json\/wp\/v2\/types\/post"}],"author":[{"embeddable":true,"href":"https:\/\/now-news.de\/de\/wp-json\/wp\/v2\/users\/3"}],"replies":[{"embeddable":true,"href":"https:\/\/now-news.de\/de\/wp-json\/wp\/v2\/comments?post=48071"}],"version-history":[{"count":0,"href":"https:\/\/now-news.de\/de\/wp-json\/wp\/v2\/posts\/48071\/revisions"}],"wp:featuredmedia":[{"embeddable":true,"href":"https:\/\/now-news.de\/de\/wp-json\/wp\/v2\/media\/48072"}],"wp:attachment":[{"href":"https:\/\/now-news.de\/de\/wp-json\/wp\/v2\/media?parent=48071"}],"wp:term":[{"taxonomy":"category","embeddable":true,"href":"https:\/\/now-news.de\/de\/wp-json\/wp\/v2\/categories?post=48071"},{"taxonomy":"post_tag","embeddable":true,"href":"https:\/\/now-news.de\/de\/wp-json\/wp\/v2\/tags?post=48071"}],"curies":[{"name":"wp","href":"https:\/\/api.w.org\/{rel}","templated":true}]}}