{"id":48007,"date":"2023-10-13T16:56:13","date_gmt":"2023-10-13T14:56:13","guid":{"rendered":"https:\/\/just-now.news\/de\/deutschland\/israelischer-ex-premier-bei-gaza-interview-was-ist-los-mit-ihnen-sie-hoeren-mir-zu-jetzt-sofort\/"},"modified":"2023-10-13T16:56:13","modified_gmt":"2023-10-13T14:56:13","slug":"israelischer-ex-premier-bei-gaza-interview-was-ist-los-mit-ihnen-sie-hoeren-mir-zu-jetzt-sofort","status":"publish","type":"post","link":"https:\/\/now-news.de\/de\/deutschland\/israelischer-ex-premier-bei-gaza-interview-was-ist-los-mit-ihnen-sie-hoeren-mir-zu-jetzt-sofort\/","title":{"rendered":"Israelischer Ex-Premier bei Gaza-Interview: &quot;Was ist los mit Ihnen? Sie h\u00f6ren mir zu, jetzt sofort!&quot;"},"content":{"rendered":"<p><img decoding=\"async\" src=\"http:\/\/just-now.news\/de\/wp-content\/uploads\/sites\/3\/2023\/10\/6528ff4c48fbef3838041520.jpeg\" \/><\/p>\n<div class=\"Text-root Text-type_1 \">\n                Der britische Sender Sky News interviewte den ehemaligen israelischen Premierminister Naftali Bennett. Im Verlauf des Gespr\u00e4chs vermittelte dabei Bennett den Zuschauern nachdr\u00fccklich und anma\u00dfend seine Unzufriedenheit mit dem Gespr\u00e4chsverlauf. Der Moderator musste ermahnen: &#8220;Das ist meine Sendung&#8221;.\n            <\/div>\n<p><\/p>\n<div class=\"Text-root Text-type_5 ArticleView-text ViewText-root \">\n<p>Der britische\u00a024-Stunden-Nachrichtenkanal <em>Sky News<\/em>\u00a0pr\u00e4sentierte\u00a0am 12. Oktober via Live-Schaltung seinen Zuschauern den\u00a0ehemaligen israelischen Premierminister Naftali Bennett im Rahmen eines rund sechsmin\u00fctigen Interviews. Das Thema waren die aktuellen Ereignisse in Israel und dem Gazastreifen. Zum Ende des Interviews reagierte dabei der Politiker anma\u00dfend und ausfallend gegen\u00fcber dem Moderator.<\/p>\n<div class=\"EmbedBlock-root EmbedBlock-twitter\">\n<div class=\"TwitterEmbed\">\n<blockquote class=\"twitter-tweet lazyload\" data-twitter=\"twitter-tweet\">\n<p lang=\"en\" dir=\"ltr\">On Sky news ex Israeli PM Naftali Bennett was asked- &#8220;What about the babies in incubators in Gaza who&#8217;s life support has been turned off because the Israelis have cut off the power&#8221;His answer &#8211; Are you serious asking about Palestinian civilians? What&#8217;s wrong with you? <a rel=\"nofollow noopener\" target=\"_blank\" href=\"https:\/\/t.co\/mxKfuBnQo1\">pic.twitter.com\/mxKfuBnQo1<\/a><\/p>\n<p>\u2014 Chay Bowes (@BowesChay) <a rel=\"nofollow noopener\" target=\"_blank\" href=\"https:\/\/twitter.com\/BowesChay\/status\/1712491941269532976?ref_src=twsrc%5Etfw\">October 12, 2023<\/a><\/p><\/blockquote>\n<\/div>\n<\/div>\n<p>Der Sender <a rel=\"nofollow noopener\" target=\"_blank\" href=\"https:\/\/news.sky.com\/video\/israel-hamas-war-next-step-is-to-eradicate-this-nazi-type-hamas-says-former-israeli-pm-naftali-bennet-12983273\">informiert<\/a> einleitend auf seiner Webseite zu dem brisanten Gespr\u00e4chsverlauf:<\/p>\n<blockquote>\n<p><em>&#8220;Der ehemalige israelische Premierminister Naftali Bennett hat gegen\u00fcber Sky News erkl\u00e4rt, dass sich das israelische Milit\u00e4r derzeit auf die &#8220;Ausrottung der Hamas&#8221; konzentriere. Das Interview wurde jedoch durch Fragen zu m\u00f6glichen zivilen Opfern im Gazastreifen aufgeheizt.&#8221;<\/em><\/p>\n<\/blockquote>\n<p>Zu Beginn des Interviews\u00a0m\u00f6chte Moderator Kamali Melbourne von Bennett erfahren, wie die &#8220;n\u00e4chsten Schritte&#8221; des israelischen\u00a0Milit\u00e4rs gegen die Pal\u00e4stinenserorganisation Hamas auss\u00e4hen. Bennett erkl\u00e4rt, dass die Armee\u00a0dabei sei, &#8220;so viele Terroristen der Hamas wie nur m\u00f6glich zu t\u00f6ten&#8221;, die sich zurzeit noch auf israelischen Boden bef\u00e4nden. W\u00f6rtlich f\u00e4hrt Bennett fort mit der Feststellung:<\/p>\n<blockquote>\n<p><em>&#8220;Der n\u00e4chste Schritt ist die Ausrottung dieser Nazi-Hamas.&#8221;<\/em><\/p>\n<\/blockquote>\n<p>Die Organisation stelle f\u00fcr Bennett einen &#8220;Feind der Zivilisation&#8221; dar. Den Begriff &#8220;Nazis&#8221; w\u00e4hle er bewusst, da die Hamas &#8220;genau dieselbe Ideologie&#8221;\u00a0umsetze wie die Nationalsozialisten im Dritten Reich. Spreche man aktuell \u00fcber Hamas-Mitglieder, spreche man \u00fcber &#8220;Monster&#8221;, so Bennett weiter.<\/p>\n<p>Die n\u00fcchterne Stimmung bei Bennett beginnt langsam zu kippen, als der Moderator es wagte zu fragen, wie die israelische Armee (IDF) gew\u00e4hrleisten k\u00f6nne, dass bei den angek\u00fcndigten Vergeltungsaktionen nicht die pal\u00e4stinensische Zivilbev\u00f6lkerung zu Schaden komme. Bennett geht auf diese Frage nicht weiter ein, um demgegen\u00fcber die Sky-News-Zuschauer darauf hinzuweisen, dass die gesamte israelische Nation die milit\u00e4rischen Aktionen unterst\u00fctze. Dabei nannte er das Beispiel einer von Pal\u00e4stinensern ermordeten israelischen Familie, wobei er ein Foto in die Kamera hielt. Der Moderator unterbricht ihn bei diesen Ausf\u00fchrungen nicht. W\u00f6rtlich teilte Bennett mit:<\/p>\n<blockquote>\n<p><em>&#8220;Jeder Israeli will hingehen, k\u00e4mpfen, zuschlagen und diese Terroristen t\u00f6ten. Wir werden zur\u00fcckschlagen, wie sie es noch nie gesehen haben.&#8221;<\/em><\/p>\n<\/blockquote>\n<p>Nach der unmittelbaren Anschlussfrage des Moderators verlor Bennett\u00a0dann so langsam die Contenance:<\/p>\n<blockquote>\n<p><em>&#8220;Was glauben Sie, Herr Bennett, welche Verantwortung hat die israelische Armee jetzt, daf\u00fcr zu sorgen, dass nicht noch mehr Familien auseinandergerissen werden, dass es nicht noch mehr unschuldige Opfer gibt? Und ich spreche\u00a0explizit von pal\u00e4stinensischen Familien in Gaza.&#8221;<\/em><\/p>\n<\/blockquote>\n<p>Bennett antwortete, dass die israelische Armee &#8220;nie absichtlich&#8221; Zivilisten in Gaza attackieren w\u00fcrde. Allen Bewohnern, die sich in Geb\u00e4uden der Hamas-Organisation oder in der Nachbarschaft aufhielten, w\u00fcrde vorab mitgeteilt, dass &#8220;Aktionen&#8221; durchgef\u00fchrt w\u00fcrden, also diese Einrichtungen zeitnah zerst\u00f6rt werden. Bennett w\u00f6rtlich:<\/p>\n<blockquote>\n<p><em>&#8220;Wenn die Hamas beschlie\u00dft, ihre eigenen Leute zu ermorden, indem sie sie als menschliche Schutzschilde benutzt, dann ist die Hamas f\u00fcr die Ermordung dieser Pal\u00e4stinenser verantwortlich.&#8221;<\/em><\/p>\n<\/blockquote>\n<p>Der Moderator m\u00f6chte \u00fcber eine weitere Frage dann erfahren, wie es &#8220;mit den Menschen, den Pal\u00e4stinensern&#8221; in Krankenh\u00e4usern aussehe, &#8220;mit den Babys in Inkubatoren&#8221;, die abgeschaltet werden m\u00fcssten, weil: &#8220;Die Israelis schalten die Stromzufuhr nach Gaza ab&#8221;. Bennett reagierte echauffiert und mit erregter Stimme:<\/p>\n<blockquote>\n<p><em>&#8220;Fragen Sie mich ernsthaft immer wieder nach pal\u00e4stinensischen Zivilisten? Was ist los mit Ihnen? Haben Sie nicht gesehen, was passiert ist? Wir bek\u00e4mpfen Nazis. Wir zielen nicht auf sie. Jetzt kann die Welt kommen und ihnen alles bringen, was sie wollen, wenn sie ihnen Strom bringen wollen. Ich f\u00fcttere meine Feinde nicht mit Strom oder Wasser! Wenn jemand anderes das tun will, gut.&#8221;<\/em><\/p>\n<\/blockquote>\n<p>Der Moderator versuchte w\u00e4hrend Bennetts Ausf\u00fchrungen seinen Standpunkt weiter zu erl\u00e4utern, wurde jedoch von\u00a0dem Politiker mit der anma\u00dfenden Aufforderung\u00a0unterbrochen:<\/p>\n<blockquote>\n<p><em>&#8220;Nein, Sie h\u00f6ren mir zu, jetzt sofort! Ich habe Ihnen genug zugeh\u00f6rt.&#8221;<\/em><\/p>\n<\/blockquote>\n<p>Daraufhin erinnert der Moderator Bennett daran, dass gerade ein &#8220;Gespr\u00e4ch stattfindet&#8221;, zudem: &#8220;Das ist meine Sendung, und ich stelle hier die Fragen.&#8221; Bennett m\u00f6ge seine Stimme zudem senken. Der Politiker redet dabei ununterbrochen weiter, gr\u00f6\u00dftenteils schwerer verst\u00e4ndlich, dabei jedoch erneut anma\u00dfend mit zus\u00e4tzlichem Fingerzeig an den Moderator gerichtet:<\/p>\n<blockquote>\n<p><em>&#8220;Schande \u00fcber Sie.&#8221;<\/em><\/p>\n<\/blockquote>\n<p>Der Moderator bediene laut Bennett &#8220;das falsche Narrativ&#8221;, er interessiere sich mehr f\u00fcr das Leid der Pal\u00e4stinenser und stelle diesbez\u00fcgliche Fragen. Israel bek\u00e4mpfe &#8220;Nazis&#8221;, daher stellte Bennett provokativ den Vergleich her, dass, als Gro\u00dfbritannien gegen die &#8220;Nazis im 2. Weltkrieg k\u00e4mpfte, niemand fragte,\u00a0was in Dresden los ist&#8221;. Die Deutschen h\u00e4tten &#8220;London angegriffen und sie haben Dresden angegriffen&#8221;, so Bennett erregt, um sich erneut mit drohendem Finger an den Moderator zu richten:<\/p>\n<blockquote>\n<p><em>&#8220;Also sch\u00e4men Sie sich, wenn Sie mit diesem Narrativ weitermachen.&#8221;\u00a0<\/em><\/p>\n<\/blockquote>\n<p>Der souver\u00e4ne Moderator erinnert Bennett schlie\u00dflich daran, dass er ein Journalist sei, der Fragen stelle, und kein &#8220;Milit\u00e4r&#8221;. Ob dies der Interviewgast akzeptiere oder &#8220;mich weiterhin anschreien wolle?&#8221;. Bennett wiederholte daraufhin erneut seine Darlegungen zum Thema unterstellter &#8220;menschlicher Schutzschilde&#8221; seitens der Hamas, bevor der Sky-News-Moderator das Gespr\u00e4ch schlussendlich spontan beendete.<\/p>\n<p><strong>Mehr zum Thema \u2013<\/strong>\u00a0<a rel=\"nofollow noopener\" target=\"_blank\" href=\"https:\/\/freedert.online\/meinung\/183376-baerbock-muede-verteidigung-resthumanitaet\/\">Annalena Baerbock: Die m\u00fcde Verteidigung einer Resthumanit\u00e4t<\/a><\/p>\n<\/p>\n<\/div>\n<p><script async src=\"https:\/\/platform.twitter.com\/widgets.js\" charset=\"utf-8\"><\/script><br \/>\n<br \/><br \/>\n<br \/><a href=\"https:\/\/de.rt.com\/der-nahe-osten\/183611-gaza-interview-israelischer-ex-premier\/\">Source link <\/a><\/p>\n","protected":false},"excerpt":{"rendered":"<p>Der britische Sender Sky News interviewte den ehemaligen israelischen Premierminister Naftali Bennett. Im Verlauf des Gespr\u00e4chs vermittelte dabei Bennett den Zuschauern nachdr\u00fccklich und anma\u00dfend seine Unzufriedenheit mit dem Gespr\u00e4chsverlauf. Der Moderator musste ermahnen: &#8220;Das ist meine Sendung&#8221;. Der britische\u00a024-Stunden-Nachrichtenkanal Sky News\u00a0pr\u00e4sentierte\u00a0am 12. Oktober via Live-Schaltung seinen Zuschauern den\u00a0ehemaligen israelischen Premierminister Naftali Bennett im Rahmen eines [&hellip;]<\/p>\n","protected":false},"author":3,"featured_media":48008,"comment_status":"open","ping_status":"open","sticky":false,"template":"","format":"standard","meta":{"_yoast_indexnow_last_ping":["1697209839"],"wp_automatic_camp":["217"],"3135dbeeb8bc3da2a3bc6933158d765e":["Israelischer Ex-Premier bei Gaza-Interview: &quot;Was ist los mit Ihnen? Sie h\u00f6ren mir zu, jetzt sofort!&quot;"],"original_link":["https:\/\/de.rt.com\/der-nahe-osten\/183611-gaza-interview-israelischer-ex-premier\/"],"_thumbnail_id":["48008"],"_wptgpro_p2tg_sent2tg":["a:1:{i:23737;s:19:\"2023-10-13 17:11:42\";}"],"jnews_social_counter_last_update":["1777661712"]},"categories":[19,23],"tags":[363,27279,49777,18980,4823,5032,414,2731,11578,7658,419,31192,527,32583],"yoast_head":"<!-- This site is optimized with the Yoast SEO Premium plugin v22.7 (Yoast SEO v22.7) - https:\/\/yoast.com\/wordpress\/plugins\/seo\/ -->\n<title>Israelischer Ex-Premier bei Gaza-Interview: &quot;Was ist los mit Ihnen? Sie h\u00f6ren mir zu, jetzt sofort!&quot; - just-now.NEWS Deutschland<\/title>\n<meta name=\"robots\" content=\"index, follow, max-snippet:-1, max-image-preview:large, max-video-preview:-1\" \/>\n<link rel=\"canonical\" href=\"https:\/\/now-news.de\/de\/deutschland\/israelischer-ex-premier-bei-gaza-interview-was-ist-los-mit-ihnen-sie-hoeren-mir-zu-jetzt-sofort\/\" \/>\n<meta property=\"og:locale\" content=\"de_DE\" \/>\n<meta property=\"og:type\" content=\"article\" \/>\n<meta property=\"og:title\" content=\"Israelischer Ex-Premier bei Gaza-Interview: &quot;Was ist los mit Ihnen? Sie h\u00f6ren mir zu, jetzt sofort!&quot;\" \/>\n<meta property=\"og:description\" content=\"Der britische Sender Sky News interviewte den ehemaligen israelischen Premierminister Naftali Bennett. Im Verlauf des Gespr\u00e4chs vermittelte dabei Bennett den Zuschauern nachdr\u00fccklich und anma\u00dfend seine Unzufriedenheit mit dem Gespr\u00e4chsverlauf. Der Moderator musste ermahnen: &#8220;Das ist meine Sendung&#8221;. Der britische\u00a024-Stunden-Nachrichtenkanal Sky News\u00a0pr\u00e4sentierte\u00a0am 12. Oktober via Live-Schaltung seinen Zuschauern den\u00a0ehemaligen israelischen Premierminister Naftali Bennett im Rahmen eines [&hellip;]\" \/>\n<meta property=\"og:url\" content=\"https:\/\/now-news.de\/de\/deutschland\/israelischer-ex-premier-bei-gaza-interview-was-ist-los-mit-ihnen-sie-hoeren-mir-zu-jetzt-sofort\/\" \/>\n<meta property=\"og:site_name\" content=\"just-now.NEWS Deutschland\" \/>\n<meta property=\"article:publisher\" content=\"https:\/\/www.facebook.com\/wirmachenauf\" \/>\n<meta property=\"article:published_time\" content=\"2023-10-13T14:56:13+00:00\" \/>\n<meta property=\"og:image\" content=\"https:\/\/now-news.de\/de\/wp-content\/uploads\/sites\/3\/2023\/10\/Israelischer-Ex-Premier-bei-Gaza-Interview-quotWas-ist-los-mit-Ihnen-Sie.jpeg\" \/>\n\t<meta property=\"og:image:width\" content=\"460\" \/>\n\t<meta property=\"og:image:height\" content=\"259\" \/>\n\t<meta property=\"og:image:type\" content=\"image\/jpeg\" \/>\n<meta name=\"author\" content=\"rtnews\" \/>\n<meta name=\"twitter:card\" content=\"summary_large_image\" \/>\n<meta name=\"twitter:creator\" content=\"@WirMachenAuf_de\" \/>\n<meta name=\"twitter:site\" content=\"@WirMachenAuf_de\" \/>\n<meta name=\"twitter:label1\" content=\"Verfasst von\" \/>\n\t<meta name=\"twitter:data1\" content=\"rtnews\" \/>\n\t<meta name=\"twitter:label2\" content=\"Gesch\u00e4tzte Lesezeit\" \/>\n\t<meta name=\"twitter:data2\" content=\"5\u00a0Minuten\" \/>\n<script type=\"application\/ld+json\" class=\"yoast-schema-graph\">{\"@context\":\"https:\/\/schema.org\",\"@graph\":[{\"@type\":\"Article\",\"@id\":\"https:\/\/now-news.de\/de\/deutschland\/israelischer-ex-premier-bei-gaza-interview-was-ist-los-mit-ihnen-sie-hoeren-mir-zu-jetzt-sofort\/#article\",\"isPartOf\":{\"@id\":\"https:\/\/now-news.de\/de\/deutschland\/israelischer-ex-premier-bei-gaza-interview-was-ist-los-mit-ihnen-sie-hoeren-mir-zu-jetzt-sofort\/\"},\"author\":{\"name\":\"rtnews\",\"@id\":\"https:\/\/now-news.de\/de\/#\/schema\/person\/fb534a4e865501d8b3285208df34a9b5\"},\"headline\":\"Israelischer Ex-Premier bei Gaza-Interview: &quot;Was ist los mit Ihnen? Sie h\u00f6ren mir zu, jetzt sofort!&quot;\",\"datePublished\":\"2023-10-13T14:56:13+00:00\",\"dateModified\":\"2023-10-13T14:56:13+00:00\",\"mainEntityOfPage\":{\"@id\":\"https:\/\/now-news.de\/de\/deutschland\/israelischer-ex-premier-bei-gaza-interview-was-ist-los-mit-ihnen-sie-hoeren-mir-zu-jetzt-sofort\/\"},\"wordCount\":962,\"commentCount\":0,\"publisher\":{\"@id\":\"https:\/\/now-news.de\/de\/#organization\"},\"image\":{\"@id\":\"https:\/\/now-news.de\/de\/deutschland\/israelischer-ex-premier-bei-gaza-interview-was-ist-los-mit-ihnen-sie-hoeren-mir-zu-jetzt-sofort\/#primaryimage\"},\"thumbnailUrl\":\"https:\/\/now-news.de\/de\/wp-content\/uploads\/sites\/3\/2023\/10\/Israelischer-Ex-Premier-bei-Gaza-Interview-quotWas-ist-los-mit-Ihnen-Sie.jpeg\",\"keywords\":[\"bei\",\"ExPremier\",\"GazaInterview\",\"h\u00f6ren\",\"ihnen\",\"Israelischer\",\"ist\",\"Jetzt\",\"los\",\"mir\",\"mit\",\"quotWas\",\"Sie\",\"sofortquot\"],\"articleSection\":[\"Deutschland\",\"Russland\"],\"inLanguage\":\"de\",\"potentialAction\":[{\"@type\":\"CommentAction\",\"name\":\"Comment\",\"target\":[\"https:\/\/now-news.de\/de\/deutschland\/israelischer-ex-premier-bei-gaza-interview-was-ist-los-mit-ihnen-sie-hoeren-mir-zu-jetzt-sofort\/#respond\"]}]},{\"@type\":\"WebPage\",\"@id\":\"https:\/\/now-news.de\/de\/deutschland\/israelischer-ex-premier-bei-gaza-interview-was-ist-los-mit-ihnen-sie-hoeren-mir-zu-jetzt-sofort\/\",\"url\":\"https:\/\/now-news.de\/de\/deutschland\/israelischer-ex-premier-bei-gaza-interview-was-ist-los-mit-ihnen-sie-hoeren-mir-zu-jetzt-sofort\/\",\"name\":\"Israelischer Ex-Premier bei Gaza-Interview: &quot;Was ist los mit Ihnen? Sie h\u00f6ren mir zu, jetzt sofort!&quot; - just-now.NEWS Deutschland\",\"isPartOf\":{\"@id\":\"https:\/\/now-news.de\/de\/#website\"},\"primaryImageOfPage\":{\"@id\":\"https:\/\/now-news.de\/de\/deutschland\/israelischer-ex-premier-bei-gaza-interview-was-ist-los-mit-ihnen-sie-hoeren-mir-zu-jetzt-sofort\/#primaryimage\"},\"image\":{\"@id\":\"https:\/\/now-news.de\/de\/deutschland\/israelischer-ex-premier-bei-gaza-interview-was-ist-los-mit-ihnen-sie-hoeren-mir-zu-jetzt-sofort\/#primaryimage\"},\"thumbnailUrl\":\"https:\/\/now-news.de\/de\/wp-content\/uploads\/sites\/3\/2023\/10\/Israelischer-Ex-Premier-bei-Gaza-Interview-quotWas-ist-los-mit-Ihnen-Sie.jpeg\",\"datePublished\":\"2023-10-13T14:56:13+00:00\",\"dateModified\":\"2023-10-13T14:56:13+00:00\",\"breadcrumb\":{\"@id\":\"https:\/\/now-news.de\/de\/deutschland\/israelischer-ex-premier-bei-gaza-interview-was-ist-los-mit-ihnen-sie-hoeren-mir-zu-jetzt-sofort\/#breadcrumb\"},\"inLanguage\":\"de\",\"potentialAction\":[{\"@type\":\"ReadAction\",\"target\":[\"https:\/\/now-news.de\/de\/deutschland\/israelischer-ex-premier-bei-gaza-interview-was-ist-los-mit-ihnen-sie-hoeren-mir-zu-jetzt-sofort\/\"]}]},{\"@type\":\"ImageObject\",\"inLanguage\":\"de\",\"@id\":\"https:\/\/now-news.de\/de\/deutschland\/israelischer-ex-premier-bei-gaza-interview-was-ist-los-mit-ihnen-sie-hoeren-mir-zu-jetzt-sofort\/#primaryimage\",\"url\":\"https:\/\/now-news.de\/de\/wp-content\/uploads\/sites\/3\/2023\/10\/Israelischer-Ex-Premier-bei-Gaza-Interview-quotWas-ist-los-mit-Ihnen-Sie.jpeg\",\"contentUrl\":\"https:\/\/now-news.de\/de\/wp-content\/uploads\/sites\/3\/2023\/10\/Israelischer-Ex-Premier-bei-Gaza-Interview-quotWas-ist-los-mit-Ihnen-Sie.jpeg\",\"width\":460,\"height\":259,\"caption\":\"Israelischer Ex-Premier bei Gaza-Interview: &quot;Was ist los mit Ihnen? Sie h\u00f6ren mir zu, jetzt sofort!&quot;\"},{\"@type\":\"BreadcrumbList\",\"@id\":\"https:\/\/now-news.de\/de\/deutschland\/israelischer-ex-premier-bei-gaza-interview-was-ist-los-mit-ihnen-sie-hoeren-mir-zu-jetzt-sofort\/#breadcrumb\",\"itemListElement\":[{\"@type\":\"ListItem\",\"position\":1,\"name\":\"Home\",\"item\":\"https:\/\/now-news.de\/de\/\"},{\"@type\":\"ListItem\",\"position\":2,\"name\":\"Israelischer Ex-Premier bei Gaza-Interview: &quot;Was ist los mit Ihnen? Sie h\u00f6ren mir zu, jetzt sofort!&quot;\"}]},{\"@type\":\"WebSite\",\"@id\":\"https:\/\/now-news.de\/de\/#website\",\"url\":\"https:\/\/now-news.de\/de\/\",\"name\":\"just-now.NEWS Deutschland\",\"description\":\"Das Portal f\u00fcr unzensierte Nachrichten aus der Welt\",\"publisher\":{\"@id\":\"https:\/\/now-news.de\/de\/#organization\"},\"potentialAction\":[{\"@type\":\"SearchAction\",\"target\":{\"@type\":\"EntryPoint\",\"urlTemplate\":\"https:\/\/now-news.de\/de\/?s={search_term_string}\"},\"query-input\":\"required name=search_term_string\"}],\"inLanguage\":\"de\"},{\"@type\":\"Organization\",\"@id\":\"https:\/\/now-news.de\/de\/#organization\",\"name\":\"Just Now News\",\"url\":\"https:\/\/now-news.de\/de\/\",\"logo\":{\"@type\":\"ImageObject\",\"inLanguage\":\"de\",\"@id\":\"https:\/\/now-news.de\/de\/#\/schema\/logo\/image\/\",\"url\":\"http:\/\/just-now.news\/de\/wp-content\/uploads\/sites\/3\/2022\/04\/logo500x500.jpg\",\"contentUrl\":\"http:\/\/just-now.news\/de\/wp-content\/uploads\/sites\/3\/2022\/04\/logo500x500.jpg\",\"width\":500,\"height\":500,\"caption\":\"Just Now News\"},\"image\":{\"@id\":\"https:\/\/now-news.de\/de\/#\/schema\/logo\/image\/\"},\"sameAs\":[\"https:\/\/www.facebook.com\/wirmachenauf\",\"https:\/\/x.com\/WirMachenAuf_de\"]},{\"@type\":\"Person\",\"@id\":\"https:\/\/now-news.de\/de\/#\/schema\/person\/fb534a4e865501d8b3285208df34a9b5\",\"name\":\"rtnews\",\"image\":{\"@type\":\"ImageObject\",\"inLanguage\":\"de\",\"@id\":\"https:\/\/now-news.de\/de\/#\/schema\/person\/image\/\",\"url\":\"https:\/\/secure.gravatar.com\/avatar\/82aafea7d8127119dd649515f56e2117?s=96&d=mm&r=g\",\"contentUrl\":\"https:\/\/secure.gravatar.com\/avatar\/82aafea7d8127119dd649515f56e2117?s=96&d=mm&r=g\",\"caption\":\"rtnews\"},\"url\":\"https:\/\/now-news.de\/de\/author\/rnews\/\"}]}<\/script>\n<!-- \/ Yoast SEO Premium plugin. -->","yoast_head_json":{"title":"Israelischer Ex-Premier bei Gaza-Interview: &quot;Was ist los mit Ihnen? Sie h\u00f6ren mir zu, jetzt sofort!&quot; - just-now.NEWS Deutschland","robots":{"index":"index","follow":"follow","max-snippet":"max-snippet:-1","max-image-preview":"max-image-preview:large","max-video-preview":"max-video-preview:-1"},"canonical":"https:\/\/now-news.de\/de\/deutschland\/israelischer-ex-premier-bei-gaza-interview-was-ist-los-mit-ihnen-sie-hoeren-mir-zu-jetzt-sofort\/","og_locale":"de_DE","og_type":"article","og_title":"Israelischer Ex-Premier bei Gaza-Interview: &quot;Was ist los mit Ihnen? Sie h\u00f6ren mir zu, jetzt sofort!&quot;","og_description":"Der britische Sender Sky News interviewte den ehemaligen israelischen Premierminister Naftali Bennett. Im Verlauf des Gespr\u00e4chs vermittelte dabei Bennett den Zuschauern nachdr\u00fccklich und anma\u00dfend seine Unzufriedenheit mit dem Gespr\u00e4chsverlauf. Der Moderator musste ermahnen: &#8220;Das ist meine Sendung&#8221;. Der britische\u00a024-Stunden-Nachrichtenkanal Sky News\u00a0pr\u00e4sentierte\u00a0am 12. Oktober via Live-Schaltung seinen Zuschauern den\u00a0ehemaligen israelischen Premierminister Naftali Bennett im Rahmen eines [&hellip;]","og_url":"https:\/\/now-news.de\/de\/deutschland\/israelischer-ex-premier-bei-gaza-interview-was-ist-los-mit-ihnen-sie-hoeren-mir-zu-jetzt-sofort\/","og_site_name":"just-now.NEWS Deutschland","article_publisher":"https:\/\/www.facebook.com\/wirmachenauf","article_published_time":"2023-10-13T14:56:13+00:00","og_image":[{"width":460,"height":259,"url":"https:\/\/now-news.de\/de\/wp-content\/uploads\/sites\/3\/2023\/10\/Israelischer-Ex-Premier-bei-Gaza-Interview-quotWas-ist-los-mit-Ihnen-Sie.jpeg","type":"image\/jpeg"}],"author":"rtnews","twitter_card":"summary_large_image","twitter_creator":"@WirMachenAuf_de","twitter_site":"@WirMachenAuf_de","twitter_misc":{"Verfasst von":"rtnews","Gesch\u00e4tzte Lesezeit":"5\u00a0Minuten"},"schema":{"@context":"https:\/\/schema.org","@graph":[{"@type":"Article","@id":"https:\/\/now-news.de\/de\/deutschland\/israelischer-ex-premier-bei-gaza-interview-was-ist-los-mit-ihnen-sie-hoeren-mir-zu-jetzt-sofort\/#article","isPartOf":{"@id":"https:\/\/now-news.de\/de\/deutschland\/israelischer-ex-premier-bei-gaza-interview-was-ist-los-mit-ihnen-sie-hoeren-mir-zu-jetzt-sofort\/"},"author":{"name":"rtnews","@id":"https:\/\/now-news.de\/de\/#\/schema\/person\/fb534a4e865501d8b3285208df34a9b5"},"headline":"Israelischer Ex-Premier bei Gaza-Interview: &quot;Was ist los mit Ihnen? Sie h\u00f6ren mir zu, jetzt sofort!&quot;","datePublished":"2023-10-13T14:56:13+00:00","dateModified":"2023-10-13T14:56:13+00:00","mainEntityOfPage":{"@id":"https:\/\/now-news.de\/de\/deutschland\/israelischer-ex-premier-bei-gaza-interview-was-ist-los-mit-ihnen-sie-hoeren-mir-zu-jetzt-sofort\/"},"wordCount":962,"commentCount":0,"publisher":{"@id":"https:\/\/now-news.de\/de\/#organization"},"image":{"@id":"https:\/\/now-news.de\/de\/deutschland\/israelischer-ex-premier-bei-gaza-interview-was-ist-los-mit-ihnen-sie-hoeren-mir-zu-jetzt-sofort\/#primaryimage"},"thumbnailUrl":"https:\/\/now-news.de\/de\/wp-content\/uploads\/sites\/3\/2023\/10\/Israelischer-Ex-Premier-bei-Gaza-Interview-quotWas-ist-los-mit-Ihnen-Sie.jpeg","keywords":["bei","ExPremier","GazaInterview","h\u00f6ren","ihnen","Israelischer","ist","Jetzt","los","mir","mit","quotWas","Sie","sofortquot"],"articleSection":["Deutschland","Russland"],"inLanguage":"de","potentialAction":[{"@type":"CommentAction","name":"Comment","target":["https:\/\/now-news.de\/de\/deutschland\/israelischer-ex-premier-bei-gaza-interview-was-ist-los-mit-ihnen-sie-hoeren-mir-zu-jetzt-sofort\/#respond"]}]},{"@type":"WebPage","@id":"https:\/\/now-news.de\/de\/deutschland\/israelischer-ex-premier-bei-gaza-interview-was-ist-los-mit-ihnen-sie-hoeren-mir-zu-jetzt-sofort\/","url":"https:\/\/now-news.de\/de\/deutschland\/israelischer-ex-premier-bei-gaza-interview-was-ist-los-mit-ihnen-sie-hoeren-mir-zu-jetzt-sofort\/","name":"Israelischer Ex-Premier bei Gaza-Interview: &quot;Was ist los mit Ihnen? Sie h\u00f6ren mir zu, jetzt sofort!&quot; - just-now.NEWS Deutschland","isPartOf":{"@id":"https:\/\/now-news.de\/de\/#website"},"primaryImageOfPage":{"@id":"https:\/\/now-news.de\/de\/deutschland\/israelischer-ex-premier-bei-gaza-interview-was-ist-los-mit-ihnen-sie-hoeren-mir-zu-jetzt-sofort\/#primaryimage"},"image":{"@id":"https:\/\/now-news.de\/de\/deutschland\/israelischer-ex-premier-bei-gaza-interview-was-ist-los-mit-ihnen-sie-hoeren-mir-zu-jetzt-sofort\/#primaryimage"},"thumbnailUrl":"https:\/\/now-news.de\/de\/wp-content\/uploads\/sites\/3\/2023\/10\/Israelischer-Ex-Premier-bei-Gaza-Interview-quotWas-ist-los-mit-Ihnen-Sie.jpeg","datePublished":"2023-10-13T14:56:13+00:00","dateModified":"2023-10-13T14:56:13+00:00","breadcrumb":{"@id":"https:\/\/now-news.de\/de\/deutschland\/israelischer-ex-premier-bei-gaza-interview-was-ist-los-mit-ihnen-sie-hoeren-mir-zu-jetzt-sofort\/#breadcrumb"},"inLanguage":"de","potentialAction":[{"@type":"ReadAction","target":["https:\/\/now-news.de\/de\/deutschland\/israelischer-ex-premier-bei-gaza-interview-was-ist-los-mit-ihnen-sie-hoeren-mir-zu-jetzt-sofort\/"]}]},{"@type":"ImageObject","inLanguage":"de","@id":"https:\/\/now-news.de\/de\/deutschland\/israelischer-ex-premier-bei-gaza-interview-was-ist-los-mit-ihnen-sie-hoeren-mir-zu-jetzt-sofort\/#primaryimage","url":"https:\/\/now-news.de\/de\/wp-content\/uploads\/sites\/3\/2023\/10\/Israelischer-Ex-Premier-bei-Gaza-Interview-quotWas-ist-los-mit-Ihnen-Sie.jpeg","contentUrl":"https:\/\/now-news.de\/de\/wp-content\/uploads\/sites\/3\/2023\/10\/Israelischer-Ex-Premier-bei-Gaza-Interview-quotWas-ist-los-mit-Ihnen-Sie.jpeg","width":460,"height":259,"caption":"Israelischer Ex-Premier bei Gaza-Interview: &quot;Was ist los mit Ihnen? Sie h\u00f6ren mir zu, jetzt sofort!&quot;"},{"@type":"BreadcrumbList","@id":"https:\/\/now-news.de\/de\/deutschland\/israelischer-ex-premier-bei-gaza-interview-was-ist-los-mit-ihnen-sie-hoeren-mir-zu-jetzt-sofort\/#breadcrumb","itemListElement":[{"@type":"ListItem","position":1,"name":"Home","item":"https:\/\/now-news.de\/de\/"},{"@type":"ListItem","position":2,"name":"Israelischer Ex-Premier bei Gaza-Interview: &quot;Was ist los mit Ihnen? Sie h\u00f6ren mir zu, jetzt sofort!&quot;"}]},{"@type":"WebSite","@id":"https:\/\/now-news.de\/de\/#website","url":"https:\/\/now-news.de\/de\/","name":"just-now.NEWS Deutschland","description":"Das Portal f\u00fcr unzensierte Nachrichten aus der Welt","publisher":{"@id":"https:\/\/now-news.de\/de\/#organization"},"potentialAction":[{"@type":"SearchAction","target":{"@type":"EntryPoint","urlTemplate":"https:\/\/now-news.de\/de\/?s={search_term_string}"},"query-input":"required name=search_term_string"}],"inLanguage":"de"},{"@type":"Organization","@id":"https:\/\/now-news.de\/de\/#organization","name":"Just Now News","url":"https:\/\/now-news.de\/de\/","logo":{"@type":"ImageObject","inLanguage":"de","@id":"https:\/\/now-news.de\/de\/#\/schema\/logo\/image\/","url":"http:\/\/just-now.news\/de\/wp-content\/uploads\/sites\/3\/2022\/04\/logo500x500.jpg","contentUrl":"http:\/\/just-now.news\/de\/wp-content\/uploads\/sites\/3\/2022\/04\/logo500x500.jpg","width":500,"height":500,"caption":"Just Now News"},"image":{"@id":"https:\/\/now-news.de\/de\/#\/schema\/logo\/image\/"},"sameAs":["https:\/\/www.facebook.com\/wirmachenauf","https:\/\/x.com\/WirMachenAuf_de"]},{"@type":"Person","@id":"https:\/\/now-news.de\/de\/#\/schema\/person\/fb534a4e865501d8b3285208df34a9b5","name":"rtnews","image":{"@type":"ImageObject","inLanguage":"de","@id":"https:\/\/now-news.de\/de\/#\/schema\/person\/image\/","url":"https:\/\/secure.gravatar.com\/avatar\/82aafea7d8127119dd649515f56e2117?s=96&d=mm&r=g","contentUrl":"https:\/\/secure.gravatar.com\/avatar\/82aafea7d8127119dd649515f56e2117?s=96&d=mm&r=g","caption":"rtnews"},"url":"https:\/\/now-news.de\/de\/author\/rnews\/"}]}},"_links":{"self":[{"href":"https:\/\/now-news.de\/de\/wp-json\/wp\/v2\/posts\/48007"}],"collection":[{"href":"https:\/\/now-news.de\/de\/wp-json\/wp\/v2\/posts"}],"about":[{"href":"https:\/\/now-news.de\/de\/wp-json\/wp\/v2\/types\/post"}],"author":[{"embeddable":true,"href":"https:\/\/now-news.de\/de\/wp-json\/wp\/v2\/users\/3"}],"replies":[{"embeddable":true,"href":"https:\/\/now-news.de\/de\/wp-json\/wp\/v2\/comments?post=48007"}],"version-history":[{"count":0,"href":"https:\/\/now-news.de\/de\/wp-json\/wp\/v2\/posts\/48007\/revisions"}],"wp:featuredmedia":[{"embeddable":true,"href":"https:\/\/now-news.de\/de\/wp-json\/wp\/v2\/media\/48008"}],"wp:attachment":[{"href":"https:\/\/now-news.de\/de\/wp-json\/wp\/v2\/media?parent=48007"}],"wp:term":[{"taxonomy":"category","embeddable":true,"href":"https:\/\/now-news.de\/de\/wp-json\/wp\/v2\/categories?post=48007"},{"taxonomy":"post_tag","embeddable":true,"href":"https:\/\/now-news.de\/de\/wp-json\/wp\/v2\/tags?post=48007"}],"curies":[{"name":"wp","href":"https:\/\/api.w.org\/{rel}","templated":true}]}}