{"id":48005,"date":"2023-10-13T16:12:19","date_gmt":"2023-10-13T14:12:19","guid":{"rendered":"https:\/\/just-now.news\/de\/deutschland\/bundeskanzler-olaf-scholz-eurasien-hat-nie-gegen-ozeanien-krieg-gefuehrt\/"},"modified":"2023-10-13T16:12:19","modified_gmt":"2023-10-13T14:12:19","slug":"bundeskanzler-olaf-scholz-eurasien-hat-nie-gegen-ozeanien-krieg-gefuehrt","status":"publish","type":"post","link":"https:\/\/now-news.de\/de\/deutschland\/bundeskanzler-olaf-scholz-eurasien-hat-nie-gegen-ozeanien-krieg-gefuehrt\/","title":{"rendered":"Bundeskanzler Olaf Scholz: Eurasien hat nie gegen Ozeanien Krieg gef\u00fchrt"},"content":{"rendered":"<p><img decoding=\"async\" src=\"http:\/\/just-now.news\/de\/wp-content\/uploads\/sites\/3\/2023\/10\/65294fe6b480cc49305f1ec6.jpg\" \/><\/p>\n<div class=\"Text-root Text-type_1 \">\n                Wie schon im Zusammenhang mit dem Krieg in der Ukraine scheint es nun verboten, eine Vorgeschichte des Angriffs der Hamas \u00fcberhaupt wahrzunehmen, oder darauf hinzuweisen, dass pal\u00e4stinensische Kinder ebenso unschuldig sind wie israelische. Das meint zumindest Bundeskanzler Olaf Scholz.\n            <\/div>\n<p><\/p>\n<div class=\"Text-root Text-type_5 ArticleView-text ViewText-root \">\n<p><em>Von Dagmar Henn<\/em><\/p>\n<p>In George Orwells 1984 befindet sich der Staat Ozeanien, in dem die Hauptfigur lebt, st\u00e4ndig im Krieg mit einem der beiden Konkurrenten Eurasien und Ostasien. Wer Gegner und wer Verb\u00fcndeter ist, wechselt dabei st\u00e4ndig.<\/p>\n<p>Die staatliche Propaganda verh\u00e4lt sich dabei so, als sei der aktuelle Krieg der einzige jemals gef\u00fchrte, das aktuelle B\u00fcndnis das einzig denkbare; die Bev\u00f6lkerung wird in t\u00e4glichen &#8220;drei Minuten des Hasses&#8221; auf den aktuellen Gegner eingeschworen. Geschichte gibt es nicht.<\/p>\n<p>Den Tweet, den Bundeskanzler Olaf Scholz zum Nahen Osten abgesetzt hat, kann man nicht lesen, ohne an dieses Buch erinnert zu werden:<\/p>\n<div class=\"EmbedBlock-root EmbedBlock-twitter\">\n<div class=\"TwitterEmbed\">\n<blockquote class=\"twitter-tweet lazyload\" data-twitter=\"twitter-tweet\">\n<p lang=\"de\" dir=\"ltr\">Es kursieren Hass und Hetze, die Israel f\u00fcr die Terror-Angriffe der Hamas verantwortlich machen.Das ist T\u00e4ter-Opfer-Umkehr der perfidesten Art.Jedes &#8220;Ja, aber&#8221; ist angesichts der Brutalit\u00e4t und Menschenverachtung der Terroristen v\u00f6llig fehl am Platz.<\/p>\n<p>\u2014 Bundeskanzler Olaf Scholz (@Bundeskanzler) <a rel=\"nofollow noopener\" target=\"_blank\" href=\"https:\/\/twitter.com\/Bundeskanzler\/status\/1712410377470767561?ref_src=twsrc%5Etfw\">October 12, 2023<\/a><\/p><\/blockquote>\n<\/div>\n<\/div>\n<p>Wie aberwitzig diese Aussage ist, kann man ganz einfach \u00fcberpr\u00fcfen, indem man sie umkehrt. &#8220;Es kursieren Hass und Hetze, die die Menschen im Gaza-Streifen f\u00fcr die Terror-Angriffe Israels verantwortlich machen.&#8221;<\/p>\n<p>Denn es sollte eigentlich eine Selbstverst\u00e4ndlichkeit sein, zwischen der israelischen Bev\u00f6lkerung und ihrer Regierung ebenso zu unterscheiden wie zwischen der pal\u00e4stinensischen und deren Regierung, und bewaffnete K\u00e4mpfer und Zivilisten klar voneinander zu trennen.<\/p>\n<p>Es gab einmal einen Sozialdemokraten namens Hans-J\u00fcrgen Wischnewski, der w\u00e4hrend des Algerienkriegs, den Frankreich mit \u00e4u\u00dferstem Terror f\u00fchrte, in Koffern Geld f\u00fcr die FLN nach Tunis brachte. F\u00fcr die damalige franz\u00f6sische Regierung waren das Terroristen, und wenn man liest, was Frantz Fanon in &#8220;Die Verdammten dieser Erde&#8221; schrieb, begreift man, dass die eine Seite der anderen in Brutalit\u00e4t in nichts nachstand.<\/p>\n<p>Es war diese Geschichte mit Ben Wisch, wie ihn die Araber nannten, die es sp\u00e4ter deutschen Sozialdemokraten erm\u00f6glichte, im Pal\u00e4stina-Konflikt mit beiden Seiten zu reden, weil sie von beiden Seiten respektiert wurden. Olaf Scholz steht eindeutig nicht in dieser Tradition.<\/p>\n<p>Er macht das Gleiche, was auch schon im Zusammenhang mit der Ukraine versucht wurde; nur dass diesmal nicht neun Jahre B\u00fcrgerkrieg, sondern ganze f\u00fcnfzig Jahre v\u00f6lkerrechtswidrige Besetzung der Ged\u00e4chtnisl\u00f6schung zum Opfer fallen.<\/p>\n<p>Es war ein sozialdemokratischer israelischer Ministerpr\u00e4sident, Jizchak Rabin, der wegen seiner Bereitschaft, Schritte zum Frieden zu unternehmen, ermordet wurde. Der heutige israelische Verteidigungsminister spricht von &#8220;menschlichen Tieren&#8221;, wenn er sich der v\u00f6lkerrechtswidrigen Belagerung des Gaza-Streifens br\u00fcstet, und der israelische Gesundheitsminister verbietet v\u00f6lkerrechtswidrig die medizinische Versorgung von K\u00e4mpfern der Gegenseite.<\/p>\n<p>Aber das ist alles egal. Es gibt eine Momentaufnahme aus einer langen, widerspr\u00fcchlichen, blutigen Geschichte der Gewalt, die nun zum moralischen Ma\u00df erkl\u00e4rt wird und jegliche vern\u00fcnftigere Befassung wird durch das Etikett &#8220;Hass und Hetze&#8221; verdammt.<\/p>\n<p>Einer der \u00e4ltesten Texte, die in Europa einen Anspruch auf Anerkennung auf Grundlage der Gleichheit aller Menschen erheben, ist der Monolog des Shylock in Shakespeares Kaufmann von Venedig.<\/p>\n<blockquote>\n<p><em>&#8220;Wenn ihr uns stecht, bluten wir nicht? Wenn ihr uns kitzelt, lachen wir nicht? Wenn ihr uns vergiftet, sterben wir nicht? Und wenn ihr uns beleidigt, sollen wir uns nicht r\u00e4chen? Sind wir euch in allen Dingen \u00e4hnlich, so wollen wir&#8217;s euch auch darin gleich tun.&#8221;<\/em><\/p>\n<\/blockquote>\n<p>Wenn man diesen Satz versteht, kann man Schritte zum Frieden machen.<\/p>\n<p>Aber Eurasien hat nie Krieg mit Ozeanien gef\u00fchrt.<\/p>\n<p><strong>Mehr zum Thema<\/strong> &#8211; <a rel=\"nofollow noopener\" target=\"_blank\" href=\"https:\/\/freedert.online\/der-nahe-osten\/183492-israel-koennte-durch-krieg-mehr\/\">Israel k\u00f6nnte durch diesen Krieg mehr Schaden als erwartet erleiden<\/a><\/p>\n<\/p>\n<\/div>\n<p><script async src=\"https:\/\/platform.twitter.com\/widgets.js\" charset=\"utf-8\"><\/script><br \/>\n<br \/><br \/>\n<br \/><a href=\"https:\/\/de.rt.com\/meinung\/183660-bundeskanzler-olaf-scholz-eurasien-hat\/\">Source link <\/a><\/p>\n","protected":false},"excerpt":{"rendered":"<p>Wie schon im Zusammenhang mit dem Krieg in der Ukraine scheint es nun verboten, eine Vorgeschichte des Angriffs der Hamas \u00fcberhaupt wahrzunehmen, oder darauf hinzuweisen, dass pal\u00e4stinensische Kinder ebenso unschuldig sind wie israelische. Das meint zumindest Bundeskanzler Olaf Scholz. Von Dagmar Henn In George Orwells 1984 befindet sich der Staat Ozeanien, in dem die Hauptfigur [&hellip;]<\/p>\n","protected":false},"author":3,"featured_media":48006,"comment_status":"open","ping_status":"open","sticky":false,"template":"","format":"standard","meta":{"_yoast_indexnow_last_ping":["1697206958"],"wp_automatic_camp":["217"],"691d3267118f233807bb86ef7328738b":["Bundeskanzler Olaf Scholz: Eurasien hat nie gegen Ozeanien Krieg gef\u00fchrt"],"original_link":["https:\/\/de.rt.com\/meinung\/183660-bundeskanzler-olaf-scholz-eurasien-hat\/"],"_thumbnail_id":["48006"],"_wptgpro_p2tg_sent2tg":["a:1:{i:23737;s:19:\"2023-10-13 16:23:40\";}"],"jnews_social_counter_last_update":["1777624995"]},"categories":[19,23],"tags":[8976,23968,6856,278,423,130,10730,7179,49776,1001],"yoast_head":"<!-- This site is optimized with the Yoast SEO Premium plugin v22.7 (Yoast SEO v22.7) - https:\/\/yoast.com\/wordpress\/plugins\/seo\/ -->\n<title>Bundeskanzler Olaf Scholz: Eurasien hat nie gegen Ozeanien Krieg gef\u00fchrt - just-now.NEWS Deutschland<\/title>\n<meta name=\"robots\" content=\"index, follow, max-snippet:-1, max-image-preview:large, max-video-preview:-1\" \/>\n<link rel=\"canonical\" href=\"https:\/\/now-news.de\/de\/deutschland\/bundeskanzler-olaf-scholz-eurasien-hat-nie-gegen-ozeanien-krieg-gefuehrt\/\" \/>\n<meta property=\"og:locale\" content=\"de_DE\" \/>\n<meta property=\"og:type\" content=\"article\" \/>\n<meta property=\"og:title\" content=\"Bundeskanzler Olaf Scholz: Eurasien hat nie gegen Ozeanien Krieg gef\u00fchrt\" \/>\n<meta property=\"og:description\" content=\"Wie schon im Zusammenhang mit dem Krieg in der Ukraine scheint es nun verboten, eine Vorgeschichte des Angriffs der Hamas \u00fcberhaupt wahrzunehmen, oder darauf hinzuweisen, dass pal\u00e4stinensische Kinder ebenso unschuldig sind wie israelische. Das meint zumindest Bundeskanzler Olaf Scholz. Von Dagmar Henn In George Orwells 1984 befindet sich der Staat Ozeanien, in dem die Hauptfigur [&hellip;]\" \/>\n<meta property=\"og:url\" content=\"https:\/\/now-news.de\/de\/deutschland\/bundeskanzler-olaf-scholz-eurasien-hat-nie-gegen-ozeanien-krieg-gefuehrt\/\" \/>\n<meta property=\"og:site_name\" content=\"just-now.NEWS Deutschland\" \/>\n<meta property=\"article:publisher\" content=\"https:\/\/www.facebook.com\/wirmachenauf\" \/>\n<meta property=\"article:published_time\" content=\"2023-10-13T14:12:19+00:00\" \/>\n<meta property=\"og:image\" content=\"https:\/\/now-news.de\/de\/wp-content\/uploads\/sites\/3\/2023\/10\/Bundeskanzler-Olaf-Scholz-Eurasien-hat-nie-gegen-Ozeanien-Krieg-gefuehrt.jpg\" \/>\n\t<meta property=\"og:image:width\" content=\"460\" \/>\n\t<meta property=\"og:image:height\" content=\"259\" \/>\n\t<meta property=\"og:image:type\" content=\"image\/jpeg\" \/>\n<meta name=\"author\" content=\"rtnews\" \/>\n<meta name=\"twitter:card\" content=\"summary_large_image\" \/>\n<meta name=\"twitter:creator\" content=\"@WirMachenAuf_de\" \/>\n<meta name=\"twitter:site\" content=\"@WirMachenAuf_de\" \/>\n<meta name=\"twitter:label1\" content=\"Verfasst von\" \/>\n\t<meta name=\"twitter:data1\" content=\"rtnews\" \/>\n\t<meta name=\"twitter:label2\" content=\"Gesch\u00e4tzte Lesezeit\" \/>\n\t<meta name=\"twitter:data2\" content=\"3\u00a0Minuten\" \/>\n<script type=\"application\/ld+json\" class=\"yoast-schema-graph\">{\"@context\":\"https:\/\/schema.org\",\"@graph\":[{\"@type\":\"Article\",\"@id\":\"https:\/\/now-news.de\/de\/deutschland\/bundeskanzler-olaf-scholz-eurasien-hat-nie-gegen-ozeanien-krieg-gefuehrt\/#article\",\"isPartOf\":{\"@id\":\"https:\/\/now-news.de\/de\/deutschland\/bundeskanzler-olaf-scholz-eurasien-hat-nie-gegen-ozeanien-krieg-gefuehrt\/\"},\"author\":{\"name\":\"rtnews\",\"@id\":\"https:\/\/now-news.de\/de\/#\/schema\/person\/fb534a4e865501d8b3285208df34a9b5\"},\"headline\":\"Bundeskanzler Olaf Scholz: Eurasien hat nie gegen Ozeanien Krieg gef\u00fchrt\",\"datePublished\":\"2023-10-13T14:12:19+00:00\",\"dateModified\":\"2023-10-13T14:12:19+00:00\",\"mainEntityOfPage\":{\"@id\":\"https:\/\/now-news.de\/de\/deutschland\/bundeskanzler-olaf-scholz-eurasien-hat-nie-gegen-ozeanien-krieg-gefuehrt\/\"},\"wordCount\":626,\"commentCount\":0,\"publisher\":{\"@id\":\"https:\/\/now-news.de\/de\/#organization\"},\"image\":{\"@id\":\"https:\/\/now-news.de\/de\/deutschland\/bundeskanzler-olaf-scholz-eurasien-hat-nie-gegen-ozeanien-krieg-gefuehrt\/#primaryimage\"},\"thumbnailUrl\":\"https:\/\/now-news.de\/de\/wp-content\/uploads\/sites\/3\/2023\/10\/Bundeskanzler-Olaf-Scholz-Eurasien-hat-nie-gegen-Ozeanien-Krieg-gefuehrt.jpg\",\"keywords\":[\"Bundeskanzler\",\"Eurasien\",\"gef\u00fchrt\",\"gegen\",\"hat\",\"krieg\",\"nie\",\"Olaf\",\"Ozeanien\",\"Scholz\"],\"articleSection\":[\"Deutschland\",\"Russland\"],\"inLanguage\":\"de\",\"potentialAction\":[{\"@type\":\"CommentAction\",\"name\":\"Comment\",\"target\":[\"https:\/\/now-news.de\/de\/deutschland\/bundeskanzler-olaf-scholz-eurasien-hat-nie-gegen-ozeanien-krieg-gefuehrt\/#respond\"]}]},{\"@type\":\"WebPage\",\"@id\":\"https:\/\/now-news.de\/de\/deutschland\/bundeskanzler-olaf-scholz-eurasien-hat-nie-gegen-ozeanien-krieg-gefuehrt\/\",\"url\":\"https:\/\/now-news.de\/de\/deutschland\/bundeskanzler-olaf-scholz-eurasien-hat-nie-gegen-ozeanien-krieg-gefuehrt\/\",\"name\":\"Bundeskanzler Olaf Scholz: Eurasien hat nie gegen Ozeanien Krieg gef\u00fchrt - just-now.NEWS Deutschland\",\"isPartOf\":{\"@id\":\"https:\/\/now-news.de\/de\/#website\"},\"primaryImageOfPage\":{\"@id\":\"https:\/\/now-news.de\/de\/deutschland\/bundeskanzler-olaf-scholz-eurasien-hat-nie-gegen-ozeanien-krieg-gefuehrt\/#primaryimage\"},\"image\":{\"@id\":\"https:\/\/now-news.de\/de\/deutschland\/bundeskanzler-olaf-scholz-eurasien-hat-nie-gegen-ozeanien-krieg-gefuehrt\/#primaryimage\"},\"thumbnailUrl\":\"https:\/\/now-news.de\/de\/wp-content\/uploads\/sites\/3\/2023\/10\/Bundeskanzler-Olaf-Scholz-Eurasien-hat-nie-gegen-Ozeanien-Krieg-gefuehrt.jpg\",\"datePublished\":\"2023-10-13T14:12:19+00:00\",\"dateModified\":\"2023-10-13T14:12:19+00:00\",\"breadcrumb\":{\"@id\":\"https:\/\/now-news.de\/de\/deutschland\/bundeskanzler-olaf-scholz-eurasien-hat-nie-gegen-ozeanien-krieg-gefuehrt\/#breadcrumb\"},\"inLanguage\":\"de\",\"potentialAction\":[{\"@type\":\"ReadAction\",\"target\":[\"https:\/\/now-news.de\/de\/deutschland\/bundeskanzler-olaf-scholz-eurasien-hat-nie-gegen-ozeanien-krieg-gefuehrt\/\"]}]},{\"@type\":\"ImageObject\",\"inLanguage\":\"de\",\"@id\":\"https:\/\/now-news.de\/de\/deutschland\/bundeskanzler-olaf-scholz-eurasien-hat-nie-gegen-ozeanien-krieg-gefuehrt\/#primaryimage\",\"url\":\"https:\/\/now-news.de\/de\/wp-content\/uploads\/sites\/3\/2023\/10\/Bundeskanzler-Olaf-Scholz-Eurasien-hat-nie-gegen-Ozeanien-Krieg-gefuehrt.jpg\",\"contentUrl\":\"https:\/\/now-news.de\/de\/wp-content\/uploads\/sites\/3\/2023\/10\/Bundeskanzler-Olaf-Scholz-Eurasien-hat-nie-gegen-Ozeanien-Krieg-gefuehrt.jpg\",\"width\":460,\"height\":259,\"caption\":\"Bundeskanzler Olaf Scholz: Eurasien hat nie gegen Ozeanien Krieg gef\u00fchrt\"},{\"@type\":\"BreadcrumbList\",\"@id\":\"https:\/\/now-news.de\/de\/deutschland\/bundeskanzler-olaf-scholz-eurasien-hat-nie-gegen-ozeanien-krieg-gefuehrt\/#breadcrumb\",\"itemListElement\":[{\"@type\":\"ListItem\",\"position\":1,\"name\":\"Home\",\"item\":\"https:\/\/now-news.de\/de\/\"},{\"@type\":\"ListItem\",\"position\":2,\"name\":\"Bundeskanzler Olaf Scholz: Eurasien hat nie gegen Ozeanien Krieg gef\u00fchrt\"}]},{\"@type\":\"WebSite\",\"@id\":\"https:\/\/now-news.de\/de\/#website\",\"url\":\"https:\/\/now-news.de\/de\/\",\"name\":\"just-now.NEWS Deutschland\",\"description\":\"Das Portal f\u00fcr unzensierte Nachrichten aus der Welt\",\"publisher\":{\"@id\":\"https:\/\/now-news.de\/de\/#organization\"},\"potentialAction\":[{\"@type\":\"SearchAction\",\"target\":{\"@type\":\"EntryPoint\",\"urlTemplate\":\"https:\/\/now-news.de\/de\/?s={search_term_string}\"},\"query-input\":\"required name=search_term_string\"}],\"inLanguage\":\"de\"},{\"@type\":\"Organization\",\"@id\":\"https:\/\/now-news.de\/de\/#organization\",\"name\":\"Just Now News\",\"url\":\"https:\/\/now-news.de\/de\/\",\"logo\":{\"@type\":\"ImageObject\",\"inLanguage\":\"de\",\"@id\":\"https:\/\/now-news.de\/de\/#\/schema\/logo\/image\/\",\"url\":\"http:\/\/just-now.news\/de\/wp-content\/uploads\/sites\/3\/2022\/04\/logo500x500.jpg\",\"contentUrl\":\"http:\/\/just-now.news\/de\/wp-content\/uploads\/sites\/3\/2022\/04\/logo500x500.jpg\",\"width\":500,\"height\":500,\"caption\":\"Just Now News\"},\"image\":{\"@id\":\"https:\/\/now-news.de\/de\/#\/schema\/logo\/image\/\"},\"sameAs\":[\"https:\/\/www.facebook.com\/wirmachenauf\",\"https:\/\/x.com\/WirMachenAuf_de\"]},{\"@type\":\"Person\",\"@id\":\"https:\/\/now-news.de\/de\/#\/schema\/person\/fb534a4e865501d8b3285208df34a9b5\",\"name\":\"rtnews\",\"image\":{\"@type\":\"ImageObject\",\"inLanguage\":\"de\",\"@id\":\"https:\/\/now-news.de\/de\/#\/schema\/person\/image\/\",\"url\":\"https:\/\/secure.gravatar.com\/avatar\/82aafea7d8127119dd649515f56e2117?s=96&d=mm&r=g\",\"contentUrl\":\"https:\/\/secure.gravatar.com\/avatar\/82aafea7d8127119dd649515f56e2117?s=96&d=mm&r=g\",\"caption\":\"rtnews\"},\"url\":\"https:\/\/now-news.de\/de\/author\/rnews\/\"}]}<\/script>\n<!-- \/ Yoast SEO Premium plugin. -->","yoast_head_json":{"title":"Bundeskanzler Olaf Scholz: Eurasien hat nie gegen Ozeanien Krieg gef\u00fchrt - just-now.NEWS Deutschland","robots":{"index":"index","follow":"follow","max-snippet":"max-snippet:-1","max-image-preview":"max-image-preview:large","max-video-preview":"max-video-preview:-1"},"canonical":"https:\/\/now-news.de\/de\/deutschland\/bundeskanzler-olaf-scholz-eurasien-hat-nie-gegen-ozeanien-krieg-gefuehrt\/","og_locale":"de_DE","og_type":"article","og_title":"Bundeskanzler Olaf Scholz: Eurasien hat nie gegen Ozeanien Krieg gef\u00fchrt","og_description":"Wie schon im Zusammenhang mit dem Krieg in der Ukraine scheint es nun verboten, eine Vorgeschichte des Angriffs der Hamas \u00fcberhaupt wahrzunehmen, oder darauf hinzuweisen, dass pal\u00e4stinensische Kinder ebenso unschuldig sind wie israelische. Das meint zumindest Bundeskanzler Olaf Scholz. Von Dagmar Henn In George Orwells 1984 befindet sich der Staat Ozeanien, in dem die Hauptfigur [&hellip;]","og_url":"https:\/\/now-news.de\/de\/deutschland\/bundeskanzler-olaf-scholz-eurasien-hat-nie-gegen-ozeanien-krieg-gefuehrt\/","og_site_name":"just-now.NEWS Deutschland","article_publisher":"https:\/\/www.facebook.com\/wirmachenauf","article_published_time":"2023-10-13T14:12:19+00:00","og_image":[{"width":460,"height":259,"url":"https:\/\/now-news.de\/de\/wp-content\/uploads\/sites\/3\/2023\/10\/Bundeskanzler-Olaf-Scholz-Eurasien-hat-nie-gegen-Ozeanien-Krieg-gefuehrt.jpg","type":"image\/jpeg"}],"author":"rtnews","twitter_card":"summary_large_image","twitter_creator":"@WirMachenAuf_de","twitter_site":"@WirMachenAuf_de","twitter_misc":{"Verfasst von":"rtnews","Gesch\u00e4tzte Lesezeit":"3\u00a0Minuten"},"schema":{"@context":"https:\/\/schema.org","@graph":[{"@type":"Article","@id":"https:\/\/now-news.de\/de\/deutschland\/bundeskanzler-olaf-scholz-eurasien-hat-nie-gegen-ozeanien-krieg-gefuehrt\/#article","isPartOf":{"@id":"https:\/\/now-news.de\/de\/deutschland\/bundeskanzler-olaf-scholz-eurasien-hat-nie-gegen-ozeanien-krieg-gefuehrt\/"},"author":{"name":"rtnews","@id":"https:\/\/now-news.de\/de\/#\/schema\/person\/fb534a4e865501d8b3285208df34a9b5"},"headline":"Bundeskanzler Olaf Scholz: Eurasien hat nie gegen Ozeanien Krieg gef\u00fchrt","datePublished":"2023-10-13T14:12:19+00:00","dateModified":"2023-10-13T14:12:19+00:00","mainEntityOfPage":{"@id":"https:\/\/now-news.de\/de\/deutschland\/bundeskanzler-olaf-scholz-eurasien-hat-nie-gegen-ozeanien-krieg-gefuehrt\/"},"wordCount":626,"commentCount":0,"publisher":{"@id":"https:\/\/now-news.de\/de\/#organization"},"image":{"@id":"https:\/\/now-news.de\/de\/deutschland\/bundeskanzler-olaf-scholz-eurasien-hat-nie-gegen-ozeanien-krieg-gefuehrt\/#primaryimage"},"thumbnailUrl":"https:\/\/now-news.de\/de\/wp-content\/uploads\/sites\/3\/2023\/10\/Bundeskanzler-Olaf-Scholz-Eurasien-hat-nie-gegen-Ozeanien-Krieg-gefuehrt.jpg","keywords":["Bundeskanzler","Eurasien","gef\u00fchrt","gegen","hat","krieg","nie","Olaf","Ozeanien","Scholz"],"articleSection":["Deutschland","Russland"],"inLanguage":"de","potentialAction":[{"@type":"CommentAction","name":"Comment","target":["https:\/\/now-news.de\/de\/deutschland\/bundeskanzler-olaf-scholz-eurasien-hat-nie-gegen-ozeanien-krieg-gefuehrt\/#respond"]}]},{"@type":"WebPage","@id":"https:\/\/now-news.de\/de\/deutschland\/bundeskanzler-olaf-scholz-eurasien-hat-nie-gegen-ozeanien-krieg-gefuehrt\/","url":"https:\/\/now-news.de\/de\/deutschland\/bundeskanzler-olaf-scholz-eurasien-hat-nie-gegen-ozeanien-krieg-gefuehrt\/","name":"Bundeskanzler Olaf Scholz: Eurasien hat nie gegen Ozeanien Krieg gef\u00fchrt - just-now.NEWS Deutschland","isPartOf":{"@id":"https:\/\/now-news.de\/de\/#website"},"primaryImageOfPage":{"@id":"https:\/\/now-news.de\/de\/deutschland\/bundeskanzler-olaf-scholz-eurasien-hat-nie-gegen-ozeanien-krieg-gefuehrt\/#primaryimage"},"image":{"@id":"https:\/\/now-news.de\/de\/deutschland\/bundeskanzler-olaf-scholz-eurasien-hat-nie-gegen-ozeanien-krieg-gefuehrt\/#primaryimage"},"thumbnailUrl":"https:\/\/now-news.de\/de\/wp-content\/uploads\/sites\/3\/2023\/10\/Bundeskanzler-Olaf-Scholz-Eurasien-hat-nie-gegen-Ozeanien-Krieg-gefuehrt.jpg","datePublished":"2023-10-13T14:12:19+00:00","dateModified":"2023-10-13T14:12:19+00:00","breadcrumb":{"@id":"https:\/\/now-news.de\/de\/deutschland\/bundeskanzler-olaf-scholz-eurasien-hat-nie-gegen-ozeanien-krieg-gefuehrt\/#breadcrumb"},"inLanguage":"de","potentialAction":[{"@type":"ReadAction","target":["https:\/\/now-news.de\/de\/deutschland\/bundeskanzler-olaf-scholz-eurasien-hat-nie-gegen-ozeanien-krieg-gefuehrt\/"]}]},{"@type":"ImageObject","inLanguage":"de","@id":"https:\/\/now-news.de\/de\/deutschland\/bundeskanzler-olaf-scholz-eurasien-hat-nie-gegen-ozeanien-krieg-gefuehrt\/#primaryimage","url":"https:\/\/now-news.de\/de\/wp-content\/uploads\/sites\/3\/2023\/10\/Bundeskanzler-Olaf-Scholz-Eurasien-hat-nie-gegen-Ozeanien-Krieg-gefuehrt.jpg","contentUrl":"https:\/\/now-news.de\/de\/wp-content\/uploads\/sites\/3\/2023\/10\/Bundeskanzler-Olaf-Scholz-Eurasien-hat-nie-gegen-Ozeanien-Krieg-gefuehrt.jpg","width":460,"height":259,"caption":"Bundeskanzler Olaf Scholz: Eurasien hat nie gegen Ozeanien Krieg gef\u00fchrt"},{"@type":"BreadcrumbList","@id":"https:\/\/now-news.de\/de\/deutschland\/bundeskanzler-olaf-scholz-eurasien-hat-nie-gegen-ozeanien-krieg-gefuehrt\/#breadcrumb","itemListElement":[{"@type":"ListItem","position":1,"name":"Home","item":"https:\/\/now-news.de\/de\/"},{"@type":"ListItem","position":2,"name":"Bundeskanzler Olaf Scholz: Eurasien hat nie gegen Ozeanien Krieg gef\u00fchrt"}]},{"@type":"WebSite","@id":"https:\/\/now-news.de\/de\/#website","url":"https:\/\/now-news.de\/de\/","name":"just-now.NEWS Deutschland","description":"Das Portal f\u00fcr unzensierte Nachrichten aus der Welt","publisher":{"@id":"https:\/\/now-news.de\/de\/#organization"},"potentialAction":[{"@type":"SearchAction","target":{"@type":"EntryPoint","urlTemplate":"https:\/\/now-news.de\/de\/?s={search_term_string}"},"query-input":"required name=search_term_string"}],"inLanguage":"de"},{"@type":"Organization","@id":"https:\/\/now-news.de\/de\/#organization","name":"Just Now News","url":"https:\/\/now-news.de\/de\/","logo":{"@type":"ImageObject","inLanguage":"de","@id":"https:\/\/now-news.de\/de\/#\/schema\/logo\/image\/","url":"http:\/\/just-now.news\/de\/wp-content\/uploads\/sites\/3\/2022\/04\/logo500x500.jpg","contentUrl":"http:\/\/just-now.news\/de\/wp-content\/uploads\/sites\/3\/2022\/04\/logo500x500.jpg","width":500,"height":500,"caption":"Just Now News"},"image":{"@id":"https:\/\/now-news.de\/de\/#\/schema\/logo\/image\/"},"sameAs":["https:\/\/www.facebook.com\/wirmachenauf","https:\/\/x.com\/WirMachenAuf_de"]},{"@type":"Person","@id":"https:\/\/now-news.de\/de\/#\/schema\/person\/fb534a4e865501d8b3285208df34a9b5","name":"rtnews","image":{"@type":"ImageObject","inLanguage":"de","@id":"https:\/\/now-news.de\/de\/#\/schema\/person\/image\/","url":"https:\/\/secure.gravatar.com\/avatar\/82aafea7d8127119dd649515f56e2117?s=96&d=mm&r=g","contentUrl":"https:\/\/secure.gravatar.com\/avatar\/82aafea7d8127119dd649515f56e2117?s=96&d=mm&r=g","caption":"rtnews"},"url":"https:\/\/now-news.de\/de\/author\/rnews\/"}]}},"_links":{"self":[{"href":"https:\/\/now-news.de\/de\/wp-json\/wp\/v2\/posts\/48005"}],"collection":[{"href":"https:\/\/now-news.de\/de\/wp-json\/wp\/v2\/posts"}],"about":[{"href":"https:\/\/now-news.de\/de\/wp-json\/wp\/v2\/types\/post"}],"author":[{"embeddable":true,"href":"https:\/\/now-news.de\/de\/wp-json\/wp\/v2\/users\/3"}],"replies":[{"embeddable":true,"href":"https:\/\/now-news.de\/de\/wp-json\/wp\/v2\/comments?post=48005"}],"version-history":[{"count":0,"href":"https:\/\/now-news.de\/de\/wp-json\/wp\/v2\/posts\/48005\/revisions"}],"wp:featuredmedia":[{"embeddable":true,"href":"https:\/\/now-news.de\/de\/wp-json\/wp\/v2\/media\/48006"}],"wp:attachment":[{"href":"https:\/\/now-news.de\/de\/wp-json\/wp\/v2\/media?parent=48005"}],"wp:term":[{"taxonomy":"category","embeddable":true,"href":"https:\/\/now-news.de\/de\/wp-json\/wp\/v2\/categories?post=48005"},{"taxonomy":"post_tag","embeddable":true,"href":"https:\/\/now-news.de\/de\/wp-json\/wp\/v2\/tags?post=48005"}],"curies":[{"name":"wp","href":"https:\/\/api.w.org\/{rel}","templated":true}]}}