{"id":48003,"date":"2023-10-13T15:40:20","date_gmt":"2023-10-13T13:40:20","guid":{"rendered":"https:\/\/just-now.news\/de\/deutschland\/serbiens-praesident-vucic-kuendigt-neuwahlen-an\/"},"modified":"2023-10-13T15:40:20","modified_gmt":"2023-10-13T13:40:20","slug":"serbiens-praesident-vucic-kuendigt-neuwahlen-an","status":"publish","type":"post","link":"https:\/\/now-news.de\/de\/deutschland\/serbiens-praesident-vucic-kuendigt-neuwahlen-an\/","title":{"rendered":"Serbiens Pr\u00e4sident Vu\u010di\u0107 k\u00fcndigt Neuwahlen an"},"content":{"rendered":"<p><img decoding=\"async\" src=\"http:\/\/just-now.news\/de\/wp-content\/uploads\/sites\/3\/2023\/10\/6529376648fbef383047d3bb.jpg\" \/><\/p>\n<div class=\"Text-root Text-type_1 \">\n                Als Reaktion auf schwere Proteste gegen seine Regierung k\u00fcndigte der serbische Pr\u00e4sident Aleksandar Vu\u010di\u0107 eine vorgezogene Parlamentswahl am 17. Dezember an. Das gegenw\u00e4rtige Parlament hatten die Serben im April des Vorjahres gew\u00e4hlt.\n            <\/div>\n<p><\/p>\n<div class=\"Text-root Text-type_5 ArticleView-text ViewText-root \">\n<p>Der serbische Pr\u00e4sident, Aleksandar Vu\u010di\u0107, k\u00fcndigte am Freitag eine vorgezogene Parlamentswahl f\u00fcr den 17. Dezember an. Dies ist auch eine Reaktion auf die anhaltenden Proteste gegen die Regierung in Belgrad.<\/p>\n<p>Vu\u010di\u0107 sagte gestern Abend gegen\u00fcber dem TV-Sender <em>Prva:<\/em><\/p>\n<blockquote>\n<p><em>&#8220;Serbien steht an einem Wendepunkt, die B\u00fcrger sollen sagen, was f\u00fcr eine Politik sie wollen.&#8221;<\/em><\/p>\n<\/blockquote>\n<p>Er werde die vorgezogene Wahl bis zum 2. November ausschreiben, wie das die Verfassung vorsehe, f\u00fcgte er hinzu.<\/p>\n<p>Zwei Amokl\u00e4ufe im Mai mit 18 Toten, darunter ein von einem 13-J\u00e4hrigen ver\u00fcbtes Schulmassaker in Belgrad, haben w\u00f6chentliche Demonstrationen gegen die Regierung ausgel\u00f6st.<\/p>\n<p>Die Teilnehmer der Proteste werfen Vu\u010di\u0107 zum einen vor, die Medien zu kontrollieren und zum anderen, mit diesen Medien im Land ein Klima des Hasses und der Gewaltverherrlichung zu sch\u00fcren.<\/p>\n<p>Das gegenw\u00e4rtige Parlament hatten die Serben im April des Vorjahres gew\u00e4hlt. Die national orientierte Pr\u00e4sidentenpartei SNS hat dort zusammen mit ihren Verb\u00fcndeten bislang eine komfortable Mehrheit.<\/p>\n<p><strong>Mehr zum Thema<\/strong> \u2013\u00a0<a rel=\"nofollow noopener\" target=\"_blank\" href=\"https:\/\/freeassange.rtde.life\/russland\/182900-ex-botschafter-serben-mehrheitlich-gegen\/\">Ex-Botschafter: Serben mehrheitlich gegen Russland-Sanktionen<\/a><\/p>\n<div class=\"EmbedBlock-root EmbedBlock-externalVideo EmbedBlock-odysee\">\n<div class=\"VkEmbed\"><iframe class=\"lazyload\" data-src=\"https:\/\/odysee.com\/%24\/embed\/%40RTDE%3Ae%2Fkosovo-und-serbien-ein-neuer-krieg%3A7\" frameborder=\"0\" width=\"853\" height=\"480\" allowfullscreen><\/iframe><\/div>\n<\/div>\n<\/div>\n<p><br \/>\n<br \/><a href=\"https:\/\/de.rt.com\/europa\/183649-serbiens-praesident-vucic-kuendigt-neuwahlen-an\/\">Source link <\/a><\/p>\n","protected":false},"excerpt":{"rendered":"<p>Als Reaktion auf schwere Proteste gegen seine Regierung k\u00fcndigte der serbische Pr\u00e4sident Aleksandar Vu\u010di\u0107 eine vorgezogene Parlamentswahl am 17. Dezember an. Das gegenw\u00e4rtige Parlament hatten die Serben im April des Vorjahres gew\u00e4hlt. Der serbische Pr\u00e4sident, Aleksandar Vu\u010di\u0107, k\u00fcndigte am Freitag eine vorgezogene Parlamentswahl f\u00fcr den 17. Dezember an. Dies ist auch eine Reaktion auf die [&hellip;]<\/p>\n","protected":false},"author":3,"featured_media":48004,"comment_status":"open","ping_status":"open","sticky":false,"template":"","format":"standard","meta":{"_yoast_indexnow_last_ping":["1697204975"],"wp_automatic_camp":["217"],"34828b61f7abbff69276cf095cc60386":["Serbiens Pr\u00e4sident Vu\u010di\u0107 k\u00fcndigt Neuwahlen an"],"original_link":["https:\/\/de.rt.com\/europa\/183649-serbiens-praesident-vucic-kuendigt-neuwahlen-an\/"],"_thumbnail_id":["48004"],"_wptgpro_p2tg_sent2tg":["a:1:{i:23737;s:19:\"2023-10-13 15:50:41\";}"],"jnews_social_counter_last_update":["1776949016"]},"categories":[19,23],"tags":[4224,966,3464,18785,955],"yoast_head":"<!-- This site is optimized with the Yoast SEO Premium plugin v22.7 (Yoast SEO v22.7) - https:\/\/yoast.com\/wordpress\/plugins\/seo\/ -->\n<title>Serbiens Pr\u00e4sident Vu\u010di\u0107 k\u00fcndigt Neuwahlen an - just-now.NEWS Deutschland<\/title>\n<meta name=\"robots\" content=\"index, follow, max-snippet:-1, max-image-preview:large, max-video-preview:-1\" \/>\n<link rel=\"canonical\" href=\"https:\/\/now-news.de\/de\/deutschland\/serbiens-praesident-vucic-kuendigt-neuwahlen-an\/\" \/>\n<meta property=\"og:locale\" content=\"de_DE\" \/>\n<meta property=\"og:type\" content=\"article\" \/>\n<meta property=\"og:title\" content=\"Serbiens Pr\u00e4sident Vu\u010di\u0107 k\u00fcndigt Neuwahlen an\" \/>\n<meta property=\"og:description\" content=\"Als Reaktion auf schwere Proteste gegen seine Regierung k\u00fcndigte der serbische Pr\u00e4sident Aleksandar Vu\u010di\u0107 eine vorgezogene Parlamentswahl am 17. Dezember an. Das gegenw\u00e4rtige Parlament hatten die Serben im April des Vorjahres gew\u00e4hlt. Der serbische Pr\u00e4sident, Aleksandar Vu\u010di\u0107, k\u00fcndigte am Freitag eine vorgezogene Parlamentswahl f\u00fcr den 17. Dezember an. Dies ist auch eine Reaktion auf die [&hellip;]\" \/>\n<meta property=\"og:url\" content=\"https:\/\/now-news.de\/de\/deutschland\/serbiens-praesident-vucic-kuendigt-neuwahlen-an\/\" \/>\n<meta property=\"og:site_name\" content=\"just-now.NEWS Deutschland\" \/>\n<meta property=\"article:publisher\" content=\"https:\/\/www.facebook.com\/wirmachenauf\" \/>\n<meta property=\"article:published_time\" content=\"2023-10-13T13:40:20+00:00\" \/>\n<meta property=\"og:image\" content=\"https:\/\/now-news.de\/de\/wp-content\/uploads\/sites\/3\/2023\/10\/Serbiens-Praesident-Vucic-kuendigt-Neuwahlen-an.jpg\" \/>\n\t<meta property=\"og:image:width\" content=\"460\" \/>\n\t<meta property=\"og:image:height\" content=\"259\" \/>\n\t<meta property=\"og:image:type\" content=\"image\/jpeg\" \/>\n<meta name=\"author\" content=\"rtnews\" \/>\n<meta name=\"twitter:card\" content=\"summary_large_image\" \/>\n<meta name=\"twitter:creator\" content=\"@WirMachenAuf_de\" \/>\n<meta name=\"twitter:site\" content=\"@WirMachenAuf_de\" \/>\n<meta name=\"twitter:label1\" content=\"Verfasst von\" \/>\n\t<meta name=\"twitter:data1\" content=\"rtnews\" \/>\n\t<meta name=\"twitter:label2\" content=\"Gesch\u00e4tzte Lesezeit\" \/>\n\t<meta name=\"twitter:data2\" content=\"1\u00a0Minute\" \/>\n<script type=\"application\/ld+json\" class=\"yoast-schema-graph\">{\"@context\":\"https:\/\/schema.org\",\"@graph\":[{\"@type\":\"Article\",\"@id\":\"https:\/\/now-news.de\/de\/deutschland\/serbiens-praesident-vucic-kuendigt-neuwahlen-an\/#article\",\"isPartOf\":{\"@id\":\"https:\/\/now-news.de\/de\/deutschland\/serbiens-praesident-vucic-kuendigt-neuwahlen-an\/\"},\"author\":{\"name\":\"rtnews\",\"@id\":\"https:\/\/now-news.de\/de\/#\/schema\/person\/fb534a4e865501d8b3285208df34a9b5\"},\"headline\":\"Serbiens Pr\u00e4sident Vu\u010di\u0107 k\u00fcndigt Neuwahlen an\",\"datePublished\":\"2023-10-13T13:40:20+00:00\",\"dateModified\":\"2023-10-13T13:40:20+00:00\",\"mainEntityOfPage\":{\"@id\":\"https:\/\/now-news.de\/de\/deutschland\/serbiens-praesident-vucic-kuendigt-neuwahlen-an\/\"},\"wordCount\":223,\"commentCount\":0,\"publisher\":{\"@id\":\"https:\/\/now-news.de\/de\/#organization\"},\"image\":{\"@id\":\"https:\/\/now-news.de\/de\/deutschland\/serbiens-praesident-vucic-kuendigt-neuwahlen-an\/#primaryimage\"},\"thumbnailUrl\":\"https:\/\/now-news.de\/de\/wp-content\/uploads\/sites\/3\/2023\/10\/Serbiens-Praesident-Vucic-kuendigt-Neuwahlen-an.jpg\",\"keywords\":[\"k\u00fcndigt\",\"Neuwahlen\",\"Pr\u00e4sident\",\"Serbiens\",\"Vucic\"],\"articleSection\":[\"Deutschland\",\"Russland\"],\"inLanguage\":\"de\",\"potentialAction\":[{\"@type\":\"CommentAction\",\"name\":\"Comment\",\"target\":[\"https:\/\/now-news.de\/de\/deutschland\/serbiens-praesident-vucic-kuendigt-neuwahlen-an\/#respond\"]}]},{\"@type\":\"WebPage\",\"@id\":\"https:\/\/now-news.de\/de\/deutschland\/serbiens-praesident-vucic-kuendigt-neuwahlen-an\/\",\"url\":\"https:\/\/now-news.de\/de\/deutschland\/serbiens-praesident-vucic-kuendigt-neuwahlen-an\/\",\"name\":\"Serbiens Pr\u00e4sident Vu\u010di\u0107 k\u00fcndigt Neuwahlen an - just-now.NEWS Deutschland\",\"isPartOf\":{\"@id\":\"https:\/\/now-news.de\/de\/#website\"},\"primaryImageOfPage\":{\"@id\":\"https:\/\/now-news.de\/de\/deutschland\/serbiens-praesident-vucic-kuendigt-neuwahlen-an\/#primaryimage\"},\"image\":{\"@id\":\"https:\/\/now-news.de\/de\/deutschland\/serbiens-praesident-vucic-kuendigt-neuwahlen-an\/#primaryimage\"},\"thumbnailUrl\":\"https:\/\/now-news.de\/de\/wp-content\/uploads\/sites\/3\/2023\/10\/Serbiens-Praesident-Vucic-kuendigt-Neuwahlen-an.jpg\",\"datePublished\":\"2023-10-13T13:40:20+00:00\",\"dateModified\":\"2023-10-13T13:40:20+00:00\",\"breadcrumb\":{\"@id\":\"https:\/\/now-news.de\/de\/deutschland\/serbiens-praesident-vucic-kuendigt-neuwahlen-an\/#breadcrumb\"},\"inLanguage\":\"de\",\"potentialAction\":[{\"@type\":\"ReadAction\",\"target\":[\"https:\/\/now-news.de\/de\/deutschland\/serbiens-praesident-vucic-kuendigt-neuwahlen-an\/\"]}]},{\"@type\":\"ImageObject\",\"inLanguage\":\"de\",\"@id\":\"https:\/\/now-news.de\/de\/deutschland\/serbiens-praesident-vucic-kuendigt-neuwahlen-an\/#primaryimage\",\"url\":\"https:\/\/now-news.de\/de\/wp-content\/uploads\/sites\/3\/2023\/10\/Serbiens-Praesident-Vucic-kuendigt-Neuwahlen-an.jpg\",\"contentUrl\":\"https:\/\/now-news.de\/de\/wp-content\/uploads\/sites\/3\/2023\/10\/Serbiens-Praesident-Vucic-kuendigt-Neuwahlen-an.jpg\",\"width\":460,\"height\":259,\"caption\":\"Serbiens Pr\u00e4sident Vu\u010di\u0107 k\u00fcndigt Neuwahlen an\"},{\"@type\":\"BreadcrumbList\",\"@id\":\"https:\/\/now-news.de\/de\/deutschland\/serbiens-praesident-vucic-kuendigt-neuwahlen-an\/#breadcrumb\",\"itemListElement\":[{\"@type\":\"ListItem\",\"position\":1,\"name\":\"Home\",\"item\":\"https:\/\/now-news.de\/de\/\"},{\"@type\":\"ListItem\",\"position\":2,\"name\":\"Serbiens Pr\u00e4sident Vu\u010di\u0107 k\u00fcndigt Neuwahlen an\"}]},{\"@type\":\"WebSite\",\"@id\":\"https:\/\/now-news.de\/de\/#website\",\"url\":\"https:\/\/now-news.de\/de\/\",\"name\":\"just-now.NEWS Deutschland\",\"description\":\"Das Portal f\u00fcr unzensierte Nachrichten aus der Welt\",\"publisher\":{\"@id\":\"https:\/\/now-news.de\/de\/#organization\"},\"potentialAction\":[{\"@type\":\"SearchAction\",\"target\":{\"@type\":\"EntryPoint\",\"urlTemplate\":\"https:\/\/now-news.de\/de\/?s={search_term_string}\"},\"query-input\":\"required name=search_term_string\"}],\"inLanguage\":\"de\"},{\"@type\":\"Organization\",\"@id\":\"https:\/\/now-news.de\/de\/#organization\",\"name\":\"Just Now News\",\"url\":\"https:\/\/now-news.de\/de\/\",\"logo\":{\"@type\":\"ImageObject\",\"inLanguage\":\"de\",\"@id\":\"https:\/\/now-news.de\/de\/#\/schema\/logo\/image\/\",\"url\":\"http:\/\/just-now.news\/de\/wp-content\/uploads\/sites\/3\/2022\/04\/logo500x500.jpg\",\"contentUrl\":\"http:\/\/just-now.news\/de\/wp-content\/uploads\/sites\/3\/2022\/04\/logo500x500.jpg\",\"width\":500,\"height\":500,\"caption\":\"Just Now News\"},\"image\":{\"@id\":\"https:\/\/now-news.de\/de\/#\/schema\/logo\/image\/\"},\"sameAs\":[\"https:\/\/www.facebook.com\/wirmachenauf\",\"https:\/\/x.com\/WirMachenAuf_de\"]},{\"@type\":\"Person\",\"@id\":\"https:\/\/now-news.de\/de\/#\/schema\/person\/fb534a4e865501d8b3285208df34a9b5\",\"name\":\"rtnews\",\"image\":{\"@type\":\"ImageObject\",\"inLanguage\":\"de\",\"@id\":\"https:\/\/now-news.de\/de\/#\/schema\/person\/image\/\",\"url\":\"https:\/\/secure.gravatar.com\/avatar\/82aafea7d8127119dd649515f56e2117?s=96&d=mm&r=g\",\"contentUrl\":\"https:\/\/secure.gravatar.com\/avatar\/82aafea7d8127119dd649515f56e2117?s=96&d=mm&r=g\",\"caption\":\"rtnews\"},\"url\":\"https:\/\/now-news.de\/de\/author\/rnews\/\"}]}<\/script>\n<!-- \/ Yoast SEO Premium plugin. -->","yoast_head_json":{"title":"Serbiens Pr\u00e4sident Vu\u010di\u0107 k\u00fcndigt Neuwahlen an - just-now.NEWS Deutschland","robots":{"index":"index","follow":"follow","max-snippet":"max-snippet:-1","max-image-preview":"max-image-preview:large","max-video-preview":"max-video-preview:-1"},"canonical":"https:\/\/now-news.de\/de\/deutschland\/serbiens-praesident-vucic-kuendigt-neuwahlen-an\/","og_locale":"de_DE","og_type":"article","og_title":"Serbiens Pr\u00e4sident Vu\u010di\u0107 k\u00fcndigt Neuwahlen an","og_description":"Als Reaktion auf schwere Proteste gegen seine Regierung k\u00fcndigte der serbische Pr\u00e4sident Aleksandar Vu\u010di\u0107 eine vorgezogene Parlamentswahl am 17. Dezember an. Das gegenw\u00e4rtige Parlament hatten die Serben im April des Vorjahres gew\u00e4hlt. Der serbische Pr\u00e4sident, Aleksandar Vu\u010di\u0107, k\u00fcndigte am Freitag eine vorgezogene Parlamentswahl f\u00fcr den 17. Dezember an. Dies ist auch eine Reaktion auf die [&hellip;]","og_url":"https:\/\/now-news.de\/de\/deutschland\/serbiens-praesident-vucic-kuendigt-neuwahlen-an\/","og_site_name":"just-now.NEWS Deutschland","article_publisher":"https:\/\/www.facebook.com\/wirmachenauf","article_published_time":"2023-10-13T13:40:20+00:00","og_image":[{"width":460,"height":259,"url":"https:\/\/now-news.de\/de\/wp-content\/uploads\/sites\/3\/2023\/10\/Serbiens-Praesident-Vucic-kuendigt-Neuwahlen-an.jpg","type":"image\/jpeg"}],"author":"rtnews","twitter_card":"summary_large_image","twitter_creator":"@WirMachenAuf_de","twitter_site":"@WirMachenAuf_de","twitter_misc":{"Verfasst von":"rtnews","Gesch\u00e4tzte Lesezeit":"1\u00a0Minute"},"schema":{"@context":"https:\/\/schema.org","@graph":[{"@type":"Article","@id":"https:\/\/now-news.de\/de\/deutschland\/serbiens-praesident-vucic-kuendigt-neuwahlen-an\/#article","isPartOf":{"@id":"https:\/\/now-news.de\/de\/deutschland\/serbiens-praesident-vucic-kuendigt-neuwahlen-an\/"},"author":{"name":"rtnews","@id":"https:\/\/now-news.de\/de\/#\/schema\/person\/fb534a4e865501d8b3285208df34a9b5"},"headline":"Serbiens Pr\u00e4sident Vu\u010di\u0107 k\u00fcndigt Neuwahlen an","datePublished":"2023-10-13T13:40:20+00:00","dateModified":"2023-10-13T13:40:20+00:00","mainEntityOfPage":{"@id":"https:\/\/now-news.de\/de\/deutschland\/serbiens-praesident-vucic-kuendigt-neuwahlen-an\/"},"wordCount":223,"commentCount":0,"publisher":{"@id":"https:\/\/now-news.de\/de\/#organization"},"image":{"@id":"https:\/\/now-news.de\/de\/deutschland\/serbiens-praesident-vucic-kuendigt-neuwahlen-an\/#primaryimage"},"thumbnailUrl":"https:\/\/now-news.de\/de\/wp-content\/uploads\/sites\/3\/2023\/10\/Serbiens-Praesident-Vucic-kuendigt-Neuwahlen-an.jpg","keywords":["k\u00fcndigt","Neuwahlen","Pr\u00e4sident","Serbiens","Vucic"],"articleSection":["Deutschland","Russland"],"inLanguage":"de","potentialAction":[{"@type":"CommentAction","name":"Comment","target":["https:\/\/now-news.de\/de\/deutschland\/serbiens-praesident-vucic-kuendigt-neuwahlen-an\/#respond"]}]},{"@type":"WebPage","@id":"https:\/\/now-news.de\/de\/deutschland\/serbiens-praesident-vucic-kuendigt-neuwahlen-an\/","url":"https:\/\/now-news.de\/de\/deutschland\/serbiens-praesident-vucic-kuendigt-neuwahlen-an\/","name":"Serbiens Pr\u00e4sident Vu\u010di\u0107 k\u00fcndigt Neuwahlen an - just-now.NEWS Deutschland","isPartOf":{"@id":"https:\/\/now-news.de\/de\/#website"},"primaryImageOfPage":{"@id":"https:\/\/now-news.de\/de\/deutschland\/serbiens-praesident-vucic-kuendigt-neuwahlen-an\/#primaryimage"},"image":{"@id":"https:\/\/now-news.de\/de\/deutschland\/serbiens-praesident-vucic-kuendigt-neuwahlen-an\/#primaryimage"},"thumbnailUrl":"https:\/\/now-news.de\/de\/wp-content\/uploads\/sites\/3\/2023\/10\/Serbiens-Praesident-Vucic-kuendigt-Neuwahlen-an.jpg","datePublished":"2023-10-13T13:40:20+00:00","dateModified":"2023-10-13T13:40:20+00:00","breadcrumb":{"@id":"https:\/\/now-news.de\/de\/deutschland\/serbiens-praesident-vucic-kuendigt-neuwahlen-an\/#breadcrumb"},"inLanguage":"de","potentialAction":[{"@type":"ReadAction","target":["https:\/\/now-news.de\/de\/deutschland\/serbiens-praesident-vucic-kuendigt-neuwahlen-an\/"]}]},{"@type":"ImageObject","inLanguage":"de","@id":"https:\/\/now-news.de\/de\/deutschland\/serbiens-praesident-vucic-kuendigt-neuwahlen-an\/#primaryimage","url":"https:\/\/now-news.de\/de\/wp-content\/uploads\/sites\/3\/2023\/10\/Serbiens-Praesident-Vucic-kuendigt-Neuwahlen-an.jpg","contentUrl":"https:\/\/now-news.de\/de\/wp-content\/uploads\/sites\/3\/2023\/10\/Serbiens-Praesident-Vucic-kuendigt-Neuwahlen-an.jpg","width":460,"height":259,"caption":"Serbiens Pr\u00e4sident Vu\u010di\u0107 k\u00fcndigt Neuwahlen an"},{"@type":"BreadcrumbList","@id":"https:\/\/now-news.de\/de\/deutschland\/serbiens-praesident-vucic-kuendigt-neuwahlen-an\/#breadcrumb","itemListElement":[{"@type":"ListItem","position":1,"name":"Home","item":"https:\/\/now-news.de\/de\/"},{"@type":"ListItem","position":2,"name":"Serbiens Pr\u00e4sident Vu\u010di\u0107 k\u00fcndigt Neuwahlen an"}]},{"@type":"WebSite","@id":"https:\/\/now-news.de\/de\/#website","url":"https:\/\/now-news.de\/de\/","name":"just-now.NEWS Deutschland","description":"Das Portal f\u00fcr unzensierte Nachrichten aus der Welt","publisher":{"@id":"https:\/\/now-news.de\/de\/#organization"},"potentialAction":[{"@type":"SearchAction","target":{"@type":"EntryPoint","urlTemplate":"https:\/\/now-news.de\/de\/?s={search_term_string}"},"query-input":"required name=search_term_string"}],"inLanguage":"de"},{"@type":"Organization","@id":"https:\/\/now-news.de\/de\/#organization","name":"Just Now News","url":"https:\/\/now-news.de\/de\/","logo":{"@type":"ImageObject","inLanguage":"de","@id":"https:\/\/now-news.de\/de\/#\/schema\/logo\/image\/","url":"http:\/\/just-now.news\/de\/wp-content\/uploads\/sites\/3\/2022\/04\/logo500x500.jpg","contentUrl":"http:\/\/just-now.news\/de\/wp-content\/uploads\/sites\/3\/2022\/04\/logo500x500.jpg","width":500,"height":500,"caption":"Just Now News"},"image":{"@id":"https:\/\/now-news.de\/de\/#\/schema\/logo\/image\/"},"sameAs":["https:\/\/www.facebook.com\/wirmachenauf","https:\/\/x.com\/WirMachenAuf_de"]},{"@type":"Person","@id":"https:\/\/now-news.de\/de\/#\/schema\/person\/fb534a4e865501d8b3285208df34a9b5","name":"rtnews","image":{"@type":"ImageObject","inLanguage":"de","@id":"https:\/\/now-news.de\/de\/#\/schema\/person\/image\/","url":"https:\/\/secure.gravatar.com\/avatar\/82aafea7d8127119dd649515f56e2117?s=96&d=mm&r=g","contentUrl":"https:\/\/secure.gravatar.com\/avatar\/82aafea7d8127119dd649515f56e2117?s=96&d=mm&r=g","caption":"rtnews"},"url":"https:\/\/now-news.de\/de\/author\/rnews\/"}]}},"_links":{"self":[{"href":"https:\/\/now-news.de\/de\/wp-json\/wp\/v2\/posts\/48003"}],"collection":[{"href":"https:\/\/now-news.de\/de\/wp-json\/wp\/v2\/posts"}],"about":[{"href":"https:\/\/now-news.de\/de\/wp-json\/wp\/v2\/types\/post"}],"author":[{"embeddable":true,"href":"https:\/\/now-news.de\/de\/wp-json\/wp\/v2\/users\/3"}],"replies":[{"embeddable":true,"href":"https:\/\/now-news.de\/de\/wp-json\/wp\/v2\/comments?post=48003"}],"version-history":[{"count":0,"href":"https:\/\/now-news.de\/de\/wp-json\/wp\/v2\/posts\/48003\/revisions"}],"wp:featuredmedia":[{"embeddable":true,"href":"https:\/\/now-news.de\/de\/wp-json\/wp\/v2\/media\/48004"}],"wp:attachment":[{"href":"https:\/\/now-news.de\/de\/wp-json\/wp\/v2\/media?parent=48003"}],"wp:term":[{"taxonomy":"category","embeddable":true,"href":"https:\/\/now-news.de\/de\/wp-json\/wp\/v2\/categories?post=48003"},{"taxonomy":"post_tag","embeddable":true,"href":"https:\/\/now-news.de\/de\/wp-json\/wp\/v2\/tags?post=48003"}],"curies":[{"name":"wp","href":"https:\/\/api.w.org\/{rel}","templated":true}]}}