{"id":47915,"date":"2023-10-12T11:43:55","date_gmt":"2023-10-12T09:43:55","guid":{"rendered":"https:\/\/just-now.news\/de\/deutschland\/machtverschiebung-in-nahost-bin-salman-telefoniert-erstmals-mit-iranischem-praesidenten\/"},"modified":"2023-10-12T11:43:55","modified_gmt":"2023-10-12T09:43:55","slug":"machtverschiebung-in-nahost-bin-salman-telefoniert-erstmals-mit-iranischem-praesidenten","status":"publish","type":"post","link":"https:\/\/now-news.de\/de\/deutschland\/machtverschiebung-in-nahost-bin-salman-telefoniert-erstmals-mit-iranischem-praesidenten\/","title":{"rendered":"Machtverschiebung in Nahost: Bin Salman telefoniert erstmals mit iranischem Pr\u00e4sidenten"},"content":{"rendered":"<p><img decoding=\"async\" src=\"http:\/\/just-now.news\/de\/wp-content\/uploads\/sites\/3\/2023\/10\/6527ac9db480cc7ddf7cd652.jpg\" \/><\/p>\n<div class=\"Text-root Text-type_1 \">\n                Der Kronprinz Mohamed bin Salman und Irans Pr\u00e4sident Ebrahim Raisi haben \u00fcber den Krieg zwischen der Hamas und Israel gesprochen. Teheran zielt darauf ab, den m\u00f6glichen saudisch-israelischen Deal zur Normalisierung der Beziehungen zum Scheitern zu bringen.\n            <\/div>\n<p><\/p>\n<div class=\"Text-root Text-type_5 ArticleView-text ViewText-root \">\n<p>Der saudische Kronprinz Mohamed bin Salman und Irans Pr\u00e4sident Ebrahim Raisi haben erstmals \u00fcber den Krieg zwischen der Hamas und Israel gesprochen.\u00a0Bin Salman erhielt einen Anruf von Raisi, in dem die beiden Staatschefs &#8220;die aktuelle milit\u00e4rische Situation im Gazastreifen und seiner Umgebung&#8221; besprachen, berichtete die amtliche saudi-arabische Presseagentur\u00a0<em>SPA<\/em>.<\/p>\n<p>Iran und Saudi-Arabien h\u00e4tten erkl\u00e4rt, dass die &#8220;Verbrechen des israelischen Regimes&#8221; und das gr\u00fcne Licht der Vereinigten Staaten f\u00fcr die &#8220;Gr\u00e4ueltaten zu einer zerst\u00f6rerischen Unsicherheit f\u00fcr das Besatzungsregime und seine Unterst\u00fctzer&#8221; f\u00fchren w\u00fcrden, so hie\u00df in der iranischen\u00a0<em>Press TV<\/em>.<\/p>\n<p>Den Angaben zufolge teilte Kronprinz Raisi mit, dass Riad &#8220;mit allen internationalen und regionalen Parteien kommuniziert, um die Eskalation zu stoppen&#8221;. Er betonte zudem &#8220;die\u00a0feste Haltung des K\u00f6nigreichs bei der Unterst\u00fctzung der pal\u00e4stinensischen Sache&#8221;, berichtete\u00a0<em>SPA<\/em>\u00a0weiter. Laut <em>Press TV\u00a0<\/em>sprachen Raisi und bin Salman \u00fcber die Notwendigkeit, &#8220;die Kriegsverbrechen gegen Pal\u00e4stina zu stoppen&#8221;.<\/p>\n<p>Viele Beobachter glauben, dass Iran bei dem j\u00fcngsten Gaza-Krieg die F\u00e4den zieht. Denn die Hamas startete die Milit\u00e4roperation gegen Israel ausgerechnet zu einem Zeitpunkt, an dem Israel und Saudi-Arabien an einer Normalisierung der Beziehungen arbeiteten. Teheran zielt darauf ab, den m\u00f6glichen saudisch-israelischen Deal zur Normalisierung der Beziehungen zum Scheitern zu bringen.\u00a0Mittlerweile sind die Verhandlungen zwischen Israel und Saudi-Arabien nach der j\u00fcngsten Eskalationsrunde in weite Ferne ger\u00fcckt, und Teheran ist es insofern gelungen, Bidens Plan f\u00fcr den neuen Nahen Osten zu konterkarieren.<\/p>\n<p><strong>Mehr zum Thema<\/strong> &#8211; <a rel=\"nofollow noopener\" target=\"_blank\" href=\"https:\/\/freeassange.rtde.life\/der-nahe-osten\/183323-im-windschatten-wertewestens-israel-ruestet\/\">Im Windschatten des Wertewestens: R\u00fcstet sich Israel f\u00fcr einen Vernichtungskrieg im Gaza-Streifen?<\/a><\/p>\n<\/p>\n<\/div>\n<p><br \/>\n<br \/><a href=\"https:\/\/de.rt.com\/der-nahe-osten\/183456-machtverschiebung-in-nahost-bin-salman\/\">Source link <\/a><\/p>\n","protected":false},"excerpt":{"rendered":"<p>Der Kronprinz Mohamed bin Salman und Irans Pr\u00e4sident Ebrahim Raisi haben \u00fcber den Krieg zwischen der Hamas und Israel gesprochen. Teheran zielt darauf ab, den m\u00f6glichen saudisch-israelischen Deal zur Normalisierung der Beziehungen zum Scheitern zu bringen. Der saudische Kronprinz Mohamed bin Salman und Irans Pr\u00e4sident Ebrahim Raisi haben erstmals \u00fcber den Krieg zwischen der Hamas [&hellip;]<\/p>\n","protected":false},"author":3,"featured_media":47916,"comment_status":"open","ping_status":"open","sticky":false,"template":"","format":"standard","meta":{"_yoast_indexnow_last_ping":["1697104533"],"wp_automatic_camp":["217"],"e4800b4143bde2eff75a0f7d42568201":["Machtverschiebung in Nahost: Bin Salman telefoniert erstmals mit iranischem Pr\u00e4sidenten"],"original_link":["https:\/\/de.rt.com\/der-nahe-osten\/183456-machtverschiebung-in-nahost-bin-salman\/"],"_thumbnail_id":["47916"],"jnews_social_counter_last_update":["1777257957"],"_wptgpro_p2tg_sent2tg":["a:1:{i:23737;s:19:\"2023-10-12 11:56:43\";}"]},"categories":[19,23],"tags":[13698,7182,22006,19999,419,20000,8462,13699,18119],"yoast_head":"<!-- This site is optimized with the Yoast SEO Premium plugin v22.7 (Yoast SEO v22.7) - https:\/\/yoast.com\/wordpress\/plugins\/seo\/ -->\n<title>Machtverschiebung in Nahost: Bin Salman telefoniert erstmals mit iranischem Pr\u00e4sidenten - just-now.NEWS Deutschland<\/title>\n<meta name=\"robots\" content=\"index, follow, max-snippet:-1, max-image-preview:large, max-video-preview:-1\" \/>\n<link rel=\"canonical\" href=\"https:\/\/now-news.de\/de\/deutschland\/machtverschiebung-in-nahost-bin-salman-telefoniert-erstmals-mit-iranischem-praesidenten\/\" \/>\n<meta property=\"og:locale\" content=\"de_DE\" \/>\n<meta property=\"og:type\" content=\"article\" \/>\n<meta property=\"og:title\" content=\"Machtverschiebung in Nahost: Bin Salman telefoniert erstmals mit iranischem Pr\u00e4sidenten\" \/>\n<meta property=\"og:description\" content=\"Der Kronprinz Mohamed bin Salman und Irans Pr\u00e4sident Ebrahim Raisi haben \u00fcber den Krieg zwischen der Hamas und Israel gesprochen. Teheran zielt darauf ab, den m\u00f6glichen saudisch-israelischen Deal zur Normalisierung der Beziehungen zum Scheitern zu bringen. Der saudische Kronprinz Mohamed bin Salman und Irans Pr\u00e4sident Ebrahim Raisi haben erstmals \u00fcber den Krieg zwischen der Hamas [&hellip;]\" \/>\n<meta property=\"og:url\" content=\"https:\/\/now-news.de\/de\/deutschland\/machtverschiebung-in-nahost-bin-salman-telefoniert-erstmals-mit-iranischem-praesidenten\/\" \/>\n<meta property=\"og:site_name\" content=\"just-now.NEWS Deutschland\" \/>\n<meta property=\"article:publisher\" content=\"https:\/\/www.facebook.com\/wirmachenauf\" \/>\n<meta property=\"article:published_time\" content=\"2023-10-12T09:43:55+00:00\" \/>\n<meta property=\"og:image\" content=\"https:\/\/now-news.de\/de\/wp-content\/uploads\/sites\/3\/2023\/10\/Machtverschiebung-in-Nahost-Bin-Salman-telefoniert-erstmals-mit-iranischem-Praesidenten.jpg\" \/>\n\t<meta property=\"og:image:width\" content=\"460\" \/>\n\t<meta property=\"og:image:height\" content=\"259\" \/>\n\t<meta property=\"og:image:type\" content=\"image\/jpeg\" \/>\n<meta name=\"author\" content=\"rtnews\" \/>\n<meta name=\"twitter:card\" content=\"summary_large_image\" \/>\n<meta name=\"twitter:creator\" content=\"@WirMachenAuf_de\" \/>\n<meta name=\"twitter:site\" content=\"@WirMachenAuf_de\" \/>\n<meta name=\"twitter:label1\" content=\"Verfasst von\" \/>\n\t<meta name=\"twitter:data1\" content=\"rtnews\" \/>\n\t<meta name=\"twitter:label2\" content=\"Gesch\u00e4tzte Lesezeit\" \/>\n\t<meta name=\"twitter:data2\" content=\"2\u00a0Minuten\" \/>\n<script type=\"application\/ld+json\" class=\"yoast-schema-graph\">{\"@context\":\"https:\/\/schema.org\",\"@graph\":[{\"@type\":\"Article\",\"@id\":\"https:\/\/now-news.de\/de\/deutschland\/machtverschiebung-in-nahost-bin-salman-telefoniert-erstmals-mit-iranischem-praesidenten\/#article\",\"isPartOf\":{\"@id\":\"https:\/\/now-news.de\/de\/deutschland\/machtverschiebung-in-nahost-bin-salman-telefoniert-erstmals-mit-iranischem-praesidenten\/\"},\"author\":{\"name\":\"rtnews\",\"@id\":\"https:\/\/now-news.de\/de\/#\/schema\/person\/fb534a4e865501d8b3285208df34a9b5\"},\"headline\":\"Machtverschiebung in Nahost: Bin Salman telefoniert erstmals mit iranischem Pr\u00e4sidenten\",\"datePublished\":\"2023-10-12T09:43:55+00:00\",\"dateModified\":\"2023-10-12T09:43:55+00:00\",\"mainEntityOfPage\":{\"@id\":\"https:\/\/now-news.de\/de\/deutschland\/machtverschiebung-in-nahost-bin-salman-telefoniert-erstmals-mit-iranischem-praesidenten\/\"},\"wordCount\":320,\"commentCount\":1,\"publisher\":{\"@id\":\"https:\/\/now-news.de\/de\/#organization\"},\"image\":{\"@id\":\"https:\/\/now-news.de\/de\/deutschland\/machtverschiebung-in-nahost-bin-salman-telefoniert-erstmals-mit-iranischem-praesidenten\/#primaryimage\"},\"thumbnailUrl\":\"https:\/\/now-news.de\/de\/wp-content\/uploads\/sites\/3\/2023\/10\/Machtverschiebung-in-Nahost-Bin-Salman-telefoniert-erstmals-mit-iranischem-Praesidenten.jpg\",\"keywords\":[\"Bin\",\"Erstmals\",\"iranischem\",\"Machtverschiebung\",\"mit\",\"Nahost\",\"Pr\u00e4sidenten\",\"Salman\",\"telefoniert\"],\"articleSection\":[\"Deutschland\",\"Russland\"],\"inLanguage\":\"de\",\"potentialAction\":[{\"@type\":\"CommentAction\",\"name\":\"Comment\",\"target\":[\"https:\/\/now-news.de\/de\/deutschland\/machtverschiebung-in-nahost-bin-salman-telefoniert-erstmals-mit-iranischem-praesidenten\/#respond\"]}]},{\"@type\":\"WebPage\",\"@id\":\"https:\/\/now-news.de\/de\/deutschland\/machtverschiebung-in-nahost-bin-salman-telefoniert-erstmals-mit-iranischem-praesidenten\/\",\"url\":\"https:\/\/now-news.de\/de\/deutschland\/machtverschiebung-in-nahost-bin-salman-telefoniert-erstmals-mit-iranischem-praesidenten\/\",\"name\":\"Machtverschiebung in Nahost: Bin Salman telefoniert erstmals mit iranischem Pr\u00e4sidenten - just-now.NEWS Deutschland\",\"isPartOf\":{\"@id\":\"https:\/\/now-news.de\/de\/#website\"},\"primaryImageOfPage\":{\"@id\":\"https:\/\/now-news.de\/de\/deutschland\/machtverschiebung-in-nahost-bin-salman-telefoniert-erstmals-mit-iranischem-praesidenten\/#primaryimage\"},\"image\":{\"@id\":\"https:\/\/now-news.de\/de\/deutschland\/machtverschiebung-in-nahost-bin-salman-telefoniert-erstmals-mit-iranischem-praesidenten\/#primaryimage\"},\"thumbnailUrl\":\"https:\/\/now-news.de\/de\/wp-content\/uploads\/sites\/3\/2023\/10\/Machtverschiebung-in-Nahost-Bin-Salman-telefoniert-erstmals-mit-iranischem-Praesidenten.jpg\",\"datePublished\":\"2023-10-12T09:43:55+00:00\",\"dateModified\":\"2023-10-12T09:43:55+00:00\",\"breadcrumb\":{\"@id\":\"https:\/\/now-news.de\/de\/deutschland\/machtverschiebung-in-nahost-bin-salman-telefoniert-erstmals-mit-iranischem-praesidenten\/#breadcrumb\"},\"inLanguage\":\"de\",\"potentialAction\":[{\"@type\":\"ReadAction\",\"target\":[\"https:\/\/now-news.de\/de\/deutschland\/machtverschiebung-in-nahost-bin-salman-telefoniert-erstmals-mit-iranischem-praesidenten\/\"]}]},{\"@type\":\"ImageObject\",\"inLanguage\":\"de\",\"@id\":\"https:\/\/now-news.de\/de\/deutschland\/machtverschiebung-in-nahost-bin-salman-telefoniert-erstmals-mit-iranischem-praesidenten\/#primaryimage\",\"url\":\"https:\/\/now-news.de\/de\/wp-content\/uploads\/sites\/3\/2023\/10\/Machtverschiebung-in-Nahost-Bin-Salman-telefoniert-erstmals-mit-iranischem-Praesidenten.jpg\",\"contentUrl\":\"https:\/\/now-news.de\/de\/wp-content\/uploads\/sites\/3\/2023\/10\/Machtverschiebung-in-Nahost-Bin-Salman-telefoniert-erstmals-mit-iranischem-Praesidenten.jpg\",\"width\":460,\"height\":259,\"caption\":\"Machtverschiebung in Nahost: Bin Salman telefoniert erstmals mit iranischem Pr\u00e4sidenten\"},{\"@type\":\"BreadcrumbList\",\"@id\":\"https:\/\/now-news.de\/de\/deutschland\/machtverschiebung-in-nahost-bin-salman-telefoniert-erstmals-mit-iranischem-praesidenten\/#breadcrumb\",\"itemListElement\":[{\"@type\":\"ListItem\",\"position\":1,\"name\":\"Home\",\"item\":\"https:\/\/now-news.de\/de\/\"},{\"@type\":\"ListItem\",\"position\":2,\"name\":\"Machtverschiebung in Nahost: Bin Salman telefoniert erstmals mit iranischem Pr\u00e4sidenten\"}]},{\"@type\":\"WebSite\",\"@id\":\"https:\/\/now-news.de\/de\/#website\",\"url\":\"https:\/\/now-news.de\/de\/\",\"name\":\"just-now.NEWS Deutschland\",\"description\":\"Das Portal f\u00fcr unzensierte Nachrichten aus der Welt\",\"publisher\":{\"@id\":\"https:\/\/now-news.de\/de\/#organization\"},\"potentialAction\":[{\"@type\":\"SearchAction\",\"target\":{\"@type\":\"EntryPoint\",\"urlTemplate\":\"https:\/\/now-news.de\/de\/?s={search_term_string}\"},\"query-input\":\"required name=search_term_string\"}],\"inLanguage\":\"de\"},{\"@type\":\"Organization\",\"@id\":\"https:\/\/now-news.de\/de\/#organization\",\"name\":\"Just Now News\",\"url\":\"https:\/\/now-news.de\/de\/\",\"logo\":{\"@type\":\"ImageObject\",\"inLanguage\":\"de\",\"@id\":\"https:\/\/now-news.de\/de\/#\/schema\/logo\/image\/\",\"url\":\"http:\/\/just-now.news\/de\/wp-content\/uploads\/sites\/3\/2022\/04\/logo500x500.jpg\",\"contentUrl\":\"http:\/\/just-now.news\/de\/wp-content\/uploads\/sites\/3\/2022\/04\/logo500x500.jpg\",\"width\":500,\"height\":500,\"caption\":\"Just Now News\"},\"image\":{\"@id\":\"https:\/\/now-news.de\/de\/#\/schema\/logo\/image\/\"},\"sameAs\":[\"https:\/\/www.facebook.com\/wirmachenauf\",\"https:\/\/x.com\/WirMachenAuf_de\"]},{\"@type\":\"Person\",\"@id\":\"https:\/\/now-news.de\/de\/#\/schema\/person\/fb534a4e865501d8b3285208df34a9b5\",\"name\":\"rtnews\",\"image\":{\"@type\":\"ImageObject\",\"inLanguage\":\"de\",\"@id\":\"https:\/\/now-news.de\/de\/#\/schema\/person\/image\/\",\"url\":\"https:\/\/secure.gravatar.com\/avatar\/82aafea7d8127119dd649515f56e2117?s=96&d=mm&r=g\",\"contentUrl\":\"https:\/\/secure.gravatar.com\/avatar\/82aafea7d8127119dd649515f56e2117?s=96&d=mm&r=g\",\"caption\":\"rtnews\"},\"url\":\"https:\/\/now-news.de\/de\/author\/rnews\/\"}]}<\/script>\n<!-- \/ Yoast SEO Premium plugin. -->","yoast_head_json":{"title":"Machtverschiebung in Nahost: Bin Salman telefoniert erstmals mit iranischem Pr\u00e4sidenten - just-now.NEWS Deutschland","robots":{"index":"index","follow":"follow","max-snippet":"max-snippet:-1","max-image-preview":"max-image-preview:large","max-video-preview":"max-video-preview:-1"},"canonical":"https:\/\/now-news.de\/de\/deutschland\/machtverschiebung-in-nahost-bin-salman-telefoniert-erstmals-mit-iranischem-praesidenten\/","og_locale":"de_DE","og_type":"article","og_title":"Machtverschiebung in Nahost: Bin Salman telefoniert erstmals mit iranischem Pr\u00e4sidenten","og_description":"Der Kronprinz Mohamed bin Salman und Irans Pr\u00e4sident Ebrahim Raisi haben \u00fcber den Krieg zwischen der Hamas und Israel gesprochen. Teheran zielt darauf ab, den m\u00f6glichen saudisch-israelischen Deal zur Normalisierung der Beziehungen zum Scheitern zu bringen. Der saudische Kronprinz Mohamed bin Salman und Irans Pr\u00e4sident Ebrahim Raisi haben erstmals \u00fcber den Krieg zwischen der Hamas [&hellip;]","og_url":"https:\/\/now-news.de\/de\/deutschland\/machtverschiebung-in-nahost-bin-salman-telefoniert-erstmals-mit-iranischem-praesidenten\/","og_site_name":"just-now.NEWS Deutschland","article_publisher":"https:\/\/www.facebook.com\/wirmachenauf","article_published_time":"2023-10-12T09:43:55+00:00","og_image":[{"width":460,"height":259,"url":"https:\/\/now-news.de\/de\/wp-content\/uploads\/sites\/3\/2023\/10\/Machtverschiebung-in-Nahost-Bin-Salman-telefoniert-erstmals-mit-iranischem-Praesidenten.jpg","type":"image\/jpeg"}],"author":"rtnews","twitter_card":"summary_large_image","twitter_creator":"@WirMachenAuf_de","twitter_site":"@WirMachenAuf_de","twitter_misc":{"Verfasst von":"rtnews","Gesch\u00e4tzte Lesezeit":"2\u00a0Minuten"},"schema":{"@context":"https:\/\/schema.org","@graph":[{"@type":"Article","@id":"https:\/\/now-news.de\/de\/deutschland\/machtverschiebung-in-nahost-bin-salman-telefoniert-erstmals-mit-iranischem-praesidenten\/#article","isPartOf":{"@id":"https:\/\/now-news.de\/de\/deutschland\/machtverschiebung-in-nahost-bin-salman-telefoniert-erstmals-mit-iranischem-praesidenten\/"},"author":{"name":"rtnews","@id":"https:\/\/now-news.de\/de\/#\/schema\/person\/fb534a4e865501d8b3285208df34a9b5"},"headline":"Machtverschiebung in Nahost: Bin Salman telefoniert erstmals mit iranischem Pr\u00e4sidenten","datePublished":"2023-10-12T09:43:55+00:00","dateModified":"2023-10-12T09:43:55+00:00","mainEntityOfPage":{"@id":"https:\/\/now-news.de\/de\/deutschland\/machtverschiebung-in-nahost-bin-salman-telefoniert-erstmals-mit-iranischem-praesidenten\/"},"wordCount":320,"commentCount":1,"publisher":{"@id":"https:\/\/now-news.de\/de\/#organization"},"image":{"@id":"https:\/\/now-news.de\/de\/deutschland\/machtverschiebung-in-nahost-bin-salman-telefoniert-erstmals-mit-iranischem-praesidenten\/#primaryimage"},"thumbnailUrl":"https:\/\/now-news.de\/de\/wp-content\/uploads\/sites\/3\/2023\/10\/Machtverschiebung-in-Nahost-Bin-Salman-telefoniert-erstmals-mit-iranischem-Praesidenten.jpg","keywords":["Bin","Erstmals","iranischem","Machtverschiebung","mit","Nahost","Pr\u00e4sidenten","Salman","telefoniert"],"articleSection":["Deutschland","Russland"],"inLanguage":"de","potentialAction":[{"@type":"CommentAction","name":"Comment","target":["https:\/\/now-news.de\/de\/deutschland\/machtverschiebung-in-nahost-bin-salman-telefoniert-erstmals-mit-iranischem-praesidenten\/#respond"]}]},{"@type":"WebPage","@id":"https:\/\/now-news.de\/de\/deutschland\/machtverschiebung-in-nahost-bin-salman-telefoniert-erstmals-mit-iranischem-praesidenten\/","url":"https:\/\/now-news.de\/de\/deutschland\/machtverschiebung-in-nahost-bin-salman-telefoniert-erstmals-mit-iranischem-praesidenten\/","name":"Machtverschiebung in Nahost: Bin Salman telefoniert erstmals mit iranischem Pr\u00e4sidenten - just-now.NEWS Deutschland","isPartOf":{"@id":"https:\/\/now-news.de\/de\/#website"},"primaryImageOfPage":{"@id":"https:\/\/now-news.de\/de\/deutschland\/machtverschiebung-in-nahost-bin-salman-telefoniert-erstmals-mit-iranischem-praesidenten\/#primaryimage"},"image":{"@id":"https:\/\/now-news.de\/de\/deutschland\/machtverschiebung-in-nahost-bin-salman-telefoniert-erstmals-mit-iranischem-praesidenten\/#primaryimage"},"thumbnailUrl":"https:\/\/now-news.de\/de\/wp-content\/uploads\/sites\/3\/2023\/10\/Machtverschiebung-in-Nahost-Bin-Salman-telefoniert-erstmals-mit-iranischem-Praesidenten.jpg","datePublished":"2023-10-12T09:43:55+00:00","dateModified":"2023-10-12T09:43:55+00:00","breadcrumb":{"@id":"https:\/\/now-news.de\/de\/deutschland\/machtverschiebung-in-nahost-bin-salman-telefoniert-erstmals-mit-iranischem-praesidenten\/#breadcrumb"},"inLanguage":"de","potentialAction":[{"@type":"ReadAction","target":["https:\/\/now-news.de\/de\/deutschland\/machtverschiebung-in-nahost-bin-salman-telefoniert-erstmals-mit-iranischem-praesidenten\/"]}]},{"@type":"ImageObject","inLanguage":"de","@id":"https:\/\/now-news.de\/de\/deutschland\/machtverschiebung-in-nahost-bin-salman-telefoniert-erstmals-mit-iranischem-praesidenten\/#primaryimage","url":"https:\/\/now-news.de\/de\/wp-content\/uploads\/sites\/3\/2023\/10\/Machtverschiebung-in-Nahost-Bin-Salman-telefoniert-erstmals-mit-iranischem-Praesidenten.jpg","contentUrl":"https:\/\/now-news.de\/de\/wp-content\/uploads\/sites\/3\/2023\/10\/Machtverschiebung-in-Nahost-Bin-Salman-telefoniert-erstmals-mit-iranischem-Praesidenten.jpg","width":460,"height":259,"caption":"Machtverschiebung in Nahost: Bin Salman telefoniert erstmals mit iranischem Pr\u00e4sidenten"},{"@type":"BreadcrumbList","@id":"https:\/\/now-news.de\/de\/deutschland\/machtverschiebung-in-nahost-bin-salman-telefoniert-erstmals-mit-iranischem-praesidenten\/#breadcrumb","itemListElement":[{"@type":"ListItem","position":1,"name":"Home","item":"https:\/\/now-news.de\/de\/"},{"@type":"ListItem","position":2,"name":"Machtverschiebung in Nahost: Bin Salman telefoniert erstmals mit iranischem Pr\u00e4sidenten"}]},{"@type":"WebSite","@id":"https:\/\/now-news.de\/de\/#website","url":"https:\/\/now-news.de\/de\/","name":"just-now.NEWS Deutschland","description":"Das Portal f\u00fcr unzensierte Nachrichten aus der Welt","publisher":{"@id":"https:\/\/now-news.de\/de\/#organization"},"potentialAction":[{"@type":"SearchAction","target":{"@type":"EntryPoint","urlTemplate":"https:\/\/now-news.de\/de\/?s={search_term_string}"},"query-input":"required name=search_term_string"}],"inLanguage":"de"},{"@type":"Organization","@id":"https:\/\/now-news.de\/de\/#organization","name":"Just Now News","url":"https:\/\/now-news.de\/de\/","logo":{"@type":"ImageObject","inLanguage":"de","@id":"https:\/\/now-news.de\/de\/#\/schema\/logo\/image\/","url":"http:\/\/just-now.news\/de\/wp-content\/uploads\/sites\/3\/2022\/04\/logo500x500.jpg","contentUrl":"http:\/\/just-now.news\/de\/wp-content\/uploads\/sites\/3\/2022\/04\/logo500x500.jpg","width":500,"height":500,"caption":"Just Now News"},"image":{"@id":"https:\/\/now-news.de\/de\/#\/schema\/logo\/image\/"},"sameAs":["https:\/\/www.facebook.com\/wirmachenauf","https:\/\/x.com\/WirMachenAuf_de"]},{"@type":"Person","@id":"https:\/\/now-news.de\/de\/#\/schema\/person\/fb534a4e865501d8b3285208df34a9b5","name":"rtnews","image":{"@type":"ImageObject","inLanguage":"de","@id":"https:\/\/now-news.de\/de\/#\/schema\/person\/image\/","url":"https:\/\/secure.gravatar.com\/avatar\/82aafea7d8127119dd649515f56e2117?s=96&d=mm&r=g","contentUrl":"https:\/\/secure.gravatar.com\/avatar\/82aafea7d8127119dd649515f56e2117?s=96&d=mm&r=g","caption":"rtnews"},"url":"https:\/\/now-news.de\/de\/author\/rnews\/"}]}},"_links":{"self":[{"href":"https:\/\/now-news.de\/de\/wp-json\/wp\/v2\/posts\/47915"}],"collection":[{"href":"https:\/\/now-news.de\/de\/wp-json\/wp\/v2\/posts"}],"about":[{"href":"https:\/\/now-news.de\/de\/wp-json\/wp\/v2\/types\/post"}],"author":[{"embeddable":true,"href":"https:\/\/now-news.de\/de\/wp-json\/wp\/v2\/users\/3"}],"replies":[{"embeddable":true,"href":"https:\/\/now-news.de\/de\/wp-json\/wp\/v2\/comments?post=47915"}],"version-history":[{"count":0,"href":"https:\/\/now-news.de\/de\/wp-json\/wp\/v2\/posts\/47915\/revisions"}],"wp:featuredmedia":[{"embeddable":true,"href":"https:\/\/now-news.de\/de\/wp-json\/wp\/v2\/media\/47916"}],"wp:attachment":[{"href":"https:\/\/now-news.de\/de\/wp-json\/wp\/v2\/media?parent=47915"}],"wp:term":[{"taxonomy":"category","embeddable":true,"href":"https:\/\/now-news.de\/de\/wp-json\/wp\/v2\/categories?post=47915"},{"taxonomy":"post_tag","embeddable":true,"href":"https:\/\/now-news.de\/de\/wp-json\/wp\/v2\/tags?post=47915"}],"curies":[{"name":"wp","href":"https:\/\/api.w.org\/{rel}","templated":true}]}}