{"id":47861,"date":"2023-10-11T13:21:10","date_gmt":"2023-10-11T11:21:10","guid":{"rendered":"https:\/\/just-now.news\/de\/deutschland\/duma-vorsitzender-droht-auswanderern-mit-magadan-gouverneur-uebt-kritik\/"},"modified":"2023-10-11T13:21:10","modified_gmt":"2023-10-11T11:21:10","slug":"duma-vorsitzender-droht-auswanderern-mit-magadan-gouverneur-uebt-kritik","status":"publish","type":"post","link":"https:\/\/now-news.de\/de\/deutschland\/duma-vorsitzender-droht-auswanderern-mit-magadan-gouverneur-uebt-kritik\/","title":{"rendered":"Duma-Vorsitzender droht Auswanderern mit &quot;Magadan&quot;  \u2013 Gouverneur \u00fcbt Kritik"},"content":{"rendered":"<p><img decoding=\"async\" src=\"http:\/\/just-now.news\/de\/wp-content\/uploads\/sites\/3\/2023\/10\/6526754748fbef2354549110.jpg\" \/><\/p>\n<div class=\"Text-root Text-type_1 \">\n                Im Ausland befindlichen Russen, die Kiew den Sieg w\u00fcnschen, droht der Duma-Vorsitzende mit Magadan \u2013 und deutet damit die traurige Vergangenheit der Stadt an. Der Gouverneur der abgelegenen Region fordert hingegen, dass es an der Zeit sei, alte Klischees loszuwerden.\n            <\/div>\n<p><\/p>\n<div class=\"Text-root Text-type_5 ArticleView-text ViewText-root \">\n<p>F\u00fcr russische B\u00fcrger, die das Land verlassen haben,\u00a0den Krieg\u00a0kritisieren und der Ukraine den Sieg w\u00fcnschen, sei es besser, im Ausland zu bleiben, sagte\u00a0Wjatscheslaw Wolodin, der Sprecher der Staatsduma, am Dienstag. Er warnte, dass diese Mitb\u00fcrger im Falle einer R\u00fcckkehr strafrechtlich verfolgt w\u00fcrden.<\/p>\n<blockquote>\n<p><em>&#8220;Jener, der das Land verlassen und abscheuliche Taten begangen hat, indem er sich \u00fcber die auf Russland abgefeuerten Sch\u00fcsse freute, muss erkennen, dass er hier nicht nur nicht willkommen ist, sondern dass Magadan f\u00fcr ihn garantiert ist, wenn er zur\u00fcckkehrt.&#8221;<\/em><\/p>\n<\/blockquote>\n<p>Die Stadt Magadan und die dazugeh\u00f6rende Region Kolyma sind ein Symbol f\u00fcr Zwangslager und Massenrepressionen in der Sowjetunion.\u00a0Die Kolyma-Lager z\u00e4hlten\u00a0zu den brutalsten im gesamten Gulag-System.\u00a0<\/p>\n<p>Wolodin kritisierte zudem seine Mitb\u00fcrger, die &#8220;von Staat zu Staat wandern&#8221; und erst dann zur\u00fcckkehrten, wenn ein Aufenthalt im Ausland nicht mehr m\u00f6glich sei. Der Duma-Vorsitzende r\u00e4umte ein, dass es unter seinen Kollegen viele Menschen gebe, die sich Sorgen um die Ausgewanderten machten. Er forderte die Abgeordneten auf, nicht mit ihnen zu sympathisieren. &#8220;Wie Sie sehen, f\u00e4llt das Atmen ohne sie leichter&#8221;, so Wolodin.<\/p>\n<p>Der Gouverneur des Gebiets\u00a0Magadan erwiderte am Mittwoch, dass sich seine Region dynamisch entwickle und nicht mehr das stereotypische Bild aus der Vergangenheit pflege. Die Stadt sei nicht mehr ein Ort des Exils, so Sergei Nossow. &#8220;Das sind Stereotypen oder Klischees, alte Klischees, von denen es h\u00f6chste Zeit ist, sie loszuwerden, insbesondere die Klischees \u00fcber die Umsiedler der Vergangenheit. Leider gibt es sie. Aber wir m\u00fcssen sie loswerden. Jeder muss sie loswerden, nicht nur wir&#8221;, betonte er. In Kolyma lebten und arbeiteten &#8220;wunderbare Menschen, wahre Patrioten ihres Landes&#8221;. Die Region brauche gebildete und professionelle Leute, so der Politiker.<\/p>\n<p>Kremlsprecher Dmitri Peskow sagte, dass Ausgewanderte, die eine klare antirussische Position einnehmen, keine gemeinsame Zukunft mit Russland h\u00e4tten. Die \u00fcberw\u00e4ltigende Mehrheit k\u00f6nne jedoch frei entscheiden, wo sie leben will. Am Tag zuvor erkl\u00e4rte er, dass jene, die wegen des Krieges und der Mobilmachung das Land verlassen h\u00e4tten, sicher zur\u00fcckkehren k\u00f6nnten. Er versicherte, dass das Heimatland f\u00fcr sie keine Gefahr darstelle. Zuvor\u00a0warnte Peskow vor der R\u00fcckkehr von &#8220;Landesfeinden&#8221;, ohne zu pr\u00e4zisieren, wen genau er damit meint.<\/p>\n<p>Nach Kriegsbeginn k\u00fcndigten die russischen Beh\u00f6rden wiederholt verschiedene Beschr\u00e4nkungen und Strafen f\u00fcr Auswanderer an. Bis jetzt wurden jedoch keine konkreten Ma\u00dfnahmen umgesetzt.<\/p>\n<p><strong>Mehr zum Thema<\/strong> &#8211; <a rel=\"nofollow noopener\" target=\"_blank\" href=\"https:\/\/freedert.online\/international\/178030-russischer-ex-minister-beantragt-asyl\/\">Russischer Ex-Minister beantragt Asyl in den USA und arbeitet dort als Fernfahrer<\/a><\/p>\n<\/p>\n<\/div>\n<p><br \/>\n<br \/><a href=\"https:\/\/de.rt.com\/russland\/183353-duma-sprecher-droht-auswanderern-mit\/\">Source link <\/a><\/p>\n","protected":false},"excerpt":{"rendered":"<p>Im Ausland befindlichen Russen, die Kiew den Sieg w\u00fcnschen, droht der Duma-Vorsitzende mit Magadan \u2013 und deutet damit die traurige Vergangenheit der Stadt an. Der Gouverneur der abgelegenen Region fordert hingegen, dass es an der Zeit sei, alte Klischees loszuwerden. F\u00fcr russische B\u00fcrger, die das Land verlassen haben,\u00a0den Krieg\u00a0kritisieren und der Ukraine den Sieg w\u00fcnschen, [&hellip;]<\/p>\n","protected":false},"author":3,"featured_media":47862,"comment_status":"open","ping_status":"open","sticky":false,"template":"","format":"standard","meta":{"_yoast_indexnow_last_ping":["1697023482"],"wp_automatic_camp":["217"],"1ad4e55fd7fce398b20686a8e60f3d51":["Duma-Vorsitzender droht Auswanderern mit &quot;Magadan&quot;  \u2013 Gouverneur \u00fcbt Kritik"],"original_link":["https:\/\/de.rt.com\/russland\/183353-duma-sprecher-droht-auswanderern-mit\/"],"_thumbnail_id":["47862"],"_wptgpro_p2tg_sent2tg":["a:1:{i:23737;s:19:\"2023-10-11 13:27:07\";}"],"jnews_social_counter_last_update":["1777337487"]},"categories":[19,23],"tags":[49711,44,10890,4345,935,419,49712,25668],"yoast_head":"<!-- This site is optimized with the Yoast SEO Premium plugin v22.7 (Yoast SEO v22.7) - https:\/\/yoast.com\/wordpress\/plugins\/seo\/ -->\n<title>Duma-Vorsitzender droht Auswanderern mit &quot;Magadan&quot; \u2013 Gouverneur \u00fcbt Kritik - just-now.NEWS Deutschland<\/title>\n<meta name=\"robots\" content=\"index, follow, max-snippet:-1, max-image-preview:large, max-video-preview:-1\" \/>\n<link rel=\"canonical\" href=\"https:\/\/now-news.de\/de\/deutschland\/duma-vorsitzender-droht-auswanderern-mit-magadan-gouverneur-uebt-kritik\/\" \/>\n<meta property=\"og:locale\" content=\"de_DE\" \/>\n<meta property=\"og:type\" content=\"article\" \/>\n<meta property=\"og:title\" content=\"Duma-Vorsitzender droht Auswanderern mit &quot;Magadan&quot; \u2013 Gouverneur \u00fcbt Kritik\" \/>\n<meta property=\"og:description\" content=\"Im Ausland befindlichen Russen, die Kiew den Sieg w\u00fcnschen, droht der Duma-Vorsitzende mit Magadan \u2013 und deutet damit die traurige Vergangenheit der Stadt an. Der Gouverneur der abgelegenen Region fordert hingegen, dass es an der Zeit sei, alte Klischees loszuwerden. F\u00fcr russische B\u00fcrger, die das Land verlassen haben,\u00a0den Krieg\u00a0kritisieren und der Ukraine den Sieg w\u00fcnschen, [&hellip;]\" \/>\n<meta property=\"og:url\" content=\"https:\/\/now-news.de\/de\/deutschland\/duma-vorsitzender-droht-auswanderern-mit-magadan-gouverneur-uebt-kritik\/\" \/>\n<meta property=\"og:site_name\" content=\"just-now.NEWS Deutschland\" \/>\n<meta property=\"article:publisher\" content=\"https:\/\/www.facebook.com\/wirmachenauf\" \/>\n<meta property=\"article:published_time\" content=\"2023-10-11T11:21:10+00:00\" \/>\n<meta property=\"og:image\" content=\"https:\/\/now-news.de\/de\/wp-content\/uploads\/sites\/3\/2023\/10\/Duma-Vorsitzender-droht-Auswanderern-mit-quotMagadanquot-\u2013-Gouverneur-uebt-Kritik.jpg\" \/>\n\t<meta property=\"og:image:width\" content=\"460\" \/>\n\t<meta property=\"og:image:height\" content=\"259\" \/>\n\t<meta property=\"og:image:type\" content=\"image\/jpeg\" \/>\n<meta name=\"author\" content=\"rtnews\" \/>\n<meta name=\"twitter:card\" content=\"summary_large_image\" \/>\n<meta name=\"twitter:creator\" content=\"@WirMachenAuf_de\" \/>\n<meta name=\"twitter:site\" content=\"@WirMachenAuf_de\" \/>\n<meta name=\"twitter:label1\" content=\"Verfasst von\" \/>\n\t<meta name=\"twitter:data1\" content=\"rtnews\" \/>\n\t<meta name=\"twitter:label2\" content=\"Gesch\u00e4tzte Lesezeit\" \/>\n\t<meta name=\"twitter:data2\" content=\"2\u00a0Minuten\" \/>\n<script type=\"application\/ld+json\" class=\"yoast-schema-graph\">{\"@context\":\"https:\/\/schema.org\",\"@graph\":[{\"@type\":\"Article\",\"@id\":\"https:\/\/now-news.de\/de\/deutschland\/duma-vorsitzender-droht-auswanderern-mit-magadan-gouverneur-uebt-kritik\/#article\",\"isPartOf\":{\"@id\":\"https:\/\/now-news.de\/de\/deutschland\/duma-vorsitzender-droht-auswanderern-mit-magadan-gouverneur-uebt-kritik\/\"},\"author\":{\"name\":\"rtnews\",\"@id\":\"https:\/\/now-news.de\/de\/#\/schema\/person\/fb534a4e865501d8b3285208df34a9b5\"},\"headline\":\"Duma-Vorsitzender droht Auswanderern mit &quot;Magadan&quot; \u2013 Gouverneur \u00fcbt Kritik\",\"datePublished\":\"2023-10-11T11:21:10+00:00\",\"dateModified\":\"2023-10-11T11:21:10+00:00\",\"mainEntityOfPage\":{\"@id\":\"https:\/\/now-news.de\/de\/deutschland\/duma-vorsitzender-droht-auswanderern-mit-magadan-gouverneur-uebt-kritik\/\"},\"wordCount\":475,\"commentCount\":0,\"publisher\":{\"@id\":\"https:\/\/now-news.de\/de\/#organization\"},\"image\":{\"@id\":\"https:\/\/now-news.de\/de\/deutschland\/duma-vorsitzender-droht-auswanderern-mit-magadan-gouverneur-uebt-kritik\/#primaryimage\"},\"thumbnailUrl\":\"https:\/\/now-news.de\/de\/wp-content\/uploads\/sites\/3\/2023\/10\/Duma-Vorsitzender-droht-Auswanderern-mit-quotMagadanquot-\u2013-Gouverneur-uebt-Kritik.jpg\",\"keywords\":[\"Auswanderern\",\"droht\",\"Dumavorsitzender\",\"Gouverneur\",\"Kritik\",\"mit\",\"quotMagadanquot\",\"\u00fcbt\"],\"articleSection\":[\"Deutschland\",\"Russland\"],\"inLanguage\":\"de\",\"potentialAction\":[{\"@type\":\"CommentAction\",\"name\":\"Comment\",\"target\":[\"https:\/\/now-news.de\/de\/deutschland\/duma-vorsitzender-droht-auswanderern-mit-magadan-gouverneur-uebt-kritik\/#respond\"]}]},{\"@type\":\"WebPage\",\"@id\":\"https:\/\/now-news.de\/de\/deutschland\/duma-vorsitzender-droht-auswanderern-mit-magadan-gouverneur-uebt-kritik\/\",\"url\":\"https:\/\/now-news.de\/de\/deutschland\/duma-vorsitzender-droht-auswanderern-mit-magadan-gouverneur-uebt-kritik\/\",\"name\":\"Duma-Vorsitzender droht Auswanderern mit &quot;Magadan&quot; \u2013 Gouverneur \u00fcbt Kritik - just-now.NEWS Deutschland\",\"isPartOf\":{\"@id\":\"https:\/\/now-news.de\/de\/#website\"},\"primaryImageOfPage\":{\"@id\":\"https:\/\/now-news.de\/de\/deutschland\/duma-vorsitzender-droht-auswanderern-mit-magadan-gouverneur-uebt-kritik\/#primaryimage\"},\"image\":{\"@id\":\"https:\/\/now-news.de\/de\/deutschland\/duma-vorsitzender-droht-auswanderern-mit-magadan-gouverneur-uebt-kritik\/#primaryimage\"},\"thumbnailUrl\":\"https:\/\/now-news.de\/de\/wp-content\/uploads\/sites\/3\/2023\/10\/Duma-Vorsitzender-droht-Auswanderern-mit-quotMagadanquot-\u2013-Gouverneur-uebt-Kritik.jpg\",\"datePublished\":\"2023-10-11T11:21:10+00:00\",\"dateModified\":\"2023-10-11T11:21:10+00:00\",\"breadcrumb\":{\"@id\":\"https:\/\/now-news.de\/de\/deutschland\/duma-vorsitzender-droht-auswanderern-mit-magadan-gouverneur-uebt-kritik\/#breadcrumb\"},\"inLanguage\":\"de\",\"potentialAction\":[{\"@type\":\"ReadAction\",\"target\":[\"https:\/\/now-news.de\/de\/deutschland\/duma-vorsitzender-droht-auswanderern-mit-magadan-gouverneur-uebt-kritik\/\"]}]},{\"@type\":\"ImageObject\",\"inLanguage\":\"de\",\"@id\":\"https:\/\/now-news.de\/de\/deutschland\/duma-vorsitzender-droht-auswanderern-mit-magadan-gouverneur-uebt-kritik\/#primaryimage\",\"url\":\"https:\/\/now-news.de\/de\/wp-content\/uploads\/sites\/3\/2023\/10\/Duma-Vorsitzender-droht-Auswanderern-mit-quotMagadanquot-\u2013-Gouverneur-uebt-Kritik.jpg\",\"contentUrl\":\"https:\/\/now-news.de\/de\/wp-content\/uploads\/sites\/3\/2023\/10\/Duma-Vorsitzender-droht-Auswanderern-mit-quotMagadanquot-\u2013-Gouverneur-uebt-Kritik.jpg\",\"width\":460,\"height\":259,\"caption\":\"Duma-Vorsitzender droht Auswanderern mit &quot;Magadan&quot; \u2013 Gouverneur \u00fcbt Kritik\"},{\"@type\":\"BreadcrumbList\",\"@id\":\"https:\/\/now-news.de\/de\/deutschland\/duma-vorsitzender-droht-auswanderern-mit-magadan-gouverneur-uebt-kritik\/#breadcrumb\",\"itemListElement\":[{\"@type\":\"ListItem\",\"position\":1,\"name\":\"Home\",\"item\":\"https:\/\/now-news.de\/de\/\"},{\"@type\":\"ListItem\",\"position\":2,\"name\":\"Duma-Vorsitzender droht Auswanderern mit &quot;Magadan&quot; \u2013 Gouverneur \u00fcbt Kritik\"}]},{\"@type\":\"WebSite\",\"@id\":\"https:\/\/now-news.de\/de\/#website\",\"url\":\"https:\/\/now-news.de\/de\/\",\"name\":\"just-now.NEWS Deutschland\",\"description\":\"Das Portal f\u00fcr unzensierte Nachrichten aus der Welt\",\"publisher\":{\"@id\":\"https:\/\/now-news.de\/de\/#organization\"},\"potentialAction\":[{\"@type\":\"SearchAction\",\"target\":{\"@type\":\"EntryPoint\",\"urlTemplate\":\"https:\/\/now-news.de\/de\/?s={search_term_string}\"},\"query-input\":\"required name=search_term_string\"}],\"inLanguage\":\"de\"},{\"@type\":\"Organization\",\"@id\":\"https:\/\/now-news.de\/de\/#organization\",\"name\":\"Just Now News\",\"url\":\"https:\/\/now-news.de\/de\/\",\"logo\":{\"@type\":\"ImageObject\",\"inLanguage\":\"de\",\"@id\":\"https:\/\/now-news.de\/de\/#\/schema\/logo\/image\/\",\"url\":\"http:\/\/just-now.news\/de\/wp-content\/uploads\/sites\/3\/2022\/04\/logo500x500.jpg\",\"contentUrl\":\"http:\/\/just-now.news\/de\/wp-content\/uploads\/sites\/3\/2022\/04\/logo500x500.jpg\",\"width\":500,\"height\":500,\"caption\":\"Just Now News\"},\"image\":{\"@id\":\"https:\/\/now-news.de\/de\/#\/schema\/logo\/image\/\"},\"sameAs\":[\"https:\/\/www.facebook.com\/wirmachenauf\",\"https:\/\/x.com\/WirMachenAuf_de\"]},{\"@type\":\"Person\",\"@id\":\"https:\/\/now-news.de\/de\/#\/schema\/person\/fb534a4e865501d8b3285208df34a9b5\",\"name\":\"rtnews\",\"image\":{\"@type\":\"ImageObject\",\"inLanguage\":\"de\",\"@id\":\"https:\/\/now-news.de\/de\/#\/schema\/person\/image\/\",\"url\":\"https:\/\/secure.gravatar.com\/avatar\/82aafea7d8127119dd649515f56e2117?s=96&d=mm&r=g\",\"contentUrl\":\"https:\/\/secure.gravatar.com\/avatar\/82aafea7d8127119dd649515f56e2117?s=96&d=mm&r=g\",\"caption\":\"rtnews\"},\"url\":\"https:\/\/now-news.de\/de\/author\/rnews\/\"}]}<\/script>\n<!-- \/ Yoast SEO Premium plugin. -->","yoast_head_json":{"title":"Duma-Vorsitzender droht Auswanderern mit &quot;Magadan&quot; \u2013 Gouverneur \u00fcbt Kritik - just-now.NEWS Deutschland","robots":{"index":"index","follow":"follow","max-snippet":"max-snippet:-1","max-image-preview":"max-image-preview:large","max-video-preview":"max-video-preview:-1"},"canonical":"https:\/\/now-news.de\/de\/deutschland\/duma-vorsitzender-droht-auswanderern-mit-magadan-gouverneur-uebt-kritik\/","og_locale":"de_DE","og_type":"article","og_title":"Duma-Vorsitzender droht Auswanderern mit &quot;Magadan&quot; \u2013 Gouverneur \u00fcbt Kritik","og_description":"Im Ausland befindlichen Russen, die Kiew den Sieg w\u00fcnschen, droht der Duma-Vorsitzende mit Magadan \u2013 und deutet damit die traurige Vergangenheit der Stadt an. Der Gouverneur der abgelegenen Region fordert hingegen, dass es an der Zeit sei, alte Klischees loszuwerden. F\u00fcr russische B\u00fcrger, die das Land verlassen haben,\u00a0den Krieg\u00a0kritisieren und der Ukraine den Sieg w\u00fcnschen, [&hellip;]","og_url":"https:\/\/now-news.de\/de\/deutschland\/duma-vorsitzender-droht-auswanderern-mit-magadan-gouverneur-uebt-kritik\/","og_site_name":"just-now.NEWS Deutschland","article_publisher":"https:\/\/www.facebook.com\/wirmachenauf","article_published_time":"2023-10-11T11:21:10+00:00","og_image":[{"width":460,"height":259,"url":"https:\/\/now-news.de\/de\/wp-content\/uploads\/sites\/3\/2023\/10\/Duma-Vorsitzender-droht-Auswanderern-mit-quotMagadanquot-\u2013-Gouverneur-uebt-Kritik.jpg","type":"image\/jpeg"}],"author":"rtnews","twitter_card":"summary_large_image","twitter_creator":"@WirMachenAuf_de","twitter_site":"@WirMachenAuf_de","twitter_misc":{"Verfasst von":"rtnews","Gesch\u00e4tzte Lesezeit":"2\u00a0Minuten"},"schema":{"@context":"https:\/\/schema.org","@graph":[{"@type":"Article","@id":"https:\/\/now-news.de\/de\/deutschland\/duma-vorsitzender-droht-auswanderern-mit-magadan-gouverneur-uebt-kritik\/#article","isPartOf":{"@id":"https:\/\/now-news.de\/de\/deutschland\/duma-vorsitzender-droht-auswanderern-mit-magadan-gouverneur-uebt-kritik\/"},"author":{"name":"rtnews","@id":"https:\/\/now-news.de\/de\/#\/schema\/person\/fb534a4e865501d8b3285208df34a9b5"},"headline":"Duma-Vorsitzender droht Auswanderern mit &quot;Magadan&quot; \u2013 Gouverneur \u00fcbt Kritik","datePublished":"2023-10-11T11:21:10+00:00","dateModified":"2023-10-11T11:21:10+00:00","mainEntityOfPage":{"@id":"https:\/\/now-news.de\/de\/deutschland\/duma-vorsitzender-droht-auswanderern-mit-magadan-gouverneur-uebt-kritik\/"},"wordCount":475,"commentCount":0,"publisher":{"@id":"https:\/\/now-news.de\/de\/#organization"},"image":{"@id":"https:\/\/now-news.de\/de\/deutschland\/duma-vorsitzender-droht-auswanderern-mit-magadan-gouverneur-uebt-kritik\/#primaryimage"},"thumbnailUrl":"https:\/\/now-news.de\/de\/wp-content\/uploads\/sites\/3\/2023\/10\/Duma-Vorsitzender-droht-Auswanderern-mit-quotMagadanquot-\u2013-Gouverneur-uebt-Kritik.jpg","keywords":["Auswanderern","droht","Dumavorsitzender","Gouverneur","Kritik","mit","quotMagadanquot","\u00fcbt"],"articleSection":["Deutschland","Russland"],"inLanguage":"de","potentialAction":[{"@type":"CommentAction","name":"Comment","target":["https:\/\/now-news.de\/de\/deutschland\/duma-vorsitzender-droht-auswanderern-mit-magadan-gouverneur-uebt-kritik\/#respond"]}]},{"@type":"WebPage","@id":"https:\/\/now-news.de\/de\/deutschland\/duma-vorsitzender-droht-auswanderern-mit-magadan-gouverneur-uebt-kritik\/","url":"https:\/\/now-news.de\/de\/deutschland\/duma-vorsitzender-droht-auswanderern-mit-magadan-gouverneur-uebt-kritik\/","name":"Duma-Vorsitzender droht Auswanderern mit &quot;Magadan&quot; \u2013 Gouverneur \u00fcbt Kritik - just-now.NEWS Deutschland","isPartOf":{"@id":"https:\/\/now-news.de\/de\/#website"},"primaryImageOfPage":{"@id":"https:\/\/now-news.de\/de\/deutschland\/duma-vorsitzender-droht-auswanderern-mit-magadan-gouverneur-uebt-kritik\/#primaryimage"},"image":{"@id":"https:\/\/now-news.de\/de\/deutschland\/duma-vorsitzender-droht-auswanderern-mit-magadan-gouverneur-uebt-kritik\/#primaryimage"},"thumbnailUrl":"https:\/\/now-news.de\/de\/wp-content\/uploads\/sites\/3\/2023\/10\/Duma-Vorsitzender-droht-Auswanderern-mit-quotMagadanquot-\u2013-Gouverneur-uebt-Kritik.jpg","datePublished":"2023-10-11T11:21:10+00:00","dateModified":"2023-10-11T11:21:10+00:00","breadcrumb":{"@id":"https:\/\/now-news.de\/de\/deutschland\/duma-vorsitzender-droht-auswanderern-mit-magadan-gouverneur-uebt-kritik\/#breadcrumb"},"inLanguage":"de","potentialAction":[{"@type":"ReadAction","target":["https:\/\/now-news.de\/de\/deutschland\/duma-vorsitzender-droht-auswanderern-mit-magadan-gouverneur-uebt-kritik\/"]}]},{"@type":"ImageObject","inLanguage":"de","@id":"https:\/\/now-news.de\/de\/deutschland\/duma-vorsitzender-droht-auswanderern-mit-magadan-gouverneur-uebt-kritik\/#primaryimage","url":"https:\/\/now-news.de\/de\/wp-content\/uploads\/sites\/3\/2023\/10\/Duma-Vorsitzender-droht-Auswanderern-mit-quotMagadanquot-\u2013-Gouverneur-uebt-Kritik.jpg","contentUrl":"https:\/\/now-news.de\/de\/wp-content\/uploads\/sites\/3\/2023\/10\/Duma-Vorsitzender-droht-Auswanderern-mit-quotMagadanquot-\u2013-Gouverneur-uebt-Kritik.jpg","width":460,"height":259,"caption":"Duma-Vorsitzender droht Auswanderern mit &quot;Magadan&quot; \u2013 Gouverneur \u00fcbt Kritik"},{"@type":"BreadcrumbList","@id":"https:\/\/now-news.de\/de\/deutschland\/duma-vorsitzender-droht-auswanderern-mit-magadan-gouverneur-uebt-kritik\/#breadcrumb","itemListElement":[{"@type":"ListItem","position":1,"name":"Home","item":"https:\/\/now-news.de\/de\/"},{"@type":"ListItem","position":2,"name":"Duma-Vorsitzender droht Auswanderern mit &quot;Magadan&quot; \u2013 Gouverneur \u00fcbt Kritik"}]},{"@type":"WebSite","@id":"https:\/\/now-news.de\/de\/#website","url":"https:\/\/now-news.de\/de\/","name":"just-now.NEWS Deutschland","description":"Das Portal f\u00fcr unzensierte Nachrichten aus der Welt","publisher":{"@id":"https:\/\/now-news.de\/de\/#organization"},"potentialAction":[{"@type":"SearchAction","target":{"@type":"EntryPoint","urlTemplate":"https:\/\/now-news.de\/de\/?s={search_term_string}"},"query-input":"required name=search_term_string"}],"inLanguage":"de"},{"@type":"Organization","@id":"https:\/\/now-news.de\/de\/#organization","name":"Just Now News","url":"https:\/\/now-news.de\/de\/","logo":{"@type":"ImageObject","inLanguage":"de","@id":"https:\/\/now-news.de\/de\/#\/schema\/logo\/image\/","url":"http:\/\/just-now.news\/de\/wp-content\/uploads\/sites\/3\/2022\/04\/logo500x500.jpg","contentUrl":"http:\/\/just-now.news\/de\/wp-content\/uploads\/sites\/3\/2022\/04\/logo500x500.jpg","width":500,"height":500,"caption":"Just Now News"},"image":{"@id":"https:\/\/now-news.de\/de\/#\/schema\/logo\/image\/"},"sameAs":["https:\/\/www.facebook.com\/wirmachenauf","https:\/\/x.com\/WirMachenAuf_de"]},{"@type":"Person","@id":"https:\/\/now-news.de\/de\/#\/schema\/person\/fb534a4e865501d8b3285208df34a9b5","name":"rtnews","image":{"@type":"ImageObject","inLanguage":"de","@id":"https:\/\/now-news.de\/de\/#\/schema\/person\/image\/","url":"https:\/\/secure.gravatar.com\/avatar\/82aafea7d8127119dd649515f56e2117?s=96&d=mm&r=g","contentUrl":"https:\/\/secure.gravatar.com\/avatar\/82aafea7d8127119dd649515f56e2117?s=96&d=mm&r=g","caption":"rtnews"},"url":"https:\/\/now-news.de\/de\/author\/rnews\/"}]}},"_links":{"self":[{"href":"https:\/\/now-news.de\/de\/wp-json\/wp\/v2\/posts\/47861"}],"collection":[{"href":"https:\/\/now-news.de\/de\/wp-json\/wp\/v2\/posts"}],"about":[{"href":"https:\/\/now-news.de\/de\/wp-json\/wp\/v2\/types\/post"}],"author":[{"embeddable":true,"href":"https:\/\/now-news.de\/de\/wp-json\/wp\/v2\/users\/3"}],"replies":[{"embeddable":true,"href":"https:\/\/now-news.de\/de\/wp-json\/wp\/v2\/comments?post=47861"}],"version-history":[{"count":0,"href":"https:\/\/now-news.de\/de\/wp-json\/wp\/v2\/posts\/47861\/revisions"}],"wp:featuredmedia":[{"embeddable":true,"href":"https:\/\/now-news.de\/de\/wp-json\/wp\/v2\/media\/47862"}],"wp:attachment":[{"href":"https:\/\/now-news.de\/de\/wp-json\/wp\/v2\/media?parent=47861"}],"wp:term":[{"taxonomy":"category","embeddable":true,"href":"https:\/\/now-news.de\/de\/wp-json\/wp\/v2\/categories?post=47861"},{"taxonomy":"post_tag","embeddable":true,"href":"https:\/\/now-news.de\/de\/wp-json\/wp\/v2\/tags?post=47861"}],"curies":[{"name":"wp","href":"https:\/\/api.w.org\/{rel}","templated":true}]}}