{"id":47841,"date":"2023-10-11T10:04:25","date_gmt":"2023-10-11T08:04:25","guid":{"rendered":"https:\/\/just-now.news\/de\/deutschland\/steigende-kosten-sinkender-lebensstandard-in-der-eu-macht-sich-kriegsmuedigkeit-breit\/"},"modified":"2023-10-11T10:04:25","modified_gmt":"2023-10-11T08:04:25","slug":"steigende-kosten-sinkender-lebensstandard-in-der-eu-macht-sich-kriegsmuedigkeit-breit","status":"publish","type":"post","link":"https:\/\/now-news.de\/de\/deutschland\/steigende-kosten-sinkender-lebensstandard-in-der-eu-macht-sich-kriegsmuedigkeit-breit\/","title":{"rendered":"Steigende Kosten, sinkender Lebensstandard \u2013 In der EU macht sich Kriegsm\u00fcdigkeit breit"},"content":{"rendered":"<p><img decoding=\"async\" src=\"http:\/\/just-now.news\/de\/wp-content\/uploads\/sites\/3\/2023\/10\/652420ddb480cc2fef799835.jpg\" \/><\/p>\n<div class=\"Text-root Text-type_1 \">\n                Energiekosten, entgangene Exporte, sinkender Lebensstandard: Auch wenn viele B\u00fcrger weit davon entfernt sind, das Ausma\u00df des Zusammenhangs zwischen den antirussischen Sanktionen und ihren wirtschaftlichen und sozialen Folgen in Europa zu erkennen, w\u00e4chst die Feindseligkeit gegen\u00fcber den Kosten des Krieges.\n            <\/div>\n<p><\/p>\n<div class=\"Text-root Text-type_5 ArticleView-text ViewText-root \">\n<p><em>Von Pierre L\u00e9vy<\/em><\/p>\n<p>Die &#8220;Kriegsm\u00fcdigkeit&#8221; beginnt sich unter den Bev\u00f6lkerungen, insbesondere in den verschiedenen EU-L\u00e4ndern, bemerkbar zu machen. Das sagen nicht die Russen, sondern die europ\u00e4ischen F\u00fchrer. Diese sind zunehmend besorgt dar\u00fcber. Denn die &#8220;unersch\u00fctterliche und bedingungslose&#8221; Unterst\u00fctzung f\u00fcr Kiew, &#8220;solange es n\u00f6tig ist&#8221;, ist eines der wichtigsten Glaubensbekenntnisse Br\u00fcssels.<\/p>\n<p>Energiekosten, entgangene Exporte, sinkender Lebensstandard: Auch wenn viele B\u00fcrger weit davon entfernt sind, das Ausma\u00df des Zusammenhangs zwischen den antirussischen Sanktionen und ihren wirtschaftlichen und sozialen Folgen in Europa zu erkennen, w\u00e4chst die Feindseligkeit gegen\u00fcber den Kosten des Krieges.<\/p>\n<p>Das letzte Anzeichen daf\u00fcr war am 30. September, als die slowakischen W\u00e4hler dem Oppositionspolitiker Robert Fico, einem ehemaligen sozialdemokratischen Premierminister, einen klaren Sieg sicherten (er muss nun eine parlamentarische Mehrheit finden). Dieses Szenario war das von Br\u00fcssel bef\u00fcrchtete, da Fico den Stopp von Waffenlieferungen an Kiew und die Ablehnung neuer Sanktionen in den Mittelpunkt seiner Kampagne gestellt hatte. Nach dem ungarischen Regierungschef k\u00f6nnte also ein zweiter Politiker, der als &#8220;pro-russisch&#8221; bezeichnet wird (eine Bezeichnung, die er ablehnt), im Europ\u00e4ischen Rat sitzen.<\/p>\n<p>Die polnische F\u00fchrung, die von Anfang an zu den st\u00e4rksten Unterst\u00fctzern der Ukraine geh\u00f6rte, hat sich nun mit Wladimir Selenskij zerstritten. Ausgangspunkt des Streits ist die Konkurrenz durch ukrainisches Getreide und andere Agrarprodukte, die viele polnische Produzenten in den Ruin zu treiben droht. Warschau blockierte daher die Ankunft dieser Lebensmittel. Die Konfrontation eskalierte so weit, dass die polnischen Waffenlieferungen gestoppt wurden. Die bevorstehenden Wahlen in diesem Land, die f\u00fcr den 15. Oktober angesetzt waren, veranlassten die Regierung dazu, \u2013 zumindest vorl\u00e4ufig \u2013 nationalen Interessen den Vorzug zu geben. Dies ist ein Beispiel f\u00fcr die sogenannte &#8220;Kriegsm\u00fcdigkeit&#8221; der W\u00e4hlerschaft.<\/p>\n<p>In Italien wurde diese &#8220;Kriegsm\u00fcdigkeit&#8221; durch die Warnung des Verteidigungsministers zum Ausdruck gebracht. W\u00e4hrend Regierungschefin Georgia Meloni immer wieder ihre unverbr\u00fcchliche Verbundenheit mit dem Atlantischen B\u00fcndnis und damit ihre Unterst\u00fctzung f\u00fcr die Ukraine betont, erkl\u00e4rte Guido Crosetto:<\/p>\n<blockquote>\n<p><em>&#8220;Im Laufe der Zeit hat sich die \u00f6ffentliche Meinung vom Krieg gel\u00f6st, weil er mit einem Anstieg der Inflation und Krisen in der Industrie und Produktion zusammenfiel. All dies f\u00fchrte zu einer Verschlechterung der Lebensbedingungen in den L\u00e4ndern der westlichen Demokratien&#8221;.<\/em><\/p>\n<\/blockquote>\n<p>Deutlicher kann man sich nicht ausdr\u00fccken \u2026<\/p>\n<p>Auf dem alten Kontinent gibt es weitere vergleichbare Anzeichen. Was die EU-Chefs jedoch besonders verfolgt, ist der j\u00fcngste Eklat in Washington. Bei den schwierigen Verhandlungen zwischen demokratischen und republikanischen Abgeordneten \u00fcber die Abstimmung \u00fcber den Haushalt wurde schlie\u00dflich ein vorl\u00e4ufiger Kompromiss gefunden \u2026 der die Hilfe f\u00fcr Kiew ausschlie\u00dft. Damit w\u00fcrden der ukrainischen F\u00fchrung die vom US-Pr\u00e4sidenten vorgesehenen 24 Milliarden entgehen. Es wird sicherlich noch weitere Wendungen geben, aber das Signal ist klar: Ein Jahr vor den Wahlen hat ein Teil der Vertreter \u2013 insbesondere unter den Unterst\u00fctzern von Donald Trump \u2013 verstanden, dass die W\u00e4hler wenig begeistert sein w\u00fcrden, wenn die in Str\u00f6men flie\u00dfenden Zahlungen an Kiew fortgesetzt w\u00fcrden.<\/p>\n<p>Diese Angst der europ\u00e4ischen Politiker war hinter den Kulissen des dritten Gipfels der sogenannten &#8220;Europ\u00e4ischen Politischen Gemeinschaft&#8221; (EPG) am 5. Oktober in Granada (Spanien) allgegenw\u00e4rtig. Diese seltsame informelle Institution, die 2022 von Emmanuel Macron ins Leben gerufen wurde, umfasst EU-Mitgliedstaaten und Nicht-EU-Mitgliedstaaten wie Norwegen, Gro\u00dfbritannien und die Schweiz, aber auch die Balkanl\u00e4nder und nat\u00fcrlich die Ukraine und Moldawien.<\/p>\n<p>Zum Leidwesen der EU-Staats- und Regierungschefs hatte der t\u00fcrkische Pr\u00e4sident das Treffen diesmal geschw\u00e4nzt, ebenso wie sein Amtskollege und Verb\u00fcndeter Aserbaidschans. Dies verhinderte, dass dieser den armenischen Pr\u00e4sidenten traf, was der Konferenz etwas Glanz verliehen h\u00e4tte. Auch ein pers\u00f6nliches Treffen zwischen dem serbischen Pr\u00e4sidenten und seiner kosovarischen Amtskollegin fand nicht statt.<\/p>\n<p>Und da die Runden Tische vor allem zu einer Reihe ergebnisloser Monologe f\u00fchrten, versteht niemand so recht, wozu dieses Gremium \u00fcberhaupt dient. Au\u00dfer, aus Sicht der Organisatoren, um die Isolation Russlands und Wei\u00dfrusslands zu demonstrieren, die als einzige europ\u00e4ische L\u00e4nder nicht eingeladen wurden.<\/p>\n<p>Die EPG ist ein &#8220;gesamteurop\u00e4ischer Raum f\u00fcr Dialog und politische Solidarit\u00e4t im Zusammenhang mit dem Krieg in der Ukraine&#8221;, will der franz\u00f6sische Pr\u00e4sident glauben. Eine Art antirussisches Forum also, das jedoch von der Verbitterung der Teilnehmer \u00fcber die finanzielle, immer unbeliebter werdende Unterst\u00fctzung f\u00fcr die Ukraine gepr\u00e4gt war. Seit Februar 2022 haben die EU und ihre Mitgliedsstaaten Kiew mit 85 Milliarden &#8220;geholfen&#8221;, im Vergleich zu den 70 Milliarden der amerikanischen Unterst\u00fctzung. In den kommenden vier Jahren plant Br\u00fcssel, die Ukraine mit 50 Milliarden Euro zu unterst\u00fctzen, plus 20 Milliarden Euro f\u00fcr milit\u00e4rische Zwecke. Allerdings m\u00fcssen die z\u00f6gernden L\u00e4nder noch \u00fcberzeugt werden.<\/p>\n<p>Der Chefdiplomat der EU, Josep Borrell, sagte, dass Europa einen m\u00f6glichen R\u00fcckgang der US-Finanzierung ausgleichen m\u00fcsse, dies aber nat\u00fcrlich nicht in vollem Umfang tun k\u00f6nne. Kurzum: Die Stimmung an diesem 5. Oktober war nicht besonders gut, sodass die abschlie\u00dfende Pressekonferenz in letzter Minute abgesagt wurde.<\/p>\n<p>Die Staats- und Regierungschefs der 27 blieben am n\u00e4chsten Tag vor Ort, um an der Tagung des Europ\u00e4ischen Rates teilzunehmen. Ein etablierterer und traditionellerer Rahmen, aber kein wirklich fr\u00f6hlicher.<\/p>\n<p>Auf der Tagesordnung standen vor allem zwei Themen. Erstens die Erweiterung, d.\u00a0h. die Aussicht auf die Aufnahme neuer Mitglieder: die Ukraine, aber auch Moldawien (oder sogar Georgien) sowie sechs Balkanl\u00e4nder, von denen einige seit Jahren im Vorzimmer sitzen.<\/p>\n<p>Die 27 bekr\u00e4ftigten, dass diese Perspektive notwendig sei, und begr\u00fcndeten sie ausdr\u00fccklich mit ihrem Wunsch, dem russischen Einfluss entgegenzuwirken. Abgesehen von dieser grunds\u00e4tzlichen Mahnung gibt es jedoch zahlreiche Meinungsverschiedenheiten und Konfliktquellen: Sollen Expressbeitritte unter den jetzigen Umst\u00e4nden erfolgen oder muss die EU vorher reformiert werden? Soll der Prozess klassisch oder schrittweise sein? Soll der EU-Haushalt betr\u00e4chtlich aufgebl\u00e4ht werden (und damit die Beitr\u00e4ge erh\u00f6ht oder neue eingef\u00fchrt werden)? Oder sollen die Ausgaben drastisch gek\u00fcrzt werden \u2013 insbesondere die Agrar- oder Regionalsubventionen?<\/p>\n<p>Der Beitritt der Ukraine w\u00fcrde L\u00e4nder, die mehr Subventionen erhalten als sie Beitr\u00e4ge zahlen, zu Nettozahlern machen. Die Aufnahme der neun Kandidatenl\u00e4nder w\u00fcrde die derzeitigen Mitgliedsl\u00e4nder 256 Milliarden Euro kosten, so Br\u00fcsseler Sch\u00e4tzungen, die von der\u00a0<em>Financial Times<\/em>\u00a0aufgedeckt wurden. &#8220;Sind die Franzosen bereit, mehr zu zahlen?&#8221;, fragte Viktor Orb\u00e1n ironisch \u2026 Der Pr\u00e4sident des Europ\u00e4ischen Rates, Charles Michel, wollte sogar das Zieldatum 2030 durchsetzen. Letztendlich vergeblich.<\/p>\n<p>Denn nat\u00fcrlich sind diese Fragen explosiv und werden im Dezember wieder aufbrechen, wenn die Entscheidung \u00fcber die Aufnahme von &#8220;Beitrittsverhandlungen&#8221; (eigentlich die schlichte und ergreifende Anpassung der Kandidaten an die EU-Standards) f\u00fcr jedes Land einzeln getroffen werden muss. In Wirklichkeit ist es sehr wahrscheinlich, dass die formellen Beitritte nie zustande kommen werden.<\/p>\n<p>Ebenso brisant ist das andere Thema, das auf der Tagesordnung steht: die Migrations- und Asylpolitik der EU. Zwar hatten die Minister der 27 am 4. Oktober einen Kompromiss \u00fcber &#8220;Notsituationen&#8221; (im Falle eines Massenzustroms von Fl\u00fcchtlingen) angenommen. Dieser Text wird jedoch noch einen langen Prozess durchlaufen m\u00fcssen. Vor allem wurden Polen und Ungarn durch eine qualifizierte Mehrheit Bestimmungen aufgezwungen, die sie ablehnen. Viktor Orb\u00e1n verglich diese Entscheidung sogar mit einer &#8220;Vergewaltigung&#8221;. Polen, Ungarn und vielleicht morgen auch andere L\u00e4nder versprechen, Widerstand zu leisten.<\/p>\n<p>Unterst\u00fctzung f\u00fcr die Ukraine, Erweiterung, Migrationspolitik: Die Streitereien zwischen den 27 Mitgliedstaaten haben gerade erst begonnen.<\/p>\n<p><strong>Mehr zum Thema<\/strong> &#8211;\u00a0<a rel=\"nofollow noopener\" target=\"_blank\" href=\"https:\/\/freeassange.rtde.live\/meinung\/182942-spanische-schande-europas-borrells-bluehender\/\">&#8220;Spanische Schande&#8221; Europas \u2013 Borrells &#8220;bl\u00fchender Garten&#8221; wird von Kr\u00e4hen zerpfl\u00fcckt<\/a>\u00a0<\/p>\n<\/p>\n<\/div>\n<p><br \/>\n<br \/><a href=\"https:\/\/de.rt.com\/europa\/183137-steigende-kosten-sinkender-lebensstandard-in\/\">Source link <\/a><\/p>\n","protected":false},"excerpt":{"rendered":"<p>Energiekosten, entgangene Exporte, sinkender Lebensstandard: Auch wenn viele B\u00fcrger weit davon entfernt sind, das Ausma\u00df des Zusammenhangs zwischen den antirussischen Sanktionen und ihren wirtschaftlichen und sozialen Folgen in Europa zu erkennen, w\u00e4chst die Feindseligkeit gegen\u00fcber den Kosten des Krieges. Von Pierre L\u00e9vy Die &#8220;Kriegsm\u00fcdigkeit&#8221; beginnt sich unter den Bev\u00f6lkerungen, insbesondere in den verschiedenen EU-L\u00e4ndern, bemerkbar [&hellip;]<\/p>\n","protected":false},"author":3,"featured_media":47842,"comment_status":"open","ping_status":"open","sticky":false,"template":"","format":"standard","meta":{"_yoast_indexnow_last_ping":["1697011575"],"wp_automatic_camp":["217"],"d12ab8729e2d9868207078a90b2d0b40":["Steigende Kosten, sinkender Lebensstandard \u2013 In der EU macht sich Kriegsm\u00fcdigkeit breit"],"original_link":["https:\/\/de.rt.com\/europa\/183137-steigende-kosten-sinkender-lebensstandard-in\/"],"_thumbnail_id":["47842"],"jnews_social_counter_last_update":["1777332924"],"_wptgpro_p2tg_sent2tg":["a:1:{i:23737;s:19:\"2023-10-11 10:07:16\";}"]},"categories":[19,23],"tags":[13802,82,1404,33926,44676,4847,434,35575,20565],"yoast_head":"<!-- This site is optimized with the Yoast SEO Premium plugin v22.7 (Yoast SEO v22.7) - https:\/\/yoast.com\/wordpress\/plugins\/seo\/ -->\n<title>Steigende Kosten, sinkender Lebensstandard \u2013 In der EU macht sich Kriegsm\u00fcdigkeit breit - just-now.NEWS Deutschland<\/title>\n<meta name=\"robots\" content=\"index, follow, max-snippet:-1, max-image-preview:large, max-video-preview:-1\" \/>\n<link rel=\"canonical\" href=\"https:\/\/now-news.de\/de\/deutschland\/steigende-kosten-sinkender-lebensstandard-in-der-eu-macht-sich-kriegsmuedigkeit-breit\/\" \/>\n<meta property=\"og:locale\" content=\"de_DE\" \/>\n<meta property=\"og:type\" content=\"article\" \/>\n<meta property=\"og:title\" content=\"Steigende Kosten, sinkender Lebensstandard \u2013 In der EU macht sich Kriegsm\u00fcdigkeit breit\" \/>\n<meta property=\"og:description\" content=\"Energiekosten, entgangene Exporte, sinkender Lebensstandard: Auch wenn viele B\u00fcrger weit davon entfernt sind, das Ausma\u00df des Zusammenhangs zwischen den antirussischen Sanktionen und ihren wirtschaftlichen und sozialen Folgen in Europa zu erkennen, w\u00e4chst die Feindseligkeit gegen\u00fcber den Kosten des Krieges. Von Pierre L\u00e9vy Die &#8220;Kriegsm\u00fcdigkeit&#8221; beginnt sich unter den Bev\u00f6lkerungen, insbesondere in den verschiedenen EU-L\u00e4ndern, bemerkbar [&hellip;]\" \/>\n<meta property=\"og:url\" content=\"https:\/\/now-news.de\/de\/deutschland\/steigende-kosten-sinkender-lebensstandard-in-der-eu-macht-sich-kriegsmuedigkeit-breit\/\" \/>\n<meta property=\"og:site_name\" content=\"just-now.NEWS Deutschland\" \/>\n<meta property=\"article:publisher\" content=\"https:\/\/www.facebook.com\/wirmachenauf\" \/>\n<meta property=\"article:published_time\" content=\"2023-10-11T08:04:25+00:00\" \/>\n<meta property=\"og:image\" content=\"https:\/\/now-news.de\/de\/wp-content\/uploads\/sites\/3\/2023\/10\/Steigende-Kosten-sinkender-Lebensstandard-\u2013-In-der-EU-macht-sich.jpg\" \/>\n\t<meta property=\"og:image:width\" content=\"460\" \/>\n\t<meta property=\"og:image:height\" content=\"259\" \/>\n\t<meta property=\"og:image:type\" content=\"image\/jpeg\" \/>\n<meta name=\"author\" content=\"rtnews\" \/>\n<meta name=\"twitter:card\" content=\"summary_large_image\" \/>\n<meta name=\"twitter:creator\" content=\"@WirMachenAuf_de\" \/>\n<meta name=\"twitter:site\" content=\"@WirMachenAuf_de\" \/>\n<meta name=\"twitter:label1\" content=\"Verfasst von\" \/>\n\t<meta name=\"twitter:data1\" content=\"rtnews\" \/>\n\t<meta name=\"twitter:label2\" content=\"Gesch\u00e4tzte Lesezeit\" \/>\n\t<meta name=\"twitter:data2\" content=\"6\u00a0Minuten\" \/>\n<script type=\"application\/ld+json\" class=\"yoast-schema-graph\">{\"@context\":\"https:\/\/schema.org\",\"@graph\":[{\"@type\":\"Article\",\"@id\":\"https:\/\/now-news.de\/de\/deutschland\/steigende-kosten-sinkender-lebensstandard-in-der-eu-macht-sich-kriegsmuedigkeit-breit\/#article\",\"isPartOf\":{\"@id\":\"https:\/\/now-news.de\/de\/deutschland\/steigende-kosten-sinkender-lebensstandard-in-der-eu-macht-sich-kriegsmuedigkeit-breit\/\"},\"author\":{\"name\":\"rtnews\",\"@id\":\"https:\/\/now-news.de\/de\/#\/schema\/person\/fb534a4e865501d8b3285208df34a9b5\"},\"headline\":\"Steigende Kosten, sinkender Lebensstandard \u2013 In der EU macht sich Kriegsm\u00fcdigkeit breit\",\"datePublished\":\"2023-10-11T08:04:25+00:00\",\"dateModified\":\"2023-10-11T08:04:25+00:00\",\"mainEntityOfPage\":{\"@id\":\"https:\/\/now-news.de\/de\/deutschland\/steigende-kosten-sinkender-lebensstandard-in-der-eu-macht-sich-kriegsmuedigkeit-breit\/\"},\"wordCount\":1305,\"commentCount\":0,\"publisher\":{\"@id\":\"https:\/\/now-news.de\/de\/#organization\"},\"image\":{\"@id\":\"https:\/\/now-news.de\/de\/deutschland\/steigende-kosten-sinkender-lebensstandard-in-der-eu-macht-sich-kriegsmuedigkeit-breit\/#primaryimage\"},\"thumbnailUrl\":\"https:\/\/now-news.de\/de\/wp-content\/uploads\/sites\/3\/2023\/10\/Steigende-Kosten-sinkender-Lebensstandard-\u2013-In-der-EU-macht-sich.jpg\",\"keywords\":[\"breit\",\"der\",\"Kosten\",\"Kriegsm\u00fcdigkeit\",\"Lebensstandard\",\"Macht\",\"sich\",\"sinkender\",\"Steigende\"],\"articleSection\":[\"Deutschland\",\"Russland\"],\"inLanguage\":\"de\",\"potentialAction\":[{\"@type\":\"CommentAction\",\"name\":\"Comment\",\"target\":[\"https:\/\/now-news.de\/de\/deutschland\/steigende-kosten-sinkender-lebensstandard-in-der-eu-macht-sich-kriegsmuedigkeit-breit\/#respond\"]}]},{\"@type\":\"WebPage\",\"@id\":\"https:\/\/now-news.de\/de\/deutschland\/steigende-kosten-sinkender-lebensstandard-in-der-eu-macht-sich-kriegsmuedigkeit-breit\/\",\"url\":\"https:\/\/now-news.de\/de\/deutschland\/steigende-kosten-sinkender-lebensstandard-in-der-eu-macht-sich-kriegsmuedigkeit-breit\/\",\"name\":\"Steigende Kosten, sinkender Lebensstandard \u2013 In der EU macht sich Kriegsm\u00fcdigkeit breit - just-now.NEWS Deutschland\",\"isPartOf\":{\"@id\":\"https:\/\/now-news.de\/de\/#website\"},\"primaryImageOfPage\":{\"@id\":\"https:\/\/now-news.de\/de\/deutschland\/steigende-kosten-sinkender-lebensstandard-in-der-eu-macht-sich-kriegsmuedigkeit-breit\/#primaryimage\"},\"image\":{\"@id\":\"https:\/\/now-news.de\/de\/deutschland\/steigende-kosten-sinkender-lebensstandard-in-der-eu-macht-sich-kriegsmuedigkeit-breit\/#primaryimage\"},\"thumbnailUrl\":\"https:\/\/now-news.de\/de\/wp-content\/uploads\/sites\/3\/2023\/10\/Steigende-Kosten-sinkender-Lebensstandard-\u2013-In-der-EU-macht-sich.jpg\",\"datePublished\":\"2023-10-11T08:04:25+00:00\",\"dateModified\":\"2023-10-11T08:04:25+00:00\",\"breadcrumb\":{\"@id\":\"https:\/\/now-news.de\/de\/deutschland\/steigende-kosten-sinkender-lebensstandard-in-der-eu-macht-sich-kriegsmuedigkeit-breit\/#breadcrumb\"},\"inLanguage\":\"de\",\"potentialAction\":[{\"@type\":\"ReadAction\",\"target\":[\"https:\/\/now-news.de\/de\/deutschland\/steigende-kosten-sinkender-lebensstandard-in-der-eu-macht-sich-kriegsmuedigkeit-breit\/\"]}]},{\"@type\":\"ImageObject\",\"inLanguage\":\"de\",\"@id\":\"https:\/\/now-news.de\/de\/deutschland\/steigende-kosten-sinkender-lebensstandard-in-der-eu-macht-sich-kriegsmuedigkeit-breit\/#primaryimage\",\"url\":\"https:\/\/now-news.de\/de\/wp-content\/uploads\/sites\/3\/2023\/10\/Steigende-Kosten-sinkender-Lebensstandard-\u2013-In-der-EU-macht-sich.jpg\",\"contentUrl\":\"https:\/\/now-news.de\/de\/wp-content\/uploads\/sites\/3\/2023\/10\/Steigende-Kosten-sinkender-Lebensstandard-\u2013-In-der-EU-macht-sich.jpg\",\"width\":460,\"height\":259,\"caption\":\"Steigende Kosten, sinkender Lebensstandard \u2013 In der EU macht sich Kriegsm\u00fcdigkeit breit\"},{\"@type\":\"BreadcrumbList\",\"@id\":\"https:\/\/now-news.de\/de\/deutschland\/steigende-kosten-sinkender-lebensstandard-in-der-eu-macht-sich-kriegsmuedigkeit-breit\/#breadcrumb\",\"itemListElement\":[{\"@type\":\"ListItem\",\"position\":1,\"name\":\"Home\",\"item\":\"https:\/\/now-news.de\/de\/\"},{\"@type\":\"ListItem\",\"position\":2,\"name\":\"Steigende Kosten, sinkender Lebensstandard \u2013 In der EU macht sich Kriegsm\u00fcdigkeit breit\"}]},{\"@type\":\"WebSite\",\"@id\":\"https:\/\/now-news.de\/de\/#website\",\"url\":\"https:\/\/now-news.de\/de\/\",\"name\":\"just-now.NEWS Deutschland\",\"description\":\"Das Portal f\u00fcr unzensierte Nachrichten aus der Welt\",\"publisher\":{\"@id\":\"https:\/\/now-news.de\/de\/#organization\"},\"potentialAction\":[{\"@type\":\"SearchAction\",\"target\":{\"@type\":\"EntryPoint\",\"urlTemplate\":\"https:\/\/now-news.de\/de\/?s={search_term_string}\"},\"query-input\":\"required name=search_term_string\"}],\"inLanguage\":\"de\"},{\"@type\":\"Organization\",\"@id\":\"https:\/\/now-news.de\/de\/#organization\",\"name\":\"Just Now News\",\"url\":\"https:\/\/now-news.de\/de\/\",\"logo\":{\"@type\":\"ImageObject\",\"inLanguage\":\"de\",\"@id\":\"https:\/\/now-news.de\/de\/#\/schema\/logo\/image\/\",\"url\":\"http:\/\/just-now.news\/de\/wp-content\/uploads\/sites\/3\/2022\/04\/logo500x500.jpg\",\"contentUrl\":\"http:\/\/just-now.news\/de\/wp-content\/uploads\/sites\/3\/2022\/04\/logo500x500.jpg\",\"width\":500,\"height\":500,\"caption\":\"Just Now News\"},\"image\":{\"@id\":\"https:\/\/now-news.de\/de\/#\/schema\/logo\/image\/\"},\"sameAs\":[\"https:\/\/www.facebook.com\/wirmachenauf\",\"https:\/\/x.com\/WirMachenAuf_de\"]},{\"@type\":\"Person\",\"@id\":\"https:\/\/now-news.de\/de\/#\/schema\/person\/fb534a4e865501d8b3285208df34a9b5\",\"name\":\"rtnews\",\"image\":{\"@type\":\"ImageObject\",\"inLanguage\":\"de\",\"@id\":\"https:\/\/now-news.de\/de\/#\/schema\/person\/image\/\",\"url\":\"https:\/\/secure.gravatar.com\/avatar\/82aafea7d8127119dd649515f56e2117?s=96&d=mm&r=g\",\"contentUrl\":\"https:\/\/secure.gravatar.com\/avatar\/82aafea7d8127119dd649515f56e2117?s=96&d=mm&r=g\",\"caption\":\"rtnews\"},\"url\":\"https:\/\/now-news.de\/de\/author\/rnews\/\"}]}<\/script>\n<!-- \/ Yoast SEO Premium plugin. -->","yoast_head_json":{"title":"Steigende Kosten, sinkender Lebensstandard \u2013 In der EU macht sich Kriegsm\u00fcdigkeit breit - just-now.NEWS Deutschland","robots":{"index":"index","follow":"follow","max-snippet":"max-snippet:-1","max-image-preview":"max-image-preview:large","max-video-preview":"max-video-preview:-1"},"canonical":"https:\/\/now-news.de\/de\/deutschland\/steigende-kosten-sinkender-lebensstandard-in-der-eu-macht-sich-kriegsmuedigkeit-breit\/","og_locale":"de_DE","og_type":"article","og_title":"Steigende Kosten, sinkender Lebensstandard \u2013 In der EU macht sich Kriegsm\u00fcdigkeit breit","og_description":"Energiekosten, entgangene Exporte, sinkender Lebensstandard: Auch wenn viele B\u00fcrger weit davon entfernt sind, das Ausma\u00df des Zusammenhangs zwischen den antirussischen Sanktionen und ihren wirtschaftlichen und sozialen Folgen in Europa zu erkennen, w\u00e4chst die Feindseligkeit gegen\u00fcber den Kosten des Krieges. Von Pierre L\u00e9vy Die &#8220;Kriegsm\u00fcdigkeit&#8221; beginnt sich unter den Bev\u00f6lkerungen, insbesondere in den verschiedenen EU-L\u00e4ndern, bemerkbar [&hellip;]","og_url":"https:\/\/now-news.de\/de\/deutschland\/steigende-kosten-sinkender-lebensstandard-in-der-eu-macht-sich-kriegsmuedigkeit-breit\/","og_site_name":"just-now.NEWS Deutschland","article_publisher":"https:\/\/www.facebook.com\/wirmachenauf","article_published_time":"2023-10-11T08:04:25+00:00","og_image":[{"width":460,"height":259,"url":"https:\/\/now-news.de\/de\/wp-content\/uploads\/sites\/3\/2023\/10\/Steigende-Kosten-sinkender-Lebensstandard-\u2013-In-der-EU-macht-sich.jpg","type":"image\/jpeg"}],"author":"rtnews","twitter_card":"summary_large_image","twitter_creator":"@WirMachenAuf_de","twitter_site":"@WirMachenAuf_de","twitter_misc":{"Verfasst von":"rtnews","Gesch\u00e4tzte Lesezeit":"6\u00a0Minuten"},"schema":{"@context":"https:\/\/schema.org","@graph":[{"@type":"Article","@id":"https:\/\/now-news.de\/de\/deutschland\/steigende-kosten-sinkender-lebensstandard-in-der-eu-macht-sich-kriegsmuedigkeit-breit\/#article","isPartOf":{"@id":"https:\/\/now-news.de\/de\/deutschland\/steigende-kosten-sinkender-lebensstandard-in-der-eu-macht-sich-kriegsmuedigkeit-breit\/"},"author":{"name":"rtnews","@id":"https:\/\/now-news.de\/de\/#\/schema\/person\/fb534a4e865501d8b3285208df34a9b5"},"headline":"Steigende Kosten, sinkender Lebensstandard \u2013 In der EU macht sich Kriegsm\u00fcdigkeit breit","datePublished":"2023-10-11T08:04:25+00:00","dateModified":"2023-10-11T08:04:25+00:00","mainEntityOfPage":{"@id":"https:\/\/now-news.de\/de\/deutschland\/steigende-kosten-sinkender-lebensstandard-in-der-eu-macht-sich-kriegsmuedigkeit-breit\/"},"wordCount":1305,"commentCount":0,"publisher":{"@id":"https:\/\/now-news.de\/de\/#organization"},"image":{"@id":"https:\/\/now-news.de\/de\/deutschland\/steigende-kosten-sinkender-lebensstandard-in-der-eu-macht-sich-kriegsmuedigkeit-breit\/#primaryimage"},"thumbnailUrl":"https:\/\/now-news.de\/de\/wp-content\/uploads\/sites\/3\/2023\/10\/Steigende-Kosten-sinkender-Lebensstandard-\u2013-In-der-EU-macht-sich.jpg","keywords":["breit","der","Kosten","Kriegsm\u00fcdigkeit","Lebensstandard","Macht","sich","sinkender","Steigende"],"articleSection":["Deutschland","Russland"],"inLanguage":"de","potentialAction":[{"@type":"CommentAction","name":"Comment","target":["https:\/\/now-news.de\/de\/deutschland\/steigende-kosten-sinkender-lebensstandard-in-der-eu-macht-sich-kriegsmuedigkeit-breit\/#respond"]}]},{"@type":"WebPage","@id":"https:\/\/now-news.de\/de\/deutschland\/steigende-kosten-sinkender-lebensstandard-in-der-eu-macht-sich-kriegsmuedigkeit-breit\/","url":"https:\/\/now-news.de\/de\/deutschland\/steigende-kosten-sinkender-lebensstandard-in-der-eu-macht-sich-kriegsmuedigkeit-breit\/","name":"Steigende Kosten, sinkender Lebensstandard \u2013 In der EU macht sich Kriegsm\u00fcdigkeit breit - just-now.NEWS Deutschland","isPartOf":{"@id":"https:\/\/now-news.de\/de\/#website"},"primaryImageOfPage":{"@id":"https:\/\/now-news.de\/de\/deutschland\/steigende-kosten-sinkender-lebensstandard-in-der-eu-macht-sich-kriegsmuedigkeit-breit\/#primaryimage"},"image":{"@id":"https:\/\/now-news.de\/de\/deutschland\/steigende-kosten-sinkender-lebensstandard-in-der-eu-macht-sich-kriegsmuedigkeit-breit\/#primaryimage"},"thumbnailUrl":"https:\/\/now-news.de\/de\/wp-content\/uploads\/sites\/3\/2023\/10\/Steigende-Kosten-sinkender-Lebensstandard-\u2013-In-der-EU-macht-sich.jpg","datePublished":"2023-10-11T08:04:25+00:00","dateModified":"2023-10-11T08:04:25+00:00","breadcrumb":{"@id":"https:\/\/now-news.de\/de\/deutschland\/steigende-kosten-sinkender-lebensstandard-in-der-eu-macht-sich-kriegsmuedigkeit-breit\/#breadcrumb"},"inLanguage":"de","potentialAction":[{"@type":"ReadAction","target":["https:\/\/now-news.de\/de\/deutschland\/steigende-kosten-sinkender-lebensstandard-in-der-eu-macht-sich-kriegsmuedigkeit-breit\/"]}]},{"@type":"ImageObject","inLanguage":"de","@id":"https:\/\/now-news.de\/de\/deutschland\/steigende-kosten-sinkender-lebensstandard-in-der-eu-macht-sich-kriegsmuedigkeit-breit\/#primaryimage","url":"https:\/\/now-news.de\/de\/wp-content\/uploads\/sites\/3\/2023\/10\/Steigende-Kosten-sinkender-Lebensstandard-\u2013-In-der-EU-macht-sich.jpg","contentUrl":"https:\/\/now-news.de\/de\/wp-content\/uploads\/sites\/3\/2023\/10\/Steigende-Kosten-sinkender-Lebensstandard-\u2013-In-der-EU-macht-sich.jpg","width":460,"height":259,"caption":"Steigende Kosten, sinkender Lebensstandard \u2013 In der EU macht sich Kriegsm\u00fcdigkeit breit"},{"@type":"BreadcrumbList","@id":"https:\/\/now-news.de\/de\/deutschland\/steigende-kosten-sinkender-lebensstandard-in-der-eu-macht-sich-kriegsmuedigkeit-breit\/#breadcrumb","itemListElement":[{"@type":"ListItem","position":1,"name":"Home","item":"https:\/\/now-news.de\/de\/"},{"@type":"ListItem","position":2,"name":"Steigende Kosten, sinkender Lebensstandard \u2013 In der EU macht sich Kriegsm\u00fcdigkeit breit"}]},{"@type":"WebSite","@id":"https:\/\/now-news.de\/de\/#website","url":"https:\/\/now-news.de\/de\/","name":"just-now.NEWS Deutschland","description":"Das Portal f\u00fcr unzensierte Nachrichten aus der Welt","publisher":{"@id":"https:\/\/now-news.de\/de\/#organization"},"potentialAction":[{"@type":"SearchAction","target":{"@type":"EntryPoint","urlTemplate":"https:\/\/now-news.de\/de\/?s={search_term_string}"},"query-input":"required name=search_term_string"}],"inLanguage":"de"},{"@type":"Organization","@id":"https:\/\/now-news.de\/de\/#organization","name":"Just Now News","url":"https:\/\/now-news.de\/de\/","logo":{"@type":"ImageObject","inLanguage":"de","@id":"https:\/\/now-news.de\/de\/#\/schema\/logo\/image\/","url":"http:\/\/just-now.news\/de\/wp-content\/uploads\/sites\/3\/2022\/04\/logo500x500.jpg","contentUrl":"http:\/\/just-now.news\/de\/wp-content\/uploads\/sites\/3\/2022\/04\/logo500x500.jpg","width":500,"height":500,"caption":"Just Now News"},"image":{"@id":"https:\/\/now-news.de\/de\/#\/schema\/logo\/image\/"},"sameAs":["https:\/\/www.facebook.com\/wirmachenauf","https:\/\/x.com\/WirMachenAuf_de"]},{"@type":"Person","@id":"https:\/\/now-news.de\/de\/#\/schema\/person\/fb534a4e865501d8b3285208df34a9b5","name":"rtnews","image":{"@type":"ImageObject","inLanguage":"de","@id":"https:\/\/now-news.de\/de\/#\/schema\/person\/image\/","url":"https:\/\/secure.gravatar.com\/avatar\/82aafea7d8127119dd649515f56e2117?s=96&d=mm&r=g","contentUrl":"https:\/\/secure.gravatar.com\/avatar\/82aafea7d8127119dd649515f56e2117?s=96&d=mm&r=g","caption":"rtnews"},"url":"https:\/\/now-news.de\/de\/author\/rnews\/"}]}},"_links":{"self":[{"href":"https:\/\/now-news.de\/de\/wp-json\/wp\/v2\/posts\/47841"}],"collection":[{"href":"https:\/\/now-news.de\/de\/wp-json\/wp\/v2\/posts"}],"about":[{"href":"https:\/\/now-news.de\/de\/wp-json\/wp\/v2\/types\/post"}],"author":[{"embeddable":true,"href":"https:\/\/now-news.de\/de\/wp-json\/wp\/v2\/users\/3"}],"replies":[{"embeddable":true,"href":"https:\/\/now-news.de\/de\/wp-json\/wp\/v2\/comments?post=47841"}],"version-history":[{"count":0,"href":"https:\/\/now-news.de\/de\/wp-json\/wp\/v2\/posts\/47841\/revisions"}],"wp:featuredmedia":[{"embeddable":true,"href":"https:\/\/now-news.de\/de\/wp-json\/wp\/v2\/media\/47842"}],"wp:attachment":[{"href":"https:\/\/now-news.de\/de\/wp-json\/wp\/v2\/media?parent=47841"}],"wp:term":[{"taxonomy":"category","embeddable":true,"href":"https:\/\/now-news.de\/de\/wp-json\/wp\/v2\/categories?post=47841"},{"taxonomy":"post_tag","embeddable":true,"href":"https:\/\/now-news.de\/de\/wp-json\/wp\/v2\/tags?post=47841"}],"curies":[{"name":"wp","href":"https:\/\/api.w.org\/{rel}","templated":true}]}}