{"id":47831,"date":"2023-10-11T07:15:02","date_gmt":"2023-10-11T05:15:02","guid":{"rendered":"https:\/\/just-now.news\/de\/deutschland\/eu-aktienrente-ab-2024-propaganda-und-betrug-einer-neoliberalen-rentenpolitik\/"},"modified":"2023-10-11T07:15:02","modified_gmt":"2023-10-11T05:15:02","slug":"eu-aktienrente-ab-2024-propaganda-und-betrug-einer-neoliberalen-rentenpolitik","status":"publish","type":"post","link":"https:\/\/now-news.de\/de\/deutschland\/eu-aktienrente-ab-2024-propaganda-und-betrug-einer-neoliberalen-rentenpolitik\/","title":{"rendered":"&quot;EU-Aktienrente&quot; ab 2024 \u2013 Propaganda und Betrug einer neoliberalen Rentenpolitik"},"content":{"rendered":"<div class=\"Text-root Text-type_1 \">\n                Auf der Veranstaltung &#8220;Unsere Rente \u2013 Kein Spielball f\u00fcr BlackRock und Co!&#8221; werden einige Instrumente der neoliberalen Rentenpolitik erkl\u00e4rt. Lobbyisten von BlackRock und Co haben eine neue EU-Rentenverordnung und eine &#8220;Aktienrente&#8221; ab Januar 2024 durchgesetzt.\n            <\/div>\n<p><\/p>\n<div class=\"Text-root Text-type_5 ArticleView-text ViewText-root \">\n<p><em>Von Felicitas Rabe<\/em><\/p>\n<p>Menschenw\u00fcrdige Renten f\u00fcr Alle \u2013 wie in \u00d6sterreich! Das fordern die Organisatoren der Veranstaltung Rentenforum mit dem Titel &#8220;Unsere Rente \u2013 Kein Spielball f\u00fcr BlackRock und Co!&#8221;, die am Samstag im Kiezraum Berlin stattfand.<\/p>\n<p>Gemeinsam mit der Initiative BlackRock-Tribunal veranstalteten die Organisationen RentenZukunft e.\u00a0V., Arbeitskreis Internationalismus (AKI) der IG Metall (IGM) Berlin und der Arbeitskreis gegen Deregulierung und Privatisierung, Berlin, diese Fachveranstaltung zum Thema Rentenentwicklung in Deutschland, insbesondere im Verh\u00e4ltnis zur Rentenentwicklung in \u00d6sterreich.<\/p>\n<figure class=\"RTImage-root\">\n<div class=\"RTImage-image RTImage-original\"><picture class=\"Picture-root Picture-original\"><!--[if IE 9]><video style=\"display: none;\"><![endif]--><source media=\"(-webkit-min-device-pixel-ratio: 2) and (min-resolution: 120dpi)\" data-srcset=\" \nhttp:\/\/just-now.news\/de\/wp-content\/uploads\/sites\/3\/2023\/10\/652511b848fbef6dce46846b.jpg 850w,\n                http:\/\/just-now.news\/de\/wp-content\/uploads\/sites\/3\/2023\/10\/652511b848fbef6dce46846b.jpg 1960w,\n            \" ><source data-srcset=\" \nhttp:\/\/just-now.news\/de\/wp-content\/uploads\/sites\/3\/2023\/10\/652511b848fbef6dce46846b.jpg 460w,\n              http:\/\/just-now.news\/de\/wp-content\/uploads\/sites\/3\/2023\/10\/652511b848fbef6dce46846b.jpg 980w,\n            \" ><!--[if IE 9]><\/video><![endif]--><img decoding=\"async\" data- src=\"data:image\/png;base64,iVBORw0KGgoAAAANSUhEUgAAABAAAAAJCAQAAACRI2S5AAAAEElEQVR42mNkIAAYRxWAAQAG9gAKqv6+AwAAAABJRU5ErkJggg==\" class=\"Picture-root Picture-original lazyload\" data-src=\"http:\/\/just-now.news\/de\/wp-content\/uploads\/sites\/3\/2023\/10\/652511b848fbef6dce46846b.jpg\" alt=\"\"><\/source><\/source><\/picture><!-- noscript pattern --><noscript><img decoding=\"async\" src=\"http:\/\/just-now.news\/de\/wp-content\/uploads\/sites\/3\/2023\/10\/652511b848fbef6dce46846b.jpg\" alt=\"\"><\/noscript><\/div><figcaption class=\"RTImage-footer\"><span class=\"RTImage-caption\"><span class=\"RTImage-captionItem\">Veranstaltung &#8220;Unsere Rente &#8211; kein Spielball f\u00fcr BlackRock &amp; Co&#8221;, Berlin, 7.Oktober 2023<\/span><\/span><span class=\"RTImage-source\"><span class=\"RTImage-captionItem\">Felicitas Rabe<\/span><\/span><\/figcaption><\/figure>\n<p>Als gr\u00f6\u00dfter Verm\u00f6gensverwalter der Welt \u00fcber die sogenannte Schattenbank BlackRock (Finanzvolumen z.\u00a0Zt. ca. 9 Billionen US-Dollar), immer mehr politische Macht aus. BlackRock &amp; Co. k\u00f6nnten sich dadurch immer einfacher &#8220;neue lukrative Gesch\u00e4ftsfelder bei \u00f6ffentlichen Systemen erschlie\u00dfen&#8221;, liest man im Flyer zum Rentenforum. Aktuell sollen \u00f6ffentliche Rentensysteme in eine sogenannte &#8220;kapitalbasierte Rente&#8221; umgebaut werden. Kritische Organisationen erkl\u00e4ren dagegen:<\/p>\n<blockquote>\n<p><em>&#8220;Ohne eine gr\u00fcndliche Rentenreform wird es kein w\u00fcrdevolles Leben im Alter geben&#8221;, so die Brosch\u00fcre des Vereins RentenZukunft e.\u00a0V. \u2013 f\u00fcr Jung, f\u00fcr Alt, f\u00fcr Alle.<\/em><\/p>\n<\/blockquote>\n<p>Rund 60 Teilnehmer h\u00f6rten die Fachvortr\u00e4ge der Referenten aus Deutschland und \u00d6sterreich. Als erste erkl\u00e4rte Ursula Klingm\u00fcller, eine ehemalige Referatsleiterin aus dem Brandenburger Arbeitsministerium, den Teilnehmern den Hintergrund und den Werdegang der privaten Rentenversicherer in Deutschland. Hierzulande liege die Mehrzahl der ausgezahlten gesetzlichen Renten unterhalb der Armutsgrenze. Das werde sowohl von der Regierung als auch von den Leitmedien verschwiegen. Insbesondere, so Klingm\u00fcller, sparen auch gewerkschaftliche und linke Kreise das Thema Altersarmut aus. Im Jahr 2024 werde die neue EU-Verordnung f\u00fcr das Paneurop\u00e4ische private Pensionsprodukt (PEPP) gesetzlich verankert. Zum Nachteil der Rentner gebe es bei diesem &#8220;Finanzprodukt&#8221; ausdr\u00fccklich keine zwingende Garantie, dass die angesparte Summe tats\u00e4chlich vollst\u00e4ndig als Rente ausgezahlt werde. Au\u00dferdem m\u00fcsse die Rente nach der PEPP-Verordnung nicht bis zum Lebensende ausgezahlt werden.\u00a0<\/p>\n<p><strong>Das hundertj\u00e4hrige deutsche Sozialversicherungssystem galt weltweit als Vorreiter\u00a0<\/strong><\/p>\n<p>Der Ingenieur Reiner Heyse, der sich unter anderem auch im Arbeitskreis Internationalismus der IG Metall engagiert, verschaffte einen Einblick in die Sozialhaushalte der 36 OECD-Mitgliedsl\u00e4nder (OECD = Organisation f\u00fcr wirtschaftliche Zusammenarbeit). Deren Bruttosozialprodukt betrage 74 Billionen Dollar, davon werden 15 Billionen Dollar f\u00fcr den Sozialhaushalt und davon wiederum sechs Billionen f\u00fcr Renten ausgegeben. Sozialausgaben seien bislang als R\u00fcckgrat eines Wohlfahrtsstaats angesehen worden. Aber jetzt sehen Finanzakteure Sozialausgaben als Geld an, das &#8220;ihnen entzogen&#8221; werde. Und damit ihnen kein potenzieller Profit entgehe, lobbyieren deren Vertreter f\u00fcr private Rentenversicherungen, erl\u00e4uterte Heyse den Paradigmenwechsel eines \u00f6ffentlichen Sozialversicherungssystems.<\/p>\n<p>Das deutsche Sozialversicherungssystem wurde vor gut einem Jahrhundert von den Bergleuten des Ruhrgebiets erk\u00e4mpft: Krankenversicherung, Urlaub und Rentenversicherung.\u00a0Damit wurde Deutschland zum\u00a0<a rel=\"nofollow noopener\" target=\"_blank\" href=\"https:\/\/de.wikipedia.org\/wiki\/Geschichte_der_Sozialversicherung_in_Deutschland\">weltweiten Vorreiter<\/a>\u00a0f\u00fcr Sozialversicherungssysteme und soziale Absicherung von Arbeitern.\u00a0Am 19. Juli 1911 wurde die\u00a0<a rel=\"nofollow noopener\" target=\"_blank\" href=\"https:\/\/de.wikipedia.org\/wiki\/Reichsversicherungsordnung\">Reichsversicherungsordnung<\/a>\u00a0als gesetzliche Grundlage des\u00a0<a rel=\"nofollow noopener\" target=\"_blank\" href=\"https:\/\/de.wikipedia.org\/wiki\/Sozialstaat\">Sozialstaates<\/a>\u00a0in\u00a0Deutschland\u00a0verabschiedet. Das Recht auf Arbeiterkrankenversicherung, das Unfallversicherungsrecht und das Invalidit\u00e4ts- und Altersversicherungsrecht wurden in einem Gesetz zusammengefasst.<\/p>\n<figure class=\"RTImage-root\">\n<div class=\"RTImage-image RTImage-original\"><picture class=\"Picture-root Picture-original\"><!--[if IE 9]><video style=\"display: none;\"><![endif]--><source media=\"(-webkit-min-device-pixel-ratio: 2) and (min-resolution: 120dpi)\" data-srcset=\" \nhttp:\/\/just-now.news\/de\/wp-content\/uploads\/sites\/3\/2023\/10\/6525124e48fbef6d7b5d9b52.jpg 850w,\n                http:\/\/just-now.news\/de\/wp-content\/uploads\/sites\/3\/2023\/10\/6525124e48fbef6d7b5d9b52.jpg 1960w,\n            \" ><source data-srcset=\" \nhttp:\/\/just-now.news\/de\/wp-content\/uploads\/sites\/3\/2023\/10\/6525124e48fbef6d7b5d9b52.jpg 460w,\n              http:\/\/just-now.news\/de\/wp-content\/uploads\/sites\/3\/2023\/10\/6525124e48fbef6d7b5d9b52.jpg 980w,\n            \" ><!--[if IE 9]><\/video><![endif]--><img decoding=\"async\" data- src=\"data:image\/png;base64,iVBORw0KGgoAAAANSUhEUgAAABAAAAAJCAQAAACRI2S5AAAAEElEQVR42mNkIAAYRxWAAQAG9gAKqv6+AwAAAABJRU5ErkJggg==\" class=\"Picture-root Picture-original lazyload\" data-src=\"http:\/\/just-now.news\/de\/wp-content\/uploads\/sites\/3\/2023\/10\/6525124e48fbef6d7b5d9b52.jpg\" alt=\"\"><\/source><\/source><\/picture><!-- noscript pattern --><noscript><img decoding=\"async\" src=\"http:\/\/just-now.news\/de\/wp-content\/uploads\/sites\/3\/2023\/10\/6525124e48fbef6d7b5d9b52.jpg\" alt=\"\"><\/noscript><\/div><figcaption class=\"RTImage-footer\"><span class=\"RTImage-caption\"><span class=\"RTImage-captionItem\">Reiner Heyse, Veranstaltung &#8220;Unsere Rente &#8211; kein Spielball f\u00fcr BlackRock &amp; Co&#8221;, Berlin, 7.Oktober 2023<\/span><\/span><span class=\"RTImage-source\"><span class=\"RTImage-captionItem\">Felicitas Rabe<\/span><\/span><\/figcaption><\/figure>\n<p><strong>Testfeld f\u00fcr private Renten in Chile ab 1973<\/strong><\/p>\n<p>Den R\u00fcckbau des Sozialstaats habe die herrschende Elite 1973 in Chile per Gewalt eingel\u00e4utet, erinnerte Heyse die Zuh\u00f6rer. Nach dem Putsch vom 11. September 1973, vor 50 Jahren, haben die &#8220;Chicago-Boys&#8221; und Sch\u00fcler von Milton Friedman, dem Papst der Neoliberalen, in Chile die vollst\u00e4ndige Privatisierung des staatlichen chilenischen Rentensystems etabliert.\u00a0Von den 15 Millionen Einwohnern in Chile, seien 2017 2 Millionen Menschen gegen Altersarmut auf die Stra\u00dfe gegangen, weil die privaten Rentenfonds ihnen keine angemessenen Renten auszahlten. Im Jahr 2016 habe die durchschnittliche Monatsrente in Chile umgerechnet 200 Euro betragen.<\/p>\n<p>In Deutschland seien Rentner noch nie so billig gewesen wie heute. Das Rentenniveau liege aktuell auf dem Niveau von 1984, also auf dem Niveau wie vor rund 40 Jahren. Um den Wettcharakter der privaten Rentenversicherung zu verschleiern, bezeichne man diese nicht als &#8220;Aktienrente&#8221;, sondern als\u00a0 &#8220;Generationenkapital&#8221;, so der Ingenieur. Falls die Wette nicht aufginge, und die Aktien anstelle von Gewinnen Verluste br\u00e4chten, solle dies im neuen Rentenmodell vom Steuerzahler ausgeglichen werden.\u00a0In Deutschland w\u00fcrden sich die Arbeitgeber bei diesem Rentenmodell nicht beteiligen.<\/p>\n<p><strong>Tricks bei der Berechnung der Lebenserwartungen senken die monatliche Rentenauszahlung<\/strong><\/p>\n<p>Schlie\u00dflich erl\u00e4uterte Heyse noch den Betrug am Rentner, der mittels unrealistischer Alterserwartungen durchgef\u00fchrt werde. Die monatliche Auszahlungssumme werde n\u00e4mlich an der zu erwartenden Lebenszeit berechnet. Es seien F\u00e4lle bekannt geworden, denen die Versicherungen eine Lebenserwartung bis zu 100 Jahren, in Einzelf\u00e4llen sogar noch dar\u00fcber hinaus, zugrunde legten.\u00a0Zusammenfassend stellte Heyse fest:<\/p>\n<blockquote>\n<p><em>&#8220;Die Aktienversicherung ist riskant,\u00a0<\/em><br \/><em>sie muss ausschlie\u00dflich vom Arbeitnehmer bezahlt werden u<\/em><em>nd bei der Auszahlungssumme wird mit der Lebenserwartung getrickst.&#8221;<\/em><\/p>\n<\/blockquote>\n<p>Im noch folgenden 2. Teil des Berichts \u00fcber das Rentenforum, wird unter anderem der Betrug in Bezug auf die Demografie-Erkl\u00e4rung aufgedeckt (Referat von Dr. Werner R\u00fcgemer). Josef Woess von der Arbeiterkammer Berlin erl\u00e4utert zum Thema &#8220;Eine gesetzliche Rente ist m\u00f6glich&#8221;, warum es in \u00d6sterreich nicht zu so einer dramatischen Rentenk\u00fcrzung und Altersarmut gekommen ist. Vorgestellt werden auch L\u00f6sungsans\u00e4tze f\u00fcr eine Rentenreform und Aktionen.\u00a0<\/p>\n<p><strong>Mehr zum Thema<\/strong> &#8211; <a rel=\"nofollow noopener\" target=\"_blank\" href=\"https:\/\/freedert.online\/inland\/181234-existenzminimum-nach-status-gesetzgeber-spielt\/\">Existenzminimum nach Status? Gesetzgeber spielt \u00e4rmste Gruppen gegeneinander aus<\/a><\/p>\n<\/p>\n<\/p>\n<\/div>\n<p><br \/>\n<br \/><a href=\"https:\/\/de.rt.com\/inland\/183154-geplante-eu-aktienrente-ab-2024\/\">Source link <\/a><\/p>\n","protected":false},"excerpt":{"rendered":"<p>Auf der Veranstaltung &#8220;Unsere Rente \u2013 Kein Spielball f\u00fcr BlackRock und Co!&#8221; werden einige Instrumente der neoliberalen Rentenpolitik erkl\u00e4rt. Lobbyisten von BlackRock und Co haben eine neue EU-Rentenverordnung und eine &#8220;Aktienrente&#8221; ab Januar 2024 durchgesetzt. Von Felicitas Rabe Menschenw\u00fcrdige Renten f\u00fcr Alle \u2013 wie in \u00d6sterreich! Das fordern die Organisatoren der Veranstaltung Rentenforum mit dem [&hellip;]<\/p>\n","protected":false},"author":3,"featured_media":47832,"comment_status":"open","ping_status":"open","sticky":false,"template":"","format":"standard","meta":{"_yoast_indexnow_last_ping":["1697001812"],"wp_automatic_camp":["217"],"6169f4bd428951d7e6017ce0c31ea9c4":["&quot;EU-Aktienrente&quot; ab 2024 \u2013 Propaganda und Betrug einer neoliberalen Rentenpolitik"],"original_link":["https:\/\/de.rt.com\/inland\/183154-geplante-eu-aktienrente-ab-2024\/"],"_thumbnail_id":["47832"],"jnews_social_counter_last_update":["1777573944"],"_wptgpro_p2tg_sent2tg":["a:1:{i:23737;s:19:\"2023-10-11 07:24:32\";}"]},"categories":[19,23],"tags":[11212,212,49700,498,49699,49701,140],"yoast_head":"<!-- This site is optimized with the Yoast SEO Premium plugin v22.7 (Yoast SEO v22.7) - https:\/\/yoast.com\/wordpress\/plugins\/seo\/ -->\n<title>&quot;EU-Aktienrente&quot; ab 2024 \u2013 Propaganda und Betrug einer neoliberalen Rentenpolitik - just-now.NEWS Deutschland<\/title>\n<meta name=\"robots\" content=\"index, follow, max-snippet:-1, max-image-preview:large, max-video-preview:-1\" \/>\n<link rel=\"canonical\" href=\"https:\/\/now-news.de\/de\/deutschland\/eu-aktienrente-ab-2024-propaganda-und-betrug-einer-neoliberalen-rentenpolitik\/\" \/>\n<meta property=\"og:locale\" content=\"de_DE\" \/>\n<meta property=\"og:type\" content=\"article\" \/>\n<meta property=\"og:title\" content=\"&quot;EU-Aktienrente&quot; ab 2024 \u2013 Propaganda und Betrug einer neoliberalen Rentenpolitik\" \/>\n<meta property=\"og:description\" content=\"Auf der Veranstaltung &#8220;Unsere Rente \u2013 Kein Spielball f\u00fcr BlackRock und Co!&#8221; werden einige Instrumente der neoliberalen Rentenpolitik erkl\u00e4rt. Lobbyisten von BlackRock und Co haben eine neue EU-Rentenverordnung und eine &#8220;Aktienrente&#8221; ab Januar 2024 durchgesetzt. Von Felicitas Rabe Menschenw\u00fcrdige Renten f\u00fcr Alle \u2013 wie in \u00d6sterreich! Das fordern die Organisatoren der Veranstaltung Rentenforum mit dem [&hellip;]\" \/>\n<meta property=\"og:url\" content=\"https:\/\/now-news.de\/de\/deutschland\/eu-aktienrente-ab-2024-propaganda-und-betrug-einer-neoliberalen-rentenpolitik\/\" \/>\n<meta property=\"og:site_name\" content=\"just-now.NEWS Deutschland\" \/>\n<meta property=\"article:publisher\" content=\"https:\/\/www.facebook.com\/wirmachenauf\" \/>\n<meta property=\"article:published_time\" content=\"2023-10-11T05:15:02+00:00\" \/>\n<meta property=\"og:image\" content=\"https:\/\/now-news.de\/de\/wp-content\/uploads\/sites\/3\/2023\/10\/quotEU-Aktienrentequot-ab-2024-\u2013-Propaganda-und-Betrug-einer-neoliberalen-Rentenpolitik.jpg\" \/>\n\t<meta property=\"og:image:width\" content=\"1280\" \/>\n\t<meta property=\"og:image:height\" content=\"960\" \/>\n\t<meta property=\"og:image:type\" content=\"image\/jpeg\" \/>\n<meta name=\"author\" content=\"rtnews\" \/>\n<meta name=\"twitter:card\" content=\"summary_large_image\" \/>\n<meta name=\"twitter:creator\" content=\"@WirMachenAuf_de\" \/>\n<meta name=\"twitter:site\" content=\"@WirMachenAuf_de\" \/>\n<meta name=\"twitter:label1\" content=\"Verfasst von\" \/>\n\t<meta name=\"twitter:data1\" content=\"rtnews\" \/>\n\t<meta name=\"twitter:label2\" content=\"Gesch\u00e4tzte Lesezeit\" \/>\n\t<meta name=\"twitter:data2\" content=\"4\u00a0Minuten\" \/>\n<script type=\"application\/ld+json\" class=\"yoast-schema-graph\">{\"@context\":\"https:\/\/schema.org\",\"@graph\":[{\"@type\":\"Article\",\"@id\":\"https:\/\/now-news.de\/de\/deutschland\/eu-aktienrente-ab-2024-propaganda-und-betrug-einer-neoliberalen-rentenpolitik\/#article\",\"isPartOf\":{\"@id\":\"https:\/\/now-news.de\/de\/deutschland\/eu-aktienrente-ab-2024-propaganda-und-betrug-einer-neoliberalen-rentenpolitik\/\"},\"author\":{\"name\":\"rtnews\",\"@id\":\"https:\/\/now-news.de\/de\/#\/schema\/person\/fb534a4e865501d8b3285208df34a9b5\"},\"headline\":\"&quot;EU-Aktienrente&quot; ab 2024 \u2013 Propaganda und Betrug einer neoliberalen Rentenpolitik\",\"datePublished\":\"2023-10-11T05:15:02+00:00\",\"dateModified\":\"2023-10-11T05:15:02+00:00\",\"mainEntityOfPage\":{\"@id\":\"https:\/\/now-news.de\/de\/deutschland\/eu-aktienrente-ab-2024-propaganda-und-betrug-einer-neoliberalen-rentenpolitik\/\"},\"wordCount\":906,\"commentCount\":0,\"publisher\":{\"@id\":\"https:\/\/now-news.de\/de\/#organization\"},\"image\":{\"@id\":\"https:\/\/now-news.de\/de\/deutschland\/eu-aktienrente-ab-2024-propaganda-und-betrug-einer-neoliberalen-rentenpolitik\/#primaryimage\"},\"thumbnailUrl\":\"https:\/\/now-news.de\/de\/wp-content\/uploads\/sites\/3\/2023\/10\/quotEU-Aktienrentequot-ab-2024-\u2013-Propaganda-und-Betrug-einer-neoliberalen-Rentenpolitik.jpg\",\"keywords\":[\"Betrug\",\"einer\",\"neoliberalen\",\"Propaganda\",\"quotEUAktienrentequot\",\"Rentenpolitik\",\"und\"],\"articleSection\":[\"Deutschland\",\"Russland\"],\"inLanguage\":\"de\",\"potentialAction\":[{\"@type\":\"CommentAction\",\"name\":\"Comment\",\"target\":[\"https:\/\/now-news.de\/de\/deutschland\/eu-aktienrente-ab-2024-propaganda-und-betrug-einer-neoliberalen-rentenpolitik\/#respond\"]}]},{\"@type\":\"WebPage\",\"@id\":\"https:\/\/now-news.de\/de\/deutschland\/eu-aktienrente-ab-2024-propaganda-und-betrug-einer-neoliberalen-rentenpolitik\/\",\"url\":\"https:\/\/now-news.de\/de\/deutschland\/eu-aktienrente-ab-2024-propaganda-und-betrug-einer-neoliberalen-rentenpolitik\/\",\"name\":\"&quot;EU-Aktienrente&quot; ab 2024 \u2013 Propaganda und Betrug einer neoliberalen Rentenpolitik - just-now.NEWS Deutschland\",\"isPartOf\":{\"@id\":\"https:\/\/now-news.de\/de\/#website\"},\"primaryImageOfPage\":{\"@id\":\"https:\/\/now-news.de\/de\/deutschland\/eu-aktienrente-ab-2024-propaganda-und-betrug-einer-neoliberalen-rentenpolitik\/#primaryimage\"},\"image\":{\"@id\":\"https:\/\/now-news.de\/de\/deutschland\/eu-aktienrente-ab-2024-propaganda-und-betrug-einer-neoliberalen-rentenpolitik\/#primaryimage\"},\"thumbnailUrl\":\"https:\/\/now-news.de\/de\/wp-content\/uploads\/sites\/3\/2023\/10\/quotEU-Aktienrentequot-ab-2024-\u2013-Propaganda-und-Betrug-einer-neoliberalen-Rentenpolitik.jpg\",\"datePublished\":\"2023-10-11T05:15:02+00:00\",\"dateModified\":\"2023-10-11T05:15:02+00:00\",\"breadcrumb\":{\"@id\":\"https:\/\/now-news.de\/de\/deutschland\/eu-aktienrente-ab-2024-propaganda-und-betrug-einer-neoliberalen-rentenpolitik\/#breadcrumb\"},\"inLanguage\":\"de\",\"potentialAction\":[{\"@type\":\"ReadAction\",\"target\":[\"https:\/\/now-news.de\/de\/deutschland\/eu-aktienrente-ab-2024-propaganda-und-betrug-einer-neoliberalen-rentenpolitik\/\"]}]},{\"@type\":\"ImageObject\",\"inLanguage\":\"de\",\"@id\":\"https:\/\/now-news.de\/de\/deutschland\/eu-aktienrente-ab-2024-propaganda-und-betrug-einer-neoliberalen-rentenpolitik\/#primaryimage\",\"url\":\"https:\/\/now-news.de\/de\/wp-content\/uploads\/sites\/3\/2023\/10\/quotEU-Aktienrentequot-ab-2024-\u2013-Propaganda-und-Betrug-einer-neoliberalen-Rentenpolitik.jpg\",\"contentUrl\":\"https:\/\/now-news.de\/de\/wp-content\/uploads\/sites\/3\/2023\/10\/quotEU-Aktienrentequot-ab-2024-\u2013-Propaganda-und-Betrug-einer-neoliberalen-Rentenpolitik.jpg\",\"width\":1280,\"height\":960,\"caption\":\"&quot;EU-Aktienrente&quot; ab 2024 \u2013 Propaganda und Betrug einer neoliberalen Rentenpolitik\"},{\"@type\":\"BreadcrumbList\",\"@id\":\"https:\/\/now-news.de\/de\/deutschland\/eu-aktienrente-ab-2024-propaganda-und-betrug-einer-neoliberalen-rentenpolitik\/#breadcrumb\",\"itemListElement\":[{\"@type\":\"ListItem\",\"position\":1,\"name\":\"Home\",\"item\":\"https:\/\/now-news.de\/de\/\"},{\"@type\":\"ListItem\",\"position\":2,\"name\":\"&quot;EU-Aktienrente&quot; ab 2024 \u2013 Propaganda und Betrug einer neoliberalen Rentenpolitik\"}]},{\"@type\":\"WebSite\",\"@id\":\"https:\/\/now-news.de\/de\/#website\",\"url\":\"https:\/\/now-news.de\/de\/\",\"name\":\"just-now.NEWS Deutschland\",\"description\":\"Das Portal f\u00fcr unzensierte Nachrichten aus der Welt\",\"publisher\":{\"@id\":\"https:\/\/now-news.de\/de\/#organization\"},\"potentialAction\":[{\"@type\":\"SearchAction\",\"target\":{\"@type\":\"EntryPoint\",\"urlTemplate\":\"https:\/\/now-news.de\/de\/?s={search_term_string}\"},\"query-input\":\"required name=search_term_string\"}],\"inLanguage\":\"de\"},{\"@type\":\"Organization\",\"@id\":\"https:\/\/now-news.de\/de\/#organization\",\"name\":\"Just Now News\",\"url\":\"https:\/\/now-news.de\/de\/\",\"logo\":{\"@type\":\"ImageObject\",\"inLanguage\":\"de\",\"@id\":\"https:\/\/now-news.de\/de\/#\/schema\/logo\/image\/\",\"url\":\"http:\/\/just-now.news\/de\/wp-content\/uploads\/sites\/3\/2022\/04\/logo500x500.jpg\",\"contentUrl\":\"http:\/\/just-now.news\/de\/wp-content\/uploads\/sites\/3\/2022\/04\/logo500x500.jpg\",\"width\":500,\"height\":500,\"caption\":\"Just Now News\"},\"image\":{\"@id\":\"https:\/\/now-news.de\/de\/#\/schema\/logo\/image\/\"},\"sameAs\":[\"https:\/\/www.facebook.com\/wirmachenauf\",\"https:\/\/x.com\/WirMachenAuf_de\"]},{\"@type\":\"Person\",\"@id\":\"https:\/\/now-news.de\/de\/#\/schema\/person\/fb534a4e865501d8b3285208df34a9b5\",\"name\":\"rtnews\",\"image\":{\"@type\":\"ImageObject\",\"inLanguage\":\"de\",\"@id\":\"https:\/\/now-news.de\/de\/#\/schema\/person\/image\/\",\"url\":\"https:\/\/secure.gravatar.com\/avatar\/82aafea7d8127119dd649515f56e2117?s=96&d=mm&r=g\",\"contentUrl\":\"https:\/\/secure.gravatar.com\/avatar\/82aafea7d8127119dd649515f56e2117?s=96&d=mm&r=g\",\"caption\":\"rtnews\"},\"url\":\"https:\/\/now-news.de\/de\/author\/rnews\/\"}]}<\/script>\n<!-- \/ Yoast SEO Premium plugin. -->","yoast_head_json":{"title":"&quot;EU-Aktienrente&quot; ab 2024 \u2013 Propaganda und Betrug einer neoliberalen Rentenpolitik - just-now.NEWS Deutschland","robots":{"index":"index","follow":"follow","max-snippet":"max-snippet:-1","max-image-preview":"max-image-preview:large","max-video-preview":"max-video-preview:-1"},"canonical":"https:\/\/now-news.de\/de\/deutschland\/eu-aktienrente-ab-2024-propaganda-und-betrug-einer-neoliberalen-rentenpolitik\/","og_locale":"de_DE","og_type":"article","og_title":"&quot;EU-Aktienrente&quot; ab 2024 \u2013 Propaganda und Betrug einer neoliberalen Rentenpolitik","og_description":"Auf der Veranstaltung &#8220;Unsere Rente \u2013 Kein Spielball f\u00fcr BlackRock und Co!&#8221; werden einige Instrumente der neoliberalen Rentenpolitik erkl\u00e4rt. Lobbyisten von BlackRock und Co haben eine neue EU-Rentenverordnung und eine &#8220;Aktienrente&#8221; ab Januar 2024 durchgesetzt. Von Felicitas Rabe Menschenw\u00fcrdige Renten f\u00fcr Alle \u2013 wie in \u00d6sterreich! Das fordern die Organisatoren der Veranstaltung Rentenforum mit dem [&hellip;]","og_url":"https:\/\/now-news.de\/de\/deutschland\/eu-aktienrente-ab-2024-propaganda-und-betrug-einer-neoliberalen-rentenpolitik\/","og_site_name":"just-now.NEWS Deutschland","article_publisher":"https:\/\/www.facebook.com\/wirmachenauf","article_published_time":"2023-10-11T05:15:02+00:00","og_image":[{"width":1280,"height":960,"url":"https:\/\/now-news.de\/de\/wp-content\/uploads\/sites\/3\/2023\/10\/quotEU-Aktienrentequot-ab-2024-\u2013-Propaganda-und-Betrug-einer-neoliberalen-Rentenpolitik.jpg","type":"image\/jpeg"}],"author":"rtnews","twitter_card":"summary_large_image","twitter_creator":"@WirMachenAuf_de","twitter_site":"@WirMachenAuf_de","twitter_misc":{"Verfasst von":"rtnews","Gesch\u00e4tzte Lesezeit":"4\u00a0Minuten"},"schema":{"@context":"https:\/\/schema.org","@graph":[{"@type":"Article","@id":"https:\/\/now-news.de\/de\/deutschland\/eu-aktienrente-ab-2024-propaganda-und-betrug-einer-neoliberalen-rentenpolitik\/#article","isPartOf":{"@id":"https:\/\/now-news.de\/de\/deutschland\/eu-aktienrente-ab-2024-propaganda-und-betrug-einer-neoliberalen-rentenpolitik\/"},"author":{"name":"rtnews","@id":"https:\/\/now-news.de\/de\/#\/schema\/person\/fb534a4e865501d8b3285208df34a9b5"},"headline":"&quot;EU-Aktienrente&quot; ab 2024 \u2013 Propaganda und Betrug einer neoliberalen Rentenpolitik","datePublished":"2023-10-11T05:15:02+00:00","dateModified":"2023-10-11T05:15:02+00:00","mainEntityOfPage":{"@id":"https:\/\/now-news.de\/de\/deutschland\/eu-aktienrente-ab-2024-propaganda-und-betrug-einer-neoliberalen-rentenpolitik\/"},"wordCount":906,"commentCount":0,"publisher":{"@id":"https:\/\/now-news.de\/de\/#organization"},"image":{"@id":"https:\/\/now-news.de\/de\/deutschland\/eu-aktienrente-ab-2024-propaganda-und-betrug-einer-neoliberalen-rentenpolitik\/#primaryimage"},"thumbnailUrl":"https:\/\/now-news.de\/de\/wp-content\/uploads\/sites\/3\/2023\/10\/quotEU-Aktienrentequot-ab-2024-\u2013-Propaganda-und-Betrug-einer-neoliberalen-Rentenpolitik.jpg","keywords":["Betrug","einer","neoliberalen","Propaganda","quotEUAktienrentequot","Rentenpolitik","und"],"articleSection":["Deutschland","Russland"],"inLanguage":"de","potentialAction":[{"@type":"CommentAction","name":"Comment","target":["https:\/\/now-news.de\/de\/deutschland\/eu-aktienrente-ab-2024-propaganda-und-betrug-einer-neoliberalen-rentenpolitik\/#respond"]}]},{"@type":"WebPage","@id":"https:\/\/now-news.de\/de\/deutschland\/eu-aktienrente-ab-2024-propaganda-und-betrug-einer-neoliberalen-rentenpolitik\/","url":"https:\/\/now-news.de\/de\/deutschland\/eu-aktienrente-ab-2024-propaganda-und-betrug-einer-neoliberalen-rentenpolitik\/","name":"&quot;EU-Aktienrente&quot; ab 2024 \u2013 Propaganda und Betrug einer neoliberalen Rentenpolitik - just-now.NEWS Deutschland","isPartOf":{"@id":"https:\/\/now-news.de\/de\/#website"},"primaryImageOfPage":{"@id":"https:\/\/now-news.de\/de\/deutschland\/eu-aktienrente-ab-2024-propaganda-und-betrug-einer-neoliberalen-rentenpolitik\/#primaryimage"},"image":{"@id":"https:\/\/now-news.de\/de\/deutschland\/eu-aktienrente-ab-2024-propaganda-und-betrug-einer-neoliberalen-rentenpolitik\/#primaryimage"},"thumbnailUrl":"https:\/\/now-news.de\/de\/wp-content\/uploads\/sites\/3\/2023\/10\/quotEU-Aktienrentequot-ab-2024-\u2013-Propaganda-und-Betrug-einer-neoliberalen-Rentenpolitik.jpg","datePublished":"2023-10-11T05:15:02+00:00","dateModified":"2023-10-11T05:15:02+00:00","breadcrumb":{"@id":"https:\/\/now-news.de\/de\/deutschland\/eu-aktienrente-ab-2024-propaganda-und-betrug-einer-neoliberalen-rentenpolitik\/#breadcrumb"},"inLanguage":"de","potentialAction":[{"@type":"ReadAction","target":["https:\/\/now-news.de\/de\/deutschland\/eu-aktienrente-ab-2024-propaganda-und-betrug-einer-neoliberalen-rentenpolitik\/"]}]},{"@type":"ImageObject","inLanguage":"de","@id":"https:\/\/now-news.de\/de\/deutschland\/eu-aktienrente-ab-2024-propaganda-und-betrug-einer-neoliberalen-rentenpolitik\/#primaryimage","url":"https:\/\/now-news.de\/de\/wp-content\/uploads\/sites\/3\/2023\/10\/quotEU-Aktienrentequot-ab-2024-\u2013-Propaganda-und-Betrug-einer-neoliberalen-Rentenpolitik.jpg","contentUrl":"https:\/\/now-news.de\/de\/wp-content\/uploads\/sites\/3\/2023\/10\/quotEU-Aktienrentequot-ab-2024-\u2013-Propaganda-und-Betrug-einer-neoliberalen-Rentenpolitik.jpg","width":1280,"height":960,"caption":"&quot;EU-Aktienrente&quot; ab 2024 \u2013 Propaganda und Betrug einer neoliberalen Rentenpolitik"},{"@type":"BreadcrumbList","@id":"https:\/\/now-news.de\/de\/deutschland\/eu-aktienrente-ab-2024-propaganda-und-betrug-einer-neoliberalen-rentenpolitik\/#breadcrumb","itemListElement":[{"@type":"ListItem","position":1,"name":"Home","item":"https:\/\/now-news.de\/de\/"},{"@type":"ListItem","position":2,"name":"&quot;EU-Aktienrente&quot; ab 2024 \u2013 Propaganda und Betrug einer neoliberalen Rentenpolitik"}]},{"@type":"WebSite","@id":"https:\/\/now-news.de\/de\/#website","url":"https:\/\/now-news.de\/de\/","name":"just-now.NEWS Deutschland","description":"Das Portal f\u00fcr unzensierte Nachrichten aus der Welt","publisher":{"@id":"https:\/\/now-news.de\/de\/#organization"},"potentialAction":[{"@type":"SearchAction","target":{"@type":"EntryPoint","urlTemplate":"https:\/\/now-news.de\/de\/?s={search_term_string}"},"query-input":"required name=search_term_string"}],"inLanguage":"de"},{"@type":"Organization","@id":"https:\/\/now-news.de\/de\/#organization","name":"Just Now News","url":"https:\/\/now-news.de\/de\/","logo":{"@type":"ImageObject","inLanguage":"de","@id":"https:\/\/now-news.de\/de\/#\/schema\/logo\/image\/","url":"http:\/\/just-now.news\/de\/wp-content\/uploads\/sites\/3\/2022\/04\/logo500x500.jpg","contentUrl":"http:\/\/just-now.news\/de\/wp-content\/uploads\/sites\/3\/2022\/04\/logo500x500.jpg","width":500,"height":500,"caption":"Just Now News"},"image":{"@id":"https:\/\/now-news.de\/de\/#\/schema\/logo\/image\/"},"sameAs":["https:\/\/www.facebook.com\/wirmachenauf","https:\/\/x.com\/WirMachenAuf_de"]},{"@type":"Person","@id":"https:\/\/now-news.de\/de\/#\/schema\/person\/fb534a4e865501d8b3285208df34a9b5","name":"rtnews","image":{"@type":"ImageObject","inLanguage":"de","@id":"https:\/\/now-news.de\/de\/#\/schema\/person\/image\/","url":"https:\/\/secure.gravatar.com\/avatar\/82aafea7d8127119dd649515f56e2117?s=96&d=mm&r=g","contentUrl":"https:\/\/secure.gravatar.com\/avatar\/82aafea7d8127119dd649515f56e2117?s=96&d=mm&r=g","caption":"rtnews"},"url":"https:\/\/now-news.de\/de\/author\/rnews\/"}]}},"_links":{"self":[{"href":"https:\/\/now-news.de\/de\/wp-json\/wp\/v2\/posts\/47831"}],"collection":[{"href":"https:\/\/now-news.de\/de\/wp-json\/wp\/v2\/posts"}],"about":[{"href":"https:\/\/now-news.de\/de\/wp-json\/wp\/v2\/types\/post"}],"author":[{"embeddable":true,"href":"https:\/\/now-news.de\/de\/wp-json\/wp\/v2\/users\/3"}],"replies":[{"embeddable":true,"href":"https:\/\/now-news.de\/de\/wp-json\/wp\/v2\/comments?post=47831"}],"version-history":[{"count":0,"href":"https:\/\/now-news.de\/de\/wp-json\/wp\/v2\/posts\/47831\/revisions"}],"wp:featuredmedia":[{"embeddable":true,"href":"https:\/\/now-news.de\/de\/wp-json\/wp\/v2\/media\/47832"}],"wp:attachment":[{"href":"https:\/\/now-news.de\/de\/wp-json\/wp\/v2\/media?parent=47831"}],"wp:term":[{"taxonomy":"category","embeddable":true,"href":"https:\/\/now-news.de\/de\/wp-json\/wp\/v2\/categories?post=47831"},{"taxonomy":"post_tag","embeddable":true,"href":"https:\/\/now-news.de\/de\/wp-json\/wp\/v2\/tags?post=47831"}],"curies":[{"name":"wp","href":"https:\/\/api.w.org\/{rel}","templated":true}]}}