{"id":47815,"date":"2023-10-10T20:50:50","date_gmt":"2023-10-10T18:50:50","guid":{"rendered":"https:\/\/just-now.news\/de\/deutschland\/das-narrativ-zu-kontrollieren-westen-aendert-ton-der-berichterstattung-ueber-die-ukraine\/"},"modified":"2023-10-10T20:50:50","modified_gmt":"2023-10-10T18:50:50","slug":"das-narrativ-zu-kontrollieren-westen-aendert-ton-der-berichterstattung-ueber-die-ukraine","status":"publish","type":"post","link":"https:\/\/now-news.de\/de\/deutschland\/das-narrativ-zu-kontrollieren-westen-aendert-ton-der-berichterstattung-ueber-die-ukraine\/","title":{"rendered":"&quot;Das Narrativ zu kontrollieren&quot;: Westen \u00e4ndert Ton der Berichterstattung \u00fcber die Ukraine"},"content":{"rendered":"<p><img decoding=\"async\" src=\"http:\/\/just-now.news\/de\/wp-content\/uploads\/sites\/3\/2023\/10\/6525360cb480cc540476f79e.jpg\" \/><\/p>\n<div class=\"Text-root Text-type_1 \">\n                Mehrere westliche Medien ver\u00f6ffentlichten Beitr\u00e4ge, die ein negatives Bild der milit\u00e4rischen Lage des Kiewer Regimes zeichnen. Nach Sch\u00e4tzungen der Experten zeugen diese Angaben von zunehmender Absicht des Westens, die Ukraine fallen zu lassen.\n            <\/div>\n<p><\/p>\n<div class=\"Text-root Text-type_5 ArticleView-text ViewText-root \">\n<p><em>Von Irina Taran, Jelisaweta Komarowa<\/em><\/p>\n<p>Der Westen f\u00fchrt einen Kampf um die Kontrolle der Berichterstattung \u00fcber den Ukraine-Konflikt und versucht zu erreichen, dass die Aktionen des ukrainischen Milit\u00e4rs in den Weltmedien auf eine f\u00fcr ihn g\u00fcnstige Weise beleuchtet werden,\u00a0<em><a rel=\"nofollow noopener\" target=\"_blank\" href=\"https:\/\/www.washingtonpost.com\/world\/2023\/10\/07\/ukraine-russia-narrative-war-control\/\">schrieben<\/a><\/em> die Journalisten der US-amerikanischen Zeitung <em>The Washington Post <\/em>(WP).<\/p>\n<blockquote>\n<p><em>&#8220;Auch ein anderer Kampf entfaltet sich, dessen Ziel es ist, das Narrativ zu kontrollieren und zu beeinflussen, wie die Welt den Krieg sieht. Nach zahlreichen Klagen \u00fcber den langsamen Fortschritt und den d\u00fcsteren Einsch\u00e4tzungen der Perspektiven der Ukraine w\u00e4hrend des Sommers konzentrierten sich ukrainische und westliche Beamte in vergangenen Wochen darauf, das Narrativ umzugestalten, um Erwartungen zu d\u00e4mpfen und die Unterst\u00fctzung f\u00fcr den Winter zu sichern&#8221;,<\/em><\/p>\n<\/blockquote>\n<p>erkl\u00e4rten die Autoren.<\/p>\n<p>Bei dem Versuch, &#8220;das Gef\u00fchl zu kompensieren&#8221;, dass die ukrainische Gegenoffensive stecken geblieben sei, w\u00fcrden hochrangige westliche Beamte, darunter US-Staatssekret\u00e4r Anthony Blinken und NATO-Generalsekret\u00e4r Jens Stoltenberg, versuchen, den &#8220;Fortschritt&#8221; der Ukraine zu betonen. So habe etwa der NATO-Chef &#8220;signifikante&#8221; Fortschritte auf dem Schlachtfeld angepriesen, berichteten die Journalisten.<\/p>\n<p>&#8220;In den j\u00fcngsten Pressekonferenzen haben westliche Beamte ungewohnte Besorgnis dar\u00fcber ge\u00e4u\u00dfert, wie der Krieg wahrgenommen und wie \u00fcber ihn berichtet wird. Die sonst \u00fcblicherweise verhaltenen Sprecher lenkten von ihren Notizen ab und dr\u00e4ngten Journalisten dazu, \u00fcber die Entwicklungen auf dem Schlachtfeld hinauszublicken und das &#8216;gr\u00f6\u00dfere Bild&#8217; des Kriegs zu betrachten&#8221;, hei\u00dft es in dem Artikel.<\/p>\n<p>Doch dieses &#8220;gr\u00f6\u00dfere Bild&#8221; pers\u00f6nlich zu \u00fcberpr\u00fcfen, werde f\u00fcr die Journalisten immer schwieriger, denn in vergangenen Wochen habe das ukrainische Milit\u00e4r immer gr\u00f6\u00dfere Zugangsbeschr\u00e4nkungen zur Frontlinie verh\u00e4ngt. Dabei spiele im Westen die Kontrolle \u00fcber die Berichterstattung eine vorrangige Rolle, um die gesellschaftliche Unterst\u00fctzung der Ukraine aufrechtzuerhalten, schrieben die Journalisten.<\/p>\n<p>In einigen L\u00e4ndern, darunter in den USA, schwinde diese Unterst\u00fctzung zunehmend. Debatten um gro\u00dfe Ausgaben f\u00fcr die Ukraine h\u00e4tten bereits die Wahlkampagnen in Polen und der Slowakei beeinflusst, so im Artikel der <em>WP <\/em>zu lesen.<em><br \/><\/em><\/p>\n<p>\u00dcberdies bahne sich laut den Journalisten die Gefahr eines &#8220;Einfrieren des Konflikts&#8221; an, bei gleichzeitiger Abnahme der internationalen Hilfe. Die Leser der gr\u00f6\u00dften amerikanischen Zeitung w\u00fcrden jedoch die Objektivit\u00e4t der Washington Post nicht sch\u00e4tzen, kritisierten die Autoren des Materials, und sie w\u00fcrden die Publikation der L\u00fcge bezichtigen.<\/p>\n<p>&#8220;WaPo, ihr habt die Verantwortung, die Wahrheit zu berichten, wenn ihr diese M\u00f6glichkeit habt, sonst wird &#8216;die Demokratie in der Dunkelheit sterben'&#8221;, bemerkte einer der Nutzer.<\/p>\n<p>Ein anderer Kommentator behauptete, dass Medien, die das Kiewer Regime diskreditieren, entlarvt und das von ihnen angeblich verbreitete &#8220;Chaos&#8221; verurteilt werden m\u00fcsse. Das Gleiche solle seiner Meinung nach den angeblich prorussischen Politikern in der Republikanischen Partei passieren.<\/p>\n<p>&#8220;Fake News und b\u00f6swillige Putin-Anh\u00e4nger unter Trumps Handlangern k\u00f6nnen Erfolg haben und die Ukraine dazu verdammen, zu verk\u00fcmmern und zu sterben. Die Medien scheinen jede Gelegenheit zu nutzen, um die Ukraine zu diskreditieren. Sie h\u00f6hlen damit die Unterst\u00fctzung aus und machen den Widerstand der republikanischen Banditen noch heftiger&#8221;, behauptete der Nutzer.<\/p>\n<p>Ein weiterer Kommentator behauptete, dass der &#8220;pro-Putin-Kurs der Republikaner im Repr\u00e4sentantenhaus ein Informationsbild aus &#8216;alternativen Fakten'&#8221; zeichne in dem Versuch, das Bestreben zu rechtfertigen, Russland zu helfen.<\/p>\n<p><strong>&#8220;Alles bricht zusammen&#8221;<\/strong><\/p>\n<p>Neben der <em>Washington Post<\/em> ver\u00f6ffentlichten auch andere westliche Medien Beitr\u00e4ge, die die Lage des Kiewer Regimes auf dem Schlachtfeld in einem negativen Licht darstellen.<\/p>\n<p>So <a rel=\"nofollow noopener\" target=\"_blank\" href=\"https:\/\/www.youtube.com\/watch?v=-MSGD_V4_fU\">ver\u00f6ffentlichte<\/a> der YouTube-Kanal <em>Judging Freedom <\/em>am 5. Oktober ein Interview mit dem ehemaligen britischen Diplomaten und Ex-Mitarbeiter der MI6 Alastair Crooke, der behauptete, dass die Ukraine jetzt schon einen &#8220;Kollaps&#8221; in allen Bereichen erlebe und das Kiewer Regime im kommenden Winter eine Niederlage gegen Russland erleiden werde, sollte seine milit\u00e4rische Unterst\u00fctzung eingestellt werden.<\/p>\n<p>&#8220;Alles bricht zusammen im weitesten Sinne, und wenn es kein Geld geben wird, wird die gegenw\u00e4rtige Phase des Kriegs meiner Meinung nach in diesem Winter zu Ende sein&#8221;, behauptete er und f\u00fcgte hinzu, dass die Ukraine nicht \u00fcber die f\u00fcr den Winter notwendige Technik und \u00fcber immer weniger Waffen und Personal verf\u00fcge.<\/p>\n<p>Am n\u00e4chsten Tag schrieben Journalisten der US-Zeitung <em>The Christian Science Monitor<\/em>, dass in letzter Zeit &#8220;Risse in der Mauer der westlichen Hilfe f\u00fcr die Ukraine&#8221; entstanden seien \u2013 nicht nur in den USA, wo die Zahl der Gegner der Finanzierung Kiews im Kongress w\u00e4chst, sondern auch in Europa, insbesondere in der Slowakei, in Polen und in Ungarn.<\/p>\n<p>Kiew verliere die Unterst\u00fctzung des Westens, <a rel=\"nofollow noopener\" target=\"_blank\" href=\"https:\/\/news.sky.com\/story\/western-support-for-ukraine-is-waning-but-its-up-to-zelenskyy-to-decide-what-happens-next-12977519\">schlussfolgerte<\/a> ein Analytiker des britischen Fernsehkanals <em>Sky News<\/em>. Ihm zufolge trete in den westlichen Staaten immer mehr die M\u00fcdigkeit bez\u00fcglich des Ukraine-Konflikts zutage und immer mehr Beachtung werde auf innere Probleme gerichtet. Die Notwendigkeit, Kiew milit\u00e4risch und finanziell zu unterst\u00fctzen, k\u00f6nne f\u00fcr die westlichen Staaten zu einer ernsthaften B\u00fcrde werden, so der Journalist.<\/p>\n<p>&#8220;Wenn es der Ukraine nicht gelungen ist, in diesem Sommer vorzur\u00fccken, in dem sie so gut wie nur m\u00f6glich vorbereitet war, wird die weitere milit\u00e4rische Unterst\u00fctzung aus dem Westen nur zu einem verl\u00e4ngerten, kostspieligen und praktisch statischen Konflikt f\u00fchren&#8221;, erkl\u00e4rte der Analytiker der <em>Sky News<\/em>.<\/p>\n<p><strong>Verminderung des medienpolitischen Status<\/strong><\/p>\n<p>Wie der Professor des Instituts f\u00fcr Medien der Wirtschaftshochschule Moskau Dmitri Jewstafjew gegen\u00fcber <em>RT<\/em> erkl\u00e4rte, h\u00e4tten die westlichen Medien urspr\u00fcnglich zwar gar nichts zur realen Lage des ukrainischen Milit\u00e4rs berichtet, aber inzwischen habe sich die Lage ge\u00e4ndert.<\/p>\n<blockquote>\n<p><em>&#8220;Das Bestreben, die Ukraine allm\u00e4hlich fallen zu lassen, ist durchaus offensichtlich. Doch die Aufgabe besteht nicht allein darin, den medienpolitischen Status der Ukraine-Frage in den westlichen Medien zu vermindern, sondern auch den Imageschaden f\u00fcr den Westen selbst zu minimieren,&#8221;<\/em><\/p>\n<\/blockquote>\n<p>merkte er an.<\/p>\n<p>&#8220;Hofften die Vertreter der westlichen Medien zuvor noch darauf, dass es dem ukrainischen Milit\u00e4r gelinge, die russische Verteidigung zu durchbrechen und hielten sich mit Kritik an Kiew zur\u00fcck, so versuchen Experten, Beobachter und Journalisten jetzt, die Verantwortung f\u00fcr die Misserfolge vom Westen auf das Kiewer Regime abzuw\u00e4lzen&#8221;, erkl\u00e4rte Jewstafjew.<\/p>\n<p>Gleichzeitig betonte der Experte, dass die <em>WP<\/em>, indem sie Details \u00fcber den Kampf des Westens um die Kontrolle der Berichterstattung \u00fcber den Ukraine-Konflikt enth\u00fcllte, &#8220;fast zum ersten Mal die Wahrheit sagte und sofort daf\u00fcr bezahlte&#8221;.<\/p>\n<p>&#8220;W\u00e4hrend der Zeit, als in den Medien \u00fcberall behauptet wurde, dass die Ukraine mithilfe des kollektiven Westens siegen k\u00f6nne und es ihnen gelingen w\u00fcrde, Russland zum Zerfall zu bringen, begann ein bedeutender Bev\u00f6lkerungsanteil in den USA und in anderen westlichen L\u00e4ndern, daran zu glauben. Und jetzt, wo in den Medien ein neues Narrativ erschaffen wird, st\u00f6\u00dft es auf Menschen, denen ganz andere Gedanken beigebracht wurden. Das ist eine gew\u00f6hnliche Propagandafalle. Und einen Ausweg aus dieser Lage zu finden, wird sehr schwierig sein&#8221;, glaubt der Analyst.<\/p>\n<p>Nach Meinung von Pawel Feldman, Politikwissenschaftler und Dozent an der Akademie f\u00fcr Arbeit und soziale Beziehungen, hat sich die Stammleserschaft der <em>WP<\/em> daran gew\u00f6hnt, dass die Zeitung \u00fcblicherweise im proukrainischen und antirussischen Ton berichtet.<\/p>\n<p>&#8220;Und nun \u00f6ffnen diese Menschen ihre Lieblingszeitung und sehen pl\u00f6tzlich, dass sich der Ton der Berichterstattung ge\u00e4ndert hat, dass Informationen \u00fcber die neue Strategie der westlichen F\u00fchrer in Bezug auf die Ukraine geleakt werden.<\/p>\n<p>Das widerspricht ihrer vorgebildeten Position. Diese Menschen k\u00f6nnen keine alternativen Sichtweisen akzeptieren. Das passiert oft, wenn ein Publikum, das sich in einer komfortablen Informationsblase befindet, pl\u00f6tzlich mit Informationen konfrontiert wird, die seinen vorgebildeten politischen und ideologischen Standpunkten widersprechen&#8221;, erkl\u00e4rte der Experte in einem Gespr\u00e4ch mit <em>RT<\/em>.<\/p>\n<p>Jetzt beginnen nach Feldmans Ansicht <em>WP <\/em>und andere Medien, die bis zuletzt f\u00fcr die Ukraine gearbeitet hatten, zunehmend Position f\u00fcr diejenigen politischen Eliten zu beziehen, die von Anfang an gegen uneingeschr\u00e4nkte finanzielle und milit\u00e4rische Hilfe an Kiew eintraten.<\/p>\n<p>&#8220;Jetzt, nach einem weiteren Scheitern der Gegenoffensive, hat diese Gruppe zus\u00e4tzliche Argumente im Kampf gegen ihre Opponenten erhalten. Doch auch wenn die Vertreter der US-Administration und ihre NATO-Verb\u00fcndeten \u00fcber das Scheitern des ukrainischen Milit\u00e4rs bestens Bescheid wissen, verschweigen sie diese Informationen absichtlich. Sie wollen keine Informationsbombe unter Joe Bidens Stellung legen, erst recht nicht im Vorfeld der kommenden Pr\u00e4sidentenwahlen im Jahr 2024&#8221;, sagte der Analytiker.<\/p>\n<p>Dies komme dem Kiewer Regime zugute, das mit allen Mitteln versucht, die westlichen Journalisten daran zu hindern, unmittelbar von der Front in der Ukraine zu berichten, bemerkte Feldman.<\/p>\n<p>&#8220;Sollten sich Vertreter westlicher Medien pl\u00f6tzlich an der Frontlinie wiederfinden, werden sie gezwungen sein, ihrem Publikum davon zu berichten, wie schlecht es um die ukrainische Armee wirklich steht. Und das Wichtigste ist, dass sie eine f\u00fcr Kiew schreckliche Frage stellen k\u00f6nnten: &#8220;Wohin gingen die Gelder der US-amerikanischen und europ\u00e4ischen Steuerzahler, wenn das ukrainische Milit\u00e4r auf dem Schlachtfeld eine Niederlage erleidet?&#8221;, schlussfolgerte der Experte.<\/p>\n<p><em>\u00dcbersetzt aus dem <a rel=\"nofollow noopener\" target=\"_blank\" href=\"https:\/\/russian.rt.com\/world\/article\/1213805-smi-ssha-osveshenie-ukraina\">Russischen<\/a>.<\/em><\/p>\n<p><strong>Mehr zum Thema\u00a0\u2013<\/strong>\u00a0<a rel=\"nofollow noopener\" target=\"_blank\" href=\"https:\/\/freedert.online\/meinung\/182948-ukraine-muedigkeit-im-westen-beunruhigt\/\">Die Ukraine-M\u00fcdigkeit im Westen beunruhigt die Eliten im Umfeld der NATO \u2013 und das sollte sie auch<\/a><\/p>\n<\/div>\n<p><br \/>\n<br \/><a href=\"https:\/\/de.rt.com\/international\/183233-narrativ-zu-kontrollieren-westen-aendert\/\">Source link <\/a><\/p>\n","protected":false},"excerpt":{"rendered":"<p>Mehrere westliche Medien ver\u00f6ffentlichten Beitr\u00e4ge, die ein negatives Bild der milit\u00e4rischen Lage des Kiewer Regimes zeichnen. Nach Sch\u00e4tzungen der Experten zeugen diese Angaben von zunehmender Absicht des Westens, die Ukraine fallen zu lassen. Von Irina Taran, Jelisaweta Komarowa Der Westen f\u00fchrt einen Kampf um die Kontrolle der Berichterstattung \u00fcber den Ukraine-Konflikt und versucht zu erreichen, [&hellip;]<\/p>\n","protected":false},"author":3,"featured_media":47816,"comment_status":"open","ping_status":"open","sticky":false,"template":"","format":"standard","meta":{"_yoast_indexnow_last_ping":["1696964373"],"wp_automatic_camp":["217"],"242e1014a8169ee03701aa0a63c4d9f1":["&quot;Das Narrativ zu kontrollieren&quot;: Westen \u00e4ndert Ton der Berichterstattung \u00fcber die Ukraine"],"original_link":["https:\/\/de.rt.com\/international\/183233-narrativ-zu-kontrollieren-westen-aendert\/"],"_thumbnail_id":["47816"],"_wptgpro_p2tg_sent2tg":["a:1:{i:23737;s:19:\"2023-10-10 21:01:37\";}"],"jnews_social_counter_last_update":["1777174560"]},"categories":[19,23],"tags":[6657,11509,82,45,39396,7543,4209,23507,139,127,378],"yoast_head":"<!-- This site is optimized with the Yoast SEO Premium plugin v22.7 (Yoast SEO v22.7) - https:\/\/yoast.com\/wordpress\/plugins\/seo\/ -->\n<title>&quot;Das Narrativ zu kontrollieren&quot;: Westen \u00e4ndert Ton der Berichterstattung \u00fcber die Ukraine - just-now.NEWS Deutschland<\/title>\n<meta name=\"robots\" content=\"index, follow, max-snippet:-1, max-image-preview:large, max-video-preview:-1\" \/>\n<link rel=\"canonical\" href=\"https:\/\/now-news.de\/de\/deutschland\/das-narrativ-zu-kontrollieren-westen-aendert-ton-der-berichterstattung-ueber-die-ukraine\/\" \/>\n<meta property=\"og:locale\" content=\"de_DE\" \/>\n<meta property=\"og:type\" content=\"article\" \/>\n<meta property=\"og:title\" content=\"&quot;Das Narrativ zu kontrollieren&quot;: Westen \u00e4ndert Ton der Berichterstattung \u00fcber die Ukraine\" \/>\n<meta property=\"og:description\" content=\"Mehrere westliche Medien ver\u00f6ffentlichten Beitr\u00e4ge, die ein negatives Bild der milit\u00e4rischen Lage des Kiewer Regimes zeichnen. Nach Sch\u00e4tzungen der Experten zeugen diese Angaben von zunehmender Absicht des Westens, die Ukraine fallen zu lassen. Von Irina Taran, Jelisaweta Komarowa Der Westen f\u00fchrt einen Kampf um die Kontrolle der Berichterstattung \u00fcber den Ukraine-Konflikt und versucht zu erreichen, [&hellip;]\" \/>\n<meta property=\"og:url\" content=\"https:\/\/now-news.de\/de\/deutschland\/das-narrativ-zu-kontrollieren-westen-aendert-ton-der-berichterstattung-ueber-die-ukraine\/\" \/>\n<meta property=\"og:site_name\" content=\"just-now.NEWS Deutschland\" \/>\n<meta property=\"article:publisher\" content=\"https:\/\/www.facebook.com\/wirmachenauf\" \/>\n<meta property=\"article:published_time\" content=\"2023-10-10T18:50:50+00:00\" \/>\n<meta property=\"og:image\" content=\"https:\/\/now-news.de\/de\/wp-content\/uploads\/sites\/3\/2023\/10\/quotDas-Narrativ-zu-kontrollierenquot-Westen-aendert-Ton-der-Berichterstattung-ueber.jpg\" \/>\n\t<meta property=\"og:image:width\" content=\"460\" \/>\n\t<meta property=\"og:image:height\" content=\"259\" \/>\n\t<meta property=\"og:image:type\" content=\"image\/jpeg\" \/>\n<meta name=\"author\" content=\"rtnews\" \/>\n<meta name=\"twitter:card\" content=\"summary_large_image\" \/>\n<meta name=\"twitter:creator\" content=\"@WirMachenAuf_de\" \/>\n<meta name=\"twitter:site\" content=\"@WirMachenAuf_de\" \/>\n<meta name=\"twitter:label1\" content=\"Verfasst von\" \/>\n\t<meta name=\"twitter:data1\" content=\"rtnews\" \/>\n\t<meta name=\"twitter:label2\" content=\"Gesch\u00e4tzte Lesezeit\" \/>\n\t<meta name=\"twitter:data2\" content=\"8\u00a0Minuten\" \/>\n<script type=\"application\/ld+json\" class=\"yoast-schema-graph\">{\"@context\":\"https:\/\/schema.org\",\"@graph\":[{\"@type\":\"Article\",\"@id\":\"https:\/\/now-news.de\/de\/deutschland\/das-narrativ-zu-kontrollieren-westen-aendert-ton-der-berichterstattung-ueber-die-ukraine\/#article\",\"isPartOf\":{\"@id\":\"https:\/\/now-news.de\/de\/deutschland\/das-narrativ-zu-kontrollieren-westen-aendert-ton-der-berichterstattung-ueber-die-ukraine\/\"},\"author\":{\"name\":\"rtnews\",\"@id\":\"https:\/\/now-news.de\/de\/#\/schema\/person\/fb534a4e865501d8b3285208df34a9b5\"},\"headline\":\"&quot;Das Narrativ zu kontrollieren&quot;: Westen \u00e4ndert Ton der Berichterstattung \u00fcber die Ukraine\",\"datePublished\":\"2023-10-10T18:50:50+00:00\",\"dateModified\":\"2023-10-10T18:50:50+00:00\",\"mainEntityOfPage\":{\"@id\":\"https:\/\/now-news.de\/de\/deutschland\/das-narrativ-zu-kontrollieren-westen-aendert-ton-der-berichterstattung-ueber-die-ukraine\/\"},\"wordCount\":1544,\"commentCount\":0,\"publisher\":{\"@id\":\"https:\/\/now-news.de\/de\/#organization\"},\"image\":{\"@id\":\"https:\/\/now-news.de\/de\/deutschland\/das-narrativ-zu-kontrollieren-westen-aendert-ton-der-berichterstattung-ueber-die-ukraine\/#primaryimage\"},\"thumbnailUrl\":\"https:\/\/now-news.de\/de\/wp-content\/uploads\/sites\/3\/2023\/10\/quotDas-Narrativ-zu-kontrollierenquot-Westen-aendert-Ton-der-Berichterstattung-ueber.jpg\",\"keywords\":[\"\u00e4ndert\",\"Berichterstattung\",\"der\",\"die\",\"kontrollierenquot\",\"Narrativ\",\"quotDas\",\"Ton\",\"\u00fcber\",\"ukraine\",\"Westen\"],\"articleSection\":[\"Deutschland\",\"Russland\"],\"inLanguage\":\"de\",\"potentialAction\":[{\"@type\":\"CommentAction\",\"name\":\"Comment\",\"target\":[\"https:\/\/now-news.de\/de\/deutschland\/das-narrativ-zu-kontrollieren-westen-aendert-ton-der-berichterstattung-ueber-die-ukraine\/#respond\"]}]},{\"@type\":\"WebPage\",\"@id\":\"https:\/\/now-news.de\/de\/deutschland\/das-narrativ-zu-kontrollieren-westen-aendert-ton-der-berichterstattung-ueber-die-ukraine\/\",\"url\":\"https:\/\/now-news.de\/de\/deutschland\/das-narrativ-zu-kontrollieren-westen-aendert-ton-der-berichterstattung-ueber-die-ukraine\/\",\"name\":\"&quot;Das Narrativ zu kontrollieren&quot;: Westen \u00e4ndert Ton der Berichterstattung \u00fcber die Ukraine - just-now.NEWS Deutschland\",\"isPartOf\":{\"@id\":\"https:\/\/now-news.de\/de\/#website\"},\"primaryImageOfPage\":{\"@id\":\"https:\/\/now-news.de\/de\/deutschland\/das-narrativ-zu-kontrollieren-westen-aendert-ton-der-berichterstattung-ueber-die-ukraine\/#primaryimage\"},\"image\":{\"@id\":\"https:\/\/now-news.de\/de\/deutschland\/das-narrativ-zu-kontrollieren-westen-aendert-ton-der-berichterstattung-ueber-die-ukraine\/#primaryimage\"},\"thumbnailUrl\":\"https:\/\/now-news.de\/de\/wp-content\/uploads\/sites\/3\/2023\/10\/quotDas-Narrativ-zu-kontrollierenquot-Westen-aendert-Ton-der-Berichterstattung-ueber.jpg\",\"datePublished\":\"2023-10-10T18:50:50+00:00\",\"dateModified\":\"2023-10-10T18:50:50+00:00\",\"breadcrumb\":{\"@id\":\"https:\/\/now-news.de\/de\/deutschland\/das-narrativ-zu-kontrollieren-westen-aendert-ton-der-berichterstattung-ueber-die-ukraine\/#breadcrumb\"},\"inLanguage\":\"de\",\"potentialAction\":[{\"@type\":\"ReadAction\",\"target\":[\"https:\/\/now-news.de\/de\/deutschland\/das-narrativ-zu-kontrollieren-westen-aendert-ton-der-berichterstattung-ueber-die-ukraine\/\"]}]},{\"@type\":\"ImageObject\",\"inLanguage\":\"de\",\"@id\":\"https:\/\/now-news.de\/de\/deutschland\/das-narrativ-zu-kontrollieren-westen-aendert-ton-der-berichterstattung-ueber-die-ukraine\/#primaryimage\",\"url\":\"https:\/\/now-news.de\/de\/wp-content\/uploads\/sites\/3\/2023\/10\/quotDas-Narrativ-zu-kontrollierenquot-Westen-aendert-Ton-der-Berichterstattung-ueber.jpg\",\"contentUrl\":\"https:\/\/now-news.de\/de\/wp-content\/uploads\/sites\/3\/2023\/10\/quotDas-Narrativ-zu-kontrollierenquot-Westen-aendert-Ton-der-Berichterstattung-ueber.jpg\",\"width\":460,\"height\":259,\"caption\":\"&quot;Das Narrativ zu kontrollieren&quot;: Westen \u00e4ndert Ton der Berichterstattung \u00fcber die Ukraine\"},{\"@type\":\"BreadcrumbList\",\"@id\":\"https:\/\/now-news.de\/de\/deutschland\/das-narrativ-zu-kontrollieren-westen-aendert-ton-der-berichterstattung-ueber-die-ukraine\/#breadcrumb\",\"itemListElement\":[{\"@type\":\"ListItem\",\"position\":1,\"name\":\"Home\",\"item\":\"https:\/\/now-news.de\/de\/\"},{\"@type\":\"ListItem\",\"position\":2,\"name\":\"&quot;Das Narrativ zu kontrollieren&quot;: Westen \u00e4ndert Ton der Berichterstattung \u00fcber die Ukraine\"}]},{\"@type\":\"WebSite\",\"@id\":\"https:\/\/now-news.de\/de\/#website\",\"url\":\"https:\/\/now-news.de\/de\/\",\"name\":\"just-now.NEWS Deutschland\",\"description\":\"Das Portal f\u00fcr unzensierte Nachrichten aus der Welt\",\"publisher\":{\"@id\":\"https:\/\/now-news.de\/de\/#organization\"},\"potentialAction\":[{\"@type\":\"SearchAction\",\"target\":{\"@type\":\"EntryPoint\",\"urlTemplate\":\"https:\/\/now-news.de\/de\/?s={search_term_string}\"},\"query-input\":\"required name=search_term_string\"}],\"inLanguage\":\"de\"},{\"@type\":\"Organization\",\"@id\":\"https:\/\/now-news.de\/de\/#organization\",\"name\":\"Just Now News\",\"url\":\"https:\/\/now-news.de\/de\/\",\"logo\":{\"@type\":\"ImageObject\",\"inLanguage\":\"de\",\"@id\":\"https:\/\/now-news.de\/de\/#\/schema\/logo\/image\/\",\"url\":\"http:\/\/just-now.news\/de\/wp-content\/uploads\/sites\/3\/2022\/04\/logo500x500.jpg\",\"contentUrl\":\"http:\/\/just-now.news\/de\/wp-content\/uploads\/sites\/3\/2022\/04\/logo500x500.jpg\",\"width\":500,\"height\":500,\"caption\":\"Just Now News\"},\"image\":{\"@id\":\"https:\/\/now-news.de\/de\/#\/schema\/logo\/image\/\"},\"sameAs\":[\"https:\/\/www.facebook.com\/wirmachenauf\",\"https:\/\/x.com\/WirMachenAuf_de\"]},{\"@type\":\"Person\",\"@id\":\"https:\/\/now-news.de\/de\/#\/schema\/person\/fb534a4e865501d8b3285208df34a9b5\",\"name\":\"rtnews\",\"image\":{\"@type\":\"ImageObject\",\"inLanguage\":\"de\",\"@id\":\"https:\/\/now-news.de\/de\/#\/schema\/person\/image\/\",\"url\":\"https:\/\/secure.gravatar.com\/avatar\/82aafea7d8127119dd649515f56e2117?s=96&d=mm&r=g\",\"contentUrl\":\"https:\/\/secure.gravatar.com\/avatar\/82aafea7d8127119dd649515f56e2117?s=96&d=mm&r=g\",\"caption\":\"rtnews\"},\"url\":\"https:\/\/now-news.de\/de\/author\/rnews\/\"}]}<\/script>\n<!-- \/ Yoast SEO Premium plugin. -->","yoast_head_json":{"title":"&quot;Das Narrativ zu kontrollieren&quot;: Westen \u00e4ndert Ton der Berichterstattung \u00fcber die Ukraine - just-now.NEWS Deutschland","robots":{"index":"index","follow":"follow","max-snippet":"max-snippet:-1","max-image-preview":"max-image-preview:large","max-video-preview":"max-video-preview:-1"},"canonical":"https:\/\/now-news.de\/de\/deutschland\/das-narrativ-zu-kontrollieren-westen-aendert-ton-der-berichterstattung-ueber-die-ukraine\/","og_locale":"de_DE","og_type":"article","og_title":"&quot;Das Narrativ zu kontrollieren&quot;: Westen \u00e4ndert Ton der Berichterstattung \u00fcber die Ukraine","og_description":"Mehrere westliche Medien ver\u00f6ffentlichten Beitr\u00e4ge, die ein negatives Bild der milit\u00e4rischen Lage des Kiewer Regimes zeichnen. Nach Sch\u00e4tzungen der Experten zeugen diese Angaben von zunehmender Absicht des Westens, die Ukraine fallen zu lassen. Von Irina Taran, Jelisaweta Komarowa Der Westen f\u00fchrt einen Kampf um die Kontrolle der Berichterstattung \u00fcber den Ukraine-Konflikt und versucht zu erreichen, [&hellip;]","og_url":"https:\/\/now-news.de\/de\/deutschland\/das-narrativ-zu-kontrollieren-westen-aendert-ton-der-berichterstattung-ueber-die-ukraine\/","og_site_name":"just-now.NEWS Deutschland","article_publisher":"https:\/\/www.facebook.com\/wirmachenauf","article_published_time":"2023-10-10T18:50:50+00:00","og_image":[{"width":460,"height":259,"url":"https:\/\/now-news.de\/de\/wp-content\/uploads\/sites\/3\/2023\/10\/quotDas-Narrativ-zu-kontrollierenquot-Westen-aendert-Ton-der-Berichterstattung-ueber.jpg","type":"image\/jpeg"}],"author":"rtnews","twitter_card":"summary_large_image","twitter_creator":"@WirMachenAuf_de","twitter_site":"@WirMachenAuf_de","twitter_misc":{"Verfasst von":"rtnews","Gesch\u00e4tzte Lesezeit":"8\u00a0Minuten"},"schema":{"@context":"https:\/\/schema.org","@graph":[{"@type":"Article","@id":"https:\/\/now-news.de\/de\/deutschland\/das-narrativ-zu-kontrollieren-westen-aendert-ton-der-berichterstattung-ueber-die-ukraine\/#article","isPartOf":{"@id":"https:\/\/now-news.de\/de\/deutschland\/das-narrativ-zu-kontrollieren-westen-aendert-ton-der-berichterstattung-ueber-die-ukraine\/"},"author":{"name":"rtnews","@id":"https:\/\/now-news.de\/de\/#\/schema\/person\/fb534a4e865501d8b3285208df34a9b5"},"headline":"&quot;Das Narrativ zu kontrollieren&quot;: Westen \u00e4ndert Ton der Berichterstattung \u00fcber die Ukraine","datePublished":"2023-10-10T18:50:50+00:00","dateModified":"2023-10-10T18:50:50+00:00","mainEntityOfPage":{"@id":"https:\/\/now-news.de\/de\/deutschland\/das-narrativ-zu-kontrollieren-westen-aendert-ton-der-berichterstattung-ueber-die-ukraine\/"},"wordCount":1544,"commentCount":0,"publisher":{"@id":"https:\/\/now-news.de\/de\/#organization"},"image":{"@id":"https:\/\/now-news.de\/de\/deutschland\/das-narrativ-zu-kontrollieren-westen-aendert-ton-der-berichterstattung-ueber-die-ukraine\/#primaryimage"},"thumbnailUrl":"https:\/\/now-news.de\/de\/wp-content\/uploads\/sites\/3\/2023\/10\/quotDas-Narrativ-zu-kontrollierenquot-Westen-aendert-Ton-der-Berichterstattung-ueber.jpg","keywords":["\u00e4ndert","Berichterstattung","der","die","kontrollierenquot","Narrativ","quotDas","Ton","\u00fcber","ukraine","Westen"],"articleSection":["Deutschland","Russland"],"inLanguage":"de","potentialAction":[{"@type":"CommentAction","name":"Comment","target":["https:\/\/now-news.de\/de\/deutschland\/das-narrativ-zu-kontrollieren-westen-aendert-ton-der-berichterstattung-ueber-die-ukraine\/#respond"]}]},{"@type":"WebPage","@id":"https:\/\/now-news.de\/de\/deutschland\/das-narrativ-zu-kontrollieren-westen-aendert-ton-der-berichterstattung-ueber-die-ukraine\/","url":"https:\/\/now-news.de\/de\/deutschland\/das-narrativ-zu-kontrollieren-westen-aendert-ton-der-berichterstattung-ueber-die-ukraine\/","name":"&quot;Das Narrativ zu kontrollieren&quot;: Westen \u00e4ndert Ton der Berichterstattung \u00fcber die Ukraine - just-now.NEWS Deutschland","isPartOf":{"@id":"https:\/\/now-news.de\/de\/#website"},"primaryImageOfPage":{"@id":"https:\/\/now-news.de\/de\/deutschland\/das-narrativ-zu-kontrollieren-westen-aendert-ton-der-berichterstattung-ueber-die-ukraine\/#primaryimage"},"image":{"@id":"https:\/\/now-news.de\/de\/deutschland\/das-narrativ-zu-kontrollieren-westen-aendert-ton-der-berichterstattung-ueber-die-ukraine\/#primaryimage"},"thumbnailUrl":"https:\/\/now-news.de\/de\/wp-content\/uploads\/sites\/3\/2023\/10\/quotDas-Narrativ-zu-kontrollierenquot-Westen-aendert-Ton-der-Berichterstattung-ueber.jpg","datePublished":"2023-10-10T18:50:50+00:00","dateModified":"2023-10-10T18:50:50+00:00","breadcrumb":{"@id":"https:\/\/now-news.de\/de\/deutschland\/das-narrativ-zu-kontrollieren-westen-aendert-ton-der-berichterstattung-ueber-die-ukraine\/#breadcrumb"},"inLanguage":"de","potentialAction":[{"@type":"ReadAction","target":["https:\/\/now-news.de\/de\/deutschland\/das-narrativ-zu-kontrollieren-westen-aendert-ton-der-berichterstattung-ueber-die-ukraine\/"]}]},{"@type":"ImageObject","inLanguage":"de","@id":"https:\/\/now-news.de\/de\/deutschland\/das-narrativ-zu-kontrollieren-westen-aendert-ton-der-berichterstattung-ueber-die-ukraine\/#primaryimage","url":"https:\/\/now-news.de\/de\/wp-content\/uploads\/sites\/3\/2023\/10\/quotDas-Narrativ-zu-kontrollierenquot-Westen-aendert-Ton-der-Berichterstattung-ueber.jpg","contentUrl":"https:\/\/now-news.de\/de\/wp-content\/uploads\/sites\/3\/2023\/10\/quotDas-Narrativ-zu-kontrollierenquot-Westen-aendert-Ton-der-Berichterstattung-ueber.jpg","width":460,"height":259,"caption":"&quot;Das Narrativ zu kontrollieren&quot;: Westen \u00e4ndert Ton der Berichterstattung \u00fcber die Ukraine"},{"@type":"BreadcrumbList","@id":"https:\/\/now-news.de\/de\/deutschland\/das-narrativ-zu-kontrollieren-westen-aendert-ton-der-berichterstattung-ueber-die-ukraine\/#breadcrumb","itemListElement":[{"@type":"ListItem","position":1,"name":"Home","item":"https:\/\/now-news.de\/de\/"},{"@type":"ListItem","position":2,"name":"&quot;Das Narrativ zu kontrollieren&quot;: Westen \u00e4ndert Ton der Berichterstattung \u00fcber die Ukraine"}]},{"@type":"WebSite","@id":"https:\/\/now-news.de\/de\/#website","url":"https:\/\/now-news.de\/de\/","name":"just-now.NEWS Deutschland","description":"Das Portal f\u00fcr unzensierte Nachrichten aus der Welt","publisher":{"@id":"https:\/\/now-news.de\/de\/#organization"},"potentialAction":[{"@type":"SearchAction","target":{"@type":"EntryPoint","urlTemplate":"https:\/\/now-news.de\/de\/?s={search_term_string}"},"query-input":"required name=search_term_string"}],"inLanguage":"de"},{"@type":"Organization","@id":"https:\/\/now-news.de\/de\/#organization","name":"Just Now News","url":"https:\/\/now-news.de\/de\/","logo":{"@type":"ImageObject","inLanguage":"de","@id":"https:\/\/now-news.de\/de\/#\/schema\/logo\/image\/","url":"http:\/\/just-now.news\/de\/wp-content\/uploads\/sites\/3\/2022\/04\/logo500x500.jpg","contentUrl":"http:\/\/just-now.news\/de\/wp-content\/uploads\/sites\/3\/2022\/04\/logo500x500.jpg","width":500,"height":500,"caption":"Just Now News"},"image":{"@id":"https:\/\/now-news.de\/de\/#\/schema\/logo\/image\/"},"sameAs":["https:\/\/www.facebook.com\/wirmachenauf","https:\/\/x.com\/WirMachenAuf_de"]},{"@type":"Person","@id":"https:\/\/now-news.de\/de\/#\/schema\/person\/fb534a4e865501d8b3285208df34a9b5","name":"rtnews","image":{"@type":"ImageObject","inLanguage":"de","@id":"https:\/\/now-news.de\/de\/#\/schema\/person\/image\/","url":"https:\/\/secure.gravatar.com\/avatar\/82aafea7d8127119dd649515f56e2117?s=96&d=mm&r=g","contentUrl":"https:\/\/secure.gravatar.com\/avatar\/82aafea7d8127119dd649515f56e2117?s=96&d=mm&r=g","caption":"rtnews"},"url":"https:\/\/now-news.de\/de\/author\/rnews\/"}]}},"_links":{"self":[{"href":"https:\/\/now-news.de\/de\/wp-json\/wp\/v2\/posts\/47815"}],"collection":[{"href":"https:\/\/now-news.de\/de\/wp-json\/wp\/v2\/posts"}],"about":[{"href":"https:\/\/now-news.de\/de\/wp-json\/wp\/v2\/types\/post"}],"author":[{"embeddable":true,"href":"https:\/\/now-news.de\/de\/wp-json\/wp\/v2\/users\/3"}],"replies":[{"embeddable":true,"href":"https:\/\/now-news.de\/de\/wp-json\/wp\/v2\/comments?post=47815"}],"version-history":[{"count":0,"href":"https:\/\/now-news.de\/de\/wp-json\/wp\/v2\/posts\/47815\/revisions"}],"wp:featuredmedia":[{"embeddable":true,"href":"https:\/\/now-news.de\/de\/wp-json\/wp\/v2\/media\/47816"}],"wp:attachment":[{"href":"https:\/\/now-news.de\/de\/wp-json\/wp\/v2\/media?parent=47815"}],"wp:term":[{"taxonomy":"category","embeddable":true,"href":"https:\/\/now-news.de\/de\/wp-json\/wp\/v2\/categories?post=47815"},{"taxonomy":"post_tag","embeddable":true,"href":"https:\/\/now-news.de\/de\/wp-json\/wp\/v2\/tags?post=47815"}],"curies":[{"name":"wp","href":"https:\/\/api.w.org\/{rel}","templated":true}]}}