{"id":47805,"date":"2023-10-10T19:19:22","date_gmt":"2023-10-10T17:19:22","guid":{"rendered":"https:\/\/just-now.news\/de\/deutschland\/top-kommandeure-polnischer-armee-treten-nach-raketenskandal-zurueck\/"},"modified":"2023-10-10T19:19:22","modified_gmt":"2023-10-10T17:19:22","slug":"top-kommandeure-polnischer-armee-treten-nach-raketenskandal-zurueck","status":"publish","type":"post","link":"https:\/\/now-news.de\/de\/deutschland\/top-kommandeure-polnischer-armee-treten-nach-raketenskandal-zurueck\/","title":{"rendered":"Top-Kommandeure polnischer Armee treten nach Raketenskandal zur\u00fcck"},"content":{"rendered":"<p><img decoding=\"async\" src=\"http:\/\/just-now.news\/de\/wp-content\/uploads\/sites\/3\/2023\/10\/65256ab5b480cc7d91605810.jpg\" \/><\/p>\n<div class=\"Text-root Text-type_1 \">\n                Nach dem Skandal um eine in Polen abgest\u00fcrzte Rakete, die im April letzten Jahres entdeckt wurde, sind hochrangige polnische Milit\u00e4roffiziere zur\u00fcckgetreten, so der Sender Polsat. Verteidigungsminister B\u0142aszczak beschuldigte das Milit\u00e4r der Nachl\u00e4ssigkeit.\n            <\/div>\n<p><\/p>\n<div class=\"Text-root Text-type_5 ArticleView-text ViewText-root \">\n<p>General Rajmund Andrzejczak, Chef des Generalstabs der polnischen Armee, und Tomasz Piotrowski, operativer Befehlshaber der Streitkr\u00e4fte, sind zur\u00fcckgetreten, wie Fernseh- und Radiosender\u00a0<em>Polsat<\/em>\u00a0<a rel=\"nofollow noopener\" target=\"_blank\" href=\"https:\/\/www.polsatnews.pl\/wiadomosc\/2023-10-10\/trzesienie-ziemi-w-armii-media-dymisje-skladaja-najwazniejsi-dowodcy\/?ref=slider\">berichtet<\/a>.<\/p>\n<p>Der polnische Generalstab best\u00e4tigte, dass Andrzejczak am Montag seinen R\u00fccktritt eingereicht hatte. Die Gr\u00fcnde f\u00fcr die Entscheidung wurden dort nicht kommentiert, man lehnte weitere Erkl\u00e4rungen ab. Auch das Einsatzkommando der Streitkr\u00e4fte best\u00e4tigte den R\u00fccktritt Piotrowskis. Der Sprecher des Kommandos, Oberstleutnant Jacek Goryszewski, sagte:<\/p>\n<blockquote>\n<p><em>&#8220;Jeder Soldat hat das Recht, einen solchen Antrag zu stellen, und der General hat davon Gebrauch gemacht.&#8221;<\/em><\/p>\n<\/blockquote>\n<p><em>Polsat<\/em>\u00a0weist darauf hin, dass die Spannungen in der polnischen Armee schon seit Monaten andauern. Ausl\u00f6ser f\u00fcr den Konflikt war ein Skandal um eine abgeschossene Rakete, die im Mai in der N\u00e4he der Stadt Bydgoszcz gefunden wurde. Der polnische Verteidigungsminister Mariusz B\u0142aszczak machte Piotrowski f\u00fcr den Vorfall verantwortlich, beschuldigte ihn der Nachl\u00e4ssigkeit und schlug seine Entlassung vor.<\/p>\n<p>Das von Piotrowski geleitete Einsatzkommando betonte seitdem seine Beteiligung an der Verteidigung des polnischen Luftraums, w\u00e4hrend der General selbst dazu aufrief, &#8220;stark und konsolidiert&#8221; zu sein. Er sagte:<\/p>\n<blockquote>\n<p><em>&#8220;Damit wir uns gegenseitig unterst\u00fctzen, damit nie wieder Situationen entstehen, die dem Feind helfen und uns schaden.&#8221;<\/em><\/p>\n<\/blockquote>\n<p>Unterst\u00fctzung f\u00fcr Piotrowski \u00e4u\u00dferte damals der ehemalige Chef des Generalstabs der Armee, Rajmund Andrzejczak, wie\u00a0<em>Polsat<\/em>\u00a0berichtet.<\/p>\n<p>Krzysztof Gawkowski, Abgeordneter der Opposition und Vorsitzender der Linksallianz im polnischen Parlament, bezeichnete die R\u00fccktritte der Gener\u00e4le als &#8220;rote Karte&#8221; f\u00fcr Minister B\u0142aszczak. Er erkl\u00e4rte:<\/p>\n<blockquote>\n<p><em>&#8220;Ich glaube, es war besch\u00e4mend f\u00fcr die W\u00e4hler, Sicherheit zu versprechen. Ich fordere den R\u00fccktritt B\u0142aszczak noch heute.&#8221;<\/em><\/p>\n<\/blockquote>\n<p>Ende April wurde 15 Kilometer von der Stadt Bydgoszcz entfernt\u00a0&#8220;ein nicht identifiziertes milit\u00e4risches Objekt&#8221; entdeckt.\u00a0<em>Onet<\/em>\u00a0behauptete, dass das mehrere Meter lange Fragment Teil einer Rakete sein k\u00f6nnte, die von einem russischen Flugzeug abgefeuert wurde. Anfang Mai erkl\u00e4rte das Institut f\u00fcr Technologie der polnischen Luftwaffe, bei der gefundenen Rakete handele es sich um eine russische X-55.<\/p>\n<p>Der polnische Verteidigungsminister Mariusz B\u0142aszczak sagte, die abgeschossene Rakete k\u00f6nnte aus der Ukraine stammen. Der stellvertretende Minister Marcin Ociepa behauptete sp\u00e4ter, die Rakete sei nicht auf Polen gerichtet gewesen und stelle keine Bedrohung dar.<\/p>\n<p>Im November 2022 schlugen zwei Raketen in der polnischen Stadt Przewod\u00f3w, acht Kilometer von der ukrainischen Grenze entfernt, ein. Bei der Explosion einer der Raketen wurden zwei Menschen get\u00f6tet. Der polnische Pr\u00e4sident Andrzej Duda betrachtete den Vorfall als Unfall und ging davon aus, dass die explodierte Rakete zum ukrainischen Luftabwehrsystem geh\u00f6rte. Das russische Verteidigungsministerium erkl\u00e4rte umgehend, dass es mit dem Vorfall nichts zu tun habe. Der Sprecher des russischen Verteidigungsministeriums, Igor Konaschenkow, sagte:<\/p>\n<blockquote>\n<p><em>&#8220;Die Fotos der Wrackteile, die am Abend des 15. November in Polen im Dorf Przewod\u00f3w entdeckt wurden, sind von den Spezialisten der russischen Verteidigungsindustrie eindeutig als Teile einer S-300-Luftabwehrlenkwaffe der ukrainischen Luftwaffe identifiziert worden.&#8221;<\/em><\/p>\n<\/blockquote>\n<p>Polnische Ermittler schlossen schlie\u00dflich aus, dass die Rakete aus Russland abgefeuert wurde, schrieb\u00a0<em>Rzeczpospolita<\/em>\u00a0im September 2023 unter Berufung auf die Schlussfolgerung der Untersuchung. Die Zeitung stellte fest, dass die ukrainische Seite bei den Ermittlungen nicht mit der polnischen Seite zusammenarbeitete.<\/p>\n<p><strong>Mehr zum Thema<\/strong> &#8211; <a rel=\"nofollow noopener\" target=\"_blank\" href=\"https:\/\/freedert.online\/nordamerika\/155074-wegen-falschmeldung-ueber-russischen-raketenangriff\/\">Wegen Falschmeldung \u00fcber &#8220;russischen&#8221; Angriff auf Polen: AP entl\u00e4sst verantwortlichen Reporter<\/a><\/p>\n<\/div>\n<p><br \/>\n<br \/><a href=\"https:\/\/de.rt.com\/europa\/183283-top-kommandeure-polnischer-armee-treten\/\">Source link <\/a><\/p>\n","protected":false},"excerpt":{"rendered":"<p>Nach dem Skandal um eine in Polen abgest\u00fcrzte Rakete, die im April letzten Jahres entdeckt wurde, sind hochrangige polnische Milit\u00e4roffiziere zur\u00fcckgetreten, so der Sender Polsat. Verteidigungsminister B\u0142aszczak beschuldigte das Milit\u00e4r der Nachl\u00e4ssigkeit. General Rajmund Andrzejczak, Chef des Generalstabs der polnischen Armee, und Tomasz Piotrowski, operativer Befehlshaber der Streitkr\u00e4fte, sind zur\u00fcckgetreten, wie Fernseh- und Radiosender\u00a0Polsat\u00a0berichtet. Der [&hellip;]<\/p>\n","protected":false},"author":3,"featured_media":47806,"comment_status":"open","ping_status":"open","sticky":false,"template":"","format":"standard","meta":{"_yoast_indexnow_last_ping":["1696959209"],"wp_automatic_camp":["217"],"1a3654c14dcabe227d3a6f0d208d57d6":["Top-Kommandeure polnischer Armee treten nach Raketenskandal zur\u00fcck"],"original_link":["https:\/\/de.rt.com\/europa\/183283-top-kommandeure-polnischer-armee-treten\/"],"_thumbnail_id":["47806"],"_wptgpro_p2tg_sent2tg":["a:1:{i:23737;s:19:\"2023-10-10 19:34:31\";}"],"jnews_social_counter_last_update":["1777216700"]},"categories":[19,23],"tags":[2398,979,19459,49677,49676,19677,3337],"yoast_head":"<!-- This site is optimized with the Yoast SEO Premium plugin v22.7 (Yoast SEO v22.7) - https:\/\/yoast.com\/wordpress\/plugins\/seo\/ -->\n<title>Top-Kommandeure polnischer Armee treten nach Raketenskandal zur\u00fcck - just-now.NEWS Deutschland<\/title>\n<meta name=\"robots\" content=\"index, follow, max-snippet:-1, max-image-preview:large, max-video-preview:-1\" \/>\n<link rel=\"canonical\" href=\"https:\/\/now-news.de\/de\/deutschland\/top-kommandeure-polnischer-armee-treten-nach-raketenskandal-zurueck\/\" \/>\n<meta property=\"og:locale\" content=\"de_DE\" \/>\n<meta property=\"og:type\" content=\"article\" \/>\n<meta property=\"og:title\" content=\"Top-Kommandeure polnischer Armee treten nach Raketenskandal zur\u00fcck\" \/>\n<meta property=\"og:description\" content=\"Nach dem Skandal um eine in Polen abgest\u00fcrzte Rakete, die im April letzten Jahres entdeckt wurde, sind hochrangige polnische Milit\u00e4roffiziere zur\u00fcckgetreten, so der Sender Polsat. Verteidigungsminister B\u0142aszczak beschuldigte das Milit\u00e4r der Nachl\u00e4ssigkeit. General Rajmund Andrzejczak, Chef des Generalstabs der polnischen Armee, und Tomasz Piotrowski, operativer Befehlshaber der Streitkr\u00e4fte, sind zur\u00fcckgetreten, wie Fernseh- und Radiosender\u00a0Polsat\u00a0berichtet. Der [&hellip;]\" \/>\n<meta property=\"og:url\" content=\"https:\/\/now-news.de\/de\/deutschland\/top-kommandeure-polnischer-armee-treten-nach-raketenskandal-zurueck\/\" \/>\n<meta property=\"og:site_name\" content=\"just-now.NEWS Deutschland\" \/>\n<meta property=\"article:publisher\" content=\"https:\/\/www.facebook.com\/wirmachenauf\" \/>\n<meta property=\"article:published_time\" content=\"2023-10-10T17:19:22+00:00\" \/>\n<meta property=\"og:image\" content=\"https:\/\/now-news.de\/de\/wp-content\/uploads\/sites\/3\/2023\/10\/Top-Kommandeure-polnischer-Armee-treten-nach-Raketenskandal-zurueck.jpg\" \/>\n\t<meta property=\"og:image:width\" content=\"460\" \/>\n\t<meta property=\"og:image:height\" content=\"259\" \/>\n\t<meta property=\"og:image:type\" content=\"image\/jpeg\" \/>\n<meta name=\"author\" content=\"rtnews\" \/>\n<meta name=\"twitter:card\" content=\"summary_large_image\" \/>\n<meta name=\"twitter:creator\" content=\"@WirMachenAuf_de\" \/>\n<meta name=\"twitter:site\" content=\"@WirMachenAuf_de\" \/>\n<meta name=\"twitter:label1\" content=\"Verfasst von\" \/>\n\t<meta name=\"twitter:data1\" content=\"rtnews\" \/>\n\t<meta name=\"twitter:label2\" content=\"Gesch\u00e4tzte Lesezeit\" \/>\n\t<meta name=\"twitter:data2\" content=\"3\u00a0Minuten\" \/>\n<script type=\"application\/ld+json\" class=\"yoast-schema-graph\">{\"@context\":\"https:\/\/schema.org\",\"@graph\":[{\"@type\":\"Article\",\"@id\":\"https:\/\/now-news.de\/de\/deutschland\/top-kommandeure-polnischer-armee-treten-nach-raketenskandal-zurueck\/#article\",\"isPartOf\":{\"@id\":\"https:\/\/now-news.de\/de\/deutschland\/top-kommandeure-polnischer-armee-treten-nach-raketenskandal-zurueck\/\"},\"author\":{\"name\":\"rtnews\",\"@id\":\"https:\/\/now-news.de\/de\/#\/schema\/person\/fb534a4e865501d8b3285208df34a9b5\"},\"headline\":\"Top-Kommandeure polnischer Armee treten nach Raketenskandal zur\u00fcck\",\"datePublished\":\"2023-10-10T17:19:22+00:00\",\"dateModified\":\"2023-10-10T17:19:22+00:00\",\"mainEntityOfPage\":{\"@id\":\"https:\/\/now-news.de\/de\/deutschland\/top-kommandeure-polnischer-armee-treten-nach-raketenskandal-zurueck\/\"},\"wordCount\":592,\"commentCount\":0,\"publisher\":{\"@id\":\"https:\/\/now-news.de\/de\/#organization\"},\"image\":{\"@id\":\"https:\/\/now-news.de\/de\/deutschland\/top-kommandeure-polnischer-armee-treten-nach-raketenskandal-zurueck\/#primaryimage\"},\"thumbnailUrl\":\"https:\/\/now-news.de\/de\/wp-content\/uploads\/sites\/3\/2023\/10\/Top-Kommandeure-polnischer-Armee-treten-nach-Raketenskandal-zurueck.jpg\",\"keywords\":[\"Armee\",\"nach\",\"Polnischer\",\"Raketenskandal\",\"TopKommandeure\",\"treten\",\"zur\u00fcck\"],\"articleSection\":[\"Deutschland\",\"Russland\"],\"inLanguage\":\"de\",\"potentialAction\":[{\"@type\":\"CommentAction\",\"name\":\"Comment\",\"target\":[\"https:\/\/now-news.de\/de\/deutschland\/top-kommandeure-polnischer-armee-treten-nach-raketenskandal-zurueck\/#respond\"]}]},{\"@type\":\"WebPage\",\"@id\":\"https:\/\/now-news.de\/de\/deutschland\/top-kommandeure-polnischer-armee-treten-nach-raketenskandal-zurueck\/\",\"url\":\"https:\/\/now-news.de\/de\/deutschland\/top-kommandeure-polnischer-armee-treten-nach-raketenskandal-zurueck\/\",\"name\":\"Top-Kommandeure polnischer Armee treten nach Raketenskandal zur\u00fcck - just-now.NEWS Deutschland\",\"isPartOf\":{\"@id\":\"https:\/\/now-news.de\/de\/#website\"},\"primaryImageOfPage\":{\"@id\":\"https:\/\/now-news.de\/de\/deutschland\/top-kommandeure-polnischer-armee-treten-nach-raketenskandal-zurueck\/#primaryimage\"},\"image\":{\"@id\":\"https:\/\/now-news.de\/de\/deutschland\/top-kommandeure-polnischer-armee-treten-nach-raketenskandal-zurueck\/#primaryimage\"},\"thumbnailUrl\":\"https:\/\/now-news.de\/de\/wp-content\/uploads\/sites\/3\/2023\/10\/Top-Kommandeure-polnischer-Armee-treten-nach-Raketenskandal-zurueck.jpg\",\"datePublished\":\"2023-10-10T17:19:22+00:00\",\"dateModified\":\"2023-10-10T17:19:22+00:00\",\"breadcrumb\":{\"@id\":\"https:\/\/now-news.de\/de\/deutschland\/top-kommandeure-polnischer-armee-treten-nach-raketenskandal-zurueck\/#breadcrumb\"},\"inLanguage\":\"de\",\"potentialAction\":[{\"@type\":\"ReadAction\",\"target\":[\"https:\/\/now-news.de\/de\/deutschland\/top-kommandeure-polnischer-armee-treten-nach-raketenskandal-zurueck\/\"]}]},{\"@type\":\"ImageObject\",\"inLanguage\":\"de\",\"@id\":\"https:\/\/now-news.de\/de\/deutschland\/top-kommandeure-polnischer-armee-treten-nach-raketenskandal-zurueck\/#primaryimage\",\"url\":\"https:\/\/now-news.de\/de\/wp-content\/uploads\/sites\/3\/2023\/10\/Top-Kommandeure-polnischer-Armee-treten-nach-Raketenskandal-zurueck.jpg\",\"contentUrl\":\"https:\/\/now-news.de\/de\/wp-content\/uploads\/sites\/3\/2023\/10\/Top-Kommandeure-polnischer-Armee-treten-nach-Raketenskandal-zurueck.jpg\",\"width\":460,\"height\":259,\"caption\":\"Top-Kommandeure polnischer Armee treten nach Raketenskandal zur\u00fcck\"},{\"@type\":\"BreadcrumbList\",\"@id\":\"https:\/\/now-news.de\/de\/deutschland\/top-kommandeure-polnischer-armee-treten-nach-raketenskandal-zurueck\/#breadcrumb\",\"itemListElement\":[{\"@type\":\"ListItem\",\"position\":1,\"name\":\"Home\",\"item\":\"https:\/\/now-news.de\/de\/\"},{\"@type\":\"ListItem\",\"position\":2,\"name\":\"Top-Kommandeure polnischer Armee treten nach Raketenskandal zur\u00fcck\"}]},{\"@type\":\"WebSite\",\"@id\":\"https:\/\/now-news.de\/de\/#website\",\"url\":\"https:\/\/now-news.de\/de\/\",\"name\":\"just-now.NEWS Deutschland\",\"description\":\"Das Portal f\u00fcr unzensierte Nachrichten aus der Welt\",\"publisher\":{\"@id\":\"https:\/\/now-news.de\/de\/#organization\"},\"potentialAction\":[{\"@type\":\"SearchAction\",\"target\":{\"@type\":\"EntryPoint\",\"urlTemplate\":\"https:\/\/now-news.de\/de\/?s={search_term_string}\"},\"query-input\":\"required name=search_term_string\"}],\"inLanguage\":\"de\"},{\"@type\":\"Organization\",\"@id\":\"https:\/\/now-news.de\/de\/#organization\",\"name\":\"Just Now News\",\"url\":\"https:\/\/now-news.de\/de\/\",\"logo\":{\"@type\":\"ImageObject\",\"inLanguage\":\"de\",\"@id\":\"https:\/\/now-news.de\/de\/#\/schema\/logo\/image\/\",\"url\":\"http:\/\/just-now.news\/de\/wp-content\/uploads\/sites\/3\/2022\/04\/logo500x500.jpg\",\"contentUrl\":\"http:\/\/just-now.news\/de\/wp-content\/uploads\/sites\/3\/2022\/04\/logo500x500.jpg\",\"width\":500,\"height\":500,\"caption\":\"Just Now News\"},\"image\":{\"@id\":\"https:\/\/now-news.de\/de\/#\/schema\/logo\/image\/\"},\"sameAs\":[\"https:\/\/www.facebook.com\/wirmachenauf\",\"https:\/\/x.com\/WirMachenAuf_de\"]},{\"@type\":\"Person\",\"@id\":\"https:\/\/now-news.de\/de\/#\/schema\/person\/fb534a4e865501d8b3285208df34a9b5\",\"name\":\"rtnews\",\"image\":{\"@type\":\"ImageObject\",\"inLanguage\":\"de\",\"@id\":\"https:\/\/now-news.de\/de\/#\/schema\/person\/image\/\",\"url\":\"https:\/\/secure.gravatar.com\/avatar\/82aafea7d8127119dd649515f56e2117?s=96&d=mm&r=g\",\"contentUrl\":\"https:\/\/secure.gravatar.com\/avatar\/82aafea7d8127119dd649515f56e2117?s=96&d=mm&r=g\",\"caption\":\"rtnews\"},\"url\":\"https:\/\/now-news.de\/de\/author\/rnews\/\"}]}<\/script>\n<!-- \/ Yoast SEO Premium plugin. -->","yoast_head_json":{"title":"Top-Kommandeure polnischer Armee treten nach Raketenskandal zur\u00fcck - just-now.NEWS Deutschland","robots":{"index":"index","follow":"follow","max-snippet":"max-snippet:-1","max-image-preview":"max-image-preview:large","max-video-preview":"max-video-preview:-1"},"canonical":"https:\/\/now-news.de\/de\/deutschland\/top-kommandeure-polnischer-armee-treten-nach-raketenskandal-zurueck\/","og_locale":"de_DE","og_type":"article","og_title":"Top-Kommandeure polnischer Armee treten nach Raketenskandal zur\u00fcck","og_description":"Nach dem Skandal um eine in Polen abgest\u00fcrzte Rakete, die im April letzten Jahres entdeckt wurde, sind hochrangige polnische Milit\u00e4roffiziere zur\u00fcckgetreten, so der Sender Polsat. Verteidigungsminister B\u0142aszczak beschuldigte das Milit\u00e4r der Nachl\u00e4ssigkeit. General Rajmund Andrzejczak, Chef des Generalstabs der polnischen Armee, und Tomasz Piotrowski, operativer Befehlshaber der Streitkr\u00e4fte, sind zur\u00fcckgetreten, wie Fernseh- und Radiosender\u00a0Polsat\u00a0berichtet. Der [&hellip;]","og_url":"https:\/\/now-news.de\/de\/deutschland\/top-kommandeure-polnischer-armee-treten-nach-raketenskandal-zurueck\/","og_site_name":"just-now.NEWS Deutschland","article_publisher":"https:\/\/www.facebook.com\/wirmachenauf","article_published_time":"2023-10-10T17:19:22+00:00","og_image":[{"width":460,"height":259,"url":"https:\/\/now-news.de\/de\/wp-content\/uploads\/sites\/3\/2023\/10\/Top-Kommandeure-polnischer-Armee-treten-nach-Raketenskandal-zurueck.jpg","type":"image\/jpeg"}],"author":"rtnews","twitter_card":"summary_large_image","twitter_creator":"@WirMachenAuf_de","twitter_site":"@WirMachenAuf_de","twitter_misc":{"Verfasst von":"rtnews","Gesch\u00e4tzte Lesezeit":"3\u00a0Minuten"},"schema":{"@context":"https:\/\/schema.org","@graph":[{"@type":"Article","@id":"https:\/\/now-news.de\/de\/deutschland\/top-kommandeure-polnischer-armee-treten-nach-raketenskandal-zurueck\/#article","isPartOf":{"@id":"https:\/\/now-news.de\/de\/deutschland\/top-kommandeure-polnischer-armee-treten-nach-raketenskandal-zurueck\/"},"author":{"name":"rtnews","@id":"https:\/\/now-news.de\/de\/#\/schema\/person\/fb534a4e865501d8b3285208df34a9b5"},"headline":"Top-Kommandeure polnischer Armee treten nach Raketenskandal zur\u00fcck","datePublished":"2023-10-10T17:19:22+00:00","dateModified":"2023-10-10T17:19:22+00:00","mainEntityOfPage":{"@id":"https:\/\/now-news.de\/de\/deutschland\/top-kommandeure-polnischer-armee-treten-nach-raketenskandal-zurueck\/"},"wordCount":592,"commentCount":0,"publisher":{"@id":"https:\/\/now-news.de\/de\/#organization"},"image":{"@id":"https:\/\/now-news.de\/de\/deutschland\/top-kommandeure-polnischer-armee-treten-nach-raketenskandal-zurueck\/#primaryimage"},"thumbnailUrl":"https:\/\/now-news.de\/de\/wp-content\/uploads\/sites\/3\/2023\/10\/Top-Kommandeure-polnischer-Armee-treten-nach-Raketenskandal-zurueck.jpg","keywords":["Armee","nach","Polnischer","Raketenskandal","TopKommandeure","treten","zur\u00fcck"],"articleSection":["Deutschland","Russland"],"inLanguage":"de","potentialAction":[{"@type":"CommentAction","name":"Comment","target":["https:\/\/now-news.de\/de\/deutschland\/top-kommandeure-polnischer-armee-treten-nach-raketenskandal-zurueck\/#respond"]}]},{"@type":"WebPage","@id":"https:\/\/now-news.de\/de\/deutschland\/top-kommandeure-polnischer-armee-treten-nach-raketenskandal-zurueck\/","url":"https:\/\/now-news.de\/de\/deutschland\/top-kommandeure-polnischer-armee-treten-nach-raketenskandal-zurueck\/","name":"Top-Kommandeure polnischer Armee treten nach Raketenskandal zur\u00fcck - just-now.NEWS Deutschland","isPartOf":{"@id":"https:\/\/now-news.de\/de\/#website"},"primaryImageOfPage":{"@id":"https:\/\/now-news.de\/de\/deutschland\/top-kommandeure-polnischer-armee-treten-nach-raketenskandal-zurueck\/#primaryimage"},"image":{"@id":"https:\/\/now-news.de\/de\/deutschland\/top-kommandeure-polnischer-armee-treten-nach-raketenskandal-zurueck\/#primaryimage"},"thumbnailUrl":"https:\/\/now-news.de\/de\/wp-content\/uploads\/sites\/3\/2023\/10\/Top-Kommandeure-polnischer-Armee-treten-nach-Raketenskandal-zurueck.jpg","datePublished":"2023-10-10T17:19:22+00:00","dateModified":"2023-10-10T17:19:22+00:00","breadcrumb":{"@id":"https:\/\/now-news.de\/de\/deutschland\/top-kommandeure-polnischer-armee-treten-nach-raketenskandal-zurueck\/#breadcrumb"},"inLanguage":"de","potentialAction":[{"@type":"ReadAction","target":["https:\/\/now-news.de\/de\/deutschland\/top-kommandeure-polnischer-armee-treten-nach-raketenskandal-zurueck\/"]}]},{"@type":"ImageObject","inLanguage":"de","@id":"https:\/\/now-news.de\/de\/deutschland\/top-kommandeure-polnischer-armee-treten-nach-raketenskandal-zurueck\/#primaryimage","url":"https:\/\/now-news.de\/de\/wp-content\/uploads\/sites\/3\/2023\/10\/Top-Kommandeure-polnischer-Armee-treten-nach-Raketenskandal-zurueck.jpg","contentUrl":"https:\/\/now-news.de\/de\/wp-content\/uploads\/sites\/3\/2023\/10\/Top-Kommandeure-polnischer-Armee-treten-nach-Raketenskandal-zurueck.jpg","width":460,"height":259,"caption":"Top-Kommandeure polnischer Armee treten nach Raketenskandal zur\u00fcck"},{"@type":"BreadcrumbList","@id":"https:\/\/now-news.de\/de\/deutschland\/top-kommandeure-polnischer-armee-treten-nach-raketenskandal-zurueck\/#breadcrumb","itemListElement":[{"@type":"ListItem","position":1,"name":"Home","item":"https:\/\/now-news.de\/de\/"},{"@type":"ListItem","position":2,"name":"Top-Kommandeure polnischer Armee treten nach Raketenskandal zur\u00fcck"}]},{"@type":"WebSite","@id":"https:\/\/now-news.de\/de\/#website","url":"https:\/\/now-news.de\/de\/","name":"just-now.NEWS Deutschland","description":"Das Portal f\u00fcr unzensierte Nachrichten aus der Welt","publisher":{"@id":"https:\/\/now-news.de\/de\/#organization"},"potentialAction":[{"@type":"SearchAction","target":{"@type":"EntryPoint","urlTemplate":"https:\/\/now-news.de\/de\/?s={search_term_string}"},"query-input":"required name=search_term_string"}],"inLanguage":"de"},{"@type":"Organization","@id":"https:\/\/now-news.de\/de\/#organization","name":"Just Now News","url":"https:\/\/now-news.de\/de\/","logo":{"@type":"ImageObject","inLanguage":"de","@id":"https:\/\/now-news.de\/de\/#\/schema\/logo\/image\/","url":"http:\/\/just-now.news\/de\/wp-content\/uploads\/sites\/3\/2022\/04\/logo500x500.jpg","contentUrl":"http:\/\/just-now.news\/de\/wp-content\/uploads\/sites\/3\/2022\/04\/logo500x500.jpg","width":500,"height":500,"caption":"Just Now News"},"image":{"@id":"https:\/\/now-news.de\/de\/#\/schema\/logo\/image\/"},"sameAs":["https:\/\/www.facebook.com\/wirmachenauf","https:\/\/x.com\/WirMachenAuf_de"]},{"@type":"Person","@id":"https:\/\/now-news.de\/de\/#\/schema\/person\/fb534a4e865501d8b3285208df34a9b5","name":"rtnews","image":{"@type":"ImageObject","inLanguage":"de","@id":"https:\/\/now-news.de\/de\/#\/schema\/person\/image\/","url":"https:\/\/secure.gravatar.com\/avatar\/82aafea7d8127119dd649515f56e2117?s=96&d=mm&r=g","contentUrl":"https:\/\/secure.gravatar.com\/avatar\/82aafea7d8127119dd649515f56e2117?s=96&d=mm&r=g","caption":"rtnews"},"url":"https:\/\/now-news.de\/de\/author\/rnews\/"}]}},"_links":{"self":[{"href":"https:\/\/now-news.de\/de\/wp-json\/wp\/v2\/posts\/47805"}],"collection":[{"href":"https:\/\/now-news.de\/de\/wp-json\/wp\/v2\/posts"}],"about":[{"href":"https:\/\/now-news.de\/de\/wp-json\/wp\/v2\/types\/post"}],"author":[{"embeddable":true,"href":"https:\/\/now-news.de\/de\/wp-json\/wp\/v2\/users\/3"}],"replies":[{"embeddable":true,"href":"https:\/\/now-news.de\/de\/wp-json\/wp\/v2\/comments?post=47805"}],"version-history":[{"count":0,"href":"https:\/\/now-news.de\/de\/wp-json\/wp\/v2\/posts\/47805\/revisions"}],"wp:featuredmedia":[{"embeddable":true,"href":"https:\/\/now-news.de\/de\/wp-json\/wp\/v2\/media\/47806"}],"wp:attachment":[{"href":"https:\/\/now-news.de\/de\/wp-json\/wp\/v2\/media?parent=47805"}],"wp:term":[{"taxonomy":"category","embeddable":true,"href":"https:\/\/now-news.de\/de\/wp-json\/wp\/v2\/categories?post=47805"},{"taxonomy":"post_tag","embeddable":true,"href":"https:\/\/now-news.de\/de\/wp-json\/wp\/v2\/tags?post=47805"}],"curies":[{"name":"wp","href":"https:\/\/api.w.org\/{rel}","templated":true}]}}