{"id":47795,"date":"2023-10-10T18:05:19","date_gmt":"2023-10-10T16:05:19","guid":{"rendered":"https:\/\/just-now.news\/de\/deutschland\/zufaellig-leichen-entdeckt-israel-als-totengraeber-der-palaestinenser\/"},"modified":"2023-10-10T18:05:19","modified_gmt":"2023-10-10T16:05:19","slug":"zufaellig-leichen-entdeckt-israel-als-totengraeber-der-palaestinenser","status":"publish","type":"post","link":"https:\/\/now-news.de\/de\/deutschland\/zufaellig-leichen-entdeckt-israel-als-totengraeber-der-palaestinenser\/","title":{"rendered":"&quot;Zuf\u00e4llig&quot; Leichen entdeckt: Israel als Totengr\u00e4ber der Pal\u00e4stinenser"},"content":{"rendered":"<p><img decoding=\"async\" src=\"http:\/\/just-now.news\/de\/wp-content\/uploads\/sites\/3\/2023\/10\/6525515c48fbef6dce46849e.jpg\" \/><\/p>\n<div class=\"Text-root Text-type_1 \">\n                Kann man Leichen in einem Krieg zuf\u00e4llig entdecken oder sind sie im Rahmen von aggressiven milit\u00e4rischen Attacken nicht vorausgesetzt einkalkuliert? Autor Uli Gellermann m\u00f6chte der seitens der Ex-Kanzlerin Merkel verordnete &#8220;Staatsr\u00e4son&#8221; gegen\u00fcber Israel nur bedingt Folge leisten.\n            <\/div>\n<p><\/p>\n<div class=\"Text-root Text-type_5 ArticleView-text ViewText-root \">\n<p><em>Von Uli Gellermann<\/em><\/p>\n<p>Schon die\u00a0Formulierung der <em>Tagesschau<\/em> ist <a rel=\"nofollow noopener\" target=\"_blank\" href=\"https:\/\/www.tagesschau.de\/ausland\/asien\/gaza-israel-angriff-126.html\">grauenhaft<\/a>. Grauenhaft der unbekannten Toten wegen, aber auch wegen des blinden Journalismus der <em>Tagesschau<\/em>, die einfach nur die PR-Meldung der israelischen Armee weitergibt:<\/p>\n<blockquote>\n<p><em>&#8220;Die israelische Armee hat eigenen Angaben zufolge etwa 1.500 Leichen der Terrormiliz Hamas in Israel entdeckt.&#8221;<\/em><\/p>\n<\/blockquote>\n<p>Es ist jene Armee, die seit Jahr und Tag die Pal\u00e4stinenser terrorisiert, es ist jene Armee, die auf Steine werfende Kinder schie\u00dft, es ist jene Armee, die f\u00fcr ihre Brutalit\u00e4t bei der R\u00e4umung von Pal\u00e4stinenserh\u00e4usern bekannt ist. Diese Armee soll zuf\u00e4llig \u00fcber 1.500 Leichen gestolpert sein?<\/p>\n<p><strong>Vertreibung der Pal\u00e4stinenser<\/strong><\/p>\n<p>Seit dem Beginn der Vertreibung der Pal\u00e4stinenser aus ihren angestammten Gebieten im Jahr 1948, seit dem Todesmarsch von Lydda, als die israelische Armee etwa 70.000 pal\u00e4stinensische Araber aus dem eigenen Land warf, m\u00fcssen 4,4 Millionen Menschen in \u00fcberf\u00fcllten Fl\u00fcchtlingslagern unter schwierigsten Bedingen leben. Und seit dieser Zeit werden die Menschen, die sich gegen ihre Unterdr\u00fcckung wehren, in Verdrehung der Tatsachen &#8220;Terroristen&#8221; genannt. &#8220;Deutschland sollte sich bereit erkl\u00e4ren, auch Milit\u00e4rhilfe zu leisten, wenn Israel denn fragt&#8221;, sagte der au\u00dfenpolitische Sprecher der SPD-Bundestagsfraktion, Nils Schmid. Das ist der Grundton offizieller deutscher Reaktionen. Man ist am Leid der Pal\u00e4stinenser nicht interessiert. Man erw\u00e4gt tats\u00e4chlich &#8220;Milit\u00e4rhilfe&#8221;. Der CDU-Politiker Jens &#8216;Corona&#8217; Spahn will sogar rigoros gegen muslimische Verb\u00e4nde vorgehen, die sich nicht oder &#8220;nicht deutlich genug vom Terror der Hamas <a rel=\"nofollow noopener\" target=\"_blank\" href=\"https:\/\/www.tagesschau.de\/inland\/innenpolitik\/israel-palaestina-deutschland-100.html\">distanzierten<\/a>&#8220;.<\/p>\n<p><strong>Deutsche Staatsr\u00e4son?<\/strong><\/p>\n<p>Die sogenannte &#8220;Staatsr\u00e4son&#8221;, eine Erfindung der vormaligen Kanzlerin Merkel, schaffte es sogar in den Koalitionsvertrag.<\/p>\n<div class=\"EmbedBlock-root EmbedBlock-twitter\">\n<div class=\"TwitterEmbed\">\n<blockquote class=\"twitter-tweet lazyload\" data-twitter=\"twitter-tweet\">\n<p lang=\"de\" dir=\"ltr\">Wir stehen unverbr\u00fcchlich an der Seite <a rel=\"nofollow noopener\" target=\"_blank\" href=\"https:\/\/twitter.com\/hashtag\/Israels?src=hash&amp;ref_src=twsrc%5Etfw\">#Israels<\/a>. Das habe ich <a rel=\"nofollow noopener\" target=\"_blank\" href=\"https:\/\/twitter.com\/netanyahu?ref_src=twsrc%5Etfw\">@netanyahu<\/a> heute pers\u00f6nlich versichert. Die Sicherheit Israels ist deutsche Staatsr\u00e4son. Meine Gedanken sind bei all denen in Israel, deren Frauen, M\u00e4nner und Kinder get\u00f6tet oder verletzt worden sind.<\/p>\n<p>\u2014 Bundeskanzler Olaf Scholz (@Bundeskanzler) <a rel=\"nofollow noopener\" target=\"_blank\" href=\"https:\/\/twitter.com\/Bundeskanzler\/status\/1711022118643618165?ref_src=twsrc%5Etfw\">October 8, 2023<\/a><\/p><\/blockquote>\n<\/div>\n<\/div>\n<p>Merkel hatte 2008 zum 60. Geburtstag des Staates Israel im israelischen Parlament versprochen: &#8220;Diese historische Verantwortung Deutschlands ist Teil der Staatsr\u00e4son meines Landes: Die Sicherheit Israels ist f\u00fcr mich als Bundeskanzlerin niemals verhandelbar.&#8221; Welchem Staat wird bis heute ein deutsches Sicherheitsversprechen gegeben? Einem Staat, der sich sein Territorium widerrechtlich angeeignet hat, einem Staat, der bis heute der unsinkbare Flugzeugtr\u00e4ger der USA in diesem geostrategischen Raum ist. Sp\u00e4testens seit dem Suez-Krieg ist Israel der bewaffnete Kn\u00fcppel der alten Kolonialm\u00e4chte und der USA gegen die arabischen Staaten.<\/p>\n<p><strong>Nazi-Verbrechen rechtfertigen keine neuen Verbrechen<\/strong><\/p>\n<p>Dass nach den deutschen Morden an den europ\u00e4ischen Juden die Deutschen eine besondere Wachsamkeit gegen\u00fcber antisemitischen Tendenzen im eigenen Land haben, versteht sich, aber weder Israel noch Pal\u00e4stina sind deutsche L\u00e4nder. Und das Nazi-Verbrechen rechtfertigt kein neues Verbrechen an einem anderen Volk. Vor allem gibt es keine Rechtfertigung f\u00fcr &#8220;Milit\u00e4rhilfe&#8221;, wie sie aus dem Ukraine-Krieg sattsam bekannt ist. Wer eine solche &#8220;Hilfe&#8221; auch nur erw\u00e4gt, macht sich zum Agenten der R\u00fcstungsindustrie und der USA, die ihre strategischen Interessen \u2013 ob im Nahen Osten oder in der Ukraine \u2013\u00a0gern auch milit\u00e4risch durchsetzen wollen.<\/p>\n<blockquote>\n<p><em>&#8220;Es kann und wird f\u00fcr Israel keinen Frieden gegeben, solange Israel das Verbrechen an den Pal\u00e4stinensern nicht anerkennt und den Vertriebenen menschenw\u00fcrdige Lebensbedingungen sichert.&#8221;<\/em><\/p>\n<\/blockquote>\n<p><em>Mit freundlicher Genehmigung des Autors. Der Beitrag wurde zuerst am 10. Oktober 2023 auf der Online-Plattform\u00a0<a rel=\"nofollow noopener\" target=\"_blank\" href=\"https:\/\/www.rationalgalerie.de\/home\/zufaellig-leichen-entdeckt\">www.rationalgalerie.de<\/a>\u00a0ver\u00f6ffentlicht.<\/em><\/p>\n<p><em>Uli Gellermann\u00a0ist Filmemacher und Journalist. Seine Erfahrungen mit den \u00f6ffentlich-rechtlichen Sendern begr\u00fcnden seine Medienkritik. Er ist Betreiber der Internetseite\u00a0<a rel=\"nofollow noopener\" target=\"_blank\" href=\"https:\/\/www.rationalgalerie.de\/\">www.rationalgalerie.de<\/a>.<\/em><\/p>\n<\/p>\n<p><em><\/em><\/p>\n<\/div>\n<p><script async src=\"https:\/\/platform.twitter.com\/widgets.js\" charset=\"utf-8\"><\/script><br \/>\n<br \/><br \/>\n<br \/><a href=\"https:\/\/de.rt.com\/meinung\/183265-israel-als-totengraeber-palaestinenser-zufaellig\/\">Source link <\/a><\/p>\n","protected":false},"excerpt":{"rendered":"<p>Kann man Leichen in einem Krieg zuf\u00e4llig entdecken oder sind sie im Rahmen von aggressiven milit\u00e4rischen Attacken nicht vorausgesetzt einkalkuliert? Autor Uli Gellermann m\u00f6chte der seitens der Ex-Kanzlerin Merkel verordnete &#8220;Staatsr\u00e4son&#8221; gegen\u00fcber Israel nur bedingt Folge leisten. Von Uli Gellermann Schon die\u00a0Formulierung der Tagesschau ist grauenhaft. Grauenhaft der unbekannten Toten wegen, aber auch wegen des [&hellip;]<\/p>\n","protected":false},"author":3,"featured_media":47796,"comment_status":"open","ping_status":"open","sticky":false,"template":"","format":"standard","meta":{"_yoast_indexnow_last_ping":["1696954381"],"wp_automatic_camp":["217"],"34ddbfe1fa2a9dd6700e01787db90c0c":["&quot;Zuf\u00e4llig&quot; Leichen entdeckt: Israel als Totengr\u00e4ber der Pal\u00e4stinenser"],"original_link":["https:\/\/de.rt.com\/meinung\/183265-israel-als-totengraeber-palaestinenser-zufaellig\/"],"_thumbnail_id":["47796"],"jnews_social_counter_last_update":["1777451426"],"_wptgpro_p2tg_sent2tg":["a:1:{i:23737;s:19:\"2023-10-10 18:16:10\";}"]},"categories":[19,23],"tags":[273,82,14434,432,38304,7583,49670,49217],"yoast_head":"<!-- This site is optimized with the Yoast SEO Premium plugin v22.7 (Yoast SEO v22.7) - https:\/\/yoast.com\/wordpress\/plugins\/seo\/ -->\n<title>&quot;Zuf\u00e4llig&quot; Leichen entdeckt: Israel als Totengr\u00e4ber der Pal\u00e4stinenser - just-now.NEWS Deutschland<\/title>\n<meta name=\"robots\" content=\"index, follow, max-snippet:-1, max-image-preview:large, max-video-preview:-1\" \/>\n<link rel=\"canonical\" href=\"https:\/\/now-news.de\/de\/deutschland\/zufaellig-leichen-entdeckt-israel-als-totengraeber-der-palaestinenser\/\" \/>\n<meta property=\"og:locale\" content=\"de_DE\" \/>\n<meta property=\"og:type\" content=\"article\" \/>\n<meta property=\"og:title\" content=\"&quot;Zuf\u00e4llig&quot; Leichen entdeckt: Israel als Totengr\u00e4ber der Pal\u00e4stinenser\" \/>\n<meta property=\"og:description\" content=\"Kann man Leichen in einem Krieg zuf\u00e4llig entdecken oder sind sie im Rahmen von aggressiven milit\u00e4rischen Attacken nicht vorausgesetzt einkalkuliert? Autor Uli Gellermann m\u00f6chte der seitens der Ex-Kanzlerin Merkel verordnete &#8220;Staatsr\u00e4son&#8221; gegen\u00fcber Israel nur bedingt Folge leisten. Von Uli Gellermann Schon die\u00a0Formulierung der Tagesschau ist grauenhaft. Grauenhaft der unbekannten Toten wegen, aber auch wegen des [&hellip;]\" \/>\n<meta property=\"og:url\" content=\"https:\/\/now-news.de\/de\/deutschland\/zufaellig-leichen-entdeckt-israel-als-totengraeber-der-palaestinenser\/\" \/>\n<meta property=\"og:site_name\" content=\"just-now.NEWS Deutschland\" \/>\n<meta property=\"article:publisher\" content=\"https:\/\/www.facebook.com\/wirmachenauf\" \/>\n<meta property=\"article:published_time\" content=\"2023-10-10T16:05:19+00:00\" \/>\n<meta property=\"og:image\" content=\"https:\/\/now-news.de\/de\/wp-content\/uploads\/sites\/3\/2023\/10\/quotZufaelligquot-Leichen-entdeckt-Israel-als-Totengraeber-der-Palaestinenser.jpg\" \/>\n\t<meta property=\"og:image:width\" content=\"460\" \/>\n\t<meta property=\"og:image:height\" content=\"259\" \/>\n\t<meta property=\"og:image:type\" content=\"image\/jpeg\" \/>\n<meta name=\"author\" content=\"rtnews\" \/>\n<meta name=\"twitter:card\" content=\"summary_large_image\" \/>\n<meta name=\"twitter:creator\" content=\"@WirMachenAuf_de\" \/>\n<meta name=\"twitter:site\" content=\"@WirMachenAuf_de\" \/>\n<meta name=\"twitter:label1\" content=\"Verfasst von\" \/>\n\t<meta name=\"twitter:data1\" content=\"rtnews\" \/>\n\t<meta name=\"twitter:label2\" content=\"Gesch\u00e4tzte Lesezeit\" \/>\n\t<meta name=\"twitter:data2\" content=\"3\u00a0Minuten\" \/>\n<script type=\"application\/ld+json\" class=\"yoast-schema-graph\">{\"@context\":\"https:\/\/schema.org\",\"@graph\":[{\"@type\":\"Article\",\"@id\":\"https:\/\/now-news.de\/de\/deutschland\/zufaellig-leichen-entdeckt-israel-als-totengraeber-der-palaestinenser\/#article\",\"isPartOf\":{\"@id\":\"https:\/\/now-news.de\/de\/deutschland\/zufaellig-leichen-entdeckt-israel-als-totengraeber-der-palaestinenser\/\"},\"author\":{\"name\":\"rtnews\",\"@id\":\"https:\/\/now-news.de\/de\/#\/schema\/person\/fb534a4e865501d8b3285208df34a9b5\"},\"headline\":\"&quot;Zuf\u00e4llig&quot; Leichen entdeckt: Israel als Totengr\u00e4ber der Pal\u00e4stinenser\",\"datePublished\":\"2023-10-10T16:05:19+00:00\",\"dateModified\":\"2023-10-10T16:05:19+00:00\",\"mainEntityOfPage\":{\"@id\":\"https:\/\/now-news.de\/de\/deutschland\/zufaellig-leichen-entdeckt-israel-als-totengraeber-der-palaestinenser\/\"},\"wordCount\":630,\"commentCount\":0,\"publisher\":{\"@id\":\"https:\/\/now-news.de\/de\/#organization\"},\"image\":{\"@id\":\"https:\/\/now-news.de\/de\/deutschland\/zufaellig-leichen-entdeckt-israel-als-totengraeber-der-palaestinenser\/#primaryimage\"},\"thumbnailUrl\":\"https:\/\/now-news.de\/de\/wp-content\/uploads\/sites\/3\/2023\/10\/quotZufaelligquot-Leichen-entdeckt-Israel-als-Totengraeber-der-Palaestinenser.jpg\",\"keywords\":[\"als\",\"der\",\"entdeckt\",\"Israel\",\"Leichen\",\"Pal\u00e4stinenser\",\"quotZuf\u00e4lligquot\",\"Totengr\u00e4ber\"],\"articleSection\":[\"Deutschland\",\"Russland\"],\"inLanguage\":\"de\",\"potentialAction\":[{\"@type\":\"CommentAction\",\"name\":\"Comment\",\"target\":[\"https:\/\/now-news.de\/de\/deutschland\/zufaellig-leichen-entdeckt-israel-als-totengraeber-der-palaestinenser\/#respond\"]}]},{\"@type\":\"WebPage\",\"@id\":\"https:\/\/now-news.de\/de\/deutschland\/zufaellig-leichen-entdeckt-israel-als-totengraeber-der-palaestinenser\/\",\"url\":\"https:\/\/now-news.de\/de\/deutschland\/zufaellig-leichen-entdeckt-israel-als-totengraeber-der-palaestinenser\/\",\"name\":\"&quot;Zuf\u00e4llig&quot; Leichen entdeckt: Israel als Totengr\u00e4ber der Pal\u00e4stinenser - just-now.NEWS Deutschland\",\"isPartOf\":{\"@id\":\"https:\/\/now-news.de\/de\/#website\"},\"primaryImageOfPage\":{\"@id\":\"https:\/\/now-news.de\/de\/deutschland\/zufaellig-leichen-entdeckt-israel-als-totengraeber-der-palaestinenser\/#primaryimage\"},\"image\":{\"@id\":\"https:\/\/now-news.de\/de\/deutschland\/zufaellig-leichen-entdeckt-israel-als-totengraeber-der-palaestinenser\/#primaryimage\"},\"thumbnailUrl\":\"https:\/\/now-news.de\/de\/wp-content\/uploads\/sites\/3\/2023\/10\/quotZufaelligquot-Leichen-entdeckt-Israel-als-Totengraeber-der-Palaestinenser.jpg\",\"datePublished\":\"2023-10-10T16:05:19+00:00\",\"dateModified\":\"2023-10-10T16:05:19+00:00\",\"breadcrumb\":{\"@id\":\"https:\/\/now-news.de\/de\/deutschland\/zufaellig-leichen-entdeckt-israel-als-totengraeber-der-palaestinenser\/#breadcrumb\"},\"inLanguage\":\"de\",\"potentialAction\":[{\"@type\":\"ReadAction\",\"target\":[\"https:\/\/now-news.de\/de\/deutschland\/zufaellig-leichen-entdeckt-israel-als-totengraeber-der-palaestinenser\/\"]}]},{\"@type\":\"ImageObject\",\"inLanguage\":\"de\",\"@id\":\"https:\/\/now-news.de\/de\/deutschland\/zufaellig-leichen-entdeckt-israel-als-totengraeber-der-palaestinenser\/#primaryimage\",\"url\":\"https:\/\/now-news.de\/de\/wp-content\/uploads\/sites\/3\/2023\/10\/quotZufaelligquot-Leichen-entdeckt-Israel-als-Totengraeber-der-Palaestinenser.jpg\",\"contentUrl\":\"https:\/\/now-news.de\/de\/wp-content\/uploads\/sites\/3\/2023\/10\/quotZufaelligquot-Leichen-entdeckt-Israel-als-Totengraeber-der-Palaestinenser.jpg\",\"width\":460,\"height\":259,\"caption\":\"&quot;Zuf\u00e4llig&quot; Leichen entdeckt: Israel als Totengr\u00e4ber der Pal\u00e4stinenser\"},{\"@type\":\"BreadcrumbList\",\"@id\":\"https:\/\/now-news.de\/de\/deutschland\/zufaellig-leichen-entdeckt-israel-als-totengraeber-der-palaestinenser\/#breadcrumb\",\"itemListElement\":[{\"@type\":\"ListItem\",\"position\":1,\"name\":\"Home\",\"item\":\"https:\/\/now-news.de\/de\/\"},{\"@type\":\"ListItem\",\"position\":2,\"name\":\"&quot;Zuf\u00e4llig&quot; Leichen entdeckt: Israel als Totengr\u00e4ber der Pal\u00e4stinenser\"}]},{\"@type\":\"WebSite\",\"@id\":\"https:\/\/now-news.de\/de\/#website\",\"url\":\"https:\/\/now-news.de\/de\/\",\"name\":\"just-now.NEWS Deutschland\",\"description\":\"Das Portal f\u00fcr unzensierte Nachrichten aus der Welt\",\"publisher\":{\"@id\":\"https:\/\/now-news.de\/de\/#organization\"},\"potentialAction\":[{\"@type\":\"SearchAction\",\"target\":{\"@type\":\"EntryPoint\",\"urlTemplate\":\"https:\/\/now-news.de\/de\/?s={search_term_string}\"},\"query-input\":\"required name=search_term_string\"}],\"inLanguage\":\"de\"},{\"@type\":\"Organization\",\"@id\":\"https:\/\/now-news.de\/de\/#organization\",\"name\":\"Just Now News\",\"url\":\"https:\/\/now-news.de\/de\/\",\"logo\":{\"@type\":\"ImageObject\",\"inLanguage\":\"de\",\"@id\":\"https:\/\/now-news.de\/de\/#\/schema\/logo\/image\/\",\"url\":\"http:\/\/just-now.news\/de\/wp-content\/uploads\/sites\/3\/2022\/04\/logo500x500.jpg\",\"contentUrl\":\"http:\/\/just-now.news\/de\/wp-content\/uploads\/sites\/3\/2022\/04\/logo500x500.jpg\",\"width\":500,\"height\":500,\"caption\":\"Just Now News\"},\"image\":{\"@id\":\"https:\/\/now-news.de\/de\/#\/schema\/logo\/image\/\"},\"sameAs\":[\"https:\/\/www.facebook.com\/wirmachenauf\",\"https:\/\/x.com\/WirMachenAuf_de\"]},{\"@type\":\"Person\",\"@id\":\"https:\/\/now-news.de\/de\/#\/schema\/person\/fb534a4e865501d8b3285208df34a9b5\",\"name\":\"rtnews\",\"image\":{\"@type\":\"ImageObject\",\"inLanguage\":\"de\",\"@id\":\"https:\/\/now-news.de\/de\/#\/schema\/person\/image\/\",\"url\":\"https:\/\/secure.gravatar.com\/avatar\/82aafea7d8127119dd649515f56e2117?s=96&d=mm&r=g\",\"contentUrl\":\"https:\/\/secure.gravatar.com\/avatar\/82aafea7d8127119dd649515f56e2117?s=96&d=mm&r=g\",\"caption\":\"rtnews\"},\"url\":\"https:\/\/now-news.de\/de\/author\/rnews\/\"}]}<\/script>\n<!-- \/ Yoast SEO Premium plugin. -->","yoast_head_json":{"title":"&quot;Zuf\u00e4llig&quot; Leichen entdeckt: Israel als Totengr\u00e4ber der Pal\u00e4stinenser - just-now.NEWS Deutschland","robots":{"index":"index","follow":"follow","max-snippet":"max-snippet:-1","max-image-preview":"max-image-preview:large","max-video-preview":"max-video-preview:-1"},"canonical":"https:\/\/now-news.de\/de\/deutschland\/zufaellig-leichen-entdeckt-israel-als-totengraeber-der-palaestinenser\/","og_locale":"de_DE","og_type":"article","og_title":"&quot;Zuf\u00e4llig&quot; Leichen entdeckt: Israel als Totengr\u00e4ber der Pal\u00e4stinenser","og_description":"Kann man Leichen in einem Krieg zuf\u00e4llig entdecken oder sind sie im Rahmen von aggressiven milit\u00e4rischen Attacken nicht vorausgesetzt einkalkuliert? Autor Uli Gellermann m\u00f6chte der seitens der Ex-Kanzlerin Merkel verordnete &#8220;Staatsr\u00e4son&#8221; gegen\u00fcber Israel nur bedingt Folge leisten. Von Uli Gellermann Schon die\u00a0Formulierung der Tagesschau ist grauenhaft. Grauenhaft der unbekannten Toten wegen, aber auch wegen des [&hellip;]","og_url":"https:\/\/now-news.de\/de\/deutschland\/zufaellig-leichen-entdeckt-israel-als-totengraeber-der-palaestinenser\/","og_site_name":"just-now.NEWS Deutschland","article_publisher":"https:\/\/www.facebook.com\/wirmachenauf","article_published_time":"2023-10-10T16:05:19+00:00","og_image":[{"width":460,"height":259,"url":"https:\/\/now-news.de\/de\/wp-content\/uploads\/sites\/3\/2023\/10\/quotZufaelligquot-Leichen-entdeckt-Israel-als-Totengraeber-der-Palaestinenser.jpg","type":"image\/jpeg"}],"author":"rtnews","twitter_card":"summary_large_image","twitter_creator":"@WirMachenAuf_de","twitter_site":"@WirMachenAuf_de","twitter_misc":{"Verfasst von":"rtnews","Gesch\u00e4tzte Lesezeit":"3\u00a0Minuten"},"schema":{"@context":"https:\/\/schema.org","@graph":[{"@type":"Article","@id":"https:\/\/now-news.de\/de\/deutschland\/zufaellig-leichen-entdeckt-israel-als-totengraeber-der-palaestinenser\/#article","isPartOf":{"@id":"https:\/\/now-news.de\/de\/deutschland\/zufaellig-leichen-entdeckt-israel-als-totengraeber-der-palaestinenser\/"},"author":{"name":"rtnews","@id":"https:\/\/now-news.de\/de\/#\/schema\/person\/fb534a4e865501d8b3285208df34a9b5"},"headline":"&quot;Zuf\u00e4llig&quot; Leichen entdeckt: Israel als Totengr\u00e4ber der Pal\u00e4stinenser","datePublished":"2023-10-10T16:05:19+00:00","dateModified":"2023-10-10T16:05:19+00:00","mainEntityOfPage":{"@id":"https:\/\/now-news.de\/de\/deutschland\/zufaellig-leichen-entdeckt-israel-als-totengraeber-der-palaestinenser\/"},"wordCount":630,"commentCount":0,"publisher":{"@id":"https:\/\/now-news.de\/de\/#organization"},"image":{"@id":"https:\/\/now-news.de\/de\/deutschland\/zufaellig-leichen-entdeckt-israel-als-totengraeber-der-palaestinenser\/#primaryimage"},"thumbnailUrl":"https:\/\/now-news.de\/de\/wp-content\/uploads\/sites\/3\/2023\/10\/quotZufaelligquot-Leichen-entdeckt-Israel-als-Totengraeber-der-Palaestinenser.jpg","keywords":["als","der","entdeckt","Israel","Leichen","Pal\u00e4stinenser","quotZuf\u00e4lligquot","Totengr\u00e4ber"],"articleSection":["Deutschland","Russland"],"inLanguage":"de","potentialAction":[{"@type":"CommentAction","name":"Comment","target":["https:\/\/now-news.de\/de\/deutschland\/zufaellig-leichen-entdeckt-israel-als-totengraeber-der-palaestinenser\/#respond"]}]},{"@type":"WebPage","@id":"https:\/\/now-news.de\/de\/deutschland\/zufaellig-leichen-entdeckt-israel-als-totengraeber-der-palaestinenser\/","url":"https:\/\/now-news.de\/de\/deutschland\/zufaellig-leichen-entdeckt-israel-als-totengraeber-der-palaestinenser\/","name":"&quot;Zuf\u00e4llig&quot; Leichen entdeckt: Israel als Totengr\u00e4ber der Pal\u00e4stinenser - just-now.NEWS Deutschland","isPartOf":{"@id":"https:\/\/now-news.de\/de\/#website"},"primaryImageOfPage":{"@id":"https:\/\/now-news.de\/de\/deutschland\/zufaellig-leichen-entdeckt-israel-als-totengraeber-der-palaestinenser\/#primaryimage"},"image":{"@id":"https:\/\/now-news.de\/de\/deutschland\/zufaellig-leichen-entdeckt-israel-als-totengraeber-der-palaestinenser\/#primaryimage"},"thumbnailUrl":"https:\/\/now-news.de\/de\/wp-content\/uploads\/sites\/3\/2023\/10\/quotZufaelligquot-Leichen-entdeckt-Israel-als-Totengraeber-der-Palaestinenser.jpg","datePublished":"2023-10-10T16:05:19+00:00","dateModified":"2023-10-10T16:05:19+00:00","breadcrumb":{"@id":"https:\/\/now-news.de\/de\/deutschland\/zufaellig-leichen-entdeckt-israel-als-totengraeber-der-palaestinenser\/#breadcrumb"},"inLanguage":"de","potentialAction":[{"@type":"ReadAction","target":["https:\/\/now-news.de\/de\/deutschland\/zufaellig-leichen-entdeckt-israel-als-totengraeber-der-palaestinenser\/"]}]},{"@type":"ImageObject","inLanguage":"de","@id":"https:\/\/now-news.de\/de\/deutschland\/zufaellig-leichen-entdeckt-israel-als-totengraeber-der-palaestinenser\/#primaryimage","url":"https:\/\/now-news.de\/de\/wp-content\/uploads\/sites\/3\/2023\/10\/quotZufaelligquot-Leichen-entdeckt-Israel-als-Totengraeber-der-Palaestinenser.jpg","contentUrl":"https:\/\/now-news.de\/de\/wp-content\/uploads\/sites\/3\/2023\/10\/quotZufaelligquot-Leichen-entdeckt-Israel-als-Totengraeber-der-Palaestinenser.jpg","width":460,"height":259,"caption":"&quot;Zuf\u00e4llig&quot; Leichen entdeckt: Israel als Totengr\u00e4ber der Pal\u00e4stinenser"},{"@type":"BreadcrumbList","@id":"https:\/\/now-news.de\/de\/deutschland\/zufaellig-leichen-entdeckt-israel-als-totengraeber-der-palaestinenser\/#breadcrumb","itemListElement":[{"@type":"ListItem","position":1,"name":"Home","item":"https:\/\/now-news.de\/de\/"},{"@type":"ListItem","position":2,"name":"&quot;Zuf\u00e4llig&quot; Leichen entdeckt: Israel als Totengr\u00e4ber der Pal\u00e4stinenser"}]},{"@type":"WebSite","@id":"https:\/\/now-news.de\/de\/#website","url":"https:\/\/now-news.de\/de\/","name":"just-now.NEWS Deutschland","description":"Das Portal f\u00fcr unzensierte Nachrichten aus der Welt","publisher":{"@id":"https:\/\/now-news.de\/de\/#organization"},"potentialAction":[{"@type":"SearchAction","target":{"@type":"EntryPoint","urlTemplate":"https:\/\/now-news.de\/de\/?s={search_term_string}"},"query-input":"required name=search_term_string"}],"inLanguage":"de"},{"@type":"Organization","@id":"https:\/\/now-news.de\/de\/#organization","name":"Just Now News","url":"https:\/\/now-news.de\/de\/","logo":{"@type":"ImageObject","inLanguage":"de","@id":"https:\/\/now-news.de\/de\/#\/schema\/logo\/image\/","url":"http:\/\/just-now.news\/de\/wp-content\/uploads\/sites\/3\/2022\/04\/logo500x500.jpg","contentUrl":"http:\/\/just-now.news\/de\/wp-content\/uploads\/sites\/3\/2022\/04\/logo500x500.jpg","width":500,"height":500,"caption":"Just Now News"},"image":{"@id":"https:\/\/now-news.de\/de\/#\/schema\/logo\/image\/"},"sameAs":["https:\/\/www.facebook.com\/wirmachenauf","https:\/\/x.com\/WirMachenAuf_de"]},{"@type":"Person","@id":"https:\/\/now-news.de\/de\/#\/schema\/person\/fb534a4e865501d8b3285208df34a9b5","name":"rtnews","image":{"@type":"ImageObject","inLanguage":"de","@id":"https:\/\/now-news.de\/de\/#\/schema\/person\/image\/","url":"https:\/\/secure.gravatar.com\/avatar\/82aafea7d8127119dd649515f56e2117?s=96&d=mm&r=g","contentUrl":"https:\/\/secure.gravatar.com\/avatar\/82aafea7d8127119dd649515f56e2117?s=96&d=mm&r=g","caption":"rtnews"},"url":"https:\/\/now-news.de\/de\/author\/rnews\/"}]}},"_links":{"self":[{"href":"https:\/\/now-news.de\/de\/wp-json\/wp\/v2\/posts\/47795"}],"collection":[{"href":"https:\/\/now-news.de\/de\/wp-json\/wp\/v2\/posts"}],"about":[{"href":"https:\/\/now-news.de\/de\/wp-json\/wp\/v2\/types\/post"}],"author":[{"embeddable":true,"href":"https:\/\/now-news.de\/de\/wp-json\/wp\/v2\/users\/3"}],"replies":[{"embeddable":true,"href":"https:\/\/now-news.de\/de\/wp-json\/wp\/v2\/comments?post=47795"}],"version-history":[{"count":0,"href":"https:\/\/now-news.de\/de\/wp-json\/wp\/v2\/posts\/47795\/revisions"}],"wp:featuredmedia":[{"embeddable":true,"href":"https:\/\/now-news.de\/de\/wp-json\/wp\/v2\/media\/47796"}],"wp:attachment":[{"href":"https:\/\/now-news.de\/de\/wp-json\/wp\/v2\/media?parent=47795"}],"wp:term":[{"taxonomy":"category","embeddable":true,"href":"https:\/\/now-news.de\/de\/wp-json\/wp\/v2\/categories?post=47795"},{"taxonomy":"post_tag","embeddable":true,"href":"https:\/\/now-news.de\/de\/wp-json\/wp\/v2\/tags?post=47795"}],"curies":[{"name":"wp","href":"https:\/\/api.w.org\/{rel}","templated":true}]}}