{"id":47776,"date":"2023-10-10T13:38:43","date_gmt":"2023-10-10T11:38:43","guid":{"rendered":"https:\/\/just-now.news\/de\/deutschland\/umfrage-belegt-57-prozent-der-deutschen-wollen-neuwahlen\/"},"modified":"2023-10-10T13:38:43","modified_gmt":"2023-10-10T11:38:43","slug":"umfrage-belegt-57-prozent-der-deutschen-wollen-neuwahlen","status":"publish","type":"post","link":"https:\/\/now-news.de\/de\/deutschland\/umfrage-belegt-57-prozent-der-deutschen-wollen-neuwahlen\/","title":{"rendered":"Umfrage belegt: 57 Prozent der Deutschen wollen Neuwahlen"},"content":{"rendered":"<p><img decoding=\"async\" src=\"http:\/\/just-now.news\/de\/wp-content\/uploads\/sites\/3\/2023\/10\/6525273548fbef6dce46847d.jpeg\" \/><\/p>\n<div class=\"Text-root Text-type_1 \">\n                Eine INSA-Umfrage im Auftrag der Bild-Zeitung dokumentiert die gro\u00dfe Unzufriedenheit in Deutschland. An erster Stelle der dort genannten Problemfelder steht demnach die aktuelle Migrationspolitik. Fast 60 Prozent der Befragten w\u00fcrden es daher als angebracht ansehen, dass die Bundesministerin des Innern Nancy Faeser ihren Posten abgibt.\n            <\/div>\n<p><\/p>\n<div class=\"Text-root Text-type_5 ArticleView-text ViewText-root \">\n<p>Die Ergebnisse der j\u00fcngsten Landtagswahlen in Bayern und Hessen pr\u00e4sentierten unwiderruflich eine real-existierende gro\u00dfe Unzufriedenheit. Die Politik der amtierenden &#8220;Ampel&#8221;-Koalition konnte diesbez\u00fcglich durch die jeweiligen Ergebnisse zumindest jede Menge Warnungen einsammeln. Lauschte man allerdings den Kommentaren der eigentlich betroffenen Spitzenpolitiker, so scheinen denen sowohl der Unmut wie auch die individuelle Wahlentscheidung der B\u00fcrger unangebracht zu sein. Die <em>Bild<\/em>-Zeitung <a rel=\"nofollow noopener\" target=\"_blank\" href=\"https:\/\/www.bild.de\/politik\/inland\/politik-inland\/umfrage-hammer-mehrheit-der-deutschen-will-neuwahlen-85690128.bild.html\">beauftragte<\/a> das Marktforschungsinstitut INSA mit einer Umfrage und belegt deren Ergebnis mit einer gewohnt knappen Schlagzeile:<\/p>\n<blockquote>\n<p><em>&#8220;Umfrage-Hammer \u2013 Mehrheit der Deutschen will Neuwahlen&#8221;<\/em><\/p>\n<\/blockquote>\n<p>Lediglich nur noch 31 Prozent der Befragten gaben demnach an, dass sie mit der Arbeit der amtierenden Bundesregierung zufrieden seien. Der <em>Bild<\/em>-Artikel legt dar: &#8220;Die absolute Mehrheit von 57 Prozent will das Ampel-B\u00fcndnis vorzeitig beenden&#8221;.\u00a0Der Rest war unentschlossen, konnte oder wollte keine Meinung zu dem Thema \u00e4u\u00dfern.<\/p>\n<p>Bez\u00fcglich der individuellen Zustimmung zu einzelnen Parteien befinden\u00a0immerhin die weniger gewordenen W\u00e4hler\u00a0der SPD (67 Prozent) und der Gr\u00fcnen (75 Prozent), dass der politische Status quo ruhig fortgesetzt werden solle. Eine Mehrheit der FDP-W\u00e4hler (53 Prozent) allerdings spricht sich laut dem Umfrageergebnis auch bereits f\u00fcr vorgezogene Neuwahlen aus. Die Meinung und Einsch\u00e4tzung von AfD-W\u00e4hlern\u00a0wurde in der Umfrage anscheinend nicht ber\u00fccksichtigt oder zumindest nicht mehr ver\u00f6ffentlicht.<\/p>\n<p>Zum Thema der dringendsten &#8220;Baustellen&#8221; der &#8220;Bundespolitik&#8221; hei\u00dft es im <em>Bild<\/em>-Artikel:<\/p>\n<ul>\n<li>Migrationspolitik der Bundesregierung: 59 Prozent der Befragten w\u00fcnschen sich einen anderen Kurs bei dem Thema.<\/li>\n<li>Danach folgt die Wohnungspolitik mit 52 Prozent, Energie und Rente\/Soziales mit jeweils 49 Prozent.<\/li>\n<li>41 Prozent w\u00fcnschen sich eine andere Klimaschutz-Politik.<\/li>\n<\/ul>\n<p>Lediglich 19 Prozent der Befragten w\u00fcnschten sich eine Fortsetzung der T\u00e4tigkeit von Nancy Faeser (SPD) als Bundesministerin des Innern und f\u00fcr Heimat. Knapp 58 Prozent erhoffen demgegen\u00fcber jedoch lieber einen Wechsel an der Spitze dieses Ministeriums. Die <em>Tagesschau<\/em>\u00a0<a rel=\"nofollow noopener\" target=\"_blank\" href=\"https:\/\/www.tagesschau.de\/inland\/innenpolitik\/landtagswahl-hessen-faeser-100.html\">titelte<\/a> allerdings ernstgemeint am Tag nach dem Wahldebakel in Hessen:<\/p>\n<blockquote>\n<p><em>&#8220;Warum Faeser als\u00a0Innenministerin\u00a0nicht wackelt.\u00a0Bundesinnenministerin Faeser hat als SPD-Spitzenkandidatin in Hessen ein desastr\u00f6ses Wahlergebnis eingefahren. Als Ministerin hingegen ist sie durchaus erfolgreich, verkauft das aber schlecht. Kanzler Scholz h\u00e4lt an ihr fest.&#8221;<\/em><\/p>\n<\/blockquote>\n<p>Faeser hatte am 8. Oktober nachweislich das &#8220;historisch schlechteste Ergebnis eingefahren, das die SPD in der einstigen Sozialdemokraten-Hochburg Hessen je hatte&#8221;. Die INSA-Umfrage ergab zur Person Faeser:<\/p>\n<blockquote>\n<p><em>&#8220;Nur 40 Prozent der SPD-W\u00e4hler sprechen sich f\u00fcr einen Verbleib der Innenministerin im Amt aus, genauso viele dagegen.&#8221;<\/em><\/p>\n<\/blockquote>\n<p>43,9 Prozent der Befragten erkl\u00e4rten in keinem der f\u00fcnf in der Befragung genannten Themengebiete, die Bundesregierung solle ihre Politik &#8220;weitermachen wie bisher&#8221;. Die Co-Vorsitzende Saskia Esken (SPD), also einer der drei gro\u00dfen Verliererparteien in den beiden Bundesl\u00e4ndern, <a rel=\"nofollow noopener\" target=\"_blank\" href=\"https:\/\/twitter.com\/phoenix_de\/status\/1711064496939159635?ref_src=twsrc%5Etfw%7Ctwcamp%5Etweetembed%7Ctwterm%5E1711064496939159635%7Ctwgr%5E70f3cbd5c4ff0d0a4e8e6226be7f0da25d75500d%7Ctwcon%5Es1_&amp;ref_url=https%3A%2F%2Fde.rt.com%2Fgesellschaft%2F177846-taegliche-wahnsinn%2F\">erkl\u00e4rte<\/a> am Wahlabend den <em>Phoenix<\/em>-Zuschauern die ihrer Meinung nach den Wahlergebnissen zugrundeliegenden Fehleinsch\u00e4tzungen der W\u00e4hler:<\/p>\n<blockquote>\n<p><em>&#8220;Wir haben eine Situation insgesamt im Land, dass die Menschen sehr ersch\u00f6pft sind und ver\u00e4nderungsm\u00fcde und deswegen auch sehr leicht auch auf die einfachen Antworten, die scheinbaren Antworten, die eben die Rechtspopulisten dort geben, eingehen (&#8230;).&#8221;<\/em><\/p>\n<\/blockquote>\n<p>In der <em>ARD<\/em>-Talksendung mit <em>Anne Will<\/em> beeindruckte\u00a0Esken dann die G\u00e4ste und Zuschauer mit der Feststellung, sie sei sich nicht sicher, &#8220;ob Migration das Thema ist, das alle Menschen bedr\u00fcckt&#8221;.<em>\u00a0<\/em>Laut dem Umfrageergebnis ist das allerdings ganz eindeutig nicht zu bezweifeln.<em>\u00a0<\/em>F\u00fcr Esken stelle die AfD \u2013 neben der CDU\/CSU der eindeutige Gewinner der beiden Landtagswahlen \u2013 zudem schlicht &#8220;keine demokratische Partei&#8221; dar.<\/p>\n<div class=\"EmbedBlock-root EmbedBlock-twitter\">\n<div class=\"TwitterEmbed\">\n<blockquote class=\"twitter-tweet lazyload\" data-twitter=\"twitter-tweet\">\n<p lang=\"de\" dir=\"ltr\">K\u00fcnftig entscheidet die <a rel=\"nofollow noopener\" target=\"_blank\" href=\"https:\/\/twitter.com\/hashtag\/SPD?src=hash&amp;ref_src=twsrc%5Etfw\">#SPD<\/a><a rel=\"nofollow noopener\" target=\"_blank\" href=\"https:\/\/twitter.com\/hashtag\/Esken?src=hash&amp;ref_src=twsrc%5Etfw\">#Esken<\/a> was demokratisch ist und was nicht! <a rel=\"nofollow noopener\" target=\"_blank\" href=\"https:\/\/twitter.com\/hashtag\/AnneWill?src=hash&amp;ref_src=twsrc%5Etfw\">#AnneWill<\/a><a rel=\"nofollow noopener\" target=\"_blank\" href=\"https:\/\/t.co\/bbWcif3UFA\">pic.twitter.com\/bbWcif3UFA<\/a><\/p>\n<p>\u2014 \u00af\\_(\u30c4)_\/\u00af \ud83d\udd4a\ufe0f (@BB12_DE) <a rel=\"nofollow noopener\" target=\"_blank\" href=\"https:\/\/twitter.com\/BB12_DE\/status\/1711119708512977220?ref_src=twsrc%5Etfw\">October 8, 2023<\/a><\/p><\/blockquote>\n<\/div>\n<\/div>\n<p>Ricarda Lang, die Co-Vorsitzende von B\u00fcndnis 90\/Die Gr\u00fcnen, deutete die j\u00fcngsten Stimmenverluste in den zwei Bundesl\u00e4ndern kurzerhand so um:\u00a0Ihre Partei habe ihr &#8220;historisch zweitbestes Ergebnis bei Landtagswahlen in Hessen und Bayern erzielt&#8221;, sagte Lang in einem Fernsehinterview. Zum Abschneiden der AfD stellte Greta Garlichs als nieders\u00e4chsische Co-Landesvorsitzende der Gr\u00fcnen fest, nun m\u00fcssten &#8220;alle demokratischen Parteien st\u00e4rker daran arbeiten&#8221;, dass sich &#8220;diese Entwicklung nicht fortsetzt&#8221;. Auch Ricarda Lang w\u00fcnscht sich sehnlichst schlicht, &#8220;dass wir davon wegkommen&#8221;.<\/p>\n<div class=\"EmbedBlock-root EmbedBlock-twitter\">\n<div class=\"TwitterEmbed\">\n<blockquote class=\"twitter-tweet lazyload\" data-twitter=\"twitter-tweet\">\n<p lang=\"de\" dir=\"ltr\">Eine Unversch\u00e4mtheit und Ausdruck von absolutem \u201eDEMOKRATIEVERST\u00c4NDNIS\u201c der <a rel=\"nofollow noopener\" target=\"_blank\" href=\"https:\/\/twitter.com\/hashtag\/Gr%C3%BCnen?src=hash&amp;ref_src=twsrc%5Etfw\">#Gr\u00fcnen<\/a> und insbesondere von Ricarda Lang, s\u00e4mtliche W\u00e4hler der <a rel=\"nofollow noopener\" target=\"_blank\" href=\"https:\/\/twitter.com\/AfD?ref_src=twsrc%5Etfw\">@AfD<\/a> abzuqualifizieren und zu diffamieren! <a rel=\"nofollow noopener\" target=\"_blank\" href=\"https:\/\/twitter.com\/hashtag\/Bayerwahl2023?src=hash&amp;ref_src=twsrc%5Etfw\">#Bayerwahl2023<\/a><a rel=\"nofollow noopener\" target=\"_blank\" href=\"https:\/\/twitter.com\/hashtag\/Hessenwahl2023?src=hash&amp;ref_src=twsrc%5Etfw\">#Hessenwahl2023<\/a><a rel=\"nofollow noopener\" target=\"_blank\" href=\"https:\/\/t.co\/qydfbpSNWE\">pic.twitter.com\/qydfbpSNWE<\/a><\/p>\n<p>\u2014 Andreas Patzwahl (@APatzwahl) <a rel=\"nofollow noopener\" target=\"_blank\" href=\"https:\/\/twitter.com\/APatzwahl\/status\/1711055506033271170?ref_src=twsrc%5Etfw\">October 8, 2023<\/a><\/p><\/blockquote>\n<\/div>\n<\/div>\n<p><strong>Mehr zum Thema &#8211;<\/strong>\u00a0<a rel=\"nofollow noopener\" target=\"_blank\" href=\"https:\/\/freedert.online\/meinung\/183104-landtagswahlen-waehler-straft-altparteien-ab\/\">Landtagswahlen: W\u00e4hler strafen Altparteien ab<\/a><\/p>\n<\/p>\n<\/p>\n<\/div>\n<p><script async src=\"https:\/\/platform.twitter.com\/widgets.js\" charset=\"utf-8\"><\/script><br \/>\n<br \/><br \/>\n<br \/><a href=\"https:\/\/de.rt.com\/inland\/183186-umfrage-belegt-57-prozent-deutschen\/\">Source link <\/a><\/p>\n","protected":false},"excerpt":{"rendered":"<p>Eine INSA-Umfrage im Auftrag der Bild-Zeitung dokumentiert die gro\u00dfe Unzufriedenheit in Deutschland. An erster Stelle der dort genannten Problemfelder steht demnach die aktuelle Migrationspolitik. Fast 60 Prozent der Befragten w\u00fcrden es daher als angebracht ansehen, dass die Bundesministerin des Innern Nancy Faeser ihren Posten abgibt. Die Ergebnisse der j\u00fcngsten Landtagswahlen in Bayern und Hessen pr\u00e4sentierten [&hellip;]<\/p>\n","protected":false},"author":3,"featured_media":47777,"comment_status":"open","ping_status":"open","sticky":false,"template":"","format":"standard","meta":{"_yoast_indexnow_last_ping":["1696944572"],"wp_automatic_camp":["217"],"f3fa7167cc66b486b0ea9d6a1fc2602c":["Umfrage belegt: 57 Prozent der Deutschen wollen Neuwahlen"],"original_link":["https:\/\/de.rt.com\/inland\/183186-umfrage-belegt-57-prozent-deutschen\/"],"_thumbnail_id":["47777"],"jnews_social_counter_last_update":["1777394288"],"_wptgpro_p2tg_sent2tg":["a:1:{i:23737;s:19:\"2023-10-10 15:30:47\";}"]},"categories":[19,23],"tags":[9993,82,577,966,1429,1428,1050],"yoast_head":"<!-- This site is optimized with the Yoast SEO Premium plugin v22.7 (Yoast SEO v22.7) - https:\/\/yoast.com\/wordpress\/plugins\/seo\/ -->\n<title>Umfrage belegt: 57 Prozent der Deutschen wollen Neuwahlen - just-now.NEWS Deutschland<\/title>\n<meta name=\"robots\" content=\"index, follow, max-snippet:-1, max-image-preview:large, max-video-preview:-1\" \/>\n<link rel=\"canonical\" href=\"https:\/\/now-news.de\/de\/deutschland\/umfrage-belegt-57-prozent-der-deutschen-wollen-neuwahlen\/\" \/>\n<meta property=\"og:locale\" content=\"de_DE\" \/>\n<meta property=\"og:type\" content=\"article\" \/>\n<meta property=\"og:title\" content=\"Umfrage belegt: 57 Prozent der Deutschen wollen Neuwahlen\" \/>\n<meta property=\"og:description\" content=\"Eine INSA-Umfrage im Auftrag der Bild-Zeitung dokumentiert die gro\u00dfe Unzufriedenheit in Deutschland. An erster Stelle der dort genannten Problemfelder steht demnach die aktuelle Migrationspolitik. Fast 60 Prozent der Befragten w\u00fcrden es daher als angebracht ansehen, dass die Bundesministerin des Innern Nancy Faeser ihren Posten abgibt. Die Ergebnisse der j\u00fcngsten Landtagswahlen in Bayern und Hessen pr\u00e4sentierten [&hellip;]\" \/>\n<meta property=\"og:url\" content=\"https:\/\/now-news.de\/de\/deutschland\/umfrage-belegt-57-prozent-der-deutschen-wollen-neuwahlen\/\" \/>\n<meta property=\"og:site_name\" content=\"just-now.NEWS Deutschland\" \/>\n<meta property=\"article:publisher\" content=\"https:\/\/www.facebook.com\/wirmachenauf\" \/>\n<meta property=\"article:published_time\" content=\"2023-10-10T11:38:43+00:00\" \/>\n<meta property=\"og:image\" content=\"https:\/\/now-news.de\/de\/wp-content\/uploads\/sites\/3\/2023\/10\/Umfrage-belegt-57-Prozent-der-Deutschen-wollen-Neuwahlen.jpeg\" \/>\n\t<meta property=\"og:image:width\" content=\"460\" \/>\n\t<meta property=\"og:image:height\" content=\"259\" \/>\n\t<meta property=\"og:image:type\" content=\"image\/jpeg\" \/>\n<meta name=\"author\" content=\"rtnews\" \/>\n<meta name=\"twitter:card\" content=\"summary_large_image\" \/>\n<meta name=\"twitter:creator\" content=\"@WirMachenAuf_de\" \/>\n<meta name=\"twitter:site\" content=\"@WirMachenAuf_de\" \/>\n<meta name=\"twitter:label1\" content=\"Verfasst von\" \/>\n\t<meta name=\"twitter:data1\" content=\"rtnews\" \/>\n\t<meta name=\"twitter:label2\" content=\"Gesch\u00e4tzte Lesezeit\" \/>\n\t<meta name=\"twitter:data2\" content=\"4\u00a0Minuten\" \/>\n<script type=\"application\/ld+json\" class=\"yoast-schema-graph\">{\"@context\":\"https:\/\/schema.org\",\"@graph\":[{\"@type\":\"Article\",\"@id\":\"https:\/\/now-news.de\/de\/deutschland\/umfrage-belegt-57-prozent-der-deutschen-wollen-neuwahlen\/#article\",\"isPartOf\":{\"@id\":\"https:\/\/now-news.de\/de\/deutschland\/umfrage-belegt-57-prozent-der-deutschen-wollen-neuwahlen\/\"},\"author\":{\"name\":\"rtnews\",\"@id\":\"https:\/\/now-news.de\/de\/#\/schema\/person\/fb534a4e865501d8b3285208df34a9b5\"},\"headline\":\"Umfrage belegt: 57 Prozent der Deutschen wollen Neuwahlen\",\"datePublished\":\"2023-10-10T11:38:43+00:00\",\"dateModified\":\"2023-10-10T11:38:43+00:00\",\"mainEntityOfPage\":{\"@id\":\"https:\/\/now-news.de\/de\/deutschland\/umfrage-belegt-57-prozent-der-deutschen-wollen-neuwahlen\/\"},\"wordCount\":755,\"commentCount\":0,\"publisher\":{\"@id\":\"https:\/\/now-news.de\/de\/#organization\"},\"image\":{\"@id\":\"https:\/\/now-news.de\/de\/deutschland\/umfrage-belegt-57-prozent-der-deutschen-wollen-neuwahlen\/#primaryimage\"},\"thumbnailUrl\":\"https:\/\/now-news.de\/de\/wp-content\/uploads\/sites\/3\/2023\/10\/Umfrage-belegt-57-Prozent-der-Deutschen-wollen-Neuwahlen.jpeg\",\"keywords\":[\"belegt\",\"der\",\"Deutschen\",\"Neuwahlen\",\"Prozent\",\"Umfrage\",\"wollen\"],\"articleSection\":[\"Deutschland\",\"Russland\"],\"inLanguage\":\"de\",\"potentialAction\":[{\"@type\":\"CommentAction\",\"name\":\"Comment\",\"target\":[\"https:\/\/now-news.de\/de\/deutschland\/umfrage-belegt-57-prozent-der-deutschen-wollen-neuwahlen\/#respond\"]}]},{\"@type\":\"WebPage\",\"@id\":\"https:\/\/now-news.de\/de\/deutschland\/umfrage-belegt-57-prozent-der-deutschen-wollen-neuwahlen\/\",\"url\":\"https:\/\/now-news.de\/de\/deutschland\/umfrage-belegt-57-prozent-der-deutschen-wollen-neuwahlen\/\",\"name\":\"Umfrage belegt: 57 Prozent der Deutschen wollen Neuwahlen - just-now.NEWS Deutschland\",\"isPartOf\":{\"@id\":\"https:\/\/now-news.de\/de\/#website\"},\"primaryImageOfPage\":{\"@id\":\"https:\/\/now-news.de\/de\/deutschland\/umfrage-belegt-57-prozent-der-deutschen-wollen-neuwahlen\/#primaryimage\"},\"image\":{\"@id\":\"https:\/\/now-news.de\/de\/deutschland\/umfrage-belegt-57-prozent-der-deutschen-wollen-neuwahlen\/#primaryimage\"},\"thumbnailUrl\":\"https:\/\/now-news.de\/de\/wp-content\/uploads\/sites\/3\/2023\/10\/Umfrage-belegt-57-Prozent-der-Deutschen-wollen-Neuwahlen.jpeg\",\"datePublished\":\"2023-10-10T11:38:43+00:00\",\"dateModified\":\"2023-10-10T11:38:43+00:00\",\"breadcrumb\":{\"@id\":\"https:\/\/now-news.de\/de\/deutschland\/umfrage-belegt-57-prozent-der-deutschen-wollen-neuwahlen\/#breadcrumb\"},\"inLanguage\":\"de\",\"potentialAction\":[{\"@type\":\"ReadAction\",\"target\":[\"https:\/\/now-news.de\/de\/deutschland\/umfrage-belegt-57-prozent-der-deutschen-wollen-neuwahlen\/\"]}]},{\"@type\":\"ImageObject\",\"inLanguage\":\"de\",\"@id\":\"https:\/\/now-news.de\/de\/deutschland\/umfrage-belegt-57-prozent-der-deutschen-wollen-neuwahlen\/#primaryimage\",\"url\":\"https:\/\/now-news.de\/de\/wp-content\/uploads\/sites\/3\/2023\/10\/Umfrage-belegt-57-Prozent-der-Deutschen-wollen-Neuwahlen.jpeg\",\"contentUrl\":\"https:\/\/now-news.de\/de\/wp-content\/uploads\/sites\/3\/2023\/10\/Umfrage-belegt-57-Prozent-der-Deutschen-wollen-Neuwahlen.jpeg\",\"width\":460,\"height\":259,\"caption\":\"Umfrage belegt: 57 Prozent der Deutschen wollen Neuwahlen\"},{\"@type\":\"BreadcrumbList\",\"@id\":\"https:\/\/now-news.de\/de\/deutschland\/umfrage-belegt-57-prozent-der-deutschen-wollen-neuwahlen\/#breadcrumb\",\"itemListElement\":[{\"@type\":\"ListItem\",\"position\":1,\"name\":\"Home\",\"item\":\"https:\/\/now-news.de\/de\/\"},{\"@type\":\"ListItem\",\"position\":2,\"name\":\"Umfrage belegt: 57 Prozent der Deutschen wollen Neuwahlen\"}]},{\"@type\":\"WebSite\",\"@id\":\"https:\/\/now-news.de\/de\/#website\",\"url\":\"https:\/\/now-news.de\/de\/\",\"name\":\"just-now.NEWS Deutschland\",\"description\":\"Das Portal f\u00fcr unzensierte Nachrichten aus der Welt\",\"publisher\":{\"@id\":\"https:\/\/now-news.de\/de\/#organization\"},\"potentialAction\":[{\"@type\":\"SearchAction\",\"target\":{\"@type\":\"EntryPoint\",\"urlTemplate\":\"https:\/\/now-news.de\/de\/?s={search_term_string}\"},\"query-input\":\"required name=search_term_string\"}],\"inLanguage\":\"de\"},{\"@type\":\"Organization\",\"@id\":\"https:\/\/now-news.de\/de\/#organization\",\"name\":\"Just Now News\",\"url\":\"https:\/\/now-news.de\/de\/\",\"logo\":{\"@type\":\"ImageObject\",\"inLanguage\":\"de\",\"@id\":\"https:\/\/now-news.de\/de\/#\/schema\/logo\/image\/\",\"url\":\"http:\/\/just-now.news\/de\/wp-content\/uploads\/sites\/3\/2022\/04\/logo500x500.jpg\",\"contentUrl\":\"http:\/\/just-now.news\/de\/wp-content\/uploads\/sites\/3\/2022\/04\/logo500x500.jpg\",\"width\":500,\"height\":500,\"caption\":\"Just Now News\"},\"image\":{\"@id\":\"https:\/\/now-news.de\/de\/#\/schema\/logo\/image\/\"},\"sameAs\":[\"https:\/\/www.facebook.com\/wirmachenauf\",\"https:\/\/x.com\/WirMachenAuf_de\"]},{\"@type\":\"Person\",\"@id\":\"https:\/\/now-news.de\/de\/#\/schema\/person\/fb534a4e865501d8b3285208df34a9b5\",\"name\":\"rtnews\",\"image\":{\"@type\":\"ImageObject\",\"inLanguage\":\"de\",\"@id\":\"https:\/\/now-news.de\/de\/#\/schema\/person\/image\/\",\"url\":\"https:\/\/secure.gravatar.com\/avatar\/82aafea7d8127119dd649515f56e2117?s=96&d=mm&r=g\",\"contentUrl\":\"https:\/\/secure.gravatar.com\/avatar\/82aafea7d8127119dd649515f56e2117?s=96&d=mm&r=g\",\"caption\":\"rtnews\"},\"url\":\"https:\/\/now-news.de\/de\/author\/rnews\/\"}]}<\/script>\n<!-- \/ Yoast SEO Premium plugin. -->","yoast_head_json":{"title":"Umfrage belegt: 57 Prozent der Deutschen wollen Neuwahlen - just-now.NEWS Deutschland","robots":{"index":"index","follow":"follow","max-snippet":"max-snippet:-1","max-image-preview":"max-image-preview:large","max-video-preview":"max-video-preview:-1"},"canonical":"https:\/\/now-news.de\/de\/deutschland\/umfrage-belegt-57-prozent-der-deutschen-wollen-neuwahlen\/","og_locale":"de_DE","og_type":"article","og_title":"Umfrage belegt: 57 Prozent der Deutschen wollen Neuwahlen","og_description":"Eine INSA-Umfrage im Auftrag der Bild-Zeitung dokumentiert die gro\u00dfe Unzufriedenheit in Deutschland. An erster Stelle der dort genannten Problemfelder steht demnach die aktuelle Migrationspolitik. Fast 60 Prozent der Befragten w\u00fcrden es daher als angebracht ansehen, dass die Bundesministerin des Innern Nancy Faeser ihren Posten abgibt. Die Ergebnisse der j\u00fcngsten Landtagswahlen in Bayern und Hessen pr\u00e4sentierten [&hellip;]","og_url":"https:\/\/now-news.de\/de\/deutschland\/umfrage-belegt-57-prozent-der-deutschen-wollen-neuwahlen\/","og_site_name":"just-now.NEWS Deutschland","article_publisher":"https:\/\/www.facebook.com\/wirmachenauf","article_published_time":"2023-10-10T11:38:43+00:00","og_image":[{"width":460,"height":259,"url":"https:\/\/now-news.de\/de\/wp-content\/uploads\/sites\/3\/2023\/10\/Umfrage-belegt-57-Prozent-der-Deutschen-wollen-Neuwahlen.jpeg","type":"image\/jpeg"}],"author":"rtnews","twitter_card":"summary_large_image","twitter_creator":"@WirMachenAuf_de","twitter_site":"@WirMachenAuf_de","twitter_misc":{"Verfasst von":"rtnews","Gesch\u00e4tzte Lesezeit":"4\u00a0Minuten"},"schema":{"@context":"https:\/\/schema.org","@graph":[{"@type":"Article","@id":"https:\/\/now-news.de\/de\/deutschland\/umfrage-belegt-57-prozent-der-deutschen-wollen-neuwahlen\/#article","isPartOf":{"@id":"https:\/\/now-news.de\/de\/deutschland\/umfrage-belegt-57-prozent-der-deutschen-wollen-neuwahlen\/"},"author":{"name":"rtnews","@id":"https:\/\/now-news.de\/de\/#\/schema\/person\/fb534a4e865501d8b3285208df34a9b5"},"headline":"Umfrage belegt: 57 Prozent der Deutschen wollen Neuwahlen","datePublished":"2023-10-10T11:38:43+00:00","dateModified":"2023-10-10T11:38:43+00:00","mainEntityOfPage":{"@id":"https:\/\/now-news.de\/de\/deutschland\/umfrage-belegt-57-prozent-der-deutschen-wollen-neuwahlen\/"},"wordCount":755,"commentCount":0,"publisher":{"@id":"https:\/\/now-news.de\/de\/#organization"},"image":{"@id":"https:\/\/now-news.de\/de\/deutschland\/umfrage-belegt-57-prozent-der-deutschen-wollen-neuwahlen\/#primaryimage"},"thumbnailUrl":"https:\/\/now-news.de\/de\/wp-content\/uploads\/sites\/3\/2023\/10\/Umfrage-belegt-57-Prozent-der-Deutschen-wollen-Neuwahlen.jpeg","keywords":["belegt","der","Deutschen","Neuwahlen","Prozent","Umfrage","wollen"],"articleSection":["Deutschland","Russland"],"inLanguage":"de","potentialAction":[{"@type":"CommentAction","name":"Comment","target":["https:\/\/now-news.de\/de\/deutschland\/umfrage-belegt-57-prozent-der-deutschen-wollen-neuwahlen\/#respond"]}]},{"@type":"WebPage","@id":"https:\/\/now-news.de\/de\/deutschland\/umfrage-belegt-57-prozent-der-deutschen-wollen-neuwahlen\/","url":"https:\/\/now-news.de\/de\/deutschland\/umfrage-belegt-57-prozent-der-deutschen-wollen-neuwahlen\/","name":"Umfrage belegt: 57 Prozent der Deutschen wollen Neuwahlen - just-now.NEWS Deutschland","isPartOf":{"@id":"https:\/\/now-news.de\/de\/#website"},"primaryImageOfPage":{"@id":"https:\/\/now-news.de\/de\/deutschland\/umfrage-belegt-57-prozent-der-deutschen-wollen-neuwahlen\/#primaryimage"},"image":{"@id":"https:\/\/now-news.de\/de\/deutschland\/umfrage-belegt-57-prozent-der-deutschen-wollen-neuwahlen\/#primaryimage"},"thumbnailUrl":"https:\/\/now-news.de\/de\/wp-content\/uploads\/sites\/3\/2023\/10\/Umfrage-belegt-57-Prozent-der-Deutschen-wollen-Neuwahlen.jpeg","datePublished":"2023-10-10T11:38:43+00:00","dateModified":"2023-10-10T11:38:43+00:00","breadcrumb":{"@id":"https:\/\/now-news.de\/de\/deutschland\/umfrage-belegt-57-prozent-der-deutschen-wollen-neuwahlen\/#breadcrumb"},"inLanguage":"de","potentialAction":[{"@type":"ReadAction","target":["https:\/\/now-news.de\/de\/deutschland\/umfrage-belegt-57-prozent-der-deutschen-wollen-neuwahlen\/"]}]},{"@type":"ImageObject","inLanguage":"de","@id":"https:\/\/now-news.de\/de\/deutschland\/umfrage-belegt-57-prozent-der-deutschen-wollen-neuwahlen\/#primaryimage","url":"https:\/\/now-news.de\/de\/wp-content\/uploads\/sites\/3\/2023\/10\/Umfrage-belegt-57-Prozent-der-Deutschen-wollen-Neuwahlen.jpeg","contentUrl":"https:\/\/now-news.de\/de\/wp-content\/uploads\/sites\/3\/2023\/10\/Umfrage-belegt-57-Prozent-der-Deutschen-wollen-Neuwahlen.jpeg","width":460,"height":259,"caption":"Umfrage belegt: 57 Prozent der Deutschen wollen Neuwahlen"},{"@type":"BreadcrumbList","@id":"https:\/\/now-news.de\/de\/deutschland\/umfrage-belegt-57-prozent-der-deutschen-wollen-neuwahlen\/#breadcrumb","itemListElement":[{"@type":"ListItem","position":1,"name":"Home","item":"https:\/\/now-news.de\/de\/"},{"@type":"ListItem","position":2,"name":"Umfrage belegt: 57 Prozent der Deutschen wollen Neuwahlen"}]},{"@type":"WebSite","@id":"https:\/\/now-news.de\/de\/#website","url":"https:\/\/now-news.de\/de\/","name":"just-now.NEWS Deutschland","description":"Das Portal f\u00fcr unzensierte Nachrichten aus der Welt","publisher":{"@id":"https:\/\/now-news.de\/de\/#organization"},"potentialAction":[{"@type":"SearchAction","target":{"@type":"EntryPoint","urlTemplate":"https:\/\/now-news.de\/de\/?s={search_term_string}"},"query-input":"required name=search_term_string"}],"inLanguage":"de"},{"@type":"Organization","@id":"https:\/\/now-news.de\/de\/#organization","name":"Just Now News","url":"https:\/\/now-news.de\/de\/","logo":{"@type":"ImageObject","inLanguage":"de","@id":"https:\/\/now-news.de\/de\/#\/schema\/logo\/image\/","url":"http:\/\/just-now.news\/de\/wp-content\/uploads\/sites\/3\/2022\/04\/logo500x500.jpg","contentUrl":"http:\/\/just-now.news\/de\/wp-content\/uploads\/sites\/3\/2022\/04\/logo500x500.jpg","width":500,"height":500,"caption":"Just Now News"},"image":{"@id":"https:\/\/now-news.de\/de\/#\/schema\/logo\/image\/"},"sameAs":["https:\/\/www.facebook.com\/wirmachenauf","https:\/\/x.com\/WirMachenAuf_de"]},{"@type":"Person","@id":"https:\/\/now-news.de\/de\/#\/schema\/person\/fb534a4e865501d8b3285208df34a9b5","name":"rtnews","image":{"@type":"ImageObject","inLanguage":"de","@id":"https:\/\/now-news.de\/de\/#\/schema\/person\/image\/","url":"https:\/\/secure.gravatar.com\/avatar\/82aafea7d8127119dd649515f56e2117?s=96&d=mm&r=g","contentUrl":"https:\/\/secure.gravatar.com\/avatar\/82aafea7d8127119dd649515f56e2117?s=96&d=mm&r=g","caption":"rtnews"},"url":"https:\/\/now-news.de\/de\/author\/rnews\/"}]}},"_links":{"self":[{"href":"https:\/\/now-news.de\/de\/wp-json\/wp\/v2\/posts\/47776"}],"collection":[{"href":"https:\/\/now-news.de\/de\/wp-json\/wp\/v2\/posts"}],"about":[{"href":"https:\/\/now-news.de\/de\/wp-json\/wp\/v2\/types\/post"}],"author":[{"embeddable":true,"href":"https:\/\/now-news.de\/de\/wp-json\/wp\/v2\/users\/3"}],"replies":[{"embeddable":true,"href":"https:\/\/now-news.de\/de\/wp-json\/wp\/v2\/comments?post=47776"}],"version-history":[{"count":0,"href":"https:\/\/now-news.de\/de\/wp-json\/wp\/v2\/posts\/47776\/revisions"}],"wp:featuredmedia":[{"embeddable":true,"href":"https:\/\/now-news.de\/de\/wp-json\/wp\/v2\/media\/47777"}],"wp:attachment":[{"href":"https:\/\/now-news.de\/de\/wp-json\/wp\/v2\/media?parent=47776"}],"wp:term":[{"taxonomy":"category","embeddable":true,"href":"https:\/\/now-news.de\/de\/wp-json\/wp\/v2\/categories?post=47776"},{"taxonomy":"post_tag","embeddable":true,"href":"https:\/\/now-news.de\/de\/wp-json\/wp\/v2\/tags?post=47776"}],"curies":[{"name":"wp","href":"https:\/\/api.w.org\/{rel}","templated":true}]}}