{"id":47770,"date":"2023-10-10T14:34:31","date_gmt":"2023-10-10T12:34:31","guid":{"rendered":"https:\/\/just-now.news\/de\/deutschland\/varoufakis-europa-ist-am-ende-von-der-leyen-wurde-von-merkel-wegen-unfaehigkeit-zur-eu-abgeschoben\/"},"modified":"2023-10-10T14:34:31","modified_gmt":"2023-10-10T12:34:31","slug":"varoufakis-europa-ist-am-ende-von-der-leyen-wurde-von-merkel-wegen-unfaehigkeit-zur-eu-abgeschoben","status":"publish","type":"post","link":"https:\/\/now-news.de\/de\/deutschland\/varoufakis-europa-ist-am-ende-von-der-leyen-wurde-von-merkel-wegen-unfaehigkeit-zur-eu-abgeschoben\/","title":{"rendered":"Varoufakis: Europa ist am Ende \u2013 von der Leyen wurde von Merkel wegen Unf\u00e4higkeit zur EU abgeschoben"},"content":{"rendered":"<p><img decoding=\"async\" src=\"http:\/\/just-now.news\/de\/wp-content\/uploads\/sites\/3\/2023\/10\/6523f36a48fbef6afb37e5f4.jpg\" \/><\/p>\n<div class=\"Text-root Text-type_1 \">\n                Der Wirtschaftswissenschaftler und fr\u00fchere griechische Finanzminister Yanis Varoufakis hat kr\u00e4ftig gegen die EU sowie Scholz und Macron ausgeteilt. Obwohl 2015 von der deutschen und EU-Politik unter Merkel heftig gedem\u00fctigt, fand der Linksliberale anerkennende Worte f\u00fcr die Altkanzlerin.\n            <\/div>\n<p><\/p>\n<div class=\"Text-root Text-type_5 ArticleView-text ViewText-root \">\n<p>Der ehemalige griechische Finanzminister hat sich in einem Interview, das unter anderem von der Plattform TikTok\u00a0<a rel=\"nofollow noopener\" target=\"_blank\" href=\"https:\/\/twitter.com\/ivan_8848\/status\/1711108386786308548?s=20\">verbreitet<\/a> wird, mehr als deutlich \u00fcber das inexistente internationale Gewicht der Europ\u00e4ischen Union und ihres heutigen Spitzenpersonals ge\u00e4u\u00dfert. Sein Fazit lautet wenig diplomatisch:<\/p>\n<blockquote>\n<p><em> &#8220;Europa ist am Ende (Europe is over).&#8221;<\/em><\/p>\n<\/blockquote>\n<p>Der linksliberale Wirtschaftsexperte war\u00a0unter Alexis Tsipras als Finanzminister w\u00e4hrend der Euro- beziehungsweise Bankenkrise f\u00fcr die Verhandlungen mit der EU zust\u00e4ndig und hatte die \u00e4u\u00dferst herablassende, dem\u00fctigende Behandlung durch die Br\u00fcsseler B\u00fcrokraten und auch deutsche Politiker wie Wolfgang Sch\u00e4uble \u00f6ffentlich gemacht. Nun kommentiert er den aktuellen Zustand der EU mit drastischen Worten.<\/p>\n<p>Varoufakis stellt in dem Interview ein Gedankenexperiment an: Was w\u00e4re, wenn es schon morgen Friedensverhandlungen \u00fcber den Ukraine-Konflikt g\u00e4be? Wer w\u00fcrde an dem &#8220;Riesentisch&#8221; sitzen, der unter der \u00c4gide der UNO &#8220;in Genf&#8221; oder &#8220;wo auch immer&#8221; st\u00fcnde? Varoufakis beantwortet selbst die von ihm aufgeworfene Frage:<\/p>\n<blockquote>\n<p><em>&#8220;Wir wissen, wer die Ukraine vertreten wird: Selenskij. Russland \u2013 Putin, Amerika \u2013 Biden, China \u2013 Xi, Indien \u2013 Modi. Wer wir Europa vertreten? Fragen Sie sich das einmal, und dann werden Sie pl\u00f6tzlich feststellen, wie irrelevant Europa ist.&#8221;<\/em><\/p>\n<\/blockquote>\n<div class=\"EmbedBlock-root EmbedBlock-twitter\">\n<div class=\"TwitterEmbed\">\n<blockquote class=\"twitter-tweet lazyload\" data-twitter=\"twitter-tweet\">\n<p lang=\"en\" dir=\"ltr\">Europe is over! <a rel=\"nofollow noopener\" target=\"_blank\" href=\"https:\/\/t.co\/aFsw2jshaV\">pic.twitter.com\/aFsw2jshaV<\/a><\/p>\n<p>\u2014 Ignorance, the root and stem of all evil (@ivan_8848) <a rel=\"nofollow noopener\" target=\"_blank\" href=\"https:\/\/twitter.com\/ivan_8848\/status\/1711108386786308548?ref_src=twsrc%5Etfw\">October 8, 2023<\/a><\/p><\/blockquote>\n<\/div>\n<\/div>\n<p>Und obwohl der Wirtschaftsfachmann vor bald zehn Jahren seine eigenen Erfahrungen mit der deutschen Politik gegen\u00fcber Griechenland machen musste, kommt er zu dem Schluss, wer f\u00fcr die EU sprechen k\u00f6nnte:<\/p>\n<blockquote>\n<p><em>&#8220;Fr\u00fcher h\u00e4tte das selbstverst\u00e4ndlich Merkel gemacht. Merkel hatte das politische Verm\u00f6gen und dazu die Schlagkraft. Scholz hat das nicht, Macron auch nicht. Warum?&#8221;<\/em><\/p>\n<\/blockquote>\n<p>Auch diese Frage beantwortet Varoufakis wenig r\u00fccksichtsvoll:<\/p>\n<blockquote>\n<p><em>&#8220;Nicht nur, weil sie Winzlinge im Vergleich zu Merkel sind. Das sind sie einfach.<\/em><\/p>\n<p><em>Aber auch deshalb, weil alles, was sie sagen, mit einem Veto der polnischen Regierung, der Regierung von Litauen, von Estland, Finnland und Schweden belegt wird, die beide [Macron und Scholz; Anm. d. Red.] als Dienstm\u00e4dchen von Putin ansehen. Beide \u2013 Scholz und Macron.&#8221;<\/em><\/p>\n<\/blockquote>\n<p>An dieser Stelle w\u00e4re zu erg\u00e4nzen, dass Paris und Berlin es scheinbar bereitwillig zulassen, derart vorgef\u00fchrt zu werden und dass Polen, die baltischen Staaten sowie die traditionell transatlantisch ausgerichteten Nordeurop\u00e4er jegliche <a rel=\"nofollow noopener\" target=\"_blank\" href=\"https:\/\/freeassange.rtde.live\/europa\/182141-estland-will-in-zwoelftem-sanktionspaket-totales-handelsembargo-gegen-russland\/\">Beziehungen nach Moskau<\/a> verteufeln. (Derweil macht der Ehemann der vehement antirussisch auftretenden estnischen Ministerpr\u00e4sidentin Kallas mit seiner Firma <a rel=\"nofollow noopener\" target=\"_blank\" href=\"https:\/\/www.faz.net\/aktuell\/politik\/estland-opposition-fordert-ruecktritt-von-kallas-19129244.html\">Gesch\u00e4fte mit Russland<\/a>.) Der politische Effekt dieser Konstellation ist laut Varoufakis f\u00fcr die beiden gr\u00f6\u00dften EU-L\u00e4nder verheerend:<\/p>\n<blockquote>\n<p><em>&#8220;Das hei\u00dft, den beiden L\u00e4ndern, die f\u00fcr den Wiederaufbau der Ukraine zahlen m\u00fcssen, wird nicht erlaubt, die Europ\u00e4ische Union\u00a0bei diesen Verhandlungen zu vertreten.&#8221; <\/em><\/p>\n<\/blockquote>\n<p>Wenn es schon nicht Macron oder Scholz sind, die f\u00fcr die EU sprechen k\u00f6nnten, m\u00fcsste es doch jemand aus der EU-F\u00fchrungsetage sein. Varoufakis, der seit jeher f\u00fcr seine Pro-EU-Haltung bekannt ist, versagt sich schlie\u00dflich jegliche Zur\u00fcckhaltung:<\/p>\n<blockquote>\n<p><em>&#8220;Wer also wird die EU vertreten? Von der Leyen? Ich meine, sie ist nur da [Pr\u00e4sidentin der Europ\u00e4ischen Kommission; Anm. d. Red.], weil sie als Ministerin in Merkels Kabinett versagt hat und Merkel sie loswerden wollte. Sie hat sie nur deshalb nach Br\u00fcssel geschickt, weil man nicht h\u00f6rt, wie die Leute dort ihretwegen Schreikr\u00e4mpfe bekommen [&#8230; you can&#8217;t hear the scream].&#8221;<\/em><\/p>\n<\/blockquote>\n<p>Bliebe noch nachzutragen, dass konsequenterweise in den englischen Untertiteln des <em>TikTok<\/em>-Clips der Nachname des deutschen Regierungschefs durchgehend falsch geschrieben wird: &#8220;Scholtz&#8221;. Auch\u00a0daran wird der politische und \u00f6konomische Bedeutungsverlust der BRD deutlich.<\/p>\n<p><strong>Mehr zum Thema<\/strong> &#8211; <a rel=\"nofollow noopener\" target=\"_blank\" href=\"https:\/\/freeassange.rtde.live\/meinung\/182948-ukraine-muedigkeit-im-westen-beunruhigt\/\">Die Ukraine-M\u00fcdigkeit im Westen beunruhigt die Eliten im Umfeld der NATO \u2013 und das sollte sie auch<\/a><\/p>\n<\/p>\n<\/div>\n<p><script async src=\"https:\/\/platform.twitter.com\/widgets.js\" charset=\"utf-8\"><\/script><br \/>\n<br \/><br \/>\n<br \/><a href=\"https:\/\/de.rt.com\/europa\/183107-varoufakis-europa-ist-am-ende\/\">Source link <\/a><\/p>\n","protected":false},"excerpt":{"rendered":"<p>Der Wirtschaftswissenschaftler und fr\u00fchere griechische Finanzminister Yanis Varoufakis hat kr\u00e4ftig gegen die EU sowie Scholz und Macron ausgeteilt. Obwohl 2015 von der deutschen und EU-Politik unter Merkel heftig gedem\u00fctigt, fand der Linksliberale anerkennende Worte f\u00fcr die Altkanzlerin. Der ehemalige griechische Finanzminister hat sich in einem Interview, das unter anderem von der Plattform TikTok\u00a0verbreitet wird, mehr [&hellip;]<\/p>\n","protected":false},"author":3,"featured_media":47771,"comment_status":"open","ping_status":"open","sticky":false,"template":"","format":"standard","meta":{"_yoast_indexnow_last_ping":["1696941510"],"wp_automatic_camp":["217"],"c47e8deae65fe912d5207119262a435a":["Varoufakis: Europa ist am Ende \u2013 von der Leyen wurde von Merkel wegen Unf\u00e4higkeit zur EU abgeschoben"],"original_link":["https:\/\/de.rt.com\/europa\/183107-varoufakis-europa-ist-am-ende\/"],"_thumbnail_id":["47771"],"_wptgpro_p2tg_sent2tg":["a:1:{i:23737;s:19:\"2023-10-10 14:39:36\";}"],"jnews_social_counter_last_update":["1777282592"]},"categories":[19,23],"tags":[29043,82,5375,1370,414,368,55,20652,49655,50,145,528,581],"yoast_head":"<!-- This site is optimized with the Yoast SEO Premium plugin v22.7 (Yoast SEO v22.7) - https:\/\/yoast.com\/wordpress\/plugins\/seo\/ -->\n<title>Varoufakis: Europa ist am Ende \u2013 von der Leyen wurde von Merkel wegen Unf\u00e4higkeit zur EU abgeschoben - just-now.NEWS Deutschland<\/title>\n<meta name=\"robots\" content=\"index, follow, max-snippet:-1, max-image-preview:large, max-video-preview:-1\" \/>\n<link rel=\"canonical\" href=\"https:\/\/now-news.de\/de\/deutschland\/varoufakis-europa-ist-am-ende-von-der-leyen-wurde-von-merkel-wegen-unfaehigkeit-zur-eu-abgeschoben\/\" \/>\n<meta property=\"og:locale\" content=\"de_DE\" \/>\n<meta property=\"og:type\" content=\"article\" \/>\n<meta property=\"og:title\" content=\"Varoufakis: Europa ist am Ende \u2013 von der Leyen wurde von Merkel wegen Unf\u00e4higkeit zur EU abgeschoben\" \/>\n<meta property=\"og:description\" content=\"Der Wirtschaftswissenschaftler und fr\u00fchere griechische Finanzminister Yanis Varoufakis hat kr\u00e4ftig gegen die EU sowie Scholz und Macron ausgeteilt. Obwohl 2015 von der deutschen und EU-Politik unter Merkel heftig gedem\u00fctigt, fand der Linksliberale anerkennende Worte f\u00fcr die Altkanzlerin. Der ehemalige griechische Finanzminister hat sich in einem Interview, das unter anderem von der Plattform TikTok\u00a0verbreitet wird, mehr [&hellip;]\" \/>\n<meta property=\"og:url\" content=\"https:\/\/now-news.de\/de\/deutschland\/varoufakis-europa-ist-am-ende-von-der-leyen-wurde-von-merkel-wegen-unfaehigkeit-zur-eu-abgeschoben\/\" \/>\n<meta property=\"og:site_name\" content=\"just-now.NEWS Deutschland\" \/>\n<meta property=\"article:publisher\" content=\"https:\/\/www.facebook.com\/wirmachenauf\" \/>\n<meta property=\"article:published_time\" content=\"2023-10-10T12:34:31+00:00\" \/>\n<meta property=\"og:image\" content=\"https:\/\/now-news.de\/de\/wp-content\/uploads\/sites\/3\/2023\/10\/Varoufakis-Europa-ist-am-Ende-\u2013-von-der-Leyen-wurde.jpg\" \/>\n\t<meta property=\"og:image:width\" content=\"460\" \/>\n\t<meta property=\"og:image:height\" content=\"259\" \/>\n\t<meta property=\"og:image:type\" content=\"image\/jpeg\" \/>\n<meta name=\"author\" content=\"rtnews\" \/>\n<meta name=\"twitter:card\" content=\"summary_large_image\" \/>\n<meta name=\"twitter:creator\" content=\"@WirMachenAuf_de\" \/>\n<meta name=\"twitter:site\" content=\"@WirMachenAuf_de\" \/>\n<meta name=\"twitter:label1\" content=\"Verfasst von\" \/>\n\t<meta name=\"twitter:data1\" content=\"rtnews\" \/>\n\t<meta name=\"twitter:label2\" content=\"Gesch\u00e4tzte Lesezeit\" \/>\n\t<meta name=\"twitter:data2\" content=\"3\u00a0Minuten\" \/>\n<script type=\"application\/ld+json\" class=\"yoast-schema-graph\">{\"@context\":\"https:\/\/schema.org\",\"@graph\":[{\"@type\":\"Article\",\"@id\":\"https:\/\/now-news.de\/de\/deutschland\/varoufakis-europa-ist-am-ende-von-der-leyen-wurde-von-merkel-wegen-unfaehigkeit-zur-eu-abgeschoben\/#article\",\"isPartOf\":{\"@id\":\"https:\/\/now-news.de\/de\/deutschland\/varoufakis-europa-ist-am-ende-von-der-leyen-wurde-von-merkel-wegen-unfaehigkeit-zur-eu-abgeschoben\/\"},\"author\":{\"name\":\"rtnews\",\"@id\":\"https:\/\/now-news.de\/de\/#\/schema\/person\/fb534a4e865501d8b3285208df34a9b5\"},\"headline\":\"Varoufakis: Europa ist am Ende \u2013 von der Leyen wurde von Merkel wegen Unf\u00e4higkeit zur EU abgeschoben\",\"datePublished\":\"2023-10-10T12:34:31+00:00\",\"dateModified\":\"2023-10-10T12:34:31+00:00\",\"mainEntityOfPage\":{\"@id\":\"https:\/\/now-news.de\/de\/deutschland\/varoufakis-europa-ist-am-ende-von-der-leyen-wurde-von-merkel-wegen-unfaehigkeit-zur-eu-abgeschoben\/\"},\"wordCount\":664,\"commentCount\":0,\"publisher\":{\"@id\":\"https:\/\/now-news.de\/de\/#organization\"},\"image\":{\"@id\":\"https:\/\/now-news.de\/de\/deutschland\/varoufakis-europa-ist-am-ende-von-der-leyen-wurde-von-merkel-wegen-unfaehigkeit-zur-eu-abgeschoben\/#primaryimage\"},\"thumbnailUrl\":\"https:\/\/now-news.de\/de\/wp-content\/uploads\/sites\/3\/2023\/10\/Varoufakis-Europa-ist-am-Ende-\u2013-von-der-Leyen-wurde.jpg\",\"keywords\":[\"abgeschoben\",\"der\",\"Ende\",\"Europa\",\"ist\",\"Leyen\",\"Merkel\",\"Unf\u00e4higkeit\",\"Varoufakis\",\"von\",\"wegen\",\"wurde\",\"zur\"],\"articleSection\":[\"Deutschland\",\"Russland\"],\"inLanguage\":\"de\",\"potentialAction\":[{\"@type\":\"CommentAction\",\"name\":\"Comment\",\"target\":[\"https:\/\/now-news.de\/de\/deutschland\/varoufakis-europa-ist-am-ende-von-der-leyen-wurde-von-merkel-wegen-unfaehigkeit-zur-eu-abgeschoben\/#respond\"]}]},{\"@type\":\"WebPage\",\"@id\":\"https:\/\/now-news.de\/de\/deutschland\/varoufakis-europa-ist-am-ende-von-der-leyen-wurde-von-merkel-wegen-unfaehigkeit-zur-eu-abgeschoben\/\",\"url\":\"https:\/\/now-news.de\/de\/deutschland\/varoufakis-europa-ist-am-ende-von-der-leyen-wurde-von-merkel-wegen-unfaehigkeit-zur-eu-abgeschoben\/\",\"name\":\"Varoufakis: Europa ist am Ende \u2013 von der Leyen wurde von Merkel wegen Unf\u00e4higkeit zur EU abgeschoben - just-now.NEWS Deutschland\",\"isPartOf\":{\"@id\":\"https:\/\/now-news.de\/de\/#website\"},\"primaryImageOfPage\":{\"@id\":\"https:\/\/now-news.de\/de\/deutschland\/varoufakis-europa-ist-am-ende-von-der-leyen-wurde-von-merkel-wegen-unfaehigkeit-zur-eu-abgeschoben\/#primaryimage\"},\"image\":{\"@id\":\"https:\/\/now-news.de\/de\/deutschland\/varoufakis-europa-ist-am-ende-von-der-leyen-wurde-von-merkel-wegen-unfaehigkeit-zur-eu-abgeschoben\/#primaryimage\"},\"thumbnailUrl\":\"https:\/\/now-news.de\/de\/wp-content\/uploads\/sites\/3\/2023\/10\/Varoufakis-Europa-ist-am-Ende-\u2013-von-der-Leyen-wurde.jpg\",\"datePublished\":\"2023-10-10T12:34:31+00:00\",\"dateModified\":\"2023-10-10T12:34:31+00:00\",\"breadcrumb\":{\"@id\":\"https:\/\/now-news.de\/de\/deutschland\/varoufakis-europa-ist-am-ende-von-der-leyen-wurde-von-merkel-wegen-unfaehigkeit-zur-eu-abgeschoben\/#breadcrumb\"},\"inLanguage\":\"de\",\"potentialAction\":[{\"@type\":\"ReadAction\",\"target\":[\"https:\/\/now-news.de\/de\/deutschland\/varoufakis-europa-ist-am-ende-von-der-leyen-wurde-von-merkel-wegen-unfaehigkeit-zur-eu-abgeschoben\/\"]}]},{\"@type\":\"ImageObject\",\"inLanguage\":\"de\",\"@id\":\"https:\/\/now-news.de\/de\/deutschland\/varoufakis-europa-ist-am-ende-von-der-leyen-wurde-von-merkel-wegen-unfaehigkeit-zur-eu-abgeschoben\/#primaryimage\",\"url\":\"https:\/\/now-news.de\/de\/wp-content\/uploads\/sites\/3\/2023\/10\/Varoufakis-Europa-ist-am-Ende-\u2013-von-der-Leyen-wurde.jpg\",\"contentUrl\":\"https:\/\/now-news.de\/de\/wp-content\/uploads\/sites\/3\/2023\/10\/Varoufakis-Europa-ist-am-Ende-\u2013-von-der-Leyen-wurde.jpg\",\"width\":460,\"height\":259,\"caption\":\"Varoufakis: Europa ist am Ende \u2013 von der Leyen wurde von Merkel wegen Unf\u00e4higkeit zur EU abgeschoben\"},{\"@type\":\"BreadcrumbList\",\"@id\":\"https:\/\/now-news.de\/de\/deutschland\/varoufakis-europa-ist-am-ende-von-der-leyen-wurde-von-merkel-wegen-unfaehigkeit-zur-eu-abgeschoben\/#breadcrumb\",\"itemListElement\":[{\"@type\":\"ListItem\",\"position\":1,\"name\":\"Home\",\"item\":\"https:\/\/now-news.de\/de\/\"},{\"@type\":\"ListItem\",\"position\":2,\"name\":\"Varoufakis: Europa ist am Ende \u2013 von der Leyen wurde von Merkel wegen Unf\u00e4higkeit zur EU abgeschoben\"}]},{\"@type\":\"WebSite\",\"@id\":\"https:\/\/now-news.de\/de\/#website\",\"url\":\"https:\/\/now-news.de\/de\/\",\"name\":\"just-now.NEWS Deutschland\",\"description\":\"Das Portal f\u00fcr unzensierte Nachrichten aus der Welt\",\"publisher\":{\"@id\":\"https:\/\/now-news.de\/de\/#organization\"},\"potentialAction\":[{\"@type\":\"SearchAction\",\"target\":{\"@type\":\"EntryPoint\",\"urlTemplate\":\"https:\/\/now-news.de\/de\/?s={search_term_string}\"},\"query-input\":\"required name=search_term_string\"}],\"inLanguage\":\"de\"},{\"@type\":\"Organization\",\"@id\":\"https:\/\/now-news.de\/de\/#organization\",\"name\":\"Just Now News\",\"url\":\"https:\/\/now-news.de\/de\/\",\"logo\":{\"@type\":\"ImageObject\",\"inLanguage\":\"de\",\"@id\":\"https:\/\/now-news.de\/de\/#\/schema\/logo\/image\/\",\"url\":\"http:\/\/just-now.news\/de\/wp-content\/uploads\/sites\/3\/2022\/04\/logo500x500.jpg\",\"contentUrl\":\"http:\/\/just-now.news\/de\/wp-content\/uploads\/sites\/3\/2022\/04\/logo500x500.jpg\",\"width\":500,\"height\":500,\"caption\":\"Just Now News\"},\"image\":{\"@id\":\"https:\/\/now-news.de\/de\/#\/schema\/logo\/image\/\"},\"sameAs\":[\"https:\/\/www.facebook.com\/wirmachenauf\",\"https:\/\/x.com\/WirMachenAuf_de\"]},{\"@type\":\"Person\",\"@id\":\"https:\/\/now-news.de\/de\/#\/schema\/person\/fb534a4e865501d8b3285208df34a9b5\",\"name\":\"rtnews\",\"image\":{\"@type\":\"ImageObject\",\"inLanguage\":\"de\",\"@id\":\"https:\/\/now-news.de\/de\/#\/schema\/person\/image\/\",\"url\":\"https:\/\/secure.gravatar.com\/avatar\/82aafea7d8127119dd649515f56e2117?s=96&d=mm&r=g\",\"contentUrl\":\"https:\/\/secure.gravatar.com\/avatar\/82aafea7d8127119dd649515f56e2117?s=96&d=mm&r=g\",\"caption\":\"rtnews\"},\"url\":\"https:\/\/now-news.de\/de\/author\/rnews\/\"}]}<\/script>\n<!-- \/ Yoast SEO Premium plugin. -->","yoast_head_json":{"title":"Varoufakis: Europa ist am Ende \u2013 von der Leyen wurde von Merkel wegen Unf\u00e4higkeit zur EU abgeschoben - just-now.NEWS Deutschland","robots":{"index":"index","follow":"follow","max-snippet":"max-snippet:-1","max-image-preview":"max-image-preview:large","max-video-preview":"max-video-preview:-1"},"canonical":"https:\/\/now-news.de\/de\/deutschland\/varoufakis-europa-ist-am-ende-von-der-leyen-wurde-von-merkel-wegen-unfaehigkeit-zur-eu-abgeschoben\/","og_locale":"de_DE","og_type":"article","og_title":"Varoufakis: Europa ist am Ende \u2013 von der Leyen wurde von Merkel wegen Unf\u00e4higkeit zur EU abgeschoben","og_description":"Der Wirtschaftswissenschaftler und fr\u00fchere griechische Finanzminister Yanis Varoufakis hat kr\u00e4ftig gegen die EU sowie Scholz und Macron ausgeteilt. Obwohl 2015 von der deutschen und EU-Politik unter Merkel heftig gedem\u00fctigt, fand der Linksliberale anerkennende Worte f\u00fcr die Altkanzlerin. Der ehemalige griechische Finanzminister hat sich in einem Interview, das unter anderem von der Plattform TikTok\u00a0verbreitet wird, mehr [&hellip;]","og_url":"https:\/\/now-news.de\/de\/deutschland\/varoufakis-europa-ist-am-ende-von-der-leyen-wurde-von-merkel-wegen-unfaehigkeit-zur-eu-abgeschoben\/","og_site_name":"just-now.NEWS Deutschland","article_publisher":"https:\/\/www.facebook.com\/wirmachenauf","article_published_time":"2023-10-10T12:34:31+00:00","og_image":[{"width":460,"height":259,"url":"https:\/\/now-news.de\/de\/wp-content\/uploads\/sites\/3\/2023\/10\/Varoufakis-Europa-ist-am-Ende-\u2013-von-der-Leyen-wurde.jpg","type":"image\/jpeg"}],"author":"rtnews","twitter_card":"summary_large_image","twitter_creator":"@WirMachenAuf_de","twitter_site":"@WirMachenAuf_de","twitter_misc":{"Verfasst von":"rtnews","Gesch\u00e4tzte Lesezeit":"3\u00a0Minuten"},"schema":{"@context":"https:\/\/schema.org","@graph":[{"@type":"Article","@id":"https:\/\/now-news.de\/de\/deutschland\/varoufakis-europa-ist-am-ende-von-der-leyen-wurde-von-merkel-wegen-unfaehigkeit-zur-eu-abgeschoben\/#article","isPartOf":{"@id":"https:\/\/now-news.de\/de\/deutschland\/varoufakis-europa-ist-am-ende-von-der-leyen-wurde-von-merkel-wegen-unfaehigkeit-zur-eu-abgeschoben\/"},"author":{"name":"rtnews","@id":"https:\/\/now-news.de\/de\/#\/schema\/person\/fb534a4e865501d8b3285208df34a9b5"},"headline":"Varoufakis: Europa ist am Ende \u2013 von der Leyen wurde von Merkel wegen Unf\u00e4higkeit zur EU abgeschoben","datePublished":"2023-10-10T12:34:31+00:00","dateModified":"2023-10-10T12:34:31+00:00","mainEntityOfPage":{"@id":"https:\/\/now-news.de\/de\/deutschland\/varoufakis-europa-ist-am-ende-von-der-leyen-wurde-von-merkel-wegen-unfaehigkeit-zur-eu-abgeschoben\/"},"wordCount":664,"commentCount":0,"publisher":{"@id":"https:\/\/now-news.de\/de\/#organization"},"image":{"@id":"https:\/\/now-news.de\/de\/deutschland\/varoufakis-europa-ist-am-ende-von-der-leyen-wurde-von-merkel-wegen-unfaehigkeit-zur-eu-abgeschoben\/#primaryimage"},"thumbnailUrl":"https:\/\/now-news.de\/de\/wp-content\/uploads\/sites\/3\/2023\/10\/Varoufakis-Europa-ist-am-Ende-\u2013-von-der-Leyen-wurde.jpg","keywords":["abgeschoben","der","Ende","Europa","ist","Leyen","Merkel","Unf\u00e4higkeit","Varoufakis","von","wegen","wurde","zur"],"articleSection":["Deutschland","Russland"],"inLanguage":"de","potentialAction":[{"@type":"CommentAction","name":"Comment","target":["https:\/\/now-news.de\/de\/deutschland\/varoufakis-europa-ist-am-ende-von-der-leyen-wurde-von-merkel-wegen-unfaehigkeit-zur-eu-abgeschoben\/#respond"]}]},{"@type":"WebPage","@id":"https:\/\/now-news.de\/de\/deutschland\/varoufakis-europa-ist-am-ende-von-der-leyen-wurde-von-merkel-wegen-unfaehigkeit-zur-eu-abgeschoben\/","url":"https:\/\/now-news.de\/de\/deutschland\/varoufakis-europa-ist-am-ende-von-der-leyen-wurde-von-merkel-wegen-unfaehigkeit-zur-eu-abgeschoben\/","name":"Varoufakis: Europa ist am Ende \u2013 von der Leyen wurde von Merkel wegen Unf\u00e4higkeit zur EU abgeschoben - just-now.NEWS Deutschland","isPartOf":{"@id":"https:\/\/now-news.de\/de\/#website"},"primaryImageOfPage":{"@id":"https:\/\/now-news.de\/de\/deutschland\/varoufakis-europa-ist-am-ende-von-der-leyen-wurde-von-merkel-wegen-unfaehigkeit-zur-eu-abgeschoben\/#primaryimage"},"image":{"@id":"https:\/\/now-news.de\/de\/deutschland\/varoufakis-europa-ist-am-ende-von-der-leyen-wurde-von-merkel-wegen-unfaehigkeit-zur-eu-abgeschoben\/#primaryimage"},"thumbnailUrl":"https:\/\/now-news.de\/de\/wp-content\/uploads\/sites\/3\/2023\/10\/Varoufakis-Europa-ist-am-Ende-\u2013-von-der-Leyen-wurde.jpg","datePublished":"2023-10-10T12:34:31+00:00","dateModified":"2023-10-10T12:34:31+00:00","breadcrumb":{"@id":"https:\/\/now-news.de\/de\/deutschland\/varoufakis-europa-ist-am-ende-von-der-leyen-wurde-von-merkel-wegen-unfaehigkeit-zur-eu-abgeschoben\/#breadcrumb"},"inLanguage":"de","potentialAction":[{"@type":"ReadAction","target":["https:\/\/now-news.de\/de\/deutschland\/varoufakis-europa-ist-am-ende-von-der-leyen-wurde-von-merkel-wegen-unfaehigkeit-zur-eu-abgeschoben\/"]}]},{"@type":"ImageObject","inLanguage":"de","@id":"https:\/\/now-news.de\/de\/deutschland\/varoufakis-europa-ist-am-ende-von-der-leyen-wurde-von-merkel-wegen-unfaehigkeit-zur-eu-abgeschoben\/#primaryimage","url":"https:\/\/now-news.de\/de\/wp-content\/uploads\/sites\/3\/2023\/10\/Varoufakis-Europa-ist-am-Ende-\u2013-von-der-Leyen-wurde.jpg","contentUrl":"https:\/\/now-news.de\/de\/wp-content\/uploads\/sites\/3\/2023\/10\/Varoufakis-Europa-ist-am-Ende-\u2013-von-der-Leyen-wurde.jpg","width":460,"height":259,"caption":"Varoufakis: Europa ist am Ende \u2013 von der Leyen wurde von Merkel wegen Unf\u00e4higkeit zur EU abgeschoben"},{"@type":"BreadcrumbList","@id":"https:\/\/now-news.de\/de\/deutschland\/varoufakis-europa-ist-am-ende-von-der-leyen-wurde-von-merkel-wegen-unfaehigkeit-zur-eu-abgeschoben\/#breadcrumb","itemListElement":[{"@type":"ListItem","position":1,"name":"Home","item":"https:\/\/now-news.de\/de\/"},{"@type":"ListItem","position":2,"name":"Varoufakis: Europa ist am Ende \u2013 von der Leyen wurde von Merkel wegen Unf\u00e4higkeit zur EU abgeschoben"}]},{"@type":"WebSite","@id":"https:\/\/now-news.de\/de\/#website","url":"https:\/\/now-news.de\/de\/","name":"just-now.NEWS Deutschland","description":"Das Portal f\u00fcr unzensierte Nachrichten aus der Welt","publisher":{"@id":"https:\/\/now-news.de\/de\/#organization"},"potentialAction":[{"@type":"SearchAction","target":{"@type":"EntryPoint","urlTemplate":"https:\/\/now-news.de\/de\/?s={search_term_string}"},"query-input":"required name=search_term_string"}],"inLanguage":"de"},{"@type":"Organization","@id":"https:\/\/now-news.de\/de\/#organization","name":"Just Now News","url":"https:\/\/now-news.de\/de\/","logo":{"@type":"ImageObject","inLanguage":"de","@id":"https:\/\/now-news.de\/de\/#\/schema\/logo\/image\/","url":"http:\/\/just-now.news\/de\/wp-content\/uploads\/sites\/3\/2022\/04\/logo500x500.jpg","contentUrl":"http:\/\/just-now.news\/de\/wp-content\/uploads\/sites\/3\/2022\/04\/logo500x500.jpg","width":500,"height":500,"caption":"Just Now News"},"image":{"@id":"https:\/\/now-news.de\/de\/#\/schema\/logo\/image\/"},"sameAs":["https:\/\/www.facebook.com\/wirmachenauf","https:\/\/x.com\/WirMachenAuf_de"]},{"@type":"Person","@id":"https:\/\/now-news.de\/de\/#\/schema\/person\/fb534a4e865501d8b3285208df34a9b5","name":"rtnews","image":{"@type":"ImageObject","inLanguage":"de","@id":"https:\/\/now-news.de\/de\/#\/schema\/person\/image\/","url":"https:\/\/secure.gravatar.com\/avatar\/82aafea7d8127119dd649515f56e2117?s=96&d=mm&r=g","contentUrl":"https:\/\/secure.gravatar.com\/avatar\/82aafea7d8127119dd649515f56e2117?s=96&d=mm&r=g","caption":"rtnews"},"url":"https:\/\/now-news.de\/de\/author\/rnews\/"}]}},"_links":{"self":[{"href":"https:\/\/now-news.de\/de\/wp-json\/wp\/v2\/posts\/47770"}],"collection":[{"href":"https:\/\/now-news.de\/de\/wp-json\/wp\/v2\/posts"}],"about":[{"href":"https:\/\/now-news.de\/de\/wp-json\/wp\/v2\/types\/post"}],"author":[{"embeddable":true,"href":"https:\/\/now-news.de\/de\/wp-json\/wp\/v2\/users\/3"}],"replies":[{"embeddable":true,"href":"https:\/\/now-news.de\/de\/wp-json\/wp\/v2\/comments?post=47770"}],"version-history":[{"count":0,"href":"https:\/\/now-news.de\/de\/wp-json\/wp\/v2\/posts\/47770\/revisions"}],"wp:featuredmedia":[{"embeddable":true,"href":"https:\/\/now-news.de\/de\/wp-json\/wp\/v2\/media\/47771"}],"wp:attachment":[{"href":"https:\/\/now-news.de\/de\/wp-json\/wp\/v2\/media?parent=47770"}],"wp:term":[{"taxonomy":"category","embeddable":true,"href":"https:\/\/now-news.de\/de\/wp-json\/wp\/v2\/categories?post=47770"},{"taxonomy":"post_tag","embeddable":true,"href":"https:\/\/now-news.de\/de\/wp-json\/wp\/v2\/tags?post=47770"}],"curies":[{"name":"wp","href":"https:\/\/api.w.org\/{rel}","templated":true}]}}