{"id":47678,"date":"2023-10-08T19:03:33","date_gmt":"2023-10-08T17:03:33","guid":{"rendered":"https:\/\/just-now.news\/de\/deutschland\/die-ukraine-muedigkeit-im-westen-beunruhigt-die-eliten-im-umfeld-der-nato-und-das-sollte-sie-auch\/"},"modified":"2023-10-08T19:03:33","modified_gmt":"2023-10-08T17:03:33","slug":"die-ukraine-muedigkeit-im-westen-beunruhigt-die-eliten-im-umfeld-der-nato-und-das-sollte-sie-auch","status":"publish","type":"post","link":"https:\/\/now-news.de\/de\/deutschland\/die-ukraine-muedigkeit-im-westen-beunruhigt-die-eliten-im-umfeld-der-nato-und-das-sollte-sie-auch\/","title":{"rendered":"Die Ukraine-M\u00fcdigkeit im Westen beunruhigt die Eliten im Umfeld der NATO \u2013 und das sollte sie auch"},"content":{"rendered":"<p><img decoding=\"async\" src=\"http:\/\/just-now.news\/de\/wp-content\/uploads\/sites\/3\/2023\/10\/6521725548fbef12a669cc1d.jpg\" \/><\/p>\n<div class=\"Text-root Text-type_1 \">\n                Auf beiden Seiten des Atlantiks ist bei den Menschen mittlerweile eine M\u00fcdigkeit \u00fcber den Stellvertreterkrieg der NATO in der Ukraine gegen Russland zu erkennen. Das Einzige, was verwundert, ist, dass es so lange gedauert hat, bis die westliche \u00d6ffentlichkeit diesen Betrug bemerkt hat.\n            <\/div>\n<p><\/p>\n<div class=\"Text-root Text-type_5 ArticleView-text ViewText-root \">\n<p><em>Von Finian Cunningham<\/em><\/p>\n<p>Die sch\u00e4ndliche stehende Ovation f\u00fcr einen ehemaligen Nazi-Kriegsverbrecher im kanadischen Parlament, die als eine perverse Demonstration der Solidarit\u00e4t mit der Ukraine zu verstehen war, hat dazu beigetragen, <a rel=\"nofollow noopener\" target=\"_blank\" href=\"https:\/\/nationalpost.com\/opinion\/canadas-soft-pedalling-ukraine-ss-galicia\">die \u00f6ffentliche Aufmerksamkeit<\/a> auf die Obsz\u00f6nit\u00e4t des Stellvertreterkriegs der NATO in der Ukraine gegen Russland zu lenken.<\/p>\n<p>Alles in allem haben das US-amerikanische und europ\u00e4ische Establishment seit dem Ausbruch des von der NATO provozierten Konflikts im Februar vergangenen Jahres, bis zu 200 Milliarden Euro in die Ukraine gepumpt, um ein abscheuliches, von Nazis verseuchtes Regime zu st\u00fctzen.<\/p>\n<p>All diese Gro\u00dfz\u00fcgigkeit, die den US-amerikanischen und europ\u00e4ischen Steuerzahlern in Rechnung gestellt wird, hat zu einem Gemetzel im Herzen Europas gef\u00fchrt, wie es seit dem Zweiten Weltkrieg nicht mehr stattgefunden hat \u2013 und zu einem gescheiterten ukrainischen Staat. Und nat\u00fcrlich zu gigantischen Profiten f\u00fcr den milit\u00e4risch-industriellen Komplex der NATO, durch den die Elitepolitiker des Westens finanziert werden.<\/p>\n<p>Aber die Zeiten \u00e4ndern sich. In den USA haben die finanzkonservativen Republikaner genug von den Blankoschecks, die an das Kiewer Regime ausgestellt werden. Der US-Kongress bewies endlich ein Mindestma\u00df an Vernunft, um eine Stilllegung des US-Staatsapparats zu verhindern, indem er weitere Milit\u00e4rhilfe f\u00fcr die Ukraine blockierte. Dies zeigt, wie verdreht die Priorit\u00e4ten in Washington geworden sind, wenn nationale Eigeninteressen der Finanzierung eines Nazi-Regimes in \u00dcbersee gegen\u00fcberstehen.<\/p>\n<p>Nach der entscheidenden Abstimmung im US-Kongress, die Finanzierung der Ukraine vor\u00fcbergehend einzustellen, wagte es der Au\u00dfenminister des Kiewer Regimes, Dmitri Kuleba, die US-amerikanischen Gesetzgeber zu tadeln: &#8220;Wir arbeiten jetzt mit beiden Seiten des Kongresses zusammen, um sicherzustellen, dass sich dies unter keinen Umst\u00e4nden wiederholt.&#8221;<\/p>\n<p>Unterdessen haben in Europa die B\u00fcrger der Slowakei f\u00fcr eine neue Regierung gestimmt, um der milit\u00e4rischen Unterst\u00fctzung ihres Landes f\u00fcr den Krieg in der Ukraine gegen Russland ein Ende zu setzen. Die Slowakische Sozialdemokratische Partei (Smer) unter der F\u00fchrung von Robert Fico, gewann die Parlamentswahlen vor allem mit dem Versprechen, jegliche weitere Waffenlieferungen an das Kiewer Regime einzustellen.<\/p>\n<p>Diese Woche kam es in Deutschland zu massiven Protesten gegen die Koalitionsregierung von Olaf Scholz, wegen deren erb\u00e4rmlicher Haltung zum Krieg in der Ukraine. Am Tag der Deutschen Einheit am vergangenen 3. Oktober fand in Berlin eine Massenkundgebung statt, bei der der NATO-Stellvertreterkrieg in der Ukraine angeprangert und Friedensverhandlungen zur Beendigung des Krieges gefordert wurden.<\/p>\n<p>Au\u00dferdem gab es in ganz Polen \u2013 in Warschau, in \u0141\u00f3d\u017a und anderen St\u00e4dten \u2013\u00a0beispiellose Proteste gegen das sklavische Abnicken des von den USA gef\u00fchrten Stellvertreterkriegs der NATO in der Ukraine durch die regierende PiS-Partei. Angesichts der Millionen ukrainischen Fl\u00fcchtlinge und der Vernachl\u00e4ssigung sozialer Bed\u00fcrfnisse der polnischen Bev\u00f6lkerung, hat die Regierungspartei PiS k\u00fcrzlich damit gedroht, die Waffenlieferungen an Kiew einzustellen \u2013 ein Schritt, bei dem es weniger um Prinzipien als vielmehr um den Versuch geht, bei den bevorstehenden Wahlen am 15. Oktober Stimmen zu gewinnen. Der versp\u00e4tete Schritt der polnischen Regierung verdeutlicht die Besorgnis europ\u00e4ischer Staats- und Regierungschefs \u00fcber die wachsende \u00f6ffentliche Verachtung gegen\u00fcber den scheinbar endlosen Finanzhilfen f\u00fcr die Ukraine.<\/p>\n<p>Josep Borrell, der Spitzendiplomat der Europ\u00e4ischen Union, sagte, es sei ein &#8220;besorgniserregendes Zeichen&#8221;, dass Washington zum ersten Mal den Kassenschrank f\u00fcr die Ukraine geschlossen habe. Die EU-Au\u00dfenminister haben am vergangenen Montag in Kiew ein Gipfeltreffen abgehalten. Es war das erste Mal, dass sich ein solches Gipfeltreffen in einem Nicht-EU-Land zusammenfand. Die Agenda dieses Treffens war etwas zu selbstbewusst und als Zeichen der &#8220;Solidarit\u00e4t&#8221; mit der Ukraine gedacht. Borrell und die anderen EU-Diplomaten sagten, der Gipfel sei eine Warnung an Russland, nicht mit der &#8220;M\u00fcdigkeit&#8221; der Europ\u00e4er hinsichtlich der Unterst\u00fctzung f\u00fcr die Ukraine zu rechnen. Wen versucht Borrell zu \u00fcberzeugen? Russland oder die B\u00fcrger der EU?<\/p>\n<p>Die nicht gew\u00e4hlten europ\u00e4ischen Eliten bezeichneten den Krieg in der Ukraine als &#8220;existentielle Krise&#8221;, die eine nie endende Unterst\u00fctzung des Nazi-Regimes gegen Russland erfordert. Ein solches Melodrama bedarf einer ernsthaften Qualifikation. Der Konflikt ist nur f\u00fcr bestimmte Menschen &#8220;existentiell&#8221;: f\u00fcr die NATO-Ideologen, f\u00fcr die elit\u00e4ren Staatslenker, f\u00fcr den milit\u00e4risch-industriellen Komplex und f\u00fcr das korrupte Nazi-Regime in Kiew. Aber f\u00fcr die meisten anderen Menschen, die dieses wahnsinnige Gemetzel, diese groteske Verschwendung \u00f6ffentlicher Finanzen und das gef\u00e4hrliche Lieb\u00e4ugeln mit einem Atomkrieg beenden wollen, ist dieser Konflikt nicht existenziell.<\/p>\n<p>Bezeichnenderweise nahm der ungarische Au\u00dfenminister P\u00e9ter Szijj\u00e1rt\u00f3 nicht an dem im Voraus geplanten EU-Gipfeltreffen in Kiew teil. In \u00e4u\u00dferst kritischen Kommentaren zu den fehlgeleiteten Priorit\u00e4ten der EU sagte er, dass andere L\u00e4nder nicht verstehen w\u00fcrden, weshalb Europa &#8220;diesen Konflikt global gemacht hat&#8221; und warum die Menschen in Asien, Afrika und Lateinamerika aufgrund der steigenden Inflation und der steigenden Energiepreise daf\u00fcr die Zeche zahlen und eine instabile Nahrungsmittelversorgung in Kauf nehmen m\u00fcssen.<\/p>\n<p>Der ungarische Chef-Diplomat kritisierte die EU-Staats- und Regierungschefs wegen ihrer Doppelmoral und Heuchelei und f\u00fcgte hinzu: &#8220;Ich kann sagen, dass die Welt au\u00dferhalb Europas bereits dem Ende dieses Krieges entgegenfiebert, weil sie viele Dinge nicht versteht. Der Rest der Welt versteht zum Beispiel nicht, wie es sein kann, dass die Europ\u00e4ische Union, wenn kein Krieg in Europa herrscht, mit fanatischer moralischer \u00dcberlegenheit die Konfliktparteien zum Frieden aufruft, Verhandlungen und ein sofortiges Ende der Gewalt bef\u00fcrwortet. Aber wenn in Europa ein Krieg tobt, dann sch\u00fcrt die Europ\u00e4ische Union den Konflikt und liefert ungebremst Waffen. Und jeder, der \u00fcber die Option Frieden spricht, wird umgehend diffamiert.&#8221;<\/p>\n<p>Mindestens zwei Mitglieder der EU und des NATO-B\u00fcndnisses \u2013 Ungarn und die neue Regierung der Slowakei \u2013 sind gegen die absurde milit\u00e4rische und finanzielle Unterst\u00fctzung, die den Krieg in der Ukraine anheizt. Beide L\u00e4nder wollen, dass Friedensverhandlungen mit Russland Vorrang bekommen. Es besteht ein unvermeidbares Gef\u00fchl, dass sich dieser Dissens, der dem gesunden Menschenverstand folgt, innerhalb der EU zu einem Dominoeffekt entwickeln wird, weil er die Wahrheit widerspiegelt und eine unangreifbare moralische Kraft hat.<\/p>\n<p>Der Konflikt in der Ukraine hat der westlichen \u00d6ffentlichkeit deutlich vor Augen gef\u00fchrt, wie moralisch bankrott ihre Regierungen und Medien sind. US-amerikanische und europ\u00e4ische Eliten machen sich vielleicht noch etwas vor, indem sie so tun, als g\u00e4be es keinen \u00dcberdruss oder Ermattung \u00fcber ihren Stellvertreterkrieg gegen Russland. Je mehr sie so tun und handeln, desto heftiger wird letztendlich deren Absturz und deren Untergang, ausgel\u00f6st durch die Wut der \u00d6ffentlichkeit.<\/p>\n<p><em>Aus dem <a rel=\"nofollow noopener\" target=\"_blank\" href=\"https:\/\/strategic-culture.su\/news\/2023\/10\/04\/ukraine-fatigue-is-worrying-nato-elites-and-so-they-should-be\/\">Englischen<\/a>.<\/em><\/p>\n<p><em><strong>Finian Cunningham<\/strong> ist ein preisgekr\u00f6nter Journalist. \u00dcber 25 Jahre lang arbeitete er als Redakteur und Autor unter anderem f\u00fcr Mirror, die Irish Times, die Irish Independent und die britische Independent.<\/em><\/p>\n<p><strong>Mehr zum Thema<\/strong> \u2013 <a rel=\"nofollow noopener\" target=\"_blank\" href=\"https:\/\/freedert.online\/europa\/182903-slowakei-stellt-waffenlieferungen-in-ukraine-vorerst-ein\/\">Slowakei stellt Waffenlieferungen in die Ukraine vorerst ein <\/a><\/p>\n<div class=\"EmbedBlock-root EmbedBlock-externalVideo EmbedBlock-odysee\">\n<div class=\"VkEmbed\"><iframe class=\"lazyload\" data-src=\"https:\/\/odysee.com\/%24\/embed\/%40RTDE%3Ae%2FSachs--Westliche-Ukraine-Unterst%C3%BCtzer-sind-verblendet-von-ihrem-Hass-auf-Russland%3Ad\" frameborder=\"0\" width=\"853\" height=\"480\" allowfullscreen><\/iframe><\/div>\n<\/div>\n<\/div>\n<p><br \/>\n<br \/><a href=\"https:\/\/de.rt.com\/meinung\/182948-ukraine-muedigkeit-im-westen-beunruhigt\/\">Source link <\/a><\/p>\n","protected":false},"excerpt":{"rendered":"<p>Auf beiden Seiten des Atlantiks ist bei den Menschen mittlerweile eine M\u00fcdigkeit \u00fcber den Stellvertreterkrieg der NATO in der Ukraine gegen Russland zu erkennen. Das Einzige, was verwundert, ist, dass es so lange gedauert hat, bis die westliche \u00d6ffentlichkeit diesen Betrug bemerkt hat. Von Finian Cunningham Die sch\u00e4ndliche stehende Ovation f\u00fcr einen ehemaligen Nazi-Kriegsverbrecher im [&hellip;]<\/p>\n","protected":false},"author":3,"featured_media":47679,"comment_status":"open","ping_status":"open","sticky":false,"template":"","format":"standard","meta":{"_yoast_indexnow_last_ping":["1696785589"],"wp_automatic_camp":["217"],"01f8c4c8b0c826e0c1e6e07c6ff90af5":["Die Ukraine-M\u00fcdigkeit im Westen beunruhigt die Eliten im Umfeld der NATO \u2013 und das sollte sie auch"],"original_link":["https:\/\/de.rt.com\/meinung\/182948-ukraine-muedigkeit-im-westen-beunruhigt\/"],"_thumbnail_id":["47679"],"_wptgpro_p2tg_sent2tg":["a:1:{i:23737;s:19:\"2023-10-08 19:21:38\";}"],"jnews_social_counter_last_update":["1777413899"]},"categories":[19,23],"tags":[1475,30882,427,82,45,4435,2697,527,3590,25007,24609,140,378],"yoast_head":"<!-- This site is optimized with the Yoast SEO Premium plugin v22.7 (Yoast SEO v22.7) - https:\/\/yoast.com\/wordpress\/plugins\/seo\/ -->\n<title>Die Ukraine-M\u00fcdigkeit im Westen beunruhigt die Eliten im Umfeld der NATO \u2013 und das sollte sie auch - just-now.NEWS Deutschland<\/title>\n<meta name=\"robots\" content=\"index, follow, max-snippet:-1, max-image-preview:large, max-video-preview:-1\" \/>\n<link rel=\"canonical\" href=\"https:\/\/now-news.de\/de\/deutschland\/die-ukraine-muedigkeit-im-westen-beunruhigt-die-eliten-im-umfeld-der-nato-und-das-sollte-sie-auch\/\" \/>\n<meta property=\"og:locale\" content=\"de_DE\" \/>\n<meta property=\"og:type\" content=\"article\" \/>\n<meta property=\"og:title\" content=\"Die Ukraine-M\u00fcdigkeit im Westen beunruhigt die Eliten im Umfeld der NATO \u2013 und das sollte sie auch\" \/>\n<meta property=\"og:description\" content=\"Auf beiden Seiten des Atlantiks ist bei den Menschen mittlerweile eine M\u00fcdigkeit \u00fcber den Stellvertreterkrieg der NATO in der Ukraine gegen Russland zu erkennen. Das Einzige, was verwundert, ist, dass es so lange gedauert hat, bis die westliche \u00d6ffentlichkeit diesen Betrug bemerkt hat. Von Finian Cunningham Die sch\u00e4ndliche stehende Ovation f\u00fcr einen ehemaligen Nazi-Kriegsverbrecher im [&hellip;]\" \/>\n<meta property=\"og:url\" content=\"https:\/\/now-news.de\/de\/deutschland\/die-ukraine-muedigkeit-im-westen-beunruhigt-die-eliten-im-umfeld-der-nato-und-das-sollte-sie-auch\/\" \/>\n<meta property=\"og:site_name\" content=\"just-now.NEWS Deutschland\" \/>\n<meta property=\"article:publisher\" content=\"https:\/\/www.facebook.com\/wirmachenauf\" \/>\n<meta property=\"article:published_time\" content=\"2023-10-08T17:03:33+00:00\" \/>\n<meta property=\"og:image\" content=\"https:\/\/now-news.de\/de\/wp-content\/uploads\/sites\/3\/2023\/10\/Die-Ukraine-Muedigkeit-im-Westen-beunruhigt-die-Eliten-im-Umfeld-der.jpg\" \/>\n\t<meta property=\"og:image:width\" content=\"460\" \/>\n\t<meta property=\"og:image:height\" content=\"259\" \/>\n\t<meta property=\"og:image:type\" content=\"image\/jpeg\" \/>\n<meta name=\"author\" content=\"rtnews\" \/>\n<meta name=\"twitter:card\" content=\"summary_large_image\" \/>\n<meta name=\"twitter:creator\" content=\"@WirMachenAuf_de\" \/>\n<meta name=\"twitter:site\" content=\"@WirMachenAuf_de\" \/>\n<meta name=\"twitter:label1\" content=\"Verfasst von\" \/>\n\t<meta name=\"twitter:data1\" content=\"rtnews\" \/>\n\t<meta name=\"twitter:label2\" content=\"Gesch\u00e4tzte Lesezeit\" \/>\n\t<meta name=\"twitter:data2\" content=\"6\u00a0Minuten\" \/>\n<script type=\"application\/ld+json\" class=\"yoast-schema-graph\">{\"@context\":\"https:\/\/schema.org\",\"@graph\":[{\"@type\":\"Article\",\"@id\":\"https:\/\/now-news.de\/de\/deutschland\/die-ukraine-muedigkeit-im-westen-beunruhigt-die-eliten-im-umfeld-der-nato-und-das-sollte-sie-auch\/#article\",\"isPartOf\":{\"@id\":\"https:\/\/now-news.de\/de\/deutschland\/die-ukraine-muedigkeit-im-westen-beunruhigt-die-eliten-im-umfeld-der-nato-und-das-sollte-sie-auch\/\"},\"author\":{\"name\":\"rtnews\",\"@id\":\"https:\/\/now-news.de\/de\/#\/schema\/person\/fb534a4e865501d8b3285208df34a9b5\"},\"headline\":\"Die Ukraine-M\u00fcdigkeit im Westen beunruhigt die Eliten im Umfeld der NATO \u2013 und das sollte sie auch\",\"datePublished\":\"2023-10-08T17:03:33+00:00\",\"dateModified\":\"2023-10-08T17:03:33+00:00\",\"mainEntityOfPage\":{\"@id\":\"https:\/\/now-news.de\/de\/deutschland\/die-ukraine-muedigkeit-im-westen-beunruhigt-die-eliten-im-umfeld-der-nato-und-das-sollte-sie-auch\/\"},\"wordCount\":1174,\"commentCount\":0,\"publisher\":{\"@id\":\"https:\/\/now-news.de\/de\/#organization\"},\"image\":{\"@id\":\"https:\/\/now-news.de\/de\/deutschland\/die-ukraine-muedigkeit-im-westen-beunruhigt-die-eliten-im-umfeld-der-nato-und-das-sollte-sie-auch\/#primaryimage\"},\"thumbnailUrl\":\"https:\/\/now-news.de\/de\/wp-content\/uploads\/sites\/3\/2023\/10\/Die-Ukraine-Muedigkeit-im-Westen-beunruhigt-die-Eliten-im-Umfeld-der.jpg\",\"keywords\":[\"auch\",\"beunruhigt\",\"das\",\"der\",\"die\",\"Eliten\",\"nato\",\"Sie\",\"sollte\",\"UkraineM\u00fcdigkeit\",\"Umfeld\",\"und\",\"Westen\"],\"articleSection\":[\"Deutschland\",\"Russland\"],\"inLanguage\":\"de\",\"potentialAction\":[{\"@type\":\"CommentAction\",\"name\":\"Comment\",\"target\":[\"https:\/\/now-news.de\/de\/deutschland\/die-ukraine-muedigkeit-im-westen-beunruhigt-die-eliten-im-umfeld-der-nato-und-das-sollte-sie-auch\/#respond\"]}]},{\"@type\":\"WebPage\",\"@id\":\"https:\/\/now-news.de\/de\/deutschland\/die-ukraine-muedigkeit-im-westen-beunruhigt-die-eliten-im-umfeld-der-nato-und-das-sollte-sie-auch\/\",\"url\":\"https:\/\/now-news.de\/de\/deutschland\/die-ukraine-muedigkeit-im-westen-beunruhigt-die-eliten-im-umfeld-der-nato-und-das-sollte-sie-auch\/\",\"name\":\"Die Ukraine-M\u00fcdigkeit im Westen beunruhigt die Eliten im Umfeld der NATO \u2013 und das sollte sie auch - just-now.NEWS Deutschland\",\"isPartOf\":{\"@id\":\"https:\/\/now-news.de\/de\/#website\"},\"primaryImageOfPage\":{\"@id\":\"https:\/\/now-news.de\/de\/deutschland\/die-ukraine-muedigkeit-im-westen-beunruhigt-die-eliten-im-umfeld-der-nato-und-das-sollte-sie-auch\/#primaryimage\"},\"image\":{\"@id\":\"https:\/\/now-news.de\/de\/deutschland\/die-ukraine-muedigkeit-im-westen-beunruhigt-die-eliten-im-umfeld-der-nato-und-das-sollte-sie-auch\/#primaryimage\"},\"thumbnailUrl\":\"https:\/\/now-news.de\/de\/wp-content\/uploads\/sites\/3\/2023\/10\/Die-Ukraine-Muedigkeit-im-Westen-beunruhigt-die-Eliten-im-Umfeld-der.jpg\",\"datePublished\":\"2023-10-08T17:03:33+00:00\",\"dateModified\":\"2023-10-08T17:03:33+00:00\",\"breadcrumb\":{\"@id\":\"https:\/\/now-news.de\/de\/deutschland\/die-ukraine-muedigkeit-im-westen-beunruhigt-die-eliten-im-umfeld-der-nato-und-das-sollte-sie-auch\/#breadcrumb\"},\"inLanguage\":\"de\",\"potentialAction\":[{\"@type\":\"ReadAction\",\"target\":[\"https:\/\/now-news.de\/de\/deutschland\/die-ukraine-muedigkeit-im-westen-beunruhigt-die-eliten-im-umfeld-der-nato-und-das-sollte-sie-auch\/\"]}]},{\"@type\":\"ImageObject\",\"inLanguage\":\"de\",\"@id\":\"https:\/\/now-news.de\/de\/deutschland\/die-ukraine-muedigkeit-im-westen-beunruhigt-die-eliten-im-umfeld-der-nato-und-das-sollte-sie-auch\/#primaryimage\",\"url\":\"https:\/\/now-news.de\/de\/wp-content\/uploads\/sites\/3\/2023\/10\/Die-Ukraine-Muedigkeit-im-Westen-beunruhigt-die-Eliten-im-Umfeld-der.jpg\",\"contentUrl\":\"https:\/\/now-news.de\/de\/wp-content\/uploads\/sites\/3\/2023\/10\/Die-Ukraine-Muedigkeit-im-Westen-beunruhigt-die-Eliten-im-Umfeld-der.jpg\",\"width\":460,\"height\":259,\"caption\":\"Die Ukraine-M\u00fcdigkeit im Westen beunruhigt die Eliten im Umfeld der NATO \u2013 und das sollte sie auch\"},{\"@type\":\"BreadcrumbList\",\"@id\":\"https:\/\/now-news.de\/de\/deutschland\/die-ukraine-muedigkeit-im-westen-beunruhigt-die-eliten-im-umfeld-der-nato-und-das-sollte-sie-auch\/#breadcrumb\",\"itemListElement\":[{\"@type\":\"ListItem\",\"position\":1,\"name\":\"Home\",\"item\":\"https:\/\/now-news.de\/de\/\"},{\"@type\":\"ListItem\",\"position\":2,\"name\":\"Die Ukraine-M\u00fcdigkeit im Westen beunruhigt die Eliten im Umfeld der NATO \u2013 und das sollte sie auch\"}]},{\"@type\":\"WebSite\",\"@id\":\"https:\/\/now-news.de\/de\/#website\",\"url\":\"https:\/\/now-news.de\/de\/\",\"name\":\"just-now.NEWS Deutschland\",\"description\":\"Das Portal f\u00fcr unzensierte Nachrichten aus der Welt\",\"publisher\":{\"@id\":\"https:\/\/now-news.de\/de\/#organization\"},\"potentialAction\":[{\"@type\":\"SearchAction\",\"target\":{\"@type\":\"EntryPoint\",\"urlTemplate\":\"https:\/\/now-news.de\/de\/?s={search_term_string}\"},\"query-input\":\"required name=search_term_string\"}],\"inLanguage\":\"de\"},{\"@type\":\"Organization\",\"@id\":\"https:\/\/now-news.de\/de\/#organization\",\"name\":\"Just Now News\",\"url\":\"https:\/\/now-news.de\/de\/\",\"logo\":{\"@type\":\"ImageObject\",\"inLanguage\":\"de\",\"@id\":\"https:\/\/now-news.de\/de\/#\/schema\/logo\/image\/\",\"url\":\"http:\/\/just-now.news\/de\/wp-content\/uploads\/sites\/3\/2022\/04\/logo500x500.jpg\",\"contentUrl\":\"http:\/\/just-now.news\/de\/wp-content\/uploads\/sites\/3\/2022\/04\/logo500x500.jpg\",\"width\":500,\"height\":500,\"caption\":\"Just Now News\"},\"image\":{\"@id\":\"https:\/\/now-news.de\/de\/#\/schema\/logo\/image\/\"},\"sameAs\":[\"https:\/\/www.facebook.com\/wirmachenauf\",\"https:\/\/x.com\/WirMachenAuf_de\"]},{\"@type\":\"Person\",\"@id\":\"https:\/\/now-news.de\/de\/#\/schema\/person\/fb534a4e865501d8b3285208df34a9b5\",\"name\":\"rtnews\",\"image\":{\"@type\":\"ImageObject\",\"inLanguage\":\"de\",\"@id\":\"https:\/\/now-news.de\/de\/#\/schema\/person\/image\/\",\"url\":\"https:\/\/secure.gravatar.com\/avatar\/82aafea7d8127119dd649515f56e2117?s=96&d=mm&r=g\",\"contentUrl\":\"https:\/\/secure.gravatar.com\/avatar\/82aafea7d8127119dd649515f56e2117?s=96&d=mm&r=g\",\"caption\":\"rtnews\"},\"url\":\"https:\/\/now-news.de\/de\/author\/rnews\/\"}]}<\/script>\n<!-- \/ Yoast SEO Premium plugin. -->","yoast_head_json":{"title":"Die Ukraine-M\u00fcdigkeit im Westen beunruhigt die Eliten im Umfeld der NATO \u2013 und das sollte sie auch - just-now.NEWS Deutschland","robots":{"index":"index","follow":"follow","max-snippet":"max-snippet:-1","max-image-preview":"max-image-preview:large","max-video-preview":"max-video-preview:-1"},"canonical":"https:\/\/now-news.de\/de\/deutschland\/die-ukraine-muedigkeit-im-westen-beunruhigt-die-eliten-im-umfeld-der-nato-und-das-sollte-sie-auch\/","og_locale":"de_DE","og_type":"article","og_title":"Die Ukraine-M\u00fcdigkeit im Westen beunruhigt die Eliten im Umfeld der NATO \u2013 und das sollte sie auch","og_description":"Auf beiden Seiten des Atlantiks ist bei den Menschen mittlerweile eine M\u00fcdigkeit \u00fcber den Stellvertreterkrieg der NATO in der Ukraine gegen Russland zu erkennen. Das Einzige, was verwundert, ist, dass es so lange gedauert hat, bis die westliche \u00d6ffentlichkeit diesen Betrug bemerkt hat. Von Finian Cunningham Die sch\u00e4ndliche stehende Ovation f\u00fcr einen ehemaligen Nazi-Kriegsverbrecher im [&hellip;]","og_url":"https:\/\/now-news.de\/de\/deutschland\/die-ukraine-muedigkeit-im-westen-beunruhigt-die-eliten-im-umfeld-der-nato-und-das-sollte-sie-auch\/","og_site_name":"just-now.NEWS Deutschland","article_publisher":"https:\/\/www.facebook.com\/wirmachenauf","article_published_time":"2023-10-08T17:03:33+00:00","og_image":[{"width":460,"height":259,"url":"https:\/\/now-news.de\/de\/wp-content\/uploads\/sites\/3\/2023\/10\/Die-Ukraine-Muedigkeit-im-Westen-beunruhigt-die-Eliten-im-Umfeld-der.jpg","type":"image\/jpeg"}],"author":"rtnews","twitter_card":"summary_large_image","twitter_creator":"@WirMachenAuf_de","twitter_site":"@WirMachenAuf_de","twitter_misc":{"Verfasst von":"rtnews","Gesch\u00e4tzte Lesezeit":"6\u00a0Minuten"},"schema":{"@context":"https:\/\/schema.org","@graph":[{"@type":"Article","@id":"https:\/\/now-news.de\/de\/deutschland\/die-ukraine-muedigkeit-im-westen-beunruhigt-die-eliten-im-umfeld-der-nato-und-das-sollte-sie-auch\/#article","isPartOf":{"@id":"https:\/\/now-news.de\/de\/deutschland\/die-ukraine-muedigkeit-im-westen-beunruhigt-die-eliten-im-umfeld-der-nato-und-das-sollte-sie-auch\/"},"author":{"name":"rtnews","@id":"https:\/\/now-news.de\/de\/#\/schema\/person\/fb534a4e865501d8b3285208df34a9b5"},"headline":"Die Ukraine-M\u00fcdigkeit im Westen beunruhigt die Eliten im Umfeld der NATO \u2013 und das sollte sie auch","datePublished":"2023-10-08T17:03:33+00:00","dateModified":"2023-10-08T17:03:33+00:00","mainEntityOfPage":{"@id":"https:\/\/now-news.de\/de\/deutschland\/die-ukraine-muedigkeit-im-westen-beunruhigt-die-eliten-im-umfeld-der-nato-und-das-sollte-sie-auch\/"},"wordCount":1174,"commentCount":0,"publisher":{"@id":"https:\/\/now-news.de\/de\/#organization"},"image":{"@id":"https:\/\/now-news.de\/de\/deutschland\/die-ukraine-muedigkeit-im-westen-beunruhigt-die-eliten-im-umfeld-der-nato-und-das-sollte-sie-auch\/#primaryimage"},"thumbnailUrl":"https:\/\/now-news.de\/de\/wp-content\/uploads\/sites\/3\/2023\/10\/Die-Ukraine-Muedigkeit-im-Westen-beunruhigt-die-Eliten-im-Umfeld-der.jpg","keywords":["auch","beunruhigt","das","der","die","Eliten","nato","Sie","sollte","UkraineM\u00fcdigkeit","Umfeld","und","Westen"],"articleSection":["Deutschland","Russland"],"inLanguage":"de","potentialAction":[{"@type":"CommentAction","name":"Comment","target":["https:\/\/now-news.de\/de\/deutschland\/die-ukraine-muedigkeit-im-westen-beunruhigt-die-eliten-im-umfeld-der-nato-und-das-sollte-sie-auch\/#respond"]}]},{"@type":"WebPage","@id":"https:\/\/now-news.de\/de\/deutschland\/die-ukraine-muedigkeit-im-westen-beunruhigt-die-eliten-im-umfeld-der-nato-und-das-sollte-sie-auch\/","url":"https:\/\/now-news.de\/de\/deutschland\/die-ukraine-muedigkeit-im-westen-beunruhigt-die-eliten-im-umfeld-der-nato-und-das-sollte-sie-auch\/","name":"Die Ukraine-M\u00fcdigkeit im Westen beunruhigt die Eliten im Umfeld der NATO \u2013 und das sollte sie auch - just-now.NEWS Deutschland","isPartOf":{"@id":"https:\/\/now-news.de\/de\/#website"},"primaryImageOfPage":{"@id":"https:\/\/now-news.de\/de\/deutschland\/die-ukraine-muedigkeit-im-westen-beunruhigt-die-eliten-im-umfeld-der-nato-und-das-sollte-sie-auch\/#primaryimage"},"image":{"@id":"https:\/\/now-news.de\/de\/deutschland\/die-ukraine-muedigkeit-im-westen-beunruhigt-die-eliten-im-umfeld-der-nato-und-das-sollte-sie-auch\/#primaryimage"},"thumbnailUrl":"https:\/\/now-news.de\/de\/wp-content\/uploads\/sites\/3\/2023\/10\/Die-Ukraine-Muedigkeit-im-Westen-beunruhigt-die-Eliten-im-Umfeld-der.jpg","datePublished":"2023-10-08T17:03:33+00:00","dateModified":"2023-10-08T17:03:33+00:00","breadcrumb":{"@id":"https:\/\/now-news.de\/de\/deutschland\/die-ukraine-muedigkeit-im-westen-beunruhigt-die-eliten-im-umfeld-der-nato-und-das-sollte-sie-auch\/#breadcrumb"},"inLanguage":"de","potentialAction":[{"@type":"ReadAction","target":["https:\/\/now-news.de\/de\/deutschland\/die-ukraine-muedigkeit-im-westen-beunruhigt-die-eliten-im-umfeld-der-nato-und-das-sollte-sie-auch\/"]}]},{"@type":"ImageObject","inLanguage":"de","@id":"https:\/\/now-news.de\/de\/deutschland\/die-ukraine-muedigkeit-im-westen-beunruhigt-die-eliten-im-umfeld-der-nato-und-das-sollte-sie-auch\/#primaryimage","url":"https:\/\/now-news.de\/de\/wp-content\/uploads\/sites\/3\/2023\/10\/Die-Ukraine-Muedigkeit-im-Westen-beunruhigt-die-Eliten-im-Umfeld-der.jpg","contentUrl":"https:\/\/now-news.de\/de\/wp-content\/uploads\/sites\/3\/2023\/10\/Die-Ukraine-Muedigkeit-im-Westen-beunruhigt-die-Eliten-im-Umfeld-der.jpg","width":460,"height":259,"caption":"Die Ukraine-M\u00fcdigkeit im Westen beunruhigt die Eliten im Umfeld der NATO \u2013 und das sollte sie auch"},{"@type":"BreadcrumbList","@id":"https:\/\/now-news.de\/de\/deutschland\/die-ukraine-muedigkeit-im-westen-beunruhigt-die-eliten-im-umfeld-der-nato-und-das-sollte-sie-auch\/#breadcrumb","itemListElement":[{"@type":"ListItem","position":1,"name":"Home","item":"https:\/\/now-news.de\/de\/"},{"@type":"ListItem","position":2,"name":"Die Ukraine-M\u00fcdigkeit im Westen beunruhigt die Eliten im Umfeld der NATO \u2013 und das sollte sie auch"}]},{"@type":"WebSite","@id":"https:\/\/now-news.de\/de\/#website","url":"https:\/\/now-news.de\/de\/","name":"just-now.NEWS Deutschland","description":"Das Portal f\u00fcr unzensierte Nachrichten aus der Welt","publisher":{"@id":"https:\/\/now-news.de\/de\/#organization"},"potentialAction":[{"@type":"SearchAction","target":{"@type":"EntryPoint","urlTemplate":"https:\/\/now-news.de\/de\/?s={search_term_string}"},"query-input":"required name=search_term_string"}],"inLanguage":"de"},{"@type":"Organization","@id":"https:\/\/now-news.de\/de\/#organization","name":"Just Now News","url":"https:\/\/now-news.de\/de\/","logo":{"@type":"ImageObject","inLanguage":"de","@id":"https:\/\/now-news.de\/de\/#\/schema\/logo\/image\/","url":"http:\/\/just-now.news\/de\/wp-content\/uploads\/sites\/3\/2022\/04\/logo500x500.jpg","contentUrl":"http:\/\/just-now.news\/de\/wp-content\/uploads\/sites\/3\/2022\/04\/logo500x500.jpg","width":500,"height":500,"caption":"Just Now News"},"image":{"@id":"https:\/\/now-news.de\/de\/#\/schema\/logo\/image\/"},"sameAs":["https:\/\/www.facebook.com\/wirmachenauf","https:\/\/x.com\/WirMachenAuf_de"]},{"@type":"Person","@id":"https:\/\/now-news.de\/de\/#\/schema\/person\/fb534a4e865501d8b3285208df34a9b5","name":"rtnews","image":{"@type":"ImageObject","inLanguage":"de","@id":"https:\/\/now-news.de\/de\/#\/schema\/person\/image\/","url":"https:\/\/secure.gravatar.com\/avatar\/82aafea7d8127119dd649515f56e2117?s=96&d=mm&r=g","contentUrl":"https:\/\/secure.gravatar.com\/avatar\/82aafea7d8127119dd649515f56e2117?s=96&d=mm&r=g","caption":"rtnews"},"url":"https:\/\/now-news.de\/de\/author\/rnews\/"}]}},"_links":{"self":[{"href":"https:\/\/now-news.de\/de\/wp-json\/wp\/v2\/posts\/47678"}],"collection":[{"href":"https:\/\/now-news.de\/de\/wp-json\/wp\/v2\/posts"}],"about":[{"href":"https:\/\/now-news.de\/de\/wp-json\/wp\/v2\/types\/post"}],"author":[{"embeddable":true,"href":"https:\/\/now-news.de\/de\/wp-json\/wp\/v2\/users\/3"}],"replies":[{"embeddable":true,"href":"https:\/\/now-news.de\/de\/wp-json\/wp\/v2\/comments?post=47678"}],"version-history":[{"count":0,"href":"https:\/\/now-news.de\/de\/wp-json\/wp\/v2\/posts\/47678\/revisions"}],"wp:featuredmedia":[{"embeddable":true,"href":"https:\/\/now-news.de\/de\/wp-json\/wp\/v2\/media\/47679"}],"wp:attachment":[{"href":"https:\/\/now-news.de\/de\/wp-json\/wp\/v2\/media?parent=47678"}],"wp:term":[{"taxonomy":"category","embeddable":true,"href":"https:\/\/now-news.de\/de\/wp-json\/wp\/v2\/categories?post=47678"},{"taxonomy":"post_tag","embeddable":true,"href":"https:\/\/now-news.de\/de\/wp-json\/wp\/v2\/tags?post=47678"}],"curies":[{"name":"wp","href":"https:\/\/api.w.org\/{rel}","templated":true}]}}