{"id":47676,"date":"2023-10-08T18:38:52","date_gmt":"2023-10-08T16:38:52","guid":{"rendered":"https:\/\/just-now.news\/de\/deutschland\/transsexueller-zur-miss-portugal-gekuert\/"},"modified":"2023-10-08T18:38:52","modified_gmt":"2023-10-08T16:38:52","slug":"transsexueller-zur-miss-portugal-gekuert","status":"publish","type":"post","link":"https:\/\/now-news.de\/de\/deutschland\/transsexueller-zur-miss-portugal-gekuert\/","title":{"rendered":"Transsexueller zur Miss Portugal gek\u00fcrt"},"content":{"rendered":"<p><img decoding=\"async\" src=\"http:\/\/just-now.news\/de\/wp-content\/uploads\/sites\/3\/2023\/10\/65229b8eb480cc36e458ebf7.jpeg\" \/><\/p>\n<div class=\"Text-root Text-type_1 \">\n                Zum ersten Mal gewinnt ein Transgender die Wahl zur Miss Portugal. Die Meinungen dar\u00fcber sind geteilt: Der Sieg eines Mannes wird sowohl heftig bejubelt als auch kritisiert. Im Finale zur Miss Universe wird der als Mann Geborene nun gegen einen weiteren Transgender antreten.\n            <\/div>\n<p><\/p>\n<div class=\"Text-root Text-type_5 ArticleView-text ViewText-root \">\n<p>Erstmals ist ein Sch\u00f6nheitswettbewerb f\u00fcr Frauen in Portugal von einem\u00a0biologischen Mann gewonnen worden. Die Jury w\u00e4hlte Marina Machete zur Miss Portugal. Der 28-j\u00e4hrige Gewinner f\u00fchlt sich als Frau, wurde aber als Mann geboren. Machete arbeitete f\u00fcnf Jahre lang als Flugbegleiter. Der\u00a0Transsexuelle schrieb vor dem Finale auf Instagram:<\/p>\n<blockquote>\n<p><em>&#8220;Ich bin stolz, die erste Transfrau zu sein, die um den Titel der Miss Universe Portugal k\u00e4mpft!&#8221; <\/em><\/p>\n<\/blockquote>\n<p>Obwohl der Transsexuelle von einem Teil des Publikums mit gro\u00dfem Beifall begr\u00fc\u00dft wurde, waren nicht alle in Portugal gl\u00fccklich \u00fcber Machetes Sieg. Rui Paulo Sousa, Mitglied des portugiesischen Parlaments, schrieb hierzu auf Facebook:<\/p>\n<blockquote>\n<p><em>&#8220;Als ich diese Nachricht las, dachte ich zuerst, es ist ein Scherz. Es ist zweifellos ein trauriger Tag f\u00fcr diese jungen Frauen, die davon getr\u00e4umt haben, den weiblichen Sch\u00f6nheitswettbewerb zu gewinnen.&#8221;<\/em><\/p>\n<\/blockquote>\n<p>Machete\u00a0soll Portugal n\u00e4chsten Monat bei der Miss-Universe-Wahl in El Salvador vertreten, wo er\u00a0auf\u00a0Rikkie Koll\u00e9, einen weiteren 22-j\u00e4hrigen Transgender aus den Niederlanden, treffen wird.<\/p>\n<p>Die Teilnahme biologischer M\u00e4nner an Sch\u00f6nheitswettbewerben, die traditionell den Frauen vorbehalten sind, ist in mehreren L\u00e4ndern nach wie vor ein\u00a0hei\u00dfes Thema. Im Juli k\u00fcndigten die Organisatoren des Miss-Italien-Wettbewerbs an, Transgender von der Teilnahme auszuschlie\u00dfen. Die offizielle Schirmherrin des Wettbewerbs, Patrizia Mirigliani, argumentierte: &#8220;Seit seiner Gr\u00fcndung hat mein Wettbewerb in seinen Regeln festgelegt, dass die Teilnehmerinnen von Geburt an eine Frau sein m\u00fcssen.&#8221;<\/p>\n<p>Die Wahl zur Miss Universe findet am 18. November in El Salvador statt.\u00a0Die meisten Titel\u00a0gingen bisher an Sch\u00f6nheiten aus den USA. Auch im vergangenen Jahr wurde eine US-Amerikanerin zur sch\u00f6nsten Frau der Welt gek\u00fcrt.<\/p>\n<p><strong>Mehr zum Thema<\/strong> &#8211; <a rel=\"nofollow noopener\" target=\"_blank\" href=\"https:\/\/kurz.rt.com\/3wid\">Ukrainische Ex-Trans-Milit\u00e4rsprecherin legt nach: &#8220;Russen m\u00fcssten versklavt werden&#8221;<\/a><\/p>\n<\/div>\n<p><br \/>\n<br \/><a href=\"https:\/\/de.rt.com\/international\/183032-geborener-mann-erstmals-als-miss-portugal\/\">Source link <\/a><\/p>\n","protected":false},"excerpt":{"rendered":"<p>Zum ersten Mal gewinnt ein Transgender die Wahl zur Miss Portugal. Die Meinungen dar\u00fcber sind geteilt: Der Sieg eines Mannes wird sowohl heftig bejubelt als auch kritisiert. Im Finale zur Miss Universe wird der als Mann Geborene nun gegen einen weiteren Transgender antreten. Erstmals ist ein Sch\u00f6nheitswettbewerb f\u00fcr Frauen in Portugal von einem\u00a0biologischen Mann gewonnen [&hellip;]<\/p>\n","protected":false},"author":3,"featured_media":47677,"comment_status":"open","ping_status":"open","sticky":false,"template":"","format":"standard","meta":{"_yoast_indexnow_last_ping":["1696783601"],"wp_automatic_camp":["217"],"adef8d2982067feb38e79a1ac110127b":["Transsexueller zur Miss Portugal gek\u00fcrt"],"original_link":["https:\/\/de.rt.com\/international\/183032-geborener-mann-erstmals-als-miss-portugal\/"],"_thumbnail_id":["47677"],"jnews_social_counter_last_update":["1777327969"],"_wptgpro_p2tg_sent2tg":["a:1:{i:23737;s:19:\"2023-10-08 18:47:43\";}"]},"categories":[19,23],"tags":[49601,6994,33651,581],"yoast_head":"<!-- This site is optimized with the Yoast SEO Premium plugin v22.7 (Yoast SEO v22.7) - https:\/\/yoast.com\/wordpress\/plugins\/seo\/ -->\n<title>Transsexueller zur Miss Portugal gek\u00fcrt - just-now.NEWS Deutschland<\/title>\n<meta name=\"robots\" content=\"index, follow, max-snippet:-1, max-image-preview:large, max-video-preview:-1\" \/>\n<link rel=\"canonical\" href=\"https:\/\/now-news.de\/de\/deutschland\/transsexueller-zur-miss-portugal-gekuert\/\" \/>\n<meta property=\"og:locale\" content=\"de_DE\" \/>\n<meta property=\"og:type\" content=\"article\" \/>\n<meta property=\"og:title\" content=\"Transsexueller zur Miss Portugal gek\u00fcrt\" \/>\n<meta property=\"og:description\" content=\"Zum ersten Mal gewinnt ein Transgender die Wahl zur Miss Portugal. Die Meinungen dar\u00fcber sind geteilt: Der Sieg eines Mannes wird sowohl heftig bejubelt als auch kritisiert. Im Finale zur Miss Universe wird der als Mann Geborene nun gegen einen weiteren Transgender antreten. Erstmals ist ein Sch\u00f6nheitswettbewerb f\u00fcr Frauen in Portugal von einem\u00a0biologischen Mann gewonnen [&hellip;]\" \/>\n<meta property=\"og:url\" content=\"https:\/\/now-news.de\/de\/deutschland\/transsexueller-zur-miss-portugal-gekuert\/\" \/>\n<meta property=\"og:site_name\" content=\"just-now.NEWS Deutschland\" \/>\n<meta property=\"article:publisher\" content=\"https:\/\/www.facebook.com\/wirmachenauf\" \/>\n<meta property=\"article:published_time\" content=\"2023-10-08T16:38:52+00:00\" \/>\n<meta property=\"og:image\" content=\"https:\/\/now-news.de\/de\/wp-content\/uploads\/sites\/3\/2023\/10\/Transsexueller-zur-Miss-Portugal-gekuert.jpeg\" \/>\n\t<meta property=\"og:image:width\" content=\"460\" \/>\n\t<meta property=\"og:image:height\" content=\"259\" \/>\n\t<meta property=\"og:image:type\" content=\"image\/jpeg\" \/>\n<meta name=\"author\" content=\"rtnews\" \/>\n<meta name=\"twitter:card\" content=\"summary_large_image\" \/>\n<meta name=\"twitter:creator\" content=\"@WirMachenAuf_de\" \/>\n<meta name=\"twitter:site\" content=\"@WirMachenAuf_de\" \/>\n<meta name=\"twitter:label1\" content=\"Verfasst von\" \/>\n\t<meta name=\"twitter:data1\" content=\"rtnews\" \/>\n\t<meta name=\"twitter:label2\" content=\"Gesch\u00e4tzte Lesezeit\" \/>\n\t<meta name=\"twitter:data2\" content=\"2\u00a0Minuten\" \/>\n<script type=\"application\/ld+json\" class=\"yoast-schema-graph\">{\"@context\":\"https:\/\/schema.org\",\"@graph\":[{\"@type\":\"Article\",\"@id\":\"https:\/\/now-news.de\/de\/deutschland\/transsexueller-zur-miss-portugal-gekuert\/#article\",\"isPartOf\":{\"@id\":\"https:\/\/now-news.de\/de\/deutschland\/transsexueller-zur-miss-portugal-gekuert\/\"},\"author\":{\"name\":\"rtnews\",\"@id\":\"https:\/\/now-news.de\/de\/#\/schema\/person\/fb534a4e865501d8b3285208df34a9b5\"},\"headline\":\"Transsexueller zur Miss Portugal gek\u00fcrt\",\"datePublished\":\"2023-10-08T16:38:52+00:00\",\"dateModified\":\"2023-10-08T16:38:52+00:00\",\"mainEntityOfPage\":{\"@id\":\"https:\/\/now-news.de\/de\/deutschland\/transsexueller-zur-miss-portugal-gekuert\/\"},\"wordCount\":347,\"commentCount\":0,\"publisher\":{\"@id\":\"https:\/\/now-news.de\/de\/#organization\"},\"image\":{\"@id\":\"https:\/\/now-news.de\/de\/deutschland\/transsexueller-zur-miss-portugal-gekuert\/#primaryimage\"},\"thumbnailUrl\":\"https:\/\/now-news.de\/de\/wp-content\/uploads\/sites\/3\/2023\/10\/Transsexueller-zur-Miss-Portugal-gekuert.jpeg\",\"keywords\":[\"gek\u00fcrt\",\"Portugal\",\"transsexueller\",\"zur\"],\"articleSection\":[\"Deutschland\",\"Russland\"],\"inLanguage\":\"de\",\"potentialAction\":[{\"@type\":\"CommentAction\",\"name\":\"Comment\",\"target\":[\"https:\/\/now-news.de\/de\/deutschland\/transsexueller-zur-miss-portugal-gekuert\/#respond\"]}]},{\"@type\":\"WebPage\",\"@id\":\"https:\/\/now-news.de\/de\/deutschland\/transsexueller-zur-miss-portugal-gekuert\/\",\"url\":\"https:\/\/now-news.de\/de\/deutschland\/transsexueller-zur-miss-portugal-gekuert\/\",\"name\":\"Transsexueller zur Miss Portugal gek\u00fcrt - just-now.NEWS Deutschland\",\"isPartOf\":{\"@id\":\"https:\/\/now-news.de\/de\/#website\"},\"primaryImageOfPage\":{\"@id\":\"https:\/\/now-news.de\/de\/deutschland\/transsexueller-zur-miss-portugal-gekuert\/#primaryimage\"},\"image\":{\"@id\":\"https:\/\/now-news.de\/de\/deutschland\/transsexueller-zur-miss-portugal-gekuert\/#primaryimage\"},\"thumbnailUrl\":\"https:\/\/now-news.de\/de\/wp-content\/uploads\/sites\/3\/2023\/10\/Transsexueller-zur-Miss-Portugal-gekuert.jpeg\",\"datePublished\":\"2023-10-08T16:38:52+00:00\",\"dateModified\":\"2023-10-08T16:38:52+00:00\",\"breadcrumb\":{\"@id\":\"https:\/\/now-news.de\/de\/deutschland\/transsexueller-zur-miss-portugal-gekuert\/#breadcrumb\"},\"inLanguage\":\"de\",\"potentialAction\":[{\"@type\":\"ReadAction\",\"target\":[\"https:\/\/now-news.de\/de\/deutschland\/transsexueller-zur-miss-portugal-gekuert\/\"]}]},{\"@type\":\"ImageObject\",\"inLanguage\":\"de\",\"@id\":\"https:\/\/now-news.de\/de\/deutschland\/transsexueller-zur-miss-portugal-gekuert\/#primaryimage\",\"url\":\"https:\/\/now-news.de\/de\/wp-content\/uploads\/sites\/3\/2023\/10\/Transsexueller-zur-Miss-Portugal-gekuert.jpeg\",\"contentUrl\":\"https:\/\/now-news.de\/de\/wp-content\/uploads\/sites\/3\/2023\/10\/Transsexueller-zur-Miss-Portugal-gekuert.jpeg\",\"width\":460,\"height\":259,\"caption\":\"Transsexueller zur Miss Portugal gek\u00fcrt\"},{\"@type\":\"BreadcrumbList\",\"@id\":\"https:\/\/now-news.de\/de\/deutschland\/transsexueller-zur-miss-portugal-gekuert\/#breadcrumb\",\"itemListElement\":[{\"@type\":\"ListItem\",\"position\":1,\"name\":\"Home\",\"item\":\"https:\/\/now-news.de\/de\/\"},{\"@type\":\"ListItem\",\"position\":2,\"name\":\"Transsexueller zur Miss Portugal gek\u00fcrt\"}]},{\"@type\":\"WebSite\",\"@id\":\"https:\/\/now-news.de\/de\/#website\",\"url\":\"https:\/\/now-news.de\/de\/\",\"name\":\"just-now.NEWS Deutschland\",\"description\":\"Das Portal f\u00fcr unzensierte Nachrichten aus der Welt\",\"publisher\":{\"@id\":\"https:\/\/now-news.de\/de\/#organization\"},\"potentialAction\":[{\"@type\":\"SearchAction\",\"target\":{\"@type\":\"EntryPoint\",\"urlTemplate\":\"https:\/\/now-news.de\/de\/?s={search_term_string}\"},\"query-input\":\"required name=search_term_string\"}],\"inLanguage\":\"de\"},{\"@type\":\"Organization\",\"@id\":\"https:\/\/now-news.de\/de\/#organization\",\"name\":\"Just Now News\",\"url\":\"https:\/\/now-news.de\/de\/\",\"logo\":{\"@type\":\"ImageObject\",\"inLanguage\":\"de\",\"@id\":\"https:\/\/now-news.de\/de\/#\/schema\/logo\/image\/\",\"url\":\"http:\/\/just-now.news\/de\/wp-content\/uploads\/sites\/3\/2022\/04\/logo500x500.jpg\",\"contentUrl\":\"http:\/\/just-now.news\/de\/wp-content\/uploads\/sites\/3\/2022\/04\/logo500x500.jpg\",\"width\":500,\"height\":500,\"caption\":\"Just Now News\"},\"image\":{\"@id\":\"https:\/\/now-news.de\/de\/#\/schema\/logo\/image\/\"},\"sameAs\":[\"https:\/\/www.facebook.com\/wirmachenauf\",\"https:\/\/x.com\/WirMachenAuf_de\"]},{\"@type\":\"Person\",\"@id\":\"https:\/\/now-news.de\/de\/#\/schema\/person\/fb534a4e865501d8b3285208df34a9b5\",\"name\":\"rtnews\",\"image\":{\"@type\":\"ImageObject\",\"inLanguage\":\"de\",\"@id\":\"https:\/\/now-news.de\/de\/#\/schema\/person\/image\/\",\"url\":\"https:\/\/secure.gravatar.com\/avatar\/82aafea7d8127119dd649515f56e2117?s=96&d=mm&r=g\",\"contentUrl\":\"https:\/\/secure.gravatar.com\/avatar\/82aafea7d8127119dd649515f56e2117?s=96&d=mm&r=g\",\"caption\":\"rtnews\"},\"url\":\"https:\/\/now-news.de\/de\/author\/rnews\/\"}]}<\/script>\n<!-- \/ Yoast SEO Premium plugin. -->","yoast_head_json":{"title":"Transsexueller zur Miss Portugal gek\u00fcrt - just-now.NEWS Deutschland","robots":{"index":"index","follow":"follow","max-snippet":"max-snippet:-1","max-image-preview":"max-image-preview:large","max-video-preview":"max-video-preview:-1"},"canonical":"https:\/\/now-news.de\/de\/deutschland\/transsexueller-zur-miss-portugal-gekuert\/","og_locale":"de_DE","og_type":"article","og_title":"Transsexueller zur Miss Portugal gek\u00fcrt","og_description":"Zum ersten Mal gewinnt ein Transgender die Wahl zur Miss Portugal. Die Meinungen dar\u00fcber sind geteilt: Der Sieg eines Mannes wird sowohl heftig bejubelt als auch kritisiert. Im Finale zur Miss Universe wird der als Mann Geborene nun gegen einen weiteren Transgender antreten. Erstmals ist ein Sch\u00f6nheitswettbewerb f\u00fcr Frauen in Portugal von einem\u00a0biologischen Mann gewonnen [&hellip;]","og_url":"https:\/\/now-news.de\/de\/deutschland\/transsexueller-zur-miss-portugal-gekuert\/","og_site_name":"just-now.NEWS Deutschland","article_publisher":"https:\/\/www.facebook.com\/wirmachenauf","article_published_time":"2023-10-08T16:38:52+00:00","og_image":[{"width":460,"height":259,"url":"https:\/\/now-news.de\/de\/wp-content\/uploads\/sites\/3\/2023\/10\/Transsexueller-zur-Miss-Portugal-gekuert.jpeg","type":"image\/jpeg"}],"author":"rtnews","twitter_card":"summary_large_image","twitter_creator":"@WirMachenAuf_de","twitter_site":"@WirMachenAuf_de","twitter_misc":{"Verfasst von":"rtnews","Gesch\u00e4tzte Lesezeit":"2\u00a0Minuten"},"schema":{"@context":"https:\/\/schema.org","@graph":[{"@type":"Article","@id":"https:\/\/now-news.de\/de\/deutschland\/transsexueller-zur-miss-portugal-gekuert\/#article","isPartOf":{"@id":"https:\/\/now-news.de\/de\/deutschland\/transsexueller-zur-miss-portugal-gekuert\/"},"author":{"name":"rtnews","@id":"https:\/\/now-news.de\/de\/#\/schema\/person\/fb534a4e865501d8b3285208df34a9b5"},"headline":"Transsexueller zur Miss Portugal gek\u00fcrt","datePublished":"2023-10-08T16:38:52+00:00","dateModified":"2023-10-08T16:38:52+00:00","mainEntityOfPage":{"@id":"https:\/\/now-news.de\/de\/deutschland\/transsexueller-zur-miss-portugal-gekuert\/"},"wordCount":347,"commentCount":0,"publisher":{"@id":"https:\/\/now-news.de\/de\/#organization"},"image":{"@id":"https:\/\/now-news.de\/de\/deutschland\/transsexueller-zur-miss-portugal-gekuert\/#primaryimage"},"thumbnailUrl":"https:\/\/now-news.de\/de\/wp-content\/uploads\/sites\/3\/2023\/10\/Transsexueller-zur-Miss-Portugal-gekuert.jpeg","keywords":["gek\u00fcrt","Portugal","transsexueller","zur"],"articleSection":["Deutschland","Russland"],"inLanguage":"de","potentialAction":[{"@type":"CommentAction","name":"Comment","target":["https:\/\/now-news.de\/de\/deutschland\/transsexueller-zur-miss-portugal-gekuert\/#respond"]}]},{"@type":"WebPage","@id":"https:\/\/now-news.de\/de\/deutschland\/transsexueller-zur-miss-portugal-gekuert\/","url":"https:\/\/now-news.de\/de\/deutschland\/transsexueller-zur-miss-portugal-gekuert\/","name":"Transsexueller zur Miss Portugal gek\u00fcrt - just-now.NEWS Deutschland","isPartOf":{"@id":"https:\/\/now-news.de\/de\/#website"},"primaryImageOfPage":{"@id":"https:\/\/now-news.de\/de\/deutschland\/transsexueller-zur-miss-portugal-gekuert\/#primaryimage"},"image":{"@id":"https:\/\/now-news.de\/de\/deutschland\/transsexueller-zur-miss-portugal-gekuert\/#primaryimage"},"thumbnailUrl":"https:\/\/now-news.de\/de\/wp-content\/uploads\/sites\/3\/2023\/10\/Transsexueller-zur-Miss-Portugal-gekuert.jpeg","datePublished":"2023-10-08T16:38:52+00:00","dateModified":"2023-10-08T16:38:52+00:00","breadcrumb":{"@id":"https:\/\/now-news.de\/de\/deutschland\/transsexueller-zur-miss-portugal-gekuert\/#breadcrumb"},"inLanguage":"de","potentialAction":[{"@type":"ReadAction","target":["https:\/\/now-news.de\/de\/deutschland\/transsexueller-zur-miss-portugal-gekuert\/"]}]},{"@type":"ImageObject","inLanguage":"de","@id":"https:\/\/now-news.de\/de\/deutschland\/transsexueller-zur-miss-portugal-gekuert\/#primaryimage","url":"https:\/\/now-news.de\/de\/wp-content\/uploads\/sites\/3\/2023\/10\/Transsexueller-zur-Miss-Portugal-gekuert.jpeg","contentUrl":"https:\/\/now-news.de\/de\/wp-content\/uploads\/sites\/3\/2023\/10\/Transsexueller-zur-Miss-Portugal-gekuert.jpeg","width":460,"height":259,"caption":"Transsexueller zur Miss Portugal gek\u00fcrt"},{"@type":"BreadcrumbList","@id":"https:\/\/now-news.de\/de\/deutschland\/transsexueller-zur-miss-portugal-gekuert\/#breadcrumb","itemListElement":[{"@type":"ListItem","position":1,"name":"Home","item":"https:\/\/now-news.de\/de\/"},{"@type":"ListItem","position":2,"name":"Transsexueller zur Miss Portugal gek\u00fcrt"}]},{"@type":"WebSite","@id":"https:\/\/now-news.de\/de\/#website","url":"https:\/\/now-news.de\/de\/","name":"just-now.NEWS Deutschland","description":"Das Portal f\u00fcr unzensierte Nachrichten aus der Welt","publisher":{"@id":"https:\/\/now-news.de\/de\/#organization"},"potentialAction":[{"@type":"SearchAction","target":{"@type":"EntryPoint","urlTemplate":"https:\/\/now-news.de\/de\/?s={search_term_string}"},"query-input":"required name=search_term_string"}],"inLanguage":"de"},{"@type":"Organization","@id":"https:\/\/now-news.de\/de\/#organization","name":"Just Now News","url":"https:\/\/now-news.de\/de\/","logo":{"@type":"ImageObject","inLanguage":"de","@id":"https:\/\/now-news.de\/de\/#\/schema\/logo\/image\/","url":"http:\/\/just-now.news\/de\/wp-content\/uploads\/sites\/3\/2022\/04\/logo500x500.jpg","contentUrl":"http:\/\/just-now.news\/de\/wp-content\/uploads\/sites\/3\/2022\/04\/logo500x500.jpg","width":500,"height":500,"caption":"Just Now News"},"image":{"@id":"https:\/\/now-news.de\/de\/#\/schema\/logo\/image\/"},"sameAs":["https:\/\/www.facebook.com\/wirmachenauf","https:\/\/x.com\/WirMachenAuf_de"]},{"@type":"Person","@id":"https:\/\/now-news.de\/de\/#\/schema\/person\/fb534a4e865501d8b3285208df34a9b5","name":"rtnews","image":{"@type":"ImageObject","inLanguage":"de","@id":"https:\/\/now-news.de\/de\/#\/schema\/person\/image\/","url":"https:\/\/secure.gravatar.com\/avatar\/82aafea7d8127119dd649515f56e2117?s=96&d=mm&r=g","contentUrl":"https:\/\/secure.gravatar.com\/avatar\/82aafea7d8127119dd649515f56e2117?s=96&d=mm&r=g","caption":"rtnews"},"url":"https:\/\/now-news.de\/de\/author\/rnews\/"}]}},"_links":{"self":[{"href":"https:\/\/now-news.de\/de\/wp-json\/wp\/v2\/posts\/47676"}],"collection":[{"href":"https:\/\/now-news.de\/de\/wp-json\/wp\/v2\/posts"}],"about":[{"href":"https:\/\/now-news.de\/de\/wp-json\/wp\/v2\/types\/post"}],"author":[{"embeddable":true,"href":"https:\/\/now-news.de\/de\/wp-json\/wp\/v2\/users\/3"}],"replies":[{"embeddable":true,"href":"https:\/\/now-news.de\/de\/wp-json\/wp\/v2\/comments?post=47676"}],"version-history":[{"count":0,"href":"https:\/\/now-news.de\/de\/wp-json\/wp\/v2\/posts\/47676\/revisions"}],"wp:featuredmedia":[{"embeddable":true,"href":"https:\/\/now-news.de\/de\/wp-json\/wp\/v2\/media\/47677"}],"wp:attachment":[{"href":"https:\/\/now-news.de\/de\/wp-json\/wp\/v2\/media?parent=47676"}],"wp:term":[{"taxonomy":"category","embeddable":true,"href":"https:\/\/now-news.de\/de\/wp-json\/wp\/v2\/categories?post=47676"},{"taxonomy":"post_tag","embeddable":true,"href":"https:\/\/now-news.de\/de\/wp-json\/wp\/v2\/tags?post=47676"}],"curies":[{"name":"wp","href":"https:\/\/api.w.org\/{rel}","templated":true}]}}