{"id":47640,"date":"2023-10-07T15:05:41","date_gmt":"2023-10-07T13:05:41","guid":{"rendered":"https:\/\/just-now.news\/de\/deutschland\/updates-zur-gaza-israel-eskalation-tote-verletzte-verschleppte-und-voelliges-chaos-2\/"},"modified":"2023-10-07T15:05:41","modified_gmt":"2023-10-07T13:05:41","slug":"updates-zur-gaza-israel-eskalation-tote-verletzte-verschleppte-und-voelliges-chaos-2","status":"publish","type":"post","link":"https:\/\/now-news.de\/de\/deutschland\/updates-zur-gaza-israel-eskalation-tote-verletzte-verschleppte-und-voelliges-chaos-2\/","title":{"rendered":"Updates zur Gaza-Israel-Eskalation: Tote, Verletzte, Verschleppte und v\u00f6lliges Chaos"},"content":{"rendered":"<p><img decoding=\"async\" src=\"http:\/\/just-now.news\/de\/wp-content\/uploads\/sites\/3\/2023\/10\/652158a448fbef12fc621ce2.jpg\" \/><\/p>\n<div class=\"Text-root Text-type_1 \">\n                Die Bilder und Videos aus dem Grenzgebiet des Gazastreifens und Israel schockieren die Welt. Jahrzehntelange Unterdr\u00fcckung der Pal\u00e4stinenser explodiert in einer ausufernden und nicht zu kontrollierenden Gewalteskalation. Medien berichten \u00fcber Verschleppungen von Israelis und Pogromstimmung auf den Stra\u00dfen.\n            <\/div>\n<p><\/p>\n<div class=\"ArticleView-liveUpdates\">\n<div class=\"LiveUpdates-root\">\n<div class=\"LiveUpdates-content\">\n<ul class=\"LiveUpdates-list Listing-root\" data-listing=\"LiveUpdates\" data-count=\"4\">\n<li class=\"LiveUpdates-item Listing-item\">\n<div class=\"LiveUpdates-date\">\n<p class=\"HeaderNews-root HeaderNews-type_2 \">\n                7.10.2023 15:21 Uhr\n            <\/p>\n<\/div>\n<div class=\"LiveUpdate-root\">\n<div class=\"LiveUpdate-date\">\n<p class=\"HeaderNews-root HeaderNews-type_6 \">\n                15:21 Uhr\n            <\/p>\n<\/div>\n<div class=\"LiveUpdate-content\">\n<div class=\"LiveUpdate-text\">\n<div class=\"Text-root Text-type_5 ViewText-root\">\n<p>Der t\u00fcrkische Pr\u00e4sident Recep Tayyip Erdo\u011fan rief aktuell die Konfliktparteien zur M\u00e4\u00dfigung auf. Die US-Botschaft in Israel erkl\u00e4rte laut\u00a0<em>Al Jazeera<\/em>, dass sie die Sicherheitslage in Israel nach den Raketenangriffen und der Infiltration von Hamas-K\u00e4mpfern aus dem Gazastreifen vorerst &#8220;genau beobachtet&#8221;. In einer Erkl\u00e4rung der Botschaft hei\u00dft es:<\/p>\n<p><em>&#8220;US-B\u00fcrger werden daran erinnert, wachsam zu bleiben und geeignete Ma\u00dfnahmen zu ergreifen, um ihr Sicherheitsbewusstsein zu erh\u00f6hen, da Sicherheitsvorf\u00e4lle, einschlie\u00dflich M\u00f6rser- und Raketenbeschuss, oft ohne Vorwarnung stattfinden.&#8221;<\/em><\/p>\n<p>Es wurde hinzugef\u00fcgt, dass das Personal der US-Botschaft derzeit an Ort und Stelle Schutz sucht. F\u00fcr Mitarbeiter der US-Regierung besteht weiterhin ein Reiseverbot nach Gaza und in Gebiete innerhalb eines Umkreises von elf Kilometer um Gaza, hie\u00df es in der Erkl\u00e4rung.<\/p>\n<\/div>\n<\/div>\n<\/div>\n<\/div>\n<\/li>\n<li class=\"LiveUpdates-item Listing-item\">\n<div class=\"LiveUpdate-root\">\n<div class=\"LiveUpdate-date\">\n<p class=\"HeaderNews-root HeaderNews-type_6 \">\n                15:16 Uhr\n            <\/p>\n<\/div>\n<div class=\"LiveUpdate-content\">\n<div class=\"LiveUpdate-text\">\n<div class=\"Text-root Text-type_5 ViewText-root\">\n<p>Die EU-Beh\u00f6rden verurteilten das Vorgehen der Hamas gegen Israel. Bundeskanzler Olaf Scholz reagierte auf die Ereignisse via X, ehemals Twitter:<\/p>\n<div class=\"EmbedBlock-root EmbedBlock-twitter\">\n<div class=\"TwitterEmbed\">\n<blockquote class=\"twitter-tweet lazyload\" data-twitter=\"twitter-tweet\">\n<p lang=\"de\" dir=\"ltr\">Erschreckende Nachrichten erreichen uns heute aus <a rel=\"nofollow noopener\" target=\"_blank\" href=\"https:\/\/twitter.com\/hashtag\/Israel?src=hash&amp;ref_src=twsrc%5Etfw\">#Israel<\/a>. Der Raketenbeschuss aus Gaza und die eskalierende Gewalt ersch\u00fcttern uns zutiefst. Deutschland verurteilt diese Angriffe der Hamas und steht an Israels Seite.<\/p>\n<p>\u2014 Bundeskanzler Olaf Scholz (@Bundeskanzler) <a rel=\"nofollow noopener\" target=\"_blank\" href=\"https:\/\/twitter.com\/Bundeskanzler\/status\/1710581415425753150?ref_src=twsrc%5Etfw\">October 7, 2023<\/a><\/p><\/blockquote>\n<\/div>\n<\/div>\n<p>Kritische Kommentare in den sozialen Medien erinnerten bez\u00fcglich der Wahrnehmung des Kanzlers daran, dass die Bundesregierung\u00a0den Pal\u00e4stinensern f\u00fcr die Jahre 2021 und 2022 Zusagen f\u00fcr humanit\u00e4re Hilfe und Entwicklung in H\u00f6he von mehr als 340 Millionen Euro gemacht hatte. So hatte der\u00a0<em>Spiegel<\/em>\u00a0im August 2022\u00a0<a rel=\"nofollow noopener\" target=\"_blank\" href=\"https:\/\/www.spiegel.de\/politik\/deutschland\/bundesregierung-sagt-palaestinensern-340-millionen-euro-zu-a-8bcb5703-ddcc-400a-a8e2-9b5ff3051f66\">berichtet<\/a>:<\/p>\n<p><em>&#8220;Das Ausw\u00e4rtige Amt stellt laut den Angaben 2022 voraussichtlich insgesamt 72 Millionen Euro f\u00fcr die Bev\u00f6lkerung in den Pal\u00e4stinensischen Gebieten zur Verf\u00fcgung. Davon sind 65 Millionen Euro f\u00fcr den Bereich Humanit\u00e4re Hilfe vorgesehen. Im Jahr 2021 waren es demnach insgesamt rund 94 Millionen Euro.&#8221;\u00a0<\/em><\/p>\n<p>Die Bundesregierung betonte zu diesem Zeitpunkt, dass \u00fcber die Gelder &#8220;keine direkte Finanzierung der Pal\u00e4stinensischen Autonomiebeh\u00f6rde seitens des Ausw\u00e4rtigen Amtes als auch des Bundesministeriums f\u00fcr wirtschaftliche Zusammenarbeit&#8221; stattfinde.<\/p>\n<\/div>\n<\/div>\n<\/div>\n<\/div>\n<\/li>\n<li class=\"LiveUpdates-item Listing-item\">\n<div class=\"LiveUpdate-root\">\n<div class=\"LiveUpdate-date\">\n<p class=\"HeaderNews-root HeaderNews-type_6 \">\n                15:15 Uhr\n            <\/p>\n<\/div>\n<div class=\"LiveUpdate-content\">\n<div class=\"LiveUpdate-text\">\n<div class=\"Text-root Text-type_5 ViewText-root\">\n<p>IDF-Sprecher Konteradmiral Daniel Hagari sagte, &#8220;Hamas-Terroristen&#8221; seien vom Land, vom Meer und aus der Luft in das israelische Gebiet eingedrungen. Mehr als 2.200 Raketen wurden aus dem Gazastreifen abgefeuert, so der Sprecher.<\/p>\n<p>Die Hamas behauptete im Verlauf des Morgens, sie habe allein in den ersten 20 Minuten ihres Angriffs mehr als 5.000 Geschosse eingesetzt.\u00a0Ismail Haniyya, der Leiter des Politb\u00fcros der Hamas,\u00a0<a rel=\"nofollow noopener\" target=\"_blank\" href=\"https:\/\/english.almayadeen.net\/news\/politics\/operation-al-aqsa-flood-stern-response-to-israeli-crimes:-al\">erkl\u00e4rte<\/a>\u00a0am Vormittag laut der Website<em>\u00a0Al Mayadeen<\/em>, dass &#8220;der pal\u00e4stinensische Widerstand derzeit einen heroischen und historischen Kampf f\u00fchrt, in dessen Mittelpunkt die Al-Aqsa, die heiligen St\u00e4tten und die Gefangenen stehen&#8221;.<\/p>\n<\/div>\n<\/div>\n<\/div>\n<\/div>\n<\/li>\n<li class=\"LiveUpdates-item Listing-item\">\n<div class=\"LiveUpdate-root\">\n<div class=\"LiveUpdate-date\">\n<p class=\"HeaderNews-root HeaderNews-type_6 \">\n                15:10 Uhr\n            <\/p>\n<\/div>\n<div class=\"LiveUpdate-content\">\n<div class=\"LiveUpdate-text\">\n<div class=\"Text-root Text-type_5 ViewText-root\">\n<p>Die Informationslage ist schwer einzusch\u00e4tzen, die Gesamtsituation scheint aktuell komplett zu eskalieren. So geben Berichte zu Protokoll, dass die israelische Armee\u00a0begonnen hat, Vergeltungsschl\u00e4ge innerhalb des Gazastreifens durchzuf\u00fchren. Nach Angaben der israelischen Streitkr\u00e4fte wurden dabei 17 milit\u00e4rische Einrichtungen und vier operative Hauptquartiere getroffen.<\/p>\n<p>Dutzende von israelischen Kampfjets haben nach Angaben der Israelischen Verteidigungsstreitkr\u00e4fte (IDF) Ziele der Hamas im Gazastreifen angegriffen. Die Luftangriffe wurden als Reaktion auf einen \u00dcberraschungsangriff der bewaffneten Pal\u00e4stinensergruppe auf Israel am Samstagmorgen geflogen. Diesbez\u00fcglich meldet der arabische Nachrichtensender\u00a0<em>Al Jazeera<\/em>\u00a0(<a rel=\"nofollow noopener\" target=\"_blank\" href=\"https:\/\/www.aljazeera.com\/news\/liveblog\/2023\/10\/7\/israel-palestine-escalation-live-news-barrage-of-rockets-fired-from-gaza\">Tickermeldung<\/a>\u00a0um 14:40 Uhr):<\/p>\n<p><em>&#8220;<\/em><em>Medizinische Quellen in Gaza haben Al Jazeera mitgeteilt, dass mindestens 160 Pal\u00e4stinenser bei israelischen Angriffen get\u00f6tet wurden. Die Zahl der Verwundeten liegt bei \u00fcber 1.000.&#8221;<\/em><\/p>\n<\/div>\n<\/div>\n<\/div>\n<\/div>\n<\/li>\n<\/ul>\n<\/div>\n<\/div>\n<\/div>\n<p><script async src=\"https:\/\/platform.twitter.com\/widgets.js\" charset=\"utf-8\"><\/script><br \/>\n<br \/><br \/>\n<br \/><a href=\"https:\/\/de.rt.com\/international\/182960-updates-zur-gaza-israel-eskalation\/\">Source link <\/a><\/p>\n","protected":false},"excerpt":{"rendered":"<p>Die Bilder und Videos aus dem Grenzgebiet des Gazastreifens und Israel schockieren die Welt. Jahrzehntelange Unterdr\u00fcckung der Pal\u00e4stinenser explodiert in einer ausufernden und nicht zu kontrollierenden Gewalteskalation. Medien berichten \u00fcber Verschleppungen von Israelis und Pogromstimmung auf den Stra\u00dfen. 7.10.2023 15:21 Uhr 15:21 Uhr Der t\u00fcrkische Pr\u00e4sident Recep Tayyip Erdo\u011fan rief aktuell die Konfliktparteien zur M\u00e4\u00dfigung [&hellip;]<\/p>\n","protected":false},"author":3,"featured_media":47637,"comment_status":"open","ping_status":"open","sticky":false,"template":"","format":"standard","meta":{"_yoast_indexnow_last_ping":["1696686027"],"wp_automatic_camp":["217"],"ad82ac32651d7949c5303e79eb3ea16c":["Updates zur Gaza-Israel-Eskalation: Tote, Verletzte, Verschleppte und v\u00f6lliges Chaos"],"original_link":["https:\/\/de.rt.com\/international\/182960-updates-zur-gaza-israel-eskalation\/"],"_thumbnail_id":["47637"],"jnews_social_counter_last_update":["1777386436"],"_wptgpro_p2tg_sent2tg":["a:1:{i:23737;s:19:\"2023-10-07 15:41:30\";}"]},"categories":[19,23],"tags":[8410,49576,3233,140,12431,1813,49577,49578,581],"yoast_head":"<!-- This site is optimized with the Yoast SEO Premium plugin v22.7 (Yoast SEO v22.7) - https:\/\/yoast.com\/wordpress\/plugins\/seo\/ -->\n<title>Updates zur Gaza-Israel-Eskalation: Tote, Verletzte, Verschleppte und v\u00f6lliges Chaos - just-now.NEWS Deutschland<\/title>\n<meta name=\"robots\" content=\"index, follow, max-snippet:-1, max-image-preview:large, max-video-preview:-1\" \/>\n<link rel=\"canonical\" href=\"https:\/\/now-news.de\/de\/deutschland\/updates-zur-gaza-israel-eskalation-tote-verletzte-verschleppte-und-voelliges-chaos-2\/\" \/>\n<meta property=\"og:locale\" content=\"de_DE\" \/>\n<meta property=\"og:type\" content=\"article\" \/>\n<meta property=\"og:title\" content=\"Updates zur Gaza-Israel-Eskalation: Tote, Verletzte, Verschleppte und v\u00f6lliges Chaos\" \/>\n<meta property=\"og:description\" content=\"Die Bilder und Videos aus dem Grenzgebiet des Gazastreifens und Israel schockieren die Welt. Jahrzehntelange Unterdr\u00fcckung der Pal\u00e4stinenser explodiert in einer ausufernden und nicht zu kontrollierenden Gewalteskalation. Medien berichten \u00fcber Verschleppungen von Israelis und Pogromstimmung auf den Stra\u00dfen. 7.10.2023 15:21 Uhr 15:21 Uhr Der t\u00fcrkische Pr\u00e4sident Recep Tayyip Erdo\u011fan rief aktuell die Konfliktparteien zur M\u00e4\u00dfigung [&hellip;]\" \/>\n<meta property=\"og:url\" content=\"https:\/\/now-news.de\/de\/deutschland\/updates-zur-gaza-israel-eskalation-tote-verletzte-verschleppte-und-voelliges-chaos-2\/\" \/>\n<meta property=\"og:site_name\" content=\"just-now.NEWS Deutschland\" \/>\n<meta property=\"article:publisher\" content=\"https:\/\/www.facebook.com\/wirmachenauf\" \/>\n<meta property=\"article:published_time\" content=\"2023-10-07T13:05:41+00:00\" \/>\n<meta property=\"og:image\" content=\"https:\/\/now-news.de\/de\/wp-content\/uploads\/sites\/3\/2023\/10\/Updates-zur-Gaza-Israel-Eskalation-Tote-Verletzte-Verschleppte-und-voelliges-Chaos.jpg\" \/>\n\t<meta property=\"og:image:width\" content=\"460\" \/>\n\t<meta property=\"og:image:height\" content=\"259\" \/>\n\t<meta property=\"og:image:type\" content=\"image\/jpeg\" \/>\n<meta name=\"author\" content=\"rtnews\" \/>\n<meta name=\"twitter:card\" content=\"summary_large_image\" \/>\n<meta name=\"twitter:creator\" content=\"@WirMachenAuf_de\" \/>\n<meta name=\"twitter:site\" content=\"@WirMachenAuf_de\" \/>\n<meta name=\"twitter:label1\" content=\"Verfasst von\" \/>\n\t<meta name=\"twitter:data1\" content=\"rtnews\" \/>\n\t<meta name=\"twitter:label2\" content=\"Gesch\u00e4tzte Lesezeit\" \/>\n\t<meta name=\"twitter:data2\" content=\"3\u00a0Minuten\" \/>\n<script type=\"application\/ld+json\" class=\"yoast-schema-graph\">{\"@context\":\"https:\/\/schema.org\",\"@graph\":[{\"@type\":\"Article\",\"@id\":\"https:\/\/now-news.de\/de\/deutschland\/updates-zur-gaza-israel-eskalation-tote-verletzte-verschleppte-und-voelliges-chaos-2\/#article\",\"isPartOf\":{\"@id\":\"https:\/\/now-news.de\/de\/deutschland\/updates-zur-gaza-israel-eskalation-tote-verletzte-verschleppte-und-voelliges-chaos-2\/\"},\"author\":{\"name\":\"rtnews\",\"@id\":\"https:\/\/now-news.de\/de\/#\/schema\/person\/fb534a4e865501d8b3285208df34a9b5\"},\"headline\":\"Updates zur Gaza-Israel-Eskalation: Tote, Verletzte, Verschleppte und v\u00f6lliges Chaos\",\"datePublished\":\"2023-10-07T13:05:41+00:00\",\"dateModified\":\"2023-10-07T13:05:41+00:00\",\"mainEntityOfPage\":{\"@id\":\"https:\/\/now-news.de\/de\/deutschland\/updates-zur-gaza-israel-eskalation-tote-verletzte-verschleppte-und-voelliges-chaos-2\/\"},\"wordCount\":589,\"commentCount\":0,\"publisher\":{\"@id\":\"https:\/\/now-news.de\/de\/#organization\"},\"image\":{\"@id\":\"https:\/\/now-news.de\/de\/deutschland\/updates-zur-gaza-israel-eskalation-tote-verletzte-verschleppte-und-voelliges-chaos-2\/#primaryimage\"},\"thumbnailUrl\":\"https:\/\/now-news.de\/de\/wp-content\/uploads\/sites\/3\/2023\/10\/Updates-zur-Gaza-Israel-Eskalation-Tote-Verletzte-Verschleppte-und-voelliges-Chaos.jpg\",\"keywords\":[\"Chaos\",\"GazaIsraelEskalation\",\"Tote\",\"und\",\"Updates\",\"Verletzte\",\"Verschleppte\",\"v\u00f6lliges\",\"zur\"],\"articleSection\":[\"Deutschland\",\"Russland\"],\"inLanguage\":\"de\",\"potentialAction\":[{\"@type\":\"CommentAction\",\"name\":\"Comment\",\"target\":[\"https:\/\/now-news.de\/de\/deutschland\/updates-zur-gaza-israel-eskalation-tote-verletzte-verschleppte-und-voelliges-chaos-2\/#respond\"]}]},{\"@type\":\"WebPage\",\"@id\":\"https:\/\/now-news.de\/de\/deutschland\/updates-zur-gaza-israel-eskalation-tote-verletzte-verschleppte-und-voelliges-chaos-2\/\",\"url\":\"https:\/\/now-news.de\/de\/deutschland\/updates-zur-gaza-israel-eskalation-tote-verletzte-verschleppte-und-voelliges-chaos-2\/\",\"name\":\"Updates zur Gaza-Israel-Eskalation: Tote, Verletzte, Verschleppte und v\u00f6lliges Chaos - just-now.NEWS Deutschland\",\"isPartOf\":{\"@id\":\"https:\/\/now-news.de\/de\/#website\"},\"primaryImageOfPage\":{\"@id\":\"https:\/\/now-news.de\/de\/deutschland\/updates-zur-gaza-israel-eskalation-tote-verletzte-verschleppte-und-voelliges-chaos-2\/#primaryimage\"},\"image\":{\"@id\":\"https:\/\/now-news.de\/de\/deutschland\/updates-zur-gaza-israel-eskalation-tote-verletzte-verschleppte-und-voelliges-chaos-2\/#primaryimage\"},\"thumbnailUrl\":\"https:\/\/now-news.de\/de\/wp-content\/uploads\/sites\/3\/2023\/10\/Updates-zur-Gaza-Israel-Eskalation-Tote-Verletzte-Verschleppte-und-voelliges-Chaos.jpg\",\"datePublished\":\"2023-10-07T13:05:41+00:00\",\"dateModified\":\"2023-10-07T13:05:41+00:00\",\"breadcrumb\":{\"@id\":\"https:\/\/now-news.de\/de\/deutschland\/updates-zur-gaza-israel-eskalation-tote-verletzte-verschleppte-und-voelliges-chaos-2\/#breadcrumb\"},\"inLanguage\":\"de\",\"potentialAction\":[{\"@type\":\"ReadAction\",\"target\":[\"https:\/\/now-news.de\/de\/deutschland\/updates-zur-gaza-israel-eskalation-tote-verletzte-verschleppte-und-voelliges-chaos-2\/\"]}]},{\"@type\":\"ImageObject\",\"inLanguage\":\"de\",\"@id\":\"https:\/\/now-news.de\/de\/deutschland\/updates-zur-gaza-israel-eskalation-tote-verletzte-verschleppte-und-voelliges-chaos-2\/#primaryimage\",\"url\":\"https:\/\/now-news.de\/de\/wp-content\/uploads\/sites\/3\/2023\/10\/Updates-zur-Gaza-Israel-Eskalation-Tote-Verletzte-Verschleppte-und-voelliges-Chaos.jpg\",\"contentUrl\":\"https:\/\/now-news.de\/de\/wp-content\/uploads\/sites\/3\/2023\/10\/Updates-zur-Gaza-Israel-Eskalation-Tote-Verletzte-Verschleppte-und-voelliges-Chaos.jpg\",\"width\":460,\"height\":259,\"caption\":\"Updates zur Gaza-Israel-Eskalation: Tote, Verletzte, Verschleppte und v\u00f6lliges Chaos\"},{\"@type\":\"BreadcrumbList\",\"@id\":\"https:\/\/now-news.de\/de\/deutschland\/updates-zur-gaza-israel-eskalation-tote-verletzte-verschleppte-und-voelliges-chaos-2\/#breadcrumb\",\"itemListElement\":[{\"@type\":\"ListItem\",\"position\":1,\"name\":\"Home\",\"item\":\"https:\/\/now-news.de\/de\/\"},{\"@type\":\"ListItem\",\"position\":2,\"name\":\"Updates zur Gaza-Israel-Eskalation: Tote, Verletzte, Verschleppte und v\u00f6lliges Chaos\"}]},{\"@type\":\"WebSite\",\"@id\":\"https:\/\/now-news.de\/de\/#website\",\"url\":\"https:\/\/now-news.de\/de\/\",\"name\":\"just-now.NEWS Deutschland\",\"description\":\"Das Portal f\u00fcr unzensierte Nachrichten aus der Welt\",\"publisher\":{\"@id\":\"https:\/\/now-news.de\/de\/#organization\"},\"potentialAction\":[{\"@type\":\"SearchAction\",\"target\":{\"@type\":\"EntryPoint\",\"urlTemplate\":\"https:\/\/now-news.de\/de\/?s={search_term_string}\"},\"query-input\":\"required name=search_term_string\"}],\"inLanguage\":\"de\"},{\"@type\":\"Organization\",\"@id\":\"https:\/\/now-news.de\/de\/#organization\",\"name\":\"Just Now News\",\"url\":\"https:\/\/now-news.de\/de\/\",\"logo\":{\"@type\":\"ImageObject\",\"inLanguage\":\"de\",\"@id\":\"https:\/\/now-news.de\/de\/#\/schema\/logo\/image\/\",\"url\":\"http:\/\/just-now.news\/de\/wp-content\/uploads\/sites\/3\/2022\/04\/logo500x500.jpg\",\"contentUrl\":\"http:\/\/just-now.news\/de\/wp-content\/uploads\/sites\/3\/2022\/04\/logo500x500.jpg\",\"width\":500,\"height\":500,\"caption\":\"Just Now News\"},\"image\":{\"@id\":\"https:\/\/now-news.de\/de\/#\/schema\/logo\/image\/\"},\"sameAs\":[\"https:\/\/www.facebook.com\/wirmachenauf\",\"https:\/\/x.com\/WirMachenAuf_de\"]},{\"@type\":\"Person\",\"@id\":\"https:\/\/now-news.de\/de\/#\/schema\/person\/fb534a4e865501d8b3285208df34a9b5\",\"name\":\"rtnews\",\"image\":{\"@type\":\"ImageObject\",\"inLanguage\":\"de\",\"@id\":\"https:\/\/now-news.de\/de\/#\/schema\/person\/image\/\",\"url\":\"https:\/\/secure.gravatar.com\/avatar\/82aafea7d8127119dd649515f56e2117?s=96&d=mm&r=g\",\"contentUrl\":\"https:\/\/secure.gravatar.com\/avatar\/82aafea7d8127119dd649515f56e2117?s=96&d=mm&r=g\",\"caption\":\"rtnews\"},\"url\":\"https:\/\/now-news.de\/de\/author\/rnews\/\"}]}<\/script>\n<!-- \/ Yoast SEO Premium plugin. -->","yoast_head_json":{"title":"Updates zur Gaza-Israel-Eskalation: Tote, Verletzte, Verschleppte und v\u00f6lliges Chaos - just-now.NEWS Deutschland","robots":{"index":"index","follow":"follow","max-snippet":"max-snippet:-1","max-image-preview":"max-image-preview:large","max-video-preview":"max-video-preview:-1"},"canonical":"https:\/\/now-news.de\/de\/deutschland\/updates-zur-gaza-israel-eskalation-tote-verletzte-verschleppte-und-voelliges-chaos-2\/","og_locale":"de_DE","og_type":"article","og_title":"Updates zur Gaza-Israel-Eskalation: Tote, Verletzte, Verschleppte und v\u00f6lliges Chaos","og_description":"Die Bilder und Videos aus dem Grenzgebiet des Gazastreifens und Israel schockieren die Welt. Jahrzehntelange Unterdr\u00fcckung der Pal\u00e4stinenser explodiert in einer ausufernden und nicht zu kontrollierenden Gewalteskalation. Medien berichten \u00fcber Verschleppungen von Israelis und Pogromstimmung auf den Stra\u00dfen. 7.10.2023 15:21 Uhr 15:21 Uhr Der t\u00fcrkische Pr\u00e4sident Recep Tayyip Erdo\u011fan rief aktuell die Konfliktparteien zur M\u00e4\u00dfigung [&hellip;]","og_url":"https:\/\/now-news.de\/de\/deutschland\/updates-zur-gaza-israel-eskalation-tote-verletzte-verschleppte-und-voelliges-chaos-2\/","og_site_name":"just-now.NEWS Deutschland","article_publisher":"https:\/\/www.facebook.com\/wirmachenauf","article_published_time":"2023-10-07T13:05:41+00:00","og_image":[{"width":460,"height":259,"url":"https:\/\/now-news.de\/de\/wp-content\/uploads\/sites\/3\/2023\/10\/Updates-zur-Gaza-Israel-Eskalation-Tote-Verletzte-Verschleppte-und-voelliges-Chaos.jpg","type":"image\/jpeg"}],"author":"rtnews","twitter_card":"summary_large_image","twitter_creator":"@WirMachenAuf_de","twitter_site":"@WirMachenAuf_de","twitter_misc":{"Verfasst von":"rtnews","Gesch\u00e4tzte Lesezeit":"3\u00a0Minuten"},"schema":{"@context":"https:\/\/schema.org","@graph":[{"@type":"Article","@id":"https:\/\/now-news.de\/de\/deutschland\/updates-zur-gaza-israel-eskalation-tote-verletzte-verschleppte-und-voelliges-chaos-2\/#article","isPartOf":{"@id":"https:\/\/now-news.de\/de\/deutschland\/updates-zur-gaza-israel-eskalation-tote-verletzte-verschleppte-und-voelliges-chaos-2\/"},"author":{"name":"rtnews","@id":"https:\/\/now-news.de\/de\/#\/schema\/person\/fb534a4e865501d8b3285208df34a9b5"},"headline":"Updates zur Gaza-Israel-Eskalation: Tote, Verletzte, Verschleppte und v\u00f6lliges Chaos","datePublished":"2023-10-07T13:05:41+00:00","dateModified":"2023-10-07T13:05:41+00:00","mainEntityOfPage":{"@id":"https:\/\/now-news.de\/de\/deutschland\/updates-zur-gaza-israel-eskalation-tote-verletzte-verschleppte-und-voelliges-chaos-2\/"},"wordCount":589,"commentCount":0,"publisher":{"@id":"https:\/\/now-news.de\/de\/#organization"},"image":{"@id":"https:\/\/now-news.de\/de\/deutschland\/updates-zur-gaza-israel-eskalation-tote-verletzte-verschleppte-und-voelliges-chaos-2\/#primaryimage"},"thumbnailUrl":"https:\/\/now-news.de\/de\/wp-content\/uploads\/sites\/3\/2023\/10\/Updates-zur-Gaza-Israel-Eskalation-Tote-Verletzte-Verschleppte-und-voelliges-Chaos.jpg","keywords":["Chaos","GazaIsraelEskalation","Tote","und","Updates","Verletzte","Verschleppte","v\u00f6lliges","zur"],"articleSection":["Deutschland","Russland"],"inLanguage":"de","potentialAction":[{"@type":"CommentAction","name":"Comment","target":["https:\/\/now-news.de\/de\/deutschland\/updates-zur-gaza-israel-eskalation-tote-verletzte-verschleppte-und-voelliges-chaos-2\/#respond"]}]},{"@type":"WebPage","@id":"https:\/\/now-news.de\/de\/deutschland\/updates-zur-gaza-israel-eskalation-tote-verletzte-verschleppte-und-voelliges-chaos-2\/","url":"https:\/\/now-news.de\/de\/deutschland\/updates-zur-gaza-israel-eskalation-tote-verletzte-verschleppte-und-voelliges-chaos-2\/","name":"Updates zur Gaza-Israel-Eskalation: Tote, Verletzte, Verschleppte und v\u00f6lliges Chaos - just-now.NEWS Deutschland","isPartOf":{"@id":"https:\/\/now-news.de\/de\/#website"},"primaryImageOfPage":{"@id":"https:\/\/now-news.de\/de\/deutschland\/updates-zur-gaza-israel-eskalation-tote-verletzte-verschleppte-und-voelliges-chaos-2\/#primaryimage"},"image":{"@id":"https:\/\/now-news.de\/de\/deutschland\/updates-zur-gaza-israel-eskalation-tote-verletzte-verschleppte-und-voelliges-chaos-2\/#primaryimage"},"thumbnailUrl":"https:\/\/now-news.de\/de\/wp-content\/uploads\/sites\/3\/2023\/10\/Updates-zur-Gaza-Israel-Eskalation-Tote-Verletzte-Verschleppte-und-voelliges-Chaos.jpg","datePublished":"2023-10-07T13:05:41+00:00","dateModified":"2023-10-07T13:05:41+00:00","breadcrumb":{"@id":"https:\/\/now-news.de\/de\/deutschland\/updates-zur-gaza-israel-eskalation-tote-verletzte-verschleppte-und-voelliges-chaos-2\/#breadcrumb"},"inLanguage":"de","potentialAction":[{"@type":"ReadAction","target":["https:\/\/now-news.de\/de\/deutschland\/updates-zur-gaza-israel-eskalation-tote-verletzte-verschleppte-und-voelliges-chaos-2\/"]}]},{"@type":"ImageObject","inLanguage":"de","@id":"https:\/\/now-news.de\/de\/deutschland\/updates-zur-gaza-israel-eskalation-tote-verletzte-verschleppte-und-voelliges-chaos-2\/#primaryimage","url":"https:\/\/now-news.de\/de\/wp-content\/uploads\/sites\/3\/2023\/10\/Updates-zur-Gaza-Israel-Eskalation-Tote-Verletzte-Verschleppte-und-voelliges-Chaos.jpg","contentUrl":"https:\/\/now-news.de\/de\/wp-content\/uploads\/sites\/3\/2023\/10\/Updates-zur-Gaza-Israel-Eskalation-Tote-Verletzte-Verschleppte-und-voelliges-Chaos.jpg","width":460,"height":259,"caption":"Updates zur Gaza-Israel-Eskalation: Tote, Verletzte, Verschleppte und v\u00f6lliges Chaos"},{"@type":"BreadcrumbList","@id":"https:\/\/now-news.de\/de\/deutschland\/updates-zur-gaza-israel-eskalation-tote-verletzte-verschleppte-und-voelliges-chaos-2\/#breadcrumb","itemListElement":[{"@type":"ListItem","position":1,"name":"Home","item":"https:\/\/now-news.de\/de\/"},{"@type":"ListItem","position":2,"name":"Updates zur Gaza-Israel-Eskalation: Tote, Verletzte, Verschleppte und v\u00f6lliges Chaos"}]},{"@type":"WebSite","@id":"https:\/\/now-news.de\/de\/#website","url":"https:\/\/now-news.de\/de\/","name":"just-now.NEWS Deutschland","description":"Das Portal f\u00fcr unzensierte Nachrichten aus der Welt","publisher":{"@id":"https:\/\/now-news.de\/de\/#organization"},"potentialAction":[{"@type":"SearchAction","target":{"@type":"EntryPoint","urlTemplate":"https:\/\/now-news.de\/de\/?s={search_term_string}"},"query-input":"required name=search_term_string"}],"inLanguage":"de"},{"@type":"Organization","@id":"https:\/\/now-news.de\/de\/#organization","name":"Just Now News","url":"https:\/\/now-news.de\/de\/","logo":{"@type":"ImageObject","inLanguage":"de","@id":"https:\/\/now-news.de\/de\/#\/schema\/logo\/image\/","url":"http:\/\/just-now.news\/de\/wp-content\/uploads\/sites\/3\/2022\/04\/logo500x500.jpg","contentUrl":"http:\/\/just-now.news\/de\/wp-content\/uploads\/sites\/3\/2022\/04\/logo500x500.jpg","width":500,"height":500,"caption":"Just Now News"},"image":{"@id":"https:\/\/now-news.de\/de\/#\/schema\/logo\/image\/"},"sameAs":["https:\/\/www.facebook.com\/wirmachenauf","https:\/\/x.com\/WirMachenAuf_de"]},{"@type":"Person","@id":"https:\/\/now-news.de\/de\/#\/schema\/person\/fb534a4e865501d8b3285208df34a9b5","name":"rtnews","image":{"@type":"ImageObject","inLanguage":"de","@id":"https:\/\/now-news.de\/de\/#\/schema\/person\/image\/","url":"https:\/\/secure.gravatar.com\/avatar\/82aafea7d8127119dd649515f56e2117?s=96&d=mm&r=g","contentUrl":"https:\/\/secure.gravatar.com\/avatar\/82aafea7d8127119dd649515f56e2117?s=96&d=mm&r=g","caption":"rtnews"},"url":"https:\/\/now-news.de\/de\/author\/rnews\/"}]}},"_links":{"self":[{"href":"https:\/\/now-news.de\/de\/wp-json\/wp\/v2\/posts\/47640"}],"collection":[{"href":"https:\/\/now-news.de\/de\/wp-json\/wp\/v2\/posts"}],"about":[{"href":"https:\/\/now-news.de\/de\/wp-json\/wp\/v2\/types\/post"}],"author":[{"embeddable":true,"href":"https:\/\/now-news.de\/de\/wp-json\/wp\/v2\/users\/3"}],"replies":[{"embeddable":true,"href":"https:\/\/now-news.de\/de\/wp-json\/wp\/v2\/comments?post=47640"}],"version-history":[{"count":0,"href":"https:\/\/now-news.de\/de\/wp-json\/wp\/v2\/posts\/47640\/revisions"}],"wp:featuredmedia":[{"embeddable":true,"href":"https:\/\/now-news.de\/de\/wp-json\/wp\/v2\/media\/47637"}],"wp:attachment":[{"href":"https:\/\/now-news.de\/de\/wp-json\/wp\/v2\/media?parent=47640"}],"wp:term":[{"taxonomy":"category","embeddable":true,"href":"https:\/\/now-news.de\/de\/wp-json\/wp\/v2\/categories?post=47640"},{"taxonomy":"post_tag","embeddable":true,"href":"https:\/\/now-news.de\/de\/wp-json\/wp\/v2\/tags?post=47640"}],"curies":[{"name":"wp","href":"https:\/\/api.w.org\/{rel}","templated":true}]}}