{"id":47632,"date":"2023-10-07T12:57:10","date_gmt":"2023-10-07T10:57:10","guid":{"rendered":"https:\/\/just-now.news\/de\/deutschland\/polen-und-die-ukraine-die-neue-nato-wache-am-eisernen-vorhang-2-0\/"},"modified":"2023-10-07T12:57:10","modified_gmt":"2023-10-07T10:57:10","slug":"polen-und-die-ukraine-die-neue-nato-wache-am-eisernen-vorhang-2-0","status":"publish","type":"post","link":"https:\/\/now-news.de\/de\/deutschland\/polen-und-die-ukraine-die-neue-nato-wache-am-eisernen-vorhang-2-0\/","title":{"rendered":"Polen und die Ukraine \u2013 Die neue NATO-Wache am Eisernen Vorhang 2.0"},"content":{"rendered":"<p><img decoding=\"async\" src=\"http:\/\/just-now.news\/de\/wp-content\/uploads\/sites\/3\/2023\/10\/65213062b480cc77e42c7a61.jpg\" \/><\/p>\n<div class=\"Text-root Text-type_1 \">\n                Die einflussreiche milit\u00e4rpolitische US-Denkfabrik RAND Corporation hat sich im Stellvertreterkrieg mit Russland wieder mal mit einer bemerkenswerten Idee zu Wort gemeldet. Mit deren Umsetzung w\u00fcrden US\/NATO nicht ganz so eklatant als die gro\u00dfen Verlierer in der Ukraine dastehen, und zugleich k\u00e4me Washington damit seinem Ziel n\u00e4her, Russland strategisch zu schw\u00e4chen.\n            <\/div>\n<p><\/p>\n<div class=\"Text-root Text-type_5 ArticleView-text ViewText-root \">\n<p><em>Von Rainer Rupp<\/em><\/p>\n<p>Die in der Regel recht umfangreichen und sehr detaillierten Analysen der RAND-Organisation und den daraus entwickelten Strategievorschl\u00e4ge durch ihre Experten haben sich r\u00fcckblickend immer wieder als Blaupausen f\u00fcr die US-Au\u00dfen-, Sanktions- und Kriegspolitik erwiesen. Angesichts des \u00fcber Jahrzehnte aufgebauten Prestiges und des politischen Einflusses von RAND im Pentagon und im US-Kongress ist das auch kein Wunder. Deshalb sollte man auch das j\u00fcngste Strategem von RAND, das zwar keine umfangreiche RAND-Studie im herk\u00f6mmlichen Sinn ist, sondern als &#8220;<a rel=\"nofollow noopener\" target=\"_blank\" href=\"https:\/\/www.rand.org\/blog\/2023\/09\/poland-and-ukraine-defending-europes-future.html\">Commentary&#8221;-Blog<\/a> ver\u00f6ffentlicht wurde, nicht auf die leichte Schulter nehmen.<\/p>\n<p>In dem gemeinsamen Kommentar zweier &#8220;au\u00dferordentlicher Senior Fellows bei RAND&#8221;, n\u00e4mlich William Courtney, u.\u00a0a. Ex-US-Botschafter in Kasachstan und Georgien, und dem US-Milit\u00e4rhistoriker Peter Wilson, geht es um die zuk\u00fcnftige Rolle Polens und der Ukraine, die den beiden L\u00e4ndern von Washington zugewiesen werden soll. Sie sollen die eisernen Torw\u00e4chter am zentralen Frontabschnitt eines auf viele Jahre ausgelegten neuen Kalten Krieges werden, in dem nat\u00fcrlich die Schutzmacht USA \u2013 wie zu den H\u00f6hepunkten des ersten Kalten Krieges \u2013 ihre westlichen Vasallen dominieren und ihnen nach Belieben Bedingungen diktieren k\u00f6nnen.<\/p>\n<p>Schon im ersten Absatz ihrer Ver\u00f6ffentlichung lassen die beiden RAND-Experten die Katze aus dem Sack: Die besonderen Erfahrungen Westdeutschlands aus der Nachkriegszeit k\u00f6nnten f\u00fcr Polen, aber vor allem f\u00fcr die Ukraine n\u00fctzlich sein. W\u00f6rtlich hei\u00dft es:<\/p>\n<blockquote>\n<p><em>&#8220;Im Kalten Krieg stand Westdeutschland mit robuster NATO-Unterst\u00fctzung in der Mitte des Eisernen Vorhangs Wache. Mit Blick auf die Zukunft werden Polen und die Ukraine zusammen mit der NATO das Zentrum Europas am zentralen Frontabschnitt (gegen Russland) verteidigen. Erkenntnisse aus der westdeutschen Erfahrung k\u00f6nnten ihnen dabei helfen.&#8221;<\/em><\/p>\n<\/blockquote>\n<p>Um diese Aufgabe zu erf\u00fcllten, br\u00e4uchten &#8220;Polen und die Ukraine in Zukunft erheblich mehr milit\u00e4rische Unterst\u00fctzung durch die NATO-Alliierten, aber weniger als Westdeutschland in den 1950er-Jahren&#8221;, so die beiden RAND-Autoren. Dann wird die damalige Situation in Westdeutschland mit der aktuellen Lage verglichen. Anfang der 1950er-Jahre seien &#8220;die Aufr\u00fcstung der Bundesrepublik und ihr NATO-Beitritt ebenfalls umstritten gewesen&#8221;, hei\u00dft es weiter. Damals habe Bundeskanzler Konrad Adenauer die westlichen Besatzungsm\u00e4chte ebenfalls aufgefordert, ihre Streitkr\u00e4fte zu verst\u00e4rken und der Bundesrepublik eine Sicherheitsgarantie zu geben. Deutschland habe &#8220;diese Garantie durch den Beitritt zur NATO im Jahr 1955 erhalten&#8221;, f\u00fchren die Autoren weiter aus, um dann wieder die Ukraine ins Spiel zu bringen:<\/p>\n<blockquote>\n<p><em>&#8220;Da der NATO-Beitritt der Ukraine noch ungewiss ist, bittet Pr\u00e4sident Wladimir Selenskij ebenfalls um eine eiserne Garantie, wenn auch nicht um NATO-Truppen vor Ort.&#8221; Und dann kommt der bemerkenswerte Satz: Deutschlands Aufnahme in die NATO sei &#8220;trotz der Teilung Deutschlands und einiger Zur\u00fcckhaltung in Europa, beispielsweise aus Frankreich, geschehen. Damals haben die USA den westdeutschen Beitritt unterst\u00fctzt, und heute unterst\u00fctzen sie den der Ukraine.&#8221;<\/em><\/p>\n<\/blockquote>\n<p>Des Weiteren sprechen sich die beiden Autoren f\u00fcr eine unabdingbar n\u00f6tige US- und NATO-Pr\u00e4senz in der Ukraine aus, egal wie der Krieg ausgeht, egal ob die Ukraine gewinnt oder verliert oder z.\u00a0B. als Resultat eines Waffenstillstands geteilt wird. Weiter hei\u00dft es im Originaltext:<\/p>\n<blockquote>\n<p><em>&#8220;Die Frage, die auf dem Tisch liegt, ist die Art einer umsichtigen milit\u00e4rischen Pr\u00e4senz der USA und der Alliierten nach dem Krieg in Polen und der Ukraine. Wenn Russland milit\u00e4risch aggressiv bleibt oder sein Krieg gegen die Ukraine <strong>in einem instabilen territorialen Kompromiss<\/strong> endet, k\u00f6nnten erhebliche US- und alliierte Streitkr\u00e4fte in Polen und der Ukraine sowie in den baltischen Staaten und anderswo erforderlich sein.&#8221;<\/em><\/p>\n<\/blockquote>\n<p>Hier haben wir den Kern des RAND-Vorsto\u00dfes. Hinter der im Text benutzten Formel eines m\u00f6glichen Ausgangs des Krieges mit einem &#8220;instabilen territorialen Kompromiss&#8221; versteckt sich nat\u00fcrlich nichts anderes als eine Teilung der Ukraine in eine Ost- und Westukraine. Der \u00f6stliche Teil w\u00fcrde sich aus dem von Russland integrierten Donbass und weiteren Oblaste mit russischen Mehrheiten zusammensetzen, w\u00e4hrend der andere Teil aus der von den USA bzw. Der NATO weiterhin unterst\u00fctzten Westukraine bestehen w\u00fcrde. Und dies Westukraine sollte dann so behandelt werden wie Westdeutschland, das 1955 \u2013 trotz Vorbehalten innerhalb der NATO und trotz seiner ungel\u00f6sten territorialen Anspr\u00fcche an die DDR \u2013 in die NATO aufgenommen und zu einer Erfolgsgeschichte der NATO geworden ist.<\/p>\n<p>Implizit unterstreichen die beiden Autoren mit dieser Argumentation, dass selbst eine Teilung der Ukraine ihrer Aufnahme in die NATO nicht entgegensteht. Auch das Problem ungel\u00f6ster territorialer Anspr\u00fcche galt in den letzten Jahrzehnten als ein schier un\u00fcberwindbares Hindernis f\u00fcr ein Aufnahme in die NATO. Aber das Selenskij-Regime zeigt nicht eine Spur von Bereitschaft, seine Anspr\u00fcche auf den Donbass und die Krim im Rahmen einer umfassenden Friedensl\u00f6sung aufzugeben, wodurch die Aufnahme in die NATO blockiert w\u00e4re. Dieses Problem versuchen beiden RAND-Experten mit dem R\u00fcckgriff auf den NATO-Beitritt der Bundesrepublik Deutschland zu l\u00f6sen, denn Westdeutschland hatte bis in die 1970er-Jahre den Alleinvertretungsanspruch (Hallstein-Doktrin) f\u00fcr ganz Deutschland, also auch f\u00fcr die DDR, aufrechterhalten, und das sei ja auch kein Hindernis f\u00fcr den NATO-Beitritt gewesen.<\/p>\n<p>Der Beitrag der beiden RAND-Experten ist im Grunde genommen nichts anderes als eine Argumentationshilfe f\u00fcr US-Regierungsvertreter, die sich f\u00fcr den baldigen NATO-Beitritt der Ukraine einsetzen. Im weiteren Text wird dann klar, dass Washington unbedingt nach Mitteln und Wegen sucht, um unter dem Deckmantel der multinationalen NATO die Faschisten in der Ukraine bis an die Z\u00e4hne zu bewaffnen und erneut zum Rammbock gegen Russland aufzubauen. Auch dabei gehen die beiden Autoren wieder sehr geschickt vor, indem sie eine scheinbar harmlose Beobachtung mit einer Bemerkung \u00fcber Artikel V der NATO-Charta verbinden.<\/p>\n<p>Laut der beiden RAND-Autoren ist die Zusicherung der NATO-Garantie bzw. des Beistands im Falle eines Angriffs auf ein Mitgliedsland von au\u00dfen &#8220;glaubw\u00fcrdiger, wenn sie an eine Pr\u00e4senz alliierter Streitkr\u00e4fte in Gebieten mit h\u00f6herer Bedrohung gekoppelt ist&#8221;. Das hei\u00dft mit anderen Worten, wenn NATO-Streitkr\u00e4fte auf ukrainischem Territorium stehen, dann ist die NATO-Garantie wirklich glaubw\u00fcrdig. Weiter hei\u00dft es dann:<\/p>\n<blockquote>\n<p><em>&#8220;In Zukunft k\u00f6nnte eine st\u00e4rkere Milit\u00e4rpr\u00e4senz (in der Ukraine) unerl\u00e4sslich sein, um die Abschreckung eines ungebeugten Russlands zu st\u00e4rken und mit Logistik und High-End-Unterst\u00fctzung zu helfen, was z.\u00a0B. Nachrichtendienste, \u00dcberwachung und Aufkl\u00e4rung, Luft- und Raketenabwehr, Raketenartillerie, Kampfflugzeuge, elektronische Kriegsf\u00fchrung und Spezialoperationen umfassen k\u00f6nnte und wovon die Vereinigten Staaten bereits einen Teil liefern.&#8221;<\/em><\/p>\n<p><em>&#8220;Eine erweiterte US-Milit\u00e4rpr\u00e4senz in Polen und der Ukraine w\u00fcrde wahrscheinlich neue F\u00e4higkeiten mit sich bringen. Eine dichte russische Luftabwehr an der zentralen Front k\u00f6nnte die Vereinigten Staaten dazu anspornen, F-35-Stealth-J\u00e4ger einzusetzen, die mit Raketen der n\u00e4chsten Generation bewaffnet sind. Die US-Streitkr\u00e4fte k\u00f6nnten die fortschrittliche Pr\u00e4zisions-Langstreckenrakete (PrSM) mitbringen, eine Fortsetzung der ballistischen ATACMS-Rakete, die die Vereinigten Staaten der Ukraine m\u00f6glicherweise bald zur Verf\u00fcgung stellen.&#8221;<\/em><\/p>\n<p><em>&#8220;In den kommenden Jahren werden Polen und die Ukraine \u00fcber viel gr\u00f6\u00dfere Streitkr\u00e4fte verf\u00fcgen als Westdeutschland in den ersten Jahren. Polen hat dann vielleicht 325.000 aktive Soldaten, die Ukraine fast 700.000. Diese Kr\u00e4fte werden modernisiert und geh\u00f6ren zu den st\u00e4rksten im demokratischen Europa. Zudem sind die Ukrainer kampferprobt f\u00fcr moderne Kriegsf\u00fchrung mit hoher Intensit\u00e4t.&#8221;<\/em><\/p>\n<\/blockquote>\n<p>An anderer Stelle ihres Papiers findet man die Vergleichszahlen f\u00fcr Russlands:<\/p>\n<blockquote>\n<p><em>&#8220;Heute verf\u00fcgt Russland m\u00f6glicherweise nur noch \u00fcber insgesamt 830.000 Soldaten, von denen viele schlecht ausgebildet oder durch den Krieg in der Ukraine enorm geschw\u00e4cht sind.&#8221;<\/em><\/p>\n<\/blockquote>\n<p>Trotz dieser angeblichen Schw\u00e4chung der russischen Streitkr\u00e4fte werde auch in Zukunft eine NATO-Pr\u00e4senz vor Ort in der Ukraine &#8220;wahrscheinlich unerl\u00e4sslich&#8221; sein, so die RAND-Experten weiter, &#8220;denn das Risiko eines unerwarteten russischen Angriffs oder eines milit\u00e4rischen Durchbruchs k\u00f6nnte zu hoch sein. Russland k\u00f6nnte sich, vielleicht mit chinesischer Hilfe oder mit neuen Technologien oder mit einer Kriegslist, einen destabilisierenden Vorteil verschaffen.&#8221; Kurzum, alle Argumente verlangen unbedingt eine starke US-\/NATO-Pr\u00e4senz in der Ukraine, vor allem in einer Teilukraine.<\/p>\n<p><strong>Fazit<\/strong><\/p>\n<p>Die Autoren dieses RAND-Papiers haben die von Selenskij zum Tabu erhobene Formel von der territorialen Integrit\u00e4t der Ukraine in ihren Grenzen von 1991 vollkommen ignoriert und gehen bereits von einer geteilten Ukraine aus, was in offensichtlichem Widerspruch zu ihrer Aussage \u00fcber das angeblich nachhaltig geschw\u00e4chte Russland steht.<\/p>\n<p>Darauf folgt die Frage: Warum stellen sie Russland so schwach dar? Mit hoher Wahrscheinlichkeit kann man davon ausgehen, dass die beiden RAND-Experten \u00fcber die tats\u00e4chlich katastrophale Lage in der Ukraine, sowohl an der Front als auch in der Wirtschaft, Bescheid wissen. Dennoch haben sie dar\u00fcber kein Wort verloren. Auch die Trag\u00f6die der ukrainischen Gegenoffensive, die trotz westlicher &#8220;Wunderwaffen&#8221; unter extrem hohen Verlusten an Menschen und Material total gescheitert ist, wird von den beiden Experten mit keinem Wort erw\u00e4hnt.<\/p>\n<p>Offensichtlich wollen die beiden RAND-Propagandisten das Bild von einer starken Ukraine mit einer hochger\u00fcsteten, 700.000 Soldaten starken Armee als wertvolles neues NATO-Mitglied vermitteln. Zugleich vermeiden sie alles, was die Ukraine als das zeigt, was sie f\u00fcr die NATO w\u00e4re: ein h\u00f6chst unzuverl\u00e4ssiger, korrupter Partner, der skrupellos genug ist, f\u00fcr seine fanatisierten ideologischen Zwecke die NATO in einen gro\u00dfen Krieg gegen Russland zu verwickeln. Einen solchen Krieg k\u00f6nnte die NATO selbst laut umfangreichen RAND-Studien nicht gewinnen, Allerdings w\u00fcrden die europ\u00e4ischen NATO-L\u00e4nder am meisten leiden.<\/p>\n<p>Derartige \u00dcberlegungen sind den kriegstreibenden Russenhassern in der Biden-Regierung und in gro\u00dfen Teilen des US-Kongresses fremd. Ihnen geht es um eine m\u00f6glichst schnelle Mitgliedschaft der Ukraine in der NATO, die den Weg freimacht, US-amerikanische milit\u00e4rische Infrastruktur in der Ukraine zu platzieren, um Moskau unter dem Druck permanenter Bedrohung gef\u00fcgig zu machen und Russland aus der strategischen Partnerschaft mit China zu l\u00f6sen.<\/p>\n<p>Aber die Autoren haben die Rechnung ohne den russischen Wirt gemacht. Schlie\u00dflich war einer der erkl\u00e4rten Hauptgr\u00fcnde f\u00fcr Russlands &#8220;milit\u00e4rische Spezialoperation&#8221; die Absicht gewesen, die Aufnahme der Ukraine in die NATO zu verhindern und alle Versuche des Westens, das Territorium der Ukraine mit Sto\u00dfrichtung Moskau zu militarisieren, zu stoppen oder r\u00fcckg\u00e4ngig zu machen. Und der Kreml scheint heute fester entschlossen zu sein denn je, die Spezialoperation nicht zu stoppen, bevor die Bedrohung durch die NATO vor der russischen Haust\u00fcr eliminiert ist. Daher ist nicht anzunehmen, dass Russland sich mit einer von den RAND-Autoren vorgezeichneten Option zufriedengeben wird, wenn auch nur ein Teil der Ukraine Mitglied der NATO wird.<\/p>\n<p><strong>Mehr zum Thema<\/strong> &#8211; <a rel=\"nofollow noopener\" target=\"_blank\" href=\"https:\/\/freeassange.rtde.life\/international\/181335-bereiteten-ueberfall-auf-russland-und\/\">Der Westen beliefert Kiew schon seit 2014 mit Waffen \u2013 Fakten vom Stockholmer SIPRI-Institut<\/a><\/p>\n<\/div>\n<p><br \/>\n<br \/><a href=\"https:\/\/de.rt.com\/international\/182912-polen-und-die-ukraine-die-neue-nato-wache-am-eisernen-vorhang\/\">Source link <\/a><\/p>\n","protected":false},"excerpt":{"rendered":"<p>Die einflussreiche milit\u00e4rpolitische US-Denkfabrik RAND Corporation hat sich im Stellvertreterkrieg mit Russland wieder mal mit einer bemerkenswerten Idee zu Wort gemeldet. Mit deren Umsetzung w\u00fcrden US\/NATO nicht ganz so eklatant als die gro\u00dfen Verlierer in der Ukraine dastehen, und zugleich k\u00e4me Washington damit seinem Ziel n\u00e4her, Russland strategisch zu schw\u00e4chen. Von Rainer Rupp Die in [&hellip;]<\/p>\n","protected":false},"author":3,"featured_media":47633,"comment_status":"open","ping_status":"open","sticky":false,"template":"","format":"standard","meta":{"_yoast_indexnow_last_ping":["1696676368"],"wp_automatic_camp":["217"],"3b23623a04a0b185a626906a9d8e89f5":["Polen und die Ukraine \u2013 Die neue NATO-Wache am Eisernen Vorhang 2.0"],"original_link":["https:\/\/de.rt.com\/international\/182912-polen-und-die-ukraine-die-neue-nato-wache-am-eisernen-vorhang\/"],"_thumbnail_id":["47633"],"_wptgpro_p2tg_sent2tg":["a:1:{i:23737;s:19:\"2023-10-07 13:00:29\";}"],"jnews_social_counter_last_update":["1777169453"]},"categories":[19,23],"tags":[45,49575,49574,1227,5850,127,140,32258],"yoast_head":"<!-- This site is optimized with the Yoast SEO Premium plugin v22.7 (Yoast SEO v22.7) - https:\/\/yoast.com\/wordpress\/plugins\/seo\/ -->\n<title>Polen und die Ukraine \u2013 Die neue NATO-Wache am Eisernen Vorhang 2.0 - just-now.NEWS Deutschland<\/title>\n<meta name=\"robots\" content=\"index, follow, max-snippet:-1, max-image-preview:large, max-video-preview:-1\" \/>\n<link rel=\"canonical\" href=\"https:\/\/now-news.de\/de\/deutschland\/polen-und-die-ukraine-die-neue-nato-wache-am-eisernen-vorhang-2-0\/\" \/>\n<meta property=\"og:locale\" content=\"de_DE\" \/>\n<meta property=\"og:type\" content=\"article\" \/>\n<meta property=\"og:title\" content=\"Polen und die Ukraine \u2013 Die neue NATO-Wache am Eisernen Vorhang 2.0\" \/>\n<meta property=\"og:description\" content=\"Die einflussreiche milit\u00e4rpolitische US-Denkfabrik RAND Corporation hat sich im Stellvertreterkrieg mit Russland wieder mal mit einer bemerkenswerten Idee zu Wort gemeldet. Mit deren Umsetzung w\u00fcrden US\/NATO nicht ganz so eklatant als die gro\u00dfen Verlierer in der Ukraine dastehen, und zugleich k\u00e4me Washington damit seinem Ziel n\u00e4her, Russland strategisch zu schw\u00e4chen. Von Rainer Rupp Die in [&hellip;]\" \/>\n<meta property=\"og:url\" content=\"https:\/\/now-news.de\/de\/deutschland\/polen-und-die-ukraine-die-neue-nato-wache-am-eisernen-vorhang-2-0\/\" \/>\n<meta property=\"og:site_name\" content=\"just-now.NEWS Deutschland\" \/>\n<meta property=\"article:publisher\" content=\"https:\/\/www.facebook.com\/wirmachenauf\" \/>\n<meta property=\"article:published_time\" content=\"2023-10-07T10:57:10+00:00\" \/>\n<meta property=\"og:image\" content=\"https:\/\/now-news.de\/de\/wp-content\/uploads\/sites\/3\/2023\/10\/Polen-und-die-Ukraine-\u2013-Die-neue-NATO-Wache-am-Eisernen.jpg\" \/>\n\t<meta property=\"og:image:width\" content=\"460\" \/>\n\t<meta property=\"og:image:height\" content=\"259\" \/>\n\t<meta property=\"og:image:type\" content=\"image\/jpeg\" \/>\n<meta name=\"author\" content=\"rtnews\" \/>\n<meta name=\"twitter:card\" content=\"summary_large_image\" \/>\n<meta name=\"twitter:creator\" content=\"@WirMachenAuf_de\" \/>\n<meta name=\"twitter:site\" content=\"@WirMachenAuf_de\" \/>\n<meta name=\"twitter:label1\" content=\"Verfasst von\" \/>\n\t<meta name=\"twitter:data1\" content=\"rtnews\" \/>\n\t<meta name=\"twitter:label2\" content=\"Gesch\u00e4tzte Lesezeit\" \/>\n\t<meta name=\"twitter:data2\" content=\"9\u00a0Minuten\" \/>\n<script type=\"application\/ld+json\" class=\"yoast-schema-graph\">{\"@context\":\"https:\/\/schema.org\",\"@graph\":[{\"@type\":\"Article\",\"@id\":\"https:\/\/now-news.de\/de\/deutschland\/polen-und-die-ukraine-die-neue-nato-wache-am-eisernen-vorhang-2-0\/#article\",\"isPartOf\":{\"@id\":\"https:\/\/now-news.de\/de\/deutschland\/polen-und-die-ukraine-die-neue-nato-wache-am-eisernen-vorhang-2-0\/\"},\"author\":{\"name\":\"rtnews\",\"@id\":\"https:\/\/now-news.de\/de\/#\/schema\/person\/fb534a4e865501d8b3285208df34a9b5\"},\"headline\":\"Polen und die Ukraine \u2013 Die neue NATO-Wache am Eisernen Vorhang 2.0\",\"datePublished\":\"2023-10-07T10:57:10+00:00\",\"dateModified\":\"2023-10-07T10:57:10+00:00\",\"mainEntityOfPage\":{\"@id\":\"https:\/\/now-news.de\/de\/deutschland\/polen-und-die-ukraine-die-neue-nato-wache-am-eisernen-vorhang-2-0\/\"},\"wordCount\":1809,\"commentCount\":0,\"publisher\":{\"@id\":\"https:\/\/now-news.de\/de\/#organization\"},\"image\":{\"@id\":\"https:\/\/now-news.de\/de\/deutschland\/polen-und-die-ukraine-die-neue-nato-wache-am-eisernen-vorhang-2-0\/#primaryimage\"},\"thumbnailUrl\":\"https:\/\/now-news.de\/de\/wp-content\/uploads\/sites\/3\/2023\/10\/Polen-und-die-Ukraine-\u2013-Die-neue-NATO-Wache-am-Eisernen.jpg\",\"keywords\":[\"die\",\"Eisernen\",\"NATOWache\",\"NEUE\",\"Polen\",\"ukraine\",\"und\",\"Vorhang\"],\"articleSection\":[\"Deutschland\",\"Russland\"],\"inLanguage\":\"de\",\"potentialAction\":[{\"@type\":\"CommentAction\",\"name\":\"Comment\",\"target\":[\"https:\/\/now-news.de\/de\/deutschland\/polen-und-die-ukraine-die-neue-nato-wache-am-eisernen-vorhang-2-0\/#respond\"]}]},{\"@type\":\"WebPage\",\"@id\":\"https:\/\/now-news.de\/de\/deutschland\/polen-und-die-ukraine-die-neue-nato-wache-am-eisernen-vorhang-2-0\/\",\"url\":\"https:\/\/now-news.de\/de\/deutschland\/polen-und-die-ukraine-die-neue-nato-wache-am-eisernen-vorhang-2-0\/\",\"name\":\"Polen und die Ukraine \u2013 Die neue NATO-Wache am Eisernen Vorhang 2.0 - just-now.NEWS Deutschland\",\"isPartOf\":{\"@id\":\"https:\/\/now-news.de\/de\/#website\"},\"primaryImageOfPage\":{\"@id\":\"https:\/\/now-news.de\/de\/deutschland\/polen-und-die-ukraine-die-neue-nato-wache-am-eisernen-vorhang-2-0\/#primaryimage\"},\"image\":{\"@id\":\"https:\/\/now-news.de\/de\/deutschland\/polen-und-die-ukraine-die-neue-nato-wache-am-eisernen-vorhang-2-0\/#primaryimage\"},\"thumbnailUrl\":\"https:\/\/now-news.de\/de\/wp-content\/uploads\/sites\/3\/2023\/10\/Polen-und-die-Ukraine-\u2013-Die-neue-NATO-Wache-am-Eisernen.jpg\",\"datePublished\":\"2023-10-07T10:57:10+00:00\",\"dateModified\":\"2023-10-07T10:57:10+00:00\",\"breadcrumb\":{\"@id\":\"https:\/\/now-news.de\/de\/deutschland\/polen-und-die-ukraine-die-neue-nato-wache-am-eisernen-vorhang-2-0\/#breadcrumb\"},\"inLanguage\":\"de\",\"potentialAction\":[{\"@type\":\"ReadAction\",\"target\":[\"https:\/\/now-news.de\/de\/deutschland\/polen-und-die-ukraine-die-neue-nato-wache-am-eisernen-vorhang-2-0\/\"]}]},{\"@type\":\"ImageObject\",\"inLanguage\":\"de\",\"@id\":\"https:\/\/now-news.de\/de\/deutschland\/polen-und-die-ukraine-die-neue-nato-wache-am-eisernen-vorhang-2-0\/#primaryimage\",\"url\":\"https:\/\/now-news.de\/de\/wp-content\/uploads\/sites\/3\/2023\/10\/Polen-und-die-Ukraine-\u2013-Die-neue-NATO-Wache-am-Eisernen.jpg\",\"contentUrl\":\"https:\/\/now-news.de\/de\/wp-content\/uploads\/sites\/3\/2023\/10\/Polen-und-die-Ukraine-\u2013-Die-neue-NATO-Wache-am-Eisernen.jpg\",\"width\":460,\"height\":259,\"caption\":\"Polen und die Ukraine \u2013 Die neue NATO-Wache am Eisernen Vorhang 2.0\"},{\"@type\":\"BreadcrumbList\",\"@id\":\"https:\/\/now-news.de\/de\/deutschland\/polen-und-die-ukraine-die-neue-nato-wache-am-eisernen-vorhang-2-0\/#breadcrumb\",\"itemListElement\":[{\"@type\":\"ListItem\",\"position\":1,\"name\":\"Home\",\"item\":\"https:\/\/now-news.de\/de\/\"},{\"@type\":\"ListItem\",\"position\":2,\"name\":\"Polen und die Ukraine \u2013 Die neue NATO-Wache am Eisernen Vorhang 2.0\"}]},{\"@type\":\"WebSite\",\"@id\":\"https:\/\/now-news.de\/de\/#website\",\"url\":\"https:\/\/now-news.de\/de\/\",\"name\":\"just-now.NEWS Deutschland\",\"description\":\"Das Portal f\u00fcr unzensierte Nachrichten aus der Welt\",\"publisher\":{\"@id\":\"https:\/\/now-news.de\/de\/#organization\"},\"potentialAction\":[{\"@type\":\"SearchAction\",\"target\":{\"@type\":\"EntryPoint\",\"urlTemplate\":\"https:\/\/now-news.de\/de\/?s={search_term_string}\"},\"query-input\":\"required name=search_term_string\"}],\"inLanguage\":\"de\"},{\"@type\":\"Organization\",\"@id\":\"https:\/\/now-news.de\/de\/#organization\",\"name\":\"Just Now News\",\"url\":\"https:\/\/now-news.de\/de\/\",\"logo\":{\"@type\":\"ImageObject\",\"inLanguage\":\"de\",\"@id\":\"https:\/\/now-news.de\/de\/#\/schema\/logo\/image\/\",\"url\":\"http:\/\/just-now.news\/de\/wp-content\/uploads\/sites\/3\/2022\/04\/logo500x500.jpg\",\"contentUrl\":\"http:\/\/just-now.news\/de\/wp-content\/uploads\/sites\/3\/2022\/04\/logo500x500.jpg\",\"width\":500,\"height\":500,\"caption\":\"Just Now News\"},\"image\":{\"@id\":\"https:\/\/now-news.de\/de\/#\/schema\/logo\/image\/\"},\"sameAs\":[\"https:\/\/www.facebook.com\/wirmachenauf\",\"https:\/\/x.com\/WirMachenAuf_de\"]},{\"@type\":\"Person\",\"@id\":\"https:\/\/now-news.de\/de\/#\/schema\/person\/fb534a4e865501d8b3285208df34a9b5\",\"name\":\"rtnews\",\"image\":{\"@type\":\"ImageObject\",\"inLanguage\":\"de\",\"@id\":\"https:\/\/now-news.de\/de\/#\/schema\/person\/image\/\",\"url\":\"https:\/\/secure.gravatar.com\/avatar\/82aafea7d8127119dd649515f56e2117?s=96&d=mm&r=g\",\"contentUrl\":\"https:\/\/secure.gravatar.com\/avatar\/82aafea7d8127119dd649515f56e2117?s=96&d=mm&r=g\",\"caption\":\"rtnews\"},\"url\":\"https:\/\/now-news.de\/de\/author\/rnews\/\"}]}<\/script>\n<!-- \/ Yoast SEO Premium plugin. -->","yoast_head_json":{"title":"Polen und die Ukraine \u2013 Die neue NATO-Wache am Eisernen Vorhang 2.0 - just-now.NEWS Deutschland","robots":{"index":"index","follow":"follow","max-snippet":"max-snippet:-1","max-image-preview":"max-image-preview:large","max-video-preview":"max-video-preview:-1"},"canonical":"https:\/\/now-news.de\/de\/deutschland\/polen-und-die-ukraine-die-neue-nato-wache-am-eisernen-vorhang-2-0\/","og_locale":"de_DE","og_type":"article","og_title":"Polen und die Ukraine \u2013 Die neue NATO-Wache am Eisernen Vorhang 2.0","og_description":"Die einflussreiche milit\u00e4rpolitische US-Denkfabrik RAND Corporation hat sich im Stellvertreterkrieg mit Russland wieder mal mit einer bemerkenswerten Idee zu Wort gemeldet. Mit deren Umsetzung w\u00fcrden US\/NATO nicht ganz so eklatant als die gro\u00dfen Verlierer in der Ukraine dastehen, und zugleich k\u00e4me Washington damit seinem Ziel n\u00e4her, Russland strategisch zu schw\u00e4chen. Von Rainer Rupp Die in [&hellip;]","og_url":"https:\/\/now-news.de\/de\/deutschland\/polen-und-die-ukraine-die-neue-nato-wache-am-eisernen-vorhang-2-0\/","og_site_name":"just-now.NEWS Deutschland","article_publisher":"https:\/\/www.facebook.com\/wirmachenauf","article_published_time":"2023-10-07T10:57:10+00:00","og_image":[{"width":460,"height":259,"url":"https:\/\/now-news.de\/de\/wp-content\/uploads\/sites\/3\/2023\/10\/Polen-und-die-Ukraine-\u2013-Die-neue-NATO-Wache-am-Eisernen.jpg","type":"image\/jpeg"}],"author":"rtnews","twitter_card":"summary_large_image","twitter_creator":"@WirMachenAuf_de","twitter_site":"@WirMachenAuf_de","twitter_misc":{"Verfasst von":"rtnews","Gesch\u00e4tzte Lesezeit":"9\u00a0Minuten"},"schema":{"@context":"https:\/\/schema.org","@graph":[{"@type":"Article","@id":"https:\/\/now-news.de\/de\/deutschland\/polen-und-die-ukraine-die-neue-nato-wache-am-eisernen-vorhang-2-0\/#article","isPartOf":{"@id":"https:\/\/now-news.de\/de\/deutschland\/polen-und-die-ukraine-die-neue-nato-wache-am-eisernen-vorhang-2-0\/"},"author":{"name":"rtnews","@id":"https:\/\/now-news.de\/de\/#\/schema\/person\/fb534a4e865501d8b3285208df34a9b5"},"headline":"Polen und die Ukraine \u2013 Die neue NATO-Wache am Eisernen Vorhang 2.0","datePublished":"2023-10-07T10:57:10+00:00","dateModified":"2023-10-07T10:57:10+00:00","mainEntityOfPage":{"@id":"https:\/\/now-news.de\/de\/deutschland\/polen-und-die-ukraine-die-neue-nato-wache-am-eisernen-vorhang-2-0\/"},"wordCount":1809,"commentCount":0,"publisher":{"@id":"https:\/\/now-news.de\/de\/#organization"},"image":{"@id":"https:\/\/now-news.de\/de\/deutschland\/polen-und-die-ukraine-die-neue-nato-wache-am-eisernen-vorhang-2-0\/#primaryimage"},"thumbnailUrl":"https:\/\/now-news.de\/de\/wp-content\/uploads\/sites\/3\/2023\/10\/Polen-und-die-Ukraine-\u2013-Die-neue-NATO-Wache-am-Eisernen.jpg","keywords":["die","Eisernen","NATOWache","NEUE","Polen","ukraine","und","Vorhang"],"articleSection":["Deutschland","Russland"],"inLanguage":"de","potentialAction":[{"@type":"CommentAction","name":"Comment","target":["https:\/\/now-news.de\/de\/deutschland\/polen-und-die-ukraine-die-neue-nato-wache-am-eisernen-vorhang-2-0\/#respond"]}]},{"@type":"WebPage","@id":"https:\/\/now-news.de\/de\/deutschland\/polen-und-die-ukraine-die-neue-nato-wache-am-eisernen-vorhang-2-0\/","url":"https:\/\/now-news.de\/de\/deutschland\/polen-und-die-ukraine-die-neue-nato-wache-am-eisernen-vorhang-2-0\/","name":"Polen und die Ukraine \u2013 Die neue NATO-Wache am Eisernen Vorhang 2.0 - just-now.NEWS Deutschland","isPartOf":{"@id":"https:\/\/now-news.de\/de\/#website"},"primaryImageOfPage":{"@id":"https:\/\/now-news.de\/de\/deutschland\/polen-und-die-ukraine-die-neue-nato-wache-am-eisernen-vorhang-2-0\/#primaryimage"},"image":{"@id":"https:\/\/now-news.de\/de\/deutschland\/polen-und-die-ukraine-die-neue-nato-wache-am-eisernen-vorhang-2-0\/#primaryimage"},"thumbnailUrl":"https:\/\/now-news.de\/de\/wp-content\/uploads\/sites\/3\/2023\/10\/Polen-und-die-Ukraine-\u2013-Die-neue-NATO-Wache-am-Eisernen.jpg","datePublished":"2023-10-07T10:57:10+00:00","dateModified":"2023-10-07T10:57:10+00:00","breadcrumb":{"@id":"https:\/\/now-news.de\/de\/deutschland\/polen-und-die-ukraine-die-neue-nato-wache-am-eisernen-vorhang-2-0\/#breadcrumb"},"inLanguage":"de","potentialAction":[{"@type":"ReadAction","target":["https:\/\/now-news.de\/de\/deutschland\/polen-und-die-ukraine-die-neue-nato-wache-am-eisernen-vorhang-2-0\/"]}]},{"@type":"ImageObject","inLanguage":"de","@id":"https:\/\/now-news.de\/de\/deutschland\/polen-und-die-ukraine-die-neue-nato-wache-am-eisernen-vorhang-2-0\/#primaryimage","url":"https:\/\/now-news.de\/de\/wp-content\/uploads\/sites\/3\/2023\/10\/Polen-und-die-Ukraine-\u2013-Die-neue-NATO-Wache-am-Eisernen.jpg","contentUrl":"https:\/\/now-news.de\/de\/wp-content\/uploads\/sites\/3\/2023\/10\/Polen-und-die-Ukraine-\u2013-Die-neue-NATO-Wache-am-Eisernen.jpg","width":460,"height":259,"caption":"Polen und die Ukraine \u2013 Die neue NATO-Wache am Eisernen Vorhang 2.0"},{"@type":"BreadcrumbList","@id":"https:\/\/now-news.de\/de\/deutschland\/polen-und-die-ukraine-die-neue-nato-wache-am-eisernen-vorhang-2-0\/#breadcrumb","itemListElement":[{"@type":"ListItem","position":1,"name":"Home","item":"https:\/\/now-news.de\/de\/"},{"@type":"ListItem","position":2,"name":"Polen und die Ukraine \u2013 Die neue NATO-Wache am Eisernen Vorhang 2.0"}]},{"@type":"WebSite","@id":"https:\/\/now-news.de\/de\/#website","url":"https:\/\/now-news.de\/de\/","name":"just-now.NEWS Deutschland","description":"Das Portal f\u00fcr unzensierte Nachrichten aus der Welt","publisher":{"@id":"https:\/\/now-news.de\/de\/#organization"},"potentialAction":[{"@type":"SearchAction","target":{"@type":"EntryPoint","urlTemplate":"https:\/\/now-news.de\/de\/?s={search_term_string}"},"query-input":"required name=search_term_string"}],"inLanguage":"de"},{"@type":"Organization","@id":"https:\/\/now-news.de\/de\/#organization","name":"Just Now News","url":"https:\/\/now-news.de\/de\/","logo":{"@type":"ImageObject","inLanguage":"de","@id":"https:\/\/now-news.de\/de\/#\/schema\/logo\/image\/","url":"http:\/\/just-now.news\/de\/wp-content\/uploads\/sites\/3\/2022\/04\/logo500x500.jpg","contentUrl":"http:\/\/just-now.news\/de\/wp-content\/uploads\/sites\/3\/2022\/04\/logo500x500.jpg","width":500,"height":500,"caption":"Just Now News"},"image":{"@id":"https:\/\/now-news.de\/de\/#\/schema\/logo\/image\/"},"sameAs":["https:\/\/www.facebook.com\/wirmachenauf","https:\/\/x.com\/WirMachenAuf_de"]},{"@type":"Person","@id":"https:\/\/now-news.de\/de\/#\/schema\/person\/fb534a4e865501d8b3285208df34a9b5","name":"rtnews","image":{"@type":"ImageObject","inLanguage":"de","@id":"https:\/\/now-news.de\/de\/#\/schema\/person\/image\/","url":"https:\/\/secure.gravatar.com\/avatar\/82aafea7d8127119dd649515f56e2117?s=96&d=mm&r=g","contentUrl":"https:\/\/secure.gravatar.com\/avatar\/82aafea7d8127119dd649515f56e2117?s=96&d=mm&r=g","caption":"rtnews"},"url":"https:\/\/now-news.de\/de\/author\/rnews\/"}]}},"_links":{"self":[{"href":"https:\/\/now-news.de\/de\/wp-json\/wp\/v2\/posts\/47632"}],"collection":[{"href":"https:\/\/now-news.de\/de\/wp-json\/wp\/v2\/posts"}],"about":[{"href":"https:\/\/now-news.de\/de\/wp-json\/wp\/v2\/types\/post"}],"author":[{"embeddable":true,"href":"https:\/\/now-news.de\/de\/wp-json\/wp\/v2\/users\/3"}],"replies":[{"embeddable":true,"href":"https:\/\/now-news.de\/de\/wp-json\/wp\/v2\/comments?post=47632"}],"version-history":[{"count":0,"href":"https:\/\/now-news.de\/de\/wp-json\/wp\/v2\/posts\/47632\/revisions"}],"wp:featuredmedia":[{"embeddable":true,"href":"https:\/\/now-news.de\/de\/wp-json\/wp\/v2\/media\/47633"}],"wp:attachment":[{"href":"https:\/\/now-news.de\/de\/wp-json\/wp\/v2\/media?parent=47632"}],"wp:term":[{"taxonomy":"category","embeddable":true,"href":"https:\/\/now-news.de\/de\/wp-json\/wp\/v2\/categories?post=47632"},{"taxonomy":"post_tag","embeddable":true,"href":"https:\/\/now-news.de\/de\/wp-json\/wp\/v2\/tags?post=47632"}],"curies":[{"name":"wp","href":"https:\/\/api.w.org\/{rel}","templated":true}]}}